{"id":439,"date":"2024-06-09T10:10:00","date_gmt":"2024-06-09T08:10:00","guid":{"rendered":"https:\/\/www.accidentdutravail-idf.net\/blog\/un-chariot-brise-la-jambe-du-salarie-10-000-e-damende-pour-lentreprise-pres-de-dieppe\/"},"modified":"2024-06-09T10:10:00","modified_gmt":"2024-06-09T08:10:00","slug":"un-chariot-brise-la-jambe-du-salarie-10-000-e-damende-pour-lentreprise-pres-de-dieppe","status":"publish","type":"post","link":"https:\/\/www.accidentdutravail-idf.net\/blog\/un-chariot-brise-la-jambe-du-salarie-10-000-e-damende-pour-lentreprise-pres-de-dieppe\/","title":{"rendered":"Un chariot brise la jambe du salari\u00e9 : 10 000 \u20ac d&rsquo;amende pour l&rsquo;entreprise pr\u00e8s de Dieppe"},"content":{"rendered":"<div><img decoding=\"async\" src=\"https:\/\/www.accidentdutravail-idf.net\/blog\/wp-content\/uploads\/2024\/06\/un-chariot-brise-la-jambe-du-salarie-10-000-e-damende-pour-lentreprise-pres-de-dieppe.jpg\" class=\"ff-og-image-inserted\"><\/div>\n<div class=\"ac-article-date\"> Par <strong> <a href=\"https:\/\/actu.fr\/auteur\/augustin-bouquetdeschaux\" title=\"Consulter tous les articles de Augustin Bouquet des Chaux\" rel=\"nofollow\" target=\"_blank\">Augustin Bouquet des Chaux<\/a> <\/strong> <span> Publi\u00e9 le  9 juin 2024 \u00e0 17h10  <\/span>\n<\/div>\n<div class=\"ac-article-follow\"> <a href=\"https:\/\/actu.fr\/mon-actu\" class=\"ac-article-follow__link\" rel=\"nofollow\" data-trk=\"{&quot;cta&quot;:{&quot;action&quot;:&quot;https:\\\/\\\/actu.fr\\\/mon-actu&quot;,&quot;category&quot;:&quot;mon compte&quot;,&quot;from&quot;:&quot;article header&quot;,&quot;name&quot;:&quot;Voir mon actu&quot;,&quot;type&quot;:&quot;cta&quot;}}\" target=\"_blank\">Voir mon actu<\/a> <button type=\"button\" class=\"ac-btn ac-btn--mini ac-btn--blue ac-icon--star-empty\" data-follow=\"Suivre Les Informations Dieppoises\" data-unfollow=\"Retirer\">Suivre Les Informations Dieppoises<\/button>\n<\/div>\n<p>Le <b>17 ao\u00fbt 2021<\/b>, il est 11 h quand un cri retentit dans la cour d\u2019une entreprise agricole de <a href=\"https:\/\/actu.fr\/normandie\/val-de-scie_76034\/\" target=\"_blank\" rel=\"nofollow\">Val-de-Scie<\/a> pr\u00e8s de <a href=\"https:\/\/actu.fr\/normandie\/dieppe_76217\/\" target=\"_blank\" rel=\"nofollow\">Dieppe (Seine-Maritime)<\/a>.<\/p>\n<p>Un salari\u00e9 qui sortait de son bureau vient d\u2019\u00eatre percut\u00e9 par un chariot \u00e9l\u00e9vateur. Sa jambe gauche a \u00e9t\u00e9 \u00e9cras\u00e9e.<\/p>\n<p>Pris en charge par les sapeurs-pompiers, il re\u00e7oit imm\u00e9diatement d\u2019importants antidouleurs et se verra prescrire six mois d\u2019arr\u00eat de travail.<\/p>\n<h2>Pas de plan de circulation<\/h2>\n<p>Le conducteur du chariot \u00e9l\u00e9vateur est un saisonnier. Ce dernier subit un contr\u00f4le d\u2019alcool\u00e9mie et de prise de stup\u00e9fiants par les gendarmes venus sur place. Tout est en r\u00e8gle. Il dispose \u00e9galement de toutes les autorisations n\u00e9cessaires pour conduire le chariot.<\/p>\n<p>Mais ce qui n\u2019est qu\u2019un accident du travail va tout de m\u00eame conduire, presque trois ans plus tard, \u00e0 un proc\u00e8s devant le tribunal correctionnel de Dieppe. Mardi 4 juin 2024, l\u2019entreprise agricole et son dirigeant comparaissent pour blessures involontaires par violation d\u00e9lib\u00e9r\u00e9e d\u2019une obligation de s\u00e9curit\u00e9 ou de prudence dans le cadre du travail.<\/p>\n<div class=\"ac-article-to-read\">\n<p>\u00c0 lire aussi<\/p>\n<\/div>\n<h2>Un contr\u00f4le de l\u2019inspection du travail<\/h2>\n<p>Car quelques jours apr\u00e8s l\u2019accident, l\u2019inspection du travail est venue faire un contr\u00f4le et elle a d\u00e9cel\u00e9 une faille sur le lieu des faits. Il n\u2019y avait pas de marquage au sol d\u00e9limitant un plan de circulation et un acc\u00e8s pi\u00e9ton. \u00ab Quand nous avons repris l\u2019usine en 2015, nous avions d\u00e9cel\u00e9 un certain nombre de failles de s\u00e9curit\u00e9 et nous avons am\u00e9lior\u00e9 les choses. Cette zone en particulier ne nous avait pas sembl\u00e9 dangereuse \u00bb, explique le dirigeant de l\u2019entreprise au pr\u00e9sident du tribunal.<\/p>\n<figure id=\"dailymotion-embed-x7dyep\" class=\"ac-embed ac-embed--dailymotion ac-embed--inread3\" data-provider=\"dailymotion\"><figcaption>Vid\u00e9os : en ce moment sur Actu<\/figcaption><\/figure>\n<div class=\"ac-article-to-read\">\n<p>\u00c0 lire aussi<\/p>\n<\/div>\n<h2>Un concours de circonstances<\/h2>\n<p>Pour ce dernier, \u00ab il y a eu un concours de circonstances malheureux. Le conducteur du chariot a recul\u00e9 tellement loin que la victime a \u00e9t\u00e9 surprise \u00bb. Il assure aussi que d\u00e9terminer un plan de circulation est compliqu\u00e9 sur cette zone, car \u00ab durant une grosse p\u00e9riode de l\u2019ann\u00e9e, on s\u2019en sert dans l\u2019autre sens \u00bb.<\/p>\n<p>Depuis les faits, les am\u00e9nagements ont toutefois \u00e9t\u00e9 r\u00e9alis\u00e9s avec la mise en place d\u2019une barri\u00e8re physique. \u00ab Mais m\u00eame-l\u00e0, ce n\u2019est pas optimal \u00bb, assure le pr\u00e9venu poursuivi en tant que personne physique et comme repr\u00e9sentant de l\u2019entreprise.<\/p>\n<p>Le procureur n\u2019accable pas le pr\u00e9venu&nbsp;: \u00ab Un accident par nature, c\u2019est quelque chose qui ne peut pas \u00eatre anticip\u00e9. C\u2019est la faute \u00e0 pas de chance, les plan\u00e8tes n\u2019\u00e9taient pas align\u00e9es. \u00bb Toutefois, il pointe l\u2019entreprise&nbsp;: \u00ab Nous pouvons lui reprocher de ne pas avoir anticip\u00e9 ce qui \u00e9tait susceptible de se passer et donc l\u2019absence de marquage. \u00bb<\/p>\n<p>Il demande \u00e0 ce que le pr\u00e9venu soit relax\u00e9, mais que l\u2019entreprise soit condamn\u00e9e \u00e0 3 000&nbsp;\u20ac d\u2019amende. Le tribunal va bien relaxer le pr\u00e9venu, mais condamner l\u2019entreprise \u00e0 10 000&nbsp;\u20ac d\u2019amende, dont 500 avec sursis.<\/p>\n<p><i>Suivez toute l\u2019actualit\u00e9 de vos villes et m\u00e9dias favoris en vous inscrivant \u00e0 <a href=\"https:\/\/moncompte.actu.fr\" title=\"D\u00e9couvez Mon Actu\" rel=\"nofollow\" data-trk=\"{&quot;cta&quot;:{&quot;action&quot;:&quot;https:\\\/\\\/moncompte.actu.fr&quot;,&quot;category&quot;:&quot;mon compte&quot;,&quot;from&quot;:&quot;article footer&quot;,&quot;name&quot;:&quot;Mon actu&quot;,&quot;type&quot;:&quot;cta&quot;}}\" target=\"_blank\">Mon Actu<\/a>.<\/i><\/p>\n<p> accidentdutravail-idf.net vous a pr\u00e9par\u00e9 ce post qui informe du sujet \u00ab\u00a0Association Sportive Huisson-Longueville Essonne\u00a0\u00bb. La chronique se veut g\u00e9n\u00e9r\u00e9e du mieux possible. Vous pouvez utiliser les coordonn\u00e9es indiqu\u00e9es sur le site dans le but d\u2019apporter des explications sur ce post qui parle du th\u00e8me \u00ab\u00a0Association Sportive Huisson-Longueville Essonne\u00a0\u00bb. Le site accidentdutravail-idf.net a pour but de fournir diverses publications sur la th\u00e9matique Association Sportive Huisson-Longueville Essonne diffus\u00e9es sur le net. Il y aura plusieurs articles autour du sujet \u00ab\u00a0Association Sportive Huisson-Longueville Essonne\u00a0\u00bb dans quelques jours, nous vous invitons \u00e0 naviguer sur notre site web \u00e0 plusieurs reprises.<\/p>\n","protected":false},"excerpt":{"rendered":"<p>Par Augustin Bouquet des Chaux Publi\u00e9 le 9 juin 2024 \u00e0 17h10 Voir mon actu Suivre Les Informations Dieppoises Le 17 ao\u00fbt 2021, il est 11 h quand un cri retentit dans la cour d\u2019une entreprise agricole de Val-de-Scie pr\u00e8s de Dieppe (Seine-Maritime). Un salari\u00e9 qui sortait de son bureau vient d\u2019\u00eatre percut\u00e9 par un &hellip; <\/p>\n<p class=\"link-more\"><a href=\"https:\/\/www.accidentdutravail-idf.net\/blog\/un-chariot-brise-la-jambe-du-salarie-10-000-e-damende-pour-lentreprise-pres-de-dieppe\/\" class=\"more-link\">Continuer la lecture <span class=\"screen-reader-text\"> \u00ab\u00a0Un chariot brise la jambe du salari\u00e9 : 10 000 \u20ac d&rsquo;amende pour l&rsquo;entreprise pr\u00e8s de Dieppe\u00a0\u00bb<\/span><\/a><\/p>\n","protected":false},"author":2,"featured_media":0,"comment_status":"closed","ping_status":"closed","sticky":false,"template":"","format":"standard","meta":{"footnotes":""},"categories":[5],"tags":[],"class_list":["post-439","post","type-post","status-publish","format-standard","hentry","category-securite-du-travail-en-ile-de-france-et-divers","entry"],"yoast_head":"<!-- This site is optimized with the Yoast SEO plugin v27.5 - https:\/\/yoast.com\/product\/yoast-seo-wordpress\/ -->\n<title>Un chariot brise la jambe du salari\u00e9 : 10 000 \u20ac d&#039;amende pour l&#039;entreprise pr\u00e8s de Dieppe - ACCIDENTDUTRAVAIL-IDF<\/title>\n<meta name=\"description\" content=\"Un chariot brise la jambe du salari\u00e9 : 10 000 \u20ac d&#039;amende pour l&#039;entreprise pr\u00e8s de Dieppe article de ACCIDENTDUTRAVAIL-IDF\" \/>\n<meta name=\"robots\" content=\"index, follow, max-snippet:-1, max-image-preview:large, max-video-preview:-1\" \/>\n<link rel=\"canonical\" href=\"https:\/\/www.accidentdutravail-idf.net\/blog\/un-chariot-brise-la-jambe-du-salarie-10-000-e-damende-pour-lentreprise-pres-de-dieppe\/\" \/>\n<meta property=\"og:locale\" content=\"fr_FR\" \/>\n<meta property=\"og:type\" content=\"article\" \/>\n<meta property=\"og:title\" content=\"Un chariot brise la jambe du salari\u00e9 : 10 000 \u20ac d&#039;amende pour l&#039;entreprise pr\u00e8s de Dieppe - ACCIDENTDUTRAVAIL-IDF\" \/>\n<meta property=\"og:description\" content=\"Un chariot brise la jambe du salari\u00e9 : 10 000 \u20ac d&#039;amende pour l&#039;entreprise pr\u00e8s de Dieppe article de ACCIDENTDUTRAVAIL-IDF\" \/>\n<meta property=\"og:url\" content=\"https:\/\/www.accidentdutravail-idf.net\/blog\/un-chariot-brise-la-jambe-du-salarie-10-000-e-damende-pour-lentreprise-pres-de-dieppe\/\" \/>\n<meta property=\"og:site_name\" content=\"ACCIDENTDUTRAVAIL-IDF\" \/>\n<meta property=\"article:published_time\" content=\"2024-06-09T08:10:00+00:00\" \/>\n<meta property=\"og:image\" content=\"https:\/\/www.accidentdutravail-idf.net\/blog\/wp-content\/uploads\/2024\/06\/un-chariot-brise-la-jambe-du-salarie-10-000-e-damende-pour-lentreprise-pres-de-dieppe.jpg\" \/>\n<meta name=\"author\" content=\"Carlos Poulain\" \/>\n<meta name=\"twitter:card\" content=\"summary_large_image\" \/>\n<meta name=\"twitter:label1\" content=\"\u00c9crit par\" \/>\n\t<meta name=\"twitter:data1\" content=\"Carlos Poulain\" \/>\n\t<meta name=\"twitter:label2\" content=\"Dur\u00e9e de lecture estim\u00e9e\" \/>\n\t<meta name=\"twitter:data2\" content=\"3 minutes\" \/>\n<script type=\"application\/ld+json\" class=\"yoast-schema-graph\">{\"@context\":\"https:\\\/\\\/schema.org\",\"@graph\":[{\"@type\":\"Article\",\"@id\":\"https:\\\/\\\/www.accidentdutravail-idf.net\\\/blog\\\/un-chariot-brise-la-jambe-du-salarie-10-000-e-damende-pour-lentreprise-pres-de-dieppe\\\/#article\",\"isPartOf\":{\"@id\":\"https:\\\/\\\/www.accidentdutravail-idf.net\\\/blog\\\/un-chariot-brise-la-jambe-du-salarie-10-000-e-damende-pour-lentreprise-pres-de-dieppe\\\/\"},\"author\":{\"name\":\"Carlos Poulain\",\"@id\":\"https:\\\/\\\/www.accidentdutravail-idf.net\\\/blog\\\/#\\\/schema\\\/person\\\/3255d2f970de45e64bd9201f38e7b947\"},\"headline\":\"Un chariot brise la jambe du salari\u00e9 : 10 000 \u20ac d&rsquo;amende pour l&rsquo;entreprise pr\u00e8s de Dieppe\",\"datePublished\":\"2024-06-09T08:10:00+00:00\",\"mainEntityOfPage\":{\"@id\":\"https:\\\/\\\/www.accidentdutravail-idf.net\\\/blog\\\/un-chariot-brise-la-jambe-du-salarie-10-000-e-damende-pour-lentreprise-pres-de-dieppe\\\/\"},\"wordCount\":668,\"publisher\":{\"@id\":\"https:\\\/\\\/www.accidentdutravail-idf.net\\\/blog\\\/#organization\"},\"image\":{\"@id\":\"https:\\\/\\\/www.accidentdutravail-idf.net\\\/blog\\\/un-chariot-brise-la-jambe-du-salarie-10-000-e-damende-pour-lentreprise-pres-de-dieppe\\\/#primaryimage\"},\"thumbnailUrl\":\"https:\\\/\\\/www.accidentdutravail-idf.net\\\/blog\\\/wp-content\\\/uploads\\\/2024\\\/06\\\/un-chariot-brise-la-jambe-du-salarie-10-000-e-damende-pour-lentreprise-pres-de-dieppe.jpg\",\"articleSection\":[\"S\u00e9curit\u00e9 Du Travail En Ile-De-France Et Divers:\"],\"inLanguage\":\"fr-FR\"},{\"@type\":\"WebPage\",\"@id\":\"https:\\\/\\\/www.accidentdutravail-idf.net\\\/blog\\\/un-chariot-brise-la-jambe-du-salarie-10-000-e-damende-pour-lentreprise-pres-de-dieppe\\\/\",\"url\":\"https:\\\/\\\/www.accidentdutravail-idf.net\\\/blog\\\/un-chariot-brise-la-jambe-du-salarie-10-000-e-damende-pour-lentreprise-pres-de-dieppe\\\/\",\"name\":\"Un chariot brise la jambe du salari\u00e9 : 10 000 \u20ac d'amende pour l'entreprise pr\u00e8s de Dieppe - ACCIDENTDUTRAVAIL-IDF\",\"isPartOf\":{\"@id\":\"https:\\\/\\\/www.accidentdutravail-idf.net\\\/blog\\\/#website\"},\"primaryImageOfPage\":{\"@id\":\"https:\\\/\\\/www.accidentdutravail-idf.net\\\/blog\\\/un-chariot-brise-la-jambe-du-salarie-10-000-e-damende-pour-lentreprise-pres-de-dieppe\\\/#primaryimage\"},\"image\":{\"@id\":\"https:\\\/\\\/www.accidentdutravail-idf.net\\\/blog\\\/un-chariot-brise-la-jambe-du-salarie-10-000-e-damende-pour-lentreprise-pres-de-dieppe\\\/#primaryimage\"},\"thumbnailUrl\":\"https:\\\/\\\/www.accidentdutravail-idf.net\\\/blog\\\/wp-content\\\/uploads\\\/2024\\\/06\\\/un-chariot-brise-la-jambe-du-salarie-10-000-e-damende-pour-lentreprise-pres-de-dieppe.jpg\",\"datePublished\":\"2024-06-09T08:10:00+00:00\",\"description\":\"Un chariot brise la jambe du salari\u00e9 : 10 000 \u20ac d'amende pour l'entreprise pr\u00e8s de Dieppe article de ACCIDENTDUTRAVAIL-IDF\",\"breadcrumb\":{\"@id\":\"https:\\\/\\\/www.accidentdutravail-idf.net\\\/blog\\\/un-chariot-brise-la-jambe-du-salarie-10-000-e-damende-pour-lentreprise-pres-de-dieppe\\\/#breadcrumb\"},\"inLanguage\":\"fr-FR\",\"potentialAction\":[{\"@type\":\"ReadAction\",\"target\":[\"https:\\\/\\\/www.accidentdutravail-idf.net\\\/blog\\\/un-chariot-brise-la-jambe-du-salarie-10-000-e-damende-pour-lentreprise-pres-de-dieppe\\\/\"]}]},{\"@type\":\"ImageObject\",\"inLanguage\":\"fr-FR\",\"@id\":\"https:\\\/\\\/www.accidentdutravail-idf.net\\\/blog\\\/un-chariot-brise-la-jambe-du-salarie-10-000-e-damende-pour-lentreprise-pres-de-dieppe\\\/#primaryimage\",\"url\":\"https:\\\/\\\/www.accidentdutravail-idf.net\\\/blog\\\/wp-content\\\/uploads\\\/2024\\\/06\\\/un-chariot-brise-la-jambe-du-salarie-10-000-e-damende-pour-lentreprise-pres-de-dieppe.jpg\",\"contentUrl\":\"https:\\\/\\\/www.accidentdutravail-idf.net\\\/blog\\\/wp-content\\\/uploads\\\/2024\\\/06\\\/un-chariot-brise-la-jambe-du-salarie-10-000-e-damende-pour-lentreprise-pres-de-dieppe.jpg\"},{\"@type\":\"BreadcrumbList\",\"@id\":\"https:\\\/\\\/www.accidentdutravail-idf.net\\\/blog\\\/un-chariot-brise-la-jambe-du-salarie-10-000-e-damende-pour-lentreprise-pres-de-dieppe\\\/#breadcrumb\",\"itemListElement\":[{\"@type\":\"ListItem\",\"position\":1,\"name\":\"Accueil\",\"item\":\"https:\\\/\\\/www.accidentdutravail-idf.net\\\/blog\\\/\"},{\"@type\":\"ListItem\",\"position\":2,\"name\":\"Un chariot brise la jambe du salari\u00e9 : 10 000 \u20ac d&rsquo;amende pour l&rsquo;entreprise pr\u00e8s de Dieppe\"}]},{\"@type\":\"WebSite\",\"@id\":\"https:\\\/\\\/www.accidentdutravail-idf.net\\\/blog\\\/#website\",\"url\":\"https:\\\/\\\/www.accidentdutravail-idf.net\\\/blog\\\/\",\"name\":\"ACCIDENTDUTRAVAIL-IDF\",\"description\":\"Portail accidents du travail-maladies professionnelles des entreprises d&#039;Ile-de-France\",\"publisher\":{\"@id\":\"https:\\\/\\\/www.accidentdutravail-idf.net\\\/blog\\\/#organization\"},\"potentialAction\":[{\"@type\":\"SearchAction\",\"target\":{\"@type\":\"EntryPoint\",\"urlTemplate\":\"https:\\\/\\\/www.accidentdutravail-idf.net\\\/blog\\\/?s={search_term_string}\"},\"query-input\":{\"@type\":\"PropertyValueSpecification\",\"valueRequired\":true,\"valueName\":\"search_term_string\"}}],\"inLanguage\":\"fr-FR\"},{\"@type\":\"Organization\",\"@id\":\"https:\\\/\\\/www.accidentdutravail-idf.net\\\/blog\\\/#organization\",\"name\":\"accidentdutravail-idf\",\"url\":\"https:\\\/\\\/www.accidentdutravail-idf.net\\\/blog\\\/\",\"logo\":{\"@type\":\"ImageObject\",\"inLanguage\":\"fr-FR\",\"@id\":\"https:\\\/\\\/www.accidentdutravail-idf.net\\\/blog\\\/#\\\/schema\\\/logo\\\/image\\\/\",\"url\":\"https:\\\/\\\/www.accidentdutravail-idf.net\\\/blog\\\/wp-content\\\/uploads\\\/2022\\\/09\\\/logo-2.png\",\"contentUrl\":\"https:\\\/\\\/www.accidentdutravail-idf.net\\\/blog\\\/wp-content\\\/uploads\\\/2022\\\/09\\\/logo-2.png\",\"width\":380,\"height\":291,\"caption\":\"accidentdutravail-idf\"},\"image\":{\"@id\":\"https:\\\/\\\/www.accidentdutravail-idf.net\\\/blog\\\/#\\\/schema\\\/logo\\\/image\\\/\"}},{\"@type\":\"Person\",\"@id\":\"https:\\\/\\\/www.accidentdutravail-idf.net\\\/blog\\\/#\\\/schema\\\/person\\\/3255d2f970de45e64bd9201f38e7b947\",\"name\":\"Carlos Poulain\",\"image\":{\"@type\":\"ImageObject\",\"inLanguage\":\"fr-FR\",\"@id\":\"https:\\\/\\\/secure.gravatar.com\\\/avatar\\\/b1c2f9d3588e34e91adb093635df64ef4b2381991216be7576466cfcdca4baf3?s=96&d=mm&r=g\",\"url\":\"https:\\\/\\\/secure.gravatar.com\\\/avatar\\\/b1c2f9d3588e34e91adb093635df64ef4b2381991216be7576466cfcdca4baf3?s=96&d=mm&r=g\",\"contentUrl\":\"https:\\\/\\\/secure.gravatar.com\\\/avatar\\\/b1c2f9d3588e34e91adb093635df64ef4b2381991216be7576466cfcdca4baf3?s=96&d=mm&r=g\",\"caption\":\"Carlos Poulain\"},\"url\":\"https:\\\/\\\/www.accidentdutravail-idf.net\\\/blog\\\/author\\\/idfcarlos\\\/\"}]}<\/script>\n<!-- \/ Yoast SEO plugin. -->","yoast_head_json":{"title":"Un chariot brise la jambe du salari\u00e9 : 10 000 \u20ac d'amende pour l'entreprise pr\u00e8s de Dieppe - ACCIDENTDUTRAVAIL-IDF","description":"Un chariot brise la jambe du salari\u00e9 : 10 000 \u20ac d'amende pour l'entreprise pr\u00e8s de Dieppe article de ACCIDENTDUTRAVAIL-IDF","robots":{"index":"index","follow":"follow","max-snippet":"max-snippet:-1","max-image-preview":"max-image-preview:large","max-video-preview":"max-video-preview:-1"},"canonical":"https:\/\/www.accidentdutravail-idf.net\/blog\/un-chariot-brise-la-jambe-du-salarie-10-000-e-damende-pour-lentreprise-pres-de-dieppe\/","og_locale":"fr_FR","og_type":"article","og_title":"Un chariot brise la jambe du salari\u00e9 : 10 000 \u20ac d'amende pour l'entreprise pr\u00e8s de Dieppe - ACCIDENTDUTRAVAIL-IDF","og_description":"Un chariot brise la jambe du salari\u00e9 : 10 000 \u20ac d'amende pour l'entreprise pr\u00e8s de Dieppe article de ACCIDENTDUTRAVAIL-IDF","og_url":"https:\/\/www.accidentdutravail-idf.net\/blog\/un-chariot-brise-la-jambe-du-salarie-10-000-e-damende-pour-lentreprise-pres-de-dieppe\/","og_site_name":"ACCIDENTDUTRAVAIL-IDF","article_published_time":"2024-06-09T08:10:00+00:00","og_image":[{"url":"https:\/\/www.accidentdutravail-idf.net\/blog\/wp-content\/uploads\/2024\/06\/un-chariot-brise-la-jambe-du-salarie-10-000-e-damende-pour-lentreprise-pres-de-dieppe.jpg","type":"","width":"","height":""}],"author":"Carlos Poulain","twitter_card":"summary_large_image","twitter_misc":{"\u00c9crit par":"Carlos Poulain","Dur\u00e9e de lecture estim\u00e9e":"3 minutes"},"schema":{"@context":"https:\/\/schema.org","@graph":[{"@type":"Article","@id":"https:\/\/www.accidentdutravail-idf.net\/blog\/un-chariot-brise-la-jambe-du-salarie-10-000-e-damende-pour-lentreprise-pres-de-dieppe\/#article","isPartOf":{"@id":"https:\/\/www.accidentdutravail-idf.net\/blog\/un-chariot-brise-la-jambe-du-salarie-10-000-e-damende-pour-lentreprise-pres-de-dieppe\/"},"author":{"name":"Carlos Poulain","@id":"https:\/\/www.accidentdutravail-idf.net\/blog\/#\/schema\/person\/3255d2f970de45e64bd9201f38e7b947"},"headline":"Un chariot brise la jambe du salari\u00e9 : 10 000 \u20ac d&rsquo;amende pour l&rsquo;entreprise pr\u00e8s de Dieppe","datePublished":"2024-06-09T08:10:00+00:00","mainEntityOfPage":{"@id":"https:\/\/www.accidentdutravail-idf.net\/blog\/un-chariot-brise-la-jambe-du-salarie-10-000-e-damende-pour-lentreprise-pres-de-dieppe\/"},"wordCount":668,"publisher":{"@id":"https:\/\/www.accidentdutravail-idf.net\/blog\/#organization"},"image":{"@id":"https:\/\/www.accidentdutravail-idf.net\/blog\/un-chariot-brise-la-jambe-du-salarie-10-000-e-damende-pour-lentreprise-pres-de-dieppe\/#primaryimage"},"thumbnailUrl":"https:\/\/www.accidentdutravail-idf.net\/blog\/wp-content\/uploads\/2024\/06\/un-chariot-brise-la-jambe-du-salarie-10-000-e-damende-pour-lentreprise-pres-de-dieppe.jpg","articleSection":["S\u00e9curit\u00e9 Du Travail En Ile-De-France Et Divers:"],"inLanguage":"fr-FR"},{"@type":"WebPage","@id":"https:\/\/www.accidentdutravail-idf.net\/blog\/un-chariot-brise-la-jambe-du-salarie-10-000-e-damende-pour-lentreprise-pres-de-dieppe\/","url":"https:\/\/www.accidentdutravail-idf.net\/blog\/un-chariot-brise-la-jambe-du-salarie-10-000-e-damende-pour-lentreprise-pres-de-dieppe\/","name":"Un chariot brise la jambe du salari\u00e9 : 10 000 \u20ac d'amende pour l'entreprise pr\u00e8s de Dieppe - ACCIDENTDUTRAVAIL-IDF","isPartOf":{"@id":"https:\/\/www.accidentdutravail-idf.net\/blog\/#website"},"primaryImageOfPage":{"@id":"https:\/\/www.accidentdutravail-idf.net\/blog\/un-chariot-brise-la-jambe-du-salarie-10-000-e-damende-pour-lentreprise-pres-de-dieppe\/#primaryimage"},"image":{"@id":"https:\/\/www.accidentdutravail-idf.net\/blog\/un-chariot-brise-la-jambe-du-salarie-10-000-e-damende-pour-lentreprise-pres-de-dieppe\/#primaryimage"},"thumbnailUrl":"https:\/\/www.accidentdutravail-idf.net\/blog\/wp-content\/uploads\/2024\/06\/un-chariot-brise-la-jambe-du-salarie-10-000-e-damende-pour-lentreprise-pres-de-dieppe.jpg","datePublished":"2024-06-09T08:10:00+00:00","description":"Un chariot brise la jambe du salari\u00e9 : 10 000 \u20ac d'amende pour l'entreprise pr\u00e8s de Dieppe article de ACCIDENTDUTRAVAIL-IDF","breadcrumb":{"@id":"https:\/\/www.accidentdutravail-idf.net\/blog\/un-chariot-brise-la-jambe-du-salarie-10-000-e-damende-pour-lentreprise-pres-de-dieppe\/#breadcrumb"},"inLanguage":"fr-FR","potentialAction":[{"@type":"ReadAction","target":["https:\/\/www.accidentdutravail-idf.net\/blog\/un-chariot-brise-la-jambe-du-salarie-10-000-e-damende-pour-lentreprise-pres-de-dieppe\/"]}]},{"@type":"ImageObject","inLanguage":"fr-FR","@id":"https:\/\/www.accidentdutravail-idf.net\/blog\/un-chariot-brise-la-jambe-du-salarie-10-000-e-damende-pour-lentreprise-pres-de-dieppe\/#primaryimage","url":"https:\/\/www.accidentdutravail-idf.net\/blog\/wp-content\/uploads\/2024\/06\/un-chariot-brise-la-jambe-du-salarie-10-000-e-damende-pour-lentreprise-pres-de-dieppe.jpg","contentUrl":"https:\/\/www.accidentdutravail-idf.net\/blog\/wp-content\/uploads\/2024\/06\/un-chariot-brise-la-jambe-du-salarie-10-000-e-damende-pour-lentreprise-pres-de-dieppe.jpg"},{"@type":"BreadcrumbList","@id":"https:\/\/www.accidentdutravail-idf.net\/blog\/un-chariot-brise-la-jambe-du-salarie-10-000-e-damende-pour-lentreprise-pres-de-dieppe\/#breadcrumb","itemListElement":[{"@type":"ListItem","position":1,"name":"Accueil","item":"https:\/\/www.accidentdutravail-idf.net\/blog\/"},{"@type":"ListItem","position":2,"name":"Un chariot brise la jambe du salari\u00e9 : 10 000 \u20ac d&rsquo;amende pour l&rsquo;entreprise pr\u00e8s de Dieppe"}]},{"@type":"WebSite","@id":"https:\/\/www.accidentdutravail-idf.net\/blog\/#website","url":"https:\/\/www.accidentdutravail-idf.net\/blog\/","name":"ACCIDENTDUTRAVAIL-IDF","description":"Portail accidents du travail-maladies professionnelles des entreprises d&#039;Ile-de-France","publisher":{"@id":"https:\/\/www.accidentdutravail-idf.net\/blog\/#organization"},"potentialAction":[{"@type":"SearchAction","target":{"@type":"EntryPoint","urlTemplate":"https:\/\/www.accidentdutravail-idf.net\/blog\/?s={search_term_string}"},"query-input":{"@type":"PropertyValueSpecification","valueRequired":true,"valueName":"search_term_string"}}],"inLanguage":"fr-FR"},{"@type":"Organization","@id":"https:\/\/www.accidentdutravail-idf.net\/blog\/#organization","name":"accidentdutravail-idf","url":"https:\/\/www.accidentdutravail-idf.net\/blog\/","logo":{"@type":"ImageObject","inLanguage":"fr-FR","@id":"https:\/\/www.accidentdutravail-idf.net\/blog\/#\/schema\/logo\/image\/","url":"https:\/\/www.accidentdutravail-idf.net\/blog\/wp-content\/uploads\/2022\/09\/logo-2.png","contentUrl":"https:\/\/www.accidentdutravail-idf.net\/blog\/wp-content\/uploads\/2022\/09\/logo-2.png","width":380,"height":291,"caption":"accidentdutravail-idf"},"image":{"@id":"https:\/\/www.accidentdutravail-idf.net\/blog\/#\/schema\/logo\/image\/"}},{"@type":"Person","@id":"https:\/\/www.accidentdutravail-idf.net\/blog\/#\/schema\/person\/3255d2f970de45e64bd9201f38e7b947","name":"Carlos Poulain","image":{"@type":"ImageObject","inLanguage":"fr-FR","@id":"https:\/\/secure.gravatar.com\/avatar\/b1c2f9d3588e34e91adb093635df64ef4b2381991216be7576466cfcdca4baf3?s=96&d=mm&r=g","url":"https:\/\/secure.gravatar.com\/avatar\/b1c2f9d3588e34e91adb093635df64ef4b2381991216be7576466cfcdca4baf3?s=96&d=mm&r=g","contentUrl":"https:\/\/secure.gravatar.com\/avatar\/b1c2f9d3588e34e91adb093635df64ef4b2381991216be7576466cfcdca4baf3?s=96&d=mm&r=g","caption":"Carlos Poulain"},"url":"https:\/\/www.accidentdutravail-idf.net\/blog\/author\/idfcarlos\/"}]}},"_links":{"self":[{"href":"https:\/\/www.accidentdutravail-idf.net\/blog\/wp-json\/wp\/v2\/posts\/439","targetHints":{"allow":["GET"]}}],"collection":[{"href":"https:\/\/www.accidentdutravail-idf.net\/blog\/wp-json\/wp\/v2\/posts"}],"about":[{"href":"https:\/\/www.accidentdutravail-idf.net\/blog\/wp-json\/wp\/v2\/types\/post"}],"author":[{"embeddable":true,"href":"https:\/\/www.accidentdutravail-idf.net\/blog\/wp-json\/wp\/v2\/users\/2"}],"replies":[{"embeddable":true,"href":"https:\/\/www.accidentdutravail-idf.net\/blog\/wp-json\/wp\/v2\/comments?post=439"}],"version-history":[{"count":0,"href":"https:\/\/www.accidentdutravail-idf.net\/blog\/wp-json\/wp\/v2\/posts\/439\/revisions"}],"wp:attachment":[{"href":"https:\/\/www.accidentdutravail-idf.net\/blog\/wp-json\/wp\/v2\/media?parent=439"}],"wp:term":[{"taxonomy":"category","embeddable":true,"href":"https:\/\/www.accidentdutravail-idf.net\/blog\/wp-json\/wp\/v2\/categories?post=439"},{"taxonomy":"post_tag","embeddable":true,"href":"https:\/\/www.accidentdutravail-idf.net\/blog\/wp-json\/wp\/v2\/tags?post=439"}],"curies":[{"name":"wp","href":"https:\/\/api.w.org\/{rel}","templated":true}]}}