{"id":438,"date":"2024-06-08T10:01:00","date_gmt":"2024-06-08T08:01:00","guid":{"rendered":"https:\/\/www.accidentdutravail-idf.net\/blog\/alcool-au-volant-un-habitant-du-lot-met-sa-vie-en-lair-et-celle-des-autres\/"},"modified":"2024-06-08T10:01:00","modified_gmt":"2024-06-08T08:01:00","slug":"alcool-au-volant-un-habitant-du-lot-met-sa-vie-en-lair-et-celle-des-autres","status":"publish","type":"post","link":"https:\/\/www.accidentdutravail-idf.net\/blog\/alcool-au-volant-un-habitant-du-lot-met-sa-vie-en-lair-et-celle-des-autres\/","title":{"rendered":"Alcool au volant. Un habitant du Lot met sa vie en l&rsquo;air et celle des autres&#8230;"},"content":{"rendered":"<div><img decoding=\"async\" src=\"https:\/\/www.accidentdutravail-idf.net\/blog\/wp-content\/uploads\/2024\/06\/alcool-au-volant-un-habitant-du-lot-met-sa-vie-en-lair-et-celle-des-autres.jpg\" class=\"ff-og-image-inserted\"><\/div>\n<div class=\"ac-article-date\"> Par <strong> <a href=\"https:\/\/actu.fr\/auteur\/jeanclaude\" title=\"Consulter tous les articles de Jean-Claude Bonnem\u00e8re\" rel=\"nofollow\" target=\"_blank\">Jean-Claude Bonnem\u00e8re<\/a> <\/strong> <span> Publi\u00e9 le  8 juin 2024 \u00e0 17h00  <\/span>\n<\/div>\n<div class=\"ac-article-follow\"> <a href=\"https:\/\/actu.fr\/mon-actu\" class=\"ac-article-follow__link\" rel=\"nofollow\" data-trk=\"{&quot;cta&quot;:{&quot;action&quot;:&quot;https:\\\/\\\/actu.fr\\\/mon-actu&quot;,&quot;category&quot;:&quot;mon compte&quot;,&quot;from&quot;:&quot;article header&quot;,&quot;name&quot;:&quot;Voir mon actu&quot;,&quot;type&quot;:&quot;cta&quot;}}\" target=\"_blank\">Voir mon actu<\/a> <button type=\"button\" class=\"ac-btn ac-btn--mini ac-btn--blue ac-icon--star-empty\" data-follow=\"Suivre Actu Lot\" data-unfollow=\"Retirer\">Suivre Actu Lot<\/button>\n<\/div>\n<p>Le 17 mai 2024, M. A., \u00e2g\u00e9 de 21 ans, a comparu devant le <b>tribunal correctionnel de Cahors<\/b>, pour avoir occasionn\u00e9 un <b>accident grave<\/b> le 6 septembre 2023 vers 3 h 30, alors qu\u2019il circulait en \u00e9tat d\u2019ivresse, sur la D840, dans le sens <b>Decazeville \u2013 Capdenac<\/b>.<\/p>\n<figure class=\"ac-embed ac-embed--google\" data-provider=\"google\" data-cmp-purpose=\"embedInfographie\">\n<\/figure>\n<p>Les cons\u00e9quences de l\u2019accident sont d\u00e9sastreuses\u2026<\/p>\n<div class=\"ac-article-to-read\">\n<p>\u00c0 lire aussi<\/p>\n<\/div>\n<h2>Il se r\u00e9veille en entendant sa femme hurler de douleurs&nbsp;<\/h2>\n<p>Perdant le contr\u00f4le de son v\u00e9hicule, le jeune homme percute frontalement la voiture venant en sens inverse, conduite par M<sup>me<\/sup> I. tandis que son mari M. P. somnolait sur la banquette arri\u00e8re. M<sup>me<\/sup> I. s\u2019est vu reconna\u00eetre 12 mois d\u2019ITT (Incapacit\u00e9 Totale de Travail) et son conjoint 6 mois d\u2019ITT. Les contr\u00f4les d\u2019alcool\u00e9mie affichent un taux de 1, 56 g\/l (alors que le taux maximum autoris\u00e9 est de 0,5 g d\u2019alcool par litre de sang). L\u2019accident s\u2019est produit sans t\u00e9moin.&nbsp;<\/p>\n<p>M<sup>me <\/sup>I. au volant au moment du choc, indique aux enqu\u00eateurs qu\u2019elle a vu le v\u00e9hicule quittant sa voie de circulation et venant sur elle, sans qu\u2019elle puisse l\u2019\u00e9viter. Polytraumatis\u00e9e, elle souffre de multiples fractures, au bassin, \u00e0 un genou, \u00e0 une cuisse\u2026 Elle a subi plusieurs interventions chirurgicales, dont une concernant une reconstitution du genoux \u00e0 l\u2019aide de broches. Pour sa part, son \u00e9poux assis \u00e0 l\u2019arri\u00e8re du v\u00e9hicule a \u00e9t\u00e9 victime d\u2019une fracture du f\u00e9mur et de plusieurs c\u00f4tes. M<sup>me&nbsp;<\/sup>I. n\u2019en a pas termin\u00e9 avec les interventions chirurgicales et les s\u00e9ances de r\u00e9\u00e9ducation, son \u00e9tat de sant\u00e9 n\u2019\u00e9tant toujours pas consolid\u00e9, 10 mois apr\u00e8s les faits. R\u00e9veill\u00e9 par les cris de son \u00e9pouse, hurlant de douleurs, M. P. n\u2019a pu que constater l\u2019ampleur du sinistre.&nbsp;<\/p>\n<div class=\"ac-article-to-read\">\n<p>\u00c0 lire aussi<\/p>\n<\/div>\n<h2>L\u2019auteur de l\u2019accident \u00ab&nbsp;traversait une mauvaise passe&nbsp;\u00bb\u2026<\/h2>\n<p>\u2013 \u00ab&nbsp;Comment avez-vous pu prendre le volant apr\u00e8s une telle consommation d\u2019alcool ?&nbsp;\u00bb demande Anne Aurelle, la pr\u00e9sidente du tribunal.<\/p>\n<p>\u2013 \u00ab&nbsp;J\u2019\u00e9tais en bo\u00eete de nuit et j\u2019avais pris trois verres de vodka, je n\u2019ai aucun souvenir de l\u2019accident, rien du tout, si ce n\u2019est le r\u00e9veil \u00e0 l\u2019h\u00f4pital !&nbsp;\u00bb r\u00e9pond le pr\u00e9venu. M. A. se dit d\u00e9sol\u00e9 de ce qui est arriv\u00e9. Il affirme : \u00ab&nbsp;Dor\u00e9navant, je ne vais plus boire une goutte d\u2019alcool !&nbsp;\u00bb Le jeune homme redouble de courtoisie et de compassion \u00e0 l\u2019\u00e9gard des victimes, absentes de l\u2019audience, r\u00e9sidant \u00e0 Lattes (H\u00e9rault). Il d\u00e9clare : \u00ab&nbsp;Je voudrais m\u2019excuser, mais je ne me souviens de rien, m\u00eame pas d\u2019avoir quitt\u00e9 la&nbsp;discoth\u00e8que et je ne comprenais m\u00eame pas pourquoi j\u2019\u00e9tais \u00e0 l\u2019h\u00f4pital ; c\u2019est ma faute et c\u2019est eux qui ont pay\u00e9.&nbsp;\u00bb M. A. pr\u00e9cise qu\u2019il traversait une mauvaise passe \u00e0 ce moment-l\u00e0, qu\u2019il \u00e9tait en p\u00e9riode de s\u00e9paration avec sa copine\u2026 Il pr\u00e9tend qu\u2019avant cette soir\u00e9e, il ne buvait jamais d\u2019alcool\u2026&nbsp;<\/p>\n<figure id=\"dailymotion-embed-x7dyep\" class=\"ac-embed ac-embed--dailymotion ac-embed--inread3\" data-provider=\"dailymotion\"><figcaption>Vid\u00e9os : en ce moment sur Actu<\/figcaption><\/figure>\n<p>M. A. affirme qu\u2019il pensait dormir chez son fr\u00e8re au d\u00e9part, mais qu\u2019au final cela n\u2019avait pas \u00e9t\u00e9 possible. La pr\u00e9sidente rel\u00e8ve deux mentions au casier judiciaire, l\u2019une pour des menaces sur conjoint et l\u2019autre pour violences et menaces de mort. M. A. s\u2019est mari\u00e9 il y a quelques semaines et il indique qu\u2019il souhaite se former en tant qu\u2019accompagnant \u00e9ducatif et social (AES) aupr\u00e8s d\u2019enfants handicap\u00e9s.&nbsp;<\/p>\n<h2>Le ton monte avec l\u2019intervention du Parquet\u2026<\/h2>\n<p>\u00ab&nbsp;Monsieur, au moment de l\u2019accident vous \u00e9tiez d\u00e9j\u00e0 sous le coup d\u2019une obligation de soins\u2026 et apr\u00e8s cet accident vous avez \u00e9galement conduit malgr\u00e9 une suspension du permis de conduire, un v\u00e9hicule qui n\u2019\u00e9tait pas assur\u00e9\u2026&nbsp;\u00bb s\u2019indigne la repr\u00e9sentante du Procureur de la R\u00e9publique. M. A. assure qu\u2019il est en train de trouver sa voie et de r\u00e9gler tous ses probl\u00e8mes. Il dit qu\u2019il a vendu sa moto, pour commencer \u00e0 rembourser les victimes et qu\u2019il recherche activement un emploi.&nbsp;Le Minist\u00e8re public ne semble pas convaincu par les bonnes paroles du jeune homme. La Substitut du Procureur reprend :&nbsp;<\/p>\n<p>\u2013 &nbsp;\u00bb Les passages devant la justice, cela ne semble pas avoir eu grand impact pour vous jusqu\u2019ici ?&nbsp;\u00bb&nbsp;<\/p>\n<p>S\u2019agissant de la fois o\u00f9 le pr\u00e9venu a \u00e9t\u00e9 interpell\u00e9 au volant d\u2019une voiture, malgr\u00e9 une interdiction de conduire, M. A. r\u00e9pond que ce jour-l\u00e0, il allait au commissariat pour d\u00e9clarer qu\u2019il n\u2019avait rien \u00e0 voir avec \u00ab&nbsp;l\u2019embrouille qui venait d\u2019avoir lieu lors d\u2019une soir\u00e9e&nbsp;\u00bb\u2026 La magistrate ne laisse pas passer ces excuses et tance vertement le pr\u00e9venu :&nbsp;<\/p>\n<p>\u2013 \u00ab&nbsp;Une interdiction, \u00e7a se respecte \u00e0 la lettre !&nbsp;\u00bb s\u2019exclame-t-elle.<\/p>\n<div class=\"ac-article-to-read\">\n<p>\u00c0 lire aussi<\/p>\n<\/div>\n<h2>La Compagnie d\u2019assurance ne veut pas payer !&nbsp;<\/h2>\n<p>Quant \u00e0 l\u2019avocate des deux victimes, elle aussi semble abasourdie par le comportement du pr\u00e9venu. Elle d\u00e9clare :&nbsp;<\/p>\n<p>\u2013 \u00ab&nbsp;Je voulais bien prendre en compte les remords de M. A. exprim\u00e9s \u00e0 la barre, mais lorsqu\u2019on fait le bilan de son comportement, on dirait qu\u2019il ne r\u00e9alise pas la gravit\u00e9 de ses actes&nbsp;\u00bb. L\u2019avocate s\u2019interroge sur la port\u00e9e des remords exprim\u00e9s par M. A. et n\u2019en revient pas qu\u2019apr\u00e8s ce terrible accident, le pr\u00e9venu se soit encore fait attraper au volant d\u2019une voiture non assur\u00e9e et avec un permis de conduire suspendu. Elle d\u00e9plore la situation de ses clients, qui eux n\u2019avaient pas bu ni vodka, ni Red Bull, ni aucun autre alcool. Elle fait valoir que sa cliente ne sait pas encore si elle pourra reprendre son travail et la consolidation de son \u00e9tat de sant\u00e9 n\u2019est pas pr\u00e9vue avant janvier 2025. Par ailleurs, elle constate qu\u2019au regard du niveau d\u2019alcool\u00e9mie de M.A. son assureur aurait rompu le contrat. C\u2019est donc le Fonds de garantie qui va \u00eatre appel\u00e9 pour d\u00e9dommager les victimes avant de se retourner contre M. A.&nbsp;<\/p>\n<p>Vient le moment des r\u00e9quisitions :&nbsp;<\/p>\n<p>\u2013 \u00ab&nbsp;Certes M.A. se pr\u00e9sente en affichant sa volont\u00e9 de se ranger, or le jour de l\u2019accident il a par \u00e9go\u00efsme pris le volant sans mesurer les cons\u00e9quences de son acte. Le fait de conduire apr\u00e8s une prise d\u2019alcool, d\u00e9montre que le pr\u00e9venu n\u2019a pas tir\u00e9 les le\u00e7ons des sanctions ant\u00e9rieures. Et 4 mois apr\u00e8s les faits, il reprend le volant\u2026&nbsp;\u00bb,&nbsp;s\u2019indigne M<sup>me<\/sup> la Substitut du Procureur.&nbsp;<\/p>\n<p>\u00ab&nbsp;Son pass\u00e9 compliqu\u00e9 n\u2019excuse pas tout !&nbsp;\u00bb tonne la magistrate. Elle demande une peine qui garantisse l\u2019indemnisation des victimes. Elle requiert 12 mois de prison avec sursis, assortis d\u2019un d\u00e9lai de trois ans de mise \u00e0 l\u2019\u00e9preuve. Elle ajoute une obligation de travail, obligation d\u2019indemniser les victimes, un stage de s\u00e9curit\u00e9 routi\u00e8re, l\u2019annulation du permis de conduire avec un d\u00e9lai de trois mois avant de le repasser.<\/p>\n<h2>Un jeune homme au parcours de vie \u00ab&nbsp;caboss\u00e9&nbsp;\u00bb<\/h2>\n<p>L\u2019avocate de la d\u00e9fense \u00e9voque le profil atypique de M. A. , \u00ab&nbsp;qui revient de loin&nbsp;\u00bb et qui a su tout de m\u00eame avancer dans un cercle familial d\u00e9faillant, doubl\u00e9 de mauvaises fr\u00e9quentations. Elle d\u00e9peint un parcours de vie \u00ab&nbsp;caboss\u00e9&nbsp;\u00bb, avec deux fr\u00e8res incarc\u00e9r\u00e9s et des parents en soins de sant\u00e9. Elle met l\u2019accent sur le fait que M. A. n\u2019est pas tomb\u00e9 dans la d\u00e9linquance. L\u2019avocate fait valoir qu\u2019il sera compliqu\u00e9 pour lui de trouver un emploi, sans avoir le permis de conduire. Elle pr\u00e9conise de revoir \u00e0 la baisse le quantum de la peine requise.&nbsp;<\/p>\n<p>Apr\u00e8s en avoir d\u00e9lib\u00e9r\u00e9, le tribunal a condamn\u00e9 M. A. \u00e0 12 mois de prison avec sursis probatoire pour une dur\u00e9e de 3 ans, avec une s\u00e9rie d\u2019obligation : travail, formation, soins, indemnisation des victimes, stage de s\u00e9curit\u00e9 routi\u00e8re, annulation du permis de conduire avec interdiction de le repasser avant une p\u00e9riode de 6 mois. M.A. est d\u00e9clar\u00e9 coupable des dommages caus\u00e9s et doit s\u2019acquitter de 1000 \u20ac pour les frais d\u2019avocat de la partie adverse. La date de renvoi sur int\u00e9r\u00eats civils, qui fixera le montant du pr\u00e9judice financier, est fix\u00e9e au 11 d\u00e9cembre 2024. Dire qu\u2019il aurait suffit de ne pas prendre le volant !<\/p>\n<p><i>Suivez toute l\u2019actualit\u00e9 de vos villes et m\u00e9dias favoris en vous inscrivant \u00e0 <a href=\"https:\/\/moncompte.actu.fr\" title=\"D\u00e9couvez Mon Actu\" rel=\"nofollow\" data-trk=\"{&quot;cta&quot;:{&quot;action&quot;:&quot;https:\\\/\\\/moncompte.actu.fr&quot;,&quot;category&quot;:&quot;mon compte&quot;,&quot;from&quot;:&quot;article footer&quot;,&quot;name&quot;:&quot;Mon actu&quot;,&quot;type&quot;:&quot;cta&quot;}}\" target=\"_blank\">Mon Actu<\/a>.<\/i><\/p>\n<p> accidentdutravail-idf.net vous a pr\u00e9par\u00e9 ce post qui informe du sujet \u00ab\u00a0Association Sportive Huisson-Longueville Essonne\u00a0\u00bb. La chronique se veut g\u00e9n\u00e9r\u00e9e du mieux possible. Vous pouvez utiliser les coordonn\u00e9es indiqu\u00e9es sur le site dans le but d\u2019apporter des explications sur ce post qui parle du th\u00e8me \u00ab\u00a0Association Sportive Huisson-Longueville Essonne\u00a0\u00bb. Le site accidentdutravail-idf.net a pour but de fournir diverses publications sur la th\u00e9matique Association Sportive Huisson-Longueville Essonne diffus\u00e9es sur le net. Il y aura plusieurs articles autour du sujet \u00ab\u00a0Association Sportive Huisson-Longueville Essonne\u00a0\u00bb dans quelques jours, nous vous invitons \u00e0 naviguer sur notre site web \u00e0 plusieurs reprises.<\/p>\n","protected":false},"excerpt":{"rendered":"<p>Par Jean-Claude Bonnem\u00e8re Publi\u00e9 le 8 juin 2024 \u00e0 17h00 Voir mon actu Suivre Actu Lot Le 17 mai 2024, M. A., \u00e2g\u00e9 de 21 ans, a comparu devant le tribunal correctionnel de Cahors, pour avoir occasionn\u00e9 un accident grave le 6 septembre 2023 vers 3 h 30, alors qu\u2019il circulait en \u00e9tat d\u2019ivresse, sur &hellip; <\/p>\n<p class=\"link-more\"><a href=\"https:\/\/www.accidentdutravail-idf.net\/blog\/alcool-au-volant-un-habitant-du-lot-met-sa-vie-en-lair-et-celle-des-autres\/\" class=\"more-link\">Continuer la lecture <span class=\"screen-reader-text\"> \u00ab\u00a0Alcool au volant. Un habitant du Lot met sa vie en l&rsquo;air et celle des autres&#8230;\u00a0\u00bb<\/span><\/a><\/p>\n","protected":false},"author":2,"featured_media":0,"comment_status":"closed","ping_status":"closed","sticky":false,"template":"","format":"standard","meta":{"footnotes":""},"categories":[5],"tags":[],"class_list":["post-438","post","type-post","status-publish","format-standard","hentry","category-securite-du-travail-en-ile-de-france-et-divers","entry"],"yoast_head":"<!-- This site is optimized with the Yoast SEO plugin v27.5 - https:\/\/yoast.com\/product\/yoast-seo-wordpress\/ -->\n<title>Alcool au volant. Un habitant du Lot met sa vie en l&#039;air et celle des autres... - ACCIDENTDUTRAVAIL-IDF<\/title>\n<meta name=\"description\" content=\"Alcool au volant. Un habitant du Lot met sa vie en l&#039;air et celle des autres... article de ACCIDENTDUTRAVAIL-IDF\" \/>\n<meta name=\"robots\" content=\"index, follow, max-snippet:-1, max-image-preview:large, max-video-preview:-1\" \/>\n<link rel=\"canonical\" href=\"https:\/\/www.accidentdutravail-idf.net\/blog\/alcool-au-volant-un-habitant-du-lot-met-sa-vie-en-lair-et-celle-des-autres\/\" \/>\n<meta property=\"og:locale\" content=\"fr_FR\" \/>\n<meta property=\"og:type\" content=\"article\" \/>\n<meta property=\"og:title\" content=\"Alcool au volant. Un habitant du Lot met sa vie en l&#039;air et celle des autres... - ACCIDENTDUTRAVAIL-IDF\" \/>\n<meta property=\"og:description\" content=\"Alcool au volant. Un habitant du Lot met sa vie en l&#039;air et celle des autres... article de ACCIDENTDUTRAVAIL-IDF\" \/>\n<meta property=\"og:url\" content=\"https:\/\/www.accidentdutravail-idf.net\/blog\/alcool-au-volant-un-habitant-du-lot-met-sa-vie-en-lair-et-celle-des-autres\/\" \/>\n<meta property=\"og:site_name\" content=\"ACCIDENTDUTRAVAIL-IDF\" \/>\n<meta property=\"article:published_time\" content=\"2024-06-08T08:01:00+00:00\" \/>\n<meta property=\"og:image\" content=\"https:\/\/www.accidentdutravail-idf.net\/blog\/wp-content\/uploads\/2024\/06\/alcool-au-volant-un-habitant-du-lot-met-sa-vie-en-lair-et-celle-des-autres.jpg\" \/>\n<meta name=\"author\" content=\"Carlos Poulain\" \/>\n<meta name=\"twitter:card\" content=\"summary_large_image\" \/>\n<meta name=\"twitter:label1\" content=\"\u00c9crit par\" \/>\n\t<meta name=\"twitter:data1\" content=\"Carlos Poulain\" \/>\n\t<meta name=\"twitter:label2\" content=\"Dur\u00e9e de lecture estim\u00e9e\" \/>\n\t<meta name=\"twitter:data2\" content=\"8 minutes\" \/>\n<script type=\"application\/ld+json\" class=\"yoast-schema-graph\">{\"@context\":\"https:\\\/\\\/schema.org\",\"@graph\":[{\"@type\":\"Article\",\"@id\":\"https:\\\/\\\/www.accidentdutravail-idf.net\\\/blog\\\/alcool-au-volant-un-habitant-du-lot-met-sa-vie-en-lair-et-celle-des-autres\\\/#article\",\"isPartOf\":{\"@id\":\"https:\\\/\\\/www.accidentdutravail-idf.net\\\/blog\\\/alcool-au-volant-un-habitant-du-lot-met-sa-vie-en-lair-et-celle-des-autres\\\/\"},\"author\":{\"name\":\"Carlos Poulain\",\"@id\":\"https:\\\/\\\/www.accidentdutravail-idf.net\\\/blog\\\/#\\\/schema\\\/person\\\/3255d2f970de45e64bd9201f38e7b947\"},\"headline\":\"Alcool au volant. Un habitant du Lot met sa vie en l&rsquo;air et celle des autres&#8230;\",\"datePublished\":\"2024-06-08T08:01:00+00:00\",\"mainEntityOfPage\":{\"@id\":\"https:\\\/\\\/www.accidentdutravail-idf.net\\\/blog\\\/alcool-au-volant-un-habitant-du-lot-met-sa-vie-en-lair-et-celle-des-autres\\\/\"},\"wordCount\":1613,\"publisher\":{\"@id\":\"https:\\\/\\\/www.accidentdutravail-idf.net\\\/blog\\\/#organization\"},\"image\":{\"@id\":\"https:\\\/\\\/www.accidentdutravail-idf.net\\\/blog\\\/alcool-au-volant-un-habitant-du-lot-met-sa-vie-en-lair-et-celle-des-autres\\\/#primaryimage\"},\"thumbnailUrl\":\"https:\\\/\\\/www.accidentdutravail-idf.net\\\/blog\\\/wp-content\\\/uploads\\\/2024\\\/06\\\/alcool-au-volant-un-habitant-du-lot-met-sa-vie-en-lair-et-celle-des-autres.jpg\",\"articleSection\":[\"S\u00e9curit\u00e9 Du Travail En Ile-De-France Et Divers:\"],\"inLanguage\":\"fr-FR\"},{\"@type\":\"WebPage\",\"@id\":\"https:\\\/\\\/www.accidentdutravail-idf.net\\\/blog\\\/alcool-au-volant-un-habitant-du-lot-met-sa-vie-en-lair-et-celle-des-autres\\\/\",\"url\":\"https:\\\/\\\/www.accidentdutravail-idf.net\\\/blog\\\/alcool-au-volant-un-habitant-du-lot-met-sa-vie-en-lair-et-celle-des-autres\\\/\",\"name\":\"Alcool au volant. Un habitant du Lot met sa vie en l'air et celle des autres... - ACCIDENTDUTRAVAIL-IDF\",\"isPartOf\":{\"@id\":\"https:\\\/\\\/www.accidentdutravail-idf.net\\\/blog\\\/#website\"},\"primaryImageOfPage\":{\"@id\":\"https:\\\/\\\/www.accidentdutravail-idf.net\\\/blog\\\/alcool-au-volant-un-habitant-du-lot-met-sa-vie-en-lair-et-celle-des-autres\\\/#primaryimage\"},\"image\":{\"@id\":\"https:\\\/\\\/www.accidentdutravail-idf.net\\\/blog\\\/alcool-au-volant-un-habitant-du-lot-met-sa-vie-en-lair-et-celle-des-autres\\\/#primaryimage\"},\"thumbnailUrl\":\"https:\\\/\\\/www.accidentdutravail-idf.net\\\/blog\\\/wp-content\\\/uploads\\\/2024\\\/06\\\/alcool-au-volant-un-habitant-du-lot-met-sa-vie-en-lair-et-celle-des-autres.jpg\",\"datePublished\":\"2024-06-08T08:01:00+00:00\",\"description\":\"Alcool au volant. Un habitant du Lot met sa vie en l'air et celle des autres... article de ACCIDENTDUTRAVAIL-IDF\",\"breadcrumb\":{\"@id\":\"https:\\\/\\\/www.accidentdutravail-idf.net\\\/blog\\\/alcool-au-volant-un-habitant-du-lot-met-sa-vie-en-lair-et-celle-des-autres\\\/#breadcrumb\"},\"inLanguage\":\"fr-FR\",\"potentialAction\":[{\"@type\":\"ReadAction\",\"target\":[\"https:\\\/\\\/www.accidentdutravail-idf.net\\\/blog\\\/alcool-au-volant-un-habitant-du-lot-met-sa-vie-en-lair-et-celle-des-autres\\\/\"]}]},{\"@type\":\"ImageObject\",\"inLanguage\":\"fr-FR\",\"@id\":\"https:\\\/\\\/www.accidentdutravail-idf.net\\\/blog\\\/alcool-au-volant-un-habitant-du-lot-met-sa-vie-en-lair-et-celle-des-autres\\\/#primaryimage\",\"url\":\"https:\\\/\\\/www.accidentdutravail-idf.net\\\/blog\\\/wp-content\\\/uploads\\\/2024\\\/06\\\/alcool-au-volant-un-habitant-du-lot-met-sa-vie-en-lair-et-celle-des-autres.jpg\",\"contentUrl\":\"https:\\\/\\\/www.accidentdutravail-idf.net\\\/blog\\\/wp-content\\\/uploads\\\/2024\\\/06\\\/alcool-au-volant-un-habitant-du-lot-met-sa-vie-en-lair-et-celle-des-autres.jpg\"},{\"@type\":\"BreadcrumbList\",\"@id\":\"https:\\\/\\\/www.accidentdutravail-idf.net\\\/blog\\\/alcool-au-volant-un-habitant-du-lot-met-sa-vie-en-lair-et-celle-des-autres\\\/#breadcrumb\",\"itemListElement\":[{\"@type\":\"ListItem\",\"position\":1,\"name\":\"Accueil\",\"item\":\"https:\\\/\\\/www.accidentdutravail-idf.net\\\/blog\\\/\"},{\"@type\":\"ListItem\",\"position\":2,\"name\":\"Alcool au volant. Un habitant du Lot met sa vie en l&rsquo;air et celle des autres&#8230;\"}]},{\"@type\":\"WebSite\",\"@id\":\"https:\\\/\\\/www.accidentdutravail-idf.net\\\/blog\\\/#website\",\"url\":\"https:\\\/\\\/www.accidentdutravail-idf.net\\\/blog\\\/\",\"name\":\"ACCIDENTDUTRAVAIL-IDF\",\"description\":\"Portail accidents du travail-maladies professionnelles des entreprises d&#039;Ile-de-France\",\"publisher\":{\"@id\":\"https:\\\/\\\/www.accidentdutravail-idf.net\\\/blog\\\/#organization\"},\"potentialAction\":[{\"@type\":\"SearchAction\",\"target\":{\"@type\":\"EntryPoint\",\"urlTemplate\":\"https:\\\/\\\/www.accidentdutravail-idf.net\\\/blog\\\/?s={search_term_string}\"},\"query-input\":{\"@type\":\"PropertyValueSpecification\",\"valueRequired\":true,\"valueName\":\"search_term_string\"}}],\"inLanguage\":\"fr-FR\"},{\"@type\":\"Organization\",\"@id\":\"https:\\\/\\\/www.accidentdutravail-idf.net\\\/blog\\\/#organization\",\"name\":\"accidentdutravail-idf\",\"url\":\"https:\\\/\\\/www.accidentdutravail-idf.net\\\/blog\\\/\",\"logo\":{\"@type\":\"ImageObject\",\"inLanguage\":\"fr-FR\",\"@id\":\"https:\\\/\\\/www.accidentdutravail-idf.net\\\/blog\\\/#\\\/schema\\\/logo\\\/image\\\/\",\"url\":\"https:\\\/\\\/www.accidentdutravail-idf.net\\\/blog\\\/wp-content\\\/uploads\\\/2022\\\/09\\\/logo-2.png\",\"contentUrl\":\"https:\\\/\\\/www.accidentdutravail-idf.net\\\/blog\\\/wp-content\\\/uploads\\\/2022\\\/09\\\/logo-2.png\",\"width\":380,\"height\":291,\"caption\":\"accidentdutravail-idf\"},\"image\":{\"@id\":\"https:\\\/\\\/www.accidentdutravail-idf.net\\\/blog\\\/#\\\/schema\\\/logo\\\/image\\\/\"}},{\"@type\":\"Person\",\"@id\":\"https:\\\/\\\/www.accidentdutravail-idf.net\\\/blog\\\/#\\\/schema\\\/person\\\/3255d2f970de45e64bd9201f38e7b947\",\"name\":\"Carlos Poulain\",\"image\":{\"@type\":\"ImageObject\",\"inLanguage\":\"fr-FR\",\"@id\":\"https:\\\/\\\/secure.gravatar.com\\\/avatar\\\/b1c2f9d3588e34e91adb093635df64ef4b2381991216be7576466cfcdca4baf3?s=96&d=mm&r=g\",\"url\":\"https:\\\/\\\/secure.gravatar.com\\\/avatar\\\/b1c2f9d3588e34e91adb093635df64ef4b2381991216be7576466cfcdca4baf3?s=96&d=mm&r=g\",\"contentUrl\":\"https:\\\/\\\/secure.gravatar.com\\\/avatar\\\/b1c2f9d3588e34e91adb093635df64ef4b2381991216be7576466cfcdca4baf3?s=96&d=mm&r=g\",\"caption\":\"Carlos Poulain\"},\"url\":\"https:\\\/\\\/www.accidentdutravail-idf.net\\\/blog\\\/author\\\/idfcarlos\\\/\"}]}<\/script>\n<!-- \/ Yoast SEO plugin. -->","yoast_head_json":{"title":"Alcool au volant. Un habitant du Lot met sa vie en l'air et celle des autres... - ACCIDENTDUTRAVAIL-IDF","description":"Alcool au volant. Un habitant du Lot met sa vie en l'air et celle des autres... article de ACCIDENTDUTRAVAIL-IDF","robots":{"index":"index","follow":"follow","max-snippet":"max-snippet:-1","max-image-preview":"max-image-preview:large","max-video-preview":"max-video-preview:-1"},"canonical":"https:\/\/www.accidentdutravail-idf.net\/blog\/alcool-au-volant-un-habitant-du-lot-met-sa-vie-en-lair-et-celle-des-autres\/","og_locale":"fr_FR","og_type":"article","og_title":"Alcool au volant. Un habitant du Lot met sa vie en l'air et celle des autres... - ACCIDENTDUTRAVAIL-IDF","og_description":"Alcool au volant. Un habitant du Lot met sa vie en l'air et celle des autres... article de ACCIDENTDUTRAVAIL-IDF","og_url":"https:\/\/www.accidentdutravail-idf.net\/blog\/alcool-au-volant-un-habitant-du-lot-met-sa-vie-en-lair-et-celle-des-autres\/","og_site_name":"ACCIDENTDUTRAVAIL-IDF","article_published_time":"2024-06-08T08:01:00+00:00","og_image":[{"url":"https:\/\/www.accidentdutravail-idf.net\/blog\/wp-content\/uploads\/2024\/06\/alcool-au-volant-un-habitant-du-lot-met-sa-vie-en-lair-et-celle-des-autres.jpg","type":"","width":"","height":""}],"author":"Carlos Poulain","twitter_card":"summary_large_image","twitter_misc":{"\u00c9crit par":"Carlos Poulain","Dur\u00e9e de lecture estim\u00e9e":"8 minutes"},"schema":{"@context":"https:\/\/schema.org","@graph":[{"@type":"Article","@id":"https:\/\/www.accidentdutravail-idf.net\/blog\/alcool-au-volant-un-habitant-du-lot-met-sa-vie-en-lair-et-celle-des-autres\/#article","isPartOf":{"@id":"https:\/\/www.accidentdutravail-idf.net\/blog\/alcool-au-volant-un-habitant-du-lot-met-sa-vie-en-lair-et-celle-des-autres\/"},"author":{"name":"Carlos Poulain","@id":"https:\/\/www.accidentdutravail-idf.net\/blog\/#\/schema\/person\/3255d2f970de45e64bd9201f38e7b947"},"headline":"Alcool au volant. Un habitant du Lot met sa vie en l&rsquo;air et celle des autres&#8230;","datePublished":"2024-06-08T08:01:00+00:00","mainEntityOfPage":{"@id":"https:\/\/www.accidentdutravail-idf.net\/blog\/alcool-au-volant-un-habitant-du-lot-met-sa-vie-en-lair-et-celle-des-autres\/"},"wordCount":1613,"publisher":{"@id":"https:\/\/www.accidentdutravail-idf.net\/blog\/#organization"},"image":{"@id":"https:\/\/www.accidentdutravail-idf.net\/blog\/alcool-au-volant-un-habitant-du-lot-met-sa-vie-en-lair-et-celle-des-autres\/#primaryimage"},"thumbnailUrl":"https:\/\/www.accidentdutravail-idf.net\/blog\/wp-content\/uploads\/2024\/06\/alcool-au-volant-un-habitant-du-lot-met-sa-vie-en-lair-et-celle-des-autres.jpg","articleSection":["S\u00e9curit\u00e9 Du Travail En Ile-De-France Et Divers:"],"inLanguage":"fr-FR"},{"@type":"WebPage","@id":"https:\/\/www.accidentdutravail-idf.net\/blog\/alcool-au-volant-un-habitant-du-lot-met-sa-vie-en-lair-et-celle-des-autres\/","url":"https:\/\/www.accidentdutravail-idf.net\/blog\/alcool-au-volant-un-habitant-du-lot-met-sa-vie-en-lair-et-celle-des-autres\/","name":"Alcool au volant. Un habitant du Lot met sa vie en l'air et celle des autres... - ACCIDENTDUTRAVAIL-IDF","isPartOf":{"@id":"https:\/\/www.accidentdutravail-idf.net\/blog\/#website"},"primaryImageOfPage":{"@id":"https:\/\/www.accidentdutravail-idf.net\/blog\/alcool-au-volant-un-habitant-du-lot-met-sa-vie-en-lair-et-celle-des-autres\/#primaryimage"},"image":{"@id":"https:\/\/www.accidentdutravail-idf.net\/blog\/alcool-au-volant-un-habitant-du-lot-met-sa-vie-en-lair-et-celle-des-autres\/#primaryimage"},"thumbnailUrl":"https:\/\/www.accidentdutravail-idf.net\/blog\/wp-content\/uploads\/2024\/06\/alcool-au-volant-un-habitant-du-lot-met-sa-vie-en-lair-et-celle-des-autres.jpg","datePublished":"2024-06-08T08:01:00+00:00","description":"Alcool au volant. Un habitant du Lot met sa vie en l'air et celle des autres... article de ACCIDENTDUTRAVAIL-IDF","breadcrumb":{"@id":"https:\/\/www.accidentdutravail-idf.net\/blog\/alcool-au-volant-un-habitant-du-lot-met-sa-vie-en-lair-et-celle-des-autres\/#breadcrumb"},"inLanguage":"fr-FR","potentialAction":[{"@type":"ReadAction","target":["https:\/\/www.accidentdutravail-idf.net\/blog\/alcool-au-volant-un-habitant-du-lot-met-sa-vie-en-lair-et-celle-des-autres\/"]}]},{"@type":"ImageObject","inLanguage":"fr-FR","@id":"https:\/\/www.accidentdutravail-idf.net\/blog\/alcool-au-volant-un-habitant-du-lot-met-sa-vie-en-lair-et-celle-des-autres\/#primaryimage","url":"https:\/\/www.accidentdutravail-idf.net\/blog\/wp-content\/uploads\/2024\/06\/alcool-au-volant-un-habitant-du-lot-met-sa-vie-en-lair-et-celle-des-autres.jpg","contentUrl":"https:\/\/www.accidentdutravail-idf.net\/blog\/wp-content\/uploads\/2024\/06\/alcool-au-volant-un-habitant-du-lot-met-sa-vie-en-lair-et-celle-des-autres.jpg"},{"@type":"BreadcrumbList","@id":"https:\/\/www.accidentdutravail-idf.net\/blog\/alcool-au-volant-un-habitant-du-lot-met-sa-vie-en-lair-et-celle-des-autres\/#breadcrumb","itemListElement":[{"@type":"ListItem","position":1,"name":"Accueil","item":"https:\/\/www.accidentdutravail-idf.net\/blog\/"},{"@type":"ListItem","position":2,"name":"Alcool au volant. Un habitant du Lot met sa vie en l&rsquo;air et celle des autres&#8230;"}]},{"@type":"WebSite","@id":"https:\/\/www.accidentdutravail-idf.net\/blog\/#website","url":"https:\/\/www.accidentdutravail-idf.net\/blog\/","name":"ACCIDENTDUTRAVAIL-IDF","description":"Portail accidents du travail-maladies professionnelles des entreprises d&#039;Ile-de-France","publisher":{"@id":"https:\/\/www.accidentdutravail-idf.net\/blog\/#organization"},"potentialAction":[{"@type":"SearchAction","target":{"@type":"EntryPoint","urlTemplate":"https:\/\/www.accidentdutravail-idf.net\/blog\/?s={search_term_string}"},"query-input":{"@type":"PropertyValueSpecification","valueRequired":true,"valueName":"search_term_string"}}],"inLanguage":"fr-FR"},{"@type":"Organization","@id":"https:\/\/www.accidentdutravail-idf.net\/blog\/#organization","name":"accidentdutravail-idf","url":"https:\/\/www.accidentdutravail-idf.net\/blog\/","logo":{"@type":"ImageObject","inLanguage":"fr-FR","@id":"https:\/\/www.accidentdutravail-idf.net\/blog\/#\/schema\/logo\/image\/","url":"https:\/\/www.accidentdutravail-idf.net\/blog\/wp-content\/uploads\/2022\/09\/logo-2.png","contentUrl":"https:\/\/www.accidentdutravail-idf.net\/blog\/wp-content\/uploads\/2022\/09\/logo-2.png","width":380,"height":291,"caption":"accidentdutravail-idf"},"image":{"@id":"https:\/\/www.accidentdutravail-idf.net\/blog\/#\/schema\/logo\/image\/"}},{"@type":"Person","@id":"https:\/\/www.accidentdutravail-idf.net\/blog\/#\/schema\/person\/3255d2f970de45e64bd9201f38e7b947","name":"Carlos Poulain","image":{"@type":"ImageObject","inLanguage":"fr-FR","@id":"https:\/\/secure.gravatar.com\/avatar\/b1c2f9d3588e34e91adb093635df64ef4b2381991216be7576466cfcdca4baf3?s=96&d=mm&r=g","url":"https:\/\/secure.gravatar.com\/avatar\/b1c2f9d3588e34e91adb093635df64ef4b2381991216be7576466cfcdca4baf3?s=96&d=mm&r=g","contentUrl":"https:\/\/secure.gravatar.com\/avatar\/b1c2f9d3588e34e91adb093635df64ef4b2381991216be7576466cfcdca4baf3?s=96&d=mm&r=g","caption":"Carlos Poulain"},"url":"https:\/\/www.accidentdutravail-idf.net\/blog\/author\/idfcarlos\/"}]}},"_links":{"self":[{"href":"https:\/\/www.accidentdutravail-idf.net\/blog\/wp-json\/wp\/v2\/posts\/438","targetHints":{"allow":["GET"]}}],"collection":[{"href":"https:\/\/www.accidentdutravail-idf.net\/blog\/wp-json\/wp\/v2\/posts"}],"about":[{"href":"https:\/\/www.accidentdutravail-idf.net\/blog\/wp-json\/wp\/v2\/types\/post"}],"author":[{"embeddable":true,"href":"https:\/\/www.accidentdutravail-idf.net\/blog\/wp-json\/wp\/v2\/users\/2"}],"replies":[{"embeddable":true,"href":"https:\/\/www.accidentdutravail-idf.net\/blog\/wp-json\/wp\/v2\/comments?post=438"}],"version-history":[{"count":0,"href":"https:\/\/www.accidentdutravail-idf.net\/blog\/wp-json\/wp\/v2\/posts\/438\/revisions"}],"wp:attachment":[{"href":"https:\/\/www.accidentdutravail-idf.net\/blog\/wp-json\/wp\/v2\/media?parent=438"}],"wp:term":[{"taxonomy":"category","embeddable":true,"href":"https:\/\/www.accidentdutravail-idf.net\/blog\/wp-json\/wp\/v2\/categories?post=438"},{"taxonomy":"post_tag","embeddable":true,"href":"https:\/\/www.accidentdutravail-idf.net\/blog\/wp-json\/wp\/v2\/tags?post=438"}],"curies":[{"name":"wp","href":"https:\/\/api.w.org\/{rel}","templated":true}]}}