{"id":417,"date":"2024-06-03T19:00:00","date_gmt":"2024-06-03T17:00:00","guid":{"rendered":"https:\/\/www.accidentdutravail-idf.net\/blog\/prevention-encore-trop-daccidents-du-travail-graves-et-mortels\/"},"modified":"2024-06-03T19:00:00","modified_gmt":"2024-06-03T17:00:00","slug":"prevention-encore-trop-daccidents-du-travail-graves-et-mortels","status":"publish","type":"post","link":"https:\/\/www.accidentdutravail-idf.net\/blog\/prevention-encore-trop-daccidents-du-travail-graves-et-mortels\/","title":{"rendered":"Pr\u00e9vention : encore trop d\u2019accidents du travail graves et mortels"},"content":{"rendered":"<div><img decoding=\"async\" src=\"https:\/\/www.accidentdutravail-idf.net\/blog\/wp-content\/uploads\/2024\/06\/prevention-encore-trop-daccidents-du-travail-graves-et-mortels.jpg\" class=\"ff-og-image-inserted\"><\/div>\n<div class=\"font-bold max-w-max mb-8 prose prose-lg text-color-default relative z-[3]\">\n<p>Catherine Vautrin, ministre du Travail, en appelle \u00e0 une extr\u00eame vigilance, celle des entreprises, des ma\u00eetres d\u2019ouvrage et des donneurs d\u2019ordre. Elle enrichit de 11 nouvelles mesures le plan pour la pr\u00e9vention des accidents du travail graves et mortels lanc\u00e9 il y a 2 ans.<\/p>\n<\/div>\n<h2 data-id=\"sante-et-securite-au-travail-btp-une-obligation-legale-pour-les-employeurs\" data-title=\"Sant\u00e9 et s\u00e9curit\u00e9 au travail BTP : une obligation l\u00e9gale pour les employeurs\" data-level=\"2\" class=\"font-bold text-color-default group text-lg sm:text-xl md:text-2xl lg:text-3xl leading-h4 lg:leading-h2 pt-0 mb-8\">Sant\u00e9 et s\u00e9curit\u00e9 au travail BTP : une obligation l\u00e9gale pour les employeurs<\/h2>\n<div class=\"prose max-w-max text-color-3 mb-8 prose-lg\">\n<p>Le rappel des r\u00e8gles dans ce domaine est certainement redondant, n\u00e9anmoins il est important de vous rappeler que vous devez respecter votre obligation de sant\u00e9 s\u00e9curit\u00e9 au travail.<\/p>\n<p>Vos responsabilit\u00e9s civile et p\u00e9nale peuvent \u00eatre engag\u00e9es.<\/p>\n<p>Conform\u00e9ment aux principes g\u00e9n\u00e9raux de pr\u00e9vention, vous devez prendre les mesures n\u00e9cessaires pour assurer la s\u00e9curit\u00e9 et prot\u00e9ger la sant\u00e9 physique et mentale de vos travailleurs. Ces mesures comprennent :<\/p>\n<ul>\n<li>des actions de pr\u00e9vention des risques professionnels, y compris ceux mentionn\u00e9s \u00e0 l&rsquo;article <a href=\"https:\/\/www.editions-tissot.fr\/code-du-travail\/code-du-travail-mcg.aspx?article=MCAL.4161-1\" target=\"_blank\" rel=\"noreferrer noopener nofollow\"><span><strong>L. 4161-1<\/strong><\/span><\/a> ;<\/li>\n<li>des actions d&rsquo;information et de formation ;<\/li>\n<li>la mise en place d&rsquo;une organisation et de moyens adapt\u00e9s.<\/li>\n<\/ul>\n<p>Vous devez veiller \u00e0 l&rsquo;adaptation de ces mesures pour tenir compte du changement des circonstances et tendre \u00e0 l&rsquo;am\u00e9lioration des situations existantes.<\/p>\n<p>M\u00eame si le rendement vous murmure \u00e0 l\u2019oreille qu\u2019il faut faire vite, toujours plus vite ou que votre salari\u00e9 ne prend pas soin de sa sant\u00e9-s\u00e9curit\u00e9 parce qu\u2019il pense que les EPI ne servent \u00e0 rien, vous devez garder \u00e0 l\u2019esprit que l\u2019accident peut vite arriver lui aussi.<\/p>\n<p>Et lorsque le drame est l\u00e0, il est trop tard pour se dire \u00ab si j\u2019avais su\u2026 \u00bb<\/p>\n<\/div>\n<div class=\"relative z-[3] flex flex-col items-start px-2 pb-9 lg:px-9\">\n<div class=\"before:bg-mea-note before:absolute before:h-full before:left-0 before:top-0 before:w-[3px] relative shadow-custom-lg flex flex-row items-start overflow-hidden rounded-2xl bg-white\">\n<div class=\"flex w-full flex-col items-start p-6 lg:px-10 lg:py-6\">\n<h2 class=\"mb-2.5 flex flex-row items-center text-lg font-bold text-mea-note\">Notez le<\/h2>\n<div class=\"mea-content prose max-w-max text-lg text-color-3\">\n<p>Vous devez remettre au ma\u00eetre d&rsquo;ouvrage un plan particulier de s\u00e9curit\u00e9 et de protection de la sant\u00e9 lorsque vos travaux sont pr\u00e9vus pour une dur\u00e9e sup\u00e9rieure \u00e0 un an et que vous emploierez, \u00e0 un moment quelconque des travaux, plus de 50 salari\u00e9s pendant plus de 10 jours ouvr\u00e9s cons\u00e9cutifs.<\/p>\n<\/div>\n<\/div>\n<\/div>\n<\/div>\n<div class=\"prose max-w-max text-color-3 mb-8 prose-lg\">\n<p>Vous avez \u00e9galement le pouvoir de sanctionner votre salari\u00e9 s\u2019il ne prend pas soin de sa sant\u00e9, ou ne veille pas \u00e0 sa s\u00e9curit\u00e9 et celles des autres personnes pr\u00e9sentes sur le lieu de travail. <\/p>\n<p>Il doit respecter les instructions et consignes fix\u00e9es par vous-m\u00eame. <\/p>\n<p>La sanction peut aller jusqu\u2019au licenciement.<\/p>\n<\/div>\n<h2 data-id=\"sante-et-securite-au-travail-btp-les-11-nouvelles-mesures-du-plan-pour-la-prevention-des-accidents-du-travail-graves-et-mortels\" data-title=\"Sant\u00e9 et s\u00e9curit\u00e9 au travail BTP : les 11 nouvelles mesures du plan pour la pr\u00e9vention des accidents du travail graves et mortels\" data-level=\"2\" class=\"font-bold text-color-default group text-lg sm:text-xl md:text-2xl lg:text-3xl leading-h4 lg:leading-h2 pt-0 mb-8\">Sant\u00e9 et s\u00e9curit\u00e9 au travail BTP : les 11 nouvelles mesures du plan pour la pr\u00e9vention des accidents du travail graves et mortels<\/h2>\n<div class=\"prose max-w-max text-color-3 mb-8 prose-lg\">\n<p>Les nouvelles mesures du plan pour la pr\u00e9vention des accidents du travail graves et mortels (plan ATGM) portent essentiellement sur le renforcement des actions de pr\u00e9vention des risques professionnels tels que l\u2019exposition aux fortes chaleurs ou les malaises mortels au travail, les int\u00e9rimaires et la sensibilisation des jeunes en formation.<\/p>\n<p>Elles sont pr\u00e9sent\u00e9es ainsi dans le plan, \u00e0 savoir :<\/p>\n<ul>\n<li>mieux informer et outiller le r\u00e9seau acad\u00e9mique professionnel et les personnels en \u00e9tablissement sur les enjeux de la sant\u00e9 et s\u00e9curit\u00e9 au travail des jeunes en formation professionnelle ;<\/li>\n<li>d\u00e9velopper les interventions du syst\u00e8me d\u2019inspection du travail sur la sant\u00e9 et s\u00e9curit\u00e9 au travail aupr\u00e8s des jeunes en formation professionnelle ;<\/li>\n<li>renforcer la mobilisation de la branche de l\u2019int\u00e9rim en faveur de la sant\u00e9 et de la s\u00e9curit\u00e9 des travailleurs int\u00e9rimaires ;<\/li>\n<li>mieux mobiliser les services de pr\u00e9vention et de sant\u00e9 au travail dans l\u2019accompagnement des entreprises pour la r\u00e9alisation et l\u2019actualisation du document unique d\u2019\u00e9valuation des risques professionnels (DUERP) ;<\/li>\n<li>approfondir la connaissance sur les malaises au travail pour mieux les pr\u00e9venir ;<\/li>\n<li>mieux pr\u00e9venir les accidents du travail en lien avec les vagues de chaleur. Cet engagement est compos\u00e9 de 3 mesures qui ont pour objectif :\n<ol>\n<li>d\u2019am\u00e9liorer la connaissance des cons\u00e9quences des vagues de chaleur sur la sant\u00e9 des travailleurs,<\/li>\n<li>de renforcer la pr\u00e9vention des risques li\u00e9s aux vagues de chaleur,<\/li>\n<li>de poursuivre l\u2019accompagnement des entreprises dans la prise en compte des risques li\u00e9s aux vagues de chaleur ;<\/li>\n<\/ol>\n<\/li>\n<li>d\u00e9terminer des indicateurs communs sur la sinistralit\u00e9 au travail pour mieux communiquer sur les chiffres des accidents du travail graves et mortels ;<\/li>\n<li>mieux outiller le syst\u00e8me d\u2019inspection du travail en mati\u00e8re d\u2019information des victimes d\u2019accidents du travail graves et mortels et de leur famille ;<\/li>\n<li>mieux informer sur les d\u00e9marches \u00e0 entreprendre en cas d\u2019accident du travail, notamment mortel, et sur les dispositifs d\u2019accompagnement des victimes, de leur famille et du collectif de travail.<\/li>\n<\/ul>\n<\/div>\n<h2 data-id=\"sante-et-securite-au-travail-btp-le-bilan-dresse-a-mi-parcours-du-plan-atgm\" data-title=\"Sant\u00e9 et s\u00e9curit\u00e9 au travail BTP : le bilan dress\u00e9 \u00e0 mi-parcours du plan ATGM\" data-level=\"2\" class=\"font-bold text-color-default group text-lg sm:text-xl md:text-2xl lg:text-3xl leading-h4 lg:leading-h2 pt-0 mb-8\">Sant\u00e9 et s\u00e9curit\u00e9 au travail BTP : le bilan dress\u00e9 \u00e0 mi-parcours du plan ATGM<\/h2>\n<div class=\"prose max-w-max text-color-3 mb-8 prose-lg\">\n<p>Depuis sa mise en place il y a deux ans, la ministre en dresse le bilan et note l\u2019engagement des acteurs de la formation professionnelle qui a permis une meilleure int\u00e9gration de la sant\u00e9 et de la s\u00e9curit\u00e9 au travail dans les parcours de formation initiale.<\/p>\n<p>Elle rappelle que les diff\u00e9rentes campagnes men\u00e9es telles que celle sur la pr\u00e9vention nationale multilingue \u00e0 destination des travailleurs allophones, d\u00e9tach\u00e9s et saisonniers et celle sur la communication nationale des ATGM, lanc\u00e9e en 2023, ont permis de sensibiliser le grand public et les acteurs de vos entreprises ayant engendr\u00e9 de multiples actions dans le cadre des plans r\u00e9gionaux de sant\u00e9 au travail.<\/p>\n<p><em><br \/>Communiqu\u00e9 de presse de Catherine Vautrin, ministre du Travail, \u00ab Plan pour la pr\u00e9vention des accidents graves et mortels : 11 nouvelles mesures \u00bb, 29 avril 2024<\/em><\/p>\n<\/div>\n<p>accidentdutravail-idf.net vous a pr\u00e9par\u00e9 ce post qui informe du sujet \u00ab\u00a0Association Sportive Huisson-Longueville Essonne\u00a0\u00bb. La chronique se veut g\u00e9n\u00e9r\u00e9e du mieux possible. Vous pouvez utiliser les coordonn\u00e9es indiqu\u00e9es sur le site dans le but d\u2019apporter des explications sur ce post qui parle du th\u00e8me \u00ab\u00a0Association Sportive Huisson-Longueville Essonne\u00a0\u00bb. Le site accidentdutravail-idf.net a pour but de fournir diverses publications sur la th\u00e9matique Association Sportive Huisson-Longueville Essonne diffus\u00e9es sur le net. Il y aura plusieurs articles autour du sujet \u00ab\u00a0Association Sportive Huisson-Longueville Essonne\u00a0\u00bb dans quelques jours, nous vous invitons \u00e0 naviguer sur notre site web \u00e0 plusieurs reprises.<\/p>\n","protected":false},"excerpt":{"rendered":"<p>Catherine Vautrin, ministre du Travail, en appelle \u00e0 une extr\u00eame vigilance, celle des entreprises, des ma\u00eetres d\u2019ouvrage et des donneurs d\u2019ordre. Elle enrichit de 11 nouvelles mesures le plan pour la pr\u00e9vention des accidents du travail graves et mortels lanc\u00e9 il y a 2 ans. Sant\u00e9 et s\u00e9curit\u00e9 au travail BTP : une obligation l\u00e9gale &hellip; <\/p>\n<p class=\"link-more\"><a href=\"https:\/\/www.accidentdutravail-idf.net\/blog\/prevention-encore-trop-daccidents-du-travail-graves-et-mortels\/\" class=\"more-link\">Continuer la lecture <span class=\"screen-reader-text\"> \u00ab\u00a0Pr\u00e9vention : encore trop d\u2019accidents du travail graves et mortels\u00a0\u00bb<\/span><\/a><\/p>\n","protected":false},"author":2,"featured_media":0,"comment_status":"closed","ping_status":"closed","sticky":false,"template":"","format":"standard","meta":{"footnotes":""},"categories":[5],"tags":[],"class_list":["post-417","post","type-post","status-publish","format-standard","hentry","category-securite-du-travail-en-ile-de-france-et-divers","entry"],"yoast_head":"<!-- This site is optimized with the Yoast SEO plugin v27.5 - https:\/\/yoast.com\/product\/yoast-seo-wordpress\/ -->\n<title>Pr\u00e9vention : encore trop d\u2019accidents du travail graves et mortels - ACCIDENTDUTRAVAIL-IDF<\/title>\n<meta name=\"description\" content=\"Pr\u00e9vention : encore trop d\u2019accidents du travail graves et mortels article de ACCIDENTDUTRAVAIL-IDF\" \/>\n<meta name=\"robots\" content=\"index, follow, max-snippet:-1, max-image-preview:large, max-video-preview:-1\" \/>\n<link rel=\"canonical\" href=\"https:\/\/www.accidentdutravail-idf.net\/blog\/prevention-encore-trop-daccidents-du-travail-graves-et-mortels\/\" \/>\n<meta property=\"og:locale\" content=\"fr_FR\" \/>\n<meta property=\"og:type\" content=\"article\" \/>\n<meta property=\"og:title\" content=\"Pr\u00e9vention : encore trop d\u2019accidents du travail graves et mortels - ACCIDENTDUTRAVAIL-IDF\" \/>\n<meta property=\"og:description\" content=\"Pr\u00e9vention : encore trop d\u2019accidents du travail graves et mortels article de ACCIDENTDUTRAVAIL-IDF\" \/>\n<meta property=\"og:url\" content=\"https:\/\/www.accidentdutravail-idf.net\/blog\/prevention-encore-trop-daccidents-du-travail-graves-et-mortels\/\" \/>\n<meta property=\"og:site_name\" content=\"ACCIDENTDUTRAVAIL-IDF\" \/>\n<meta property=\"article:published_time\" content=\"2024-06-03T17:00:00+00:00\" \/>\n<meta property=\"og:image\" content=\"https:\/\/www.accidentdutravail-idf.net\/blog\/wp-content\/uploads\/2024\/06\/prevention-encore-trop-daccidents-du-travail-graves-et-mortels.jpg\" \/>\n<meta name=\"author\" content=\"Carlos Poulain\" \/>\n<meta name=\"twitter:card\" content=\"summary_large_image\" \/>\n<meta name=\"twitter:label1\" content=\"\u00c9crit par\" \/>\n\t<meta name=\"twitter:data1\" content=\"Carlos Poulain\" \/>\n\t<meta name=\"twitter:label2\" content=\"Dur\u00e9e de lecture estim\u00e9e\" \/>\n\t<meta name=\"twitter:data2\" content=\"5 minutes\" \/>\n<script type=\"application\/ld+json\" class=\"yoast-schema-graph\">{\"@context\":\"https:\\\/\\\/schema.org\",\"@graph\":[{\"@type\":\"Article\",\"@id\":\"https:\\\/\\\/www.accidentdutravail-idf.net\\\/blog\\\/prevention-encore-trop-daccidents-du-travail-graves-et-mortels\\\/#article\",\"isPartOf\":{\"@id\":\"https:\\\/\\\/www.accidentdutravail-idf.net\\\/blog\\\/prevention-encore-trop-daccidents-du-travail-graves-et-mortels\\\/\"},\"author\":{\"name\":\"Carlos Poulain\",\"@id\":\"https:\\\/\\\/www.accidentdutravail-idf.net\\\/blog\\\/#\\\/schema\\\/person\\\/3255d2f970de45e64bd9201f38e7b947\"},\"headline\":\"Pr\u00e9vention : encore trop d\u2019accidents du travail graves et mortels\",\"datePublished\":\"2024-06-03T17:00:00+00:00\",\"mainEntityOfPage\":{\"@id\":\"https:\\\/\\\/www.accidentdutravail-idf.net\\\/blog\\\/prevention-encore-trop-daccidents-du-travail-graves-et-mortels\\\/\"},\"wordCount\":1012,\"publisher\":{\"@id\":\"https:\\\/\\\/www.accidentdutravail-idf.net\\\/blog\\\/#organization\"},\"image\":{\"@id\":\"https:\\\/\\\/www.accidentdutravail-idf.net\\\/blog\\\/prevention-encore-trop-daccidents-du-travail-graves-et-mortels\\\/#primaryimage\"},\"thumbnailUrl\":\"https:\\\/\\\/www.accidentdutravail-idf.net\\\/blog\\\/wp-content\\\/uploads\\\/2024\\\/06\\\/prevention-encore-trop-daccidents-du-travail-graves-et-mortels.jpg\",\"articleSection\":[\"S\u00e9curit\u00e9 Du Travail En Ile-De-France Et Divers:\"],\"inLanguage\":\"fr-FR\"},{\"@type\":\"WebPage\",\"@id\":\"https:\\\/\\\/www.accidentdutravail-idf.net\\\/blog\\\/prevention-encore-trop-daccidents-du-travail-graves-et-mortels\\\/\",\"url\":\"https:\\\/\\\/www.accidentdutravail-idf.net\\\/blog\\\/prevention-encore-trop-daccidents-du-travail-graves-et-mortels\\\/\",\"name\":\"Pr\u00e9vention : encore trop d\u2019accidents du travail graves et mortels - ACCIDENTDUTRAVAIL-IDF\",\"isPartOf\":{\"@id\":\"https:\\\/\\\/www.accidentdutravail-idf.net\\\/blog\\\/#website\"},\"primaryImageOfPage\":{\"@id\":\"https:\\\/\\\/www.accidentdutravail-idf.net\\\/blog\\\/prevention-encore-trop-daccidents-du-travail-graves-et-mortels\\\/#primaryimage\"},\"image\":{\"@id\":\"https:\\\/\\\/www.accidentdutravail-idf.net\\\/blog\\\/prevention-encore-trop-daccidents-du-travail-graves-et-mortels\\\/#primaryimage\"},\"thumbnailUrl\":\"https:\\\/\\\/www.accidentdutravail-idf.net\\\/blog\\\/wp-content\\\/uploads\\\/2024\\\/06\\\/prevention-encore-trop-daccidents-du-travail-graves-et-mortels.jpg\",\"datePublished\":\"2024-06-03T17:00:00+00:00\",\"description\":\"Pr\u00e9vention : encore trop d\u2019accidents du travail graves et mortels article de ACCIDENTDUTRAVAIL-IDF\",\"breadcrumb\":{\"@id\":\"https:\\\/\\\/www.accidentdutravail-idf.net\\\/blog\\\/prevention-encore-trop-daccidents-du-travail-graves-et-mortels\\\/#breadcrumb\"},\"inLanguage\":\"fr-FR\",\"potentialAction\":[{\"@type\":\"ReadAction\",\"target\":[\"https:\\\/\\\/www.accidentdutravail-idf.net\\\/blog\\\/prevention-encore-trop-daccidents-du-travail-graves-et-mortels\\\/\"]}]},{\"@type\":\"ImageObject\",\"inLanguage\":\"fr-FR\",\"@id\":\"https:\\\/\\\/www.accidentdutravail-idf.net\\\/blog\\\/prevention-encore-trop-daccidents-du-travail-graves-et-mortels\\\/#primaryimage\",\"url\":\"https:\\\/\\\/www.accidentdutravail-idf.net\\\/blog\\\/wp-content\\\/uploads\\\/2024\\\/06\\\/prevention-encore-trop-daccidents-du-travail-graves-et-mortels.jpg\",\"contentUrl\":\"https:\\\/\\\/www.accidentdutravail-idf.net\\\/blog\\\/wp-content\\\/uploads\\\/2024\\\/06\\\/prevention-encore-trop-daccidents-du-travail-graves-et-mortels.jpg\"},{\"@type\":\"BreadcrumbList\",\"@id\":\"https:\\\/\\\/www.accidentdutravail-idf.net\\\/blog\\\/prevention-encore-trop-daccidents-du-travail-graves-et-mortels\\\/#breadcrumb\",\"itemListElement\":[{\"@type\":\"ListItem\",\"position\":1,\"name\":\"Accueil\",\"item\":\"https:\\\/\\\/www.accidentdutravail-idf.net\\\/blog\\\/\"},{\"@type\":\"ListItem\",\"position\":2,\"name\":\"Pr\u00e9vention : encore trop d\u2019accidents du travail graves et mortels\"}]},{\"@type\":\"WebSite\",\"@id\":\"https:\\\/\\\/www.accidentdutravail-idf.net\\\/blog\\\/#website\",\"url\":\"https:\\\/\\\/www.accidentdutravail-idf.net\\\/blog\\\/\",\"name\":\"ACCIDENTDUTRAVAIL-IDF\",\"description\":\"Portail accidents du travail-maladies professionnelles des entreprises d&#039;Ile-de-France\",\"publisher\":{\"@id\":\"https:\\\/\\\/www.accidentdutravail-idf.net\\\/blog\\\/#organization\"},\"potentialAction\":[{\"@type\":\"SearchAction\",\"target\":{\"@type\":\"EntryPoint\",\"urlTemplate\":\"https:\\\/\\\/www.accidentdutravail-idf.net\\\/blog\\\/?s={search_term_string}\"},\"query-input\":{\"@type\":\"PropertyValueSpecification\",\"valueRequired\":true,\"valueName\":\"search_term_string\"}}],\"inLanguage\":\"fr-FR\"},{\"@type\":\"Organization\",\"@id\":\"https:\\\/\\\/www.accidentdutravail-idf.net\\\/blog\\\/#organization\",\"name\":\"accidentdutravail-idf\",\"url\":\"https:\\\/\\\/www.accidentdutravail-idf.net\\\/blog\\\/\",\"logo\":{\"@type\":\"ImageObject\",\"inLanguage\":\"fr-FR\",\"@id\":\"https:\\\/\\\/www.accidentdutravail-idf.net\\\/blog\\\/#\\\/schema\\\/logo\\\/image\\\/\",\"url\":\"https:\\\/\\\/www.accidentdutravail-idf.net\\\/blog\\\/wp-content\\\/uploads\\\/2022\\\/09\\\/logo-2.png\",\"contentUrl\":\"https:\\\/\\\/www.accidentdutravail-idf.net\\\/blog\\\/wp-content\\\/uploads\\\/2022\\\/09\\\/logo-2.png\",\"width\":380,\"height\":291,\"caption\":\"accidentdutravail-idf\"},\"image\":{\"@id\":\"https:\\\/\\\/www.accidentdutravail-idf.net\\\/blog\\\/#\\\/schema\\\/logo\\\/image\\\/\"}},{\"@type\":\"Person\",\"@id\":\"https:\\\/\\\/www.accidentdutravail-idf.net\\\/blog\\\/#\\\/schema\\\/person\\\/3255d2f970de45e64bd9201f38e7b947\",\"name\":\"Carlos Poulain\",\"image\":{\"@type\":\"ImageObject\",\"inLanguage\":\"fr-FR\",\"@id\":\"https:\\\/\\\/secure.gravatar.com\\\/avatar\\\/b1c2f9d3588e34e91adb093635df64ef4b2381991216be7576466cfcdca4baf3?s=96&d=mm&r=g\",\"url\":\"https:\\\/\\\/secure.gravatar.com\\\/avatar\\\/b1c2f9d3588e34e91adb093635df64ef4b2381991216be7576466cfcdca4baf3?s=96&d=mm&r=g\",\"contentUrl\":\"https:\\\/\\\/secure.gravatar.com\\\/avatar\\\/b1c2f9d3588e34e91adb093635df64ef4b2381991216be7576466cfcdca4baf3?s=96&d=mm&r=g\",\"caption\":\"Carlos Poulain\"},\"url\":\"https:\\\/\\\/www.accidentdutravail-idf.net\\\/blog\\\/author\\\/idfcarlos\\\/\"}]}<\/script>\n<!-- \/ Yoast SEO plugin. -->","yoast_head_json":{"title":"Pr\u00e9vention : encore trop d\u2019accidents du travail graves et mortels - ACCIDENTDUTRAVAIL-IDF","description":"Pr\u00e9vention : encore trop d\u2019accidents du travail graves et mortels article de ACCIDENTDUTRAVAIL-IDF","robots":{"index":"index","follow":"follow","max-snippet":"max-snippet:-1","max-image-preview":"max-image-preview:large","max-video-preview":"max-video-preview:-1"},"canonical":"https:\/\/www.accidentdutravail-idf.net\/blog\/prevention-encore-trop-daccidents-du-travail-graves-et-mortels\/","og_locale":"fr_FR","og_type":"article","og_title":"Pr\u00e9vention : encore trop d\u2019accidents du travail graves et mortels - ACCIDENTDUTRAVAIL-IDF","og_description":"Pr\u00e9vention : encore trop d\u2019accidents du travail graves et mortels article de ACCIDENTDUTRAVAIL-IDF","og_url":"https:\/\/www.accidentdutravail-idf.net\/blog\/prevention-encore-trop-daccidents-du-travail-graves-et-mortels\/","og_site_name":"ACCIDENTDUTRAVAIL-IDF","article_published_time":"2024-06-03T17:00:00+00:00","og_image":[{"url":"https:\/\/www.accidentdutravail-idf.net\/blog\/wp-content\/uploads\/2024\/06\/prevention-encore-trop-daccidents-du-travail-graves-et-mortels.jpg","type":"","width":"","height":""}],"author":"Carlos Poulain","twitter_card":"summary_large_image","twitter_misc":{"\u00c9crit par":"Carlos Poulain","Dur\u00e9e de lecture estim\u00e9e":"5 minutes"},"schema":{"@context":"https:\/\/schema.org","@graph":[{"@type":"Article","@id":"https:\/\/www.accidentdutravail-idf.net\/blog\/prevention-encore-trop-daccidents-du-travail-graves-et-mortels\/#article","isPartOf":{"@id":"https:\/\/www.accidentdutravail-idf.net\/blog\/prevention-encore-trop-daccidents-du-travail-graves-et-mortels\/"},"author":{"name":"Carlos Poulain","@id":"https:\/\/www.accidentdutravail-idf.net\/blog\/#\/schema\/person\/3255d2f970de45e64bd9201f38e7b947"},"headline":"Pr\u00e9vention : encore trop d\u2019accidents du travail graves et mortels","datePublished":"2024-06-03T17:00:00+00:00","mainEntityOfPage":{"@id":"https:\/\/www.accidentdutravail-idf.net\/blog\/prevention-encore-trop-daccidents-du-travail-graves-et-mortels\/"},"wordCount":1012,"publisher":{"@id":"https:\/\/www.accidentdutravail-idf.net\/blog\/#organization"},"image":{"@id":"https:\/\/www.accidentdutravail-idf.net\/blog\/prevention-encore-trop-daccidents-du-travail-graves-et-mortels\/#primaryimage"},"thumbnailUrl":"https:\/\/www.accidentdutravail-idf.net\/blog\/wp-content\/uploads\/2024\/06\/prevention-encore-trop-daccidents-du-travail-graves-et-mortels.jpg","articleSection":["S\u00e9curit\u00e9 Du Travail En Ile-De-France Et Divers:"],"inLanguage":"fr-FR"},{"@type":"WebPage","@id":"https:\/\/www.accidentdutravail-idf.net\/blog\/prevention-encore-trop-daccidents-du-travail-graves-et-mortels\/","url":"https:\/\/www.accidentdutravail-idf.net\/blog\/prevention-encore-trop-daccidents-du-travail-graves-et-mortels\/","name":"Pr\u00e9vention : encore trop d\u2019accidents du travail graves et mortels - ACCIDENTDUTRAVAIL-IDF","isPartOf":{"@id":"https:\/\/www.accidentdutravail-idf.net\/blog\/#website"},"primaryImageOfPage":{"@id":"https:\/\/www.accidentdutravail-idf.net\/blog\/prevention-encore-trop-daccidents-du-travail-graves-et-mortels\/#primaryimage"},"image":{"@id":"https:\/\/www.accidentdutravail-idf.net\/blog\/prevention-encore-trop-daccidents-du-travail-graves-et-mortels\/#primaryimage"},"thumbnailUrl":"https:\/\/www.accidentdutravail-idf.net\/blog\/wp-content\/uploads\/2024\/06\/prevention-encore-trop-daccidents-du-travail-graves-et-mortels.jpg","datePublished":"2024-06-03T17:00:00+00:00","description":"Pr\u00e9vention : encore trop d\u2019accidents du travail graves et mortels article de ACCIDENTDUTRAVAIL-IDF","breadcrumb":{"@id":"https:\/\/www.accidentdutravail-idf.net\/blog\/prevention-encore-trop-daccidents-du-travail-graves-et-mortels\/#breadcrumb"},"inLanguage":"fr-FR","potentialAction":[{"@type":"ReadAction","target":["https:\/\/www.accidentdutravail-idf.net\/blog\/prevention-encore-trop-daccidents-du-travail-graves-et-mortels\/"]}]},{"@type":"ImageObject","inLanguage":"fr-FR","@id":"https:\/\/www.accidentdutravail-idf.net\/blog\/prevention-encore-trop-daccidents-du-travail-graves-et-mortels\/#primaryimage","url":"https:\/\/www.accidentdutravail-idf.net\/blog\/wp-content\/uploads\/2024\/06\/prevention-encore-trop-daccidents-du-travail-graves-et-mortels.jpg","contentUrl":"https:\/\/www.accidentdutravail-idf.net\/blog\/wp-content\/uploads\/2024\/06\/prevention-encore-trop-daccidents-du-travail-graves-et-mortels.jpg"},{"@type":"BreadcrumbList","@id":"https:\/\/www.accidentdutravail-idf.net\/blog\/prevention-encore-trop-daccidents-du-travail-graves-et-mortels\/#breadcrumb","itemListElement":[{"@type":"ListItem","position":1,"name":"Accueil","item":"https:\/\/www.accidentdutravail-idf.net\/blog\/"},{"@type":"ListItem","position":2,"name":"Pr\u00e9vention : encore trop d\u2019accidents du travail graves et mortels"}]},{"@type":"WebSite","@id":"https:\/\/www.accidentdutravail-idf.net\/blog\/#website","url":"https:\/\/www.accidentdutravail-idf.net\/blog\/","name":"ACCIDENTDUTRAVAIL-IDF","description":"Portail accidents du travail-maladies professionnelles des entreprises d&#039;Ile-de-France","publisher":{"@id":"https:\/\/www.accidentdutravail-idf.net\/blog\/#organization"},"potentialAction":[{"@type":"SearchAction","target":{"@type":"EntryPoint","urlTemplate":"https:\/\/www.accidentdutravail-idf.net\/blog\/?s={search_term_string}"},"query-input":{"@type":"PropertyValueSpecification","valueRequired":true,"valueName":"search_term_string"}}],"inLanguage":"fr-FR"},{"@type":"Organization","@id":"https:\/\/www.accidentdutravail-idf.net\/blog\/#organization","name":"accidentdutravail-idf","url":"https:\/\/www.accidentdutravail-idf.net\/blog\/","logo":{"@type":"ImageObject","inLanguage":"fr-FR","@id":"https:\/\/www.accidentdutravail-idf.net\/blog\/#\/schema\/logo\/image\/","url":"https:\/\/www.accidentdutravail-idf.net\/blog\/wp-content\/uploads\/2022\/09\/logo-2.png","contentUrl":"https:\/\/www.accidentdutravail-idf.net\/blog\/wp-content\/uploads\/2022\/09\/logo-2.png","width":380,"height":291,"caption":"accidentdutravail-idf"},"image":{"@id":"https:\/\/www.accidentdutravail-idf.net\/blog\/#\/schema\/logo\/image\/"}},{"@type":"Person","@id":"https:\/\/www.accidentdutravail-idf.net\/blog\/#\/schema\/person\/3255d2f970de45e64bd9201f38e7b947","name":"Carlos Poulain","image":{"@type":"ImageObject","inLanguage":"fr-FR","@id":"https:\/\/secure.gravatar.com\/avatar\/b1c2f9d3588e34e91adb093635df64ef4b2381991216be7576466cfcdca4baf3?s=96&d=mm&r=g","url":"https:\/\/secure.gravatar.com\/avatar\/b1c2f9d3588e34e91adb093635df64ef4b2381991216be7576466cfcdca4baf3?s=96&d=mm&r=g","contentUrl":"https:\/\/secure.gravatar.com\/avatar\/b1c2f9d3588e34e91adb093635df64ef4b2381991216be7576466cfcdca4baf3?s=96&d=mm&r=g","caption":"Carlos Poulain"},"url":"https:\/\/www.accidentdutravail-idf.net\/blog\/author\/idfcarlos\/"}]}},"_links":{"self":[{"href":"https:\/\/www.accidentdutravail-idf.net\/blog\/wp-json\/wp\/v2\/posts\/417","targetHints":{"allow":["GET"]}}],"collection":[{"href":"https:\/\/www.accidentdutravail-idf.net\/blog\/wp-json\/wp\/v2\/posts"}],"about":[{"href":"https:\/\/www.accidentdutravail-idf.net\/blog\/wp-json\/wp\/v2\/types\/post"}],"author":[{"embeddable":true,"href":"https:\/\/www.accidentdutravail-idf.net\/blog\/wp-json\/wp\/v2\/users\/2"}],"replies":[{"embeddable":true,"href":"https:\/\/www.accidentdutravail-idf.net\/blog\/wp-json\/wp\/v2\/comments?post=417"}],"version-history":[{"count":0,"href":"https:\/\/www.accidentdutravail-idf.net\/blog\/wp-json\/wp\/v2\/posts\/417\/revisions"}],"wp:attachment":[{"href":"https:\/\/www.accidentdutravail-idf.net\/blog\/wp-json\/wp\/v2\/media?parent=417"}],"wp:term":[{"taxonomy":"category","embeddable":true,"href":"https:\/\/www.accidentdutravail-idf.net\/blog\/wp-json\/wp\/v2\/categories?post=417"},{"taxonomy":"post_tag","embeddable":true,"href":"https:\/\/www.accidentdutravail-idf.net\/blog\/wp-json\/wp\/v2\/tags?post=417"}],"curies":[{"name":"wp","href":"https:\/\/api.w.org\/{rel}","templated":true}]}}