{"id":405,"date":"2024-05-30T19:00:00","date_gmt":"2024-05-30T17:00:00","guid":{"rendered":"https:\/\/www.accidentdutravail-idf.net\/blog\/penibilites-au-travail-le-deni-du-genre\/"},"modified":"2024-05-30T19:00:00","modified_gmt":"2024-05-30T17:00:00","slug":"penibilites-au-travail-le-deni-du-genre","status":"publish","type":"post","link":"https:\/\/www.accidentdutravail-idf.net\/blog\/penibilites-au-travail-le-deni-du-genre\/","title":{"rendered":"P\u00e9nibilit\u00e9s au travail : le d\u00e9ni du genre"},"content":{"rendered":"<div><img decoding=\"async\" src=\"https:\/\/www.accidentdutravail-idf.net\/blog\/wp-content\/uploads\/2024\/06\/penibilites-au-travail-le-deni-du-genre.jpg\" class=\"ff-og-image-inserted\"><\/div>\n<p>Souvenez-vous&nbsp;: c\u2019\u00e9tait en mars&nbsp;2020, le confinement vient d\u2019\u00eatre d\u00e9cr\u00e9t\u00e9 en raison de la crise sanitaire. La population est alors appel\u00e9e \u00e0 applaudir, chaque soir par la fen\u00eatre, les soignant.es. A cette m\u00eame p\u00e9riode, lors de ses prises de parole, Emmanuel Macron remercie chaudement les<em> \u00ab<\/em>&nbsp;<em>travailleur\u00b7ses de premi\u00e8re ligne<\/em>&nbsp;\u00bb&nbsp;: caissier\u00b7es, personnel des Ehpad, aides \u00e0 domicile ou encore infirmier\u00b7es.<\/p>\n<p>Ces travailleur\u00b7ses <a href=\"http:\/\/www.insee.fr\/fr\/statistiques\/5895960#:~:text=Ces%20travailleurs%20de%20premi%C3%A8re%20ligne,faibles%20que%20les%20autres%20salari%C3%A9s.\" target=\"_blank\" rel=\"nofollow\">sont en r\u00e9alit\u00e9 tr\u00e8s majoritairement des femmes<\/a>, employ\u00e9es pour la plupart, souvent \u00e0 temps partiel et affichant des salaires inf\u00e9rieurs \u00e0 l\u2019ensemble des actifs en emploi. Les m\u00e9tiers qu\u2019elles exercent sont \u00e9galement des professions \u00ab&nbsp;p\u00e9nibles&nbsp;\u00bb, les exposant \u00e0 un environnement de travail, des rythmes ou des contraintes pouvant alt\u00e9rer durablement leur sant\u00e9.<\/p>\n<p>Le Covid-19, qui a plac\u00e9 ces \u00ab&nbsp;premi\u00e8res de corv\u00e9e&nbsp;\u00bb sur le devant de la sc\u00e8ne, aurait pu \u00eatre l\u2019occasion d\u2019am\u00e9liorer la situation. Force est de constater qu\u2019on est loin du compte.<\/p>\n<blockquote>\n<p><em>\u00ab&nbsp;La question des conditions de travail des femmes commence \u00e0 \u00eatre int\u00e9gr\u00e9e dans les politiques d\u2019\u00e9galit\u00e9 professionnelle<\/em>, souligne Delphine Serre, sociologue ayant coordonn\u00e9 <a href=\"https:\/\/www.alternatives-economiques.fr\/users\/rachel-silvera\" target=\"_blank\" rel=\"noopener nofollow\">avec Rachel Silvera<\/a><a><\/a>&nbsp;un num\u00e9ro de la revue <a href=\"https:\/\/www.cairn.info\/revue-travail-genre-et-societes-2024-1-page-23.htm\" target=\"_blank\" rel=\"nofollow\"><em>Travail, genre et soci\u00e9t\u00e9s<\/em><\/a> sur le sujet. <em>Mais il y a encore beaucoup de chemin \u00e0 parcourir.&nbsp;\u00bb<\/em><\/p>\n<\/blockquote>\n<p>En effet, femmes et hommes ne sont pas confront\u00e9.es aux m\u00eames risques et dangers au travail. Les hommes sont plus souvent expos\u00e9s \u00e0 des bruits, vibrations, temp\u00e9ratures extr\u00eames, port de charges lourdes ou encore produits canc\u00e9rog\u00e8nes.<\/p>\n<p>Les femmes, plus pr\u00e9sentes dans le secteur tertiaire que les hommes, sont davantage soumises \u00e0 du travail r\u00e9p\u00e9titif, isol\u00e9, des situations de tension avec le public, un manque d\u2019autonomie ou encore un manque de soutien de la hi\u00e9rarchie.<\/p>\n<h2>Une p\u00e9nibilit\u00e9 accord\u00e9e au masculin<\/h2>\n<p>Or, per\u00e7ues comme moins graves, moins brutales ou moins imm\u00e9diates par les pouvoirs publics et l\u2019opinion, ces p\u00e9nibilit\u00e9s sont encore largement invisibilis\u00e9es ou d\u00e9ni\u00e9es en comparaison de celles que rencontrent les hommes, note Delphine Serre.<\/p>\n<p>C\u2019est d\u2019autant plus vrai que nombreuses sont les femmes \u00e0 occuper des m\u00e9tiers tr\u00e8s f\u00e9minis\u00e9s, souvent pens\u00e9s comme s\u2019inscrivant dans la continuit\u00e9 des t\u00e2ches domestiques.<\/p>\n<blockquote>\n<p><em>\u00ab&nbsp;De ce fait, on consid\u00e8re que les postes ne sont pas tr\u00e8s usants. Et en plus, ces travailleuses taisent certaines p\u00e9nibilit\u00e9s, au nom d\u2019un id\u00e9al du d\u00e9vouement, d\u2019une \u00e9thique du \u00ab\u00a0care\u00a0\u00bb.&nbsp;\u00bb<\/em><\/p>\n<\/blockquote>\n<p>Pour des auxiliaires en petite enfance, il peut \u00eatre compliqu\u00e9 d\u2019associer les cris incessants des tout-petits \u00e0 une p\u00e9nibilit\u00e9 par exemple. C\u2019est pourquoi le r\u00f4le des pouvoirs publics ou des syndicats est fondamental, souligne la chercheuse&nbsp;:<\/p>\n<blockquote>\n<p><em>\u00ab<\/em>&nbsp;<em>S\u2019ils ne rendent pas visible<strong> <\/strong>la causalit\u00e9 entre une situation de travail et une p\u00e9nibilit\u00e9, il est beaucoup plus difficile, pour les individus et notamment les femmes, d\u2019en prendre conscience.<\/em>&nbsp;<em>\u00bb<\/em><\/p>\n<\/blockquote>\n<p>Or les mobilisations syndicales se sont beaucoup concentr\u00e9es sur des p\u00e9nibilit\u00e9s au masculin, li\u00e9s aux m\u00e9tiers ouvriers&nbsp;: force physique, exposition \u00e0 des produits chimiques, dangereux, amiante, etc.<\/p>\n<p>Un biais accentu\u00e9 par l\u2019absence, ou au moins la faiblesse, de donn\u00e9es sur les conditions de travail diff\u00e9rentes selon le genre. <em>\u00ab<\/em>&nbsp;<em>L\u2019invisible qui fait mal<\/em>&nbsp;<em>\u00bb, <\/em>r\u00e9sume <a href=\"https:\/\/www.cairn.info\/revue-travail-genre-et-societes-2013-1-page-31.htm\" target=\"_blank\" rel=\"noopener nofollow\">l\u2019ergonome Karen Messing<\/a>.<\/p>\n<h2>Cumul des maux et usures sp\u00e9cifiques<\/h2>\n<p>Invisibles aussi sont les p\u00e9nibilit\u00e9s \u00e0 m\u00e9tier \u00e9gal. Car lorsque les femmes exercent la m\u00eame profession que les hommes, il est courant qu\u2019elles ne fassent pas tout \u00e0 fait la m\u00eame chose.<\/p>\n<p>On peut par exemple voir autant d\u2019hommes que de femmes travailler debout \u00e0 certains postes, mais ces derni\u00e8res sont plus nombreuses \u00e0 travailler debout et en statique. Un cumul des p\u00e9nibilit\u00e9s, nocif pour la sant\u00e9, que met en lumi\u00e8re Karen Messing dans son ouvrage <em>La Sant\u00e9 des travailleuses<\/em> (Les \u00e9ditions du remue-m\u00e9nage, 2000).<\/p>\n<p>Autre exemple dans l\u2019enseignement. La <a href=\"https:\/\/www.cairn.info\/revue-travail-genre-et-societes-2024-1-page-27.htm\" target=\"_blank\" rel=\"noopener nofollow\">sociologue Julie Jarty<\/a> d\u00e9montre que les femmes y sont soumises \u00e0 plus de p\u00e9nibilit\u00e9s que leurs homologues masculins&nbsp;: plus souvent affect\u00e9es au coll\u00e8ge&nbsp;\u2013&nbsp;<em>\u00ab<\/em>&nbsp;<em>un niveau d\u2019enseignement <\/em>[qui concentre] <em>l\u2019indocilit\u00e9 et la spontan\u00e9it\u00e9 d\u2019une jeunesse encore peu soumise \u00e0 l\u2019ordre scolaire<\/em>&nbsp;<em>\u00bb<\/em>&nbsp;\u2013, les enseignantes prennent aussi plus r\u00e9guli\u00e8rement des responsabilit\u00e9s annexes (monter des projets p\u00e9dagogiques, \u00eatre prof principale, etc.).<\/p>\n<p>Ainsi, malgr\u00e9 des emplois du temps qui paraissent au premier abord conformes \u00e0 leurs v\u0153ux et <em>\u00ab<\/em>&nbsp;<em>family-friendly<\/em>&nbsp;<em>\u00bb<\/em>, elles peuvent r\u00e9cup\u00e9rer davantage de stress ou de charge de travail.<\/p>\n<p>Et le fait que les <a href=\"https:\/\/dares.travail-emploi.gouv.fr\/donnees\/le-temps-partiel#:~:text=Plus%20d\u2019une%20femme%20sur%20quatre%20travaille%20%C3%A0%20temps%20partiel,dix%20(7%2C8%20%25).&amp;text=26%20%25%20des%2015%2D24%20ans,plus%20sont%20%C3%A0%20temps%20partiel.&amp;text=30%2C1%20%25%20des%20employ%C3%A9s%20sont,8%2C7%20%25%20des%20cadres.\" target=\"_blank\" rel=\"nofollow\">femmes exercent plus couramment des temps partiels<\/a> ne r\u00e9duit en rien la gravit\u00e9 des p\u00e9nibilit\u00e9s&nbsp;: m\u00eame sur des temps de travail plus courts, il est courant que les femmes endurent plusieurs p\u00e9nibilit\u00e9s, souligne Karen Messing.<\/p>\n<blockquote>\n<p><em>\u00ab&nbsp;On sait \u00e9galement que les femmes ont moins de promotion, et qu\u2019elles restent beaucoup plus souvent que les hommes, cantonn\u00e9es \u00e0 des postes d\u2019ex\u00e9cution qui peuvent \u00eatre p\u00e9nibles. \u00catre guichetie<\/em>\u00b7<em>re ou caissier<\/em>\u00b7<em>e pendant 5&nbsp;ans ou pendant 30&nbsp;ans, \u00e7a n\u2019a pas le m\u00eame effet. Cela peut provoquer une usure et un vieillissement sp\u00e9cifiques&nbsp;\u00bb,&nbsp;<\/em>d\u00e9plore Delphine Serre.<\/p>\n<\/blockquote>\n<h2>Moins de maladies professionnelles reconnues, plus d\u2019inaptitudes<\/h2>\n<p>En raison de cette invisibilisation, La reconnaissance des accidents du travail&nbsp;(AT) ou des maladies professionnelles&nbsp;(MP) est plus difficile pour les femmes que pour les hommes, comme le relevait en 2012 <a href=\"https:\/\/shs.hal.science\/halshs-00979095v1\/document\" target=\"_blank\" rel=\"nofollow\">une \u00e9tude du Centre d\u2019\u00e9tudes de l\u2019emploi et du travail<\/a>.<\/p>\n<p>Ces derni\u00e8res ann\u00e9es, le nombre d\u2019AT et de MP reconnus pour les femmes a certes augment\u00e9 (+&nbsp;41,6&nbsp;% entre 2001 et 2019). N\u00e9anmoins les femmes continuent d\u2019avoir moins facilement acc\u00e8s aux pi\u00e8ces n\u00e9cessaires \u00e0 la construction d\u2019un dossier (attestations, fiches de postes, etc.) car elles sont beaucoup plus souvent affect\u00e9es \u00e0 des postes isol\u00e9s, en contrat pr\u00e9caire, ou dans des milieux moins syndiqu\u00e9s.<\/p>\n<p>Autre difficult\u00e9&nbsp;: elles sont plus souvent expos\u00e9es \u00e0 <a href=\"https:\/\/www.sante-et-travail.fr\/analyse-genree-lexposition-risques\" target=\"_blank\" rel=\"nofollow\">des risques psychosociaux (RPS)<\/a> ou \u00e0 des maladies psychiques.Des maux plus difficiles \u00e0 faire reconna\u00eetre, qui ne figurent pas dans la liste des tableaux servant \u00e0 la reconnaissance des maladies <a>professionnelles<\/a>.<\/p>\n<blockquote>\n<p><em>\u00ab<\/em>&nbsp;<em>Le r\u00e9f\u00e9rentiel juridique est construit sur un mod\u00e8le dat\u00e9, qui reste ouvri\u00e9riste et androcentr\u00e9<\/em>&nbsp;<em>\u00bb<\/em>, pr\u00e9cise Delphine Serre.<\/p>\n<\/blockquote>\n<p>Faute de reconnaissance de leur maladie professionnelle, les femmes se retrouvent surrepr\u00e9sent\u00e9es dans les inaptitudes. Un dispositif beaucoup moins avantageux \u00e9conomiquement et moins protecteur, qui ne fait pas syst\u00e9matiquement le lien avec l\u2019activit\u00e9 professionnelle. Et <a href=\"https:\/\/www.cairn.info\/revue-travail-genre-et-societes-2024-1-page-65.htm\" target=\"_blank\" rel=\"noopener nofollow\">la chercheuse de r\u00e9sumer<\/a>&nbsp;: <em>\u00ab<\/em>&nbsp;<em>Une hi\u00e9rarchie genr\u00e9e des maux du travail subsiste.<\/em>&nbsp;<em>\u00bb<\/em><\/p>\n<p> accidentdutravail-idf.net vous a pr\u00e9par\u00e9 ce post qui informe du sujet \u00ab\u00a0Association Sportive Huisson-Longueville Essonne\u00a0\u00bb. La chronique se veut g\u00e9n\u00e9r\u00e9e du mieux possible. Vous pouvez utiliser les coordonn\u00e9es indiqu\u00e9es sur le site dans le but d\u2019apporter des explications sur ce post qui parle du th\u00e8me \u00ab\u00a0Association Sportive Huisson-Longueville Essonne\u00a0\u00bb. Le site accidentdutravail-idf.net a pour but de fournir diverses publications sur la th\u00e9matique Association Sportive Huisson-Longueville Essonne diffus\u00e9es sur le net. Il y aura plusieurs articles autour du sujet \u00ab\u00a0Association Sportive Huisson-Longueville Essonne\u00a0\u00bb dans quelques jours, nous vous invitons \u00e0 naviguer sur notre site web \u00e0 plusieurs reprises.<\/p>\n","protected":false},"excerpt":{"rendered":"<p>Souvenez-vous&nbsp;: c\u2019\u00e9tait en mars&nbsp;2020, le confinement vient d\u2019\u00eatre d\u00e9cr\u00e9t\u00e9 en raison de la crise sanitaire. La population est alors appel\u00e9e \u00e0 applaudir, chaque soir par la fen\u00eatre, les soignant.es. A cette m\u00eame p\u00e9riode, lors de ses prises de parole, Emmanuel Macron remercie chaudement les \u00ab&nbsp;travailleur\u00b7ses de premi\u00e8re ligne&nbsp;\u00bb&nbsp;: caissier\u00b7es, personnel des Ehpad, aides \u00e0 domicile &hellip; <\/p>\n<p class=\"link-more\"><a href=\"https:\/\/www.accidentdutravail-idf.net\/blog\/penibilites-au-travail-le-deni-du-genre\/\" class=\"more-link\">Continuer la lecture <span class=\"screen-reader-text\"> \u00ab\u00a0P\u00e9nibilit\u00e9s au travail : le d\u00e9ni du genre\u00a0\u00bb<\/span><\/a><\/p>\n","protected":false},"author":2,"featured_media":0,"comment_status":"closed","ping_status":"closed","sticky":false,"template":"","format":"standard","meta":{"footnotes":""},"categories":[5],"tags":[],"class_list":["post-405","post","type-post","status-publish","format-standard","hentry","category-securite-du-travail-en-ile-de-france-et-divers","entry"],"yoast_head":"<!-- This site is optimized with the Yoast SEO plugin v27.5 - https:\/\/yoast.com\/product\/yoast-seo-wordpress\/ -->\n<title>P\u00e9nibilit\u00e9s au travail : le d\u00e9ni du genre - ACCIDENTDUTRAVAIL-IDF<\/title>\n<meta name=\"description\" content=\"P\u00e9nibilit\u00e9s au travail : le d\u00e9ni du genre article de ACCIDENTDUTRAVAIL-IDF\" \/>\n<meta name=\"robots\" content=\"index, follow, max-snippet:-1, max-image-preview:large, max-video-preview:-1\" \/>\n<link rel=\"canonical\" href=\"https:\/\/www.accidentdutravail-idf.net\/blog\/penibilites-au-travail-le-deni-du-genre\/\" \/>\n<meta property=\"og:locale\" content=\"fr_FR\" \/>\n<meta property=\"og:type\" content=\"article\" \/>\n<meta property=\"og:title\" content=\"P\u00e9nibilit\u00e9s au travail : le d\u00e9ni du genre - ACCIDENTDUTRAVAIL-IDF\" \/>\n<meta property=\"og:description\" content=\"P\u00e9nibilit\u00e9s au travail : le d\u00e9ni du genre article de ACCIDENTDUTRAVAIL-IDF\" \/>\n<meta property=\"og:url\" content=\"https:\/\/www.accidentdutravail-idf.net\/blog\/penibilites-au-travail-le-deni-du-genre\/\" \/>\n<meta property=\"og:site_name\" content=\"ACCIDENTDUTRAVAIL-IDF\" \/>\n<meta property=\"article:published_time\" content=\"2024-05-30T17:00:00+00:00\" \/>\n<meta property=\"og:image\" content=\"https:\/\/www.accidentdutravail-idf.net\/blog\/wp-content\/uploads\/2024\/06\/penibilites-au-travail-le-deni-du-genre.jpg\" \/>\n<meta name=\"author\" content=\"Carlos Poulain\" \/>\n<meta name=\"twitter:card\" content=\"summary_large_image\" \/>\n<meta name=\"twitter:label1\" content=\"\u00c9crit par\" \/>\n\t<meta name=\"twitter:data1\" content=\"Carlos Poulain\" \/>\n\t<meta name=\"twitter:label2\" content=\"Dur\u00e9e de lecture estim\u00e9e\" \/>\n\t<meta name=\"twitter:data2\" content=\"6 minutes\" \/>\n<script type=\"application\/ld+json\" class=\"yoast-schema-graph\">{\"@context\":\"https:\\\/\\\/schema.org\",\"@graph\":[{\"@type\":\"Article\",\"@id\":\"https:\\\/\\\/www.accidentdutravail-idf.net\\\/blog\\\/penibilites-au-travail-le-deni-du-genre\\\/#article\",\"isPartOf\":{\"@id\":\"https:\\\/\\\/www.accidentdutravail-idf.net\\\/blog\\\/penibilites-au-travail-le-deni-du-genre\\\/\"},\"author\":{\"name\":\"Carlos Poulain\",\"@id\":\"https:\\\/\\\/www.accidentdutravail-idf.net\\\/blog\\\/#\\\/schema\\\/person\\\/3255d2f970de45e64bd9201f38e7b947\"},\"headline\":\"P\u00e9nibilit\u00e9s au travail : le d\u00e9ni du genre\",\"datePublished\":\"2024-05-30T17:00:00+00:00\",\"mainEntityOfPage\":{\"@id\":\"https:\\\/\\\/www.accidentdutravail-idf.net\\\/blog\\\/penibilites-au-travail-le-deni-du-genre\\\/\"},\"wordCount\":1274,\"publisher\":{\"@id\":\"https:\\\/\\\/www.accidentdutravail-idf.net\\\/blog\\\/#organization\"},\"image\":{\"@id\":\"https:\\\/\\\/www.accidentdutravail-idf.net\\\/blog\\\/penibilites-au-travail-le-deni-du-genre\\\/#primaryimage\"},\"thumbnailUrl\":\"https:\\\/\\\/www.accidentdutravail-idf.net\\\/blog\\\/wp-content\\\/uploads\\\/2024\\\/06\\\/penibilites-au-travail-le-deni-du-genre.jpg\",\"articleSection\":[\"S\u00e9curit\u00e9 Du Travail En Ile-De-France Et Divers:\"],\"inLanguage\":\"fr-FR\"},{\"@type\":\"WebPage\",\"@id\":\"https:\\\/\\\/www.accidentdutravail-idf.net\\\/blog\\\/penibilites-au-travail-le-deni-du-genre\\\/\",\"url\":\"https:\\\/\\\/www.accidentdutravail-idf.net\\\/blog\\\/penibilites-au-travail-le-deni-du-genre\\\/\",\"name\":\"P\u00e9nibilit\u00e9s au travail : le d\u00e9ni du genre - ACCIDENTDUTRAVAIL-IDF\",\"isPartOf\":{\"@id\":\"https:\\\/\\\/www.accidentdutravail-idf.net\\\/blog\\\/#website\"},\"primaryImageOfPage\":{\"@id\":\"https:\\\/\\\/www.accidentdutravail-idf.net\\\/blog\\\/penibilites-au-travail-le-deni-du-genre\\\/#primaryimage\"},\"image\":{\"@id\":\"https:\\\/\\\/www.accidentdutravail-idf.net\\\/blog\\\/penibilites-au-travail-le-deni-du-genre\\\/#primaryimage\"},\"thumbnailUrl\":\"https:\\\/\\\/www.accidentdutravail-idf.net\\\/blog\\\/wp-content\\\/uploads\\\/2024\\\/06\\\/penibilites-au-travail-le-deni-du-genre.jpg\",\"datePublished\":\"2024-05-30T17:00:00+00:00\",\"description\":\"P\u00e9nibilit\u00e9s au travail : le d\u00e9ni du genre article de ACCIDENTDUTRAVAIL-IDF\",\"breadcrumb\":{\"@id\":\"https:\\\/\\\/www.accidentdutravail-idf.net\\\/blog\\\/penibilites-au-travail-le-deni-du-genre\\\/#breadcrumb\"},\"inLanguage\":\"fr-FR\",\"potentialAction\":[{\"@type\":\"ReadAction\",\"target\":[\"https:\\\/\\\/www.accidentdutravail-idf.net\\\/blog\\\/penibilites-au-travail-le-deni-du-genre\\\/\"]}]},{\"@type\":\"ImageObject\",\"inLanguage\":\"fr-FR\",\"@id\":\"https:\\\/\\\/www.accidentdutravail-idf.net\\\/blog\\\/penibilites-au-travail-le-deni-du-genre\\\/#primaryimage\",\"url\":\"https:\\\/\\\/www.accidentdutravail-idf.net\\\/blog\\\/wp-content\\\/uploads\\\/2024\\\/06\\\/penibilites-au-travail-le-deni-du-genre.jpg\",\"contentUrl\":\"https:\\\/\\\/www.accidentdutravail-idf.net\\\/blog\\\/wp-content\\\/uploads\\\/2024\\\/06\\\/penibilites-au-travail-le-deni-du-genre.jpg\"},{\"@type\":\"BreadcrumbList\",\"@id\":\"https:\\\/\\\/www.accidentdutravail-idf.net\\\/blog\\\/penibilites-au-travail-le-deni-du-genre\\\/#breadcrumb\",\"itemListElement\":[{\"@type\":\"ListItem\",\"position\":1,\"name\":\"Accueil\",\"item\":\"https:\\\/\\\/www.accidentdutravail-idf.net\\\/blog\\\/\"},{\"@type\":\"ListItem\",\"position\":2,\"name\":\"P\u00e9nibilit\u00e9s au travail : le d\u00e9ni du genre\"}]},{\"@type\":\"WebSite\",\"@id\":\"https:\\\/\\\/www.accidentdutravail-idf.net\\\/blog\\\/#website\",\"url\":\"https:\\\/\\\/www.accidentdutravail-idf.net\\\/blog\\\/\",\"name\":\"ACCIDENTDUTRAVAIL-IDF\",\"description\":\"Portail accidents du travail-maladies professionnelles des entreprises d&#039;Ile-de-France\",\"publisher\":{\"@id\":\"https:\\\/\\\/www.accidentdutravail-idf.net\\\/blog\\\/#organization\"},\"potentialAction\":[{\"@type\":\"SearchAction\",\"target\":{\"@type\":\"EntryPoint\",\"urlTemplate\":\"https:\\\/\\\/www.accidentdutravail-idf.net\\\/blog\\\/?s={search_term_string}\"},\"query-input\":{\"@type\":\"PropertyValueSpecification\",\"valueRequired\":true,\"valueName\":\"search_term_string\"}}],\"inLanguage\":\"fr-FR\"},{\"@type\":\"Organization\",\"@id\":\"https:\\\/\\\/www.accidentdutravail-idf.net\\\/blog\\\/#organization\",\"name\":\"accidentdutravail-idf\",\"url\":\"https:\\\/\\\/www.accidentdutravail-idf.net\\\/blog\\\/\",\"logo\":{\"@type\":\"ImageObject\",\"inLanguage\":\"fr-FR\",\"@id\":\"https:\\\/\\\/www.accidentdutravail-idf.net\\\/blog\\\/#\\\/schema\\\/logo\\\/image\\\/\",\"url\":\"https:\\\/\\\/www.accidentdutravail-idf.net\\\/blog\\\/wp-content\\\/uploads\\\/2022\\\/09\\\/logo-2.png\",\"contentUrl\":\"https:\\\/\\\/www.accidentdutravail-idf.net\\\/blog\\\/wp-content\\\/uploads\\\/2022\\\/09\\\/logo-2.png\",\"width\":380,\"height\":291,\"caption\":\"accidentdutravail-idf\"},\"image\":{\"@id\":\"https:\\\/\\\/www.accidentdutravail-idf.net\\\/blog\\\/#\\\/schema\\\/logo\\\/image\\\/\"}},{\"@type\":\"Person\",\"@id\":\"https:\\\/\\\/www.accidentdutravail-idf.net\\\/blog\\\/#\\\/schema\\\/person\\\/3255d2f970de45e64bd9201f38e7b947\",\"name\":\"Carlos Poulain\",\"image\":{\"@type\":\"ImageObject\",\"inLanguage\":\"fr-FR\",\"@id\":\"https:\\\/\\\/secure.gravatar.com\\\/avatar\\\/b1c2f9d3588e34e91adb093635df64ef4b2381991216be7576466cfcdca4baf3?s=96&d=mm&r=g\",\"url\":\"https:\\\/\\\/secure.gravatar.com\\\/avatar\\\/b1c2f9d3588e34e91adb093635df64ef4b2381991216be7576466cfcdca4baf3?s=96&d=mm&r=g\",\"contentUrl\":\"https:\\\/\\\/secure.gravatar.com\\\/avatar\\\/b1c2f9d3588e34e91adb093635df64ef4b2381991216be7576466cfcdca4baf3?s=96&d=mm&r=g\",\"caption\":\"Carlos Poulain\"},\"url\":\"https:\\\/\\\/www.accidentdutravail-idf.net\\\/blog\\\/author\\\/idfcarlos\\\/\"}]}<\/script>\n<!-- \/ Yoast SEO plugin. -->","yoast_head_json":{"title":"P\u00e9nibilit\u00e9s au travail : le d\u00e9ni du genre - ACCIDENTDUTRAVAIL-IDF","description":"P\u00e9nibilit\u00e9s au travail : le d\u00e9ni du genre article de ACCIDENTDUTRAVAIL-IDF","robots":{"index":"index","follow":"follow","max-snippet":"max-snippet:-1","max-image-preview":"max-image-preview:large","max-video-preview":"max-video-preview:-1"},"canonical":"https:\/\/www.accidentdutravail-idf.net\/blog\/penibilites-au-travail-le-deni-du-genre\/","og_locale":"fr_FR","og_type":"article","og_title":"P\u00e9nibilit\u00e9s au travail : le d\u00e9ni du genre - ACCIDENTDUTRAVAIL-IDF","og_description":"P\u00e9nibilit\u00e9s au travail : le d\u00e9ni du genre article de ACCIDENTDUTRAVAIL-IDF","og_url":"https:\/\/www.accidentdutravail-idf.net\/blog\/penibilites-au-travail-le-deni-du-genre\/","og_site_name":"ACCIDENTDUTRAVAIL-IDF","article_published_time":"2024-05-30T17:00:00+00:00","og_image":[{"url":"https:\/\/www.accidentdutravail-idf.net\/blog\/wp-content\/uploads\/2024\/06\/penibilites-au-travail-le-deni-du-genre.jpg","type":"","width":"","height":""}],"author":"Carlos Poulain","twitter_card":"summary_large_image","twitter_misc":{"\u00c9crit par":"Carlos Poulain","Dur\u00e9e de lecture estim\u00e9e":"6 minutes"},"schema":{"@context":"https:\/\/schema.org","@graph":[{"@type":"Article","@id":"https:\/\/www.accidentdutravail-idf.net\/blog\/penibilites-au-travail-le-deni-du-genre\/#article","isPartOf":{"@id":"https:\/\/www.accidentdutravail-idf.net\/blog\/penibilites-au-travail-le-deni-du-genre\/"},"author":{"name":"Carlos Poulain","@id":"https:\/\/www.accidentdutravail-idf.net\/blog\/#\/schema\/person\/3255d2f970de45e64bd9201f38e7b947"},"headline":"P\u00e9nibilit\u00e9s au travail : le d\u00e9ni du genre","datePublished":"2024-05-30T17:00:00+00:00","mainEntityOfPage":{"@id":"https:\/\/www.accidentdutravail-idf.net\/blog\/penibilites-au-travail-le-deni-du-genre\/"},"wordCount":1274,"publisher":{"@id":"https:\/\/www.accidentdutravail-idf.net\/blog\/#organization"},"image":{"@id":"https:\/\/www.accidentdutravail-idf.net\/blog\/penibilites-au-travail-le-deni-du-genre\/#primaryimage"},"thumbnailUrl":"https:\/\/www.accidentdutravail-idf.net\/blog\/wp-content\/uploads\/2024\/06\/penibilites-au-travail-le-deni-du-genre.jpg","articleSection":["S\u00e9curit\u00e9 Du Travail En Ile-De-France Et Divers:"],"inLanguage":"fr-FR"},{"@type":"WebPage","@id":"https:\/\/www.accidentdutravail-idf.net\/blog\/penibilites-au-travail-le-deni-du-genre\/","url":"https:\/\/www.accidentdutravail-idf.net\/blog\/penibilites-au-travail-le-deni-du-genre\/","name":"P\u00e9nibilit\u00e9s au travail : le d\u00e9ni du genre - ACCIDENTDUTRAVAIL-IDF","isPartOf":{"@id":"https:\/\/www.accidentdutravail-idf.net\/blog\/#website"},"primaryImageOfPage":{"@id":"https:\/\/www.accidentdutravail-idf.net\/blog\/penibilites-au-travail-le-deni-du-genre\/#primaryimage"},"image":{"@id":"https:\/\/www.accidentdutravail-idf.net\/blog\/penibilites-au-travail-le-deni-du-genre\/#primaryimage"},"thumbnailUrl":"https:\/\/www.accidentdutravail-idf.net\/blog\/wp-content\/uploads\/2024\/06\/penibilites-au-travail-le-deni-du-genre.jpg","datePublished":"2024-05-30T17:00:00+00:00","description":"P\u00e9nibilit\u00e9s au travail : le d\u00e9ni du genre article de ACCIDENTDUTRAVAIL-IDF","breadcrumb":{"@id":"https:\/\/www.accidentdutravail-idf.net\/blog\/penibilites-au-travail-le-deni-du-genre\/#breadcrumb"},"inLanguage":"fr-FR","potentialAction":[{"@type":"ReadAction","target":["https:\/\/www.accidentdutravail-idf.net\/blog\/penibilites-au-travail-le-deni-du-genre\/"]}]},{"@type":"ImageObject","inLanguage":"fr-FR","@id":"https:\/\/www.accidentdutravail-idf.net\/blog\/penibilites-au-travail-le-deni-du-genre\/#primaryimage","url":"https:\/\/www.accidentdutravail-idf.net\/blog\/wp-content\/uploads\/2024\/06\/penibilites-au-travail-le-deni-du-genre.jpg","contentUrl":"https:\/\/www.accidentdutravail-idf.net\/blog\/wp-content\/uploads\/2024\/06\/penibilites-au-travail-le-deni-du-genre.jpg"},{"@type":"BreadcrumbList","@id":"https:\/\/www.accidentdutravail-idf.net\/blog\/penibilites-au-travail-le-deni-du-genre\/#breadcrumb","itemListElement":[{"@type":"ListItem","position":1,"name":"Accueil","item":"https:\/\/www.accidentdutravail-idf.net\/blog\/"},{"@type":"ListItem","position":2,"name":"P\u00e9nibilit\u00e9s au travail : le d\u00e9ni du genre"}]},{"@type":"WebSite","@id":"https:\/\/www.accidentdutravail-idf.net\/blog\/#website","url":"https:\/\/www.accidentdutravail-idf.net\/blog\/","name":"ACCIDENTDUTRAVAIL-IDF","description":"Portail accidents du travail-maladies professionnelles des entreprises d&#039;Ile-de-France","publisher":{"@id":"https:\/\/www.accidentdutravail-idf.net\/blog\/#organization"},"potentialAction":[{"@type":"SearchAction","target":{"@type":"EntryPoint","urlTemplate":"https:\/\/www.accidentdutravail-idf.net\/blog\/?s={search_term_string}"},"query-input":{"@type":"PropertyValueSpecification","valueRequired":true,"valueName":"search_term_string"}}],"inLanguage":"fr-FR"},{"@type":"Organization","@id":"https:\/\/www.accidentdutravail-idf.net\/blog\/#organization","name":"accidentdutravail-idf","url":"https:\/\/www.accidentdutravail-idf.net\/blog\/","logo":{"@type":"ImageObject","inLanguage":"fr-FR","@id":"https:\/\/www.accidentdutravail-idf.net\/blog\/#\/schema\/logo\/image\/","url":"https:\/\/www.accidentdutravail-idf.net\/blog\/wp-content\/uploads\/2022\/09\/logo-2.png","contentUrl":"https:\/\/www.accidentdutravail-idf.net\/blog\/wp-content\/uploads\/2022\/09\/logo-2.png","width":380,"height":291,"caption":"accidentdutravail-idf"},"image":{"@id":"https:\/\/www.accidentdutravail-idf.net\/blog\/#\/schema\/logo\/image\/"}},{"@type":"Person","@id":"https:\/\/www.accidentdutravail-idf.net\/blog\/#\/schema\/person\/3255d2f970de45e64bd9201f38e7b947","name":"Carlos Poulain","image":{"@type":"ImageObject","inLanguage":"fr-FR","@id":"https:\/\/secure.gravatar.com\/avatar\/b1c2f9d3588e34e91adb093635df64ef4b2381991216be7576466cfcdca4baf3?s=96&d=mm&r=g","url":"https:\/\/secure.gravatar.com\/avatar\/b1c2f9d3588e34e91adb093635df64ef4b2381991216be7576466cfcdca4baf3?s=96&d=mm&r=g","contentUrl":"https:\/\/secure.gravatar.com\/avatar\/b1c2f9d3588e34e91adb093635df64ef4b2381991216be7576466cfcdca4baf3?s=96&d=mm&r=g","caption":"Carlos Poulain"},"url":"https:\/\/www.accidentdutravail-idf.net\/blog\/author\/idfcarlos\/"}]}},"_links":{"self":[{"href":"https:\/\/www.accidentdutravail-idf.net\/blog\/wp-json\/wp\/v2\/posts\/405","targetHints":{"allow":["GET"]}}],"collection":[{"href":"https:\/\/www.accidentdutravail-idf.net\/blog\/wp-json\/wp\/v2\/posts"}],"about":[{"href":"https:\/\/www.accidentdutravail-idf.net\/blog\/wp-json\/wp\/v2\/types\/post"}],"author":[{"embeddable":true,"href":"https:\/\/www.accidentdutravail-idf.net\/blog\/wp-json\/wp\/v2\/users\/2"}],"replies":[{"embeddable":true,"href":"https:\/\/www.accidentdutravail-idf.net\/blog\/wp-json\/wp\/v2\/comments?post=405"}],"version-history":[{"count":0,"href":"https:\/\/www.accidentdutravail-idf.net\/blog\/wp-json\/wp\/v2\/posts\/405\/revisions"}],"wp:attachment":[{"href":"https:\/\/www.accidentdutravail-idf.net\/blog\/wp-json\/wp\/v2\/media?parent=405"}],"wp:term":[{"taxonomy":"category","embeddable":true,"href":"https:\/\/www.accidentdutravail-idf.net\/blog\/wp-json\/wp\/v2\/categories?post=405"},{"taxonomy":"post_tag","embeddable":true,"href":"https:\/\/www.accidentdutravail-idf.net\/blog\/wp-json\/wp\/v2\/tags?post=405"}],"curies":[{"name":"wp","href":"https:\/\/api.w.org\/{rel}","templated":true}]}}