{"id":393,"date":"2024-05-30T11:00:00","date_gmt":"2024-05-30T09:00:00","guid":{"rendered":"https:\/\/www.accidentdutravail-idf.net\/blog\/vosges-accident-du-travail-a-anould-un-stagiaire-sentaille-la-main-avec-une-scie-a-ruban\/"},"modified":"2024-05-30T11:00:00","modified_gmt":"2024-05-30T09:00:00","slug":"vosges-accident-du-travail-a-anould-un-stagiaire-sentaille-la-main-avec-une-scie-a-ruban","status":"publish","type":"post","link":"https:\/\/www.accidentdutravail-idf.net\/blog\/vosges-accident-du-travail-a-anould-un-stagiaire-sentaille-la-main-avec-une-scie-a-ruban\/","title":{"rendered":"Vosges Accident du travail \u00e0 Anould : un stagiaire s\u2019entaille la main avec une scie \u00e0 ruban"},"content":{"rendered":"<div><img decoding=\"async\" src=\"https:\/\/www.accidentdutravail-idf.net\/blog\/wp-content\/uploads\/2024\/05\/vosges-accident-du-travail-a-anould-un-stagiaire-sentaille-la-main-avec-une-scie-a-ruban.jpg\" class=\"ff-og-image-inserted\"><\/div>\n<div>\n<p>Ce jeudi 30&nbsp;mai, en tout d\u00e9but d\u2019apr\u00e8s-midi, un stagiaire de 20 ans a \u00e9t\u00e9 victime d\u2019un accident du travail au sein d\u2019une entreprise bas\u00e9e \u00e0 Anould.<\/p>\n<p>Les faits se sont produits aux environs de 13&nbsp;h&nbsp;20, dans les locaux d\u2019une soci\u00e9t\u00e9 sp\u00e9cialis\u00e9e dans la maintenance, la fabrication et l\u2019usinage de pi\u00e8ces en m\u00e9tal.<\/p>\n<\/div>\n<div id>\n<div class=\"consentModule_text\">\n<p>Ce contenu est bloqu\u00e9 car vous n&rsquo;avez pas accept\u00e9 les cookies et autres traceurs.<\/p>\n<p>En cliquant sur <span class=\"bold\">\u00ab J\u2019accepte \u00bb<\/span>, les cookies et autres traceurs seront d\u00e9pos\u00e9s et vous pourrez visualiser les contenus <span class=\"consentModule_purpose\"><\/span> (<a href=\"https:\/\/www.vosgesmatin.fr\/faits-divers-justice\/2024\/05\/30\/un-stagiaire-s-entaille-la-main-avec-une-scie-a-ruban\" class=\"consentModule_policy\" target=\"_blank\" title=\"Consulter la politique de protection des donn\u00e9es du fournisseur\" rel=\"noopener nofollow\">plus d&rsquo;informations<\/a>).<\/p>\n<p>En cliquant sur <span class=\"bold\">\u00ab J\u2019accepte tous les cookies \u00bb<\/span>, vous autorisez des d\u00e9p\u00f4ts de cookies et autres traceurs pour le stockage de vos donn\u00e9es sur nos sites et applications \u00e0 des fins de personnalisation et de ciblage publicitaire.<\/p>\n<p class=\"consentModule_secondaryText\">Vous gardez la possibilit\u00e9 de retirer votre consentement \u00e0 tout moment en consultant notre <a href=\"https:\/\/www.vosgesmatin.fr\/protection-des-donnees\" target=\"_blank\" title=\"Consulter notre politique de protection des donn\u00e9es\" rel=\"noopener nofollow\">politique de protection des donn\u00e9es<\/a>. <br \/><a href=\"Didomi.notice.show()\" class=\"consentModule_cmp\" target=\"_blank\" rel=\"nofollow\">G\u00e9rer mes choix<\/a> <\/p>\n<p> <button class=\"acceptConsent\" id title=\"J'accepte\">J&rsquo;accepte<\/button> <button class=\"acceptAllConsent\" id title=\"J'accepte tous les cookies\">J&rsquo;accepte tous les cookies<\/button> <\/p>\n<\/p><\/div>\n<\/div>\n<div>\n<p>La victime se serait entaill\u00e9e la main en utilisant une scie \u00e0 ruban horizontale. Souffrant d\u2019une plaie ouverte sur le dessus de la main gauche, cet \u00e9tudiant en Bac Pro, qui portait ses gants de protection au moment de l\u2019accident, a \u00e9t\u00e9 transport\u00e9 au centre hospitalier de Saint-Di\u00e9 pour y \u00eatre pris en charge.<\/p>\n<p>Comme le veut le protocole, l\u2019inspection du travail a \u00e9t\u00e9 avis\u00e9e et devrait se rendre dans l\u2019entreprise afin de contr\u00f4ler la machine.<\/p>\n<\/div>\n<p>accidentdutravail-idf.net vous a pr\u00e9par\u00e9 ce post qui informe du sujet \u00ab\u00a0Association Sportive Huisson-Longueville Essonne\u00a0\u00bb. La chronique se veut g\u00e9n\u00e9r\u00e9e du mieux possible. Vous pouvez utiliser les coordonn\u00e9es indiqu\u00e9es sur le site dans le but d\u2019apporter des explications sur ce post qui parle du th\u00e8me \u00ab\u00a0Association Sportive Huisson-Longueville Essonne\u00a0\u00bb. Le site accidentdutravail-idf.net a pour but de fournir diverses publications sur la th\u00e9matique Association Sportive Huisson-Longueville Essonne diffus\u00e9es sur le net. Il y aura plusieurs articles autour du sujet \u00ab\u00a0Association Sportive Huisson-Longueville Essonne\u00a0\u00bb dans quelques jours, nous vous invitons \u00e0 naviguer sur notre site web \u00e0 plusieurs reprises.<\/p>\n","protected":false},"excerpt":{"rendered":"<p>Ce jeudi 30&nbsp;mai, en tout d\u00e9but d\u2019apr\u00e8s-midi, un stagiaire de 20 ans a \u00e9t\u00e9 victime d\u2019un accident du travail au sein d\u2019une entreprise bas\u00e9e \u00e0 Anould. Les faits se sont produits aux environs de 13&nbsp;h&nbsp;20, dans les locaux d\u2019une soci\u00e9t\u00e9 sp\u00e9cialis\u00e9e dans la maintenance, la fabrication et l\u2019usinage de pi\u00e8ces en m\u00e9tal. Ce contenu est &hellip; <\/p>\n<p class=\"link-more\"><a href=\"https:\/\/www.accidentdutravail-idf.net\/blog\/vosges-accident-du-travail-a-anould-un-stagiaire-sentaille-la-main-avec-une-scie-a-ruban\/\" class=\"more-link\">Continuer la lecture <span class=\"screen-reader-text\"> \u00ab\u00a0Vosges Accident du travail \u00e0 Anould : un stagiaire s\u2019entaille la main avec une scie \u00e0 ruban\u00a0\u00bb<\/span><\/a><\/p>\n","protected":false},"author":2,"featured_media":0,"comment_status":"closed","ping_status":"closed","sticky":false,"template":"","format":"standard","meta":{"footnotes":""},"categories":[5],"tags":[],"class_list":["post-393","post","type-post","status-publish","format-standard","hentry","category-securite-du-travail-en-ile-de-france-et-divers","entry"],"yoast_head":"<!-- This site is optimized with the Yoast SEO plugin v27.5 - https:\/\/yoast.com\/product\/yoast-seo-wordpress\/ -->\n<title>Vosges Accident du travail \u00e0 Anould : un stagiaire s\u2019entaille la main avec une scie \u00e0 ruban - ACCIDENTDUTRAVAIL-IDF<\/title>\n<meta name=\"description\" content=\"Vosges Accident du travail \u00e0 Anould : un stagiaire s\u2019entaille la main avec une scie \u00e0 ruban article de ACCIDENTDUTRAVAIL-IDF\" \/>\n<meta name=\"robots\" content=\"index, follow, max-snippet:-1, max-image-preview:large, max-video-preview:-1\" \/>\n<link rel=\"canonical\" href=\"https:\/\/www.accidentdutravail-idf.net\/blog\/vosges-accident-du-travail-a-anould-un-stagiaire-sentaille-la-main-avec-une-scie-a-ruban\/\" \/>\n<meta property=\"og:locale\" content=\"fr_FR\" \/>\n<meta property=\"og:type\" content=\"article\" \/>\n<meta property=\"og:title\" content=\"Vosges Accident du travail \u00e0 Anould : un stagiaire s\u2019entaille la main avec une scie \u00e0 ruban - ACCIDENTDUTRAVAIL-IDF\" \/>\n<meta property=\"og:description\" content=\"Vosges Accident du travail \u00e0 Anould : un stagiaire s\u2019entaille la main avec une scie \u00e0 ruban article de ACCIDENTDUTRAVAIL-IDF\" \/>\n<meta property=\"og:url\" content=\"https:\/\/www.accidentdutravail-idf.net\/blog\/vosges-accident-du-travail-a-anould-un-stagiaire-sentaille-la-main-avec-une-scie-a-ruban\/\" \/>\n<meta property=\"og:site_name\" content=\"ACCIDENTDUTRAVAIL-IDF\" \/>\n<meta property=\"article:published_time\" content=\"2024-05-30T09:00:00+00:00\" \/>\n<meta property=\"og:image\" content=\"https:\/\/www.accidentdutravail-idf.net\/blog\/wp-content\/uploads\/2024\/05\/vosges-accident-du-travail-a-anould-un-stagiaire-sentaille-la-main-avec-une-scie-a-ruban.jpg\" \/>\n<meta name=\"author\" content=\"Carlos Poulain\" \/>\n<meta name=\"twitter:card\" content=\"summary_large_image\" \/>\n<meta name=\"twitter:label1\" content=\"\u00c9crit par\" \/>\n\t<meta name=\"twitter:data1\" content=\"Carlos Poulain\" \/>\n\t<meta name=\"twitter:label2\" content=\"Dur\u00e9e de lecture estim\u00e9e\" \/>\n\t<meta name=\"twitter:data2\" content=\"2 minutes\" \/>\n<script type=\"application\/ld+json\" class=\"yoast-schema-graph\">{\"@context\":\"https:\\\/\\\/schema.org\",\"@graph\":[{\"@type\":\"Article\",\"@id\":\"https:\\\/\\\/www.accidentdutravail-idf.net\\\/blog\\\/vosges-accident-du-travail-a-anould-un-stagiaire-sentaille-la-main-avec-une-scie-a-ruban\\\/#article\",\"isPartOf\":{\"@id\":\"https:\\\/\\\/www.accidentdutravail-idf.net\\\/blog\\\/vosges-accident-du-travail-a-anould-un-stagiaire-sentaille-la-main-avec-une-scie-a-ruban\\\/\"},\"author\":{\"name\":\"Carlos Poulain\",\"@id\":\"https:\\\/\\\/www.accidentdutravail-idf.net\\\/blog\\\/#\\\/schema\\\/person\\\/3255d2f970de45e64bd9201f38e7b947\"},\"headline\":\"Vosges Accident du travail \u00e0 Anould : un stagiaire s\u2019entaille la main avec une scie \u00e0 ruban\",\"datePublished\":\"2024-05-30T09:00:00+00:00\",\"mainEntityOfPage\":{\"@id\":\"https:\\\/\\\/www.accidentdutravail-idf.net\\\/blog\\\/vosges-accident-du-travail-a-anould-un-stagiaire-sentaille-la-main-avec-une-scie-a-ruban\\\/\"},\"wordCount\":372,\"publisher\":{\"@id\":\"https:\\\/\\\/www.accidentdutravail-idf.net\\\/blog\\\/#organization\"},\"image\":{\"@id\":\"https:\\\/\\\/www.accidentdutravail-idf.net\\\/blog\\\/vosges-accident-du-travail-a-anould-un-stagiaire-sentaille-la-main-avec-une-scie-a-ruban\\\/#primaryimage\"},\"thumbnailUrl\":\"https:\\\/\\\/www.accidentdutravail-idf.net\\\/blog\\\/wp-content\\\/uploads\\\/2024\\\/05\\\/vosges-accident-du-travail-a-anould-un-stagiaire-sentaille-la-main-avec-une-scie-a-ruban.jpg\",\"articleSection\":[\"S\u00e9curit\u00e9 Du Travail En Ile-De-France Et Divers:\"],\"inLanguage\":\"fr-FR\"},{\"@type\":\"WebPage\",\"@id\":\"https:\\\/\\\/www.accidentdutravail-idf.net\\\/blog\\\/vosges-accident-du-travail-a-anould-un-stagiaire-sentaille-la-main-avec-une-scie-a-ruban\\\/\",\"url\":\"https:\\\/\\\/www.accidentdutravail-idf.net\\\/blog\\\/vosges-accident-du-travail-a-anould-un-stagiaire-sentaille-la-main-avec-une-scie-a-ruban\\\/\",\"name\":\"Vosges Accident du travail \u00e0 Anould : un stagiaire s\u2019entaille la main avec une scie \u00e0 ruban - ACCIDENTDUTRAVAIL-IDF\",\"isPartOf\":{\"@id\":\"https:\\\/\\\/www.accidentdutravail-idf.net\\\/blog\\\/#website\"},\"primaryImageOfPage\":{\"@id\":\"https:\\\/\\\/www.accidentdutravail-idf.net\\\/blog\\\/vosges-accident-du-travail-a-anould-un-stagiaire-sentaille-la-main-avec-une-scie-a-ruban\\\/#primaryimage\"},\"image\":{\"@id\":\"https:\\\/\\\/www.accidentdutravail-idf.net\\\/blog\\\/vosges-accident-du-travail-a-anould-un-stagiaire-sentaille-la-main-avec-une-scie-a-ruban\\\/#primaryimage\"},\"thumbnailUrl\":\"https:\\\/\\\/www.accidentdutravail-idf.net\\\/blog\\\/wp-content\\\/uploads\\\/2024\\\/05\\\/vosges-accident-du-travail-a-anould-un-stagiaire-sentaille-la-main-avec-une-scie-a-ruban.jpg\",\"datePublished\":\"2024-05-30T09:00:00+00:00\",\"description\":\"Vosges Accident du travail \u00e0 Anould : un stagiaire s\u2019entaille la main avec une scie \u00e0 ruban article de ACCIDENTDUTRAVAIL-IDF\",\"breadcrumb\":{\"@id\":\"https:\\\/\\\/www.accidentdutravail-idf.net\\\/blog\\\/vosges-accident-du-travail-a-anould-un-stagiaire-sentaille-la-main-avec-une-scie-a-ruban\\\/#breadcrumb\"},\"inLanguage\":\"fr-FR\",\"potentialAction\":[{\"@type\":\"ReadAction\",\"target\":[\"https:\\\/\\\/www.accidentdutravail-idf.net\\\/blog\\\/vosges-accident-du-travail-a-anould-un-stagiaire-sentaille-la-main-avec-une-scie-a-ruban\\\/\"]}]},{\"@type\":\"ImageObject\",\"inLanguage\":\"fr-FR\",\"@id\":\"https:\\\/\\\/www.accidentdutravail-idf.net\\\/blog\\\/vosges-accident-du-travail-a-anould-un-stagiaire-sentaille-la-main-avec-une-scie-a-ruban\\\/#primaryimage\",\"url\":\"https:\\\/\\\/www.accidentdutravail-idf.net\\\/blog\\\/wp-content\\\/uploads\\\/2024\\\/05\\\/vosges-accident-du-travail-a-anould-un-stagiaire-sentaille-la-main-avec-une-scie-a-ruban.jpg\",\"contentUrl\":\"https:\\\/\\\/www.accidentdutravail-idf.net\\\/blog\\\/wp-content\\\/uploads\\\/2024\\\/05\\\/vosges-accident-du-travail-a-anould-un-stagiaire-sentaille-la-main-avec-une-scie-a-ruban.jpg\"},{\"@type\":\"BreadcrumbList\",\"@id\":\"https:\\\/\\\/www.accidentdutravail-idf.net\\\/blog\\\/vosges-accident-du-travail-a-anould-un-stagiaire-sentaille-la-main-avec-une-scie-a-ruban\\\/#breadcrumb\",\"itemListElement\":[{\"@type\":\"ListItem\",\"position\":1,\"name\":\"Accueil\",\"item\":\"https:\\\/\\\/www.accidentdutravail-idf.net\\\/blog\\\/\"},{\"@type\":\"ListItem\",\"position\":2,\"name\":\"Vosges Accident du travail \u00e0 Anould : un stagiaire s\u2019entaille la main avec une scie \u00e0 ruban\"}]},{\"@type\":\"WebSite\",\"@id\":\"https:\\\/\\\/www.accidentdutravail-idf.net\\\/blog\\\/#website\",\"url\":\"https:\\\/\\\/www.accidentdutravail-idf.net\\\/blog\\\/\",\"name\":\"ACCIDENTDUTRAVAIL-IDF\",\"description\":\"Portail accidents du travail-maladies professionnelles des entreprises d&#039;Ile-de-France\",\"publisher\":{\"@id\":\"https:\\\/\\\/www.accidentdutravail-idf.net\\\/blog\\\/#organization\"},\"potentialAction\":[{\"@type\":\"SearchAction\",\"target\":{\"@type\":\"EntryPoint\",\"urlTemplate\":\"https:\\\/\\\/www.accidentdutravail-idf.net\\\/blog\\\/?s={search_term_string}\"},\"query-input\":{\"@type\":\"PropertyValueSpecification\",\"valueRequired\":true,\"valueName\":\"search_term_string\"}}],\"inLanguage\":\"fr-FR\"},{\"@type\":\"Organization\",\"@id\":\"https:\\\/\\\/www.accidentdutravail-idf.net\\\/blog\\\/#organization\",\"name\":\"accidentdutravail-idf\",\"url\":\"https:\\\/\\\/www.accidentdutravail-idf.net\\\/blog\\\/\",\"logo\":{\"@type\":\"ImageObject\",\"inLanguage\":\"fr-FR\",\"@id\":\"https:\\\/\\\/www.accidentdutravail-idf.net\\\/blog\\\/#\\\/schema\\\/logo\\\/image\\\/\",\"url\":\"https:\\\/\\\/www.accidentdutravail-idf.net\\\/blog\\\/wp-content\\\/uploads\\\/2022\\\/09\\\/logo-2.png\",\"contentUrl\":\"https:\\\/\\\/www.accidentdutravail-idf.net\\\/blog\\\/wp-content\\\/uploads\\\/2022\\\/09\\\/logo-2.png\",\"width\":380,\"height\":291,\"caption\":\"accidentdutravail-idf\"},\"image\":{\"@id\":\"https:\\\/\\\/www.accidentdutravail-idf.net\\\/blog\\\/#\\\/schema\\\/logo\\\/image\\\/\"}},{\"@type\":\"Person\",\"@id\":\"https:\\\/\\\/www.accidentdutravail-idf.net\\\/blog\\\/#\\\/schema\\\/person\\\/3255d2f970de45e64bd9201f38e7b947\",\"name\":\"Carlos Poulain\",\"image\":{\"@type\":\"ImageObject\",\"inLanguage\":\"fr-FR\",\"@id\":\"https:\\\/\\\/secure.gravatar.com\\\/avatar\\\/b1c2f9d3588e34e91adb093635df64ef4b2381991216be7576466cfcdca4baf3?s=96&d=mm&r=g\",\"url\":\"https:\\\/\\\/secure.gravatar.com\\\/avatar\\\/b1c2f9d3588e34e91adb093635df64ef4b2381991216be7576466cfcdca4baf3?s=96&d=mm&r=g\",\"contentUrl\":\"https:\\\/\\\/secure.gravatar.com\\\/avatar\\\/b1c2f9d3588e34e91adb093635df64ef4b2381991216be7576466cfcdca4baf3?s=96&d=mm&r=g\",\"caption\":\"Carlos Poulain\"},\"url\":\"https:\\\/\\\/www.accidentdutravail-idf.net\\\/blog\\\/author\\\/idfcarlos\\\/\"}]}<\/script>\n<!-- \/ Yoast SEO plugin. -->","yoast_head_json":{"title":"Vosges Accident du travail \u00e0 Anould : un stagiaire s\u2019entaille la main avec une scie \u00e0 ruban - ACCIDENTDUTRAVAIL-IDF","description":"Vosges Accident du travail \u00e0 Anould : un stagiaire s\u2019entaille la main avec une scie \u00e0 ruban article de ACCIDENTDUTRAVAIL-IDF","robots":{"index":"index","follow":"follow","max-snippet":"max-snippet:-1","max-image-preview":"max-image-preview:large","max-video-preview":"max-video-preview:-1"},"canonical":"https:\/\/www.accidentdutravail-idf.net\/blog\/vosges-accident-du-travail-a-anould-un-stagiaire-sentaille-la-main-avec-une-scie-a-ruban\/","og_locale":"fr_FR","og_type":"article","og_title":"Vosges Accident du travail \u00e0 Anould : un stagiaire s\u2019entaille la main avec une scie \u00e0 ruban - ACCIDENTDUTRAVAIL-IDF","og_description":"Vosges Accident du travail \u00e0 Anould : un stagiaire s\u2019entaille la main avec une scie \u00e0 ruban article de ACCIDENTDUTRAVAIL-IDF","og_url":"https:\/\/www.accidentdutravail-idf.net\/blog\/vosges-accident-du-travail-a-anould-un-stagiaire-sentaille-la-main-avec-une-scie-a-ruban\/","og_site_name":"ACCIDENTDUTRAVAIL-IDF","article_published_time":"2024-05-30T09:00:00+00:00","og_image":[{"url":"https:\/\/www.accidentdutravail-idf.net\/blog\/wp-content\/uploads\/2024\/05\/vosges-accident-du-travail-a-anould-un-stagiaire-sentaille-la-main-avec-une-scie-a-ruban.jpg","type":"","width":"","height":""}],"author":"Carlos Poulain","twitter_card":"summary_large_image","twitter_misc":{"\u00c9crit par":"Carlos Poulain","Dur\u00e9e de lecture estim\u00e9e":"2 minutes"},"schema":{"@context":"https:\/\/schema.org","@graph":[{"@type":"Article","@id":"https:\/\/www.accidentdutravail-idf.net\/blog\/vosges-accident-du-travail-a-anould-un-stagiaire-sentaille-la-main-avec-une-scie-a-ruban\/#article","isPartOf":{"@id":"https:\/\/www.accidentdutravail-idf.net\/blog\/vosges-accident-du-travail-a-anould-un-stagiaire-sentaille-la-main-avec-une-scie-a-ruban\/"},"author":{"name":"Carlos Poulain","@id":"https:\/\/www.accidentdutravail-idf.net\/blog\/#\/schema\/person\/3255d2f970de45e64bd9201f38e7b947"},"headline":"Vosges Accident du travail \u00e0 Anould : un stagiaire s\u2019entaille la main avec une scie \u00e0 ruban","datePublished":"2024-05-30T09:00:00+00:00","mainEntityOfPage":{"@id":"https:\/\/www.accidentdutravail-idf.net\/blog\/vosges-accident-du-travail-a-anould-un-stagiaire-sentaille-la-main-avec-une-scie-a-ruban\/"},"wordCount":372,"publisher":{"@id":"https:\/\/www.accidentdutravail-idf.net\/blog\/#organization"},"image":{"@id":"https:\/\/www.accidentdutravail-idf.net\/blog\/vosges-accident-du-travail-a-anould-un-stagiaire-sentaille-la-main-avec-une-scie-a-ruban\/#primaryimage"},"thumbnailUrl":"https:\/\/www.accidentdutravail-idf.net\/blog\/wp-content\/uploads\/2024\/05\/vosges-accident-du-travail-a-anould-un-stagiaire-sentaille-la-main-avec-une-scie-a-ruban.jpg","articleSection":["S\u00e9curit\u00e9 Du Travail En Ile-De-France Et Divers:"],"inLanguage":"fr-FR"},{"@type":"WebPage","@id":"https:\/\/www.accidentdutravail-idf.net\/blog\/vosges-accident-du-travail-a-anould-un-stagiaire-sentaille-la-main-avec-une-scie-a-ruban\/","url":"https:\/\/www.accidentdutravail-idf.net\/blog\/vosges-accident-du-travail-a-anould-un-stagiaire-sentaille-la-main-avec-une-scie-a-ruban\/","name":"Vosges Accident du travail \u00e0 Anould : un stagiaire s\u2019entaille la main avec une scie \u00e0 ruban - ACCIDENTDUTRAVAIL-IDF","isPartOf":{"@id":"https:\/\/www.accidentdutravail-idf.net\/blog\/#website"},"primaryImageOfPage":{"@id":"https:\/\/www.accidentdutravail-idf.net\/blog\/vosges-accident-du-travail-a-anould-un-stagiaire-sentaille-la-main-avec-une-scie-a-ruban\/#primaryimage"},"image":{"@id":"https:\/\/www.accidentdutravail-idf.net\/blog\/vosges-accident-du-travail-a-anould-un-stagiaire-sentaille-la-main-avec-une-scie-a-ruban\/#primaryimage"},"thumbnailUrl":"https:\/\/www.accidentdutravail-idf.net\/blog\/wp-content\/uploads\/2024\/05\/vosges-accident-du-travail-a-anould-un-stagiaire-sentaille-la-main-avec-une-scie-a-ruban.jpg","datePublished":"2024-05-30T09:00:00+00:00","description":"Vosges Accident du travail \u00e0 Anould : un stagiaire s\u2019entaille la main avec une scie \u00e0 ruban article de ACCIDENTDUTRAVAIL-IDF","breadcrumb":{"@id":"https:\/\/www.accidentdutravail-idf.net\/blog\/vosges-accident-du-travail-a-anould-un-stagiaire-sentaille-la-main-avec-une-scie-a-ruban\/#breadcrumb"},"inLanguage":"fr-FR","potentialAction":[{"@type":"ReadAction","target":["https:\/\/www.accidentdutravail-idf.net\/blog\/vosges-accident-du-travail-a-anould-un-stagiaire-sentaille-la-main-avec-une-scie-a-ruban\/"]}]},{"@type":"ImageObject","inLanguage":"fr-FR","@id":"https:\/\/www.accidentdutravail-idf.net\/blog\/vosges-accident-du-travail-a-anould-un-stagiaire-sentaille-la-main-avec-une-scie-a-ruban\/#primaryimage","url":"https:\/\/www.accidentdutravail-idf.net\/blog\/wp-content\/uploads\/2024\/05\/vosges-accident-du-travail-a-anould-un-stagiaire-sentaille-la-main-avec-une-scie-a-ruban.jpg","contentUrl":"https:\/\/www.accidentdutravail-idf.net\/blog\/wp-content\/uploads\/2024\/05\/vosges-accident-du-travail-a-anould-un-stagiaire-sentaille-la-main-avec-une-scie-a-ruban.jpg"},{"@type":"BreadcrumbList","@id":"https:\/\/www.accidentdutravail-idf.net\/blog\/vosges-accident-du-travail-a-anould-un-stagiaire-sentaille-la-main-avec-une-scie-a-ruban\/#breadcrumb","itemListElement":[{"@type":"ListItem","position":1,"name":"Accueil","item":"https:\/\/www.accidentdutravail-idf.net\/blog\/"},{"@type":"ListItem","position":2,"name":"Vosges Accident du travail \u00e0 Anould : un stagiaire s\u2019entaille la main avec une scie \u00e0 ruban"}]},{"@type":"WebSite","@id":"https:\/\/www.accidentdutravail-idf.net\/blog\/#website","url":"https:\/\/www.accidentdutravail-idf.net\/blog\/","name":"ACCIDENTDUTRAVAIL-IDF","description":"Portail accidents du travail-maladies professionnelles des entreprises d&#039;Ile-de-France","publisher":{"@id":"https:\/\/www.accidentdutravail-idf.net\/blog\/#organization"},"potentialAction":[{"@type":"SearchAction","target":{"@type":"EntryPoint","urlTemplate":"https:\/\/www.accidentdutravail-idf.net\/blog\/?s={search_term_string}"},"query-input":{"@type":"PropertyValueSpecification","valueRequired":true,"valueName":"search_term_string"}}],"inLanguage":"fr-FR"},{"@type":"Organization","@id":"https:\/\/www.accidentdutravail-idf.net\/blog\/#organization","name":"accidentdutravail-idf","url":"https:\/\/www.accidentdutravail-idf.net\/blog\/","logo":{"@type":"ImageObject","inLanguage":"fr-FR","@id":"https:\/\/www.accidentdutravail-idf.net\/blog\/#\/schema\/logo\/image\/","url":"https:\/\/www.accidentdutravail-idf.net\/blog\/wp-content\/uploads\/2022\/09\/logo-2.png","contentUrl":"https:\/\/www.accidentdutravail-idf.net\/blog\/wp-content\/uploads\/2022\/09\/logo-2.png","width":380,"height":291,"caption":"accidentdutravail-idf"},"image":{"@id":"https:\/\/www.accidentdutravail-idf.net\/blog\/#\/schema\/logo\/image\/"}},{"@type":"Person","@id":"https:\/\/www.accidentdutravail-idf.net\/blog\/#\/schema\/person\/3255d2f970de45e64bd9201f38e7b947","name":"Carlos Poulain","image":{"@type":"ImageObject","inLanguage":"fr-FR","@id":"https:\/\/secure.gravatar.com\/avatar\/b1c2f9d3588e34e91adb093635df64ef4b2381991216be7576466cfcdca4baf3?s=96&d=mm&r=g","url":"https:\/\/secure.gravatar.com\/avatar\/b1c2f9d3588e34e91adb093635df64ef4b2381991216be7576466cfcdca4baf3?s=96&d=mm&r=g","contentUrl":"https:\/\/secure.gravatar.com\/avatar\/b1c2f9d3588e34e91adb093635df64ef4b2381991216be7576466cfcdca4baf3?s=96&d=mm&r=g","caption":"Carlos Poulain"},"url":"https:\/\/www.accidentdutravail-idf.net\/blog\/author\/idfcarlos\/"}]}},"_links":{"self":[{"href":"https:\/\/www.accidentdutravail-idf.net\/blog\/wp-json\/wp\/v2\/posts\/393","targetHints":{"allow":["GET"]}}],"collection":[{"href":"https:\/\/www.accidentdutravail-idf.net\/blog\/wp-json\/wp\/v2\/posts"}],"about":[{"href":"https:\/\/www.accidentdutravail-idf.net\/blog\/wp-json\/wp\/v2\/types\/post"}],"author":[{"embeddable":true,"href":"https:\/\/www.accidentdutravail-idf.net\/blog\/wp-json\/wp\/v2\/users\/2"}],"replies":[{"embeddable":true,"href":"https:\/\/www.accidentdutravail-idf.net\/blog\/wp-json\/wp\/v2\/comments?post=393"}],"version-history":[{"count":0,"href":"https:\/\/www.accidentdutravail-idf.net\/blog\/wp-json\/wp\/v2\/posts\/393\/revisions"}],"wp:attachment":[{"href":"https:\/\/www.accidentdutravail-idf.net\/blog\/wp-json\/wp\/v2\/media?parent=393"}],"wp:term":[{"taxonomy":"category","embeddable":true,"href":"https:\/\/www.accidentdutravail-idf.net\/blog\/wp-json\/wp\/v2\/categories?post=393"},{"taxonomy":"post_tag","embeddable":true,"href":"https:\/\/www.accidentdutravail-idf.net\/blog\/wp-json\/wp\/v2\/tags?post=393"}],"curies":[{"name":"wp","href":"https:\/\/api.w.org\/{rel}","templated":true}]}}