{"id":389,"date":"2024-05-29T22:00:00","date_gmt":"2024-05-29T20:00:00","guid":{"rendered":"https:\/\/www.accidentdutravail-idf.net\/blog\/grand-besancon-crash-dulm-a-thise-pourquoi-lenquete-examine-un-autre-accident-mortel-dans-les-vosges\/"},"modified":"2024-05-29T22:00:00","modified_gmt":"2024-05-29T20:00:00","slug":"grand-besancon-crash-dulm-a-thise-pourquoi-lenquete-examine-un-autre-accident-mortel-dans-les-vosges","status":"publish","type":"post","link":"https:\/\/www.accidentdutravail-idf.net\/blog\/grand-besancon-crash-dulm-a-thise-pourquoi-lenquete-examine-un-autre-accident-mortel-dans-les-vosges\/","title":{"rendered":"Grand Besan\u00e7on Crash d\u2019ULM \u00e0 Thise : pourquoi l&rsquo;enqu\u00eate examine un autre accident mortel dans les Vosges"},"content":{"rendered":"<div><img decoding=\"async\" src=\"https:\/\/www.accidentdutravail-idf.net\/blog\/wp-content\/uploads\/2024\/05\/grand-besancon-crash-dulm-a-thise-pourquoi-lenquete-examine-un-autre-accident-mortel-dans-les-vosges.jpg\" class=\"ff-og-image-inserted\"><\/div>\n<p>Les enqu\u00eateurs du bureau d\u2019enqu\u00eates et d\u2019analyses pour la s\u00e9curit\u00e9 de l\u2019aviation civile (BEA) ont fait le d\u00e9placement depuis Le Bourget.&nbsp;Ils se sont rendus \u00e0 Thise ce mercredi pour examiner l\u2019\u00e9pave et les \u00e9l\u00e9ments techniques de <a href=\"https:\/\/www.estrepublicain.fr\/faits-divers-justice\/2024\/05\/28\/crash-d-un-ulm-un-homme-se-tue-a-thise\" target=\"_blank\" rel=\"noopener nofollow\">l\u2019accident d\u2019ULM<\/a> qui a co\u00fbt\u00e9 la vie la veille \u00e0 un homme de 60 ans.<\/p>\n<p>Un long travail d\u2019investigation attend ces sp\u00e9cialistes des catastrophes a\u00e9riennes. En parall\u00e8le, les gendarmes se sont int\u00e9ress\u00e9s \u00e0 un autre crash survenu dimanche dans les Vosges, comme l\u2019indique&#8230;<\/p>\n<p> accidentdutravail-idf.net vous a pr\u00e9par\u00e9 ce post qui informe du sujet \u00ab\u00a0Association Sportive Huisson-Longueville Essonne\u00a0\u00bb. La chronique se veut g\u00e9n\u00e9r\u00e9e du mieux possible. Vous pouvez utiliser les coordonn\u00e9es indiqu\u00e9es sur le site dans le but d\u2019apporter des explications sur ce post qui parle du th\u00e8me \u00ab\u00a0Association Sportive Huisson-Longueville Essonne\u00a0\u00bb. Le site accidentdutravail-idf.net a pour but de fournir diverses publications sur la th\u00e9matique Association Sportive Huisson-Longueville Essonne diffus\u00e9es sur le net. Il y aura plusieurs articles autour du sujet \u00ab\u00a0Association Sportive Huisson-Longueville Essonne\u00a0\u00bb dans quelques jours, nous vous invitons \u00e0 naviguer sur notre site web \u00e0 plusieurs reprises.<\/p>\n","protected":false},"excerpt":{"rendered":"<p>Les enqu\u00eateurs du bureau d\u2019enqu\u00eates et d\u2019analyses pour la s\u00e9curit\u00e9 de l\u2019aviation civile (BEA) ont fait le d\u00e9placement depuis Le Bourget.&nbsp;Ils se sont rendus \u00e0 Thise ce mercredi pour examiner l\u2019\u00e9pave et les \u00e9l\u00e9ments techniques de l\u2019accident d\u2019ULM qui a co\u00fbt\u00e9 la vie la veille \u00e0 un homme de 60 ans. Un long travail d\u2019investigation &hellip; <\/p>\n<p class=\"link-more\"><a href=\"https:\/\/www.accidentdutravail-idf.net\/blog\/grand-besancon-crash-dulm-a-thise-pourquoi-lenquete-examine-un-autre-accident-mortel-dans-les-vosges\/\" class=\"more-link\">Continuer la lecture <span class=\"screen-reader-text\"> \u00ab\u00a0Grand Besan\u00e7on Crash d\u2019ULM \u00e0 Thise : pourquoi l&rsquo;enqu\u00eate examine un autre accident mortel dans les Vosges\u00a0\u00bb<\/span><\/a><\/p>\n","protected":false},"author":2,"featured_media":0,"comment_status":"closed","ping_status":"closed","sticky":false,"template":"","format":"standard","meta":{"footnotes":""},"categories":[5],"tags":[],"class_list":["post-389","post","type-post","status-publish","format-standard","hentry","category-securite-du-travail-en-ile-de-france-et-divers","entry"],"yoast_head":"<!-- This site is optimized with the Yoast SEO plugin v27.5 - https:\/\/yoast.com\/product\/yoast-seo-wordpress\/ -->\n<title>Grand Besan\u00e7on Crash d\u2019ULM \u00e0 Thise : pourquoi l&#039;enqu\u00eate examine un autre accident mortel dans les Vosges - ACCIDENTDUTRAVAIL-IDF<\/title>\n<meta name=\"description\" content=\"Grand Besan\u00e7on Crash d\u2019ULM \u00e0 Thise : pourquoi l&#039;enqu\u00eate examine un autre accident mortel dans les Vosges article de ACCIDENTDUTRAVAIL-IDF\" \/>\n<meta name=\"robots\" content=\"index, follow, max-snippet:-1, max-image-preview:large, max-video-preview:-1\" \/>\n<link rel=\"canonical\" href=\"https:\/\/www.accidentdutravail-idf.net\/blog\/grand-besancon-crash-dulm-a-thise-pourquoi-lenquete-examine-un-autre-accident-mortel-dans-les-vosges\/\" \/>\n<meta property=\"og:locale\" content=\"fr_FR\" \/>\n<meta property=\"og:type\" content=\"article\" \/>\n<meta property=\"og:title\" content=\"Grand Besan\u00e7on Crash d\u2019ULM \u00e0 Thise : pourquoi l&#039;enqu\u00eate examine un autre accident mortel dans les Vosges - ACCIDENTDUTRAVAIL-IDF\" \/>\n<meta property=\"og:description\" content=\"Grand Besan\u00e7on Crash d\u2019ULM \u00e0 Thise : pourquoi l&#039;enqu\u00eate examine un autre accident mortel dans les Vosges article de ACCIDENTDUTRAVAIL-IDF\" \/>\n<meta property=\"og:url\" content=\"https:\/\/www.accidentdutravail-idf.net\/blog\/grand-besancon-crash-dulm-a-thise-pourquoi-lenquete-examine-un-autre-accident-mortel-dans-les-vosges\/\" \/>\n<meta property=\"og:site_name\" content=\"ACCIDENTDUTRAVAIL-IDF\" \/>\n<meta property=\"article:published_time\" content=\"2024-05-29T20:00:00+00:00\" \/>\n<meta property=\"og:image\" content=\"https:\/\/www.accidentdutravail-idf.net\/blog\/wp-content\/uploads\/2024\/05\/grand-besancon-crash-dulm-a-thise-pourquoi-lenquete-examine-un-autre-accident-mortel-dans-les-vosges.jpg\" \/>\n<meta name=\"author\" content=\"Carlos Poulain\" \/>\n<meta name=\"twitter:card\" content=\"summary_large_image\" \/>\n<meta name=\"twitter:label1\" content=\"\u00c9crit par\" \/>\n\t<meta name=\"twitter:data1\" content=\"Carlos Poulain\" \/>\n\t<meta name=\"twitter:label2\" content=\"Dur\u00e9e de lecture estim\u00e9e\" \/>\n\t<meta name=\"twitter:data2\" content=\"1 minute\" \/>\n<script type=\"application\/ld+json\" class=\"yoast-schema-graph\">{\"@context\":\"https:\\\/\\\/schema.org\",\"@graph\":[{\"@type\":\"Article\",\"@id\":\"https:\\\/\\\/www.accidentdutravail-idf.net\\\/blog\\\/grand-besancon-crash-dulm-a-thise-pourquoi-lenquete-examine-un-autre-accident-mortel-dans-les-vosges\\\/#article\",\"isPartOf\":{\"@id\":\"https:\\\/\\\/www.accidentdutravail-idf.net\\\/blog\\\/grand-besancon-crash-dulm-a-thise-pourquoi-lenquete-examine-un-autre-accident-mortel-dans-les-vosges\\\/\"},\"author\":{\"name\":\"Carlos Poulain\",\"@id\":\"https:\\\/\\\/www.accidentdutravail-idf.net\\\/blog\\\/#\\\/schema\\\/person\\\/3255d2f970de45e64bd9201f38e7b947\"},\"headline\":\"Grand Besan\u00e7on Crash d\u2019ULM \u00e0 Thise : pourquoi l&rsquo;enqu\u00eate examine un autre accident mortel dans les Vosges\",\"datePublished\":\"2024-05-29T20:00:00+00:00\",\"mainEntityOfPage\":{\"@id\":\"https:\\\/\\\/www.accidentdutravail-idf.net\\\/blog\\\/grand-besancon-crash-dulm-a-thise-pourquoi-lenquete-examine-un-autre-accident-mortel-dans-les-vosges\\\/\"},\"wordCount\":220,\"publisher\":{\"@id\":\"https:\\\/\\\/www.accidentdutravail-idf.net\\\/blog\\\/#organization\"},\"image\":{\"@id\":\"https:\\\/\\\/www.accidentdutravail-idf.net\\\/blog\\\/grand-besancon-crash-dulm-a-thise-pourquoi-lenquete-examine-un-autre-accident-mortel-dans-les-vosges\\\/#primaryimage\"},\"thumbnailUrl\":\"https:\\\/\\\/www.accidentdutravail-idf.net\\\/blog\\\/wp-content\\\/uploads\\\/2024\\\/05\\\/grand-besancon-crash-dulm-a-thise-pourquoi-lenquete-examine-un-autre-accident-mortel-dans-les-vosges.jpg\",\"articleSection\":[\"S\u00e9curit\u00e9 Du Travail En Ile-De-France Et Divers:\"],\"inLanguage\":\"fr-FR\"},{\"@type\":\"WebPage\",\"@id\":\"https:\\\/\\\/www.accidentdutravail-idf.net\\\/blog\\\/grand-besancon-crash-dulm-a-thise-pourquoi-lenquete-examine-un-autre-accident-mortel-dans-les-vosges\\\/\",\"url\":\"https:\\\/\\\/www.accidentdutravail-idf.net\\\/blog\\\/grand-besancon-crash-dulm-a-thise-pourquoi-lenquete-examine-un-autre-accident-mortel-dans-les-vosges\\\/\",\"name\":\"Grand Besan\u00e7on Crash d\u2019ULM \u00e0 Thise : pourquoi l'enqu\u00eate examine un autre accident mortel dans les Vosges - ACCIDENTDUTRAVAIL-IDF\",\"isPartOf\":{\"@id\":\"https:\\\/\\\/www.accidentdutravail-idf.net\\\/blog\\\/#website\"},\"primaryImageOfPage\":{\"@id\":\"https:\\\/\\\/www.accidentdutravail-idf.net\\\/blog\\\/grand-besancon-crash-dulm-a-thise-pourquoi-lenquete-examine-un-autre-accident-mortel-dans-les-vosges\\\/#primaryimage\"},\"image\":{\"@id\":\"https:\\\/\\\/www.accidentdutravail-idf.net\\\/blog\\\/grand-besancon-crash-dulm-a-thise-pourquoi-lenquete-examine-un-autre-accident-mortel-dans-les-vosges\\\/#primaryimage\"},\"thumbnailUrl\":\"https:\\\/\\\/www.accidentdutravail-idf.net\\\/blog\\\/wp-content\\\/uploads\\\/2024\\\/05\\\/grand-besancon-crash-dulm-a-thise-pourquoi-lenquete-examine-un-autre-accident-mortel-dans-les-vosges.jpg\",\"datePublished\":\"2024-05-29T20:00:00+00:00\",\"description\":\"Grand Besan\u00e7on Crash d\u2019ULM \u00e0 Thise : pourquoi l'enqu\u00eate examine un autre accident mortel dans les Vosges article de ACCIDENTDUTRAVAIL-IDF\",\"breadcrumb\":{\"@id\":\"https:\\\/\\\/www.accidentdutravail-idf.net\\\/blog\\\/grand-besancon-crash-dulm-a-thise-pourquoi-lenquete-examine-un-autre-accident-mortel-dans-les-vosges\\\/#breadcrumb\"},\"inLanguage\":\"fr-FR\",\"potentialAction\":[{\"@type\":\"ReadAction\",\"target\":[\"https:\\\/\\\/www.accidentdutravail-idf.net\\\/blog\\\/grand-besancon-crash-dulm-a-thise-pourquoi-lenquete-examine-un-autre-accident-mortel-dans-les-vosges\\\/\"]}]},{\"@type\":\"ImageObject\",\"inLanguage\":\"fr-FR\",\"@id\":\"https:\\\/\\\/www.accidentdutravail-idf.net\\\/blog\\\/grand-besancon-crash-dulm-a-thise-pourquoi-lenquete-examine-un-autre-accident-mortel-dans-les-vosges\\\/#primaryimage\",\"url\":\"https:\\\/\\\/www.accidentdutravail-idf.net\\\/blog\\\/wp-content\\\/uploads\\\/2024\\\/05\\\/grand-besancon-crash-dulm-a-thise-pourquoi-lenquete-examine-un-autre-accident-mortel-dans-les-vosges.jpg\",\"contentUrl\":\"https:\\\/\\\/www.accidentdutravail-idf.net\\\/blog\\\/wp-content\\\/uploads\\\/2024\\\/05\\\/grand-besancon-crash-dulm-a-thise-pourquoi-lenquete-examine-un-autre-accident-mortel-dans-les-vosges.jpg\"},{\"@type\":\"BreadcrumbList\",\"@id\":\"https:\\\/\\\/www.accidentdutravail-idf.net\\\/blog\\\/grand-besancon-crash-dulm-a-thise-pourquoi-lenquete-examine-un-autre-accident-mortel-dans-les-vosges\\\/#breadcrumb\",\"itemListElement\":[{\"@type\":\"ListItem\",\"position\":1,\"name\":\"Accueil\",\"item\":\"https:\\\/\\\/www.accidentdutravail-idf.net\\\/blog\\\/\"},{\"@type\":\"ListItem\",\"position\":2,\"name\":\"Grand Besan\u00e7on Crash d\u2019ULM \u00e0 Thise : pourquoi l&rsquo;enqu\u00eate examine un autre accident mortel dans les Vosges\"}]},{\"@type\":\"WebSite\",\"@id\":\"https:\\\/\\\/www.accidentdutravail-idf.net\\\/blog\\\/#website\",\"url\":\"https:\\\/\\\/www.accidentdutravail-idf.net\\\/blog\\\/\",\"name\":\"ACCIDENTDUTRAVAIL-IDF\",\"description\":\"Portail accidents du travail-maladies professionnelles des entreprises d&#039;Ile-de-France\",\"publisher\":{\"@id\":\"https:\\\/\\\/www.accidentdutravail-idf.net\\\/blog\\\/#organization\"},\"potentialAction\":[{\"@type\":\"SearchAction\",\"target\":{\"@type\":\"EntryPoint\",\"urlTemplate\":\"https:\\\/\\\/www.accidentdutravail-idf.net\\\/blog\\\/?s={search_term_string}\"},\"query-input\":{\"@type\":\"PropertyValueSpecification\",\"valueRequired\":true,\"valueName\":\"search_term_string\"}}],\"inLanguage\":\"fr-FR\"},{\"@type\":\"Organization\",\"@id\":\"https:\\\/\\\/www.accidentdutravail-idf.net\\\/blog\\\/#organization\",\"name\":\"accidentdutravail-idf\",\"url\":\"https:\\\/\\\/www.accidentdutravail-idf.net\\\/blog\\\/\",\"logo\":{\"@type\":\"ImageObject\",\"inLanguage\":\"fr-FR\",\"@id\":\"https:\\\/\\\/www.accidentdutravail-idf.net\\\/blog\\\/#\\\/schema\\\/logo\\\/image\\\/\",\"url\":\"https:\\\/\\\/www.accidentdutravail-idf.net\\\/blog\\\/wp-content\\\/uploads\\\/2022\\\/09\\\/logo-2.png\",\"contentUrl\":\"https:\\\/\\\/www.accidentdutravail-idf.net\\\/blog\\\/wp-content\\\/uploads\\\/2022\\\/09\\\/logo-2.png\",\"width\":380,\"height\":291,\"caption\":\"accidentdutravail-idf\"},\"image\":{\"@id\":\"https:\\\/\\\/www.accidentdutravail-idf.net\\\/blog\\\/#\\\/schema\\\/logo\\\/image\\\/\"}},{\"@type\":\"Person\",\"@id\":\"https:\\\/\\\/www.accidentdutravail-idf.net\\\/blog\\\/#\\\/schema\\\/person\\\/3255d2f970de45e64bd9201f38e7b947\",\"name\":\"Carlos Poulain\",\"image\":{\"@type\":\"ImageObject\",\"inLanguage\":\"fr-FR\",\"@id\":\"https:\\\/\\\/secure.gravatar.com\\\/avatar\\\/b1c2f9d3588e34e91adb093635df64ef4b2381991216be7576466cfcdca4baf3?s=96&d=mm&r=g\",\"url\":\"https:\\\/\\\/secure.gravatar.com\\\/avatar\\\/b1c2f9d3588e34e91adb093635df64ef4b2381991216be7576466cfcdca4baf3?s=96&d=mm&r=g\",\"contentUrl\":\"https:\\\/\\\/secure.gravatar.com\\\/avatar\\\/b1c2f9d3588e34e91adb093635df64ef4b2381991216be7576466cfcdca4baf3?s=96&d=mm&r=g\",\"caption\":\"Carlos Poulain\"},\"url\":\"https:\\\/\\\/www.accidentdutravail-idf.net\\\/blog\\\/author\\\/idfcarlos\\\/\"}]}<\/script>\n<!-- \/ Yoast SEO plugin. -->","yoast_head_json":{"title":"Grand Besan\u00e7on Crash d\u2019ULM \u00e0 Thise : pourquoi l'enqu\u00eate examine un autre accident mortel dans les Vosges - ACCIDENTDUTRAVAIL-IDF","description":"Grand Besan\u00e7on Crash d\u2019ULM \u00e0 Thise : pourquoi l'enqu\u00eate examine un autre accident mortel dans les Vosges article de ACCIDENTDUTRAVAIL-IDF","robots":{"index":"index","follow":"follow","max-snippet":"max-snippet:-1","max-image-preview":"max-image-preview:large","max-video-preview":"max-video-preview:-1"},"canonical":"https:\/\/www.accidentdutravail-idf.net\/blog\/grand-besancon-crash-dulm-a-thise-pourquoi-lenquete-examine-un-autre-accident-mortel-dans-les-vosges\/","og_locale":"fr_FR","og_type":"article","og_title":"Grand Besan\u00e7on Crash d\u2019ULM \u00e0 Thise : pourquoi l'enqu\u00eate examine un autre accident mortel dans les Vosges - ACCIDENTDUTRAVAIL-IDF","og_description":"Grand Besan\u00e7on Crash d\u2019ULM \u00e0 Thise : pourquoi l'enqu\u00eate examine un autre accident mortel dans les Vosges article de ACCIDENTDUTRAVAIL-IDF","og_url":"https:\/\/www.accidentdutravail-idf.net\/blog\/grand-besancon-crash-dulm-a-thise-pourquoi-lenquete-examine-un-autre-accident-mortel-dans-les-vosges\/","og_site_name":"ACCIDENTDUTRAVAIL-IDF","article_published_time":"2024-05-29T20:00:00+00:00","og_image":[{"url":"https:\/\/www.accidentdutravail-idf.net\/blog\/wp-content\/uploads\/2024\/05\/grand-besancon-crash-dulm-a-thise-pourquoi-lenquete-examine-un-autre-accident-mortel-dans-les-vosges.jpg","type":"","width":"","height":""}],"author":"Carlos Poulain","twitter_card":"summary_large_image","twitter_misc":{"\u00c9crit par":"Carlos Poulain","Dur\u00e9e de lecture estim\u00e9e":"1 minute"},"schema":{"@context":"https:\/\/schema.org","@graph":[{"@type":"Article","@id":"https:\/\/www.accidentdutravail-idf.net\/blog\/grand-besancon-crash-dulm-a-thise-pourquoi-lenquete-examine-un-autre-accident-mortel-dans-les-vosges\/#article","isPartOf":{"@id":"https:\/\/www.accidentdutravail-idf.net\/blog\/grand-besancon-crash-dulm-a-thise-pourquoi-lenquete-examine-un-autre-accident-mortel-dans-les-vosges\/"},"author":{"name":"Carlos Poulain","@id":"https:\/\/www.accidentdutravail-idf.net\/blog\/#\/schema\/person\/3255d2f970de45e64bd9201f38e7b947"},"headline":"Grand Besan\u00e7on Crash d\u2019ULM \u00e0 Thise : pourquoi l&rsquo;enqu\u00eate examine un autre accident mortel dans les Vosges","datePublished":"2024-05-29T20:00:00+00:00","mainEntityOfPage":{"@id":"https:\/\/www.accidentdutravail-idf.net\/blog\/grand-besancon-crash-dulm-a-thise-pourquoi-lenquete-examine-un-autre-accident-mortel-dans-les-vosges\/"},"wordCount":220,"publisher":{"@id":"https:\/\/www.accidentdutravail-idf.net\/blog\/#organization"},"image":{"@id":"https:\/\/www.accidentdutravail-idf.net\/blog\/grand-besancon-crash-dulm-a-thise-pourquoi-lenquete-examine-un-autre-accident-mortel-dans-les-vosges\/#primaryimage"},"thumbnailUrl":"https:\/\/www.accidentdutravail-idf.net\/blog\/wp-content\/uploads\/2024\/05\/grand-besancon-crash-dulm-a-thise-pourquoi-lenquete-examine-un-autre-accident-mortel-dans-les-vosges.jpg","articleSection":["S\u00e9curit\u00e9 Du Travail En Ile-De-France Et Divers:"],"inLanguage":"fr-FR"},{"@type":"WebPage","@id":"https:\/\/www.accidentdutravail-idf.net\/blog\/grand-besancon-crash-dulm-a-thise-pourquoi-lenquete-examine-un-autre-accident-mortel-dans-les-vosges\/","url":"https:\/\/www.accidentdutravail-idf.net\/blog\/grand-besancon-crash-dulm-a-thise-pourquoi-lenquete-examine-un-autre-accident-mortel-dans-les-vosges\/","name":"Grand Besan\u00e7on Crash d\u2019ULM \u00e0 Thise : pourquoi l'enqu\u00eate examine un autre accident mortel dans les Vosges - ACCIDENTDUTRAVAIL-IDF","isPartOf":{"@id":"https:\/\/www.accidentdutravail-idf.net\/blog\/#website"},"primaryImageOfPage":{"@id":"https:\/\/www.accidentdutravail-idf.net\/blog\/grand-besancon-crash-dulm-a-thise-pourquoi-lenquete-examine-un-autre-accident-mortel-dans-les-vosges\/#primaryimage"},"image":{"@id":"https:\/\/www.accidentdutravail-idf.net\/blog\/grand-besancon-crash-dulm-a-thise-pourquoi-lenquete-examine-un-autre-accident-mortel-dans-les-vosges\/#primaryimage"},"thumbnailUrl":"https:\/\/www.accidentdutravail-idf.net\/blog\/wp-content\/uploads\/2024\/05\/grand-besancon-crash-dulm-a-thise-pourquoi-lenquete-examine-un-autre-accident-mortel-dans-les-vosges.jpg","datePublished":"2024-05-29T20:00:00+00:00","description":"Grand Besan\u00e7on Crash d\u2019ULM \u00e0 Thise : pourquoi l'enqu\u00eate examine un autre accident mortel dans les Vosges article de ACCIDENTDUTRAVAIL-IDF","breadcrumb":{"@id":"https:\/\/www.accidentdutravail-idf.net\/blog\/grand-besancon-crash-dulm-a-thise-pourquoi-lenquete-examine-un-autre-accident-mortel-dans-les-vosges\/#breadcrumb"},"inLanguage":"fr-FR","potentialAction":[{"@type":"ReadAction","target":["https:\/\/www.accidentdutravail-idf.net\/blog\/grand-besancon-crash-dulm-a-thise-pourquoi-lenquete-examine-un-autre-accident-mortel-dans-les-vosges\/"]}]},{"@type":"ImageObject","inLanguage":"fr-FR","@id":"https:\/\/www.accidentdutravail-idf.net\/blog\/grand-besancon-crash-dulm-a-thise-pourquoi-lenquete-examine-un-autre-accident-mortel-dans-les-vosges\/#primaryimage","url":"https:\/\/www.accidentdutravail-idf.net\/blog\/wp-content\/uploads\/2024\/05\/grand-besancon-crash-dulm-a-thise-pourquoi-lenquete-examine-un-autre-accident-mortel-dans-les-vosges.jpg","contentUrl":"https:\/\/www.accidentdutravail-idf.net\/blog\/wp-content\/uploads\/2024\/05\/grand-besancon-crash-dulm-a-thise-pourquoi-lenquete-examine-un-autre-accident-mortel-dans-les-vosges.jpg"},{"@type":"BreadcrumbList","@id":"https:\/\/www.accidentdutravail-idf.net\/blog\/grand-besancon-crash-dulm-a-thise-pourquoi-lenquete-examine-un-autre-accident-mortel-dans-les-vosges\/#breadcrumb","itemListElement":[{"@type":"ListItem","position":1,"name":"Accueil","item":"https:\/\/www.accidentdutravail-idf.net\/blog\/"},{"@type":"ListItem","position":2,"name":"Grand Besan\u00e7on Crash d\u2019ULM \u00e0 Thise : pourquoi l&rsquo;enqu\u00eate examine un autre accident mortel dans les Vosges"}]},{"@type":"WebSite","@id":"https:\/\/www.accidentdutravail-idf.net\/blog\/#website","url":"https:\/\/www.accidentdutravail-idf.net\/blog\/","name":"ACCIDENTDUTRAVAIL-IDF","description":"Portail accidents du travail-maladies professionnelles des entreprises d&#039;Ile-de-France","publisher":{"@id":"https:\/\/www.accidentdutravail-idf.net\/blog\/#organization"},"potentialAction":[{"@type":"SearchAction","target":{"@type":"EntryPoint","urlTemplate":"https:\/\/www.accidentdutravail-idf.net\/blog\/?s={search_term_string}"},"query-input":{"@type":"PropertyValueSpecification","valueRequired":true,"valueName":"search_term_string"}}],"inLanguage":"fr-FR"},{"@type":"Organization","@id":"https:\/\/www.accidentdutravail-idf.net\/blog\/#organization","name":"accidentdutravail-idf","url":"https:\/\/www.accidentdutravail-idf.net\/blog\/","logo":{"@type":"ImageObject","inLanguage":"fr-FR","@id":"https:\/\/www.accidentdutravail-idf.net\/blog\/#\/schema\/logo\/image\/","url":"https:\/\/www.accidentdutravail-idf.net\/blog\/wp-content\/uploads\/2022\/09\/logo-2.png","contentUrl":"https:\/\/www.accidentdutravail-idf.net\/blog\/wp-content\/uploads\/2022\/09\/logo-2.png","width":380,"height":291,"caption":"accidentdutravail-idf"},"image":{"@id":"https:\/\/www.accidentdutravail-idf.net\/blog\/#\/schema\/logo\/image\/"}},{"@type":"Person","@id":"https:\/\/www.accidentdutravail-idf.net\/blog\/#\/schema\/person\/3255d2f970de45e64bd9201f38e7b947","name":"Carlos Poulain","image":{"@type":"ImageObject","inLanguage":"fr-FR","@id":"https:\/\/secure.gravatar.com\/avatar\/b1c2f9d3588e34e91adb093635df64ef4b2381991216be7576466cfcdca4baf3?s=96&d=mm&r=g","url":"https:\/\/secure.gravatar.com\/avatar\/b1c2f9d3588e34e91adb093635df64ef4b2381991216be7576466cfcdca4baf3?s=96&d=mm&r=g","contentUrl":"https:\/\/secure.gravatar.com\/avatar\/b1c2f9d3588e34e91adb093635df64ef4b2381991216be7576466cfcdca4baf3?s=96&d=mm&r=g","caption":"Carlos Poulain"},"url":"https:\/\/www.accidentdutravail-idf.net\/blog\/author\/idfcarlos\/"}]}},"_links":{"self":[{"href":"https:\/\/www.accidentdutravail-idf.net\/blog\/wp-json\/wp\/v2\/posts\/389","targetHints":{"allow":["GET"]}}],"collection":[{"href":"https:\/\/www.accidentdutravail-idf.net\/blog\/wp-json\/wp\/v2\/posts"}],"about":[{"href":"https:\/\/www.accidentdutravail-idf.net\/blog\/wp-json\/wp\/v2\/types\/post"}],"author":[{"embeddable":true,"href":"https:\/\/www.accidentdutravail-idf.net\/blog\/wp-json\/wp\/v2\/users\/2"}],"replies":[{"embeddable":true,"href":"https:\/\/www.accidentdutravail-idf.net\/blog\/wp-json\/wp\/v2\/comments?post=389"}],"version-history":[{"count":0,"href":"https:\/\/www.accidentdutravail-idf.net\/blog\/wp-json\/wp\/v2\/posts\/389\/revisions"}],"wp:attachment":[{"href":"https:\/\/www.accidentdutravail-idf.net\/blog\/wp-json\/wp\/v2\/media?parent=389"}],"wp:term":[{"taxonomy":"category","embeddable":true,"href":"https:\/\/www.accidentdutravail-idf.net\/blog\/wp-json\/wp\/v2\/categories?post=389"},{"taxonomy":"post_tag","embeddable":true,"href":"https:\/\/www.accidentdutravail-idf.net\/blog\/wp-json\/wp\/v2\/tags?post=389"}],"curies":[{"name":"wp","href":"https:\/\/api.w.org\/{rel}","templated":true}]}}