{"id":386,"date":"2024-05-27T19:00:00","date_gmt":"2024-05-27T17:00:00","guid":{"rendered":"https:\/\/www.accidentdutravail-idf.net\/blog\/un-accident-sur-la-rn17-fait-deux-blesses-importants-bouchons-au-nord-darras\/"},"modified":"2024-05-27T19:00:00","modified_gmt":"2024-05-27T17:00:00","slug":"un-accident-sur-la-rn17-fait-deux-blesses-importants-bouchons-au-nord-darras","status":"publish","type":"post","link":"https:\/\/www.accidentdutravail-idf.net\/blog\/un-accident-sur-la-rn17-fait-deux-blesses-importants-bouchons-au-nord-darras\/","title":{"rendered":"Un accident sur la RN17 fait deux bless\u00e9s, importants bouchons au nord d\u2019Arras"},"content":{"rendered":"<p>Il \u00e9tait pr\u00e8s de 17 h 30, ce mardi, quand une collision impliquant une voiture et un camion-benne s\u2019est produite sur la RN 17, \u00e0 hauteur de Roclincourt et \u00c9curie, dans le sens Arras \u2013 Th\u00e9lus \u2013 Lens. Le choc, qui a eu lieu peu avant la sortie menant \u00e0 l\u2019A26, a fait deux bless\u00e9s dans chacun des v\u00e9hicules.<\/p>\n<p><!-- \/\/ builder=DFPTagBuilder, site=LAVOIXDUNORDENG, pageType=node, context=\/Sections\/Hauts-de-France\/Arrageois - Ternois, position=article_article, edition=, domain=www.lavoixdunord.fr --> <!-- \/\/ builder=DFPTagBuilder, site=LAVOIXDUNORDENG, pageType=node, context=\/Sections\/Hauts-de-France\/Arrageois - Ternois, position=article_article, edition=, domain=www.lavoixdunord.fr --> <\/p>\n<figure role=\"img\"> <img decoding=\"async\" class=\"r-img\" src=\"https:\/\/www.accidentdutravail-idf.net\/blog\/wp-content\/uploads\/2024\/05\/un-accident-sur-la-rn17-fait-deux-blesses-importants-bouchons-au-nord-darras.jpg\" alt=\"L\u2019accident, qui a fait deux bless\u00e9s, a entra\u00een\u00e9 d\u2019importants bouchons.\"><figcaption>L\u2019accident, qui a fait deux bless\u00e9s, a entra\u00een\u00e9 d\u2019importants bouchons.<\/figcaption><\/figure>\n<p><!-- END scald=59068438 --><\/p>\n<p>Deux personnes \u00e2g\u00e9es de 47 et 49 ans ont \u00e9t\u00e9 prises en charge par les pompiers d\u2019Arras et transport\u00e9es \u00e0 l\u2019h\u00f4pital.<\/p>\n<p><!-- \/\/ builder=DFPTagBuilder, site=LAVOIXDUNORDENG, pageType=node, context=\/Sections\/Hauts-de-France\/Arrageois - Ternois, position=article_article, edition=, domain=www.lavoixdunord.fr --> <\/p>\n<p>L\u2019accident a entra\u00een\u00e9 d\u2019importants bouchons, la circulation \u00e9tant r\u00e9duite sur une voie \u00e0 l\u2019heure de sortie du travail. On a comptabilis\u00e9 jusqu\u2019\u00e0 trois kilom\u00e8tres de bouchons dans le sens Arras \u2013 Lens.<\/p>\n<p>accidentdutravail-idf.net vous a pr\u00e9par\u00e9 ce post qui informe du sujet \u00ab\u00a0Association Sportive Huisson-Longueville Essonne\u00a0\u00bb. La chronique se veut g\u00e9n\u00e9r\u00e9e du mieux possible. Vous pouvez utiliser les coordonn\u00e9es indiqu\u00e9es sur le site dans le but d\u2019apporter des explications sur ce post qui parle du th\u00e8me \u00ab\u00a0Association Sportive Huisson-Longueville Essonne\u00a0\u00bb. Le site accidentdutravail-idf.net a pour but de fournir diverses publications sur la th\u00e9matique Association Sportive Huisson-Longueville Essonne diffus\u00e9es sur le net. Il y aura plusieurs articles autour du sujet \u00ab\u00a0Association Sportive Huisson-Longueville Essonne\u00a0\u00bb dans quelques jours, nous vous invitons \u00e0 naviguer sur notre site web \u00e0 plusieurs reprises.<\/p>\n","protected":false},"excerpt":{"rendered":"<p>Il \u00e9tait pr\u00e8s de 17 h 30, ce mardi, quand une collision impliquant une voiture et un camion-benne s\u2019est produite sur la RN 17, \u00e0 hauteur de Roclincourt et \u00c9curie, dans le sens Arras \u2013 Th\u00e9lus \u2013 Lens. Le choc, qui a eu lieu peu avant la sortie menant \u00e0 l\u2019A26, a fait deux bless\u00e9s &hellip; <\/p>\n<p class=\"link-more\"><a href=\"https:\/\/www.accidentdutravail-idf.net\/blog\/un-accident-sur-la-rn17-fait-deux-blesses-importants-bouchons-au-nord-darras\/\" class=\"more-link\">Continuer la lecture <span class=\"screen-reader-text\"> \u00ab\u00a0Un accident sur la RN17 fait deux bless\u00e9s, importants bouchons au nord d\u2019Arras\u00a0\u00bb<\/span><\/a><\/p>\n","protected":false},"author":2,"featured_media":0,"comment_status":"closed","ping_status":"closed","sticky":false,"template":"","format":"standard","meta":{"footnotes":""},"categories":[5],"tags":[],"class_list":["post-386","post","type-post","status-publish","format-standard","hentry","category-securite-du-travail-en-ile-de-france-et-divers","entry"],"yoast_head":"<!-- This site is optimized with the Yoast SEO plugin v27.5 - https:\/\/yoast.com\/product\/yoast-seo-wordpress\/ -->\n<title>Un accident sur la RN17 fait deux bless\u00e9s, importants bouchons au nord d\u2019Arras - ACCIDENTDUTRAVAIL-IDF<\/title>\n<meta name=\"description\" content=\"Un accident sur la RN17 fait deux bless\u00e9s, importants bouchons au nord d\u2019Arras article de ACCIDENTDUTRAVAIL-IDF\" \/>\n<meta name=\"robots\" content=\"index, follow, max-snippet:-1, max-image-preview:large, max-video-preview:-1\" \/>\n<link rel=\"canonical\" href=\"https:\/\/www.accidentdutravail-idf.net\/blog\/un-accident-sur-la-rn17-fait-deux-blesses-importants-bouchons-au-nord-darras\/\" \/>\n<meta property=\"og:locale\" content=\"fr_FR\" \/>\n<meta property=\"og:type\" content=\"article\" \/>\n<meta property=\"og:title\" content=\"Un accident sur la RN17 fait deux bless\u00e9s, importants bouchons au nord d\u2019Arras - ACCIDENTDUTRAVAIL-IDF\" \/>\n<meta property=\"og:description\" content=\"Un accident sur la RN17 fait deux bless\u00e9s, importants bouchons au nord d\u2019Arras article de ACCIDENTDUTRAVAIL-IDF\" \/>\n<meta property=\"og:url\" content=\"https:\/\/www.accidentdutravail-idf.net\/blog\/un-accident-sur-la-rn17-fait-deux-blesses-importants-bouchons-au-nord-darras\/\" \/>\n<meta property=\"og:site_name\" content=\"ACCIDENTDUTRAVAIL-IDF\" \/>\n<meta property=\"article:published_time\" content=\"2024-05-27T17:00:00+00:00\" \/>\n<meta property=\"og:image\" content=\"https:\/\/www.accidentdutravail-idf.net\/blog\/wp-content\/uploads\/2024\/05\/un-accident-sur-la-rn17-fait-deux-blesses-importants-bouchons-au-nord-darras.jpg\" \/>\n<meta name=\"author\" content=\"Carlos Poulain\" \/>\n<meta name=\"twitter:card\" content=\"summary_large_image\" \/>\n<meta name=\"twitter:label1\" content=\"\u00c9crit par\" \/>\n\t<meta name=\"twitter:data1\" content=\"Carlos Poulain\" \/>\n\t<meta name=\"twitter:label2\" content=\"Dur\u00e9e de lecture estim\u00e9e\" \/>\n\t<meta name=\"twitter:data2\" content=\"1 minute\" \/>\n<script type=\"application\/ld+json\" class=\"yoast-schema-graph\">{\"@context\":\"https:\\\/\\\/schema.org\",\"@graph\":[{\"@type\":\"Article\",\"@id\":\"https:\\\/\\\/www.accidentdutravail-idf.net\\\/blog\\\/un-accident-sur-la-rn17-fait-deux-blesses-importants-bouchons-au-nord-darras\\\/#article\",\"isPartOf\":{\"@id\":\"https:\\\/\\\/www.accidentdutravail-idf.net\\\/blog\\\/un-accident-sur-la-rn17-fait-deux-blesses-importants-bouchons-au-nord-darras\\\/\"},\"author\":{\"name\":\"Carlos Poulain\",\"@id\":\"https:\\\/\\\/www.accidentdutravail-idf.net\\\/blog\\\/#\\\/schema\\\/person\\\/3255d2f970de45e64bd9201f38e7b947\"},\"headline\":\"Un accident sur la RN17 fait deux bless\u00e9s, importants bouchons au nord d\u2019Arras\",\"datePublished\":\"2024-05-27T17:00:00+00:00\",\"mainEntityOfPage\":{\"@id\":\"https:\\\/\\\/www.accidentdutravail-idf.net\\\/blog\\\/un-accident-sur-la-rn17-fait-deux-blesses-importants-bouchons-au-nord-darras\\\/\"},\"wordCount\":252,\"publisher\":{\"@id\":\"https:\\\/\\\/www.accidentdutravail-idf.net\\\/blog\\\/#organization\"},\"image\":{\"@id\":\"https:\\\/\\\/www.accidentdutravail-idf.net\\\/blog\\\/un-accident-sur-la-rn17-fait-deux-blesses-importants-bouchons-au-nord-darras\\\/#primaryimage\"},\"thumbnailUrl\":\"https:\\\/\\\/www.accidentdutravail-idf.net\\\/blog\\\/wp-content\\\/uploads\\\/2024\\\/05\\\/un-accident-sur-la-rn17-fait-deux-blesses-importants-bouchons-au-nord-darras.jpg\",\"articleSection\":[\"S\u00e9curit\u00e9 Du Travail En Ile-De-France Et Divers:\"],\"inLanguage\":\"fr-FR\"},{\"@type\":\"WebPage\",\"@id\":\"https:\\\/\\\/www.accidentdutravail-idf.net\\\/blog\\\/un-accident-sur-la-rn17-fait-deux-blesses-importants-bouchons-au-nord-darras\\\/\",\"url\":\"https:\\\/\\\/www.accidentdutravail-idf.net\\\/blog\\\/un-accident-sur-la-rn17-fait-deux-blesses-importants-bouchons-au-nord-darras\\\/\",\"name\":\"Un accident sur la RN17 fait deux bless\u00e9s, importants bouchons au nord d\u2019Arras - ACCIDENTDUTRAVAIL-IDF\",\"isPartOf\":{\"@id\":\"https:\\\/\\\/www.accidentdutravail-idf.net\\\/blog\\\/#website\"},\"primaryImageOfPage\":{\"@id\":\"https:\\\/\\\/www.accidentdutravail-idf.net\\\/blog\\\/un-accident-sur-la-rn17-fait-deux-blesses-importants-bouchons-au-nord-darras\\\/#primaryimage\"},\"image\":{\"@id\":\"https:\\\/\\\/www.accidentdutravail-idf.net\\\/blog\\\/un-accident-sur-la-rn17-fait-deux-blesses-importants-bouchons-au-nord-darras\\\/#primaryimage\"},\"thumbnailUrl\":\"https:\\\/\\\/www.accidentdutravail-idf.net\\\/blog\\\/wp-content\\\/uploads\\\/2024\\\/05\\\/un-accident-sur-la-rn17-fait-deux-blesses-importants-bouchons-au-nord-darras.jpg\",\"datePublished\":\"2024-05-27T17:00:00+00:00\",\"description\":\"Un accident sur la RN17 fait deux bless\u00e9s, importants bouchons au nord d\u2019Arras article de ACCIDENTDUTRAVAIL-IDF\",\"breadcrumb\":{\"@id\":\"https:\\\/\\\/www.accidentdutravail-idf.net\\\/blog\\\/un-accident-sur-la-rn17-fait-deux-blesses-importants-bouchons-au-nord-darras\\\/#breadcrumb\"},\"inLanguage\":\"fr-FR\",\"potentialAction\":[{\"@type\":\"ReadAction\",\"target\":[\"https:\\\/\\\/www.accidentdutravail-idf.net\\\/blog\\\/un-accident-sur-la-rn17-fait-deux-blesses-importants-bouchons-au-nord-darras\\\/\"]}]},{\"@type\":\"ImageObject\",\"inLanguage\":\"fr-FR\",\"@id\":\"https:\\\/\\\/www.accidentdutravail-idf.net\\\/blog\\\/un-accident-sur-la-rn17-fait-deux-blesses-importants-bouchons-au-nord-darras\\\/#primaryimage\",\"url\":\"https:\\\/\\\/www.accidentdutravail-idf.net\\\/blog\\\/wp-content\\\/uploads\\\/2024\\\/05\\\/un-accident-sur-la-rn17-fait-deux-blesses-importants-bouchons-au-nord-darras.jpg\",\"contentUrl\":\"https:\\\/\\\/www.accidentdutravail-idf.net\\\/blog\\\/wp-content\\\/uploads\\\/2024\\\/05\\\/un-accident-sur-la-rn17-fait-deux-blesses-importants-bouchons-au-nord-darras.jpg\"},{\"@type\":\"BreadcrumbList\",\"@id\":\"https:\\\/\\\/www.accidentdutravail-idf.net\\\/blog\\\/un-accident-sur-la-rn17-fait-deux-blesses-importants-bouchons-au-nord-darras\\\/#breadcrumb\",\"itemListElement\":[{\"@type\":\"ListItem\",\"position\":1,\"name\":\"Accueil\",\"item\":\"https:\\\/\\\/www.accidentdutravail-idf.net\\\/blog\\\/\"},{\"@type\":\"ListItem\",\"position\":2,\"name\":\"Un accident sur la RN17 fait deux bless\u00e9s, importants bouchons au nord d\u2019Arras\"}]},{\"@type\":\"WebSite\",\"@id\":\"https:\\\/\\\/www.accidentdutravail-idf.net\\\/blog\\\/#website\",\"url\":\"https:\\\/\\\/www.accidentdutravail-idf.net\\\/blog\\\/\",\"name\":\"ACCIDENTDUTRAVAIL-IDF\",\"description\":\"Portail accidents du travail-maladies professionnelles des entreprises d&#039;Ile-de-France\",\"publisher\":{\"@id\":\"https:\\\/\\\/www.accidentdutravail-idf.net\\\/blog\\\/#organization\"},\"potentialAction\":[{\"@type\":\"SearchAction\",\"target\":{\"@type\":\"EntryPoint\",\"urlTemplate\":\"https:\\\/\\\/www.accidentdutravail-idf.net\\\/blog\\\/?s={search_term_string}\"},\"query-input\":{\"@type\":\"PropertyValueSpecification\",\"valueRequired\":true,\"valueName\":\"search_term_string\"}}],\"inLanguage\":\"fr-FR\"},{\"@type\":\"Organization\",\"@id\":\"https:\\\/\\\/www.accidentdutravail-idf.net\\\/blog\\\/#organization\",\"name\":\"accidentdutravail-idf\",\"url\":\"https:\\\/\\\/www.accidentdutravail-idf.net\\\/blog\\\/\",\"logo\":{\"@type\":\"ImageObject\",\"inLanguage\":\"fr-FR\",\"@id\":\"https:\\\/\\\/www.accidentdutravail-idf.net\\\/blog\\\/#\\\/schema\\\/logo\\\/image\\\/\",\"url\":\"https:\\\/\\\/www.accidentdutravail-idf.net\\\/blog\\\/wp-content\\\/uploads\\\/2022\\\/09\\\/logo-2.png\",\"contentUrl\":\"https:\\\/\\\/www.accidentdutravail-idf.net\\\/blog\\\/wp-content\\\/uploads\\\/2022\\\/09\\\/logo-2.png\",\"width\":380,\"height\":291,\"caption\":\"accidentdutravail-idf\"},\"image\":{\"@id\":\"https:\\\/\\\/www.accidentdutravail-idf.net\\\/blog\\\/#\\\/schema\\\/logo\\\/image\\\/\"}},{\"@type\":\"Person\",\"@id\":\"https:\\\/\\\/www.accidentdutravail-idf.net\\\/blog\\\/#\\\/schema\\\/person\\\/3255d2f970de45e64bd9201f38e7b947\",\"name\":\"Carlos Poulain\",\"image\":{\"@type\":\"ImageObject\",\"inLanguage\":\"fr-FR\",\"@id\":\"https:\\\/\\\/secure.gravatar.com\\\/avatar\\\/b1c2f9d3588e34e91adb093635df64ef4b2381991216be7576466cfcdca4baf3?s=96&d=mm&r=g\",\"url\":\"https:\\\/\\\/secure.gravatar.com\\\/avatar\\\/b1c2f9d3588e34e91adb093635df64ef4b2381991216be7576466cfcdca4baf3?s=96&d=mm&r=g\",\"contentUrl\":\"https:\\\/\\\/secure.gravatar.com\\\/avatar\\\/b1c2f9d3588e34e91adb093635df64ef4b2381991216be7576466cfcdca4baf3?s=96&d=mm&r=g\",\"caption\":\"Carlos Poulain\"},\"url\":\"https:\\\/\\\/www.accidentdutravail-idf.net\\\/blog\\\/author\\\/idfcarlos\\\/\"}]}<\/script>\n<!-- \/ Yoast SEO plugin. -->","yoast_head_json":{"title":"Un accident sur la RN17 fait deux bless\u00e9s, importants bouchons au nord d\u2019Arras - ACCIDENTDUTRAVAIL-IDF","description":"Un accident sur la RN17 fait deux bless\u00e9s, importants bouchons au nord d\u2019Arras article de ACCIDENTDUTRAVAIL-IDF","robots":{"index":"index","follow":"follow","max-snippet":"max-snippet:-1","max-image-preview":"max-image-preview:large","max-video-preview":"max-video-preview:-1"},"canonical":"https:\/\/www.accidentdutravail-idf.net\/blog\/un-accident-sur-la-rn17-fait-deux-blesses-importants-bouchons-au-nord-darras\/","og_locale":"fr_FR","og_type":"article","og_title":"Un accident sur la RN17 fait deux bless\u00e9s, importants bouchons au nord d\u2019Arras - ACCIDENTDUTRAVAIL-IDF","og_description":"Un accident sur la RN17 fait deux bless\u00e9s, importants bouchons au nord d\u2019Arras article de ACCIDENTDUTRAVAIL-IDF","og_url":"https:\/\/www.accidentdutravail-idf.net\/blog\/un-accident-sur-la-rn17-fait-deux-blesses-importants-bouchons-au-nord-darras\/","og_site_name":"ACCIDENTDUTRAVAIL-IDF","article_published_time":"2024-05-27T17:00:00+00:00","og_image":[{"url":"https:\/\/www.accidentdutravail-idf.net\/blog\/wp-content\/uploads\/2024\/05\/un-accident-sur-la-rn17-fait-deux-blesses-importants-bouchons-au-nord-darras.jpg","type":"","width":"","height":""}],"author":"Carlos Poulain","twitter_card":"summary_large_image","twitter_misc":{"\u00c9crit par":"Carlos Poulain","Dur\u00e9e de lecture estim\u00e9e":"1 minute"},"schema":{"@context":"https:\/\/schema.org","@graph":[{"@type":"Article","@id":"https:\/\/www.accidentdutravail-idf.net\/blog\/un-accident-sur-la-rn17-fait-deux-blesses-importants-bouchons-au-nord-darras\/#article","isPartOf":{"@id":"https:\/\/www.accidentdutravail-idf.net\/blog\/un-accident-sur-la-rn17-fait-deux-blesses-importants-bouchons-au-nord-darras\/"},"author":{"name":"Carlos Poulain","@id":"https:\/\/www.accidentdutravail-idf.net\/blog\/#\/schema\/person\/3255d2f970de45e64bd9201f38e7b947"},"headline":"Un accident sur la RN17 fait deux bless\u00e9s, importants bouchons au nord d\u2019Arras","datePublished":"2024-05-27T17:00:00+00:00","mainEntityOfPage":{"@id":"https:\/\/www.accidentdutravail-idf.net\/blog\/un-accident-sur-la-rn17-fait-deux-blesses-importants-bouchons-au-nord-darras\/"},"wordCount":252,"publisher":{"@id":"https:\/\/www.accidentdutravail-idf.net\/blog\/#organization"},"image":{"@id":"https:\/\/www.accidentdutravail-idf.net\/blog\/un-accident-sur-la-rn17-fait-deux-blesses-importants-bouchons-au-nord-darras\/#primaryimage"},"thumbnailUrl":"https:\/\/www.accidentdutravail-idf.net\/blog\/wp-content\/uploads\/2024\/05\/un-accident-sur-la-rn17-fait-deux-blesses-importants-bouchons-au-nord-darras.jpg","articleSection":["S\u00e9curit\u00e9 Du Travail En Ile-De-France Et Divers:"],"inLanguage":"fr-FR"},{"@type":"WebPage","@id":"https:\/\/www.accidentdutravail-idf.net\/blog\/un-accident-sur-la-rn17-fait-deux-blesses-importants-bouchons-au-nord-darras\/","url":"https:\/\/www.accidentdutravail-idf.net\/blog\/un-accident-sur-la-rn17-fait-deux-blesses-importants-bouchons-au-nord-darras\/","name":"Un accident sur la RN17 fait deux bless\u00e9s, importants bouchons au nord d\u2019Arras - ACCIDENTDUTRAVAIL-IDF","isPartOf":{"@id":"https:\/\/www.accidentdutravail-idf.net\/blog\/#website"},"primaryImageOfPage":{"@id":"https:\/\/www.accidentdutravail-idf.net\/blog\/un-accident-sur-la-rn17-fait-deux-blesses-importants-bouchons-au-nord-darras\/#primaryimage"},"image":{"@id":"https:\/\/www.accidentdutravail-idf.net\/blog\/un-accident-sur-la-rn17-fait-deux-blesses-importants-bouchons-au-nord-darras\/#primaryimage"},"thumbnailUrl":"https:\/\/www.accidentdutravail-idf.net\/blog\/wp-content\/uploads\/2024\/05\/un-accident-sur-la-rn17-fait-deux-blesses-importants-bouchons-au-nord-darras.jpg","datePublished":"2024-05-27T17:00:00+00:00","description":"Un accident sur la RN17 fait deux bless\u00e9s, importants bouchons au nord d\u2019Arras article de ACCIDENTDUTRAVAIL-IDF","breadcrumb":{"@id":"https:\/\/www.accidentdutravail-idf.net\/blog\/un-accident-sur-la-rn17-fait-deux-blesses-importants-bouchons-au-nord-darras\/#breadcrumb"},"inLanguage":"fr-FR","potentialAction":[{"@type":"ReadAction","target":["https:\/\/www.accidentdutravail-idf.net\/blog\/un-accident-sur-la-rn17-fait-deux-blesses-importants-bouchons-au-nord-darras\/"]}]},{"@type":"ImageObject","inLanguage":"fr-FR","@id":"https:\/\/www.accidentdutravail-idf.net\/blog\/un-accident-sur-la-rn17-fait-deux-blesses-importants-bouchons-au-nord-darras\/#primaryimage","url":"https:\/\/www.accidentdutravail-idf.net\/blog\/wp-content\/uploads\/2024\/05\/un-accident-sur-la-rn17-fait-deux-blesses-importants-bouchons-au-nord-darras.jpg","contentUrl":"https:\/\/www.accidentdutravail-idf.net\/blog\/wp-content\/uploads\/2024\/05\/un-accident-sur-la-rn17-fait-deux-blesses-importants-bouchons-au-nord-darras.jpg"},{"@type":"BreadcrumbList","@id":"https:\/\/www.accidentdutravail-idf.net\/blog\/un-accident-sur-la-rn17-fait-deux-blesses-importants-bouchons-au-nord-darras\/#breadcrumb","itemListElement":[{"@type":"ListItem","position":1,"name":"Accueil","item":"https:\/\/www.accidentdutravail-idf.net\/blog\/"},{"@type":"ListItem","position":2,"name":"Un accident sur la RN17 fait deux bless\u00e9s, importants bouchons au nord d\u2019Arras"}]},{"@type":"WebSite","@id":"https:\/\/www.accidentdutravail-idf.net\/blog\/#website","url":"https:\/\/www.accidentdutravail-idf.net\/blog\/","name":"ACCIDENTDUTRAVAIL-IDF","description":"Portail accidents du travail-maladies professionnelles des entreprises d&#039;Ile-de-France","publisher":{"@id":"https:\/\/www.accidentdutravail-idf.net\/blog\/#organization"},"potentialAction":[{"@type":"SearchAction","target":{"@type":"EntryPoint","urlTemplate":"https:\/\/www.accidentdutravail-idf.net\/blog\/?s={search_term_string}"},"query-input":{"@type":"PropertyValueSpecification","valueRequired":true,"valueName":"search_term_string"}}],"inLanguage":"fr-FR"},{"@type":"Organization","@id":"https:\/\/www.accidentdutravail-idf.net\/blog\/#organization","name":"accidentdutravail-idf","url":"https:\/\/www.accidentdutravail-idf.net\/blog\/","logo":{"@type":"ImageObject","inLanguage":"fr-FR","@id":"https:\/\/www.accidentdutravail-idf.net\/blog\/#\/schema\/logo\/image\/","url":"https:\/\/www.accidentdutravail-idf.net\/blog\/wp-content\/uploads\/2022\/09\/logo-2.png","contentUrl":"https:\/\/www.accidentdutravail-idf.net\/blog\/wp-content\/uploads\/2022\/09\/logo-2.png","width":380,"height":291,"caption":"accidentdutravail-idf"},"image":{"@id":"https:\/\/www.accidentdutravail-idf.net\/blog\/#\/schema\/logo\/image\/"}},{"@type":"Person","@id":"https:\/\/www.accidentdutravail-idf.net\/blog\/#\/schema\/person\/3255d2f970de45e64bd9201f38e7b947","name":"Carlos Poulain","image":{"@type":"ImageObject","inLanguage":"fr-FR","@id":"https:\/\/secure.gravatar.com\/avatar\/b1c2f9d3588e34e91adb093635df64ef4b2381991216be7576466cfcdca4baf3?s=96&d=mm&r=g","url":"https:\/\/secure.gravatar.com\/avatar\/b1c2f9d3588e34e91adb093635df64ef4b2381991216be7576466cfcdca4baf3?s=96&d=mm&r=g","contentUrl":"https:\/\/secure.gravatar.com\/avatar\/b1c2f9d3588e34e91adb093635df64ef4b2381991216be7576466cfcdca4baf3?s=96&d=mm&r=g","caption":"Carlos Poulain"},"url":"https:\/\/www.accidentdutravail-idf.net\/blog\/author\/idfcarlos\/"}]}},"_links":{"self":[{"href":"https:\/\/www.accidentdutravail-idf.net\/blog\/wp-json\/wp\/v2\/posts\/386","targetHints":{"allow":["GET"]}}],"collection":[{"href":"https:\/\/www.accidentdutravail-idf.net\/blog\/wp-json\/wp\/v2\/posts"}],"about":[{"href":"https:\/\/www.accidentdutravail-idf.net\/blog\/wp-json\/wp\/v2\/types\/post"}],"author":[{"embeddable":true,"href":"https:\/\/www.accidentdutravail-idf.net\/blog\/wp-json\/wp\/v2\/users\/2"}],"replies":[{"embeddable":true,"href":"https:\/\/www.accidentdutravail-idf.net\/blog\/wp-json\/wp\/v2\/comments?post=386"}],"version-history":[{"count":0,"href":"https:\/\/www.accidentdutravail-idf.net\/blog\/wp-json\/wp\/v2\/posts\/386\/revisions"}],"wp:attachment":[{"href":"https:\/\/www.accidentdutravail-idf.net\/blog\/wp-json\/wp\/v2\/media?parent=386"}],"wp:term":[{"taxonomy":"category","embeddable":true,"href":"https:\/\/www.accidentdutravail-idf.net\/blog\/wp-json\/wp\/v2\/categories?post=386"},{"taxonomy":"post_tag","embeddable":true,"href":"https:\/\/www.accidentdutravail-idf.net\/blog\/wp-json\/wp\/v2\/tags?post=386"}],"curies":[{"name":"wp","href":"https:\/\/api.w.org\/{rel}","templated":true}]}}