{"id":375,"date":"2024-05-27T12:27:00","date_gmt":"2024-05-27T10:27:00","guid":{"rendered":"https:\/\/www.accidentdutravail-idf.net\/blog\/il-manipulait-de-la-laine-de-verre-il-a-ete-pris-dune-forte-toux-un-employe-du-batiment-age-de-35-ans-est-decede-sur-un-chantier\/"},"modified":"2024-05-27T12:27:00","modified_gmt":"2024-05-27T10:27:00","slug":"il-manipulait-de-la-laine-de-verre-il-a-ete-pris-dune-forte-toux-un-employe-du-batiment-age-de-35-ans-est-decede-sur-un-chantier","status":"publish","type":"post","link":"https:\/\/www.accidentdutravail-idf.net\/blog\/il-manipulait-de-la-laine-de-verre-il-a-ete-pris-dune-forte-toux-un-employe-du-batiment-age-de-35-ans-est-decede-sur-un-chantier\/","title":{"rendered":"Il manipulait de la laine de verre, il a \u00e9t\u00e9 pris d\u2019une forte toux : un employ\u00e9 du b\u00e2timent \u00e2g\u00e9 de 35 ans est d\u00e9c\u00e9d\u00e9 sur un chantier"},"content":{"rendered":"<div><img decoding=\"async\" src=\"https:\/\/www.accidentdutravail-idf.net\/blog\/wp-content\/uploads\/2024\/05\/il-manipulait-de-la-laine-de-verre-il-a-ete-pris-dune-forte-toux-un-employe-du-batiment-age-de-35-ans-est-decede-sur-un-chantier.jpg\" class=\"ff-og-image-inserted\"><\/div>\n<p> <span class=\"article-full__chapo-label hide-on-small-only\">l&rsquo;essentiel<\/span> Un ouvrier de 35 ans est d\u00e9c\u00e9d\u00e9 sur un chantier \u00e0 R\u00e9alville, en Tarn-et-Garonne, ce lundi 27&nbsp;mai 2024. Victime d\u2019un malaise alors qu\u2019il travaillait avec un coll\u00e8gue, les secours n\u2019ont pas r\u00e9ussi \u00e0 le r\u00e9animer. Une enqu\u00eate est en cours pour d\u00e9terminer les circonstances exactes de ce drame. <\/p>\n<div data-state=\"fixed-height\" data-selection=\"disabled\"> <!-- Pub DFP Position [outstream] --> <\/p>\n<p>Un accident du travail survenu \u00e0 R\u00e9alville a fait un mort, ce 27&nbsp;mai 2024. La trag\u00e9die s\u2019est nou\u00e9e sur un chantier de la commune, un peu apr\u00e8s 10&nbsp;heures ce lundi.<\/p>\n<p>Un homme de 35 ans, en train de retirer de la laine de verre d\u2019un plafond avec un coll\u00e8gue, a soudainement \u00e9t\u00e9 pris d\u2019une forte toux. Le trentenaire s\u2019est peu apr\u00e8s effondr\u00e9 de sa hauteur. Son coll\u00e8gue, qui se trouvait sur une \u00e9chelle, s\u2019est pr\u00e9cipit\u00e9 pour lui porter secours.<\/p>\n<p><!-- Pub DFP Position [article] --> <\/p>\n<p>Plac\u00e9 en \u00ab&nbsp;PLS&nbsp;\u00bb (position lat\u00e9rale de s\u00e9curit\u00e9), cet employ\u00e9 originaire de Montauban \u0153uvrant pour une entreprise du b\u00e2timent a perdu connaissance avant l\u2019arriv\u00e9e des secours.<\/p>\n<h2 class=\"txt-int\">L\u2019\u00e9quipe m\u00e9dicale du SMUR n\u2019a rien pu faire<\/h2>\n<p>Arriv\u00e9s sur les lieux, les pompiers ont tent\u00e9 de le r\u00e9animer, notamment \u00e0 l\u2019aide d\u2019un d\u00e9fibrillateur. L\u2019homme ne respirait plus. L\u2019\u00e9quipe m\u00e9dicale du SMUR (Structure mobile d\u2019urgence et de r\u00e9animation) de Montauban a \u00e9t\u00e9 appel\u00e9e en renfort.<\/p>\n<p>Apr\u00e8s avoir prodigu\u00e9 un massage cardiorespiratoire de longues minutes durant, le m\u00e9decin urgentiste ne peut que constater le d\u00e9c\u00e8s de l\u2019homme.<\/p>\n<h2 class=\"txt-int\">Une autopsie a \u00e9t\u00e9 requise<\/h2>\n<p>Inform\u00e9e, la magistrate de permanence du parquet de Montauban a requis une autopsie. Apr\u00e8s les constatations r\u00e9alis\u00e9es par les gendarmes, le corps du trentenaire a \u00e9t\u00e9 pris en charge par les pompes fun\u00e8bres pour \u00eatre conduit jusqu\u2019\u00e0 l\u2019institut m\u00e9dico-l\u00e9gal (IML) de Toulouse \u2013 Purpan.<\/p>\n<p>Une enqu\u00eate a \u00e9galement \u00e9t\u00e9 ouverte par un inspecteur de la Direction d\u00e9partementale de l\u2019emploi, du travail, des solidarit\u00e9s et de la protection des populations (DDETSPP) pour d\u00e9terminer les causes et les responsabilit\u00e9s \u00e9ventuelles de cet accident du travail.<\/p>\n<\/p><\/div>\n<p>accidentdutravail-idf.net vous a pr\u00e9par\u00e9 ce post qui informe du sujet \u00ab\u00a0Association Sportive Huisson-Longueville Essonne\u00a0\u00bb. La chronique se veut g\u00e9n\u00e9r\u00e9e du mieux possible. Vous pouvez utiliser les coordonn\u00e9es indiqu\u00e9es sur le site dans le but d\u2019apporter des explications sur ce post qui parle du th\u00e8me \u00ab\u00a0Association Sportive Huisson-Longueville Essonne\u00a0\u00bb. Le site accidentdutravail-idf.net a pour but de fournir diverses publications sur la th\u00e9matique Association Sportive Huisson-Longueville Essonne diffus\u00e9es sur le net. Il y aura plusieurs articles autour du sujet \u00ab\u00a0Association Sportive Huisson-Longueville Essonne\u00a0\u00bb dans quelques jours, nous vous invitons \u00e0 naviguer sur notre site web \u00e0 plusieurs reprises.<\/p>\n","protected":false},"excerpt":{"rendered":"<p>l&rsquo;essentiel Un ouvrier de 35 ans est d\u00e9c\u00e9d\u00e9 sur un chantier \u00e0 R\u00e9alville, en Tarn-et-Garonne, ce lundi 27&nbsp;mai 2024. Victime d\u2019un malaise alors qu\u2019il travaillait avec un coll\u00e8gue, les secours n\u2019ont pas r\u00e9ussi \u00e0 le r\u00e9animer. Une enqu\u00eate est en cours pour d\u00e9terminer les circonstances exactes de ce drame. Un accident du travail survenu \u00e0 &hellip; <\/p>\n<p class=\"link-more\"><a href=\"https:\/\/www.accidentdutravail-idf.net\/blog\/il-manipulait-de-la-laine-de-verre-il-a-ete-pris-dune-forte-toux-un-employe-du-batiment-age-de-35-ans-est-decede-sur-un-chantier\/\" class=\"more-link\">Continuer la lecture <span class=\"screen-reader-text\"> \u00ab\u00a0Il manipulait de la laine de verre, il a \u00e9t\u00e9 pris d\u2019une forte toux : un employ\u00e9 du b\u00e2timent \u00e2g\u00e9 de 35 ans est d\u00e9c\u00e9d\u00e9 sur un chantier\u00a0\u00bb<\/span><\/a><\/p>\n","protected":false},"author":2,"featured_media":0,"comment_status":"closed","ping_status":"closed","sticky":false,"template":"","format":"standard","meta":{"footnotes":""},"categories":[5],"tags":[],"class_list":["post-375","post","type-post","status-publish","format-standard","hentry","category-securite-du-travail-en-ile-de-france-et-divers","entry"],"yoast_head":"<!-- This site is optimized with the Yoast SEO plugin v27.5 - https:\/\/yoast.com\/product\/yoast-seo-wordpress\/ -->\n<title>Il manipulait de la laine de verre, il a \u00e9t\u00e9 pris d\u2019une forte toux : un employ\u00e9 du b\u00e2timent \u00e2g\u00e9 de 35 ans est d\u00e9c\u00e9d\u00e9 sur un chantier - ACCIDENTDUTRAVAIL-IDF<\/title>\n<meta name=\"description\" content=\"Il manipulait de la laine de verre, il a \u00e9t\u00e9 pris d\u2019une forte toux : un employ\u00e9 du b\u00e2timent \u00e2g\u00e9 de 35 ans est d\u00e9c\u00e9d\u00e9 sur un chantier article de ACCIDENTDUTRAVAIL-IDF\" \/>\n<meta name=\"robots\" content=\"index, follow, max-snippet:-1, max-image-preview:large, max-video-preview:-1\" \/>\n<link rel=\"canonical\" href=\"https:\/\/www.accidentdutravail-idf.net\/blog\/il-manipulait-de-la-laine-de-verre-il-a-ete-pris-dune-forte-toux-un-employe-du-batiment-age-de-35-ans-est-decede-sur-un-chantier\/\" \/>\n<meta property=\"og:locale\" content=\"fr_FR\" \/>\n<meta property=\"og:type\" content=\"article\" \/>\n<meta property=\"og:title\" content=\"Il manipulait de la laine de verre, il a \u00e9t\u00e9 pris d\u2019une forte toux : un employ\u00e9 du b\u00e2timent \u00e2g\u00e9 de 35 ans est d\u00e9c\u00e9d\u00e9 sur un chantier - ACCIDENTDUTRAVAIL-IDF\" \/>\n<meta property=\"og:description\" content=\"Il manipulait de la laine de verre, il a \u00e9t\u00e9 pris d\u2019une forte toux : un employ\u00e9 du b\u00e2timent \u00e2g\u00e9 de 35 ans est d\u00e9c\u00e9d\u00e9 sur un chantier article de ACCIDENTDUTRAVAIL-IDF\" \/>\n<meta property=\"og:url\" content=\"https:\/\/www.accidentdutravail-idf.net\/blog\/il-manipulait-de-la-laine-de-verre-il-a-ete-pris-dune-forte-toux-un-employe-du-batiment-age-de-35-ans-est-decede-sur-un-chantier\/\" \/>\n<meta property=\"og:site_name\" content=\"ACCIDENTDUTRAVAIL-IDF\" \/>\n<meta property=\"article:published_time\" content=\"2024-05-27T10:27:00+00:00\" \/>\n<meta property=\"og:image\" content=\"https:\/\/www.accidentdutravail-idf.net\/blog\/wp-content\/uploads\/2024\/05\/il-manipulait-de-la-laine-de-verre-il-a-ete-pris-dune-forte-toux-un-employe-du-batiment-age-de-35-ans-est-decede-sur-un-chantier.jpg\" \/>\n<meta name=\"author\" content=\"Carlos Poulain\" \/>\n<meta name=\"twitter:card\" content=\"summary_large_image\" \/>\n<meta name=\"twitter:label1\" content=\"\u00c9crit par\" \/>\n\t<meta name=\"twitter:data1\" content=\"Carlos Poulain\" \/>\n\t<meta name=\"twitter:label2\" content=\"Dur\u00e9e de lecture estim\u00e9e\" \/>\n\t<meta name=\"twitter:data2\" content=\"2 minutes\" \/>\n<script type=\"application\/ld+json\" class=\"yoast-schema-graph\">{\"@context\":\"https:\\\/\\\/schema.org\",\"@graph\":[{\"@type\":\"Article\",\"@id\":\"https:\\\/\\\/www.accidentdutravail-idf.net\\\/blog\\\/il-manipulait-de-la-laine-de-verre-il-a-ete-pris-dune-forte-toux-un-employe-du-batiment-age-de-35-ans-est-decede-sur-un-chantier\\\/#article\",\"isPartOf\":{\"@id\":\"https:\\\/\\\/www.accidentdutravail-idf.net\\\/blog\\\/il-manipulait-de-la-laine-de-verre-il-a-ete-pris-dune-forte-toux-un-employe-du-batiment-age-de-35-ans-est-decede-sur-un-chantier\\\/\"},\"author\":{\"name\":\"Carlos Poulain\",\"@id\":\"https:\\\/\\\/www.accidentdutravail-idf.net\\\/blog\\\/#\\\/schema\\\/person\\\/3255d2f970de45e64bd9201f38e7b947\"},\"headline\":\"Il manipulait de la laine de verre, il a \u00e9t\u00e9 pris d\u2019une forte toux : un employ\u00e9 du b\u00e2timent \u00e2g\u00e9 de 35 ans est d\u00e9c\u00e9d\u00e9 sur un chantier\",\"datePublished\":\"2024-05-27T10:27:00+00:00\",\"mainEntityOfPage\":{\"@id\":\"https:\\\/\\\/www.accidentdutravail-idf.net\\\/blog\\\/il-manipulait-de-la-laine-de-verre-il-a-ete-pris-dune-forte-toux-un-employe-du-batiment-age-de-35-ans-est-decede-sur-un-chantier\\\/\"},\"wordCount\":501,\"publisher\":{\"@id\":\"https:\\\/\\\/www.accidentdutravail-idf.net\\\/blog\\\/#organization\"},\"image\":{\"@id\":\"https:\\\/\\\/www.accidentdutravail-idf.net\\\/blog\\\/il-manipulait-de-la-laine-de-verre-il-a-ete-pris-dune-forte-toux-un-employe-du-batiment-age-de-35-ans-est-decede-sur-un-chantier\\\/#primaryimage\"},\"thumbnailUrl\":\"https:\\\/\\\/www.accidentdutravail-idf.net\\\/blog\\\/wp-content\\\/uploads\\\/2024\\\/05\\\/il-manipulait-de-la-laine-de-verre-il-a-ete-pris-dune-forte-toux-un-employe-du-batiment-age-de-35-ans-est-decede-sur-un-chantier.jpg\",\"articleSection\":[\"S\u00e9curit\u00e9 Du Travail En Ile-De-France Et Divers:\"],\"inLanguage\":\"fr-FR\"},{\"@type\":\"WebPage\",\"@id\":\"https:\\\/\\\/www.accidentdutravail-idf.net\\\/blog\\\/il-manipulait-de-la-laine-de-verre-il-a-ete-pris-dune-forte-toux-un-employe-du-batiment-age-de-35-ans-est-decede-sur-un-chantier\\\/\",\"url\":\"https:\\\/\\\/www.accidentdutravail-idf.net\\\/blog\\\/il-manipulait-de-la-laine-de-verre-il-a-ete-pris-dune-forte-toux-un-employe-du-batiment-age-de-35-ans-est-decede-sur-un-chantier\\\/\",\"name\":\"Il manipulait de la laine de verre, il a \u00e9t\u00e9 pris d\u2019une forte toux : un employ\u00e9 du b\u00e2timent \u00e2g\u00e9 de 35 ans est d\u00e9c\u00e9d\u00e9 sur un chantier - ACCIDENTDUTRAVAIL-IDF\",\"isPartOf\":{\"@id\":\"https:\\\/\\\/www.accidentdutravail-idf.net\\\/blog\\\/#website\"},\"primaryImageOfPage\":{\"@id\":\"https:\\\/\\\/www.accidentdutravail-idf.net\\\/blog\\\/il-manipulait-de-la-laine-de-verre-il-a-ete-pris-dune-forte-toux-un-employe-du-batiment-age-de-35-ans-est-decede-sur-un-chantier\\\/#primaryimage\"},\"image\":{\"@id\":\"https:\\\/\\\/www.accidentdutravail-idf.net\\\/blog\\\/il-manipulait-de-la-laine-de-verre-il-a-ete-pris-dune-forte-toux-un-employe-du-batiment-age-de-35-ans-est-decede-sur-un-chantier\\\/#primaryimage\"},\"thumbnailUrl\":\"https:\\\/\\\/www.accidentdutravail-idf.net\\\/blog\\\/wp-content\\\/uploads\\\/2024\\\/05\\\/il-manipulait-de-la-laine-de-verre-il-a-ete-pris-dune-forte-toux-un-employe-du-batiment-age-de-35-ans-est-decede-sur-un-chantier.jpg\",\"datePublished\":\"2024-05-27T10:27:00+00:00\",\"description\":\"Il manipulait de la laine de verre, il a \u00e9t\u00e9 pris d\u2019une forte toux : un employ\u00e9 du b\u00e2timent \u00e2g\u00e9 de 35 ans est d\u00e9c\u00e9d\u00e9 sur un chantier article de ACCIDENTDUTRAVAIL-IDF\",\"breadcrumb\":{\"@id\":\"https:\\\/\\\/www.accidentdutravail-idf.net\\\/blog\\\/il-manipulait-de-la-laine-de-verre-il-a-ete-pris-dune-forte-toux-un-employe-du-batiment-age-de-35-ans-est-decede-sur-un-chantier\\\/#breadcrumb\"},\"inLanguage\":\"fr-FR\",\"potentialAction\":[{\"@type\":\"ReadAction\",\"target\":[\"https:\\\/\\\/www.accidentdutravail-idf.net\\\/blog\\\/il-manipulait-de-la-laine-de-verre-il-a-ete-pris-dune-forte-toux-un-employe-du-batiment-age-de-35-ans-est-decede-sur-un-chantier\\\/\"]}]},{\"@type\":\"ImageObject\",\"inLanguage\":\"fr-FR\",\"@id\":\"https:\\\/\\\/www.accidentdutravail-idf.net\\\/blog\\\/il-manipulait-de-la-laine-de-verre-il-a-ete-pris-dune-forte-toux-un-employe-du-batiment-age-de-35-ans-est-decede-sur-un-chantier\\\/#primaryimage\",\"url\":\"https:\\\/\\\/www.accidentdutravail-idf.net\\\/blog\\\/wp-content\\\/uploads\\\/2024\\\/05\\\/il-manipulait-de-la-laine-de-verre-il-a-ete-pris-dune-forte-toux-un-employe-du-batiment-age-de-35-ans-est-decede-sur-un-chantier.jpg\",\"contentUrl\":\"https:\\\/\\\/www.accidentdutravail-idf.net\\\/blog\\\/wp-content\\\/uploads\\\/2024\\\/05\\\/il-manipulait-de-la-laine-de-verre-il-a-ete-pris-dune-forte-toux-un-employe-du-batiment-age-de-35-ans-est-decede-sur-un-chantier.jpg\"},{\"@type\":\"BreadcrumbList\",\"@id\":\"https:\\\/\\\/www.accidentdutravail-idf.net\\\/blog\\\/il-manipulait-de-la-laine-de-verre-il-a-ete-pris-dune-forte-toux-un-employe-du-batiment-age-de-35-ans-est-decede-sur-un-chantier\\\/#breadcrumb\",\"itemListElement\":[{\"@type\":\"ListItem\",\"position\":1,\"name\":\"Accueil\",\"item\":\"https:\\\/\\\/www.accidentdutravail-idf.net\\\/blog\\\/\"},{\"@type\":\"ListItem\",\"position\":2,\"name\":\"Il manipulait de la laine de verre, il a \u00e9t\u00e9 pris d\u2019une forte toux : un employ\u00e9 du b\u00e2timent \u00e2g\u00e9 de 35 ans est d\u00e9c\u00e9d\u00e9 sur un chantier\"}]},{\"@type\":\"WebSite\",\"@id\":\"https:\\\/\\\/www.accidentdutravail-idf.net\\\/blog\\\/#website\",\"url\":\"https:\\\/\\\/www.accidentdutravail-idf.net\\\/blog\\\/\",\"name\":\"ACCIDENTDUTRAVAIL-IDF\",\"description\":\"Portail accidents du travail-maladies professionnelles des entreprises d&#039;Ile-de-France\",\"publisher\":{\"@id\":\"https:\\\/\\\/www.accidentdutravail-idf.net\\\/blog\\\/#organization\"},\"potentialAction\":[{\"@type\":\"SearchAction\",\"target\":{\"@type\":\"EntryPoint\",\"urlTemplate\":\"https:\\\/\\\/www.accidentdutravail-idf.net\\\/blog\\\/?s={search_term_string}\"},\"query-input\":{\"@type\":\"PropertyValueSpecification\",\"valueRequired\":true,\"valueName\":\"search_term_string\"}}],\"inLanguage\":\"fr-FR\"},{\"@type\":\"Organization\",\"@id\":\"https:\\\/\\\/www.accidentdutravail-idf.net\\\/blog\\\/#organization\",\"name\":\"accidentdutravail-idf\",\"url\":\"https:\\\/\\\/www.accidentdutravail-idf.net\\\/blog\\\/\",\"logo\":{\"@type\":\"ImageObject\",\"inLanguage\":\"fr-FR\",\"@id\":\"https:\\\/\\\/www.accidentdutravail-idf.net\\\/blog\\\/#\\\/schema\\\/logo\\\/image\\\/\",\"url\":\"https:\\\/\\\/www.accidentdutravail-idf.net\\\/blog\\\/wp-content\\\/uploads\\\/2022\\\/09\\\/logo-2.png\",\"contentUrl\":\"https:\\\/\\\/www.accidentdutravail-idf.net\\\/blog\\\/wp-content\\\/uploads\\\/2022\\\/09\\\/logo-2.png\",\"width\":380,\"height\":291,\"caption\":\"accidentdutravail-idf\"},\"image\":{\"@id\":\"https:\\\/\\\/www.accidentdutravail-idf.net\\\/blog\\\/#\\\/schema\\\/logo\\\/image\\\/\"}},{\"@type\":\"Person\",\"@id\":\"https:\\\/\\\/www.accidentdutravail-idf.net\\\/blog\\\/#\\\/schema\\\/person\\\/3255d2f970de45e64bd9201f38e7b947\",\"name\":\"Carlos Poulain\",\"image\":{\"@type\":\"ImageObject\",\"inLanguage\":\"fr-FR\",\"@id\":\"https:\\\/\\\/secure.gravatar.com\\\/avatar\\\/b1c2f9d3588e34e91adb093635df64ef4b2381991216be7576466cfcdca4baf3?s=96&d=mm&r=g\",\"url\":\"https:\\\/\\\/secure.gravatar.com\\\/avatar\\\/b1c2f9d3588e34e91adb093635df64ef4b2381991216be7576466cfcdca4baf3?s=96&d=mm&r=g\",\"contentUrl\":\"https:\\\/\\\/secure.gravatar.com\\\/avatar\\\/b1c2f9d3588e34e91adb093635df64ef4b2381991216be7576466cfcdca4baf3?s=96&d=mm&r=g\",\"caption\":\"Carlos Poulain\"},\"url\":\"https:\\\/\\\/www.accidentdutravail-idf.net\\\/blog\\\/author\\\/idfcarlos\\\/\"}]}<\/script>\n<!-- \/ Yoast SEO plugin. -->","yoast_head_json":{"title":"Il manipulait de la laine de verre, il a \u00e9t\u00e9 pris d\u2019une forte toux : un employ\u00e9 du b\u00e2timent \u00e2g\u00e9 de 35 ans est d\u00e9c\u00e9d\u00e9 sur un chantier - ACCIDENTDUTRAVAIL-IDF","description":"Il manipulait de la laine de verre, il a \u00e9t\u00e9 pris d\u2019une forte toux : un employ\u00e9 du b\u00e2timent \u00e2g\u00e9 de 35 ans est d\u00e9c\u00e9d\u00e9 sur un chantier article de ACCIDENTDUTRAVAIL-IDF","robots":{"index":"index","follow":"follow","max-snippet":"max-snippet:-1","max-image-preview":"max-image-preview:large","max-video-preview":"max-video-preview:-1"},"canonical":"https:\/\/www.accidentdutravail-idf.net\/blog\/il-manipulait-de-la-laine-de-verre-il-a-ete-pris-dune-forte-toux-un-employe-du-batiment-age-de-35-ans-est-decede-sur-un-chantier\/","og_locale":"fr_FR","og_type":"article","og_title":"Il manipulait de la laine de verre, il a \u00e9t\u00e9 pris d\u2019une forte toux : un employ\u00e9 du b\u00e2timent \u00e2g\u00e9 de 35 ans est d\u00e9c\u00e9d\u00e9 sur un chantier - ACCIDENTDUTRAVAIL-IDF","og_description":"Il manipulait de la laine de verre, il a \u00e9t\u00e9 pris d\u2019une forte toux : un employ\u00e9 du b\u00e2timent \u00e2g\u00e9 de 35 ans est d\u00e9c\u00e9d\u00e9 sur un chantier article de ACCIDENTDUTRAVAIL-IDF","og_url":"https:\/\/www.accidentdutravail-idf.net\/blog\/il-manipulait-de-la-laine-de-verre-il-a-ete-pris-dune-forte-toux-un-employe-du-batiment-age-de-35-ans-est-decede-sur-un-chantier\/","og_site_name":"ACCIDENTDUTRAVAIL-IDF","article_published_time":"2024-05-27T10:27:00+00:00","og_image":[{"url":"https:\/\/www.accidentdutravail-idf.net\/blog\/wp-content\/uploads\/2024\/05\/il-manipulait-de-la-laine-de-verre-il-a-ete-pris-dune-forte-toux-un-employe-du-batiment-age-de-35-ans-est-decede-sur-un-chantier.jpg","type":"","width":"","height":""}],"author":"Carlos Poulain","twitter_card":"summary_large_image","twitter_misc":{"\u00c9crit par":"Carlos Poulain","Dur\u00e9e de lecture estim\u00e9e":"2 minutes"},"schema":{"@context":"https:\/\/schema.org","@graph":[{"@type":"Article","@id":"https:\/\/www.accidentdutravail-idf.net\/blog\/il-manipulait-de-la-laine-de-verre-il-a-ete-pris-dune-forte-toux-un-employe-du-batiment-age-de-35-ans-est-decede-sur-un-chantier\/#article","isPartOf":{"@id":"https:\/\/www.accidentdutravail-idf.net\/blog\/il-manipulait-de-la-laine-de-verre-il-a-ete-pris-dune-forte-toux-un-employe-du-batiment-age-de-35-ans-est-decede-sur-un-chantier\/"},"author":{"name":"Carlos Poulain","@id":"https:\/\/www.accidentdutravail-idf.net\/blog\/#\/schema\/person\/3255d2f970de45e64bd9201f38e7b947"},"headline":"Il manipulait de la laine de verre, il a \u00e9t\u00e9 pris d\u2019une forte toux : un employ\u00e9 du b\u00e2timent \u00e2g\u00e9 de 35 ans est d\u00e9c\u00e9d\u00e9 sur un chantier","datePublished":"2024-05-27T10:27:00+00:00","mainEntityOfPage":{"@id":"https:\/\/www.accidentdutravail-idf.net\/blog\/il-manipulait-de-la-laine-de-verre-il-a-ete-pris-dune-forte-toux-un-employe-du-batiment-age-de-35-ans-est-decede-sur-un-chantier\/"},"wordCount":501,"publisher":{"@id":"https:\/\/www.accidentdutravail-idf.net\/blog\/#organization"},"image":{"@id":"https:\/\/www.accidentdutravail-idf.net\/blog\/il-manipulait-de-la-laine-de-verre-il-a-ete-pris-dune-forte-toux-un-employe-du-batiment-age-de-35-ans-est-decede-sur-un-chantier\/#primaryimage"},"thumbnailUrl":"https:\/\/www.accidentdutravail-idf.net\/blog\/wp-content\/uploads\/2024\/05\/il-manipulait-de-la-laine-de-verre-il-a-ete-pris-dune-forte-toux-un-employe-du-batiment-age-de-35-ans-est-decede-sur-un-chantier.jpg","articleSection":["S\u00e9curit\u00e9 Du Travail En Ile-De-France Et Divers:"],"inLanguage":"fr-FR"},{"@type":"WebPage","@id":"https:\/\/www.accidentdutravail-idf.net\/blog\/il-manipulait-de-la-laine-de-verre-il-a-ete-pris-dune-forte-toux-un-employe-du-batiment-age-de-35-ans-est-decede-sur-un-chantier\/","url":"https:\/\/www.accidentdutravail-idf.net\/blog\/il-manipulait-de-la-laine-de-verre-il-a-ete-pris-dune-forte-toux-un-employe-du-batiment-age-de-35-ans-est-decede-sur-un-chantier\/","name":"Il manipulait de la laine de verre, il a \u00e9t\u00e9 pris d\u2019une forte toux : un employ\u00e9 du b\u00e2timent \u00e2g\u00e9 de 35 ans est d\u00e9c\u00e9d\u00e9 sur un chantier - ACCIDENTDUTRAVAIL-IDF","isPartOf":{"@id":"https:\/\/www.accidentdutravail-idf.net\/blog\/#website"},"primaryImageOfPage":{"@id":"https:\/\/www.accidentdutravail-idf.net\/blog\/il-manipulait-de-la-laine-de-verre-il-a-ete-pris-dune-forte-toux-un-employe-du-batiment-age-de-35-ans-est-decede-sur-un-chantier\/#primaryimage"},"image":{"@id":"https:\/\/www.accidentdutravail-idf.net\/blog\/il-manipulait-de-la-laine-de-verre-il-a-ete-pris-dune-forte-toux-un-employe-du-batiment-age-de-35-ans-est-decede-sur-un-chantier\/#primaryimage"},"thumbnailUrl":"https:\/\/www.accidentdutravail-idf.net\/blog\/wp-content\/uploads\/2024\/05\/il-manipulait-de-la-laine-de-verre-il-a-ete-pris-dune-forte-toux-un-employe-du-batiment-age-de-35-ans-est-decede-sur-un-chantier.jpg","datePublished":"2024-05-27T10:27:00+00:00","description":"Il manipulait de la laine de verre, il a \u00e9t\u00e9 pris d\u2019une forte toux : un employ\u00e9 du b\u00e2timent \u00e2g\u00e9 de 35 ans est d\u00e9c\u00e9d\u00e9 sur un chantier article de ACCIDENTDUTRAVAIL-IDF","breadcrumb":{"@id":"https:\/\/www.accidentdutravail-idf.net\/blog\/il-manipulait-de-la-laine-de-verre-il-a-ete-pris-dune-forte-toux-un-employe-du-batiment-age-de-35-ans-est-decede-sur-un-chantier\/#breadcrumb"},"inLanguage":"fr-FR","potentialAction":[{"@type":"ReadAction","target":["https:\/\/www.accidentdutravail-idf.net\/blog\/il-manipulait-de-la-laine-de-verre-il-a-ete-pris-dune-forte-toux-un-employe-du-batiment-age-de-35-ans-est-decede-sur-un-chantier\/"]}]},{"@type":"ImageObject","inLanguage":"fr-FR","@id":"https:\/\/www.accidentdutravail-idf.net\/blog\/il-manipulait-de-la-laine-de-verre-il-a-ete-pris-dune-forte-toux-un-employe-du-batiment-age-de-35-ans-est-decede-sur-un-chantier\/#primaryimage","url":"https:\/\/www.accidentdutravail-idf.net\/blog\/wp-content\/uploads\/2024\/05\/il-manipulait-de-la-laine-de-verre-il-a-ete-pris-dune-forte-toux-un-employe-du-batiment-age-de-35-ans-est-decede-sur-un-chantier.jpg","contentUrl":"https:\/\/www.accidentdutravail-idf.net\/blog\/wp-content\/uploads\/2024\/05\/il-manipulait-de-la-laine-de-verre-il-a-ete-pris-dune-forte-toux-un-employe-du-batiment-age-de-35-ans-est-decede-sur-un-chantier.jpg"},{"@type":"BreadcrumbList","@id":"https:\/\/www.accidentdutravail-idf.net\/blog\/il-manipulait-de-la-laine-de-verre-il-a-ete-pris-dune-forte-toux-un-employe-du-batiment-age-de-35-ans-est-decede-sur-un-chantier\/#breadcrumb","itemListElement":[{"@type":"ListItem","position":1,"name":"Accueil","item":"https:\/\/www.accidentdutravail-idf.net\/blog\/"},{"@type":"ListItem","position":2,"name":"Il manipulait de la laine de verre, il a \u00e9t\u00e9 pris d\u2019une forte toux : un employ\u00e9 du b\u00e2timent \u00e2g\u00e9 de 35 ans est d\u00e9c\u00e9d\u00e9 sur un chantier"}]},{"@type":"WebSite","@id":"https:\/\/www.accidentdutravail-idf.net\/blog\/#website","url":"https:\/\/www.accidentdutravail-idf.net\/blog\/","name":"ACCIDENTDUTRAVAIL-IDF","description":"Portail accidents du travail-maladies professionnelles des entreprises d&#039;Ile-de-France","publisher":{"@id":"https:\/\/www.accidentdutravail-idf.net\/blog\/#organization"},"potentialAction":[{"@type":"SearchAction","target":{"@type":"EntryPoint","urlTemplate":"https:\/\/www.accidentdutravail-idf.net\/blog\/?s={search_term_string}"},"query-input":{"@type":"PropertyValueSpecification","valueRequired":true,"valueName":"search_term_string"}}],"inLanguage":"fr-FR"},{"@type":"Organization","@id":"https:\/\/www.accidentdutravail-idf.net\/blog\/#organization","name":"accidentdutravail-idf","url":"https:\/\/www.accidentdutravail-idf.net\/blog\/","logo":{"@type":"ImageObject","inLanguage":"fr-FR","@id":"https:\/\/www.accidentdutravail-idf.net\/blog\/#\/schema\/logo\/image\/","url":"https:\/\/www.accidentdutravail-idf.net\/blog\/wp-content\/uploads\/2022\/09\/logo-2.png","contentUrl":"https:\/\/www.accidentdutravail-idf.net\/blog\/wp-content\/uploads\/2022\/09\/logo-2.png","width":380,"height":291,"caption":"accidentdutravail-idf"},"image":{"@id":"https:\/\/www.accidentdutravail-idf.net\/blog\/#\/schema\/logo\/image\/"}},{"@type":"Person","@id":"https:\/\/www.accidentdutravail-idf.net\/blog\/#\/schema\/person\/3255d2f970de45e64bd9201f38e7b947","name":"Carlos Poulain","image":{"@type":"ImageObject","inLanguage":"fr-FR","@id":"https:\/\/secure.gravatar.com\/avatar\/b1c2f9d3588e34e91adb093635df64ef4b2381991216be7576466cfcdca4baf3?s=96&d=mm&r=g","url":"https:\/\/secure.gravatar.com\/avatar\/b1c2f9d3588e34e91adb093635df64ef4b2381991216be7576466cfcdca4baf3?s=96&d=mm&r=g","contentUrl":"https:\/\/secure.gravatar.com\/avatar\/b1c2f9d3588e34e91adb093635df64ef4b2381991216be7576466cfcdca4baf3?s=96&d=mm&r=g","caption":"Carlos Poulain"},"url":"https:\/\/www.accidentdutravail-idf.net\/blog\/author\/idfcarlos\/"}]}},"_links":{"self":[{"href":"https:\/\/www.accidentdutravail-idf.net\/blog\/wp-json\/wp\/v2\/posts\/375","targetHints":{"allow":["GET"]}}],"collection":[{"href":"https:\/\/www.accidentdutravail-idf.net\/blog\/wp-json\/wp\/v2\/posts"}],"about":[{"href":"https:\/\/www.accidentdutravail-idf.net\/blog\/wp-json\/wp\/v2\/types\/post"}],"author":[{"embeddable":true,"href":"https:\/\/www.accidentdutravail-idf.net\/blog\/wp-json\/wp\/v2\/users\/2"}],"replies":[{"embeddable":true,"href":"https:\/\/www.accidentdutravail-idf.net\/blog\/wp-json\/wp\/v2\/comments?post=375"}],"version-history":[{"count":0,"href":"https:\/\/www.accidentdutravail-idf.net\/blog\/wp-json\/wp\/v2\/posts\/375\/revisions"}],"wp:attachment":[{"href":"https:\/\/www.accidentdutravail-idf.net\/blog\/wp-json\/wp\/v2\/media?parent=375"}],"wp:term":[{"taxonomy":"category","embeddable":true,"href":"https:\/\/www.accidentdutravail-idf.net\/blog\/wp-json\/wp\/v2\/categories?post=375"},{"taxonomy":"post_tag","embeddable":true,"href":"https:\/\/www.accidentdutravail-idf.net\/blog\/wp-json\/wp\/v2\/tags?post=375"}],"curies":[{"name":"wp","href":"https:\/\/api.w.org\/{rel}","templated":true}]}}