{"id":369,"date":"2024-05-26T11:09:00","date_gmt":"2024-05-26T09:09:00","guid":{"rendered":"https:\/\/www.accidentdutravail-idf.net\/blog\/accident-mortel-du-travail-a-bagnols-sur-ceze-delibere-dans-une-affaire-dhomicide-involontaire\/"},"modified":"2024-05-26T11:09:00","modified_gmt":"2024-05-26T09:09:00","slug":"accident-mortel-du-travail-a-bagnols-sur-ceze-delibere-dans-une-affaire-dhomicide-involontaire","status":"publish","type":"post","link":"https:\/\/www.accidentdutravail-idf.net\/blog\/accident-mortel-du-travail-a-bagnols-sur-ceze-delibere-dans-une-affaire-dhomicide-involontaire\/","title":{"rendered":"Accident mortel du travail \u00e0 Bagnols-sur-C\u00e8ze : d\u00e9lib\u00e9r\u00e9 dans une affaire d&rsquo;homicide involontaire"},"content":{"rendered":"<div><img decoding=\"async\" src=\"https:\/\/www.accidentdutravail-idf.net\/blog\/wp-content\/uploads\/2024\/05\/accident-mortel-du-travail-a-bagnols-sur-ceze-delibere-dans-une-affaire-dhomicide-involontaire.jpg\" class=\"ff-og-image-inserted\"><\/div>\n<p> Le 8 septembre 2015, un accident du travail survenu dans une soci\u00e9t\u00e9, bas\u00e9e \u00e0&nbsp;Bagnols-sur-C\u00e8ze. Le salari\u00e9 d\u00e9c\u00e9dait quelques jours plus tard. <\/p>\n<div data-state=\"fixed-height\" data-selection=\"disabled\">\n<p>Ce mardi 28 mai 2024, le tribunal correctionnel devrait rendre son d\u00e9lib\u00e9r\u00e9 dans une affaire d&rsquo;homicide involontaire apr\u00e8s un accident du travail survenu le 8 septembre 2015. L&rsquo;entreprise avait \u00e9t\u00e9 poursuivie pour des manquements en lien avec l&rsquo;accident mortel. Plusieurs autres&nbsp; infractions \u00e9taient aussi reproch\u00e9es \u00e0 la soci\u00e9t\u00e9.<\/p>\n<\/p><\/div>\n<p>accidentdutravail-idf.net vous a pr\u00e9par\u00e9 ce post qui informe du sujet \u00ab\u00a0Association Sportive Huisson-Longueville Essonne\u00a0\u00bb. La chronique se veut g\u00e9n\u00e9r\u00e9e du mieux possible. Vous pouvez utiliser les coordonn\u00e9es indiqu\u00e9es sur le site dans le but d\u2019apporter des explications sur ce post qui parle du th\u00e8me \u00ab\u00a0Association Sportive Huisson-Longueville Essonne\u00a0\u00bb. Le site accidentdutravail-idf.net a pour but de fournir diverses publications sur la th\u00e9matique Association Sportive Huisson-Longueville Essonne diffus\u00e9es sur le net. Il y aura plusieurs articles autour du sujet \u00ab\u00a0Association Sportive Huisson-Longueville Essonne\u00a0\u00bb dans quelques jours, nous vous invitons \u00e0 naviguer sur notre site web \u00e0 plusieurs reprises.<\/p>\n","protected":false},"excerpt":{"rendered":"<p>Le 8 septembre 2015, un accident du travail survenu dans une soci\u00e9t\u00e9, bas\u00e9e \u00e0&nbsp;Bagnols-sur-C\u00e8ze. Le salari\u00e9 d\u00e9c\u00e9dait quelques jours plus tard. Ce mardi 28 mai 2024, le tribunal correctionnel devrait rendre son d\u00e9lib\u00e9r\u00e9 dans une affaire d&rsquo;homicide involontaire apr\u00e8s un accident du travail survenu le 8 septembre 2015. L&rsquo;entreprise avait \u00e9t\u00e9 poursuivie pour des manquements &hellip; <\/p>\n<p class=\"link-more\"><a href=\"https:\/\/www.accidentdutravail-idf.net\/blog\/accident-mortel-du-travail-a-bagnols-sur-ceze-delibere-dans-une-affaire-dhomicide-involontaire\/\" class=\"more-link\">Continuer la lecture <span class=\"screen-reader-text\"> \u00ab\u00a0Accident mortel du travail \u00e0 Bagnols-sur-C\u00e8ze : d\u00e9lib\u00e9r\u00e9 dans une affaire d&rsquo;homicide involontaire\u00a0\u00bb<\/span><\/a><\/p>\n","protected":false},"author":2,"featured_media":0,"comment_status":"closed","ping_status":"closed","sticky":false,"template":"","format":"standard","meta":{"footnotes":""},"categories":[5],"tags":[],"class_list":["post-369","post","type-post","status-publish","format-standard","hentry","category-securite-du-travail-en-ile-de-france-et-divers","entry"],"yoast_head":"<!-- This site is optimized with the Yoast SEO plugin v27.5 - https:\/\/yoast.com\/product\/yoast-seo-wordpress\/ -->\n<title>Accident mortel du travail \u00e0 Bagnols-sur-C\u00e8ze : d\u00e9lib\u00e9r\u00e9 dans une affaire d&#039;homicide involontaire - ACCIDENTDUTRAVAIL-IDF<\/title>\n<meta name=\"description\" content=\"Accident mortel du travail \u00e0 Bagnols-sur-C\u00e8ze : d\u00e9lib\u00e9r\u00e9 dans une affaire d&#039;homicide involontaire article de ACCIDENTDUTRAVAIL-IDF\" \/>\n<meta name=\"robots\" content=\"index, follow, max-snippet:-1, max-image-preview:large, max-video-preview:-1\" \/>\n<link rel=\"canonical\" href=\"https:\/\/www.accidentdutravail-idf.net\/blog\/accident-mortel-du-travail-a-bagnols-sur-ceze-delibere-dans-une-affaire-dhomicide-involontaire\/\" \/>\n<meta property=\"og:locale\" content=\"fr_FR\" \/>\n<meta property=\"og:type\" content=\"article\" \/>\n<meta property=\"og:title\" content=\"Accident mortel du travail \u00e0 Bagnols-sur-C\u00e8ze : d\u00e9lib\u00e9r\u00e9 dans une affaire d&#039;homicide involontaire - ACCIDENTDUTRAVAIL-IDF\" \/>\n<meta property=\"og:description\" content=\"Accident mortel du travail \u00e0 Bagnols-sur-C\u00e8ze : d\u00e9lib\u00e9r\u00e9 dans une affaire d&#039;homicide involontaire article de ACCIDENTDUTRAVAIL-IDF\" \/>\n<meta property=\"og:url\" content=\"https:\/\/www.accidentdutravail-idf.net\/blog\/accident-mortel-du-travail-a-bagnols-sur-ceze-delibere-dans-une-affaire-dhomicide-involontaire\/\" \/>\n<meta property=\"og:site_name\" content=\"ACCIDENTDUTRAVAIL-IDF\" \/>\n<meta property=\"article:published_time\" content=\"2024-05-26T09:09:00+00:00\" \/>\n<meta property=\"og:image\" content=\"https:\/\/www.accidentdutravail-idf.net\/blog\/wp-content\/uploads\/2024\/05\/accident-mortel-du-travail-a-bagnols-sur-ceze-delibere-dans-une-affaire-dhomicide-involontaire.jpg\" \/>\n<meta name=\"author\" content=\"Carlos Poulain\" \/>\n<meta name=\"twitter:card\" content=\"summary_large_image\" \/>\n<meta name=\"twitter:label1\" content=\"\u00c9crit par\" \/>\n\t<meta name=\"twitter:data1\" content=\"Carlos Poulain\" \/>\n\t<meta name=\"twitter:label2\" content=\"Dur\u00e9e de lecture estim\u00e9e\" \/>\n\t<meta name=\"twitter:data2\" content=\"1 minute\" \/>\n<script type=\"application\/ld+json\" class=\"yoast-schema-graph\">{\"@context\":\"https:\\\/\\\/schema.org\",\"@graph\":[{\"@type\":\"Article\",\"@id\":\"https:\\\/\\\/www.accidentdutravail-idf.net\\\/blog\\\/accident-mortel-du-travail-a-bagnols-sur-ceze-delibere-dans-une-affaire-dhomicide-involontaire\\\/#article\",\"isPartOf\":{\"@id\":\"https:\\\/\\\/www.accidentdutravail-idf.net\\\/blog\\\/accident-mortel-du-travail-a-bagnols-sur-ceze-delibere-dans-une-affaire-dhomicide-involontaire\\\/\"},\"author\":{\"name\":\"Carlos Poulain\",\"@id\":\"https:\\\/\\\/www.accidentdutravail-idf.net\\\/blog\\\/#\\\/schema\\\/person\\\/3255d2f970de45e64bd9201f38e7b947\"},\"headline\":\"Accident mortel du travail \u00e0 Bagnols-sur-C\u00e8ze : d\u00e9lib\u00e9r\u00e9 dans une affaire d&rsquo;homicide involontaire\",\"datePublished\":\"2024-05-26T09:09:00+00:00\",\"mainEntityOfPage\":{\"@id\":\"https:\\\/\\\/www.accidentdutravail-idf.net\\\/blog\\\/accident-mortel-du-travail-a-bagnols-sur-ceze-delibere-dans-une-affaire-dhomicide-involontaire\\\/\"},\"wordCount\":194,\"publisher\":{\"@id\":\"https:\\\/\\\/www.accidentdutravail-idf.net\\\/blog\\\/#organization\"},\"image\":{\"@id\":\"https:\\\/\\\/www.accidentdutravail-idf.net\\\/blog\\\/accident-mortel-du-travail-a-bagnols-sur-ceze-delibere-dans-une-affaire-dhomicide-involontaire\\\/#primaryimage\"},\"thumbnailUrl\":\"https:\\\/\\\/www.accidentdutravail-idf.net\\\/blog\\\/wp-content\\\/uploads\\\/2024\\\/05\\\/accident-mortel-du-travail-a-bagnols-sur-ceze-delibere-dans-une-affaire-dhomicide-involontaire.jpg\",\"articleSection\":[\"S\u00e9curit\u00e9 Du Travail En Ile-De-France Et Divers:\"],\"inLanguage\":\"fr-FR\"},{\"@type\":\"WebPage\",\"@id\":\"https:\\\/\\\/www.accidentdutravail-idf.net\\\/blog\\\/accident-mortel-du-travail-a-bagnols-sur-ceze-delibere-dans-une-affaire-dhomicide-involontaire\\\/\",\"url\":\"https:\\\/\\\/www.accidentdutravail-idf.net\\\/blog\\\/accident-mortel-du-travail-a-bagnols-sur-ceze-delibere-dans-une-affaire-dhomicide-involontaire\\\/\",\"name\":\"Accident mortel du travail \u00e0 Bagnols-sur-C\u00e8ze : d\u00e9lib\u00e9r\u00e9 dans une affaire d'homicide involontaire - ACCIDENTDUTRAVAIL-IDF\",\"isPartOf\":{\"@id\":\"https:\\\/\\\/www.accidentdutravail-idf.net\\\/blog\\\/#website\"},\"primaryImageOfPage\":{\"@id\":\"https:\\\/\\\/www.accidentdutravail-idf.net\\\/blog\\\/accident-mortel-du-travail-a-bagnols-sur-ceze-delibere-dans-une-affaire-dhomicide-involontaire\\\/#primaryimage\"},\"image\":{\"@id\":\"https:\\\/\\\/www.accidentdutravail-idf.net\\\/blog\\\/accident-mortel-du-travail-a-bagnols-sur-ceze-delibere-dans-une-affaire-dhomicide-involontaire\\\/#primaryimage\"},\"thumbnailUrl\":\"https:\\\/\\\/www.accidentdutravail-idf.net\\\/blog\\\/wp-content\\\/uploads\\\/2024\\\/05\\\/accident-mortel-du-travail-a-bagnols-sur-ceze-delibere-dans-une-affaire-dhomicide-involontaire.jpg\",\"datePublished\":\"2024-05-26T09:09:00+00:00\",\"description\":\"Accident mortel du travail \u00e0 Bagnols-sur-C\u00e8ze : d\u00e9lib\u00e9r\u00e9 dans une affaire d'homicide involontaire article de ACCIDENTDUTRAVAIL-IDF\",\"breadcrumb\":{\"@id\":\"https:\\\/\\\/www.accidentdutravail-idf.net\\\/blog\\\/accident-mortel-du-travail-a-bagnols-sur-ceze-delibere-dans-une-affaire-dhomicide-involontaire\\\/#breadcrumb\"},\"inLanguage\":\"fr-FR\",\"potentialAction\":[{\"@type\":\"ReadAction\",\"target\":[\"https:\\\/\\\/www.accidentdutravail-idf.net\\\/blog\\\/accident-mortel-du-travail-a-bagnols-sur-ceze-delibere-dans-une-affaire-dhomicide-involontaire\\\/\"]}]},{\"@type\":\"ImageObject\",\"inLanguage\":\"fr-FR\",\"@id\":\"https:\\\/\\\/www.accidentdutravail-idf.net\\\/blog\\\/accident-mortel-du-travail-a-bagnols-sur-ceze-delibere-dans-une-affaire-dhomicide-involontaire\\\/#primaryimage\",\"url\":\"https:\\\/\\\/www.accidentdutravail-idf.net\\\/blog\\\/wp-content\\\/uploads\\\/2024\\\/05\\\/accident-mortel-du-travail-a-bagnols-sur-ceze-delibere-dans-une-affaire-dhomicide-involontaire.jpg\",\"contentUrl\":\"https:\\\/\\\/www.accidentdutravail-idf.net\\\/blog\\\/wp-content\\\/uploads\\\/2024\\\/05\\\/accident-mortel-du-travail-a-bagnols-sur-ceze-delibere-dans-une-affaire-dhomicide-involontaire.jpg\"},{\"@type\":\"BreadcrumbList\",\"@id\":\"https:\\\/\\\/www.accidentdutravail-idf.net\\\/blog\\\/accident-mortel-du-travail-a-bagnols-sur-ceze-delibere-dans-une-affaire-dhomicide-involontaire\\\/#breadcrumb\",\"itemListElement\":[{\"@type\":\"ListItem\",\"position\":1,\"name\":\"Accueil\",\"item\":\"https:\\\/\\\/www.accidentdutravail-idf.net\\\/blog\\\/\"},{\"@type\":\"ListItem\",\"position\":2,\"name\":\"Accident mortel du travail \u00e0 Bagnols-sur-C\u00e8ze : d\u00e9lib\u00e9r\u00e9 dans une affaire d&rsquo;homicide involontaire\"}]},{\"@type\":\"WebSite\",\"@id\":\"https:\\\/\\\/www.accidentdutravail-idf.net\\\/blog\\\/#website\",\"url\":\"https:\\\/\\\/www.accidentdutravail-idf.net\\\/blog\\\/\",\"name\":\"ACCIDENTDUTRAVAIL-IDF\",\"description\":\"Portail accidents du travail-maladies professionnelles des entreprises d&#039;Ile-de-France\",\"publisher\":{\"@id\":\"https:\\\/\\\/www.accidentdutravail-idf.net\\\/blog\\\/#organization\"},\"potentialAction\":[{\"@type\":\"SearchAction\",\"target\":{\"@type\":\"EntryPoint\",\"urlTemplate\":\"https:\\\/\\\/www.accidentdutravail-idf.net\\\/blog\\\/?s={search_term_string}\"},\"query-input\":{\"@type\":\"PropertyValueSpecification\",\"valueRequired\":true,\"valueName\":\"search_term_string\"}}],\"inLanguage\":\"fr-FR\"},{\"@type\":\"Organization\",\"@id\":\"https:\\\/\\\/www.accidentdutravail-idf.net\\\/blog\\\/#organization\",\"name\":\"accidentdutravail-idf\",\"url\":\"https:\\\/\\\/www.accidentdutravail-idf.net\\\/blog\\\/\",\"logo\":{\"@type\":\"ImageObject\",\"inLanguage\":\"fr-FR\",\"@id\":\"https:\\\/\\\/www.accidentdutravail-idf.net\\\/blog\\\/#\\\/schema\\\/logo\\\/image\\\/\",\"url\":\"https:\\\/\\\/www.accidentdutravail-idf.net\\\/blog\\\/wp-content\\\/uploads\\\/2022\\\/09\\\/logo-2.png\",\"contentUrl\":\"https:\\\/\\\/www.accidentdutravail-idf.net\\\/blog\\\/wp-content\\\/uploads\\\/2022\\\/09\\\/logo-2.png\",\"width\":380,\"height\":291,\"caption\":\"accidentdutravail-idf\"},\"image\":{\"@id\":\"https:\\\/\\\/www.accidentdutravail-idf.net\\\/blog\\\/#\\\/schema\\\/logo\\\/image\\\/\"}},{\"@type\":\"Person\",\"@id\":\"https:\\\/\\\/www.accidentdutravail-idf.net\\\/blog\\\/#\\\/schema\\\/person\\\/3255d2f970de45e64bd9201f38e7b947\",\"name\":\"Carlos Poulain\",\"image\":{\"@type\":\"ImageObject\",\"inLanguage\":\"fr-FR\",\"@id\":\"https:\\\/\\\/secure.gravatar.com\\\/avatar\\\/b1c2f9d3588e34e91adb093635df64ef4b2381991216be7576466cfcdca4baf3?s=96&d=mm&r=g\",\"url\":\"https:\\\/\\\/secure.gravatar.com\\\/avatar\\\/b1c2f9d3588e34e91adb093635df64ef4b2381991216be7576466cfcdca4baf3?s=96&d=mm&r=g\",\"contentUrl\":\"https:\\\/\\\/secure.gravatar.com\\\/avatar\\\/b1c2f9d3588e34e91adb093635df64ef4b2381991216be7576466cfcdca4baf3?s=96&d=mm&r=g\",\"caption\":\"Carlos Poulain\"},\"url\":\"https:\\\/\\\/www.accidentdutravail-idf.net\\\/blog\\\/author\\\/idfcarlos\\\/\"}]}<\/script>\n<!-- \/ Yoast SEO plugin. -->","yoast_head_json":{"title":"Accident mortel du travail \u00e0 Bagnols-sur-C\u00e8ze : d\u00e9lib\u00e9r\u00e9 dans une affaire d'homicide involontaire - ACCIDENTDUTRAVAIL-IDF","description":"Accident mortel du travail \u00e0 Bagnols-sur-C\u00e8ze : d\u00e9lib\u00e9r\u00e9 dans une affaire d'homicide involontaire article de ACCIDENTDUTRAVAIL-IDF","robots":{"index":"index","follow":"follow","max-snippet":"max-snippet:-1","max-image-preview":"max-image-preview:large","max-video-preview":"max-video-preview:-1"},"canonical":"https:\/\/www.accidentdutravail-idf.net\/blog\/accident-mortel-du-travail-a-bagnols-sur-ceze-delibere-dans-une-affaire-dhomicide-involontaire\/","og_locale":"fr_FR","og_type":"article","og_title":"Accident mortel du travail \u00e0 Bagnols-sur-C\u00e8ze : d\u00e9lib\u00e9r\u00e9 dans une affaire d'homicide involontaire - ACCIDENTDUTRAVAIL-IDF","og_description":"Accident mortel du travail \u00e0 Bagnols-sur-C\u00e8ze : d\u00e9lib\u00e9r\u00e9 dans une affaire d'homicide involontaire article de ACCIDENTDUTRAVAIL-IDF","og_url":"https:\/\/www.accidentdutravail-idf.net\/blog\/accident-mortel-du-travail-a-bagnols-sur-ceze-delibere-dans-une-affaire-dhomicide-involontaire\/","og_site_name":"ACCIDENTDUTRAVAIL-IDF","article_published_time":"2024-05-26T09:09:00+00:00","og_image":[{"url":"https:\/\/www.accidentdutravail-idf.net\/blog\/wp-content\/uploads\/2024\/05\/accident-mortel-du-travail-a-bagnols-sur-ceze-delibere-dans-une-affaire-dhomicide-involontaire.jpg","type":"","width":"","height":""}],"author":"Carlos Poulain","twitter_card":"summary_large_image","twitter_misc":{"\u00c9crit par":"Carlos Poulain","Dur\u00e9e de lecture estim\u00e9e":"1 minute"},"schema":{"@context":"https:\/\/schema.org","@graph":[{"@type":"Article","@id":"https:\/\/www.accidentdutravail-idf.net\/blog\/accident-mortel-du-travail-a-bagnols-sur-ceze-delibere-dans-une-affaire-dhomicide-involontaire\/#article","isPartOf":{"@id":"https:\/\/www.accidentdutravail-idf.net\/blog\/accident-mortel-du-travail-a-bagnols-sur-ceze-delibere-dans-une-affaire-dhomicide-involontaire\/"},"author":{"name":"Carlos Poulain","@id":"https:\/\/www.accidentdutravail-idf.net\/blog\/#\/schema\/person\/3255d2f970de45e64bd9201f38e7b947"},"headline":"Accident mortel du travail \u00e0 Bagnols-sur-C\u00e8ze : d\u00e9lib\u00e9r\u00e9 dans une affaire d&rsquo;homicide involontaire","datePublished":"2024-05-26T09:09:00+00:00","mainEntityOfPage":{"@id":"https:\/\/www.accidentdutravail-idf.net\/blog\/accident-mortel-du-travail-a-bagnols-sur-ceze-delibere-dans-une-affaire-dhomicide-involontaire\/"},"wordCount":194,"publisher":{"@id":"https:\/\/www.accidentdutravail-idf.net\/blog\/#organization"},"image":{"@id":"https:\/\/www.accidentdutravail-idf.net\/blog\/accident-mortel-du-travail-a-bagnols-sur-ceze-delibere-dans-une-affaire-dhomicide-involontaire\/#primaryimage"},"thumbnailUrl":"https:\/\/www.accidentdutravail-idf.net\/blog\/wp-content\/uploads\/2024\/05\/accident-mortel-du-travail-a-bagnols-sur-ceze-delibere-dans-une-affaire-dhomicide-involontaire.jpg","articleSection":["S\u00e9curit\u00e9 Du Travail En Ile-De-France Et Divers:"],"inLanguage":"fr-FR"},{"@type":"WebPage","@id":"https:\/\/www.accidentdutravail-idf.net\/blog\/accident-mortel-du-travail-a-bagnols-sur-ceze-delibere-dans-une-affaire-dhomicide-involontaire\/","url":"https:\/\/www.accidentdutravail-idf.net\/blog\/accident-mortel-du-travail-a-bagnols-sur-ceze-delibere-dans-une-affaire-dhomicide-involontaire\/","name":"Accident mortel du travail \u00e0 Bagnols-sur-C\u00e8ze : d\u00e9lib\u00e9r\u00e9 dans une affaire d'homicide involontaire - ACCIDENTDUTRAVAIL-IDF","isPartOf":{"@id":"https:\/\/www.accidentdutravail-idf.net\/blog\/#website"},"primaryImageOfPage":{"@id":"https:\/\/www.accidentdutravail-idf.net\/blog\/accident-mortel-du-travail-a-bagnols-sur-ceze-delibere-dans-une-affaire-dhomicide-involontaire\/#primaryimage"},"image":{"@id":"https:\/\/www.accidentdutravail-idf.net\/blog\/accident-mortel-du-travail-a-bagnols-sur-ceze-delibere-dans-une-affaire-dhomicide-involontaire\/#primaryimage"},"thumbnailUrl":"https:\/\/www.accidentdutravail-idf.net\/blog\/wp-content\/uploads\/2024\/05\/accident-mortel-du-travail-a-bagnols-sur-ceze-delibere-dans-une-affaire-dhomicide-involontaire.jpg","datePublished":"2024-05-26T09:09:00+00:00","description":"Accident mortel du travail \u00e0 Bagnols-sur-C\u00e8ze : d\u00e9lib\u00e9r\u00e9 dans une affaire d'homicide involontaire article de ACCIDENTDUTRAVAIL-IDF","breadcrumb":{"@id":"https:\/\/www.accidentdutravail-idf.net\/blog\/accident-mortel-du-travail-a-bagnols-sur-ceze-delibere-dans-une-affaire-dhomicide-involontaire\/#breadcrumb"},"inLanguage":"fr-FR","potentialAction":[{"@type":"ReadAction","target":["https:\/\/www.accidentdutravail-idf.net\/blog\/accident-mortel-du-travail-a-bagnols-sur-ceze-delibere-dans-une-affaire-dhomicide-involontaire\/"]}]},{"@type":"ImageObject","inLanguage":"fr-FR","@id":"https:\/\/www.accidentdutravail-idf.net\/blog\/accident-mortel-du-travail-a-bagnols-sur-ceze-delibere-dans-une-affaire-dhomicide-involontaire\/#primaryimage","url":"https:\/\/www.accidentdutravail-idf.net\/blog\/wp-content\/uploads\/2024\/05\/accident-mortel-du-travail-a-bagnols-sur-ceze-delibere-dans-une-affaire-dhomicide-involontaire.jpg","contentUrl":"https:\/\/www.accidentdutravail-idf.net\/blog\/wp-content\/uploads\/2024\/05\/accident-mortel-du-travail-a-bagnols-sur-ceze-delibere-dans-une-affaire-dhomicide-involontaire.jpg"},{"@type":"BreadcrumbList","@id":"https:\/\/www.accidentdutravail-idf.net\/blog\/accident-mortel-du-travail-a-bagnols-sur-ceze-delibere-dans-une-affaire-dhomicide-involontaire\/#breadcrumb","itemListElement":[{"@type":"ListItem","position":1,"name":"Accueil","item":"https:\/\/www.accidentdutravail-idf.net\/blog\/"},{"@type":"ListItem","position":2,"name":"Accident mortel du travail \u00e0 Bagnols-sur-C\u00e8ze : d\u00e9lib\u00e9r\u00e9 dans une affaire d&rsquo;homicide involontaire"}]},{"@type":"WebSite","@id":"https:\/\/www.accidentdutravail-idf.net\/blog\/#website","url":"https:\/\/www.accidentdutravail-idf.net\/blog\/","name":"ACCIDENTDUTRAVAIL-IDF","description":"Portail accidents du travail-maladies professionnelles des entreprises d&#039;Ile-de-France","publisher":{"@id":"https:\/\/www.accidentdutravail-idf.net\/blog\/#organization"},"potentialAction":[{"@type":"SearchAction","target":{"@type":"EntryPoint","urlTemplate":"https:\/\/www.accidentdutravail-idf.net\/blog\/?s={search_term_string}"},"query-input":{"@type":"PropertyValueSpecification","valueRequired":true,"valueName":"search_term_string"}}],"inLanguage":"fr-FR"},{"@type":"Organization","@id":"https:\/\/www.accidentdutravail-idf.net\/blog\/#organization","name":"accidentdutravail-idf","url":"https:\/\/www.accidentdutravail-idf.net\/blog\/","logo":{"@type":"ImageObject","inLanguage":"fr-FR","@id":"https:\/\/www.accidentdutravail-idf.net\/blog\/#\/schema\/logo\/image\/","url":"https:\/\/www.accidentdutravail-idf.net\/blog\/wp-content\/uploads\/2022\/09\/logo-2.png","contentUrl":"https:\/\/www.accidentdutravail-idf.net\/blog\/wp-content\/uploads\/2022\/09\/logo-2.png","width":380,"height":291,"caption":"accidentdutravail-idf"},"image":{"@id":"https:\/\/www.accidentdutravail-idf.net\/blog\/#\/schema\/logo\/image\/"}},{"@type":"Person","@id":"https:\/\/www.accidentdutravail-idf.net\/blog\/#\/schema\/person\/3255d2f970de45e64bd9201f38e7b947","name":"Carlos Poulain","image":{"@type":"ImageObject","inLanguage":"fr-FR","@id":"https:\/\/secure.gravatar.com\/avatar\/b1c2f9d3588e34e91adb093635df64ef4b2381991216be7576466cfcdca4baf3?s=96&d=mm&r=g","url":"https:\/\/secure.gravatar.com\/avatar\/b1c2f9d3588e34e91adb093635df64ef4b2381991216be7576466cfcdca4baf3?s=96&d=mm&r=g","contentUrl":"https:\/\/secure.gravatar.com\/avatar\/b1c2f9d3588e34e91adb093635df64ef4b2381991216be7576466cfcdca4baf3?s=96&d=mm&r=g","caption":"Carlos Poulain"},"url":"https:\/\/www.accidentdutravail-idf.net\/blog\/author\/idfcarlos\/"}]}},"_links":{"self":[{"href":"https:\/\/www.accidentdutravail-idf.net\/blog\/wp-json\/wp\/v2\/posts\/369","targetHints":{"allow":["GET"]}}],"collection":[{"href":"https:\/\/www.accidentdutravail-idf.net\/blog\/wp-json\/wp\/v2\/posts"}],"about":[{"href":"https:\/\/www.accidentdutravail-idf.net\/blog\/wp-json\/wp\/v2\/types\/post"}],"author":[{"embeddable":true,"href":"https:\/\/www.accidentdutravail-idf.net\/blog\/wp-json\/wp\/v2\/users\/2"}],"replies":[{"embeddable":true,"href":"https:\/\/www.accidentdutravail-idf.net\/blog\/wp-json\/wp\/v2\/comments?post=369"}],"version-history":[{"count":0,"href":"https:\/\/www.accidentdutravail-idf.net\/blog\/wp-json\/wp\/v2\/posts\/369\/revisions"}],"wp:attachment":[{"href":"https:\/\/www.accidentdutravail-idf.net\/blog\/wp-json\/wp\/v2\/media?parent=369"}],"wp:term":[{"taxonomy":"category","embeddable":true,"href":"https:\/\/www.accidentdutravail-idf.net\/blog\/wp-json\/wp\/v2\/categories?post=369"},{"taxonomy":"post_tag","embeddable":true,"href":"https:\/\/www.accidentdutravail-idf.net\/blog\/wp-json\/wp\/v2\/tags?post=369"}],"curies":[{"name":"wp","href":"https:\/\/api.w.org\/{rel}","templated":true}]}}