{"id":362,"date":"2024-05-23T19:01:00","date_gmt":"2024-05-23T17:01:00","guid":{"rendered":"https:\/\/www.accidentdutravail-idf.net\/blog\/accident-debrayage-inauguration-les-5-infos-a-retenir-du-vendredi-24-mai-dans-la-manche\/"},"modified":"2024-05-23T19:01:00","modified_gmt":"2024-05-23T17:01:00","slug":"accident-debrayage-inauguration-les-5-infos-a-retenir-du-vendredi-24-mai-dans-la-manche","status":"publish","type":"post","link":"https:\/\/www.accidentdutravail-idf.net\/blog\/accident-debrayage-inauguration-les-5-infos-a-retenir-du-vendredi-24-mai-dans-la-manche\/","title":{"rendered":"Accident, d\u00e9brayage, inauguration&#8230; Les 5 infos \u00e0 retenir du vendredi 24 mai dans la Manche"},"content":{"rendered":"<div><img decoding=\"async\" src=\"https:\/\/www.accidentdutravail-idf.net\/blog\/wp-content\/uploads\/2024\/05\/accident-debrayage-inauguration-les-5-infos-a-retenir-du-vendredi-24-mai-dans-la-manche.jpg\" class=\"ff-og-image-inserted\"><\/div>\n<div class=\"ac-article-date\"> Par <strong> <a href=\"https:\/\/actu.fr\/auteur\/redaction-pressemanche\" title=\"Consulter tous les articles de R\u00e9daction La Presse de la Manche\" rel=\"nofollow\" target=\"_blank\">R\u00e9daction La Presse de la Manche<\/a> <\/strong> <span> Publi\u00e9 le  24 mai 2024 \u00e0 20h32  <\/span>\n<\/div>\n<div class=\"ac-article-follow\"> <a href=\"https:\/\/actu.fr\/mon-actu\" class=\"ac-article-follow__link\" rel=\"nofollow\" data-trk=\"{&quot;cta&quot;:{&quot;action&quot;:&quot;https:\\\/\\\/actu.fr\\\/mon-actu&quot;,&quot;category&quot;:&quot;mon compte&quot;,&quot;from&quot;:&quot;article header&quot;,&quot;name&quot;:&quot;Voir mon actu&quot;,&quot;type&quot;:&quot;cta&quot;}}\" target=\"_blank\">Voir mon actu<\/a> <button type=\"button\" class=\"ac-btn ac-btn--mini ac-btn--blue ac-icon--star-empty\" data-follow=\"Suivre La Presse de la Manche\" data-unfollow=\"Retirer\">Suivre La Presse de la Manche<\/button>\n<\/div>\n<p>Comme <strong>tous les<\/strong>&nbsp;<strong>jours,<\/strong> nous vous proposons un&nbsp;<strong>r\u00e9cap\u2019<\/strong> des&nbsp;<strong>principales infos<\/strong>&nbsp;qui ont marqu\u00e9 <strong>l\u2019actu<\/strong>&nbsp;du&nbsp;<strong>jour<\/strong>&nbsp;dans la&nbsp;<strong>Manche.<\/strong><\/p>\n<p class=\"expresso-item\"><a title=\"Lire l'article\" href=\"https:\/\/actu.fr\/normandie\/cherbourg-en-cotentin_50129\/accident-mortel-de-trottinette-a-cherbourg-un-condamne-desinvolte-a-la-barre_61107233.html\" target=\"_blank\" rel=\"nofollow\"><strong>Accident mortel de trottinette \u00e0 Cherbourg : un condamn\u00e9 d\u00e9sinvolte \u00e0 la barre<\/strong><\/a><br \/>Un Cherbourgeois de 38&nbsp;ans a \u00e9cop\u00e9 d\u2019une peine d\u2019emprisonnement ferme de 7&nbsp;ans apr\u00e8s avoir percut\u00e9 un jeune homme \u00e0 trottinette \u00e0 Cherbourg (Manche) en janvier&nbsp;2024. R\u00e9cit.<\/p>\n<p class=\"expresso-item\"><a title=\"Lire l'article\" href=\"https:\/\/actu.fr\/normandie\/cherbourg-en-cotentin_50129\/naval-group-a-cherbourg-des-centaines-de-salaries-debrayent-pour-defendre-leur-accord-dentreprise_61110396.html\" target=\"_blank\" rel=\"nofollow\"><strong>Naval Group. \u00c0 Cherbourg, des centaines de salari\u00e9s d\u00e9brayent pour d\u00e9fendre leur accord d\u2019entreprise<\/strong><\/a><br \/>Vendredi 24&nbsp;mai 2024, des centaines de salari\u00e9s du site cherbourgeois de Naval Group ont d\u00e9bray\u00e9 dans la matin\u00e9e. L\u2019intersyndicale se mobilise autour de l\u2019accord d\u2019entreprise.<\/p>\n<p class=\"expresso-item\"><a title=\"Lire l'article\" href=\"https:\/\/actu.fr\/loisirs-culture\/valognes-cinq-infos-a-connaitre-sur-les-bains-du-cotentin-le-nouveau-centre-aquatique_61107181.html\" target=\"_blank\" rel=\"nofollow\"><strong>Valognes. Cinq infos \u00e0 conna\u00eetre sur \u00ab Les Bains du Cotentin \u00bb, le nouveau centre aquatique<\/strong><\/a><br \/>L\u2019espace aquatique construit par la Communaut\u00e9 d\u2019agglom\u00e9ration du Cotentin, \u00e0 Valognes, a \u00e9t\u00e9 inaugur\u00e9 ce jeudi 23&nbsp;mai 2024. Le projet a \u00e9t\u00e9 \u00e9voqu\u00e9 pour la premi\u00e8re fois en 2012.<\/p>\n<p class=\"expresso-item\"><a title=\"Lire l'article\" href=\"https:\/\/actu.fr\/normandie\/cherbourg-en-cotentin_50129\/cherbourg-travaux-dans-les-rues-pietonnes-la-ville-indemnise-un-commerce-dautres-sont-a-letude_61104719.html\" target=\"_blank\" rel=\"nofollow\"><strong>Cherbourg. Travaux dans les rues pi\u00e9tonnes : la Ville indemnise un commerce, d\u2019autres sont \u00e0 l\u2019\u00e9tude<\/strong><\/a><br \/>Le conseil municipal de Cherbourg-en-Cotentin s\u2019est r\u00e9uni ce mercredi 22 mai 2024. Un point d\u2019\u00e9tape a \u00e9t\u00e9 fait sur les travaux en cours sur le plateau pi\u00e9tonnier du centre-ville.<\/p>\n<p class=\"expresso-item\"><a title=\"Lire l'article\" href=\"https:\/\/actu.fr\/sports\/video-cyclisme-killian-theot-gagne-la-2e-etape-du-tour-de-la-manche_61111892.html\" target=\"_blank\" rel=\"nofollow\"><strong>VID\u00c9O. Cyclisme : Killian Th\u00e9ot remporte la deuxi\u00e8me \u00e9tape du Tour de la Manche<\/strong><\/a><br \/>Killian Th\u00e9ot (VC Rouen) a gagn\u00e9 la deuxi\u00e8me \u00e9tape du Tour de la Manche, entre Barneville-Carteret (Manche) et Sartilly (Manche), ce vendredi 24 mai 2024.<\/p>\n<p><a href=\"https:\/\/actu.fr\/cote-manche\/\" target=\"_blank\" rel=\"nofollow\"><strong>\u2192 Plus d\u2019informations sur C\u00f4t\u00e9 Manche<\/strong><\/a><br \/><a href=\"https:\/\/actu.fr\/la-gazette-de-la-manche\/\" target=\"_blank\" rel=\"nofollow\"><strong>\u2192 Plus d\u2019informations sur La Gazette de la Manche<\/strong><\/a><br \/><a href=\"https:\/\/actu.fr\/c-est-a-cherbourg\/\" target=\"_blank\" rel=\"nofollow\"><strong>\u2192 Plus d\u2019informations sur C\u2019est \u00e0 Cherbourg<\/strong><\/a><\/p>\n<p><i>Suivez toute l\u2019actualit\u00e9 de vos villes et m\u00e9dias favoris en vous inscrivant \u00e0 <a href=\"https:\/\/moncompte.actu.fr\" title=\"D\u00e9couvez Mon Actu\" rel=\"nofollow\" data-trk=\"{&quot;cta&quot;:{&quot;action&quot;:&quot;https:\\\/\\\/moncompte.actu.fr&quot;,&quot;category&quot;:&quot;mon compte&quot;,&quot;from&quot;:&quot;article footer&quot;,&quot;name&quot;:&quot;Mon actu&quot;,&quot;type&quot;:&quot;cta&quot;}}\" target=\"_blank\">Mon Actu<\/a>.<\/i><\/p>\n<div class=\"ac-article-content__footer\">\n<div class=\"ac-article-social\">\n<p>Partagez<\/p>\n<ul>\n<li> <a target=\"_blank\" href=\"http:\/\/www.facebook.com\/sharer.php?u=https:\/\/actu.fr\/societe\/accident-debrayage-inauguration-les-5-infos-a-retenir-du-vendredi-24-mai-dans-la-manche_61112641.html\" class=\"ac-btn-social ac-btn-social--small ac-btn-social--blue ac-btn-social--facebook\" title=\"Partagez sur Facebook - Nouvelle fen\u00eatre\" data-trk=\"{&quot;social&quot;:{&quot;network&quot;:&quot;facebook&quot;},&quot;article&quot;:{&quot;id_contenu&quot;:61112641,&quot;titre_contenu&quot;:&quot;Accident, d\\u00e9brayage, inauguration... Les 5 infos \\u00e0 retenir du vendredi 24 mai dans la Manche&quot;,&quot;marque&quot;:&quot;La Presse de la Manche&quot;,&quot;code_region&quot;:&quot;28&quot;,&quot;code_departement&quot;:&quot;50&quot;,&quot;type&quot;:&quot;article&quot;,&quot;arborescence&quot;:&quot;Soci\\u00e9t\\u00e9&quot;,&quot;signature_auteur&quot;:&quot;R\\u00e9daction La Presse de la Manche&quot;,&quot;statut_monetisation&quot;:&quot;gratuit&quot;}}\" rel=\"noopener nofollow\"><span class=\"sr\">Partagez sur Facebook<\/span><\/a> <\/li>\n<li> <a target=\"_blank\" href=\"https:\/\/twitter.com\/intent\/tweet?url=https:\/\/actu.fr\/societe\/accident-debrayage-inauguration-les-5-infos-a-retenir-du-vendredi-24-mai-dans-la-manche_61112641.html&amp;text=Accident, d\u00e9brayage, inauguration... Les 5 infos \u00e0 retenir du vendredi 24 mai dans la Manche&amp;via=actufr\" class=\"ac-btn-social ac-btn-social--small ac-btn-social--blue ac-btn-social--twitter\" title=\"Partagez sur Twitter - Nouvelle fen\u00eatre\" data-trk=\"{&quot;social&quot;:{&quot;network&quot;:&quot;twitter&quot;},&quot;article&quot;:{&quot;id_contenu&quot;:61112641,&quot;titre_contenu&quot;:&quot;Accident, d\\u00e9brayage, inauguration... Les 5 infos \\u00e0 retenir du vendredi 24 mai dans la Manche&quot;,&quot;marque&quot;:&quot;La Presse de la Manche&quot;,&quot;code_region&quot;:&quot;28&quot;,&quot;code_departement&quot;:&quot;50&quot;,&quot;type&quot;:&quot;article&quot;,&quot;arborescence&quot;:&quot;Soci\\u00e9t\\u00e9&quot;,&quot;signature_auteur&quot;:&quot;R\\u00e9daction La Presse de la Manche&quot;,&quot;statut_monetisation&quot;:&quot;gratuit&quot;}}\" rel=\"noopener nofollow\"><span class=\"sr\">Partagez sur Twitter<\/span><\/a> <\/li>\n<li> <a target=\"_blank\" href=\"https:\/\/actu.fr\/cdn-cgi\/l\/email-protection#a0e09fd3d5c2cac5c3d49de1c3c3c9c4c5ced48c80c46309c2d2c1d9c1c7c58c80c9cec1d5c7d5d2c1d4c9cfce8e8e8e80ecc5d3809580c9cec6cfd380630080d2c5d4c5cec9d280c4d580d6c5cec4d2c5c4c980929480cdc1c980c4c1ced380ccc180edc1cec3c8c586c2cfc4d99de1c3c3c9c4c5ced48c80c46309c2d2c1d9c1c7c58c80c9cec1d5c7d5d2c1d4c9cfce8e8e8e80ecc5d3809580c9cec6cfd380630080d2c5d4c5cec9d280c4d580d6c5cec4d2c5c4c980929480cdc1c980c4c1ced380ccc180edc1cec3c8c58592909a859290c8d4d4d0d39a8f8fc1c3d4d58ec6d28fd3cfc3c9c5d4c58fc1c3c3c9c4c5ced48dc4c5c2d2c1d9c1c7c58dc9cec1d5c7d5d2c1d4c9cfce8dccc5d38d958dc9cec6cfd38dc18dd2c5d4c5cec9d28dc4d58dd6c5cec4d2c5c4c98d92948dcdc1c98dc4c1ced38dccc18dcdc1cec3c8c5ff96919191929694918ec8d4cdcc\" class=\"ac-btn-social ac-btn-social--small ac-btn-social--blue ac-btn-social--mail\" title=\"Partagez par mail - Nouvelle fen\u00eatre\" data-trk=\"{&quot;social&quot;:{&quot;network&quot;:&quot;email&quot;},&quot;article&quot;:{&quot;id_contenu&quot;:61112641,&quot;titre_contenu&quot;:&quot;Accident, d\\u00e9brayage, inauguration... Les 5 infos \\u00e0 retenir du vendredi 24 mai dans la Manche&quot;,&quot;marque&quot;:&quot;La Presse de la Manche&quot;,&quot;code_region&quot;:&quot;28&quot;,&quot;code_departement&quot;:&quot;50&quot;,&quot;type&quot;:&quot;article&quot;,&quot;arborescence&quot;:&quot;Soci\\u00e9t\\u00e9&quot;,&quot;signature_auteur&quot;:&quot;R\\u00e9daction La Presse de la Manche&quot;,&quot;statut_monetisation&quot;:&quot;gratuit&quot;}}\" rel=\"noopener nofollow\"><span class=\"sr\">Partagez par Mail<\/span><\/a> <\/li>\n<li> <button class=\"ac-btn-social ac-btn-social--small ac-btn-social--blue ac-btn-social--link\" data-trk=\"{&quot;social&quot;:{&quot;network&quot;:&quot;copi\\u00e9&quot;},&quot;article&quot;:{&quot;id_contenu&quot;:61112641,&quot;titre_contenu&quot;:&quot;Accident, d\\u00e9brayage, inauguration... Les 5 infos \\u00e0 retenir du vendredi 24 mai dans la Manche&quot;,&quot;marque&quot;:&quot;La Presse de la Manche&quot;,&quot;code_region&quot;:&quot;28&quot;,&quot;code_departement&quot;:&quot;50&quot;,&quot;type&quot;:&quot;article&quot;,&quot;arborescence&quot;:&quot;Soci\\u00e9t\\u00e9&quot;,&quot;signature_auteur&quot;:&quot;R\\u00e9daction La Presse de la Manche&quot;,&quot;statut_monetisation&quot;:&quot;gratuit&quot;}}\"><span class=\"sr\">Copiez\/Collez le Lien<\/span><\/button> <span class=\"ac-article-social__msg is-hidden\">Copi\u00e9 !<\/span> <span class=\"ac-article-social__copy\">https:\/\/actu.fr\/societe\/accident-debrayage-inauguration-les-5-infos-a-retenir-du-vendredi-24-mai-dans-la-manche_61112641.html<\/span> <\/li>\n<\/ul>\n<\/div>\n<p><a href=\"https:\/\/actu.fr\/newsletter\/#lapressedelamanche\" class=\"ac-btn ac-btn--large ac-btn--blue ac-icon ac-icon--mail ac-btn--newsletter\" target=\"_blank\" rel=\"nofollow\"><br \/>\nD\u00e9couvrez les newsletters<br \/>\n<\/a> <\/div>\n<p> accidentdutravail-idf.net vous a pr\u00e9par\u00e9 ce post qui informe du sujet \u00ab\u00a0Association Sportive Huisson-Longueville Essonne\u00a0\u00bb. La chronique se veut g\u00e9n\u00e9r\u00e9e du mieux possible. Vous pouvez utiliser les coordonn\u00e9es indiqu\u00e9es sur le site dans le but d\u2019apporter des explications sur ce post qui parle du th\u00e8me \u00ab\u00a0Association Sportive Huisson-Longueville Essonne\u00a0\u00bb. Le site accidentdutravail-idf.net a pour but de fournir diverses publications sur la th\u00e9matique Association Sportive Huisson-Longueville Essonne diffus\u00e9es sur le net. Il y aura plusieurs articles autour du sujet \u00ab\u00a0Association Sportive Huisson-Longueville Essonne\u00a0\u00bb dans quelques jours, nous vous invitons \u00e0 naviguer sur notre site web \u00e0 plusieurs reprises.<\/p>\n","protected":false},"excerpt":{"rendered":"<p>Par R\u00e9daction La Presse de la Manche Publi\u00e9 le 24 mai 2024 \u00e0 20h32 Voir mon actu Suivre La Presse de la Manche Comme tous les&nbsp;jours, nous vous proposons un&nbsp;r\u00e9cap\u2019 des&nbsp;principales infos&nbsp;qui ont marqu\u00e9 l\u2019actu&nbsp;du&nbsp;jour&nbsp;dans la&nbsp;Manche. Accident mortel de trottinette \u00e0 Cherbourg : un condamn\u00e9 d\u00e9sinvolte \u00e0 la barreUn Cherbourgeois de 38&nbsp;ans a \u00e9cop\u00e9 d\u2019une &hellip; <\/p>\n<p class=\"link-more\"><a href=\"https:\/\/www.accidentdutravail-idf.net\/blog\/accident-debrayage-inauguration-les-5-infos-a-retenir-du-vendredi-24-mai-dans-la-manche\/\" class=\"more-link\">Continuer la lecture <span class=\"screen-reader-text\"> \u00ab\u00a0Accident, d\u00e9brayage, inauguration&#8230; Les 5 infos \u00e0 retenir du vendredi 24 mai dans la Manche\u00a0\u00bb<\/span><\/a><\/p>\n","protected":false},"author":2,"featured_media":0,"comment_status":"closed","ping_status":"closed","sticky":false,"template":"","format":"standard","meta":{"footnotes":""},"categories":[5],"tags":[],"class_list":["post-362","post","type-post","status-publish","format-standard","hentry","category-securite-du-travail-en-ile-de-france-et-divers","entry"],"yoast_head":"<!-- This site is optimized with the Yoast SEO plugin v27.5 - https:\/\/yoast.com\/product\/yoast-seo-wordpress\/ -->\n<title>Accident, d\u00e9brayage, inauguration... Les 5 infos \u00e0 retenir du vendredi 24 mai dans la Manche - ACCIDENTDUTRAVAIL-IDF<\/title>\n<meta name=\"description\" content=\"Accident, d\u00e9brayage, inauguration... Les 5 infos \u00e0 retenir du vendredi 24 mai dans la Manche article de ACCIDENTDUTRAVAIL-IDF\" \/>\n<meta name=\"robots\" content=\"index, follow, max-snippet:-1, max-image-preview:large, max-video-preview:-1\" \/>\n<link rel=\"canonical\" href=\"https:\/\/www.accidentdutravail-idf.net\/blog\/accident-debrayage-inauguration-les-5-infos-a-retenir-du-vendredi-24-mai-dans-la-manche\/\" \/>\n<meta property=\"og:locale\" content=\"fr_FR\" \/>\n<meta property=\"og:type\" content=\"article\" \/>\n<meta property=\"og:title\" content=\"Accident, d\u00e9brayage, inauguration... Les 5 infos \u00e0 retenir du vendredi 24 mai dans la Manche - ACCIDENTDUTRAVAIL-IDF\" \/>\n<meta property=\"og:description\" content=\"Accident, d\u00e9brayage, inauguration... Les 5 infos \u00e0 retenir du vendredi 24 mai dans la Manche article de ACCIDENTDUTRAVAIL-IDF\" \/>\n<meta property=\"og:url\" content=\"https:\/\/www.accidentdutravail-idf.net\/blog\/accident-debrayage-inauguration-les-5-infos-a-retenir-du-vendredi-24-mai-dans-la-manche\/\" \/>\n<meta property=\"og:site_name\" content=\"ACCIDENTDUTRAVAIL-IDF\" \/>\n<meta property=\"article:published_time\" content=\"2024-05-23T17:01:00+00:00\" \/>\n<meta property=\"og:image\" content=\"https:\/\/www.accidentdutravail-idf.net\/blog\/wp-content\/uploads\/2024\/05\/accident-debrayage-inauguration-les-5-infos-a-retenir-du-vendredi-24-mai-dans-la-manche.jpg\" \/>\n<meta name=\"author\" content=\"Carlos Poulain\" \/>\n<meta name=\"twitter:card\" content=\"summary_large_image\" \/>\n<meta name=\"twitter:label1\" content=\"\u00c9crit par\" \/>\n\t<meta name=\"twitter:data1\" content=\"Carlos Poulain\" \/>\n\t<meta name=\"twitter:label2\" content=\"Dur\u00e9e de lecture estim\u00e9e\" \/>\n\t<meta name=\"twitter:data2\" content=\"2 minutes\" \/>\n<script type=\"application\/ld+json\" class=\"yoast-schema-graph\">{\"@context\":\"https:\\\/\\\/schema.org\",\"@graph\":[{\"@type\":\"Article\",\"@id\":\"https:\\\/\\\/www.accidentdutravail-idf.net\\\/blog\\\/accident-debrayage-inauguration-les-5-infos-a-retenir-du-vendredi-24-mai-dans-la-manche\\\/#article\",\"isPartOf\":{\"@id\":\"https:\\\/\\\/www.accidentdutravail-idf.net\\\/blog\\\/accident-debrayage-inauguration-les-5-infos-a-retenir-du-vendredi-24-mai-dans-la-manche\\\/\"},\"author\":{\"name\":\"Carlos Poulain\",\"@id\":\"https:\\\/\\\/www.accidentdutravail-idf.net\\\/blog\\\/#\\\/schema\\\/person\\\/3255d2f970de45e64bd9201f38e7b947\"},\"headline\":\"Accident, d\u00e9brayage, inauguration&#8230; Les 5 infos \u00e0 retenir du vendredi 24 mai dans la Manche\",\"datePublished\":\"2024-05-23T17:01:00+00:00\",\"mainEntityOfPage\":{\"@id\":\"https:\\\/\\\/www.accidentdutravail-idf.net\\\/blog\\\/accident-debrayage-inauguration-les-5-infos-a-retenir-du-vendredi-24-mai-dans-la-manche\\\/\"},\"wordCount\":461,\"publisher\":{\"@id\":\"https:\\\/\\\/www.accidentdutravail-idf.net\\\/blog\\\/#organization\"},\"image\":{\"@id\":\"https:\\\/\\\/www.accidentdutravail-idf.net\\\/blog\\\/accident-debrayage-inauguration-les-5-infos-a-retenir-du-vendredi-24-mai-dans-la-manche\\\/#primaryimage\"},\"thumbnailUrl\":\"https:\\\/\\\/www.accidentdutravail-idf.net\\\/blog\\\/wp-content\\\/uploads\\\/2024\\\/05\\\/accident-debrayage-inauguration-les-5-infos-a-retenir-du-vendredi-24-mai-dans-la-manche.jpg\",\"articleSection\":[\"S\u00e9curit\u00e9 Du Travail En Ile-De-France Et Divers:\"],\"inLanguage\":\"fr-FR\"},{\"@type\":\"WebPage\",\"@id\":\"https:\\\/\\\/www.accidentdutravail-idf.net\\\/blog\\\/accident-debrayage-inauguration-les-5-infos-a-retenir-du-vendredi-24-mai-dans-la-manche\\\/\",\"url\":\"https:\\\/\\\/www.accidentdutravail-idf.net\\\/blog\\\/accident-debrayage-inauguration-les-5-infos-a-retenir-du-vendredi-24-mai-dans-la-manche\\\/\",\"name\":\"Accident, d\u00e9brayage, inauguration... Les 5 infos \u00e0 retenir du vendredi 24 mai dans la Manche - ACCIDENTDUTRAVAIL-IDF\",\"isPartOf\":{\"@id\":\"https:\\\/\\\/www.accidentdutravail-idf.net\\\/blog\\\/#website\"},\"primaryImageOfPage\":{\"@id\":\"https:\\\/\\\/www.accidentdutravail-idf.net\\\/blog\\\/accident-debrayage-inauguration-les-5-infos-a-retenir-du-vendredi-24-mai-dans-la-manche\\\/#primaryimage\"},\"image\":{\"@id\":\"https:\\\/\\\/www.accidentdutravail-idf.net\\\/blog\\\/accident-debrayage-inauguration-les-5-infos-a-retenir-du-vendredi-24-mai-dans-la-manche\\\/#primaryimage\"},\"thumbnailUrl\":\"https:\\\/\\\/www.accidentdutravail-idf.net\\\/blog\\\/wp-content\\\/uploads\\\/2024\\\/05\\\/accident-debrayage-inauguration-les-5-infos-a-retenir-du-vendredi-24-mai-dans-la-manche.jpg\",\"datePublished\":\"2024-05-23T17:01:00+00:00\",\"description\":\"Accident, d\u00e9brayage, inauguration... Les 5 infos \u00e0 retenir du vendredi 24 mai dans la Manche article de ACCIDENTDUTRAVAIL-IDF\",\"breadcrumb\":{\"@id\":\"https:\\\/\\\/www.accidentdutravail-idf.net\\\/blog\\\/accident-debrayage-inauguration-les-5-infos-a-retenir-du-vendredi-24-mai-dans-la-manche\\\/#breadcrumb\"},\"inLanguage\":\"fr-FR\",\"potentialAction\":[{\"@type\":\"ReadAction\",\"target\":[\"https:\\\/\\\/www.accidentdutravail-idf.net\\\/blog\\\/accident-debrayage-inauguration-les-5-infos-a-retenir-du-vendredi-24-mai-dans-la-manche\\\/\"]}]},{\"@type\":\"ImageObject\",\"inLanguage\":\"fr-FR\",\"@id\":\"https:\\\/\\\/www.accidentdutravail-idf.net\\\/blog\\\/accident-debrayage-inauguration-les-5-infos-a-retenir-du-vendredi-24-mai-dans-la-manche\\\/#primaryimage\",\"url\":\"https:\\\/\\\/www.accidentdutravail-idf.net\\\/blog\\\/wp-content\\\/uploads\\\/2024\\\/05\\\/accident-debrayage-inauguration-les-5-infos-a-retenir-du-vendredi-24-mai-dans-la-manche.jpg\",\"contentUrl\":\"https:\\\/\\\/www.accidentdutravail-idf.net\\\/blog\\\/wp-content\\\/uploads\\\/2024\\\/05\\\/accident-debrayage-inauguration-les-5-infos-a-retenir-du-vendredi-24-mai-dans-la-manche.jpg\"},{\"@type\":\"BreadcrumbList\",\"@id\":\"https:\\\/\\\/www.accidentdutravail-idf.net\\\/blog\\\/accident-debrayage-inauguration-les-5-infos-a-retenir-du-vendredi-24-mai-dans-la-manche\\\/#breadcrumb\",\"itemListElement\":[{\"@type\":\"ListItem\",\"position\":1,\"name\":\"Accueil\",\"item\":\"https:\\\/\\\/www.accidentdutravail-idf.net\\\/blog\\\/\"},{\"@type\":\"ListItem\",\"position\":2,\"name\":\"Accident, d\u00e9brayage, inauguration&#8230; Les 5 infos \u00e0 retenir du vendredi 24 mai dans la Manche\"}]},{\"@type\":\"WebSite\",\"@id\":\"https:\\\/\\\/www.accidentdutravail-idf.net\\\/blog\\\/#website\",\"url\":\"https:\\\/\\\/www.accidentdutravail-idf.net\\\/blog\\\/\",\"name\":\"ACCIDENTDUTRAVAIL-IDF\",\"description\":\"Portail accidents du travail-maladies professionnelles des entreprises d&#039;Ile-de-France\",\"publisher\":{\"@id\":\"https:\\\/\\\/www.accidentdutravail-idf.net\\\/blog\\\/#organization\"},\"potentialAction\":[{\"@type\":\"SearchAction\",\"target\":{\"@type\":\"EntryPoint\",\"urlTemplate\":\"https:\\\/\\\/www.accidentdutravail-idf.net\\\/blog\\\/?s={search_term_string}\"},\"query-input\":{\"@type\":\"PropertyValueSpecification\",\"valueRequired\":true,\"valueName\":\"search_term_string\"}}],\"inLanguage\":\"fr-FR\"},{\"@type\":\"Organization\",\"@id\":\"https:\\\/\\\/www.accidentdutravail-idf.net\\\/blog\\\/#organization\",\"name\":\"accidentdutravail-idf\",\"url\":\"https:\\\/\\\/www.accidentdutravail-idf.net\\\/blog\\\/\",\"logo\":{\"@type\":\"ImageObject\",\"inLanguage\":\"fr-FR\",\"@id\":\"https:\\\/\\\/www.accidentdutravail-idf.net\\\/blog\\\/#\\\/schema\\\/logo\\\/image\\\/\",\"url\":\"https:\\\/\\\/www.accidentdutravail-idf.net\\\/blog\\\/wp-content\\\/uploads\\\/2022\\\/09\\\/logo-2.png\",\"contentUrl\":\"https:\\\/\\\/www.accidentdutravail-idf.net\\\/blog\\\/wp-content\\\/uploads\\\/2022\\\/09\\\/logo-2.png\",\"width\":380,\"height\":291,\"caption\":\"accidentdutravail-idf\"},\"image\":{\"@id\":\"https:\\\/\\\/www.accidentdutravail-idf.net\\\/blog\\\/#\\\/schema\\\/logo\\\/image\\\/\"}},{\"@type\":\"Person\",\"@id\":\"https:\\\/\\\/www.accidentdutravail-idf.net\\\/blog\\\/#\\\/schema\\\/person\\\/3255d2f970de45e64bd9201f38e7b947\",\"name\":\"Carlos Poulain\",\"image\":{\"@type\":\"ImageObject\",\"inLanguage\":\"fr-FR\",\"@id\":\"https:\\\/\\\/secure.gravatar.com\\\/avatar\\\/b1c2f9d3588e34e91adb093635df64ef4b2381991216be7576466cfcdca4baf3?s=96&d=mm&r=g\",\"url\":\"https:\\\/\\\/secure.gravatar.com\\\/avatar\\\/b1c2f9d3588e34e91adb093635df64ef4b2381991216be7576466cfcdca4baf3?s=96&d=mm&r=g\",\"contentUrl\":\"https:\\\/\\\/secure.gravatar.com\\\/avatar\\\/b1c2f9d3588e34e91adb093635df64ef4b2381991216be7576466cfcdca4baf3?s=96&d=mm&r=g\",\"caption\":\"Carlos Poulain\"},\"url\":\"https:\\\/\\\/www.accidentdutravail-idf.net\\\/blog\\\/author\\\/idfcarlos\\\/\"}]}<\/script>\n<!-- \/ Yoast SEO plugin. -->","yoast_head_json":{"title":"Accident, d\u00e9brayage, inauguration... Les 5 infos \u00e0 retenir du vendredi 24 mai dans la Manche - ACCIDENTDUTRAVAIL-IDF","description":"Accident, d\u00e9brayage, inauguration... Les 5 infos \u00e0 retenir du vendredi 24 mai dans la Manche article de ACCIDENTDUTRAVAIL-IDF","robots":{"index":"index","follow":"follow","max-snippet":"max-snippet:-1","max-image-preview":"max-image-preview:large","max-video-preview":"max-video-preview:-1"},"canonical":"https:\/\/www.accidentdutravail-idf.net\/blog\/accident-debrayage-inauguration-les-5-infos-a-retenir-du-vendredi-24-mai-dans-la-manche\/","og_locale":"fr_FR","og_type":"article","og_title":"Accident, d\u00e9brayage, inauguration... Les 5 infos \u00e0 retenir du vendredi 24 mai dans la Manche - ACCIDENTDUTRAVAIL-IDF","og_description":"Accident, d\u00e9brayage, inauguration... Les 5 infos \u00e0 retenir du vendredi 24 mai dans la Manche article de ACCIDENTDUTRAVAIL-IDF","og_url":"https:\/\/www.accidentdutravail-idf.net\/blog\/accident-debrayage-inauguration-les-5-infos-a-retenir-du-vendredi-24-mai-dans-la-manche\/","og_site_name":"ACCIDENTDUTRAVAIL-IDF","article_published_time":"2024-05-23T17:01:00+00:00","og_image":[{"url":"https:\/\/www.accidentdutravail-idf.net\/blog\/wp-content\/uploads\/2024\/05\/accident-debrayage-inauguration-les-5-infos-a-retenir-du-vendredi-24-mai-dans-la-manche.jpg","type":"","width":"","height":""}],"author":"Carlos Poulain","twitter_card":"summary_large_image","twitter_misc":{"\u00c9crit par":"Carlos Poulain","Dur\u00e9e de lecture estim\u00e9e":"2 minutes"},"schema":{"@context":"https:\/\/schema.org","@graph":[{"@type":"Article","@id":"https:\/\/www.accidentdutravail-idf.net\/blog\/accident-debrayage-inauguration-les-5-infos-a-retenir-du-vendredi-24-mai-dans-la-manche\/#article","isPartOf":{"@id":"https:\/\/www.accidentdutravail-idf.net\/blog\/accident-debrayage-inauguration-les-5-infos-a-retenir-du-vendredi-24-mai-dans-la-manche\/"},"author":{"name":"Carlos Poulain","@id":"https:\/\/www.accidentdutravail-idf.net\/blog\/#\/schema\/person\/3255d2f970de45e64bd9201f38e7b947"},"headline":"Accident, d\u00e9brayage, inauguration&#8230; Les 5 infos \u00e0 retenir du vendredi 24 mai dans la Manche","datePublished":"2024-05-23T17:01:00+00:00","mainEntityOfPage":{"@id":"https:\/\/www.accidentdutravail-idf.net\/blog\/accident-debrayage-inauguration-les-5-infos-a-retenir-du-vendredi-24-mai-dans-la-manche\/"},"wordCount":461,"publisher":{"@id":"https:\/\/www.accidentdutravail-idf.net\/blog\/#organization"},"image":{"@id":"https:\/\/www.accidentdutravail-idf.net\/blog\/accident-debrayage-inauguration-les-5-infos-a-retenir-du-vendredi-24-mai-dans-la-manche\/#primaryimage"},"thumbnailUrl":"https:\/\/www.accidentdutravail-idf.net\/blog\/wp-content\/uploads\/2024\/05\/accident-debrayage-inauguration-les-5-infos-a-retenir-du-vendredi-24-mai-dans-la-manche.jpg","articleSection":["S\u00e9curit\u00e9 Du Travail En Ile-De-France Et Divers:"],"inLanguage":"fr-FR"},{"@type":"WebPage","@id":"https:\/\/www.accidentdutravail-idf.net\/blog\/accident-debrayage-inauguration-les-5-infos-a-retenir-du-vendredi-24-mai-dans-la-manche\/","url":"https:\/\/www.accidentdutravail-idf.net\/blog\/accident-debrayage-inauguration-les-5-infos-a-retenir-du-vendredi-24-mai-dans-la-manche\/","name":"Accident, d\u00e9brayage, inauguration... Les 5 infos \u00e0 retenir du vendredi 24 mai dans la Manche - ACCIDENTDUTRAVAIL-IDF","isPartOf":{"@id":"https:\/\/www.accidentdutravail-idf.net\/blog\/#website"},"primaryImageOfPage":{"@id":"https:\/\/www.accidentdutravail-idf.net\/blog\/accident-debrayage-inauguration-les-5-infos-a-retenir-du-vendredi-24-mai-dans-la-manche\/#primaryimage"},"image":{"@id":"https:\/\/www.accidentdutravail-idf.net\/blog\/accident-debrayage-inauguration-les-5-infos-a-retenir-du-vendredi-24-mai-dans-la-manche\/#primaryimage"},"thumbnailUrl":"https:\/\/www.accidentdutravail-idf.net\/blog\/wp-content\/uploads\/2024\/05\/accident-debrayage-inauguration-les-5-infos-a-retenir-du-vendredi-24-mai-dans-la-manche.jpg","datePublished":"2024-05-23T17:01:00+00:00","description":"Accident, d\u00e9brayage, inauguration... Les 5 infos \u00e0 retenir du vendredi 24 mai dans la Manche article de ACCIDENTDUTRAVAIL-IDF","breadcrumb":{"@id":"https:\/\/www.accidentdutravail-idf.net\/blog\/accident-debrayage-inauguration-les-5-infos-a-retenir-du-vendredi-24-mai-dans-la-manche\/#breadcrumb"},"inLanguage":"fr-FR","potentialAction":[{"@type":"ReadAction","target":["https:\/\/www.accidentdutravail-idf.net\/blog\/accident-debrayage-inauguration-les-5-infos-a-retenir-du-vendredi-24-mai-dans-la-manche\/"]}]},{"@type":"ImageObject","inLanguage":"fr-FR","@id":"https:\/\/www.accidentdutravail-idf.net\/blog\/accident-debrayage-inauguration-les-5-infos-a-retenir-du-vendredi-24-mai-dans-la-manche\/#primaryimage","url":"https:\/\/www.accidentdutravail-idf.net\/blog\/wp-content\/uploads\/2024\/05\/accident-debrayage-inauguration-les-5-infos-a-retenir-du-vendredi-24-mai-dans-la-manche.jpg","contentUrl":"https:\/\/www.accidentdutravail-idf.net\/blog\/wp-content\/uploads\/2024\/05\/accident-debrayage-inauguration-les-5-infos-a-retenir-du-vendredi-24-mai-dans-la-manche.jpg"},{"@type":"BreadcrumbList","@id":"https:\/\/www.accidentdutravail-idf.net\/blog\/accident-debrayage-inauguration-les-5-infos-a-retenir-du-vendredi-24-mai-dans-la-manche\/#breadcrumb","itemListElement":[{"@type":"ListItem","position":1,"name":"Accueil","item":"https:\/\/www.accidentdutravail-idf.net\/blog\/"},{"@type":"ListItem","position":2,"name":"Accident, d\u00e9brayage, inauguration&#8230; Les 5 infos \u00e0 retenir du vendredi 24 mai dans la Manche"}]},{"@type":"WebSite","@id":"https:\/\/www.accidentdutravail-idf.net\/blog\/#website","url":"https:\/\/www.accidentdutravail-idf.net\/blog\/","name":"ACCIDENTDUTRAVAIL-IDF","description":"Portail accidents du travail-maladies professionnelles des entreprises d&#039;Ile-de-France","publisher":{"@id":"https:\/\/www.accidentdutravail-idf.net\/blog\/#organization"},"potentialAction":[{"@type":"SearchAction","target":{"@type":"EntryPoint","urlTemplate":"https:\/\/www.accidentdutravail-idf.net\/blog\/?s={search_term_string}"},"query-input":{"@type":"PropertyValueSpecification","valueRequired":true,"valueName":"search_term_string"}}],"inLanguage":"fr-FR"},{"@type":"Organization","@id":"https:\/\/www.accidentdutravail-idf.net\/blog\/#organization","name":"accidentdutravail-idf","url":"https:\/\/www.accidentdutravail-idf.net\/blog\/","logo":{"@type":"ImageObject","inLanguage":"fr-FR","@id":"https:\/\/www.accidentdutravail-idf.net\/blog\/#\/schema\/logo\/image\/","url":"https:\/\/www.accidentdutravail-idf.net\/blog\/wp-content\/uploads\/2022\/09\/logo-2.png","contentUrl":"https:\/\/www.accidentdutravail-idf.net\/blog\/wp-content\/uploads\/2022\/09\/logo-2.png","width":380,"height":291,"caption":"accidentdutravail-idf"},"image":{"@id":"https:\/\/www.accidentdutravail-idf.net\/blog\/#\/schema\/logo\/image\/"}},{"@type":"Person","@id":"https:\/\/www.accidentdutravail-idf.net\/blog\/#\/schema\/person\/3255d2f970de45e64bd9201f38e7b947","name":"Carlos Poulain","image":{"@type":"ImageObject","inLanguage":"fr-FR","@id":"https:\/\/secure.gravatar.com\/avatar\/b1c2f9d3588e34e91adb093635df64ef4b2381991216be7576466cfcdca4baf3?s=96&d=mm&r=g","url":"https:\/\/secure.gravatar.com\/avatar\/b1c2f9d3588e34e91adb093635df64ef4b2381991216be7576466cfcdca4baf3?s=96&d=mm&r=g","contentUrl":"https:\/\/secure.gravatar.com\/avatar\/b1c2f9d3588e34e91adb093635df64ef4b2381991216be7576466cfcdca4baf3?s=96&d=mm&r=g","caption":"Carlos Poulain"},"url":"https:\/\/www.accidentdutravail-idf.net\/blog\/author\/idfcarlos\/"}]}},"_links":{"self":[{"href":"https:\/\/www.accidentdutravail-idf.net\/blog\/wp-json\/wp\/v2\/posts\/362","targetHints":{"allow":["GET"]}}],"collection":[{"href":"https:\/\/www.accidentdutravail-idf.net\/blog\/wp-json\/wp\/v2\/posts"}],"about":[{"href":"https:\/\/www.accidentdutravail-idf.net\/blog\/wp-json\/wp\/v2\/types\/post"}],"author":[{"embeddable":true,"href":"https:\/\/www.accidentdutravail-idf.net\/blog\/wp-json\/wp\/v2\/users\/2"}],"replies":[{"embeddable":true,"href":"https:\/\/www.accidentdutravail-idf.net\/blog\/wp-json\/wp\/v2\/comments?post=362"}],"version-history":[{"count":0,"href":"https:\/\/www.accidentdutravail-idf.net\/blog\/wp-json\/wp\/v2\/posts\/362\/revisions"}],"wp:attachment":[{"href":"https:\/\/www.accidentdutravail-idf.net\/blog\/wp-json\/wp\/v2\/media?parent=362"}],"wp:term":[{"taxonomy":"category","embeddable":true,"href":"https:\/\/www.accidentdutravail-idf.net\/blog\/wp-json\/wp\/v2\/categories?post=362"},{"taxonomy":"post_tag","embeddable":true,"href":"https:\/\/www.accidentdutravail-idf.net\/blog\/wp-json\/wp\/v2\/tags?post=362"}],"curies":[{"name":"wp","href":"https:\/\/api.w.org\/{rel}","templated":true}]}}