{"id":356,"date":"2024-05-23T11:12:00","date_gmt":"2024-05-23T09:12:00","guid":{"rendered":"https:\/\/www.accidentdutravail-idf.net\/blog\/les-jeunes-du-lycee-professionnel-de-neufchatel-en-bray-se-distinguent-lors-de-differents-concours\/"},"modified":"2024-05-23T11:12:00","modified_gmt":"2024-05-23T09:12:00","slug":"les-jeunes-du-lycee-professionnel-de-neufchatel-en-bray-se-distinguent-lors-de-differents-concours","status":"publish","type":"post","link":"https:\/\/www.accidentdutravail-idf.net\/blog\/les-jeunes-du-lycee-professionnel-de-neufchatel-en-bray-se-distinguent-lors-de-differents-concours\/","title":{"rendered":"Les jeunes du lyc\u00e9e professionnel de Neufch\u00e2tel-en-Bray se distinguent lors de diff\u00e9rents concours"},"content":{"rendered":"<div class=\"ac-article-date\"> Par <strong> <a href=\"https:\/\/actu.fr\/auteur\/journaliste-ne\" title=\"Consulter tous les articles de R\u00e9daction Neufch\u00e2tel-en-Bray\" rel=\"nofollow\" target=\"_blank\">R\u00e9daction Neufch\u00e2tel-en-Bray<\/a> <\/strong> <span> Publi\u00e9 le  23 mai 2024 \u00e0 18h12  <\/span>\n<\/div>\n<div class=\"ac-article-follow\"> <a href=\"https:\/\/actu.fr\/mon-actu\" class=\"ac-article-follow__link\" rel=\"nofollow\" data-trk=\"{&quot;cta&quot;:{&quot;action&quot;:&quot;https:\\\/\\\/actu.fr\\\/mon-actu&quot;,&quot;category&quot;:&quot;mon compte&quot;,&quot;from&quot;:&quot;article header&quot;,&quot;name&quot;:&quot;Voir mon actu&quot;,&quot;type&quot;:&quot;cta&quot;}}\" target=\"_blank\">Voir mon actu<\/a> <button type=\"button\" class=\"ac-btn ac-btn--mini ac-btn--blue ac-icon--star-empty\" data-follow=\"Suivre Le R\u00e9veil de Neufch\u00e2tel\" data-unfollow=\"Retirer\">Suivre Le R\u00e9veil de Neufch\u00e2tel<\/button>\n<\/div>\n<p>Trois \u00e9l\u00e8ves de Terminale des M\u00e9tiers du Froid et des \u00c9nergies Renouvelables (MFER) du lyc\u00e9e professionnel de <a href=\"https:\/\/actu.fr\/normandie\/neufchatel-en-bray_76462\/\" target=\"_blank\" rel=\"nofollow\">Neufch\u00e2tel-en-Bray<\/a> (<b>Seine-Maritime<\/b>) se sont distingu\u00e9s r\u00e9cemment dans le <b>concours d\u2019un des meilleurs apprentis de France<\/b>.&nbsp;<\/p>\n<h2>Le travail des \u00e9l\u00e8ves r\u00e9compens\u00e9<\/h2>\n<p>\u00ab&nbsp;C\u2019est la premi\u00e8re fois que nous pr\u00e9sentons des \u00e9l\u00e8ves pour ce concours&nbsp;\u00bb indique <b>Franck Schlegel<\/b>, un des professeurs, en compagnie d\u2019un de ses coll\u00e8gues, <b>Renelde Lavall\u00e9e<\/b>.<\/p>\n<blockquote class=\"ac-article-quote\">\n<p>Et nous avons le plaisir d\u2019avoir trois \u00e9l\u00e8ves r\u00e9compens\u00e9s. Ils se sont investis un certain nombre de mercredis et leur travail est r\u00e9compens\u00e9.<\/p>\n<\/blockquote>\n<p>\u00c0 partir d\u2019un dossier technique, les lyc\u00e9ens ont pass\u00e9 3 \u00e9preuves \u00e0 Caen le 15 avril.<\/p>\n<h2>Un support fabriqu\u00e9 en 3D<\/h2>\n<p>Les \u00e9l\u00e8ves ont tout d\u2019abord r\u00e9pondu \u00e0 un QCM sur la r\u00e9glementation. Ils ont effectu\u00e9 un test pratique de soudure et de brasure puis une \u00e9preuve de mise en service (habilitation fluidique). Ils ont r\u00e9alis\u00e9 une pi\u00e8ce d\u2019apr\u00e8s un plan une salle de Neufch\u00e2tel.<\/p>\n<blockquote class=\"ac-article-quote\">\n<p>C\u2019est un circuit frigorifique en cuivre et acier stylis\u00e9. Un support a m\u00eame \u00e9t\u00e9 fabriqu\u00e9 en 3D sur mesure.<\/p>\n<footer>L\u2019enseignant<\/footer>\n<\/blockquote>\n<p>Avec une moyenne sup\u00e9rieure \u00e0 17, <b>Amaury Bouffay<\/b> repr\u00e9sentera la Normandie au niveau national en continuant le concours l\u2019automne prochain.&nbsp;Les m\u00e9dailles seront remises officiellement aux lyc\u00e9ens en septembre.&nbsp;<\/p>\n<div class=\"ac-article-push\">\n<div class=\"ac-article-push__content\">\n<h3>Les r\u00e9compens\u00e9s<\/h3>\n<p>\u2013 Amaury Bouffay (Saint-L\u00e9ger-au-Bois) a re\u00e7u une m\u00e9daille d\u2019or d\u00e9partementale et r\u00e9gionale avec une moyenne sup\u00e9rieure \u00e0 17.<br \/>\u2013 Enzo Lejeune (Neufch\u00e2tel) a obtenu la m\u00e9daille d\u2019or d\u00e9partementale et d\u2019argent r\u00e9gionale avec une moyenne sup\u00e9rieure \u00e0 16.&nbsp;<br \/>\u2013 Enzo Petit (Bully) est en apprentissage au lyc\u00e9e. Il a obtenu la m\u00e9daille d\u2019or d\u00e9partementale et d\u2019argent r\u00e9gionale avec une moyenne sup\u00e9rieure \u00e0 16.<\/p>\n<\/div>\n<\/div>\n<h2>Un autre Enzo en finale<\/h2>\n<p>Trois \u00e9l\u00e8ves de<b> Terminale TCI (Technicien en Chaudronnerie Industrielle)<\/b> du <b>lyc\u00e9e professionnel Brassens<\/b> de Neufch\u00e2tel-en-Bray, ont particip\u00e9 \u00e0 un projet p\u00e9dagogique dans le cadre du dispositif d\u2019Enseignement en sant\u00e9 et s\u00e9curit\u00e9 au travail initi\u00e9 par l\u2019\u00c9ducation nationale et le service pr\u00e9vention de la <b>Carsat Normandie<\/b>.&nbsp;<\/p>\n<p>Cet enseignement est une composante essentielle des <b>dipl\u00f4mes professionnels<\/b>. En effet, les \u00e9l\u00e8ves, les apprentis et les futurs jeunes salari\u00e9s de 15 \u00e0 24 ans, ont plus de risques d\u2019\u00eatre victimes d\u2019un accident du travail que les autres salari\u00e9s.<\/p>\n<figure id=\"dailymotion-embed-x7dyep\" class=\"ac-embed ac-embed--dailymotion ac-embed--inread3\" data-provider=\"dailymotion\"><figcaption>Vid\u00e9os : en ce moment sur Actu<\/figcaption><\/figure>\n<p>Tout en mobilisant les acteurs de la formation, l\u2019enseignement n\u00e9cessite la mise \u00e0 disposition d\u2019outils p\u00e9dagogiques.&nbsp;<\/p>\n<figure class=\"ac-article-content__figure\">\n<div class=\"ac-article-content__img\"> <img decoding=\"async\" loading=\"lazy\" class=\"size-large\" src=\"https:\/\/www.accidentdutravail-idf.net\/blog\/wp-content\/uploads\/2024\/05\/les-jeunes-du-lycee-professionnel-de-neufchatel-en-bray-se-distinguent-lors-de-differents-concours.jpg\" alt=\"Les 3 \u00e9l\u00e8ves de TCI et leur professeur Anthony Legros.\" width=\"960\" height=\"640\"><\/div><figcaption>Les 3 \u00e9l\u00e8ves de TCI et leur professeur Anthony Legros. \u00a9Le R\u00e9veil<\/figcaption><\/figure>\n<p><b>Adrien Delabouglise<\/b>, charg\u00e9 de mission sant\u00e9 et s\u00e9curit\u00e9 au travail au <b>Rectorat de l\u2019acad\u00e9mie de Normandie<\/b>, est le r\u00e9alisateur du projet.<\/p>\n<p>Il explique :<\/p>\n<blockquote class=\"ac-article-quote\">\n<p>Le projet permet d\u2019approfondir les risques li\u00e9s au travail en milieu confin\u00e9, en utilisant la r\u00e9alit\u00e9 virtuelle et en effectuant une intervention dans une vraie cuve fournie par l\u2019entreprise Tubao et adapt\u00e9e \u00e0 la formation.<\/p>\n<\/blockquote>\n<p>La r\u00e9alit\u00e9 virtuelle permet de se focaliser sur la gestuelle alors que la cuve permet d\u2019obtenir des sensations r\u00e9elles avec les outils. La Carsat a financ\u00e9 du mat\u00e9riel particulier comme un projecteur, une cagoule ventil\u00e9e et un d\u00e9tecteur de gaz.&nbsp;<\/p>\n<div class=\"ac-article-to-read\">\n<p>\u00c0 lire aussi<\/p>\n<\/div>\n<p><b>Baptiste Burette<\/b> (Buchy), <b>Enzo Guilbert<\/b> (Grandes-Ventes) et <b>Joris Houvenaghel-Brisson<\/b> (Esclavelles) sont tous d\u2019accord pour dire :<\/p>\n<blockquote class=\"ac-article-quote\">\n<p>Nous avons \u00e9t\u00e9 volontaires pour ce projet qui nous changeait de notre apprentissage de tous les jours.<\/p>\n<\/blockquote>\n<p>La capsule vid\u00e9o tourn\u00e9e avec les \u00e9l\u00e8ves et leurs professeurs, fera la promotion de la chaudronnerie industrielle sur les sites des lyc\u00e9es et de la Carsat.<\/p>\n<p>En compl\u00e9ment, et malgr\u00e9 le temps qu\u2019impliquait cette nouvelle exp\u00e9rience, les 3 lyc\u00e9ens ont particip\u00e9 avec 77 autres candidats de France, au Concours g\u00e9n\u00e9ral des m\u00e9tiers 2024 de TCI. Chacun a d\u00fb rechercher des solutions compatibles avec une r\u00e9alisation impos\u00e9e et \u00e9laborer des documents techniques en 6 heures.<\/p>\n<blockquote class=\"ac-article-quote\">\n<p>Nous sommes tr\u00e8s satisfaits du courage et de l\u2019ambition des 3 \u00e9l\u00e8ves, m\u00eame si, au final, seul Enzo est admissible. Il se retrouve dans les 8 premiers au niveau national<\/p>\n<footer>Bertrand Legu\u00e9rinel, directeur d\u00e9l\u00e9gu\u00e9 aux formations professionnelles et technologiques du lyc\u00e9e<\/footer>\n<\/blockquote>\n<p>Ce 13 mai, Enzo s\u2019est rendu \u00e0 Lisieux pour l\u2019\u00e9preuve pratique de 28 h o\u00f9 il a d\u00fb r\u00e9aliser une \u0153uvre (\u00e9valu\u00e9e par un jury de professionnels).<\/p>\n<p><i>Suivez toute l\u2019actualit\u00e9 de vos villes et m\u00e9dias favoris en vous inscrivant \u00e0 <a href=\"https:\/\/moncompte.actu.fr\" title=\"D\u00e9couvez Mon Actu\" rel=\"nofollow\" data-trk=\"{&quot;cta&quot;:{&quot;action&quot;:&quot;https:\\\/\\\/moncompte.actu.fr&quot;,&quot;category&quot;:&quot;mon compte&quot;,&quot;from&quot;:&quot;article footer&quot;,&quot;name&quot;:&quot;Mon actu&quot;,&quot;type&quot;:&quot;cta&quot;}}\" target=\"_blank\">Mon Actu<\/a>.<\/i><\/p>\n<p> accidentdutravail-idf.net vous a pr\u00e9par\u00e9 ce post qui informe du sujet \u00ab\u00a0Association Sportive Huisson-Longueville Essonne\u00a0\u00bb. La chronique se veut g\u00e9n\u00e9r\u00e9e du mieux possible. Vous pouvez utiliser les coordonn\u00e9es indiqu\u00e9es sur le site dans le but d\u2019apporter des explications sur ce post qui parle du th\u00e8me \u00ab\u00a0Association Sportive Huisson-Longueville Essonne\u00a0\u00bb. Le site accidentdutravail-idf.net a pour but de fournir diverses publications sur la th\u00e9matique Association Sportive Huisson-Longueville Essonne diffus\u00e9es sur le net. Il y aura plusieurs articles autour du sujet \u00ab\u00a0Association Sportive Huisson-Longueville Essonne\u00a0\u00bb dans quelques jours, nous vous invitons \u00e0 naviguer sur notre site web \u00e0 plusieurs reprises.<\/p>\n","protected":false},"excerpt":{"rendered":"<p>Par R\u00e9daction Neufch\u00e2tel-en-Bray Publi\u00e9 le 23 mai 2024 \u00e0 18h12 Voir mon actu Suivre Le R\u00e9veil de Neufch\u00e2tel Trois \u00e9l\u00e8ves de Terminale des M\u00e9tiers du Froid et des \u00c9nergies Renouvelables (MFER) du lyc\u00e9e professionnel de Neufch\u00e2tel-en-Bray (Seine-Maritime) se sont distingu\u00e9s r\u00e9cemment dans le concours d\u2019un des meilleurs apprentis de France.&nbsp; Le travail des \u00e9l\u00e8ves r\u00e9compens\u00e9 &hellip; <\/p>\n<p class=\"link-more\"><a href=\"https:\/\/www.accidentdutravail-idf.net\/blog\/les-jeunes-du-lycee-professionnel-de-neufchatel-en-bray-se-distinguent-lors-de-differents-concours\/\" class=\"more-link\">Continuer la lecture <span class=\"screen-reader-text\"> \u00ab\u00a0Les jeunes du lyc\u00e9e professionnel de Neufch\u00e2tel-en-Bray se distinguent lors de diff\u00e9rents concours\u00a0\u00bb<\/span><\/a><\/p>\n","protected":false},"author":2,"featured_media":0,"comment_status":"closed","ping_status":"closed","sticky":false,"template":"","format":"standard","meta":{"footnotes":""},"categories":[5],"tags":[],"class_list":["post-356","post","type-post","status-publish","format-standard","hentry","category-securite-du-travail-en-ile-de-france-et-divers","entry"],"yoast_head":"<!-- This site is optimized with the Yoast SEO plugin v27.5 - https:\/\/yoast.com\/product\/yoast-seo-wordpress\/ -->\n<title>Les jeunes du lyc\u00e9e professionnel de Neufch\u00e2tel-en-Bray se distinguent lors de diff\u00e9rents concours - ACCIDENTDUTRAVAIL-IDF<\/title>\n<meta name=\"description\" content=\"Les jeunes du lyc\u00e9e professionnel de Neufch\u00e2tel-en-Bray se distinguent lors de diff\u00e9rents concours article de ACCIDENTDUTRAVAIL-IDF\" \/>\n<meta name=\"robots\" content=\"index, follow, max-snippet:-1, max-image-preview:large, max-video-preview:-1\" \/>\n<link rel=\"canonical\" href=\"https:\/\/www.accidentdutravail-idf.net\/blog\/les-jeunes-du-lycee-professionnel-de-neufchatel-en-bray-se-distinguent-lors-de-differents-concours\/\" \/>\n<meta property=\"og:locale\" content=\"fr_FR\" \/>\n<meta property=\"og:type\" content=\"article\" \/>\n<meta property=\"og:title\" content=\"Les jeunes du lyc\u00e9e professionnel de Neufch\u00e2tel-en-Bray se distinguent lors de diff\u00e9rents concours - ACCIDENTDUTRAVAIL-IDF\" \/>\n<meta property=\"og:description\" content=\"Les jeunes du lyc\u00e9e professionnel de Neufch\u00e2tel-en-Bray se distinguent lors de diff\u00e9rents concours article de ACCIDENTDUTRAVAIL-IDF\" \/>\n<meta property=\"og:url\" content=\"https:\/\/www.accidentdutravail-idf.net\/blog\/les-jeunes-du-lycee-professionnel-de-neufchatel-en-bray-se-distinguent-lors-de-differents-concours\/\" \/>\n<meta property=\"og:site_name\" content=\"ACCIDENTDUTRAVAIL-IDF\" \/>\n<meta property=\"article:published_time\" content=\"2024-05-23T09:12:00+00:00\" \/>\n<meta property=\"og:image\" content=\"https:\/\/www.accidentdutravail-idf.net\/blog\/wp-content\/uploads\/2024\/05\/les-jeunes-du-lycee-professionnel-de-neufchatel-en-bray-se-distinguent-lors-de-differents-concours.jpg\" \/>\n<meta name=\"author\" content=\"Carlos Poulain\" \/>\n<meta name=\"twitter:card\" content=\"summary_large_image\" \/>\n<meta name=\"twitter:label1\" content=\"\u00c9crit par\" \/>\n\t<meta name=\"twitter:data1\" content=\"Carlos Poulain\" \/>\n\t<meta name=\"twitter:label2\" content=\"Dur\u00e9e de lecture estim\u00e9e\" \/>\n\t<meta name=\"twitter:data2\" content=\"4 minutes\" \/>\n<script type=\"application\/ld+json\" class=\"yoast-schema-graph\">{\"@context\":\"https:\\\/\\\/schema.org\",\"@graph\":[{\"@type\":\"Article\",\"@id\":\"https:\\\/\\\/www.accidentdutravail-idf.net\\\/blog\\\/les-jeunes-du-lycee-professionnel-de-neufchatel-en-bray-se-distinguent-lors-de-differents-concours\\\/#article\",\"isPartOf\":{\"@id\":\"https:\\\/\\\/www.accidentdutravail-idf.net\\\/blog\\\/les-jeunes-du-lycee-professionnel-de-neufchatel-en-bray-se-distinguent-lors-de-differents-concours\\\/\"},\"author\":{\"name\":\"Carlos Poulain\",\"@id\":\"https:\\\/\\\/www.accidentdutravail-idf.net\\\/blog\\\/#\\\/schema\\\/person\\\/3255d2f970de45e64bd9201f38e7b947\"},\"headline\":\"Les jeunes du lyc\u00e9e professionnel de Neufch\u00e2tel-en-Bray se distinguent lors de diff\u00e9rents concours\",\"datePublished\":\"2024-05-23T09:12:00+00:00\",\"mainEntityOfPage\":{\"@id\":\"https:\\\/\\\/www.accidentdutravail-idf.net\\\/blog\\\/les-jeunes-du-lycee-professionnel-de-neufchatel-en-bray-se-distinguent-lors-de-differents-concours\\\/\"},\"wordCount\":920,\"publisher\":{\"@id\":\"https:\\\/\\\/www.accidentdutravail-idf.net\\\/blog\\\/#organization\"},\"image\":{\"@id\":\"https:\\\/\\\/www.accidentdutravail-idf.net\\\/blog\\\/les-jeunes-du-lycee-professionnel-de-neufchatel-en-bray-se-distinguent-lors-de-differents-concours\\\/#primaryimage\"},\"thumbnailUrl\":\"https:\\\/\\\/www.accidentdutravail-idf.net\\\/blog\\\/wp-content\\\/uploads\\\/2024\\\/05\\\/les-jeunes-du-lycee-professionnel-de-neufchatel-en-bray-se-distinguent-lors-de-differents-concours.jpg\",\"articleSection\":[\"S\u00e9curit\u00e9 Du Travail En Ile-De-France Et Divers:\"],\"inLanguage\":\"fr-FR\"},{\"@type\":\"WebPage\",\"@id\":\"https:\\\/\\\/www.accidentdutravail-idf.net\\\/blog\\\/les-jeunes-du-lycee-professionnel-de-neufchatel-en-bray-se-distinguent-lors-de-differents-concours\\\/\",\"url\":\"https:\\\/\\\/www.accidentdutravail-idf.net\\\/blog\\\/les-jeunes-du-lycee-professionnel-de-neufchatel-en-bray-se-distinguent-lors-de-differents-concours\\\/\",\"name\":\"Les jeunes du lyc\u00e9e professionnel de Neufch\u00e2tel-en-Bray se distinguent lors de diff\u00e9rents concours - ACCIDENTDUTRAVAIL-IDF\",\"isPartOf\":{\"@id\":\"https:\\\/\\\/www.accidentdutravail-idf.net\\\/blog\\\/#website\"},\"primaryImageOfPage\":{\"@id\":\"https:\\\/\\\/www.accidentdutravail-idf.net\\\/blog\\\/les-jeunes-du-lycee-professionnel-de-neufchatel-en-bray-se-distinguent-lors-de-differents-concours\\\/#primaryimage\"},\"image\":{\"@id\":\"https:\\\/\\\/www.accidentdutravail-idf.net\\\/blog\\\/les-jeunes-du-lycee-professionnel-de-neufchatel-en-bray-se-distinguent-lors-de-differents-concours\\\/#primaryimage\"},\"thumbnailUrl\":\"https:\\\/\\\/www.accidentdutravail-idf.net\\\/blog\\\/wp-content\\\/uploads\\\/2024\\\/05\\\/les-jeunes-du-lycee-professionnel-de-neufchatel-en-bray-se-distinguent-lors-de-differents-concours.jpg\",\"datePublished\":\"2024-05-23T09:12:00+00:00\",\"description\":\"Les jeunes du lyc\u00e9e professionnel de Neufch\u00e2tel-en-Bray se distinguent lors de diff\u00e9rents concours article de ACCIDENTDUTRAVAIL-IDF\",\"breadcrumb\":{\"@id\":\"https:\\\/\\\/www.accidentdutravail-idf.net\\\/blog\\\/les-jeunes-du-lycee-professionnel-de-neufchatel-en-bray-se-distinguent-lors-de-differents-concours\\\/#breadcrumb\"},\"inLanguage\":\"fr-FR\",\"potentialAction\":[{\"@type\":\"ReadAction\",\"target\":[\"https:\\\/\\\/www.accidentdutravail-idf.net\\\/blog\\\/les-jeunes-du-lycee-professionnel-de-neufchatel-en-bray-se-distinguent-lors-de-differents-concours\\\/\"]}]},{\"@type\":\"ImageObject\",\"inLanguage\":\"fr-FR\",\"@id\":\"https:\\\/\\\/www.accidentdutravail-idf.net\\\/blog\\\/les-jeunes-du-lycee-professionnel-de-neufchatel-en-bray-se-distinguent-lors-de-differents-concours\\\/#primaryimage\",\"url\":\"https:\\\/\\\/www.accidentdutravail-idf.net\\\/blog\\\/wp-content\\\/uploads\\\/2024\\\/05\\\/les-jeunes-du-lycee-professionnel-de-neufchatel-en-bray-se-distinguent-lors-de-differents-concours.jpg\",\"contentUrl\":\"https:\\\/\\\/www.accidentdutravail-idf.net\\\/blog\\\/wp-content\\\/uploads\\\/2024\\\/05\\\/les-jeunes-du-lycee-professionnel-de-neufchatel-en-bray-se-distinguent-lors-de-differents-concours.jpg\"},{\"@type\":\"BreadcrumbList\",\"@id\":\"https:\\\/\\\/www.accidentdutravail-idf.net\\\/blog\\\/les-jeunes-du-lycee-professionnel-de-neufchatel-en-bray-se-distinguent-lors-de-differents-concours\\\/#breadcrumb\",\"itemListElement\":[{\"@type\":\"ListItem\",\"position\":1,\"name\":\"Accueil\",\"item\":\"https:\\\/\\\/www.accidentdutravail-idf.net\\\/blog\\\/\"},{\"@type\":\"ListItem\",\"position\":2,\"name\":\"Les jeunes du lyc\u00e9e professionnel de Neufch\u00e2tel-en-Bray se distinguent lors de diff\u00e9rents concours\"}]},{\"@type\":\"WebSite\",\"@id\":\"https:\\\/\\\/www.accidentdutravail-idf.net\\\/blog\\\/#website\",\"url\":\"https:\\\/\\\/www.accidentdutravail-idf.net\\\/blog\\\/\",\"name\":\"ACCIDENTDUTRAVAIL-IDF\",\"description\":\"Portail accidents du travail-maladies professionnelles des entreprises d&#039;Ile-de-France\",\"publisher\":{\"@id\":\"https:\\\/\\\/www.accidentdutravail-idf.net\\\/blog\\\/#organization\"},\"potentialAction\":[{\"@type\":\"SearchAction\",\"target\":{\"@type\":\"EntryPoint\",\"urlTemplate\":\"https:\\\/\\\/www.accidentdutravail-idf.net\\\/blog\\\/?s={search_term_string}\"},\"query-input\":{\"@type\":\"PropertyValueSpecification\",\"valueRequired\":true,\"valueName\":\"search_term_string\"}}],\"inLanguage\":\"fr-FR\"},{\"@type\":\"Organization\",\"@id\":\"https:\\\/\\\/www.accidentdutravail-idf.net\\\/blog\\\/#organization\",\"name\":\"accidentdutravail-idf\",\"url\":\"https:\\\/\\\/www.accidentdutravail-idf.net\\\/blog\\\/\",\"logo\":{\"@type\":\"ImageObject\",\"inLanguage\":\"fr-FR\",\"@id\":\"https:\\\/\\\/www.accidentdutravail-idf.net\\\/blog\\\/#\\\/schema\\\/logo\\\/image\\\/\",\"url\":\"https:\\\/\\\/www.accidentdutravail-idf.net\\\/blog\\\/wp-content\\\/uploads\\\/2022\\\/09\\\/logo-2.png\",\"contentUrl\":\"https:\\\/\\\/www.accidentdutravail-idf.net\\\/blog\\\/wp-content\\\/uploads\\\/2022\\\/09\\\/logo-2.png\",\"width\":380,\"height\":291,\"caption\":\"accidentdutravail-idf\"},\"image\":{\"@id\":\"https:\\\/\\\/www.accidentdutravail-idf.net\\\/blog\\\/#\\\/schema\\\/logo\\\/image\\\/\"}},{\"@type\":\"Person\",\"@id\":\"https:\\\/\\\/www.accidentdutravail-idf.net\\\/blog\\\/#\\\/schema\\\/person\\\/3255d2f970de45e64bd9201f38e7b947\",\"name\":\"Carlos Poulain\",\"image\":{\"@type\":\"ImageObject\",\"inLanguage\":\"fr-FR\",\"@id\":\"https:\\\/\\\/secure.gravatar.com\\\/avatar\\\/b1c2f9d3588e34e91adb093635df64ef4b2381991216be7576466cfcdca4baf3?s=96&d=mm&r=g\",\"url\":\"https:\\\/\\\/secure.gravatar.com\\\/avatar\\\/b1c2f9d3588e34e91adb093635df64ef4b2381991216be7576466cfcdca4baf3?s=96&d=mm&r=g\",\"contentUrl\":\"https:\\\/\\\/secure.gravatar.com\\\/avatar\\\/b1c2f9d3588e34e91adb093635df64ef4b2381991216be7576466cfcdca4baf3?s=96&d=mm&r=g\",\"caption\":\"Carlos Poulain\"},\"url\":\"https:\\\/\\\/www.accidentdutravail-idf.net\\\/blog\\\/author\\\/idfcarlos\\\/\"}]}<\/script>\n<!-- \/ Yoast SEO plugin. -->","yoast_head_json":{"title":"Les jeunes du lyc\u00e9e professionnel de Neufch\u00e2tel-en-Bray se distinguent lors de diff\u00e9rents concours - ACCIDENTDUTRAVAIL-IDF","description":"Les jeunes du lyc\u00e9e professionnel de Neufch\u00e2tel-en-Bray se distinguent lors de diff\u00e9rents concours article de ACCIDENTDUTRAVAIL-IDF","robots":{"index":"index","follow":"follow","max-snippet":"max-snippet:-1","max-image-preview":"max-image-preview:large","max-video-preview":"max-video-preview:-1"},"canonical":"https:\/\/www.accidentdutravail-idf.net\/blog\/les-jeunes-du-lycee-professionnel-de-neufchatel-en-bray-se-distinguent-lors-de-differents-concours\/","og_locale":"fr_FR","og_type":"article","og_title":"Les jeunes du lyc\u00e9e professionnel de Neufch\u00e2tel-en-Bray se distinguent lors de diff\u00e9rents concours - ACCIDENTDUTRAVAIL-IDF","og_description":"Les jeunes du lyc\u00e9e professionnel de Neufch\u00e2tel-en-Bray se distinguent lors de diff\u00e9rents concours article de ACCIDENTDUTRAVAIL-IDF","og_url":"https:\/\/www.accidentdutravail-idf.net\/blog\/les-jeunes-du-lycee-professionnel-de-neufchatel-en-bray-se-distinguent-lors-de-differents-concours\/","og_site_name":"ACCIDENTDUTRAVAIL-IDF","article_published_time":"2024-05-23T09:12:00+00:00","og_image":[{"url":"https:\/\/www.accidentdutravail-idf.net\/blog\/wp-content\/uploads\/2024\/05\/les-jeunes-du-lycee-professionnel-de-neufchatel-en-bray-se-distinguent-lors-de-differents-concours.jpg","type":"","width":"","height":""}],"author":"Carlos Poulain","twitter_card":"summary_large_image","twitter_misc":{"\u00c9crit par":"Carlos Poulain","Dur\u00e9e de lecture estim\u00e9e":"4 minutes"},"schema":{"@context":"https:\/\/schema.org","@graph":[{"@type":"Article","@id":"https:\/\/www.accidentdutravail-idf.net\/blog\/les-jeunes-du-lycee-professionnel-de-neufchatel-en-bray-se-distinguent-lors-de-differents-concours\/#article","isPartOf":{"@id":"https:\/\/www.accidentdutravail-idf.net\/blog\/les-jeunes-du-lycee-professionnel-de-neufchatel-en-bray-se-distinguent-lors-de-differents-concours\/"},"author":{"name":"Carlos Poulain","@id":"https:\/\/www.accidentdutravail-idf.net\/blog\/#\/schema\/person\/3255d2f970de45e64bd9201f38e7b947"},"headline":"Les jeunes du lyc\u00e9e professionnel de Neufch\u00e2tel-en-Bray se distinguent lors de diff\u00e9rents concours","datePublished":"2024-05-23T09:12:00+00:00","mainEntityOfPage":{"@id":"https:\/\/www.accidentdutravail-idf.net\/blog\/les-jeunes-du-lycee-professionnel-de-neufchatel-en-bray-se-distinguent-lors-de-differents-concours\/"},"wordCount":920,"publisher":{"@id":"https:\/\/www.accidentdutravail-idf.net\/blog\/#organization"},"image":{"@id":"https:\/\/www.accidentdutravail-idf.net\/blog\/les-jeunes-du-lycee-professionnel-de-neufchatel-en-bray-se-distinguent-lors-de-differents-concours\/#primaryimage"},"thumbnailUrl":"https:\/\/www.accidentdutravail-idf.net\/blog\/wp-content\/uploads\/2024\/05\/les-jeunes-du-lycee-professionnel-de-neufchatel-en-bray-se-distinguent-lors-de-differents-concours.jpg","articleSection":["S\u00e9curit\u00e9 Du Travail En Ile-De-France Et Divers:"],"inLanguage":"fr-FR"},{"@type":"WebPage","@id":"https:\/\/www.accidentdutravail-idf.net\/blog\/les-jeunes-du-lycee-professionnel-de-neufchatel-en-bray-se-distinguent-lors-de-differents-concours\/","url":"https:\/\/www.accidentdutravail-idf.net\/blog\/les-jeunes-du-lycee-professionnel-de-neufchatel-en-bray-se-distinguent-lors-de-differents-concours\/","name":"Les jeunes du lyc\u00e9e professionnel de Neufch\u00e2tel-en-Bray se distinguent lors de diff\u00e9rents concours - ACCIDENTDUTRAVAIL-IDF","isPartOf":{"@id":"https:\/\/www.accidentdutravail-idf.net\/blog\/#website"},"primaryImageOfPage":{"@id":"https:\/\/www.accidentdutravail-idf.net\/blog\/les-jeunes-du-lycee-professionnel-de-neufchatel-en-bray-se-distinguent-lors-de-differents-concours\/#primaryimage"},"image":{"@id":"https:\/\/www.accidentdutravail-idf.net\/blog\/les-jeunes-du-lycee-professionnel-de-neufchatel-en-bray-se-distinguent-lors-de-differents-concours\/#primaryimage"},"thumbnailUrl":"https:\/\/www.accidentdutravail-idf.net\/blog\/wp-content\/uploads\/2024\/05\/les-jeunes-du-lycee-professionnel-de-neufchatel-en-bray-se-distinguent-lors-de-differents-concours.jpg","datePublished":"2024-05-23T09:12:00+00:00","description":"Les jeunes du lyc\u00e9e professionnel de Neufch\u00e2tel-en-Bray se distinguent lors de diff\u00e9rents concours article de ACCIDENTDUTRAVAIL-IDF","breadcrumb":{"@id":"https:\/\/www.accidentdutravail-idf.net\/blog\/les-jeunes-du-lycee-professionnel-de-neufchatel-en-bray-se-distinguent-lors-de-differents-concours\/#breadcrumb"},"inLanguage":"fr-FR","potentialAction":[{"@type":"ReadAction","target":["https:\/\/www.accidentdutravail-idf.net\/blog\/les-jeunes-du-lycee-professionnel-de-neufchatel-en-bray-se-distinguent-lors-de-differents-concours\/"]}]},{"@type":"ImageObject","inLanguage":"fr-FR","@id":"https:\/\/www.accidentdutravail-idf.net\/blog\/les-jeunes-du-lycee-professionnel-de-neufchatel-en-bray-se-distinguent-lors-de-differents-concours\/#primaryimage","url":"https:\/\/www.accidentdutravail-idf.net\/blog\/wp-content\/uploads\/2024\/05\/les-jeunes-du-lycee-professionnel-de-neufchatel-en-bray-se-distinguent-lors-de-differents-concours.jpg","contentUrl":"https:\/\/www.accidentdutravail-idf.net\/blog\/wp-content\/uploads\/2024\/05\/les-jeunes-du-lycee-professionnel-de-neufchatel-en-bray-se-distinguent-lors-de-differents-concours.jpg"},{"@type":"BreadcrumbList","@id":"https:\/\/www.accidentdutravail-idf.net\/blog\/les-jeunes-du-lycee-professionnel-de-neufchatel-en-bray-se-distinguent-lors-de-differents-concours\/#breadcrumb","itemListElement":[{"@type":"ListItem","position":1,"name":"Accueil","item":"https:\/\/www.accidentdutravail-idf.net\/blog\/"},{"@type":"ListItem","position":2,"name":"Les jeunes du lyc\u00e9e professionnel de Neufch\u00e2tel-en-Bray se distinguent lors de diff\u00e9rents concours"}]},{"@type":"WebSite","@id":"https:\/\/www.accidentdutravail-idf.net\/blog\/#website","url":"https:\/\/www.accidentdutravail-idf.net\/blog\/","name":"ACCIDENTDUTRAVAIL-IDF","description":"Portail accidents du travail-maladies professionnelles des entreprises d&#039;Ile-de-France","publisher":{"@id":"https:\/\/www.accidentdutravail-idf.net\/blog\/#organization"},"potentialAction":[{"@type":"SearchAction","target":{"@type":"EntryPoint","urlTemplate":"https:\/\/www.accidentdutravail-idf.net\/blog\/?s={search_term_string}"},"query-input":{"@type":"PropertyValueSpecification","valueRequired":true,"valueName":"search_term_string"}}],"inLanguage":"fr-FR"},{"@type":"Organization","@id":"https:\/\/www.accidentdutravail-idf.net\/blog\/#organization","name":"accidentdutravail-idf","url":"https:\/\/www.accidentdutravail-idf.net\/blog\/","logo":{"@type":"ImageObject","inLanguage":"fr-FR","@id":"https:\/\/www.accidentdutravail-idf.net\/blog\/#\/schema\/logo\/image\/","url":"https:\/\/www.accidentdutravail-idf.net\/blog\/wp-content\/uploads\/2022\/09\/logo-2.png","contentUrl":"https:\/\/www.accidentdutravail-idf.net\/blog\/wp-content\/uploads\/2022\/09\/logo-2.png","width":380,"height":291,"caption":"accidentdutravail-idf"},"image":{"@id":"https:\/\/www.accidentdutravail-idf.net\/blog\/#\/schema\/logo\/image\/"}},{"@type":"Person","@id":"https:\/\/www.accidentdutravail-idf.net\/blog\/#\/schema\/person\/3255d2f970de45e64bd9201f38e7b947","name":"Carlos Poulain","image":{"@type":"ImageObject","inLanguage":"fr-FR","@id":"https:\/\/secure.gravatar.com\/avatar\/b1c2f9d3588e34e91adb093635df64ef4b2381991216be7576466cfcdca4baf3?s=96&d=mm&r=g","url":"https:\/\/secure.gravatar.com\/avatar\/b1c2f9d3588e34e91adb093635df64ef4b2381991216be7576466cfcdca4baf3?s=96&d=mm&r=g","contentUrl":"https:\/\/secure.gravatar.com\/avatar\/b1c2f9d3588e34e91adb093635df64ef4b2381991216be7576466cfcdca4baf3?s=96&d=mm&r=g","caption":"Carlos Poulain"},"url":"https:\/\/www.accidentdutravail-idf.net\/blog\/author\/idfcarlos\/"}]}},"_links":{"self":[{"href":"https:\/\/www.accidentdutravail-idf.net\/blog\/wp-json\/wp\/v2\/posts\/356","targetHints":{"allow":["GET"]}}],"collection":[{"href":"https:\/\/www.accidentdutravail-idf.net\/blog\/wp-json\/wp\/v2\/posts"}],"about":[{"href":"https:\/\/www.accidentdutravail-idf.net\/blog\/wp-json\/wp\/v2\/types\/post"}],"author":[{"embeddable":true,"href":"https:\/\/www.accidentdutravail-idf.net\/blog\/wp-json\/wp\/v2\/users\/2"}],"replies":[{"embeddable":true,"href":"https:\/\/www.accidentdutravail-idf.net\/blog\/wp-json\/wp\/v2\/comments?post=356"}],"version-history":[{"count":0,"href":"https:\/\/www.accidentdutravail-idf.net\/blog\/wp-json\/wp\/v2\/posts\/356\/revisions"}],"wp:attachment":[{"href":"https:\/\/www.accidentdutravail-idf.net\/blog\/wp-json\/wp\/v2\/media?parent=356"}],"wp:term":[{"taxonomy":"category","embeddable":true,"href":"https:\/\/www.accidentdutravail-idf.net\/blog\/wp-json\/wp\/v2\/categories?post=356"},{"taxonomy":"post_tag","embeddable":true,"href":"https:\/\/www.accidentdutravail-idf.net\/blog\/wp-json\/wp\/v2\/tags?post=356"}],"curies":[{"name":"wp","href":"https:\/\/api.w.org\/{rel}","templated":true}]}}