{"id":333,"date":"2024-05-18T00:30:00","date_gmt":"2024-05-17T22:30:00","guid":{"rendered":"https:\/\/www.accidentdutravail-idf.net\/blog\/il-nest-pas-normal-de-mourir-au-travail-la-bretagne-compte-t-elle-plus-daccidents-que-les-autres-regions\/"},"modified":"2024-05-18T00:30:00","modified_gmt":"2024-05-17T22:30:00","slug":"il-nest-pas-normal-de-mourir-au-travail-la-bretagne-compte-t-elle-plus-daccidents-que-les-autres-regions","status":"publish","type":"post","link":"https:\/\/www.accidentdutravail-idf.net\/blog\/il-nest-pas-normal-de-mourir-au-travail-la-bretagne-compte-t-elle-plus-daccidents-que-les-autres-regions\/","title":{"rendered":"\u00ab\u00a0Il n&rsquo;est pas normal de mourir au travail\u00a0\u00bb, la Bretagne compte-t-elle plus d&rsquo;accidents que les autres r\u00e9gions"},"content":{"rendered":"<div><img decoding=\"async\" src=\"https:\/\/www.accidentdutravail-idf.net\/blog\/wp-content\/uploads\/2024\/05\/il-nest-pas-normal-de-mourir-au-travail-la-bretagne-compte-t-elle-plus-daccidents-que-les-autres-regions.jpg\" class=\"ff-og-image-inserted\"><\/div>\n<p class=\"article__intro\">Deux personnes meurent au travail chaque jour, en France. Les accidents touchent les secteurs du BTP, de l&rsquo;agriculture, de l&rsquo;industrie, malgr\u00e9 les campagnes de pr\u00e9vention. En Bretagne, depuis le d\u00e9but de l&rsquo;ann\u00e9e, le travail a tu\u00e9 9 salari\u00e9s. Un collectif de familles de victimes veut briser le silence.<\/p>\n<p>Depuis le d\u00e9but de l&rsquo;ann\u00e9e 2024, les accidents du travail, en Bretagne, ont co\u00fbt\u00e9 la vie \u00e0 neuf personnes. Pour la plupart des hommes jeunes. En 2023, selon les donn\u00e9es de l&rsquo;inspection du travail, 29 Bretons sont morts au travail.<\/p>\n<p><a href=\"https:\/\/france3-regions.francetvinfo.fr\/bretagne\/finistere\/brest\/mort-d-un-expert-maritime-sur-le-chantier-de-deconstruction-du-captain-tsarev-la-justice-prononce-des-peines-de-prison-avec-sursis-2932863.html\" target=\"_blank\" rel=\"nofollow\">Les secteurs de l&rsquo;agriculture, des transports et de l&rsquo;industrie<\/a> sont les plus touch\u00e9s. Malgr\u00e9 les campagnes de sensibilisation, la s\u00e9curit\u00e9 des salari\u00e9s est loin d&rsquo;\u00eatre assur\u00e9e.<\/p>\n<p>C&rsquo;est sur un chantier d&rsquo;Ille-et-Vilaine, \u00e0 Lieuron, qu&rsquo;Alban a fait une chute mortelle de cinq m\u00e8tres, le 10 mars 2021, alors qu&rsquo;il installait des panneaux solaires. <em>\u00ab\u00a0Il est mort le jour de ses 25 ans,<\/em> relate sa m\u00e8re. <em>Il travaillait sur le toit d&rsquo;un hangar, il y avait des tuiles en plastique et il est pass\u00e9 \u00e0 travers\u00a0\u00bb<\/em>. Ni \u00e9chafaudage ni filet ni harnais n&rsquo;avaient \u00e9t\u00e9 pr\u00e9vus pour le prot\u00e9ger.<\/p>\n<p>La justice a condamn\u00e9 son employeur, en premi\u00e8re instance, \u00e0 36 mois de prison dont 18 mois ferme. Le dossier est all\u00e9 devant la cour d&rsquo;appel de Rennes. <em>\u00ab\u00a0Le fait qu&rsquo;il y ait de la prison ferme est un message important \u00e0 l&rsquo;attention de tous les employeurs,<\/em> estime l&rsquo;avocate de la famille d&rsquo;Alban. <em>Ils doivent se soucier de la s\u00e9curit\u00e9 de leurs salari\u00e9s, pas seulement parce qu&rsquo;il s&rsquo;agit de la vie des gens mais parce qu&rsquo;eux aussi peuvent \u00eatre priv\u00e9s de libert\u00e9 s&rsquo;ils commettent des manquements graves\u00a0\u00bb.<\/em><\/p>\n<p>Au nord de Rennes, la construction d&rsquo;un b\u00e2timent vient d&rsquo;\u00eatre stopp\u00e9e par deux inspecteurs du travail. Ces derniers prennent leur t\u00e9l\u00e9phone et appellent le patron de cette entreprise de BTP pour lui signifier la suspension imm\u00e9diate des travaux.<em> \u00ab\u00a0Notre priorit\u00e9, ce sont vos travailleurs,<\/em> lui expliquent-ils. <em>Et c&rsquo;est non n\u00e9gociable\u00a0\u00bb.<\/em><\/p>\n<p>Sur place, au cours de leur contr\u00f4le, ils ont relev\u00e9 plusieurs dysfonctionnements. Un \u00e9chafaudage install\u00e9 par des salari\u00e9s qui n&rsquo;ont pas \u00e9t\u00e9 form\u00e9s pour le faire, pas de garde-corps, des \u00e9quipements de protection <em>\u00ab\u00a0incomplets\u00a0\u00bb<\/em>, un acc\u00e8s au chantier avec un risque de chute \u00e0 chaque passage des ouvriers. <em>\u00ab\u00a0Sur 10 contr\u00f4les,<\/em> souligne l&rsquo;un des inspecteurs, <em>on prononce entre 3 et 4 arr\u00eats. Ce n&rsquo;est pas rare\u00a0\u00bb.<\/em><\/p>\n<p><a href=\"https:\/\/stopalamortautravail.fr\/histoire-de-lasso\/\" target=\"_blank\" rel=\"noopener nofollow\">Le collectif <\/a><em><a href=\"https:\/\/stopalamortautravail.fr\/histoire-de-lasso\/\" target=\"_blank\" rel=\"noopener nofollow\">Familles, stop \u00e0 la mort au travail,<\/a> <\/em>cr\u00e9\u00e9 en 2023<em>, <\/em>se bat aux c\u00f4t\u00e9s de ceux et celles qui ont perdu un proche victime d&rsquo;un accident mortel du travail. Il est venu soutenir la famille d&rsquo;Alban lors des proc\u00e8s \u00e0 Rennes. De m\u00eame a-t-il organis\u00e9 une marche blanche, le 24 f\u00e9vrier 2024 \u00e0 Concarneau, <em>\u00ab\u00a0pour briser le silence autour d&rsquo;un fait de soci\u00e9t\u00e9 dont personne n&rsquo;a conscience\u00a0\u00bb.<\/em><\/p>\n<p><strong>\u00c0 LIRE :<\/strong><a href=\"https:\/\/france3-regions.francetvinfo.fr\/bretagne\/finistere\/accident-de-travail-mortel-depuis-quand-une-faute-d-inattention-peut-entrainer-la-mort-2930259.html\" target=\"_blank\" rel=\"nofollow\"><strong> <\/strong>Accident de travail mortel : \u00ab\u00a0Depuis quand une faute d\u2019inattention peut entra\u00eener la mort ?\u00a0\u00bb<\/a><\/p>\n<p><em>\u00ab\u00a0Il n&rsquo;est pas normal de mourir au travail, <\/em>dit ce collectif.<em> Les familles des victimes ont bien l&rsquo;intention de faire changer les choses\u00a0\u00bb.<\/em><\/p>\n<p>(Avec Sylvaine Salliou)<\/p>\n<p> accidentdutravail-idf.net vous a pr\u00e9par\u00e9 ce post qui informe du sujet \u00ab\u00a0Association Sportive Huisson-Longueville Essonne\u00a0\u00bb. La chronique se veut g\u00e9n\u00e9r\u00e9e du mieux possible. Vous pouvez utiliser les coordonn\u00e9es indiqu\u00e9es sur le site dans le but d\u2019apporter des explications sur ce post qui parle du th\u00e8me \u00ab\u00a0Association Sportive Huisson-Longueville Essonne\u00a0\u00bb. Le site accidentdutravail-idf.net a pour but de fournir diverses publications sur la th\u00e9matique Association Sportive Huisson-Longueville Essonne diffus\u00e9es sur le net. Il y aura plusieurs articles autour du sujet \u00ab\u00a0Association Sportive Huisson-Longueville Essonne\u00a0\u00bb dans quelques jours, nous vous invitons \u00e0 naviguer sur notre site web \u00e0 plusieurs reprises.<\/p>\n","protected":false},"excerpt":{"rendered":"<p>Deux personnes meurent au travail chaque jour, en France. Les accidents touchent les secteurs du BTP, de l&rsquo;agriculture, de l&rsquo;industrie, malgr\u00e9 les campagnes de pr\u00e9vention. En Bretagne, depuis le d\u00e9but de l&rsquo;ann\u00e9e, le travail a tu\u00e9 9 salari\u00e9s. Un collectif de familles de victimes veut briser le silence. Depuis le d\u00e9but de l&rsquo;ann\u00e9e 2024, les &hellip; <\/p>\n<p class=\"link-more\"><a href=\"https:\/\/www.accidentdutravail-idf.net\/blog\/il-nest-pas-normal-de-mourir-au-travail-la-bretagne-compte-t-elle-plus-daccidents-que-les-autres-regions\/\" class=\"more-link\">Continuer la lecture <span class=\"screen-reader-text\"> \u00ab\u00a0\u00ab\u00a0Il n&rsquo;est pas normal de mourir au travail\u00a0\u00bb, la Bretagne compte-t-elle plus d&rsquo;accidents que les autres r\u00e9gions\u00a0\u00bb<\/span><\/a><\/p>\n","protected":false},"author":2,"featured_media":0,"comment_status":"closed","ping_status":"closed","sticky":false,"template":"","format":"standard","meta":{"footnotes":""},"categories":[5],"tags":[],"class_list":["post-333","post","type-post","status-publish","format-standard","hentry","category-securite-du-travail-en-ile-de-france-et-divers","entry"],"yoast_head":"<!-- This site is optimized with the Yoast SEO plugin v27.5 - https:\/\/yoast.com\/product\/yoast-seo-wordpress\/ -->\n<title>&quot;Il n&#039;est pas normal de mourir au travail&quot;, la Bretagne compte-t-elle plus d&#039;accidents que les autres r\u00e9gions - ACCIDENTDUTRAVAIL-IDF<\/title>\n<meta name=\"description\" content=\"&quot;Il n&#039;est pas normal de mourir au travail&quot;, la Bretagne compte-t-elle plus d&#039;accidents que les autres r\u00e9gions article de ACCIDENTDUTRAVAIL-IDF\" \/>\n<meta name=\"robots\" content=\"index, follow, max-snippet:-1, max-image-preview:large, max-video-preview:-1\" \/>\n<link rel=\"canonical\" href=\"https:\/\/www.accidentdutravail-idf.net\/blog\/il-nest-pas-normal-de-mourir-au-travail-la-bretagne-compte-t-elle-plus-daccidents-que-les-autres-regions\/\" \/>\n<meta property=\"og:locale\" content=\"fr_FR\" \/>\n<meta property=\"og:type\" content=\"article\" \/>\n<meta property=\"og:title\" content=\"&quot;Il n&#039;est pas normal de mourir au travail&quot;, la Bretagne compte-t-elle plus d&#039;accidents que les autres r\u00e9gions - ACCIDENTDUTRAVAIL-IDF\" \/>\n<meta property=\"og:description\" content=\"&quot;Il n&#039;est pas normal de mourir au travail&quot;, la Bretagne compte-t-elle plus d&#039;accidents que les autres r\u00e9gions article de ACCIDENTDUTRAVAIL-IDF\" \/>\n<meta property=\"og:url\" content=\"https:\/\/www.accidentdutravail-idf.net\/blog\/il-nest-pas-normal-de-mourir-au-travail-la-bretagne-compte-t-elle-plus-daccidents-que-les-autres-regions\/\" \/>\n<meta property=\"og:site_name\" content=\"ACCIDENTDUTRAVAIL-IDF\" \/>\n<meta property=\"article:published_time\" content=\"2024-05-17T22:30:00+00:00\" \/>\n<meta property=\"og:image\" content=\"https:\/\/www.accidentdutravail-idf.net\/blog\/wp-content\/uploads\/2024\/05\/il-nest-pas-normal-de-mourir-au-travail-la-bretagne-compte-t-elle-plus-daccidents-que-les-autres-regions.jpg\" \/>\n<meta name=\"author\" content=\"Carlos Poulain\" \/>\n<meta name=\"twitter:card\" content=\"summary_large_image\" \/>\n<meta name=\"twitter:label1\" content=\"\u00c9crit par\" \/>\n\t<meta name=\"twitter:data1\" content=\"Carlos Poulain\" \/>\n\t<meta name=\"twitter:label2\" content=\"Dur\u00e9e de lecture estim\u00e9e\" \/>\n\t<meta name=\"twitter:data2\" content=\"3 minutes\" \/>\n<script type=\"application\/ld+json\" class=\"yoast-schema-graph\">{\"@context\":\"https:\\\/\\\/schema.org\",\"@graph\":[{\"@type\":\"Article\",\"@id\":\"https:\\\/\\\/www.accidentdutravail-idf.net\\\/blog\\\/il-nest-pas-normal-de-mourir-au-travail-la-bretagne-compte-t-elle-plus-daccidents-que-les-autres-regions\\\/#article\",\"isPartOf\":{\"@id\":\"https:\\\/\\\/www.accidentdutravail-idf.net\\\/blog\\\/il-nest-pas-normal-de-mourir-au-travail-la-bretagne-compte-t-elle-plus-daccidents-que-les-autres-regions\\\/\"},\"author\":{\"name\":\"Carlos Poulain\",\"@id\":\"https:\\\/\\\/www.accidentdutravail-idf.net\\\/blog\\\/#\\\/schema\\\/person\\\/3255d2f970de45e64bd9201f38e7b947\"},\"headline\":\"\u00ab\u00a0Il n&rsquo;est pas normal de mourir au travail\u00a0\u00bb, la Bretagne compte-t-elle plus d&rsquo;accidents que les autres r\u00e9gions\",\"datePublished\":\"2024-05-17T22:30:00+00:00\",\"mainEntityOfPage\":{\"@id\":\"https:\\\/\\\/www.accidentdutravail-idf.net\\\/blog\\\/il-nest-pas-normal-de-mourir-au-travail-la-bretagne-compte-t-elle-plus-daccidents-que-les-autres-regions\\\/\"},\"wordCount\":638,\"publisher\":{\"@id\":\"https:\\\/\\\/www.accidentdutravail-idf.net\\\/blog\\\/#organization\"},\"image\":{\"@id\":\"https:\\\/\\\/www.accidentdutravail-idf.net\\\/blog\\\/il-nest-pas-normal-de-mourir-au-travail-la-bretagne-compte-t-elle-plus-daccidents-que-les-autres-regions\\\/#primaryimage\"},\"thumbnailUrl\":\"https:\\\/\\\/www.accidentdutravail-idf.net\\\/blog\\\/wp-content\\\/uploads\\\/2024\\\/05\\\/il-nest-pas-normal-de-mourir-au-travail-la-bretagne-compte-t-elle-plus-daccidents-que-les-autres-regions.jpg\",\"articleSection\":[\"S\u00e9curit\u00e9 Du Travail En Ile-De-France Et Divers:\"],\"inLanguage\":\"fr-FR\"},{\"@type\":\"WebPage\",\"@id\":\"https:\\\/\\\/www.accidentdutravail-idf.net\\\/blog\\\/il-nest-pas-normal-de-mourir-au-travail-la-bretagne-compte-t-elle-plus-daccidents-que-les-autres-regions\\\/\",\"url\":\"https:\\\/\\\/www.accidentdutravail-idf.net\\\/blog\\\/il-nest-pas-normal-de-mourir-au-travail-la-bretagne-compte-t-elle-plus-daccidents-que-les-autres-regions\\\/\",\"name\":\"\\\"Il n'est pas normal de mourir au travail\\\", la Bretagne compte-t-elle plus d'accidents que les autres r\u00e9gions - ACCIDENTDUTRAVAIL-IDF\",\"isPartOf\":{\"@id\":\"https:\\\/\\\/www.accidentdutravail-idf.net\\\/blog\\\/#website\"},\"primaryImageOfPage\":{\"@id\":\"https:\\\/\\\/www.accidentdutravail-idf.net\\\/blog\\\/il-nest-pas-normal-de-mourir-au-travail-la-bretagne-compte-t-elle-plus-daccidents-que-les-autres-regions\\\/#primaryimage\"},\"image\":{\"@id\":\"https:\\\/\\\/www.accidentdutravail-idf.net\\\/blog\\\/il-nest-pas-normal-de-mourir-au-travail-la-bretagne-compte-t-elle-plus-daccidents-que-les-autres-regions\\\/#primaryimage\"},\"thumbnailUrl\":\"https:\\\/\\\/www.accidentdutravail-idf.net\\\/blog\\\/wp-content\\\/uploads\\\/2024\\\/05\\\/il-nest-pas-normal-de-mourir-au-travail-la-bretagne-compte-t-elle-plus-daccidents-que-les-autres-regions.jpg\",\"datePublished\":\"2024-05-17T22:30:00+00:00\",\"description\":\"\\\"Il n'est pas normal de mourir au travail\\\", la Bretagne compte-t-elle plus d'accidents que les autres r\u00e9gions article de ACCIDENTDUTRAVAIL-IDF\",\"breadcrumb\":{\"@id\":\"https:\\\/\\\/www.accidentdutravail-idf.net\\\/blog\\\/il-nest-pas-normal-de-mourir-au-travail-la-bretagne-compte-t-elle-plus-daccidents-que-les-autres-regions\\\/#breadcrumb\"},\"inLanguage\":\"fr-FR\",\"potentialAction\":[{\"@type\":\"ReadAction\",\"target\":[\"https:\\\/\\\/www.accidentdutravail-idf.net\\\/blog\\\/il-nest-pas-normal-de-mourir-au-travail-la-bretagne-compte-t-elle-plus-daccidents-que-les-autres-regions\\\/\"]}]},{\"@type\":\"ImageObject\",\"inLanguage\":\"fr-FR\",\"@id\":\"https:\\\/\\\/www.accidentdutravail-idf.net\\\/blog\\\/il-nest-pas-normal-de-mourir-au-travail-la-bretagne-compte-t-elle-plus-daccidents-que-les-autres-regions\\\/#primaryimage\",\"url\":\"https:\\\/\\\/www.accidentdutravail-idf.net\\\/blog\\\/wp-content\\\/uploads\\\/2024\\\/05\\\/il-nest-pas-normal-de-mourir-au-travail-la-bretagne-compte-t-elle-plus-daccidents-que-les-autres-regions.jpg\",\"contentUrl\":\"https:\\\/\\\/www.accidentdutravail-idf.net\\\/blog\\\/wp-content\\\/uploads\\\/2024\\\/05\\\/il-nest-pas-normal-de-mourir-au-travail-la-bretagne-compte-t-elle-plus-daccidents-que-les-autres-regions.jpg\"},{\"@type\":\"BreadcrumbList\",\"@id\":\"https:\\\/\\\/www.accidentdutravail-idf.net\\\/blog\\\/il-nest-pas-normal-de-mourir-au-travail-la-bretagne-compte-t-elle-plus-daccidents-que-les-autres-regions\\\/#breadcrumb\",\"itemListElement\":[{\"@type\":\"ListItem\",\"position\":1,\"name\":\"Accueil\",\"item\":\"https:\\\/\\\/www.accidentdutravail-idf.net\\\/blog\\\/\"},{\"@type\":\"ListItem\",\"position\":2,\"name\":\"\u00ab\u00a0Il n&rsquo;est pas normal de mourir au travail\u00a0\u00bb, la Bretagne compte-t-elle plus d&rsquo;accidents que les autres r\u00e9gions\"}]},{\"@type\":\"WebSite\",\"@id\":\"https:\\\/\\\/www.accidentdutravail-idf.net\\\/blog\\\/#website\",\"url\":\"https:\\\/\\\/www.accidentdutravail-idf.net\\\/blog\\\/\",\"name\":\"ACCIDENTDUTRAVAIL-IDF\",\"description\":\"Portail accidents du travail-maladies professionnelles des entreprises d&#039;Ile-de-France\",\"publisher\":{\"@id\":\"https:\\\/\\\/www.accidentdutravail-idf.net\\\/blog\\\/#organization\"},\"potentialAction\":[{\"@type\":\"SearchAction\",\"target\":{\"@type\":\"EntryPoint\",\"urlTemplate\":\"https:\\\/\\\/www.accidentdutravail-idf.net\\\/blog\\\/?s={search_term_string}\"},\"query-input\":{\"@type\":\"PropertyValueSpecification\",\"valueRequired\":true,\"valueName\":\"search_term_string\"}}],\"inLanguage\":\"fr-FR\"},{\"@type\":\"Organization\",\"@id\":\"https:\\\/\\\/www.accidentdutravail-idf.net\\\/blog\\\/#organization\",\"name\":\"accidentdutravail-idf\",\"url\":\"https:\\\/\\\/www.accidentdutravail-idf.net\\\/blog\\\/\",\"logo\":{\"@type\":\"ImageObject\",\"inLanguage\":\"fr-FR\",\"@id\":\"https:\\\/\\\/www.accidentdutravail-idf.net\\\/blog\\\/#\\\/schema\\\/logo\\\/image\\\/\",\"url\":\"https:\\\/\\\/www.accidentdutravail-idf.net\\\/blog\\\/wp-content\\\/uploads\\\/2022\\\/09\\\/logo-2.png\",\"contentUrl\":\"https:\\\/\\\/www.accidentdutravail-idf.net\\\/blog\\\/wp-content\\\/uploads\\\/2022\\\/09\\\/logo-2.png\",\"width\":380,\"height\":291,\"caption\":\"accidentdutravail-idf\"},\"image\":{\"@id\":\"https:\\\/\\\/www.accidentdutravail-idf.net\\\/blog\\\/#\\\/schema\\\/logo\\\/image\\\/\"}},{\"@type\":\"Person\",\"@id\":\"https:\\\/\\\/www.accidentdutravail-idf.net\\\/blog\\\/#\\\/schema\\\/person\\\/3255d2f970de45e64bd9201f38e7b947\",\"name\":\"Carlos Poulain\",\"image\":{\"@type\":\"ImageObject\",\"inLanguage\":\"fr-FR\",\"@id\":\"https:\\\/\\\/secure.gravatar.com\\\/avatar\\\/b1c2f9d3588e34e91adb093635df64ef4b2381991216be7576466cfcdca4baf3?s=96&d=mm&r=g\",\"url\":\"https:\\\/\\\/secure.gravatar.com\\\/avatar\\\/b1c2f9d3588e34e91adb093635df64ef4b2381991216be7576466cfcdca4baf3?s=96&d=mm&r=g\",\"contentUrl\":\"https:\\\/\\\/secure.gravatar.com\\\/avatar\\\/b1c2f9d3588e34e91adb093635df64ef4b2381991216be7576466cfcdca4baf3?s=96&d=mm&r=g\",\"caption\":\"Carlos Poulain\"},\"url\":\"https:\\\/\\\/www.accidentdutravail-idf.net\\\/blog\\\/author\\\/idfcarlos\\\/\"}]}<\/script>\n<!-- \/ Yoast SEO plugin. -->","yoast_head_json":{"title":"\"Il n'est pas normal de mourir au travail\", la Bretagne compte-t-elle plus d'accidents que les autres r\u00e9gions - ACCIDENTDUTRAVAIL-IDF","description":"\"Il n'est pas normal de mourir au travail\", la Bretagne compte-t-elle plus d'accidents que les autres r\u00e9gions article de ACCIDENTDUTRAVAIL-IDF","robots":{"index":"index","follow":"follow","max-snippet":"max-snippet:-1","max-image-preview":"max-image-preview:large","max-video-preview":"max-video-preview:-1"},"canonical":"https:\/\/www.accidentdutravail-idf.net\/blog\/il-nest-pas-normal-de-mourir-au-travail-la-bretagne-compte-t-elle-plus-daccidents-que-les-autres-regions\/","og_locale":"fr_FR","og_type":"article","og_title":"\"Il n'est pas normal de mourir au travail\", la Bretagne compte-t-elle plus d'accidents que les autres r\u00e9gions - ACCIDENTDUTRAVAIL-IDF","og_description":"\"Il n'est pas normal de mourir au travail\", la Bretagne compte-t-elle plus d'accidents que les autres r\u00e9gions article de ACCIDENTDUTRAVAIL-IDF","og_url":"https:\/\/www.accidentdutravail-idf.net\/blog\/il-nest-pas-normal-de-mourir-au-travail-la-bretagne-compte-t-elle-plus-daccidents-que-les-autres-regions\/","og_site_name":"ACCIDENTDUTRAVAIL-IDF","article_published_time":"2024-05-17T22:30:00+00:00","og_image":[{"url":"https:\/\/www.accidentdutravail-idf.net\/blog\/wp-content\/uploads\/2024\/05\/il-nest-pas-normal-de-mourir-au-travail-la-bretagne-compte-t-elle-plus-daccidents-que-les-autres-regions.jpg","type":"","width":"","height":""}],"author":"Carlos Poulain","twitter_card":"summary_large_image","twitter_misc":{"\u00c9crit par":"Carlos Poulain","Dur\u00e9e de lecture estim\u00e9e":"3 minutes"},"schema":{"@context":"https:\/\/schema.org","@graph":[{"@type":"Article","@id":"https:\/\/www.accidentdutravail-idf.net\/blog\/il-nest-pas-normal-de-mourir-au-travail-la-bretagne-compte-t-elle-plus-daccidents-que-les-autres-regions\/#article","isPartOf":{"@id":"https:\/\/www.accidentdutravail-idf.net\/blog\/il-nest-pas-normal-de-mourir-au-travail-la-bretagne-compte-t-elle-plus-daccidents-que-les-autres-regions\/"},"author":{"name":"Carlos Poulain","@id":"https:\/\/www.accidentdutravail-idf.net\/blog\/#\/schema\/person\/3255d2f970de45e64bd9201f38e7b947"},"headline":"\u00ab\u00a0Il n&rsquo;est pas normal de mourir au travail\u00a0\u00bb, la Bretagne compte-t-elle plus d&rsquo;accidents que les autres r\u00e9gions","datePublished":"2024-05-17T22:30:00+00:00","mainEntityOfPage":{"@id":"https:\/\/www.accidentdutravail-idf.net\/blog\/il-nest-pas-normal-de-mourir-au-travail-la-bretagne-compte-t-elle-plus-daccidents-que-les-autres-regions\/"},"wordCount":638,"publisher":{"@id":"https:\/\/www.accidentdutravail-idf.net\/blog\/#organization"},"image":{"@id":"https:\/\/www.accidentdutravail-idf.net\/blog\/il-nest-pas-normal-de-mourir-au-travail-la-bretagne-compte-t-elle-plus-daccidents-que-les-autres-regions\/#primaryimage"},"thumbnailUrl":"https:\/\/www.accidentdutravail-idf.net\/blog\/wp-content\/uploads\/2024\/05\/il-nest-pas-normal-de-mourir-au-travail-la-bretagne-compte-t-elle-plus-daccidents-que-les-autres-regions.jpg","articleSection":["S\u00e9curit\u00e9 Du Travail En Ile-De-France Et Divers:"],"inLanguage":"fr-FR"},{"@type":"WebPage","@id":"https:\/\/www.accidentdutravail-idf.net\/blog\/il-nest-pas-normal-de-mourir-au-travail-la-bretagne-compte-t-elle-plus-daccidents-que-les-autres-regions\/","url":"https:\/\/www.accidentdutravail-idf.net\/blog\/il-nest-pas-normal-de-mourir-au-travail-la-bretagne-compte-t-elle-plus-daccidents-que-les-autres-regions\/","name":"\"Il n'est pas normal de mourir au travail\", la Bretagne compte-t-elle plus d'accidents que les autres r\u00e9gions - ACCIDENTDUTRAVAIL-IDF","isPartOf":{"@id":"https:\/\/www.accidentdutravail-idf.net\/blog\/#website"},"primaryImageOfPage":{"@id":"https:\/\/www.accidentdutravail-idf.net\/blog\/il-nest-pas-normal-de-mourir-au-travail-la-bretagne-compte-t-elle-plus-daccidents-que-les-autres-regions\/#primaryimage"},"image":{"@id":"https:\/\/www.accidentdutravail-idf.net\/blog\/il-nest-pas-normal-de-mourir-au-travail-la-bretagne-compte-t-elle-plus-daccidents-que-les-autres-regions\/#primaryimage"},"thumbnailUrl":"https:\/\/www.accidentdutravail-idf.net\/blog\/wp-content\/uploads\/2024\/05\/il-nest-pas-normal-de-mourir-au-travail-la-bretagne-compte-t-elle-plus-daccidents-que-les-autres-regions.jpg","datePublished":"2024-05-17T22:30:00+00:00","description":"\"Il n'est pas normal de mourir au travail\", la Bretagne compte-t-elle plus d'accidents que les autres r\u00e9gions article de ACCIDENTDUTRAVAIL-IDF","breadcrumb":{"@id":"https:\/\/www.accidentdutravail-idf.net\/blog\/il-nest-pas-normal-de-mourir-au-travail-la-bretagne-compte-t-elle-plus-daccidents-que-les-autres-regions\/#breadcrumb"},"inLanguage":"fr-FR","potentialAction":[{"@type":"ReadAction","target":["https:\/\/www.accidentdutravail-idf.net\/blog\/il-nest-pas-normal-de-mourir-au-travail-la-bretagne-compte-t-elle-plus-daccidents-que-les-autres-regions\/"]}]},{"@type":"ImageObject","inLanguage":"fr-FR","@id":"https:\/\/www.accidentdutravail-idf.net\/blog\/il-nest-pas-normal-de-mourir-au-travail-la-bretagne-compte-t-elle-plus-daccidents-que-les-autres-regions\/#primaryimage","url":"https:\/\/www.accidentdutravail-idf.net\/blog\/wp-content\/uploads\/2024\/05\/il-nest-pas-normal-de-mourir-au-travail-la-bretagne-compte-t-elle-plus-daccidents-que-les-autres-regions.jpg","contentUrl":"https:\/\/www.accidentdutravail-idf.net\/blog\/wp-content\/uploads\/2024\/05\/il-nest-pas-normal-de-mourir-au-travail-la-bretagne-compte-t-elle-plus-daccidents-que-les-autres-regions.jpg"},{"@type":"BreadcrumbList","@id":"https:\/\/www.accidentdutravail-idf.net\/blog\/il-nest-pas-normal-de-mourir-au-travail-la-bretagne-compte-t-elle-plus-daccidents-que-les-autres-regions\/#breadcrumb","itemListElement":[{"@type":"ListItem","position":1,"name":"Accueil","item":"https:\/\/www.accidentdutravail-idf.net\/blog\/"},{"@type":"ListItem","position":2,"name":"\u00ab\u00a0Il n&rsquo;est pas normal de mourir au travail\u00a0\u00bb, la Bretagne compte-t-elle plus d&rsquo;accidents que les autres r\u00e9gions"}]},{"@type":"WebSite","@id":"https:\/\/www.accidentdutravail-idf.net\/blog\/#website","url":"https:\/\/www.accidentdutravail-idf.net\/blog\/","name":"ACCIDENTDUTRAVAIL-IDF","description":"Portail accidents du travail-maladies professionnelles des entreprises d&#039;Ile-de-France","publisher":{"@id":"https:\/\/www.accidentdutravail-idf.net\/blog\/#organization"},"potentialAction":[{"@type":"SearchAction","target":{"@type":"EntryPoint","urlTemplate":"https:\/\/www.accidentdutravail-idf.net\/blog\/?s={search_term_string}"},"query-input":{"@type":"PropertyValueSpecification","valueRequired":true,"valueName":"search_term_string"}}],"inLanguage":"fr-FR"},{"@type":"Organization","@id":"https:\/\/www.accidentdutravail-idf.net\/blog\/#organization","name":"accidentdutravail-idf","url":"https:\/\/www.accidentdutravail-idf.net\/blog\/","logo":{"@type":"ImageObject","inLanguage":"fr-FR","@id":"https:\/\/www.accidentdutravail-idf.net\/blog\/#\/schema\/logo\/image\/","url":"https:\/\/www.accidentdutravail-idf.net\/blog\/wp-content\/uploads\/2022\/09\/logo-2.png","contentUrl":"https:\/\/www.accidentdutravail-idf.net\/blog\/wp-content\/uploads\/2022\/09\/logo-2.png","width":380,"height":291,"caption":"accidentdutravail-idf"},"image":{"@id":"https:\/\/www.accidentdutravail-idf.net\/blog\/#\/schema\/logo\/image\/"}},{"@type":"Person","@id":"https:\/\/www.accidentdutravail-idf.net\/blog\/#\/schema\/person\/3255d2f970de45e64bd9201f38e7b947","name":"Carlos Poulain","image":{"@type":"ImageObject","inLanguage":"fr-FR","@id":"https:\/\/secure.gravatar.com\/avatar\/b1c2f9d3588e34e91adb093635df64ef4b2381991216be7576466cfcdca4baf3?s=96&d=mm&r=g","url":"https:\/\/secure.gravatar.com\/avatar\/b1c2f9d3588e34e91adb093635df64ef4b2381991216be7576466cfcdca4baf3?s=96&d=mm&r=g","contentUrl":"https:\/\/secure.gravatar.com\/avatar\/b1c2f9d3588e34e91adb093635df64ef4b2381991216be7576466cfcdca4baf3?s=96&d=mm&r=g","caption":"Carlos Poulain"},"url":"https:\/\/www.accidentdutravail-idf.net\/blog\/author\/idfcarlos\/"}]}},"_links":{"self":[{"href":"https:\/\/www.accidentdutravail-idf.net\/blog\/wp-json\/wp\/v2\/posts\/333","targetHints":{"allow":["GET"]}}],"collection":[{"href":"https:\/\/www.accidentdutravail-idf.net\/blog\/wp-json\/wp\/v2\/posts"}],"about":[{"href":"https:\/\/www.accidentdutravail-idf.net\/blog\/wp-json\/wp\/v2\/types\/post"}],"author":[{"embeddable":true,"href":"https:\/\/www.accidentdutravail-idf.net\/blog\/wp-json\/wp\/v2\/users\/2"}],"replies":[{"embeddable":true,"href":"https:\/\/www.accidentdutravail-idf.net\/blog\/wp-json\/wp\/v2\/comments?post=333"}],"version-history":[{"count":0,"href":"https:\/\/www.accidentdutravail-idf.net\/blog\/wp-json\/wp\/v2\/posts\/333\/revisions"}],"wp:attachment":[{"href":"https:\/\/www.accidentdutravail-idf.net\/blog\/wp-json\/wp\/v2\/media?parent=333"}],"wp:term":[{"taxonomy":"category","embeddable":true,"href":"https:\/\/www.accidentdutravail-idf.net\/blog\/wp-json\/wp\/v2\/categories?post=333"},{"taxonomy":"post_tag","embeddable":true,"href":"https:\/\/www.accidentdutravail-idf.net\/blog\/wp-json\/wp\/v2\/tags?post=333"}],"curies":[{"name":"wp","href":"https:\/\/api.w.org\/{rel}","templated":true}]}}