{"id":325,"date":"2024-05-16T04:39:00","date_gmt":"2024-05-16T02:39:00","guid":{"rendered":"https:\/\/www.accidentdutravail-idf.net\/blog\/les-chutes-de-hauteur-1ere-cause-daccidents-graves-et-mortels-dans-le-btp\/"},"modified":"2024-05-16T04:39:00","modified_gmt":"2024-05-16T02:39:00","slug":"les-chutes-de-hauteur-1ere-cause-daccidents-graves-et-mortels-dans-le-btp","status":"publish","type":"post","link":"https:\/\/www.accidentdutravail-idf.net\/blog\/les-chutes-de-hauteur-1ere-cause-daccidents-graves-et-mortels-dans-le-btp\/","title":{"rendered":"Les chutes de hauteur, 1\u00e8re cause d\u2019accidents graves et mortels dans le BTP"},"content":{"rendered":"<div>\n<div class=\"post-meta element-groups-custom offset-top-12\">\n<p> <span class=\"post-meta-author\">Laure Pophillat<\/span> <\/p>\n<p> <a class=\"post-meta-time\" href=\"https:\/\/www.batirama.com\/article\/72490-les-chutes-de-hauteur-1ere-cause-d-accidents-graves-et-mortels-dans-le-btp.html#\" target=\"_blank\" rel=\"nofollow\"> <span>16\/05\/2024<\/span> <\/a> <\/p>\n<p>Article mis \u00e0 jour le <span>16\/05\/2024<\/span> <\/p>\n<\/p><\/div>\n<\/p><\/div>\n<div>       <img decoding=\"async\" alt=\"Les chutes de hauteur : un accident du travail mortel sur cinq. \u00a9 Freepik\" width=\"983px\" height=\"755px\" class=\"offset-top-12\" src=\"https:\/\/www.accidentdutravail-idf.net\/blog\/wp-content\/uploads\/2024\/05\/les-chutes-de-hauteur-1ere-cause-daccidents-graves-et-mortels-dans-le-btp.jpg\">     <\/div>\n<p><span class=\"h4\">Ce mardi 12 mai, l&rsquo;OPPBTP lan\u00e7ait sa campagne nationale afin de faire \u00e9voluer les perceptions du risque chez les professionnels du BTP sur les chutes de hauteur : \u00ab\u00a0Parce que \u00e7a n\u2019arrive pas qu\u2019aux autres\u00a0\u00bb !<\/span> <\/p>\n<p>Ce mardi 12 mai, lors d&rsquo;un table ronde, l&rsquo;<a rel=\"nofollow noopener\" target=\"_blank\" href=\"https:\/\/www.preventionbtp.fr\/campagne\/chutes-de-hauteur\">OPPBTP lan\u00e7ait une campagne nationale<\/a> afin de faire \u00e9voluer les perceptions du risque chez les <strong>professionnels du BTP<\/strong> sur les <strong>chutes de hauteur<\/strong>, ces derni\u00e8res repr\u00e9sentant la premi\u00e8re cause&nbsp;d\u2019<strong>accidents graves et mortels<\/strong>&nbsp; : \u00ab\u00a0<em>Parce que \u00e7a n\u2019arrive pas qu\u2019aux autres<\/em>\u00a0\u00bb !<\/p>\n<p><img decoding=\"async\" class=\"center-block\" alt src=\"https:\/\/www.accidentdutravail-idf.net\/blog\/wp-content\/uploads\/2024\/05\/les-chutes-de-hauteur-1ere-cause-daccidents-graves-et-mortels-dans-le-btp-1.jpg\"><\/p>\n<p><em>Lors du lancement de la campagne, une table ronde a r\u00e9uni (de gauche \u00e0 droite) Christian Morel, m\u00e9decin du travail, Nicolas Morel, chef d&rsquo;entreprise, Pierre Ramain, directeur g\u00e9n\u00e9ral du Travail, Anne Thiebeauld, directrice des risques professionnels \u00e0 la Cnam et Paul Duphil, secr\u00e9taire g\u00e9n\u00e9ral de l&rsquo;OPPBTP, qui a d\u00e9clar\u00e9 : \u00ab\u00a0Nous sommes fiers du travail de fond que nous avons r\u00e9alis\u00e9 ces 10 derni\u00e8res ann\u00e9es avec la campagne \u00ab Travaux en hauteur, pas droit \u00e0 l\u2019erreur \u00bb. Nous avons accompagn\u00e9 plus de 40 000 professionnels vers une meilleure prise en compte du risque de chute de hauteur, et avons observ\u00e9 de r\u00e9els efforts en pr\u00e9vention au sein des entreprises. N\u00e9anmoins, tant que des accidents surviennent, des progr\u00e8s restent \u00e0 faire et la mobilisation doit continuer. Cette nouvelle \u00e9tape de campagne est plus que jamais orient\u00e9e sur le facteur humain. Nous esp\u00e9rons qu\u2019elle permettra \u00e0 de nombreux professionnels de sortir du d\u00e9ni du risque et de g\u00e9n\u00e9rer une v\u00e9ritable prise de conscience, parce que \u00e7a n\u2019arrive pas qu\u2019aux autres.\u00a0\u00bb \u00a9 OPPBTP<\/em><\/p>\n<h2>Les chutes de hauteur, 1\u00e8re cause d\u2019accidents graves et mortels<\/h2>\n<p>Dans le <strong>BTP<\/strong>, les <a class=\"lienbatirama\" href=\"https:\/\/www.batirama.com\/article\/55505-les-accidents-du-travail-et-la-mortalite-causes-par-une-chute-de-hauteur-ne-diminuent-pas.html\" target=\"_blank\" rel=\"nofollow\">chutes de hauteur<\/a> repr\u00e9sentent la <strong>premi\u00e8re cause d\u2019accidents graves et mortels<\/strong> (hors risque routier et malaises). De fait, depuis 2014, l\u2019<strong>OPPBTP<\/strong> et ses partenaires sont particuli\u00e8rement engag\u00e9s pour lutter contre ce risque majeur, notamment via la<strong> campagne de sensibilisation<\/strong> : \u00ab\u00a0<em>Travaux en hauteur, pas droit \u00e0 l\u2019erreur<\/em>\u00ab\u00a0.<\/p>\n<p>Dix ans plus tard, l\u2019Organisme souhaite donner une nouvelle impulsion \u00e0 la mobilisation autour de ce risque toujours majeur dans les <strong>m\u00e9tiers du BTP<\/strong>, d&rsquo;o\u00f9 la campagne du 21 mai au 5 juillet 2024, qui se veut ax\u00e9e sur le facteur humain et donne \u00e0 prendre conscience des <strong>cons\u00e9quences personnelles et professionnelles des chutes de hauteur<\/strong>, et ce en rappelant qu&rsquo;il est possible de <strong>travailler en hauteur en s\u00e9curit\u00e9<\/strong>.<\/p>\n<p><img decoding=\"async\" class=\"center-block\" alt src=\"https:\/\/www.accidentdutravail-idf.net\/blog\/wp-content\/uploads\/2024\/05\/les-chutes-de-hauteur-1ere-cause-daccidents-graves-et-mortels-dans-le-btp-2.jpg\"><\/p>\n<p><em>L&rsquo;affiche de la campagne 2024, avec les slogans \u00ab\u00a0Parce que \u00e7a n&rsquo;arrive pas qu&rsquo;aux autres !\u00a0\u00bb et \u00ab\u00a0Travaux en hauteur, pas droit \u00e0 l&rsquo;erreur\u00a0\u00bb. \u00a9 OPPTP<\/em><\/p>\n<p>Pour ses campagnes, l&rsquo;<strong>OPPBTP<\/strong> s&rsquo;entoure de partenaires, dont :<\/p>\n<p>\u2013 le <strong>Minist\u00e8re du Travail<\/strong>,<\/p>\n<p>\u2013 la <strong>Cnam<\/strong>,<\/p>\n<p>\u2013 les <strong>Services de Pr\u00e9vention et de Sant\u00e9 au Travail BTP<\/strong> et interprofessionnels,<\/p>\n<p>\u2013 et, enfin, la Caisse Nationale de Retraites des Agents des Collectivit\u00e9s Locales (CNRACL), g\u00e9r\u00e9e par la Caisse des D\u00e9p\u00f4ts.<\/p>\n<h2>Les chutes de hauteur : un accident du travail mortel sur cinq<\/h2>\n<p>Dans le <strong>BTP<\/strong>, difficile de faire sans le <a class=\"lienbatirama\" href=\"https:\/\/www.batirama.com\/article\/25689-le-bilan-apres-4-ans-de-campagne-de-prevention-sur-les-travaux-en-hauteur.html\" target=\"_blank\" rel=\"nofollow\">travail en hauteur<\/a> : depuis un toit, une \u00e9chelle, un mur, un pyl\u00f4ne, une passerelle, etc., les <strong>professionnels du secteur<\/strong> <strong>b\u00e2timent et construction<\/strong> sont r\u00e9guli\u00e8rement expos\u00e9s \u00e0 la potentialit\u00e9 d&rsquo;un <strong>risque de chute<\/strong>, pouvant avoir des cons\u00e9quences irr\u00e9m\u00e9diables. En effet, les <strong>chutes de hauteur<\/strong> repr\u00e9sentent un <strong>accident du travail mortel<\/strong> sur cinq dans le <strong>BTP<\/strong>, d&rsquo;apr\u00e8s les chiffres de la <strong>Cnam<\/strong> (2021), ce qui en fait la <strong>premi\u00e8re cause d\u2019accidents graves et mortels dans le BTP<\/strong>. Sans compter que ces accidents ont des cons\u00e9quences plus lourdes pour les victimes, ainsi que pour les entreprises : les <strong>arr\u00eats de travail<\/strong> li\u00e9s aux <strong>chutes de hauteur<\/strong> sont en moyenne de quatre mois, contre deux mois et demi pour les autres accidents.<\/p>\n<p>Parmi les m\u00e9tiers les plus touch\u00e9s par ces accidents, et sans surprise, on retrouve la <strong>charpente \u2013 couverture<\/strong> (40 %) et la <strong>ma\u00e7onnerie \u2013 gros \u0153uvre<\/strong> (24 %).<br \/>Une <strong>chute de hauteur <\/strong>sur deux est li\u00e9e \u00e0 une <strong>rupture de toiture fragile<\/strong> ou \u00e0 un d\u00e9faut d\u2019<strong>\u00e9quipement de protection collective<\/strong>.<\/p>\n<p><img decoding=\"async\" class=\"center-block\" alt src=\"https:\/\/www.accidentdutravail-idf.net\/blog\/wp-content\/uploads\/2024\/05\/les-chutes-de-hauteur-1ere-cause-daccidents-graves-et-mortels-dans-le-btp-3.jpg\"><\/p>\n<p><em>Le \u00ab\u00a0profil type\u00a0\u00bb de la victime fait une chute de moins de trois m\u00e8tres, est en CDI, travaille pour une TPE\/PME (3\/4 des accidents ont lieu dans des entreprises de moins de 50 salari\u00e9s), intervient sur un chantier de r\u00e9novation, pour une intervention de courte dur\u00e9e, chez un client particulier. \u00a9 OPPBTP<\/em><\/p>\n<h2>Faire \u00e9voluer les consciences<\/h2>\n<p>Mobilis\u00e9 sur cette probl\u00e9matique majeure, l\u2019<strong>OPPBTP<\/strong> et la <strong>Cnam<\/strong> ont accompagn\u00e9 depuis 2014 environ 3 000 entreprises afin de faire \u00e9voluer les consciences et proposer des solutions, dans le cadre de la <strong>campagne \u00ab\u00a0Travaux en hauteur, pas droit \u00e0 l\u2019erreur\u00a0\u00bb<\/strong>.<\/p>\n<p>Toutefois, des situations \u00e0 risques persistent et la mobilisation doit imp\u00e9rativement se poursuivre pour parvenir \u00e0 r\u00e9duire radicalement le nombre d\u2019<strong>accidents du travail<\/strong> li\u00e9s aux <strong>chutes de hauteur<\/strong>. Pour ce faire, une premi\u00e8re enqu\u00eate pr\u00e9liminaire de perception du risque a \u00e9t\u00e9 men\u00e9e par l\u2019<strong>OPPBTP<\/strong> et les <strong>services de pr\u00e9vention sant\u00e9 au travail<\/strong>, aupr\u00e8s d&rsquo;un large spectre d\u2019entreprises : ainsi, durant un mois, 670 professionnels issus de 327 <strong>entreprises du BTP<\/strong> ont \u00e9t\u00e9 interrog\u00e9s, dont 38 % de <strong>couvreurs<\/strong>, 37 % de <strong>ma\u00e7ons<\/strong> et 25 % de <strong>charpentiers bois<\/strong>, et 239 <strong>chantiers<\/strong> ont \u00e9t\u00e9 observ\u00e9s. L\u2019\u00e9tude a permis de mettre en lumi\u00e8re des chiffres \u00e9loquents :<\/p>\n<p>\u2013 9 professionnels sur 10 pensent que leur m\u00e9tier est dangereux : 75 % des <strong>chefs d\u2019entreprises<\/strong> et 62 % des <strong>compagnons<\/strong> ont d\u00e9j\u00e0 v\u00e9cu ou ont \u00e9t\u00e9 t\u00e9moin d\u2019un <strong>accident de chute de hauteur<\/strong>, ont pleinement conscience qu\u2019une <strong>chute m\u00eame de faible hauteur peut \u00eatre mortelle<\/strong>, et affirment cependant travailler sans <strong>\u00e9quipement de s\u00e9curit\u00e9 <\/strong>au moins une fois par an ;<\/p>\n<p>\u2013 La majorit\u00e9 des r\u00e9pondants trouvent que la hi\u00e9rarchie pr\u00e9voit les bons \u00e9quipements en mati\u00e8re de <strong>protection contre les chutes de hauteur<\/strong> et que les <strong>protections collectives sont efficaces en cas de chute<\/strong> &#8230; et ce alors que 40 % des <strong>chantiers<\/strong> visit\u00e9s par les conseillers de l\u2019<strong>OPPBTP<\/strong> ont \u00e9t\u00e9 jug\u00e9s moyens ou insuffisants en termes de s\u00e9curit\u00e9 ;<\/p>\n<p>\u2013 31 % des compagnons d\u00e9clarent \u00eatre g\u00ean\u00e9s au quotidien par les <strong>protections collectives<\/strong> ;<\/p>\n<p>\u2013 Sur les <strong>chantiers<\/strong> visit\u00e9s avec un bon <strong>niveau de s\u00e9curit\u00e9<\/strong>, 46 % pensent que leurs clients ne s\u2019int\u00e9ressent pas \u00e0 la <strong>s\u00e9curit\u00e9<\/strong>, un chiffre grimpant \u00e0 80 % sur les<strong> chantiers <\/strong>visit\u00e9s avec un <strong>niveau de s\u00e9curit\u00e9<\/strong> moyen alors m\u00eame que 92 % des <strong>professionnels <\/strong>interrog\u00e9s pensent qu\u2019un <strong>\u00e9chafaudage de pied <\/strong>est un plus pour l\u2019<strong>image de marque de l\u2019entreprise<\/strong> ;<\/p>\n<p>\u2013 Enfin, 6 professionnels sur 10 en moyenne consid\u00e8rent que les <strong>chutes<\/strong> ne sont pas le fait d\u2019un manque d\u2019exp\u00e9rience, mais 95 % sont convaincus qu\u2019une bonne <strong>condition physique et mentale<\/strong> contribue \u00e0 <strong>pr\u00e9venir les accidents<\/strong>.<br \/>&nbsp;<\/p>\n<h2>Une campagne de communication pour informer et sensibiliser<\/h2>\n<p>Forte de ses 10 ans d\u2019existence, la <strong>campagne \u00ab\u00a0Travaux en hauteur, pas droit \u00e0 l\u2019erreur\u00a0\u00bb<\/strong> est aujourd\u2019hui connue et reconnue par les <strong>entreprises du BTP<\/strong>. Toutefois, en 2024, l\u2019OPPBTP souhaite provoquer un v\u00e9ritable d\u00e9clic chez les professionnels, en ajoutant \u00e0 cette campagne p\u00e9renne un slogan (\u00ab\u00a0<em>Parce que \u00e7a n\u2019arrive pas qu\u2019aux autres<\/em>\u00ab\u00a0), comme en mettant en avant des \u00ab\u00a0<em>t\u00e9moignages particuli\u00e8rement parlants et des vid\u00e9os de fiction empreintes d\u2019un registre \u00e9motionnel fort<\/em>.\u00a0\u00bb, un court-m\u00e9trage, des podcasts et vid\u00e9os, etc. En sus, l&rsquo;OPPBTP adressera au cours de la campagne une lettre de la pr\u00e9vention aux 275 000 <strong>entreprises du BTP<\/strong> et le <a rel=\"nofollow noopener\" target=\"_blank\" href=\"https:\/\/www.preventionbtp.fr\/campagne\/chutes-de-hauteur\">site d\u00e9di\u00e9 cr\u00e9\u00e9 \u00e0 l\u2019occasion de la premi\u00e8re \u00e9dition de la campagne<\/a> a \u00e9t\u00e9 remis au go\u00fbt du jour afin de permettre aux professionnels d\u2019acc\u00e9der facilement aux contenus d\u2019information et de sensibilisation (affiches, outils, formations, conseils, techniques, webinaires, kit de sensibilisation cl\u00e9 en main est mis \u00e0 disposition des formateurs de CFA, &#8230;).<\/p>\n<p>Pour aider les<strong> artisans<\/strong> \u00e0 convaincre leurs clients de l\u2019importance capitale des <strong>\u00e9quipements de protection collective<\/strong>, l\u2019<strong>OPPBTP<\/strong> a \u00e9galement \u00e9labor\u00e9 pour la premi\u00e8re fois un outil argumentaire personnalisable qu\u2019ils peuvent remettre \u00e0 leur client afin de les inciter \u00e0 s\u2019engager \u00e0 leurs c\u00f4t\u00e9s en pr\u00e9vention.<\/p>\n<p>De plus, plus de 140 <strong>\u00e9v\u00e9nements de sensibilisation<\/strong>, afin d&rsquo;\u00e9veiller et de r\u00e9veiller les esprits, seront organis\u00e9s partout en <strong>France<\/strong> au mois de juin, avec l\u2019objectif de r\u00e9unir 6 000 <strong>professionnels<\/strong>.<\/p>\n<p><img decoding=\"async\" class=\"center-block\" alt src=\"https:\/\/www.accidentdutravail-idf.net\/blog\/wp-content\/uploads\/2024\/05\/les-chutes-de-hauteur-1ere-cause-daccidents-graves-et-mortels-dans-le-btp-4.jpg\"><\/p>\n<p><em>\u00ab\u00a0Travaux en hauteur, pas droit \u00e0 l\u2019erreur\u00a0\u00bb, 10 ans de mobilisation (ici, l&rsquo;une des pr\u00e9c\u00e9dentes affiches de campagne de l&rsquo;OPPBTP), qui a permis au fil des ann\u00e9es de sensibiliser plus de 40 000 professionnels par le biais de multiples actions comme d\u2019attester que le niveau de s\u00e9curit\u00e9 a augment\u00e9 de 25 % depuis 2014 dans les entreprises accompagn\u00e9es par l\u2019OPPBTP. \u00a9 OPPBTP<\/em><\/p>\n<p> <i>Source : batirama.com \/ Laure Pophillat<\/i> accidentdutravail-idf.net vous a pr\u00e9par\u00e9 ce post qui informe du sujet \u00ab\u00a0Association Sportive Huisson-Longueville Essonne\u00a0\u00bb. La chronique se veut g\u00e9n\u00e9r\u00e9e du mieux possible. Vous pouvez utiliser les coordonn\u00e9es indiqu\u00e9es sur le site dans le but d\u2019apporter des explications sur ce post qui parle du th\u00e8me \u00ab\u00a0Association Sportive Huisson-Longueville Essonne\u00a0\u00bb. Le site accidentdutravail-idf.net a pour but de fournir diverses publications sur la th\u00e9matique Association Sportive Huisson-Longueville Essonne diffus\u00e9es sur le net. Il y aura plusieurs articles autour du sujet \u00ab\u00a0Association Sportive Huisson-Longueville Essonne\u00a0\u00bb dans quelques jours, nous vous invitons \u00e0 naviguer sur notre site web \u00e0 plusieurs reprises.<\/p>\n","protected":false},"excerpt":{"rendered":"<p>Laure Pophillat 16\/05\/2024 Article mis \u00e0 jour le 16\/05\/2024 Ce mardi 12 mai, l&rsquo;OPPBTP lan\u00e7ait sa campagne nationale afin de faire \u00e9voluer les perceptions du risque chez les professionnels du BTP sur les chutes de hauteur : \u00ab\u00a0Parce que \u00e7a n\u2019arrive pas qu\u2019aux autres\u00a0\u00bb ! Ce mardi 12 mai, lors d&rsquo;un table ronde, l&rsquo;OPPBTP lan\u00e7ait &hellip; <\/p>\n<p class=\"link-more\"><a href=\"https:\/\/www.accidentdutravail-idf.net\/blog\/les-chutes-de-hauteur-1ere-cause-daccidents-graves-et-mortels-dans-le-btp\/\" class=\"more-link\">Continuer la lecture <span class=\"screen-reader-text\"> \u00ab\u00a0Les chutes de hauteur, 1\u00e8re cause d\u2019accidents graves et mortels dans le BTP\u00a0\u00bb<\/span><\/a><\/p>\n","protected":false},"author":2,"featured_media":0,"comment_status":"closed","ping_status":"closed","sticky":false,"template":"","format":"standard","meta":{"footnotes":""},"categories":[5],"tags":[],"class_list":["post-325","post","type-post","status-publish","format-standard","hentry","category-securite-du-travail-en-ile-de-france-et-divers","entry"],"yoast_head":"<!-- This site is optimized with the Yoast SEO plugin v27.5 - https:\/\/yoast.com\/product\/yoast-seo-wordpress\/ -->\n<title>Les chutes de hauteur, 1\u00e8re cause d\u2019accidents graves et mortels dans le BTP - ACCIDENTDUTRAVAIL-IDF<\/title>\n<meta name=\"description\" content=\"Les chutes de hauteur, 1\u00e8re cause d\u2019accidents graves et mortels dans le BTP article de ACCIDENTDUTRAVAIL-IDF\" \/>\n<meta name=\"robots\" content=\"index, follow, max-snippet:-1, max-image-preview:large, max-video-preview:-1\" \/>\n<link rel=\"canonical\" href=\"https:\/\/www.accidentdutravail-idf.net\/blog\/les-chutes-de-hauteur-1ere-cause-daccidents-graves-et-mortels-dans-le-btp\/\" \/>\n<meta property=\"og:locale\" content=\"fr_FR\" \/>\n<meta property=\"og:type\" content=\"article\" \/>\n<meta property=\"og:title\" content=\"Les chutes de hauteur, 1\u00e8re cause d\u2019accidents graves et mortels dans le BTP - ACCIDENTDUTRAVAIL-IDF\" \/>\n<meta property=\"og:description\" content=\"Les chutes de hauteur, 1\u00e8re cause d\u2019accidents graves et mortels dans le BTP article de ACCIDENTDUTRAVAIL-IDF\" \/>\n<meta property=\"og:url\" content=\"https:\/\/www.accidentdutravail-idf.net\/blog\/les-chutes-de-hauteur-1ere-cause-daccidents-graves-et-mortels-dans-le-btp\/\" \/>\n<meta property=\"og:site_name\" content=\"ACCIDENTDUTRAVAIL-IDF\" \/>\n<meta property=\"article:published_time\" content=\"2024-05-16T02:39:00+00:00\" \/>\n<meta property=\"og:image\" content=\"https:\/\/www.accidentdutravail-idf.net\/blog\/wp-content\/uploads\/2024\/05\/les-chutes-de-hauteur-1ere-cause-daccidents-graves-et-mortels-dans-le-btp.jpg\" \/>\n<meta name=\"author\" content=\"Carlos Poulain\" \/>\n<meta name=\"twitter:card\" content=\"summary_large_image\" \/>\n<meta name=\"twitter:label1\" content=\"\u00c9crit par\" \/>\n\t<meta name=\"twitter:data1\" content=\"Carlos Poulain\" \/>\n\t<meta name=\"twitter:label2\" content=\"Dur\u00e9e de lecture estim\u00e9e\" \/>\n\t<meta name=\"twitter:data2\" content=\"8 minutes\" \/>\n<script type=\"application\/ld+json\" class=\"yoast-schema-graph\">{\"@context\":\"https:\\\/\\\/schema.org\",\"@graph\":[{\"@type\":\"Article\",\"@id\":\"https:\\\/\\\/www.accidentdutravail-idf.net\\\/blog\\\/les-chutes-de-hauteur-1ere-cause-daccidents-graves-et-mortels-dans-le-btp\\\/#article\",\"isPartOf\":{\"@id\":\"https:\\\/\\\/www.accidentdutravail-idf.net\\\/blog\\\/les-chutes-de-hauteur-1ere-cause-daccidents-graves-et-mortels-dans-le-btp\\\/\"},\"author\":{\"name\":\"Carlos Poulain\",\"@id\":\"https:\\\/\\\/www.accidentdutravail-idf.net\\\/blog\\\/#\\\/schema\\\/person\\\/3255d2f970de45e64bd9201f38e7b947\"},\"headline\":\"Les chutes de hauteur, 1\u00e8re cause d\u2019accidents graves et mortels dans le BTP\",\"datePublished\":\"2024-05-16T02:39:00+00:00\",\"mainEntityOfPage\":{\"@id\":\"https:\\\/\\\/www.accidentdutravail-idf.net\\\/blog\\\/les-chutes-de-hauteur-1ere-cause-daccidents-graves-et-mortels-dans-le-btp\\\/\"},\"wordCount\":1577,\"publisher\":{\"@id\":\"https:\\\/\\\/www.accidentdutravail-idf.net\\\/blog\\\/#organization\"},\"image\":{\"@id\":\"https:\\\/\\\/www.accidentdutravail-idf.net\\\/blog\\\/les-chutes-de-hauteur-1ere-cause-daccidents-graves-et-mortels-dans-le-btp\\\/#primaryimage\"},\"thumbnailUrl\":\"https:\\\/\\\/www.accidentdutravail-idf.net\\\/blog\\\/wp-content\\\/uploads\\\/2024\\\/05\\\/les-chutes-de-hauteur-1ere-cause-daccidents-graves-et-mortels-dans-le-btp.jpg\",\"articleSection\":[\"S\u00e9curit\u00e9 Du Travail En Ile-De-France Et Divers:\"],\"inLanguage\":\"fr-FR\"},{\"@type\":\"WebPage\",\"@id\":\"https:\\\/\\\/www.accidentdutravail-idf.net\\\/blog\\\/les-chutes-de-hauteur-1ere-cause-daccidents-graves-et-mortels-dans-le-btp\\\/\",\"url\":\"https:\\\/\\\/www.accidentdutravail-idf.net\\\/blog\\\/les-chutes-de-hauteur-1ere-cause-daccidents-graves-et-mortels-dans-le-btp\\\/\",\"name\":\"Les chutes de hauteur, 1\u00e8re cause d\u2019accidents graves et mortels dans le BTP - ACCIDENTDUTRAVAIL-IDF\",\"isPartOf\":{\"@id\":\"https:\\\/\\\/www.accidentdutravail-idf.net\\\/blog\\\/#website\"},\"primaryImageOfPage\":{\"@id\":\"https:\\\/\\\/www.accidentdutravail-idf.net\\\/blog\\\/les-chutes-de-hauteur-1ere-cause-daccidents-graves-et-mortels-dans-le-btp\\\/#primaryimage\"},\"image\":{\"@id\":\"https:\\\/\\\/www.accidentdutravail-idf.net\\\/blog\\\/les-chutes-de-hauteur-1ere-cause-daccidents-graves-et-mortels-dans-le-btp\\\/#primaryimage\"},\"thumbnailUrl\":\"https:\\\/\\\/www.accidentdutravail-idf.net\\\/blog\\\/wp-content\\\/uploads\\\/2024\\\/05\\\/les-chutes-de-hauteur-1ere-cause-daccidents-graves-et-mortels-dans-le-btp.jpg\",\"datePublished\":\"2024-05-16T02:39:00+00:00\",\"description\":\"Les chutes de hauteur, 1\u00e8re cause d\u2019accidents graves et mortels dans le BTP article de ACCIDENTDUTRAVAIL-IDF\",\"breadcrumb\":{\"@id\":\"https:\\\/\\\/www.accidentdutravail-idf.net\\\/blog\\\/les-chutes-de-hauteur-1ere-cause-daccidents-graves-et-mortels-dans-le-btp\\\/#breadcrumb\"},\"inLanguage\":\"fr-FR\",\"potentialAction\":[{\"@type\":\"ReadAction\",\"target\":[\"https:\\\/\\\/www.accidentdutravail-idf.net\\\/blog\\\/les-chutes-de-hauteur-1ere-cause-daccidents-graves-et-mortels-dans-le-btp\\\/\"]}]},{\"@type\":\"ImageObject\",\"inLanguage\":\"fr-FR\",\"@id\":\"https:\\\/\\\/www.accidentdutravail-idf.net\\\/blog\\\/les-chutes-de-hauteur-1ere-cause-daccidents-graves-et-mortels-dans-le-btp\\\/#primaryimage\",\"url\":\"https:\\\/\\\/www.accidentdutravail-idf.net\\\/blog\\\/wp-content\\\/uploads\\\/2024\\\/05\\\/les-chutes-de-hauteur-1ere-cause-daccidents-graves-et-mortels-dans-le-btp.jpg\",\"contentUrl\":\"https:\\\/\\\/www.accidentdutravail-idf.net\\\/blog\\\/wp-content\\\/uploads\\\/2024\\\/05\\\/les-chutes-de-hauteur-1ere-cause-daccidents-graves-et-mortels-dans-le-btp.jpg\"},{\"@type\":\"BreadcrumbList\",\"@id\":\"https:\\\/\\\/www.accidentdutravail-idf.net\\\/blog\\\/les-chutes-de-hauteur-1ere-cause-daccidents-graves-et-mortels-dans-le-btp\\\/#breadcrumb\",\"itemListElement\":[{\"@type\":\"ListItem\",\"position\":1,\"name\":\"Accueil\",\"item\":\"https:\\\/\\\/www.accidentdutravail-idf.net\\\/blog\\\/\"},{\"@type\":\"ListItem\",\"position\":2,\"name\":\"Les chutes de hauteur, 1\u00e8re cause d\u2019accidents graves et mortels dans le BTP\"}]},{\"@type\":\"WebSite\",\"@id\":\"https:\\\/\\\/www.accidentdutravail-idf.net\\\/blog\\\/#website\",\"url\":\"https:\\\/\\\/www.accidentdutravail-idf.net\\\/blog\\\/\",\"name\":\"ACCIDENTDUTRAVAIL-IDF\",\"description\":\"Portail accidents du travail-maladies professionnelles des entreprises d&#039;Ile-de-France\",\"publisher\":{\"@id\":\"https:\\\/\\\/www.accidentdutravail-idf.net\\\/blog\\\/#organization\"},\"potentialAction\":[{\"@type\":\"SearchAction\",\"target\":{\"@type\":\"EntryPoint\",\"urlTemplate\":\"https:\\\/\\\/www.accidentdutravail-idf.net\\\/blog\\\/?s={search_term_string}\"},\"query-input\":{\"@type\":\"PropertyValueSpecification\",\"valueRequired\":true,\"valueName\":\"search_term_string\"}}],\"inLanguage\":\"fr-FR\"},{\"@type\":\"Organization\",\"@id\":\"https:\\\/\\\/www.accidentdutravail-idf.net\\\/blog\\\/#organization\",\"name\":\"accidentdutravail-idf\",\"url\":\"https:\\\/\\\/www.accidentdutravail-idf.net\\\/blog\\\/\",\"logo\":{\"@type\":\"ImageObject\",\"inLanguage\":\"fr-FR\",\"@id\":\"https:\\\/\\\/www.accidentdutravail-idf.net\\\/blog\\\/#\\\/schema\\\/logo\\\/image\\\/\",\"url\":\"https:\\\/\\\/www.accidentdutravail-idf.net\\\/blog\\\/wp-content\\\/uploads\\\/2022\\\/09\\\/logo-2.png\",\"contentUrl\":\"https:\\\/\\\/www.accidentdutravail-idf.net\\\/blog\\\/wp-content\\\/uploads\\\/2022\\\/09\\\/logo-2.png\",\"width\":380,\"height\":291,\"caption\":\"accidentdutravail-idf\"},\"image\":{\"@id\":\"https:\\\/\\\/www.accidentdutravail-idf.net\\\/blog\\\/#\\\/schema\\\/logo\\\/image\\\/\"}},{\"@type\":\"Person\",\"@id\":\"https:\\\/\\\/www.accidentdutravail-idf.net\\\/blog\\\/#\\\/schema\\\/person\\\/3255d2f970de45e64bd9201f38e7b947\",\"name\":\"Carlos Poulain\",\"image\":{\"@type\":\"ImageObject\",\"inLanguage\":\"fr-FR\",\"@id\":\"https:\\\/\\\/secure.gravatar.com\\\/avatar\\\/b1c2f9d3588e34e91adb093635df64ef4b2381991216be7576466cfcdca4baf3?s=96&d=mm&r=g\",\"url\":\"https:\\\/\\\/secure.gravatar.com\\\/avatar\\\/b1c2f9d3588e34e91adb093635df64ef4b2381991216be7576466cfcdca4baf3?s=96&d=mm&r=g\",\"contentUrl\":\"https:\\\/\\\/secure.gravatar.com\\\/avatar\\\/b1c2f9d3588e34e91adb093635df64ef4b2381991216be7576466cfcdca4baf3?s=96&d=mm&r=g\",\"caption\":\"Carlos Poulain\"},\"url\":\"https:\\\/\\\/www.accidentdutravail-idf.net\\\/blog\\\/author\\\/idfcarlos\\\/\"}]}<\/script>\n<!-- \/ Yoast SEO plugin. -->","yoast_head_json":{"title":"Les chutes de hauteur, 1\u00e8re cause d\u2019accidents graves et mortels dans le BTP - ACCIDENTDUTRAVAIL-IDF","description":"Les chutes de hauteur, 1\u00e8re cause d\u2019accidents graves et mortels dans le BTP article de ACCIDENTDUTRAVAIL-IDF","robots":{"index":"index","follow":"follow","max-snippet":"max-snippet:-1","max-image-preview":"max-image-preview:large","max-video-preview":"max-video-preview:-1"},"canonical":"https:\/\/www.accidentdutravail-idf.net\/blog\/les-chutes-de-hauteur-1ere-cause-daccidents-graves-et-mortels-dans-le-btp\/","og_locale":"fr_FR","og_type":"article","og_title":"Les chutes de hauteur, 1\u00e8re cause d\u2019accidents graves et mortels dans le BTP - ACCIDENTDUTRAVAIL-IDF","og_description":"Les chutes de hauteur, 1\u00e8re cause d\u2019accidents graves et mortels dans le BTP article de ACCIDENTDUTRAVAIL-IDF","og_url":"https:\/\/www.accidentdutravail-idf.net\/blog\/les-chutes-de-hauteur-1ere-cause-daccidents-graves-et-mortels-dans-le-btp\/","og_site_name":"ACCIDENTDUTRAVAIL-IDF","article_published_time":"2024-05-16T02:39:00+00:00","og_image":[{"url":"https:\/\/www.accidentdutravail-idf.net\/blog\/wp-content\/uploads\/2024\/05\/les-chutes-de-hauteur-1ere-cause-daccidents-graves-et-mortels-dans-le-btp.jpg","type":"","width":"","height":""}],"author":"Carlos Poulain","twitter_card":"summary_large_image","twitter_misc":{"\u00c9crit par":"Carlos Poulain","Dur\u00e9e de lecture estim\u00e9e":"8 minutes"},"schema":{"@context":"https:\/\/schema.org","@graph":[{"@type":"Article","@id":"https:\/\/www.accidentdutravail-idf.net\/blog\/les-chutes-de-hauteur-1ere-cause-daccidents-graves-et-mortels-dans-le-btp\/#article","isPartOf":{"@id":"https:\/\/www.accidentdutravail-idf.net\/blog\/les-chutes-de-hauteur-1ere-cause-daccidents-graves-et-mortels-dans-le-btp\/"},"author":{"name":"Carlos Poulain","@id":"https:\/\/www.accidentdutravail-idf.net\/blog\/#\/schema\/person\/3255d2f970de45e64bd9201f38e7b947"},"headline":"Les chutes de hauteur, 1\u00e8re cause d\u2019accidents graves et mortels dans le BTP","datePublished":"2024-05-16T02:39:00+00:00","mainEntityOfPage":{"@id":"https:\/\/www.accidentdutravail-idf.net\/blog\/les-chutes-de-hauteur-1ere-cause-daccidents-graves-et-mortels-dans-le-btp\/"},"wordCount":1577,"publisher":{"@id":"https:\/\/www.accidentdutravail-idf.net\/blog\/#organization"},"image":{"@id":"https:\/\/www.accidentdutravail-idf.net\/blog\/les-chutes-de-hauteur-1ere-cause-daccidents-graves-et-mortels-dans-le-btp\/#primaryimage"},"thumbnailUrl":"https:\/\/www.accidentdutravail-idf.net\/blog\/wp-content\/uploads\/2024\/05\/les-chutes-de-hauteur-1ere-cause-daccidents-graves-et-mortels-dans-le-btp.jpg","articleSection":["S\u00e9curit\u00e9 Du Travail En Ile-De-France Et Divers:"],"inLanguage":"fr-FR"},{"@type":"WebPage","@id":"https:\/\/www.accidentdutravail-idf.net\/blog\/les-chutes-de-hauteur-1ere-cause-daccidents-graves-et-mortels-dans-le-btp\/","url":"https:\/\/www.accidentdutravail-idf.net\/blog\/les-chutes-de-hauteur-1ere-cause-daccidents-graves-et-mortels-dans-le-btp\/","name":"Les chutes de hauteur, 1\u00e8re cause d\u2019accidents graves et mortels dans le BTP - ACCIDENTDUTRAVAIL-IDF","isPartOf":{"@id":"https:\/\/www.accidentdutravail-idf.net\/blog\/#website"},"primaryImageOfPage":{"@id":"https:\/\/www.accidentdutravail-idf.net\/blog\/les-chutes-de-hauteur-1ere-cause-daccidents-graves-et-mortels-dans-le-btp\/#primaryimage"},"image":{"@id":"https:\/\/www.accidentdutravail-idf.net\/blog\/les-chutes-de-hauteur-1ere-cause-daccidents-graves-et-mortels-dans-le-btp\/#primaryimage"},"thumbnailUrl":"https:\/\/www.accidentdutravail-idf.net\/blog\/wp-content\/uploads\/2024\/05\/les-chutes-de-hauteur-1ere-cause-daccidents-graves-et-mortels-dans-le-btp.jpg","datePublished":"2024-05-16T02:39:00+00:00","description":"Les chutes de hauteur, 1\u00e8re cause d\u2019accidents graves et mortels dans le BTP article de ACCIDENTDUTRAVAIL-IDF","breadcrumb":{"@id":"https:\/\/www.accidentdutravail-idf.net\/blog\/les-chutes-de-hauteur-1ere-cause-daccidents-graves-et-mortels-dans-le-btp\/#breadcrumb"},"inLanguage":"fr-FR","potentialAction":[{"@type":"ReadAction","target":["https:\/\/www.accidentdutravail-idf.net\/blog\/les-chutes-de-hauteur-1ere-cause-daccidents-graves-et-mortels-dans-le-btp\/"]}]},{"@type":"ImageObject","inLanguage":"fr-FR","@id":"https:\/\/www.accidentdutravail-idf.net\/blog\/les-chutes-de-hauteur-1ere-cause-daccidents-graves-et-mortels-dans-le-btp\/#primaryimage","url":"https:\/\/www.accidentdutravail-idf.net\/blog\/wp-content\/uploads\/2024\/05\/les-chutes-de-hauteur-1ere-cause-daccidents-graves-et-mortels-dans-le-btp.jpg","contentUrl":"https:\/\/www.accidentdutravail-idf.net\/blog\/wp-content\/uploads\/2024\/05\/les-chutes-de-hauteur-1ere-cause-daccidents-graves-et-mortels-dans-le-btp.jpg"},{"@type":"BreadcrumbList","@id":"https:\/\/www.accidentdutravail-idf.net\/blog\/les-chutes-de-hauteur-1ere-cause-daccidents-graves-et-mortels-dans-le-btp\/#breadcrumb","itemListElement":[{"@type":"ListItem","position":1,"name":"Accueil","item":"https:\/\/www.accidentdutravail-idf.net\/blog\/"},{"@type":"ListItem","position":2,"name":"Les chutes de hauteur, 1\u00e8re cause d\u2019accidents graves et mortels dans le BTP"}]},{"@type":"WebSite","@id":"https:\/\/www.accidentdutravail-idf.net\/blog\/#website","url":"https:\/\/www.accidentdutravail-idf.net\/blog\/","name":"ACCIDENTDUTRAVAIL-IDF","description":"Portail accidents du travail-maladies professionnelles des entreprises d&#039;Ile-de-France","publisher":{"@id":"https:\/\/www.accidentdutravail-idf.net\/blog\/#organization"},"potentialAction":[{"@type":"SearchAction","target":{"@type":"EntryPoint","urlTemplate":"https:\/\/www.accidentdutravail-idf.net\/blog\/?s={search_term_string}"},"query-input":{"@type":"PropertyValueSpecification","valueRequired":true,"valueName":"search_term_string"}}],"inLanguage":"fr-FR"},{"@type":"Organization","@id":"https:\/\/www.accidentdutravail-idf.net\/blog\/#organization","name":"accidentdutravail-idf","url":"https:\/\/www.accidentdutravail-idf.net\/blog\/","logo":{"@type":"ImageObject","inLanguage":"fr-FR","@id":"https:\/\/www.accidentdutravail-idf.net\/blog\/#\/schema\/logo\/image\/","url":"https:\/\/www.accidentdutravail-idf.net\/blog\/wp-content\/uploads\/2022\/09\/logo-2.png","contentUrl":"https:\/\/www.accidentdutravail-idf.net\/blog\/wp-content\/uploads\/2022\/09\/logo-2.png","width":380,"height":291,"caption":"accidentdutravail-idf"},"image":{"@id":"https:\/\/www.accidentdutravail-idf.net\/blog\/#\/schema\/logo\/image\/"}},{"@type":"Person","@id":"https:\/\/www.accidentdutravail-idf.net\/blog\/#\/schema\/person\/3255d2f970de45e64bd9201f38e7b947","name":"Carlos Poulain","image":{"@type":"ImageObject","inLanguage":"fr-FR","@id":"https:\/\/secure.gravatar.com\/avatar\/b1c2f9d3588e34e91adb093635df64ef4b2381991216be7576466cfcdca4baf3?s=96&d=mm&r=g","url":"https:\/\/secure.gravatar.com\/avatar\/b1c2f9d3588e34e91adb093635df64ef4b2381991216be7576466cfcdca4baf3?s=96&d=mm&r=g","contentUrl":"https:\/\/secure.gravatar.com\/avatar\/b1c2f9d3588e34e91adb093635df64ef4b2381991216be7576466cfcdca4baf3?s=96&d=mm&r=g","caption":"Carlos Poulain"},"url":"https:\/\/www.accidentdutravail-idf.net\/blog\/author\/idfcarlos\/"}]}},"_links":{"self":[{"href":"https:\/\/www.accidentdutravail-idf.net\/blog\/wp-json\/wp\/v2\/posts\/325","targetHints":{"allow":["GET"]}}],"collection":[{"href":"https:\/\/www.accidentdutravail-idf.net\/blog\/wp-json\/wp\/v2\/posts"}],"about":[{"href":"https:\/\/www.accidentdutravail-idf.net\/blog\/wp-json\/wp\/v2\/types\/post"}],"author":[{"embeddable":true,"href":"https:\/\/www.accidentdutravail-idf.net\/blog\/wp-json\/wp\/v2\/users\/2"}],"replies":[{"embeddable":true,"href":"https:\/\/www.accidentdutravail-idf.net\/blog\/wp-json\/wp\/v2\/comments?post=325"}],"version-history":[{"count":0,"href":"https:\/\/www.accidentdutravail-idf.net\/blog\/wp-json\/wp\/v2\/posts\/325\/revisions"}],"wp:attachment":[{"href":"https:\/\/www.accidentdutravail-idf.net\/blog\/wp-json\/wp\/v2\/media?parent=325"}],"wp:term":[{"taxonomy":"category","embeddable":true,"href":"https:\/\/www.accidentdutravail-idf.net\/blog\/wp-json\/wp\/v2\/categories?post=325"},{"taxonomy":"post_tag","embeddable":true,"href":"https:\/\/www.accidentdutravail-idf.net\/blog\/wp-json\/wp\/v2\/tags?post=325"}],"curies":[{"name":"wp","href":"https:\/\/api.w.org\/{rel}","templated":true}]}}