{"id":324,"date":"2024-05-15T07:30:00","date_gmt":"2024-05-15T05:30:00","guid":{"rendered":"https:\/\/www.accidentdutravail-idf.net\/blog\/teletravail-se-coincer-le-pied-dans-sa-chaise-de-bureau-est-il-un-accident-du-travail\/"},"modified":"2024-05-15T07:30:00","modified_gmt":"2024-05-15T05:30:00","slug":"teletravail-se-coincer-le-pied-dans-sa-chaise-de-bureau-est-il-un-accident-du-travail","status":"publish","type":"post","link":"https:\/\/www.accidentdutravail-idf.net\/blog\/teletravail-se-coincer-le-pied-dans-sa-chaise-de-bureau-est-il-un-accident-du-travail\/","title":{"rendered":"T\u00e9l\u00e9travail : se coincer le pied dans sa chaise de bureau est-il un accident du travail"},"content":{"rendered":"<p><strong><\/p>\n<div>\n<p>L&rsquo;impossibilit\u00e9 de d\u00e9terminer la date pr\u00e9cise de l&rsquo;accident et les incoh\u00e9rences dans les explications de la salari\u00e9e quant aux circonstances de l&rsquo;accident ne permettent pas d&rsquo;\u00eatre s\u00fbr que l&rsquo;accident est survenu \u00ab\u00a0au temps et au lieu du travail\u00a0\u00bb. Cet accident ne peut donc pas \u00eatre consid\u00e9r\u00e9 comme un accident du travail.<\/p>\n<\/div>\n<p><\/strong> <\/p>\n<div>\n<p>Le 31 mars 2022, la Caisse primaire d&rsquo;assurance maladie de l&rsquo;Ard\u00e8che (CPAM) a \u00e9tabli pour sa pr\u00e9pos\u00e9e, Mme K., agent administratif, une d\u00e9claration d&rsquo;accident du travail, accident survenu le 30 mars 2022, alors qu&rsquo;elle \u00e9tait en t\u00e9l\u00e9travail. En se levant, elle s&rsquo;est coinc\u00e9e le pied dans sa chaise et s&rsquo;est tordu le genou.<br \/>La CPAM a \u00e9mis des r\u00e9serves sur cet accident relevant qu&rsquo;il n&rsquo;y avait aucun t\u00e9moin et que les circonstances de la torsion du genou n&rsquo;\u00e9taient pas claires.<br \/>Apr\u00e8s enqu\u00eate administrative, la CPAM a refus\u00e9 de prendre en charge l&rsquo;accident du travail au motif qu&rsquo;il \u00ab\u00a0n&rsquo;existe pas de preuve que l&rsquo;accident invoqu\u00e9 se soit produit par le fait ou \u00e0 l&rsquo;occasion du travail, ni m\u00eame de pr\u00e9somptions favorables et concordantes en cette faveur\u00a0\u00bb.<br \/>Mme K. a saisi le juge en contestation de ce refus de prise en charge.<\/p>\n<p>Dans un <strong>arr\u00eat du 25 avril 2024 (<a href=\"https:\/\/www.courdecassation.fr\/decision\/export\/662b43cffe25450008314970\/1\" target=\"_blank\" rel=\"noopener nofollow\">RG n\u00b0 23\/01750<\/a>)<\/strong>, la cour d\u2019appel de N\u00eemes donne raison \u00e0 l&#8217;employeur.<\/p>\n<p>La cour d&rsquo;appel rel\u00e8ve que le certificat m\u00e9dical initial \u00e9tabli par le m\u00e9decin de la salari\u00e9e mentionne une entorse du genou et indique comme date d\u00e9clar\u00e9e de l&rsquo;accident du travail le 30 mars 2022. <br \/><strong>Toutefois,<\/strong> Mme K. soutient que la date du 30 mars 2022 a \u00e9t\u00e9 mentionn\u00e9e par <strong>erreur<\/strong> et que <strong>son accident a eu lieu la veille, 29 mars 2022<\/strong>. Elle fournit des copies d&rsquo;\u00e9cran de discussions avec ses coll\u00e8gues, en date du 29 mars, signalant son accident, ainsi que des attestations de ses coll\u00e8gues destinataires de son message d&rsquo;accident le 29 mars 2022, et une attestation de son mari qui date l&rsquo;accident du 29 mars 2022.<\/p>\n<p>Pour autant, <strong>force est de constater<\/strong> que toutes les pi\u00e8ces m\u00e9dicales, outre les premi\u00e8res d\u00e9clarations de Mme K. et le premier t\u00e9moignage de son mari, <strong>datent l&rsquo;accident au 30 mars 2022.<\/strong><br \/>Mme K. explique qu&rsquo;elle ne consultera son m\u00e9decin traitant que le 1er avril 2022, soit trois jours apr\u00e8s la date d&rsquo;accident qu&rsquo;elle invoque au motif que son m\u00e9decin ne consultait pas le 31 mars 2022 mais <strong>sans expliquer pourquoi<\/strong> elle ne s&rsquo;y serait pas rendu le 30 mars 2022, lendemain de l&rsquo;apparition de la l\u00e9sion selon ses propres d\u00e9clarations.<br \/>Enfin, l&#8217;employeur de Mme K. indique qu&rsquo;elle a \u00e9crit \u00e0 son manager le 31 mars 2022 \u00e0 10h02&nbsp;pour <strong>lui indiquer avoir eu un accident le mercredi 30 mars<\/strong> 2022 vers 14h.<\/p>\n<p>Ces diff\u00e9rents \u00e9l\u00e9ments <strong>ne permettent pas de d\u00e9terminer la date pr\u00e9cise de l&rsquo;accident<\/strong> du travail dont se pr\u00e9vaut Mme K. et <strong>ne permettent pas, par suite, de lui accorder le b\u00e9n\u00e9fice de la pr\u00e9somption d&rsquo;accident du travail<\/strong> d\u00e9finie par l&rsquo;<a href=\"https:\/\/www.legifrance.gouv.fr\/codes\/article_lc\/LEGIARTI000047452603\" target=\"_blank\" rel=\"noopener nofollow\">article L 411-1 du code de la s\u00e9curit\u00e9 sociale<\/a>.<\/p>\n<p>En cons\u00e9quence, <strong>il appartient \u00e0 Mme K. de d\u00e9montrer que sa l\u00e9sion au genou est survenue au temps et au lieu de son travail.<\/strong><br \/>Ceci \u00e9tant, force est de constater que les <strong>multiples divergences<\/strong> tant sur la date de l&rsquo;accident que sur son d\u00e9roulement <strong>interrogent sur les circonstances<\/strong> dans lesquelles il est survenu, et <strong>ces incertitudes ne permettent pas de caract\u00e9riser qu&rsquo;il est survenu au temps et au lieu du travail.<\/strong><\/p>\n<p>Par suite, c&rsquo;est \u00e0 juste titre que la CPAM de l&rsquo;Ard\u00e8che a refus\u00e9 de prendre en charge ce <strong>fait accidentel dont la date et les circonstances demeurent incertaines<\/strong> au titre de la l\u00e9gislation relative aux risques professionnels.<\/p>\n<\/div>\n<p> accidentdutravail-idf.net vous a pr\u00e9par\u00e9 ce post qui informe du sujet \u00ab\u00a0Association Sportive Huisson-Longueville Essonne\u00a0\u00bb. La chronique se veut g\u00e9n\u00e9r\u00e9e du mieux possible. Vous pouvez utiliser les coordonn\u00e9es indiqu\u00e9es sur le site dans le but d\u2019apporter des explications sur ce post qui parle du th\u00e8me \u00ab\u00a0Association Sportive Huisson-Longueville Essonne\u00a0\u00bb. Le site accidentdutravail-idf.net a pour but de fournir diverses publications sur la th\u00e9matique Association Sportive Huisson-Longueville Essonne diffus\u00e9es sur le net. Il y aura plusieurs articles autour du sujet \u00ab\u00a0Association Sportive Huisson-Longueville Essonne\u00a0\u00bb dans quelques jours, nous vous invitons \u00e0 naviguer sur notre site web \u00e0 plusieurs reprises.<\/p>\n","protected":false},"excerpt":{"rendered":"<p>L&rsquo;impossibilit\u00e9 de d\u00e9terminer la date pr\u00e9cise de l&rsquo;accident et les incoh\u00e9rences dans les explications de la salari\u00e9e quant aux circonstances de l&rsquo;accident ne permettent pas d&rsquo;\u00eatre s\u00fbr que l&rsquo;accident est survenu \u00ab\u00a0au temps et au lieu du travail\u00a0\u00bb. Cet accident ne peut donc pas \u00eatre consid\u00e9r\u00e9 comme un accident du travail. Le 31 mars 2022, &hellip; <\/p>\n<p class=\"link-more\"><a href=\"https:\/\/www.accidentdutravail-idf.net\/blog\/teletravail-se-coincer-le-pied-dans-sa-chaise-de-bureau-est-il-un-accident-du-travail\/\" class=\"more-link\">Continuer la lecture <span class=\"screen-reader-text\"> \u00ab\u00a0T\u00e9l\u00e9travail : se coincer le pied dans sa chaise de bureau est-il un accident du travail\u00a0\u00bb<\/span><\/a><\/p>\n","protected":false},"author":2,"featured_media":0,"comment_status":"closed","ping_status":"closed","sticky":false,"template":"","format":"standard","meta":{"footnotes":""},"categories":[5],"tags":[],"class_list":["post-324","post","type-post","status-publish","format-standard","hentry","category-securite-du-travail-en-ile-de-france-et-divers","entry"],"yoast_head":"<!-- This site is optimized with the Yoast SEO plugin v27.5 - https:\/\/yoast.com\/product\/yoast-seo-wordpress\/ -->\n<title>T\u00e9l\u00e9travail : se coincer le pied dans sa chaise de bureau est-il un accident du travail - ACCIDENTDUTRAVAIL-IDF<\/title>\n<meta name=\"description\" content=\"T\u00e9l\u00e9travail : se coincer le pied dans sa chaise de bureau est-il un accident du travail article de ACCIDENTDUTRAVAIL-IDF\" \/>\n<meta name=\"robots\" content=\"index, follow, max-snippet:-1, max-image-preview:large, max-video-preview:-1\" \/>\n<link rel=\"canonical\" href=\"https:\/\/www.accidentdutravail-idf.net\/blog\/teletravail-se-coincer-le-pied-dans-sa-chaise-de-bureau-est-il-un-accident-du-travail\/\" \/>\n<meta property=\"og:locale\" content=\"fr_FR\" \/>\n<meta property=\"og:type\" content=\"article\" \/>\n<meta property=\"og:title\" content=\"T\u00e9l\u00e9travail : se coincer le pied dans sa chaise de bureau est-il un accident du travail - ACCIDENTDUTRAVAIL-IDF\" \/>\n<meta property=\"og:description\" content=\"T\u00e9l\u00e9travail : se coincer le pied dans sa chaise de bureau est-il un accident du travail article de ACCIDENTDUTRAVAIL-IDF\" \/>\n<meta property=\"og:url\" content=\"https:\/\/www.accidentdutravail-idf.net\/blog\/teletravail-se-coincer-le-pied-dans-sa-chaise-de-bureau-est-il-un-accident-du-travail\/\" \/>\n<meta property=\"og:site_name\" content=\"ACCIDENTDUTRAVAIL-IDF\" \/>\n<meta property=\"article:published_time\" content=\"2024-05-15T05:30:00+00:00\" \/>\n<meta name=\"author\" content=\"Carlos Poulain\" \/>\n<meta name=\"twitter:card\" content=\"summary_large_image\" \/>\n<meta name=\"twitter:label1\" content=\"\u00c9crit par\" \/>\n\t<meta name=\"twitter:data1\" content=\"Carlos Poulain\" \/>\n\t<meta name=\"twitter:label2\" content=\"Dur\u00e9e de lecture estim\u00e9e\" \/>\n\t<meta name=\"twitter:data2\" content=\"4 minutes\" \/>\n<script type=\"application\/ld+json\" class=\"yoast-schema-graph\">{\"@context\":\"https:\\\/\\\/schema.org\",\"@graph\":[{\"@type\":\"Article\",\"@id\":\"https:\\\/\\\/www.accidentdutravail-idf.net\\\/blog\\\/teletravail-se-coincer-le-pied-dans-sa-chaise-de-bureau-est-il-un-accident-du-travail\\\/#article\",\"isPartOf\":{\"@id\":\"https:\\\/\\\/www.accidentdutravail-idf.net\\\/blog\\\/teletravail-se-coincer-le-pied-dans-sa-chaise-de-bureau-est-il-un-accident-du-travail\\\/\"},\"author\":{\"name\":\"Carlos Poulain\",\"@id\":\"https:\\\/\\\/www.accidentdutravail-idf.net\\\/blog\\\/#\\\/schema\\\/person\\\/3255d2f970de45e64bd9201f38e7b947\"},\"headline\":\"T\u00e9l\u00e9travail : se coincer le pied dans sa chaise de bureau est-il un accident du travail\",\"datePublished\":\"2024-05-15T05:30:00+00:00\",\"mainEntityOfPage\":{\"@id\":\"https:\\\/\\\/www.accidentdutravail-idf.net\\\/blog\\\/teletravail-se-coincer-le-pied-dans-sa-chaise-de-bureau-est-il-un-accident-du-travail\\\/\"},\"wordCount\":747,\"publisher\":{\"@id\":\"https:\\\/\\\/www.accidentdutravail-idf.net\\\/blog\\\/#organization\"},\"articleSection\":[\"S\u00e9curit\u00e9 Du Travail En Ile-De-France Et Divers:\"],\"inLanguage\":\"fr-FR\"},{\"@type\":\"WebPage\",\"@id\":\"https:\\\/\\\/www.accidentdutravail-idf.net\\\/blog\\\/teletravail-se-coincer-le-pied-dans-sa-chaise-de-bureau-est-il-un-accident-du-travail\\\/\",\"url\":\"https:\\\/\\\/www.accidentdutravail-idf.net\\\/blog\\\/teletravail-se-coincer-le-pied-dans-sa-chaise-de-bureau-est-il-un-accident-du-travail\\\/\",\"name\":\"T\u00e9l\u00e9travail : se coincer le pied dans sa chaise de bureau est-il un accident du travail - ACCIDENTDUTRAVAIL-IDF\",\"isPartOf\":{\"@id\":\"https:\\\/\\\/www.accidentdutravail-idf.net\\\/blog\\\/#website\"},\"datePublished\":\"2024-05-15T05:30:00+00:00\",\"description\":\"T\u00e9l\u00e9travail : se coincer le pied dans sa chaise de bureau est-il un accident du travail article de ACCIDENTDUTRAVAIL-IDF\",\"breadcrumb\":{\"@id\":\"https:\\\/\\\/www.accidentdutravail-idf.net\\\/blog\\\/teletravail-se-coincer-le-pied-dans-sa-chaise-de-bureau-est-il-un-accident-du-travail\\\/#breadcrumb\"},\"inLanguage\":\"fr-FR\",\"potentialAction\":[{\"@type\":\"ReadAction\",\"target\":[\"https:\\\/\\\/www.accidentdutravail-idf.net\\\/blog\\\/teletravail-se-coincer-le-pied-dans-sa-chaise-de-bureau-est-il-un-accident-du-travail\\\/\"]}]},{\"@type\":\"BreadcrumbList\",\"@id\":\"https:\\\/\\\/www.accidentdutravail-idf.net\\\/blog\\\/teletravail-se-coincer-le-pied-dans-sa-chaise-de-bureau-est-il-un-accident-du-travail\\\/#breadcrumb\",\"itemListElement\":[{\"@type\":\"ListItem\",\"position\":1,\"name\":\"Accueil\",\"item\":\"https:\\\/\\\/www.accidentdutravail-idf.net\\\/blog\\\/\"},{\"@type\":\"ListItem\",\"position\":2,\"name\":\"T\u00e9l\u00e9travail : se coincer le pied dans sa chaise de bureau est-il un accident du travail\"}]},{\"@type\":\"WebSite\",\"@id\":\"https:\\\/\\\/www.accidentdutravail-idf.net\\\/blog\\\/#website\",\"url\":\"https:\\\/\\\/www.accidentdutravail-idf.net\\\/blog\\\/\",\"name\":\"ACCIDENTDUTRAVAIL-IDF\",\"description\":\"Portail accidents du travail-maladies professionnelles des entreprises d&#039;Ile-de-France\",\"publisher\":{\"@id\":\"https:\\\/\\\/www.accidentdutravail-idf.net\\\/blog\\\/#organization\"},\"potentialAction\":[{\"@type\":\"SearchAction\",\"target\":{\"@type\":\"EntryPoint\",\"urlTemplate\":\"https:\\\/\\\/www.accidentdutravail-idf.net\\\/blog\\\/?s={search_term_string}\"},\"query-input\":{\"@type\":\"PropertyValueSpecification\",\"valueRequired\":true,\"valueName\":\"search_term_string\"}}],\"inLanguage\":\"fr-FR\"},{\"@type\":\"Organization\",\"@id\":\"https:\\\/\\\/www.accidentdutravail-idf.net\\\/blog\\\/#organization\",\"name\":\"accidentdutravail-idf\",\"url\":\"https:\\\/\\\/www.accidentdutravail-idf.net\\\/blog\\\/\",\"logo\":{\"@type\":\"ImageObject\",\"inLanguage\":\"fr-FR\",\"@id\":\"https:\\\/\\\/www.accidentdutravail-idf.net\\\/blog\\\/#\\\/schema\\\/logo\\\/image\\\/\",\"url\":\"https:\\\/\\\/www.accidentdutravail-idf.net\\\/blog\\\/wp-content\\\/uploads\\\/2022\\\/09\\\/logo-2.png\",\"contentUrl\":\"https:\\\/\\\/www.accidentdutravail-idf.net\\\/blog\\\/wp-content\\\/uploads\\\/2022\\\/09\\\/logo-2.png\",\"width\":380,\"height\":291,\"caption\":\"accidentdutravail-idf\"},\"image\":{\"@id\":\"https:\\\/\\\/www.accidentdutravail-idf.net\\\/blog\\\/#\\\/schema\\\/logo\\\/image\\\/\"}},{\"@type\":\"Person\",\"@id\":\"https:\\\/\\\/www.accidentdutravail-idf.net\\\/blog\\\/#\\\/schema\\\/person\\\/3255d2f970de45e64bd9201f38e7b947\",\"name\":\"Carlos Poulain\",\"image\":{\"@type\":\"ImageObject\",\"inLanguage\":\"fr-FR\",\"@id\":\"https:\\\/\\\/secure.gravatar.com\\\/avatar\\\/b1c2f9d3588e34e91adb093635df64ef4b2381991216be7576466cfcdca4baf3?s=96&d=mm&r=g\",\"url\":\"https:\\\/\\\/secure.gravatar.com\\\/avatar\\\/b1c2f9d3588e34e91adb093635df64ef4b2381991216be7576466cfcdca4baf3?s=96&d=mm&r=g\",\"contentUrl\":\"https:\\\/\\\/secure.gravatar.com\\\/avatar\\\/b1c2f9d3588e34e91adb093635df64ef4b2381991216be7576466cfcdca4baf3?s=96&d=mm&r=g\",\"caption\":\"Carlos Poulain\"},\"url\":\"https:\\\/\\\/www.accidentdutravail-idf.net\\\/blog\\\/author\\\/idfcarlos\\\/\"}]}<\/script>\n<!-- \/ Yoast SEO plugin. -->","yoast_head_json":{"title":"T\u00e9l\u00e9travail : se coincer le pied dans sa chaise de bureau est-il un accident du travail - ACCIDENTDUTRAVAIL-IDF","description":"T\u00e9l\u00e9travail : se coincer le pied dans sa chaise de bureau est-il un accident du travail article de ACCIDENTDUTRAVAIL-IDF","robots":{"index":"index","follow":"follow","max-snippet":"max-snippet:-1","max-image-preview":"max-image-preview:large","max-video-preview":"max-video-preview:-1"},"canonical":"https:\/\/www.accidentdutravail-idf.net\/blog\/teletravail-se-coincer-le-pied-dans-sa-chaise-de-bureau-est-il-un-accident-du-travail\/","og_locale":"fr_FR","og_type":"article","og_title":"T\u00e9l\u00e9travail : se coincer le pied dans sa chaise de bureau est-il un accident du travail - ACCIDENTDUTRAVAIL-IDF","og_description":"T\u00e9l\u00e9travail : se coincer le pied dans sa chaise de bureau est-il un accident du travail article de ACCIDENTDUTRAVAIL-IDF","og_url":"https:\/\/www.accidentdutravail-idf.net\/blog\/teletravail-se-coincer-le-pied-dans-sa-chaise-de-bureau-est-il-un-accident-du-travail\/","og_site_name":"ACCIDENTDUTRAVAIL-IDF","article_published_time":"2024-05-15T05:30:00+00:00","author":"Carlos Poulain","twitter_card":"summary_large_image","twitter_misc":{"\u00c9crit par":"Carlos Poulain","Dur\u00e9e de lecture estim\u00e9e":"4 minutes"},"schema":{"@context":"https:\/\/schema.org","@graph":[{"@type":"Article","@id":"https:\/\/www.accidentdutravail-idf.net\/blog\/teletravail-se-coincer-le-pied-dans-sa-chaise-de-bureau-est-il-un-accident-du-travail\/#article","isPartOf":{"@id":"https:\/\/www.accidentdutravail-idf.net\/blog\/teletravail-se-coincer-le-pied-dans-sa-chaise-de-bureau-est-il-un-accident-du-travail\/"},"author":{"name":"Carlos Poulain","@id":"https:\/\/www.accidentdutravail-idf.net\/blog\/#\/schema\/person\/3255d2f970de45e64bd9201f38e7b947"},"headline":"T\u00e9l\u00e9travail : se coincer le pied dans sa chaise de bureau est-il un accident du travail","datePublished":"2024-05-15T05:30:00+00:00","mainEntityOfPage":{"@id":"https:\/\/www.accidentdutravail-idf.net\/blog\/teletravail-se-coincer-le-pied-dans-sa-chaise-de-bureau-est-il-un-accident-du-travail\/"},"wordCount":747,"publisher":{"@id":"https:\/\/www.accidentdutravail-idf.net\/blog\/#organization"},"articleSection":["S\u00e9curit\u00e9 Du Travail En Ile-De-France Et Divers:"],"inLanguage":"fr-FR"},{"@type":"WebPage","@id":"https:\/\/www.accidentdutravail-idf.net\/blog\/teletravail-se-coincer-le-pied-dans-sa-chaise-de-bureau-est-il-un-accident-du-travail\/","url":"https:\/\/www.accidentdutravail-idf.net\/blog\/teletravail-se-coincer-le-pied-dans-sa-chaise-de-bureau-est-il-un-accident-du-travail\/","name":"T\u00e9l\u00e9travail : se coincer le pied dans sa chaise de bureau est-il un accident du travail - ACCIDENTDUTRAVAIL-IDF","isPartOf":{"@id":"https:\/\/www.accidentdutravail-idf.net\/blog\/#website"},"datePublished":"2024-05-15T05:30:00+00:00","description":"T\u00e9l\u00e9travail : se coincer le pied dans sa chaise de bureau est-il un accident du travail article de ACCIDENTDUTRAVAIL-IDF","breadcrumb":{"@id":"https:\/\/www.accidentdutravail-idf.net\/blog\/teletravail-se-coincer-le-pied-dans-sa-chaise-de-bureau-est-il-un-accident-du-travail\/#breadcrumb"},"inLanguage":"fr-FR","potentialAction":[{"@type":"ReadAction","target":["https:\/\/www.accidentdutravail-idf.net\/blog\/teletravail-se-coincer-le-pied-dans-sa-chaise-de-bureau-est-il-un-accident-du-travail\/"]}]},{"@type":"BreadcrumbList","@id":"https:\/\/www.accidentdutravail-idf.net\/blog\/teletravail-se-coincer-le-pied-dans-sa-chaise-de-bureau-est-il-un-accident-du-travail\/#breadcrumb","itemListElement":[{"@type":"ListItem","position":1,"name":"Accueil","item":"https:\/\/www.accidentdutravail-idf.net\/blog\/"},{"@type":"ListItem","position":2,"name":"T\u00e9l\u00e9travail : se coincer le pied dans sa chaise de bureau est-il un accident du travail"}]},{"@type":"WebSite","@id":"https:\/\/www.accidentdutravail-idf.net\/blog\/#website","url":"https:\/\/www.accidentdutravail-idf.net\/blog\/","name":"ACCIDENTDUTRAVAIL-IDF","description":"Portail accidents du travail-maladies professionnelles des entreprises d&#039;Ile-de-France","publisher":{"@id":"https:\/\/www.accidentdutravail-idf.net\/blog\/#organization"},"potentialAction":[{"@type":"SearchAction","target":{"@type":"EntryPoint","urlTemplate":"https:\/\/www.accidentdutravail-idf.net\/blog\/?s={search_term_string}"},"query-input":{"@type":"PropertyValueSpecification","valueRequired":true,"valueName":"search_term_string"}}],"inLanguage":"fr-FR"},{"@type":"Organization","@id":"https:\/\/www.accidentdutravail-idf.net\/blog\/#organization","name":"accidentdutravail-idf","url":"https:\/\/www.accidentdutravail-idf.net\/blog\/","logo":{"@type":"ImageObject","inLanguage":"fr-FR","@id":"https:\/\/www.accidentdutravail-idf.net\/blog\/#\/schema\/logo\/image\/","url":"https:\/\/www.accidentdutravail-idf.net\/blog\/wp-content\/uploads\/2022\/09\/logo-2.png","contentUrl":"https:\/\/www.accidentdutravail-idf.net\/blog\/wp-content\/uploads\/2022\/09\/logo-2.png","width":380,"height":291,"caption":"accidentdutravail-idf"},"image":{"@id":"https:\/\/www.accidentdutravail-idf.net\/blog\/#\/schema\/logo\/image\/"}},{"@type":"Person","@id":"https:\/\/www.accidentdutravail-idf.net\/blog\/#\/schema\/person\/3255d2f970de45e64bd9201f38e7b947","name":"Carlos Poulain","image":{"@type":"ImageObject","inLanguage":"fr-FR","@id":"https:\/\/secure.gravatar.com\/avatar\/b1c2f9d3588e34e91adb093635df64ef4b2381991216be7576466cfcdca4baf3?s=96&d=mm&r=g","url":"https:\/\/secure.gravatar.com\/avatar\/b1c2f9d3588e34e91adb093635df64ef4b2381991216be7576466cfcdca4baf3?s=96&d=mm&r=g","contentUrl":"https:\/\/secure.gravatar.com\/avatar\/b1c2f9d3588e34e91adb093635df64ef4b2381991216be7576466cfcdca4baf3?s=96&d=mm&r=g","caption":"Carlos Poulain"},"url":"https:\/\/www.accidentdutravail-idf.net\/blog\/author\/idfcarlos\/"}]}},"_links":{"self":[{"href":"https:\/\/www.accidentdutravail-idf.net\/blog\/wp-json\/wp\/v2\/posts\/324","targetHints":{"allow":["GET"]}}],"collection":[{"href":"https:\/\/www.accidentdutravail-idf.net\/blog\/wp-json\/wp\/v2\/posts"}],"about":[{"href":"https:\/\/www.accidentdutravail-idf.net\/blog\/wp-json\/wp\/v2\/types\/post"}],"author":[{"embeddable":true,"href":"https:\/\/www.accidentdutravail-idf.net\/blog\/wp-json\/wp\/v2\/users\/2"}],"replies":[{"embeddable":true,"href":"https:\/\/www.accidentdutravail-idf.net\/blog\/wp-json\/wp\/v2\/comments?post=324"}],"version-history":[{"count":0,"href":"https:\/\/www.accidentdutravail-idf.net\/blog\/wp-json\/wp\/v2\/posts\/324\/revisions"}],"wp:attachment":[{"href":"https:\/\/www.accidentdutravail-idf.net\/blog\/wp-json\/wp\/v2\/media?parent=324"}],"wp:term":[{"taxonomy":"category","embeddable":true,"href":"https:\/\/www.accidentdutravail-idf.net\/blog\/wp-json\/wp\/v2\/categories?post=324"},{"taxonomy":"post_tag","embeddable":true,"href":"https:\/\/www.accidentdutravail-idf.net\/blog\/wp-json\/wp\/v2\/tags?post=324"}],"curies":[{"name":"wp","href":"https:\/\/api.w.org\/{rel}","templated":true}]}}