{"id":321,"date":"2024-05-14T23:59:00","date_gmt":"2024-05-14T21:59:00","guid":{"rendered":"https:\/\/www.accidentdutravail-idf.net\/blog\/cop-du-travail-lillusion-de-la-semaine-de-quatre-jours\/"},"modified":"2024-05-14T23:59:00","modified_gmt":"2024-05-14T21:59:00","slug":"cop-du-travail-lillusion-de-la-semaine-de-quatre-jours","status":"publish","type":"post","link":"https:\/\/www.accidentdutravail-idf.net\/blog\/cop-du-travail-lillusion-de-la-semaine-de-quatre-jours\/","title":{"rendered":"COP du travail : l\u2019illusion de la semaine de quatre jours"},"content":{"rendered":"<div><img decoding=\"async\" src=\"https:\/\/www.accidentdutravail-idf.net\/blog\/wp-content\/uploads\/2024\/05\/cop-du-travail-lillusion-de-la-semaine-de-quatre-jours.webp\" class=\"ff-og-image-inserted\"><\/div>\n<p>C\u2019est une petite pr\u00e9position qui fait toute la diff\u00e9rence. Une <em>\u201cambigu\u00eft\u00e9 s\u00e9mantique<\/em>\u201d comme l\u2019\u00e9crit dans une tribune la docteure en philosophie politique, Fanny Lederlin. Lors de son passage au 20h de TF1 le 27 mars dernier, le Premier ministre Gabriel Attal a annonc\u00e9 une large exp\u00e9rimentation de la <em>\u201csemaine en quatre jours\u201d<\/em>. Une mesure qui<em> \u201cn\u2019\u00e9tait pas dans le programme\u201d<\/em> du Pr\u00e9sident Emmanuel Macron et qui porte la patte du Premier ministre. Ce dernier souhaite m\u00eame lancer une <em>\u201cCOP du travail\u201d<\/em> selon FranceInfo.<\/p>\n<p>L\u2019eurod\u00e9put\u00e9 Pierre Larrouturou peut-il enfin sortir les cotillons ? Le fondateur de Nouvelle Donne pr\u00f4ne en effet depuis plusieurs d\u00e9cennies la mise en place d\u2019une semaine de 4 jours. Mais patatras, la pr\u00e9position n\u2019est pas la m\u00eame. Quand Pierre Larrouturou \u00e9voque une semaine de 4 jours, Gabriel Attal d\u00e9fend la semaine en 4 jours. Or la semaine de 4 jours renvoie \u00e0 une r\u00e9duction du temps de travail \u00e0 32h quand la semaine EN quatre jours \u00e9voque un maintien aux 35h. Deux projets qui semblent <em>\u201cantinomiques\u201d<\/em>, pointe St\u00e9phanie Treillet, des Economistes Atterr\u00e9s, interrog\u00e9e par Novethic.<\/p>\n<h2><em>\u201cLa semaine en quatre jours, c\u2019est 8h-20h\u201d<\/em><\/h2>\n<p><em>\u201cLa semaine en quatre jours n\u2019est pas tr\u00e8s populaire, elle suppose une journ\u00e9e \u00e0 rallonge. En comptant le temps de trajet on part de chez soi \u00e0 8h pour revenir \u00e0 20h. Pour la coordination vie priv\u00e9e, vie professionnelle, c\u2019est trop compliqu\u00e9\u201d,<\/em> d\u00e9crypte le directeur \u00e0 l\u2019Observatoire fran\u00e7ais des conjonctures \u00e9conomiques, Eric Hayer. Plusieurs syndicats y sont d\u2019ailleurs oppos\u00e9s dont la CGT. <em>\u201cCaser en quatre jours ce qu\u2019on fait habituellement en cinq jours de travail conduit \u00e0 intensifier le rythme\u201d<\/em>, \u00e9crit le syndicat dans un communiqu\u00e9.<\/p>\n<p>La CGT d\u00e9fend, elle, les 32h hebdomadaires. Mais sa mise en place rencontre de nombreux freins. En premier lieu, les organisations patronales qui sont plut\u00f4t frileuses \u00e0 ce sujet. Leur cheval de bataille : emp\u00eacher toute loi sur la question. Le Medef pr\u00f4ne ainsi<em> \u201cune libert\u00e9 des entreprises de d\u00e9cider \u00e0 leur niveau en privil\u00e9giant la voie du dialogue social\u201d.&nbsp;<\/em><\/p>\n<h2><em>\u201cLes Fran\u00e7ais ne s\u2019\u00e9panouissent pas au travail\u201d<\/em><\/h2>\n<p><em>\u201cLa semaine de 32h est une revendication qui s\u2019inscrit dans un mouvement historique. On est pass\u00e9 \u00e0 la semaine de 40h, puis 39h et enfin 35h m\u00eame si les modalit\u00e9s d\u2019applications la limitent. On travaille aujourd\u2019hui un mi-temps par rapport au milieu du XIX\u00e8me\u201d<\/em>, indique-t-elle. <em>\u201cSi on travaillait comme \u00e0 cette \u00e9poque-l\u00e0, il y aurait 40 millions de ch\u00f4meurs en France\u201d.<\/em> Un argument repris par les d\u00e9fenseurs de la semaine de 4 jours qui \u00e9voquent comme b\u00e9n\u00e9fice une hausse des emplois.<\/p>\n<p>D\u2019autant que la semaine de 32h est particuli\u00e8rement pl\u00e9biscit\u00e9e aujourd\u2019hui. Il faut dire que le march\u00e9 du travail traverse une zone de turbulences. Interrog\u00e9 par Novethic, l\u2019\u00e9conomiste Eric Hayer pointe ainsi <em>\u201cbeaucoup de d\u00e9missions\u201d<\/em> dont la \u201c<em>raison num\u00e9ro 1 est l\u2019am\u00e9lioration des conditions de travail.\u201d \u201cIl faut comprendre comment on r\u00e9pond \u00e0 la crise de la valeur travail en France. Ce n\u2019est pas que les Fran\u00e7ais ne veulent pas travailler, c\u2019est qu\u2019ils ne s\u2019\u00e9panouissent pas au travail\u201d<\/em>, d\u00e9crypte-t-il.<em> \u201cIl faut r\u00e9fl\u00e9chir \u00e0 de nouvelles organisations du travail, la semaine de 4 jours est une possibilit\u00e9\u201d.<\/em><\/p>\n<h2>100% des chefs d\u2019entreprises satisfaits<\/h2>\n<p>Et les exp\u00e9rimentations sont plut\u00f4t positives. Pendant un an, 61 entreprises britanniques se sont lanc\u00e9es. Fin f\u00e9vrier, Autonomy, l\u2019organisme en charge de l\u2019initiative, a rendu ses conclusions. Finalement, 56 des 61 entreprises ont adopt\u00e9 ce rythme de travail, 100 % des chefs d\u2019entreprises se d\u00e9clarent satisfaits, 96 % des salari\u00e9s ont observ\u00e9 un impact positif sur leur vie, 39 % se disent moins stress\u00e9s et 46 % moins fatigu\u00e9s. Si le Royaume-Uni fait figure de laboratoire, plusieurs pays europ\u00e9ens se penchent sur la question. L\u2019Islande et la Belgique proposent ainsi une semaine en quatre jours quand le Portugal, l\u2019Espagne et l\u2019Allemagne testent eux la semaine de 32h en quatre jours, signe d\u2019un certain attrait.<\/p>\n<p>En attendant plusieurs entreprises fran\u00e7aises se sont lanc\u00e9es, sans attendre de loi. L\u2019entreprise Lita, qui permet aux citoyens d\u2019investir directement dans des projets \u00e0 impact social et environnemental est pass\u00e9e depuis le 2 avril dernier \u00e0 la semaine de 4 jours. 80 % des salari\u00e9s sont off le vendredi et 20 % le mercredi. <em>\u201cL\u2019objectif est de lib\u00e9rer du temps pour des activit\u00e9s non mercantiles\u201d,<\/em> \u00e9crit Eva Sadoun, la cofondatrice.<\/p>\n<p>accidentdutravail-idf.net vous a pr\u00e9par\u00e9 ce post qui informe du sujet \u00ab\u00a0Association Sportive Huisson-Longueville Essonne\u00a0\u00bb. La chronique se veut g\u00e9n\u00e9r\u00e9e du mieux possible. Vous pouvez utiliser les coordonn\u00e9es indiqu\u00e9es sur le site dans le but d\u2019apporter des explications sur ce post qui parle du th\u00e8me \u00ab\u00a0Association Sportive Huisson-Longueville Essonne\u00a0\u00bb. Le site accidentdutravail-idf.net a pour but de fournir diverses publications sur la th\u00e9matique Association Sportive Huisson-Longueville Essonne diffus\u00e9es sur le net. Il y aura plusieurs articles autour du sujet \u00ab\u00a0Association Sportive Huisson-Longueville Essonne\u00a0\u00bb dans quelques jours, nous vous invitons \u00e0 naviguer sur notre site web \u00e0 plusieurs reprises.<\/p>\n","protected":false},"excerpt":{"rendered":"<p>C\u2019est une petite pr\u00e9position qui fait toute la diff\u00e9rence. Une \u201cambigu\u00eft\u00e9 s\u00e9mantique\u201d comme l\u2019\u00e9crit dans une tribune la docteure en philosophie politique, Fanny Lederlin. Lors de son passage au 20h de TF1 le 27 mars dernier, le Premier ministre Gabriel Attal a annonc\u00e9 une large exp\u00e9rimentation de la \u201csemaine en quatre jours\u201d. Une mesure qui &hellip; <\/p>\n<p class=\"link-more\"><a href=\"https:\/\/www.accidentdutravail-idf.net\/blog\/cop-du-travail-lillusion-de-la-semaine-de-quatre-jours\/\" class=\"more-link\">Continuer la lecture <span class=\"screen-reader-text\"> \u00ab\u00a0COP du travail : l\u2019illusion de la semaine de quatre jours\u00a0\u00bb<\/span><\/a><\/p>\n","protected":false},"author":2,"featured_media":0,"comment_status":"closed","ping_status":"closed","sticky":false,"template":"","format":"standard","meta":{"footnotes":""},"categories":[5],"tags":[],"class_list":["post-321","post","type-post","status-publish","format-standard","hentry","category-securite-du-travail-en-ile-de-france-et-divers","entry"],"yoast_head":"<!-- This site is optimized with the Yoast SEO plugin v27.5 - https:\/\/yoast.com\/product\/yoast-seo-wordpress\/ -->\n<title>COP du travail : l\u2019illusion de la semaine de quatre jours - ACCIDENTDUTRAVAIL-IDF<\/title>\n<meta name=\"description\" content=\"COP du travail : l\u2019illusion de la semaine de quatre jours article de ACCIDENTDUTRAVAIL-IDF\" \/>\n<meta name=\"robots\" content=\"index, follow, max-snippet:-1, max-image-preview:large, max-video-preview:-1\" \/>\n<link rel=\"canonical\" href=\"https:\/\/www.accidentdutravail-idf.net\/blog\/cop-du-travail-lillusion-de-la-semaine-de-quatre-jours\/\" \/>\n<meta property=\"og:locale\" content=\"fr_FR\" \/>\n<meta property=\"og:type\" content=\"article\" \/>\n<meta property=\"og:title\" content=\"COP du travail : l\u2019illusion de la semaine de quatre jours - ACCIDENTDUTRAVAIL-IDF\" \/>\n<meta property=\"og:description\" content=\"COP du travail : l\u2019illusion de la semaine de quatre jours article de ACCIDENTDUTRAVAIL-IDF\" \/>\n<meta property=\"og:url\" content=\"https:\/\/www.accidentdutravail-idf.net\/blog\/cop-du-travail-lillusion-de-la-semaine-de-quatre-jours\/\" \/>\n<meta property=\"og:site_name\" content=\"ACCIDENTDUTRAVAIL-IDF\" \/>\n<meta property=\"article:published_time\" content=\"2024-05-14T21:59:00+00:00\" \/>\n<meta property=\"og:image\" content=\"https:\/\/www.accidentdutravail-idf.net\/blog\/wp-content\/uploads\/2024\/05\/cop-du-travail-lillusion-de-la-semaine-de-quatre-jours.webp\" \/>\n<meta name=\"author\" content=\"Carlos Poulain\" \/>\n<meta name=\"twitter:card\" content=\"summary_large_image\" \/>\n<meta name=\"twitter:label1\" content=\"\u00c9crit par\" \/>\n\t<meta name=\"twitter:data1\" content=\"Carlos Poulain\" \/>\n\t<meta name=\"twitter:label2\" content=\"Dur\u00e9e de lecture estim\u00e9e\" \/>\n\t<meta name=\"twitter:data2\" content=\"4 minutes\" \/>\n<script type=\"application\/ld+json\" class=\"yoast-schema-graph\">{\"@context\":\"https:\\\/\\\/schema.org\",\"@graph\":[{\"@type\":\"Article\",\"@id\":\"https:\\\/\\\/www.accidentdutravail-idf.net\\\/blog\\\/cop-du-travail-lillusion-de-la-semaine-de-quatre-jours\\\/#article\",\"isPartOf\":{\"@id\":\"https:\\\/\\\/www.accidentdutravail-idf.net\\\/blog\\\/cop-du-travail-lillusion-de-la-semaine-de-quatre-jours\\\/\"},\"author\":{\"name\":\"Carlos Poulain\",\"@id\":\"https:\\\/\\\/www.accidentdutravail-idf.net\\\/blog\\\/#\\\/schema\\\/person\\\/3255d2f970de45e64bd9201f38e7b947\"},\"headline\":\"COP du travail : l\u2019illusion de la semaine de quatre jours\",\"datePublished\":\"2024-05-14T21:59:00+00:00\",\"mainEntityOfPage\":{\"@id\":\"https:\\\/\\\/www.accidentdutravail-idf.net\\\/blog\\\/cop-du-travail-lillusion-de-la-semaine-de-quatre-jours\\\/\"},\"wordCount\":876,\"publisher\":{\"@id\":\"https:\\\/\\\/www.accidentdutravail-idf.net\\\/blog\\\/#organization\"},\"image\":{\"@id\":\"https:\\\/\\\/www.accidentdutravail-idf.net\\\/blog\\\/cop-du-travail-lillusion-de-la-semaine-de-quatre-jours\\\/#primaryimage\"},\"thumbnailUrl\":\"https:\\\/\\\/www.accidentdutravail-idf.net\\\/blog\\\/wp-content\\\/uploads\\\/2024\\\/05\\\/cop-du-travail-lillusion-de-la-semaine-de-quatre-jours.webp\",\"articleSection\":[\"S\u00e9curit\u00e9 Du Travail En Ile-De-France Et Divers:\"],\"inLanguage\":\"fr-FR\"},{\"@type\":\"WebPage\",\"@id\":\"https:\\\/\\\/www.accidentdutravail-idf.net\\\/blog\\\/cop-du-travail-lillusion-de-la-semaine-de-quatre-jours\\\/\",\"url\":\"https:\\\/\\\/www.accidentdutravail-idf.net\\\/blog\\\/cop-du-travail-lillusion-de-la-semaine-de-quatre-jours\\\/\",\"name\":\"COP du travail : l\u2019illusion de la semaine de quatre jours - ACCIDENTDUTRAVAIL-IDF\",\"isPartOf\":{\"@id\":\"https:\\\/\\\/www.accidentdutravail-idf.net\\\/blog\\\/#website\"},\"primaryImageOfPage\":{\"@id\":\"https:\\\/\\\/www.accidentdutravail-idf.net\\\/blog\\\/cop-du-travail-lillusion-de-la-semaine-de-quatre-jours\\\/#primaryimage\"},\"image\":{\"@id\":\"https:\\\/\\\/www.accidentdutravail-idf.net\\\/blog\\\/cop-du-travail-lillusion-de-la-semaine-de-quatre-jours\\\/#primaryimage\"},\"thumbnailUrl\":\"https:\\\/\\\/www.accidentdutravail-idf.net\\\/blog\\\/wp-content\\\/uploads\\\/2024\\\/05\\\/cop-du-travail-lillusion-de-la-semaine-de-quatre-jours.webp\",\"datePublished\":\"2024-05-14T21:59:00+00:00\",\"description\":\"COP du travail : l\u2019illusion de la semaine de quatre jours article de ACCIDENTDUTRAVAIL-IDF\",\"breadcrumb\":{\"@id\":\"https:\\\/\\\/www.accidentdutravail-idf.net\\\/blog\\\/cop-du-travail-lillusion-de-la-semaine-de-quatre-jours\\\/#breadcrumb\"},\"inLanguage\":\"fr-FR\",\"potentialAction\":[{\"@type\":\"ReadAction\",\"target\":[\"https:\\\/\\\/www.accidentdutravail-idf.net\\\/blog\\\/cop-du-travail-lillusion-de-la-semaine-de-quatre-jours\\\/\"]}]},{\"@type\":\"ImageObject\",\"inLanguage\":\"fr-FR\",\"@id\":\"https:\\\/\\\/www.accidentdutravail-idf.net\\\/blog\\\/cop-du-travail-lillusion-de-la-semaine-de-quatre-jours\\\/#primaryimage\",\"url\":\"https:\\\/\\\/www.accidentdutravail-idf.net\\\/blog\\\/wp-content\\\/uploads\\\/2024\\\/05\\\/cop-du-travail-lillusion-de-la-semaine-de-quatre-jours.webp\",\"contentUrl\":\"https:\\\/\\\/www.accidentdutravail-idf.net\\\/blog\\\/wp-content\\\/uploads\\\/2024\\\/05\\\/cop-du-travail-lillusion-de-la-semaine-de-quatre-jours.webp\"},{\"@type\":\"BreadcrumbList\",\"@id\":\"https:\\\/\\\/www.accidentdutravail-idf.net\\\/blog\\\/cop-du-travail-lillusion-de-la-semaine-de-quatre-jours\\\/#breadcrumb\",\"itemListElement\":[{\"@type\":\"ListItem\",\"position\":1,\"name\":\"Accueil\",\"item\":\"https:\\\/\\\/www.accidentdutravail-idf.net\\\/blog\\\/\"},{\"@type\":\"ListItem\",\"position\":2,\"name\":\"COP du travail : l\u2019illusion de la semaine de quatre jours\"}]},{\"@type\":\"WebSite\",\"@id\":\"https:\\\/\\\/www.accidentdutravail-idf.net\\\/blog\\\/#website\",\"url\":\"https:\\\/\\\/www.accidentdutravail-idf.net\\\/blog\\\/\",\"name\":\"ACCIDENTDUTRAVAIL-IDF\",\"description\":\"Portail accidents du travail-maladies professionnelles des entreprises d&#039;Ile-de-France\",\"publisher\":{\"@id\":\"https:\\\/\\\/www.accidentdutravail-idf.net\\\/blog\\\/#organization\"},\"potentialAction\":[{\"@type\":\"SearchAction\",\"target\":{\"@type\":\"EntryPoint\",\"urlTemplate\":\"https:\\\/\\\/www.accidentdutravail-idf.net\\\/blog\\\/?s={search_term_string}\"},\"query-input\":{\"@type\":\"PropertyValueSpecification\",\"valueRequired\":true,\"valueName\":\"search_term_string\"}}],\"inLanguage\":\"fr-FR\"},{\"@type\":\"Organization\",\"@id\":\"https:\\\/\\\/www.accidentdutravail-idf.net\\\/blog\\\/#organization\",\"name\":\"accidentdutravail-idf\",\"url\":\"https:\\\/\\\/www.accidentdutravail-idf.net\\\/blog\\\/\",\"logo\":{\"@type\":\"ImageObject\",\"inLanguage\":\"fr-FR\",\"@id\":\"https:\\\/\\\/www.accidentdutravail-idf.net\\\/blog\\\/#\\\/schema\\\/logo\\\/image\\\/\",\"url\":\"https:\\\/\\\/www.accidentdutravail-idf.net\\\/blog\\\/wp-content\\\/uploads\\\/2022\\\/09\\\/logo-2.png\",\"contentUrl\":\"https:\\\/\\\/www.accidentdutravail-idf.net\\\/blog\\\/wp-content\\\/uploads\\\/2022\\\/09\\\/logo-2.png\",\"width\":380,\"height\":291,\"caption\":\"accidentdutravail-idf\"},\"image\":{\"@id\":\"https:\\\/\\\/www.accidentdutravail-idf.net\\\/blog\\\/#\\\/schema\\\/logo\\\/image\\\/\"}},{\"@type\":\"Person\",\"@id\":\"https:\\\/\\\/www.accidentdutravail-idf.net\\\/blog\\\/#\\\/schema\\\/person\\\/3255d2f970de45e64bd9201f38e7b947\",\"name\":\"Carlos Poulain\",\"image\":{\"@type\":\"ImageObject\",\"inLanguage\":\"fr-FR\",\"@id\":\"https:\\\/\\\/secure.gravatar.com\\\/avatar\\\/b1c2f9d3588e34e91adb093635df64ef4b2381991216be7576466cfcdca4baf3?s=96&d=mm&r=g\",\"url\":\"https:\\\/\\\/secure.gravatar.com\\\/avatar\\\/b1c2f9d3588e34e91adb093635df64ef4b2381991216be7576466cfcdca4baf3?s=96&d=mm&r=g\",\"contentUrl\":\"https:\\\/\\\/secure.gravatar.com\\\/avatar\\\/b1c2f9d3588e34e91adb093635df64ef4b2381991216be7576466cfcdca4baf3?s=96&d=mm&r=g\",\"caption\":\"Carlos Poulain\"},\"url\":\"https:\\\/\\\/www.accidentdutravail-idf.net\\\/blog\\\/author\\\/idfcarlos\\\/\"}]}<\/script>\n<!-- \/ Yoast SEO plugin. -->","yoast_head_json":{"title":"COP du travail : l\u2019illusion de la semaine de quatre jours - ACCIDENTDUTRAVAIL-IDF","description":"COP du travail : l\u2019illusion de la semaine de quatre jours article de ACCIDENTDUTRAVAIL-IDF","robots":{"index":"index","follow":"follow","max-snippet":"max-snippet:-1","max-image-preview":"max-image-preview:large","max-video-preview":"max-video-preview:-1"},"canonical":"https:\/\/www.accidentdutravail-idf.net\/blog\/cop-du-travail-lillusion-de-la-semaine-de-quatre-jours\/","og_locale":"fr_FR","og_type":"article","og_title":"COP du travail : l\u2019illusion de la semaine de quatre jours - ACCIDENTDUTRAVAIL-IDF","og_description":"COP du travail : l\u2019illusion de la semaine de quatre jours article de ACCIDENTDUTRAVAIL-IDF","og_url":"https:\/\/www.accidentdutravail-idf.net\/blog\/cop-du-travail-lillusion-de-la-semaine-de-quatre-jours\/","og_site_name":"ACCIDENTDUTRAVAIL-IDF","article_published_time":"2024-05-14T21:59:00+00:00","og_image":[{"url":"https:\/\/www.accidentdutravail-idf.net\/blog\/wp-content\/uploads\/2024\/05\/cop-du-travail-lillusion-de-la-semaine-de-quatre-jours.webp","type":"","width":"","height":""}],"author":"Carlos Poulain","twitter_card":"summary_large_image","twitter_misc":{"\u00c9crit par":"Carlos Poulain","Dur\u00e9e de lecture estim\u00e9e":"4 minutes"},"schema":{"@context":"https:\/\/schema.org","@graph":[{"@type":"Article","@id":"https:\/\/www.accidentdutravail-idf.net\/blog\/cop-du-travail-lillusion-de-la-semaine-de-quatre-jours\/#article","isPartOf":{"@id":"https:\/\/www.accidentdutravail-idf.net\/blog\/cop-du-travail-lillusion-de-la-semaine-de-quatre-jours\/"},"author":{"name":"Carlos Poulain","@id":"https:\/\/www.accidentdutravail-idf.net\/blog\/#\/schema\/person\/3255d2f970de45e64bd9201f38e7b947"},"headline":"COP du travail : l\u2019illusion de la semaine de quatre jours","datePublished":"2024-05-14T21:59:00+00:00","mainEntityOfPage":{"@id":"https:\/\/www.accidentdutravail-idf.net\/blog\/cop-du-travail-lillusion-de-la-semaine-de-quatre-jours\/"},"wordCount":876,"publisher":{"@id":"https:\/\/www.accidentdutravail-idf.net\/blog\/#organization"},"image":{"@id":"https:\/\/www.accidentdutravail-idf.net\/blog\/cop-du-travail-lillusion-de-la-semaine-de-quatre-jours\/#primaryimage"},"thumbnailUrl":"https:\/\/www.accidentdutravail-idf.net\/blog\/wp-content\/uploads\/2024\/05\/cop-du-travail-lillusion-de-la-semaine-de-quatre-jours.webp","articleSection":["S\u00e9curit\u00e9 Du Travail En Ile-De-France Et Divers:"],"inLanguage":"fr-FR"},{"@type":"WebPage","@id":"https:\/\/www.accidentdutravail-idf.net\/blog\/cop-du-travail-lillusion-de-la-semaine-de-quatre-jours\/","url":"https:\/\/www.accidentdutravail-idf.net\/blog\/cop-du-travail-lillusion-de-la-semaine-de-quatre-jours\/","name":"COP du travail : l\u2019illusion de la semaine de quatre jours - ACCIDENTDUTRAVAIL-IDF","isPartOf":{"@id":"https:\/\/www.accidentdutravail-idf.net\/blog\/#website"},"primaryImageOfPage":{"@id":"https:\/\/www.accidentdutravail-idf.net\/blog\/cop-du-travail-lillusion-de-la-semaine-de-quatre-jours\/#primaryimage"},"image":{"@id":"https:\/\/www.accidentdutravail-idf.net\/blog\/cop-du-travail-lillusion-de-la-semaine-de-quatre-jours\/#primaryimage"},"thumbnailUrl":"https:\/\/www.accidentdutravail-idf.net\/blog\/wp-content\/uploads\/2024\/05\/cop-du-travail-lillusion-de-la-semaine-de-quatre-jours.webp","datePublished":"2024-05-14T21:59:00+00:00","description":"COP du travail : l\u2019illusion de la semaine de quatre jours article de ACCIDENTDUTRAVAIL-IDF","breadcrumb":{"@id":"https:\/\/www.accidentdutravail-idf.net\/blog\/cop-du-travail-lillusion-de-la-semaine-de-quatre-jours\/#breadcrumb"},"inLanguage":"fr-FR","potentialAction":[{"@type":"ReadAction","target":["https:\/\/www.accidentdutravail-idf.net\/blog\/cop-du-travail-lillusion-de-la-semaine-de-quatre-jours\/"]}]},{"@type":"ImageObject","inLanguage":"fr-FR","@id":"https:\/\/www.accidentdutravail-idf.net\/blog\/cop-du-travail-lillusion-de-la-semaine-de-quatre-jours\/#primaryimage","url":"https:\/\/www.accidentdutravail-idf.net\/blog\/wp-content\/uploads\/2024\/05\/cop-du-travail-lillusion-de-la-semaine-de-quatre-jours.webp","contentUrl":"https:\/\/www.accidentdutravail-idf.net\/blog\/wp-content\/uploads\/2024\/05\/cop-du-travail-lillusion-de-la-semaine-de-quatre-jours.webp"},{"@type":"BreadcrumbList","@id":"https:\/\/www.accidentdutravail-idf.net\/blog\/cop-du-travail-lillusion-de-la-semaine-de-quatre-jours\/#breadcrumb","itemListElement":[{"@type":"ListItem","position":1,"name":"Accueil","item":"https:\/\/www.accidentdutravail-idf.net\/blog\/"},{"@type":"ListItem","position":2,"name":"COP du travail : l\u2019illusion de la semaine de quatre jours"}]},{"@type":"WebSite","@id":"https:\/\/www.accidentdutravail-idf.net\/blog\/#website","url":"https:\/\/www.accidentdutravail-idf.net\/blog\/","name":"ACCIDENTDUTRAVAIL-IDF","description":"Portail accidents du travail-maladies professionnelles des entreprises d&#039;Ile-de-France","publisher":{"@id":"https:\/\/www.accidentdutravail-idf.net\/blog\/#organization"},"potentialAction":[{"@type":"SearchAction","target":{"@type":"EntryPoint","urlTemplate":"https:\/\/www.accidentdutravail-idf.net\/blog\/?s={search_term_string}"},"query-input":{"@type":"PropertyValueSpecification","valueRequired":true,"valueName":"search_term_string"}}],"inLanguage":"fr-FR"},{"@type":"Organization","@id":"https:\/\/www.accidentdutravail-idf.net\/blog\/#organization","name":"accidentdutravail-idf","url":"https:\/\/www.accidentdutravail-idf.net\/blog\/","logo":{"@type":"ImageObject","inLanguage":"fr-FR","@id":"https:\/\/www.accidentdutravail-idf.net\/blog\/#\/schema\/logo\/image\/","url":"https:\/\/www.accidentdutravail-idf.net\/blog\/wp-content\/uploads\/2022\/09\/logo-2.png","contentUrl":"https:\/\/www.accidentdutravail-idf.net\/blog\/wp-content\/uploads\/2022\/09\/logo-2.png","width":380,"height":291,"caption":"accidentdutravail-idf"},"image":{"@id":"https:\/\/www.accidentdutravail-idf.net\/blog\/#\/schema\/logo\/image\/"}},{"@type":"Person","@id":"https:\/\/www.accidentdutravail-idf.net\/blog\/#\/schema\/person\/3255d2f970de45e64bd9201f38e7b947","name":"Carlos Poulain","image":{"@type":"ImageObject","inLanguage":"fr-FR","@id":"https:\/\/secure.gravatar.com\/avatar\/b1c2f9d3588e34e91adb093635df64ef4b2381991216be7576466cfcdca4baf3?s=96&d=mm&r=g","url":"https:\/\/secure.gravatar.com\/avatar\/b1c2f9d3588e34e91adb093635df64ef4b2381991216be7576466cfcdca4baf3?s=96&d=mm&r=g","contentUrl":"https:\/\/secure.gravatar.com\/avatar\/b1c2f9d3588e34e91adb093635df64ef4b2381991216be7576466cfcdca4baf3?s=96&d=mm&r=g","caption":"Carlos Poulain"},"url":"https:\/\/www.accidentdutravail-idf.net\/blog\/author\/idfcarlos\/"}]}},"_links":{"self":[{"href":"https:\/\/www.accidentdutravail-idf.net\/blog\/wp-json\/wp\/v2\/posts\/321","targetHints":{"allow":["GET"]}}],"collection":[{"href":"https:\/\/www.accidentdutravail-idf.net\/blog\/wp-json\/wp\/v2\/posts"}],"about":[{"href":"https:\/\/www.accidentdutravail-idf.net\/blog\/wp-json\/wp\/v2\/types\/post"}],"author":[{"embeddable":true,"href":"https:\/\/www.accidentdutravail-idf.net\/blog\/wp-json\/wp\/v2\/users\/2"}],"replies":[{"embeddable":true,"href":"https:\/\/www.accidentdutravail-idf.net\/blog\/wp-json\/wp\/v2\/comments?post=321"}],"version-history":[{"count":0,"href":"https:\/\/www.accidentdutravail-idf.net\/blog\/wp-json\/wp\/v2\/posts\/321\/revisions"}],"wp:attachment":[{"href":"https:\/\/www.accidentdutravail-idf.net\/blog\/wp-json\/wp\/v2\/media?parent=321"}],"wp:term":[{"taxonomy":"category","embeddable":true,"href":"https:\/\/www.accidentdutravail-idf.net\/blog\/wp-json\/wp\/v2\/categories?post=321"},{"taxonomy":"post_tag","embeddable":true,"href":"https:\/\/www.accidentdutravail-idf.net\/blog\/wp-json\/wp\/v2\/tags?post=321"}],"curies":[{"name":"wp","href":"https:\/\/api.w.org\/{rel}","templated":true}]}}