{"id":316,"date":"2024-05-14T09:44:00","date_gmt":"2024-05-14T07:44:00","guid":{"rendered":"https:\/\/www.accidentdutravail-idf.net\/blog\/accident-du-travail-les-trappes-dun-conteneur-se-referment-sur-deux-hommes-a-luc-sur-mer\/"},"modified":"2024-05-14T09:44:00","modified_gmt":"2024-05-14T07:44:00","slug":"accident-du-travail-les-trappes-dun-conteneur-se-referment-sur-deux-hommes-a-luc-sur-mer","status":"publish","type":"post","link":"https:\/\/www.accidentdutravail-idf.net\/blog\/accident-du-travail-les-trappes-dun-conteneur-se-referment-sur-deux-hommes-a-luc-sur-mer\/","title":{"rendered":"Accident du travail : les trappes d\u2019un conteneur se referment sur deux hommes, \u00e0 Luc-sur-Mer"},"content":{"rendered":"<header class=\"su-article \">\n<p class=\"su-standfirst chapeau\">Un accident du travail s\u2019est produit \u00e0 proximit\u00e9 de la salle Brummel, \u00e0 Luc-sur-Mer (Calvados), mardi 14 mai 2024. Alors que deux employ\u00e9s proc\u00e9daient au nettoyage de points d\u2019apport volontaire, les trappes d\u2019une colonne se sont referm\u00e9es sur eux. Gravement bless\u00e9e, une des victimes a \u00e9t\u00e9 transport\u00e9e au CHU de Caen (Calvados) en urgence absolue.<\/p>\n<div class=\"photo su-relative \">\n<figure>\n<div class=\"su-ratio-16-9 su-main-picture\"> <img decoding=\"async\" class=\"su-media\" src=\"https:\/\/www.accidentdutravail-idf.net\/blog\/wp-content\/uploads\/2024\/05\/accident-du-travail-les-trappes-dun-conteneur-se-referment-sur-deux-hommes-a-luc-sur-mer.jpg\" alt=\"L\u2019accident s\u2019est produit ce mardi 14&nbsp;mai 2024, \u00e0 14&nbsp;h&nbsp;30, \u00e0 proximit\u00e9 de la salle Brummel \u00e0 Luc-sur-Mer.\"> <\/div><figcaption><span>L\u2019accident s\u2019est produit ce mardi 14&nbsp;mai 2024, \u00e0 14&nbsp;h&nbsp;30, \u00e0 proximit\u00e9 de la salle Brummel \u00e0 Luc-sur-Mer. | <\/span>ARCHIVES DAVID AD\u00c9MAS, OUEST-FRANCE<\/figcaption><\/figure>\n<p> <button class=\"su-button-fullscreen\" data-oftriggerresize data-ofmodal=\"carrousel-plein-ecran\"> <span>Voir en plein \u00e9cran<\/span> <\/button> <\/div>\n<p>  <button class=\"btn btn-fermer\" title=\"Fermer le plein \u00e9cran\" data-ofmodal=\"carrousel-plein-ecran\"> <i class=\"su-icon ic-fermer\">fermer<\/i> <\/button> <\/p>\n<div class=\"carrousel snap-migrate\">\n<ul class=\"carrousel-conteneur su-not-list\" data-ofswipe=\"{&quot;rambo&quot;:2,&quot;sel&quot;:&quot;.photo&quot;, &quot;navSel&quot;:&quot;.carrousel-plein-ecran .carrousel-nav-bas .item&quot;}\">\n<li class=\"carrousel-contenu photo\" data-ofvwidth=\"{&quot;mobileOnly&quot;:false}\">\n<figure><img decoding=\"async\" data-ofmaxheight class=\"media lazyload\" alt=\"L\u2019accident s\u2019est produit ce mardi 14&nbsp;mai 2024, \u00e0 14&nbsp;h&nbsp;30, \u00e0 proximit\u00e9 de la salle Brummel \u00e0 Luc-sur-Mer.\" src=\"https:\/\/www.accidentdutravail-idf.net\/blog\/wp-content\/uploads\/2024\/05\/accident-du-travail-les-trappes-dun-conteneur-se-referment-sur-deux-hommes-a-luc-sur-mer.png\" data-oflazyload=\"{&quot;srcset&quot;:&quot;https:\/\/media.ouest-france.fr\/v1\/pictures\/MjAyNDA1NmYxMzkyOGRmYTVkNmI2Nzk0NTk2OWU3ZGU4NTFjYTU?width=320&amp;focuspoint=50%2C25&amp;cropresize=1&amp;client_id=bpeditorial&amp;sign=8975a5067933d8a6dea90ccd618eb95826248c44ceb0b40f759bc9a33667bdca 320w,https:\/\/media.ouest-france.fr\/v1\/pictures\/MjAyNDA1NmYxMzkyOGRmYTVkNmI2Nzk0NTk2OWU3ZGU4NTFjYTU?width=375&amp;focuspoint=50%2C25&amp;cropresize=1&amp;client_id=bpeditorial&amp;sign=74af52cbd7d0b8853b018ec0b59d9dd9e24126561b381af1c3cd330c0152f398 360w,https:\/\/media.ouest-france.fr\/v1\/pictures\/MjAyNDA1NmYxMzkyOGRmYTVkNmI2Nzk0NTk2OWU3ZGU4NTFjYTU?width=480&amp;focuspoint=50%2C25&amp;cropresize=1&amp;client_id=bpeditorial&amp;sign=5d1848c80506c92b85a6ba4b8b3120f2bc4e11ec08efb9513462904a85f33814 480w,https:\/\/media.ouest-france.fr\/v1\/pictures\/MjAyNDA1NmYxMzkyOGRmYTVkNmI2Nzk0NTk2OWU3ZGU4NTFjYTU?width=630&amp;focuspoint=50%2C25&amp;cropresize=1&amp;client_id=bpeditorial&amp;sign=52c21b1f3e2ab88c04be714e9b1d0480c3b6ca27c84e17b56813c2ba46c75a1c 630w,https:\/\/media.ouest-france.fr\/v1\/pictures\/MjAyNDA1NmYxMzkyOGRmYTVkNmI2Nzk0NTk2OWU3ZGU4NTFjYTU?width=940&amp;focuspoint=50%2C25&amp;cropresize=1&amp;client_id=bpeditorial&amp;sign=80fbafe97f0e9e0de9859508c6a9c4f5bb2b0b17f4512f173edd43976b47bd98 940w,https:\/\/media.ouest-france.fr\/v1\/pictures\/MjAyNDA1NmYxMzkyOGRmYTVkNmI2Nzk0NTk2OWU3ZGU4NTFjYTU?width=1260&amp;focuspoint=50%2C25&amp;cropresize=1&amp;client_id=bpeditorial&amp;sign=69adba987b15c648cf5d22581b923cc96d2879af6642bcc8b6a5b48eb3f43c9c 1260w&quot;}\"><figcaption><span>L\u2019accident s\u2019est produit ce mardi 14&nbsp;mai 2024, \u00e0 14&nbsp;h&nbsp;30, \u00e0 proximit\u00e9 de la salle Brummel \u00e0 Luc-sur-Mer. | <\/span>ARCHIVES DAVID AD\u00c9MAS, OUEST-FRANCE<\/figcaption><\/figure>\n<\/li>\n<\/ul><\/div>\n<\/header>\n<div class=\"col-gauche\">\n<header class=\"metadata\"> <span class=\"auteur\"> <span class=\"su-source source-lien su-cockade-of\"><a href=\"https:\/\/www.ouest-france.fr\/\" target=\"_blank\" rel=\"nofollow\">Ouest-France<\/a><\/span> <\/span> <span class=\"dates\"> <span class=\"date su-date\">Modifi\u00e9 le 14\/05\/2024 <span class=\"heure\"> \u00e0 18h49<\/span><\/span> <span class=\"date su-date su-hidden-xs su-hidden-sm su-hidden-md\">Publi\u00e9 le 14\/05\/2024 <span class=\"heure\"> \u00e0 18h44<\/span><\/span> <\/span> <\/header>\n<aside class=\"contenu-secondaire\" data-nosnippet>\n<p> <button class=\"action meta-readlater\"> <span data-trk-menuarticle=\"Lire plus tard\" role=\"button\" class=\"icon-signet\" title=\"Lire plus tard\" data-ofreadlater-id=\"73577e0a-1204-11ef-8a2a-01c2428a5400\" data-ofreadlater-url=\"https:\/\/www.ouest-france.fr\/normandie\/luc-sur-mer-14530\/accident-du-travail-les-trappes-dun-conteneur-se-referment-sur-deux-hommes-a-luc-sur-mer-73577e0a-1204-11ef-8a2a-01c2428a5400\" data-ofreadlater-title=\"Accident du travail&nbsp;: les trappes d\u2019un conteneur se referment sur deux hommes, en Normandie\"><\/span> <span>Lire plus tard<\/span> <\/button> <\/p>\n<div class=\"su-visible-xl item su-clearfix\"> <button class=\"action su-row meta-btn su-vertical-center su-visible-xl\" data-sutoggleclass=\"[{&quot;sel&quot;:&quot;#partage-col-gauche&quot;,&quot;klass&quot;:&quot;su-hidden&quot;}]\"> <span data-trk-menuarticle=\"Partager\" class=\"icon icon-partage\"><\/span> <span class=\"su-text-left\">Partager<\/span> <\/button> <\/p>\n<ul id=\"partage-col-gauche\" class=\"reseaux-sociaux-list avec-noms pastilles su-not-list su-hidden\">\n<li class=\"item facebook\"><button data-trksocialnetwork=\"Facebook\" data-ofshare-open=\"{&quot;target&quot;: &quot;facebook&quot;, &quot;url&quot;: &quot;https:\/\/www.ouest-france.fr\/normandie\/luc-sur-mer-14530\/accident-du-travail-les-trappes-dun-conteneur-se-referment-sur-deux-hommes-a-luc-sur-mer-73577e0a-1204-11ef-8a2a-01c2428a5400&quot;, &quot;source&quot;: &quot;ouestfrance&quot;}\" title=\"Partager sur Facebook\"><i class=\"icon icon-facebook\" data-trk-nav-bottom-sticky=\"Facebook\"><\/i><\/button><\/li>\n<li class=\"item twitter x\"><button data-trksocialnetwork=\"X\" data-ofshare-open=\"{&quot;target&quot;: &quot;twitter&quot;, &quot;url&quot;: &quot;https:\/\/www.ouest-france.fr\/normandie\/luc-sur-mer-14530\/accident-du-travail-les-trappes-dun-conteneur-se-referment-sur-deux-hommes-a-luc-sur-mer-73577e0a-1204-11ef-8a2a-01c2428a5400&quot;, &quot;source&quot;: &quot;ouestfrance&quot;}\" title=\"Partager sur X\"><i class=\"icon\" data-trk-nav-bottom-sticky=\"X\"><img data-oflazyload=\"{&quot;src&quot;:&quot;https:\/\/media.ouest-france.fr\/v1\/fonts\/561e3fe971440ef51d73173055cd9263-twitter-blanc.svg&quot;}\"><\/i><\/button><\/li>\n<li class=\"item flipboard\"><button data-trksocialnetwork=\"Flipboard\" data-ofshare-open=\"{&quot;target&quot;: &quot;Flipboard&quot;, &quot;url&quot;: &quot;https:\/\/www.ouest-france.fr\/normandie\/luc-sur-mer-14530\/accident-du-travail-les-trappes-dun-conteneur-se-referment-sur-deux-hommes-a-luc-sur-mer-73577e0a-1204-11ef-8a2a-01c2428a5400&quot;, &quot;source&quot;: &quot;ouestfrance&quot;}\" title=\"Partager sur Flipboard\"><i class=\"icon icon-flipboard\" data-trk-nav-bottom-sticky=\"Flipboard\"><\/i><\/button><\/li>\n<li class=\"item linkedin\"><button data-trksocialnetwork=\"LinkedIn\" data-ofshare-open=\"{&quot;target&quot;: &quot;LinkedIn&quot;, &quot;url&quot;: &quot;https:\/\/www.ouest-france.fr\/normandie\/luc-sur-mer-14530\/accident-du-travail-les-trappes-dun-conteneur-se-referment-sur-deux-hommes-a-luc-sur-mer-73577e0a-1204-11ef-8a2a-01c2428a5400&quot;, &quot;source&quot;: &quot;ouestfrance&quot;}\" title=\"Partager sur LinkedIn\"><i class=\"icon icon-linkedin\" data-trk-nav-bottom-sticky=\"LinkedIn\"><\/i><\/button><\/li>\n<\/ul><\/div>\n<div data-trk=\"[{&amp;quot;n&amp;quot;:&amp;quot;platform-newsletters&amp;quot;,&amp;quot;o&amp;quot;:&amp;quot;Platform BP Newsletters&amp;quot;,&amp;quot;v&amp;quot;:&amp;quot;3.10.2&amp;quot;}]\" id=\"bloc_3quarts_1__parentOf__inscription_newsletter\" class=\"_b item\">\n<section id=\"newsletter-col-gauche\" class=\"su-negative bp-newsletters nl-e2001a bloc-newsletter newsletter-gauche su-visible-xl su-margin-bottom-xl\"> <label for=\"subscription-mail\" title=\"S'inscrire \u00e0 la Newsletter\" class=\"toggle-nl-col-gauche\" data-sutoggleclass=\"[{&quot;sel&quot;:&quot;.bloc-newsletter.newsletter-gauche .texte-rgpd.su-hidden&quot;,&quot;klass&quot;:&quot;su-hidden&quot;},{&quot;klass&quot;:&quot;su-hidden&quot;}]\"><\/label> <\/p>\n<p class=\"su-h3 su-margin-bottom-xs titre-bloc\">Newsletter Caen<\/p>\n<p>Chaque matin, recevez toute l\u2019information de Caen et de ses environs avec <strong>Ouest-France<\/strong><\/p>\n<p class=\"su-text-xsmall texte-rgpd su-hidden\">Votre e-mail, avec votre consentement, est utilis\u00e9 par Ouest-France pour recevoir notre newsletter. <a class=\"su-link-light\" href=\"https:\/\/www.ouest-france.fr\/politique-de-protection-des-donnees-personnelles\/\" target=\"_blank\" rel=\"nofollow\">En&nbsp;savoir&nbsp;plus<\/a>.<\/p>\n<\/section>\n<\/div>\n<\/aside><\/div>\n<div id=\"article-detail\" class=\"contenu-principal p402_premium \">\n<div class=\"su-article\">\n<p>Deux hommes ont \u00e9t\u00e9 victimes d\u2019un accident du travail, mardi 14&nbsp;mai 2024, \u00e0 proximit\u00e9 de la salle Brummel, \u00e0 <a href=\"https:\/\/www.ouest-france.fr\/normandie\/luc-sur-mer-14530\/\" target=\"_self\" rel=\"noopener nofollow\">Luc-sur-Mer (Calvados)<\/a>. Vers 14&nbsp;h&nbsp;30, ces employ\u00e9s d\u2019une entreprise prestataire de <a href=\"https:\/\/www.coeurdenacre.fr\/web\/index.php\" target=\"_self\" rel=\"noopener nofollow\">la communaut\u00e9 de communes C\u0153ur de Nacre<\/a> proc\u00e8dent au nettoyage <a href=\"https:\/\/www.ouest-france.fr\/normandie\/luc-sur-mer-14530\/un-5e-point-d-apport-volontaire-est-installe-5382088\" target=\"_self\" rel=\"noopener nofollow\">de points d\u2019apport volontaire<\/a>, qui ont \u00e9t\u00e9 relev\u00e9s \u00e0 l\u2019aide d\u2019une grue.<\/p>\n<p>Alors que les deux hommes lavent l\u2019int\u00e9rieur d\u2019une colonne, les trappes situ\u00e9es \u00e0 la base de cette derni\u00e8re se referment <strong>\u00ab&nbsp;sur leur torse&nbsp;\u00bb,<\/strong> selon Philippe Chanu, maire de Luc-sur-Mer.<\/p>\n<h2 id=\"section-4-transporte-en-urgence-absolue\">Transport\u00e9 en urgence absolue<\/h2>\n<p>Des agents d\u2019entretien des services techniques de la Ville, qui auraient entendu des appels au secours, auraient alors alert\u00e9 les pompiers. Les gendarmes de <a href=\"https:\/\/www.ouest-france.fr\/normandie\/douvres-la-delivrande-14440\/\" target=\"_self\" rel=\"noopener nofollow\">Douvres-la-D\u00e9livrande<\/a> ont \u00e9galement \u00e9t\u00e9 d\u00e9p\u00each\u00e9s sur place.<\/p>\n<p>Apr\u00e8s avoir \u00e9t\u00e9 r\u00e9anim\u00e9e, une des deux victimes a \u00e9t\u00e9 transport\u00e9e en urgence absolue au CHU de Caen, avec un pronostic vital engag\u00e9. Son coll\u00e8gue, l\u00e9g\u00e8rement bless\u00e9, a aussi \u00e9t\u00e9 \u00e9vacu\u00e9.<\/p>\n<footer class=\"liste-tags su-margin-bottom-m\" data-ofstats-scroll=\"tags pied article\">\n<div class=\"su-carrousel snap-migrate\"><button class=\"su-button-left su-inactif inactif\" data-suswipeprev><span class=\"su-icon\">gauche<\/span><\/button><button class=\"su-button-right\" data-suswipenext><span class=\"su-icon\">droite<\/span><\/button><\/div>\n<\/footer><\/div>\n<\/p><\/div>\n<p> accidentdutravail-idf.net vous a pr\u00e9par\u00e9 ce post qui informe du sujet \u00ab\u00a0Association Sportive Huisson-Longueville Essonne\u00a0\u00bb. La chronique se veut g\u00e9n\u00e9r\u00e9e du mieux possible. Vous pouvez utiliser les coordonn\u00e9es indiqu\u00e9es sur le site dans le but d\u2019apporter des explications sur ce post qui parle du th\u00e8me \u00ab\u00a0Association Sportive Huisson-Longueville Essonne\u00a0\u00bb. Le site accidentdutravail-idf.net a pour but de fournir diverses publications sur la th\u00e9matique Association Sportive Huisson-Longueville Essonne diffus\u00e9es sur le net. Il y aura plusieurs articles autour du sujet \u00ab\u00a0Association Sportive Huisson-Longueville Essonne\u00a0\u00bb dans quelques jours, nous vous invitons \u00e0 naviguer sur notre site web \u00e0 plusieurs reprises.<\/p>\n","protected":false},"excerpt":{"rendered":"<p>Un accident du travail s\u2019est produit \u00e0 proximit\u00e9 de la salle Brummel, \u00e0 Luc-sur-Mer (Calvados), mardi 14 mai 2024. Alors que deux employ\u00e9s proc\u00e9daient au nettoyage de points d\u2019apport volontaire, les trappes d\u2019une colonne se sont referm\u00e9es sur eux. Gravement bless\u00e9e, une des victimes a \u00e9t\u00e9 transport\u00e9e au CHU de Caen (Calvados) en urgence absolue. &hellip; <\/p>\n<p class=\"link-more\"><a href=\"https:\/\/www.accidentdutravail-idf.net\/blog\/accident-du-travail-les-trappes-dun-conteneur-se-referment-sur-deux-hommes-a-luc-sur-mer\/\" class=\"more-link\">Continuer la lecture <span class=\"screen-reader-text\"> \u00ab\u00a0Accident du travail : les trappes d\u2019un conteneur se referment sur deux hommes, \u00e0 Luc-sur-Mer\u00a0\u00bb<\/span><\/a><\/p>\n","protected":false},"author":2,"featured_media":0,"comment_status":"closed","ping_status":"closed","sticky":false,"template":"","format":"standard","meta":{"footnotes":""},"categories":[5],"tags":[],"class_list":["post-316","post","type-post","status-publish","format-standard","hentry","category-securite-du-travail-en-ile-de-france-et-divers","entry"],"yoast_head":"<!-- This site is optimized with the Yoast SEO plugin v27.5 - https:\/\/yoast.com\/product\/yoast-seo-wordpress\/ -->\n<title>Accident du travail : les trappes d\u2019un conteneur se referment sur deux hommes, \u00e0 Luc-sur-Mer - ACCIDENTDUTRAVAIL-IDF<\/title>\n<meta name=\"description\" content=\"Accident du travail : les trappes d\u2019un conteneur se referment sur deux hommes, \u00e0 Luc-sur-Mer article de ACCIDENTDUTRAVAIL-IDF\" \/>\n<meta name=\"robots\" content=\"index, follow, max-snippet:-1, max-image-preview:large, max-video-preview:-1\" \/>\n<link rel=\"canonical\" href=\"https:\/\/www.accidentdutravail-idf.net\/blog\/accident-du-travail-les-trappes-dun-conteneur-se-referment-sur-deux-hommes-a-luc-sur-mer\/\" \/>\n<meta property=\"og:locale\" content=\"fr_FR\" \/>\n<meta property=\"og:type\" content=\"article\" \/>\n<meta property=\"og:title\" content=\"Accident du travail : les trappes d\u2019un conteneur se referment sur deux hommes, \u00e0 Luc-sur-Mer - ACCIDENTDUTRAVAIL-IDF\" \/>\n<meta property=\"og:description\" content=\"Accident du travail : les trappes d\u2019un conteneur se referment sur deux hommes, \u00e0 Luc-sur-Mer article de ACCIDENTDUTRAVAIL-IDF\" \/>\n<meta property=\"og:url\" content=\"https:\/\/www.accidentdutravail-idf.net\/blog\/accident-du-travail-les-trappes-dun-conteneur-se-referment-sur-deux-hommes-a-luc-sur-mer\/\" \/>\n<meta property=\"og:site_name\" content=\"ACCIDENTDUTRAVAIL-IDF\" \/>\n<meta property=\"article:published_time\" content=\"2024-05-14T07:44:00+00:00\" \/>\n<meta property=\"og:image\" content=\"https:\/\/www.accidentdutravail-idf.net\/blog\/wp-content\/uploads\/2024\/05\/accident-du-travail-les-trappes-dun-conteneur-se-referment-sur-deux-hommes-a-luc-sur-mer.jpg\" \/>\n<meta name=\"author\" content=\"Carlos Poulain\" \/>\n<meta name=\"twitter:card\" content=\"summary_large_image\" \/>\n<meta name=\"twitter:label1\" content=\"\u00c9crit par\" \/>\n\t<meta name=\"twitter:data1\" content=\"Carlos Poulain\" \/>\n\t<meta name=\"twitter:label2\" content=\"Dur\u00e9e de lecture estim\u00e9e\" \/>\n\t<meta name=\"twitter:data2\" content=\"2 minutes\" \/>\n<script type=\"application\/ld+json\" class=\"yoast-schema-graph\">{\"@context\":\"https:\\\/\\\/schema.org\",\"@graph\":[{\"@type\":\"Article\",\"@id\":\"https:\\\/\\\/www.accidentdutravail-idf.net\\\/blog\\\/accident-du-travail-les-trappes-dun-conteneur-se-referment-sur-deux-hommes-a-luc-sur-mer\\\/#article\",\"isPartOf\":{\"@id\":\"https:\\\/\\\/www.accidentdutravail-idf.net\\\/blog\\\/accident-du-travail-les-trappes-dun-conteneur-se-referment-sur-deux-hommes-a-luc-sur-mer\\\/\"},\"author\":{\"name\":\"Carlos Poulain\",\"@id\":\"https:\\\/\\\/www.accidentdutravail-idf.net\\\/blog\\\/#\\\/schema\\\/person\\\/3255d2f970de45e64bd9201f38e7b947\"},\"headline\":\"Accident du travail : les trappes d\u2019un conteneur se referment sur deux hommes, \u00e0 Luc-sur-Mer\",\"datePublished\":\"2024-05-14T07:44:00+00:00\",\"mainEntityOfPage\":{\"@id\":\"https:\\\/\\\/www.accidentdutravail-idf.net\\\/blog\\\/accident-du-travail-les-trappes-dun-conteneur-se-referment-sur-deux-hommes-a-luc-sur-mer\\\/\"},\"wordCount\":449,\"publisher\":{\"@id\":\"https:\\\/\\\/www.accidentdutravail-idf.net\\\/blog\\\/#organization\"},\"image\":{\"@id\":\"https:\\\/\\\/www.accidentdutravail-idf.net\\\/blog\\\/accident-du-travail-les-trappes-dun-conteneur-se-referment-sur-deux-hommes-a-luc-sur-mer\\\/#primaryimage\"},\"thumbnailUrl\":\"https:\\\/\\\/www.accidentdutravail-idf.net\\\/blog\\\/wp-content\\\/uploads\\\/2024\\\/05\\\/accident-du-travail-les-trappes-dun-conteneur-se-referment-sur-deux-hommes-a-luc-sur-mer.jpg\",\"articleSection\":[\"S\u00e9curit\u00e9 Du Travail En Ile-De-France Et Divers:\"],\"inLanguage\":\"fr-FR\"},{\"@type\":\"WebPage\",\"@id\":\"https:\\\/\\\/www.accidentdutravail-idf.net\\\/blog\\\/accident-du-travail-les-trappes-dun-conteneur-se-referment-sur-deux-hommes-a-luc-sur-mer\\\/\",\"url\":\"https:\\\/\\\/www.accidentdutravail-idf.net\\\/blog\\\/accident-du-travail-les-trappes-dun-conteneur-se-referment-sur-deux-hommes-a-luc-sur-mer\\\/\",\"name\":\"Accident du travail : les trappes d\u2019un conteneur se referment sur deux hommes, \u00e0 Luc-sur-Mer - ACCIDENTDUTRAVAIL-IDF\",\"isPartOf\":{\"@id\":\"https:\\\/\\\/www.accidentdutravail-idf.net\\\/blog\\\/#website\"},\"primaryImageOfPage\":{\"@id\":\"https:\\\/\\\/www.accidentdutravail-idf.net\\\/blog\\\/accident-du-travail-les-trappes-dun-conteneur-se-referment-sur-deux-hommes-a-luc-sur-mer\\\/#primaryimage\"},\"image\":{\"@id\":\"https:\\\/\\\/www.accidentdutravail-idf.net\\\/blog\\\/accident-du-travail-les-trappes-dun-conteneur-se-referment-sur-deux-hommes-a-luc-sur-mer\\\/#primaryimage\"},\"thumbnailUrl\":\"https:\\\/\\\/www.accidentdutravail-idf.net\\\/blog\\\/wp-content\\\/uploads\\\/2024\\\/05\\\/accident-du-travail-les-trappes-dun-conteneur-se-referment-sur-deux-hommes-a-luc-sur-mer.jpg\",\"datePublished\":\"2024-05-14T07:44:00+00:00\",\"description\":\"Accident du travail : les trappes d\u2019un conteneur se referment sur deux hommes, \u00e0 Luc-sur-Mer article de ACCIDENTDUTRAVAIL-IDF\",\"breadcrumb\":{\"@id\":\"https:\\\/\\\/www.accidentdutravail-idf.net\\\/blog\\\/accident-du-travail-les-trappes-dun-conteneur-se-referment-sur-deux-hommes-a-luc-sur-mer\\\/#breadcrumb\"},\"inLanguage\":\"fr-FR\",\"potentialAction\":[{\"@type\":\"ReadAction\",\"target\":[\"https:\\\/\\\/www.accidentdutravail-idf.net\\\/blog\\\/accident-du-travail-les-trappes-dun-conteneur-se-referment-sur-deux-hommes-a-luc-sur-mer\\\/\"]}]},{\"@type\":\"ImageObject\",\"inLanguage\":\"fr-FR\",\"@id\":\"https:\\\/\\\/www.accidentdutravail-idf.net\\\/blog\\\/accident-du-travail-les-trappes-dun-conteneur-se-referment-sur-deux-hommes-a-luc-sur-mer\\\/#primaryimage\",\"url\":\"https:\\\/\\\/www.accidentdutravail-idf.net\\\/blog\\\/wp-content\\\/uploads\\\/2024\\\/05\\\/accident-du-travail-les-trappes-dun-conteneur-se-referment-sur-deux-hommes-a-luc-sur-mer.jpg\",\"contentUrl\":\"https:\\\/\\\/www.accidentdutravail-idf.net\\\/blog\\\/wp-content\\\/uploads\\\/2024\\\/05\\\/accident-du-travail-les-trappes-dun-conteneur-se-referment-sur-deux-hommes-a-luc-sur-mer.jpg\"},{\"@type\":\"BreadcrumbList\",\"@id\":\"https:\\\/\\\/www.accidentdutravail-idf.net\\\/blog\\\/accident-du-travail-les-trappes-dun-conteneur-se-referment-sur-deux-hommes-a-luc-sur-mer\\\/#breadcrumb\",\"itemListElement\":[{\"@type\":\"ListItem\",\"position\":1,\"name\":\"Accueil\",\"item\":\"https:\\\/\\\/www.accidentdutravail-idf.net\\\/blog\\\/\"},{\"@type\":\"ListItem\",\"position\":2,\"name\":\"Accident du travail : les trappes d\u2019un conteneur se referment sur deux hommes, \u00e0 Luc-sur-Mer\"}]},{\"@type\":\"WebSite\",\"@id\":\"https:\\\/\\\/www.accidentdutravail-idf.net\\\/blog\\\/#website\",\"url\":\"https:\\\/\\\/www.accidentdutravail-idf.net\\\/blog\\\/\",\"name\":\"ACCIDENTDUTRAVAIL-IDF\",\"description\":\"Portail accidents du travail-maladies professionnelles des entreprises d&#039;Ile-de-France\",\"publisher\":{\"@id\":\"https:\\\/\\\/www.accidentdutravail-idf.net\\\/blog\\\/#organization\"},\"potentialAction\":[{\"@type\":\"SearchAction\",\"target\":{\"@type\":\"EntryPoint\",\"urlTemplate\":\"https:\\\/\\\/www.accidentdutravail-idf.net\\\/blog\\\/?s={search_term_string}\"},\"query-input\":{\"@type\":\"PropertyValueSpecification\",\"valueRequired\":true,\"valueName\":\"search_term_string\"}}],\"inLanguage\":\"fr-FR\"},{\"@type\":\"Organization\",\"@id\":\"https:\\\/\\\/www.accidentdutravail-idf.net\\\/blog\\\/#organization\",\"name\":\"accidentdutravail-idf\",\"url\":\"https:\\\/\\\/www.accidentdutravail-idf.net\\\/blog\\\/\",\"logo\":{\"@type\":\"ImageObject\",\"inLanguage\":\"fr-FR\",\"@id\":\"https:\\\/\\\/www.accidentdutravail-idf.net\\\/blog\\\/#\\\/schema\\\/logo\\\/image\\\/\",\"url\":\"https:\\\/\\\/www.accidentdutravail-idf.net\\\/blog\\\/wp-content\\\/uploads\\\/2022\\\/09\\\/logo-2.png\",\"contentUrl\":\"https:\\\/\\\/www.accidentdutravail-idf.net\\\/blog\\\/wp-content\\\/uploads\\\/2022\\\/09\\\/logo-2.png\",\"width\":380,\"height\":291,\"caption\":\"accidentdutravail-idf\"},\"image\":{\"@id\":\"https:\\\/\\\/www.accidentdutravail-idf.net\\\/blog\\\/#\\\/schema\\\/logo\\\/image\\\/\"}},{\"@type\":\"Person\",\"@id\":\"https:\\\/\\\/www.accidentdutravail-idf.net\\\/blog\\\/#\\\/schema\\\/person\\\/3255d2f970de45e64bd9201f38e7b947\",\"name\":\"Carlos Poulain\",\"image\":{\"@type\":\"ImageObject\",\"inLanguage\":\"fr-FR\",\"@id\":\"https:\\\/\\\/secure.gravatar.com\\\/avatar\\\/b1c2f9d3588e34e91adb093635df64ef4b2381991216be7576466cfcdca4baf3?s=96&d=mm&r=g\",\"url\":\"https:\\\/\\\/secure.gravatar.com\\\/avatar\\\/b1c2f9d3588e34e91adb093635df64ef4b2381991216be7576466cfcdca4baf3?s=96&d=mm&r=g\",\"contentUrl\":\"https:\\\/\\\/secure.gravatar.com\\\/avatar\\\/b1c2f9d3588e34e91adb093635df64ef4b2381991216be7576466cfcdca4baf3?s=96&d=mm&r=g\",\"caption\":\"Carlos Poulain\"},\"url\":\"https:\\\/\\\/www.accidentdutravail-idf.net\\\/blog\\\/author\\\/idfcarlos\\\/\"}]}<\/script>\n<!-- \/ Yoast SEO plugin. -->","yoast_head_json":{"title":"Accident du travail : les trappes d\u2019un conteneur se referment sur deux hommes, \u00e0 Luc-sur-Mer - ACCIDENTDUTRAVAIL-IDF","description":"Accident du travail : les trappes d\u2019un conteneur se referment sur deux hommes, \u00e0 Luc-sur-Mer article de ACCIDENTDUTRAVAIL-IDF","robots":{"index":"index","follow":"follow","max-snippet":"max-snippet:-1","max-image-preview":"max-image-preview:large","max-video-preview":"max-video-preview:-1"},"canonical":"https:\/\/www.accidentdutravail-idf.net\/blog\/accident-du-travail-les-trappes-dun-conteneur-se-referment-sur-deux-hommes-a-luc-sur-mer\/","og_locale":"fr_FR","og_type":"article","og_title":"Accident du travail : les trappes d\u2019un conteneur se referment sur deux hommes, \u00e0 Luc-sur-Mer - ACCIDENTDUTRAVAIL-IDF","og_description":"Accident du travail : les trappes d\u2019un conteneur se referment sur deux hommes, \u00e0 Luc-sur-Mer article de ACCIDENTDUTRAVAIL-IDF","og_url":"https:\/\/www.accidentdutravail-idf.net\/blog\/accident-du-travail-les-trappes-dun-conteneur-se-referment-sur-deux-hommes-a-luc-sur-mer\/","og_site_name":"ACCIDENTDUTRAVAIL-IDF","article_published_time":"2024-05-14T07:44:00+00:00","og_image":[{"url":"https:\/\/www.accidentdutravail-idf.net\/blog\/wp-content\/uploads\/2024\/05\/accident-du-travail-les-trappes-dun-conteneur-se-referment-sur-deux-hommes-a-luc-sur-mer.jpg","type":"","width":"","height":""}],"author":"Carlos Poulain","twitter_card":"summary_large_image","twitter_misc":{"\u00c9crit par":"Carlos Poulain","Dur\u00e9e de lecture estim\u00e9e":"2 minutes"},"schema":{"@context":"https:\/\/schema.org","@graph":[{"@type":"Article","@id":"https:\/\/www.accidentdutravail-idf.net\/blog\/accident-du-travail-les-trappes-dun-conteneur-se-referment-sur-deux-hommes-a-luc-sur-mer\/#article","isPartOf":{"@id":"https:\/\/www.accidentdutravail-idf.net\/blog\/accident-du-travail-les-trappes-dun-conteneur-se-referment-sur-deux-hommes-a-luc-sur-mer\/"},"author":{"name":"Carlos Poulain","@id":"https:\/\/www.accidentdutravail-idf.net\/blog\/#\/schema\/person\/3255d2f970de45e64bd9201f38e7b947"},"headline":"Accident du travail : les trappes d\u2019un conteneur se referment sur deux hommes, \u00e0 Luc-sur-Mer","datePublished":"2024-05-14T07:44:00+00:00","mainEntityOfPage":{"@id":"https:\/\/www.accidentdutravail-idf.net\/blog\/accident-du-travail-les-trappes-dun-conteneur-se-referment-sur-deux-hommes-a-luc-sur-mer\/"},"wordCount":449,"publisher":{"@id":"https:\/\/www.accidentdutravail-idf.net\/blog\/#organization"},"image":{"@id":"https:\/\/www.accidentdutravail-idf.net\/blog\/accident-du-travail-les-trappes-dun-conteneur-se-referment-sur-deux-hommes-a-luc-sur-mer\/#primaryimage"},"thumbnailUrl":"https:\/\/www.accidentdutravail-idf.net\/blog\/wp-content\/uploads\/2024\/05\/accident-du-travail-les-trappes-dun-conteneur-se-referment-sur-deux-hommes-a-luc-sur-mer.jpg","articleSection":["S\u00e9curit\u00e9 Du Travail En Ile-De-France Et Divers:"],"inLanguage":"fr-FR"},{"@type":"WebPage","@id":"https:\/\/www.accidentdutravail-idf.net\/blog\/accident-du-travail-les-trappes-dun-conteneur-se-referment-sur-deux-hommes-a-luc-sur-mer\/","url":"https:\/\/www.accidentdutravail-idf.net\/blog\/accident-du-travail-les-trappes-dun-conteneur-se-referment-sur-deux-hommes-a-luc-sur-mer\/","name":"Accident du travail : les trappes d\u2019un conteneur se referment sur deux hommes, \u00e0 Luc-sur-Mer - ACCIDENTDUTRAVAIL-IDF","isPartOf":{"@id":"https:\/\/www.accidentdutravail-idf.net\/blog\/#website"},"primaryImageOfPage":{"@id":"https:\/\/www.accidentdutravail-idf.net\/blog\/accident-du-travail-les-trappes-dun-conteneur-se-referment-sur-deux-hommes-a-luc-sur-mer\/#primaryimage"},"image":{"@id":"https:\/\/www.accidentdutravail-idf.net\/blog\/accident-du-travail-les-trappes-dun-conteneur-se-referment-sur-deux-hommes-a-luc-sur-mer\/#primaryimage"},"thumbnailUrl":"https:\/\/www.accidentdutravail-idf.net\/blog\/wp-content\/uploads\/2024\/05\/accident-du-travail-les-trappes-dun-conteneur-se-referment-sur-deux-hommes-a-luc-sur-mer.jpg","datePublished":"2024-05-14T07:44:00+00:00","description":"Accident du travail : les trappes d\u2019un conteneur se referment sur deux hommes, \u00e0 Luc-sur-Mer article de ACCIDENTDUTRAVAIL-IDF","breadcrumb":{"@id":"https:\/\/www.accidentdutravail-idf.net\/blog\/accident-du-travail-les-trappes-dun-conteneur-se-referment-sur-deux-hommes-a-luc-sur-mer\/#breadcrumb"},"inLanguage":"fr-FR","potentialAction":[{"@type":"ReadAction","target":["https:\/\/www.accidentdutravail-idf.net\/blog\/accident-du-travail-les-trappes-dun-conteneur-se-referment-sur-deux-hommes-a-luc-sur-mer\/"]}]},{"@type":"ImageObject","inLanguage":"fr-FR","@id":"https:\/\/www.accidentdutravail-idf.net\/blog\/accident-du-travail-les-trappes-dun-conteneur-se-referment-sur-deux-hommes-a-luc-sur-mer\/#primaryimage","url":"https:\/\/www.accidentdutravail-idf.net\/blog\/wp-content\/uploads\/2024\/05\/accident-du-travail-les-trappes-dun-conteneur-se-referment-sur-deux-hommes-a-luc-sur-mer.jpg","contentUrl":"https:\/\/www.accidentdutravail-idf.net\/blog\/wp-content\/uploads\/2024\/05\/accident-du-travail-les-trappes-dun-conteneur-se-referment-sur-deux-hommes-a-luc-sur-mer.jpg"},{"@type":"BreadcrumbList","@id":"https:\/\/www.accidentdutravail-idf.net\/blog\/accident-du-travail-les-trappes-dun-conteneur-se-referment-sur-deux-hommes-a-luc-sur-mer\/#breadcrumb","itemListElement":[{"@type":"ListItem","position":1,"name":"Accueil","item":"https:\/\/www.accidentdutravail-idf.net\/blog\/"},{"@type":"ListItem","position":2,"name":"Accident du travail : les trappes d\u2019un conteneur se referment sur deux hommes, \u00e0 Luc-sur-Mer"}]},{"@type":"WebSite","@id":"https:\/\/www.accidentdutravail-idf.net\/blog\/#website","url":"https:\/\/www.accidentdutravail-idf.net\/blog\/","name":"ACCIDENTDUTRAVAIL-IDF","description":"Portail accidents du travail-maladies professionnelles des entreprises d&#039;Ile-de-France","publisher":{"@id":"https:\/\/www.accidentdutravail-idf.net\/blog\/#organization"},"potentialAction":[{"@type":"SearchAction","target":{"@type":"EntryPoint","urlTemplate":"https:\/\/www.accidentdutravail-idf.net\/blog\/?s={search_term_string}"},"query-input":{"@type":"PropertyValueSpecification","valueRequired":true,"valueName":"search_term_string"}}],"inLanguage":"fr-FR"},{"@type":"Organization","@id":"https:\/\/www.accidentdutravail-idf.net\/blog\/#organization","name":"accidentdutravail-idf","url":"https:\/\/www.accidentdutravail-idf.net\/blog\/","logo":{"@type":"ImageObject","inLanguage":"fr-FR","@id":"https:\/\/www.accidentdutravail-idf.net\/blog\/#\/schema\/logo\/image\/","url":"https:\/\/www.accidentdutravail-idf.net\/blog\/wp-content\/uploads\/2022\/09\/logo-2.png","contentUrl":"https:\/\/www.accidentdutravail-idf.net\/blog\/wp-content\/uploads\/2022\/09\/logo-2.png","width":380,"height":291,"caption":"accidentdutravail-idf"},"image":{"@id":"https:\/\/www.accidentdutravail-idf.net\/blog\/#\/schema\/logo\/image\/"}},{"@type":"Person","@id":"https:\/\/www.accidentdutravail-idf.net\/blog\/#\/schema\/person\/3255d2f970de45e64bd9201f38e7b947","name":"Carlos Poulain","image":{"@type":"ImageObject","inLanguage":"fr-FR","@id":"https:\/\/secure.gravatar.com\/avatar\/b1c2f9d3588e34e91adb093635df64ef4b2381991216be7576466cfcdca4baf3?s=96&d=mm&r=g","url":"https:\/\/secure.gravatar.com\/avatar\/b1c2f9d3588e34e91adb093635df64ef4b2381991216be7576466cfcdca4baf3?s=96&d=mm&r=g","contentUrl":"https:\/\/secure.gravatar.com\/avatar\/b1c2f9d3588e34e91adb093635df64ef4b2381991216be7576466cfcdca4baf3?s=96&d=mm&r=g","caption":"Carlos Poulain"},"url":"https:\/\/www.accidentdutravail-idf.net\/blog\/author\/idfcarlos\/"}]}},"_links":{"self":[{"href":"https:\/\/www.accidentdutravail-idf.net\/blog\/wp-json\/wp\/v2\/posts\/316","targetHints":{"allow":["GET"]}}],"collection":[{"href":"https:\/\/www.accidentdutravail-idf.net\/blog\/wp-json\/wp\/v2\/posts"}],"about":[{"href":"https:\/\/www.accidentdutravail-idf.net\/blog\/wp-json\/wp\/v2\/types\/post"}],"author":[{"embeddable":true,"href":"https:\/\/www.accidentdutravail-idf.net\/blog\/wp-json\/wp\/v2\/users\/2"}],"replies":[{"embeddable":true,"href":"https:\/\/www.accidentdutravail-idf.net\/blog\/wp-json\/wp\/v2\/comments?post=316"}],"version-history":[{"count":0,"href":"https:\/\/www.accidentdutravail-idf.net\/blog\/wp-json\/wp\/v2\/posts\/316\/revisions"}],"wp:attachment":[{"href":"https:\/\/www.accidentdutravail-idf.net\/blog\/wp-json\/wp\/v2\/media?parent=316"}],"wp:term":[{"taxonomy":"category","embeddable":true,"href":"https:\/\/www.accidentdutravail-idf.net\/blog\/wp-json\/wp\/v2\/categories?post=316"},{"taxonomy":"post_tag","embeddable":true,"href":"https:\/\/www.accidentdutravail-idf.net\/blog\/wp-json\/wp\/v2\/tags?post=316"}],"curies":[{"name":"wp","href":"https:\/\/api.w.org\/{rel}","templated":true}]}}