{"id":313,"date":"2024-05-14T00:00:00","date_gmt":"2024-05-13T22:00:00","guid":{"rendered":"https:\/\/www.accidentdutravail-idf.net\/blog\/jai-la-rage-on-a-sali-la-memoire-de-mon-fils-la-famille-de-jordan-linterne-retrouve-mort-au-chu-de-toulouse-sort-du-silence\/"},"modified":"2024-05-14T00:00:00","modified_gmt":"2024-05-13T22:00:00","slug":"jai-la-rage-on-a-sali-la-memoire-de-mon-fils-la-famille-de-jordan-linterne-retrouve-mort-au-chu-de-toulouse-sort-du-silence","status":"publish","type":"post","link":"https:\/\/www.accidentdutravail-idf.net\/blog\/jai-la-rage-on-a-sali-la-memoire-de-mon-fils-la-famille-de-jordan-linterne-retrouve-mort-au-chu-de-toulouse-sort-du-silence\/","title":{"rendered":"\u00ab\u00a0J\u2019ai la rage, on a sali la m\u00e9moire de mon fils\u00a0\u00bb : la famille de Jordan, l\u2019interne retrouv\u00e9 mort au CHU de Toulouse, sort du silence"},"content":{"rendered":"<p> <span class=\"article-full__chapo-label hide-on-small-only\">l&rsquo;essentiel<\/span> Qu\u2019est-il arriv\u00e9 \u00e0 Jordan, le soignant de 26 ans retrouv\u00e9 mort au CHU de Toulouse le 7&nbsp;mai dernier&nbsp;? La famille de l\u2019anesth\u00e9siste-r\u00e9animateur&nbsp;veut comprendre ce qui a conduit au drame et d\u00e9nonce le traitement m\u00e9diatique de cette affaire. <\/p>\n<div data-state=\"fixed-height\" data-selection=\"disabled\"> <!-- Pub DFP Position [outstream] --> <\/p>\n<p>Sa famille est d\u00e9vast\u00e9e et a voulu sortir du silence. Jordan P. un interne du CHU de Toulouse a \u00e9t\u00e9 retrouv\u00e9 mort dans une chambre de garde de l\u2019h\u00f4pital Pierre-Paul Riquet le 7&nbsp;mai dernier.&nbsp;Provoquant une onde de choc dans le milieu hospitalier. L\u2019autopsie de vendredi a \u00e9cart\u00e9&nbsp;la th\u00e8se criminelle, mais des rumeurs ont tr\u00e8s rapidement couru sur les causes de la mort de l\u2019anesth\u00e9siste-r\u00e9animateur de 26 ans. Un m\u00e9dia \u00e9voquant m\u00eame&nbsp;la drogue du zombie (le Fentanyl) comme cause possible&nbsp;; \u00ab\u00a0on a sali la m\u00e9moire de mon fils\u00a0\u00bb l\u00e2che, sid\u00e9r\u00e9, le p\u00e8re de famille originaire de la r\u00e9gion grenobloise, \u00ab\u00a0mon fils n\u2019\u00e9tait pas un drogu\u00e9, quand je lis des mots comme overdose, je ne peux pas accepter cela\u00a0\u00bb.<\/p>\n<blockquote>\n<p>Mon fils n\u2019\u00e9tait pas un drogu\u00e9<\/p>\n<p><!-- Pub DFP Position [article] --> <\/p><\/blockquote>\n<h2 class=\"txt-int\">\u00ab\u00a0Joyeux\u00a0\u00bb&nbsp;\u00e0 quelques heures du drame<\/h2>\n<p>Ils ont lou\u00e9 une chambre pour faire leurs adieux \u00e0 ce fils tant aim\u00e9. Depuis la terrible nouvelle, Armenio est \u00e0 Toulouse avec son \u00e9pouse et ses deux autres enfants&nbsp;: \u00ab\u00a0On essaie de comprendre ce qu\u2019il s\u2019est pass\u00e9, retracer&nbsp;ses journ\u00e9es.\u00a0\u00bb<\/p>\n<p>L\u2019anesth\u00e9siste-r\u00e9animateur a mang\u00e9 avec une coll\u00e8gue le lundi soir avant la trag\u00e9die et \u00ab\u00a0elle nous a rapport\u00e9 qu\u2019il \u00e9tait joyeux, taquin, comme d\u2019habitude\u00a0\u00bb. Vers 3&nbsp;h&nbsp;30 du matin mardi \u00ab\u00a0il discutait encore avec ses colocataires et avait l\u2019air heureux\u00a0\u00bb raconte&nbsp;Sandrine la m\u00e8re, le regard perdu. Le papa en est s\u00fbr&nbsp;: \u00ab\u00a0Mon fils ne s\u2019est pas suicid\u00e9, il aimait&nbsp;trop la vie.\u00a0\u00bb Le jeune homme pr\u00e9voyait m\u00eame de partir en festival dans le Gard et d\u2019aller f\u00eater ses 27 ans dans la foul\u00e9e, sur la c\u00f4te landaise le 15&nbsp;mai.<\/p>\n<div class=\"center-align\" data-protec-aida=\"image\">\n<figure class=\"std-img\" data-src=\"https:\/\/images.ladepeche.fr\/api\/v1\/images\/view\/66425f50096a9b6abc77ce07\/original\/image.jpg?v=1\"> <img class=\"std-img__img responsive-img\" data-src=\"https:\/\/www.accidentdutravail-idf.net\/blog\/wp-content\/uploads\/2024\/05\/jai-la-rage-on-a-sali-la-memoire-de-mon-fils-la-famille-de-jordan-linterne-retrouve-mort-au-chu-de-toulouse-sort-du-silence.jpg\" alt=\"Les obs\u00e8ques de Jordan sont pr\u00e9vues jeudi pr\u00e8s de Grenoble.\"><figcaption class=\"article-full__media-infos\"> <span class=\"article-full__media-legend\">Les obs\u00e8ques de Jordan sont pr\u00e9vues jeudi pr\u00e8s de Grenoble.<\/span> <span class=\"article-full__media-author\">DDM<\/span> <\/figcaption><\/figure>\n<\/div>\n<h2 class=\"txt-int\">La question des cadences&nbsp;: \u00ab\u00a0il \u00e9tait \u00e9puis\u00e9\u00a0\u00bb<\/h2>\n<p>Tous souhaitent que l\u2019enqu\u00eate aille \u00e0 son terme, mais posent&nbsp;d\u00e9j\u00e0 la question des cadences infernales des internes en m\u00e9decine&nbsp;: \u00ab\u00a0C\u2019\u00e9tait un passionn\u00e9&nbsp;mais Jordan \u00e9tait \u00e9puis\u00e9, il faisait r\u00e9guli\u00e8rement 60&nbsp;heures en une semaine, j\u2019ai d\u2019ailleurs&nbsp;demand\u00e9 \u00e0 avoir acc\u00e8s \u00e0 son emploi du temps\u00a0\u00bb.<\/p>\n<p>Peut-il avoir eu recours \u00e0 des produits psychotropes pour tenir le choc&nbsp;? Le p\u00e8re de famille n\u2019exclut rien m\u00eame s\u2019il a mal v\u00e9cu l\u2019insistance des enqu\u00eateurs sur la pr\u00e9sum\u00e9e toxicomanie de Jordan. \u00ab\u00a0J\u2019ai le sentiment qu\u2019ils font tout pour ne pas faire passer ce drame en accident du travail\u00a0\u00bb souligne-t-il.<\/p>\n<p class=\"std-elt__inline\"> <strong>A lire aussi :<\/strong> <a href=\"https:\/\/www.ladepeche.fr\/2024\/05\/09\/mysterieux-deces-dun-interne-de-26-ans-au-chu-de-toulouse-11940200.php\" target=\"_blank\" rel=\"nofollow\">Myst\u00e9rieux d\u00e9c\u00e8s d\u2019un interne en m\u00e9decine de 26 ans au CHU de Toulouse<\/a> <\/p>\n<h2 class=\"txt-int\">La famille se sent abandonn\u00e9e<\/h2>\n<p>Apr\u00e8s la mort de Jordan, Armenio&nbsp;n\u2019a pas \u00e9t\u00e9 re\u00e7u par le directeur du CHU de Toulouse, ni n\u2019a \u00e9t\u00e9 contact\u00e9 par&nbsp;Fr\u00e9d\u00e9ric Valletoux, le ministre d\u00e9l\u00e9gu\u00e9 \u00e0 la sant\u00e9 qui a&nbsp;pr\u00e9sent\u00e9 ses condol\u00e9ances sur le r\u00e9seau social X&nbsp;: \u00ab\u00a0Nous nous sentons abandonn\u00e9s\u00a0\u00bb regrette le Grenoblois. Reste les mots, au travers desquels on comprend que l\u2019interne faisait la&nbsp;fiert\u00e9 de ses proches&nbsp;: \u00ab\u00a0ce fr\u00e8re qui avait r\u00e9ussi\u00a0\u00bb, \u00ab\u00a0ce fils qui n\u2019a jamais pos\u00e9 de probl\u00e8me\u00a0\u00bb&nbsp;insistent ceux qui se d\u00e9crivent&nbsp;comme&nbsp;des \u00ab\u00a0petites gens\u00a0\u00bb&nbsp;; \u00ab\u00a0ni mon p\u00e8re ni ma m\u00e8re n\u2019ont fait de grandes \u00e9tudes\u00a0\u00bb rappelle K\u00e9vin, le fr\u00e8re de Jordan.<\/p>\n<p>Pour les avocats Mes Emmanuelle Franck et Alexandre Martin&nbsp;qui d\u00e9fendent&nbsp;leurs int\u00e9r\u00eats, \u00ab\u00a0il est trop t\u00f4t pour se prononcer sur quelque&nbsp;responsabilit\u00e9&nbsp;que ce soit, pour le moment on va les accompagner dans ces d\u00e9marches extr\u00eamement compliqu\u00e9es.\u00a0\u00bb&nbsp;Les obs\u00e8ques de Jordan sont pr\u00e9vues jeudi apr\u00e8s-midi, en l\u2019\u00e9glise de&nbsp;Vaulnaveys-le-Haut pr\u00e8s de Grenoble.<\/p>\n<\/p><\/div>\n<p>accidentdutravail-idf.net vous a pr\u00e9par\u00e9 ce post qui informe du sujet \u00ab\u00a0Association Sportive Huisson-Longueville Essonne\u00a0\u00bb. La chronique se veut g\u00e9n\u00e9r\u00e9e du mieux possible. Vous pouvez utiliser les coordonn\u00e9es indiqu\u00e9es sur le site dans le but d\u2019apporter des explications sur ce post qui parle du th\u00e8me \u00ab\u00a0Association Sportive Huisson-Longueville Essonne\u00a0\u00bb. Le site accidentdutravail-idf.net a pour but de fournir diverses publications sur la th\u00e9matique Association Sportive Huisson-Longueville Essonne diffus\u00e9es sur le net. Il y aura plusieurs articles autour du sujet \u00ab\u00a0Association Sportive Huisson-Longueville Essonne\u00a0\u00bb dans quelques jours, nous vous invitons \u00e0 naviguer sur notre site web \u00e0 plusieurs reprises.<\/p>\n","protected":false},"excerpt":{"rendered":"<p>l&rsquo;essentiel Qu\u2019est-il arriv\u00e9 \u00e0 Jordan, le soignant de 26 ans retrouv\u00e9 mort au CHU de Toulouse le 7&nbsp;mai dernier&nbsp;? La famille de l\u2019anesth\u00e9siste-r\u00e9animateur&nbsp;veut comprendre ce qui a conduit au drame et d\u00e9nonce le traitement m\u00e9diatique de cette affaire. Sa famille est d\u00e9vast\u00e9e et a voulu sortir du silence. Jordan P. un interne du CHU de &hellip; <\/p>\n<p class=\"link-more\"><a href=\"https:\/\/www.accidentdutravail-idf.net\/blog\/jai-la-rage-on-a-sali-la-memoire-de-mon-fils-la-famille-de-jordan-linterne-retrouve-mort-au-chu-de-toulouse-sort-du-silence\/\" class=\"more-link\">Continuer la lecture <span class=\"screen-reader-text\"> \u00ab\u00a0\u00ab\u00a0J\u2019ai la rage, on a sali la m\u00e9moire de mon fils\u00a0\u00bb : la famille de Jordan, l\u2019interne retrouv\u00e9 mort au CHU de Toulouse, sort du silence\u00a0\u00bb<\/span><\/a><\/p>\n","protected":false},"author":2,"featured_media":0,"comment_status":"closed","ping_status":"closed","sticky":false,"template":"","format":"standard","meta":{"footnotes":""},"categories":[5],"tags":[],"class_list":["post-313","post","type-post","status-publish","format-standard","hentry","category-securite-du-travail-en-ile-de-france-et-divers","entry"],"yoast_head":"<!-- This site is optimized with the Yoast SEO plugin v27.5 - https:\/\/yoast.com\/product\/yoast-seo-wordpress\/ -->\n<title>&quot;J\u2019ai la rage, on a sali la m\u00e9moire de mon fils&quot; : la famille de Jordan, l\u2019interne retrouv\u00e9 mort au CHU de Toulouse, sort du silence - ACCIDENTDUTRAVAIL-IDF<\/title>\n<meta name=\"description\" content=\"&quot;J\u2019ai la rage, on a sali la m\u00e9moire de mon fils&quot; : la famille de Jordan, l\u2019interne retrouv\u00e9 mort au CHU de Toulouse, sort du silence article de ACCIDENTDUTRAVAIL-IDF\" \/>\n<meta name=\"robots\" content=\"index, follow, max-snippet:-1, max-image-preview:large, max-video-preview:-1\" \/>\n<link rel=\"canonical\" href=\"https:\/\/www.accidentdutravail-idf.net\/blog\/jai-la-rage-on-a-sali-la-memoire-de-mon-fils-la-famille-de-jordan-linterne-retrouve-mort-au-chu-de-toulouse-sort-du-silence\/\" \/>\n<meta property=\"og:locale\" content=\"fr_FR\" \/>\n<meta property=\"og:type\" content=\"article\" \/>\n<meta property=\"og:title\" content=\"&quot;J\u2019ai la rage, on a sali la m\u00e9moire de mon fils&quot; : la famille de Jordan, l\u2019interne retrouv\u00e9 mort au CHU de Toulouse, sort du silence - ACCIDENTDUTRAVAIL-IDF\" \/>\n<meta property=\"og:description\" content=\"&quot;J\u2019ai la rage, on a sali la m\u00e9moire de mon fils&quot; : la famille de Jordan, l\u2019interne retrouv\u00e9 mort au CHU de Toulouse, sort du silence article de ACCIDENTDUTRAVAIL-IDF\" \/>\n<meta property=\"og:url\" content=\"https:\/\/www.accidentdutravail-idf.net\/blog\/jai-la-rage-on-a-sali-la-memoire-de-mon-fils-la-famille-de-jordan-linterne-retrouve-mort-au-chu-de-toulouse-sort-du-silence\/\" \/>\n<meta property=\"og:site_name\" content=\"ACCIDENTDUTRAVAIL-IDF\" \/>\n<meta property=\"article:published_time\" content=\"2024-05-13T22:00:00+00:00\" \/>\n<meta property=\"og:image\" content=\"https:\/\/www.accidentdutravail-idf.net\/blog\/wp-content\/uploads\/2024\/05\/jai-la-rage-on-a-sali-la-memoire-de-mon-fils-la-famille-de-jordan-linterne-retrouve-mort-au-chu-de-toulouse-sort-du-silence.jpg\" \/>\n<meta name=\"author\" content=\"Carlos Poulain\" \/>\n<meta name=\"twitter:card\" content=\"summary_large_image\" \/>\n<meta name=\"twitter:label1\" content=\"\u00c9crit par\" \/>\n\t<meta name=\"twitter:data1\" content=\"Carlos Poulain\" \/>\n\t<meta name=\"twitter:label2\" content=\"Dur\u00e9e de lecture estim\u00e9e\" \/>\n\t<meta name=\"twitter:data2\" content=\"4 minutes\" \/>\n<script type=\"application\/ld+json\" class=\"yoast-schema-graph\">{\"@context\":\"https:\\\/\\\/schema.org\",\"@graph\":[{\"@type\":\"Article\",\"@id\":\"https:\\\/\\\/www.accidentdutravail-idf.net\\\/blog\\\/jai-la-rage-on-a-sali-la-memoire-de-mon-fils-la-famille-de-jordan-linterne-retrouve-mort-au-chu-de-toulouse-sort-du-silence\\\/#article\",\"isPartOf\":{\"@id\":\"https:\\\/\\\/www.accidentdutravail-idf.net\\\/blog\\\/jai-la-rage-on-a-sali-la-memoire-de-mon-fils-la-famille-de-jordan-linterne-retrouve-mort-au-chu-de-toulouse-sort-du-silence\\\/\"},\"author\":{\"name\":\"Carlos Poulain\",\"@id\":\"https:\\\/\\\/www.accidentdutravail-idf.net\\\/blog\\\/#\\\/schema\\\/person\\\/3255d2f970de45e64bd9201f38e7b947\"},\"headline\":\"\u00ab\u00a0J\u2019ai la rage, on a sali la m\u00e9moire de mon fils\u00a0\u00bb : la famille de Jordan, l\u2019interne retrouv\u00e9 mort au CHU de Toulouse, sort du silence\",\"datePublished\":\"2024-05-13T22:00:00+00:00\",\"mainEntityOfPage\":{\"@id\":\"https:\\\/\\\/www.accidentdutravail-idf.net\\\/blog\\\/jai-la-rage-on-a-sali-la-memoire-de-mon-fils-la-famille-de-jordan-linterne-retrouve-mort-au-chu-de-toulouse-sort-du-silence\\\/\"},\"wordCount\":860,\"publisher\":{\"@id\":\"https:\\\/\\\/www.accidentdutravail-idf.net\\\/blog\\\/#organization\"},\"image\":{\"@id\":\"https:\\\/\\\/www.accidentdutravail-idf.net\\\/blog\\\/jai-la-rage-on-a-sali-la-memoire-de-mon-fils-la-famille-de-jordan-linterne-retrouve-mort-au-chu-de-toulouse-sort-du-silence\\\/#primaryimage\"},\"thumbnailUrl\":\"https:\\\/\\\/www.accidentdutravail-idf.net\\\/blog\\\/wp-content\\\/uploads\\\/2024\\\/05\\\/jai-la-rage-on-a-sali-la-memoire-de-mon-fils-la-famille-de-jordan-linterne-retrouve-mort-au-chu-de-toulouse-sort-du-silence.jpg\",\"articleSection\":[\"S\u00e9curit\u00e9 Du Travail En Ile-De-France Et Divers:\"],\"inLanguage\":\"fr-FR\"},{\"@type\":\"WebPage\",\"@id\":\"https:\\\/\\\/www.accidentdutravail-idf.net\\\/blog\\\/jai-la-rage-on-a-sali-la-memoire-de-mon-fils-la-famille-de-jordan-linterne-retrouve-mort-au-chu-de-toulouse-sort-du-silence\\\/\",\"url\":\"https:\\\/\\\/www.accidentdutravail-idf.net\\\/blog\\\/jai-la-rage-on-a-sali-la-memoire-de-mon-fils-la-famille-de-jordan-linterne-retrouve-mort-au-chu-de-toulouse-sort-du-silence\\\/\",\"name\":\"\\\"J\u2019ai la rage, on a sali la m\u00e9moire de mon fils\\\" : la famille de Jordan, l\u2019interne retrouv\u00e9 mort au CHU de Toulouse, sort du silence - ACCIDENTDUTRAVAIL-IDF\",\"isPartOf\":{\"@id\":\"https:\\\/\\\/www.accidentdutravail-idf.net\\\/blog\\\/#website\"},\"primaryImageOfPage\":{\"@id\":\"https:\\\/\\\/www.accidentdutravail-idf.net\\\/blog\\\/jai-la-rage-on-a-sali-la-memoire-de-mon-fils-la-famille-de-jordan-linterne-retrouve-mort-au-chu-de-toulouse-sort-du-silence\\\/#primaryimage\"},\"image\":{\"@id\":\"https:\\\/\\\/www.accidentdutravail-idf.net\\\/blog\\\/jai-la-rage-on-a-sali-la-memoire-de-mon-fils-la-famille-de-jordan-linterne-retrouve-mort-au-chu-de-toulouse-sort-du-silence\\\/#primaryimage\"},\"thumbnailUrl\":\"https:\\\/\\\/www.accidentdutravail-idf.net\\\/blog\\\/wp-content\\\/uploads\\\/2024\\\/05\\\/jai-la-rage-on-a-sali-la-memoire-de-mon-fils-la-famille-de-jordan-linterne-retrouve-mort-au-chu-de-toulouse-sort-du-silence.jpg\",\"datePublished\":\"2024-05-13T22:00:00+00:00\",\"description\":\"\\\"J\u2019ai la rage, on a sali la m\u00e9moire de mon fils\\\" : la famille de Jordan, l\u2019interne retrouv\u00e9 mort au CHU de Toulouse, sort du silence article de ACCIDENTDUTRAVAIL-IDF\",\"breadcrumb\":{\"@id\":\"https:\\\/\\\/www.accidentdutravail-idf.net\\\/blog\\\/jai-la-rage-on-a-sali-la-memoire-de-mon-fils-la-famille-de-jordan-linterne-retrouve-mort-au-chu-de-toulouse-sort-du-silence\\\/#breadcrumb\"},\"inLanguage\":\"fr-FR\",\"potentialAction\":[{\"@type\":\"ReadAction\",\"target\":[\"https:\\\/\\\/www.accidentdutravail-idf.net\\\/blog\\\/jai-la-rage-on-a-sali-la-memoire-de-mon-fils-la-famille-de-jordan-linterne-retrouve-mort-au-chu-de-toulouse-sort-du-silence\\\/\"]}]},{\"@type\":\"ImageObject\",\"inLanguage\":\"fr-FR\",\"@id\":\"https:\\\/\\\/www.accidentdutravail-idf.net\\\/blog\\\/jai-la-rage-on-a-sali-la-memoire-de-mon-fils-la-famille-de-jordan-linterne-retrouve-mort-au-chu-de-toulouse-sort-du-silence\\\/#primaryimage\",\"url\":\"https:\\\/\\\/www.accidentdutravail-idf.net\\\/blog\\\/wp-content\\\/uploads\\\/2024\\\/05\\\/jai-la-rage-on-a-sali-la-memoire-de-mon-fils-la-famille-de-jordan-linterne-retrouve-mort-au-chu-de-toulouse-sort-du-silence.jpg\",\"contentUrl\":\"https:\\\/\\\/www.accidentdutravail-idf.net\\\/blog\\\/wp-content\\\/uploads\\\/2024\\\/05\\\/jai-la-rage-on-a-sali-la-memoire-de-mon-fils-la-famille-de-jordan-linterne-retrouve-mort-au-chu-de-toulouse-sort-du-silence.jpg\"},{\"@type\":\"BreadcrumbList\",\"@id\":\"https:\\\/\\\/www.accidentdutravail-idf.net\\\/blog\\\/jai-la-rage-on-a-sali-la-memoire-de-mon-fils-la-famille-de-jordan-linterne-retrouve-mort-au-chu-de-toulouse-sort-du-silence\\\/#breadcrumb\",\"itemListElement\":[{\"@type\":\"ListItem\",\"position\":1,\"name\":\"Accueil\",\"item\":\"https:\\\/\\\/www.accidentdutravail-idf.net\\\/blog\\\/\"},{\"@type\":\"ListItem\",\"position\":2,\"name\":\"\u00ab\u00a0J\u2019ai la rage, on a sali la m\u00e9moire de mon fils\u00a0\u00bb : la famille de Jordan, l\u2019interne retrouv\u00e9 mort au CHU de Toulouse, sort du silence\"}]},{\"@type\":\"WebSite\",\"@id\":\"https:\\\/\\\/www.accidentdutravail-idf.net\\\/blog\\\/#website\",\"url\":\"https:\\\/\\\/www.accidentdutravail-idf.net\\\/blog\\\/\",\"name\":\"ACCIDENTDUTRAVAIL-IDF\",\"description\":\"Portail accidents du travail-maladies professionnelles des entreprises d&#039;Ile-de-France\",\"publisher\":{\"@id\":\"https:\\\/\\\/www.accidentdutravail-idf.net\\\/blog\\\/#organization\"},\"potentialAction\":[{\"@type\":\"SearchAction\",\"target\":{\"@type\":\"EntryPoint\",\"urlTemplate\":\"https:\\\/\\\/www.accidentdutravail-idf.net\\\/blog\\\/?s={search_term_string}\"},\"query-input\":{\"@type\":\"PropertyValueSpecification\",\"valueRequired\":true,\"valueName\":\"search_term_string\"}}],\"inLanguage\":\"fr-FR\"},{\"@type\":\"Organization\",\"@id\":\"https:\\\/\\\/www.accidentdutravail-idf.net\\\/blog\\\/#organization\",\"name\":\"accidentdutravail-idf\",\"url\":\"https:\\\/\\\/www.accidentdutravail-idf.net\\\/blog\\\/\",\"logo\":{\"@type\":\"ImageObject\",\"inLanguage\":\"fr-FR\",\"@id\":\"https:\\\/\\\/www.accidentdutravail-idf.net\\\/blog\\\/#\\\/schema\\\/logo\\\/image\\\/\",\"url\":\"https:\\\/\\\/www.accidentdutravail-idf.net\\\/blog\\\/wp-content\\\/uploads\\\/2022\\\/09\\\/logo-2.png\",\"contentUrl\":\"https:\\\/\\\/www.accidentdutravail-idf.net\\\/blog\\\/wp-content\\\/uploads\\\/2022\\\/09\\\/logo-2.png\",\"width\":380,\"height\":291,\"caption\":\"accidentdutravail-idf\"},\"image\":{\"@id\":\"https:\\\/\\\/www.accidentdutravail-idf.net\\\/blog\\\/#\\\/schema\\\/logo\\\/image\\\/\"}},{\"@type\":\"Person\",\"@id\":\"https:\\\/\\\/www.accidentdutravail-idf.net\\\/blog\\\/#\\\/schema\\\/person\\\/3255d2f970de45e64bd9201f38e7b947\",\"name\":\"Carlos Poulain\",\"image\":{\"@type\":\"ImageObject\",\"inLanguage\":\"fr-FR\",\"@id\":\"https:\\\/\\\/secure.gravatar.com\\\/avatar\\\/b1c2f9d3588e34e91adb093635df64ef4b2381991216be7576466cfcdca4baf3?s=96&d=mm&r=g\",\"url\":\"https:\\\/\\\/secure.gravatar.com\\\/avatar\\\/b1c2f9d3588e34e91adb093635df64ef4b2381991216be7576466cfcdca4baf3?s=96&d=mm&r=g\",\"contentUrl\":\"https:\\\/\\\/secure.gravatar.com\\\/avatar\\\/b1c2f9d3588e34e91adb093635df64ef4b2381991216be7576466cfcdca4baf3?s=96&d=mm&r=g\",\"caption\":\"Carlos Poulain\"},\"url\":\"https:\\\/\\\/www.accidentdutravail-idf.net\\\/blog\\\/author\\\/idfcarlos\\\/\"}]}<\/script>\n<!-- \/ Yoast SEO plugin. -->","yoast_head_json":{"title":"\"J\u2019ai la rage, on a sali la m\u00e9moire de mon fils\" : la famille de Jordan, l\u2019interne retrouv\u00e9 mort au CHU de Toulouse, sort du silence - ACCIDENTDUTRAVAIL-IDF","description":"\"J\u2019ai la rage, on a sali la m\u00e9moire de mon fils\" : la famille de Jordan, l\u2019interne retrouv\u00e9 mort au CHU de Toulouse, sort du silence article de ACCIDENTDUTRAVAIL-IDF","robots":{"index":"index","follow":"follow","max-snippet":"max-snippet:-1","max-image-preview":"max-image-preview:large","max-video-preview":"max-video-preview:-1"},"canonical":"https:\/\/www.accidentdutravail-idf.net\/blog\/jai-la-rage-on-a-sali-la-memoire-de-mon-fils-la-famille-de-jordan-linterne-retrouve-mort-au-chu-de-toulouse-sort-du-silence\/","og_locale":"fr_FR","og_type":"article","og_title":"\"J\u2019ai la rage, on a sali la m\u00e9moire de mon fils\" : la famille de Jordan, l\u2019interne retrouv\u00e9 mort au CHU de Toulouse, sort du silence - ACCIDENTDUTRAVAIL-IDF","og_description":"\"J\u2019ai la rage, on a sali la m\u00e9moire de mon fils\" : la famille de Jordan, l\u2019interne retrouv\u00e9 mort au CHU de Toulouse, sort du silence article de ACCIDENTDUTRAVAIL-IDF","og_url":"https:\/\/www.accidentdutravail-idf.net\/blog\/jai-la-rage-on-a-sali-la-memoire-de-mon-fils-la-famille-de-jordan-linterne-retrouve-mort-au-chu-de-toulouse-sort-du-silence\/","og_site_name":"ACCIDENTDUTRAVAIL-IDF","article_published_time":"2024-05-13T22:00:00+00:00","og_image":[{"url":"https:\/\/www.accidentdutravail-idf.net\/blog\/wp-content\/uploads\/2024\/05\/jai-la-rage-on-a-sali-la-memoire-de-mon-fils-la-famille-de-jordan-linterne-retrouve-mort-au-chu-de-toulouse-sort-du-silence.jpg","type":"","width":"","height":""}],"author":"Carlos Poulain","twitter_card":"summary_large_image","twitter_misc":{"\u00c9crit par":"Carlos Poulain","Dur\u00e9e de lecture estim\u00e9e":"4 minutes"},"schema":{"@context":"https:\/\/schema.org","@graph":[{"@type":"Article","@id":"https:\/\/www.accidentdutravail-idf.net\/blog\/jai-la-rage-on-a-sali-la-memoire-de-mon-fils-la-famille-de-jordan-linterne-retrouve-mort-au-chu-de-toulouse-sort-du-silence\/#article","isPartOf":{"@id":"https:\/\/www.accidentdutravail-idf.net\/blog\/jai-la-rage-on-a-sali-la-memoire-de-mon-fils-la-famille-de-jordan-linterne-retrouve-mort-au-chu-de-toulouse-sort-du-silence\/"},"author":{"name":"Carlos Poulain","@id":"https:\/\/www.accidentdutravail-idf.net\/blog\/#\/schema\/person\/3255d2f970de45e64bd9201f38e7b947"},"headline":"\u00ab\u00a0J\u2019ai la rage, on a sali la m\u00e9moire de mon fils\u00a0\u00bb : la famille de Jordan, l\u2019interne retrouv\u00e9 mort au CHU de Toulouse, sort du silence","datePublished":"2024-05-13T22:00:00+00:00","mainEntityOfPage":{"@id":"https:\/\/www.accidentdutravail-idf.net\/blog\/jai-la-rage-on-a-sali-la-memoire-de-mon-fils-la-famille-de-jordan-linterne-retrouve-mort-au-chu-de-toulouse-sort-du-silence\/"},"wordCount":860,"publisher":{"@id":"https:\/\/www.accidentdutravail-idf.net\/blog\/#organization"},"image":{"@id":"https:\/\/www.accidentdutravail-idf.net\/blog\/jai-la-rage-on-a-sali-la-memoire-de-mon-fils-la-famille-de-jordan-linterne-retrouve-mort-au-chu-de-toulouse-sort-du-silence\/#primaryimage"},"thumbnailUrl":"https:\/\/www.accidentdutravail-idf.net\/blog\/wp-content\/uploads\/2024\/05\/jai-la-rage-on-a-sali-la-memoire-de-mon-fils-la-famille-de-jordan-linterne-retrouve-mort-au-chu-de-toulouse-sort-du-silence.jpg","articleSection":["S\u00e9curit\u00e9 Du Travail En Ile-De-France Et Divers:"],"inLanguage":"fr-FR"},{"@type":"WebPage","@id":"https:\/\/www.accidentdutravail-idf.net\/blog\/jai-la-rage-on-a-sali-la-memoire-de-mon-fils-la-famille-de-jordan-linterne-retrouve-mort-au-chu-de-toulouse-sort-du-silence\/","url":"https:\/\/www.accidentdutravail-idf.net\/blog\/jai-la-rage-on-a-sali-la-memoire-de-mon-fils-la-famille-de-jordan-linterne-retrouve-mort-au-chu-de-toulouse-sort-du-silence\/","name":"\"J\u2019ai la rage, on a sali la m\u00e9moire de mon fils\" : la famille de Jordan, l\u2019interne retrouv\u00e9 mort au CHU de Toulouse, sort du silence - ACCIDENTDUTRAVAIL-IDF","isPartOf":{"@id":"https:\/\/www.accidentdutravail-idf.net\/blog\/#website"},"primaryImageOfPage":{"@id":"https:\/\/www.accidentdutravail-idf.net\/blog\/jai-la-rage-on-a-sali-la-memoire-de-mon-fils-la-famille-de-jordan-linterne-retrouve-mort-au-chu-de-toulouse-sort-du-silence\/#primaryimage"},"image":{"@id":"https:\/\/www.accidentdutravail-idf.net\/blog\/jai-la-rage-on-a-sali-la-memoire-de-mon-fils-la-famille-de-jordan-linterne-retrouve-mort-au-chu-de-toulouse-sort-du-silence\/#primaryimage"},"thumbnailUrl":"https:\/\/www.accidentdutravail-idf.net\/blog\/wp-content\/uploads\/2024\/05\/jai-la-rage-on-a-sali-la-memoire-de-mon-fils-la-famille-de-jordan-linterne-retrouve-mort-au-chu-de-toulouse-sort-du-silence.jpg","datePublished":"2024-05-13T22:00:00+00:00","description":"\"J\u2019ai la rage, on a sali la m\u00e9moire de mon fils\" : la famille de Jordan, l\u2019interne retrouv\u00e9 mort au CHU de Toulouse, sort du silence article de ACCIDENTDUTRAVAIL-IDF","breadcrumb":{"@id":"https:\/\/www.accidentdutravail-idf.net\/blog\/jai-la-rage-on-a-sali-la-memoire-de-mon-fils-la-famille-de-jordan-linterne-retrouve-mort-au-chu-de-toulouse-sort-du-silence\/#breadcrumb"},"inLanguage":"fr-FR","potentialAction":[{"@type":"ReadAction","target":["https:\/\/www.accidentdutravail-idf.net\/blog\/jai-la-rage-on-a-sali-la-memoire-de-mon-fils-la-famille-de-jordan-linterne-retrouve-mort-au-chu-de-toulouse-sort-du-silence\/"]}]},{"@type":"ImageObject","inLanguage":"fr-FR","@id":"https:\/\/www.accidentdutravail-idf.net\/blog\/jai-la-rage-on-a-sali-la-memoire-de-mon-fils-la-famille-de-jordan-linterne-retrouve-mort-au-chu-de-toulouse-sort-du-silence\/#primaryimage","url":"https:\/\/www.accidentdutravail-idf.net\/blog\/wp-content\/uploads\/2024\/05\/jai-la-rage-on-a-sali-la-memoire-de-mon-fils-la-famille-de-jordan-linterne-retrouve-mort-au-chu-de-toulouse-sort-du-silence.jpg","contentUrl":"https:\/\/www.accidentdutravail-idf.net\/blog\/wp-content\/uploads\/2024\/05\/jai-la-rage-on-a-sali-la-memoire-de-mon-fils-la-famille-de-jordan-linterne-retrouve-mort-au-chu-de-toulouse-sort-du-silence.jpg"},{"@type":"BreadcrumbList","@id":"https:\/\/www.accidentdutravail-idf.net\/blog\/jai-la-rage-on-a-sali-la-memoire-de-mon-fils-la-famille-de-jordan-linterne-retrouve-mort-au-chu-de-toulouse-sort-du-silence\/#breadcrumb","itemListElement":[{"@type":"ListItem","position":1,"name":"Accueil","item":"https:\/\/www.accidentdutravail-idf.net\/blog\/"},{"@type":"ListItem","position":2,"name":"\u00ab\u00a0J\u2019ai la rage, on a sali la m\u00e9moire de mon fils\u00a0\u00bb : la famille de Jordan, l\u2019interne retrouv\u00e9 mort au CHU de Toulouse, sort du silence"}]},{"@type":"WebSite","@id":"https:\/\/www.accidentdutravail-idf.net\/blog\/#website","url":"https:\/\/www.accidentdutravail-idf.net\/blog\/","name":"ACCIDENTDUTRAVAIL-IDF","description":"Portail accidents du travail-maladies professionnelles des entreprises d&#039;Ile-de-France","publisher":{"@id":"https:\/\/www.accidentdutravail-idf.net\/blog\/#organization"},"potentialAction":[{"@type":"SearchAction","target":{"@type":"EntryPoint","urlTemplate":"https:\/\/www.accidentdutravail-idf.net\/blog\/?s={search_term_string}"},"query-input":{"@type":"PropertyValueSpecification","valueRequired":true,"valueName":"search_term_string"}}],"inLanguage":"fr-FR"},{"@type":"Organization","@id":"https:\/\/www.accidentdutravail-idf.net\/blog\/#organization","name":"accidentdutravail-idf","url":"https:\/\/www.accidentdutravail-idf.net\/blog\/","logo":{"@type":"ImageObject","inLanguage":"fr-FR","@id":"https:\/\/www.accidentdutravail-idf.net\/blog\/#\/schema\/logo\/image\/","url":"https:\/\/www.accidentdutravail-idf.net\/blog\/wp-content\/uploads\/2022\/09\/logo-2.png","contentUrl":"https:\/\/www.accidentdutravail-idf.net\/blog\/wp-content\/uploads\/2022\/09\/logo-2.png","width":380,"height":291,"caption":"accidentdutravail-idf"},"image":{"@id":"https:\/\/www.accidentdutravail-idf.net\/blog\/#\/schema\/logo\/image\/"}},{"@type":"Person","@id":"https:\/\/www.accidentdutravail-idf.net\/blog\/#\/schema\/person\/3255d2f970de45e64bd9201f38e7b947","name":"Carlos Poulain","image":{"@type":"ImageObject","inLanguage":"fr-FR","@id":"https:\/\/secure.gravatar.com\/avatar\/b1c2f9d3588e34e91adb093635df64ef4b2381991216be7576466cfcdca4baf3?s=96&d=mm&r=g","url":"https:\/\/secure.gravatar.com\/avatar\/b1c2f9d3588e34e91adb093635df64ef4b2381991216be7576466cfcdca4baf3?s=96&d=mm&r=g","contentUrl":"https:\/\/secure.gravatar.com\/avatar\/b1c2f9d3588e34e91adb093635df64ef4b2381991216be7576466cfcdca4baf3?s=96&d=mm&r=g","caption":"Carlos Poulain"},"url":"https:\/\/www.accidentdutravail-idf.net\/blog\/author\/idfcarlos\/"}]}},"_links":{"self":[{"href":"https:\/\/www.accidentdutravail-idf.net\/blog\/wp-json\/wp\/v2\/posts\/313","targetHints":{"allow":["GET"]}}],"collection":[{"href":"https:\/\/www.accidentdutravail-idf.net\/blog\/wp-json\/wp\/v2\/posts"}],"about":[{"href":"https:\/\/www.accidentdutravail-idf.net\/blog\/wp-json\/wp\/v2\/types\/post"}],"author":[{"embeddable":true,"href":"https:\/\/www.accidentdutravail-idf.net\/blog\/wp-json\/wp\/v2\/users\/2"}],"replies":[{"embeddable":true,"href":"https:\/\/www.accidentdutravail-idf.net\/blog\/wp-json\/wp\/v2\/comments?post=313"}],"version-history":[{"count":0,"href":"https:\/\/www.accidentdutravail-idf.net\/blog\/wp-json\/wp\/v2\/posts\/313\/revisions"}],"wp:attachment":[{"href":"https:\/\/www.accidentdutravail-idf.net\/blog\/wp-json\/wp\/v2\/media?parent=313"}],"wp:term":[{"taxonomy":"category","embeddable":true,"href":"https:\/\/www.accidentdutravail-idf.net\/blog\/wp-json\/wp\/v2\/categories?post=313"},{"taxonomy":"post_tag","embeddable":true,"href":"https:\/\/www.accidentdutravail-idf.net\/blog\/wp-json\/wp\/v2\/tags?post=313"}],"curies":[{"name":"wp","href":"https:\/\/api.w.org\/{rel}","templated":true}]}}