{"id":309,"date":"2024-05-13T13:08:00","date_gmt":"2024-05-13T11:08:00","guid":{"rendered":"https:\/\/www.accidentdutravail-idf.net\/blog\/proces-de-laccident-du-tgv-est-le-procureur-denonce-un-aveuglement-collectif\/"},"modified":"2024-05-13T13:08:00","modified_gmt":"2024-05-13T11:08:00","slug":"proces-de-laccident-du-tgv-est-le-procureur-denonce-un-aveuglement-collectif","status":"publish","type":"post","link":"https:\/\/www.accidentdutravail-idf.net\/blog\/proces-de-laccident-du-tgv-est-le-procureur-denonce-un-aveuglement-collectif\/","title":{"rendered":"Proc\u00e8s de l&rsquo;accident du TGV Est: le procureur d\u00e9nonce un \u00ab\u00a0aveuglement collectif\u00a0\u00bb"},"content":{"rendered":"<p>Des peines de prison avec sursis et de lourdes amendes ont \u00e9t\u00e9 requises lundi au proc\u00e8s de l&rsquo;accident du TGV Est qui a entra\u00een\u00e9 la mort de 11 personnes et fait 42 bless\u00e9s en Alsace le 14 novembre 2015.<\/p>\n<p>Le procureur de la R\u00e9publique a d\u00e9nonc\u00e9 un \u00ab\u00a0aveuglement collectif\u00a0\u00bb dans les essais en survitesse et mis en avant \u00ab\u00a0la responsabilit\u00e9 partag\u00e9e\u00a0\u00bb de cinq des six pr\u00e9venus jug\u00e9s devant le tribunal correctionnel de Paris pour homicides et blessures involontaires par maladresse, imprudence, n\u00e9gligence ou manquement \u00e0 une obligation de s\u00e9curit\u00e9.<\/p>\n<p>Le procureur a requis un an de prison avec sursis \u00e0 l&rsquo;encontre du conducteur de la rame Denis T. et deux ans de prison avec sursis contre Francis L., le cadre charg\u00e9 de lui donner les consignes de freinage et d&rsquo;acc\u00e9l\u00e9ration.<\/p>\n<p>Le magistrat a en revanche \u00e9cart\u00e9 toute \u00ab\u00a0responsabilit\u00e9 p\u00e9nale\u00a0\u00bb \u00e0 l&rsquo;encontre de Philippe B., le technicien de Systra &#8211; la soci\u00e9t\u00e9 ma\u00eetre d&rsquo;oeuvre des essais &#8211; charg\u00e9 de renseigner le conducteur sur les particularit\u00e9s de la voie.<\/p>\n<p>C&rsquo;est contre les trois personnes morales (SNCF, SNCF-R\u00e9seau et Systra) que Nicolas Hennebelle s&rsquo;est montr\u00e9 le plus s\u00e9v\u00e8re.<\/p>\n<p>\u00ab\u00a0Systra a la responsabilit\u00e9 la plus importante\u00a0\u00bb dans l&rsquo;accident, a affirm\u00e9 le procureur en r\u00e9clamant une amende de 225.000 euros, soit le maximum l\u00e9gal, \u00e0 son encontre.<\/p>\n<p>\u00ab\u00a0Je regrette que le maximum l\u00e9gal ne soit pas \u00e0 la hauteur\u00a0\u00bb de \u00ab\u00a0la douleur indicible\u00a0\u00bb des victimes, a ajout\u00e9 le procureur.<\/p>\n<p>Systra a \u00ab\u00a0manqu\u00e9 \u00e0 sa mission d&rsquo;\u00e9valuation et de mise en \u0153uvre de la s\u00e9curit\u00e9\u00a0\u00bb, a dit le procureur.<\/p>\n<p>Il a requis une peine de 200.000 euros, multipli\u00e9e par deux \u00ab\u00a0en raison de l&rsquo;\u00e9tat de r\u00e9cidive l\u00e9gale\u00a0\u00bb, soit 400.000 euros, contre la SNCF et une amende de 150.000 euros, multipli\u00e9e par deux en raison \u00e9galement de l&rsquo;\u00e9tat de r\u00e9cidive l\u00e9gale, soit 300.000 euros, contre SNCF-R\u00e9seau.<\/p>\n<p>\u00ab\u00a0Tout semble avoir \u00e9t\u00e9 fait pour mettre en danger la conduite de la rame\u00a0\u00bb, a affirm\u00e9 le magistrat dans ses r\u00e9quisitions.<\/p>\n<div class=\"image-container test-main-image\" id=\"image-inline-2\" data-format=\"article_100\" data-id=\"2\" data-style=\"center\">\n<div class=\"image-container js-paywall-remove-element\"><img decoding=\"async\" alt=\"Proc\u00e8s de l'accident du TGV Est: le procureur d\u00e9nonce un &quot;aveuglement collectif&quot;\" class=\"img-responsive\" src=\"https:\/\/www.accidentdutravail-idf.net\/blog\/wp-content\/uploads\/2024\/05\/proces-de-laccident-du-tgv-est-le-procureur-denonce-un-aveuglement-collectif.jpg\"><\/p>\n<div class=\"article-info-area\">\n<div class=\"article-info-caption\"><figcaption>\n<p class=\"under-picture\">Des secours sur le site du d\u00e9raillement d&rsquo;une rame d&rsquo;essai de TGV \u00e0 Eckwersheim, pr\u00e8s de Strasbourg, le 15 novembre 2015 dans le Bas-Rhin \/ FREDERICK FLORIN \/ AFP\/Archives <\/p>\n<\/figcaption><\/div>\n<\/div>\n<\/div>\n<\/div>\n<p>Il a relev\u00e9 des \u00ab\u00a0fautes\u00a0\u00bb, des \u00ab\u00a0manquements dans la formation\u00a0\u00bb ou encore des \u00ab\u00a0probl\u00e8mes d&rsquo;organisation et de coordination des essais\u00a0\u00bb de la part des trois soci\u00e9t\u00e9s mises en cause. Il a fustig\u00e9 \u00ab\u00a0des d\u00e9cisions absurdes\u00a0\u00bb, un \u00ab\u00a0d\u00e9faut de rationalit\u00e9\u00a0\u00bb et \u00ab\u00a0une confiance excessive des uns envers les autres\u00a0\u00bb.<\/p>\n<p>L&rsquo;enqu\u00eate a \u00e9tabli que ni le mat\u00e9riel ni la voie ne pouvaient \u00eatre mis en cause pour expliquer le d\u00e9raillement du TGV, qui transportait 53 personnes, dont 35 \u00ab\u00a0invit\u00e9s\u00a0\u00bb.<\/p>\n<p>La vitesse excessive et un freinage tardif sont \u00e0 l&rsquo;origine d&rsquo;un accident que tous les protagonistes jugeaient \u00ab\u00a0impensable\u00a0\u00bb, a rappel\u00e9 le procureur.<\/p>\n<h2>\u00ab\u00a0Erreur grossi\u00e8re\u00a0\u00bb<\/h2>\n<p>Le TGV, qui effectuait des tests sur l&rsquo;ultime portion de la ligne \u00e0 grande vitesse entre Paris et Strasbourg avant son ouverture au public, a abord\u00e9 une courbe \u00e0 265 km\/h, tr\u00e8s largement au-dessus des 176 km\/h pr\u00e9vus \u00e0 cet endroit.<\/p>\n<div class=\"image-container test-main-image\" id=\"image-inline-3\" data-format=\"article_100\" data-id=\"3\" data-style=\"center\">\n<div class=\"image-container js-paywall-remove-element\"><img decoding=\"async\" alt=\"Proc\u00e8s de l'accident du TGV Est: le procureur d\u00e9nonce un &quot;aveuglement collectif&quot;\" class=\"img-responsive\" src=\"https:\/\/www.accidentdutravail-idf.net\/blog\/wp-content\/uploads\/2024\/05\/proces-de-laccident-du-tgv-est-le-procureur-denonce-un-aveuglement-collectif-1.jpg\"><\/p>\n<div class=\"article-info-area\">\n<div class=\"article-info-caption\"><figcaption>\n<p class=\"under-picture\">Une rame d&rsquo;essais de TGV tomb\u00e9e dans un canal \u00e0 Eckwersheim, au lendemain de son d\u00e9raillement, pr\u00e8s de Strasbourg, le 15 novembre 2015 dans le Bas-Rhin \/ Frederick FLORIN \/ AFP\/Archives <\/p>\n<\/figcaption><\/div>\n<\/div>\n<\/div>\n<\/div>\n<p>Il a d\u00e9raill\u00e9 200 m\u00e8tres plus loin, heurtant le parapet du pont au-dessus du canal de la Marne au Rhin \u00e0 la hauteur d&rsquo;Eckwersheim (Bas-Rhin), \u00e0 20 km de Strasbourg, \u00e0 une vitesse estim\u00e9e de 243 km\/h.<\/p>\n<p>Selon Nicolas Hennebelle, le conducteur a \u00ab\u00a0commis une erreur grossi\u00e8re\u00a0\u00bb en proposant \u00ab\u00a0de freiner \u00e0 un moment o\u00f9 c\u2019\u00e9tait impossible\u00a0\u00bb.<\/p>\n<p>Le magistrat a \u00e9galement soulign\u00e9 \u00ab\u00a0l&rsquo;imprudence\u00a0\u00bb du cadre qui l&rsquo;accompagnait pour avoir d\u00e9termin\u00e9 \u00ab\u00a0une strat\u00e9gie de freinage sans aucune marge de s\u00e9curit\u00e9\u00a0\u00bb.<\/p>\n<p>Tout au long des deux mois d&rsquo;audience, les pr\u00e9venus se sont renvoy\u00e9s la responsabilit\u00e9 de l&rsquo;accident, sans reconna\u00eetre la moindre faute.<\/p>\n<p>Le repr\u00e9sentant de Systra a affirm\u00e9 que sa soci\u00e9t\u00e9 avait \u00ab\u00a0rempli l&rsquo;ensemble de ses obligations\u00a0\u00bb. Seul celui de la SNCF a fini par conc\u00e9der un \u00ab\u00a0on a \u00e9t\u00e9 mauvais\u00a0\u00bb.<\/p>\n<p>La parole sera donn\u00e9e \u00e0 la d\u00e9fense mardi et jeudi (il n&rsquo;y a pas d&rsquo;audience le mercredi).<\/p>\n<p>Mardi ce sont les avocats des trois personnes physiques qui plaideront. Jeudi, ce sera au tour des avocats des trois soci\u00e9t\u00e9s mises en cause.<\/p>\n<p>Tous les avocats de la d\u00e9fense ont pr\u00e9vu de plaider la relaxe de leur client.<\/p>\n<p>La d\u00e9cision du tribunal doit \u00eatre rendue dans les prochains mois.<\/p>\n<p> accidentdutravail-idf.net vous a pr\u00e9par\u00e9 ce post qui informe du sujet \u00ab\u00a0Association Sportive Huisson-Longueville Essonne\u00a0\u00bb. La chronique se veut g\u00e9n\u00e9r\u00e9e du mieux possible. Vous pouvez utiliser les coordonn\u00e9es indiqu\u00e9es sur le site dans le but d\u2019apporter des explications sur ce post qui parle du th\u00e8me \u00ab\u00a0Association Sportive Huisson-Longueville Essonne\u00a0\u00bb. Le site accidentdutravail-idf.net a pour but de fournir diverses publications sur la th\u00e9matique Association Sportive Huisson-Longueville Essonne diffus\u00e9es sur le net. Il y aura plusieurs articles autour du sujet \u00ab\u00a0Association Sportive Huisson-Longueville Essonne\u00a0\u00bb dans quelques jours, nous vous invitons \u00e0 naviguer sur notre site web \u00e0 plusieurs reprises.<\/p>\n","protected":false},"excerpt":{"rendered":"<p>Des peines de prison avec sursis et de lourdes amendes ont \u00e9t\u00e9 requises lundi au proc\u00e8s de l&rsquo;accident du TGV Est qui a entra\u00een\u00e9 la mort de 11 personnes et fait 42 bless\u00e9s en Alsace le 14 novembre 2015. Le procureur de la R\u00e9publique a d\u00e9nonc\u00e9 un \u00ab\u00a0aveuglement collectif\u00a0\u00bb dans les essais en survitesse et &hellip; <\/p>\n<p class=\"link-more\"><a href=\"https:\/\/www.accidentdutravail-idf.net\/blog\/proces-de-laccident-du-tgv-est-le-procureur-denonce-un-aveuglement-collectif\/\" class=\"more-link\">Continuer la lecture <span class=\"screen-reader-text\"> \u00ab\u00a0Proc\u00e8s de l&rsquo;accident du TGV Est: le procureur d\u00e9nonce un \u00ab\u00a0aveuglement collectif\u00a0\u00bb\u00a0\u00bb<\/span><\/a><\/p>\n","protected":false},"author":2,"featured_media":0,"comment_status":"closed","ping_status":"closed","sticky":false,"template":"","format":"standard","meta":{"footnotes":""},"categories":[5],"tags":[],"class_list":["post-309","post","type-post","status-publish","format-standard","hentry","category-securite-du-travail-en-ile-de-france-et-divers","entry"],"yoast_head":"<!-- This site is optimized with the Yoast SEO plugin v27.5 - https:\/\/yoast.com\/product\/yoast-seo-wordpress\/ -->\n<title>Proc\u00e8s de l&#039;accident du TGV Est: le procureur d\u00e9nonce un &quot;aveuglement collectif&quot; - ACCIDENTDUTRAVAIL-IDF<\/title>\n<meta name=\"description\" content=\"Proc\u00e8s de l&#039;accident du TGV Est: le procureur d\u00e9nonce un &quot;aveuglement collectif&quot; article de ACCIDENTDUTRAVAIL-IDF\" \/>\n<meta name=\"robots\" content=\"index, follow, max-snippet:-1, max-image-preview:large, max-video-preview:-1\" \/>\n<link rel=\"canonical\" href=\"https:\/\/www.accidentdutravail-idf.net\/blog\/proces-de-laccident-du-tgv-est-le-procureur-denonce-un-aveuglement-collectif\/\" \/>\n<meta property=\"og:locale\" content=\"fr_FR\" \/>\n<meta property=\"og:type\" content=\"article\" \/>\n<meta property=\"og:title\" content=\"Proc\u00e8s de l&#039;accident du TGV Est: le procureur d\u00e9nonce un &quot;aveuglement collectif&quot; - ACCIDENTDUTRAVAIL-IDF\" \/>\n<meta property=\"og:description\" content=\"Proc\u00e8s de l&#039;accident du TGV Est: le procureur d\u00e9nonce un &quot;aveuglement collectif&quot; article de ACCIDENTDUTRAVAIL-IDF\" \/>\n<meta property=\"og:url\" content=\"https:\/\/www.accidentdutravail-idf.net\/blog\/proces-de-laccident-du-tgv-est-le-procureur-denonce-un-aveuglement-collectif\/\" \/>\n<meta property=\"og:site_name\" content=\"ACCIDENTDUTRAVAIL-IDF\" \/>\n<meta property=\"article:published_time\" content=\"2024-05-13T11:08:00+00:00\" \/>\n<meta property=\"og:image\" content=\"https:\/\/www.accidentdutravail-idf.net\/blog\/wp-content\/uploads\/2024\/05\/proces-de-laccident-du-tgv-est-le-procureur-denonce-un-aveuglement-collectif.jpg\" \/>\n<meta name=\"author\" content=\"Carlos Poulain\" \/>\n<meta name=\"twitter:card\" content=\"summary_large_image\" \/>\n<meta name=\"twitter:label1\" content=\"\u00c9crit par\" \/>\n\t<meta name=\"twitter:data1\" content=\"Carlos Poulain\" \/>\n\t<meta name=\"twitter:label2\" content=\"Dur\u00e9e de lecture estim\u00e9e\" \/>\n\t<meta name=\"twitter:data2\" content=\"4 minutes\" \/>\n<script type=\"application\/ld+json\" class=\"yoast-schema-graph\">{\"@context\":\"https:\\\/\\\/schema.org\",\"@graph\":[{\"@type\":\"Article\",\"@id\":\"https:\\\/\\\/www.accidentdutravail-idf.net\\\/blog\\\/proces-de-laccident-du-tgv-est-le-procureur-denonce-un-aveuglement-collectif\\\/#article\",\"isPartOf\":{\"@id\":\"https:\\\/\\\/www.accidentdutravail-idf.net\\\/blog\\\/proces-de-laccident-du-tgv-est-le-procureur-denonce-un-aveuglement-collectif\\\/\"},\"author\":{\"name\":\"Carlos Poulain\",\"@id\":\"https:\\\/\\\/www.accidentdutravail-idf.net\\\/blog\\\/#\\\/schema\\\/person\\\/3255d2f970de45e64bd9201f38e7b947\"},\"headline\":\"Proc\u00e8s de l&rsquo;accident du TGV Est: le procureur d\u00e9nonce un \u00ab\u00a0aveuglement collectif\u00a0\u00bb\",\"datePublished\":\"2024-05-13T11:08:00+00:00\",\"mainEntityOfPage\":{\"@id\":\"https:\\\/\\\/www.accidentdutravail-idf.net\\\/blog\\\/proces-de-laccident-du-tgv-est-le-procureur-denonce-un-aveuglement-collectif\\\/\"},\"wordCount\":874,\"publisher\":{\"@id\":\"https:\\\/\\\/www.accidentdutravail-idf.net\\\/blog\\\/#organization\"},\"image\":{\"@id\":\"https:\\\/\\\/www.accidentdutravail-idf.net\\\/blog\\\/proces-de-laccident-du-tgv-est-le-procureur-denonce-un-aveuglement-collectif\\\/#primaryimage\"},\"thumbnailUrl\":\"https:\\\/\\\/www.accidentdutravail-idf.net\\\/blog\\\/wp-content\\\/uploads\\\/2024\\\/05\\\/proces-de-laccident-du-tgv-est-le-procureur-denonce-un-aveuglement-collectif.jpg\",\"articleSection\":[\"S\u00e9curit\u00e9 Du Travail En Ile-De-France Et Divers:\"],\"inLanguage\":\"fr-FR\"},{\"@type\":\"WebPage\",\"@id\":\"https:\\\/\\\/www.accidentdutravail-idf.net\\\/blog\\\/proces-de-laccident-du-tgv-est-le-procureur-denonce-un-aveuglement-collectif\\\/\",\"url\":\"https:\\\/\\\/www.accidentdutravail-idf.net\\\/blog\\\/proces-de-laccident-du-tgv-est-le-procureur-denonce-un-aveuglement-collectif\\\/\",\"name\":\"Proc\u00e8s de l'accident du TGV Est: le procureur d\u00e9nonce un \\\"aveuglement collectif\\\" - ACCIDENTDUTRAVAIL-IDF\",\"isPartOf\":{\"@id\":\"https:\\\/\\\/www.accidentdutravail-idf.net\\\/blog\\\/#website\"},\"primaryImageOfPage\":{\"@id\":\"https:\\\/\\\/www.accidentdutravail-idf.net\\\/blog\\\/proces-de-laccident-du-tgv-est-le-procureur-denonce-un-aveuglement-collectif\\\/#primaryimage\"},\"image\":{\"@id\":\"https:\\\/\\\/www.accidentdutravail-idf.net\\\/blog\\\/proces-de-laccident-du-tgv-est-le-procureur-denonce-un-aveuglement-collectif\\\/#primaryimage\"},\"thumbnailUrl\":\"https:\\\/\\\/www.accidentdutravail-idf.net\\\/blog\\\/wp-content\\\/uploads\\\/2024\\\/05\\\/proces-de-laccident-du-tgv-est-le-procureur-denonce-un-aveuglement-collectif.jpg\",\"datePublished\":\"2024-05-13T11:08:00+00:00\",\"description\":\"Proc\u00e8s de l'accident du TGV Est: le procureur d\u00e9nonce un \\\"aveuglement collectif\\\" article de ACCIDENTDUTRAVAIL-IDF\",\"breadcrumb\":{\"@id\":\"https:\\\/\\\/www.accidentdutravail-idf.net\\\/blog\\\/proces-de-laccident-du-tgv-est-le-procureur-denonce-un-aveuglement-collectif\\\/#breadcrumb\"},\"inLanguage\":\"fr-FR\",\"potentialAction\":[{\"@type\":\"ReadAction\",\"target\":[\"https:\\\/\\\/www.accidentdutravail-idf.net\\\/blog\\\/proces-de-laccident-du-tgv-est-le-procureur-denonce-un-aveuglement-collectif\\\/\"]}]},{\"@type\":\"ImageObject\",\"inLanguage\":\"fr-FR\",\"@id\":\"https:\\\/\\\/www.accidentdutravail-idf.net\\\/blog\\\/proces-de-laccident-du-tgv-est-le-procureur-denonce-un-aveuglement-collectif\\\/#primaryimage\",\"url\":\"https:\\\/\\\/www.accidentdutravail-idf.net\\\/blog\\\/wp-content\\\/uploads\\\/2024\\\/05\\\/proces-de-laccident-du-tgv-est-le-procureur-denonce-un-aveuglement-collectif.jpg\",\"contentUrl\":\"https:\\\/\\\/www.accidentdutravail-idf.net\\\/blog\\\/wp-content\\\/uploads\\\/2024\\\/05\\\/proces-de-laccident-du-tgv-est-le-procureur-denonce-un-aveuglement-collectif.jpg\"},{\"@type\":\"BreadcrumbList\",\"@id\":\"https:\\\/\\\/www.accidentdutravail-idf.net\\\/blog\\\/proces-de-laccident-du-tgv-est-le-procureur-denonce-un-aveuglement-collectif\\\/#breadcrumb\",\"itemListElement\":[{\"@type\":\"ListItem\",\"position\":1,\"name\":\"Accueil\",\"item\":\"https:\\\/\\\/www.accidentdutravail-idf.net\\\/blog\\\/\"},{\"@type\":\"ListItem\",\"position\":2,\"name\":\"Proc\u00e8s de l&rsquo;accident du TGV Est: le procureur d\u00e9nonce un \u00ab\u00a0aveuglement collectif\u00a0\u00bb\"}]},{\"@type\":\"WebSite\",\"@id\":\"https:\\\/\\\/www.accidentdutravail-idf.net\\\/blog\\\/#website\",\"url\":\"https:\\\/\\\/www.accidentdutravail-idf.net\\\/blog\\\/\",\"name\":\"ACCIDENTDUTRAVAIL-IDF\",\"description\":\"Portail accidents du travail-maladies professionnelles des entreprises d&#039;Ile-de-France\",\"publisher\":{\"@id\":\"https:\\\/\\\/www.accidentdutravail-idf.net\\\/blog\\\/#organization\"},\"potentialAction\":[{\"@type\":\"SearchAction\",\"target\":{\"@type\":\"EntryPoint\",\"urlTemplate\":\"https:\\\/\\\/www.accidentdutravail-idf.net\\\/blog\\\/?s={search_term_string}\"},\"query-input\":{\"@type\":\"PropertyValueSpecification\",\"valueRequired\":true,\"valueName\":\"search_term_string\"}}],\"inLanguage\":\"fr-FR\"},{\"@type\":\"Organization\",\"@id\":\"https:\\\/\\\/www.accidentdutravail-idf.net\\\/blog\\\/#organization\",\"name\":\"accidentdutravail-idf\",\"url\":\"https:\\\/\\\/www.accidentdutravail-idf.net\\\/blog\\\/\",\"logo\":{\"@type\":\"ImageObject\",\"inLanguage\":\"fr-FR\",\"@id\":\"https:\\\/\\\/www.accidentdutravail-idf.net\\\/blog\\\/#\\\/schema\\\/logo\\\/image\\\/\",\"url\":\"https:\\\/\\\/www.accidentdutravail-idf.net\\\/blog\\\/wp-content\\\/uploads\\\/2022\\\/09\\\/logo-2.png\",\"contentUrl\":\"https:\\\/\\\/www.accidentdutravail-idf.net\\\/blog\\\/wp-content\\\/uploads\\\/2022\\\/09\\\/logo-2.png\",\"width\":380,\"height\":291,\"caption\":\"accidentdutravail-idf\"},\"image\":{\"@id\":\"https:\\\/\\\/www.accidentdutravail-idf.net\\\/blog\\\/#\\\/schema\\\/logo\\\/image\\\/\"}},{\"@type\":\"Person\",\"@id\":\"https:\\\/\\\/www.accidentdutravail-idf.net\\\/blog\\\/#\\\/schema\\\/person\\\/3255d2f970de45e64bd9201f38e7b947\",\"name\":\"Carlos Poulain\",\"image\":{\"@type\":\"ImageObject\",\"inLanguage\":\"fr-FR\",\"@id\":\"https:\\\/\\\/secure.gravatar.com\\\/avatar\\\/b1c2f9d3588e34e91adb093635df64ef4b2381991216be7576466cfcdca4baf3?s=96&d=mm&r=g\",\"url\":\"https:\\\/\\\/secure.gravatar.com\\\/avatar\\\/b1c2f9d3588e34e91adb093635df64ef4b2381991216be7576466cfcdca4baf3?s=96&d=mm&r=g\",\"contentUrl\":\"https:\\\/\\\/secure.gravatar.com\\\/avatar\\\/b1c2f9d3588e34e91adb093635df64ef4b2381991216be7576466cfcdca4baf3?s=96&d=mm&r=g\",\"caption\":\"Carlos Poulain\"},\"url\":\"https:\\\/\\\/www.accidentdutravail-idf.net\\\/blog\\\/author\\\/idfcarlos\\\/\"}]}<\/script>\n<!-- \/ Yoast SEO plugin. -->","yoast_head_json":{"title":"Proc\u00e8s de l'accident du TGV Est: le procureur d\u00e9nonce un \"aveuglement collectif\" - ACCIDENTDUTRAVAIL-IDF","description":"Proc\u00e8s de l'accident du TGV Est: le procureur d\u00e9nonce un \"aveuglement collectif\" article de ACCIDENTDUTRAVAIL-IDF","robots":{"index":"index","follow":"follow","max-snippet":"max-snippet:-1","max-image-preview":"max-image-preview:large","max-video-preview":"max-video-preview:-1"},"canonical":"https:\/\/www.accidentdutravail-idf.net\/blog\/proces-de-laccident-du-tgv-est-le-procureur-denonce-un-aveuglement-collectif\/","og_locale":"fr_FR","og_type":"article","og_title":"Proc\u00e8s de l'accident du TGV Est: le procureur d\u00e9nonce un \"aveuglement collectif\" - ACCIDENTDUTRAVAIL-IDF","og_description":"Proc\u00e8s de l'accident du TGV Est: le procureur d\u00e9nonce un \"aveuglement collectif\" article de ACCIDENTDUTRAVAIL-IDF","og_url":"https:\/\/www.accidentdutravail-idf.net\/blog\/proces-de-laccident-du-tgv-est-le-procureur-denonce-un-aveuglement-collectif\/","og_site_name":"ACCIDENTDUTRAVAIL-IDF","article_published_time":"2024-05-13T11:08:00+00:00","og_image":[{"url":"https:\/\/www.accidentdutravail-idf.net\/blog\/wp-content\/uploads\/2024\/05\/proces-de-laccident-du-tgv-est-le-procureur-denonce-un-aveuglement-collectif.jpg","type":"","width":"","height":""}],"author":"Carlos Poulain","twitter_card":"summary_large_image","twitter_misc":{"\u00c9crit par":"Carlos Poulain","Dur\u00e9e de lecture estim\u00e9e":"4 minutes"},"schema":{"@context":"https:\/\/schema.org","@graph":[{"@type":"Article","@id":"https:\/\/www.accidentdutravail-idf.net\/blog\/proces-de-laccident-du-tgv-est-le-procureur-denonce-un-aveuglement-collectif\/#article","isPartOf":{"@id":"https:\/\/www.accidentdutravail-idf.net\/blog\/proces-de-laccident-du-tgv-est-le-procureur-denonce-un-aveuglement-collectif\/"},"author":{"name":"Carlos Poulain","@id":"https:\/\/www.accidentdutravail-idf.net\/blog\/#\/schema\/person\/3255d2f970de45e64bd9201f38e7b947"},"headline":"Proc\u00e8s de l&rsquo;accident du TGV Est: le procureur d\u00e9nonce un \u00ab\u00a0aveuglement collectif\u00a0\u00bb","datePublished":"2024-05-13T11:08:00+00:00","mainEntityOfPage":{"@id":"https:\/\/www.accidentdutravail-idf.net\/blog\/proces-de-laccident-du-tgv-est-le-procureur-denonce-un-aveuglement-collectif\/"},"wordCount":874,"publisher":{"@id":"https:\/\/www.accidentdutravail-idf.net\/blog\/#organization"},"image":{"@id":"https:\/\/www.accidentdutravail-idf.net\/blog\/proces-de-laccident-du-tgv-est-le-procureur-denonce-un-aveuglement-collectif\/#primaryimage"},"thumbnailUrl":"https:\/\/www.accidentdutravail-idf.net\/blog\/wp-content\/uploads\/2024\/05\/proces-de-laccident-du-tgv-est-le-procureur-denonce-un-aveuglement-collectif.jpg","articleSection":["S\u00e9curit\u00e9 Du Travail En Ile-De-France Et Divers:"],"inLanguage":"fr-FR"},{"@type":"WebPage","@id":"https:\/\/www.accidentdutravail-idf.net\/blog\/proces-de-laccident-du-tgv-est-le-procureur-denonce-un-aveuglement-collectif\/","url":"https:\/\/www.accidentdutravail-idf.net\/blog\/proces-de-laccident-du-tgv-est-le-procureur-denonce-un-aveuglement-collectif\/","name":"Proc\u00e8s de l'accident du TGV Est: le procureur d\u00e9nonce un \"aveuglement collectif\" - ACCIDENTDUTRAVAIL-IDF","isPartOf":{"@id":"https:\/\/www.accidentdutravail-idf.net\/blog\/#website"},"primaryImageOfPage":{"@id":"https:\/\/www.accidentdutravail-idf.net\/blog\/proces-de-laccident-du-tgv-est-le-procureur-denonce-un-aveuglement-collectif\/#primaryimage"},"image":{"@id":"https:\/\/www.accidentdutravail-idf.net\/blog\/proces-de-laccident-du-tgv-est-le-procureur-denonce-un-aveuglement-collectif\/#primaryimage"},"thumbnailUrl":"https:\/\/www.accidentdutravail-idf.net\/blog\/wp-content\/uploads\/2024\/05\/proces-de-laccident-du-tgv-est-le-procureur-denonce-un-aveuglement-collectif.jpg","datePublished":"2024-05-13T11:08:00+00:00","description":"Proc\u00e8s de l'accident du TGV Est: le procureur d\u00e9nonce un \"aveuglement collectif\" article de ACCIDENTDUTRAVAIL-IDF","breadcrumb":{"@id":"https:\/\/www.accidentdutravail-idf.net\/blog\/proces-de-laccident-du-tgv-est-le-procureur-denonce-un-aveuglement-collectif\/#breadcrumb"},"inLanguage":"fr-FR","potentialAction":[{"@type":"ReadAction","target":["https:\/\/www.accidentdutravail-idf.net\/blog\/proces-de-laccident-du-tgv-est-le-procureur-denonce-un-aveuglement-collectif\/"]}]},{"@type":"ImageObject","inLanguage":"fr-FR","@id":"https:\/\/www.accidentdutravail-idf.net\/blog\/proces-de-laccident-du-tgv-est-le-procureur-denonce-un-aveuglement-collectif\/#primaryimage","url":"https:\/\/www.accidentdutravail-idf.net\/blog\/wp-content\/uploads\/2024\/05\/proces-de-laccident-du-tgv-est-le-procureur-denonce-un-aveuglement-collectif.jpg","contentUrl":"https:\/\/www.accidentdutravail-idf.net\/blog\/wp-content\/uploads\/2024\/05\/proces-de-laccident-du-tgv-est-le-procureur-denonce-un-aveuglement-collectif.jpg"},{"@type":"BreadcrumbList","@id":"https:\/\/www.accidentdutravail-idf.net\/blog\/proces-de-laccident-du-tgv-est-le-procureur-denonce-un-aveuglement-collectif\/#breadcrumb","itemListElement":[{"@type":"ListItem","position":1,"name":"Accueil","item":"https:\/\/www.accidentdutravail-idf.net\/blog\/"},{"@type":"ListItem","position":2,"name":"Proc\u00e8s de l&rsquo;accident du TGV Est: le procureur d\u00e9nonce un \u00ab\u00a0aveuglement collectif\u00a0\u00bb"}]},{"@type":"WebSite","@id":"https:\/\/www.accidentdutravail-idf.net\/blog\/#website","url":"https:\/\/www.accidentdutravail-idf.net\/blog\/","name":"ACCIDENTDUTRAVAIL-IDF","description":"Portail accidents du travail-maladies professionnelles des entreprises d&#039;Ile-de-France","publisher":{"@id":"https:\/\/www.accidentdutravail-idf.net\/blog\/#organization"},"potentialAction":[{"@type":"SearchAction","target":{"@type":"EntryPoint","urlTemplate":"https:\/\/www.accidentdutravail-idf.net\/blog\/?s={search_term_string}"},"query-input":{"@type":"PropertyValueSpecification","valueRequired":true,"valueName":"search_term_string"}}],"inLanguage":"fr-FR"},{"@type":"Organization","@id":"https:\/\/www.accidentdutravail-idf.net\/blog\/#organization","name":"accidentdutravail-idf","url":"https:\/\/www.accidentdutravail-idf.net\/blog\/","logo":{"@type":"ImageObject","inLanguage":"fr-FR","@id":"https:\/\/www.accidentdutravail-idf.net\/blog\/#\/schema\/logo\/image\/","url":"https:\/\/www.accidentdutravail-idf.net\/blog\/wp-content\/uploads\/2022\/09\/logo-2.png","contentUrl":"https:\/\/www.accidentdutravail-idf.net\/blog\/wp-content\/uploads\/2022\/09\/logo-2.png","width":380,"height":291,"caption":"accidentdutravail-idf"},"image":{"@id":"https:\/\/www.accidentdutravail-idf.net\/blog\/#\/schema\/logo\/image\/"}},{"@type":"Person","@id":"https:\/\/www.accidentdutravail-idf.net\/blog\/#\/schema\/person\/3255d2f970de45e64bd9201f38e7b947","name":"Carlos Poulain","image":{"@type":"ImageObject","inLanguage":"fr-FR","@id":"https:\/\/secure.gravatar.com\/avatar\/b1c2f9d3588e34e91adb093635df64ef4b2381991216be7576466cfcdca4baf3?s=96&d=mm&r=g","url":"https:\/\/secure.gravatar.com\/avatar\/b1c2f9d3588e34e91adb093635df64ef4b2381991216be7576466cfcdca4baf3?s=96&d=mm&r=g","contentUrl":"https:\/\/secure.gravatar.com\/avatar\/b1c2f9d3588e34e91adb093635df64ef4b2381991216be7576466cfcdca4baf3?s=96&d=mm&r=g","caption":"Carlos Poulain"},"url":"https:\/\/www.accidentdutravail-idf.net\/blog\/author\/idfcarlos\/"}]}},"_links":{"self":[{"href":"https:\/\/www.accidentdutravail-idf.net\/blog\/wp-json\/wp\/v2\/posts\/309","targetHints":{"allow":["GET"]}}],"collection":[{"href":"https:\/\/www.accidentdutravail-idf.net\/blog\/wp-json\/wp\/v2\/posts"}],"about":[{"href":"https:\/\/www.accidentdutravail-idf.net\/blog\/wp-json\/wp\/v2\/types\/post"}],"author":[{"embeddable":true,"href":"https:\/\/www.accidentdutravail-idf.net\/blog\/wp-json\/wp\/v2\/users\/2"}],"replies":[{"embeddable":true,"href":"https:\/\/www.accidentdutravail-idf.net\/blog\/wp-json\/wp\/v2\/comments?post=309"}],"version-history":[{"count":0,"href":"https:\/\/www.accidentdutravail-idf.net\/blog\/wp-json\/wp\/v2\/posts\/309\/revisions"}],"wp:attachment":[{"href":"https:\/\/www.accidentdutravail-idf.net\/blog\/wp-json\/wp\/v2\/media?parent=309"}],"wp:term":[{"taxonomy":"category","embeddable":true,"href":"https:\/\/www.accidentdutravail-idf.net\/blog\/wp-json\/wp\/v2\/categories?post=309"},{"taxonomy":"post_tag","embeddable":true,"href":"https:\/\/www.accidentdutravail-idf.net\/blog\/wp-json\/wp\/v2\/tags?post=309"}],"curies":[{"name":"wp","href":"https:\/\/api.w.org\/{rel}","templated":true}]}}