{"id":298,"date":"2024-05-12T03:42:00","date_gmt":"2024-05-12T01:42:00","guid":{"rendered":"https:\/\/www.accidentdutravail-idf.net\/blog\/vosges-un-homme-decede-dans-un-accident-de-la-route-a-darney\/"},"modified":"2024-05-12T03:42:00","modified_gmt":"2024-05-12T01:42:00","slug":"vosges-un-homme-decede-dans-un-accident-de-la-route-a-darney","status":"publish","type":"post","link":"https:\/\/www.accidentdutravail-idf.net\/blog\/vosges-un-homme-decede-dans-un-accident-de-la-route-a-darney\/","title":{"rendered":"Vosges Un homme d\u00e9c\u00e8de dans un accident de la route \u00e0 Darney"},"content":{"rendered":"<div><img decoding=\"async\" src=\"https:\/\/www.accidentdutravail-idf.net\/blog\/wp-content\/uploads\/2024\/05\/vosges-un-homme-decede-dans-un-accident-de-la-route-a-darney.jpg\" class=\"ff-og-image-inserted\"><\/div>\n<div>\n<p>Un nouvel accident mortel est venu endeuiller les routes vosgiennes dans la nuit de samedi \u00e0 dimanche. Le contexte demeure flou, mais d\u2019apr\u00e8s les premi\u00e8res informations recueillies, un automobiliste a \u00e9t\u00e9 d\u00e9couvert inanim\u00e9 \u00e0 Darney, entre minuit et une heure du matin.<\/p>\n<\/div>\n<div>\n<p>R\u00e9veill\u00e9s par le bruit d\u2019un choc, ce sont les habitants du voisinage qui ont pr\u00e9venu les secours. Peu avant, un conducteur venait de percuter un terre-plein central, rue Lecompte \u00e0 hauteur de l\u2019Esat (\u00e9tablissement et service d\u2019accompagnement par le travail), avant que son v\u00e9hicule ne se couche sur le flanc.<\/p>\n<p>L\u2019accident a eu lieu \u00e0 l\u2019entr\u00e9e de la ville, le conducteur circulait dans le sens Monthureux-sur-Sa\u00f4ne &#8211; Darney.<\/p>\n<\/div>\n<div>\n<h2>Deux accidents mortels en une semaine<\/h2>\n<p>Le choc entre la voiture et le mobilier urbain, notamment une grosse pierre, a \u00e9t\u00e9 important et n\u2019a semble-t-il laiss\u00e9 aucune chance au conducteur, d\u2019autant qu\u2019il n\u2019\u00e9tait pas porteur de sa ceinture de s\u00e9curit\u00e9.<\/p>\n<p>L\u2019homme a \u00e9t\u00e9 \u00e9ject\u00e9 de son si\u00e8ge et s\u2019est retrouv\u00e9 coinc\u00e9 \u00e0 l\u2019int\u00e9rieur du v\u00e9hicule. Malgr\u00e9 un massage cardiaque prodigu\u00e9 par les sapeurs-pompiers, le d\u00e9c\u00e8s de la victime a \u00e9t\u00e9 d\u00e9clar\u00e9 sur place. Le conducteur, \u00e2g\u00e9 de 55 ans, est originaire d\u2019Hennezel, une commune non loin de Darney.<\/p>\n<\/div>\n<div id>\n<div class=\"consentModule_text\">\n<p>Ce contenu est bloqu\u00e9 car vous n&rsquo;avez pas accept\u00e9 les cookies et autres traceurs.<\/p>\n<p>En cliquant sur <span class=\"bold\">\u00ab J\u2019accepte \u00bb<\/span>, les cookies et autres traceurs seront d\u00e9pos\u00e9s et vous pourrez visualiser les contenus <span class=\"consentModule_purpose\"><\/span> (<a href=\"https:\/\/www.vosgesmatin.fr\/faits-divers-justice\/2024\/05\/12\/un-homme-decede-dans-un-accident-de-la-route-a-darney\" class=\"consentModule_policy\" target=\"_blank\" title=\"Consulter la politique de protection des donn\u00e9es du fournisseur\" rel=\"noopener nofollow\">plus d&rsquo;informations<\/a>).<\/p>\n<p>En cliquant sur <span class=\"bold\">\u00ab J\u2019accepte tous les cookies \u00bb<\/span>, vous autorisez des d\u00e9p\u00f4ts de cookies et autres traceurs pour le stockage de vos donn\u00e9es sur nos sites et applications \u00e0 des fins de personnalisation et de ciblage publicitaire.<\/p>\n<p class=\"consentModule_secondaryText\">Vous gardez la possibilit\u00e9 de retirer votre consentement \u00e0 tout moment en consultant notre <a href=\"https:\/\/www.vosgesmatin.fr\/protection-des-donnees\" target=\"_blank\" title=\"Consulter notre politique de protection des donn\u00e9es\" rel=\"noopener nofollow\">politique de protection des donn\u00e9es<\/a>. <br \/><a href=\"Didomi.notice.show()\" class=\"consentModule_cmp\" target=\"_blank\" rel=\"nofollow\">G\u00e9rer mes choix<\/a> <\/p>\n<p> <button class=\"acceptConsent\" id title=\"J'accepte\">J&rsquo;accepte<\/button> <button class=\"acceptAllConsent\" id title=\"J'accepte tous les cookies\">J&rsquo;accepte tous les cookies<\/button> <\/p>\n<\/p><\/div>\n<\/div>\n<div>\n<p>Une vitesse excessive pourrait \u00eatre \u00e0 l\u2019origine de ce nouveau drame de la route, mais l\u2019enqu\u00eate en cours en d\u00e9terminera les circonstances exactes.<\/p>\n<p>Le premier adjoint au maire de Darney,&nbsp;<span>Jean-Marc Bouschbacher, s&rsquo;est rendu sur place en pleine nuit.<\/span><\/p>\n<p>Il s\u2019agit du deuxi\u00e8me accident mortel de la semaine dans les Vosges. Jeudi en fin de journ\u00e9e, c\u2019est <a href=\"https:\/\/www.vosgesmatin.fr\/faits-divers-justice\/2024\/05\/09\/le-menil-un-motard-de-57-ans-perd-la-vie-dans-un-choc-frontal-avec-une-voiture-dans-le-col-du-menil\" target=\"_blank\" rel=\"noopener nofollow\">un motard de 57 ans qui avait perdu la vie<\/a> dans le col du M\u00e9nil.<\/p>\n<\/div>\n<p>accidentdutravail-idf.net vous a pr\u00e9par\u00e9 ce post qui informe du sujet \u00ab\u00a0Association Sportive Huisson-Longueville Essonne\u00a0\u00bb. La chronique se veut g\u00e9n\u00e9r\u00e9e du mieux possible. Vous pouvez utiliser les coordonn\u00e9es indiqu\u00e9es sur le site dans le but d\u2019apporter des explications sur ce post qui parle du th\u00e8me \u00ab\u00a0Association Sportive Huisson-Longueville Essonne\u00a0\u00bb. Le site accidentdutravail-idf.net a pour but de fournir diverses publications sur la th\u00e9matique Association Sportive Huisson-Longueville Essonne diffus\u00e9es sur le net. Il y aura plusieurs articles autour du sujet \u00ab\u00a0Association Sportive Huisson-Longueville Essonne\u00a0\u00bb dans quelques jours, nous vous invitons \u00e0 naviguer sur notre site web \u00e0 plusieurs reprises.<\/p>\n","protected":false},"excerpt":{"rendered":"<p>Un nouvel accident mortel est venu endeuiller les routes vosgiennes dans la nuit de samedi \u00e0 dimanche. Le contexte demeure flou, mais d\u2019apr\u00e8s les premi\u00e8res informations recueillies, un automobiliste a \u00e9t\u00e9 d\u00e9couvert inanim\u00e9 \u00e0 Darney, entre minuit et une heure du matin. R\u00e9veill\u00e9s par le bruit d\u2019un choc, ce sont les habitants du voisinage qui &hellip; <\/p>\n<p class=\"link-more\"><a href=\"https:\/\/www.accidentdutravail-idf.net\/blog\/vosges-un-homme-decede-dans-un-accident-de-la-route-a-darney\/\" class=\"more-link\">Continuer la lecture <span class=\"screen-reader-text\"> \u00ab\u00a0Vosges Un homme d\u00e9c\u00e8de dans un accident de la route \u00e0 Darney\u00a0\u00bb<\/span><\/a><\/p>\n","protected":false},"author":2,"featured_media":0,"comment_status":"closed","ping_status":"closed","sticky":false,"template":"","format":"standard","meta":{"footnotes":""},"categories":[5],"tags":[],"class_list":["post-298","post","type-post","status-publish","format-standard","hentry","category-securite-du-travail-en-ile-de-france-et-divers","entry"],"yoast_head":"<!-- This site is optimized with the Yoast SEO plugin v27.5 - https:\/\/yoast.com\/product\/yoast-seo-wordpress\/ -->\n<title>Vosges Un homme d\u00e9c\u00e8de dans un accident de la route \u00e0 Darney - ACCIDENTDUTRAVAIL-IDF<\/title>\n<meta name=\"description\" content=\"Vosges Un homme d\u00e9c\u00e8de dans un accident de la route \u00e0 Darney article de ACCIDENTDUTRAVAIL-IDF\" \/>\n<meta name=\"robots\" content=\"index, follow, max-snippet:-1, max-image-preview:large, max-video-preview:-1\" \/>\n<link rel=\"canonical\" href=\"https:\/\/www.accidentdutravail-idf.net\/blog\/vosges-un-homme-decede-dans-un-accident-de-la-route-a-darney\/\" \/>\n<meta property=\"og:locale\" content=\"fr_FR\" \/>\n<meta property=\"og:type\" content=\"article\" \/>\n<meta property=\"og:title\" content=\"Vosges Un homme d\u00e9c\u00e8de dans un accident de la route \u00e0 Darney - ACCIDENTDUTRAVAIL-IDF\" \/>\n<meta property=\"og:description\" content=\"Vosges Un homme d\u00e9c\u00e8de dans un accident de la route \u00e0 Darney article de ACCIDENTDUTRAVAIL-IDF\" \/>\n<meta property=\"og:url\" content=\"https:\/\/www.accidentdutravail-idf.net\/blog\/vosges-un-homme-decede-dans-un-accident-de-la-route-a-darney\/\" \/>\n<meta property=\"og:site_name\" content=\"ACCIDENTDUTRAVAIL-IDF\" \/>\n<meta property=\"article:published_time\" content=\"2024-05-12T01:42:00+00:00\" \/>\n<meta property=\"og:image\" content=\"https:\/\/www.accidentdutravail-idf.net\/blog\/wp-content\/uploads\/2024\/05\/vosges-un-homme-decede-dans-un-accident-de-la-route-a-darney.jpg\" \/>\n<meta name=\"author\" content=\"Carlos Poulain\" \/>\n<meta name=\"twitter:card\" content=\"summary_large_image\" \/>\n<meta name=\"twitter:label1\" content=\"\u00c9crit par\" \/>\n\t<meta name=\"twitter:data1\" content=\"Carlos Poulain\" \/>\n\t<meta name=\"twitter:label2\" content=\"Dur\u00e9e de lecture estim\u00e9e\" \/>\n\t<meta name=\"twitter:data2\" content=\"3 minutes\" \/>\n<script type=\"application\/ld+json\" class=\"yoast-schema-graph\">{\"@context\":\"https:\\\/\\\/schema.org\",\"@graph\":[{\"@type\":\"Article\",\"@id\":\"https:\\\/\\\/www.accidentdutravail-idf.net\\\/blog\\\/vosges-un-homme-decede-dans-un-accident-de-la-route-a-darney\\\/#article\",\"isPartOf\":{\"@id\":\"https:\\\/\\\/www.accidentdutravail-idf.net\\\/blog\\\/vosges-un-homme-decede-dans-un-accident-de-la-route-a-darney\\\/\"},\"author\":{\"name\":\"Carlos Poulain\",\"@id\":\"https:\\\/\\\/www.accidentdutravail-idf.net\\\/blog\\\/#\\\/schema\\\/person\\\/3255d2f970de45e64bd9201f38e7b947\"},\"headline\":\"Vosges Un homme d\u00e9c\u00e8de dans un accident de la route \u00e0 Darney\",\"datePublished\":\"2024-05-12T01:42:00+00:00\",\"mainEntityOfPage\":{\"@id\":\"https:\\\/\\\/www.accidentdutravail-idf.net\\\/blog\\\/vosges-un-homme-decede-dans-un-accident-de-la-route-a-darney\\\/\"},\"wordCount\":524,\"publisher\":{\"@id\":\"https:\\\/\\\/www.accidentdutravail-idf.net\\\/blog\\\/#organization\"},\"image\":{\"@id\":\"https:\\\/\\\/www.accidentdutravail-idf.net\\\/blog\\\/vosges-un-homme-decede-dans-un-accident-de-la-route-a-darney\\\/#primaryimage\"},\"thumbnailUrl\":\"https:\\\/\\\/www.accidentdutravail-idf.net\\\/blog\\\/wp-content\\\/uploads\\\/2024\\\/05\\\/vosges-un-homme-decede-dans-un-accident-de-la-route-a-darney.jpg\",\"articleSection\":[\"S\u00e9curit\u00e9 Du Travail En Ile-De-France Et Divers:\"],\"inLanguage\":\"fr-FR\"},{\"@type\":\"WebPage\",\"@id\":\"https:\\\/\\\/www.accidentdutravail-idf.net\\\/blog\\\/vosges-un-homme-decede-dans-un-accident-de-la-route-a-darney\\\/\",\"url\":\"https:\\\/\\\/www.accidentdutravail-idf.net\\\/blog\\\/vosges-un-homme-decede-dans-un-accident-de-la-route-a-darney\\\/\",\"name\":\"Vosges Un homme d\u00e9c\u00e8de dans un accident de la route \u00e0 Darney - ACCIDENTDUTRAVAIL-IDF\",\"isPartOf\":{\"@id\":\"https:\\\/\\\/www.accidentdutravail-idf.net\\\/blog\\\/#website\"},\"primaryImageOfPage\":{\"@id\":\"https:\\\/\\\/www.accidentdutravail-idf.net\\\/blog\\\/vosges-un-homme-decede-dans-un-accident-de-la-route-a-darney\\\/#primaryimage\"},\"image\":{\"@id\":\"https:\\\/\\\/www.accidentdutravail-idf.net\\\/blog\\\/vosges-un-homme-decede-dans-un-accident-de-la-route-a-darney\\\/#primaryimage\"},\"thumbnailUrl\":\"https:\\\/\\\/www.accidentdutravail-idf.net\\\/blog\\\/wp-content\\\/uploads\\\/2024\\\/05\\\/vosges-un-homme-decede-dans-un-accident-de-la-route-a-darney.jpg\",\"datePublished\":\"2024-05-12T01:42:00+00:00\",\"description\":\"Vosges Un homme d\u00e9c\u00e8de dans un accident de la route \u00e0 Darney article de ACCIDENTDUTRAVAIL-IDF\",\"breadcrumb\":{\"@id\":\"https:\\\/\\\/www.accidentdutravail-idf.net\\\/blog\\\/vosges-un-homme-decede-dans-un-accident-de-la-route-a-darney\\\/#breadcrumb\"},\"inLanguage\":\"fr-FR\",\"potentialAction\":[{\"@type\":\"ReadAction\",\"target\":[\"https:\\\/\\\/www.accidentdutravail-idf.net\\\/blog\\\/vosges-un-homme-decede-dans-un-accident-de-la-route-a-darney\\\/\"]}]},{\"@type\":\"ImageObject\",\"inLanguage\":\"fr-FR\",\"@id\":\"https:\\\/\\\/www.accidentdutravail-idf.net\\\/blog\\\/vosges-un-homme-decede-dans-un-accident-de-la-route-a-darney\\\/#primaryimage\",\"url\":\"https:\\\/\\\/www.accidentdutravail-idf.net\\\/blog\\\/wp-content\\\/uploads\\\/2024\\\/05\\\/vosges-un-homme-decede-dans-un-accident-de-la-route-a-darney.jpg\",\"contentUrl\":\"https:\\\/\\\/www.accidentdutravail-idf.net\\\/blog\\\/wp-content\\\/uploads\\\/2024\\\/05\\\/vosges-un-homme-decede-dans-un-accident-de-la-route-a-darney.jpg\"},{\"@type\":\"BreadcrumbList\",\"@id\":\"https:\\\/\\\/www.accidentdutravail-idf.net\\\/blog\\\/vosges-un-homme-decede-dans-un-accident-de-la-route-a-darney\\\/#breadcrumb\",\"itemListElement\":[{\"@type\":\"ListItem\",\"position\":1,\"name\":\"Accueil\",\"item\":\"https:\\\/\\\/www.accidentdutravail-idf.net\\\/blog\\\/\"},{\"@type\":\"ListItem\",\"position\":2,\"name\":\"Vosges Un homme d\u00e9c\u00e8de dans un accident de la route \u00e0 Darney\"}]},{\"@type\":\"WebSite\",\"@id\":\"https:\\\/\\\/www.accidentdutravail-idf.net\\\/blog\\\/#website\",\"url\":\"https:\\\/\\\/www.accidentdutravail-idf.net\\\/blog\\\/\",\"name\":\"ACCIDENTDUTRAVAIL-IDF\",\"description\":\"Portail accidents du travail-maladies professionnelles des entreprises d&#039;Ile-de-France\",\"publisher\":{\"@id\":\"https:\\\/\\\/www.accidentdutravail-idf.net\\\/blog\\\/#organization\"},\"potentialAction\":[{\"@type\":\"SearchAction\",\"target\":{\"@type\":\"EntryPoint\",\"urlTemplate\":\"https:\\\/\\\/www.accidentdutravail-idf.net\\\/blog\\\/?s={search_term_string}\"},\"query-input\":{\"@type\":\"PropertyValueSpecification\",\"valueRequired\":true,\"valueName\":\"search_term_string\"}}],\"inLanguage\":\"fr-FR\"},{\"@type\":\"Organization\",\"@id\":\"https:\\\/\\\/www.accidentdutravail-idf.net\\\/blog\\\/#organization\",\"name\":\"accidentdutravail-idf\",\"url\":\"https:\\\/\\\/www.accidentdutravail-idf.net\\\/blog\\\/\",\"logo\":{\"@type\":\"ImageObject\",\"inLanguage\":\"fr-FR\",\"@id\":\"https:\\\/\\\/www.accidentdutravail-idf.net\\\/blog\\\/#\\\/schema\\\/logo\\\/image\\\/\",\"url\":\"https:\\\/\\\/www.accidentdutravail-idf.net\\\/blog\\\/wp-content\\\/uploads\\\/2022\\\/09\\\/logo-2.png\",\"contentUrl\":\"https:\\\/\\\/www.accidentdutravail-idf.net\\\/blog\\\/wp-content\\\/uploads\\\/2022\\\/09\\\/logo-2.png\",\"width\":380,\"height\":291,\"caption\":\"accidentdutravail-idf\"},\"image\":{\"@id\":\"https:\\\/\\\/www.accidentdutravail-idf.net\\\/blog\\\/#\\\/schema\\\/logo\\\/image\\\/\"}},{\"@type\":\"Person\",\"@id\":\"https:\\\/\\\/www.accidentdutravail-idf.net\\\/blog\\\/#\\\/schema\\\/person\\\/3255d2f970de45e64bd9201f38e7b947\",\"name\":\"Carlos Poulain\",\"image\":{\"@type\":\"ImageObject\",\"inLanguage\":\"fr-FR\",\"@id\":\"https:\\\/\\\/secure.gravatar.com\\\/avatar\\\/b1c2f9d3588e34e91adb093635df64ef4b2381991216be7576466cfcdca4baf3?s=96&d=mm&r=g\",\"url\":\"https:\\\/\\\/secure.gravatar.com\\\/avatar\\\/b1c2f9d3588e34e91adb093635df64ef4b2381991216be7576466cfcdca4baf3?s=96&d=mm&r=g\",\"contentUrl\":\"https:\\\/\\\/secure.gravatar.com\\\/avatar\\\/b1c2f9d3588e34e91adb093635df64ef4b2381991216be7576466cfcdca4baf3?s=96&d=mm&r=g\",\"caption\":\"Carlos Poulain\"},\"url\":\"https:\\\/\\\/www.accidentdutravail-idf.net\\\/blog\\\/author\\\/idfcarlos\\\/\"}]}<\/script>\n<!-- \/ Yoast SEO plugin. -->","yoast_head_json":{"title":"Vosges Un homme d\u00e9c\u00e8de dans un accident de la route \u00e0 Darney - ACCIDENTDUTRAVAIL-IDF","description":"Vosges Un homme d\u00e9c\u00e8de dans un accident de la route \u00e0 Darney article de ACCIDENTDUTRAVAIL-IDF","robots":{"index":"index","follow":"follow","max-snippet":"max-snippet:-1","max-image-preview":"max-image-preview:large","max-video-preview":"max-video-preview:-1"},"canonical":"https:\/\/www.accidentdutravail-idf.net\/blog\/vosges-un-homme-decede-dans-un-accident-de-la-route-a-darney\/","og_locale":"fr_FR","og_type":"article","og_title":"Vosges Un homme d\u00e9c\u00e8de dans un accident de la route \u00e0 Darney - ACCIDENTDUTRAVAIL-IDF","og_description":"Vosges Un homme d\u00e9c\u00e8de dans un accident de la route \u00e0 Darney article de ACCIDENTDUTRAVAIL-IDF","og_url":"https:\/\/www.accidentdutravail-idf.net\/blog\/vosges-un-homme-decede-dans-un-accident-de-la-route-a-darney\/","og_site_name":"ACCIDENTDUTRAVAIL-IDF","article_published_time":"2024-05-12T01:42:00+00:00","og_image":[{"url":"https:\/\/www.accidentdutravail-idf.net\/blog\/wp-content\/uploads\/2024\/05\/vosges-un-homme-decede-dans-un-accident-de-la-route-a-darney.jpg","type":"","width":"","height":""}],"author":"Carlos Poulain","twitter_card":"summary_large_image","twitter_misc":{"\u00c9crit par":"Carlos Poulain","Dur\u00e9e de lecture estim\u00e9e":"3 minutes"},"schema":{"@context":"https:\/\/schema.org","@graph":[{"@type":"Article","@id":"https:\/\/www.accidentdutravail-idf.net\/blog\/vosges-un-homme-decede-dans-un-accident-de-la-route-a-darney\/#article","isPartOf":{"@id":"https:\/\/www.accidentdutravail-idf.net\/blog\/vosges-un-homme-decede-dans-un-accident-de-la-route-a-darney\/"},"author":{"name":"Carlos Poulain","@id":"https:\/\/www.accidentdutravail-idf.net\/blog\/#\/schema\/person\/3255d2f970de45e64bd9201f38e7b947"},"headline":"Vosges Un homme d\u00e9c\u00e8de dans un accident de la route \u00e0 Darney","datePublished":"2024-05-12T01:42:00+00:00","mainEntityOfPage":{"@id":"https:\/\/www.accidentdutravail-idf.net\/blog\/vosges-un-homme-decede-dans-un-accident-de-la-route-a-darney\/"},"wordCount":524,"publisher":{"@id":"https:\/\/www.accidentdutravail-idf.net\/blog\/#organization"},"image":{"@id":"https:\/\/www.accidentdutravail-idf.net\/blog\/vosges-un-homme-decede-dans-un-accident-de-la-route-a-darney\/#primaryimage"},"thumbnailUrl":"https:\/\/www.accidentdutravail-idf.net\/blog\/wp-content\/uploads\/2024\/05\/vosges-un-homme-decede-dans-un-accident-de-la-route-a-darney.jpg","articleSection":["S\u00e9curit\u00e9 Du Travail En Ile-De-France Et Divers:"],"inLanguage":"fr-FR"},{"@type":"WebPage","@id":"https:\/\/www.accidentdutravail-idf.net\/blog\/vosges-un-homme-decede-dans-un-accident-de-la-route-a-darney\/","url":"https:\/\/www.accidentdutravail-idf.net\/blog\/vosges-un-homme-decede-dans-un-accident-de-la-route-a-darney\/","name":"Vosges Un homme d\u00e9c\u00e8de dans un accident de la route \u00e0 Darney - ACCIDENTDUTRAVAIL-IDF","isPartOf":{"@id":"https:\/\/www.accidentdutravail-idf.net\/blog\/#website"},"primaryImageOfPage":{"@id":"https:\/\/www.accidentdutravail-idf.net\/blog\/vosges-un-homme-decede-dans-un-accident-de-la-route-a-darney\/#primaryimage"},"image":{"@id":"https:\/\/www.accidentdutravail-idf.net\/blog\/vosges-un-homme-decede-dans-un-accident-de-la-route-a-darney\/#primaryimage"},"thumbnailUrl":"https:\/\/www.accidentdutravail-idf.net\/blog\/wp-content\/uploads\/2024\/05\/vosges-un-homme-decede-dans-un-accident-de-la-route-a-darney.jpg","datePublished":"2024-05-12T01:42:00+00:00","description":"Vosges Un homme d\u00e9c\u00e8de dans un accident de la route \u00e0 Darney article de ACCIDENTDUTRAVAIL-IDF","breadcrumb":{"@id":"https:\/\/www.accidentdutravail-idf.net\/blog\/vosges-un-homme-decede-dans-un-accident-de-la-route-a-darney\/#breadcrumb"},"inLanguage":"fr-FR","potentialAction":[{"@type":"ReadAction","target":["https:\/\/www.accidentdutravail-idf.net\/blog\/vosges-un-homme-decede-dans-un-accident-de-la-route-a-darney\/"]}]},{"@type":"ImageObject","inLanguage":"fr-FR","@id":"https:\/\/www.accidentdutravail-idf.net\/blog\/vosges-un-homme-decede-dans-un-accident-de-la-route-a-darney\/#primaryimage","url":"https:\/\/www.accidentdutravail-idf.net\/blog\/wp-content\/uploads\/2024\/05\/vosges-un-homme-decede-dans-un-accident-de-la-route-a-darney.jpg","contentUrl":"https:\/\/www.accidentdutravail-idf.net\/blog\/wp-content\/uploads\/2024\/05\/vosges-un-homme-decede-dans-un-accident-de-la-route-a-darney.jpg"},{"@type":"BreadcrumbList","@id":"https:\/\/www.accidentdutravail-idf.net\/blog\/vosges-un-homme-decede-dans-un-accident-de-la-route-a-darney\/#breadcrumb","itemListElement":[{"@type":"ListItem","position":1,"name":"Accueil","item":"https:\/\/www.accidentdutravail-idf.net\/blog\/"},{"@type":"ListItem","position":2,"name":"Vosges Un homme d\u00e9c\u00e8de dans un accident de la route \u00e0 Darney"}]},{"@type":"WebSite","@id":"https:\/\/www.accidentdutravail-idf.net\/blog\/#website","url":"https:\/\/www.accidentdutravail-idf.net\/blog\/","name":"ACCIDENTDUTRAVAIL-IDF","description":"Portail accidents du travail-maladies professionnelles des entreprises d&#039;Ile-de-France","publisher":{"@id":"https:\/\/www.accidentdutravail-idf.net\/blog\/#organization"},"potentialAction":[{"@type":"SearchAction","target":{"@type":"EntryPoint","urlTemplate":"https:\/\/www.accidentdutravail-idf.net\/blog\/?s={search_term_string}"},"query-input":{"@type":"PropertyValueSpecification","valueRequired":true,"valueName":"search_term_string"}}],"inLanguage":"fr-FR"},{"@type":"Organization","@id":"https:\/\/www.accidentdutravail-idf.net\/blog\/#organization","name":"accidentdutravail-idf","url":"https:\/\/www.accidentdutravail-idf.net\/blog\/","logo":{"@type":"ImageObject","inLanguage":"fr-FR","@id":"https:\/\/www.accidentdutravail-idf.net\/blog\/#\/schema\/logo\/image\/","url":"https:\/\/www.accidentdutravail-idf.net\/blog\/wp-content\/uploads\/2022\/09\/logo-2.png","contentUrl":"https:\/\/www.accidentdutravail-idf.net\/blog\/wp-content\/uploads\/2022\/09\/logo-2.png","width":380,"height":291,"caption":"accidentdutravail-idf"},"image":{"@id":"https:\/\/www.accidentdutravail-idf.net\/blog\/#\/schema\/logo\/image\/"}},{"@type":"Person","@id":"https:\/\/www.accidentdutravail-idf.net\/blog\/#\/schema\/person\/3255d2f970de45e64bd9201f38e7b947","name":"Carlos Poulain","image":{"@type":"ImageObject","inLanguage":"fr-FR","@id":"https:\/\/secure.gravatar.com\/avatar\/b1c2f9d3588e34e91adb093635df64ef4b2381991216be7576466cfcdca4baf3?s=96&d=mm&r=g","url":"https:\/\/secure.gravatar.com\/avatar\/b1c2f9d3588e34e91adb093635df64ef4b2381991216be7576466cfcdca4baf3?s=96&d=mm&r=g","contentUrl":"https:\/\/secure.gravatar.com\/avatar\/b1c2f9d3588e34e91adb093635df64ef4b2381991216be7576466cfcdca4baf3?s=96&d=mm&r=g","caption":"Carlos Poulain"},"url":"https:\/\/www.accidentdutravail-idf.net\/blog\/author\/idfcarlos\/"}]}},"_links":{"self":[{"href":"https:\/\/www.accidentdutravail-idf.net\/blog\/wp-json\/wp\/v2\/posts\/298","targetHints":{"allow":["GET"]}}],"collection":[{"href":"https:\/\/www.accidentdutravail-idf.net\/blog\/wp-json\/wp\/v2\/posts"}],"about":[{"href":"https:\/\/www.accidentdutravail-idf.net\/blog\/wp-json\/wp\/v2\/types\/post"}],"author":[{"embeddable":true,"href":"https:\/\/www.accidentdutravail-idf.net\/blog\/wp-json\/wp\/v2\/users\/2"}],"replies":[{"embeddable":true,"href":"https:\/\/www.accidentdutravail-idf.net\/blog\/wp-json\/wp\/v2\/comments?post=298"}],"version-history":[{"count":0,"href":"https:\/\/www.accidentdutravail-idf.net\/blog\/wp-json\/wp\/v2\/posts\/298\/revisions"}],"wp:attachment":[{"href":"https:\/\/www.accidentdutravail-idf.net\/blog\/wp-json\/wp\/v2\/media?parent=298"}],"wp:term":[{"taxonomy":"category","embeddable":true,"href":"https:\/\/www.accidentdutravail-idf.net\/blog\/wp-json\/wp\/v2\/categories?post=298"},{"taxonomy":"post_tag","embeddable":true,"href":"https:\/\/www.accidentdutravail-idf.net\/blog\/wp-json\/wp\/v2\/tags?post=298"}],"curies":[{"name":"wp","href":"https:\/\/api.w.org\/{rel}","templated":true}]}}