{"id":297,"date":"2024-05-12T08:00:00","date_gmt":"2024-05-12T06:00:00","guid":{"rendered":"https:\/\/www.accidentdutravail-idf.net\/blog\/les-accidents-du-travail-en-baisse-et-les-traumatismes-psychologiques-en-hausse-en-n-e\/"},"modified":"2024-05-12T08:00:00","modified_gmt":"2024-05-12T06:00:00","slug":"les-accidents-du-travail-en-baisse-et-les-traumatismes-psychologiques-en-hausse-en-n-e","status":"publish","type":"post","link":"https:\/\/www.accidentdutravail-idf.net\/blog\/les-accidents-du-travail-en-baisse-et-les-traumatismes-psychologiques-en-hausse-en-n-e\/","title":{"rendered":"Les accidents du travail en baisse et les traumatismes psychologiques en hausse en N.-\u00c9."},"content":{"rendered":"<p class=\"hidden-tag\">Vous naviguez sur le site de Radio-Canada<\/p>\n<p><button class=\"sc-1x9rhov-0 cHtoEk e-button-skip-link\" type=\"button\">Aller au contenu principal<\/button><button class=\"sc-1x9rhov-0 cHtoEk e-button-skip-link\" type=\"button\">Aller au pied de page<\/button><a class=\"sc-1x9rhov-0 cHtoEk e-button-skip-link\" href=\"https:\/\/ici.radio-canada.ca\/accessibilite-web\" target=\"_blank\" rel=\"nofollow\">Aide \u00e0 la navigation<\/a><\/p>\n<div class=\"sc-i1jpqd-2 bfGcKR g-main-header-wrapper\">\n<div class=\"sc-i1jpqd-0 sc-i1jpqd-1 kqktbG icCKOf g-main-header grid-container-b2 nagivation-top-is-collapsed\" id=\"js-main-header\">\n<div aria-hidden=\"true\" class=\"xsOnly:h-[70px] sm:h-0 bg-gray200 light:bg-gray200 dark:bg-gray800 relative z-pageTopAd w-full overflow-hidden transition-all duration-100 ease-linear print:hidden\">\n<div class=\"xsOnly:h-[70px] sm:h-0 flex items-center justify-center\">\n<p class=\"text-gray700 light:text-gray700 dark:text-gray200 absolute right-0 top-1\/2 -z-1 -translate-y-1\/2 text-small uppercase vertical-writing-rl orientation-mixed\">Publicit\u00e9<\/p>\n<\/div>\n<\/div>\n<\/div>\n<\/div>\n<p><main class=\"main-content-wrapper grid-container-no-nav\"><span class=\"hidden-tag\">D\u00e9but du contenu principal<\/span><\/p>\n<div class=\"main-content grid-container-b2\">\n<div class=\"grid-view\">\n<ul class=\"row\">\n<li class=\"grid-view-col col-xs-1 col-sm-1 col-md-1 col-lg-1 col-xl-1\">&nbsp;<\/li>\n<li class=\"grid-view-col col-xs-1 col-sm-1 col-md-1 col-lg-1 col-xl-1\">&nbsp;<\/li>\n<li class=\"grid-view-col col-xs-1 col-sm-1 col-md-1 col-lg-1 col-xl-1\">&nbsp;<\/li>\n<li class=\"grid-view-col col-xs-1 col-sm-1 col-md-1 col-lg-1 col-xl-1\">&nbsp;<\/li>\n<li class=\"grid-view-col col-xs-1 col-sm-1 col-md-1 col-lg-1 col-xl-1\">&nbsp;<\/li>\n<li class=\"grid-view-col col-xs-1 col-sm-1 col-md-1 col-lg-1 col-xl-1\">&nbsp;<\/li>\n<li class=\"grid-view-col col-xs-1 col-sm-1 col-md-1 col-lg-1 col-xl-1\">&nbsp;<\/li>\n<li class=\"grid-view-col col-xs-1 col-sm-1 col-md-1 col-lg-1 col-xl-1\">&nbsp;<\/li>\n<li class=\"grid-view-col col-xs-1 col-sm-1 col-md-1 col-lg-1 col-xl-1\">&nbsp;<\/li>\n<li class=\"grid-view-col col-xs-1 col-sm-1 col-md-1 col-lg-1 col-xl-1\">&nbsp;<\/li>\n<li class=\"grid-view-col col-xs-1 col-sm-1 col-md-1 col-lg-1 col-xl-1\">&nbsp;<\/li>\n<li class=\"grid-view-col col-xs-1 col-sm-1 col-md-1 col-lg-1 col-xl-1\">&nbsp;<\/li>\n<li class=\"grid-view-col col-xs-1 col-sm-1 col-md-1 col-lg-1 col-xl-1\">&nbsp;<\/li>\n<li class=\"grid-view-col col-xs-1 col-sm-1 col-md-1 col-lg-1 col-xl-1\">&nbsp;<\/li>\n<li class=\"grid-view-col col-xs-1 col-sm-1 col-md-1 col-lg-1 col-xl-1\">&nbsp;<\/li>\n<li class=\"grid-view-col col-xs-1 col-sm-1 col-md-1 col-lg-1 col-xl-1\">&nbsp;<\/li>\n<li class=\"grid-view-col col-xs-1 col-sm-1 col-md-1 col-lg-1 col-xl-1\">&nbsp;<\/li>\n<li class=\"grid-view-col col-xs-1 col-sm-1 col-md-1 col-lg-1 col-xl-1\">&nbsp;<\/li>\n<li class=\"grid-view-col col-xs-1 col-sm-1 col-md-1 col-lg-1 col-xl-1\">&nbsp;<\/li>\n<li class=\"grid-view-col col-xs-1 col-sm-1 col-md-1 col-lg-1 col-xl-1\">&nbsp;<\/li>\n<li class=\"grid-view-col col-xs-1 col-sm-1 col-md-1 col-lg-1 col-xl-1\">&nbsp;<\/li>\n<li class=\"grid-view-col col-xs-1 col-sm-1 col-md-1 col-lg-1 col-xl-1\">&nbsp;<\/li>\n<li class=\"grid-view-col col-xs-1 col-sm-1 col-md-1 col-lg-1 col-xl-1\">&nbsp;<\/li>\n<li class=\"grid-view-col col-xs-1 col-sm-1 col-md-1 col-lg-1 col-xl-1\">&nbsp;<\/li>\n<\/ul>\n<\/div>\n<div class=\"sc-pahfbg-0 beUHeC\">\n<div class=\"xsToMd:mx-auto xsToMd:max-w-article\">\n<div class=\"mt-10 grid grid-cols-1 gap-x-13 xsToSm:mt-8 lg:grid-cols-main-aside-desktop xl:gap-x-25 print:grid-cols-1\">\n<article data-chrome-extension-exception=\"chromeExtensionDocumentSimpleContent\" data-read-js-container=\"true\">\n<header class=\"children:mb-8 xsToSm:children:mb-6\">\n<div class=\"children-not-last:mb-4\">\n<div class=\"flex flex-wrap items-center gap-3 pt-4 xsToSm:pt-2 print:hidden\">\n<p><button class=\"sc-191r78r-0 sc-191r78r-1 bwLcci ekyLoE sc-1ae8l8g-0 sc-7qmvq8-1 fGicnn goclrb\" type=\"button\"><span class=\"flex items-center text-medium\"><span><span class=\"conversations-count-a11y-text sr-only\"> commentaires<\/span><\/span><span class=\"sr-only\">Acc\u00e9der \u00e0 la section commentaires<\/span><\/span><\/button><\/p>\n<\/div>\n<\/div>\n<div>\n<div class=\"relative w-full\"><img decoding=\"async\" alt=\"Deux travailleurs portant des vestes de s\u00e9curit\u00e9 sur un chantier de construction.\" class=\"sc-1tkrlyq-2 gucMx transition-opacity ease-out\" loading=\"lazy\" src=\"https:\/\/www.accidentdutravail-idf.net\/blog\/wp-content\/uploads\/2024\/05\/les-accidents-du-travail-en-baisse-et-les-traumatismes-psychologiques-en-hausse-en-n-e.jpg\"><\/p>\n<p><button class=\"sc-1tkrlyq-3 kYnVdv focus-visible:border-blue600 light:focus-visible:border-blue600 dark:focus-visible:border-blue400 rounded focus:outline-none focus-visible:border-4 focus-visible:border-solid\" title=\"Ouvrir en mode plein \u00e9cran\"><span class=\"sc-1f1cagl-0 hvyKh\">Ouvrir en mode plein \u00e9cran<\/span><span class=\"sc-191r78r-0 sc-191r78r-1 sc-1tkrlyq-4 bwLcci ekyLoE lpsauV\"><\/span><\/button><\/p>\n<\/div><figcaption class=\"sc-ic6be9-0 eZGuin\">\n<p class=\"sc-ic6be9-2 ASXTr\">En 2023, 18 travailleurs n\u00e9o-\u00e9cossais sont d\u00e9c\u00e9d\u00e9s au travail ou \u00e0 cause de leur travail.<\/p>\n<p class=\"sc-ic6be9-1 kRAbBs text-gray600 light:text-gray600 dark:text-gray400\">Photo : Radio-Canada \/ Wayne Vallevand<\/p>\n<\/figcaption><\/div>\n<div class=\"border-gray300 light:border-gray300 dark:border-gray700 border-t border-solid pt-10 xsToSm:pt-8\"><span class=\"text-gray900 light:text-gray900 dark:text-gray100\">La Presse canadienne<\/span><\/p>\n<div class=\"mt-3 flex items-center justify-between\">\n<p><span>Publi\u00e9 \u00e0&nbsp;13&nbsp;h&nbsp;00&nbsp;UTC<\/span><\/p>\n<\/div>\n<\/div>\n<\/header>\n<p><main class=\"children:mb-10\"><\/p>\n<div class=\"sc-jbo7hw-6 cemuXe sc-1ejcmnj-0 bKbDpQ\">\n<p class=\"sc-jbo7hw-4 gPWroG\">Un nouveau rapport montre que le taux de blessures sur les lieux de travail en Nouvelle-\u00c9cosse a continu\u00e9 de diminuer en 2023 et est inf\u00e9rieur \u00e0 la moiti\u00e9 du taux enregistr\u00e9 il y a 20&nbsp;ans.<\/p>\n<p class=\"sc-jbo7hw-4 gPWroG\">La Commission des accidents du travail de la Nouvelle-\u00c9cosse affirme que le taux d&rsquo;accidents avec perte de temps s&rsquo;est am\u00e9lior\u00e9 \u00e0 1,4&nbsp;accident pour 100&nbsp;travailleurs couverts en 2023, en baisse par rapport au taux de 1,54&nbsp;enregistr\u00e9 en 2022 et nettement meilleur que le taux de 3,0 en 2003.<\/p>\n<p class=\"sc-jbo7hw-4 gPWroG\"><span lang=\"en\" title=\"Anglais\">Karen Adams<\/span>, <span aria-hidden=\"false\" class=\"sc-ajkoh9-3 gEJYmn\"><span class=\"sc-ajkoh9-4 eZAaHU\"><abbr title=\"pr\u00e9sident-directeur g\u00e9n\u00e9ral\">PDG<\/abbr><\/span><\/span> du conseil d&rsquo;administration, affirme que les chiffres sont encourageants et indiquent une prise de conscience croissante de la part des travailleurs et des employeurs de la n\u00e9cessit\u00e9 de la s\u00e9curit\u00e9 au travail.<\/p>\n<p class=\"sc-jbo7hw-4 gPWroG\">Le taux de blessures le plus \u00e9lev\u00e9 a \u00e9t\u00e9 enregistr\u00e9 dans le secteur de la sant\u00e9 et des services sociaux, suivi des secteurs de la construction et de la fabrication.<\/p>\n<p class=\"sc-jbo7hw-4 gPWroG\">Le rapport indique que les blessures psychologiques dues \u00e0 des \u00e9v\u00e9nements traumatisants ont augment\u00e9 en 2023, lorsque 159&nbsp;travailleurs, principalement des premiers intervenants, ont \u00e9t\u00e9 contraints de s&rsquo;absenter de leur travail. Ce chiffre repr\u00e9sente 24 de plus que l&rsquo;ann\u00e9e pr\u00e9c\u00e9dente.<\/p>\n<div class=\"hidden\">\n<aside class=\"mb-10 print:hidden\">\n<div>\n<div class=\"min-h-[115px] w-full xsToSm:min-h-[150px] md:relative\"><span class=\"absolute left-1\/2 top-1\/2\"><span class=\"sr-only\">Chargement en cours<\/span><\/span><\/div>\n<\/div>\n<\/aside>\n<\/div>\n<aside class=\"mb-10 print:hidden\">\n<div>\n<div class=\"min-h-[115px] w-full xsToSm:min-h-[150px] md:relative\"><span class=\"absolute left-1\/2 top-1\/2\"><span class=\"sr-only\">Chargement en cours<\/span><\/span><\/div>\n<\/div>\n<\/aside>\n<p class=\"sc-jbo7hw-4 gPWroG\">Entre-temps, le rapport r\u00e9v\u00e8le que 18&nbsp;N\u00e9o-\u00c9cossais sont d\u00e9c\u00e9d\u00e9s au travail ou \u00e0 cause de leur travail l&rsquo;ann\u00e9e derni\u00e8re, contre 24&nbsp;travailleurs d\u00e9c\u00e9d\u00e9s en 2022.<\/p>\n<\/div>\n<p><\/main><\/article>\n<div class=\"mx-auto mb-10 w-full max-w-[930px] lg:col-span-2 lg:row-start-2 lg:mb-0 print:hidden\">\n<section class=\"border-gray300 light:border-gray300 dark:border-gray700 mx-auto mb-10 rounded border border-solid xsToSm:mb-8\"><button class=\"px-20 py-10 xsOnly:px-3 xsToSm:py-6 smOnly:px-5 !font-display text-5 leading-5 xsToSm:text-4 font-medium group w-full rounded text-left xsOnly:rounded-none\" id=\"newsstory-after-content-conversations-button\" type=\"button\" title=\"Afficher les commentaires\" aria-expanded=\"false\"><span class=\"mx-auto flex w-full max-w-article items-center justify-between\"><span class=\"flex items-center\"><span>Commentaires<span class=\"sc-7qmvq8-0 fKuOtg\"><span class=\"conversations-count-a11y-text sr-only\"> commentaires<\/span><\/span><\/span><\/span><span class=\"group-hover:bg-gray700 light:group-hover:bg-gray700 dark:group-hover:bg-gray200 group-hover:text-gray100 light:group-hover:text-gray100 dark:group-hover:text-gray900 ml-2 flex size-10 shrink-0 items-center justify-center rounded-full transition-colors duration-300\"><\/span><\/span><\/button><\/section>\n<\/div>\n<div class=\"mb-10 lg:col-start-2 lg:row-start-1 print:hidden\">\n<aside class=\"grid auto-rows-max grid-cols-1 gap-10 lg:flex lg:h-full lg:flex-col lg:children:!w-full lg:children:!max-w-none\">\n<div class=\"flex-1\">\n<div class=\"sc-1mf284g-0 gdnoUd\">\n<div class=\"sc-7qo9rl-0 sc-7qo9rl-2 sc-7qo9rl-3 beIuXE ewufyZ bHNaKz bg-gray100\/50 light:bg-gray100\/50 dark:bg-gray999\/50\">\n<div class=\"sc-7qo9rl-4 ifXqpR\"><span aria-hidden=\"true\" class=\"sc-7qo9rl-1 kmDgOH text-gray700 light:text-gray700 dark:text-gray200\">Publicit\u00e9<\/span><\/div>\n<\/div>\n<\/div>\n<\/div>\n<div class=\"flex-1\">\n<div class=\"sc-1mf284g-0 gdnoUd\">\n<section class=\"bg-bronze50 light:bg-bronze50 dark:bg-gray800 rounded p-5 print:hidden\">\n<header class=\"sc-1t5thdm-0 bxJkHb sc-uxje06-1 cocae border-gray900 light:border-gray900 dark:border-gray100 w-full\">\n<h2 class=\"sc-13ssbl3-0 sc-13ssbl3-2 PDxgw\">\n<p><span>Les plus<\/span> <span class=\"sc-1349ina-0 bqMKma\"><span>populaires<\/span><\/span><\/p>\n<\/h2>\n<\/header>\n<\/section>\n<\/div>\n<\/div>\n<div class=\"flex-1\">\n<div class=\"sc-1mf284g-0 gdnoUd\">\n<div class=\"sc-7qo9rl-0 sc-7qo9rl-2 sc-7qo9rl-3 beIuXE ewufyZ edtRyQ bg-gray100\/50 light:bg-gray100\/50 dark:bg-gray999\/50\">\n<div class=\"sc-7qo9rl-4 ifXqpR\"><span aria-hidden=\"true\" class=\"sc-7qo9rl-1 kmDgOH text-gray700 light:text-gray700 dark:text-gray200\">Publicit\u00e9<\/span><\/div>\n<\/div>\n<\/div>\n<\/div>\n<\/aside>\n<\/div>\n<\/div>\n<\/div>\n<div class=\"xsToMd:mb-10 lg:mt-10\">\n<div class=\"sc-7qo9rl-0 sc-7qo9rl-2 sc-7qo9rl-3 beIuXE ewufyZ dEmEPA bg-gray100\/50 light:bg-gray100\/50 dark:bg-gray999\/50\">\n<div class=\"sc-7qo9rl-4 ifXqpR\"><span aria-hidden=\"true\" class=\"sc-7qo9rl-1 kmDgOH text-gray700 light:text-gray700 dark:text-gray200\">Publicit\u00e9<\/span><\/div>\n<\/div>\n<\/div>\n<\/div>\n<div class=\"bg-gray100 light:bg-gray100 dark:bg-gray999 lg:mt-10 print:hidden\">\n<div class=\"sc-x4gjk0-0 ShtxF\">\n<div class=\"relative\"><span class=\"absolute left-1\/2 top-1\/2 -translate-x-1\/2 -translate-y-1\/2\"><span class=\"sr-only\">Chargement en cours<\/span><\/span><\/div>\n<div class=\"sc-pahfbg-0 beUHeC print:hidden\">\n<div class=\"bg-gray0 light:bg-gray0 dark:bg-gray900 border-gray300 light:border-gray300 dark:border-gray700 flex overflow-hidden rounded border border-solid xsToSm:flex-col xsToSm:text-center\">\n<div class=\"flex-1\"><img decoding=\"async\" alt class=\"sc-1tkrlyq-2 gucMx transition-opacity ease-out\" loading=\"lazy\" src=\"https:\/\/www.accidentdutravail-idf.net\/blog\/wp-content\/uploads\/2024\/05\/les-accidents-du-travail-en-baisse-et-les-traumatismes-psychologiques-en-hausse-en-n-e-1.jpg\"><\/div>\n<div class=\"my-auto flex-1 p-10 xsOnly:px-6\">\n<div class=\"relative\">\n<div aria-hidden=\"false\" class=\"transition\">\n<div class=\"mb-5\">\n<h2 class=\"!font-display text-8 leading-5 xsToSm:text-6 font-bold\">Infolettre ICI Acadie<\/h2>\n<p class=\"mt-2\">Une fois par jour, recevez l\u2019essentiel de l\u2019actualit\u00e9 r\u00e9gionale.<\/p>\n<\/div>\n<\/div>\n<\/div>\n<\/div>\n<\/div>\n<\/div>\n<\/div>\n<\/div>\n<\/div>\n<p><\/main><\/p>\n<footer class=\"sc-17a44i8-1 flvPkh m-main-footer grid-container-b2 is-nightmode\" role=\"contentinfo\">\n<div class=\"row\">\n<div class=\"sc-17a44i8-0 eNfQwi\">\n<p><button class=\"sc-xeh9fb-0 hgdHLQ button-scroll-to-top\" type=\"button\"><span>Haut de page<\/span><\/button><\/p>\n<\/div>\n<\/div>\n<\/footer>\n<p>accidentdutravail-idf.net vous a pr\u00e9par\u00e9 ce post qui informe du sujet \u00ab\u00a0Association Sportive Huisson-Longueville Essonne\u00a0\u00bb. La chronique se veut g\u00e9n\u00e9r\u00e9e du mieux possible. Vous pouvez utiliser les coordonn\u00e9es indiqu\u00e9es sur le site dans le but d\u2019apporter des explications sur ce post qui parle du th\u00e8me \u00ab\u00a0Association Sportive Huisson-Longueville Essonne\u00a0\u00bb. Le site accidentdutravail-idf.net a pour but de fournir diverses publications sur la th\u00e9matique Association Sportive Huisson-Longueville Essonne diffus\u00e9es sur le net. Il y aura plusieurs articles autour du sujet \u00ab\u00a0Association Sportive Huisson-Longueville Essonne\u00a0\u00bb dans quelques jours, nous vous invitons \u00e0 naviguer sur notre site web \u00e0 plusieurs reprises.<\/p>\n","protected":false},"excerpt":{"rendered":"<p>Vous naviguez sur le site de Radio-Canada Aller au contenu principalAller au pied de pageAide \u00e0 la navigation Publicit\u00e9 D\u00e9but du contenu principal &nbsp; &nbsp; &nbsp; &nbsp; &nbsp; &nbsp; &nbsp; &nbsp; &nbsp; &nbsp; &nbsp; &nbsp; &nbsp; &nbsp; &nbsp; &nbsp; &nbsp; &nbsp; &nbsp; &nbsp; &nbsp; &nbsp; &nbsp; &nbsp; commentairesAcc\u00e9der \u00e0 la section commentaires Ouvrir en mode &hellip; <\/p>\n<p class=\"link-more\"><a href=\"https:\/\/www.accidentdutravail-idf.net\/blog\/les-accidents-du-travail-en-baisse-et-les-traumatismes-psychologiques-en-hausse-en-n-e\/\" class=\"more-link\">Continuer la lecture <span class=\"screen-reader-text\"> \u00ab\u00a0Les accidents du travail en baisse et les traumatismes psychologiques en hausse en N.-\u00c9.\u00a0\u00bb<\/span><\/a><\/p>\n","protected":false},"author":2,"featured_media":0,"comment_status":"closed","ping_status":"closed","sticky":false,"template":"","format":"standard","meta":{"footnotes":""},"categories":[5],"tags":[],"class_list":["post-297","post","type-post","status-publish","format-standard","hentry","category-securite-du-travail-en-ile-de-france-et-divers","entry"],"yoast_head":"<!-- This site is optimized with the Yoast SEO plugin v27.5 - https:\/\/yoast.com\/product\/yoast-seo-wordpress\/ -->\n<title>Les accidents du travail en baisse et les traumatismes psychologiques en hausse en N.-\u00c9. - ACCIDENTDUTRAVAIL-IDF<\/title>\n<meta name=\"description\" content=\"Les accidents du travail en baisse et les traumatismes psychologiques en hausse en N.-\u00c9. article de ACCIDENTDUTRAVAIL-IDF\" \/>\n<meta name=\"robots\" content=\"index, follow, max-snippet:-1, max-image-preview:large, max-video-preview:-1\" \/>\n<link rel=\"canonical\" href=\"https:\/\/www.accidentdutravail-idf.net\/blog\/les-accidents-du-travail-en-baisse-et-les-traumatismes-psychologiques-en-hausse-en-n-e\/\" \/>\n<meta property=\"og:locale\" content=\"fr_FR\" \/>\n<meta property=\"og:type\" content=\"article\" \/>\n<meta property=\"og:title\" content=\"Les accidents du travail en baisse et les traumatismes psychologiques en hausse en N.-\u00c9. - ACCIDENTDUTRAVAIL-IDF\" \/>\n<meta property=\"og:description\" content=\"Les accidents du travail en baisse et les traumatismes psychologiques en hausse en N.-\u00c9. article de ACCIDENTDUTRAVAIL-IDF\" \/>\n<meta property=\"og:url\" content=\"https:\/\/www.accidentdutravail-idf.net\/blog\/les-accidents-du-travail-en-baisse-et-les-traumatismes-psychologiques-en-hausse-en-n-e\/\" \/>\n<meta property=\"og:site_name\" content=\"ACCIDENTDUTRAVAIL-IDF\" \/>\n<meta property=\"article:published_time\" content=\"2024-05-12T06:00:00+00:00\" \/>\n<meta property=\"og:image\" content=\"https:\/\/www.accidentdutravail-idf.net\/blog\/wp-content\/uploads\/2024\/05\/les-accidents-du-travail-en-baisse-et-les-traumatismes-psychologiques-en-hausse-en-n-e.jpg\" \/>\n<meta name=\"author\" content=\"Carlos Poulain\" \/>\n<meta name=\"twitter:card\" content=\"summary_large_image\" \/>\n<meta name=\"twitter:label1\" content=\"\u00c9crit par\" \/>\n\t<meta name=\"twitter:data1\" content=\"Carlos Poulain\" \/>\n\t<meta name=\"twitter:label2\" content=\"Dur\u00e9e de lecture estim\u00e9e\" \/>\n\t<meta name=\"twitter:data2\" content=\"2 minutes\" \/>\n<script type=\"application\/ld+json\" class=\"yoast-schema-graph\">{\"@context\":\"https:\\\/\\\/schema.org\",\"@graph\":[{\"@type\":\"Article\",\"@id\":\"https:\\\/\\\/www.accidentdutravail-idf.net\\\/blog\\\/les-accidents-du-travail-en-baisse-et-les-traumatismes-psychologiques-en-hausse-en-n-e\\\/#article\",\"isPartOf\":{\"@id\":\"https:\\\/\\\/www.accidentdutravail-idf.net\\\/blog\\\/les-accidents-du-travail-en-baisse-et-les-traumatismes-psychologiques-en-hausse-en-n-e\\\/\"},\"author\":{\"name\":\"Carlos Poulain\",\"@id\":\"https:\\\/\\\/www.accidentdutravail-idf.net\\\/blog\\\/#\\\/schema\\\/person\\\/3255d2f970de45e64bd9201f38e7b947\"},\"headline\":\"Les accidents du travail en baisse et les traumatismes psychologiques en hausse en N.-\u00c9.\",\"datePublished\":\"2024-05-12T06:00:00+00:00\",\"mainEntityOfPage\":{\"@id\":\"https:\\\/\\\/www.accidentdutravail-idf.net\\\/blog\\\/les-accidents-du-travail-en-baisse-et-les-traumatismes-psychologiques-en-hausse-en-n-e\\\/\"},\"wordCount\":474,\"publisher\":{\"@id\":\"https:\\\/\\\/www.accidentdutravail-idf.net\\\/blog\\\/#organization\"},\"image\":{\"@id\":\"https:\\\/\\\/www.accidentdutravail-idf.net\\\/blog\\\/les-accidents-du-travail-en-baisse-et-les-traumatismes-psychologiques-en-hausse-en-n-e\\\/#primaryimage\"},\"thumbnailUrl\":\"https:\\\/\\\/www.accidentdutravail-idf.net\\\/blog\\\/wp-content\\\/uploads\\\/2024\\\/05\\\/les-accidents-du-travail-en-baisse-et-les-traumatismes-psychologiques-en-hausse-en-n-e.jpg\",\"articleSection\":[\"S\u00e9curit\u00e9 Du Travail En Ile-De-France Et Divers:\"],\"inLanguage\":\"fr-FR\"},{\"@type\":\"WebPage\",\"@id\":\"https:\\\/\\\/www.accidentdutravail-idf.net\\\/blog\\\/les-accidents-du-travail-en-baisse-et-les-traumatismes-psychologiques-en-hausse-en-n-e\\\/\",\"url\":\"https:\\\/\\\/www.accidentdutravail-idf.net\\\/blog\\\/les-accidents-du-travail-en-baisse-et-les-traumatismes-psychologiques-en-hausse-en-n-e\\\/\",\"name\":\"Les accidents du travail en baisse et les traumatismes psychologiques en hausse en N.-\u00c9. - ACCIDENTDUTRAVAIL-IDF\",\"isPartOf\":{\"@id\":\"https:\\\/\\\/www.accidentdutravail-idf.net\\\/blog\\\/#website\"},\"primaryImageOfPage\":{\"@id\":\"https:\\\/\\\/www.accidentdutravail-idf.net\\\/blog\\\/les-accidents-du-travail-en-baisse-et-les-traumatismes-psychologiques-en-hausse-en-n-e\\\/#primaryimage\"},\"image\":{\"@id\":\"https:\\\/\\\/www.accidentdutravail-idf.net\\\/blog\\\/les-accidents-du-travail-en-baisse-et-les-traumatismes-psychologiques-en-hausse-en-n-e\\\/#primaryimage\"},\"thumbnailUrl\":\"https:\\\/\\\/www.accidentdutravail-idf.net\\\/blog\\\/wp-content\\\/uploads\\\/2024\\\/05\\\/les-accidents-du-travail-en-baisse-et-les-traumatismes-psychologiques-en-hausse-en-n-e.jpg\",\"datePublished\":\"2024-05-12T06:00:00+00:00\",\"description\":\"Les accidents du travail en baisse et les traumatismes psychologiques en hausse en N.-\u00c9. article de ACCIDENTDUTRAVAIL-IDF\",\"breadcrumb\":{\"@id\":\"https:\\\/\\\/www.accidentdutravail-idf.net\\\/blog\\\/les-accidents-du-travail-en-baisse-et-les-traumatismes-psychologiques-en-hausse-en-n-e\\\/#breadcrumb\"},\"inLanguage\":\"fr-FR\",\"potentialAction\":[{\"@type\":\"ReadAction\",\"target\":[\"https:\\\/\\\/www.accidentdutravail-idf.net\\\/blog\\\/les-accidents-du-travail-en-baisse-et-les-traumatismes-psychologiques-en-hausse-en-n-e\\\/\"]}]},{\"@type\":\"ImageObject\",\"inLanguage\":\"fr-FR\",\"@id\":\"https:\\\/\\\/www.accidentdutravail-idf.net\\\/blog\\\/les-accidents-du-travail-en-baisse-et-les-traumatismes-psychologiques-en-hausse-en-n-e\\\/#primaryimage\",\"url\":\"https:\\\/\\\/www.accidentdutravail-idf.net\\\/blog\\\/wp-content\\\/uploads\\\/2024\\\/05\\\/les-accidents-du-travail-en-baisse-et-les-traumatismes-psychologiques-en-hausse-en-n-e.jpg\",\"contentUrl\":\"https:\\\/\\\/www.accidentdutravail-idf.net\\\/blog\\\/wp-content\\\/uploads\\\/2024\\\/05\\\/les-accidents-du-travail-en-baisse-et-les-traumatismes-psychologiques-en-hausse-en-n-e.jpg\"},{\"@type\":\"BreadcrumbList\",\"@id\":\"https:\\\/\\\/www.accidentdutravail-idf.net\\\/blog\\\/les-accidents-du-travail-en-baisse-et-les-traumatismes-psychologiques-en-hausse-en-n-e\\\/#breadcrumb\",\"itemListElement\":[{\"@type\":\"ListItem\",\"position\":1,\"name\":\"Accueil\",\"item\":\"https:\\\/\\\/www.accidentdutravail-idf.net\\\/blog\\\/\"},{\"@type\":\"ListItem\",\"position\":2,\"name\":\"Les accidents du travail en baisse et les traumatismes psychologiques en hausse en N.-\u00c9.\"}]},{\"@type\":\"WebSite\",\"@id\":\"https:\\\/\\\/www.accidentdutravail-idf.net\\\/blog\\\/#website\",\"url\":\"https:\\\/\\\/www.accidentdutravail-idf.net\\\/blog\\\/\",\"name\":\"ACCIDENTDUTRAVAIL-IDF\",\"description\":\"Portail accidents du travail-maladies professionnelles des entreprises d&#039;Ile-de-France\",\"publisher\":{\"@id\":\"https:\\\/\\\/www.accidentdutravail-idf.net\\\/blog\\\/#organization\"},\"potentialAction\":[{\"@type\":\"SearchAction\",\"target\":{\"@type\":\"EntryPoint\",\"urlTemplate\":\"https:\\\/\\\/www.accidentdutravail-idf.net\\\/blog\\\/?s={search_term_string}\"},\"query-input\":{\"@type\":\"PropertyValueSpecification\",\"valueRequired\":true,\"valueName\":\"search_term_string\"}}],\"inLanguage\":\"fr-FR\"},{\"@type\":\"Organization\",\"@id\":\"https:\\\/\\\/www.accidentdutravail-idf.net\\\/blog\\\/#organization\",\"name\":\"accidentdutravail-idf\",\"url\":\"https:\\\/\\\/www.accidentdutravail-idf.net\\\/blog\\\/\",\"logo\":{\"@type\":\"ImageObject\",\"inLanguage\":\"fr-FR\",\"@id\":\"https:\\\/\\\/www.accidentdutravail-idf.net\\\/blog\\\/#\\\/schema\\\/logo\\\/image\\\/\",\"url\":\"https:\\\/\\\/www.accidentdutravail-idf.net\\\/blog\\\/wp-content\\\/uploads\\\/2022\\\/09\\\/logo-2.png\",\"contentUrl\":\"https:\\\/\\\/www.accidentdutravail-idf.net\\\/blog\\\/wp-content\\\/uploads\\\/2022\\\/09\\\/logo-2.png\",\"width\":380,\"height\":291,\"caption\":\"accidentdutravail-idf\"},\"image\":{\"@id\":\"https:\\\/\\\/www.accidentdutravail-idf.net\\\/blog\\\/#\\\/schema\\\/logo\\\/image\\\/\"}},{\"@type\":\"Person\",\"@id\":\"https:\\\/\\\/www.accidentdutravail-idf.net\\\/blog\\\/#\\\/schema\\\/person\\\/3255d2f970de45e64bd9201f38e7b947\",\"name\":\"Carlos Poulain\",\"image\":{\"@type\":\"ImageObject\",\"inLanguage\":\"fr-FR\",\"@id\":\"https:\\\/\\\/secure.gravatar.com\\\/avatar\\\/b1c2f9d3588e34e91adb093635df64ef4b2381991216be7576466cfcdca4baf3?s=96&d=mm&r=g\",\"url\":\"https:\\\/\\\/secure.gravatar.com\\\/avatar\\\/b1c2f9d3588e34e91adb093635df64ef4b2381991216be7576466cfcdca4baf3?s=96&d=mm&r=g\",\"contentUrl\":\"https:\\\/\\\/secure.gravatar.com\\\/avatar\\\/b1c2f9d3588e34e91adb093635df64ef4b2381991216be7576466cfcdca4baf3?s=96&d=mm&r=g\",\"caption\":\"Carlos Poulain\"},\"url\":\"https:\\\/\\\/www.accidentdutravail-idf.net\\\/blog\\\/author\\\/idfcarlos\\\/\"}]}<\/script>\n<!-- \/ Yoast SEO plugin. -->","yoast_head_json":{"title":"Les accidents du travail en baisse et les traumatismes psychologiques en hausse en N.-\u00c9. - ACCIDENTDUTRAVAIL-IDF","description":"Les accidents du travail en baisse et les traumatismes psychologiques en hausse en N.-\u00c9. article de ACCIDENTDUTRAVAIL-IDF","robots":{"index":"index","follow":"follow","max-snippet":"max-snippet:-1","max-image-preview":"max-image-preview:large","max-video-preview":"max-video-preview:-1"},"canonical":"https:\/\/www.accidentdutravail-idf.net\/blog\/les-accidents-du-travail-en-baisse-et-les-traumatismes-psychologiques-en-hausse-en-n-e\/","og_locale":"fr_FR","og_type":"article","og_title":"Les accidents du travail en baisse et les traumatismes psychologiques en hausse en N.-\u00c9. - ACCIDENTDUTRAVAIL-IDF","og_description":"Les accidents du travail en baisse et les traumatismes psychologiques en hausse en N.-\u00c9. article de ACCIDENTDUTRAVAIL-IDF","og_url":"https:\/\/www.accidentdutravail-idf.net\/blog\/les-accidents-du-travail-en-baisse-et-les-traumatismes-psychologiques-en-hausse-en-n-e\/","og_site_name":"ACCIDENTDUTRAVAIL-IDF","article_published_time":"2024-05-12T06:00:00+00:00","og_image":[{"url":"https:\/\/www.accidentdutravail-idf.net\/blog\/wp-content\/uploads\/2024\/05\/les-accidents-du-travail-en-baisse-et-les-traumatismes-psychologiques-en-hausse-en-n-e.jpg","type":"","width":"","height":""}],"author":"Carlos Poulain","twitter_card":"summary_large_image","twitter_misc":{"\u00c9crit par":"Carlos Poulain","Dur\u00e9e de lecture estim\u00e9e":"2 minutes"},"schema":{"@context":"https:\/\/schema.org","@graph":[{"@type":"Article","@id":"https:\/\/www.accidentdutravail-idf.net\/blog\/les-accidents-du-travail-en-baisse-et-les-traumatismes-psychologiques-en-hausse-en-n-e\/#article","isPartOf":{"@id":"https:\/\/www.accidentdutravail-idf.net\/blog\/les-accidents-du-travail-en-baisse-et-les-traumatismes-psychologiques-en-hausse-en-n-e\/"},"author":{"name":"Carlos Poulain","@id":"https:\/\/www.accidentdutravail-idf.net\/blog\/#\/schema\/person\/3255d2f970de45e64bd9201f38e7b947"},"headline":"Les accidents du travail en baisse et les traumatismes psychologiques en hausse en N.-\u00c9.","datePublished":"2024-05-12T06:00:00+00:00","mainEntityOfPage":{"@id":"https:\/\/www.accidentdutravail-idf.net\/blog\/les-accidents-du-travail-en-baisse-et-les-traumatismes-psychologiques-en-hausse-en-n-e\/"},"wordCount":474,"publisher":{"@id":"https:\/\/www.accidentdutravail-idf.net\/blog\/#organization"},"image":{"@id":"https:\/\/www.accidentdutravail-idf.net\/blog\/les-accidents-du-travail-en-baisse-et-les-traumatismes-psychologiques-en-hausse-en-n-e\/#primaryimage"},"thumbnailUrl":"https:\/\/www.accidentdutravail-idf.net\/blog\/wp-content\/uploads\/2024\/05\/les-accidents-du-travail-en-baisse-et-les-traumatismes-psychologiques-en-hausse-en-n-e.jpg","articleSection":["S\u00e9curit\u00e9 Du Travail En Ile-De-France Et Divers:"],"inLanguage":"fr-FR"},{"@type":"WebPage","@id":"https:\/\/www.accidentdutravail-idf.net\/blog\/les-accidents-du-travail-en-baisse-et-les-traumatismes-psychologiques-en-hausse-en-n-e\/","url":"https:\/\/www.accidentdutravail-idf.net\/blog\/les-accidents-du-travail-en-baisse-et-les-traumatismes-psychologiques-en-hausse-en-n-e\/","name":"Les accidents du travail en baisse et les traumatismes psychologiques en hausse en N.-\u00c9. - ACCIDENTDUTRAVAIL-IDF","isPartOf":{"@id":"https:\/\/www.accidentdutravail-idf.net\/blog\/#website"},"primaryImageOfPage":{"@id":"https:\/\/www.accidentdutravail-idf.net\/blog\/les-accidents-du-travail-en-baisse-et-les-traumatismes-psychologiques-en-hausse-en-n-e\/#primaryimage"},"image":{"@id":"https:\/\/www.accidentdutravail-idf.net\/blog\/les-accidents-du-travail-en-baisse-et-les-traumatismes-psychologiques-en-hausse-en-n-e\/#primaryimage"},"thumbnailUrl":"https:\/\/www.accidentdutravail-idf.net\/blog\/wp-content\/uploads\/2024\/05\/les-accidents-du-travail-en-baisse-et-les-traumatismes-psychologiques-en-hausse-en-n-e.jpg","datePublished":"2024-05-12T06:00:00+00:00","description":"Les accidents du travail en baisse et les traumatismes psychologiques en hausse en N.-\u00c9. article de ACCIDENTDUTRAVAIL-IDF","breadcrumb":{"@id":"https:\/\/www.accidentdutravail-idf.net\/blog\/les-accidents-du-travail-en-baisse-et-les-traumatismes-psychologiques-en-hausse-en-n-e\/#breadcrumb"},"inLanguage":"fr-FR","potentialAction":[{"@type":"ReadAction","target":["https:\/\/www.accidentdutravail-idf.net\/blog\/les-accidents-du-travail-en-baisse-et-les-traumatismes-psychologiques-en-hausse-en-n-e\/"]}]},{"@type":"ImageObject","inLanguage":"fr-FR","@id":"https:\/\/www.accidentdutravail-idf.net\/blog\/les-accidents-du-travail-en-baisse-et-les-traumatismes-psychologiques-en-hausse-en-n-e\/#primaryimage","url":"https:\/\/www.accidentdutravail-idf.net\/blog\/wp-content\/uploads\/2024\/05\/les-accidents-du-travail-en-baisse-et-les-traumatismes-psychologiques-en-hausse-en-n-e.jpg","contentUrl":"https:\/\/www.accidentdutravail-idf.net\/blog\/wp-content\/uploads\/2024\/05\/les-accidents-du-travail-en-baisse-et-les-traumatismes-psychologiques-en-hausse-en-n-e.jpg"},{"@type":"BreadcrumbList","@id":"https:\/\/www.accidentdutravail-idf.net\/blog\/les-accidents-du-travail-en-baisse-et-les-traumatismes-psychologiques-en-hausse-en-n-e\/#breadcrumb","itemListElement":[{"@type":"ListItem","position":1,"name":"Accueil","item":"https:\/\/www.accidentdutravail-idf.net\/blog\/"},{"@type":"ListItem","position":2,"name":"Les accidents du travail en baisse et les traumatismes psychologiques en hausse en N.-\u00c9."}]},{"@type":"WebSite","@id":"https:\/\/www.accidentdutravail-idf.net\/blog\/#website","url":"https:\/\/www.accidentdutravail-idf.net\/blog\/","name":"ACCIDENTDUTRAVAIL-IDF","description":"Portail accidents du travail-maladies professionnelles des entreprises d&#039;Ile-de-France","publisher":{"@id":"https:\/\/www.accidentdutravail-idf.net\/blog\/#organization"},"potentialAction":[{"@type":"SearchAction","target":{"@type":"EntryPoint","urlTemplate":"https:\/\/www.accidentdutravail-idf.net\/blog\/?s={search_term_string}"},"query-input":{"@type":"PropertyValueSpecification","valueRequired":true,"valueName":"search_term_string"}}],"inLanguage":"fr-FR"},{"@type":"Organization","@id":"https:\/\/www.accidentdutravail-idf.net\/blog\/#organization","name":"accidentdutravail-idf","url":"https:\/\/www.accidentdutravail-idf.net\/blog\/","logo":{"@type":"ImageObject","inLanguage":"fr-FR","@id":"https:\/\/www.accidentdutravail-idf.net\/blog\/#\/schema\/logo\/image\/","url":"https:\/\/www.accidentdutravail-idf.net\/blog\/wp-content\/uploads\/2022\/09\/logo-2.png","contentUrl":"https:\/\/www.accidentdutravail-idf.net\/blog\/wp-content\/uploads\/2022\/09\/logo-2.png","width":380,"height":291,"caption":"accidentdutravail-idf"},"image":{"@id":"https:\/\/www.accidentdutravail-idf.net\/blog\/#\/schema\/logo\/image\/"}},{"@type":"Person","@id":"https:\/\/www.accidentdutravail-idf.net\/blog\/#\/schema\/person\/3255d2f970de45e64bd9201f38e7b947","name":"Carlos Poulain","image":{"@type":"ImageObject","inLanguage":"fr-FR","@id":"https:\/\/secure.gravatar.com\/avatar\/b1c2f9d3588e34e91adb093635df64ef4b2381991216be7576466cfcdca4baf3?s=96&d=mm&r=g","url":"https:\/\/secure.gravatar.com\/avatar\/b1c2f9d3588e34e91adb093635df64ef4b2381991216be7576466cfcdca4baf3?s=96&d=mm&r=g","contentUrl":"https:\/\/secure.gravatar.com\/avatar\/b1c2f9d3588e34e91adb093635df64ef4b2381991216be7576466cfcdca4baf3?s=96&d=mm&r=g","caption":"Carlos Poulain"},"url":"https:\/\/www.accidentdutravail-idf.net\/blog\/author\/idfcarlos\/"}]}},"_links":{"self":[{"href":"https:\/\/www.accidentdutravail-idf.net\/blog\/wp-json\/wp\/v2\/posts\/297","targetHints":{"allow":["GET"]}}],"collection":[{"href":"https:\/\/www.accidentdutravail-idf.net\/blog\/wp-json\/wp\/v2\/posts"}],"about":[{"href":"https:\/\/www.accidentdutravail-idf.net\/blog\/wp-json\/wp\/v2\/types\/post"}],"author":[{"embeddable":true,"href":"https:\/\/www.accidentdutravail-idf.net\/blog\/wp-json\/wp\/v2\/users\/2"}],"replies":[{"embeddable":true,"href":"https:\/\/www.accidentdutravail-idf.net\/blog\/wp-json\/wp\/v2\/comments?post=297"}],"version-history":[{"count":0,"href":"https:\/\/www.accidentdutravail-idf.net\/blog\/wp-json\/wp\/v2\/posts\/297\/revisions"}],"wp:attachment":[{"href":"https:\/\/www.accidentdutravail-idf.net\/blog\/wp-json\/wp\/v2\/media?parent=297"}],"wp:term":[{"taxonomy":"category","embeddable":true,"href":"https:\/\/www.accidentdutravail-idf.net\/blog\/wp-json\/wp\/v2\/categories?post=297"},{"taxonomy":"post_tag","embeddable":true,"href":"https:\/\/www.accidentdutravail-idf.net\/blog\/wp-json\/wp\/v2\/tags?post=297"}],"curies":[{"name":"wp","href":"https:\/\/api.w.org\/{rel}","templated":true}]}}