{"id":295,"date":"2024-05-11T13:01:00","date_gmt":"2024-05-11T11:01:00","guid":{"rendered":"https:\/\/www.accidentdutravail-idf.net\/blog\/a-calais-une-femme-renversee-par-une-moto-le-boulevard-du-general-de-gaulle-bloque\/"},"modified":"2024-05-11T13:01:00","modified_gmt":"2024-05-11T11:01:00","slug":"a-calais-une-femme-renversee-par-une-moto-le-boulevard-du-general-de-gaulle-bloque","status":"publish","type":"post","link":"https:\/\/www.accidentdutravail-idf.net\/blog\/a-calais-une-femme-renversee-par-une-moto-le-boulevard-du-general-de-gaulle-bloque\/","title":{"rendered":"\u00c0 Calais, une femme renvers\u00e9e par une moto, le boulevard du G\u00e9n\u00e9ral de Gaulle bloqu\u00e9"},"content":{"rendered":"<div id>\n<p><span class=\"drop-cap r-lettrine\">E<\/span>lle a voulu rendre service \u00e0 sa famille quand l\u2019accident s\u2019est produit. Samedi 11 mai, en plein milieu de l\u2019apr\u00e8s-midi, un accident de la circulation a eu lieu, au niveau du boulevard du G\u00e9n\u00e9ral de Gaulle, quartier de la plage.<\/p>\n<p><!-- \/\/ builder=DFPTagBuilder, site=HEBDOSNLENG, pageType=node, context=\/Sections\/Nord Littoral, position=article_article, edition=, domain=www.nordlittoral.fr --> <!-- \/\/ builder=DFPTagBuilder, site=HEBDOSNLENG, pageType=node, context=\/Sections\/Nord Littoral, position=article_article, edition=, domain=www.nordlittoral.fr --> <\/p>\n<h2 class=\"sub-head\">Renvers\u00e9e pour garder une place<\/h2>\n<p>Les faits se sont produits vers 16&nbsp;h&nbsp;20. Une femme de 26 ans a \u00e9t\u00e9 percut\u00e9e par une moto, conduite par un homme de 29 ans. Le beau-p\u00e8re de la pi\u00e9tonne raconte&nbsp;: \u00ab&nbsp;<em>Elle \u00e9tait venue pour le week-end, comme chaque week-end, pour profiter de la plage avec son b\u00e9b\u00e9 de six mois&nbsp;\u00bb<\/em>, souffle-t-il, pr\u00e9cisant qu\u2019elle n\u2019est pas enceinte, contrairement aux premiers \u00e9l\u00e9ments qui nous ont \u00e9t\u00e9 transmis.<\/p>\n<p><!-- \/\/ builder=DFPTagBuilder, site=HEBDOSNLENG, pageType=node, context=\/Sections\/Nord Littoral, position=article_article, edition=, domain=www.nordlittoral.fr --> <\/p>\n<figure role=\"img\"> <img decoding=\"async\" data-copyright=\"Charles Piquet\" class=\"r-img\" src=\"https:\/\/www.accidentdutravail-idf.net\/blog\/wp-content\/uploads\/2024\/05\/a-calais-une-femme-renversee-par-une-moto-le-boulevard-du-general-de-gaulle-bloque.jpg\" alt=\"La circulation a \u00e9t\u00e9 bloqu\u00e9e par la police municipale.\"><figcaption>La circulation a \u00e9t\u00e9 bloqu\u00e9e par la police municipale. &#8211; Charles Piquet<\/figcaption><\/figure>\n<p><!-- END scald=3460591 --><\/p>\n<p><em>\u00ab&nbsp;On voulait aller prendre une glace sur la plage. On a eu du mal \u00e0 trouver une place. Quand elle en a vu une, elle s\u2019est propos\u00e9e pour se positionner devant, pour la garder. Puis quand elle a travers\u00e9, la moto est arriv\u00e9e<\/em>.&nbsp;\u00bb<\/p>\n<p><!-- \/\/ builder=DFPTagBuilder, site=HEBDOSNLENG, pageType=node, context=\/Sections\/Nord Littoral, position=article_pave_medium, edition=, domain=www.nordlittoral.fr --> <!-- \/\/ builder=DFPTagBuilder, site=HEBDOSNLENG, pageType=node, context=\/Sections\/Nord Littoral, position=article_pave_medium, edition=, domain=www.nordlittoral.fr --> <\/div>\n<div id>\n<h2 class=\"sub-head\">Transport\u00e9s \u00e0 l\u2019h\u00f4pital de Calais<\/h2>\n<p>Le motard en question rentrait du travail, selon un de ses proches, pr\u00e9venu de l\u2019accident. Il a percut\u00e9 la femme, avant d\u2019\u00eatre lui- m\u00eame projet\u00e9 au sol. Ce dernier souffrirait d\u2019une fracture au bras. Il a \u00e9t\u00e9 emmen\u00e9 \u00e0 l\u2019h\u00f4pital par les pompiers.<\/p>\n<figure role=\"img\"> <img decoding=\"async\" data-copyright=\"Charles Piquet\" class=\"r-img\" src=\"https:\/\/www.accidentdutravail-idf.net\/blog\/wp-content\/uploads\/2024\/05\/a-calais-une-femme-renversee-par-une-moto-le-boulevard-du-general-de-gaulle-bloque-1.jpg\" alt=\"Les deux victimes ont \u00e9t\u00e9 transport\u00e9es \u00e0 l\u2019h\u00f4pital de Calais.\"><figcaption>Les deux victimes ont \u00e9t\u00e9 transport\u00e9es \u00e0 l\u2019h\u00f4pital de Calais. &#8211; Charles Piquet<\/figcaption><\/figure>\n<p><!-- END scald=3460592 --><\/p>\n<p>C\u2019est la pi\u00e9tonne qui a le plus souffert dans l\u2019accident. Victime d\u2019une probable fracture de la jambe droite, les pompiers et le SMUR Calais ont d\u2019abord pris le temps de stabiliser la victime, consciente pendant l\u2019intervention. L\u2019op\u00e9ration a n\u00e9cessit\u00e9 le blocage de la circulation par les policiers municipaux. Vers 17 h 15, la femme a \u00e9t\u00e9 transport\u00e9e \u00e0 l\u2019h\u00f4pital de Calais.<\/p>\n<\/div>\n<p>accidentdutravail-idf.net vous a pr\u00e9par\u00e9 ce post qui informe du sujet \u00ab\u00a0Association Sportive Huisson-Longueville Essonne\u00a0\u00bb. La chronique se veut g\u00e9n\u00e9r\u00e9e du mieux possible. Vous pouvez utiliser les coordonn\u00e9es indiqu\u00e9es sur le site dans le but d\u2019apporter des explications sur ce post qui parle du th\u00e8me \u00ab\u00a0Association Sportive Huisson-Longueville Essonne\u00a0\u00bb. Le site accidentdutravail-idf.net a pour but de fournir diverses publications sur la th\u00e9matique Association Sportive Huisson-Longueville Essonne diffus\u00e9es sur le net. Il y aura plusieurs articles autour du sujet \u00ab\u00a0Association Sportive Huisson-Longueville Essonne\u00a0\u00bb dans quelques jours, nous vous invitons \u00e0 naviguer sur notre site web \u00e0 plusieurs reprises.<\/p>\n","protected":false},"excerpt":{"rendered":"<p>Elle a voulu rendre service \u00e0 sa famille quand l\u2019accident s\u2019est produit. Samedi 11 mai, en plein milieu de l\u2019apr\u00e8s-midi, un accident de la circulation a eu lieu, au niveau du boulevard du G\u00e9n\u00e9ral de Gaulle, quartier de la plage. Renvers\u00e9e pour garder une place Les faits se sont produits vers 16&nbsp;h&nbsp;20. Une femme de &hellip; <\/p>\n<p class=\"link-more\"><a href=\"https:\/\/www.accidentdutravail-idf.net\/blog\/a-calais-une-femme-renversee-par-une-moto-le-boulevard-du-general-de-gaulle-bloque\/\" class=\"more-link\">Continuer la lecture <span class=\"screen-reader-text\"> \u00ab\u00a0\u00c0 Calais, une femme renvers\u00e9e par une moto, le boulevard du G\u00e9n\u00e9ral de Gaulle bloqu\u00e9\u00a0\u00bb<\/span><\/a><\/p>\n","protected":false},"author":2,"featured_media":0,"comment_status":"closed","ping_status":"closed","sticky":false,"template":"","format":"standard","meta":{"footnotes":""},"categories":[5],"tags":[],"class_list":["post-295","post","type-post","status-publish","format-standard","hentry","category-securite-du-travail-en-ile-de-france-et-divers","entry"],"yoast_head":"<!-- This site is optimized with the Yoast SEO plugin v27.5 - https:\/\/yoast.com\/product\/yoast-seo-wordpress\/ -->\n<title>\u00c0 Calais, une femme renvers\u00e9e par une moto, le boulevard du G\u00e9n\u00e9ral de Gaulle bloqu\u00e9 - ACCIDENTDUTRAVAIL-IDF<\/title>\n<meta name=\"description\" content=\"\u00c0 Calais, une femme renvers\u00e9e par une moto, le boulevard du G\u00e9n\u00e9ral de Gaulle bloqu\u00e9 article de ACCIDENTDUTRAVAIL-IDF\" \/>\n<meta name=\"robots\" content=\"index, follow, max-snippet:-1, max-image-preview:large, max-video-preview:-1\" \/>\n<link rel=\"canonical\" href=\"https:\/\/www.accidentdutravail-idf.net\/blog\/a-calais-une-femme-renversee-par-une-moto-le-boulevard-du-general-de-gaulle-bloque\/\" \/>\n<meta property=\"og:locale\" content=\"fr_FR\" \/>\n<meta property=\"og:type\" content=\"article\" \/>\n<meta property=\"og:title\" content=\"\u00c0 Calais, une femme renvers\u00e9e par une moto, le boulevard du G\u00e9n\u00e9ral de Gaulle bloqu\u00e9 - ACCIDENTDUTRAVAIL-IDF\" \/>\n<meta property=\"og:description\" content=\"\u00c0 Calais, une femme renvers\u00e9e par une moto, le boulevard du G\u00e9n\u00e9ral de Gaulle bloqu\u00e9 article de ACCIDENTDUTRAVAIL-IDF\" \/>\n<meta property=\"og:url\" content=\"https:\/\/www.accidentdutravail-idf.net\/blog\/a-calais-une-femme-renversee-par-une-moto-le-boulevard-du-general-de-gaulle-bloque\/\" \/>\n<meta property=\"og:site_name\" content=\"ACCIDENTDUTRAVAIL-IDF\" \/>\n<meta property=\"article:published_time\" content=\"2024-05-11T11:01:00+00:00\" \/>\n<meta property=\"og:image\" content=\"https:\/\/www.accidentdutravail-idf.net\/blog\/wp-content\/uploads\/2024\/05\/a-calais-une-femme-renversee-par-une-moto-le-boulevard-du-general-de-gaulle-bloque.jpg\" \/>\n<meta name=\"author\" content=\"Carlos Poulain\" \/>\n<meta name=\"twitter:card\" content=\"summary_large_image\" \/>\n<meta name=\"twitter:label1\" content=\"\u00c9crit par\" \/>\n\t<meta name=\"twitter:data1\" content=\"Carlos Poulain\" \/>\n\t<meta name=\"twitter:label2\" content=\"Dur\u00e9e de lecture estim\u00e9e\" \/>\n\t<meta name=\"twitter:data2\" content=\"2 minutes\" \/>\n<script type=\"application\/ld+json\" class=\"yoast-schema-graph\">{\"@context\":\"https:\\\/\\\/schema.org\",\"@graph\":[{\"@type\":\"Article\",\"@id\":\"https:\\\/\\\/www.accidentdutravail-idf.net\\\/blog\\\/a-calais-une-femme-renversee-par-une-moto-le-boulevard-du-general-de-gaulle-bloque\\\/#article\",\"isPartOf\":{\"@id\":\"https:\\\/\\\/www.accidentdutravail-idf.net\\\/blog\\\/a-calais-une-femme-renversee-par-une-moto-le-boulevard-du-general-de-gaulle-bloque\\\/\"},\"author\":{\"name\":\"Carlos Poulain\",\"@id\":\"https:\\\/\\\/www.accidentdutravail-idf.net\\\/blog\\\/#\\\/schema\\\/person\\\/3255d2f970de45e64bd9201f38e7b947\"},\"headline\":\"\u00c0 Calais, une femme renvers\u00e9e par une moto, le boulevard du G\u00e9n\u00e9ral de Gaulle bloqu\u00e9\",\"datePublished\":\"2024-05-11T11:01:00+00:00\",\"mainEntityOfPage\":{\"@id\":\"https:\\\/\\\/www.accidentdutravail-idf.net\\\/blog\\\/a-calais-une-femme-renversee-par-une-moto-le-boulevard-du-general-de-gaulle-bloque\\\/\"},\"wordCount\":451,\"publisher\":{\"@id\":\"https:\\\/\\\/www.accidentdutravail-idf.net\\\/blog\\\/#organization\"},\"image\":{\"@id\":\"https:\\\/\\\/www.accidentdutravail-idf.net\\\/blog\\\/a-calais-une-femme-renversee-par-une-moto-le-boulevard-du-general-de-gaulle-bloque\\\/#primaryimage\"},\"thumbnailUrl\":\"https:\\\/\\\/www.accidentdutravail-idf.net\\\/blog\\\/wp-content\\\/uploads\\\/2024\\\/05\\\/a-calais-une-femme-renversee-par-une-moto-le-boulevard-du-general-de-gaulle-bloque.jpg\",\"articleSection\":[\"S\u00e9curit\u00e9 Du Travail En Ile-De-France Et Divers:\"],\"inLanguage\":\"fr-FR\"},{\"@type\":\"WebPage\",\"@id\":\"https:\\\/\\\/www.accidentdutravail-idf.net\\\/blog\\\/a-calais-une-femme-renversee-par-une-moto-le-boulevard-du-general-de-gaulle-bloque\\\/\",\"url\":\"https:\\\/\\\/www.accidentdutravail-idf.net\\\/blog\\\/a-calais-une-femme-renversee-par-une-moto-le-boulevard-du-general-de-gaulle-bloque\\\/\",\"name\":\"\u00c0 Calais, une femme renvers\u00e9e par une moto, le boulevard du G\u00e9n\u00e9ral de Gaulle bloqu\u00e9 - ACCIDENTDUTRAVAIL-IDF\",\"isPartOf\":{\"@id\":\"https:\\\/\\\/www.accidentdutravail-idf.net\\\/blog\\\/#website\"},\"primaryImageOfPage\":{\"@id\":\"https:\\\/\\\/www.accidentdutravail-idf.net\\\/blog\\\/a-calais-une-femme-renversee-par-une-moto-le-boulevard-du-general-de-gaulle-bloque\\\/#primaryimage\"},\"image\":{\"@id\":\"https:\\\/\\\/www.accidentdutravail-idf.net\\\/blog\\\/a-calais-une-femme-renversee-par-une-moto-le-boulevard-du-general-de-gaulle-bloque\\\/#primaryimage\"},\"thumbnailUrl\":\"https:\\\/\\\/www.accidentdutravail-idf.net\\\/blog\\\/wp-content\\\/uploads\\\/2024\\\/05\\\/a-calais-une-femme-renversee-par-une-moto-le-boulevard-du-general-de-gaulle-bloque.jpg\",\"datePublished\":\"2024-05-11T11:01:00+00:00\",\"description\":\"\u00c0 Calais, une femme renvers\u00e9e par une moto, le boulevard du G\u00e9n\u00e9ral de Gaulle bloqu\u00e9 article de ACCIDENTDUTRAVAIL-IDF\",\"breadcrumb\":{\"@id\":\"https:\\\/\\\/www.accidentdutravail-idf.net\\\/blog\\\/a-calais-une-femme-renversee-par-une-moto-le-boulevard-du-general-de-gaulle-bloque\\\/#breadcrumb\"},\"inLanguage\":\"fr-FR\",\"potentialAction\":[{\"@type\":\"ReadAction\",\"target\":[\"https:\\\/\\\/www.accidentdutravail-idf.net\\\/blog\\\/a-calais-une-femme-renversee-par-une-moto-le-boulevard-du-general-de-gaulle-bloque\\\/\"]}]},{\"@type\":\"ImageObject\",\"inLanguage\":\"fr-FR\",\"@id\":\"https:\\\/\\\/www.accidentdutravail-idf.net\\\/blog\\\/a-calais-une-femme-renversee-par-une-moto-le-boulevard-du-general-de-gaulle-bloque\\\/#primaryimage\",\"url\":\"https:\\\/\\\/www.accidentdutravail-idf.net\\\/blog\\\/wp-content\\\/uploads\\\/2024\\\/05\\\/a-calais-une-femme-renversee-par-une-moto-le-boulevard-du-general-de-gaulle-bloque.jpg\",\"contentUrl\":\"https:\\\/\\\/www.accidentdutravail-idf.net\\\/blog\\\/wp-content\\\/uploads\\\/2024\\\/05\\\/a-calais-une-femme-renversee-par-une-moto-le-boulevard-du-general-de-gaulle-bloque.jpg\"},{\"@type\":\"BreadcrumbList\",\"@id\":\"https:\\\/\\\/www.accidentdutravail-idf.net\\\/blog\\\/a-calais-une-femme-renversee-par-une-moto-le-boulevard-du-general-de-gaulle-bloque\\\/#breadcrumb\",\"itemListElement\":[{\"@type\":\"ListItem\",\"position\":1,\"name\":\"Accueil\",\"item\":\"https:\\\/\\\/www.accidentdutravail-idf.net\\\/blog\\\/\"},{\"@type\":\"ListItem\",\"position\":2,\"name\":\"\u00c0 Calais, une femme renvers\u00e9e par une moto, le boulevard du G\u00e9n\u00e9ral de Gaulle bloqu\u00e9\"}]},{\"@type\":\"WebSite\",\"@id\":\"https:\\\/\\\/www.accidentdutravail-idf.net\\\/blog\\\/#website\",\"url\":\"https:\\\/\\\/www.accidentdutravail-idf.net\\\/blog\\\/\",\"name\":\"ACCIDENTDUTRAVAIL-IDF\",\"description\":\"Portail accidents du travail-maladies professionnelles des entreprises d&#039;Ile-de-France\",\"publisher\":{\"@id\":\"https:\\\/\\\/www.accidentdutravail-idf.net\\\/blog\\\/#organization\"},\"potentialAction\":[{\"@type\":\"SearchAction\",\"target\":{\"@type\":\"EntryPoint\",\"urlTemplate\":\"https:\\\/\\\/www.accidentdutravail-idf.net\\\/blog\\\/?s={search_term_string}\"},\"query-input\":{\"@type\":\"PropertyValueSpecification\",\"valueRequired\":true,\"valueName\":\"search_term_string\"}}],\"inLanguage\":\"fr-FR\"},{\"@type\":\"Organization\",\"@id\":\"https:\\\/\\\/www.accidentdutravail-idf.net\\\/blog\\\/#organization\",\"name\":\"accidentdutravail-idf\",\"url\":\"https:\\\/\\\/www.accidentdutravail-idf.net\\\/blog\\\/\",\"logo\":{\"@type\":\"ImageObject\",\"inLanguage\":\"fr-FR\",\"@id\":\"https:\\\/\\\/www.accidentdutravail-idf.net\\\/blog\\\/#\\\/schema\\\/logo\\\/image\\\/\",\"url\":\"https:\\\/\\\/www.accidentdutravail-idf.net\\\/blog\\\/wp-content\\\/uploads\\\/2022\\\/09\\\/logo-2.png\",\"contentUrl\":\"https:\\\/\\\/www.accidentdutravail-idf.net\\\/blog\\\/wp-content\\\/uploads\\\/2022\\\/09\\\/logo-2.png\",\"width\":380,\"height\":291,\"caption\":\"accidentdutravail-idf\"},\"image\":{\"@id\":\"https:\\\/\\\/www.accidentdutravail-idf.net\\\/blog\\\/#\\\/schema\\\/logo\\\/image\\\/\"}},{\"@type\":\"Person\",\"@id\":\"https:\\\/\\\/www.accidentdutravail-idf.net\\\/blog\\\/#\\\/schema\\\/person\\\/3255d2f970de45e64bd9201f38e7b947\",\"name\":\"Carlos Poulain\",\"image\":{\"@type\":\"ImageObject\",\"inLanguage\":\"fr-FR\",\"@id\":\"https:\\\/\\\/secure.gravatar.com\\\/avatar\\\/b1c2f9d3588e34e91adb093635df64ef4b2381991216be7576466cfcdca4baf3?s=96&d=mm&r=g\",\"url\":\"https:\\\/\\\/secure.gravatar.com\\\/avatar\\\/b1c2f9d3588e34e91adb093635df64ef4b2381991216be7576466cfcdca4baf3?s=96&d=mm&r=g\",\"contentUrl\":\"https:\\\/\\\/secure.gravatar.com\\\/avatar\\\/b1c2f9d3588e34e91adb093635df64ef4b2381991216be7576466cfcdca4baf3?s=96&d=mm&r=g\",\"caption\":\"Carlos Poulain\"},\"url\":\"https:\\\/\\\/www.accidentdutravail-idf.net\\\/blog\\\/author\\\/idfcarlos\\\/\"}]}<\/script>\n<!-- \/ Yoast SEO plugin. -->","yoast_head_json":{"title":"\u00c0 Calais, une femme renvers\u00e9e par une moto, le boulevard du G\u00e9n\u00e9ral de Gaulle bloqu\u00e9 - ACCIDENTDUTRAVAIL-IDF","description":"\u00c0 Calais, une femme renvers\u00e9e par une moto, le boulevard du G\u00e9n\u00e9ral de Gaulle bloqu\u00e9 article de ACCIDENTDUTRAVAIL-IDF","robots":{"index":"index","follow":"follow","max-snippet":"max-snippet:-1","max-image-preview":"max-image-preview:large","max-video-preview":"max-video-preview:-1"},"canonical":"https:\/\/www.accidentdutravail-idf.net\/blog\/a-calais-une-femme-renversee-par-une-moto-le-boulevard-du-general-de-gaulle-bloque\/","og_locale":"fr_FR","og_type":"article","og_title":"\u00c0 Calais, une femme renvers\u00e9e par une moto, le boulevard du G\u00e9n\u00e9ral de Gaulle bloqu\u00e9 - ACCIDENTDUTRAVAIL-IDF","og_description":"\u00c0 Calais, une femme renvers\u00e9e par une moto, le boulevard du G\u00e9n\u00e9ral de Gaulle bloqu\u00e9 article de ACCIDENTDUTRAVAIL-IDF","og_url":"https:\/\/www.accidentdutravail-idf.net\/blog\/a-calais-une-femme-renversee-par-une-moto-le-boulevard-du-general-de-gaulle-bloque\/","og_site_name":"ACCIDENTDUTRAVAIL-IDF","article_published_time":"2024-05-11T11:01:00+00:00","og_image":[{"url":"https:\/\/www.accidentdutravail-idf.net\/blog\/wp-content\/uploads\/2024\/05\/a-calais-une-femme-renversee-par-une-moto-le-boulevard-du-general-de-gaulle-bloque.jpg","type":"","width":"","height":""}],"author":"Carlos Poulain","twitter_card":"summary_large_image","twitter_misc":{"\u00c9crit par":"Carlos Poulain","Dur\u00e9e de lecture estim\u00e9e":"2 minutes"},"schema":{"@context":"https:\/\/schema.org","@graph":[{"@type":"Article","@id":"https:\/\/www.accidentdutravail-idf.net\/blog\/a-calais-une-femme-renversee-par-une-moto-le-boulevard-du-general-de-gaulle-bloque\/#article","isPartOf":{"@id":"https:\/\/www.accidentdutravail-idf.net\/blog\/a-calais-une-femme-renversee-par-une-moto-le-boulevard-du-general-de-gaulle-bloque\/"},"author":{"name":"Carlos Poulain","@id":"https:\/\/www.accidentdutravail-idf.net\/blog\/#\/schema\/person\/3255d2f970de45e64bd9201f38e7b947"},"headline":"\u00c0 Calais, une femme renvers\u00e9e par une moto, le boulevard du G\u00e9n\u00e9ral de Gaulle bloqu\u00e9","datePublished":"2024-05-11T11:01:00+00:00","mainEntityOfPage":{"@id":"https:\/\/www.accidentdutravail-idf.net\/blog\/a-calais-une-femme-renversee-par-une-moto-le-boulevard-du-general-de-gaulle-bloque\/"},"wordCount":451,"publisher":{"@id":"https:\/\/www.accidentdutravail-idf.net\/blog\/#organization"},"image":{"@id":"https:\/\/www.accidentdutravail-idf.net\/blog\/a-calais-une-femme-renversee-par-une-moto-le-boulevard-du-general-de-gaulle-bloque\/#primaryimage"},"thumbnailUrl":"https:\/\/www.accidentdutravail-idf.net\/blog\/wp-content\/uploads\/2024\/05\/a-calais-une-femme-renversee-par-une-moto-le-boulevard-du-general-de-gaulle-bloque.jpg","articleSection":["S\u00e9curit\u00e9 Du Travail En Ile-De-France Et Divers:"],"inLanguage":"fr-FR"},{"@type":"WebPage","@id":"https:\/\/www.accidentdutravail-idf.net\/blog\/a-calais-une-femme-renversee-par-une-moto-le-boulevard-du-general-de-gaulle-bloque\/","url":"https:\/\/www.accidentdutravail-idf.net\/blog\/a-calais-une-femme-renversee-par-une-moto-le-boulevard-du-general-de-gaulle-bloque\/","name":"\u00c0 Calais, une femme renvers\u00e9e par une moto, le boulevard du G\u00e9n\u00e9ral de Gaulle bloqu\u00e9 - ACCIDENTDUTRAVAIL-IDF","isPartOf":{"@id":"https:\/\/www.accidentdutravail-idf.net\/blog\/#website"},"primaryImageOfPage":{"@id":"https:\/\/www.accidentdutravail-idf.net\/blog\/a-calais-une-femme-renversee-par-une-moto-le-boulevard-du-general-de-gaulle-bloque\/#primaryimage"},"image":{"@id":"https:\/\/www.accidentdutravail-idf.net\/blog\/a-calais-une-femme-renversee-par-une-moto-le-boulevard-du-general-de-gaulle-bloque\/#primaryimage"},"thumbnailUrl":"https:\/\/www.accidentdutravail-idf.net\/blog\/wp-content\/uploads\/2024\/05\/a-calais-une-femme-renversee-par-une-moto-le-boulevard-du-general-de-gaulle-bloque.jpg","datePublished":"2024-05-11T11:01:00+00:00","description":"\u00c0 Calais, une femme renvers\u00e9e par une moto, le boulevard du G\u00e9n\u00e9ral de Gaulle bloqu\u00e9 article de ACCIDENTDUTRAVAIL-IDF","breadcrumb":{"@id":"https:\/\/www.accidentdutravail-idf.net\/blog\/a-calais-une-femme-renversee-par-une-moto-le-boulevard-du-general-de-gaulle-bloque\/#breadcrumb"},"inLanguage":"fr-FR","potentialAction":[{"@type":"ReadAction","target":["https:\/\/www.accidentdutravail-idf.net\/blog\/a-calais-une-femme-renversee-par-une-moto-le-boulevard-du-general-de-gaulle-bloque\/"]}]},{"@type":"ImageObject","inLanguage":"fr-FR","@id":"https:\/\/www.accidentdutravail-idf.net\/blog\/a-calais-une-femme-renversee-par-une-moto-le-boulevard-du-general-de-gaulle-bloque\/#primaryimage","url":"https:\/\/www.accidentdutravail-idf.net\/blog\/wp-content\/uploads\/2024\/05\/a-calais-une-femme-renversee-par-une-moto-le-boulevard-du-general-de-gaulle-bloque.jpg","contentUrl":"https:\/\/www.accidentdutravail-idf.net\/blog\/wp-content\/uploads\/2024\/05\/a-calais-une-femme-renversee-par-une-moto-le-boulevard-du-general-de-gaulle-bloque.jpg"},{"@type":"BreadcrumbList","@id":"https:\/\/www.accidentdutravail-idf.net\/blog\/a-calais-une-femme-renversee-par-une-moto-le-boulevard-du-general-de-gaulle-bloque\/#breadcrumb","itemListElement":[{"@type":"ListItem","position":1,"name":"Accueil","item":"https:\/\/www.accidentdutravail-idf.net\/blog\/"},{"@type":"ListItem","position":2,"name":"\u00c0 Calais, une femme renvers\u00e9e par une moto, le boulevard du G\u00e9n\u00e9ral de Gaulle bloqu\u00e9"}]},{"@type":"WebSite","@id":"https:\/\/www.accidentdutravail-idf.net\/blog\/#website","url":"https:\/\/www.accidentdutravail-idf.net\/blog\/","name":"ACCIDENTDUTRAVAIL-IDF","description":"Portail accidents du travail-maladies professionnelles des entreprises d&#039;Ile-de-France","publisher":{"@id":"https:\/\/www.accidentdutravail-idf.net\/blog\/#organization"},"potentialAction":[{"@type":"SearchAction","target":{"@type":"EntryPoint","urlTemplate":"https:\/\/www.accidentdutravail-idf.net\/blog\/?s={search_term_string}"},"query-input":{"@type":"PropertyValueSpecification","valueRequired":true,"valueName":"search_term_string"}}],"inLanguage":"fr-FR"},{"@type":"Organization","@id":"https:\/\/www.accidentdutravail-idf.net\/blog\/#organization","name":"accidentdutravail-idf","url":"https:\/\/www.accidentdutravail-idf.net\/blog\/","logo":{"@type":"ImageObject","inLanguage":"fr-FR","@id":"https:\/\/www.accidentdutravail-idf.net\/blog\/#\/schema\/logo\/image\/","url":"https:\/\/www.accidentdutravail-idf.net\/blog\/wp-content\/uploads\/2022\/09\/logo-2.png","contentUrl":"https:\/\/www.accidentdutravail-idf.net\/blog\/wp-content\/uploads\/2022\/09\/logo-2.png","width":380,"height":291,"caption":"accidentdutravail-idf"},"image":{"@id":"https:\/\/www.accidentdutravail-idf.net\/blog\/#\/schema\/logo\/image\/"}},{"@type":"Person","@id":"https:\/\/www.accidentdutravail-idf.net\/blog\/#\/schema\/person\/3255d2f970de45e64bd9201f38e7b947","name":"Carlos Poulain","image":{"@type":"ImageObject","inLanguage":"fr-FR","@id":"https:\/\/secure.gravatar.com\/avatar\/b1c2f9d3588e34e91adb093635df64ef4b2381991216be7576466cfcdca4baf3?s=96&d=mm&r=g","url":"https:\/\/secure.gravatar.com\/avatar\/b1c2f9d3588e34e91adb093635df64ef4b2381991216be7576466cfcdca4baf3?s=96&d=mm&r=g","contentUrl":"https:\/\/secure.gravatar.com\/avatar\/b1c2f9d3588e34e91adb093635df64ef4b2381991216be7576466cfcdca4baf3?s=96&d=mm&r=g","caption":"Carlos Poulain"},"url":"https:\/\/www.accidentdutravail-idf.net\/blog\/author\/idfcarlos\/"}]}},"_links":{"self":[{"href":"https:\/\/www.accidentdutravail-idf.net\/blog\/wp-json\/wp\/v2\/posts\/295","targetHints":{"allow":["GET"]}}],"collection":[{"href":"https:\/\/www.accidentdutravail-idf.net\/blog\/wp-json\/wp\/v2\/posts"}],"about":[{"href":"https:\/\/www.accidentdutravail-idf.net\/blog\/wp-json\/wp\/v2\/types\/post"}],"author":[{"embeddable":true,"href":"https:\/\/www.accidentdutravail-idf.net\/blog\/wp-json\/wp\/v2\/users\/2"}],"replies":[{"embeddable":true,"href":"https:\/\/www.accidentdutravail-idf.net\/blog\/wp-json\/wp\/v2\/comments?post=295"}],"version-history":[{"count":0,"href":"https:\/\/www.accidentdutravail-idf.net\/blog\/wp-json\/wp\/v2\/posts\/295\/revisions"}],"wp:attachment":[{"href":"https:\/\/www.accidentdutravail-idf.net\/blog\/wp-json\/wp\/v2\/media?parent=295"}],"wp:term":[{"taxonomy":"category","embeddable":true,"href":"https:\/\/www.accidentdutravail-idf.net\/blog\/wp-json\/wp\/v2\/categories?post=295"},{"taxonomy":"post_tag","embeddable":true,"href":"https:\/\/www.accidentdutravail-idf.net\/blog\/wp-json\/wp\/v2\/tags?post=295"}],"curies":[{"name":"wp","href":"https:\/\/api.w.org\/{rel}","templated":true}]}}