{"id":292,"date":"2024-05-10T11:36:00","date_gmt":"2024-05-10T09:36:00","guid":{"rendered":"https:\/\/www.accidentdutravail-idf.net\/blog\/accident-du-travail-les-usines-terreal-du-lauragais-stoppent-la-production-pour-parler-securite\/"},"modified":"2024-05-10T11:36:00","modified_gmt":"2024-05-10T09:36:00","slug":"accident-du-travail-les-usines-terreal-du-lauragais-stoppent-la-production-pour-parler-securite","status":"publish","type":"post","link":"https:\/\/www.accidentdutravail-idf.net\/blog\/accident-du-travail-les-usines-terreal-du-lauragais-stoppent-la-production-pour-parler-securite\/","title":{"rendered":"Accident du travail : les usines Terreal du Lauragais stoppent la production pour parler s\u00e9curit\u00e9"},"content":{"rendered":"<div class=\"ac-article-date\"> Par <strong> <a href=\"https:\/\/actu.fr\/occitanie\/castelnaudary_11076\/accident-du-travail-les-usines-terreal-du-lauragais-stoppent-la-production-pour-parler-securite_60995655.html\" title=\"Consulter tous les articles de Florian Moutafian\" rel=\"nofollow\" target=\"_blank\">Florian Moutafian<\/a> <\/strong> <span> Publi\u00e9 le 10 mai 2024 \u00e0 18h36 <\/span>\n<\/div>\n<div class=\"ac-article-follow\"> <a href=\"https:\/\/actu.fr\/mon-actu\" class=\"ac-article-follow__link\" rel=\"nofollow\" data-trk=\"{&quot;cta&quot;:{&quot;action&quot;:&quot;https:\\\/\\\/actu.fr\\\/mon-actu&quot;,&quot;category&quot;:&quot;mon compte&quot;,&quot;from&quot;:&quot;article header&quot;,&quot;name&quot;:&quot;Voir mon actu&quot;,&quot;type&quot;:&quot;cta&quot;}}\" target=\"_blank\">Voir mon actu<\/a> <button type=\"button\" class=\"ac-btn ac-btn--mini ac-btn--blue ac-icon--star-empty\" data-follow=\"Suivre Voix du Midi Lauragais\" data-unfollow=\"Retirer\">Suivre Voix du Midi Lauragais<\/button>\n<\/div>\n<p>Tout un symbole pour <b>cette soci\u00e9t\u00e9 sp\u00e9cialis\u00e9e dans la terre cuite<\/b>. Pendant toute la journ\u00e9e du mercredi&nbsp;24&nbsp;avril 2024, <b>pas une tuile n\u2019est sortie des machines des usines du P\u00f4le Tuile Sud de Terreal<\/b>, compos\u00e9es des sites de <a href=\"https:\/\/actu.fr\/occitanie\/castelnaudary_11076\/\" target=\"_blank\" rel=\"nofollow\">Castelnaudary<\/a> (100 salari\u00e9s en comptant ceux du centre de recherche et de d\u00e9veloppement), <a href=\"https:\/\/actu.fr\/occitanie\/labastide-d-anjou_11178\/\" target=\"_blank\" rel=\"nofollow\">Labastide-d\u2019Anjou<\/a> (au S\u00e9gala, avec 140&nbsp;salari\u00e9s) et <a href=\"https:\/\/actu.fr\/occitanie\/saint-martin-lalande_11356\/\" target=\"_blank\" rel=\"nofollow\">Saint-Martin-Lalande<\/a> (60 salari\u00e9s).<\/p>\n<p>En fait, <b>l\u2019ensemble des sites de l\u2019entreprise \u00e9taient \u00e0 l\u2019arr\u00eat en France<\/b>. La raison\u2009? L\u2019organisation d\u2019ateliers pour ses employ\u00e9s \u00e0 l\u2019occasion de la <b>Journ\u00e9e mondiale de la s\u00e9curit\u00e9 et de la sant\u00e9 au travail<\/b>.<\/p>\n<figure class=\"ac-article-content__figure\">\n<div class=\"ac-article-content__img\"> <img decoding=\"async\" loading=\"lazy\" class=\"size-large\" src=\"https:\/\/www.accidentdutravail-idf.net\/blog\/wp-content\/uploads\/2024\/05\/accident-du-travail-les-usines-terreal-du-lauragais-stoppent-la-production-pour-parler-securite.jpg\" alt=\"Fr\u00e9d\u00e9ric Auban et Olivier Butel expliquent le jeu sur la notions de risques aux salari\u00e9s de l'entreprise.\" width=\"960\" height=\"640\"><\/div><figcaption>Fr\u00e9d\u00e9ric Auban et Olivier Butel expliquent le jeu sur la notion de risques aux salari\u00e9s de l\u2019entreprise. \u00a9Florian Moutafian<\/figcaption><\/figure>\n<div class=\"ac-article-to-read\">\n<p>\u00c0 lire aussi<\/p>\n<\/div>\n<h2>Un symbole fort pour l\u2019entreprise<\/h2>\n<p>Un \u00e9v\u00e9nement annuel chez Terreal (mais le premier du genre depuis le rachat de Terreal par le groupe wienerberger en mars 2024, voire encadr\u00e9)<b> qui co\u00fbte donc de l\u2019argent \u00e0 l\u2019entreprise<\/b>.<\/p>\n<p><b>Olivier Butel<\/b>, directeur des op\u00e9rations pour Terreal-wienerberger France, confirme. <b>Le symbole est d\u2019autant plus impactant<\/b>&nbsp;: \u00ab\u2009Nous sommes deux entreprises qui donnent de l\u2019importance \u00e0 la s\u00e9curit\u00e9. On a voulu cette premi\u00e8re journ\u00e9e commune autour de cette th\u00e9matique qui est la premi\u00e8re des priorit\u00e9s. La question n\u2019est pas combien \u00e7a co\u00fbte. Pour nous, c\u2019est un v\u00e9ritable investissement\u2026 La s\u00e9curit\u00e9 doit passer avant tout le reste.\u2009\u00bb<\/p>\n<figure class=\"ac-article-content__figure\">\n<div class=\"ac-article-content__img\"> <img decoding=\"async\" loading=\"lazy\" class=\"size-large\" src=\"https:\/\/www.accidentdutravail-idf.net\/blog\/wp-content\/uploads\/2024\/05\/accident-du-travail-les-usines-terreal-du-lauragais-stoppent-la-production-pour-parler-securite-1.jpg\" alt=\"\u00c0 l'atelier sur les gestes de premiers secours.\" width=\"960\" height=\"640\"><\/div><figcaption>\u00c0 l\u2019atelier sur les gestes de premiers secours. \u00a9Florian Moutafian<\/figcaption><\/figure>\n<div class=\"ac-article-to-read\">\n<p>\u00c0 lire aussi<\/p>\n<\/div>\n<h2>Six accidents en 2023<\/h2>\n<p>En 2023, <b>38&nbsp;accidents ont \u00e9t\u00e9 recens\u00e9s chez Terreal France<\/b>. <b>Six, dont cinq avec arr\u00eats de travail,<\/b> concernent les trois sites du P\u00f4le Tuiles Sud&nbsp;: deux \u00e0 Castelnaudary et quatre \u00e0 Labastide-d\u2019Anjou. Soit une baisse de 33&nbsp;% par rapport \u00e0 2022.<\/p>\n<p>Une <b>bonne ann\u00e9e<\/b>, se f\u00e9licite Olivier Butel. M\u00eame si c\u2019est toujours trop, pr\u00e9cise quant \u00e0 lui <b>Fr\u00e9d\u00e9ric Auban<\/b>, tr\u00e8s r\u00e9cemment promu directeur de production tuiles-m\u00e9caniques pour Terreal-wienerberger&nbsp;: \u00ab\u2009Notre objectif est de baisser ce chiffre \u00e0 deux accidents par an, mais l\u2019id\u00e9al serait d\u2019atteindre z\u00e9ro bien s\u00fbr\u2009\u00bb, indique celui qui \u00e9tait encore, jusqu\u2019au 18&nbsp;avril, le directeur du P\u00f4le Tuiles Sud.&nbsp;<\/p>\n<figure class=\"ac-article-content__figure\">\n<div class=\"ac-article-content__img\"> <img decoding=\"async\" loading=\"lazy\" class=\"size-large\" src=\"https:\/\/www.accidentdutravail-idf.net\/blog\/wp-content\/uploads\/2024\/05\/accident-du-travail-les-usines-terreal-du-lauragais-stoppent-la-production-pour-parler-securite-2.jpg\" alt=\"Une sensibilisation aux gestes qui sauvent a \u00e9t\u00e9 propos\u00e9 par un animateur de l'entreprise.\" width=\"960\" height=\"640\"><\/div><figcaption>Une sensibilisation aux gestes qui sauvent a \u00e9t\u00e9 propos\u00e9e par un animateur de l\u2019entreprise. \u00a9Florian Moutafian<\/figcaption><\/figure>\n<h2>Des accidents moins graves<\/h2>\n<p>La <b>gravit\u00e9 des accidents<\/b> est aussi <b>\u00e0 la baisse<\/b>, se r\u00e9jouissent les deux directeurs&nbsp;: \u00ab\u2009On est sur des accidents plut\u00f4t mineurs\u2026 Ce sont g\u00e9n\u00e9ralement des blessures aux mains, des douleurs aux bras, des chutes sans gravit\u00e9\u2026\u2009\u00bb L\u2019<b>accident typique\u2009<\/b>? \u00ab\u2009On se baisse pour \u00e9vacuer un produit. On se cogne ou on se fait mal au dos\u2009\u00bb, r\u00e9pond Fr\u00e9d\u00e9ric Auban. \u00ab\u2009Historiquement, on avait bien plus grave\u2009\u00bb, ajoute-t-il.&nbsp;<\/p>\n<figure id=\"dailymotion-embed-x7dyep\" class=\"ac-embed ac-embed--dailymotion ac-embed--inread3\" data-provider=\"dailymotion\"><figcaption>Vid\u00e9os : en ce moment sur Actu<\/figcaption><\/figure>\n<p>Dernier exemple en date&nbsp;:<b> un ouvrier s\u2019\u00e9tait fait partiellement \u00e9craser les deux mains<\/b> dans une presse en 2020. \u00ab\u2009Il travaille toujours chez nous\u2009\u00bb, pr\u00e9cise l\u2019ancien directeur du P\u00f4le Tuiles Sud.<\/p>\n<figure class=\"ac-article-content__figure\">\n<div class=\"ac-article-content__img\"> <img decoding=\"async\" loading=\"lazy\" class=\"size-large\" src=\"https:\/\/www.accidentdutravail-idf.net\/blog\/wp-content\/uploads\/2024\/05\/accident-du-travail-les-usines-terreal-du-lauragais-stoppent-la-production-pour-parler-securite-3.jpg\" alt=\"Un ost\u00e9opathe a donn\u00e9 des conseils sur les bonnes pratiques \u00e0 adopter.\" width=\"960\" height=\"640\"><\/div><figcaption>Un ost\u00e9opathe a donn\u00e9 des conseils sur les bonnes pratiques \u00e0 adopter. \u00a9Florian Moutafian<\/figcaption><\/figure>\n<div class=\"ac-article-to-read\">\n<p>\u00c0 lire aussi<\/p>\n<\/div>\n<h2>\u00ab\u2009Il faut rester humble\u2009\u00bb<\/h2>\n<p>2024 part sur les m\u00eames bases que 2023 au P\u00f4le Tuiles Sud. <b>Un accident a eu lieu sur le site de Labastide-d\u2019Anjou<\/b> en janvier. <b>Un autre a \u00e9t\u00e9 signal\u00e9 \u00e0 Saint-Martin-Lalande en avril<\/b>.<\/p>\n<p>\u00ab\u2009Certes, on est sur une am\u00e9lioration, mais il faut rester humble et ne rien l\u00e2cher, revendique Fr\u00e9d\u00e9ric Auban. On a des axes d\u2019am\u00e9lioration comme la juste perception des risques et le fait de mieux r\u00e9fl\u00e9chir avant d\u2019agir. Il n\u2019y a rien qui justifie de se presser. La s\u00e9curit\u00e9 est notre priorit\u00e9 absolue.\u2009\u00bb<\/p>\n<div class=\"ac-article-push\">\n<div class=\"ac-article-push__content\">\n<h3>winerburger rach\u00e8te Terreal<\/h3>\n<p>Gr\u00e2ce \u00e0 cette acquisition, le groupe autrichien winerburger, leader mondial de la terre cuite, a multipli\u00e9 par trois sa pr\u00e9sence en France. \u00ab\u2009On est dans une phase de d\u00e9couverte\u2009\u00bb, explique Olivier Butel. \u00ab\u2009Pour le moment, \u00e7a n\u2019a pas chang\u00e9 grand-chose. Nous sommes deux soci\u00e9t\u00e9s du m\u00eame domaine, avec le m\u00eame process et des zones g\u00e9ographiques tr\u00e8s compl\u00e9mentaires\u2026 C\u2019est une int\u00e9gration assez facile. \u00bb&nbsp;<br \/>D\u2019ailleurs, l\u2019acquisition n\u2019a que peu ou pas d\u2019incidence directe sur les effectifs, assure le directeur des op\u00e9rations pour Terreal-wienerberger France&nbsp;: \u00ab\u2009Au global, c\u2019est un rachat tr\u00e8s positif qui ouvre des opportunit\u00e9s en mati\u00e8re d\u2019\u00e9volution pour les salari\u00e9s. \u00bb<\/p>\n<\/div>\n<\/div>\n<h2>Des ateliers pendant toute une journ\u00e9e<\/h2>\n<p>Pour mieux travailler sur ces diff\u00e9rentes th\u00e9matiques,<b> plusieurs ateliers ont \u00e9t\u00e9 organis\u00e9s sur les bonnes pratiques \u00e0 adopter<\/b>, sur les trois sites du P\u00f4les Tuiles Sud, mais \u00e9galement \u00e0 Saint-Papoul et Lasbordes.<\/p>\n<p>\u00c0 Castelnaudary, <b>un ost\u00e9opathe est venu sur place<\/b> pour parler des bons gestes \u00e0 adopter. Un animateur interne a sensibilis\u00e9 <b>les employ\u00e9s aux gestes de premiers secours <\/b>\u00e0 l\u2019aide de plusieurs mannequins.<\/p>\n<p>Une intervenante ext\u00e9rieure a aussi propos\u00e9<b> une animation ludique autour de la notion de risque<\/b>.<\/p>\n<p>Enfin, un <b>atelier d\u00e9di\u00e9 aux neurosciences<\/b> a d\u00e9montr\u00e9 que le cerveau peut parfois dysfonctionner. \u00ab\u2009On peut parfois prendre des risques sans s\u2019en rendre compte\u2009\u00bb, analyse Olivier Butel.<\/p>\n<p>Une journ\u00e9e <b>tr\u00e8s bien re\u00e7ue par les employ\u00e9s<\/b>, assurent les deux directeurs. En esp\u00e9rant qu\u2019elle donne des r\u00e9sultats.<\/p>\n<p><i>Suivez toute l\u2019actualit\u00e9 de vos villes et m\u00e9dias favoris en vous inscrivant \u00e0 <a href=\"https:\/\/moncompte.actu.fr\" title=\"D\u00e9couvez Mon Actu\" rel=\"nofollow\" data-trk=\"{&quot;cta&quot;:{&quot;action&quot;:&quot;https:\\\/\\\/moncompte.actu.fr&quot;,&quot;category&quot;:&quot;mon compte&quot;,&quot;from&quot;:&quot;article footer&quot;,&quot;name&quot;:&quot;Mon actu&quot;,&quot;type&quot;:&quot;cta&quot;}}\" target=\"_blank\">Mon Actu<\/a>.<\/i><\/p>\n<p> accidentdutravail-idf.net vous a pr\u00e9par\u00e9 ce post qui informe du sujet \u00ab\u00a0Association Sportive Huisson-Longueville Essonne\u00a0\u00bb. La chronique se veut g\u00e9n\u00e9r\u00e9e du mieux possible. Vous pouvez utiliser les coordonn\u00e9es indiqu\u00e9es sur le site dans le but d\u2019apporter des explications sur ce post qui parle du th\u00e8me \u00ab\u00a0Association Sportive Huisson-Longueville Essonne\u00a0\u00bb. Le site accidentdutravail-idf.net a pour but de fournir diverses publications sur la th\u00e9matique Association Sportive Huisson-Longueville Essonne diffus\u00e9es sur le net. Il y aura plusieurs articles autour du sujet \u00ab\u00a0Association Sportive Huisson-Longueville Essonne\u00a0\u00bb dans quelques jours, nous vous invitons \u00e0 naviguer sur notre site web \u00e0 plusieurs reprises.<\/p>\n","protected":false},"excerpt":{"rendered":"<p>Par Florian Moutafian Publi\u00e9 le 10 mai 2024 \u00e0 18h36 Voir mon actu Suivre Voix du Midi Lauragais Tout un symbole pour cette soci\u00e9t\u00e9 sp\u00e9cialis\u00e9e dans la terre cuite. Pendant toute la journ\u00e9e du mercredi&nbsp;24&nbsp;avril 2024, pas une tuile n\u2019est sortie des machines des usines du P\u00f4le Tuile Sud de Terreal, compos\u00e9es des sites de &hellip; <\/p>\n<p class=\"link-more\"><a href=\"https:\/\/www.accidentdutravail-idf.net\/blog\/accident-du-travail-les-usines-terreal-du-lauragais-stoppent-la-production-pour-parler-securite\/\" class=\"more-link\">Continuer la lecture <span class=\"screen-reader-text\"> \u00ab\u00a0Accident du travail : les usines Terreal du Lauragais stoppent la production pour parler s\u00e9curit\u00e9\u00a0\u00bb<\/span><\/a><\/p>\n","protected":false},"author":2,"featured_media":0,"comment_status":"closed","ping_status":"closed","sticky":false,"template":"","format":"standard","meta":{"footnotes":""},"categories":[5],"tags":[],"class_list":["post-292","post","type-post","status-publish","format-standard","hentry","category-securite-du-travail-en-ile-de-france-et-divers","entry"],"yoast_head":"<!-- This site is optimized with the Yoast SEO plugin v27.5 - https:\/\/yoast.com\/product\/yoast-seo-wordpress\/ -->\n<title>Accident du travail : les usines Terreal du Lauragais stoppent la production pour parler s\u00e9curit\u00e9 - ACCIDENTDUTRAVAIL-IDF<\/title>\n<meta name=\"description\" content=\"Accident du travail : les usines Terreal du Lauragais stoppent la production pour parler s\u00e9curit\u00e9 article de ACCIDENTDUTRAVAIL-IDF\" \/>\n<meta name=\"robots\" content=\"index, follow, max-snippet:-1, max-image-preview:large, max-video-preview:-1\" \/>\n<link rel=\"canonical\" href=\"https:\/\/www.accidentdutravail-idf.net\/blog\/accident-du-travail-les-usines-terreal-du-lauragais-stoppent-la-production-pour-parler-securite\/\" \/>\n<meta property=\"og:locale\" content=\"fr_FR\" \/>\n<meta property=\"og:type\" content=\"article\" \/>\n<meta property=\"og:title\" content=\"Accident du travail : les usines Terreal du Lauragais stoppent la production pour parler s\u00e9curit\u00e9 - ACCIDENTDUTRAVAIL-IDF\" \/>\n<meta property=\"og:description\" content=\"Accident du travail : les usines Terreal du Lauragais stoppent la production pour parler s\u00e9curit\u00e9 article de ACCIDENTDUTRAVAIL-IDF\" \/>\n<meta property=\"og:url\" content=\"https:\/\/www.accidentdutravail-idf.net\/blog\/accident-du-travail-les-usines-terreal-du-lauragais-stoppent-la-production-pour-parler-securite\/\" \/>\n<meta property=\"og:site_name\" content=\"ACCIDENTDUTRAVAIL-IDF\" \/>\n<meta property=\"article:published_time\" content=\"2024-05-10T09:36:00+00:00\" \/>\n<meta property=\"og:image\" content=\"https:\/\/www.accidentdutravail-idf.net\/blog\/wp-content\/uploads\/2024\/05\/accident-du-travail-les-usines-terreal-du-lauragais-stoppent-la-production-pour-parler-securite.jpg\" \/>\n<meta name=\"author\" content=\"Carlos Poulain\" \/>\n<meta name=\"twitter:card\" content=\"summary_large_image\" \/>\n<meta name=\"twitter:label1\" content=\"\u00c9crit par\" \/>\n\t<meta name=\"twitter:data1\" content=\"Carlos Poulain\" \/>\n\t<meta name=\"twitter:label2\" content=\"Dur\u00e9e de lecture estim\u00e9e\" \/>\n\t<meta name=\"twitter:data2\" content=\"5 minutes\" \/>\n<script type=\"application\/ld+json\" class=\"yoast-schema-graph\">{\"@context\":\"https:\\\/\\\/schema.org\",\"@graph\":[{\"@type\":\"Article\",\"@id\":\"https:\\\/\\\/www.accidentdutravail-idf.net\\\/blog\\\/accident-du-travail-les-usines-terreal-du-lauragais-stoppent-la-production-pour-parler-securite\\\/#article\",\"isPartOf\":{\"@id\":\"https:\\\/\\\/www.accidentdutravail-idf.net\\\/blog\\\/accident-du-travail-les-usines-terreal-du-lauragais-stoppent-la-production-pour-parler-securite\\\/\"},\"author\":{\"name\":\"Carlos Poulain\",\"@id\":\"https:\\\/\\\/www.accidentdutravail-idf.net\\\/blog\\\/#\\\/schema\\\/person\\\/3255d2f970de45e64bd9201f38e7b947\"},\"headline\":\"Accident du travail : les usines Terreal du Lauragais stoppent la production pour parler s\u00e9curit\u00e9\",\"datePublished\":\"2024-05-10T09:36:00+00:00\",\"mainEntityOfPage\":{\"@id\":\"https:\\\/\\\/www.accidentdutravail-idf.net\\\/blog\\\/accident-du-travail-les-usines-terreal-du-lauragais-stoppent-la-production-pour-parler-securite\\\/\"},\"wordCount\":1067,\"publisher\":{\"@id\":\"https:\\\/\\\/www.accidentdutravail-idf.net\\\/blog\\\/#organization\"},\"image\":{\"@id\":\"https:\\\/\\\/www.accidentdutravail-idf.net\\\/blog\\\/accident-du-travail-les-usines-terreal-du-lauragais-stoppent-la-production-pour-parler-securite\\\/#primaryimage\"},\"thumbnailUrl\":\"https:\\\/\\\/www.accidentdutravail-idf.net\\\/blog\\\/wp-content\\\/uploads\\\/2024\\\/05\\\/accident-du-travail-les-usines-terreal-du-lauragais-stoppent-la-production-pour-parler-securite.jpg\",\"articleSection\":[\"S\u00e9curit\u00e9 Du Travail En Ile-De-France Et Divers:\"],\"inLanguage\":\"fr-FR\"},{\"@type\":\"WebPage\",\"@id\":\"https:\\\/\\\/www.accidentdutravail-idf.net\\\/blog\\\/accident-du-travail-les-usines-terreal-du-lauragais-stoppent-la-production-pour-parler-securite\\\/\",\"url\":\"https:\\\/\\\/www.accidentdutravail-idf.net\\\/blog\\\/accident-du-travail-les-usines-terreal-du-lauragais-stoppent-la-production-pour-parler-securite\\\/\",\"name\":\"Accident du travail : les usines Terreal du Lauragais stoppent la production pour parler s\u00e9curit\u00e9 - ACCIDENTDUTRAVAIL-IDF\",\"isPartOf\":{\"@id\":\"https:\\\/\\\/www.accidentdutravail-idf.net\\\/blog\\\/#website\"},\"primaryImageOfPage\":{\"@id\":\"https:\\\/\\\/www.accidentdutravail-idf.net\\\/blog\\\/accident-du-travail-les-usines-terreal-du-lauragais-stoppent-la-production-pour-parler-securite\\\/#primaryimage\"},\"image\":{\"@id\":\"https:\\\/\\\/www.accidentdutravail-idf.net\\\/blog\\\/accident-du-travail-les-usines-terreal-du-lauragais-stoppent-la-production-pour-parler-securite\\\/#primaryimage\"},\"thumbnailUrl\":\"https:\\\/\\\/www.accidentdutravail-idf.net\\\/blog\\\/wp-content\\\/uploads\\\/2024\\\/05\\\/accident-du-travail-les-usines-terreal-du-lauragais-stoppent-la-production-pour-parler-securite.jpg\",\"datePublished\":\"2024-05-10T09:36:00+00:00\",\"description\":\"Accident du travail : les usines Terreal du Lauragais stoppent la production pour parler s\u00e9curit\u00e9 article de ACCIDENTDUTRAVAIL-IDF\",\"breadcrumb\":{\"@id\":\"https:\\\/\\\/www.accidentdutravail-idf.net\\\/blog\\\/accident-du-travail-les-usines-terreal-du-lauragais-stoppent-la-production-pour-parler-securite\\\/#breadcrumb\"},\"inLanguage\":\"fr-FR\",\"potentialAction\":[{\"@type\":\"ReadAction\",\"target\":[\"https:\\\/\\\/www.accidentdutravail-idf.net\\\/blog\\\/accident-du-travail-les-usines-terreal-du-lauragais-stoppent-la-production-pour-parler-securite\\\/\"]}]},{\"@type\":\"ImageObject\",\"inLanguage\":\"fr-FR\",\"@id\":\"https:\\\/\\\/www.accidentdutravail-idf.net\\\/blog\\\/accident-du-travail-les-usines-terreal-du-lauragais-stoppent-la-production-pour-parler-securite\\\/#primaryimage\",\"url\":\"https:\\\/\\\/www.accidentdutravail-idf.net\\\/blog\\\/wp-content\\\/uploads\\\/2024\\\/05\\\/accident-du-travail-les-usines-terreal-du-lauragais-stoppent-la-production-pour-parler-securite.jpg\",\"contentUrl\":\"https:\\\/\\\/www.accidentdutravail-idf.net\\\/blog\\\/wp-content\\\/uploads\\\/2024\\\/05\\\/accident-du-travail-les-usines-terreal-du-lauragais-stoppent-la-production-pour-parler-securite.jpg\"},{\"@type\":\"BreadcrumbList\",\"@id\":\"https:\\\/\\\/www.accidentdutravail-idf.net\\\/blog\\\/accident-du-travail-les-usines-terreal-du-lauragais-stoppent-la-production-pour-parler-securite\\\/#breadcrumb\",\"itemListElement\":[{\"@type\":\"ListItem\",\"position\":1,\"name\":\"Accueil\",\"item\":\"https:\\\/\\\/www.accidentdutravail-idf.net\\\/blog\\\/\"},{\"@type\":\"ListItem\",\"position\":2,\"name\":\"Accident du travail : les usines Terreal du Lauragais stoppent la production pour parler s\u00e9curit\u00e9\"}]},{\"@type\":\"WebSite\",\"@id\":\"https:\\\/\\\/www.accidentdutravail-idf.net\\\/blog\\\/#website\",\"url\":\"https:\\\/\\\/www.accidentdutravail-idf.net\\\/blog\\\/\",\"name\":\"ACCIDENTDUTRAVAIL-IDF\",\"description\":\"Portail accidents du travail-maladies professionnelles des entreprises d&#039;Ile-de-France\",\"publisher\":{\"@id\":\"https:\\\/\\\/www.accidentdutravail-idf.net\\\/blog\\\/#organization\"},\"potentialAction\":[{\"@type\":\"SearchAction\",\"target\":{\"@type\":\"EntryPoint\",\"urlTemplate\":\"https:\\\/\\\/www.accidentdutravail-idf.net\\\/blog\\\/?s={search_term_string}\"},\"query-input\":{\"@type\":\"PropertyValueSpecification\",\"valueRequired\":true,\"valueName\":\"search_term_string\"}}],\"inLanguage\":\"fr-FR\"},{\"@type\":\"Organization\",\"@id\":\"https:\\\/\\\/www.accidentdutravail-idf.net\\\/blog\\\/#organization\",\"name\":\"accidentdutravail-idf\",\"url\":\"https:\\\/\\\/www.accidentdutravail-idf.net\\\/blog\\\/\",\"logo\":{\"@type\":\"ImageObject\",\"inLanguage\":\"fr-FR\",\"@id\":\"https:\\\/\\\/www.accidentdutravail-idf.net\\\/blog\\\/#\\\/schema\\\/logo\\\/image\\\/\",\"url\":\"https:\\\/\\\/www.accidentdutravail-idf.net\\\/blog\\\/wp-content\\\/uploads\\\/2022\\\/09\\\/logo-2.png\",\"contentUrl\":\"https:\\\/\\\/www.accidentdutravail-idf.net\\\/blog\\\/wp-content\\\/uploads\\\/2022\\\/09\\\/logo-2.png\",\"width\":380,\"height\":291,\"caption\":\"accidentdutravail-idf\"},\"image\":{\"@id\":\"https:\\\/\\\/www.accidentdutravail-idf.net\\\/blog\\\/#\\\/schema\\\/logo\\\/image\\\/\"}},{\"@type\":\"Person\",\"@id\":\"https:\\\/\\\/www.accidentdutravail-idf.net\\\/blog\\\/#\\\/schema\\\/person\\\/3255d2f970de45e64bd9201f38e7b947\",\"name\":\"Carlos Poulain\",\"image\":{\"@type\":\"ImageObject\",\"inLanguage\":\"fr-FR\",\"@id\":\"https:\\\/\\\/secure.gravatar.com\\\/avatar\\\/b1c2f9d3588e34e91adb093635df64ef4b2381991216be7576466cfcdca4baf3?s=96&d=mm&r=g\",\"url\":\"https:\\\/\\\/secure.gravatar.com\\\/avatar\\\/b1c2f9d3588e34e91adb093635df64ef4b2381991216be7576466cfcdca4baf3?s=96&d=mm&r=g\",\"contentUrl\":\"https:\\\/\\\/secure.gravatar.com\\\/avatar\\\/b1c2f9d3588e34e91adb093635df64ef4b2381991216be7576466cfcdca4baf3?s=96&d=mm&r=g\",\"caption\":\"Carlos Poulain\"},\"url\":\"https:\\\/\\\/www.accidentdutravail-idf.net\\\/blog\\\/author\\\/idfcarlos\\\/\"}]}<\/script>\n<!-- \/ Yoast SEO plugin. -->","yoast_head_json":{"title":"Accident du travail : les usines Terreal du Lauragais stoppent la production pour parler s\u00e9curit\u00e9 - ACCIDENTDUTRAVAIL-IDF","description":"Accident du travail : les usines Terreal du Lauragais stoppent la production pour parler s\u00e9curit\u00e9 article de ACCIDENTDUTRAVAIL-IDF","robots":{"index":"index","follow":"follow","max-snippet":"max-snippet:-1","max-image-preview":"max-image-preview:large","max-video-preview":"max-video-preview:-1"},"canonical":"https:\/\/www.accidentdutravail-idf.net\/blog\/accident-du-travail-les-usines-terreal-du-lauragais-stoppent-la-production-pour-parler-securite\/","og_locale":"fr_FR","og_type":"article","og_title":"Accident du travail : les usines Terreal du Lauragais stoppent la production pour parler s\u00e9curit\u00e9 - ACCIDENTDUTRAVAIL-IDF","og_description":"Accident du travail : les usines Terreal du Lauragais stoppent la production pour parler s\u00e9curit\u00e9 article de ACCIDENTDUTRAVAIL-IDF","og_url":"https:\/\/www.accidentdutravail-idf.net\/blog\/accident-du-travail-les-usines-terreal-du-lauragais-stoppent-la-production-pour-parler-securite\/","og_site_name":"ACCIDENTDUTRAVAIL-IDF","article_published_time":"2024-05-10T09:36:00+00:00","og_image":[{"url":"https:\/\/www.accidentdutravail-idf.net\/blog\/wp-content\/uploads\/2024\/05\/accident-du-travail-les-usines-terreal-du-lauragais-stoppent-la-production-pour-parler-securite.jpg","type":"","width":"","height":""}],"author":"Carlos Poulain","twitter_card":"summary_large_image","twitter_misc":{"\u00c9crit par":"Carlos Poulain","Dur\u00e9e de lecture estim\u00e9e":"5 minutes"},"schema":{"@context":"https:\/\/schema.org","@graph":[{"@type":"Article","@id":"https:\/\/www.accidentdutravail-idf.net\/blog\/accident-du-travail-les-usines-terreal-du-lauragais-stoppent-la-production-pour-parler-securite\/#article","isPartOf":{"@id":"https:\/\/www.accidentdutravail-idf.net\/blog\/accident-du-travail-les-usines-terreal-du-lauragais-stoppent-la-production-pour-parler-securite\/"},"author":{"name":"Carlos Poulain","@id":"https:\/\/www.accidentdutravail-idf.net\/blog\/#\/schema\/person\/3255d2f970de45e64bd9201f38e7b947"},"headline":"Accident du travail : les usines Terreal du Lauragais stoppent la production pour parler s\u00e9curit\u00e9","datePublished":"2024-05-10T09:36:00+00:00","mainEntityOfPage":{"@id":"https:\/\/www.accidentdutravail-idf.net\/blog\/accident-du-travail-les-usines-terreal-du-lauragais-stoppent-la-production-pour-parler-securite\/"},"wordCount":1067,"publisher":{"@id":"https:\/\/www.accidentdutravail-idf.net\/blog\/#organization"},"image":{"@id":"https:\/\/www.accidentdutravail-idf.net\/blog\/accident-du-travail-les-usines-terreal-du-lauragais-stoppent-la-production-pour-parler-securite\/#primaryimage"},"thumbnailUrl":"https:\/\/www.accidentdutravail-idf.net\/blog\/wp-content\/uploads\/2024\/05\/accident-du-travail-les-usines-terreal-du-lauragais-stoppent-la-production-pour-parler-securite.jpg","articleSection":["S\u00e9curit\u00e9 Du Travail En Ile-De-France Et Divers:"],"inLanguage":"fr-FR"},{"@type":"WebPage","@id":"https:\/\/www.accidentdutravail-idf.net\/blog\/accident-du-travail-les-usines-terreal-du-lauragais-stoppent-la-production-pour-parler-securite\/","url":"https:\/\/www.accidentdutravail-idf.net\/blog\/accident-du-travail-les-usines-terreal-du-lauragais-stoppent-la-production-pour-parler-securite\/","name":"Accident du travail : les usines Terreal du Lauragais stoppent la production pour parler s\u00e9curit\u00e9 - ACCIDENTDUTRAVAIL-IDF","isPartOf":{"@id":"https:\/\/www.accidentdutravail-idf.net\/blog\/#website"},"primaryImageOfPage":{"@id":"https:\/\/www.accidentdutravail-idf.net\/blog\/accident-du-travail-les-usines-terreal-du-lauragais-stoppent-la-production-pour-parler-securite\/#primaryimage"},"image":{"@id":"https:\/\/www.accidentdutravail-idf.net\/blog\/accident-du-travail-les-usines-terreal-du-lauragais-stoppent-la-production-pour-parler-securite\/#primaryimage"},"thumbnailUrl":"https:\/\/www.accidentdutravail-idf.net\/blog\/wp-content\/uploads\/2024\/05\/accident-du-travail-les-usines-terreal-du-lauragais-stoppent-la-production-pour-parler-securite.jpg","datePublished":"2024-05-10T09:36:00+00:00","description":"Accident du travail : les usines Terreal du Lauragais stoppent la production pour parler s\u00e9curit\u00e9 article de ACCIDENTDUTRAVAIL-IDF","breadcrumb":{"@id":"https:\/\/www.accidentdutravail-idf.net\/blog\/accident-du-travail-les-usines-terreal-du-lauragais-stoppent-la-production-pour-parler-securite\/#breadcrumb"},"inLanguage":"fr-FR","potentialAction":[{"@type":"ReadAction","target":["https:\/\/www.accidentdutravail-idf.net\/blog\/accident-du-travail-les-usines-terreal-du-lauragais-stoppent-la-production-pour-parler-securite\/"]}]},{"@type":"ImageObject","inLanguage":"fr-FR","@id":"https:\/\/www.accidentdutravail-idf.net\/blog\/accident-du-travail-les-usines-terreal-du-lauragais-stoppent-la-production-pour-parler-securite\/#primaryimage","url":"https:\/\/www.accidentdutravail-idf.net\/blog\/wp-content\/uploads\/2024\/05\/accident-du-travail-les-usines-terreal-du-lauragais-stoppent-la-production-pour-parler-securite.jpg","contentUrl":"https:\/\/www.accidentdutravail-idf.net\/blog\/wp-content\/uploads\/2024\/05\/accident-du-travail-les-usines-terreal-du-lauragais-stoppent-la-production-pour-parler-securite.jpg"},{"@type":"BreadcrumbList","@id":"https:\/\/www.accidentdutravail-idf.net\/blog\/accident-du-travail-les-usines-terreal-du-lauragais-stoppent-la-production-pour-parler-securite\/#breadcrumb","itemListElement":[{"@type":"ListItem","position":1,"name":"Accueil","item":"https:\/\/www.accidentdutravail-idf.net\/blog\/"},{"@type":"ListItem","position":2,"name":"Accident du travail : les usines Terreal du Lauragais stoppent la production pour parler s\u00e9curit\u00e9"}]},{"@type":"WebSite","@id":"https:\/\/www.accidentdutravail-idf.net\/blog\/#website","url":"https:\/\/www.accidentdutravail-idf.net\/blog\/","name":"ACCIDENTDUTRAVAIL-IDF","description":"Portail accidents du travail-maladies professionnelles des entreprises d&#039;Ile-de-France","publisher":{"@id":"https:\/\/www.accidentdutravail-idf.net\/blog\/#organization"},"potentialAction":[{"@type":"SearchAction","target":{"@type":"EntryPoint","urlTemplate":"https:\/\/www.accidentdutravail-idf.net\/blog\/?s={search_term_string}"},"query-input":{"@type":"PropertyValueSpecification","valueRequired":true,"valueName":"search_term_string"}}],"inLanguage":"fr-FR"},{"@type":"Organization","@id":"https:\/\/www.accidentdutravail-idf.net\/blog\/#organization","name":"accidentdutravail-idf","url":"https:\/\/www.accidentdutravail-idf.net\/blog\/","logo":{"@type":"ImageObject","inLanguage":"fr-FR","@id":"https:\/\/www.accidentdutravail-idf.net\/blog\/#\/schema\/logo\/image\/","url":"https:\/\/www.accidentdutravail-idf.net\/blog\/wp-content\/uploads\/2022\/09\/logo-2.png","contentUrl":"https:\/\/www.accidentdutravail-idf.net\/blog\/wp-content\/uploads\/2022\/09\/logo-2.png","width":380,"height":291,"caption":"accidentdutravail-idf"},"image":{"@id":"https:\/\/www.accidentdutravail-idf.net\/blog\/#\/schema\/logo\/image\/"}},{"@type":"Person","@id":"https:\/\/www.accidentdutravail-idf.net\/blog\/#\/schema\/person\/3255d2f970de45e64bd9201f38e7b947","name":"Carlos Poulain","image":{"@type":"ImageObject","inLanguage":"fr-FR","@id":"https:\/\/secure.gravatar.com\/avatar\/b1c2f9d3588e34e91adb093635df64ef4b2381991216be7576466cfcdca4baf3?s=96&d=mm&r=g","url":"https:\/\/secure.gravatar.com\/avatar\/b1c2f9d3588e34e91adb093635df64ef4b2381991216be7576466cfcdca4baf3?s=96&d=mm&r=g","contentUrl":"https:\/\/secure.gravatar.com\/avatar\/b1c2f9d3588e34e91adb093635df64ef4b2381991216be7576466cfcdca4baf3?s=96&d=mm&r=g","caption":"Carlos Poulain"},"url":"https:\/\/www.accidentdutravail-idf.net\/blog\/author\/idfcarlos\/"}]}},"_links":{"self":[{"href":"https:\/\/www.accidentdutravail-idf.net\/blog\/wp-json\/wp\/v2\/posts\/292","targetHints":{"allow":["GET"]}}],"collection":[{"href":"https:\/\/www.accidentdutravail-idf.net\/blog\/wp-json\/wp\/v2\/posts"}],"about":[{"href":"https:\/\/www.accidentdutravail-idf.net\/blog\/wp-json\/wp\/v2\/types\/post"}],"author":[{"embeddable":true,"href":"https:\/\/www.accidentdutravail-idf.net\/blog\/wp-json\/wp\/v2\/users\/2"}],"replies":[{"embeddable":true,"href":"https:\/\/www.accidentdutravail-idf.net\/blog\/wp-json\/wp\/v2\/comments?post=292"}],"version-history":[{"count":0,"href":"https:\/\/www.accidentdutravail-idf.net\/blog\/wp-json\/wp\/v2\/posts\/292\/revisions"}],"wp:attachment":[{"href":"https:\/\/www.accidentdutravail-idf.net\/blog\/wp-json\/wp\/v2\/media?parent=292"}],"wp:term":[{"taxonomy":"category","embeddable":true,"href":"https:\/\/www.accidentdutravail-idf.net\/blog\/wp-json\/wp\/v2\/categories?post=292"},{"taxonomy":"post_tag","embeddable":true,"href":"https:\/\/www.accidentdutravail-idf.net\/blog\/wp-json\/wp\/v2\/tags?post=292"}],"curies":[{"name":"wp","href":"https:\/\/api.w.org\/{rel}","templated":true}]}}