{"id":291,"date":"2024-05-10T04:23:00","date_gmt":"2024-05-10T02:23:00","guid":{"rendered":"https:\/\/www.accidentdutravail-idf.net\/blog\/accident-lors-de-la-finale-de-football-coupe-lozere-je-pense-surtout-a-la-victime-giovanni-perri-president-de-ladfl\/"},"modified":"2024-05-10T04:23:00","modified_gmt":"2024-05-10T02:23:00","slug":"accident-lors-de-la-finale-de-football-coupe-lozere-je-pense-surtout-a-la-victime-giovanni-perri-president-de-ladfl","status":"publish","type":"post","link":"https:\/\/www.accidentdutravail-idf.net\/blog\/accident-lors-de-la-finale-de-football-coupe-lozere-je-pense-surtout-a-la-victime-giovanni-perri-president-de-ladfl\/","title":{"rendered":"Accident lors de la finale de football Coupe Loz\u00e8re : \u00ab\u00a0Je pense surtout \u00e0 la victime\u00a0\u00bb, Giovanni Perri, pr\u00e9sident de l\u2019ADFL"},"content":{"rendered":"<div><img decoding=\"async\" src=\"https:\/\/www.accidentdutravail-idf.net\/blog\/wp-content\/uploads\/2024\/05\/accident-lors-de-la-finale-de-football-coupe-lozere-je-pense-surtout-a-la-victime-giovanni-perri-president-de-ladfl.jpg\" class=\"ff-og-image-inserted\"><\/div>\n<p> Le pr\u00e9sident de l&rsquo;Association d\u00e9partementale de football Loz\u00e8re (ADFL), Giovanni Perri, a fait part de son d\u00e9sarroi&nbsp;apr\u00e8s l\u2019explosion d\u2019un canon \u00e0 confettis dans les tribunes du stade, lors de la finale de la Coupe de Loz\u00e8re de football au Chapitre, jeudi 9&nbsp;mai 2024. Neuf bless\u00e9s, dont une femme qui a eu la main arrach\u00e9e. <\/p>\n<div data-state=\"fixed-height\" data-selection=\"disabled\"> <!-- Pub DFP Position [outstream] --> <\/p>\n<p class=\"txt-question\">Pr\u00e9sident, que s\u2019est-il pass\u00e9 dans les tribunes \u00e0 la fin de la finale de la Coupe Loz\u00e8re Chanac-Chastel&nbsp;?<\/p>\n<p>Il y a eu une mauvaise utilisation d\u2019un lanceur de confettis, qui a explos\u00e9 dans la main d\u2019une supportrice de Chanac. C\u2019est un dramatique accident. Cela s\u2019est pass\u00e9 \u00e0 la fin du match, Chanac venait de marquer contre Chastel. Il restait les arr\u00eats de jeu. Le match est all\u00e9 \u00e0 son terme car il n\u2019y avait pas de mouvement de foule sur la pelouse. Apr\u00e8s, je ne savais plus trop comment organiser la c\u00e9r\u00e9monie. J\u2019ai r\u00e9uni les pr\u00e9sidents des clubs en leur disant que je ne sentais pas d\u2019organiser une remise de troph\u00e9es.<\/p>\n<p><!-- Pub DFP Position [article] --> <\/p>\n<p class=\"std-elt__inline\"> <strong>A lire aussi :<\/strong> <a href=\"https:\/\/www.midilibre.fr\/2024\/05\/09\/la-coupe-de-lozere-de-football-gachee-par-lexplosion-dun-engin-pyrotechnique-au-moins-deux-blesses-11940814.php\" target=\"_blank\" rel=\"nofollow\">La finale de la Coupe de Loz\u00e8re de football finit mal : une main arrach\u00e9e et 9 bless\u00e9s apr\u00e8s l&rsquo;explosion d&rsquo;un lanceur de confettis<\/a> <\/p>\n<p class=\"txt-question\">Aviez-vous pris des pr\u00e9cautions de s\u00e9curit\u00e9 en amont de cette journ\u00e9e&nbsp;?<\/p>\n<p>Nous avions pr\u00e9venu. Nous avions fait signer une charte aux clubs concernant les engins pyrotechniques, mais nous savions qu\u2019il y aurait des fumig\u00e8nes. Or, \u00e0 ma connaissance, les lanceurs de confettis ne sont pas consid\u00e9r\u00e9s comme des engins pyrotechniques.<\/p>\n<p class=\"txt-question\">Quel est votre sentiment&nbsp;?<\/p>\n<p>Je pense surtout \u00e0 la victime, tr\u00e8s investie dans son club, et aux autres&nbsp;bless\u00e9s. Le pr\u00e9sident du club de Chanac m\u2019a dit que l\u2019h\u00f4pital de Mende avait install\u00e9 une cellule psychologique. Lui aussi est abasourdi, d\u00e9vast\u00e9, comme les joueurs. Cela vient de son club. Ils ont pourtant communiqu\u00e9 au sein des supporters. Mais il est difficile de tout g\u00e9rer dans un mouvement sportif.<\/p>\n<p class=\"txt-question\">\u00c0 l\u2019entr\u00e9e, des fouilles ont-elles \u00e9t\u00e9 effectu\u00e9es&nbsp;?<\/p>\n<p>Mais non&nbsp;! Dans les tribunes, c\u2019est bon enfant, convivial, les gens viennent faire la f\u00eate&nbsp;! Depuis que les finales existent, au Chapitre, c\u2019est la premi\u00e8re fois qu\u2019un tel accident arrive.<\/p>\n<p class=\"txt-question\">Quel sera l\u2019avenir&nbsp;?<\/p>\n<p>Il y aura un avant et un apr\u00e8s mais nous ne sommes que le lendemain. En temps et en heure, je r\u00e9unirai mon comit\u00e9 directeur pour discuter avec eux et avec la commission coupe et championnat. C\u2019est un travail de groupe qu\u2019il faudra faire.<\/p>\n<p class=\"txt-question\">Cet accident peut-il \u00e9branler votre engagement&nbsp;?<\/p>\n<p>C\u2019est ma premi\u00e8re pr\u00e9sidence, ma quatri\u00e8me ann\u00e9e. J\u2019ai annonc\u00e9 que je me repr\u00e9sentais pour la prochaine mandature. On ne souhaite \u00e0 personne de vivre ces moments-l\u00e0. Le pr\u00e9sident du district Gard\/Loz\u00e8re me disait&nbsp;qu\u2019un accident restera toujours b\u00eate et que l\u2019on ne peut rien y faire, malheureusement.<\/p>\n<\/p><\/div>\n<p>accidentdutravail-idf.net vous a pr\u00e9par\u00e9 ce post qui informe du sujet \u00ab\u00a0Association Sportive Huisson-Longueville Essonne\u00a0\u00bb. La chronique se veut g\u00e9n\u00e9r\u00e9e du mieux possible. Vous pouvez utiliser les coordonn\u00e9es indiqu\u00e9es sur le site dans le but d\u2019apporter des explications sur ce post qui parle du th\u00e8me \u00ab\u00a0Association Sportive Huisson-Longueville Essonne\u00a0\u00bb. Le site accidentdutravail-idf.net a pour but de fournir diverses publications sur la th\u00e9matique Association Sportive Huisson-Longueville Essonne diffus\u00e9es sur le net. Il y aura plusieurs articles autour du sujet \u00ab\u00a0Association Sportive Huisson-Longueville Essonne\u00a0\u00bb dans quelques jours, nous vous invitons \u00e0 naviguer sur notre site web \u00e0 plusieurs reprises.<\/p>\n","protected":false},"excerpt":{"rendered":"<p>Le pr\u00e9sident de l&rsquo;Association d\u00e9partementale de football Loz\u00e8re (ADFL), Giovanni Perri, a fait part de son d\u00e9sarroi&nbsp;apr\u00e8s l\u2019explosion d\u2019un canon \u00e0 confettis dans les tribunes du stade, lors de la finale de la Coupe de Loz\u00e8re de football au Chapitre, jeudi 9&nbsp;mai 2024. Neuf bless\u00e9s, dont une femme qui a eu la main arrach\u00e9e. Pr\u00e9sident, &hellip; <\/p>\n<p class=\"link-more\"><a href=\"https:\/\/www.accidentdutravail-idf.net\/blog\/accident-lors-de-la-finale-de-football-coupe-lozere-je-pense-surtout-a-la-victime-giovanni-perri-president-de-ladfl\/\" class=\"more-link\">Continuer la lecture <span class=\"screen-reader-text\"> \u00ab\u00a0Accident lors de la finale de football Coupe Loz\u00e8re : \u00ab\u00a0Je pense surtout \u00e0 la victime\u00a0\u00bb, Giovanni Perri, pr\u00e9sident de l\u2019ADFL\u00a0\u00bb<\/span><\/a><\/p>\n","protected":false},"author":2,"featured_media":0,"comment_status":"closed","ping_status":"closed","sticky":false,"template":"","format":"standard","meta":{"footnotes":""},"categories":[5],"tags":[],"class_list":["post-291","post","type-post","status-publish","format-standard","hentry","category-securite-du-travail-en-ile-de-france-et-divers","entry"],"yoast_head":"<!-- This site is optimized with the Yoast SEO plugin v27.5 - https:\/\/yoast.com\/product\/yoast-seo-wordpress\/ -->\n<title>Accident lors de la finale de football Coupe Loz\u00e8re : &quot;Je pense surtout \u00e0 la victime&quot;, Giovanni Perri, pr\u00e9sident de l\u2019ADFL - ACCIDENTDUTRAVAIL-IDF<\/title>\n<meta name=\"description\" content=\"Accident lors de la finale de football Coupe Loz\u00e8re : &quot;Je pense surtout \u00e0 la victime&quot;, Giovanni Perri, pr\u00e9sident de l\u2019ADFL article de ACCIDENTDUTRAVAIL-IDF\" \/>\n<meta name=\"robots\" content=\"index, follow, max-snippet:-1, max-image-preview:large, max-video-preview:-1\" \/>\n<link rel=\"canonical\" href=\"https:\/\/www.accidentdutravail-idf.net\/blog\/accident-lors-de-la-finale-de-football-coupe-lozere-je-pense-surtout-a-la-victime-giovanni-perri-president-de-ladfl\/\" \/>\n<meta property=\"og:locale\" content=\"fr_FR\" \/>\n<meta property=\"og:type\" content=\"article\" \/>\n<meta property=\"og:title\" content=\"Accident lors de la finale de football Coupe Loz\u00e8re : &quot;Je pense surtout \u00e0 la victime&quot;, Giovanni Perri, pr\u00e9sident de l\u2019ADFL - ACCIDENTDUTRAVAIL-IDF\" \/>\n<meta property=\"og:description\" content=\"Accident lors de la finale de football Coupe Loz\u00e8re : &quot;Je pense surtout \u00e0 la victime&quot;, Giovanni Perri, pr\u00e9sident de l\u2019ADFL article de ACCIDENTDUTRAVAIL-IDF\" \/>\n<meta property=\"og:url\" content=\"https:\/\/www.accidentdutravail-idf.net\/blog\/accident-lors-de-la-finale-de-football-coupe-lozere-je-pense-surtout-a-la-victime-giovanni-perri-president-de-ladfl\/\" \/>\n<meta property=\"og:site_name\" content=\"ACCIDENTDUTRAVAIL-IDF\" \/>\n<meta property=\"article:published_time\" content=\"2024-05-10T02:23:00+00:00\" \/>\n<meta property=\"og:image\" content=\"https:\/\/www.accidentdutravail-idf.net\/blog\/wp-content\/uploads\/2024\/05\/accident-lors-de-la-finale-de-football-coupe-lozere-je-pense-surtout-a-la-victime-giovanni-perri-president-de-ladfl.jpg\" \/>\n<meta name=\"author\" content=\"Carlos Poulain\" \/>\n<meta name=\"twitter:card\" content=\"summary_large_image\" \/>\n<meta name=\"twitter:label1\" content=\"\u00c9crit par\" \/>\n\t<meta name=\"twitter:data1\" content=\"Carlos Poulain\" \/>\n\t<meta name=\"twitter:label2\" content=\"Dur\u00e9e de lecture estim\u00e9e\" \/>\n\t<meta name=\"twitter:data2\" content=\"3 minutes\" \/>\n<script type=\"application\/ld+json\" class=\"yoast-schema-graph\">{\"@context\":\"https:\\\/\\\/schema.org\",\"@graph\":[{\"@type\":\"Article\",\"@id\":\"https:\\\/\\\/www.accidentdutravail-idf.net\\\/blog\\\/accident-lors-de-la-finale-de-football-coupe-lozere-je-pense-surtout-a-la-victime-giovanni-perri-president-de-ladfl\\\/#article\",\"isPartOf\":{\"@id\":\"https:\\\/\\\/www.accidentdutravail-idf.net\\\/blog\\\/accident-lors-de-la-finale-de-football-coupe-lozere-je-pense-surtout-a-la-victime-giovanni-perri-president-de-ladfl\\\/\"},\"author\":{\"name\":\"Carlos Poulain\",\"@id\":\"https:\\\/\\\/www.accidentdutravail-idf.net\\\/blog\\\/#\\\/schema\\\/person\\\/3255d2f970de45e64bd9201f38e7b947\"},\"headline\":\"Accident lors de la finale de football Coupe Loz\u00e8re : \u00ab\u00a0Je pense surtout \u00e0 la victime\u00a0\u00bb, Giovanni Perri, pr\u00e9sident de l\u2019ADFL\",\"datePublished\":\"2024-05-10T02:23:00+00:00\",\"mainEntityOfPage\":{\"@id\":\"https:\\\/\\\/www.accidentdutravail-idf.net\\\/blog\\\/accident-lors-de-la-finale-de-football-coupe-lozere-je-pense-surtout-a-la-victime-giovanni-perri-president-de-ladfl\\\/\"},\"wordCount\":650,\"publisher\":{\"@id\":\"https:\\\/\\\/www.accidentdutravail-idf.net\\\/blog\\\/#organization\"},\"image\":{\"@id\":\"https:\\\/\\\/www.accidentdutravail-idf.net\\\/blog\\\/accident-lors-de-la-finale-de-football-coupe-lozere-je-pense-surtout-a-la-victime-giovanni-perri-president-de-ladfl\\\/#primaryimage\"},\"thumbnailUrl\":\"https:\\\/\\\/www.accidentdutravail-idf.net\\\/blog\\\/wp-content\\\/uploads\\\/2024\\\/05\\\/accident-lors-de-la-finale-de-football-coupe-lozere-je-pense-surtout-a-la-victime-giovanni-perri-president-de-ladfl.jpg\",\"articleSection\":[\"S\u00e9curit\u00e9 Du Travail En Ile-De-France Et Divers:\"],\"inLanguage\":\"fr-FR\"},{\"@type\":\"WebPage\",\"@id\":\"https:\\\/\\\/www.accidentdutravail-idf.net\\\/blog\\\/accident-lors-de-la-finale-de-football-coupe-lozere-je-pense-surtout-a-la-victime-giovanni-perri-president-de-ladfl\\\/\",\"url\":\"https:\\\/\\\/www.accidentdutravail-idf.net\\\/blog\\\/accident-lors-de-la-finale-de-football-coupe-lozere-je-pense-surtout-a-la-victime-giovanni-perri-president-de-ladfl\\\/\",\"name\":\"Accident lors de la finale de football Coupe Loz\u00e8re : \\\"Je pense surtout \u00e0 la victime\\\", Giovanni Perri, pr\u00e9sident de l\u2019ADFL - ACCIDENTDUTRAVAIL-IDF\",\"isPartOf\":{\"@id\":\"https:\\\/\\\/www.accidentdutravail-idf.net\\\/blog\\\/#website\"},\"primaryImageOfPage\":{\"@id\":\"https:\\\/\\\/www.accidentdutravail-idf.net\\\/blog\\\/accident-lors-de-la-finale-de-football-coupe-lozere-je-pense-surtout-a-la-victime-giovanni-perri-president-de-ladfl\\\/#primaryimage\"},\"image\":{\"@id\":\"https:\\\/\\\/www.accidentdutravail-idf.net\\\/blog\\\/accident-lors-de-la-finale-de-football-coupe-lozere-je-pense-surtout-a-la-victime-giovanni-perri-president-de-ladfl\\\/#primaryimage\"},\"thumbnailUrl\":\"https:\\\/\\\/www.accidentdutravail-idf.net\\\/blog\\\/wp-content\\\/uploads\\\/2024\\\/05\\\/accident-lors-de-la-finale-de-football-coupe-lozere-je-pense-surtout-a-la-victime-giovanni-perri-president-de-ladfl.jpg\",\"datePublished\":\"2024-05-10T02:23:00+00:00\",\"description\":\"Accident lors de la finale de football Coupe Loz\u00e8re : \\\"Je pense surtout \u00e0 la victime\\\", Giovanni Perri, pr\u00e9sident de l\u2019ADFL article de ACCIDENTDUTRAVAIL-IDF\",\"breadcrumb\":{\"@id\":\"https:\\\/\\\/www.accidentdutravail-idf.net\\\/blog\\\/accident-lors-de-la-finale-de-football-coupe-lozere-je-pense-surtout-a-la-victime-giovanni-perri-president-de-ladfl\\\/#breadcrumb\"},\"inLanguage\":\"fr-FR\",\"potentialAction\":[{\"@type\":\"ReadAction\",\"target\":[\"https:\\\/\\\/www.accidentdutravail-idf.net\\\/blog\\\/accident-lors-de-la-finale-de-football-coupe-lozere-je-pense-surtout-a-la-victime-giovanni-perri-president-de-ladfl\\\/\"]}]},{\"@type\":\"ImageObject\",\"inLanguage\":\"fr-FR\",\"@id\":\"https:\\\/\\\/www.accidentdutravail-idf.net\\\/blog\\\/accident-lors-de-la-finale-de-football-coupe-lozere-je-pense-surtout-a-la-victime-giovanni-perri-president-de-ladfl\\\/#primaryimage\",\"url\":\"https:\\\/\\\/www.accidentdutravail-idf.net\\\/blog\\\/wp-content\\\/uploads\\\/2024\\\/05\\\/accident-lors-de-la-finale-de-football-coupe-lozere-je-pense-surtout-a-la-victime-giovanni-perri-president-de-ladfl.jpg\",\"contentUrl\":\"https:\\\/\\\/www.accidentdutravail-idf.net\\\/blog\\\/wp-content\\\/uploads\\\/2024\\\/05\\\/accident-lors-de-la-finale-de-football-coupe-lozere-je-pense-surtout-a-la-victime-giovanni-perri-president-de-ladfl.jpg\"},{\"@type\":\"BreadcrumbList\",\"@id\":\"https:\\\/\\\/www.accidentdutravail-idf.net\\\/blog\\\/accident-lors-de-la-finale-de-football-coupe-lozere-je-pense-surtout-a-la-victime-giovanni-perri-president-de-ladfl\\\/#breadcrumb\",\"itemListElement\":[{\"@type\":\"ListItem\",\"position\":1,\"name\":\"Accueil\",\"item\":\"https:\\\/\\\/www.accidentdutravail-idf.net\\\/blog\\\/\"},{\"@type\":\"ListItem\",\"position\":2,\"name\":\"Accident lors de la finale de football Coupe Loz\u00e8re : \u00ab\u00a0Je pense surtout \u00e0 la victime\u00a0\u00bb, Giovanni Perri, pr\u00e9sident de l\u2019ADFL\"}]},{\"@type\":\"WebSite\",\"@id\":\"https:\\\/\\\/www.accidentdutravail-idf.net\\\/blog\\\/#website\",\"url\":\"https:\\\/\\\/www.accidentdutravail-idf.net\\\/blog\\\/\",\"name\":\"ACCIDENTDUTRAVAIL-IDF\",\"description\":\"Portail accidents du travail-maladies professionnelles des entreprises d&#039;Ile-de-France\",\"publisher\":{\"@id\":\"https:\\\/\\\/www.accidentdutravail-idf.net\\\/blog\\\/#organization\"},\"potentialAction\":[{\"@type\":\"SearchAction\",\"target\":{\"@type\":\"EntryPoint\",\"urlTemplate\":\"https:\\\/\\\/www.accidentdutravail-idf.net\\\/blog\\\/?s={search_term_string}\"},\"query-input\":{\"@type\":\"PropertyValueSpecification\",\"valueRequired\":true,\"valueName\":\"search_term_string\"}}],\"inLanguage\":\"fr-FR\"},{\"@type\":\"Organization\",\"@id\":\"https:\\\/\\\/www.accidentdutravail-idf.net\\\/blog\\\/#organization\",\"name\":\"accidentdutravail-idf\",\"url\":\"https:\\\/\\\/www.accidentdutravail-idf.net\\\/blog\\\/\",\"logo\":{\"@type\":\"ImageObject\",\"inLanguage\":\"fr-FR\",\"@id\":\"https:\\\/\\\/www.accidentdutravail-idf.net\\\/blog\\\/#\\\/schema\\\/logo\\\/image\\\/\",\"url\":\"https:\\\/\\\/www.accidentdutravail-idf.net\\\/blog\\\/wp-content\\\/uploads\\\/2022\\\/09\\\/logo-2.png\",\"contentUrl\":\"https:\\\/\\\/www.accidentdutravail-idf.net\\\/blog\\\/wp-content\\\/uploads\\\/2022\\\/09\\\/logo-2.png\",\"width\":380,\"height\":291,\"caption\":\"accidentdutravail-idf\"},\"image\":{\"@id\":\"https:\\\/\\\/www.accidentdutravail-idf.net\\\/blog\\\/#\\\/schema\\\/logo\\\/image\\\/\"}},{\"@type\":\"Person\",\"@id\":\"https:\\\/\\\/www.accidentdutravail-idf.net\\\/blog\\\/#\\\/schema\\\/person\\\/3255d2f970de45e64bd9201f38e7b947\",\"name\":\"Carlos Poulain\",\"image\":{\"@type\":\"ImageObject\",\"inLanguage\":\"fr-FR\",\"@id\":\"https:\\\/\\\/secure.gravatar.com\\\/avatar\\\/b1c2f9d3588e34e91adb093635df64ef4b2381991216be7576466cfcdca4baf3?s=96&d=mm&r=g\",\"url\":\"https:\\\/\\\/secure.gravatar.com\\\/avatar\\\/b1c2f9d3588e34e91adb093635df64ef4b2381991216be7576466cfcdca4baf3?s=96&d=mm&r=g\",\"contentUrl\":\"https:\\\/\\\/secure.gravatar.com\\\/avatar\\\/b1c2f9d3588e34e91adb093635df64ef4b2381991216be7576466cfcdca4baf3?s=96&d=mm&r=g\",\"caption\":\"Carlos Poulain\"},\"url\":\"https:\\\/\\\/www.accidentdutravail-idf.net\\\/blog\\\/author\\\/idfcarlos\\\/\"}]}<\/script>\n<!-- \/ Yoast SEO plugin. -->","yoast_head_json":{"title":"Accident lors de la finale de football Coupe Loz\u00e8re : \"Je pense surtout \u00e0 la victime\", Giovanni Perri, pr\u00e9sident de l\u2019ADFL - ACCIDENTDUTRAVAIL-IDF","description":"Accident lors de la finale de football Coupe Loz\u00e8re : \"Je pense surtout \u00e0 la victime\", Giovanni Perri, pr\u00e9sident de l\u2019ADFL article de ACCIDENTDUTRAVAIL-IDF","robots":{"index":"index","follow":"follow","max-snippet":"max-snippet:-1","max-image-preview":"max-image-preview:large","max-video-preview":"max-video-preview:-1"},"canonical":"https:\/\/www.accidentdutravail-idf.net\/blog\/accident-lors-de-la-finale-de-football-coupe-lozere-je-pense-surtout-a-la-victime-giovanni-perri-president-de-ladfl\/","og_locale":"fr_FR","og_type":"article","og_title":"Accident lors de la finale de football Coupe Loz\u00e8re : \"Je pense surtout \u00e0 la victime\", Giovanni Perri, pr\u00e9sident de l\u2019ADFL - ACCIDENTDUTRAVAIL-IDF","og_description":"Accident lors de la finale de football Coupe Loz\u00e8re : \"Je pense surtout \u00e0 la victime\", Giovanni Perri, pr\u00e9sident de l\u2019ADFL article de ACCIDENTDUTRAVAIL-IDF","og_url":"https:\/\/www.accidentdutravail-idf.net\/blog\/accident-lors-de-la-finale-de-football-coupe-lozere-je-pense-surtout-a-la-victime-giovanni-perri-president-de-ladfl\/","og_site_name":"ACCIDENTDUTRAVAIL-IDF","article_published_time":"2024-05-10T02:23:00+00:00","og_image":[{"url":"https:\/\/www.accidentdutravail-idf.net\/blog\/wp-content\/uploads\/2024\/05\/accident-lors-de-la-finale-de-football-coupe-lozere-je-pense-surtout-a-la-victime-giovanni-perri-president-de-ladfl.jpg","type":"","width":"","height":""}],"author":"Carlos Poulain","twitter_card":"summary_large_image","twitter_misc":{"\u00c9crit par":"Carlos Poulain","Dur\u00e9e de lecture estim\u00e9e":"3 minutes"},"schema":{"@context":"https:\/\/schema.org","@graph":[{"@type":"Article","@id":"https:\/\/www.accidentdutravail-idf.net\/blog\/accident-lors-de-la-finale-de-football-coupe-lozere-je-pense-surtout-a-la-victime-giovanni-perri-president-de-ladfl\/#article","isPartOf":{"@id":"https:\/\/www.accidentdutravail-idf.net\/blog\/accident-lors-de-la-finale-de-football-coupe-lozere-je-pense-surtout-a-la-victime-giovanni-perri-president-de-ladfl\/"},"author":{"name":"Carlos Poulain","@id":"https:\/\/www.accidentdutravail-idf.net\/blog\/#\/schema\/person\/3255d2f970de45e64bd9201f38e7b947"},"headline":"Accident lors de la finale de football Coupe Loz\u00e8re : \u00ab\u00a0Je pense surtout \u00e0 la victime\u00a0\u00bb, Giovanni Perri, pr\u00e9sident de l\u2019ADFL","datePublished":"2024-05-10T02:23:00+00:00","mainEntityOfPage":{"@id":"https:\/\/www.accidentdutravail-idf.net\/blog\/accident-lors-de-la-finale-de-football-coupe-lozere-je-pense-surtout-a-la-victime-giovanni-perri-president-de-ladfl\/"},"wordCount":650,"publisher":{"@id":"https:\/\/www.accidentdutravail-idf.net\/blog\/#organization"},"image":{"@id":"https:\/\/www.accidentdutravail-idf.net\/blog\/accident-lors-de-la-finale-de-football-coupe-lozere-je-pense-surtout-a-la-victime-giovanni-perri-president-de-ladfl\/#primaryimage"},"thumbnailUrl":"https:\/\/www.accidentdutravail-idf.net\/blog\/wp-content\/uploads\/2024\/05\/accident-lors-de-la-finale-de-football-coupe-lozere-je-pense-surtout-a-la-victime-giovanni-perri-president-de-ladfl.jpg","articleSection":["S\u00e9curit\u00e9 Du Travail En Ile-De-France Et Divers:"],"inLanguage":"fr-FR"},{"@type":"WebPage","@id":"https:\/\/www.accidentdutravail-idf.net\/blog\/accident-lors-de-la-finale-de-football-coupe-lozere-je-pense-surtout-a-la-victime-giovanni-perri-president-de-ladfl\/","url":"https:\/\/www.accidentdutravail-idf.net\/blog\/accident-lors-de-la-finale-de-football-coupe-lozere-je-pense-surtout-a-la-victime-giovanni-perri-president-de-ladfl\/","name":"Accident lors de la finale de football Coupe Loz\u00e8re : \"Je pense surtout \u00e0 la victime\", Giovanni Perri, pr\u00e9sident de l\u2019ADFL - ACCIDENTDUTRAVAIL-IDF","isPartOf":{"@id":"https:\/\/www.accidentdutravail-idf.net\/blog\/#website"},"primaryImageOfPage":{"@id":"https:\/\/www.accidentdutravail-idf.net\/blog\/accident-lors-de-la-finale-de-football-coupe-lozere-je-pense-surtout-a-la-victime-giovanni-perri-president-de-ladfl\/#primaryimage"},"image":{"@id":"https:\/\/www.accidentdutravail-idf.net\/blog\/accident-lors-de-la-finale-de-football-coupe-lozere-je-pense-surtout-a-la-victime-giovanni-perri-president-de-ladfl\/#primaryimage"},"thumbnailUrl":"https:\/\/www.accidentdutravail-idf.net\/blog\/wp-content\/uploads\/2024\/05\/accident-lors-de-la-finale-de-football-coupe-lozere-je-pense-surtout-a-la-victime-giovanni-perri-president-de-ladfl.jpg","datePublished":"2024-05-10T02:23:00+00:00","description":"Accident lors de la finale de football Coupe Loz\u00e8re : \"Je pense surtout \u00e0 la victime\", Giovanni Perri, pr\u00e9sident de l\u2019ADFL article de ACCIDENTDUTRAVAIL-IDF","breadcrumb":{"@id":"https:\/\/www.accidentdutravail-idf.net\/blog\/accident-lors-de-la-finale-de-football-coupe-lozere-je-pense-surtout-a-la-victime-giovanni-perri-president-de-ladfl\/#breadcrumb"},"inLanguage":"fr-FR","potentialAction":[{"@type":"ReadAction","target":["https:\/\/www.accidentdutravail-idf.net\/blog\/accident-lors-de-la-finale-de-football-coupe-lozere-je-pense-surtout-a-la-victime-giovanni-perri-president-de-ladfl\/"]}]},{"@type":"ImageObject","inLanguage":"fr-FR","@id":"https:\/\/www.accidentdutravail-idf.net\/blog\/accident-lors-de-la-finale-de-football-coupe-lozere-je-pense-surtout-a-la-victime-giovanni-perri-president-de-ladfl\/#primaryimage","url":"https:\/\/www.accidentdutravail-idf.net\/blog\/wp-content\/uploads\/2024\/05\/accident-lors-de-la-finale-de-football-coupe-lozere-je-pense-surtout-a-la-victime-giovanni-perri-president-de-ladfl.jpg","contentUrl":"https:\/\/www.accidentdutravail-idf.net\/blog\/wp-content\/uploads\/2024\/05\/accident-lors-de-la-finale-de-football-coupe-lozere-je-pense-surtout-a-la-victime-giovanni-perri-president-de-ladfl.jpg"},{"@type":"BreadcrumbList","@id":"https:\/\/www.accidentdutravail-idf.net\/blog\/accident-lors-de-la-finale-de-football-coupe-lozere-je-pense-surtout-a-la-victime-giovanni-perri-president-de-ladfl\/#breadcrumb","itemListElement":[{"@type":"ListItem","position":1,"name":"Accueil","item":"https:\/\/www.accidentdutravail-idf.net\/blog\/"},{"@type":"ListItem","position":2,"name":"Accident lors de la finale de football Coupe Loz\u00e8re : \u00ab\u00a0Je pense surtout \u00e0 la victime\u00a0\u00bb, Giovanni Perri, pr\u00e9sident de l\u2019ADFL"}]},{"@type":"WebSite","@id":"https:\/\/www.accidentdutravail-idf.net\/blog\/#website","url":"https:\/\/www.accidentdutravail-idf.net\/blog\/","name":"ACCIDENTDUTRAVAIL-IDF","description":"Portail accidents du travail-maladies professionnelles des entreprises d&#039;Ile-de-France","publisher":{"@id":"https:\/\/www.accidentdutravail-idf.net\/blog\/#organization"},"potentialAction":[{"@type":"SearchAction","target":{"@type":"EntryPoint","urlTemplate":"https:\/\/www.accidentdutravail-idf.net\/blog\/?s={search_term_string}"},"query-input":{"@type":"PropertyValueSpecification","valueRequired":true,"valueName":"search_term_string"}}],"inLanguage":"fr-FR"},{"@type":"Organization","@id":"https:\/\/www.accidentdutravail-idf.net\/blog\/#organization","name":"accidentdutravail-idf","url":"https:\/\/www.accidentdutravail-idf.net\/blog\/","logo":{"@type":"ImageObject","inLanguage":"fr-FR","@id":"https:\/\/www.accidentdutravail-idf.net\/blog\/#\/schema\/logo\/image\/","url":"https:\/\/www.accidentdutravail-idf.net\/blog\/wp-content\/uploads\/2022\/09\/logo-2.png","contentUrl":"https:\/\/www.accidentdutravail-idf.net\/blog\/wp-content\/uploads\/2022\/09\/logo-2.png","width":380,"height":291,"caption":"accidentdutravail-idf"},"image":{"@id":"https:\/\/www.accidentdutravail-idf.net\/blog\/#\/schema\/logo\/image\/"}},{"@type":"Person","@id":"https:\/\/www.accidentdutravail-idf.net\/blog\/#\/schema\/person\/3255d2f970de45e64bd9201f38e7b947","name":"Carlos Poulain","image":{"@type":"ImageObject","inLanguage":"fr-FR","@id":"https:\/\/secure.gravatar.com\/avatar\/b1c2f9d3588e34e91adb093635df64ef4b2381991216be7576466cfcdca4baf3?s=96&d=mm&r=g","url":"https:\/\/secure.gravatar.com\/avatar\/b1c2f9d3588e34e91adb093635df64ef4b2381991216be7576466cfcdca4baf3?s=96&d=mm&r=g","contentUrl":"https:\/\/secure.gravatar.com\/avatar\/b1c2f9d3588e34e91adb093635df64ef4b2381991216be7576466cfcdca4baf3?s=96&d=mm&r=g","caption":"Carlos Poulain"},"url":"https:\/\/www.accidentdutravail-idf.net\/blog\/author\/idfcarlos\/"}]}},"_links":{"self":[{"href":"https:\/\/www.accidentdutravail-idf.net\/blog\/wp-json\/wp\/v2\/posts\/291","targetHints":{"allow":["GET"]}}],"collection":[{"href":"https:\/\/www.accidentdutravail-idf.net\/blog\/wp-json\/wp\/v2\/posts"}],"about":[{"href":"https:\/\/www.accidentdutravail-idf.net\/blog\/wp-json\/wp\/v2\/types\/post"}],"author":[{"embeddable":true,"href":"https:\/\/www.accidentdutravail-idf.net\/blog\/wp-json\/wp\/v2\/users\/2"}],"replies":[{"embeddable":true,"href":"https:\/\/www.accidentdutravail-idf.net\/blog\/wp-json\/wp\/v2\/comments?post=291"}],"version-history":[{"count":0,"href":"https:\/\/www.accidentdutravail-idf.net\/blog\/wp-json\/wp\/v2\/posts\/291\/revisions"}],"wp:attachment":[{"href":"https:\/\/www.accidentdutravail-idf.net\/blog\/wp-json\/wp\/v2\/media?parent=291"}],"wp:term":[{"taxonomy":"category","embeddable":true,"href":"https:\/\/www.accidentdutravail-idf.net\/blog\/wp-json\/wp\/v2\/categories?post=291"},{"taxonomy":"post_tag","embeddable":true,"href":"https:\/\/www.accidentdutravail-idf.net\/blog\/wp-json\/wp\/v2\/tags?post=291"}],"curies":[{"name":"wp","href":"https:\/\/api.w.org\/{rel}","templated":true}]}}