{"id":277,"date":"2024-05-05T19:00:00","date_gmt":"2024-05-05T17:00:00","guid":{"rendered":"https:\/\/www.accidentdutravail-idf.net\/blog\/une-entreprise-de-landaul-condamne-a-indemniser-un-salarie-victime-dun-accident-de-travail\/"},"modified":"2024-05-05T19:00:00","modified_gmt":"2024-05-05T17:00:00","slug":"une-entreprise-de-landaul-condamne-a-indemniser-un-salarie-victime-dun-accident-de-travail","status":"publish","type":"post","link":"https:\/\/www.accidentdutravail-idf.net\/blog\/une-entreprise-de-landaul-condamne-a-indemniser-un-salarie-victime-dun-accident-de-travail\/","title":{"rendered":"Une entreprise de Landaul condamn\u00e9 \u00e0 indemniser un salari\u00e9 victime d\u2019un accident de travail"},"content":{"rendered":"<header class=\"su-article su-premium payant \">\n<div class=\"su-responsive\">\n<p> <span class=\"su-visually-hidden\">Article premium, <\/span> R\u00e9serv\u00e9 aux&nbsp;abonn\u00e9s <\/p>\n<\/p><\/div>\n<p class=\"su-standfirst chapeau\">Un salari\u00e9 en CDI a eu le pouce quasiment amput\u00e9 par une scie circulaire lors de d\u00e9coupes de pi\u00e8ces dans la nuit du 29 au 30&nbsp;juillet 2020, dans une usine \u00e0 Landaul (Morbihan). La soci\u00e9t\u00e9 a \u00e9t\u00e9 condamn\u00e9e par le tribunal de Lorient ce lundi 6&nbsp;mai 2024, \u00e0 r\u00e9gler une amende de 20&nbsp;000&nbsp;\u20ac.<\/p>\n<div class=\"photo su-relative \">\n<figure>\n<div class=\"su-ratio-16-9 su-main-picture\"> <img decoding=\"async\" class=\"su-media\" src=\"https:\/\/www.accidentdutravail-idf.net\/blog\/wp-content\/uploads\/2024\/05\/une-entreprise-de-landaul-condamne-a-indemniser-un-salarie-victime-dun-accident-de-travail.jpg\" alt=\"Le tribunal de Lorient (Morbihan) a condamn\u00e9 ce lundi 6&nbsp;mai 2024, l\u2019entreprise \u00e0 r\u00e9gler une amende de 20&nbsp;000&nbsp;\u20ac (Photo d\u2019illustration).\"> <\/div><figcaption><span>Le tribunal de Lorient (Morbihan) a condamn\u00e9 ce lundi 6&nbsp;mai 2024, l\u2019entreprise \u00e0 r\u00e9gler une amende de 20&nbsp;000&nbsp;\u20ac (Photo d\u2019illustration). | <\/span>OUEST-FRANCE<\/figcaption><\/figure>\n<p> <button class=\"su-button-fullscreen\" data-oftriggerresize data-ofmodal=\"carrousel-plein-ecran\"> <span>Voir en plein \u00e9cran<\/span> <\/button> <\/div>\n<p>  <button class=\"btn btn-fermer\" title=\"Fermer le plein \u00e9cran\" data-ofmodal=\"carrousel-plein-ecran\"> <i class=\"su-icon ic-fermer\">fermer<\/i> <\/button> <\/p>\n<div class=\"carrousel snap-migrate\">\n<ul class=\"carrousel-conteneur su-not-list\" data-ofswipe=\"{&quot;rambo&quot;:2,&quot;sel&quot;:&quot;.photo&quot;, &quot;navSel&quot;:&quot;.carrousel-plein-ecran .carrousel-nav-bas .item&quot;}\">\n<li class=\"carrousel-contenu photo\" data-ofvwidth=\"{&quot;mobileOnly&quot;:false}\">\n<figure><img decoding=\"async\" data-ofmaxheight class=\"media lazyload\" alt=\"Le tribunal de Lorient (Morbihan) a condamn\u00e9 ce lundi 6&nbsp;mai 2024, l\u2019entreprise \u00e0 r\u00e9gler une amende de 20&nbsp;000&nbsp;\u20ac (Photo d\u2019illustration).\" src=\"https:\/\/www.accidentdutravail-idf.net\/blog\/wp-content\/uploads\/2024\/05\/une-entreprise-de-landaul-condamne-a-indemniser-un-salarie-victime-dun-accident-de-travail.png\" data-oflazyload=\"{&quot;srcset&quot;:&quot;https:\/\/media.ouest-france.fr\/v1\/pictures\/MjAyNDA1MDExZjIyMWNjZWQyOTg0ODQyOWY5YjA5ZTk5MTljNDE?width=320&amp;focuspoint=50%2C25&amp;cropresize=1&amp;client_id=bpeditorial&amp;sign=6b747e4d118ef36744bd9f99bd60d728b0952a53cad5f59e9e96455a52291715 320w,https:\/\/media.ouest-france.fr\/v1\/pictures\/MjAyNDA1MDExZjIyMWNjZWQyOTg0ODQyOWY5YjA5ZTk5MTljNDE?width=375&amp;focuspoint=50%2C25&amp;cropresize=1&amp;client_id=bpeditorial&amp;sign=e49a376915f71cdde185d9c2d9cea213eed604177b62434f6487d208edf95709 360w,https:\/\/media.ouest-france.fr\/v1\/pictures\/MjAyNDA1MDExZjIyMWNjZWQyOTg0ODQyOWY5YjA5ZTk5MTljNDE?width=480&amp;focuspoint=50%2C25&amp;cropresize=1&amp;client_id=bpeditorial&amp;sign=4b58d43a0729d89f9a57efe50726da15abf36b83e07a09aeb82b9ba204fec4d2 480w,https:\/\/media.ouest-france.fr\/v1\/pictures\/MjAyNDA1MDExZjIyMWNjZWQyOTg0ODQyOWY5YjA5ZTk5MTljNDE?width=630&amp;focuspoint=50%2C25&amp;cropresize=1&amp;client_id=bpeditorial&amp;sign=3ddc8058d852af43184e2904635b100177c97bc0938122d2028fbb175af2f6fa 630w,https:\/\/media.ouest-france.fr\/v1\/pictures\/MjAyNDA1MDExZjIyMWNjZWQyOTg0ODQyOWY5YjA5ZTk5MTljNDE?width=940&amp;focuspoint=50%2C25&amp;cropresize=1&amp;client_id=bpeditorial&amp;sign=1f8e1453d8799201eda6e6a92e6efe7a30aa5441545194831631e822c66331cf 940w,https:\/\/media.ouest-france.fr\/v1\/pictures\/MjAyNDA1MDExZjIyMWNjZWQyOTg0ODQyOWY5YjA5ZTk5MTljNDE?width=1260&amp;focuspoint=50%2C25&amp;cropresize=1&amp;client_id=bpeditorial&amp;sign=854f8aa002b3e16308104f7dacf5347da3064005fa21a46a19edc304a327a3ce 1260w&quot;}\"><figcaption><span>Le tribunal de Lorient (Morbihan) a condamn\u00e9 ce lundi 6&nbsp;mai 2024, l\u2019entreprise \u00e0 r\u00e9gler une amende de 20&nbsp;000&nbsp;\u20ac (Photo d\u2019illustration). | <\/span>OUEST-FRANCE<\/figcaption><\/figure>\n<\/li>\n<\/ul><\/div>\n<\/header>\n<div class=\"col-gauche\">\n<header class=\"metadata\"> <span class=\"auteur\"> <span class=\"su-source source-lien su-cockade-of\"><a href=\"https:\/\/www.ouest-france.fr\/\" target=\"_blank\" rel=\"nofollow\">Ouest-France<\/a><\/span> <\/span> <span class=\"dates\"> <span class=\"date su-date \">Publi\u00e9 le 06\/05\/2024 <span class=\"heure\"> \u00e0 18h49<\/span><\/span> <\/span> <\/header>\n<aside class=\"contenu-secondaire\" data-nosnippet>\n<p> <button class=\"action meta-readlater\"> <span data-trk-menuarticle=\"Lire plus tard\" role=\"button\" class=\"icon-signet\" title=\"Lire plus tard\" data-ofreadlater-id=\"bb484342-0bc0-11ef-b950-a7fd63bb1171\" data-ofreadlater-url=\"https:\/\/www.ouest-france.fr\/societe\/justice\/une-entreprise-de-landaul-condamne-a-indemniser-un-salarie-victime-dun-accident-de-travail-bb484342-0bc0-11ef-b950-a7fd63bb1171\" data-ofreadlater-title=\"Une entreprise de Landaul condamn\u00e9 \u00e0 indemniser un salari\u00e9 victime d\u2019un accident de travail\"><\/span> <span>Lire plus tard<\/span> <\/button> <\/p>\n<div class=\"su-visible-xl item su-clearfix\"> <button class=\"action su-row meta-btn su-vertical-center su-visible-xl\" data-sutoggleclass=\"[{&quot;sel&quot;:&quot;#partage-col-gauche&quot;,&quot;klass&quot;:&quot;su-hidden&quot;}]\"> <span data-trk-menuarticle=\"Partager\" class=\"icon icon-partage\"><\/span> <span class=\"su-text-left\">Partager<\/span> <\/button> <\/p>\n<ul id=\"partage-col-gauche\" class=\"reseaux-sociaux-list avec-noms pastilles su-not-list su-hidden\">\n<li class=\"item facebook\"><button data-trksocialnetwork=\"Facebook\" data-ofshare-open=\"{&quot;target&quot;: &quot;facebook&quot;, &quot;url&quot;: &quot;https:\/\/www.ouest-france.fr\/societe\/justice\/une-entreprise-de-landaul-condamne-a-indemniser-un-salarie-victime-dun-accident-de-travail-bb484342-0bc0-11ef-b950-a7fd63bb1171&quot;, &quot;source&quot;: &quot;ouestfrance&quot;}\" title=\"Partager sur Facebook\"><i class=\"icon icon-facebook\" data-trk-nav-bottom-sticky=\"Facebook\"><\/i><\/button><\/li>\n<li class=\"item twitter x\"><button data-trksocialnetwork=\"X\" data-ofshare-open=\"{&quot;target&quot;: &quot;twitter&quot;, &quot;url&quot;: &quot;https:\/\/www.ouest-france.fr\/societe\/justice\/une-entreprise-de-landaul-condamne-a-indemniser-un-salarie-victime-dun-accident-de-travail-bb484342-0bc0-11ef-b950-a7fd63bb1171&quot;, &quot;source&quot;: &quot;ouestfrance&quot;}\" title=\"Partager sur X\"><i class=\"icon\" data-trk-nav-bottom-sticky=\"X\"><img data-oflazyload=\"{&quot;src&quot;:&quot;https:\/\/media.ouest-france.fr\/v1\/fonts\/561e3fe971440ef51d73173055cd9263-twitter-blanc.svg&quot;}\"><\/i><\/button><\/li>\n<li class=\"item flipboard\"><button data-trksocialnetwork=\"Flipboard\" data-ofshare-open=\"{&quot;target&quot;: &quot;Flipboard&quot;, &quot;url&quot;: &quot;https:\/\/www.ouest-france.fr\/societe\/justice\/une-entreprise-de-landaul-condamne-a-indemniser-un-salarie-victime-dun-accident-de-travail-bb484342-0bc0-11ef-b950-a7fd63bb1171&quot;, &quot;source&quot;: &quot;ouestfrance&quot;}\" title=\"Partager sur Flipboard\"><i class=\"icon icon-flipboard\" data-trk-nav-bottom-sticky=\"Flipboard\"><\/i><\/button><\/li>\n<li class=\"item linkedin\"><button data-trksocialnetwork=\"LinkedIn\" data-ofshare-open=\"{&quot;target&quot;: &quot;LinkedIn&quot;, &quot;url&quot;: &quot;https:\/\/www.ouest-france.fr\/societe\/justice\/une-entreprise-de-landaul-condamne-a-indemniser-un-salarie-victime-dun-accident-de-travail-bb484342-0bc0-11ef-b950-a7fd63bb1171&quot;, &quot;source&quot;: &quot;ouestfrance&quot;}\" title=\"Partager sur LinkedIn\"><i class=\"icon icon-linkedin\" data-trk-nav-bottom-sticky=\"LinkedIn\"><\/i><\/button><\/li>\n<\/ul><\/div>\n<div data-trk=\"[{&amp;quot;n&amp;quot;:&amp;quot;platform-newsletters&amp;quot;,&amp;quot;o&amp;quot;:&amp;quot;Platform BP Newsletters&amp;quot;,&amp;quot;v&amp;quot;:&amp;quot;3.10.2&amp;quot;}]\" id=\"bloc_3quarts_1__parentOf__inscription_newsletter\" class=\"_b item\">\n<section id=\"newsletter-col-gauche\" class=\"su-negative bp-newsletters nl-E2001A bloc-newsletter newsletter-gauche su-visible-xl su-margin-bottom-xl\"> <label for=\"subscription-mail\" title=\"S'inscrire \u00e0 la Newsletter\" class=\"toggle-nl-col-gauche\" data-sutoggleclass=\"[{&quot;sel&quot;:&quot;.bloc-newsletter.newsletter-gauche .texte-rgpd.su-hidden&quot;,&quot;klass&quot;:&quot;su-hidden&quot;},{&quot;klass&quot;:&quot;su-hidden&quot;}]\"><\/label> <\/p>\n<p class=\"su-h3 su-margin-bottom-xs titre-bloc\">Newsletter Justice et Faits Divers<\/p>\n<p>Chaque semaine, retrouvez les faits divers qui ont marqu\u00e9 l&rsquo;Ouest<\/p>\n<p class=\"su-text-xsmall texte-rgpd su-hidden\">Votre e-mail, avec votre consentement, est utilis\u00e9 par Ouest-France pour recevoir notre newsletter. <a class=\"su-link-light\" href=\"https:\/\/www.ouest-france.fr\/politique-de-protection-des-donnees-personnelles\/\" target=\"_blank\" rel=\"nofollow\">En&nbsp;savoir&nbsp;plus<\/a>.<\/p>\n<\/section>\n<\/div>\n<\/aside><\/div>\n<div id=\"article-detail\" class=\"contenu-principal p402_premium cache\">\n<div class=\"su-article\">\n<p>Dans la nuit du 29 au 30&nbsp;juillet 2020, un ouvrier s\u2019affaire dans une usine de Landaul (Morbihan). Il doit d\u00e9couper une cinquantaine de pi\u00e8ces afin que les \u00e9quipes de jour puissent travailler.<\/p>\n<p>Les premi\u00e8res d\u00e9coupes se passent sans probl\u00e8me, mais subitement, l\u2019une des pi\u00e8ces saute, la main du salari\u00e9 glisse dans la lame de la scie circulaire, son pouce est presque enti\u00e8rement amput\u00e9. Seul dans les locaux lorsque l\u2019accident survient, il parvient tout de m\u00eame \u00e0 alerter les secours. Le salari\u00e9 est hospitalis\u00e9, une premi\u00e8re greffe a lieu, puis deux interventions suivent sans que son pouce&#8230;<\/p>\n<\/p><\/div>\n<div class=\"mur\">\n<div class=\"compte\">\n<div data-trk=\"[{&amp;quot;n&amp;quot;:&amp;quot;platform-pied-article-moteur-marques-configurable&amp;quot;,&amp;quot;o&amp;quot;:&amp;quot;ouestfrance platform moteurs marques&amp;quot;,&amp;quot;v&amp;quot;:&amp;quot;3.11.5&amp;quot;}]\" id=\"bloc_3quarts_1__parentOf__mur_payant_configurable\" class=\"_b\">\n<div id=\"paywall-configurable\" class=\"su-relative mur-payant\" data-paywall>\n<div class=\"fallback\">\n<div class=\"su-bloc-loader su-hidden\">\n<p> <span class=\"su-visually-hidden\">Chargement en cours\u2026<\/span> <\/p>\n<\/p><\/div>\n<section data-btnfixed-href=\"https:\/\/abonnement.ouest-france.fr\/tunnel\/pack-essentiel-article\/124098124100?int_medium=lien&amp;int_content=page-article-payant_boutonjaune-paywall&amp;marquesource=OF&amp;rt=https:\/\/www.ouest-france.fr\/societe\/justice\/une-entreprise-de-landaul-condamne-a-indemniser-un-salarie-victime-dun-accident-de-travail-bb484342-0bc0-11ef-b950-a7fd63bb1171\" data-btnfixed-libelle=\"S'abonner pour lire la suite\" data-btnfixed-class=\"su-subscription\">\n<p class=\"layus\">Il vous reste 80% de cet article \u00e0 lire.<\/p>\n<p> <span class=\"picto\"> <title>cadenas-ouvert<\/title>  &nbsp;<\/span> <span class=\"su-h2\"><span>Pour d&amp;eacutebloquer l&rsquo;article, <span>abonnez-vous<\/span><\/span><\/span> <\/p>\n<div class=\"pied-article spreadsheet\">\n<div class=\"inscription\">\n<div class=\"su-margin-bottom-s\">\n<div class=\"su-margin-bottom-s\">\n<p><strong>1<sup>\u00e8re<\/sup>&nbsp;semaine offerte puis 1<sup>\u20ac50<\/sup> \/ semaine<\/strong><\/p>\n<\/div>\n<p>Annulable \u00e0 tout moment<\/p><\/div>\n<\/p><\/div>\n<\/p><\/div>\n<\/section><\/div>\n<\/div>\n<\/div><\/div>\n<div data-trk=\"[{&amp;quot;n&amp;quot;:&amp;quot;platform-pied-article-moteur-marques-configurable&amp;quot;,&amp;quot;o&amp;quot;:&amp;quot;ouestfrance platform moteurs marques&amp;quot;,&amp;quot;v&amp;quot;:&amp;quot;3.11.5&amp;quot;}]\" id=\"bloc_3quarts_1__parentOf__cta_pied_article_anonyme_sticky\" class=\"_b with-barre-navigation-sticky\"> <a data-ida data-trkartmonet=\"Tunnel OF+\" class=\"su-button su-subscription lien-sticky-paywall btn-fixed su-hidden-lg su-hidden-xl\"> .mur&quot;,&quot;bottom&quot;:true,&quot;klass&quot;:&quot;su-hidden&quot;,&quot;inverted&quot;: true}\u00a0\u00bb href=\u00a0\u00bbhttps:\/\/abonnement.ouest-france.fr\/tunnel\/pack-essentiel-article\/124098124100?int_medium=lien&amp;int_content=page-article-payant_boutonjaune-paywall&amp;marquesource=OF&amp;rt=https:\/\/www.ouest-france.fr\/societe\/justice\/une-entreprise-de-landaul-condamne-a-indemniser-un-salarie-victime-dun-accident-de-travail-bb484342-0bc0-11ef-b950-a7fd63bb1171&Prime;&gt;<strong>S&rsquo;abonner pour lire la suite<\/strong><\/a> <\/div>\n<\/p><\/div>\n<\/p><\/div>\n<p> accidentdutravail-idf.net vous a pr\u00e9par\u00e9 ce post qui informe du sujet \u00ab\u00a0Association Sportive Huisson-Longueville Essonne\u00a0\u00bb. La chronique se veut g\u00e9n\u00e9r\u00e9e du mieux possible. Vous pouvez utiliser les coordonn\u00e9es indiqu\u00e9es sur le site dans le but d\u2019apporter des explications sur ce post qui parle du th\u00e8me \u00ab\u00a0Association Sportive Huisson-Longueville Essonne\u00a0\u00bb. Le site accidentdutravail-idf.net a pour but de fournir diverses publications sur la th\u00e9matique Association Sportive Huisson-Longueville Essonne diffus\u00e9es sur le net. Il y aura plusieurs articles autour du sujet \u00ab\u00a0Association Sportive Huisson-Longueville Essonne\u00a0\u00bb dans quelques jours, nous vous invitons \u00e0 naviguer sur notre site web \u00e0 plusieurs reprises.<\/p>\n","protected":false},"excerpt":{"rendered":"<p>Article premium, R\u00e9serv\u00e9 aux&nbsp;abonn\u00e9s Un salari\u00e9 en CDI a eu le pouce quasiment amput\u00e9 par une scie circulaire lors de d\u00e9coupes de pi\u00e8ces dans la nuit du 29 au 30&nbsp;juillet 2020, dans une usine \u00e0 Landaul (Morbihan). La soci\u00e9t\u00e9 a \u00e9t\u00e9 condamn\u00e9e par le tribunal de Lorient ce lundi 6&nbsp;mai 2024, \u00e0 r\u00e9gler une amende &hellip; <\/p>\n<p class=\"link-more\"><a href=\"https:\/\/www.accidentdutravail-idf.net\/blog\/une-entreprise-de-landaul-condamne-a-indemniser-un-salarie-victime-dun-accident-de-travail\/\" class=\"more-link\">Continuer la lecture <span class=\"screen-reader-text\"> \u00ab\u00a0Une entreprise de Landaul condamn\u00e9 \u00e0 indemniser un salari\u00e9 victime d\u2019un accident de travail\u00a0\u00bb<\/span><\/a><\/p>\n","protected":false},"author":2,"featured_media":0,"comment_status":"closed","ping_status":"closed","sticky":false,"template":"","format":"standard","meta":{"footnotes":""},"categories":[5],"tags":[],"class_list":["post-277","post","type-post","status-publish","format-standard","hentry","category-securite-du-travail-en-ile-de-france-et-divers","entry"],"yoast_head":"<!-- This site is optimized with the Yoast SEO plugin v27.5 - https:\/\/yoast.com\/product\/yoast-seo-wordpress\/ -->\n<title>Une entreprise de Landaul condamn\u00e9 \u00e0 indemniser un salari\u00e9 victime d\u2019un accident de travail - ACCIDENTDUTRAVAIL-IDF<\/title>\n<meta name=\"description\" content=\"Une entreprise de Landaul condamn\u00e9 \u00e0 indemniser un salari\u00e9 victime d\u2019un accident de travail article de ACCIDENTDUTRAVAIL-IDF\" \/>\n<meta name=\"robots\" content=\"index, follow, max-snippet:-1, max-image-preview:large, max-video-preview:-1\" \/>\n<link rel=\"canonical\" href=\"https:\/\/www.accidentdutravail-idf.net\/blog\/une-entreprise-de-landaul-condamne-a-indemniser-un-salarie-victime-dun-accident-de-travail\/\" \/>\n<meta property=\"og:locale\" content=\"fr_FR\" \/>\n<meta property=\"og:type\" content=\"article\" \/>\n<meta property=\"og:title\" content=\"Une entreprise de Landaul condamn\u00e9 \u00e0 indemniser un salari\u00e9 victime d\u2019un accident de travail - ACCIDENTDUTRAVAIL-IDF\" \/>\n<meta property=\"og:description\" content=\"Une entreprise de Landaul condamn\u00e9 \u00e0 indemniser un salari\u00e9 victime d\u2019un accident de travail article de ACCIDENTDUTRAVAIL-IDF\" \/>\n<meta property=\"og:url\" content=\"https:\/\/www.accidentdutravail-idf.net\/blog\/une-entreprise-de-landaul-condamne-a-indemniser-un-salarie-victime-dun-accident-de-travail\/\" \/>\n<meta property=\"og:site_name\" content=\"ACCIDENTDUTRAVAIL-IDF\" \/>\n<meta property=\"article:published_time\" content=\"2024-05-05T17:00:00+00:00\" \/>\n<meta property=\"og:image\" content=\"https:\/\/www.accidentdutravail-idf.net\/blog\/wp-content\/uploads\/2024\/05\/une-entreprise-de-landaul-condamne-a-indemniser-un-salarie-victime-dun-accident-de-travail.jpg\" \/>\n<meta name=\"author\" content=\"Carlos Poulain\" \/>\n<meta name=\"twitter:card\" content=\"summary_large_image\" \/>\n<meta name=\"twitter:label1\" content=\"\u00c9crit par\" \/>\n\t<meta name=\"twitter:data1\" content=\"Carlos Poulain\" \/>\n\t<meta name=\"twitter:label2\" content=\"Dur\u00e9e de lecture estim\u00e9e\" \/>\n\t<meta name=\"twitter:data2\" content=\"2 minutes\" \/>\n<script type=\"application\/ld+json\" class=\"yoast-schema-graph\">{\"@context\":\"https:\\\/\\\/schema.org\",\"@graph\":[{\"@type\":\"Article\",\"@id\":\"https:\\\/\\\/www.accidentdutravail-idf.net\\\/blog\\\/une-entreprise-de-landaul-condamne-a-indemniser-un-salarie-victime-dun-accident-de-travail\\\/#article\",\"isPartOf\":{\"@id\":\"https:\\\/\\\/www.accidentdutravail-idf.net\\\/blog\\\/une-entreprise-de-landaul-condamne-a-indemniser-un-salarie-victime-dun-accident-de-travail\\\/\"},\"author\":{\"name\":\"Carlos Poulain\",\"@id\":\"https:\\\/\\\/www.accidentdutravail-idf.net\\\/blog\\\/#\\\/schema\\\/person\\\/3255d2f970de45e64bd9201f38e7b947\"},\"headline\":\"Une entreprise de Landaul condamn\u00e9 \u00e0 indemniser un salari\u00e9 victime d\u2019un accident de travail\",\"datePublished\":\"2024-05-05T17:00:00+00:00\",\"mainEntityOfPage\":{\"@id\":\"https:\\\/\\\/www.accidentdutravail-idf.net\\\/blog\\\/une-entreprise-de-landaul-condamne-a-indemniser-un-salarie-victime-dun-accident-de-travail\\\/\"},\"wordCount\":467,\"publisher\":{\"@id\":\"https:\\\/\\\/www.accidentdutravail-idf.net\\\/blog\\\/#organization\"},\"image\":{\"@id\":\"https:\\\/\\\/www.accidentdutravail-idf.net\\\/blog\\\/une-entreprise-de-landaul-condamne-a-indemniser-un-salarie-victime-dun-accident-de-travail\\\/#primaryimage\"},\"thumbnailUrl\":\"https:\\\/\\\/www.accidentdutravail-idf.net\\\/blog\\\/wp-content\\\/uploads\\\/2024\\\/05\\\/une-entreprise-de-landaul-condamne-a-indemniser-un-salarie-victime-dun-accident-de-travail.jpg\",\"articleSection\":[\"S\u00e9curit\u00e9 Du Travail En Ile-De-France Et Divers:\"],\"inLanguage\":\"fr-FR\"},{\"@type\":\"WebPage\",\"@id\":\"https:\\\/\\\/www.accidentdutravail-idf.net\\\/blog\\\/une-entreprise-de-landaul-condamne-a-indemniser-un-salarie-victime-dun-accident-de-travail\\\/\",\"url\":\"https:\\\/\\\/www.accidentdutravail-idf.net\\\/blog\\\/une-entreprise-de-landaul-condamne-a-indemniser-un-salarie-victime-dun-accident-de-travail\\\/\",\"name\":\"Une entreprise de Landaul condamn\u00e9 \u00e0 indemniser un salari\u00e9 victime d\u2019un accident de travail - ACCIDENTDUTRAVAIL-IDF\",\"isPartOf\":{\"@id\":\"https:\\\/\\\/www.accidentdutravail-idf.net\\\/blog\\\/#website\"},\"primaryImageOfPage\":{\"@id\":\"https:\\\/\\\/www.accidentdutravail-idf.net\\\/blog\\\/une-entreprise-de-landaul-condamne-a-indemniser-un-salarie-victime-dun-accident-de-travail\\\/#primaryimage\"},\"image\":{\"@id\":\"https:\\\/\\\/www.accidentdutravail-idf.net\\\/blog\\\/une-entreprise-de-landaul-condamne-a-indemniser-un-salarie-victime-dun-accident-de-travail\\\/#primaryimage\"},\"thumbnailUrl\":\"https:\\\/\\\/www.accidentdutravail-idf.net\\\/blog\\\/wp-content\\\/uploads\\\/2024\\\/05\\\/une-entreprise-de-landaul-condamne-a-indemniser-un-salarie-victime-dun-accident-de-travail.jpg\",\"datePublished\":\"2024-05-05T17:00:00+00:00\",\"description\":\"Une entreprise de Landaul condamn\u00e9 \u00e0 indemniser un salari\u00e9 victime d\u2019un accident de travail article de ACCIDENTDUTRAVAIL-IDF\",\"breadcrumb\":{\"@id\":\"https:\\\/\\\/www.accidentdutravail-idf.net\\\/blog\\\/une-entreprise-de-landaul-condamne-a-indemniser-un-salarie-victime-dun-accident-de-travail\\\/#breadcrumb\"},\"inLanguage\":\"fr-FR\",\"potentialAction\":[{\"@type\":\"ReadAction\",\"target\":[\"https:\\\/\\\/www.accidentdutravail-idf.net\\\/blog\\\/une-entreprise-de-landaul-condamne-a-indemniser-un-salarie-victime-dun-accident-de-travail\\\/\"]}]},{\"@type\":\"ImageObject\",\"inLanguage\":\"fr-FR\",\"@id\":\"https:\\\/\\\/www.accidentdutravail-idf.net\\\/blog\\\/une-entreprise-de-landaul-condamne-a-indemniser-un-salarie-victime-dun-accident-de-travail\\\/#primaryimage\",\"url\":\"https:\\\/\\\/www.accidentdutravail-idf.net\\\/blog\\\/wp-content\\\/uploads\\\/2024\\\/05\\\/une-entreprise-de-landaul-condamne-a-indemniser-un-salarie-victime-dun-accident-de-travail.jpg\",\"contentUrl\":\"https:\\\/\\\/www.accidentdutravail-idf.net\\\/blog\\\/wp-content\\\/uploads\\\/2024\\\/05\\\/une-entreprise-de-landaul-condamne-a-indemniser-un-salarie-victime-dun-accident-de-travail.jpg\"},{\"@type\":\"BreadcrumbList\",\"@id\":\"https:\\\/\\\/www.accidentdutravail-idf.net\\\/blog\\\/une-entreprise-de-landaul-condamne-a-indemniser-un-salarie-victime-dun-accident-de-travail\\\/#breadcrumb\",\"itemListElement\":[{\"@type\":\"ListItem\",\"position\":1,\"name\":\"Accueil\",\"item\":\"https:\\\/\\\/www.accidentdutravail-idf.net\\\/blog\\\/\"},{\"@type\":\"ListItem\",\"position\":2,\"name\":\"Une entreprise de Landaul condamn\u00e9 \u00e0 indemniser un salari\u00e9 victime d\u2019un accident de travail\"}]},{\"@type\":\"WebSite\",\"@id\":\"https:\\\/\\\/www.accidentdutravail-idf.net\\\/blog\\\/#website\",\"url\":\"https:\\\/\\\/www.accidentdutravail-idf.net\\\/blog\\\/\",\"name\":\"ACCIDENTDUTRAVAIL-IDF\",\"description\":\"Portail accidents du travail-maladies professionnelles des entreprises d&#039;Ile-de-France\",\"publisher\":{\"@id\":\"https:\\\/\\\/www.accidentdutravail-idf.net\\\/blog\\\/#organization\"},\"potentialAction\":[{\"@type\":\"SearchAction\",\"target\":{\"@type\":\"EntryPoint\",\"urlTemplate\":\"https:\\\/\\\/www.accidentdutravail-idf.net\\\/blog\\\/?s={search_term_string}\"},\"query-input\":{\"@type\":\"PropertyValueSpecification\",\"valueRequired\":true,\"valueName\":\"search_term_string\"}}],\"inLanguage\":\"fr-FR\"},{\"@type\":\"Organization\",\"@id\":\"https:\\\/\\\/www.accidentdutravail-idf.net\\\/blog\\\/#organization\",\"name\":\"accidentdutravail-idf\",\"url\":\"https:\\\/\\\/www.accidentdutravail-idf.net\\\/blog\\\/\",\"logo\":{\"@type\":\"ImageObject\",\"inLanguage\":\"fr-FR\",\"@id\":\"https:\\\/\\\/www.accidentdutravail-idf.net\\\/blog\\\/#\\\/schema\\\/logo\\\/image\\\/\",\"url\":\"https:\\\/\\\/www.accidentdutravail-idf.net\\\/blog\\\/wp-content\\\/uploads\\\/2022\\\/09\\\/logo-2.png\",\"contentUrl\":\"https:\\\/\\\/www.accidentdutravail-idf.net\\\/blog\\\/wp-content\\\/uploads\\\/2022\\\/09\\\/logo-2.png\",\"width\":380,\"height\":291,\"caption\":\"accidentdutravail-idf\"},\"image\":{\"@id\":\"https:\\\/\\\/www.accidentdutravail-idf.net\\\/blog\\\/#\\\/schema\\\/logo\\\/image\\\/\"}},{\"@type\":\"Person\",\"@id\":\"https:\\\/\\\/www.accidentdutravail-idf.net\\\/blog\\\/#\\\/schema\\\/person\\\/3255d2f970de45e64bd9201f38e7b947\",\"name\":\"Carlos Poulain\",\"image\":{\"@type\":\"ImageObject\",\"inLanguage\":\"fr-FR\",\"@id\":\"https:\\\/\\\/secure.gravatar.com\\\/avatar\\\/b1c2f9d3588e34e91adb093635df64ef4b2381991216be7576466cfcdca4baf3?s=96&d=mm&r=g\",\"url\":\"https:\\\/\\\/secure.gravatar.com\\\/avatar\\\/b1c2f9d3588e34e91adb093635df64ef4b2381991216be7576466cfcdca4baf3?s=96&d=mm&r=g\",\"contentUrl\":\"https:\\\/\\\/secure.gravatar.com\\\/avatar\\\/b1c2f9d3588e34e91adb093635df64ef4b2381991216be7576466cfcdca4baf3?s=96&d=mm&r=g\",\"caption\":\"Carlos Poulain\"},\"url\":\"https:\\\/\\\/www.accidentdutravail-idf.net\\\/blog\\\/author\\\/idfcarlos\\\/\"}]}<\/script>\n<!-- \/ Yoast SEO plugin. -->","yoast_head_json":{"title":"Une entreprise de Landaul condamn\u00e9 \u00e0 indemniser un salari\u00e9 victime d\u2019un accident de travail - ACCIDENTDUTRAVAIL-IDF","description":"Une entreprise de Landaul condamn\u00e9 \u00e0 indemniser un salari\u00e9 victime d\u2019un accident de travail article de ACCIDENTDUTRAVAIL-IDF","robots":{"index":"index","follow":"follow","max-snippet":"max-snippet:-1","max-image-preview":"max-image-preview:large","max-video-preview":"max-video-preview:-1"},"canonical":"https:\/\/www.accidentdutravail-idf.net\/blog\/une-entreprise-de-landaul-condamne-a-indemniser-un-salarie-victime-dun-accident-de-travail\/","og_locale":"fr_FR","og_type":"article","og_title":"Une entreprise de Landaul condamn\u00e9 \u00e0 indemniser un salari\u00e9 victime d\u2019un accident de travail - ACCIDENTDUTRAVAIL-IDF","og_description":"Une entreprise de Landaul condamn\u00e9 \u00e0 indemniser un salari\u00e9 victime d\u2019un accident de travail article de ACCIDENTDUTRAVAIL-IDF","og_url":"https:\/\/www.accidentdutravail-idf.net\/blog\/une-entreprise-de-landaul-condamne-a-indemniser-un-salarie-victime-dun-accident-de-travail\/","og_site_name":"ACCIDENTDUTRAVAIL-IDF","article_published_time":"2024-05-05T17:00:00+00:00","og_image":[{"url":"https:\/\/www.accidentdutravail-idf.net\/blog\/wp-content\/uploads\/2024\/05\/une-entreprise-de-landaul-condamne-a-indemniser-un-salarie-victime-dun-accident-de-travail.jpg","type":"","width":"","height":""}],"author":"Carlos Poulain","twitter_card":"summary_large_image","twitter_misc":{"\u00c9crit par":"Carlos Poulain","Dur\u00e9e de lecture estim\u00e9e":"2 minutes"},"schema":{"@context":"https:\/\/schema.org","@graph":[{"@type":"Article","@id":"https:\/\/www.accidentdutravail-idf.net\/blog\/une-entreprise-de-landaul-condamne-a-indemniser-un-salarie-victime-dun-accident-de-travail\/#article","isPartOf":{"@id":"https:\/\/www.accidentdutravail-idf.net\/blog\/une-entreprise-de-landaul-condamne-a-indemniser-un-salarie-victime-dun-accident-de-travail\/"},"author":{"name":"Carlos Poulain","@id":"https:\/\/www.accidentdutravail-idf.net\/blog\/#\/schema\/person\/3255d2f970de45e64bd9201f38e7b947"},"headline":"Une entreprise de Landaul condamn\u00e9 \u00e0 indemniser un salari\u00e9 victime d\u2019un accident de travail","datePublished":"2024-05-05T17:00:00+00:00","mainEntityOfPage":{"@id":"https:\/\/www.accidentdutravail-idf.net\/blog\/une-entreprise-de-landaul-condamne-a-indemniser-un-salarie-victime-dun-accident-de-travail\/"},"wordCount":467,"publisher":{"@id":"https:\/\/www.accidentdutravail-idf.net\/blog\/#organization"},"image":{"@id":"https:\/\/www.accidentdutravail-idf.net\/blog\/une-entreprise-de-landaul-condamne-a-indemniser-un-salarie-victime-dun-accident-de-travail\/#primaryimage"},"thumbnailUrl":"https:\/\/www.accidentdutravail-idf.net\/blog\/wp-content\/uploads\/2024\/05\/une-entreprise-de-landaul-condamne-a-indemniser-un-salarie-victime-dun-accident-de-travail.jpg","articleSection":["S\u00e9curit\u00e9 Du Travail En Ile-De-France Et Divers:"],"inLanguage":"fr-FR"},{"@type":"WebPage","@id":"https:\/\/www.accidentdutravail-idf.net\/blog\/une-entreprise-de-landaul-condamne-a-indemniser-un-salarie-victime-dun-accident-de-travail\/","url":"https:\/\/www.accidentdutravail-idf.net\/blog\/une-entreprise-de-landaul-condamne-a-indemniser-un-salarie-victime-dun-accident-de-travail\/","name":"Une entreprise de Landaul condamn\u00e9 \u00e0 indemniser un salari\u00e9 victime d\u2019un accident de travail - ACCIDENTDUTRAVAIL-IDF","isPartOf":{"@id":"https:\/\/www.accidentdutravail-idf.net\/blog\/#website"},"primaryImageOfPage":{"@id":"https:\/\/www.accidentdutravail-idf.net\/blog\/une-entreprise-de-landaul-condamne-a-indemniser-un-salarie-victime-dun-accident-de-travail\/#primaryimage"},"image":{"@id":"https:\/\/www.accidentdutravail-idf.net\/blog\/une-entreprise-de-landaul-condamne-a-indemniser-un-salarie-victime-dun-accident-de-travail\/#primaryimage"},"thumbnailUrl":"https:\/\/www.accidentdutravail-idf.net\/blog\/wp-content\/uploads\/2024\/05\/une-entreprise-de-landaul-condamne-a-indemniser-un-salarie-victime-dun-accident-de-travail.jpg","datePublished":"2024-05-05T17:00:00+00:00","description":"Une entreprise de Landaul condamn\u00e9 \u00e0 indemniser un salari\u00e9 victime d\u2019un accident de travail article de ACCIDENTDUTRAVAIL-IDF","breadcrumb":{"@id":"https:\/\/www.accidentdutravail-idf.net\/blog\/une-entreprise-de-landaul-condamne-a-indemniser-un-salarie-victime-dun-accident-de-travail\/#breadcrumb"},"inLanguage":"fr-FR","potentialAction":[{"@type":"ReadAction","target":["https:\/\/www.accidentdutravail-idf.net\/blog\/une-entreprise-de-landaul-condamne-a-indemniser-un-salarie-victime-dun-accident-de-travail\/"]}]},{"@type":"ImageObject","inLanguage":"fr-FR","@id":"https:\/\/www.accidentdutravail-idf.net\/blog\/une-entreprise-de-landaul-condamne-a-indemniser-un-salarie-victime-dun-accident-de-travail\/#primaryimage","url":"https:\/\/www.accidentdutravail-idf.net\/blog\/wp-content\/uploads\/2024\/05\/une-entreprise-de-landaul-condamne-a-indemniser-un-salarie-victime-dun-accident-de-travail.jpg","contentUrl":"https:\/\/www.accidentdutravail-idf.net\/blog\/wp-content\/uploads\/2024\/05\/une-entreprise-de-landaul-condamne-a-indemniser-un-salarie-victime-dun-accident-de-travail.jpg"},{"@type":"BreadcrumbList","@id":"https:\/\/www.accidentdutravail-idf.net\/blog\/une-entreprise-de-landaul-condamne-a-indemniser-un-salarie-victime-dun-accident-de-travail\/#breadcrumb","itemListElement":[{"@type":"ListItem","position":1,"name":"Accueil","item":"https:\/\/www.accidentdutravail-idf.net\/blog\/"},{"@type":"ListItem","position":2,"name":"Une entreprise de Landaul condamn\u00e9 \u00e0 indemniser un salari\u00e9 victime d\u2019un accident de travail"}]},{"@type":"WebSite","@id":"https:\/\/www.accidentdutravail-idf.net\/blog\/#website","url":"https:\/\/www.accidentdutravail-idf.net\/blog\/","name":"ACCIDENTDUTRAVAIL-IDF","description":"Portail accidents du travail-maladies professionnelles des entreprises d&#039;Ile-de-France","publisher":{"@id":"https:\/\/www.accidentdutravail-idf.net\/blog\/#organization"},"potentialAction":[{"@type":"SearchAction","target":{"@type":"EntryPoint","urlTemplate":"https:\/\/www.accidentdutravail-idf.net\/blog\/?s={search_term_string}"},"query-input":{"@type":"PropertyValueSpecification","valueRequired":true,"valueName":"search_term_string"}}],"inLanguage":"fr-FR"},{"@type":"Organization","@id":"https:\/\/www.accidentdutravail-idf.net\/blog\/#organization","name":"accidentdutravail-idf","url":"https:\/\/www.accidentdutravail-idf.net\/blog\/","logo":{"@type":"ImageObject","inLanguage":"fr-FR","@id":"https:\/\/www.accidentdutravail-idf.net\/blog\/#\/schema\/logo\/image\/","url":"https:\/\/www.accidentdutravail-idf.net\/blog\/wp-content\/uploads\/2022\/09\/logo-2.png","contentUrl":"https:\/\/www.accidentdutravail-idf.net\/blog\/wp-content\/uploads\/2022\/09\/logo-2.png","width":380,"height":291,"caption":"accidentdutravail-idf"},"image":{"@id":"https:\/\/www.accidentdutravail-idf.net\/blog\/#\/schema\/logo\/image\/"}},{"@type":"Person","@id":"https:\/\/www.accidentdutravail-idf.net\/blog\/#\/schema\/person\/3255d2f970de45e64bd9201f38e7b947","name":"Carlos Poulain","image":{"@type":"ImageObject","inLanguage":"fr-FR","@id":"https:\/\/secure.gravatar.com\/avatar\/b1c2f9d3588e34e91adb093635df64ef4b2381991216be7576466cfcdca4baf3?s=96&d=mm&r=g","url":"https:\/\/secure.gravatar.com\/avatar\/b1c2f9d3588e34e91adb093635df64ef4b2381991216be7576466cfcdca4baf3?s=96&d=mm&r=g","contentUrl":"https:\/\/secure.gravatar.com\/avatar\/b1c2f9d3588e34e91adb093635df64ef4b2381991216be7576466cfcdca4baf3?s=96&d=mm&r=g","caption":"Carlos Poulain"},"url":"https:\/\/www.accidentdutravail-idf.net\/blog\/author\/idfcarlos\/"}]}},"_links":{"self":[{"href":"https:\/\/www.accidentdutravail-idf.net\/blog\/wp-json\/wp\/v2\/posts\/277","targetHints":{"allow":["GET"]}}],"collection":[{"href":"https:\/\/www.accidentdutravail-idf.net\/blog\/wp-json\/wp\/v2\/posts"}],"about":[{"href":"https:\/\/www.accidentdutravail-idf.net\/blog\/wp-json\/wp\/v2\/types\/post"}],"author":[{"embeddable":true,"href":"https:\/\/www.accidentdutravail-idf.net\/blog\/wp-json\/wp\/v2\/users\/2"}],"replies":[{"embeddable":true,"href":"https:\/\/www.accidentdutravail-idf.net\/blog\/wp-json\/wp\/v2\/comments?post=277"}],"version-history":[{"count":0,"href":"https:\/\/www.accidentdutravail-idf.net\/blog\/wp-json\/wp\/v2\/posts\/277\/revisions"}],"wp:attachment":[{"href":"https:\/\/www.accidentdutravail-idf.net\/blog\/wp-json\/wp\/v2\/media?parent=277"}],"wp:term":[{"taxonomy":"category","embeddable":true,"href":"https:\/\/www.accidentdutravail-idf.net\/blog\/wp-json\/wp\/v2\/categories?post=277"},{"taxonomy":"post_tag","embeddable":true,"href":"https:\/\/www.accidentdutravail-idf.net\/blog\/wp-json\/wp\/v2\/tags?post=277"}],"curies":[{"name":"wp","href":"https:\/\/api.w.org\/{rel}","templated":true}]}}