{"id":262,"date":"2024-05-03T22:15:00","date_gmt":"2024-05-03T20:15:00","guid":{"rendered":"https:\/\/www.accidentdutravail-idf.net\/blog\/lentreprise-condamnee-pour-un-accident-du-travail\/"},"modified":"2024-05-03T22:15:00","modified_gmt":"2024-05-03T20:15:00","slug":"lentreprise-condamnee-pour-un-accident-du-travail","status":"publish","type":"post","link":"https:\/\/www.accidentdutravail-idf.net\/blog\/lentreprise-condamnee-pour-un-accident-du-travail\/","title":{"rendered":"L\u2019entreprise condamn\u00e9e pour un accident du travail"},"content":{"rendered":"<p>Une entreprise bas\u00e9e \u00e0 Casteljaloux, sp\u00e9cialis\u00e9e dans l\u2019\u00e9quipement pour l\u2019industrie du bois a \u00e9t\u00e9 jug\u00e9e, hier, au tribunal judiciaire d\u2019Agen. En cause, un employ\u00e9 qui a vu ses orteils sectionn\u00e9s \u00e0 la suite de la chute d\u2019un \u00e9l\u00e9ment qui s\u2019est d\u00e9croch\u00e9 du transporteur aimant\u00e9. Ce dernier \u00e9tait d\u00e9faillant, avec une t\u00f4le trop peu \u00e9paisse pour permettre le bon fonctionnement de l\u2019aimant. L\u2019inspection du travail est venue apr\u00e8s l\u2019accident survenu le 16 juillet 2020 v\u00e9rifier les machines. Ils ont confirm\u00e9 la d\u00e9faillance. Le repr\u00e9sentant l\u00e9gal d l\u2019entreprise n\u2019a pas d\u00e9menti \u00e0 la barre\/ \u00ab\u00a0Sur les faits, il n\u2019y a rien \u00e0 dire. On a remis \u00e0 plat les choses, dans tous les secteurs. Tout a \u00e9t\u00e9 refait \u00e0 neuf et une nouvelle usine, \u00e0 Tonneins, a \u00e9t\u00e9 construit\u00a0\u00bb, a-t-il indiqu\u00e9 \u00e0 la barre. Une d\u00e9fense qui a convaincu, d\u2019autant plus que la victime, avec un nouveau poste, a repris le travail au sein d h\u00e9la structure. Si un probl\u00e8me de formation a \u00e9t\u00e9 soulev\u00e9 avec la concentration des employ\u00e9s \u00e0 \u00e9viter le surpoids et non v\u00e9rifier l\u2019adh\u00e9rence de l\u2019aimant. Depuis, un contr\u00f4le r\u00e9gulier est effectu\u00e9 sur les machines. Enfin, apr\u00e8s d\u00e9lib\u00e9ration, l\u2019entreprise a \u00e9t\u00e9 condamn\u00e9e \u00e0 verser 800 \u20ac \u00e0 la victime et 10 000 \u20ac avec sursis, pendant 5 ans.<\/p>\n<p> accidentdutravail-idf.net vous a pr\u00e9par\u00e9 ce post qui informe du sujet \u00ab\u00a0Association Sportive Huisson-Longueville Essonne\u00a0\u00bb. La chronique se veut g\u00e9n\u00e9r\u00e9e du mieux possible. Vous pouvez utiliser les coordonn\u00e9es indiqu\u00e9es sur le site dans le but d\u2019apporter des explications sur ce post qui parle du th\u00e8me \u00ab\u00a0Association Sportive Huisson-Longueville Essonne\u00a0\u00bb. Le site accidentdutravail-idf.net a pour but de fournir diverses publications sur la th\u00e9matique Association Sportive Huisson-Longueville Essonne diffus\u00e9es sur le net. Il y aura plusieurs articles autour du sujet \u00ab\u00a0Association Sportive Huisson-Longueville Essonne\u00a0\u00bb dans quelques jours, nous vous invitons \u00e0 naviguer sur notre site web \u00e0 plusieurs reprises.<\/p>\n","protected":false},"excerpt":{"rendered":"<p>Une entreprise bas\u00e9e \u00e0 Casteljaloux, sp\u00e9cialis\u00e9e dans l\u2019\u00e9quipement pour l\u2019industrie du bois a \u00e9t\u00e9 jug\u00e9e, hier, au tribunal judiciaire d\u2019Agen. En cause, un employ\u00e9 qui a vu ses orteils sectionn\u00e9s \u00e0 la suite de la chute d\u2019un \u00e9l\u00e9ment qui s\u2019est d\u00e9croch\u00e9 du transporteur aimant\u00e9. Ce dernier \u00e9tait d\u00e9faillant, avec une t\u00f4le trop peu \u00e9paisse pour &hellip; <\/p>\n<p class=\"link-more\"><a href=\"https:\/\/www.accidentdutravail-idf.net\/blog\/lentreprise-condamnee-pour-un-accident-du-travail\/\" class=\"more-link\">Continuer la lecture <span class=\"screen-reader-text\"> \u00ab\u00a0L\u2019entreprise condamn\u00e9e pour un accident du travail\u00a0\u00bb<\/span><\/a><\/p>\n","protected":false},"author":2,"featured_media":0,"comment_status":"closed","ping_status":"closed","sticky":false,"template":"","format":"standard","meta":{"footnotes":""},"categories":[5],"tags":[],"class_list":["post-262","post","type-post","status-publish","format-standard","hentry","category-securite-du-travail-en-ile-de-france-et-divers","entry"],"yoast_head":"<!-- This site is optimized with the Yoast SEO plugin v27.5 - https:\/\/yoast.com\/product\/yoast-seo-wordpress\/ -->\n<title>L\u2019entreprise condamn\u00e9e pour un accident du travail - ACCIDENTDUTRAVAIL-IDF<\/title>\n<meta name=\"description\" content=\"L\u2019entreprise condamn\u00e9e pour un accident du travail article de ACCIDENTDUTRAVAIL-IDF\" \/>\n<meta name=\"robots\" content=\"index, follow, max-snippet:-1, max-image-preview:large, max-video-preview:-1\" \/>\n<link rel=\"canonical\" href=\"https:\/\/www.accidentdutravail-idf.net\/blog\/lentreprise-condamnee-pour-un-accident-du-travail\/\" \/>\n<meta property=\"og:locale\" content=\"fr_FR\" \/>\n<meta property=\"og:type\" content=\"article\" \/>\n<meta property=\"og:title\" content=\"L\u2019entreprise condamn\u00e9e pour un accident du travail - ACCIDENTDUTRAVAIL-IDF\" \/>\n<meta property=\"og:description\" content=\"L\u2019entreprise condamn\u00e9e pour un accident du travail article de ACCIDENTDUTRAVAIL-IDF\" \/>\n<meta property=\"og:url\" content=\"https:\/\/www.accidentdutravail-idf.net\/blog\/lentreprise-condamnee-pour-un-accident-du-travail\/\" \/>\n<meta property=\"og:site_name\" content=\"ACCIDENTDUTRAVAIL-IDF\" \/>\n<meta property=\"article:published_time\" content=\"2024-05-03T20:15:00+00:00\" \/>\n<meta name=\"author\" content=\"Carlos Poulain\" \/>\n<meta name=\"twitter:card\" content=\"summary_large_image\" \/>\n<meta name=\"twitter:label1\" content=\"\u00c9crit par\" \/>\n\t<meta name=\"twitter:data1\" content=\"Carlos Poulain\" \/>\n\t<meta name=\"twitter:label2\" content=\"Dur\u00e9e de lecture estim\u00e9e\" \/>\n\t<meta name=\"twitter:data2\" content=\"2 minutes\" \/>\n<script type=\"application\/ld+json\" class=\"yoast-schema-graph\">{\"@context\":\"https:\\\/\\\/schema.org\",\"@graph\":[{\"@type\":\"Article\",\"@id\":\"https:\\\/\\\/www.accidentdutravail-idf.net\\\/blog\\\/lentreprise-condamnee-pour-un-accident-du-travail\\\/#article\",\"isPartOf\":{\"@id\":\"https:\\\/\\\/www.accidentdutravail-idf.net\\\/blog\\\/lentreprise-condamnee-pour-un-accident-du-travail\\\/\"},\"author\":{\"name\":\"Carlos Poulain\",\"@id\":\"https:\\\/\\\/www.accidentdutravail-idf.net\\\/blog\\\/#\\\/schema\\\/person\\\/3255d2f970de45e64bd9201f38e7b947\"},\"headline\":\"L\u2019entreprise condamn\u00e9e pour un accident du travail\",\"datePublished\":\"2024-05-03T20:15:00+00:00\",\"mainEntityOfPage\":{\"@id\":\"https:\\\/\\\/www.accidentdutravail-idf.net\\\/blog\\\/lentreprise-condamnee-pour-un-accident-du-travail\\\/\"},\"wordCount\":348,\"publisher\":{\"@id\":\"https:\\\/\\\/www.accidentdutravail-idf.net\\\/blog\\\/#organization\"},\"articleSection\":[\"S\u00e9curit\u00e9 Du Travail En Ile-De-France Et Divers:\"],\"inLanguage\":\"fr-FR\"},{\"@type\":\"WebPage\",\"@id\":\"https:\\\/\\\/www.accidentdutravail-idf.net\\\/blog\\\/lentreprise-condamnee-pour-un-accident-du-travail\\\/\",\"url\":\"https:\\\/\\\/www.accidentdutravail-idf.net\\\/blog\\\/lentreprise-condamnee-pour-un-accident-du-travail\\\/\",\"name\":\"L\u2019entreprise condamn\u00e9e pour un accident du travail - ACCIDENTDUTRAVAIL-IDF\",\"isPartOf\":{\"@id\":\"https:\\\/\\\/www.accidentdutravail-idf.net\\\/blog\\\/#website\"},\"datePublished\":\"2024-05-03T20:15:00+00:00\",\"description\":\"L\u2019entreprise condamn\u00e9e pour un accident du travail article de ACCIDENTDUTRAVAIL-IDF\",\"breadcrumb\":{\"@id\":\"https:\\\/\\\/www.accidentdutravail-idf.net\\\/blog\\\/lentreprise-condamnee-pour-un-accident-du-travail\\\/#breadcrumb\"},\"inLanguage\":\"fr-FR\",\"potentialAction\":[{\"@type\":\"ReadAction\",\"target\":[\"https:\\\/\\\/www.accidentdutravail-idf.net\\\/blog\\\/lentreprise-condamnee-pour-un-accident-du-travail\\\/\"]}]},{\"@type\":\"BreadcrumbList\",\"@id\":\"https:\\\/\\\/www.accidentdutravail-idf.net\\\/blog\\\/lentreprise-condamnee-pour-un-accident-du-travail\\\/#breadcrumb\",\"itemListElement\":[{\"@type\":\"ListItem\",\"position\":1,\"name\":\"Accueil\",\"item\":\"https:\\\/\\\/www.accidentdutravail-idf.net\\\/blog\\\/\"},{\"@type\":\"ListItem\",\"position\":2,\"name\":\"L\u2019entreprise condamn\u00e9e pour un accident du travail\"}]},{\"@type\":\"WebSite\",\"@id\":\"https:\\\/\\\/www.accidentdutravail-idf.net\\\/blog\\\/#website\",\"url\":\"https:\\\/\\\/www.accidentdutravail-idf.net\\\/blog\\\/\",\"name\":\"ACCIDENTDUTRAVAIL-IDF\",\"description\":\"Portail accidents du travail-maladies professionnelles des entreprises d&#039;Ile-de-France\",\"publisher\":{\"@id\":\"https:\\\/\\\/www.accidentdutravail-idf.net\\\/blog\\\/#organization\"},\"potentialAction\":[{\"@type\":\"SearchAction\",\"target\":{\"@type\":\"EntryPoint\",\"urlTemplate\":\"https:\\\/\\\/www.accidentdutravail-idf.net\\\/blog\\\/?s={search_term_string}\"},\"query-input\":{\"@type\":\"PropertyValueSpecification\",\"valueRequired\":true,\"valueName\":\"search_term_string\"}}],\"inLanguage\":\"fr-FR\"},{\"@type\":\"Organization\",\"@id\":\"https:\\\/\\\/www.accidentdutravail-idf.net\\\/blog\\\/#organization\",\"name\":\"accidentdutravail-idf\",\"url\":\"https:\\\/\\\/www.accidentdutravail-idf.net\\\/blog\\\/\",\"logo\":{\"@type\":\"ImageObject\",\"inLanguage\":\"fr-FR\",\"@id\":\"https:\\\/\\\/www.accidentdutravail-idf.net\\\/blog\\\/#\\\/schema\\\/logo\\\/image\\\/\",\"url\":\"https:\\\/\\\/www.accidentdutravail-idf.net\\\/blog\\\/wp-content\\\/uploads\\\/2022\\\/09\\\/logo-2.png\",\"contentUrl\":\"https:\\\/\\\/www.accidentdutravail-idf.net\\\/blog\\\/wp-content\\\/uploads\\\/2022\\\/09\\\/logo-2.png\",\"width\":380,\"height\":291,\"caption\":\"accidentdutravail-idf\"},\"image\":{\"@id\":\"https:\\\/\\\/www.accidentdutravail-idf.net\\\/blog\\\/#\\\/schema\\\/logo\\\/image\\\/\"}},{\"@type\":\"Person\",\"@id\":\"https:\\\/\\\/www.accidentdutravail-idf.net\\\/blog\\\/#\\\/schema\\\/person\\\/3255d2f970de45e64bd9201f38e7b947\",\"name\":\"Carlos Poulain\",\"image\":{\"@type\":\"ImageObject\",\"inLanguage\":\"fr-FR\",\"@id\":\"https:\\\/\\\/secure.gravatar.com\\\/avatar\\\/b1c2f9d3588e34e91adb093635df64ef4b2381991216be7576466cfcdca4baf3?s=96&d=mm&r=g\",\"url\":\"https:\\\/\\\/secure.gravatar.com\\\/avatar\\\/b1c2f9d3588e34e91adb093635df64ef4b2381991216be7576466cfcdca4baf3?s=96&d=mm&r=g\",\"contentUrl\":\"https:\\\/\\\/secure.gravatar.com\\\/avatar\\\/b1c2f9d3588e34e91adb093635df64ef4b2381991216be7576466cfcdca4baf3?s=96&d=mm&r=g\",\"caption\":\"Carlos Poulain\"},\"url\":\"https:\\\/\\\/www.accidentdutravail-idf.net\\\/blog\\\/author\\\/idfcarlos\\\/\"}]}<\/script>\n<!-- \/ Yoast SEO plugin. -->","yoast_head_json":{"title":"L\u2019entreprise condamn\u00e9e pour un accident du travail - ACCIDENTDUTRAVAIL-IDF","description":"L\u2019entreprise condamn\u00e9e pour un accident du travail article de ACCIDENTDUTRAVAIL-IDF","robots":{"index":"index","follow":"follow","max-snippet":"max-snippet:-1","max-image-preview":"max-image-preview:large","max-video-preview":"max-video-preview:-1"},"canonical":"https:\/\/www.accidentdutravail-idf.net\/blog\/lentreprise-condamnee-pour-un-accident-du-travail\/","og_locale":"fr_FR","og_type":"article","og_title":"L\u2019entreprise condamn\u00e9e pour un accident du travail - ACCIDENTDUTRAVAIL-IDF","og_description":"L\u2019entreprise condamn\u00e9e pour un accident du travail article de ACCIDENTDUTRAVAIL-IDF","og_url":"https:\/\/www.accidentdutravail-idf.net\/blog\/lentreprise-condamnee-pour-un-accident-du-travail\/","og_site_name":"ACCIDENTDUTRAVAIL-IDF","article_published_time":"2024-05-03T20:15:00+00:00","author":"Carlos Poulain","twitter_card":"summary_large_image","twitter_misc":{"\u00c9crit par":"Carlos Poulain","Dur\u00e9e de lecture estim\u00e9e":"2 minutes"},"schema":{"@context":"https:\/\/schema.org","@graph":[{"@type":"Article","@id":"https:\/\/www.accidentdutravail-idf.net\/blog\/lentreprise-condamnee-pour-un-accident-du-travail\/#article","isPartOf":{"@id":"https:\/\/www.accidentdutravail-idf.net\/blog\/lentreprise-condamnee-pour-un-accident-du-travail\/"},"author":{"name":"Carlos Poulain","@id":"https:\/\/www.accidentdutravail-idf.net\/blog\/#\/schema\/person\/3255d2f970de45e64bd9201f38e7b947"},"headline":"L\u2019entreprise condamn\u00e9e pour un accident du travail","datePublished":"2024-05-03T20:15:00+00:00","mainEntityOfPage":{"@id":"https:\/\/www.accidentdutravail-idf.net\/blog\/lentreprise-condamnee-pour-un-accident-du-travail\/"},"wordCount":348,"publisher":{"@id":"https:\/\/www.accidentdutravail-idf.net\/blog\/#organization"},"articleSection":["S\u00e9curit\u00e9 Du Travail En Ile-De-France Et Divers:"],"inLanguage":"fr-FR"},{"@type":"WebPage","@id":"https:\/\/www.accidentdutravail-idf.net\/blog\/lentreprise-condamnee-pour-un-accident-du-travail\/","url":"https:\/\/www.accidentdutravail-idf.net\/blog\/lentreprise-condamnee-pour-un-accident-du-travail\/","name":"L\u2019entreprise condamn\u00e9e pour un accident du travail - ACCIDENTDUTRAVAIL-IDF","isPartOf":{"@id":"https:\/\/www.accidentdutravail-idf.net\/blog\/#website"},"datePublished":"2024-05-03T20:15:00+00:00","description":"L\u2019entreprise condamn\u00e9e pour un accident du travail article de ACCIDENTDUTRAVAIL-IDF","breadcrumb":{"@id":"https:\/\/www.accidentdutravail-idf.net\/blog\/lentreprise-condamnee-pour-un-accident-du-travail\/#breadcrumb"},"inLanguage":"fr-FR","potentialAction":[{"@type":"ReadAction","target":["https:\/\/www.accidentdutravail-idf.net\/blog\/lentreprise-condamnee-pour-un-accident-du-travail\/"]}]},{"@type":"BreadcrumbList","@id":"https:\/\/www.accidentdutravail-idf.net\/blog\/lentreprise-condamnee-pour-un-accident-du-travail\/#breadcrumb","itemListElement":[{"@type":"ListItem","position":1,"name":"Accueil","item":"https:\/\/www.accidentdutravail-idf.net\/blog\/"},{"@type":"ListItem","position":2,"name":"L\u2019entreprise condamn\u00e9e pour un accident du travail"}]},{"@type":"WebSite","@id":"https:\/\/www.accidentdutravail-idf.net\/blog\/#website","url":"https:\/\/www.accidentdutravail-idf.net\/blog\/","name":"ACCIDENTDUTRAVAIL-IDF","description":"Portail accidents du travail-maladies professionnelles des entreprises d&#039;Ile-de-France","publisher":{"@id":"https:\/\/www.accidentdutravail-idf.net\/blog\/#organization"},"potentialAction":[{"@type":"SearchAction","target":{"@type":"EntryPoint","urlTemplate":"https:\/\/www.accidentdutravail-idf.net\/blog\/?s={search_term_string}"},"query-input":{"@type":"PropertyValueSpecification","valueRequired":true,"valueName":"search_term_string"}}],"inLanguage":"fr-FR"},{"@type":"Organization","@id":"https:\/\/www.accidentdutravail-idf.net\/blog\/#organization","name":"accidentdutravail-idf","url":"https:\/\/www.accidentdutravail-idf.net\/blog\/","logo":{"@type":"ImageObject","inLanguage":"fr-FR","@id":"https:\/\/www.accidentdutravail-idf.net\/blog\/#\/schema\/logo\/image\/","url":"https:\/\/www.accidentdutravail-idf.net\/blog\/wp-content\/uploads\/2022\/09\/logo-2.png","contentUrl":"https:\/\/www.accidentdutravail-idf.net\/blog\/wp-content\/uploads\/2022\/09\/logo-2.png","width":380,"height":291,"caption":"accidentdutravail-idf"},"image":{"@id":"https:\/\/www.accidentdutravail-idf.net\/blog\/#\/schema\/logo\/image\/"}},{"@type":"Person","@id":"https:\/\/www.accidentdutravail-idf.net\/blog\/#\/schema\/person\/3255d2f970de45e64bd9201f38e7b947","name":"Carlos Poulain","image":{"@type":"ImageObject","inLanguage":"fr-FR","@id":"https:\/\/secure.gravatar.com\/avatar\/b1c2f9d3588e34e91adb093635df64ef4b2381991216be7576466cfcdca4baf3?s=96&d=mm&r=g","url":"https:\/\/secure.gravatar.com\/avatar\/b1c2f9d3588e34e91adb093635df64ef4b2381991216be7576466cfcdca4baf3?s=96&d=mm&r=g","contentUrl":"https:\/\/secure.gravatar.com\/avatar\/b1c2f9d3588e34e91adb093635df64ef4b2381991216be7576466cfcdca4baf3?s=96&d=mm&r=g","caption":"Carlos Poulain"},"url":"https:\/\/www.accidentdutravail-idf.net\/blog\/author\/idfcarlos\/"}]}},"_links":{"self":[{"href":"https:\/\/www.accidentdutravail-idf.net\/blog\/wp-json\/wp\/v2\/posts\/262","targetHints":{"allow":["GET"]}}],"collection":[{"href":"https:\/\/www.accidentdutravail-idf.net\/blog\/wp-json\/wp\/v2\/posts"}],"about":[{"href":"https:\/\/www.accidentdutravail-idf.net\/blog\/wp-json\/wp\/v2\/types\/post"}],"author":[{"embeddable":true,"href":"https:\/\/www.accidentdutravail-idf.net\/blog\/wp-json\/wp\/v2\/users\/2"}],"replies":[{"embeddable":true,"href":"https:\/\/www.accidentdutravail-idf.net\/blog\/wp-json\/wp\/v2\/comments?post=262"}],"version-history":[{"count":0,"href":"https:\/\/www.accidentdutravail-idf.net\/blog\/wp-json\/wp\/v2\/posts\/262\/revisions"}],"wp:attachment":[{"href":"https:\/\/www.accidentdutravail-idf.net\/blog\/wp-json\/wp\/v2\/media?parent=262"}],"wp:term":[{"taxonomy":"category","embeddable":true,"href":"https:\/\/www.accidentdutravail-idf.net\/blog\/wp-json\/wp\/v2\/categories?post=262"},{"taxonomy":"post_tag","embeddable":true,"href":"https:\/\/www.accidentdutravail-idf.net\/blog\/wp-json\/wp\/v2\/tags?post=262"}],"curies":[{"name":"wp","href":"https:\/\/api.w.org\/{rel}","templated":true}]}}