{"id":261,"date":"2024-04-29T02:22:00","date_gmt":"2024-04-29T00:22:00","guid":{"rendered":"https:\/\/www.accidentdutravail-idf.net\/blog\/accidents-du-travail-en-2023-661-personnes-sont-mortes-en-france-sur-leur-lieu-de-travail\/"},"modified":"2024-04-29T02:22:00","modified_gmt":"2024-04-29T00:22:00","slug":"accidents-du-travail-en-2023-661-personnes-sont-mortes-en-france-sur-leur-lieu-de-travail","status":"publish","type":"post","link":"https:\/\/www.accidentdutravail-idf.net\/blog\/accidents-du-travail-en-2023-661-personnes-sont-mortes-en-france-sur-leur-lieu-de-travail\/","title":{"rendered":"Accidents du travail : en 2023, 661 personnes sont mortes en France sur leur lieu de travail"},"content":{"rendered":"<div class=\"content-cover-wrapper content-cover-wrapper--video\">\n<div class=\"c-time\">\n<p> <span class=\"publication-date__published\"> Publi\u00e9 le 29\/04\/2024 09:21 <\/span> <\/p>\n<p> <span class=\"reading-time\">  Dur\u00e9e de la vid\u00e9o : 2 min <\/span> <\/div>\n<div class=\"c-cover\">\n<figure data-cy=\"francetv-player-wrapper\" id=\"901b69ac-0584-11ef-8d80-a32b834a1ddb\" class=\"francetv-player-wrapper \" data-parameters=\"{&quot;showAd&quot;:false}\">    <img decoding=\"async\" src=\"https:\/\/www.accidentdutravail-idf.net\/blog\/wp-content\/uploads\/2024\/05\/accidents-du-travail-en-2023-661-personnes-sont-mortes-en-france-sur-leur-lieu-de-travail.jpg\" class=\"francetv-player-wrapper__image\" alt=\"Le 28 avril est la journ\u00e9e mondiale de la s\u00e9curit\u00e9 au travail. La France est mauvaise \u00e9l\u00e8ve avec plus de deux morts par jour. Samedi 27 avril, a eu lieu un hommage \u00e0 un ouvrier d\u2019origine malienne, d\u00e9c\u00e9d\u00e9 sur un chantier parisien.\" width=\"432\" height=\"243\"><figcaption> Accidents du travail : 661 personnes sont d\u00e9c\u00e9d\u00e9es en 2023 <span class=\"text-only-for-screen-reader\">Le 28 avril est la journ\u00e9e mondiale de la s\u00e9curit\u00e9 au travail. La France est mauvaise \u00e9l\u00e8ve avec plus de deux morts par jour. Samedi 27 avril, a eu lieu un hommage \u00e0 un ouvrier d\u2019origine malienne, d\u00e9c\u00e9d\u00e9 sur un chantier parisien.<\/span> <span>(franceinfo)<\/span> <\/figcaption><\/figure>\n<\/p><\/div>\n<\/p><\/div>\n<p> En 2023, deux personnes sont mortes chaque jour dans le cadre de leur activit\u00e9 professionnelle en France. Samedi 27 avril, un hommage a \u00e9t\u00e9 rendu \u00e0 un ouvrier d\u2019origine malienne, d\u00e9c\u00e9d\u00e9 sur un chantier des Jeux olympiques, \u00e0 Paris.\n<\/p>\n<div class=\"c-body\">\n<p>Une minute de silence pour ne pas l\u2019oublier. Amara Dioumassy, ouvrier de 51 ans, est d\u00e9c\u00e9d\u00e9 l\u2019an dernier sur un chantier des Jeux olympiques de Paris. Sa famille r\u00e9clame reconnaissance et justice. Selon ses coll\u00e8gues, leur employeur serait responsable en partie de cet accident. Comme lui,&nbsp;en 2023, 661 personnes sont d\u00e9c\u00e9d\u00e9es sur leur lieu de travail. Pour la CGT, il faut une loi pour mettre fin \u00e0 l\u2019h\u00e9catombe et renforcer les normes de s\u00e9curit\u00e9 au travail.&nbsp;<\/p>\n<p>En Normandie, l\u2019avis d&rsquo;Emmanuel Fammery, salari\u00e9 dans la logistique, a bascul\u00e9 il y a 10 ans. Un chariot \u00e9l\u00e9vateur lui roule sur la jambe, il doit \u00eatre amput\u00e9. Cet&nbsp;<a href=\"https:\/\/france3-regions.francetvinfo.fr\/nouvelle-aquitaine\/deux-sevres\/niort\/il-est-parti-travailler-il-n-est-jamais-rentre-apres-un-accident-du-travail-des-vies-bouleversees-et-des-questions-sans-reponse-2961947.html\" target=\"_blank\" rel=\"nofollow\">accident&nbsp;<\/a>aurait pu \u00eatre \u00e9vit\u00e9 selon lui.&nbsp;<em>\u00ab\u00a0Mon patron n\u2019a pas v\u00e9rifi\u00e9 si les chariots \u00e9taient conformes, il n\u2019y avait pas d\u2019avertisseur sonore pour la mise en route\u00a0\u00bb,<\/em>&nbsp;explique-t-il. Cette d\u00e9faillance a \u00e9t\u00e9 reconnue par le tribunal du Havre (Seine-Maritime), et son employeur a \u00e9t\u00e9 condamn\u00e9 pour faute inexcusable.&nbsp;<\/p>\n<\/div>\n<section class=\"social-zone\">\n<div class=\"social-zone__wrapper\">\n<p class=\"social-zone__sentence\">Partager&nbsp;: <span class=\"sr-only\">l&rsquo;article sur les r\u00e9seaux sociaux<\/span><\/p>\n<\/p><\/div>\n<\/section>\n<div class=\"content-banner-nl\">\n<section data-cy=\"banner-nl-18h30\" class=\"banner-nl\">\n<div class=\"banner-nl__wrapper\">\n<div class=\"banner-nl__illustration\"> <img decoding=\"async\" src=\"https:\/\/www.francetvinfo.fr\/assets\/components\/newsletters\/banner-nl\/illustrations\/illustration-18h30-5c6e2028.svg\" class=\"banner-nl__illustration\" width=\"92\" alt> <\/div>\n<div class=\"banner-nl__internal-wrapper\">\n<div class=\"banner-nl__heading\">\n<div class=\"banner-nl__heading-wrapper\">\n<p class=\"banner-nl__title\">L\u2019actu \u00e0 18h30<\/p>\n<p class=\"banner-nl__subtitle\" role=\"heading\">Tous les soirs, recevez l\u2019essentiel de l\u2019actualit\u00e9<\/p>\n<\/p><\/div>\n<\/p><\/div>\n<\/p><\/div>\n<\/p><\/div>\n<div class=\"banner-nl__legal-text\"> France T\u00e9l\u00e9visions collecte votre adresse e-mail pour vous adresser la newsletter \u00ab\u00a0L\u2019actu \u00e0 18h30\u00a0\u00bb. \u00c0 tout moment, vous pouvez vous d\u00e9sinscrire via le lien en bas de ces newsletters. Pour en savoir plus, <a href=\"https:\/\/www.francetelevisions.fr\/groupe\/confidentialite\" rel=\"noopener nofollow\" target=\"_blank\" title=\"Consultez notre politique de confidentialit\u00e9 (nouvelle fen\u00eatre)\">consultez notre politique de confidentialit\u00e9<\/a>. <\/div>\n<\/section><\/div>\n<p> &lt;!&#8211; \/esi-block\/contents::content\/same-topic\/{&quot;contentId&quot;:6515069}.html &#8211;&gt; <\/p>\n<section class=\"related-tags \">\n<p class=\"related-tags__title\" role=\"heading\"><!--no space -->les mots-cl\u00e9s associ\u00e9s \u00e0 cet article <\/p>\n<\/section>\n<p> accidentdutravail-idf.net vous a pr\u00e9par\u00e9 ce post qui informe du sujet \u00ab\u00a0Association Sportive Huisson-Longueville Essonne\u00a0\u00bb. La chronique se veut g\u00e9n\u00e9r\u00e9e du mieux possible. Vous pouvez utiliser les coordonn\u00e9es indiqu\u00e9es sur le site dans le but d\u2019apporter des explications sur ce post qui parle du th\u00e8me \u00ab\u00a0Association Sportive Huisson-Longueville Essonne\u00a0\u00bb. Le site accidentdutravail-idf.net a pour but de fournir diverses publications sur la th\u00e9matique Association Sportive Huisson-Longueville Essonne diffus\u00e9es sur le net. Il y aura plusieurs articles autour du sujet \u00ab\u00a0Association Sportive Huisson-Longueville Essonne\u00a0\u00bb dans quelques jours, nous vous invitons \u00e0 naviguer sur notre site web \u00e0 plusieurs reprises.<\/p>\n","protected":false},"excerpt":{"rendered":"<p>Publi\u00e9 le 29\/04\/2024 09:21 Dur\u00e9e de la vid\u00e9o : 2 min Accidents du travail : 661 personnes sont d\u00e9c\u00e9d\u00e9es en 2023 Le 28 avril est la journ\u00e9e mondiale de la s\u00e9curit\u00e9 au travail. La France est mauvaise \u00e9l\u00e8ve avec plus de deux morts par jour. Samedi 27 avril, a eu lieu un hommage \u00e0 un &hellip; <\/p>\n<p class=\"link-more\"><a href=\"https:\/\/www.accidentdutravail-idf.net\/blog\/accidents-du-travail-en-2023-661-personnes-sont-mortes-en-france-sur-leur-lieu-de-travail\/\" class=\"more-link\">Continuer la lecture <span class=\"screen-reader-text\"> \u00ab\u00a0Accidents du travail : en 2023, 661 personnes sont mortes en France sur leur lieu de travail\u00a0\u00bb<\/span><\/a><\/p>\n","protected":false},"author":2,"featured_media":0,"comment_status":"closed","ping_status":"closed","sticky":false,"template":"","format":"standard","meta":{"footnotes":""},"categories":[5],"tags":[],"class_list":["post-261","post","type-post","status-publish","format-standard","hentry","category-securite-du-travail-en-ile-de-france-et-divers","entry"],"yoast_head":"<!-- This site is optimized with the Yoast SEO plugin v27.5 - https:\/\/yoast.com\/product\/yoast-seo-wordpress\/ -->\n<title>Accidents du travail : en 2023, 661 personnes sont mortes en France sur leur lieu de travail - ACCIDENTDUTRAVAIL-IDF<\/title>\n<meta name=\"description\" content=\"Accidents du travail : en 2023, 661 personnes sont mortes en France sur leur lieu de travail article de ACCIDENTDUTRAVAIL-IDF\" \/>\n<meta name=\"robots\" content=\"index, follow, max-snippet:-1, max-image-preview:large, max-video-preview:-1\" \/>\n<link rel=\"canonical\" href=\"https:\/\/www.accidentdutravail-idf.net\/blog\/accidents-du-travail-en-2023-661-personnes-sont-mortes-en-france-sur-leur-lieu-de-travail\/\" \/>\n<meta property=\"og:locale\" content=\"fr_FR\" \/>\n<meta property=\"og:type\" content=\"article\" \/>\n<meta property=\"og:title\" content=\"Accidents du travail : en 2023, 661 personnes sont mortes en France sur leur lieu de travail - ACCIDENTDUTRAVAIL-IDF\" \/>\n<meta property=\"og:description\" content=\"Accidents du travail : en 2023, 661 personnes sont mortes en France sur leur lieu de travail article de ACCIDENTDUTRAVAIL-IDF\" \/>\n<meta property=\"og:url\" content=\"https:\/\/www.accidentdutravail-idf.net\/blog\/accidents-du-travail-en-2023-661-personnes-sont-mortes-en-france-sur-leur-lieu-de-travail\/\" \/>\n<meta property=\"og:site_name\" content=\"ACCIDENTDUTRAVAIL-IDF\" \/>\n<meta property=\"article:published_time\" content=\"2024-04-29T00:22:00+00:00\" \/>\n<meta property=\"og:image\" content=\"https:\/\/www.accidentdutravail-idf.net\/blog\/wp-content\/uploads\/2024\/05\/accidents-du-travail-en-2023-661-personnes-sont-mortes-en-france-sur-leur-lieu-de-travail.jpg\" \/>\n<meta name=\"author\" content=\"Carlos Poulain\" \/>\n<meta name=\"twitter:card\" content=\"summary_large_image\" \/>\n<meta name=\"twitter:label1\" content=\"\u00c9crit par\" \/>\n\t<meta name=\"twitter:data1\" content=\"Carlos Poulain\" \/>\n\t<meta name=\"twitter:label2\" content=\"Dur\u00e9e de lecture estim\u00e9e\" \/>\n\t<meta name=\"twitter:data2\" content=\"2 minutes\" \/>\n<script type=\"application\/ld+json\" class=\"yoast-schema-graph\">{\"@context\":\"https:\\\/\\\/schema.org\",\"@graph\":[{\"@type\":\"Article\",\"@id\":\"https:\\\/\\\/www.accidentdutravail-idf.net\\\/blog\\\/accidents-du-travail-en-2023-661-personnes-sont-mortes-en-france-sur-leur-lieu-de-travail\\\/#article\",\"isPartOf\":{\"@id\":\"https:\\\/\\\/www.accidentdutravail-idf.net\\\/blog\\\/accidents-du-travail-en-2023-661-personnes-sont-mortes-en-france-sur-leur-lieu-de-travail\\\/\"},\"author\":{\"name\":\"Carlos Poulain\",\"@id\":\"https:\\\/\\\/www.accidentdutravail-idf.net\\\/blog\\\/#\\\/schema\\\/person\\\/3255d2f970de45e64bd9201f38e7b947\"},\"headline\":\"Accidents du travail : en 2023, 661 personnes sont mortes en France sur leur lieu de travail\",\"datePublished\":\"2024-04-29T00:22:00+00:00\",\"mainEntityOfPage\":{\"@id\":\"https:\\\/\\\/www.accidentdutravail-idf.net\\\/blog\\\/accidents-du-travail-en-2023-661-personnes-sont-mortes-en-france-sur-leur-lieu-de-travail\\\/\"},\"wordCount\":478,\"publisher\":{\"@id\":\"https:\\\/\\\/www.accidentdutravail-idf.net\\\/blog\\\/#organization\"},\"image\":{\"@id\":\"https:\\\/\\\/www.accidentdutravail-idf.net\\\/blog\\\/accidents-du-travail-en-2023-661-personnes-sont-mortes-en-france-sur-leur-lieu-de-travail\\\/#primaryimage\"},\"thumbnailUrl\":\"https:\\\/\\\/www.accidentdutravail-idf.net\\\/blog\\\/wp-content\\\/uploads\\\/2024\\\/05\\\/accidents-du-travail-en-2023-661-personnes-sont-mortes-en-france-sur-leur-lieu-de-travail.jpg\",\"articleSection\":[\"S\u00e9curit\u00e9 Du Travail En Ile-De-France Et Divers:\"],\"inLanguage\":\"fr-FR\"},{\"@type\":\"WebPage\",\"@id\":\"https:\\\/\\\/www.accidentdutravail-idf.net\\\/blog\\\/accidents-du-travail-en-2023-661-personnes-sont-mortes-en-france-sur-leur-lieu-de-travail\\\/\",\"url\":\"https:\\\/\\\/www.accidentdutravail-idf.net\\\/blog\\\/accidents-du-travail-en-2023-661-personnes-sont-mortes-en-france-sur-leur-lieu-de-travail\\\/\",\"name\":\"Accidents du travail : en 2023, 661 personnes sont mortes en France sur leur lieu de travail - ACCIDENTDUTRAVAIL-IDF\",\"isPartOf\":{\"@id\":\"https:\\\/\\\/www.accidentdutravail-idf.net\\\/blog\\\/#website\"},\"primaryImageOfPage\":{\"@id\":\"https:\\\/\\\/www.accidentdutravail-idf.net\\\/blog\\\/accidents-du-travail-en-2023-661-personnes-sont-mortes-en-france-sur-leur-lieu-de-travail\\\/#primaryimage\"},\"image\":{\"@id\":\"https:\\\/\\\/www.accidentdutravail-idf.net\\\/blog\\\/accidents-du-travail-en-2023-661-personnes-sont-mortes-en-france-sur-leur-lieu-de-travail\\\/#primaryimage\"},\"thumbnailUrl\":\"https:\\\/\\\/www.accidentdutravail-idf.net\\\/blog\\\/wp-content\\\/uploads\\\/2024\\\/05\\\/accidents-du-travail-en-2023-661-personnes-sont-mortes-en-france-sur-leur-lieu-de-travail.jpg\",\"datePublished\":\"2024-04-29T00:22:00+00:00\",\"description\":\"Accidents du travail : en 2023, 661 personnes sont mortes en France sur leur lieu de travail article de ACCIDENTDUTRAVAIL-IDF\",\"breadcrumb\":{\"@id\":\"https:\\\/\\\/www.accidentdutravail-idf.net\\\/blog\\\/accidents-du-travail-en-2023-661-personnes-sont-mortes-en-france-sur-leur-lieu-de-travail\\\/#breadcrumb\"},\"inLanguage\":\"fr-FR\",\"potentialAction\":[{\"@type\":\"ReadAction\",\"target\":[\"https:\\\/\\\/www.accidentdutravail-idf.net\\\/blog\\\/accidents-du-travail-en-2023-661-personnes-sont-mortes-en-france-sur-leur-lieu-de-travail\\\/\"]}]},{\"@type\":\"ImageObject\",\"inLanguage\":\"fr-FR\",\"@id\":\"https:\\\/\\\/www.accidentdutravail-idf.net\\\/blog\\\/accidents-du-travail-en-2023-661-personnes-sont-mortes-en-france-sur-leur-lieu-de-travail\\\/#primaryimage\",\"url\":\"https:\\\/\\\/www.accidentdutravail-idf.net\\\/blog\\\/wp-content\\\/uploads\\\/2024\\\/05\\\/accidents-du-travail-en-2023-661-personnes-sont-mortes-en-france-sur-leur-lieu-de-travail.jpg\",\"contentUrl\":\"https:\\\/\\\/www.accidentdutravail-idf.net\\\/blog\\\/wp-content\\\/uploads\\\/2024\\\/05\\\/accidents-du-travail-en-2023-661-personnes-sont-mortes-en-france-sur-leur-lieu-de-travail.jpg\"},{\"@type\":\"BreadcrumbList\",\"@id\":\"https:\\\/\\\/www.accidentdutravail-idf.net\\\/blog\\\/accidents-du-travail-en-2023-661-personnes-sont-mortes-en-france-sur-leur-lieu-de-travail\\\/#breadcrumb\",\"itemListElement\":[{\"@type\":\"ListItem\",\"position\":1,\"name\":\"Accueil\",\"item\":\"https:\\\/\\\/www.accidentdutravail-idf.net\\\/blog\\\/\"},{\"@type\":\"ListItem\",\"position\":2,\"name\":\"Accidents du travail : en 2023, 661 personnes sont mortes en France sur leur lieu de travail\"}]},{\"@type\":\"WebSite\",\"@id\":\"https:\\\/\\\/www.accidentdutravail-idf.net\\\/blog\\\/#website\",\"url\":\"https:\\\/\\\/www.accidentdutravail-idf.net\\\/blog\\\/\",\"name\":\"ACCIDENTDUTRAVAIL-IDF\",\"description\":\"Portail accidents du travail-maladies professionnelles des entreprises d&#039;Ile-de-France\",\"publisher\":{\"@id\":\"https:\\\/\\\/www.accidentdutravail-idf.net\\\/blog\\\/#organization\"},\"potentialAction\":[{\"@type\":\"SearchAction\",\"target\":{\"@type\":\"EntryPoint\",\"urlTemplate\":\"https:\\\/\\\/www.accidentdutravail-idf.net\\\/blog\\\/?s={search_term_string}\"},\"query-input\":{\"@type\":\"PropertyValueSpecification\",\"valueRequired\":true,\"valueName\":\"search_term_string\"}}],\"inLanguage\":\"fr-FR\"},{\"@type\":\"Organization\",\"@id\":\"https:\\\/\\\/www.accidentdutravail-idf.net\\\/blog\\\/#organization\",\"name\":\"accidentdutravail-idf\",\"url\":\"https:\\\/\\\/www.accidentdutravail-idf.net\\\/blog\\\/\",\"logo\":{\"@type\":\"ImageObject\",\"inLanguage\":\"fr-FR\",\"@id\":\"https:\\\/\\\/www.accidentdutravail-idf.net\\\/blog\\\/#\\\/schema\\\/logo\\\/image\\\/\",\"url\":\"https:\\\/\\\/www.accidentdutravail-idf.net\\\/blog\\\/wp-content\\\/uploads\\\/2022\\\/09\\\/logo-2.png\",\"contentUrl\":\"https:\\\/\\\/www.accidentdutravail-idf.net\\\/blog\\\/wp-content\\\/uploads\\\/2022\\\/09\\\/logo-2.png\",\"width\":380,\"height\":291,\"caption\":\"accidentdutravail-idf\"},\"image\":{\"@id\":\"https:\\\/\\\/www.accidentdutravail-idf.net\\\/blog\\\/#\\\/schema\\\/logo\\\/image\\\/\"}},{\"@type\":\"Person\",\"@id\":\"https:\\\/\\\/www.accidentdutravail-idf.net\\\/blog\\\/#\\\/schema\\\/person\\\/3255d2f970de45e64bd9201f38e7b947\",\"name\":\"Carlos Poulain\",\"image\":{\"@type\":\"ImageObject\",\"inLanguage\":\"fr-FR\",\"@id\":\"https:\\\/\\\/secure.gravatar.com\\\/avatar\\\/b1c2f9d3588e34e91adb093635df64ef4b2381991216be7576466cfcdca4baf3?s=96&d=mm&r=g\",\"url\":\"https:\\\/\\\/secure.gravatar.com\\\/avatar\\\/b1c2f9d3588e34e91adb093635df64ef4b2381991216be7576466cfcdca4baf3?s=96&d=mm&r=g\",\"contentUrl\":\"https:\\\/\\\/secure.gravatar.com\\\/avatar\\\/b1c2f9d3588e34e91adb093635df64ef4b2381991216be7576466cfcdca4baf3?s=96&d=mm&r=g\",\"caption\":\"Carlos Poulain\"},\"url\":\"https:\\\/\\\/www.accidentdutravail-idf.net\\\/blog\\\/author\\\/idfcarlos\\\/\"}]}<\/script>\n<!-- \/ Yoast SEO plugin. -->","yoast_head_json":{"title":"Accidents du travail : en 2023, 661 personnes sont mortes en France sur leur lieu de travail - ACCIDENTDUTRAVAIL-IDF","description":"Accidents du travail : en 2023, 661 personnes sont mortes en France sur leur lieu de travail article de ACCIDENTDUTRAVAIL-IDF","robots":{"index":"index","follow":"follow","max-snippet":"max-snippet:-1","max-image-preview":"max-image-preview:large","max-video-preview":"max-video-preview:-1"},"canonical":"https:\/\/www.accidentdutravail-idf.net\/blog\/accidents-du-travail-en-2023-661-personnes-sont-mortes-en-france-sur-leur-lieu-de-travail\/","og_locale":"fr_FR","og_type":"article","og_title":"Accidents du travail : en 2023, 661 personnes sont mortes en France sur leur lieu de travail - ACCIDENTDUTRAVAIL-IDF","og_description":"Accidents du travail : en 2023, 661 personnes sont mortes en France sur leur lieu de travail article de ACCIDENTDUTRAVAIL-IDF","og_url":"https:\/\/www.accidentdutravail-idf.net\/blog\/accidents-du-travail-en-2023-661-personnes-sont-mortes-en-france-sur-leur-lieu-de-travail\/","og_site_name":"ACCIDENTDUTRAVAIL-IDF","article_published_time":"2024-04-29T00:22:00+00:00","og_image":[{"url":"https:\/\/www.accidentdutravail-idf.net\/blog\/wp-content\/uploads\/2024\/05\/accidents-du-travail-en-2023-661-personnes-sont-mortes-en-france-sur-leur-lieu-de-travail.jpg","type":"","width":"","height":""}],"author":"Carlos Poulain","twitter_card":"summary_large_image","twitter_misc":{"\u00c9crit par":"Carlos Poulain","Dur\u00e9e de lecture estim\u00e9e":"2 minutes"},"schema":{"@context":"https:\/\/schema.org","@graph":[{"@type":"Article","@id":"https:\/\/www.accidentdutravail-idf.net\/blog\/accidents-du-travail-en-2023-661-personnes-sont-mortes-en-france-sur-leur-lieu-de-travail\/#article","isPartOf":{"@id":"https:\/\/www.accidentdutravail-idf.net\/blog\/accidents-du-travail-en-2023-661-personnes-sont-mortes-en-france-sur-leur-lieu-de-travail\/"},"author":{"name":"Carlos Poulain","@id":"https:\/\/www.accidentdutravail-idf.net\/blog\/#\/schema\/person\/3255d2f970de45e64bd9201f38e7b947"},"headline":"Accidents du travail : en 2023, 661 personnes sont mortes en France sur leur lieu de travail","datePublished":"2024-04-29T00:22:00+00:00","mainEntityOfPage":{"@id":"https:\/\/www.accidentdutravail-idf.net\/blog\/accidents-du-travail-en-2023-661-personnes-sont-mortes-en-france-sur-leur-lieu-de-travail\/"},"wordCount":478,"publisher":{"@id":"https:\/\/www.accidentdutravail-idf.net\/blog\/#organization"},"image":{"@id":"https:\/\/www.accidentdutravail-idf.net\/blog\/accidents-du-travail-en-2023-661-personnes-sont-mortes-en-france-sur-leur-lieu-de-travail\/#primaryimage"},"thumbnailUrl":"https:\/\/www.accidentdutravail-idf.net\/blog\/wp-content\/uploads\/2024\/05\/accidents-du-travail-en-2023-661-personnes-sont-mortes-en-france-sur-leur-lieu-de-travail.jpg","articleSection":["S\u00e9curit\u00e9 Du Travail En Ile-De-France Et Divers:"],"inLanguage":"fr-FR"},{"@type":"WebPage","@id":"https:\/\/www.accidentdutravail-idf.net\/blog\/accidents-du-travail-en-2023-661-personnes-sont-mortes-en-france-sur-leur-lieu-de-travail\/","url":"https:\/\/www.accidentdutravail-idf.net\/blog\/accidents-du-travail-en-2023-661-personnes-sont-mortes-en-france-sur-leur-lieu-de-travail\/","name":"Accidents du travail : en 2023, 661 personnes sont mortes en France sur leur lieu de travail - ACCIDENTDUTRAVAIL-IDF","isPartOf":{"@id":"https:\/\/www.accidentdutravail-idf.net\/blog\/#website"},"primaryImageOfPage":{"@id":"https:\/\/www.accidentdutravail-idf.net\/blog\/accidents-du-travail-en-2023-661-personnes-sont-mortes-en-france-sur-leur-lieu-de-travail\/#primaryimage"},"image":{"@id":"https:\/\/www.accidentdutravail-idf.net\/blog\/accidents-du-travail-en-2023-661-personnes-sont-mortes-en-france-sur-leur-lieu-de-travail\/#primaryimage"},"thumbnailUrl":"https:\/\/www.accidentdutravail-idf.net\/blog\/wp-content\/uploads\/2024\/05\/accidents-du-travail-en-2023-661-personnes-sont-mortes-en-france-sur-leur-lieu-de-travail.jpg","datePublished":"2024-04-29T00:22:00+00:00","description":"Accidents du travail : en 2023, 661 personnes sont mortes en France sur leur lieu de travail article de ACCIDENTDUTRAVAIL-IDF","breadcrumb":{"@id":"https:\/\/www.accidentdutravail-idf.net\/blog\/accidents-du-travail-en-2023-661-personnes-sont-mortes-en-france-sur-leur-lieu-de-travail\/#breadcrumb"},"inLanguage":"fr-FR","potentialAction":[{"@type":"ReadAction","target":["https:\/\/www.accidentdutravail-idf.net\/blog\/accidents-du-travail-en-2023-661-personnes-sont-mortes-en-france-sur-leur-lieu-de-travail\/"]}]},{"@type":"ImageObject","inLanguage":"fr-FR","@id":"https:\/\/www.accidentdutravail-idf.net\/blog\/accidents-du-travail-en-2023-661-personnes-sont-mortes-en-france-sur-leur-lieu-de-travail\/#primaryimage","url":"https:\/\/www.accidentdutravail-idf.net\/blog\/wp-content\/uploads\/2024\/05\/accidents-du-travail-en-2023-661-personnes-sont-mortes-en-france-sur-leur-lieu-de-travail.jpg","contentUrl":"https:\/\/www.accidentdutravail-idf.net\/blog\/wp-content\/uploads\/2024\/05\/accidents-du-travail-en-2023-661-personnes-sont-mortes-en-france-sur-leur-lieu-de-travail.jpg"},{"@type":"BreadcrumbList","@id":"https:\/\/www.accidentdutravail-idf.net\/blog\/accidents-du-travail-en-2023-661-personnes-sont-mortes-en-france-sur-leur-lieu-de-travail\/#breadcrumb","itemListElement":[{"@type":"ListItem","position":1,"name":"Accueil","item":"https:\/\/www.accidentdutravail-idf.net\/blog\/"},{"@type":"ListItem","position":2,"name":"Accidents du travail : en 2023, 661 personnes sont mortes en France sur leur lieu de travail"}]},{"@type":"WebSite","@id":"https:\/\/www.accidentdutravail-idf.net\/blog\/#website","url":"https:\/\/www.accidentdutravail-idf.net\/blog\/","name":"ACCIDENTDUTRAVAIL-IDF","description":"Portail accidents du travail-maladies professionnelles des entreprises d&#039;Ile-de-France","publisher":{"@id":"https:\/\/www.accidentdutravail-idf.net\/blog\/#organization"},"potentialAction":[{"@type":"SearchAction","target":{"@type":"EntryPoint","urlTemplate":"https:\/\/www.accidentdutravail-idf.net\/blog\/?s={search_term_string}"},"query-input":{"@type":"PropertyValueSpecification","valueRequired":true,"valueName":"search_term_string"}}],"inLanguage":"fr-FR"},{"@type":"Organization","@id":"https:\/\/www.accidentdutravail-idf.net\/blog\/#organization","name":"accidentdutravail-idf","url":"https:\/\/www.accidentdutravail-idf.net\/blog\/","logo":{"@type":"ImageObject","inLanguage":"fr-FR","@id":"https:\/\/www.accidentdutravail-idf.net\/blog\/#\/schema\/logo\/image\/","url":"https:\/\/www.accidentdutravail-idf.net\/blog\/wp-content\/uploads\/2022\/09\/logo-2.png","contentUrl":"https:\/\/www.accidentdutravail-idf.net\/blog\/wp-content\/uploads\/2022\/09\/logo-2.png","width":380,"height":291,"caption":"accidentdutravail-idf"},"image":{"@id":"https:\/\/www.accidentdutravail-idf.net\/blog\/#\/schema\/logo\/image\/"}},{"@type":"Person","@id":"https:\/\/www.accidentdutravail-idf.net\/blog\/#\/schema\/person\/3255d2f970de45e64bd9201f38e7b947","name":"Carlos Poulain","image":{"@type":"ImageObject","inLanguage":"fr-FR","@id":"https:\/\/secure.gravatar.com\/avatar\/b1c2f9d3588e34e91adb093635df64ef4b2381991216be7576466cfcdca4baf3?s=96&d=mm&r=g","url":"https:\/\/secure.gravatar.com\/avatar\/b1c2f9d3588e34e91adb093635df64ef4b2381991216be7576466cfcdca4baf3?s=96&d=mm&r=g","contentUrl":"https:\/\/secure.gravatar.com\/avatar\/b1c2f9d3588e34e91adb093635df64ef4b2381991216be7576466cfcdca4baf3?s=96&d=mm&r=g","caption":"Carlos Poulain"},"url":"https:\/\/www.accidentdutravail-idf.net\/blog\/author\/idfcarlos\/"}]}},"_links":{"self":[{"href":"https:\/\/www.accidentdutravail-idf.net\/blog\/wp-json\/wp\/v2\/posts\/261","targetHints":{"allow":["GET"]}}],"collection":[{"href":"https:\/\/www.accidentdutravail-idf.net\/blog\/wp-json\/wp\/v2\/posts"}],"about":[{"href":"https:\/\/www.accidentdutravail-idf.net\/blog\/wp-json\/wp\/v2\/types\/post"}],"author":[{"embeddable":true,"href":"https:\/\/www.accidentdutravail-idf.net\/blog\/wp-json\/wp\/v2\/users\/2"}],"replies":[{"embeddable":true,"href":"https:\/\/www.accidentdutravail-idf.net\/blog\/wp-json\/wp\/v2\/comments?post=261"}],"version-history":[{"count":0,"href":"https:\/\/www.accidentdutravail-idf.net\/blog\/wp-json\/wp\/v2\/posts\/261\/revisions"}],"wp:attachment":[{"href":"https:\/\/www.accidentdutravail-idf.net\/blog\/wp-json\/wp\/v2\/media?parent=261"}],"wp:term":[{"taxonomy":"category","embeddable":true,"href":"https:\/\/www.accidentdutravail-idf.net\/blog\/wp-json\/wp\/v2\/categories?post=261"},{"taxonomy":"post_tag","embeddable":true,"href":"https:\/\/www.accidentdutravail-idf.net\/blog\/wp-json\/wp\/v2\/tags?post=261"}],"curies":[{"name":"wp","href":"https:\/\/api.w.org\/{rel}","templated":true}]}}