{"id":260,"date":"2024-05-01T00:43:00","date_gmt":"2024-04-30T22:43:00","guid":{"rendered":"https:\/\/www.accidentdutravail-idf.net\/blog\/social-accidents-du-travail-la-france-a-t-elle-toujours-le-pire-bilan-en-europe\/"},"modified":"2024-05-01T00:43:00","modified_gmt":"2024-04-30T22:43:00","slug":"social-accidents-du-travail-la-france-a-t-elle-toujours-le-pire-bilan-en-europe","status":"publish","type":"post","link":"https:\/\/www.accidentdutravail-idf.net\/blog\/social-accidents-du-travail-la-france-a-t-elle-toujours-le-pire-bilan-en-europe\/","title":{"rendered":"Social Accidents du travail : la France a-t-elle toujours le pire bilan en Europe"},"content":{"rendered":"<div><img decoding=\"async\" src=\"https:\/\/www.accidentdutravail-idf.net\/blog\/wp-content\/uploads\/2024\/05\/social-accidents-du-travail-la-france-a-t-elle-toujours-le-pire-bilan-en-europe.jpg\" class=\"ff-og-image-inserted\"><\/div>\n<div>\n<p>Elle&nbsp;d\u00e9nonce une \u00ab&nbsp;h\u00e9catombe&nbsp;\u00bb et r\u00e9clame une loi pour y mettre fin : la secr\u00e9taire g\u00e9n\u00e9rale de la CGT <a href=\"https:\/\/www.vosgesmatin.fr\/p\/sophie-binet\" target=\"_blank\" rel=\"noopener nofollow\">Sophie Binet<\/a> assure que la France \u00ab&nbsp;d\u00e9tient le record d&rsquo;Europe&nbsp;\u00bb du nombre d&rsquo;accidents mortels au travail.<\/p>\n<h2><span>\u00ab&nbsp;H\u00e9catombe&nbsp;\u00bb<\/span><\/h2>\n<p><span>Invit\u00e9e sur LCI jeudi dernier, Sophie Binet a d\u00e9taill\u00e9 : \u00ab&nbsp;Chaque jour, quatre salari\u00e9s meurent de leur travail ou sur leur lieu de travail. Et le probl\u00e8me c&rsquo;est que ces chiffres augmentent depuis 5 ans. [&#8230;] Si on regarde seulement les morts au travail, c&rsquo;est 789 dans l&rsquo;ann\u00e9e, \u00e7a veut dire plus de deux par jour. [&#8230;] Cette h\u00e9catombe dont la France d\u00e9tient le record en Europe, elle pourrait \u00eatre \u00e9vit\u00e9e&nbsp;\u00bb, a-t-elle affirm\u00e9.<\/span><\/p>\n<\/div>\n<div>\n<p>\u00ab&nbsp;Record europ\u00e9en&nbsp;\u00bb ? Ce <a href=\"https:\/\/www.vosgesmatin.fr\/social\/2022\/07\/28\/la-france-plus-mauvais-eleve-europeen-des-accidents-du-travail\" target=\"_blank\" rel=\"noopener nofollow\">n&rsquo;est plus le cas&#8230; mais depuis peu<\/a>&nbsp;: en 2019, la France d\u00e9tenait encore ce triste record. Mais&nbsp;elle reste tr\u00e8s mal class\u00e9e, et demeure bonne derni\u00e8re si l&rsquo;on consid\u00e8re l&rsquo;ensemble des accidents du travail &#8211; mortels ou non. En revanche, si les crit\u00e8res tendent \u00e0 converger, certains pays sont soup\u00e7onn\u00e9s de sous-d\u00e9clarer ces accidents.<\/p>\n<h2>Accidents mortels : la France parmi les moins bons \u00e9l\u00e8ves<\/h2>\n<p>Dans le d\u00e9tail, <a href=\"https:\/\/go.mail.quechoisir.org\/lnk\/AWwAAEE-GI4AAcpVBaoAAMJYN7EAAABHQa0AJWZoAAqj_QBmMOjWHPWcrqPrTKWctUDVJ-LaLgAJ1Y8\/7\/Osss3NxfJYe3ottG61Ndbg\/aHR0cHM6Ly93d3cucXVlY2hvaXNpci5vcmcvYWN0dWFsaXRlLWpldXgtb2x5bXBpcXVlcy0yMDI0LXZpZGVvLWNlcy1wcm9kdWl0cy1kZXJpdmVzLWZhYnJpcXVlcy1hLWwtYXV0cmUtYm91dC1kZS1sYS1wbGFuZXRlLW4xMjE4MzAvP3V0bV9tZWRpdW09ZW1haWwmdXRtX3NvdXJjZT1xY3BkJnV0bV9jYW1wYWlnbj1xY3BkMjAyNDA0MzAmYXRfbWVkaXVtPWVtYWlsJmF0X2VtYWlsdHlwZT1yZXRlbnRpb24mYXRfY2FtcGFpZ249cWNwZDIwMjQwNDMw\" target=\"_blank\" rel=\"nofollow noopener\">selon les derni\u00e8res donn\u00e9es disponibles d&rsquo;Eurostat<\/a>, portant sur l&rsquo;ann\u00e9e 2021, la France a enregistr\u00e9 en moyenne 3,32&nbsp;d\u00e9c\u00e8s pour 100 000 travailleurs, soit un peu moins que le trio de t\u00eate (Lettonie&nbsp;: 4,29, Lituanie&nbsp;: 3,75, Malte&nbsp;: 3,34). Mais tr\u00e8s loin de la moyenne de l&rsquo;UE \u00e0 27 (1,76) et des \u00ab&nbsp;meilleurs&nbsp;\u00bb \u00e9l\u00e8ves, comme la Gr\u00e8ce (0,58) ou les Pays-Bas (0,33). A noter que le classement Eurostat inclut quelques autres pays n&rsquo;appartenant pas \u00e0 l&rsquo;Union europ\u00e9enne, comme la Suisse.<\/p>\n<\/div>\n<div>\n<p>Pour l&rsquo;Hexagone, l&rsquo;Assurance maladie a ainsi recens\u00e9 <a href=\"https:\/\/www.assurance-maladie.ameli.fr\/sites\/default\/files\/rapport_annuel_2021_de_lassurance_maladie_-_risques_professionnels_novembre_2022_4.pdf\" target=\"_blank\" rel=\"nofollow noopener\">645 d\u00e9c\u00e8s au travail en 2021<\/a> et encore <a href=\"https:\/\/www.assurance-maladie.ameli.fr\/sites\/default\/files\/rapport_annuel_2022_de_lassurance_maladie_-_risques_professionnels_d%C3%A9cembre_2023.pdf\" target=\"_blank\" rel=\"nofollow noopener\">738 en 2022<\/a> &#8211; des ann\u00e9es difficiles \u00e0 comparer compte tenu de la pand\u00e9mie de Covid-19. Mais cela correspond environ au chiffre de deux d\u00e9c\u00e8s par jour en incluant &#8211; comme le fait la S\u00e9cu &#8211; les suicides sur le lieu de travail, les malaises, etc.&nbsp;<\/p>\n<h2>Plus d&rsquo;accidents en France qu&rsquo;ailleurs<\/h2>\n<p>En revanche la France reste bien \u00e0 la derni\u00e8re place du \u00ab&nbsp;classement&nbsp;\u00bb si l&rsquo;on consid\u00e8re l&rsquo;ensemble des accidents du travail &#8211; et pas seulement ceux ayant abouti \u00e0 la mort du travailleur&nbsp;: avec plus de 3&nbsp;300 accidents pour 100&nbsp;000 travailleurs, elle figure devant la Suisse (hors-UE), le Portugal, l&rsquo;Espagne et le Danemark.<\/p>\n<\/div>\n<div>\n<p>Selon les donn\u00e9es 2022 de l&rsquo;Assurance maladie,&nbsp;plus de 560&nbsp;000 accidents avec arr\u00eat de travail ou incapacit\u00e9 ont \u00e9t\u00e9 enregistr\u00e9s dans l&rsquo;Hexagone.<\/p>\n<p>Attention toutefois&nbsp;: Eurostat&nbsp;comptabilise les jours perdus (4 ou plus), et aboutit \u00e0 un chiffre moindre de 447&nbsp;000 accidents pour la France. Mais l&rsquo;int\u00e9r\u00eat est d&rsquo;obtenir des donn\u00e9es comparables d&rsquo;un pays \u00e0 l&rsquo;autre, avec des donn\u00e9es \u00e9quivalentes.&nbsp;<\/p>\n<h2>Un indicateur standardis\u00e9&#8230; mais imparfait<\/h2>\n<p>Depuis 1998, l&rsquo;Organisation internationale du travail tend \u00e0 faire converger les crit\u00e8res de d\u00e9claration et de recensement des accidents du travail, <a href=\"https:\/\/oecd-ilibrary.org\/docserver\/soc_glance-2006-33-fr.pdf?expires=1714483753&amp;id=id&amp;accname=guest&amp;checksum=DDBF99AF4EB8AD4F8AD39E95D96D58C9\" target=\"_blank\" rel=\"nofollow noopener\">rappelle&nbsp;l&rsquo;OCDE<\/a>.<\/p>\n<p>Ainsi, des diff\u00e9rences peuvent subsister en cas de malaise ou <a href=\"https:\/\/www.vosgesmatin.fr\/social\/2024\/02\/09\/pourquoi-une-blessure-en-teletravail-n-est-pas-(forcement)-un-accident-du-travail\" target=\"_blank\" rel=\"noopener nofollow\">de blessure qui n&rsquo;aurait pas \u00e9t\u00e9 \u00ab&nbsp;directement&nbsp;\u00bb en lien<\/a> avec l&rsquo;activit\u00e9 professionnelle. De m\u00eame,&nbsp;les accidents survenus sur le trajet domicile-travail sont exclus des statistiques europ\u00e9ennes pour l&rsquo;ensemble des pays &#8211; d&rsquo;o\u00f9 une partie de la diff\u00e9rence entre les chiffres fran\u00e7ais et les donn\u00e9es europ\u00e9ennes, par exemple.<\/p>\n<p>Mais c&rsquo;est surtout l&rsquo;aspect l\u00e9gal et financier qui risque&nbsp;d&rsquo;influencer les chiffres&nbsp;: selon <a href=\"https:\/\/eurogip.fr\/des-niveaux-de-declaration-des-at-tres-heterogenes-en-europe\/\" target=\"_blank\" rel=\"nofollow noopener\">l&rsquo;observatoire Eurogip<\/a>, des travailleurs et\/ou employeurs sous-d\u00e9clareraient les accidents du travail, au motif qu&rsquo;il n&rsquo;y a pas de prise en charge sp\u00e9cifique dans ce cas. Dans certains pays, Eurostat <a href=\"https:\/\/ec.europa.eu\/eurostat\/statistics-explained\/index.php?title=Accidents_at_work_statistics#Number_of_accidents\" target=\"_blank\" rel=\"nofollow noopener\">observe donc une \u00ab&nbsp;sous-couverture&nbsp;\u00bb<\/a> &#8211; avec des secteurs d&rsquo;activit\u00e9 ou des types d&#8217;emplois exclus des statistiques.<\/p>\n<p>Des probl\u00e8mes toutefois connus d&rsquo;Eurostat, qui pond\u00e8re ses donn\u00e9es \u00ab&nbsp;<span>pour produire un taux d&rsquo;incidence global standardis\u00e9<\/span><span>&nbsp;\u00bb, comme d\u00e9taill\u00e9&nbsp;<a href=\"https:\/\/ec.europa.eu\/eurostat\/documents\/53621\/11560821\/hsw_acc_work_esms_an2.pdf\" target=\"_blank\" rel=\"nofollow noopener\">dans sa m\u00e9thodologie<\/a>.&nbsp;<\/span><\/p>\n<\/div>\n<div>\n<h2>Des&nbsp;comparaisons d\u00e9licates<\/h2>\n<p>M\u00eame les \u00e9volutions peuvent \u00eatre difficiles \u00e0 appr\u00e9hender&nbsp;: la Gr\u00e8ce a ainsi rectifi\u00e9 son comptage en 2016, ce qui a abouti \u00e0 une tr\u00e8s forte baisse du nombre de d\u00e9clarations. Dans le m\u00eame temps, des&nbsp;<span>d\u00e9rogations en vigueur pour plusieurs Etats ont pris fin, avec \u00ab&nbsp;un effet significatif sur les donn\u00e9es concernant les accidents du travail&nbsp;\u00bb&nbsp;pour 2014. En France par exemple, \u00ab&nbsp;cela a conduit \u00e0 une augmentation apparente substantielle du nombre d&rsquo;accidents enregistr\u00e9s par rapport \u00e0 2013&nbsp;\u00bb.<\/span><\/p>\n<p>La pand\u00e9mie de Covid-19 a, enfin, rendu difficiles les comparaisons sur ces derni\u00e8res ann\u00e9es&nbsp;: le ch\u00f4mage partiel de nombreux travailleurs a conduit \u00e0 une baisse sensible des accidents.<\/p>\n<p>Sur une dur\u00e9e plus longue, l&rsquo;Assurance maladie constate bien une diminution du nombre d&rsquo;accidents&nbsp;: plus de 750 000 au d\u00e9but des ann\u00e9es 2000, contre 600 000 ces derni\u00e8res ann\u00e9es. Mais les syndicats constatent \u00e9galement que, depuis, ce chiffre ne diminue plus&#8230; et contribue \u00e0 maintenir la France en bas de classement. En effet, dans la plupart des autres pays de l&rsquo;Union europ\u00e9enne, la baisse se poursuit.<\/p>\n<\/div>\n<p>accidentdutravail-idf.net vous a pr\u00e9par\u00e9 ce post qui informe du sujet \u00ab\u00a0Association Sportive Huisson-Longueville Essonne\u00a0\u00bb. La chronique se veut g\u00e9n\u00e9r\u00e9e du mieux possible. Vous pouvez utiliser les coordonn\u00e9es indiqu\u00e9es sur le site dans le but d\u2019apporter des explications sur ce post qui parle du th\u00e8me \u00ab\u00a0Association Sportive Huisson-Longueville Essonne\u00a0\u00bb. Le site accidentdutravail-idf.net a pour but de fournir diverses publications sur la th\u00e9matique Association Sportive Huisson-Longueville Essonne diffus\u00e9es sur le net. Il y aura plusieurs articles autour du sujet \u00ab\u00a0Association Sportive Huisson-Longueville Essonne\u00a0\u00bb dans quelques jours, nous vous invitons \u00e0 naviguer sur notre site web \u00e0 plusieurs reprises.<\/p>\n","protected":false},"excerpt":{"rendered":"<p>Elle&nbsp;d\u00e9nonce une \u00ab&nbsp;h\u00e9catombe&nbsp;\u00bb et r\u00e9clame une loi pour y mettre fin : la secr\u00e9taire g\u00e9n\u00e9rale de la CGT Sophie Binet assure que la France \u00ab&nbsp;d\u00e9tient le record d&rsquo;Europe&nbsp;\u00bb du nombre d&rsquo;accidents mortels au travail. \u00ab&nbsp;H\u00e9catombe&nbsp;\u00bb Invit\u00e9e sur LCI jeudi dernier, Sophie Binet a d\u00e9taill\u00e9 : \u00ab&nbsp;Chaque jour, quatre salari\u00e9s meurent de leur travail ou sur &hellip; <\/p>\n<p class=\"link-more\"><a href=\"https:\/\/www.accidentdutravail-idf.net\/blog\/social-accidents-du-travail-la-france-a-t-elle-toujours-le-pire-bilan-en-europe\/\" class=\"more-link\">Continuer la lecture <span class=\"screen-reader-text\"> \u00ab\u00a0Social Accidents du travail : la France a-t-elle toujours le pire bilan en Europe\u00a0\u00bb<\/span><\/a><\/p>\n","protected":false},"author":2,"featured_media":0,"comment_status":"closed","ping_status":"closed","sticky":false,"template":"","format":"standard","meta":{"footnotes":""},"categories":[5],"tags":[],"class_list":["post-260","post","type-post","status-publish","format-standard","hentry","category-securite-du-travail-en-ile-de-france-et-divers","entry"],"yoast_head":"<!-- This site is optimized with the Yoast SEO plugin v27.5 - https:\/\/yoast.com\/product\/yoast-seo-wordpress\/ -->\n<title>Social Accidents du travail : la France a-t-elle toujours le pire bilan en Europe - ACCIDENTDUTRAVAIL-IDF<\/title>\n<meta name=\"description\" content=\"Social Accidents du travail : la France a-t-elle toujours le pire bilan en Europe article de ACCIDENTDUTRAVAIL-IDF\" \/>\n<meta name=\"robots\" content=\"index, follow, max-snippet:-1, max-image-preview:large, max-video-preview:-1\" \/>\n<link rel=\"canonical\" href=\"https:\/\/www.accidentdutravail-idf.net\/blog\/social-accidents-du-travail-la-france-a-t-elle-toujours-le-pire-bilan-en-europe\/\" \/>\n<meta property=\"og:locale\" content=\"fr_FR\" \/>\n<meta property=\"og:type\" content=\"article\" \/>\n<meta property=\"og:title\" content=\"Social Accidents du travail : la France a-t-elle toujours le pire bilan en Europe - ACCIDENTDUTRAVAIL-IDF\" \/>\n<meta property=\"og:description\" content=\"Social Accidents du travail : la France a-t-elle toujours le pire bilan en Europe article de ACCIDENTDUTRAVAIL-IDF\" \/>\n<meta property=\"og:url\" content=\"https:\/\/www.accidentdutravail-idf.net\/blog\/social-accidents-du-travail-la-france-a-t-elle-toujours-le-pire-bilan-en-europe\/\" \/>\n<meta property=\"og:site_name\" content=\"ACCIDENTDUTRAVAIL-IDF\" \/>\n<meta property=\"article:published_time\" content=\"2024-04-30T22:43:00+00:00\" \/>\n<meta property=\"og:image\" content=\"https:\/\/www.accidentdutravail-idf.net\/blog\/wp-content\/uploads\/2024\/05\/social-accidents-du-travail-la-france-a-t-elle-toujours-le-pire-bilan-en-europe.jpg\" \/>\n<meta name=\"author\" content=\"Carlos Poulain\" \/>\n<meta name=\"twitter:card\" content=\"summary_large_image\" \/>\n<meta name=\"twitter:label1\" content=\"\u00c9crit par\" \/>\n\t<meta name=\"twitter:data1\" content=\"Carlos Poulain\" \/>\n\t<meta name=\"twitter:label2\" content=\"Dur\u00e9e de lecture estim\u00e9e\" \/>\n\t<meta name=\"twitter:data2\" content=\"5 minutes\" \/>\n<script type=\"application\/ld+json\" class=\"yoast-schema-graph\">{\"@context\":\"https:\\\/\\\/schema.org\",\"@graph\":[{\"@type\":\"Article\",\"@id\":\"https:\\\/\\\/www.accidentdutravail-idf.net\\\/blog\\\/social-accidents-du-travail-la-france-a-t-elle-toujours-le-pire-bilan-en-europe\\\/#article\",\"isPartOf\":{\"@id\":\"https:\\\/\\\/www.accidentdutravail-idf.net\\\/blog\\\/social-accidents-du-travail-la-france-a-t-elle-toujours-le-pire-bilan-en-europe\\\/\"},\"author\":{\"name\":\"Carlos Poulain\",\"@id\":\"https:\\\/\\\/www.accidentdutravail-idf.net\\\/blog\\\/#\\\/schema\\\/person\\\/3255d2f970de45e64bd9201f38e7b947\"},\"headline\":\"Social Accidents du travail : la France a-t-elle toujours le pire bilan en Europe\",\"datePublished\":\"2024-04-30T22:43:00+00:00\",\"mainEntityOfPage\":{\"@id\":\"https:\\\/\\\/www.accidentdutravail-idf.net\\\/blog\\\/social-accidents-du-travail-la-france-a-t-elle-toujours-le-pire-bilan-en-europe\\\/\"},\"wordCount\":984,\"publisher\":{\"@id\":\"https:\\\/\\\/www.accidentdutravail-idf.net\\\/blog\\\/#organization\"},\"image\":{\"@id\":\"https:\\\/\\\/www.accidentdutravail-idf.net\\\/blog\\\/social-accidents-du-travail-la-france-a-t-elle-toujours-le-pire-bilan-en-europe\\\/#primaryimage\"},\"thumbnailUrl\":\"https:\\\/\\\/www.accidentdutravail-idf.net\\\/blog\\\/wp-content\\\/uploads\\\/2024\\\/05\\\/social-accidents-du-travail-la-france-a-t-elle-toujours-le-pire-bilan-en-europe.jpg\",\"articleSection\":[\"S\u00e9curit\u00e9 Du Travail En Ile-De-France Et Divers:\"],\"inLanguage\":\"fr-FR\"},{\"@type\":\"WebPage\",\"@id\":\"https:\\\/\\\/www.accidentdutravail-idf.net\\\/blog\\\/social-accidents-du-travail-la-france-a-t-elle-toujours-le-pire-bilan-en-europe\\\/\",\"url\":\"https:\\\/\\\/www.accidentdutravail-idf.net\\\/blog\\\/social-accidents-du-travail-la-france-a-t-elle-toujours-le-pire-bilan-en-europe\\\/\",\"name\":\"Social Accidents du travail : la France a-t-elle toujours le pire bilan en Europe - ACCIDENTDUTRAVAIL-IDF\",\"isPartOf\":{\"@id\":\"https:\\\/\\\/www.accidentdutravail-idf.net\\\/blog\\\/#website\"},\"primaryImageOfPage\":{\"@id\":\"https:\\\/\\\/www.accidentdutravail-idf.net\\\/blog\\\/social-accidents-du-travail-la-france-a-t-elle-toujours-le-pire-bilan-en-europe\\\/#primaryimage\"},\"image\":{\"@id\":\"https:\\\/\\\/www.accidentdutravail-idf.net\\\/blog\\\/social-accidents-du-travail-la-france-a-t-elle-toujours-le-pire-bilan-en-europe\\\/#primaryimage\"},\"thumbnailUrl\":\"https:\\\/\\\/www.accidentdutravail-idf.net\\\/blog\\\/wp-content\\\/uploads\\\/2024\\\/05\\\/social-accidents-du-travail-la-france-a-t-elle-toujours-le-pire-bilan-en-europe.jpg\",\"datePublished\":\"2024-04-30T22:43:00+00:00\",\"description\":\"Social Accidents du travail : la France a-t-elle toujours le pire bilan en Europe article de ACCIDENTDUTRAVAIL-IDF\",\"breadcrumb\":{\"@id\":\"https:\\\/\\\/www.accidentdutravail-idf.net\\\/blog\\\/social-accidents-du-travail-la-france-a-t-elle-toujours-le-pire-bilan-en-europe\\\/#breadcrumb\"},\"inLanguage\":\"fr-FR\",\"potentialAction\":[{\"@type\":\"ReadAction\",\"target\":[\"https:\\\/\\\/www.accidentdutravail-idf.net\\\/blog\\\/social-accidents-du-travail-la-france-a-t-elle-toujours-le-pire-bilan-en-europe\\\/\"]}]},{\"@type\":\"ImageObject\",\"inLanguage\":\"fr-FR\",\"@id\":\"https:\\\/\\\/www.accidentdutravail-idf.net\\\/blog\\\/social-accidents-du-travail-la-france-a-t-elle-toujours-le-pire-bilan-en-europe\\\/#primaryimage\",\"url\":\"https:\\\/\\\/www.accidentdutravail-idf.net\\\/blog\\\/wp-content\\\/uploads\\\/2024\\\/05\\\/social-accidents-du-travail-la-france-a-t-elle-toujours-le-pire-bilan-en-europe.jpg\",\"contentUrl\":\"https:\\\/\\\/www.accidentdutravail-idf.net\\\/blog\\\/wp-content\\\/uploads\\\/2024\\\/05\\\/social-accidents-du-travail-la-france-a-t-elle-toujours-le-pire-bilan-en-europe.jpg\"},{\"@type\":\"BreadcrumbList\",\"@id\":\"https:\\\/\\\/www.accidentdutravail-idf.net\\\/blog\\\/social-accidents-du-travail-la-france-a-t-elle-toujours-le-pire-bilan-en-europe\\\/#breadcrumb\",\"itemListElement\":[{\"@type\":\"ListItem\",\"position\":1,\"name\":\"Accueil\",\"item\":\"https:\\\/\\\/www.accidentdutravail-idf.net\\\/blog\\\/\"},{\"@type\":\"ListItem\",\"position\":2,\"name\":\"Social Accidents du travail : la France a-t-elle toujours le pire bilan en Europe\"}]},{\"@type\":\"WebSite\",\"@id\":\"https:\\\/\\\/www.accidentdutravail-idf.net\\\/blog\\\/#website\",\"url\":\"https:\\\/\\\/www.accidentdutravail-idf.net\\\/blog\\\/\",\"name\":\"ACCIDENTDUTRAVAIL-IDF\",\"description\":\"Portail accidents du travail-maladies professionnelles des entreprises d&#039;Ile-de-France\",\"publisher\":{\"@id\":\"https:\\\/\\\/www.accidentdutravail-idf.net\\\/blog\\\/#organization\"},\"potentialAction\":[{\"@type\":\"SearchAction\",\"target\":{\"@type\":\"EntryPoint\",\"urlTemplate\":\"https:\\\/\\\/www.accidentdutravail-idf.net\\\/blog\\\/?s={search_term_string}\"},\"query-input\":{\"@type\":\"PropertyValueSpecification\",\"valueRequired\":true,\"valueName\":\"search_term_string\"}}],\"inLanguage\":\"fr-FR\"},{\"@type\":\"Organization\",\"@id\":\"https:\\\/\\\/www.accidentdutravail-idf.net\\\/blog\\\/#organization\",\"name\":\"accidentdutravail-idf\",\"url\":\"https:\\\/\\\/www.accidentdutravail-idf.net\\\/blog\\\/\",\"logo\":{\"@type\":\"ImageObject\",\"inLanguage\":\"fr-FR\",\"@id\":\"https:\\\/\\\/www.accidentdutravail-idf.net\\\/blog\\\/#\\\/schema\\\/logo\\\/image\\\/\",\"url\":\"https:\\\/\\\/www.accidentdutravail-idf.net\\\/blog\\\/wp-content\\\/uploads\\\/2022\\\/09\\\/logo-2.png\",\"contentUrl\":\"https:\\\/\\\/www.accidentdutravail-idf.net\\\/blog\\\/wp-content\\\/uploads\\\/2022\\\/09\\\/logo-2.png\",\"width\":380,\"height\":291,\"caption\":\"accidentdutravail-idf\"},\"image\":{\"@id\":\"https:\\\/\\\/www.accidentdutravail-idf.net\\\/blog\\\/#\\\/schema\\\/logo\\\/image\\\/\"}},{\"@type\":\"Person\",\"@id\":\"https:\\\/\\\/www.accidentdutravail-idf.net\\\/blog\\\/#\\\/schema\\\/person\\\/3255d2f970de45e64bd9201f38e7b947\",\"name\":\"Carlos Poulain\",\"image\":{\"@type\":\"ImageObject\",\"inLanguage\":\"fr-FR\",\"@id\":\"https:\\\/\\\/secure.gravatar.com\\\/avatar\\\/b1c2f9d3588e34e91adb093635df64ef4b2381991216be7576466cfcdca4baf3?s=96&d=mm&r=g\",\"url\":\"https:\\\/\\\/secure.gravatar.com\\\/avatar\\\/b1c2f9d3588e34e91adb093635df64ef4b2381991216be7576466cfcdca4baf3?s=96&d=mm&r=g\",\"contentUrl\":\"https:\\\/\\\/secure.gravatar.com\\\/avatar\\\/b1c2f9d3588e34e91adb093635df64ef4b2381991216be7576466cfcdca4baf3?s=96&d=mm&r=g\",\"caption\":\"Carlos Poulain\"},\"url\":\"https:\\\/\\\/www.accidentdutravail-idf.net\\\/blog\\\/author\\\/idfcarlos\\\/\"}]}<\/script>\n<!-- \/ Yoast SEO plugin. -->","yoast_head_json":{"title":"Social Accidents du travail : la France a-t-elle toujours le pire bilan en Europe - ACCIDENTDUTRAVAIL-IDF","description":"Social Accidents du travail : la France a-t-elle toujours le pire bilan en Europe article de ACCIDENTDUTRAVAIL-IDF","robots":{"index":"index","follow":"follow","max-snippet":"max-snippet:-1","max-image-preview":"max-image-preview:large","max-video-preview":"max-video-preview:-1"},"canonical":"https:\/\/www.accidentdutravail-idf.net\/blog\/social-accidents-du-travail-la-france-a-t-elle-toujours-le-pire-bilan-en-europe\/","og_locale":"fr_FR","og_type":"article","og_title":"Social Accidents du travail : la France a-t-elle toujours le pire bilan en Europe - ACCIDENTDUTRAVAIL-IDF","og_description":"Social Accidents du travail : la France a-t-elle toujours le pire bilan en Europe article de ACCIDENTDUTRAVAIL-IDF","og_url":"https:\/\/www.accidentdutravail-idf.net\/blog\/social-accidents-du-travail-la-france-a-t-elle-toujours-le-pire-bilan-en-europe\/","og_site_name":"ACCIDENTDUTRAVAIL-IDF","article_published_time":"2024-04-30T22:43:00+00:00","og_image":[{"url":"https:\/\/www.accidentdutravail-idf.net\/blog\/wp-content\/uploads\/2024\/05\/social-accidents-du-travail-la-france-a-t-elle-toujours-le-pire-bilan-en-europe.jpg","type":"","width":"","height":""}],"author":"Carlos Poulain","twitter_card":"summary_large_image","twitter_misc":{"\u00c9crit par":"Carlos Poulain","Dur\u00e9e de lecture estim\u00e9e":"5 minutes"},"schema":{"@context":"https:\/\/schema.org","@graph":[{"@type":"Article","@id":"https:\/\/www.accidentdutravail-idf.net\/blog\/social-accidents-du-travail-la-france-a-t-elle-toujours-le-pire-bilan-en-europe\/#article","isPartOf":{"@id":"https:\/\/www.accidentdutravail-idf.net\/blog\/social-accidents-du-travail-la-france-a-t-elle-toujours-le-pire-bilan-en-europe\/"},"author":{"name":"Carlos Poulain","@id":"https:\/\/www.accidentdutravail-idf.net\/blog\/#\/schema\/person\/3255d2f970de45e64bd9201f38e7b947"},"headline":"Social Accidents du travail : la France a-t-elle toujours le pire bilan en Europe","datePublished":"2024-04-30T22:43:00+00:00","mainEntityOfPage":{"@id":"https:\/\/www.accidentdutravail-idf.net\/blog\/social-accidents-du-travail-la-france-a-t-elle-toujours-le-pire-bilan-en-europe\/"},"wordCount":984,"publisher":{"@id":"https:\/\/www.accidentdutravail-idf.net\/blog\/#organization"},"image":{"@id":"https:\/\/www.accidentdutravail-idf.net\/blog\/social-accidents-du-travail-la-france-a-t-elle-toujours-le-pire-bilan-en-europe\/#primaryimage"},"thumbnailUrl":"https:\/\/www.accidentdutravail-idf.net\/blog\/wp-content\/uploads\/2024\/05\/social-accidents-du-travail-la-france-a-t-elle-toujours-le-pire-bilan-en-europe.jpg","articleSection":["S\u00e9curit\u00e9 Du Travail En Ile-De-France Et Divers:"],"inLanguage":"fr-FR"},{"@type":"WebPage","@id":"https:\/\/www.accidentdutravail-idf.net\/blog\/social-accidents-du-travail-la-france-a-t-elle-toujours-le-pire-bilan-en-europe\/","url":"https:\/\/www.accidentdutravail-idf.net\/blog\/social-accidents-du-travail-la-france-a-t-elle-toujours-le-pire-bilan-en-europe\/","name":"Social Accidents du travail : la France a-t-elle toujours le pire bilan en Europe - ACCIDENTDUTRAVAIL-IDF","isPartOf":{"@id":"https:\/\/www.accidentdutravail-idf.net\/blog\/#website"},"primaryImageOfPage":{"@id":"https:\/\/www.accidentdutravail-idf.net\/blog\/social-accidents-du-travail-la-france-a-t-elle-toujours-le-pire-bilan-en-europe\/#primaryimage"},"image":{"@id":"https:\/\/www.accidentdutravail-idf.net\/blog\/social-accidents-du-travail-la-france-a-t-elle-toujours-le-pire-bilan-en-europe\/#primaryimage"},"thumbnailUrl":"https:\/\/www.accidentdutravail-idf.net\/blog\/wp-content\/uploads\/2024\/05\/social-accidents-du-travail-la-france-a-t-elle-toujours-le-pire-bilan-en-europe.jpg","datePublished":"2024-04-30T22:43:00+00:00","description":"Social Accidents du travail : la France a-t-elle toujours le pire bilan en Europe article de ACCIDENTDUTRAVAIL-IDF","breadcrumb":{"@id":"https:\/\/www.accidentdutravail-idf.net\/blog\/social-accidents-du-travail-la-france-a-t-elle-toujours-le-pire-bilan-en-europe\/#breadcrumb"},"inLanguage":"fr-FR","potentialAction":[{"@type":"ReadAction","target":["https:\/\/www.accidentdutravail-idf.net\/blog\/social-accidents-du-travail-la-france-a-t-elle-toujours-le-pire-bilan-en-europe\/"]}]},{"@type":"ImageObject","inLanguage":"fr-FR","@id":"https:\/\/www.accidentdutravail-idf.net\/blog\/social-accidents-du-travail-la-france-a-t-elle-toujours-le-pire-bilan-en-europe\/#primaryimage","url":"https:\/\/www.accidentdutravail-idf.net\/blog\/wp-content\/uploads\/2024\/05\/social-accidents-du-travail-la-france-a-t-elle-toujours-le-pire-bilan-en-europe.jpg","contentUrl":"https:\/\/www.accidentdutravail-idf.net\/blog\/wp-content\/uploads\/2024\/05\/social-accidents-du-travail-la-france-a-t-elle-toujours-le-pire-bilan-en-europe.jpg"},{"@type":"BreadcrumbList","@id":"https:\/\/www.accidentdutravail-idf.net\/blog\/social-accidents-du-travail-la-france-a-t-elle-toujours-le-pire-bilan-en-europe\/#breadcrumb","itemListElement":[{"@type":"ListItem","position":1,"name":"Accueil","item":"https:\/\/www.accidentdutravail-idf.net\/blog\/"},{"@type":"ListItem","position":2,"name":"Social Accidents du travail : la France a-t-elle toujours le pire bilan en Europe"}]},{"@type":"WebSite","@id":"https:\/\/www.accidentdutravail-idf.net\/blog\/#website","url":"https:\/\/www.accidentdutravail-idf.net\/blog\/","name":"ACCIDENTDUTRAVAIL-IDF","description":"Portail accidents du travail-maladies professionnelles des entreprises d&#039;Ile-de-France","publisher":{"@id":"https:\/\/www.accidentdutravail-idf.net\/blog\/#organization"},"potentialAction":[{"@type":"SearchAction","target":{"@type":"EntryPoint","urlTemplate":"https:\/\/www.accidentdutravail-idf.net\/blog\/?s={search_term_string}"},"query-input":{"@type":"PropertyValueSpecification","valueRequired":true,"valueName":"search_term_string"}}],"inLanguage":"fr-FR"},{"@type":"Organization","@id":"https:\/\/www.accidentdutravail-idf.net\/blog\/#organization","name":"accidentdutravail-idf","url":"https:\/\/www.accidentdutravail-idf.net\/blog\/","logo":{"@type":"ImageObject","inLanguage":"fr-FR","@id":"https:\/\/www.accidentdutravail-idf.net\/blog\/#\/schema\/logo\/image\/","url":"https:\/\/www.accidentdutravail-idf.net\/blog\/wp-content\/uploads\/2022\/09\/logo-2.png","contentUrl":"https:\/\/www.accidentdutravail-idf.net\/blog\/wp-content\/uploads\/2022\/09\/logo-2.png","width":380,"height":291,"caption":"accidentdutravail-idf"},"image":{"@id":"https:\/\/www.accidentdutravail-idf.net\/blog\/#\/schema\/logo\/image\/"}},{"@type":"Person","@id":"https:\/\/www.accidentdutravail-idf.net\/blog\/#\/schema\/person\/3255d2f970de45e64bd9201f38e7b947","name":"Carlos Poulain","image":{"@type":"ImageObject","inLanguage":"fr-FR","@id":"https:\/\/secure.gravatar.com\/avatar\/b1c2f9d3588e34e91adb093635df64ef4b2381991216be7576466cfcdca4baf3?s=96&d=mm&r=g","url":"https:\/\/secure.gravatar.com\/avatar\/b1c2f9d3588e34e91adb093635df64ef4b2381991216be7576466cfcdca4baf3?s=96&d=mm&r=g","contentUrl":"https:\/\/secure.gravatar.com\/avatar\/b1c2f9d3588e34e91adb093635df64ef4b2381991216be7576466cfcdca4baf3?s=96&d=mm&r=g","caption":"Carlos Poulain"},"url":"https:\/\/www.accidentdutravail-idf.net\/blog\/author\/idfcarlos\/"}]}},"_links":{"self":[{"href":"https:\/\/www.accidentdutravail-idf.net\/blog\/wp-json\/wp\/v2\/posts\/260","targetHints":{"allow":["GET"]}}],"collection":[{"href":"https:\/\/www.accidentdutravail-idf.net\/blog\/wp-json\/wp\/v2\/posts"}],"about":[{"href":"https:\/\/www.accidentdutravail-idf.net\/blog\/wp-json\/wp\/v2\/types\/post"}],"author":[{"embeddable":true,"href":"https:\/\/www.accidentdutravail-idf.net\/blog\/wp-json\/wp\/v2\/users\/2"}],"replies":[{"embeddable":true,"href":"https:\/\/www.accidentdutravail-idf.net\/blog\/wp-json\/wp\/v2\/comments?post=260"}],"version-history":[{"count":0,"href":"https:\/\/www.accidentdutravail-idf.net\/blog\/wp-json\/wp\/v2\/posts\/260\/revisions"}],"wp:attachment":[{"href":"https:\/\/www.accidentdutravail-idf.net\/blog\/wp-json\/wp\/v2\/media?parent=260"}],"wp:term":[{"taxonomy":"category","embeddable":true,"href":"https:\/\/www.accidentdutravail-idf.net\/blog\/wp-json\/wp\/v2\/categories?post=260"},{"taxonomy":"post_tag","embeddable":true,"href":"https:\/\/www.accidentdutravail-idf.net\/blog\/wp-json\/wp\/v2\/tags?post=260"}],"curies":[{"name":"wp","href":"https:\/\/api.w.org\/{rel}","templated":true}]}}