{"id":243,"date":"2012-09-16T10:48:15","date_gmt":"2012-09-16T09:48:15","guid":{"rendered":"https:\/\/www.site.cdcl.xyz\/2012\/09\/16\/gauche-france-exposition-a-dewailly-les-juifs-francais-dans-la-nupes-gauche-amienssocialist\/"},"modified":"2012-09-16T10:48:15","modified_gmt":"2012-09-16T09:48:15","slug":"gauche-france-exposition-a-dewailly-les-juifs-francais-dans-la-nupes-gauche-amienssocialist","status":"publish","type":"post","link":"https:\/\/www.accidentdutravail-idf.net\/blog\/gauche-france-exposition-a-dewailly-les-juifs-francais-dans-la-nupes-gauche-amienssocialist\/","title":{"rendered":"Gauche France: Exposition \u00e0 Dewailly:\u00a0\u00bbLes juifs fran\u00e7ais dans la\u2026 #nupes #gauche @AmiensSocialist"},"content":{"rendered":"<p>Ce \u00ab&nbsp;tweet discret&nbsp;\u00bb, vient d\u2019\u00eatre remarqu\u00e9 sur Twitter, notre r\u00e9daction est heureuse de vous en produire le contenu principal plus bas.<\/p>\n<p> Pr\u00e9sent\u00e9 sous la signature \u00abAmiens Socialiste\u00bb, l\u2019utilisateur twitter qui l\u2019a publi\u00e9 est connu de tous avec le pseudonyme @AmiensSocialist.<\/p>\n<p>Pour m\u00e9moire revoil\u00e0 sa pr\u00e9sentation:Site des socialistes ami\u00e9nois<\/p>\n<p>Vous pouvez voir sa page sur ce lien :http:\/\/t.co\/o2h8JfiJvg<\/p>\n<p>La date et l\u2019heure de parution est 2012-09-16 11:48:15.<\/p>\n<p>Exposition \u00e0 Dewailly:&nbsp;\u00bbLes juifs fran\u00e7ais dans la Shoah&nbsp;\u00bb <a rel=\"nofollow noopener\" target=\"_blank\" href=\"http:\/\/t.co\/fbxyLBge\">http:\/\/t.co\/fbxyLBge<\/a><\/p>\n<p>Ce tweet a \u00e9t\u00e9 lik\u00e9 0 fois et a \u00e9t\u00e9 retwett\u00e9 0 fois.<\/p>\n<p>Pour finir voici les hashtags signal\u00e9s dans ce tweet: #Exposition #DewaillyLes #juifs #fran\u00e7ais #dans <\/p>\n<p>Vous aimerez aussi:<\/p>\n<p>Politique de la d\u00e9co\u00efncidence.,<a href=\"https:\/\/www.kobo.com\/fr\/fr\/ebook\/politique-de-la-decoincidence\" target=\"_blank\" rel=\"noopener noreferrer nofollow\">(la couverture) <\/a><span><\/span>.<\/p>\n<p>La France socialiste\/VII.,<a href=\"https:\/\/fr.wikisource.org\/wiki\/La_France_socialiste\/VII\" target=\"_blank\" rel=\"noopener noreferrer nofollow\">Lien sur la description compl\u00e8te<\/a><span><\/span>.<\/p>\n<p>Critique du socialisme et de l\u2019anarchie.,<a href=\"https:\/\/fr.wikisource.org\/wiki\/Critique_du_socialisme_et_de_l%E2%80%99anarchie\" target=\"_blank\" rel=\"noopener noreferrer nofollow\">Lien sur la fiche de pr\u00e9sentation de cet ouvrage<\/a><span><\/span>. Disponible dans toutes les bonnes librairies.<\/p>\n","protected":false},"excerpt":{"rendered":"<p>Ce \u00ab&nbsp;tweet discret&nbsp;\u00bb, vient d\u2019\u00eatre remarqu\u00e9 sur Twitter, notre r\u00e9daction est heureuse de vous en produire le contenu principal plus bas. Pr\u00e9sent\u00e9 sous la signature \u00abAmiens Socialiste\u00bb, l\u2019utilisateur twitter qui l\u2019a publi\u00e9 est connu de tous avec le pseudonyme @AmiensSocialist. Pour m\u00e9moire revoil\u00e0 sa pr\u00e9sentation:Site des socialistes ami\u00e9nois Vous pouvez voir sa page sur ce &hellip; <\/p>\n<p class=\"link-more\"><a href=\"https:\/\/www.accidentdutravail-idf.net\/blog\/gauche-france-exposition-a-dewailly-les-juifs-francais-dans-la-nupes-gauche-amienssocialist\/\" class=\"more-link\">Continuer la lecture <span class=\"screen-reader-text\"> \u00ab\u00a0Gauche France: Exposition \u00e0 Dewailly:\u00a0\u00bbLes juifs fran\u00e7ais dans la\u2026 #nupes #gauche @AmiensSocialist\u00a0\u00bb<\/span><\/a><\/p>\n","protected":false},"author":3,"featured_media":244,"comment_status":"closed","ping_status":"closed","sticky":false,"template":"","format":"standard","meta":{"footnotes":""},"categories":[3],"tags":[],"class_list":["post-243","post","type-post","status-publish","format-standard","has-post-thumbnail","hentry","category-securite-du-travail-en-ile-de-france-communiques","entry"],"yoast_head":"<!-- This site is optimized with the Yoast SEO plugin v27.5 - https:\/\/yoast.com\/product\/yoast-seo-wordpress\/ -->\n<title>Gauche France: Exposition \u00e0 Dewailly:\u00a0\u00bbLes juifs fran\u00e7ais dans la\u2026 #nupes #gauche @AmiensSocialist - ACCIDENTDUTRAVAIL-IDF<\/title>\n<meta name=\"description\" content=\"Gauche France: Exposition \u00e0 Dewailly:\u00a0\u00bbLes juifs fran\u00e7ais dans la\u2026 #nupes #gauche @AmiensSocialist article de ACCIDENTDUTRAVAIL-IDF\" \/>\n<meta name=\"robots\" content=\"index, follow, max-snippet:-1, max-image-preview:large, max-video-preview:-1\" \/>\n<link rel=\"canonical\" href=\"https:\/\/www.accidentdutravail-idf.net\/blog\/gauche-france-exposition-a-dewailly-les-juifs-francais-dans-la-nupes-gauche-amienssocialist\/\" \/>\n<meta property=\"og:locale\" content=\"fr_FR\" \/>\n<meta property=\"og:type\" content=\"article\" \/>\n<meta property=\"og:title\" content=\"Gauche France: Exposition \u00e0 Dewailly:\u00a0\u00bbLes juifs fran\u00e7ais dans la\u2026 #nupes #gauche @AmiensSocialist - ACCIDENTDUTRAVAIL-IDF\" \/>\n<meta property=\"og:description\" content=\"Gauche France: Exposition \u00e0 Dewailly:\u00a0\u00bbLes juifs fran\u00e7ais dans la\u2026 #nupes #gauche @AmiensSocialist article de ACCIDENTDUTRAVAIL-IDF\" \/>\n<meta property=\"og:url\" content=\"https:\/\/www.accidentdutravail-idf.net\/blog\/gauche-france-exposition-a-dewailly-les-juifs-francais-dans-la-nupes-gauche-amienssocialist\/\" \/>\n<meta property=\"og:site_name\" content=\"ACCIDENTDUTRAVAIL-IDF\" \/>\n<meta property=\"article:published_time\" content=\"2012-09-16T09:48:15+00:00\" \/>\n<meta name=\"author\" content=\"Roxane BARLER\" \/>\n<meta name=\"twitter:card\" content=\"summary_large_image\" \/>\n<meta name=\"twitter:label1\" content=\"\u00c9crit par\" \/>\n\t<meta name=\"twitter:data1\" content=\"Roxane BARLER\" \/>\n\t<meta name=\"twitter:label2\" content=\"Dur\u00e9e de lecture estim\u00e9e\" \/>\n\t<meta name=\"twitter:data2\" content=\"1 minute\" \/>\n<script type=\"application\/ld+json\" class=\"yoast-schema-graph\">{\"@context\":\"https:\\\/\\\/schema.org\",\"@graph\":[{\"@type\":\"Article\",\"@id\":\"https:\\\/\\\/www.accidentdutravail-idf.net\\\/blog\\\/gauche-france-exposition-a-dewailly-les-juifs-francais-dans-la-nupes-gauche-amienssocialist\\\/#article\",\"isPartOf\":{\"@id\":\"https:\\\/\\\/www.accidentdutravail-idf.net\\\/blog\\\/gauche-france-exposition-a-dewailly-les-juifs-francais-dans-la-nupes-gauche-amienssocialist\\\/\"},\"author\":{\"name\":\"Roxane BARLER\",\"@id\":\"https:\\\/\\\/www.accidentdutravail-idf.net\\\/blog\\\/#\\\/schema\\\/person\\\/73aa09ba2db8f06bf1debf3a872bd6f9\"},\"headline\":\"Gauche France: Exposition \u00e0 Dewailly:\u00a0\u00bbLes juifs fran\u00e7ais dans la\u2026 #nupes #gauche @AmiensSocialist\",\"datePublished\":\"2012-09-16T09:48:15+00:00\",\"mainEntityOfPage\":{\"@id\":\"https:\\\/\\\/www.accidentdutravail-idf.net\\\/blog\\\/gauche-france-exposition-a-dewailly-les-juifs-francais-dans-la-nupes-gauche-amienssocialist\\\/\"},\"wordCount\":182,\"publisher\":{\"@id\":\"https:\\\/\\\/www.accidentdutravail-idf.net\\\/blog\\\/#organization\"},\"image\":{\"@id\":\"https:\\\/\\\/www.accidentdutravail-idf.net\\\/blog\\\/gauche-france-exposition-a-dewailly-les-juifs-francais-dans-la-nupes-gauche-amienssocialist\\\/#primaryimage\"},\"thumbnailUrl\":\"https:\\\/\\\/www.accidentdutravail-idf.net\\\/blog\\\/wp-content\\\/uploads\\\/2022\\\/11\\\/gauche-france-exposition-a-dewailly-les-juifs-francais-dans-la-nupes-gauche-amienssocialist.jpg\",\"articleSection\":[\"S\u00e9curit\u00e9 Du Travail En Ile-De-France Communiqu\u00e9s:\"],\"inLanguage\":\"fr-FR\"},{\"@type\":\"WebPage\",\"@id\":\"https:\\\/\\\/www.accidentdutravail-idf.net\\\/blog\\\/gauche-france-exposition-a-dewailly-les-juifs-francais-dans-la-nupes-gauche-amienssocialist\\\/\",\"url\":\"https:\\\/\\\/www.accidentdutravail-idf.net\\\/blog\\\/gauche-france-exposition-a-dewailly-les-juifs-francais-dans-la-nupes-gauche-amienssocialist\\\/\",\"name\":\"Gauche France: Exposition \u00e0 Dewailly:\u00a0\u00bbLes juifs fran\u00e7ais dans la\u2026 #nupes #gauche @AmiensSocialist - ACCIDENTDUTRAVAIL-IDF\",\"isPartOf\":{\"@id\":\"https:\\\/\\\/www.accidentdutravail-idf.net\\\/blog\\\/#website\"},\"primaryImageOfPage\":{\"@id\":\"https:\\\/\\\/www.accidentdutravail-idf.net\\\/blog\\\/gauche-france-exposition-a-dewailly-les-juifs-francais-dans-la-nupes-gauche-amienssocialist\\\/#primaryimage\"},\"image\":{\"@id\":\"https:\\\/\\\/www.accidentdutravail-idf.net\\\/blog\\\/gauche-france-exposition-a-dewailly-les-juifs-francais-dans-la-nupes-gauche-amienssocialist\\\/#primaryimage\"},\"thumbnailUrl\":\"https:\\\/\\\/www.accidentdutravail-idf.net\\\/blog\\\/wp-content\\\/uploads\\\/2022\\\/11\\\/gauche-france-exposition-a-dewailly-les-juifs-francais-dans-la-nupes-gauche-amienssocialist.jpg\",\"datePublished\":\"2012-09-16T09:48:15+00:00\",\"description\":\"Gauche France: Exposition \u00e0 Dewailly:\u00a0\u00bbLes juifs fran\u00e7ais dans la\u2026 #nupes #gauche @AmiensSocialist article de ACCIDENTDUTRAVAIL-IDF\",\"breadcrumb\":{\"@id\":\"https:\\\/\\\/www.accidentdutravail-idf.net\\\/blog\\\/gauche-france-exposition-a-dewailly-les-juifs-francais-dans-la-nupes-gauche-amienssocialist\\\/#breadcrumb\"},\"inLanguage\":\"fr-FR\",\"potentialAction\":[{\"@type\":\"ReadAction\",\"target\":[\"https:\\\/\\\/www.accidentdutravail-idf.net\\\/blog\\\/gauche-france-exposition-a-dewailly-les-juifs-francais-dans-la-nupes-gauche-amienssocialist\\\/\"]}]},{\"@type\":\"ImageObject\",\"inLanguage\":\"fr-FR\",\"@id\":\"https:\\\/\\\/www.accidentdutravail-idf.net\\\/blog\\\/gauche-france-exposition-a-dewailly-les-juifs-francais-dans-la-nupes-gauche-amienssocialist\\\/#primaryimage\",\"url\":\"https:\\\/\\\/www.accidentdutravail-idf.net\\\/blog\\\/wp-content\\\/uploads\\\/2022\\\/11\\\/gauche-france-exposition-a-dewailly-les-juifs-francais-dans-la-nupes-gauche-amienssocialist.jpg\",\"contentUrl\":\"https:\\\/\\\/www.accidentdutravail-idf.net\\\/blog\\\/wp-content\\\/uploads\\\/2022\\\/11\\\/gauche-france-exposition-a-dewailly-les-juifs-francais-dans-la-nupes-gauche-amienssocialist.jpg\",\"width\":800,\"height\":371,\"caption\":\"gauche france exposition a dewailly les juifs francais dans la nupes gauche amienssocialist\"},{\"@type\":\"BreadcrumbList\",\"@id\":\"https:\\\/\\\/www.accidentdutravail-idf.net\\\/blog\\\/gauche-france-exposition-a-dewailly-les-juifs-francais-dans-la-nupes-gauche-amienssocialist\\\/#breadcrumb\",\"itemListElement\":[{\"@type\":\"ListItem\",\"position\":1,\"name\":\"Accueil\",\"item\":\"https:\\\/\\\/www.accidentdutravail-idf.net\\\/blog\\\/\"},{\"@type\":\"ListItem\",\"position\":2,\"name\":\"Gauche France: Exposition \u00e0 Dewailly:\u00a0\u00bbLes juifs fran\u00e7ais dans la\u2026 #nupes #gauche @AmiensSocialist\"}]},{\"@type\":\"WebSite\",\"@id\":\"https:\\\/\\\/www.accidentdutravail-idf.net\\\/blog\\\/#website\",\"url\":\"https:\\\/\\\/www.accidentdutravail-idf.net\\\/blog\\\/\",\"name\":\"ACCIDENTDUTRAVAIL-IDF\",\"description\":\"Portail accidents du travail-maladies professionnelles des entreprises d&#039;Ile-de-France\",\"publisher\":{\"@id\":\"https:\\\/\\\/www.accidentdutravail-idf.net\\\/blog\\\/#organization\"},\"potentialAction\":[{\"@type\":\"SearchAction\",\"target\":{\"@type\":\"EntryPoint\",\"urlTemplate\":\"https:\\\/\\\/www.accidentdutravail-idf.net\\\/blog\\\/?s={search_term_string}\"},\"query-input\":{\"@type\":\"PropertyValueSpecification\",\"valueRequired\":true,\"valueName\":\"search_term_string\"}}],\"inLanguage\":\"fr-FR\"},{\"@type\":\"Organization\",\"@id\":\"https:\\\/\\\/www.accidentdutravail-idf.net\\\/blog\\\/#organization\",\"name\":\"accidentdutravail-idf\",\"url\":\"https:\\\/\\\/www.accidentdutravail-idf.net\\\/blog\\\/\",\"logo\":{\"@type\":\"ImageObject\",\"inLanguage\":\"fr-FR\",\"@id\":\"https:\\\/\\\/www.accidentdutravail-idf.net\\\/blog\\\/#\\\/schema\\\/logo\\\/image\\\/\",\"url\":\"https:\\\/\\\/www.accidentdutravail-idf.net\\\/blog\\\/wp-content\\\/uploads\\\/2022\\\/09\\\/logo-2.png\",\"contentUrl\":\"https:\\\/\\\/www.accidentdutravail-idf.net\\\/blog\\\/wp-content\\\/uploads\\\/2022\\\/09\\\/logo-2.png\",\"width\":380,\"height\":291,\"caption\":\"accidentdutravail-idf\"},\"image\":{\"@id\":\"https:\\\/\\\/www.accidentdutravail-idf.net\\\/blog\\\/#\\\/schema\\\/logo\\\/image\\\/\"}},{\"@type\":\"Person\",\"@id\":\"https:\\\/\\\/www.accidentdutravail-idf.net\\\/blog\\\/#\\\/schema\\\/person\\\/73aa09ba2db8f06bf1debf3a872bd6f9\",\"name\":\"Roxane BARLER\",\"image\":{\"@type\":\"ImageObject\",\"inLanguage\":\"fr-FR\",\"@id\":\"https:\\\/\\\/secure.gravatar.com\\\/avatar\\\/0167a3f2fdd1b1378a9aef148e68e7656ab41c7534176836deba3d1e5d6dc5df?s=96&d=mm&r=g\",\"url\":\"https:\\\/\\\/secure.gravatar.com\\\/avatar\\\/0167a3f2fdd1b1378a9aef148e68e7656ab41c7534176836deba3d1e5d6dc5df?s=96&d=mm&r=g\",\"contentUrl\":\"https:\\\/\\\/secure.gravatar.com\\\/avatar\\\/0167a3f2fdd1b1378a9aef148e68e7656ab41c7534176836deba3d1e5d6dc5df?s=96&d=mm&r=g\",\"caption\":\"Roxane BARLER\"},\"url\":\"https:\\\/\\\/www.accidentdutravail-idf.net\\\/blog\\\/author\\\/idfroxane\\\/\"}]}<\/script>\n<!-- \/ Yoast SEO plugin. -->","yoast_head_json":{"title":"Gauche France: Exposition \u00e0 Dewailly:\u00a0\u00bbLes juifs fran\u00e7ais dans la\u2026 #nupes #gauche @AmiensSocialist - ACCIDENTDUTRAVAIL-IDF","description":"Gauche France: Exposition \u00e0 Dewailly:\u00a0\u00bbLes juifs fran\u00e7ais dans la\u2026 #nupes #gauche @AmiensSocialist article de ACCIDENTDUTRAVAIL-IDF","robots":{"index":"index","follow":"follow","max-snippet":"max-snippet:-1","max-image-preview":"max-image-preview:large","max-video-preview":"max-video-preview:-1"},"canonical":"https:\/\/www.accidentdutravail-idf.net\/blog\/gauche-france-exposition-a-dewailly-les-juifs-francais-dans-la-nupes-gauche-amienssocialist\/","og_locale":"fr_FR","og_type":"article","og_title":"Gauche France: Exposition \u00e0 Dewailly:\u00a0\u00bbLes juifs fran\u00e7ais dans la\u2026 #nupes #gauche @AmiensSocialist - ACCIDENTDUTRAVAIL-IDF","og_description":"Gauche France: Exposition \u00e0 Dewailly:\u00a0\u00bbLes juifs fran\u00e7ais dans la\u2026 #nupes #gauche @AmiensSocialist article de ACCIDENTDUTRAVAIL-IDF","og_url":"https:\/\/www.accidentdutravail-idf.net\/blog\/gauche-france-exposition-a-dewailly-les-juifs-francais-dans-la-nupes-gauche-amienssocialist\/","og_site_name":"ACCIDENTDUTRAVAIL-IDF","article_published_time":"2012-09-16T09:48:15+00:00","author":"Roxane BARLER","twitter_card":"summary_large_image","twitter_misc":{"\u00c9crit par":"Roxane BARLER","Dur\u00e9e de lecture estim\u00e9e":"1 minute"},"schema":{"@context":"https:\/\/schema.org","@graph":[{"@type":"Article","@id":"https:\/\/www.accidentdutravail-idf.net\/blog\/gauche-france-exposition-a-dewailly-les-juifs-francais-dans-la-nupes-gauche-amienssocialist\/#article","isPartOf":{"@id":"https:\/\/www.accidentdutravail-idf.net\/blog\/gauche-france-exposition-a-dewailly-les-juifs-francais-dans-la-nupes-gauche-amienssocialist\/"},"author":{"name":"Roxane BARLER","@id":"https:\/\/www.accidentdutravail-idf.net\/blog\/#\/schema\/person\/73aa09ba2db8f06bf1debf3a872bd6f9"},"headline":"Gauche France: Exposition \u00e0 Dewailly:\u00a0\u00bbLes juifs fran\u00e7ais dans la\u2026 #nupes #gauche @AmiensSocialist","datePublished":"2012-09-16T09:48:15+00:00","mainEntityOfPage":{"@id":"https:\/\/www.accidentdutravail-idf.net\/blog\/gauche-france-exposition-a-dewailly-les-juifs-francais-dans-la-nupes-gauche-amienssocialist\/"},"wordCount":182,"publisher":{"@id":"https:\/\/www.accidentdutravail-idf.net\/blog\/#organization"},"image":{"@id":"https:\/\/www.accidentdutravail-idf.net\/blog\/gauche-france-exposition-a-dewailly-les-juifs-francais-dans-la-nupes-gauche-amienssocialist\/#primaryimage"},"thumbnailUrl":"https:\/\/www.accidentdutravail-idf.net\/blog\/wp-content\/uploads\/2022\/11\/gauche-france-exposition-a-dewailly-les-juifs-francais-dans-la-nupes-gauche-amienssocialist.jpg","articleSection":["S\u00e9curit\u00e9 Du Travail En Ile-De-France Communiqu\u00e9s:"],"inLanguage":"fr-FR"},{"@type":"WebPage","@id":"https:\/\/www.accidentdutravail-idf.net\/blog\/gauche-france-exposition-a-dewailly-les-juifs-francais-dans-la-nupes-gauche-amienssocialist\/","url":"https:\/\/www.accidentdutravail-idf.net\/blog\/gauche-france-exposition-a-dewailly-les-juifs-francais-dans-la-nupes-gauche-amienssocialist\/","name":"Gauche France: Exposition \u00e0 Dewailly:\u00a0\u00bbLes juifs fran\u00e7ais dans la\u2026 #nupes #gauche @AmiensSocialist - ACCIDENTDUTRAVAIL-IDF","isPartOf":{"@id":"https:\/\/www.accidentdutravail-idf.net\/blog\/#website"},"primaryImageOfPage":{"@id":"https:\/\/www.accidentdutravail-idf.net\/blog\/gauche-france-exposition-a-dewailly-les-juifs-francais-dans-la-nupes-gauche-amienssocialist\/#primaryimage"},"image":{"@id":"https:\/\/www.accidentdutravail-idf.net\/blog\/gauche-france-exposition-a-dewailly-les-juifs-francais-dans-la-nupes-gauche-amienssocialist\/#primaryimage"},"thumbnailUrl":"https:\/\/www.accidentdutravail-idf.net\/blog\/wp-content\/uploads\/2022\/11\/gauche-france-exposition-a-dewailly-les-juifs-francais-dans-la-nupes-gauche-amienssocialist.jpg","datePublished":"2012-09-16T09:48:15+00:00","description":"Gauche France: Exposition \u00e0 Dewailly:\u00a0\u00bbLes juifs fran\u00e7ais dans la\u2026 #nupes #gauche @AmiensSocialist article de ACCIDENTDUTRAVAIL-IDF","breadcrumb":{"@id":"https:\/\/www.accidentdutravail-idf.net\/blog\/gauche-france-exposition-a-dewailly-les-juifs-francais-dans-la-nupes-gauche-amienssocialist\/#breadcrumb"},"inLanguage":"fr-FR","potentialAction":[{"@type":"ReadAction","target":["https:\/\/www.accidentdutravail-idf.net\/blog\/gauche-france-exposition-a-dewailly-les-juifs-francais-dans-la-nupes-gauche-amienssocialist\/"]}]},{"@type":"ImageObject","inLanguage":"fr-FR","@id":"https:\/\/www.accidentdutravail-idf.net\/blog\/gauche-france-exposition-a-dewailly-les-juifs-francais-dans-la-nupes-gauche-amienssocialist\/#primaryimage","url":"https:\/\/www.accidentdutravail-idf.net\/blog\/wp-content\/uploads\/2022\/11\/gauche-france-exposition-a-dewailly-les-juifs-francais-dans-la-nupes-gauche-amienssocialist.jpg","contentUrl":"https:\/\/www.accidentdutravail-idf.net\/blog\/wp-content\/uploads\/2022\/11\/gauche-france-exposition-a-dewailly-les-juifs-francais-dans-la-nupes-gauche-amienssocialist.jpg","width":800,"height":371,"caption":"gauche france exposition a dewailly les juifs francais dans la nupes gauche amienssocialist"},{"@type":"BreadcrumbList","@id":"https:\/\/www.accidentdutravail-idf.net\/blog\/gauche-france-exposition-a-dewailly-les-juifs-francais-dans-la-nupes-gauche-amienssocialist\/#breadcrumb","itemListElement":[{"@type":"ListItem","position":1,"name":"Accueil","item":"https:\/\/www.accidentdutravail-idf.net\/blog\/"},{"@type":"ListItem","position":2,"name":"Gauche France: Exposition \u00e0 Dewailly:\u00a0\u00bbLes juifs fran\u00e7ais dans la\u2026 #nupes #gauche @AmiensSocialist"}]},{"@type":"WebSite","@id":"https:\/\/www.accidentdutravail-idf.net\/blog\/#website","url":"https:\/\/www.accidentdutravail-idf.net\/blog\/","name":"ACCIDENTDUTRAVAIL-IDF","description":"Portail accidents du travail-maladies professionnelles des entreprises d&#039;Ile-de-France","publisher":{"@id":"https:\/\/www.accidentdutravail-idf.net\/blog\/#organization"},"potentialAction":[{"@type":"SearchAction","target":{"@type":"EntryPoint","urlTemplate":"https:\/\/www.accidentdutravail-idf.net\/blog\/?s={search_term_string}"},"query-input":{"@type":"PropertyValueSpecification","valueRequired":true,"valueName":"search_term_string"}}],"inLanguage":"fr-FR"},{"@type":"Organization","@id":"https:\/\/www.accidentdutravail-idf.net\/blog\/#organization","name":"accidentdutravail-idf","url":"https:\/\/www.accidentdutravail-idf.net\/blog\/","logo":{"@type":"ImageObject","inLanguage":"fr-FR","@id":"https:\/\/www.accidentdutravail-idf.net\/blog\/#\/schema\/logo\/image\/","url":"https:\/\/www.accidentdutravail-idf.net\/blog\/wp-content\/uploads\/2022\/09\/logo-2.png","contentUrl":"https:\/\/www.accidentdutravail-idf.net\/blog\/wp-content\/uploads\/2022\/09\/logo-2.png","width":380,"height":291,"caption":"accidentdutravail-idf"},"image":{"@id":"https:\/\/www.accidentdutravail-idf.net\/blog\/#\/schema\/logo\/image\/"}},{"@type":"Person","@id":"https:\/\/www.accidentdutravail-idf.net\/blog\/#\/schema\/person\/73aa09ba2db8f06bf1debf3a872bd6f9","name":"Roxane BARLER","image":{"@type":"ImageObject","inLanguage":"fr-FR","@id":"https:\/\/secure.gravatar.com\/avatar\/0167a3f2fdd1b1378a9aef148e68e7656ab41c7534176836deba3d1e5d6dc5df?s=96&d=mm&r=g","url":"https:\/\/secure.gravatar.com\/avatar\/0167a3f2fdd1b1378a9aef148e68e7656ab41c7534176836deba3d1e5d6dc5df?s=96&d=mm&r=g","contentUrl":"https:\/\/secure.gravatar.com\/avatar\/0167a3f2fdd1b1378a9aef148e68e7656ab41c7534176836deba3d1e5d6dc5df?s=96&d=mm&r=g","caption":"Roxane BARLER"},"url":"https:\/\/www.accidentdutravail-idf.net\/blog\/author\/idfroxane\/"}]}},"_links":{"self":[{"href":"https:\/\/www.accidentdutravail-idf.net\/blog\/wp-json\/wp\/v2\/posts\/243","targetHints":{"allow":["GET"]}}],"collection":[{"href":"https:\/\/www.accidentdutravail-idf.net\/blog\/wp-json\/wp\/v2\/posts"}],"about":[{"href":"https:\/\/www.accidentdutravail-idf.net\/blog\/wp-json\/wp\/v2\/types\/post"}],"author":[{"embeddable":true,"href":"https:\/\/www.accidentdutravail-idf.net\/blog\/wp-json\/wp\/v2\/users\/3"}],"replies":[{"embeddable":true,"href":"https:\/\/www.accidentdutravail-idf.net\/blog\/wp-json\/wp\/v2\/comments?post=243"}],"version-history":[{"count":0,"href":"https:\/\/www.accidentdutravail-idf.net\/blog\/wp-json\/wp\/v2\/posts\/243\/revisions"}],"wp:featuredmedia":[{"embeddable":true,"href":"https:\/\/www.accidentdutravail-idf.net\/blog\/wp-json\/wp\/v2\/media\/244"}],"wp:attachment":[{"href":"https:\/\/www.accidentdutravail-idf.net\/blog\/wp-json\/wp\/v2\/media?parent=243"}],"wp:term":[{"taxonomy":"category","embeddable":true,"href":"https:\/\/www.accidentdutravail-idf.net\/blog\/wp-json\/wp\/v2\/categories?post=243"},{"taxonomy":"post_tag","embeddable":true,"href":"https:\/\/www.accidentdutravail-idf.net\/blog\/wp-json\/wp\/v2\/tags?post=243"}],"curies":[{"name":"wp","href":"https:\/\/api.w.org\/{rel}","templated":true}]}}