{"id":2373,"date":"2026-04-27T11:34:00","date_gmt":"2026-04-27T09:34:00","guid":{"rendered":"https:\/\/www.accidentdutravail-idf.net\/blog\/accident-du-travail-pres-de-castelsarrasin-un-ouvrier-grievement-blesse-apres-une-chute-de-quatre-metres-sur-un-chantier\/"},"modified":"2026-04-27T11:34:00","modified_gmt":"2026-04-27T09:34:00","slug":"accident-du-travail-pres-de-castelsarrasin-un-ouvrier-grievement-blesse-apres-une-chute-de-quatre-metres-sur-un-chantier","status":"publish","type":"post","link":"https:\/\/www.accidentdutravail-idf.net\/blog\/accident-du-travail-pres-de-castelsarrasin-un-ouvrier-grievement-blesse-apres-une-chute-de-quatre-metres-sur-un-chantier\/","title":{"rendered":"Accident du travail pr\u00e8s de Castelsarrasin : un ouvrier gri\u00e8vement bless\u00e9 apr\u00e8s une chute de quatre m\u00e8tres sur un chantier"},"content":{"rendered":"<div><img decoding=\"async\" src=\"https:\/\/www.accidentdutravail-idf.net\/blog\/wp-content\/uploads\/2026\/04\/accident-du-travail-pres-de-castelsarrasin-un-ouvrier-grievement-blesse-apres-une-chute-de-quatre-metres-sur-un-chantier.jpg\" class=\"ff-og-image-inserted\"><\/div>\n<p> <span class=\"article-full__chapo-label hide-on-small-only\">l&rsquo;essentiel<\/span> Un ma\u00e7on qui intervenait sur le chantier de r\u00e9novation d\u2019une centrale \u00e9lectrique \u00e0 Barry-d\u2019Islemade (Tarn-et-Garonne) a chut\u00e9 de 4 m\u00e8tres ce lundi 27&nbsp;avril 2026. Les sapeurs-pompiers du Grimp l\u2019ont pris en charge dans un \u00e9tat inqui\u00e9tant. <\/p>\n<div data-state=\"fixed-height\" data-selection=\"disabled\"> <!-- Pub DFP Position [outstream] --> <\/p>\n<p>Un accident du travail a eu lieu ce lundi 27&nbsp;avril 2026 sur la commune de Barry-d\u2019Islemade, \u00e0 l\u2019ouest de Montauban, en Tarn-et-Garonne. Il \u00e9tait environ 17&nbsp;heures lorsqu\u2019un homme qui travaillait \u00e0 la centrale hydro\u00e9lectrique, situ\u00e9e en bord de Tarn sur la RD 72, a fait une terrible chute. Ce ma\u00e7on, qui intervenait dans le cadre de la r\u00e9novation de l\u2019ouvrage, s\u2019est immobilis\u00e9 4 m\u00e8tres en contrebas.<\/p>\n<p><!-- Pub DFP Position [article] --> <\/p>\n<p>Pr\u00e9venu, le service d\u00e9partemental d\u2019incendie et de secours (SDIS 82) a d\u00e9p\u00each\u00e9 sur place une dizaine de sapeurs-pompiers, dont les personnels du groupe de reconnaissance et d\u2019intervention en milieu p\u00e9rilleux (Grimp). Les secouristes ont ainsi d\u00e9gain\u00e9 cordages et barquette d\u2019\u00e9vacuation pour venir en aide \u00e0 la victime. \u00ab&nbsp;Il \u00e9tait conscient, il n\u2019a jamais perdu connaissance&nbsp;\u00bb, pr\u00e9cise le maire de Barry-d\u2019Islemade, Guy Portal, qui s\u2019est rendu sur place.<\/p>\n<h2 class=\"txt-int\">Ses jours ne semblent pas en danger<\/h2>\n<p>Gri\u00e8vement bless\u00e9, cet homme \u00e2g\u00e9 d\u2019une cinquantaine d\u2019ann\u00e9es a \u00e9t\u00e9 \u00e9vacu\u00e9 de toute urgence vers le centre hospitalier de Montauban. Pour autant, son pronostic vital ne semble pas engag\u00e9. Les gendarmes de la compagnie de Castelsarrasin ont \u00e9galement \u00e9t\u00e9 d\u00e9p\u00each\u00e9s sur place. Seules leurs investigations permettront de clarifier les circonstances de cet accident.<\/p>\n<p class=\"std-elt__inline\"> <strong>\u00c0 lire aussi :<\/strong> <a href=\"https:\/\/www.ladepeche.fr\/2025\/04\/11\/edf-rase-une-centrale-centenaire-pour-tripler-la-production-electrique-a-lagarde-12629442.php\" target=\"_blank\" rel=\"nofollow\">EDF rase une centrale centenaire pour tripler la production \u00e9lectrique \u00e0 Lagarde<\/a> <\/p>\n<p>Pour rappel, cette centrale hydro\u00e9lectrique qui est exploit\u00e9e par EDF date de 1898. Elle avait fait l\u2019objet d\u2019une premi\u00e8re r\u00e9novation en 1956 mais depuis 2025, le c\u00e9l\u00e8bre fournisseur d\u2019\u00e9lectricit\u00e9 a lanc\u00e9 des travaux pharaoniques pour la moderniser.<\/p>\n<\/p><\/div>\n<p>accidentdutravail-idf.net vous a pr\u00e9par\u00e9 ce post qui informe du sujet \u00ab\u00a0Association Sportive Huisson-Longueville Essonne\u00a0\u00bb. La chronique se veut g\u00e9n\u00e9r\u00e9e du mieux possible. Vous pouvez utiliser les coordonn\u00e9es indiqu\u00e9es sur le site dans le but d\u2019apporter des explications sur ce post qui parle du th\u00e8me \u00ab\u00a0Association Sportive Huisson-Longueville Essonne\u00a0\u00bb. Le site accidentdutravail-idf.net a pour but de fournir diverses publications sur la th\u00e9matique Association Sportive Huisson-Longueville Essonne diffus\u00e9es sur le net. Il y aura plusieurs articles autour du sujet \u00ab\u00a0Association Sportive Huisson-Longueville Essonne\u00a0\u00bb dans quelques jours, nous vous invitons \u00e0 naviguer sur notre site web \u00e0 plusieurs reprises.<\/p>\n","protected":false},"excerpt":{"rendered":"<p>l&rsquo;essentiel Un ma\u00e7on qui intervenait sur le chantier de r\u00e9novation d\u2019une centrale \u00e9lectrique \u00e0 Barry-d\u2019Islemade (Tarn-et-Garonne) a chut\u00e9 de 4 m\u00e8tres ce lundi 27&nbsp;avril 2026. Les sapeurs-pompiers du Grimp l\u2019ont pris en charge dans un \u00e9tat inqui\u00e9tant. Un accident du travail a eu lieu ce lundi 27&nbsp;avril 2026 sur la commune de Barry-d\u2019Islemade, \u00e0 l\u2019ouest &hellip; <\/p>\n<p class=\"link-more\"><a href=\"https:\/\/www.accidentdutravail-idf.net\/blog\/accident-du-travail-pres-de-castelsarrasin-un-ouvrier-grievement-blesse-apres-une-chute-de-quatre-metres-sur-un-chantier\/\" class=\"more-link\">Continuer la lecture <span class=\"screen-reader-text\"> \u00ab\u00a0Accident du travail pr\u00e8s de Castelsarrasin : un ouvrier gri\u00e8vement bless\u00e9 apr\u00e8s une chute de quatre m\u00e8tres sur un chantier\u00a0\u00bb<\/span><\/a><\/p>\n","protected":false},"author":2,"featured_media":0,"comment_status":"closed","ping_status":"closed","sticky":false,"template":"","format":"standard","meta":{"footnotes":""},"categories":[5],"tags":[],"class_list":["post-2373","post","type-post","status-publish","format-standard","hentry","category-securite-du-travail-en-ile-de-france-et-divers","entry"],"yoast_head":"<!-- This site is optimized with the Yoast SEO plugin v27.5 - https:\/\/yoast.com\/product\/yoast-seo-wordpress\/ -->\n<title>Accident du travail pr\u00e8s de Castelsarrasin : un ouvrier gri\u00e8vement bless\u00e9 apr\u00e8s une chute de quatre m\u00e8tres sur un chantier - ACCIDENTDUTRAVAIL-IDF<\/title>\n<meta name=\"description\" content=\"Accident du travail pr\u00e8s de Castelsarrasin : un ouvrier gri\u00e8vement bless\u00e9 apr\u00e8s une chute de quatre m\u00e8tres sur un chantier article de ACCIDENTDUTRAVAIL-IDF\" \/>\n<meta name=\"robots\" content=\"index, follow, max-snippet:-1, max-image-preview:large, max-video-preview:-1\" \/>\n<link rel=\"canonical\" href=\"https:\/\/www.accidentdutravail-idf.net\/blog\/accident-du-travail-pres-de-castelsarrasin-un-ouvrier-grievement-blesse-apres-une-chute-de-quatre-metres-sur-un-chantier\/\" \/>\n<meta property=\"og:locale\" content=\"fr_FR\" \/>\n<meta property=\"og:type\" content=\"article\" \/>\n<meta property=\"og:title\" content=\"Accident du travail pr\u00e8s de Castelsarrasin : un ouvrier gri\u00e8vement bless\u00e9 apr\u00e8s une chute de quatre m\u00e8tres sur un chantier - ACCIDENTDUTRAVAIL-IDF\" \/>\n<meta property=\"og:description\" content=\"Accident du travail pr\u00e8s de Castelsarrasin : un ouvrier gri\u00e8vement bless\u00e9 apr\u00e8s une chute de quatre m\u00e8tres sur un chantier article de ACCIDENTDUTRAVAIL-IDF\" \/>\n<meta property=\"og:url\" content=\"https:\/\/www.accidentdutravail-idf.net\/blog\/accident-du-travail-pres-de-castelsarrasin-un-ouvrier-grievement-blesse-apres-une-chute-de-quatre-metres-sur-un-chantier\/\" \/>\n<meta property=\"og:site_name\" content=\"ACCIDENTDUTRAVAIL-IDF\" \/>\n<meta property=\"article:published_time\" content=\"2026-04-27T09:34:00+00:00\" \/>\n<meta property=\"og:image\" content=\"https:\/\/www.accidentdutravail-idf.net\/blog\/wp-content\/uploads\/2026\/04\/accident-du-travail-pres-de-castelsarrasin-un-ouvrier-grievement-blesse-apres-une-chute-de-quatre-metres-sur-un-chantier.jpg\" \/>\n<meta name=\"author\" content=\"Carlos Poulain\" \/>\n<meta name=\"twitter:card\" content=\"summary_large_image\" \/>\n<meta name=\"twitter:label1\" content=\"\u00c9crit par\" \/>\n\t<meta name=\"twitter:data1\" content=\"Carlos Poulain\" \/>\n\t<meta name=\"twitter:label2\" content=\"Dur\u00e9e de lecture estim\u00e9e\" \/>\n\t<meta name=\"twitter:data2\" content=\"2 minutes\" \/>\n<script type=\"application\/ld+json\" class=\"yoast-schema-graph\">{\"@context\":\"https:\\\/\\\/schema.org\",\"@graph\":[{\"@type\":\"Article\",\"@id\":\"https:\\\/\\\/www.accidentdutravail-idf.net\\\/blog\\\/accident-du-travail-pres-de-castelsarrasin-un-ouvrier-grievement-blesse-apres-une-chute-de-quatre-metres-sur-un-chantier\\\/#article\",\"isPartOf\":{\"@id\":\"https:\\\/\\\/www.accidentdutravail-idf.net\\\/blog\\\/accident-du-travail-pres-de-castelsarrasin-un-ouvrier-grievement-blesse-apres-une-chute-de-quatre-metres-sur-un-chantier\\\/\"},\"author\":{\"name\":\"Carlos Poulain\",\"@id\":\"https:\\\/\\\/www.accidentdutravail-idf.net\\\/blog\\\/#\\\/schema\\\/person\\\/3255d2f970de45e64bd9201f38e7b947\"},\"headline\":\"Accident du travail pr\u00e8s de Castelsarrasin : un ouvrier gri\u00e8vement bless\u00e9 apr\u00e8s une chute de quatre m\u00e8tres sur un chantier\",\"datePublished\":\"2026-04-27T09:34:00+00:00\",\"mainEntityOfPage\":{\"@id\":\"https:\\\/\\\/www.accidentdutravail-idf.net\\\/blog\\\/accident-du-travail-pres-de-castelsarrasin-un-ouvrier-grievement-blesse-apres-une-chute-de-quatre-metres-sur-un-chantier\\\/\"},\"wordCount\":447,\"publisher\":{\"@id\":\"https:\\\/\\\/www.accidentdutravail-idf.net\\\/blog\\\/#organization\"},\"image\":{\"@id\":\"https:\\\/\\\/www.accidentdutravail-idf.net\\\/blog\\\/accident-du-travail-pres-de-castelsarrasin-un-ouvrier-grievement-blesse-apres-une-chute-de-quatre-metres-sur-un-chantier\\\/#primaryimage\"},\"thumbnailUrl\":\"https:\\\/\\\/www.accidentdutravail-idf.net\\\/blog\\\/wp-content\\\/uploads\\\/2026\\\/04\\\/accident-du-travail-pres-de-castelsarrasin-un-ouvrier-grievement-blesse-apres-une-chute-de-quatre-metres-sur-un-chantier.jpg\",\"articleSection\":[\"S\u00e9curit\u00e9 Du Travail En Ile-De-France Et Divers:\"],\"inLanguage\":\"fr-FR\"},{\"@type\":\"WebPage\",\"@id\":\"https:\\\/\\\/www.accidentdutravail-idf.net\\\/blog\\\/accident-du-travail-pres-de-castelsarrasin-un-ouvrier-grievement-blesse-apres-une-chute-de-quatre-metres-sur-un-chantier\\\/\",\"url\":\"https:\\\/\\\/www.accidentdutravail-idf.net\\\/blog\\\/accident-du-travail-pres-de-castelsarrasin-un-ouvrier-grievement-blesse-apres-une-chute-de-quatre-metres-sur-un-chantier\\\/\",\"name\":\"Accident du travail pr\u00e8s de Castelsarrasin : un ouvrier gri\u00e8vement bless\u00e9 apr\u00e8s une chute de quatre m\u00e8tres sur un chantier - ACCIDENTDUTRAVAIL-IDF\",\"isPartOf\":{\"@id\":\"https:\\\/\\\/www.accidentdutravail-idf.net\\\/blog\\\/#website\"},\"primaryImageOfPage\":{\"@id\":\"https:\\\/\\\/www.accidentdutravail-idf.net\\\/blog\\\/accident-du-travail-pres-de-castelsarrasin-un-ouvrier-grievement-blesse-apres-une-chute-de-quatre-metres-sur-un-chantier\\\/#primaryimage\"},\"image\":{\"@id\":\"https:\\\/\\\/www.accidentdutravail-idf.net\\\/blog\\\/accident-du-travail-pres-de-castelsarrasin-un-ouvrier-grievement-blesse-apres-une-chute-de-quatre-metres-sur-un-chantier\\\/#primaryimage\"},\"thumbnailUrl\":\"https:\\\/\\\/www.accidentdutravail-idf.net\\\/blog\\\/wp-content\\\/uploads\\\/2026\\\/04\\\/accident-du-travail-pres-de-castelsarrasin-un-ouvrier-grievement-blesse-apres-une-chute-de-quatre-metres-sur-un-chantier.jpg\",\"datePublished\":\"2026-04-27T09:34:00+00:00\",\"description\":\"Accident du travail pr\u00e8s de Castelsarrasin : un ouvrier gri\u00e8vement bless\u00e9 apr\u00e8s une chute de quatre m\u00e8tres sur un chantier article de ACCIDENTDUTRAVAIL-IDF\",\"breadcrumb\":{\"@id\":\"https:\\\/\\\/www.accidentdutravail-idf.net\\\/blog\\\/accident-du-travail-pres-de-castelsarrasin-un-ouvrier-grievement-blesse-apres-une-chute-de-quatre-metres-sur-un-chantier\\\/#breadcrumb\"},\"inLanguage\":\"fr-FR\",\"potentialAction\":[{\"@type\":\"ReadAction\",\"target\":[\"https:\\\/\\\/www.accidentdutravail-idf.net\\\/blog\\\/accident-du-travail-pres-de-castelsarrasin-un-ouvrier-grievement-blesse-apres-une-chute-de-quatre-metres-sur-un-chantier\\\/\"]}]},{\"@type\":\"ImageObject\",\"inLanguage\":\"fr-FR\",\"@id\":\"https:\\\/\\\/www.accidentdutravail-idf.net\\\/blog\\\/accident-du-travail-pres-de-castelsarrasin-un-ouvrier-grievement-blesse-apres-une-chute-de-quatre-metres-sur-un-chantier\\\/#primaryimage\",\"url\":\"https:\\\/\\\/www.accidentdutravail-idf.net\\\/blog\\\/wp-content\\\/uploads\\\/2026\\\/04\\\/accident-du-travail-pres-de-castelsarrasin-un-ouvrier-grievement-blesse-apres-une-chute-de-quatre-metres-sur-un-chantier.jpg\",\"contentUrl\":\"https:\\\/\\\/www.accidentdutravail-idf.net\\\/blog\\\/wp-content\\\/uploads\\\/2026\\\/04\\\/accident-du-travail-pres-de-castelsarrasin-un-ouvrier-grievement-blesse-apres-une-chute-de-quatre-metres-sur-un-chantier.jpg\"},{\"@type\":\"BreadcrumbList\",\"@id\":\"https:\\\/\\\/www.accidentdutravail-idf.net\\\/blog\\\/accident-du-travail-pres-de-castelsarrasin-un-ouvrier-grievement-blesse-apres-une-chute-de-quatre-metres-sur-un-chantier\\\/#breadcrumb\",\"itemListElement\":[{\"@type\":\"ListItem\",\"position\":1,\"name\":\"Accueil\",\"item\":\"https:\\\/\\\/www.accidentdutravail-idf.net\\\/blog\\\/\"},{\"@type\":\"ListItem\",\"position\":2,\"name\":\"Accident du travail pr\u00e8s de Castelsarrasin : un ouvrier gri\u00e8vement bless\u00e9 apr\u00e8s une chute de quatre m\u00e8tres sur un chantier\"}]},{\"@type\":\"WebSite\",\"@id\":\"https:\\\/\\\/www.accidentdutravail-idf.net\\\/blog\\\/#website\",\"url\":\"https:\\\/\\\/www.accidentdutravail-idf.net\\\/blog\\\/\",\"name\":\"ACCIDENTDUTRAVAIL-IDF\",\"description\":\"Portail accidents du travail-maladies professionnelles des entreprises d&#039;Ile-de-France\",\"publisher\":{\"@id\":\"https:\\\/\\\/www.accidentdutravail-idf.net\\\/blog\\\/#organization\"},\"potentialAction\":[{\"@type\":\"SearchAction\",\"target\":{\"@type\":\"EntryPoint\",\"urlTemplate\":\"https:\\\/\\\/www.accidentdutravail-idf.net\\\/blog\\\/?s={search_term_string}\"},\"query-input\":{\"@type\":\"PropertyValueSpecification\",\"valueRequired\":true,\"valueName\":\"search_term_string\"}}],\"inLanguage\":\"fr-FR\"},{\"@type\":\"Organization\",\"@id\":\"https:\\\/\\\/www.accidentdutravail-idf.net\\\/blog\\\/#organization\",\"name\":\"accidentdutravail-idf\",\"url\":\"https:\\\/\\\/www.accidentdutravail-idf.net\\\/blog\\\/\",\"logo\":{\"@type\":\"ImageObject\",\"inLanguage\":\"fr-FR\",\"@id\":\"https:\\\/\\\/www.accidentdutravail-idf.net\\\/blog\\\/#\\\/schema\\\/logo\\\/image\\\/\",\"url\":\"https:\\\/\\\/www.accidentdutravail-idf.net\\\/blog\\\/wp-content\\\/uploads\\\/2022\\\/09\\\/logo-2.png\",\"contentUrl\":\"https:\\\/\\\/www.accidentdutravail-idf.net\\\/blog\\\/wp-content\\\/uploads\\\/2022\\\/09\\\/logo-2.png\",\"width\":380,\"height\":291,\"caption\":\"accidentdutravail-idf\"},\"image\":{\"@id\":\"https:\\\/\\\/www.accidentdutravail-idf.net\\\/blog\\\/#\\\/schema\\\/logo\\\/image\\\/\"}},{\"@type\":\"Person\",\"@id\":\"https:\\\/\\\/www.accidentdutravail-idf.net\\\/blog\\\/#\\\/schema\\\/person\\\/3255d2f970de45e64bd9201f38e7b947\",\"name\":\"Carlos Poulain\",\"image\":{\"@type\":\"ImageObject\",\"inLanguage\":\"fr-FR\",\"@id\":\"https:\\\/\\\/secure.gravatar.com\\\/avatar\\\/b1c2f9d3588e34e91adb093635df64ef4b2381991216be7576466cfcdca4baf3?s=96&d=mm&r=g\",\"url\":\"https:\\\/\\\/secure.gravatar.com\\\/avatar\\\/b1c2f9d3588e34e91adb093635df64ef4b2381991216be7576466cfcdca4baf3?s=96&d=mm&r=g\",\"contentUrl\":\"https:\\\/\\\/secure.gravatar.com\\\/avatar\\\/b1c2f9d3588e34e91adb093635df64ef4b2381991216be7576466cfcdca4baf3?s=96&d=mm&r=g\",\"caption\":\"Carlos Poulain\"},\"url\":\"https:\\\/\\\/www.accidentdutravail-idf.net\\\/blog\\\/author\\\/idfcarlos\\\/\"}]}<\/script>\n<!-- \/ Yoast SEO plugin. -->","yoast_head_json":{"title":"Accident du travail pr\u00e8s de Castelsarrasin : un ouvrier gri\u00e8vement bless\u00e9 apr\u00e8s une chute de quatre m\u00e8tres sur un chantier - ACCIDENTDUTRAVAIL-IDF","description":"Accident du travail pr\u00e8s de Castelsarrasin : un ouvrier gri\u00e8vement bless\u00e9 apr\u00e8s une chute de quatre m\u00e8tres sur un chantier article de ACCIDENTDUTRAVAIL-IDF","robots":{"index":"index","follow":"follow","max-snippet":"max-snippet:-1","max-image-preview":"max-image-preview:large","max-video-preview":"max-video-preview:-1"},"canonical":"https:\/\/www.accidentdutravail-idf.net\/blog\/accident-du-travail-pres-de-castelsarrasin-un-ouvrier-grievement-blesse-apres-une-chute-de-quatre-metres-sur-un-chantier\/","og_locale":"fr_FR","og_type":"article","og_title":"Accident du travail pr\u00e8s de Castelsarrasin : un ouvrier gri\u00e8vement bless\u00e9 apr\u00e8s une chute de quatre m\u00e8tres sur un chantier - ACCIDENTDUTRAVAIL-IDF","og_description":"Accident du travail pr\u00e8s de Castelsarrasin : un ouvrier gri\u00e8vement bless\u00e9 apr\u00e8s une chute de quatre m\u00e8tres sur un chantier article de ACCIDENTDUTRAVAIL-IDF","og_url":"https:\/\/www.accidentdutravail-idf.net\/blog\/accident-du-travail-pres-de-castelsarrasin-un-ouvrier-grievement-blesse-apres-une-chute-de-quatre-metres-sur-un-chantier\/","og_site_name":"ACCIDENTDUTRAVAIL-IDF","article_published_time":"2026-04-27T09:34:00+00:00","og_image":[{"url":"https:\/\/www.accidentdutravail-idf.net\/blog\/wp-content\/uploads\/2026\/04\/accident-du-travail-pres-de-castelsarrasin-un-ouvrier-grievement-blesse-apres-une-chute-de-quatre-metres-sur-un-chantier.jpg","type":"","width":"","height":""}],"author":"Carlos Poulain","twitter_card":"summary_large_image","twitter_misc":{"\u00c9crit par":"Carlos Poulain","Dur\u00e9e de lecture estim\u00e9e":"2 minutes"},"schema":{"@context":"https:\/\/schema.org","@graph":[{"@type":"Article","@id":"https:\/\/www.accidentdutravail-idf.net\/blog\/accident-du-travail-pres-de-castelsarrasin-un-ouvrier-grievement-blesse-apres-une-chute-de-quatre-metres-sur-un-chantier\/#article","isPartOf":{"@id":"https:\/\/www.accidentdutravail-idf.net\/blog\/accident-du-travail-pres-de-castelsarrasin-un-ouvrier-grievement-blesse-apres-une-chute-de-quatre-metres-sur-un-chantier\/"},"author":{"name":"Carlos Poulain","@id":"https:\/\/www.accidentdutravail-idf.net\/blog\/#\/schema\/person\/3255d2f970de45e64bd9201f38e7b947"},"headline":"Accident du travail pr\u00e8s de Castelsarrasin : un ouvrier gri\u00e8vement bless\u00e9 apr\u00e8s une chute de quatre m\u00e8tres sur un chantier","datePublished":"2026-04-27T09:34:00+00:00","mainEntityOfPage":{"@id":"https:\/\/www.accidentdutravail-idf.net\/blog\/accident-du-travail-pres-de-castelsarrasin-un-ouvrier-grievement-blesse-apres-une-chute-de-quatre-metres-sur-un-chantier\/"},"wordCount":447,"publisher":{"@id":"https:\/\/www.accidentdutravail-idf.net\/blog\/#organization"},"image":{"@id":"https:\/\/www.accidentdutravail-idf.net\/blog\/accident-du-travail-pres-de-castelsarrasin-un-ouvrier-grievement-blesse-apres-une-chute-de-quatre-metres-sur-un-chantier\/#primaryimage"},"thumbnailUrl":"https:\/\/www.accidentdutravail-idf.net\/blog\/wp-content\/uploads\/2026\/04\/accident-du-travail-pres-de-castelsarrasin-un-ouvrier-grievement-blesse-apres-une-chute-de-quatre-metres-sur-un-chantier.jpg","articleSection":["S\u00e9curit\u00e9 Du Travail En Ile-De-France Et Divers:"],"inLanguage":"fr-FR"},{"@type":"WebPage","@id":"https:\/\/www.accidentdutravail-idf.net\/blog\/accident-du-travail-pres-de-castelsarrasin-un-ouvrier-grievement-blesse-apres-une-chute-de-quatre-metres-sur-un-chantier\/","url":"https:\/\/www.accidentdutravail-idf.net\/blog\/accident-du-travail-pres-de-castelsarrasin-un-ouvrier-grievement-blesse-apres-une-chute-de-quatre-metres-sur-un-chantier\/","name":"Accident du travail pr\u00e8s de Castelsarrasin : un ouvrier gri\u00e8vement bless\u00e9 apr\u00e8s une chute de quatre m\u00e8tres sur un chantier - ACCIDENTDUTRAVAIL-IDF","isPartOf":{"@id":"https:\/\/www.accidentdutravail-idf.net\/blog\/#website"},"primaryImageOfPage":{"@id":"https:\/\/www.accidentdutravail-idf.net\/blog\/accident-du-travail-pres-de-castelsarrasin-un-ouvrier-grievement-blesse-apres-une-chute-de-quatre-metres-sur-un-chantier\/#primaryimage"},"image":{"@id":"https:\/\/www.accidentdutravail-idf.net\/blog\/accident-du-travail-pres-de-castelsarrasin-un-ouvrier-grievement-blesse-apres-une-chute-de-quatre-metres-sur-un-chantier\/#primaryimage"},"thumbnailUrl":"https:\/\/www.accidentdutravail-idf.net\/blog\/wp-content\/uploads\/2026\/04\/accident-du-travail-pres-de-castelsarrasin-un-ouvrier-grievement-blesse-apres-une-chute-de-quatre-metres-sur-un-chantier.jpg","datePublished":"2026-04-27T09:34:00+00:00","description":"Accident du travail pr\u00e8s de Castelsarrasin : un ouvrier gri\u00e8vement bless\u00e9 apr\u00e8s une chute de quatre m\u00e8tres sur un chantier article de ACCIDENTDUTRAVAIL-IDF","breadcrumb":{"@id":"https:\/\/www.accidentdutravail-idf.net\/blog\/accident-du-travail-pres-de-castelsarrasin-un-ouvrier-grievement-blesse-apres-une-chute-de-quatre-metres-sur-un-chantier\/#breadcrumb"},"inLanguage":"fr-FR","potentialAction":[{"@type":"ReadAction","target":["https:\/\/www.accidentdutravail-idf.net\/blog\/accident-du-travail-pres-de-castelsarrasin-un-ouvrier-grievement-blesse-apres-une-chute-de-quatre-metres-sur-un-chantier\/"]}]},{"@type":"ImageObject","inLanguage":"fr-FR","@id":"https:\/\/www.accidentdutravail-idf.net\/blog\/accident-du-travail-pres-de-castelsarrasin-un-ouvrier-grievement-blesse-apres-une-chute-de-quatre-metres-sur-un-chantier\/#primaryimage","url":"https:\/\/www.accidentdutravail-idf.net\/blog\/wp-content\/uploads\/2026\/04\/accident-du-travail-pres-de-castelsarrasin-un-ouvrier-grievement-blesse-apres-une-chute-de-quatre-metres-sur-un-chantier.jpg","contentUrl":"https:\/\/www.accidentdutravail-idf.net\/blog\/wp-content\/uploads\/2026\/04\/accident-du-travail-pres-de-castelsarrasin-un-ouvrier-grievement-blesse-apres-une-chute-de-quatre-metres-sur-un-chantier.jpg"},{"@type":"BreadcrumbList","@id":"https:\/\/www.accidentdutravail-idf.net\/blog\/accident-du-travail-pres-de-castelsarrasin-un-ouvrier-grievement-blesse-apres-une-chute-de-quatre-metres-sur-un-chantier\/#breadcrumb","itemListElement":[{"@type":"ListItem","position":1,"name":"Accueil","item":"https:\/\/www.accidentdutravail-idf.net\/blog\/"},{"@type":"ListItem","position":2,"name":"Accident du travail pr\u00e8s de Castelsarrasin : un ouvrier gri\u00e8vement bless\u00e9 apr\u00e8s une chute de quatre m\u00e8tres sur un chantier"}]},{"@type":"WebSite","@id":"https:\/\/www.accidentdutravail-idf.net\/blog\/#website","url":"https:\/\/www.accidentdutravail-idf.net\/blog\/","name":"ACCIDENTDUTRAVAIL-IDF","description":"Portail accidents du travail-maladies professionnelles des entreprises d&#039;Ile-de-France","publisher":{"@id":"https:\/\/www.accidentdutravail-idf.net\/blog\/#organization"},"potentialAction":[{"@type":"SearchAction","target":{"@type":"EntryPoint","urlTemplate":"https:\/\/www.accidentdutravail-idf.net\/blog\/?s={search_term_string}"},"query-input":{"@type":"PropertyValueSpecification","valueRequired":true,"valueName":"search_term_string"}}],"inLanguage":"fr-FR"},{"@type":"Organization","@id":"https:\/\/www.accidentdutravail-idf.net\/blog\/#organization","name":"accidentdutravail-idf","url":"https:\/\/www.accidentdutravail-idf.net\/blog\/","logo":{"@type":"ImageObject","inLanguage":"fr-FR","@id":"https:\/\/www.accidentdutravail-idf.net\/blog\/#\/schema\/logo\/image\/","url":"https:\/\/www.accidentdutravail-idf.net\/blog\/wp-content\/uploads\/2022\/09\/logo-2.png","contentUrl":"https:\/\/www.accidentdutravail-idf.net\/blog\/wp-content\/uploads\/2022\/09\/logo-2.png","width":380,"height":291,"caption":"accidentdutravail-idf"},"image":{"@id":"https:\/\/www.accidentdutravail-idf.net\/blog\/#\/schema\/logo\/image\/"}},{"@type":"Person","@id":"https:\/\/www.accidentdutravail-idf.net\/blog\/#\/schema\/person\/3255d2f970de45e64bd9201f38e7b947","name":"Carlos Poulain","image":{"@type":"ImageObject","inLanguage":"fr-FR","@id":"https:\/\/secure.gravatar.com\/avatar\/b1c2f9d3588e34e91adb093635df64ef4b2381991216be7576466cfcdca4baf3?s=96&d=mm&r=g","url":"https:\/\/secure.gravatar.com\/avatar\/b1c2f9d3588e34e91adb093635df64ef4b2381991216be7576466cfcdca4baf3?s=96&d=mm&r=g","contentUrl":"https:\/\/secure.gravatar.com\/avatar\/b1c2f9d3588e34e91adb093635df64ef4b2381991216be7576466cfcdca4baf3?s=96&d=mm&r=g","caption":"Carlos Poulain"},"url":"https:\/\/www.accidentdutravail-idf.net\/blog\/author\/idfcarlos\/"}]}},"_links":{"self":[{"href":"https:\/\/www.accidentdutravail-idf.net\/blog\/wp-json\/wp\/v2\/posts\/2373","targetHints":{"allow":["GET"]}}],"collection":[{"href":"https:\/\/www.accidentdutravail-idf.net\/blog\/wp-json\/wp\/v2\/posts"}],"about":[{"href":"https:\/\/www.accidentdutravail-idf.net\/blog\/wp-json\/wp\/v2\/types\/post"}],"author":[{"embeddable":true,"href":"https:\/\/www.accidentdutravail-idf.net\/blog\/wp-json\/wp\/v2\/users\/2"}],"replies":[{"embeddable":true,"href":"https:\/\/www.accidentdutravail-idf.net\/blog\/wp-json\/wp\/v2\/comments?post=2373"}],"version-history":[{"count":0,"href":"https:\/\/www.accidentdutravail-idf.net\/blog\/wp-json\/wp\/v2\/posts\/2373\/revisions"}],"wp:attachment":[{"href":"https:\/\/www.accidentdutravail-idf.net\/blog\/wp-json\/wp\/v2\/media?parent=2373"}],"wp:term":[{"taxonomy":"category","embeddable":true,"href":"https:\/\/www.accidentdutravail-idf.net\/blog\/wp-json\/wp\/v2\/categories?post=2373"},{"taxonomy":"post_tag","embeddable":true,"href":"https:\/\/www.accidentdutravail-idf.net\/blog\/wp-json\/wp\/v2\/tags?post=2373"}],"curies":[{"name":"wp","href":"https:\/\/api.w.org\/{rel}","templated":true}]}}