{"id":2372,"date":"2026-04-27T20:00:00","date_gmt":"2026-04-27T18:00:00","guid":{"rendered":"https:\/\/www.accidentdutravail-idf.net\/blog\/mort-au-travail-a-lustucru-lentreprise-deja-condamnee-en-2025-pour-faute-inexcusable\/"},"modified":"2026-04-27T20:00:00","modified_gmt":"2026-04-27T18:00:00","slug":"mort-au-travail-a-lustucru-lentreprise-deja-condamnee-en-2025-pour-faute-inexcusable","status":"publish","type":"post","link":"https:\/\/www.accidentdutravail-idf.net\/blog\/mort-au-travail-a-lustucru-lentreprise-deja-condamnee-en-2025-pour-faute-inexcusable\/","title":{"rendered":"Mort au travail \u00e0 Lustucru : l\u2019entreprise d\u00e9j\u00e0 condamn\u00e9e en 2025 pour \u00ab faute inexcusable \u00bb"},"content":{"rendered":"<div>\n<div class=\"wp-block-post-excerpt\">\n<p class=\"wp-block-post-excerpt__excerpt\">Vendredi 17 avril, un int\u00e9rimaire de 22 ans est mort happ\u00e9 par un laminoir dans une usine Lustucru frais, \u00e0 Saint-Genis-Laval. Apr\u00e8s le choc de cet accident de travail mortel, les salari\u00e9s ont retrouv\u00e9 le chemin du site de production, jeudi 23 avril. Pourtant, des questions restent en suspens. <\/p>\n<\/div>\n<div class=\"wp-block-group vt-post-breadcrumb not-prose is-layout-flow wp-block-group-is-layout-flow\">\n<div class=\"wp-block-group vt-post-breadcrumb__content is-content-justification-left is-layout-flex wp-block-group-is-layout-flex\">\n<div class=\"taxonomy-category wp-block-post-terms\"><a href=\"https:\/\/www.rue89lyon.fr\/actu\/\" rel=\"tag nofollow\" target=\"_blank\">Actualit\u00e9<\/a><span class=\"wp-block-post-terms__separator\">, <\/span><a href=\"https:\/\/www.rue89lyon.fr\/edition-abonnes\/\" rel=\"tag nofollow\" target=\"_blank\">\u00c9dition abonn\u00e9s<\/a><\/div>\n<\/p><\/div>\n<\/div>\n<div class=\"not-prose mb-8 md:mb-6\">\n<p> <span class=\"icon89 icon89-star-fill align-bottom mr-1.5\"><\/span> \u00c9dition abonn\u00e9s <\/p>\n<\/p><\/div>\n<div class=\"wp-block-group is-content-justification-space-between is-nowrap is-layout-flex wp-block-group-is-layout-flex\">\n<div class=\"wp-block-group is-vertical is-layout-flex wp-block-group-is-layout-flex\">\n<p>Valentin Meunier<\/p>\n<div class=\"wp-block-group not-prose vt-post-date-meta is-layout-flex wp-block-group-is-layout-flex\">\n<div class=\"wp-block-group flex-wrap is-layout-flex wp-block-group-is-layout-flex\">\n<p>Publi\u00e9 le <time datetime=\"2026-04-28T06:00:00+02:00\">28 avril 2026<\/time>&nbsp;&nbsp;\u00b7&nbsp;&nbsp;<\/p>\n<p>Imprim\u00e9 le 28 avril 2026 \u00e0 21h44&nbsp;&nbsp;\u00b7&nbsp;&nbsp;<\/p>\n<\/p><\/div>\n<p> <span class=\"icon89 icon89-clock\"><\/span> <span> 5&nbsp;minutes <\/span>\n<\/p>\n<\/div>\n<\/div><\/div>\n<\/div>\n<div>\n<p>Il a trouv\u00e9 la mort dans un terrible accident de travail, quatre mois \u00e0 peine apr\u00e8s son embauche. Un int\u00e9rimaire de 22 ans, employ\u00e9 d\u2019une usine Lustucru frais \u00e0 Saint-Genis-Laval, est d\u00e9c\u00e9d\u00e9 lors d\u2019un service de nuit, dans la nuit du vendredi 17 au samedi 18 avril.<\/p>\n<p>D\u2019apr\u00e8s les informations du <a href=\"https:\/\/www.leprogres.fr\/faits-divers-justice\/2026\/04\/19\/mort-au-travail-dans-une-usine-lustucru-les-salaries-sont-choques\" target=\"_blank\" rel=\"nofollow\"><em>Progr\u00e8s<\/em><\/a>, l\u2019accident se serait produit alors que le jeune int\u00e9rimaire effectuait une op\u00e9ration de nettoyage d\u2019un laminoir, une machine servant \u00e0 aplatir les p\u00e2tes. Si la production a \u00e9t\u00e9 interrompue les jours suivants, l\u2019\u00e9quipe de direction a annonc\u00e9 la reprise d\u2019activit\u00e9 du site, d\u00e8s jeudi 23 avril.<\/p>\n<p>Plusieurs alertes de s\u00e9curit\u00e9 avaient d\u00e9j\u00e0 \u00e9maill\u00e9 l\u2019activit\u00e9 du site. Contact\u00e9e, la direction du si\u00e8ge n\u2019a pas r\u00e9pondu \u00e0 nos questions.<\/p>\n<p> <!-- Rue89 Paywall--> <\/p>\n<div class=\"paywall mb-4 relative xl:px-0 \">\n<div class=\"bg-white border border-warning p-2 md:p-6\">\n<div class=\"bg-warning-50 p-8 md:p-18\">\n<div class=\"wp-block-group not-prose gap-4 items-center is-vertical is-content-justification-center is-layout-flex wp-block-group-is-layout-flex\">\n<figure class=\"wp-block-image size-medium is-resized\"><img decoding=\"async\" width=\"2048\" height=\"1781\" src=\"https:\/\/www.accidentdutravail-idf.net\/blog\/wp-content\/uploads\/2026\/04\/mort-au-travail-a-lustucru-lentreprise-deja-condamnee-en-2025-pour-faute-inexcusable.png\" alt=\"Abonnez-vous\" class=\"wp-image-207192\"><\/figure>\n<h2 class=\"wp-block-heading has-text-align-center has-serif-heading-font-family has-xx-large-font-size\">Cet article fait partie de l\u2019\u00e9dition abonn\u00e9s. Pour lire la suite, profitez d\u2019une offre d\u00e9couverte \u00e0 1\u20ac. Contribuez \u00e0 consolider un m\u00e9dia ind\u00e9pendant \u00e0 Lyon, en capacit\u00e9 d\u2019enqu\u00eater sur les enjeux locaux.<\/h2>\n<div class=\"wp-block-group gap-12 is-content-justification-center is-nowrap is-layout-flex wp-block-group-is-layout-flex\">\n<ul class=\"wp-block-list has-small-font-size\">\n<li class=\" align-start flex list-none mb-2\"><span class=\"icon89 icon89-lock-01 mr-2\"><\/span><span class=\"liwrap\">Paiement s\u00e9curis\u00e9<span class=\"liwrap\"><\/span><\/span><\/li>\n<\/ul>\n<ul class=\"wp-block-list has-small-font-size\">\n<li class=\" align-start flex list-none mb-2\"><span class=\"icon89 icon89-check-circle mr-2\"><\/span><span class=\"liwrap\">Sans engagement<\/span><\/li>\n<\/ul>\n<\/div>\n<\/div><\/div>\n<\/p><\/div>\n<\/p><\/div>\n<div class=\"not-prose bg-white border-t border-gray-300 bottom-0 fixed inset-x-0 p-6 pr-13 z-60 md:p-8 xl:px-0 \">\n<div class=\"flex flex-col gap-4 items-stretch justify-between max-w-7xl mx-auto w-full md:flex-row md:items-center\">\n<div class=\"flex gap-4 items-center justify-start\">\n<div class=\"h-7 hidden xl:block wp-block-site-logo wp-container-content-4\"><a href=\"https:\/\/www.rue89lyon.fr\/\" class=\"custom-logo-link\" rel=\"home nofollow\" target=\"_blank\"><img decoding=\"async\" width=\"290\" height=\"89\" src=\"https:\/\/www.accidentdutravail-idf.net\/blog\/wp-content\/uploads\/2026\/04\/mort-au-travail-a-lustucru-lentreprise-deja-condamnee-en-2025-pour-faute-inexcusable-1.png\" class=\"custom-logo\" alt=\"Rue89Lyon Infos, enqu\u00eates \u00e0 Lyon et dans la r\u00e9gion\"><\/a><\/div>\n<p> Abonnez-vous maintenant pour suivre l\u2019actualit\u00e9 locale. <\/p>\n<\/p><\/div>\n<p> <label for=\"toggle-paywall-slidebox\" class=\"absolute block right-6 top-10\"> <span class=\"icon89 icon89-chevron-up cursor-pointer leading-6 text-2xl\"><\/span> <\/label> <\/div>\n<\/div>\n<div class=\"slidebox paywall hidden loaded:block\">\n<div class=\"not-prose bg-white border-t border-gray-300 bottom-0 fixed inset-x-0 overflow-auto py-8 top-admin-bar translate-y-full z-60 transition-transform duration-slow md:top-auto peer-checked:translate-y-0\">\n<div class=\"flex flex-col gap-4 items-stretch max-w-7xl mx-auto px-8 w-full xl:flex-row xl:pb-0\">\n<div class=\"basis-full flex flex-col justify-between md:basis-1\/4\">\n<div class=\"mb-4 xl:mb-0\">\n<p class=\"font-bold font-serif-heading mb-2 text-4xl\"> L\u2019investigation locale \u00e0 port\u00e9e de main. <\/p>\n<p> Abonnez-vous et profitez d\u2019un acc\u00e8s illimit\u00e9 \u00e0 Rue89 Lyon. Annulez quand vous voulez. <\/p>\n<\/p><\/div>\n<p class=\"xl:text-sm\"> D\u00e9j\u00e0 abonn\u00e9&nbsp;? <a class=\"border border-transparent text-center transition-colors duration-instant focus:border-info focus:rounded focus:shadow-focus cursor-pointer text-black hover:text-gray-700 active:bg-black-700 font-semibold inline-block\" href=\"https:\/\/www.rue89lyon.fr\/user\/login\/?redirect=\/2026\/04\/28\/mort-au-travail-lustucru-securite-du-site-de-saint-genois-priorite-absolue\/\" target=\"_blank\" rel=\"nofollow\"><span class=\"border-b border-b-current inline-flex items-center gap-1\">Connectez-vous<\/span><\/a> <\/p>\n<\/p><\/div>\n<p> Choisissez votre formule&nbsp;: <\/p>\n<p> <label for=\"toggle-paywall-slidebox\" class=\"cursor-pointer font-semibold text-gray-600 py-1 px-2 text-center underline md:hidden\"> Fermer <\/label> <label for=\"toggle-paywall-slidebox\" class=\"absolute block right-4 top-4 xl:right-6 xl:top-10\"> <span class=\"icon89 icon89-chevron-down cursor-pointer hidden leading-6 text-2xl xl:block\"><\/span> <span class=\"icon89 icon89-x-close cursor-pointer leading-4 xl:hidden\"><\/span> <\/label> <\/div>\n<\/p><\/div>\n<\/div>\n<p> <!-- \/Rue89 Paywall--> <\/div>\n<p>accidentdutravail-idf.net vous a pr\u00e9par\u00e9 ce post qui informe du sujet \u00ab\u00a0Association Sportive Huisson-Longueville Essonne\u00a0\u00bb. La chronique se veut g\u00e9n\u00e9r\u00e9e du mieux possible. Vous pouvez utiliser les coordonn\u00e9es indiqu\u00e9es sur le site dans le but d\u2019apporter des explications sur ce post qui parle du th\u00e8me \u00ab\u00a0Association Sportive Huisson-Longueville Essonne\u00a0\u00bb. Le site accidentdutravail-idf.net a pour but de fournir diverses publications sur la th\u00e9matique Association Sportive Huisson-Longueville Essonne diffus\u00e9es sur le net. Il y aura plusieurs articles autour du sujet \u00ab\u00a0Association Sportive Huisson-Longueville Essonne\u00a0\u00bb dans quelques jours, nous vous invitons \u00e0 naviguer sur notre site web \u00e0 plusieurs reprises.<\/p>\n","protected":false},"excerpt":{"rendered":"<p>Vendredi 17 avril, un int\u00e9rimaire de 22 ans est mort happ\u00e9 par un laminoir dans une usine Lustucru frais, \u00e0 Saint-Genis-Laval. Apr\u00e8s le choc de cet accident de travail mortel, les salari\u00e9s ont retrouv\u00e9 le chemin du site de production, jeudi 23 avril. Pourtant, des questions restent en suspens. Actualit\u00e9, \u00c9dition abonn\u00e9s \u00c9dition abonn\u00e9s Valentin &hellip; <\/p>\n<p class=\"link-more\"><a href=\"https:\/\/www.accidentdutravail-idf.net\/blog\/mort-au-travail-a-lustucru-lentreprise-deja-condamnee-en-2025-pour-faute-inexcusable\/\" class=\"more-link\">Continuer la lecture <span class=\"screen-reader-text\"> \u00ab\u00a0Mort au travail \u00e0 Lustucru : l\u2019entreprise d\u00e9j\u00e0 condamn\u00e9e en 2025 pour \u00ab faute inexcusable \u00bb\u00a0\u00bb<\/span><\/a><\/p>\n","protected":false},"author":2,"featured_media":0,"comment_status":"closed","ping_status":"closed","sticky":false,"template":"","format":"standard","meta":{"footnotes":""},"categories":[5],"tags":[],"class_list":["post-2372","post","type-post","status-publish","format-standard","hentry","category-securite-du-travail-en-ile-de-france-et-divers","entry"],"yoast_head":"<!-- This site is optimized with the Yoast SEO plugin v27.5 - https:\/\/yoast.com\/product\/yoast-seo-wordpress\/ -->\n<title>Mort au travail \u00e0 Lustucru : l\u2019entreprise d\u00e9j\u00e0 condamn\u00e9e en 2025 pour \u00ab faute inexcusable \u00bb - ACCIDENTDUTRAVAIL-IDF<\/title>\n<meta name=\"description\" content=\"Mort au travail \u00e0 Lustucru : l\u2019entreprise d\u00e9j\u00e0 condamn\u00e9e en 2025 pour \u00ab faute inexcusable \u00bb article de ACCIDENTDUTRAVAIL-IDF\" \/>\n<meta name=\"robots\" content=\"index, follow, max-snippet:-1, max-image-preview:large, max-video-preview:-1\" \/>\n<link rel=\"canonical\" href=\"https:\/\/www.accidentdutravail-idf.net\/blog\/mort-au-travail-a-lustucru-lentreprise-deja-condamnee-en-2025-pour-faute-inexcusable\/\" \/>\n<meta property=\"og:locale\" content=\"fr_FR\" \/>\n<meta property=\"og:type\" content=\"article\" \/>\n<meta property=\"og:title\" content=\"Mort au travail \u00e0 Lustucru : l\u2019entreprise d\u00e9j\u00e0 condamn\u00e9e en 2025 pour \u00ab faute inexcusable \u00bb - ACCIDENTDUTRAVAIL-IDF\" \/>\n<meta property=\"og:description\" content=\"Mort au travail \u00e0 Lustucru : l\u2019entreprise d\u00e9j\u00e0 condamn\u00e9e en 2025 pour \u00ab faute inexcusable \u00bb article de ACCIDENTDUTRAVAIL-IDF\" \/>\n<meta property=\"og:url\" content=\"https:\/\/www.accidentdutravail-idf.net\/blog\/mort-au-travail-a-lustucru-lentreprise-deja-condamnee-en-2025-pour-faute-inexcusable\/\" \/>\n<meta property=\"og:site_name\" content=\"ACCIDENTDUTRAVAIL-IDF\" \/>\n<meta property=\"article:published_time\" content=\"2026-04-27T18:00:00+00:00\" \/>\n<meta name=\"author\" content=\"Carlos Poulain\" \/>\n<meta name=\"twitter:card\" content=\"summary_large_image\" \/>\n<meta name=\"twitter:label1\" content=\"\u00c9crit par\" \/>\n\t<meta name=\"twitter:data1\" content=\"Carlos Poulain\" \/>\n\t<meta name=\"twitter:label2\" content=\"Dur\u00e9e de lecture estim\u00e9e\" \/>\n\t<meta name=\"twitter:data2\" content=\"2 minutes\" \/>\n<script type=\"application\/ld+json\" class=\"yoast-schema-graph\">{\"@context\":\"https:\\\/\\\/schema.org\",\"@graph\":[{\"@type\":\"Article\",\"@id\":\"https:\\\/\\\/www.accidentdutravail-idf.net\\\/blog\\\/mort-au-travail-a-lustucru-lentreprise-deja-condamnee-en-2025-pour-faute-inexcusable\\\/#article\",\"isPartOf\":{\"@id\":\"https:\\\/\\\/www.accidentdutravail-idf.net\\\/blog\\\/mort-au-travail-a-lustucru-lentreprise-deja-condamnee-en-2025-pour-faute-inexcusable\\\/\"},\"author\":{\"name\":\"Carlos Poulain\",\"@id\":\"https:\\\/\\\/www.accidentdutravail-idf.net\\\/blog\\\/#\\\/schema\\\/person\\\/3255d2f970de45e64bd9201f38e7b947\"},\"headline\":\"Mort au travail \u00e0 Lustucru : l\u2019entreprise d\u00e9j\u00e0 condamn\u00e9e en 2025 pour \u00ab faute inexcusable \u00bb\",\"datePublished\":\"2026-04-27T18:00:00+00:00\",\"mainEntityOfPage\":{\"@id\":\"https:\\\/\\\/www.accidentdutravail-idf.net\\\/blog\\\/mort-au-travail-a-lustucru-lentreprise-deja-condamnee-en-2025-pour-faute-inexcusable\\\/\"},\"wordCount\":408,\"publisher\":{\"@id\":\"https:\\\/\\\/www.accidentdutravail-idf.net\\\/blog\\\/#organization\"},\"image\":{\"@id\":\"https:\\\/\\\/www.accidentdutravail-idf.net\\\/blog\\\/mort-au-travail-a-lustucru-lentreprise-deja-condamnee-en-2025-pour-faute-inexcusable\\\/#primaryimage\"},\"thumbnailUrl\":\"https:\\\/\\\/www.accidentdutravail-idf.net\\\/blog\\\/wp-content\\\/uploads\\\/2026\\\/04\\\/mort-au-travail-a-lustucru-lentreprise-deja-condamnee-en-2025-pour-faute-inexcusable.png\",\"articleSection\":[\"S\u00e9curit\u00e9 Du Travail En Ile-De-France Et Divers:\"],\"inLanguage\":\"fr-FR\"},{\"@type\":\"WebPage\",\"@id\":\"https:\\\/\\\/www.accidentdutravail-idf.net\\\/blog\\\/mort-au-travail-a-lustucru-lentreprise-deja-condamnee-en-2025-pour-faute-inexcusable\\\/\",\"url\":\"https:\\\/\\\/www.accidentdutravail-idf.net\\\/blog\\\/mort-au-travail-a-lustucru-lentreprise-deja-condamnee-en-2025-pour-faute-inexcusable\\\/\",\"name\":\"Mort au travail \u00e0 Lustucru : l\u2019entreprise d\u00e9j\u00e0 condamn\u00e9e en 2025 pour \u00ab faute inexcusable \u00bb - ACCIDENTDUTRAVAIL-IDF\",\"isPartOf\":{\"@id\":\"https:\\\/\\\/www.accidentdutravail-idf.net\\\/blog\\\/#website\"},\"primaryImageOfPage\":{\"@id\":\"https:\\\/\\\/www.accidentdutravail-idf.net\\\/blog\\\/mort-au-travail-a-lustucru-lentreprise-deja-condamnee-en-2025-pour-faute-inexcusable\\\/#primaryimage\"},\"image\":{\"@id\":\"https:\\\/\\\/www.accidentdutravail-idf.net\\\/blog\\\/mort-au-travail-a-lustucru-lentreprise-deja-condamnee-en-2025-pour-faute-inexcusable\\\/#primaryimage\"},\"thumbnailUrl\":\"https:\\\/\\\/www.accidentdutravail-idf.net\\\/blog\\\/wp-content\\\/uploads\\\/2026\\\/04\\\/mort-au-travail-a-lustucru-lentreprise-deja-condamnee-en-2025-pour-faute-inexcusable.png\",\"datePublished\":\"2026-04-27T18:00:00+00:00\",\"description\":\"Mort au travail \u00e0 Lustucru : l\u2019entreprise d\u00e9j\u00e0 condamn\u00e9e en 2025 pour \u00ab faute inexcusable \u00bb article de ACCIDENTDUTRAVAIL-IDF\",\"breadcrumb\":{\"@id\":\"https:\\\/\\\/www.accidentdutravail-idf.net\\\/blog\\\/mort-au-travail-a-lustucru-lentreprise-deja-condamnee-en-2025-pour-faute-inexcusable\\\/#breadcrumb\"},\"inLanguage\":\"fr-FR\",\"potentialAction\":[{\"@type\":\"ReadAction\",\"target\":[\"https:\\\/\\\/www.accidentdutravail-idf.net\\\/blog\\\/mort-au-travail-a-lustucru-lentreprise-deja-condamnee-en-2025-pour-faute-inexcusable\\\/\"]}]},{\"@type\":\"ImageObject\",\"inLanguage\":\"fr-FR\",\"@id\":\"https:\\\/\\\/www.accidentdutravail-idf.net\\\/blog\\\/mort-au-travail-a-lustucru-lentreprise-deja-condamnee-en-2025-pour-faute-inexcusable\\\/#primaryimage\",\"url\":\"\",\"contentUrl\":\"\"},{\"@type\":\"BreadcrumbList\",\"@id\":\"https:\\\/\\\/www.accidentdutravail-idf.net\\\/blog\\\/mort-au-travail-a-lustucru-lentreprise-deja-condamnee-en-2025-pour-faute-inexcusable\\\/#breadcrumb\",\"itemListElement\":[{\"@type\":\"ListItem\",\"position\":1,\"name\":\"Accueil\",\"item\":\"https:\\\/\\\/www.accidentdutravail-idf.net\\\/blog\\\/\"},{\"@type\":\"ListItem\",\"position\":2,\"name\":\"Mort au travail \u00e0 Lustucru : l\u2019entreprise d\u00e9j\u00e0 condamn\u00e9e en 2025 pour \u00ab faute inexcusable \u00bb\"}]},{\"@type\":\"WebSite\",\"@id\":\"https:\\\/\\\/www.accidentdutravail-idf.net\\\/blog\\\/#website\",\"url\":\"https:\\\/\\\/www.accidentdutravail-idf.net\\\/blog\\\/\",\"name\":\"ACCIDENTDUTRAVAIL-IDF\",\"description\":\"Portail accidents du travail-maladies professionnelles des entreprises d&#039;Ile-de-France\",\"publisher\":{\"@id\":\"https:\\\/\\\/www.accidentdutravail-idf.net\\\/blog\\\/#organization\"},\"potentialAction\":[{\"@type\":\"SearchAction\",\"target\":{\"@type\":\"EntryPoint\",\"urlTemplate\":\"https:\\\/\\\/www.accidentdutravail-idf.net\\\/blog\\\/?s={search_term_string}\"},\"query-input\":{\"@type\":\"PropertyValueSpecification\",\"valueRequired\":true,\"valueName\":\"search_term_string\"}}],\"inLanguage\":\"fr-FR\"},{\"@type\":\"Organization\",\"@id\":\"https:\\\/\\\/www.accidentdutravail-idf.net\\\/blog\\\/#organization\",\"name\":\"accidentdutravail-idf\",\"url\":\"https:\\\/\\\/www.accidentdutravail-idf.net\\\/blog\\\/\",\"logo\":{\"@type\":\"ImageObject\",\"inLanguage\":\"fr-FR\",\"@id\":\"https:\\\/\\\/www.accidentdutravail-idf.net\\\/blog\\\/#\\\/schema\\\/logo\\\/image\\\/\",\"url\":\"https:\\\/\\\/www.accidentdutravail-idf.net\\\/blog\\\/wp-content\\\/uploads\\\/2022\\\/09\\\/logo-2.png\",\"contentUrl\":\"https:\\\/\\\/www.accidentdutravail-idf.net\\\/blog\\\/wp-content\\\/uploads\\\/2022\\\/09\\\/logo-2.png\",\"width\":380,\"height\":291,\"caption\":\"accidentdutravail-idf\"},\"image\":{\"@id\":\"https:\\\/\\\/www.accidentdutravail-idf.net\\\/blog\\\/#\\\/schema\\\/logo\\\/image\\\/\"}},{\"@type\":\"Person\",\"@id\":\"https:\\\/\\\/www.accidentdutravail-idf.net\\\/blog\\\/#\\\/schema\\\/person\\\/3255d2f970de45e64bd9201f38e7b947\",\"name\":\"Carlos Poulain\",\"image\":{\"@type\":\"ImageObject\",\"inLanguage\":\"fr-FR\",\"@id\":\"https:\\\/\\\/secure.gravatar.com\\\/avatar\\\/b1c2f9d3588e34e91adb093635df64ef4b2381991216be7576466cfcdca4baf3?s=96&d=mm&r=g\",\"url\":\"https:\\\/\\\/secure.gravatar.com\\\/avatar\\\/b1c2f9d3588e34e91adb093635df64ef4b2381991216be7576466cfcdca4baf3?s=96&d=mm&r=g\",\"contentUrl\":\"https:\\\/\\\/secure.gravatar.com\\\/avatar\\\/b1c2f9d3588e34e91adb093635df64ef4b2381991216be7576466cfcdca4baf3?s=96&d=mm&r=g\",\"caption\":\"Carlos Poulain\"},\"url\":\"https:\\\/\\\/www.accidentdutravail-idf.net\\\/blog\\\/author\\\/idfcarlos\\\/\"}]}<\/script>\n<!-- \/ Yoast SEO plugin. -->","yoast_head_json":{"title":"Mort au travail \u00e0 Lustucru : l\u2019entreprise d\u00e9j\u00e0 condamn\u00e9e en 2025 pour \u00ab faute inexcusable \u00bb - ACCIDENTDUTRAVAIL-IDF","description":"Mort au travail \u00e0 Lustucru : l\u2019entreprise d\u00e9j\u00e0 condamn\u00e9e en 2025 pour \u00ab faute inexcusable \u00bb article de ACCIDENTDUTRAVAIL-IDF","robots":{"index":"index","follow":"follow","max-snippet":"max-snippet:-1","max-image-preview":"max-image-preview:large","max-video-preview":"max-video-preview:-1"},"canonical":"https:\/\/www.accidentdutravail-idf.net\/blog\/mort-au-travail-a-lustucru-lentreprise-deja-condamnee-en-2025-pour-faute-inexcusable\/","og_locale":"fr_FR","og_type":"article","og_title":"Mort au travail \u00e0 Lustucru : l\u2019entreprise d\u00e9j\u00e0 condamn\u00e9e en 2025 pour \u00ab faute inexcusable \u00bb - ACCIDENTDUTRAVAIL-IDF","og_description":"Mort au travail \u00e0 Lustucru : l\u2019entreprise d\u00e9j\u00e0 condamn\u00e9e en 2025 pour \u00ab faute inexcusable \u00bb article de ACCIDENTDUTRAVAIL-IDF","og_url":"https:\/\/www.accidentdutravail-idf.net\/blog\/mort-au-travail-a-lustucru-lentreprise-deja-condamnee-en-2025-pour-faute-inexcusable\/","og_site_name":"ACCIDENTDUTRAVAIL-IDF","article_published_time":"2026-04-27T18:00:00+00:00","author":"Carlos Poulain","twitter_card":"summary_large_image","twitter_misc":{"\u00c9crit par":"Carlos Poulain","Dur\u00e9e de lecture estim\u00e9e":"2 minutes"},"schema":{"@context":"https:\/\/schema.org","@graph":[{"@type":"Article","@id":"https:\/\/www.accidentdutravail-idf.net\/blog\/mort-au-travail-a-lustucru-lentreprise-deja-condamnee-en-2025-pour-faute-inexcusable\/#article","isPartOf":{"@id":"https:\/\/www.accidentdutravail-idf.net\/blog\/mort-au-travail-a-lustucru-lentreprise-deja-condamnee-en-2025-pour-faute-inexcusable\/"},"author":{"name":"Carlos Poulain","@id":"https:\/\/www.accidentdutravail-idf.net\/blog\/#\/schema\/person\/3255d2f970de45e64bd9201f38e7b947"},"headline":"Mort au travail \u00e0 Lustucru : l\u2019entreprise d\u00e9j\u00e0 condamn\u00e9e en 2025 pour \u00ab faute inexcusable \u00bb","datePublished":"2026-04-27T18:00:00+00:00","mainEntityOfPage":{"@id":"https:\/\/www.accidentdutravail-idf.net\/blog\/mort-au-travail-a-lustucru-lentreprise-deja-condamnee-en-2025-pour-faute-inexcusable\/"},"wordCount":408,"publisher":{"@id":"https:\/\/www.accidentdutravail-idf.net\/blog\/#organization"},"image":{"@id":"https:\/\/www.accidentdutravail-idf.net\/blog\/mort-au-travail-a-lustucru-lentreprise-deja-condamnee-en-2025-pour-faute-inexcusable\/#primaryimage"},"thumbnailUrl":"https:\/\/www.accidentdutravail-idf.net\/blog\/wp-content\/uploads\/2026\/04\/mort-au-travail-a-lustucru-lentreprise-deja-condamnee-en-2025-pour-faute-inexcusable.png","articleSection":["S\u00e9curit\u00e9 Du Travail En Ile-De-France Et Divers:"],"inLanguage":"fr-FR"},{"@type":"WebPage","@id":"https:\/\/www.accidentdutravail-idf.net\/blog\/mort-au-travail-a-lustucru-lentreprise-deja-condamnee-en-2025-pour-faute-inexcusable\/","url":"https:\/\/www.accidentdutravail-idf.net\/blog\/mort-au-travail-a-lustucru-lentreprise-deja-condamnee-en-2025-pour-faute-inexcusable\/","name":"Mort au travail \u00e0 Lustucru : l\u2019entreprise d\u00e9j\u00e0 condamn\u00e9e en 2025 pour \u00ab faute inexcusable \u00bb - ACCIDENTDUTRAVAIL-IDF","isPartOf":{"@id":"https:\/\/www.accidentdutravail-idf.net\/blog\/#website"},"primaryImageOfPage":{"@id":"https:\/\/www.accidentdutravail-idf.net\/blog\/mort-au-travail-a-lustucru-lentreprise-deja-condamnee-en-2025-pour-faute-inexcusable\/#primaryimage"},"image":{"@id":"https:\/\/www.accidentdutravail-idf.net\/blog\/mort-au-travail-a-lustucru-lentreprise-deja-condamnee-en-2025-pour-faute-inexcusable\/#primaryimage"},"thumbnailUrl":"https:\/\/www.accidentdutravail-idf.net\/blog\/wp-content\/uploads\/2026\/04\/mort-au-travail-a-lustucru-lentreprise-deja-condamnee-en-2025-pour-faute-inexcusable.png","datePublished":"2026-04-27T18:00:00+00:00","description":"Mort au travail \u00e0 Lustucru : l\u2019entreprise d\u00e9j\u00e0 condamn\u00e9e en 2025 pour \u00ab faute inexcusable \u00bb article de ACCIDENTDUTRAVAIL-IDF","breadcrumb":{"@id":"https:\/\/www.accidentdutravail-idf.net\/blog\/mort-au-travail-a-lustucru-lentreprise-deja-condamnee-en-2025-pour-faute-inexcusable\/#breadcrumb"},"inLanguage":"fr-FR","potentialAction":[{"@type":"ReadAction","target":["https:\/\/www.accidentdutravail-idf.net\/blog\/mort-au-travail-a-lustucru-lentreprise-deja-condamnee-en-2025-pour-faute-inexcusable\/"]}]},{"@type":"ImageObject","inLanguage":"fr-FR","@id":"https:\/\/www.accidentdutravail-idf.net\/blog\/mort-au-travail-a-lustucru-lentreprise-deja-condamnee-en-2025-pour-faute-inexcusable\/#primaryimage","url":"","contentUrl":""},{"@type":"BreadcrumbList","@id":"https:\/\/www.accidentdutravail-idf.net\/blog\/mort-au-travail-a-lustucru-lentreprise-deja-condamnee-en-2025-pour-faute-inexcusable\/#breadcrumb","itemListElement":[{"@type":"ListItem","position":1,"name":"Accueil","item":"https:\/\/www.accidentdutravail-idf.net\/blog\/"},{"@type":"ListItem","position":2,"name":"Mort au travail \u00e0 Lustucru : l\u2019entreprise d\u00e9j\u00e0 condamn\u00e9e en 2025 pour \u00ab faute inexcusable \u00bb"}]},{"@type":"WebSite","@id":"https:\/\/www.accidentdutravail-idf.net\/blog\/#website","url":"https:\/\/www.accidentdutravail-idf.net\/blog\/","name":"ACCIDENTDUTRAVAIL-IDF","description":"Portail accidents du travail-maladies professionnelles des entreprises d&#039;Ile-de-France","publisher":{"@id":"https:\/\/www.accidentdutravail-idf.net\/blog\/#organization"},"potentialAction":[{"@type":"SearchAction","target":{"@type":"EntryPoint","urlTemplate":"https:\/\/www.accidentdutravail-idf.net\/blog\/?s={search_term_string}"},"query-input":{"@type":"PropertyValueSpecification","valueRequired":true,"valueName":"search_term_string"}}],"inLanguage":"fr-FR"},{"@type":"Organization","@id":"https:\/\/www.accidentdutravail-idf.net\/blog\/#organization","name":"accidentdutravail-idf","url":"https:\/\/www.accidentdutravail-idf.net\/blog\/","logo":{"@type":"ImageObject","inLanguage":"fr-FR","@id":"https:\/\/www.accidentdutravail-idf.net\/blog\/#\/schema\/logo\/image\/","url":"https:\/\/www.accidentdutravail-idf.net\/blog\/wp-content\/uploads\/2022\/09\/logo-2.png","contentUrl":"https:\/\/www.accidentdutravail-idf.net\/blog\/wp-content\/uploads\/2022\/09\/logo-2.png","width":380,"height":291,"caption":"accidentdutravail-idf"},"image":{"@id":"https:\/\/www.accidentdutravail-idf.net\/blog\/#\/schema\/logo\/image\/"}},{"@type":"Person","@id":"https:\/\/www.accidentdutravail-idf.net\/blog\/#\/schema\/person\/3255d2f970de45e64bd9201f38e7b947","name":"Carlos Poulain","image":{"@type":"ImageObject","inLanguage":"fr-FR","@id":"https:\/\/secure.gravatar.com\/avatar\/b1c2f9d3588e34e91adb093635df64ef4b2381991216be7576466cfcdca4baf3?s=96&d=mm&r=g","url":"https:\/\/secure.gravatar.com\/avatar\/b1c2f9d3588e34e91adb093635df64ef4b2381991216be7576466cfcdca4baf3?s=96&d=mm&r=g","contentUrl":"https:\/\/secure.gravatar.com\/avatar\/b1c2f9d3588e34e91adb093635df64ef4b2381991216be7576466cfcdca4baf3?s=96&d=mm&r=g","caption":"Carlos Poulain"},"url":"https:\/\/www.accidentdutravail-idf.net\/blog\/author\/idfcarlos\/"}]}},"_links":{"self":[{"href":"https:\/\/www.accidentdutravail-idf.net\/blog\/wp-json\/wp\/v2\/posts\/2372","targetHints":{"allow":["GET"]}}],"collection":[{"href":"https:\/\/www.accidentdutravail-idf.net\/blog\/wp-json\/wp\/v2\/posts"}],"about":[{"href":"https:\/\/www.accidentdutravail-idf.net\/blog\/wp-json\/wp\/v2\/types\/post"}],"author":[{"embeddable":true,"href":"https:\/\/www.accidentdutravail-idf.net\/blog\/wp-json\/wp\/v2\/users\/2"}],"replies":[{"embeddable":true,"href":"https:\/\/www.accidentdutravail-idf.net\/blog\/wp-json\/wp\/v2\/comments?post=2372"}],"version-history":[{"count":0,"href":"https:\/\/www.accidentdutravail-idf.net\/blog\/wp-json\/wp\/v2\/posts\/2372\/revisions"}],"wp:attachment":[{"href":"https:\/\/www.accidentdutravail-idf.net\/blog\/wp-json\/wp\/v2\/media?parent=2372"}],"wp:term":[{"taxonomy":"category","embeddable":true,"href":"https:\/\/www.accidentdutravail-idf.net\/blog\/wp-json\/wp\/v2\/categories?post=2372"},{"taxonomy":"post_tag","embeddable":true,"href":"https:\/\/www.accidentdutravail-idf.net\/blog\/wp-json\/wp\/v2\/tags?post=2372"}],"curies":[{"name":"wp","href":"https:\/\/api.w.org\/{rel}","templated":true}]}}