{"id":2371,"date":"2026-04-28T07:58:00","date_gmt":"2026-04-28T05:58:00","guid":{"rendered":"https:\/\/www.accidentdutravail-idf.net\/blog\/rassemblement-syndical-a-paris-pour-denoncer-les-morts-au-travail\/"},"modified":"2026-04-28T07:58:00","modified_gmt":"2026-04-28T05:58:00","slug":"rassemblement-syndical-a-paris-pour-denoncer-les-morts-au-travail","status":"publish","type":"post","link":"https:\/\/www.accidentdutravail-idf.net\/blog\/rassemblement-syndical-a-paris-pour-denoncer-les-morts-au-travail\/","title":{"rendered":"Rassemblement syndical \u00e0 Paris pour d\u00e9noncer les morts au travail"},"content":{"rendered":"<div><img decoding=\"async\" src=\"https:\/\/www.accidentdutravail-idf.net\/blog\/wp-content\/uploads\/2026\/04\/rassemblement-syndical-a-paris-pour-denoncer-les-morts-au-travail.jpg\" class=\"ff-og-image-inserted\"><\/div>\n<p class=\"fig-paragraph\">Une centaine de personnes se sont rassembl\u00e9es \u00e0 l&rsquo;appel d&rsquo;une intersyndicale devant le minist\u00e8re du Travail \u00e0 Paris pour d\u00e9noncer les morts au travail et r\u00e9clamer des mesures pour <em>\u00abfaire chuter les accidents et maladies professionnelles\u00bb<\/em>, ont constat\u00e9 des journalistes de l&rsquo;AFP. <em>\u00abIl y a une h\u00e9catombe au travail en France\u00bb<\/em>, a rappel\u00e9 aupr\u00e8s de l&rsquo;AFP Denis Gravouil, secr\u00e9taire conf\u00e9d\u00e9ral de la CGT qui avait appel\u00e9 au rassemblement avec la FSU et Solidaires \u00e0 l&rsquo;occasion de la journ\u00e9e mondiale de la&nbsp;<a href=\"http:\/\/www.lefigaro.fr\/social\/au-moins-764-morts-dans-des-accidents-du-travail-en-france-en-2024-20251124\" data-fig-type=\"NewsFlash\" data-gtm-custom-categorie=\"navigation\" data-gtm-custom-action=\"crossclick\" data-gtm-custom-label=\"Contextuel\" data-gtm-event=\"customEventSPE\" data-fig-domain=\"LEFIGARO\" target=\"_blank\" rel=\"nofollow\">s\u00e9curit\u00e9 et de la sant\u00e9 au travail<\/a>. <em>\u00abOn sait ce qu&rsquo;il faut faire pour faire chuter les accidents du travail et maladies professionnelles. On en a marre de se faire promener par des promesses\u00bb<\/em>, a-t-il ajout\u00e9, plaidant pour la mise en place de plusieurs mesures.<\/p>\n<p class=\"fig-paragraph\">Parmi elles, <em>\u00abune augmentation du nombre d&rsquo;agents de contr\u00f4le du minist\u00e8re du Travail, de l&rsquo;inspection du travail et de l&rsquo;Urssaf\u00bb<\/em>, <em>\u00abune limitation du nombre de sous-traitants\u00bb<\/em> et <em>\u00able r\u00e9tablissement des comit\u00e9s hygi\u00e8ne-s\u00e9curit\u00e9 (CHSCT) qui ont \u00e9t\u00e9 supprim\u00e9s par Emmanuel Macron en 2017\u00bb<\/em>. En 2024, 764 salari\u00e9s relevant du r\u00e9gime g\u00e9n\u00e9ral sont d\u00e9c\u00e9d\u00e9s d&rsquo;un accident du travail (chiffres qui n&rsquo;incluent pas notamment les fonctionnaires ou les exploitants et salari\u00e9s agricoles), dont 22 jeunes de moins de 25 ans, selon le minist\u00e8re du Travail.<\/p>\n<figure class=\"fig-media fig-media--type-vid\" data-media-type=\"VID\" data-media-id=\"1f13cc28-c408-685e-ad83-3b02f1eeef5c\"> &lt;aside class=&quot;fig-embed fig-embed-vid&quot; data-module=&quot;lazy-component&quot; data-context=&quot;was @visible&quot; data-html=&quot;    \u00a0\u00bb data-error-class=\u00a0\u00bbfig-embed-vid&#8211;error\u00a0\u00bb data-loaded-class=\u00a0\u00bbfig-embed-vid&#8211;loaded\u00a0\u00bb&gt;<\/aside>\n<\/figure>\n<p> <a class=\"fig-a11y-skip\" href=\"https:\/\/www.lefigaro.fr\/flash-eco\/rassemblement-syndical-a-paris-pour-denoncer-les-morts-au-travail-20260428#fig-a11y-skip-main-inarticle\" data-trigger-mode=\"visible-once\" target=\"_blank\" rel=\"nofollow\"> Passer la publicit\u00e9<br \/>\n<\/a> <\/p>\n<div class=\"fig-ad-content fig-ad-content--inarticle\" data-format=\"inarticle\" aria-hidden=\"true\" data-a11y-skipped-element>\n<p>   <span class=\"fig-ad-content__ad-placeholder-text\">Publicit\u00e9<\/span> <\/p>\n<\/div>\n<h2 class=\"fig-body-heading\" id=\"subhead-5916ab35-1b7f-4f66-90bc-af2d017b06ce\">Controverse sur les stagiaires<\/h2>\n<p class=\"fig-paragraph\">Apr\u00e8s la mort d&rsquo;un lyc\u00e9en dans le Gard le 17 avril lors d&rsquo;un stage d&rsquo;observation de seconde dans une entreprise de BTP, Alex Benoist, de la FSU, a appel\u00e9 \u00e0 arr\u00eater <em>\u00abcompl\u00e8tement\u00bb<\/em> les stages de troisi\u00e8me et de seconde. <em>\u00abOn veut d\u00e9noncer l&rsquo;approche du ministre du Travail qui renvoie \u00e0 une culture du risque qui est insuffisante chez les jeunes, comme si la responsabilit\u00e9 imcombait aux jeunes\u00bb<\/em>, a-t-il soulign\u00e9. <em>\u00abNon, la responsabilit\u00e9 imcombe au gouvernement et aux employeurs\u00bb<\/em>.<\/p>\n<p class=\"fig-paragraph\">Le ministre du Travail Jean-Pierre Farandou a indiqu\u00e9 mardi \u00e0 l&rsquo;AFP que le plan sant\u00e9 au travail 2026-2030 serait pr\u00e9sent\u00e9 fin mai, en mettant l&rsquo;accent sur la pr\u00e9vention. <em>\u00abLes stagiaires, en amont de leur p\u00e9riode d&rsquo;observation en entreprise, seront inform\u00e9s et sensibilis\u00e9s \u00e0 la sant\u00e9 et la s\u00e9curit\u00e9\u00bb<\/em>, a-t-il promis. <em>\u00abUn guide relatif \u00e0 la pr\u00e9vention des risques professionnels leur sera remis au moment de la signature de leur convention de stage.\u00bb <\/em>\u00c9galement pr\u00e9sente au rassemblement, Murielle Guilbert, co-d\u00e9l\u00e9gu\u00e9e g\u00e9n\u00e9rale de l&rsquo;Union syndicale Solidaires, a d\u00e9plor\u00e9 une <em>\u00abmultiplication\u00bb<\/em> des suicides \u00e0 cause de <em>\u00abla souffrance au travail\u00bb<\/em> et regrett\u00e9 que les inspecteurs du travail n&rsquo;aient <em>\u00abplus les moyens d&rsquo;agir\u00bb<\/em>.<\/p>\n<p> accidentdutravail-idf.net vous a pr\u00e9par\u00e9 ce post qui informe du sujet \u00ab\u00a0Association Sportive Huisson-Longueville Essonne\u00a0\u00bb. La chronique se veut g\u00e9n\u00e9r\u00e9e du mieux possible. Vous pouvez utiliser les coordonn\u00e9es indiqu\u00e9es sur le site dans le but d\u2019apporter des explications sur ce post qui parle du th\u00e8me \u00ab\u00a0Association Sportive Huisson-Longueville Essonne\u00a0\u00bb. Le site accidentdutravail-idf.net a pour but de fournir diverses publications sur la th\u00e9matique Association Sportive Huisson-Longueville Essonne diffus\u00e9es sur le net. Il y aura plusieurs articles autour du sujet \u00ab\u00a0Association Sportive Huisson-Longueville Essonne\u00a0\u00bb dans quelques jours, nous vous invitons \u00e0 naviguer sur notre site web \u00e0 plusieurs reprises.<\/p>\n","protected":false},"excerpt":{"rendered":"<p>Une centaine de personnes se sont rassembl\u00e9es \u00e0 l&rsquo;appel d&rsquo;une intersyndicale devant le minist\u00e8re du Travail \u00e0 Paris pour d\u00e9noncer les morts au travail et r\u00e9clamer des mesures pour \u00abfaire chuter les accidents et maladies professionnelles\u00bb, ont constat\u00e9 des journalistes de l&rsquo;AFP. \u00abIl y a une h\u00e9catombe au travail en France\u00bb, a rappel\u00e9 aupr\u00e8s de &hellip; <\/p>\n<p class=\"link-more\"><a href=\"https:\/\/www.accidentdutravail-idf.net\/blog\/rassemblement-syndical-a-paris-pour-denoncer-les-morts-au-travail\/\" class=\"more-link\">Continuer la lecture <span class=\"screen-reader-text\"> \u00ab\u00a0Rassemblement syndical \u00e0 Paris pour d\u00e9noncer les morts au travail\u00a0\u00bb<\/span><\/a><\/p>\n","protected":false},"author":2,"featured_media":0,"comment_status":"closed","ping_status":"closed","sticky":false,"template":"","format":"standard","meta":{"footnotes":""},"categories":[5],"tags":[],"class_list":["post-2371","post","type-post","status-publish","format-standard","hentry","category-securite-du-travail-en-ile-de-france-et-divers","entry"],"yoast_head":"<!-- This site is optimized with the Yoast SEO plugin v27.5 - https:\/\/yoast.com\/product\/yoast-seo-wordpress\/ -->\n<title>Rassemblement syndical \u00e0 Paris pour d\u00e9noncer les morts au travail - ACCIDENTDUTRAVAIL-IDF<\/title>\n<meta name=\"description\" content=\"Rassemblement syndical \u00e0 Paris pour d\u00e9noncer les morts au travail article de ACCIDENTDUTRAVAIL-IDF\" \/>\n<meta name=\"robots\" content=\"index, follow, max-snippet:-1, max-image-preview:large, max-video-preview:-1\" \/>\n<link rel=\"canonical\" href=\"https:\/\/www.accidentdutravail-idf.net\/blog\/rassemblement-syndical-a-paris-pour-denoncer-les-morts-au-travail\/\" \/>\n<meta property=\"og:locale\" content=\"fr_FR\" \/>\n<meta property=\"og:type\" content=\"article\" \/>\n<meta property=\"og:title\" content=\"Rassemblement syndical \u00e0 Paris pour d\u00e9noncer les morts au travail - ACCIDENTDUTRAVAIL-IDF\" \/>\n<meta property=\"og:description\" content=\"Rassemblement syndical \u00e0 Paris pour d\u00e9noncer les morts au travail article de ACCIDENTDUTRAVAIL-IDF\" \/>\n<meta property=\"og:url\" content=\"https:\/\/www.accidentdutravail-idf.net\/blog\/rassemblement-syndical-a-paris-pour-denoncer-les-morts-au-travail\/\" \/>\n<meta property=\"og:site_name\" content=\"ACCIDENTDUTRAVAIL-IDF\" \/>\n<meta property=\"article:published_time\" content=\"2026-04-28T05:58:00+00:00\" \/>\n<meta property=\"og:image\" content=\"https:\/\/www.accidentdutravail-idf.net\/blog\/wp-content\/uploads\/2026\/04\/rassemblement-syndical-a-paris-pour-denoncer-les-morts-au-travail.jpg\" \/>\n<meta name=\"author\" content=\"Carlos Poulain\" \/>\n<meta name=\"twitter:card\" content=\"summary_large_image\" \/>\n<meta name=\"twitter:label1\" content=\"\u00c9crit par\" \/>\n\t<meta name=\"twitter:data1\" content=\"Carlos Poulain\" \/>\n\t<meta name=\"twitter:label2\" content=\"Dur\u00e9e de lecture estim\u00e9e\" \/>\n\t<meta name=\"twitter:data2\" content=\"3 minutes\" \/>\n<script type=\"application\/ld+json\" class=\"yoast-schema-graph\">{\"@context\":\"https:\\\/\\\/schema.org\",\"@graph\":[{\"@type\":\"Article\",\"@id\":\"https:\\\/\\\/www.accidentdutravail-idf.net\\\/blog\\\/rassemblement-syndical-a-paris-pour-denoncer-les-morts-au-travail\\\/#article\",\"isPartOf\":{\"@id\":\"https:\\\/\\\/www.accidentdutravail-idf.net\\\/blog\\\/rassemblement-syndical-a-paris-pour-denoncer-les-morts-au-travail\\\/\"},\"author\":{\"name\":\"Carlos Poulain\",\"@id\":\"https:\\\/\\\/www.accidentdutravail-idf.net\\\/blog\\\/#\\\/schema\\\/person\\\/3255d2f970de45e64bd9201f38e7b947\"},\"headline\":\"Rassemblement syndical \u00e0 Paris pour d\u00e9noncer les morts au travail\",\"datePublished\":\"2026-04-28T05:58:00+00:00\",\"mainEntityOfPage\":{\"@id\":\"https:\\\/\\\/www.accidentdutravail-idf.net\\\/blog\\\/rassemblement-syndical-a-paris-pour-denoncer-les-morts-au-travail\\\/\"},\"wordCount\":575,\"publisher\":{\"@id\":\"https:\\\/\\\/www.accidentdutravail-idf.net\\\/blog\\\/#organization\"},\"image\":{\"@id\":\"https:\\\/\\\/www.accidentdutravail-idf.net\\\/blog\\\/rassemblement-syndical-a-paris-pour-denoncer-les-morts-au-travail\\\/#primaryimage\"},\"thumbnailUrl\":\"https:\\\/\\\/www.accidentdutravail-idf.net\\\/blog\\\/wp-content\\\/uploads\\\/2026\\\/04\\\/rassemblement-syndical-a-paris-pour-denoncer-les-morts-au-travail.jpg\",\"articleSection\":[\"S\u00e9curit\u00e9 Du Travail En Ile-De-France Et Divers:\"],\"inLanguage\":\"fr-FR\"},{\"@type\":\"WebPage\",\"@id\":\"https:\\\/\\\/www.accidentdutravail-idf.net\\\/blog\\\/rassemblement-syndical-a-paris-pour-denoncer-les-morts-au-travail\\\/\",\"url\":\"https:\\\/\\\/www.accidentdutravail-idf.net\\\/blog\\\/rassemblement-syndical-a-paris-pour-denoncer-les-morts-au-travail\\\/\",\"name\":\"Rassemblement syndical \u00e0 Paris pour d\u00e9noncer les morts au travail - ACCIDENTDUTRAVAIL-IDF\",\"isPartOf\":{\"@id\":\"https:\\\/\\\/www.accidentdutravail-idf.net\\\/blog\\\/#website\"},\"primaryImageOfPage\":{\"@id\":\"https:\\\/\\\/www.accidentdutravail-idf.net\\\/blog\\\/rassemblement-syndical-a-paris-pour-denoncer-les-morts-au-travail\\\/#primaryimage\"},\"image\":{\"@id\":\"https:\\\/\\\/www.accidentdutravail-idf.net\\\/blog\\\/rassemblement-syndical-a-paris-pour-denoncer-les-morts-au-travail\\\/#primaryimage\"},\"thumbnailUrl\":\"https:\\\/\\\/www.accidentdutravail-idf.net\\\/blog\\\/wp-content\\\/uploads\\\/2026\\\/04\\\/rassemblement-syndical-a-paris-pour-denoncer-les-morts-au-travail.jpg\",\"datePublished\":\"2026-04-28T05:58:00+00:00\",\"description\":\"Rassemblement syndical \u00e0 Paris pour d\u00e9noncer les morts au travail article de ACCIDENTDUTRAVAIL-IDF\",\"breadcrumb\":{\"@id\":\"https:\\\/\\\/www.accidentdutravail-idf.net\\\/blog\\\/rassemblement-syndical-a-paris-pour-denoncer-les-morts-au-travail\\\/#breadcrumb\"},\"inLanguage\":\"fr-FR\",\"potentialAction\":[{\"@type\":\"ReadAction\",\"target\":[\"https:\\\/\\\/www.accidentdutravail-idf.net\\\/blog\\\/rassemblement-syndical-a-paris-pour-denoncer-les-morts-au-travail\\\/\"]}]},{\"@type\":\"ImageObject\",\"inLanguage\":\"fr-FR\",\"@id\":\"https:\\\/\\\/www.accidentdutravail-idf.net\\\/blog\\\/rassemblement-syndical-a-paris-pour-denoncer-les-morts-au-travail\\\/#primaryimage\",\"url\":\"https:\\\/\\\/www.accidentdutravail-idf.net\\\/blog\\\/wp-content\\\/uploads\\\/2026\\\/04\\\/rassemblement-syndical-a-paris-pour-denoncer-les-morts-au-travail.jpg\",\"contentUrl\":\"https:\\\/\\\/www.accidentdutravail-idf.net\\\/blog\\\/wp-content\\\/uploads\\\/2026\\\/04\\\/rassemblement-syndical-a-paris-pour-denoncer-les-morts-au-travail.jpg\"},{\"@type\":\"BreadcrumbList\",\"@id\":\"https:\\\/\\\/www.accidentdutravail-idf.net\\\/blog\\\/rassemblement-syndical-a-paris-pour-denoncer-les-morts-au-travail\\\/#breadcrumb\",\"itemListElement\":[{\"@type\":\"ListItem\",\"position\":1,\"name\":\"Accueil\",\"item\":\"https:\\\/\\\/www.accidentdutravail-idf.net\\\/blog\\\/\"},{\"@type\":\"ListItem\",\"position\":2,\"name\":\"Rassemblement syndical \u00e0 Paris pour d\u00e9noncer les morts au travail\"}]},{\"@type\":\"WebSite\",\"@id\":\"https:\\\/\\\/www.accidentdutravail-idf.net\\\/blog\\\/#website\",\"url\":\"https:\\\/\\\/www.accidentdutravail-idf.net\\\/blog\\\/\",\"name\":\"ACCIDENTDUTRAVAIL-IDF\",\"description\":\"Portail accidents du travail-maladies professionnelles des entreprises d&#039;Ile-de-France\",\"publisher\":{\"@id\":\"https:\\\/\\\/www.accidentdutravail-idf.net\\\/blog\\\/#organization\"},\"potentialAction\":[{\"@type\":\"SearchAction\",\"target\":{\"@type\":\"EntryPoint\",\"urlTemplate\":\"https:\\\/\\\/www.accidentdutravail-idf.net\\\/blog\\\/?s={search_term_string}\"},\"query-input\":{\"@type\":\"PropertyValueSpecification\",\"valueRequired\":true,\"valueName\":\"search_term_string\"}}],\"inLanguage\":\"fr-FR\"},{\"@type\":\"Organization\",\"@id\":\"https:\\\/\\\/www.accidentdutravail-idf.net\\\/blog\\\/#organization\",\"name\":\"accidentdutravail-idf\",\"url\":\"https:\\\/\\\/www.accidentdutravail-idf.net\\\/blog\\\/\",\"logo\":{\"@type\":\"ImageObject\",\"inLanguage\":\"fr-FR\",\"@id\":\"https:\\\/\\\/www.accidentdutravail-idf.net\\\/blog\\\/#\\\/schema\\\/logo\\\/image\\\/\",\"url\":\"https:\\\/\\\/www.accidentdutravail-idf.net\\\/blog\\\/wp-content\\\/uploads\\\/2022\\\/09\\\/logo-2.png\",\"contentUrl\":\"https:\\\/\\\/www.accidentdutravail-idf.net\\\/blog\\\/wp-content\\\/uploads\\\/2022\\\/09\\\/logo-2.png\",\"width\":380,\"height\":291,\"caption\":\"accidentdutravail-idf\"},\"image\":{\"@id\":\"https:\\\/\\\/www.accidentdutravail-idf.net\\\/blog\\\/#\\\/schema\\\/logo\\\/image\\\/\"}},{\"@type\":\"Person\",\"@id\":\"https:\\\/\\\/www.accidentdutravail-idf.net\\\/blog\\\/#\\\/schema\\\/person\\\/3255d2f970de45e64bd9201f38e7b947\",\"name\":\"Carlos Poulain\",\"image\":{\"@type\":\"ImageObject\",\"inLanguage\":\"fr-FR\",\"@id\":\"https:\\\/\\\/secure.gravatar.com\\\/avatar\\\/b1c2f9d3588e34e91adb093635df64ef4b2381991216be7576466cfcdca4baf3?s=96&d=mm&r=g\",\"url\":\"https:\\\/\\\/secure.gravatar.com\\\/avatar\\\/b1c2f9d3588e34e91adb093635df64ef4b2381991216be7576466cfcdca4baf3?s=96&d=mm&r=g\",\"contentUrl\":\"https:\\\/\\\/secure.gravatar.com\\\/avatar\\\/b1c2f9d3588e34e91adb093635df64ef4b2381991216be7576466cfcdca4baf3?s=96&d=mm&r=g\",\"caption\":\"Carlos Poulain\"},\"url\":\"https:\\\/\\\/www.accidentdutravail-idf.net\\\/blog\\\/author\\\/idfcarlos\\\/\"}]}<\/script>\n<!-- \/ Yoast SEO plugin. -->","yoast_head_json":{"title":"Rassemblement syndical \u00e0 Paris pour d\u00e9noncer les morts au travail - ACCIDENTDUTRAVAIL-IDF","description":"Rassemblement syndical \u00e0 Paris pour d\u00e9noncer les morts au travail article de ACCIDENTDUTRAVAIL-IDF","robots":{"index":"index","follow":"follow","max-snippet":"max-snippet:-1","max-image-preview":"max-image-preview:large","max-video-preview":"max-video-preview:-1"},"canonical":"https:\/\/www.accidentdutravail-idf.net\/blog\/rassemblement-syndical-a-paris-pour-denoncer-les-morts-au-travail\/","og_locale":"fr_FR","og_type":"article","og_title":"Rassemblement syndical \u00e0 Paris pour d\u00e9noncer les morts au travail - ACCIDENTDUTRAVAIL-IDF","og_description":"Rassemblement syndical \u00e0 Paris pour d\u00e9noncer les morts au travail article de ACCIDENTDUTRAVAIL-IDF","og_url":"https:\/\/www.accidentdutravail-idf.net\/blog\/rassemblement-syndical-a-paris-pour-denoncer-les-morts-au-travail\/","og_site_name":"ACCIDENTDUTRAVAIL-IDF","article_published_time":"2026-04-28T05:58:00+00:00","og_image":[{"url":"https:\/\/www.accidentdutravail-idf.net\/blog\/wp-content\/uploads\/2026\/04\/rassemblement-syndical-a-paris-pour-denoncer-les-morts-au-travail.jpg","type":"","width":"","height":""}],"author":"Carlos Poulain","twitter_card":"summary_large_image","twitter_misc":{"\u00c9crit par":"Carlos Poulain","Dur\u00e9e de lecture estim\u00e9e":"3 minutes"},"schema":{"@context":"https:\/\/schema.org","@graph":[{"@type":"Article","@id":"https:\/\/www.accidentdutravail-idf.net\/blog\/rassemblement-syndical-a-paris-pour-denoncer-les-morts-au-travail\/#article","isPartOf":{"@id":"https:\/\/www.accidentdutravail-idf.net\/blog\/rassemblement-syndical-a-paris-pour-denoncer-les-morts-au-travail\/"},"author":{"name":"Carlos Poulain","@id":"https:\/\/www.accidentdutravail-idf.net\/blog\/#\/schema\/person\/3255d2f970de45e64bd9201f38e7b947"},"headline":"Rassemblement syndical \u00e0 Paris pour d\u00e9noncer les morts au travail","datePublished":"2026-04-28T05:58:00+00:00","mainEntityOfPage":{"@id":"https:\/\/www.accidentdutravail-idf.net\/blog\/rassemblement-syndical-a-paris-pour-denoncer-les-morts-au-travail\/"},"wordCount":575,"publisher":{"@id":"https:\/\/www.accidentdutravail-idf.net\/blog\/#organization"},"image":{"@id":"https:\/\/www.accidentdutravail-idf.net\/blog\/rassemblement-syndical-a-paris-pour-denoncer-les-morts-au-travail\/#primaryimage"},"thumbnailUrl":"https:\/\/www.accidentdutravail-idf.net\/blog\/wp-content\/uploads\/2026\/04\/rassemblement-syndical-a-paris-pour-denoncer-les-morts-au-travail.jpg","articleSection":["S\u00e9curit\u00e9 Du Travail En Ile-De-France Et Divers:"],"inLanguage":"fr-FR"},{"@type":"WebPage","@id":"https:\/\/www.accidentdutravail-idf.net\/blog\/rassemblement-syndical-a-paris-pour-denoncer-les-morts-au-travail\/","url":"https:\/\/www.accidentdutravail-idf.net\/blog\/rassemblement-syndical-a-paris-pour-denoncer-les-morts-au-travail\/","name":"Rassemblement syndical \u00e0 Paris pour d\u00e9noncer les morts au travail - ACCIDENTDUTRAVAIL-IDF","isPartOf":{"@id":"https:\/\/www.accidentdutravail-idf.net\/blog\/#website"},"primaryImageOfPage":{"@id":"https:\/\/www.accidentdutravail-idf.net\/blog\/rassemblement-syndical-a-paris-pour-denoncer-les-morts-au-travail\/#primaryimage"},"image":{"@id":"https:\/\/www.accidentdutravail-idf.net\/blog\/rassemblement-syndical-a-paris-pour-denoncer-les-morts-au-travail\/#primaryimage"},"thumbnailUrl":"https:\/\/www.accidentdutravail-idf.net\/blog\/wp-content\/uploads\/2026\/04\/rassemblement-syndical-a-paris-pour-denoncer-les-morts-au-travail.jpg","datePublished":"2026-04-28T05:58:00+00:00","description":"Rassemblement syndical \u00e0 Paris pour d\u00e9noncer les morts au travail article de ACCIDENTDUTRAVAIL-IDF","breadcrumb":{"@id":"https:\/\/www.accidentdutravail-idf.net\/blog\/rassemblement-syndical-a-paris-pour-denoncer-les-morts-au-travail\/#breadcrumb"},"inLanguage":"fr-FR","potentialAction":[{"@type":"ReadAction","target":["https:\/\/www.accidentdutravail-idf.net\/blog\/rassemblement-syndical-a-paris-pour-denoncer-les-morts-au-travail\/"]}]},{"@type":"ImageObject","inLanguage":"fr-FR","@id":"https:\/\/www.accidentdutravail-idf.net\/blog\/rassemblement-syndical-a-paris-pour-denoncer-les-morts-au-travail\/#primaryimage","url":"https:\/\/www.accidentdutravail-idf.net\/blog\/wp-content\/uploads\/2026\/04\/rassemblement-syndical-a-paris-pour-denoncer-les-morts-au-travail.jpg","contentUrl":"https:\/\/www.accidentdutravail-idf.net\/blog\/wp-content\/uploads\/2026\/04\/rassemblement-syndical-a-paris-pour-denoncer-les-morts-au-travail.jpg"},{"@type":"BreadcrumbList","@id":"https:\/\/www.accidentdutravail-idf.net\/blog\/rassemblement-syndical-a-paris-pour-denoncer-les-morts-au-travail\/#breadcrumb","itemListElement":[{"@type":"ListItem","position":1,"name":"Accueil","item":"https:\/\/www.accidentdutravail-idf.net\/blog\/"},{"@type":"ListItem","position":2,"name":"Rassemblement syndical \u00e0 Paris pour d\u00e9noncer les morts au travail"}]},{"@type":"WebSite","@id":"https:\/\/www.accidentdutravail-idf.net\/blog\/#website","url":"https:\/\/www.accidentdutravail-idf.net\/blog\/","name":"ACCIDENTDUTRAVAIL-IDF","description":"Portail accidents du travail-maladies professionnelles des entreprises d&#039;Ile-de-France","publisher":{"@id":"https:\/\/www.accidentdutravail-idf.net\/blog\/#organization"},"potentialAction":[{"@type":"SearchAction","target":{"@type":"EntryPoint","urlTemplate":"https:\/\/www.accidentdutravail-idf.net\/blog\/?s={search_term_string}"},"query-input":{"@type":"PropertyValueSpecification","valueRequired":true,"valueName":"search_term_string"}}],"inLanguage":"fr-FR"},{"@type":"Organization","@id":"https:\/\/www.accidentdutravail-idf.net\/blog\/#organization","name":"accidentdutravail-idf","url":"https:\/\/www.accidentdutravail-idf.net\/blog\/","logo":{"@type":"ImageObject","inLanguage":"fr-FR","@id":"https:\/\/www.accidentdutravail-idf.net\/blog\/#\/schema\/logo\/image\/","url":"https:\/\/www.accidentdutravail-idf.net\/blog\/wp-content\/uploads\/2022\/09\/logo-2.png","contentUrl":"https:\/\/www.accidentdutravail-idf.net\/blog\/wp-content\/uploads\/2022\/09\/logo-2.png","width":380,"height":291,"caption":"accidentdutravail-idf"},"image":{"@id":"https:\/\/www.accidentdutravail-idf.net\/blog\/#\/schema\/logo\/image\/"}},{"@type":"Person","@id":"https:\/\/www.accidentdutravail-idf.net\/blog\/#\/schema\/person\/3255d2f970de45e64bd9201f38e7b947","name":"Carlos Poulain","image":{"@type":"ImageObject","inLanguage":"fr-FR","@id":"https:\/\/secure.gravatar.com\/avatar\/b1c2f9d3588e34e91adb093635df64ef4b2381991216be7576466cfcdca4baf3?s=96&d=mm&r=g","url":"https:\/\/secure.gravatar.com\/avatar\/b1c2f9d3588e34e91adb093635df64ef4b2381991216be7576466cfcdca4baf3?s=96&d=mm&r=g","contentUrl":"https:\/\/secure.gravatar.com\/avatar\/b1c2f9d3588e34e91adb093635df64ef4b2381991216be7576466cfcdca4baf3?s=96&d=mm&r=g","caption":"Carlos Poulain"},"url":"https:\/\/www.accidentdutravail-idf.net\/blog\/author\/idfcarlos\/"}]}},"_links":{"self":[{"href":"https:\/\/www.accidentdutravail-idf.net\/blog\/wp-json\/wp\/v2\/posts\/2371","targetHints":{"allow":["GET"]}}],"collection":[{"href":"https:\/\/www.accidentdutravail-idf.net\/blog\/wp-json\/wp\/v2\/posts"}],"about":[{"href":"https:\/\/www.accidentdutravail-idf.net\/blog\/wp-json\/wp\/v2\/types\/post"}],"author":[{"embeddable":true,"href":"https:\/\/www.accidentdutravail-idf.net\/blog\/wp-json\/wp\/v2\/users\/2"}],"replies":[{"embeddable":true,"href":"https:\/\/www.accidentdutravail-idf.net\/blog\/wp-json\/wp\/v2\/comments?post=2371"}],"version-history":[{"count":0,"href":"https:\/\/www.accidentdutravail-idf.net\/blog\/wp-json\/wp\/v2\/posts\/2371\/revisions"}],"wp:attachment":[{"href":"https:\/\/www.accidentdutravail-idf.net\/blog\/wp-json\/wp\/v2\/media?parent=2371"}],"wp:term":[{"taxonomy":"category","embeddable":true,"href":"https:\/\/www.accidentdutravail-idf.net\/blog\/wp-json\/wp\/v2\/categories?post=2371"},{"taxonomy":"post_tag","embeddable":true,"href":"https:\/\/www.accidentdutravail-idf.net\/blog\/wp-json\/wp\/v2\/tags?post=2371"}],"curies":[{"name":"wp","href":"https:\/\/api.w.org\/{rel}","templated":true}]}}