{"id":2369,"date":"2026-04-28T13:39:00","date_gmt":"2026-04-28T11:39:00","guid":{"rendered":"https:\/\/www.accidentdutravail-idf.net\/blog\/le-travail-tue-des-mineurs-apres-des-drames-dont-un-a-saint-lo-le-debat-relance-sur-les-stages-scolaires\/"},"modified":"2026-04-28T13:39:00","modified_gmt":"2026-04-28T11:39:00","slug":"le-travail-tue-des-mineurs-apres-des-drames-dont-un-a-saint-lo-le-debat-relance-sur-les-stages-scolaires","status":"publish","type":"post","link":"https:\/\/www.accidentdutravail-idf.net\/blog\/le-travail-tue-des-mineurs-apres-des-drames-dont-un-a-saint-lo-le-debat-relance-sur-les-stages-scolaires\/","title":{"rendered":"\u00ab\u00a0Le travail tue des mineurs\u00a0\u00bb: apr\u00e8s des drames dont un \u00e0 Saint-L\u00f4, le d\u00e9bat relanc\u00e9 sur les stages scolaires"},"content":{"rendered":"<div><img decoding=\"async\" src=\"https:\/\/www.accidentdutravail-idf.net\/blog\/wp-content\/uploads\/2026\/04\/le-travail-tue-des-mineurs-apres-des-drames-dont-un-a-saint-lo-le-debat-relance-sur-les-stages-scolaires.jpg\" class=\"ff-og-image-inserted\"><\/div>\n<div class=\"ac-article-date\"> Par <strong> <a href=\"https:\/\/actu.fr\/auteur\/j-munoz\" title=\"Consulter tous les articles de Julien Munoz\" target=\"_blank\" rel=\"nofollow\">Julien Munoz<\/a> <\/strong> <span> Publi\u00e9 le <time datetime=\"2026-04-28T21:39:32+02:00\"> 28 avr. 2026 \u00e0 21h39 <\/time> <\/span>\n<\/div>\n<div class=\"ac-article-actions\"> <button type=\"button\" class=\"ac-btn ac-btn--round ac-btn--border-gray ac-btn--bookmark\" data-trk=\"{&quot;cta&quot;:{&quot;action&quot;:&quot;&quot;,&quot;category&quot;:&quot;mon compte&quot;,&quot;from&quot;:&quot;article actions&quot;,&quot;name&quot;:&quot;Voir mes articles enregistr\\u00e9s&quot;,&quot;type&quot;:&quot;cta&quot;}}\" title=\"Enregistrer l'article\" aria-label=\"Enregistrer l'article\" aria-controls=\"bookmark\" aria-expanded=\"false\"> <span class=\"sr\">Enregistrer<\/span> <\/button> <button type=\"button\" class=\"ac-btn ac-btn--round ac-btn--border-gray ac-btn--share\" data-trk=\"{&quot;menu&quot;:{&quot;name&quot;:&quot;Partager&quot;,&quot;from&quot;:&quot;D\\u00e9but article&quot;}}\" title=\"Partager l'article\" aria-controls=\"share\" aria-expanded=\"false\" aria-label=\"Partager\"> <span class=\"sr\">Partager<\/span> <\/button> <\/div>\n<p class=\" wall-content\"><a href=\"https:\/\/actu.fr\/societe\/ca-narrive-pas-quaux-autres-le-combat-des-parents-daxel-16-ans-mort-en-stage-de-seconde_63468576.html\" target=\"_blank\" rel=\"nofollow\">Arnaud Darthenay<\/a> refuse que la mort de son fils reste une statistique de plus. Depuis <a href=\"https:\/\/actu.fr\/normandie\/saint-lo_50502\/un-gamin-adorable-et-investi-son-club-de-football-rend-hommage-a-axel-lyceen-decede-a-saint-lo_62796182.html\" target=\"_blank\" rel=\"nofollow\">le d\u00e9c\u00e8s d\u2019Axel, 16<\/a>&nbsp;<a href=\"https:\/\/actu.fr\/normandie\/saint-lo_50502\/un-gamin-adorable-et-investi-son-club-de-football-rend-hommage-a-axel-lyceen-decede-a-saint-lo_62796182.html\" target=\"_blank\" rel=\"nofollow\">ans,<\/a> survenu en juin&nbsp;2025 dans une entreprise de Saint-L\u00f4 (<a href=\"https:\/\/actu.fr\/normandie\/manche_50\" target=\"_blank\" rel=\"nofollow\">Manche<\/a>) lors d\u2019un stage de seconde, il s\u2019est engag\u00e9 pour faire entendre une parole de familles confront\u00e9es \u00e0 des drames \u00e9vitables.<\/p>\n<p class=\" wall-content\">Son combat vise <b>l\u2019arr\u00eat des stages d\u2019observation en classe de troisi\u00e8me et de seconde<\/b>, qu\u2019il consid\u00e8re comme une mise en danger inutile des \u00e9l\u00e8ves. Faire comprendre que \u00ab des mineurs meurent dans un contexte dans lequel il ne devrait pas se trouver. \u00bb Que son drame ne soit pas aussi celui d\u2019une autre famille lorsqu\u2019un jeune vient \u00e0 d\u00e9couvrir le monde de l\u2019entreprise. Des mois \u00e0 se battre. <a href=\"https:\/\/actu.fr\/normandie\/saint-lo_50502\/mort-daxel-16-ans-en-stage-dans-la-manche-son-pere-pousse-un-cri-dalerte-et-lance-une-petition_63400458.html\" target=\"_blank\" rel=\"nofollow\">Une p\u00e9tition<\/a> sign\u00e9e par 5 000&nbsp;personnes.<\/p>\n<blockquote class=\"ac-article-quote wall-content\">\n<p>On ne s\u2019oppose pas \u00e0 tous les stages en entreprise. On fait la distinction. Mais les stages en seconde et en troisi\u00e8me n\u2019ont pas de sens.<\/p>\n<footer>Florence Desram\u00e9, co-secr\u00e9taire Sud \u00c9ducation Manche<\/footer>\n<\/blockquote>\n<p class=\" wall-content\">Et puis, il y a deux semaines,<b> un \u00e9l\u00e8ve de 15<\/b>&nbsp;<b>ans d\u2019un lyc\u00e9e professionnel du Gard est d\u00e9c\u00e9d\u00e9<\/b>, \u00e9cras\u00e9 par un chariot \u00e9l\u00e9vateur sur son lieu de stage, une entreprise de BTP.<\/p>\n<p class=\" wall-content\">Dans la foul\u00e9e, l\u2019\u00c9tat propose de revoir sa copie. Apr\u00e8s, pourtant, \u00eatre rest\u00e9 indiff\u00e9rent aux courriers et actions de la famille d\u2019Axel. M\u00eame pas des condol\u00e9ances. Pas plus tard qu\u2019hier, faute de r\u00e9ponse, le d\u00e9put\u00e9 <a href=\"https:\/\/actu.fr\/tag\/philippe-gosselin\" target=\"_blank\" rel=\"nofollow\">Philippe Gosselin <\/a>a interpell\u00e9 directement <b>Edouard Geffray<\/b>, ministre de l\u2019\u00c9ducation nationale. Juste pour que l\u2019on daigne accorder un rendez-vous aux parents d\u2019Axel, ne serait-ce que pour les \u00e9couter.<\/p>\n<blockquote class=\"ac-article-quote wall-content\">\n<p>Aujourd\u2019hui, en seconde, on envoie les enfants dans les entreprises pendant quinze jours. On ne forme personne, il n\u2019y a pas de pr\u00e9paration. Id\u00e9alement, pour nous, il faudrait que l\u2019\u00c9ducation nationale se d\u00e9place dans les entreprises pour pr\u00e9parer la venue des enfants en bac pro. Il faut arr\u00eater que se dire qu\u2019\u00e0 partir du moment o\u00f9 une convention de stage est sign\u00e9e, il n\u2019y a plus de risques pour l\u2019enfant. C\u2019est faux et aberrant.<\/p>\n<footer>Arnaud Darthenay<\/footer>\n<\/blockquote>\n<h2 class=\" wall-content\">Le gouvernement revoit sa copie<\/h2>\n<p class=\" wall-content\">Sa d\u00e9marche ne s\u2019oppose pas \u00e0 tous les stages, mais distingue clairement ceux d\u2019observation (en 2de et en 3e), jug\u00e9s peu utiles, des stages en lyc\u00e9e professionnel, qui s\u2019inscrivent dans un apprentissage concret. Une position partag\u00e9e par le syndicat <b>Sud \u00c9ducation<\/b>.<\/p>\n<p class=\" wall-content\">Pour <b>Florence Desram\u00e9<\/b>, co-secr\u00e9taire dans la Manche, ces stages&nbsp; \u00ab n\u2019ont pas de sens \u00bb et ne contribuent pas r\u00e9ellement \u00e0 l\u2019orientation des \u00e9l\u00e8ves. Ils r\u00e9pondraient davantage \u00e0 une contrainte organisationnelle qu\u2019\u00e0 un objectif p\u00e9dagogique.<\/p>\n<p class=\" wall-content\">En 3e, les cinq jours de stage d\u2019observation sont obligatoires depuis 2005. En 2nde g\u00e9n\u00e9rale et technologique, les deux semaines de stage ont \u00e9t\u00e9 mises en place plus r\u00e9cemment, en 2024, malgr\u00e9 l\u2019opposition des associations de parents d\u2019\u00e9l\u00e8ves et des organisations syndicales. Le gouvernement envisage de <b>remanier<\/b> ces stages en proposant aux \u00e9l\u00e8ves de remplacer le stage par des visites group\u00e9es en entreprises.<\/p>\n<blockquote class=\"ac-article-quote wall-content\">\n<p>Ces propositions-l\u00e0 ne tiennent pas la route. On ne peut pas accepter que des familles perdent leur enfant dans un contexte qui n\u2019est pas organis\u00e9. Accueillir un \u00e9l\u00e8ve en entreprise, cela se pr\u00e9pare. Cela ne se fait du jour au lendemain. On fait prendre des risques aux enfants, sinon.<\/p>\n<footer>Antonio Gomes, cosecr\u00e9taire de Sud \u00c9ducation dans la Manche<\/footer>\n<\/blockquote>\n<h2 class=\" wall-content\">\u00ab&nbsp;Le travail tue des mineurs&nbsp;\u00bb<\/h2>\n<p class=\" wall-content\">Il r\u00e9clame plus de moyens pour la pr\u00e9vention. La s\u00e9curit\u00e9 au travail est une culture \u00e0 apprendre. Chez les moins de 25&nbsp;ans, plus de la moiti\u00e9 des accidents du travail ont lieu pendant la premi\u00e8re ann\u00e9e de pr\u00e9sence en entreprise. \u00ab Aujourd\u2019hui, <b>le travail tue les mineurs<\/b>, souffle Antonio Gomes. C\u2019est une triste r\u00e9alit\u00e9. Les chiffres sont l\u00e0 pour l\u2019attester. Et l\u2019administration ne peut plus le contester. \u00bb<\/p>\n<p data-end=\"3027\" class=\" wall-content\">\u00c0 chaque fois, derri\u00e8re les chiffres d\u2019une <b>s\u00e9rie noire<\/b>, derri\u00e8re ces drames sit\u00f4t destin\u00e9s \u00e0 la rubrique des faits divers, le destin de jeunes qui ont perdu la vie \u00e0 l\u2019\u00e2ge o\u00f9, logiquement, on commence \u00e0 envisager de la construire.<\/p>\n<p data-end=\"3027\" class=\" wall-content\">Le 30&nbsp;avril 2025, un \u00e9l\u00e8ve apprenti ma\u00e7on \u00e2g\u00e9 de 15&nbsp;ans a perdu la sienne sur un chantier \u00e0 Saint-Martin-du-Var. Le 16&nbsp;mai 2025, un lyc\u00e9en pr\u00e9parant un bac professionnel trouve la mort en Sa\u00f4ne-et-Loire dans l\u2019entreprise o\u00f9 il \u00e9tait en stage. Le 27&nbsp;juin 2025, une jeune femme de 19&nbsp;ans qui suit une formation dans un lyc\u00e9e agricole de Corr\u00e8ze perd la vie dans la ferme o\u00f9 il est en stage. Le 4&nbsp;juillet de l\u2019an dernier, un jeune homme de 16&nbsp;ans meurt \u00e0 son tour dans une exploitation agricole.<\/p>\n<p data-end=\"3415\" data-is-only-node class=\" wall-content\">Derri\u00e8re chaque chiffre, il y a des vies interrompues pr\u00e9matur\u00e9ment. Pour Arnaud Darthenay, l\u2019enjeu d\u00e9passe son propre drame : il s\u2019agit de faire reconna\u00eetre que ces morts ne sont ni in\u00e9vitables ni acceptables. \u00ab <b>On ne peut pas accepter que des jeunes disparaissent l\u00e0 o\u00f9 ils \u00e9taient cens\u00e9s apprendre<\/b>, avancer, grandir \u00bb, affirme-t-il.<\/p>\n<p class=\" wall-content\"><i>Personnalisez votre actualit\u00e9 en ajoutant vos villes et m\u00e9dias en favori avec <a href=\"https:\/\/moncompte.actu.fr\" title=\"D\u00e9couvez Mon Actu\" rel=\"nofollow\" data-trk=\"{&quot;cta&quot;:{&quot;action&quot;:&quot;https:\\\/\\\/moncompte.actu.fr&quot;,&quot;category&quot;:&quot;mon compte&quot;,&quot;from&quot;:&quot;article footer&quot;,&quot;name&quot;:&quot;Mon actu&quot;,&quot;type&quot;:&quot;cta&quot;}}\" target=\"_blank\">Mon Actu<\/a>.<\/i><\/p>\n<p> accidentdutravail-idf.net vous a pr\u00e9par\u00e9 ce post qui informe du sujet \u00ab\u00a0Association Sportive Huisson-Longueville Essonne\u00a0\u00bb. La chronique se veut g\u00e9n\u00e9r\u00e9e du mieux possible. Vous pouvez utiliser les coordonn\u00e9es indiqu\u00e9es sur le site dans le but d\u2019apporter des explications sur ce post qui parle du th\u00e8me \u00ab\u00a0Association Sportive Huisson-Longueville Essonne\u00a0\u00bb. Le site accidentdutravail-idf.net a pour but de fournir diverses publications sur la th\u00e9matique Association Sportive Huisson-Longueville Essonne diffus\u00e9es sur le net. Il y aura plusieurs articles autour du sujet \u00ab\u00a0Association Sportive Huisson-Longueville Essonne\u00a0\u00bb dans quelques jours, nous vous invitons \u00e0 naviguer sur notre site web \u00e0 plusieurs reprises.<\/p>\n","protected":false},"excerpt":{"rendered":"<p>Par Julien Munoz Publi\u00e9 le 28 avr. 2026 \u00e0 21h39 Enregistrer Partager Arnaud Darthenay refuse que la mort de son fils reste une statistique de plus. Depuis le d\u00e9c\u00e8s d\u2019Axel, 16&nbsp;ans, survenu en juin&nbsp;2025 dans une entreprise de Saint-L\u00f4 (Manche) lors d\u2019un stage de seconde, il s\u2019est engag\u00e9 pour faire entendre une parole de familles &hellip; <\/p>\n<p class=\"link-more\"><a href=\"https:\/\/www.accidentdutravail-idf.net\/blog\/le-travail-tue-des-mineurs-apres-des-drames-dont-un-a-saint-lo-le-debat-relance-sur-les-stages-scolaires\/\" class=\"more-link\">Continuer la lecture <span class=\"screen-reader-text\"> \u00ab\u00a0\u00ab\u00a0Le travail tue des mineurs\u00a0\u00bb: apr\u00e8s des drames dont un \u00e0 Saint-L\u00f4, le d\u00e9bat relanc\u00e9 sur les stages scolaires\u00a0\u00bb<\/span><\/a><\/p>\n","protected":false},"author":2,"featured_media":0,"comment_status":"closed","ping_status":"closed","sticky":false,"template":"","format":"standard","meta":{"footnotes":""},"categories":[5],"tags":[],"class_list":["post-2369","post","type-post","status-publish","format-standard","hentry","category-securite-du-travail-en-ile-de-france-et-divers","entry"],"yoast_head":"<!-- This site is optimized with the Yoast SEO plugin v27.5 - https:\/\/yoast.com\/product\/yoast-seo-wordpress\/ -->\n<title>&quot;Le travail tue des mineurs&quot;: apr\u00e8s des drames dont un \u00e0 Saint-L\u00f4, le d\u00e9bat relanc\u00e9 sur les stages scolaires - ACCIDENTDUTRAVAIL-IDF<\/title>\n<meta name=\"description\" content=\"&quot;Le travail tue des mineurs&quot;: apr\u00e8s des drames dont un \u00e0 Saint-L\u00f4, le d\u00e9bat relanc\u00e9 sur les stages scolaires article de ACCIDENTDUTRAVAIL-IDF\" \/>\n<meta name=\"robots\" content=\"index, follow, max-snippet:-1, max-image-preview:large, max-video-preview:-1\" \/>\n<link rel=\"canonical\" href=\"https:\/\/www.accidentdutravail-idf.net\/blog\/le-travail-tue-des-mineurs-apres-des-drames-dont-un-a-saint-lo-le-debat-relance-sur-les-stages-scolaires\/\" \/>\n<meta property=\"og:locale\" content=\"fr_FR\" \/>\n<meta property=\"og:type\" content=\"article\" \/>\n<meta property=\"og:title\" content=\"&quot;Le travail tue des mineurs&quot;: apr\u00e8s des drames dont un \u00e0 Saint-L\u00f4, le d\u00e9bat relanc\u00e9 sur les stages scolaires - ACCIDENTDUTRAVAIL-IDF\" \/>\n<meta property=\"og:description\" content=\"&quot;Le travail tue des mineurs&quot;: apr\u00e8s des drames dont un \u00e0 Saint-L\u00f4, le d\u00e9bat relanc\u00e9 sur les stages scolaires article de ACCIDENTDUTRAVAIL-IDF\" \/>\n<meta property=\"og:url\" content=\"https:\/\/www.accidentdutravail-idf.net\/blog\/le-travail-tue-des-mineurs-apres-des-drames-dont-un-a-saint-lo-le-debat-relance-sur-les-stages-scolaires\/\" \/>\n<meta property=\"og:site_name\" content=\"ACCIDENTDUTRAVAIL-IDF\" \/>\n<meta property=\"article:published_time\" content=\"2026-04-28T11:39:00+00:00\" \/>\n<meta property=\"og:image\" content=\"https:\/\/www.accidentdutravail-idf.net\/blog\/wp-content\/uploads\/2026\/04\/le-travail-tue-des-mineurs-apres-des-drames-dont-un-a-saint-lo-le-debat-relance-sur-les-stages-scolaires.jpg\" \/>\n<meta name=\"author\" content=\"Carlos Poulain\" \/>\n<meta name=\"twitter:card\" content=\"summary_large_image\" \/>\n<meta name=\"twitter:label1\" content=\"\u00c9crit par\" \/>\n\t<meta name=\"twitter:data1\" content=\"Carlos Poulain\" \/>\n\t<meta name=\"twitter:label2\" content=\"Dur\u00e9e de lecture estim\u00e9e\" \/>\n\t<meta name=\"twitter:data2\" content=\"5 minutes\" \/>\n<script type=\"application\/ld+json\" class=\"yoast-schema-graph\">{\"@context\":\"https:\\\/\\\/schema.org\",\"@graph\":[{\"@type\":\"Article\",\"@id\":\"https:\\\/\\\/www.accidentdutravail-idf.net\\\/blog\\\/le-travail-tue-des-mineurs-apres-des-drames-dont-un-a-saint-lo-le-debat-relance-sur-les-stages-scolaires\\\/#article\",\"isPartOf\":{\"@id\":\"https:\\\/\\\/www.accidentdutravail-idf.net\\\/blog\\\/le-travail-tue-des-mineurs-apres-des-drames-dont-un-a-saint-lo-le-debat-relance-sur-les-stages-scolaires\\\/\"},\"author\":{\"name\":\"Carlos Poulain\",\"@id\":\"https:\\\/\\\/www.accidentdutravail-idf.net\\\/blog\\\/#\\\/schema\\\/person\\\/3255d2f970de45e64bd9201f38e7b947\"},\"headline\":\"\u00ab\u00a0Le travail tue des mineurs\u00a0\u00bb: apr\u00e8s des drames dont un \u00e0 Saint-L\u00f4, le d\u00e9bat relanc\u00e9 sur les stages scolaires\",\"datePublished\":\"2026-04-28T11:39:00+00:00\",\"mainEntityOfPage\":{\"@id\":\"https:\\\/\\\/www.accidentdutravail-idf.net\\\/blog\\\/le-travail-tue-des-mineurs-apres-des-drames-dont-un-a-saint-lo-le-debat-relance-sur-les-stages-scolaires\\\/\"},\"wordCount\":1033,\"publisher\":{\"@id\":\"https:\\\/\\\/www.accidentdutravail-idf.net\\\/blog\\\/#organization\"},\"image\":{\"@id\":\"https:\\\/\\\/www.accidentdutravail-idf.net\\\/blog\\\/le-travail-tue-des-mineurs-apres-des-drames-dont-un-a-saint-lo-le-debat-relance-sur-les-stages-scolaires\\\/#primaryimage\"},\"thumbnailUrl\":\"https:\\\/\\\/www.accidentdutravail-idf.net\\\/blog\\\/wp-content\\\/uploads\\\/2026\\\/04\\\/le-travail-tue-des-mineurs-apres-des-drames-dont-un-a-saint-lo-le-debat-relance-sur-les-stages-scolaires.jpg\",\"articleSection\":[\"S\u00e9curit\u00e9 Du Travail En Ile-De-France Et Divers:\"],\"inLanguage\":\"fr-FR\"},{\"@type\":\"WebPage\",\"@id\":\"https:\\\/\\\/www.accidentdutravail-idf.net\\\/blog\\\/le-travail-tue-des-mineurs-apres-des-drames-dont-un-a-saint-lo-le-debat-relance-sur-les-stages-scolaires\\\/\",\"url\":\"https:\\\/\\\/www.accidentdutravail-idf.net\\\/blog\\\/le-travail-tue-des-mineurs-apres-des-drames-dont-un-a-saint-lo-le-debat-relance-sur-les-stages-scolaires\\\/\",\"name\":\"\\\"Le travail tue des mineurs\\\": apr\u00e8s des drames dont un \u00e0 Saint-L\u00f4, le d\u00e9bat relanc\u00e9 sur les stages scolaires - ACCIDENTDUTRAVAIL-IDF\",\"isPartOf\":{\"@id\":\"https:\\\/\\\/www.accidentdutravail-idf.net\\\/blog\\\/#website\"},\"primaryImageOfPage\":{\"@id\":\"https:\\\/\\\/www.accidentdutravail-idf.net\\\/blog\\\/le-travail-tue-des-mineurs-apres-des-drames-dont-un-a-saint-lo-le-debat-relance-sur-les-stages-scolaires\\\/#primaryimage\"},\"image\":{\"@id\":\"https:\\\/\\\/www.accidentdutravail-idf.net\\\/blog\\\/le-travail-tue-des-mineurs-apres-des-drames-dont-un-a-saint-lo-le-debat-relance-sur-les-stages-scolaires\\\/#primaryimage\"},\"thumbnailUrl\":\"https:\\\/\\\/www.accidentdutravail-idf.net\\\/blog\\\/wp-content\\\/uploads\\\/2026\\\/04\\\/le-travail-tue-des-mineurs-apres-des-drames-dont-un-a-saint-lo-le-debat-relance-sur-les-stages-scolaires.jpg\",\"datePublished\":\"2026-04-28T11:39:00+00:00\",\"description\":\"\\\"Le travail tue des mineurs\\\": apr\u00e8s des drames dont un \u00e0 Saint-L\u00f4, le d\u00e9bat relanc\u00e9 sur les stages scolaires article de ACCIDENTDUTRAVAIL-IDF\",\"breadcrumb\":{\"@id\":\"https:\\\/\\\/www.accidentdutravail-idf.net\\\/blog\\\/le-travail-tue-des-mineurs-apres-des-drames-dont-un-a-saint-lo-le-debat-relance-sur-les-stages-scolaires\\\/#breadcrumb\"},\"inLanguage\":\"fr-FR\",\"potentialAction\":[{\"@type\":\"ReadAction\",\"target\":[\"https:\\\/\\\/www.accidentdutravail-idf.net\\\/blog\\\/le-travail-tue-des-mineurs-apres-des-drames-dont-un-a-saint-lo-le-debat-relance-sur-les-stages-scolaires\\\/\"]}]},{\"@type\":\"ImageObject\",\"inLanguage\":\"fr-FR\",\"@id\":\"https:\\\/\\\/www.accidentdutravail-idf.net\\\/blog\\\/le-travail-tue-des-mineurs-apres-des-drames-dont-un-a-saint-lo-le-debat-relance-sur-les-stages-scolaires\\\/#primaryimage\",\"url\":\"https:\\\/\\\/www.accidentdutravail-idf.net\\\/blog\\\/wp-content\\\/uploads\\\/2026\\\/04\\\/le-travail-tue-des-mineurs-apres-des-drames-dont-un-a-saint-lo-le-debat-relance-sur-les-stages-scolaires.jpg\",\"contentUrl\":\"https:\\\/\\\/www.accidentdutravail-idf.net\\\/blog\\\/wp-content\\\/uploads\\\/2026\\\/04\\\/le-travail-tue-des-mineurs-apres-des-drames-dont-un-a-saint-lo-le-debat-relance-sur-les-stages-scolaires.jpg\"},{\"@type\":\"BreadcrumbList\",\"@id\":\"https:\\\/\\\/www.accidentdutravail-idf.net\\\/blog\\\/le-travail-tue-des-mineurs-apres-des-drames-dont-un-a-saint-lo-le-debat-relance-sur-les-stages-scolaires\\\/#breadcrumb\",\"itemListElement\":[{\"@type\":\"ListItem\",\"position\":1,\"name\":\"Accueil\",\"item\":\"https:\\\/\\\/www.accidentdutravail-idf.net\\\/blog\\\/\"},{\"@type\":\"ListItem\",\"position\":2,\"name\":\"\u00ab\u00a0Le travail tue des mineurs\u00a0\u00bb: apr\u00e8s des drames dont un \u00e0 Saint-L\u00f4, le d\u00e9bat relanc\u00e9 sur les stages scolaires\"}]},{\"@type\":\"WebSite\",\"@id\":\"https:\\\/\\\/www.accidentdutravail-idf.net\\\/blog\\\/#website\",\"url\":\"https:\\\/\\\/www.accidentdutravail-idf.net\\\/blog\\\/\",\"name\":\"ACCIDENTDUTRAVAIL-IDF\",\"description\":\"Portail accidents du travail-maladies professionnelles des entreprises d&#039;Ile-de-France\",\"publisher\":{\"@id\":\"https:\\\/\\\/www.accidentdutravail-idf.net\\\/blog\\\/#organization\"},\"potentialAction\":[{\"@type\":\"SearchAction\",\"target\":{\"@type\":\"EntryPoint\",\"urlTemplate\":\"https:\\\/\\\/www.accidentdutravail-idf.net\\\/blog\\\/?s={search_term_string}\"},\"query-input\":{\"@type\":\"PropertyValueSpecification\",\"valueRequired\":true,\"valueName\":\"search_term_string\"}}],\"inLanguage\":\"fr-FR\"},{\"@type\":\"Organization\",\"@id\":\"https:\\\/\\\/www.accidentdutravail-idf.net\\\/blog\\\/#organization\",\"name\":\"accidentdutravail-idf\",\"url\":\"https:\\\/\\\/www.accidentdutravail-idf.net\\\/blog\\\/\",\"logo\":{\"@type\":\"ImageObject\",\"inLanguage\":\"fr-FR\",\"@id\":\"https:\\\/\\\/www.accidentdutravail-idf.net\\\/blog\\\/#\\\/schema\\\/logo\\\/image\\\/\",\"url\":\"https:\\\/\\\/www.accidentdutravail-idf.net\\\/blog\\\/wp-content\\\/uploads\\\/2022\\\/09\\\/logo-2.png\",\"contentUrl\":\"https:\\\/\\\/www.accidentdutravail-idf.net\\\/blog\\\/wp-content\\\/uploads\\\/2022\\\/09\\\/logo-2.png\",\"width\":380,\"height\":291,\"caption\":\"accidentdutravail-idf\"},\"image\":{\"@id\":\"https:\\\/\\\/www.accidentdutravail-idf.net\\\/blog\\\/#\\\/schema\\\/logo\\\/image\\\/\"}},{\"@type\":\"Person\",\"@id\":\"https:\\\/\\\/www.accidentdutravail-idf.net\\\/blog\\\/#\\\/schema\\\/person\\\/3255d2f970de45e64bd9201f38e7b947\",\"name\":\"Carlos Poulain\",\"image\":{\"@type\":\"ImageObject\",\"inLanguage\":\"fr-FR\",\"@id\":\"https:\\\/\\\/secure.gravatar.com\\\/avatar\\\/b1c2f9d3588e34e91adb093635df64ef4b2381991216be7576466cfcdca4baf3?s=96&d=mm&r=g\",\"url\":\"https:\\\/\\\/secure.gravatar.com\\\/avatar\\\/b1c2f9d3588e34e91adb093635df64ef4b2381991216be7576466cfcdca4baf3?s=96&d=mm&r=g\",\"contentUrl\":\"https:\\\/\\\/secure.gravatar.com\\\/avatar\\\/b1c2f9d3588e34e91adb093635df64ef4b2381991216be7576466cfcdca4baf3?s=96&d=mm&r=g\",\"caption\":\"Carlos Poulain\"},\"url\":\"https:\\\/\\\/www.accidentdutravail-idf.net\\\/blog\\\/author\\\/idfcarlos\\\/\"}]}<\/script>\n<!-- \/ Yoast SEO plugin. -->","yoast_head_json":{"title":"\"Le travail tue des mineurs\": apr\u00e8s des drames dont un \u00e0 Saint-L\u00f4, le d\u00e9bat relanc\u00e9 sur les stages scolaires - ACCIDENTDUTRAVAIL-IDF","description":"\"Le travail tue des mineurs\": apr\u00e8s des drames dont un \u00e0 Saint-L\u00f4, le d\u00e9bat relanc\u00e9 sur les stages scolaires article de ACCIDENTDUTRAVAIL-IDF","robots":{"index":"index","follow":"follow","max-snippet":"max-snippet:-1","max-image-preview":"max-image-preview:large","max-video-preview":"max-video-preview:-1"},"canonical":"https:\/\/www.accidentdutravail-idf.net\/blog\/le-travail-tue-des-mineurs-apres-des-drames-dont-un-a-saint-lo-le-debat-relance-sur-les-stages-scolaires\/","og_locale":"fr_FR","og_type":"article","og_title":"\"Le travail tue des mineurs\": apr\u00e8s des drames dont un \u00e0 Saint-L\u00f4, le d\u00e9bat relanc\u00e9 sur les stages scolaires - ACCIDENTDUTRAVAIL-IDF","og_description":"\"Le travail tue des mineurs\": apr\u00e8s des drames dont un \u00e0 Saint-L\u00f4, le d\u00e9bat relanc\u00e9 sur les stages scolaires article de ACCIDENTDUTRAVAIL-IDF","og_url":"https:\/\/www.accidentdutravail-idf.net\/blog\/le-travail-tue-des-mineurs-apres-des-drames-dont-un-a-saint-lo-le-debat-relance-sur-les-stages-scolaires\/","og_site_name":"ACCIDENTDUTRAVAIL-IDF","article_published_time":"2026-04-28T11:39:00+00:00","og_image":[{"url":"https:\/\/www.accidentdutravail-idf.net\/blog\/wp-content\/uploads\/2026\/04\/le-travail-tue-des-mineurs-apres-des-drames-dont-un-a-saint-lo-le-debat-relance-sur-les-stages-scolaires.jpg","type":"","width":"","height":""}],"author":"Carlos Poulain","twitter_card":"summary_large_image","twitter_misc":{"\u00c9crit par":"Carlos Poulain","Dur\u00e9e de lecture estim\u00e9e":"5 minutes"},"schema":{"@context":"https:\/\/schema.org","@graph":[{"@type":"Article","@id":"https:\/\/www.accidentdutravail-idf.net\/blog\/le-travail-tue-des-mineurs-apres-des-drames-dont-un-a-saint-lo-le-debat-relance-sur-les-stages-scolaires\/#article","isPartOf":{"@id":"https:\/\/www.accidentdutravail-idf.net\/blog\/le-travail-tue-des-mineurs-apres-des-drames-dont-un-a-saint-lo-le-debat-relance-sur-les-stages-scolaires\/"},"author":{"name":"Carlos Poulain","@id":"https:\/\/www.accidentdutravail-idf.net\/blog\/#\/schema\/person\/3255d2f970de45e64bd9201f38e7b947"},"headline":"\u00ab\u00a0Le travail tue des mineurs\u00a0\u00bb: apr\u00e8s des drames dont un \u00e0 Saint-L\u00f4, le d\u00e9bat relanc\u00e9 sur les stages scolaires","datePublished":"2026-04-28T11:39:00+00:00","mainEntityOfPage":{"@id":"https:\/\/www.accidentdutravail-idf.net\/blog\/le-travail-tue-des-mineurs-apres-des-drames-dont-un-a-saint-lo-le-debat-relance-sur-les-stages-scolaires\/"},"wordCount":1033,"publisher":{"@id":"https:\/\/www.accidentdutravail-idf.net\/blog\/#organization"},"image":{"@id":"https:\/\/www.accidentdutravail-idf.net\/blog\/le-travail-tue-des-mineurs-apres-des-drames-dont-un-a-saint-lo-le-debat-relance-sur-les-stages-scolaires\/#primaryimage"},"thumbnailUrl":"https:\/\/www.accidentdutravail-idf.net\/blog\/wp-content\/uploads\/2026\/04\/le-travail-tue-des-mineurs-apres-des-drames-dont-un-a-saint-lo-le-debat-relance-sur-les-stages-scolaires.jpg","articleSection":["S\u00e9curit\u00e9 Du Travail En Ile-De-France Et Divers:"],"inLanguage":"fr-FR"},{"@type":"WebPage","@id":"https:\/\/www.accidentdutravail-idf.net\/blog\/le-travail-tue-des-mineurs-apres-des-drames-dont-un-a-saint-lo-le-debat-relance-sur-les-stages-scolaires\/","url":"https:\/\/www.accidentdutravail-idf.net\/blog\/le-travail-tue-des-mineurs-apres-des-drames-dont-un-a-saint-lo-le-debat-relance-sur-les-stages-scolaires\/","name":"\"Le travail tue des mineurs\": apr\u00e8s des drames dont un \u00e0 Saint-L\u00f4, le d\u00e9bat relanc\u00e9 sur les stages scolaires - ACCIDENTDUTRAVAIL-IDF","isPartOf":{"@id":"https:\/\/www.accidentdutravail-idf.net\/blog\/#website"},"primaryImageOfPage":{"@id":"https:\/\/www.accidentdutravail-idf.net\/blog\/le-travail-tue-des-mineurs-apres-des-drames-dont-un-a-saint-lo-le-debat-relance-sur-les-stages-scolaires\/#primaryimage"},"image":{"@id":"https:\/\/www.accidentdutravail-idf.net\/blog\/le-travail-tue-des-mineurs-apres-des-drames-dont-un-a-saint-lo-le-debat-relance-sur-les-stages-scolaires\/#primaryimage"},"thumbnailUrl":"https:\/\/www.accidentdutravail-idf.net\/blog\/wp-content\/uploads\/2026\/04\/le-travail-tue-des-mineurs-apres-des-drames-dont-un-a-saint-lo-le-debat-relance-sur-les-stages-scolaires.jpg","datePublished":"2026-04-28T11:39:00+00:00","description":"\"Le travail tue des mineurs\": apr\u00e8s des drames dont un \u00e0 Saint-L\u00f4, le d\u00e9bat relanc\u00e9 sur les stages scolaires article de ACCIDENTDUTRAVAIL-IDF","breadcrumb":{"@id":"https:\/\/www.accidentdutravail-idf.net\/blog\/le-travail-tue-des-mineurs-apres-des-drames-dont-un-a-saint-lo-le-debat-relance-sur-les-stages-scolaires\/#breadcrumb"},"inLanguage":"fr-FR","potentialAction":[{"@type":"ReadAction","target":["https:\/\/www.accidentdutravail-idf.net\/blog\/le-travail-tue-des-mineurs-apres-des-drames-dont-un-a-saint-lo-le-debat-relance-sur-les-stages-scolaires\/"]}]},{"@type":"ImageObject","inLanguage":"fr-FR","@id":"https:\/\/www.accidentdutravail-idf.net\/blog\/le-travail-tue-des-mineurs-apres-des-drames-dont-un-a-saint-lo-le-debat-relance-sur-les-stages-scolaires\/#primaryimage","url":"https:\/\/www.accidentdutravail-idf.net\/blog\/wp-content\/uploads\/2026\/04\/le-travail-tue-des-mineurs-apres-des-drames-dont-un-a-saint-lo-le-debat-relance-sur-les-stages-scolaires.jpg","contentUrl":"https:\/\/www.accidentdutravail-idf.net\/blog\/wp-content\/uploads\/2026\/04\/le-travail-tue-des-mineurs-apres-des-drames-dont-un-a-saint-lo-le-debat-relance-sur-les-stages-scolaires.jpg"},{"@type":"BreadcrumbList","@id":"https:\/\/www.accidentdutravail-idf.net\/blog\/le-travail-tue-des-mineurs-apres-des-drames-dont-un-a-saint-lo-le-debat-relance-sur-les-stages-scolaires\/#breadcrumb","itemListElement":[{"@type":"ListItem","position":1,"name":"Accueil","item":"https:\/\/www.accidentdutravail-idf.net\/blog\/"},{"@type":"ListItem","position":2,"name":"\u00ab\u00a0Le travail tue des mineurs\u00a0\u00bb: apr\u00e8s des drames dont un \u00e0 Saint-L\u00f4, le d\u00e9bat relanc\u00e9 sur les stages scolaires"}]},{"@type":"WebSite","@id":"https:\/\/www.accidentdutravail-idf.net\/blog\/#website","url":"https:\/\/www.accidentdutravail-idf.net\/blog\/","name":"ACCIDENTDUTRAVAIL-IDF","description":"Portail accidents du travail-maladies professionnelles des entreprises d&#039;Ile-de-France","publisher":{"@id":"https:\/\/www.accidentdutravail-idf.net\/blog\/#organization"},"potentialAction":[{"@type":"SearchAction","target":{"@type":"EntryPoint","urlTemplate":"https:\/\/www.accidentdutravail-idf.net\/blog\/?s={search_term_string}"},"query-input":{"@type":"PropertyValueSpecification","valueRequired":true,"valueName":"search_term_string"}}],"inLanguage":"fr-FR"},{"@type":"Organization","@id":"https:\/\/www.accidentdutravail-idf.net\/blog\/#organization","name":"accidentdutravail-idf","url":"https:\/\/www.accidentdutravail-idf.net\/blog\/","logo":{"@type":"ImageObject","inLanguage":"fr-FR","@id":"https:\/\/www.accidentdutravail-idf.net\/blog\/#\/schema\/logo\/image\/","url":"https:\/\/www.accidentdutravail-idf.net\/blog\/wp-content\/uploads\/2022\/09\/logo-2.png","contentUrl":"https:\/\/www.accidentdutravail-idf.net\/blog\/wp-content\/uploads\/2022\/09\/logo-2.png","width":380,"height":291,"caption":"accidentdutravail-idf"},"image":{"@id":"https:\/\/www.accidentdutravail-idf.net\/blog\/#\/schema\/logo\/image\/"}},{"@type":"Person","@id":"https:\/\/www.accidentdutravail-idf.net\/blog\/#\/schema\/person\/3255d2f970de45e64bd9201f38e7b947","name":"Carlos Poulain","image":{"@type":"ImageObject","inLanguage":"fr-FR","@id":"https:\/\/secure.gravatar.com\/avatar\/b1c2f9d3588e34e91adb093635df64ef4b2381991216be7576466cfcdca4baf3?s=96&d=mm&r=g","url":"https:\/\/secure.gravatar.com\/avatar\/b1c2f9d3588e34e91adb093635df64ef4b2381991216be7576466cfcdca4baf3?s=96&d=mm&r=g","contentUrl":"https:\/\/secure.gravatar.com\/avatar\/b1c2f9d3588e34e91adb093635df64ef4b2381991216be7576466cfcdca4baf3?s=96&d=mm&r=g","caption":"Carlos Poulain"},"url":"https:\/\/www.accidentdutravail-idf.net\/blog\/author\/idfcarlos\/"}]}},"_links":{"self":[{"href":"https:\/\/www.accidentdutravail-idf.net\/blog\/wp-json\/wp\/v2\/posts\/2369","targetHints":{"allow":["GET"]}}],"collection":[{"href":"https:\/\/www.accidentdutravail-idf.net\/blog\/wp-json\/wp\/v2\/posts"}],"about":[{"href":"https:\/\/www.accidentdutravail-idf.net\/blog\/wp-json\/wp\/v2\/types\/post"}],"author":[{"embeddable":true,"href":"https:\/\/www.accidentdutravail-idf.net\/blog\/wp-json\/wp\/v2\/users\/2"}],"replies":[{"embeddable":true,"href":"https:\/\/www.accidentdutravail-idf.net\/blog\/wp-json\/wp\/v2\/comments?post=2369"}],"version-history":[{"count":0,"href":"https:\/\/www.accidentdutravail-idf.net\/blog\/wp-json\/wp\/v2\/posts\/2369\/revisions"}],"wp:attachment":[{"href":"https:\/\/www.accidentdutravail-idf.net\/blog\/wp-json\/wp\/v2\/media?parent=2369"}],"wp:term":[{"taxonomy":"category","embeddable":true,"href":"https:\/\/www.accidentdutravail-idf.net\/blog\/wp-json\/wp\/v2\/categories?post=2369"},{"taxonomy":"post_tag","embeddable":true,"href":"https:\/\/www.accidentdutravail-idf.net\/blog\/wp-json\/wp\/v2\/tags?post=2369"}],"curies":[{"name":"wp","href":"https:\/\/api.w.org\/{rel}","templated":true}]}}