{"id":2367,"date":"2026-04-28T10:00:00","date_gmt":"2026-04-28T08:00:00","guid":{"rendered":"https:\/\/www.accidentdutravail-idf.net\/blog\/haute-saone-accident-du-travail-un-ancien-responsable-de-knauf-fibre-condamne-pour-blessures-involontaires\/"},"modified":"2026-04-28T10:00:00","modified_gmt":"2026-04-28T08:00:00","slug":"haute-saone-accident-du-travail-un-ancien-responsable-de-knauf-fibre-condamne-pour-blessures-involontaires","status":"publish","type":"post","link":"https:\/\/www.accidentdutravail-idf.net\/blog\/haute-saone-accident-du-travail-un-ancien-responsable-de-knauf-fibre-condamne-pour-blessures-involontaires\/","title":{"rendered":"Haute-Sa\u00f4ne Accident du travail : un ancien responsable de Knauf Fibre condamn\u00e9 pour blessures involontaires"},"content":{"rendered":"<div><img decoding=\"async\" src=\"https:\/\/www.accidentdutravail-idf.net\/blog\/wp-content\/uploads\/2026\/04\/haute-saone-accident-du-travail-un-ancien-responsable-de-knauf-fibre-condamne-pour-blessures-involontaires.jpg\" class=\"ff-og-image-inserted\"><\/div>\n<div>\n<p>Le tribunal judiciaire de Vesoul a prononc\u00e9 ce mardi 28 avril une amende de 1 500 euros \u00e0 l\u2019encontre d\u2019un ancien responsable de production de Knauf Fibre, soci\u00e9t\u00e9 sp\u00e9cialis\u00e9e dans la fabrication de panneaux d\u2019isolation, situ\u00e9e \u00e0 La C\u00f4te, pr\u00e8s de Lure. <a href=\"https:\/\/www.estrepublicain.fr\/social\/2026\/04\/01\/accident-du-travail-chez-knauf-fibre-en-2022-la-protection-des-interimaires-en-question\" target=\"_blank\" rel=\"nofollow\">Ce dernier avait \u00e9t\u00e9 jug\u00e9 le 31 mars pour des manquements \u00e0 l\u2019application des r\u00e8gles de s\u00e9curit\u00e9<\/a>, apr\u00e8s un accident survenu en 2022. Le tribunal l\u2019a reconnu coupable ce mardi de blessures involontaires, l\u2019un des trois motifs qui lui \u00e9taient reproch\u00e9s.<\/p>\n<\/div>\n<div id>\n<div class=\"consentModule_text\">\n<p>Ce contenu est bloqu\u00e9 car vous n&rsquo;avez pas accept\u00e9 les cookies et autres traceurs.<\/p>\n<p>En cliquant sur <span class=\"bold\">\u00ab J\u2019accepte \u00bb<\/span>, les cookies et autres traceurs seront d\u00e9pos\u00e9s et vous pourrez visualiser les contenus <span class=\"consentModule_purpose\"><\/span> (<a href=\"https:\/\/www.estrepublicain.fr\/economie\/2026\/04\/28\/accident-du-travail-un-ancien-responsable-de-knauf-fibre-condamne-pour-blessures-involontaires\" class=\"consentModule_policy\" target=\"_blank\" title=\"Consulter la politique de protection des donn\u00e9es du fournisseur\" rel=\"nofollow\">plus d&rsquo;informations<\/a>).<\/p>\n<p>En cliquant sur <span class=\"bold\">\u00ab J\u2019accepte tous les cookies \u00bb<\/span>, vous autorisez des d\u00e9p\u00f4ts de cookies et autres traceurs pour le stockage de vos donn\u00e9es sur nos sites et applications \u00e0 des fins de personnalisation et de ciblage publicitaire.<\/p>\n<p class=\"consentModule_secondaryText\">Vous gardez la possibilit\u00e9 de retirer votre consentement \u00e0 tout moment en consultant notre <a href=\"https:\/\/www.estrepublicain.fr\/protection-des-donnees\" target=\"_blank\" title=\"Consulter notre politique de protection des donn\u00e9es\" rel=\"nofollow\">politique de protection des donn\u00e9es<\/a>. <br \/><a href=\"Didomi.notice.show()\" class=\"consentModule_cmp\" target=\"_blank\" rel=\"nofollow\">G\u00e9rer mes choix<\/a> <\/p>\n<p> <button class=\"acceptConsent\" id title=\"J'accepte\">J&rsquo;accepte<\/button> <button class=\"acceptAllConsent\" id title=\"J'accepte tous les cookies\">J&rsquo;accepte tous les cookies<\/button> <\/p>\n<\/p><\/div>\n<\/div>\n<div>\n<h2>Amputation de la derni\u00e8re phalange d\u2019un doigt<\/h2>\n<p>En septembre 2022, un int\u00e9rimaire s\u2019\u00e9tait fait \u00e9craser une main dans la cr\u00e9maill\u00e8re d\u2019une d\u00e9fibreuse, non conforme aux obligations de s\u00e9curit\u00e9. L\u2019accident lui avait valu l\u2019amputation de la derni\u00e8re phalange d\u2019un doigt et 14 points de suture sur un autre, ainsi que trois semaines d\u2019interruption totale de travail (ITT). Aujourd\u2019hui, la victime est reconnue handicap\u00e9e \u00e0 hauteur de 3 \u00e0 4 % selon la CPAM. Lors de l\u2019audience, elle avait r\u00e9clam\u00e9 25 000 euros au titre des pr\u00e9judices moral et corporel, une demande que le tribunal a jug\u00e9e irrecevable.<\/p>\n<\/div>\n<div>\n<p>L\u2019entreprise avait \u00e9galement comparu en tant que personne morale en mars dernier. Ce mardi, le juge a reconnu une irr\u00e9gularit\u00e9 sur la forme, avanc\u00e9e par la d\u00e9fense, annulant toute proc\u00e9dure \u00e0 l\u2019encontre de la soci\u00e9t\u00e9. Le jour de l\u2019audience, le tribunal avait en effet convoqu\u00e9 l\u2019ancien responsable comme repr\u00e9sentant de son employeur, alors qu\u2019une autre personne \u00e9tait cit\u00e9e \u00e0 compara\u00eetre.<\/p>\n<\/div>\n<p>accidentdutravail-idf.net vous a pr\u00e9par\u00e9 ce post qui informe du sujet \u00ab\u00a0Association Sportive Huisson-Longueville Essonne\u00a0\u00bb. La chronique se veut g\u00e9n\u00e9r\u00e9e du mieux possible. Vous pouvez utiliser les coordonn\u00e9es indiqu\u00e9es sur le site dans le but d\u2019apporter des explications sur ce post qui parle du th\u00e8me \u00ab\u00a0Association Sportive Huisson-Longueville Essonne\u00a0\u00bb. Le site accidentdutravail-idf.net a pour but de fournir diverses publications sur la th\u00e9matique Association Sportive Huisson-Longueville Essonne diffus\u00e9es sur le net. Il y aura plusieurs articles autour du sujet \u00ab\u00a0Association Sportive Huisson-Longueville Essonne\u00a0\u00bb dans quelques jours, nous vous invitons \u00e0 naviguer sur notre site web \u00e0 plusieurs reprises.<\/p>\n","protected":false},"excerpt":{"rendered":"<p>Le tribunal judiciaire de Vesoul a prononc\u00e9 ce mardi 28 avril une amende de 1 500 euros \u00e0 l\u2019encontre d\u2019un ancien responsable de production de Knauf Fibre, soci\u00e9t\u00e9 sp\u00e9cialis\u00e9e dans la fabrication de panneaux d\u2019isolation, situ\u00e9e \u00e0 La C\u00f4te, pr\u00e8s de Lure. Ce dernier avait \u00e9t\u00e9 jug\u00e9 le 31 mars pour des manquements \u00e0 l\u2019application &hellip; <\/p>\n<p class=\"link-more\"><a href=\"https:\/\/www.accidentdutravail-idf.net\/blog\/haute-saone-accident-du-travail-un-ancien-responsable-de-knauf-fibre-condamne-pour-blessures-involontaires\/\" class=\"more-link\">Continuer la lecture <span class=\"screen-reader-text\"> \u00ab\u00a0Haute-Sa\u00f4ne Accident du travail : un ancien responsable de Knauf Fibre condamn\u00e9 pour blessures involontaires\u00a0\u00bb<\/span><\/a><\/p>\n","protected":false},"author":2,"featured_media":0,"comment_status":"closed","ping_status":"closed","sticky":false,"template":"","format":"standard","meta":{"footnotes":""},"categories":[5],"tags":[],"class_list":["post-2367","post","type-post","status-publish","format-standard","hentry","category-securite-du-travail-en-ile-de-france-et-divers","entry"],"yoast_head":"<!-- This site is optimized with the Yoast SEO plugin v27.5 - https:\/\/yoast.com\/product\/yoast-seo-wordpress\/ -->\n<title>Haute-Sa\u00f4ne Accident du travail : un ancien responsable de Knauf Fibre condamn\u00e9 pour blessures involontaires - ACCIDENTDUTRAVAIL-IDF<\/title>\n<meta name=\"description\" content=\"Haute-Sa\u00f4ne Accident du travail : un ancien responsable de Knauf Fibre condamn\u00e9 pour blessures involontaires article de ACCIDENTDUTRAVAIL-IDF\" \/>\n<meta name=\"robots\" content=\"index, follow, max-snippet:-1, max-image-preview:large, max-video-preview:-1\" \/>\n<link rel=\"canonical\" href=\"https:\/\/www.accidentdutravail-idf.net\/blog\/haute-saone-accident-du-travail-un-ancien-responsable-de-knauf-fibre-condamne-pour-blessures-involontaires\/\" \/>\n<meta property=\"og:locale\" content=\"fr_FR\" \/>\n<meta property=\"og:type\" content=\"article\" \/>\n<meta property=\"og:title\" content=\"Haute-Sa\u00f4ne Accident du travail : un ancien responsable de Knauf Fibre condamn\u00e9 pour blessures involontaires - ACCIDENTDUTRAVAIL-IDF\" \/>\n<meta property=\"og:description\" content=\"Haute-Sa\u00f4ne Accident du travail : un ancien responsable de Knauf Fibre condamn\u00e9 pour blessures involontaires article de ACCIDENTDUTRAVAIL-IDF\" \/>\n<meta property=\"og:url\" content=\"https:\/\/www.accidentdutravail-idf.net\/blog\/haute-saone-accident-du-travail-un-ancien-responsable-de-knauf-fibre-condamne-pour-blessures-involontaires\/\" \/>\n<meta property=\"og:site_name\" content=\"ACCIDENTDUTRAVAIL-IDF\" \/>\n<meta property=\"article:published_time\" content=\"2026-04-28T08:00:00+00:00\" \/>\n<meta property=\"og:image\" content=\"https:\/\/www.accidentdutravail-idf.net\/blog\/wp-content\/uploads\/2026\/04\/haute-saone-accident-du-travail-un-ancien-responsable-de-knauf-fibre-condamne-pour-blessures-involontaires.jpg\" \/>\n<meta name=\"author\" content=\"Carlos Poulain\" \/>\n<meta name=\"twitter:card\" content=\"summary_large_image\" \/>\n<meta name=\"twitter:label1\" content=\"\u00c9crit par\" \/>\n\t<meta name=\"twitter:data1\" content=\"Carlos Poulain\" \/>\n\t<meta name=\"twitter:label2\" content=\"Dur\u00e9e de lecture estim\u00e9e\" \/>\n\t<meta name=\"twitter:data2\" content=\"2 minutes\" \/>\n<script type=\"application\/ld+json\" class=\"yoast-schema-graph\">{\"@context\":\"https:\\\/\\\/schema.org\",\"@graph\":[{\"@type\":\"Article\",\"@id\":\"https:\\\/\\\/www.accidentdutravail-idf.net\\\/blog\\\/haute-saone-accident-du-travail-un-ancien-responsable-de-knauf-fibre-condamne-pour-blessures-involontaires\\\/#article\",\"isPartOf\":{\"@id\":\"https:\\\/\\\/www.accidentdutravail-idf.net\\\/blog\\\/haute-saone-accident-du-travail-un-ancien-responsable-de-knauf-fibre-condamne-pour-blessures-involontaires\\\/\"},\"author\":{\"name\":\"Carlos Poulain\",\"@id\":\"https:\\\/\\\/www.accidentdutravail-idf.net\\\/blog\\\/#\\\/schema\\\/person\\\/3255d2f970de45e64bd9201f38e7b947\"},\"headline\":\"Haute-Sa\u00f4ne Accident du travail : un ancien responsable de Knauf Fibre condamn\u00e9 pour blessures involontaires\",\"datePublished\":\"2026-04-28T08:00:00+00:00\",\"mainEntityOfPage\":{\"@id\":\"https:\\\/\\\/www.accidentdutravail-idf.net\\\/blog\\\/haute-saone-accident-du-travail-un-ancien-responsable-de-knauf-fibre-condamne-pour-blessures-involontaires\\\/\"},\"wordCount\":493,\"publisher\":{\"@id\":\"https:\\\/\\\/www.accidentdutravail-idf.net\\\/blog\\\/#organization\"},\"image\":{\"@id\":\"https:\\\/\\\/www.accidentdutravail-idf.net\\\/blog\\\/haute-saone-accident-du-travail-un-ancien-responsable-de-knauf-fibre-condamne-pour-blessures-involontaires\\\/#primaryimage\"},\"thumbnailUrl\":\"https:\\\/\\\/www.accidentdutravail-idf.net\\\/blog\\\/wp-content\\\/uploads\\\/2026\\\/04\\\/haute-saone-accident-du-travail-un-ancien-responsable-de-knauf-fibre-condamne-pour-blessures-involontaires.jpg\",\"articleSection\":[\"S\u00e9curit\u00e9 Du Travail En Ile-De-France Et Divers:\"],\"inLanguage\":\"fr-FR\"},{\"@type\":\"WebPage\",\"@id\":\"https:\\\/\\\/www.accidentdutravail-idf.net\\\/blog\\\/haute-saone-accident-du-travail-un-ancien-responsable-de-knauf-fibre-condamne-pour-blessures-involontaires\\\/\",\"url\":\"https:\\\/\\\/www.accidentdutravail-idf.net\\\/blog\\\/haute-saone-accident-du-travail-un-ancien-responsable-de-knauf-fibre-condamne-pour-blessures-involontaires\\\/\",\"name\":\"Haute-Sa\u00f4ne Accident du travail : un ancien responsable de Knauf Fibre condamn\u00e9 pour blessures involontaires - ACCIDENTDUTRAVAIL-IDF\",\"isPartOf\":{\"@id\":\"https:\\\/\\\/www.accidentdutravail-idf.net\\\/blog\\\/#website\"},\"primaryImageOfPage\":{\"@id\":\"https:\\\/\\\/www.accidentdutravail-idf.net\\\/blog\\\/haute-saone-accident-du-travail-un-ancien-responsable-de-knauf-fibre-condamne-pour-blessures-involontaires\\\/#primaryimage\"},\"image\":{\"@id\":\"https:\\\/\\\/www.accidentdutravail-idf.net\\\/blog\\\/haute-saone-accident-du-travail-un-ancien-responsable-de-knauf-fibre-condamne-pour-blessures-involontaires\\\/#primaryimage\"},\"thumbnailUrl\":\"https:\\\/\\\/www.accidentdutravail-idf.net\\\/blog\\\/wp-content\\\/uploads\\\/2026\\\/04\\\/haute-saone-accident-du-travail-un-ancien-responsable-de-knauf-fibre-condamne-pour-blessures-involontaires.jpg\",\"datePublished\":\"2026-04-28T08:00:00+00:00\",\"description\":\"Haute-Sa\u00f4ne Accident du travail : un ancien responsable de Knauf Fibre condamn\u00e9 pour blessures involontaires article de ACCIDENTDUTRAVAIL-IDF\",\"breadcrumb\":{\"@id\":\"https:\\\/\\\/www.accidentdutravail-idf.net\\\/blog\\\/haute-saone-accident-du-travail-un-ancien-responsable-de-knauf-fibre-condamne-pour-blessures-involontaires\\\/#breadcrumb\"},\"inLanguage\":\"fr-FR\",\"potentialAction\":[{\"@type\":\"ReadAction\",\"target\":[\"https:\\\/\\\/www.accidentdutravail-idf.net\\\/blog\\\/haute-saone-accident-du-travail-un-ancien-responsable-de-knauf-fibre-condamne-pour-blessures-involontaires\\\/\"]}]},{\"@type\":\"ImageObject\",\"inLanguage\":\"fr-FR\",\"@id\":\"https:\\\/\\\/www.accidentdutravail-idf.net\\\/blog\\\/haute-saone-accident-du-travail-un-ancien-responsable-de-knauf-fibre-condamne-pour-blessures-involontaires\\\/#primaryimage\",\"url\":\"https:\\\/\\\/www.accidentdutravail-idf.net\\\/blog\\\/wp-content\\\/uploads\\\/2026\\\/04\\\/haute-saone-accident-du-travail-un-ancien-responsable-de-knauf-fibre-condamne-pour-blessures-involontaires.jpg\",\"contentUrl\":\"https:\\\/\\\/www.accidentdutravail-idf.net\\\/blog\\\/wp-content\\\/uploads\\\/2026\\\/04\\\/haute-saone-accident-du-travail-un-ancien-responsable-de-knauf-fibre-condamne-pour-blessures-involontaires.jpg\"},{\"@type\":\"BreadcrumbList\",\"@id\":\"https:\\\/\\\/www.accidentdutravail-idf.net\\\/blog\\\/haute-saone-accident-du-travail-un-ancien-responsable-de-knauf-fibre-condamne-pour-blessures-involontaires\\\/#breadcrumb\",\"itemListElement\":[{\"@type\":\"ListItem\",\"position\":1,\"name\":\"Accueil\",\"item\":\"https:\\\/\\\/www.accidentdutravail-idf.net\\\/blog\\\/\"},{\"@type\":\"ListItem\",\"position\":2,\"name\":\"Haute-Sa\u00f4ne Accident du travail : un ancien responsable de Knauf Fibre condamn\u00e9 pour blessures involontaires\"}]},{\"@type\":\"WebSite\",\"@id\":\"https:\\\/\\\/www.accidentdutravail-idf.net\\\/blog\\\/#website\",\"url\":\"https:\\\/\\\/www.accidentdutravail-idf.net\\\/blog\\\/\",\"name\":\"ACCIDENTDUTRAVAIL-IDF\",\"description\":\"Portail accidents du travail-maladies professionnelles des entreprises d&#039;Ile-de-France\",\"publisher\":{\"@id\":\"https:\\\/\\\/www.accidentdutravail-idf.net\\\/blog\\\/#organization\"},\"potentialAction\":[{\"@type\":\"SearchAction\",\"target\":{\"@type\":\"EntryPoint\",\"urlTemplate\":\"https:\\\/\\\/www.accidentdutravail-idf.net\\\/blog\\\/?s={search_term_string}\"},\"query-input\":{\"@type\":\"PropertyValueSpecification\",\"valueRequired\":true,\"valueName\":\"search_term_string\"}}],\"inLanguage\":\"fr-FR\"},{\"@type\":\"Organization\",\"@id\":\"https:\\\/\\\/www.accidentdutravail-idf.net\\\/blog\\\/#organization\",\"name\":\"accidentdutravail-idf\",\"url\":\"https:\\\/\\\/www.accidentdutravail-idf.net\\\/blog\\\/\",\"logo\":{\"@type\":\"ImageObject\",\"inLanguage\":\"fr-FR\",\"@id\":\"https:\\\/\\\/www.accidentdutravail-idf.net\\\/blog\\\/#\\\/schema\\\/logo\\\/image\\\/\",\"url\":\"https:\\\/\\\/www.accidentdutravail-idf.net\\\/blog\\\/wp-content\\\/uploads\\\/2022\\\/09\\\/logo-2.png\",\"contentUrl\":\"https:\\\/\\\/www.accidentdutravail-idf.net\\\/blog\\\/wp-content\\\/uploads\\\/2022\\\/09\\\/logo-2.png\",\"width\":380,\"height\":291,\"caption\":\"accidentdutravail-idf\"},\"image\":{\"@id\":\"https:\\\/\\\/www.accidentdutravail-idf.net\\\/blog\\\/#\\\/schema\\\/logo\\\/image\\\/\"}},{\"@type\":\"Person\",\"@id\":\"https:\\\/\\\/www.accidentdutravail-idf.net\\\/blog\\\/#\\\/schema\\\/person\\\/3255d2f970de45e64bd9201f38e7b947\",\"name\":\"Carlos Poulain\",\"image\":{\"@type\":\"ImageObject\",\"inLanguage\":\"fr-FR\",\"@id\":\"https:\\\/\\\/secure.gravatar.com\\\/avatar\\\/b1c2f9d3588e34e91adb093635df64ef4b2381991216be7576466cfcdca4baf3?s=96&d=mm&r=g\",\"url\":\"https:\\\/\\\/secure.gravatar.com\\\/avatar\\\/b1c2f9d3588e34e91adb093635df64ef4b2381991216be7576466cfcdca4baf3?s=96&d=mm&r=g\",\"contentUrl\":\"https:\\\/\\\/secure.gravatar.com\\\/avatar\\\/b1c2f9d3588e34e91adb093635df64ef4b2381991216be7576466cfcdca4baf3?s=96&d=mm&r=g\",\"caption\":\"Carlos Poulain\"},\"url\":\"https:\\\/\\\/www.accidentdutravail-idf.net\\\/blog\\\/author\\\/idfcarlos\\\/\"}]}<\/script>\n<!-- \/ Yoast SEO plugin. -->","yoast_head_json":{"title":"Haute-Sa\u00f4ne Accident du travail : un ancien responsable de Knauf Fibre condamn\u00e9 pour blessures involontaires - ACCIDENTDUTRAVAIL-IDF","description":"Haute-Sa\u00f4ne Accident du travail : un ancien responsable de Knauf Fibre condamn\u00e9 pour blessures involontaires article de ACCIDENTDUTRAVAIL-IDF","robots":{"index":"index","follow":"follow","max-snippet":"max-snippet:-1","max-image-preview":"max-image-preview:large","max-video-preview":"max-video-preview:-1"},"canonical":"https:\/\/www.accidentdutravail-idf.net\/blog\/haute-saone-accident-du-travail-un-ancien-responsable-de-knauf-fibre-condamne-pour-blessures-involontaires\/","og_locale":"fr_FR","og_type":"article","og_title":"Haute-Sa\u00f4ne Accident du travail : un ancien responsable de Knauf Fibre condamn\u00e9 pour blessures involontaires - ACCIDENTDUTRAVAIL-IDF","og_description":"Haute-Sa\u00f4ne Accident du travail : un ancien responsable de Knauf Fibre condamn\u00e9 pour blessures involontaires article de ACCIDENTDUTRAVAIL-IDF","og_url":"https:\/\/www.accidentdutravail-idf.net\/blog\/haute-saone-accident-du-travail-un-ancien-responsable-de-knauf-fibre-condamne-pour-blessures-involontaires\/","og_site_name":"ACCIDENTDUTRAVAIL-IDF","article_published_time":"2026-04-28T08:00:00+00:00","og_image":[{"url":"https:\/\/www.accidentdutravail-idf.net\/blog\/wp-content\/uploads\/2026\/04\/haute-saone-accident-du-travail-un-ancien-responsable-de-knauf-fibre-condamne-pour-blessures-involontaires.jpg","type":"","width":"","height":""}],"author":"Carlos Poulain","twitter_card":"summary_large_image","twitter_misc":{"\u00c9crit par":"Carlos Poulain","Dur\u00e9e de lecture estim\u00e9e":"2 minutes"},"schema":{"@context":"https:\/\/schema.org","@graph":[{"@type":"Article","@id":"https:\/\/www.accidentdutravail-idf.net\/blog\/haute-saone-accident-du-travail-un-ancien-responsable-de-knauf-fibre-condamne-pour-blessures-involontaires\/#article","isPartOf":{"@id":"https:\/\/www.accidentdutravail-idf.net\/blog\/haute-saone-accident-du-travail-un-ancien-responsable-de-knauf-fibre-condamne-pour-blessures-involontaires\/"},"author":{"name":"Carlos Poulain","@id":"https:\/\/www.accidentdutravail-idf.net\/blog\/#\/schema\/person\/3255d2f970de45e64bd9201f38e7b947"},"headline":"Haute-Sa\u00f4ne Accident du travail : un ancien responsable de Knauf Fibre condamn\u00e9 pour blessures involontaires","datePublished":"2026-04-28T08:00:00+00:00","mainEntityOfPage":{"@id":"https:\/\/www.accidentdutravail-idf.net\/blog\/haute-saone-accident-du-travail-un-ancien-responsable-de-knauf-fibre-condamne-pour-blessures-involontaires\/"},"wordCount":493,"publisher":{"@id":"https:\/\/www.accidentdutravail-idf.net\/blog\/#organization"},"image":{"@id":"https:\/\/www.accidentdutravail-idf.net\/blog\/haute-saone-accident-du-travail-un-ancien-responsable-de-knauf-fibre-condamne-pour-blessures-involontaires\/#primaryimage"},"thumbnailUrl":"https:\/\/www.accidentdutravail-idf.net\/blog\/wp-content\/uploads\/2026\/04\/haute-saone-accident-du-travail-un-ancien-responsable-de-knauf-fibre-condamne-pour-blessures-involontaires.jpg","articleSection":["S\u00e9curit\u00e9 Du Travail En Ile-De-France Et Divers:"],"inLanguage":"fr-FR"},{"@type":"WebPage","@id":"https:\/\/www.accidentdutravail-idf.net\/blog\/haute-saone-accident-du-travail-un-ancien-responsable-de-knauf-fibre-condamne-pour-blessures-involontaires\/","url":"https:\/\/www.accidentdutravail-idf.net\/blog\/haute-saone-accident-du-travail-un-ancien-responsable-de-knauf-fibre-condamne-pour-blessures-involontaires\/","name":"Haute-Sa\u00f4ne Accident du travail : un ancien responsable de Knauf Fibre condamn\u00e9 pour blessures involontaires - ACCIDENTDUTRAVAIL-IDF","isPartOf":{"@id":"https:\/\/www.accidentdutravail-idf.net\/blog\/#website"},"primaryImageOfPage":{"@id":"https:\/\/www.accidentdutravail-idf.net\/blog\/haute-saone-accident-du-travail-un-ancien-responsable-de-knauf-fibre-condamne-pour-blessures-involontaires\/#primaryimage"},"image":{"@id":"https:\/\/www.accidentdutravail-idf.net\/blog\/haute-saone-accident-du-travail-un-ancien-responsable-de-knauf-fibre-condamne-pour-blessures-involontaires\/#primaryimage"},"thumbnailUrl":"https:\/\/www.accidentdutravail-idf.net\/blog\/wp-content\/uploads\/2026\/04\/haute-saone-accident-du-travail-un-ancien-responsable-de-knauf-fibre-condamne-pour-blessures-involontaires.jpg","datePublished":"2026-04-28T08:00:00+00:00","description":"Haute-Sa\u00f4ne Accident du travail : un ancien responsable de Knauf Fibre condamn\u00e9 pour blessures involontaires article de ACCIDENTDUTRAVAIL-IDF","breadcrumb":{"@id":"https:\/\/www.accidentdutravail-idf.net\/blog\/haute-saone-accident-du-travail-un-ancien-responsable-de-knauf-fibre-condamne-pour-blessures-involontaires\/#breadcrumb"},"inLanguage":"fr-FR","potentialAction":[{"@type":"ReadAction","target":["https:\/\/www.accidentdutravail-idf.net\/blog\/haute-saone-accident-du-travail-un-ancien-responsable-de-knauf-fibre-condamne-pour-blessures-involontaires\/"]}]},{"@type":"ImageObject","inLanguage":"fr-FR","@id":"https:\/\/www.accidentdutravail-idf.net\/blog\/haute-saone-accident-du-travail-un-ancien-responsable-de-knauf-fibre-condamne-pour-blessures-involontaires\/#primaryimage","url":"https:\/\/www.accidentdutravail-idf.net\/blog\/wp-content\/uploads\/2026\/04\/haute-saone-accident-du-travail-un-ancien-responsable-de-knauf-fibre-condamne-pour-blessures-involontaires.jpg","contentUrl":"https:\/\/www.accidentdutravail-idf.net\/blog\/wp-content\/uploads\/2026\/04\/haute-saone-accident-du-travail-un-ancien-responsable-de-knauf-fibre-condamne-pour-blessures-involontaires.jpg"},{"@type":"BreadcrumbList","@id":"https:\/\/www.accidentdutravail-idf.net\/blog\/haute-saone-accident-du-travail-un-ancien-responsable-de-knauf-fibre-condamne-pour-blessures-involontaires\/#breadcrumb","itemListElement":[{"@type":"ListItem","position":1,"name":"Accueil","item":"https:\/\/www.accidentdutravail-idf.net\/blog\/"},{"@type":"ListItem","position":2,"name":"Haute-Sa\u00f4ne Accident du travail : un ancien responsable de Knauf Fibre condamn\u00e9 pour blessures involontaires"}]},{"@type":"WebSite","@id":"https:\/\/www.accidentdutravail-idf.net\/blog\/#website","url":"https:\/\/www.accidentdutravail-idf.net\/blog\/","name":"ACCIDENTDUTRAVAIL-IDF","description":"Portail accidents du travail-maladies professionnelles des entreprises d&#039;Ile-de-France","publisher":{"@id":"https:\/\/www.accidentdutravail-idf.net\/blog\/#organization"},"potentialAction":[{"@type":"SearchAction","target":{"@type":"EntryPoint","urlTemplate":"https:\/\/www.accidentdutravail-idf.net\/blog\/?s={search_term_string}"},"query-input":{"@type":"PropertyValueSpecification","valueRequired":true,"valueName":"search_term_string"}}],"inLanguage":"fr-FR"},{"@type":"Organization","@id":"https:\/\/www.accidentdutravail-idf.net\/blog\/#organization","name":"accidentdutravail-idf","url":"https:\/\/www.accidentdutravail-idf.net\/blog\/","logo":{"@type":"ImageObject","inLanguage":"fr-FR","@id":"https:\/\/www.accidentdutravail-idf.net\/blog\/#\/schema\/logo\/image\/","url":"https:\/\/www.accidentdutravail-idf.net\/blog\/wp-content\/uploads\/2022\/09\/logo-2.png","contentUrl":"https:\/\/www.accidentdutravail-idf.net\/blog\/wp-content\/uploads\/2022\/09\/logo-2.png","width":380,"height":291,"caption":"accidentdutravail-idf"},"image":{"@id":"https:\/\/www.accidentdutravail-idf.net\/blog\/#\/schema\/logo\/image\/"}},{"@type":"Person","@id":"https:\/\/www.accidentdutravail-idf.net\/blog\/#\/schema\/person\/3255d2f970de45e64bd9201f38e7b947","name":"Carlos Poulain","image":{"@type":"ImageObject","inLanguage":"fr-FR","@id":"https:\/\/secure.gravatar.com\/avatar\/b1c2f9d3588e34e91adb093635df64ef4b2381991216be7576466cfcdca4baf3?s=96&d=mm&r=g","url":"https:\/\/secure.gravatar.com\/avatar\/b1c2f9d3588e34e91adb093635df64ef4b2381991216be7576466cfcdca4baf3?s=96&d=mm&r=g","contentUrl":"https:\/\/secure.gravatar.com\/avatar\/b1c2f9d3588e34e91adb093635df64ef4b2381991216be7576466cfcdca4baf3?s=96&d=mm&r=g","caption":"Carlos Poulain"},"url":"https:\/\/www.accidentdutravail-idf.net\/blog\/author\/idfcarlos\/"}]}},"_links":{"self":[{"href":"https:\/\/www.accidentdutravail-idf.net\/blog\/wp-json\/wp\/v2\/posts\/2367","targetHints":{"allow":["GET"]}}],"collection":[{"href":"https:\/\/www.accidentdutravail-idf.net\/blog\/wp-json\/wp\/v2\/posts"}],"about":[{"href":"https:\/\/www.accidentdutravail-idf.net\/blog\/wp-json\/wp\/v2\/types\/post"}],"author":[{"embeddable":true,"href":"https:\/\/www.accidentdutravail-idf.net\/blog\/wp-json\/wp\/v2\/users\/2"}],"replies":[{"embeddable":true,"href":"https:\/\/www.accidentdutravail-idf.net\/blog\/wp-json\/wp\/v2\/comments?post=2367"}],"version-history":[{"count":0,"href":"https:\/\/www.accidentdutravail-idf.net\/blog\/wp-json\/wp\/v2\/posts\/2367\/revisions"}],"wp:attachment":[{"href":"https:\/\/www.accidentdutravail-idf.net\/blog\/wp-json\/wp\/v2\/media?parent=2367"}],"wp:term":[{"taxonomy":"category","embeddable":true,"href":"https:\/\/www.accidentdutravail-idf.net\/blog\/wp-json\/wp\/v2\/categories?post=2367"},{"taxonomy":"post_tag","embeddable":true,"href":"https:\/\/www.accidentdutravail-idf.net\/blog\/wp-json\/wp\/v2\/tags?post=2367"}],"curies":[{"name":"wp","href":"https:\/\/api.w.org\/{rel}","templated":true}]}}