{"id":2364,"date":"2026-04-27T23:52:00","date_gmt":"2026-04-27T21:52:00","guid":{"rendered":"https:\/\/www.accidentdutravail-idf.net\/blog\/accidents-mortels-au-travail-voici-les-secteurs-et-les-profils-les-plus-a-risque-en-belgique-la-chute-de-hauteur-reste-la-hantise\/"},"modified":"2026-04-27T23:52:00","modified_gmt":"2026-04-27T21:52:00","slug":"accidents-mortels-au-travail-voici-les-secteurs-et-les-profils-les-plus-a-risque-en-belgique-la-chute-de-hauteur-reste-la-hantise","status":"publish","type":"post","link":"https:\/\/www.accidentdutravail-idf.net\/blog\/accidents-mortels-au-travail-voici-les-secteurs-et-les-profils-les-plus-a-risque-en-belgique-la-chute-de-hauteur-reste-la-hantise\/","title":{"rendered":"Accidents mortels au travail : voici les secteurs et les profils les plus \u00e0 risque en Belgique, \u00ab la chute de hauteur reste la hantise \u00bb"},"content":{"rendered":"<figure role=\"img\" class=\"r-author--img\"> <img decoding=\"async\" src=\"https:\/\/www.accidentdutravail-idf.net\/blog\/wp-content\/uploads\/2026\/04\/accidents-mortels-au-travail-voici-les-secteurs-et-les-profils-les-plus-a-risque-en-belgique-la-chute-de-hauteur-reste-la-hantise.png\" class=\"r-img lazyloaded\" data-src=\"\/sites\/all\/themes\/enacarbon_rtl\/images\/rtlinfo-192x192.png\" alt=\"Image auteur par d\u00e9faut\">   <img decoding=\"async\" class=\"r-img\" src=\"https:\/\/www.accidentdutravail-idf.net\/blog\/wp-content\/uploads\/2026\/04\/accidents-mortels-au-travail-voici-les-secteurs-et-les-profils-les-plus-a-risque-en-belgique-la-chute-de-hauteur-reste-la-hantise.png\" alt=\"Image auteur par d\u00e9faut\"><br \/>\n<\/figure>\n<p><span class=\"r-meta--top\"><\/p>\n<address>par RTL Info avec Belga<\/address>\n<p><\/span><span class=\"r-meta--bottom\">\t<time class=\" pubdate updated\" datetime=\"2026-04-28T06:52:46\">Publi\u00e9 le 28 avril \u00e0 06h52<\/time><br \/>\n<\/span><br \/>\n \tSi les chiffres sont en baisse, un constat inqui\u00e9tant \u00e9merge&nbsp;: pr\u00e8s d\u2019un quart des victimes ont moins d\u2019un an d\u2019anciennet\u00e9. La construction et le transport restent particuli\u00e8rement touch\u00e9s. <!-- \/\/ builder=DFPTagBuilder, site=RTLINFO, pageType=node, context=\/Sections\/Actu\/Belgique\/Soci\u00e9t\u00e9, position=hdr-flexs-m-1, edition=, domain=www.rtl.be --> <\/p>\n<p>Les accidents mortels li\u00e9s au travail sont en baisse sur les dix derni\u00e8res ann\u00e9es, tant sur le lieu de travail que sur le trajet domicile-travail, note l\u2019assureur Axa mardi \u00e0 l\u2019occasion de la Journ\u00e9e mondiale de la s\u00e9curit\u00e9 et de la sant\u00e9 au travail.<\/p>\n<p>Selon les chiffres de l\u2019Agence f\u00e9d\u00e9rale des risques professionnels (Fedris), les accidents du travail mortels sont pass\u00e9s de 62 en 2019 \u00e0 45 en 2024, tandis que les accidents mortels sur le chemin du travail ont diminu\u00e9 de 47 \u00e0 33 sur la m\u00eame p\u00e9riode.<\/p>\n<p><!-- \/\/ builder=DFPTagBuilder, site=RTLINFO, pageType=node, context=\/Sections\/Actu\/Belgique\/Soci\u00e9t\u00e9, position=inr-flexsv-d-1, edition=, domain=www.rtl.be --> <!-- \/\/ builder=DFPTagBuilder, site=RTLINFO, pageType=node, context=\/Sections\/Actu\/Belgique\/Soci\u00e9t\u00e9, position=inr-flexmv-m-1, edition=, domain=www.rtl.be --> <\/p>\n<p>Les risques majeurs, toutefois, sont constants, rappelle Axa. \u00ab&nbsp;La pr\u00e9vention reste donc essentielle&nbsp;\u00bb, d\u00e9clare \u00e0 cet \u00e9gard Audrey Amiot, directrice assurances entreprises chez Axa.<\/p>\n<h2 class=\"sub-head\">Des causes plurielles<\/h2>\n<p>Les accidents de la circulation sur la voie publique sont \u00e0 imputer dans 27&nbsp;% des cas d\u2019accidents mortels, la chute de hauteur dans 22&nbsp;%, selon les donn\u00e9es propres \u00e0 Axa. Viennent ensuite les accidents li\u00e9s \u00e0 des mat\u00e9riaux tombants, en mouvement ou qui s\u2019effondrent (16&nbsp;%), puis les accidents o\u00f9 la victime est prise ou pi\u00e9g\u00e9e dans une machine (12&nbsp;%). Une victime sur dix d\u00e9c\u00e8de \u00e0 la suite d\u2019un \u00e9crasement ou d\u2019une collision lors de d\u00e9placements internes, par exemple avec un chariot \u00e9l\u00e9vateur, un camion lors d\u2019un chargement ou d\u00e9chargement, une nacelle ou un bobcat.<\/p>\n<aside class=\"r-stories\">\n<h5 class=\"r-stories--label\">\u00c0 lire aussi<\/h5>\n<p>  <!-- scald=4365069:ena_mini --> <\/p>\n<figure role=\"img\" class=\"r-ratio--1-1 \" aria-label=\"Engis.PNG\"> <img decoding=\"async\" data-copyright=\"Maps\" class=\"r-img\" src=\"https:\/\/www.accidentdutravail-idf.net\/blog\/wp-content\/uploads\/2026\/04\/accidents-mortels-au-travail-voici-les-secteurs-et-les-profils-les-plus-a-risque-en-belgique-la-chute-de-hauteur-reste-la-hantise-1.png\" alt=\"Engis.PNG\"> <\/figure>\n<p><!-- END scald=4365069 --> <a class=\"r-stories--link\" href=\"https:\/\/www.rtl.be\/actu\/regions\/liege\/tragique-accident-de-travail-engis-un-ouvrier-perdu-la-vie-apres-avoir-ete\/2025-10-08\/article\/766286\" target=\"_blank\" rel=\"nofollow\">Tragique accident de travail \u00e0 Engis&nbsp;: un ouvrier a perdu la vie apr\u00e8s avoir \u00e9t\u00e9 enseveli<\/a><br \/>\n<\/aside>\n<p><!-- END scald=4620799 --><\/p>\n<p>Les nouveaux collaborateurs et certains secteurs restent particuli\u00e8rement expos\u00e9s puisque pr\u00e8s d\u2019un quart des victimes ont moins d\u2019un an d\u2019anciennet\u00e9, notamment dans les PME, la construction et le transport.<\/p>\n<p>Le constat est similaire pour les accidents graves entra\u00eenant une incapacit\u00e9 permanente importante. Sur le lieu de travail, un quart des victimes ont elles aussi moins d\u2019un an d\u2019anciennet\u00e9.<\/p>\n<p><!-- \/\/ builder=DFPTagBuilder, site=RTLINFO, pageType=node, context=\/Sections\/Actu\/Belgique\/Soci\u00e9t\u00e9, position=inr-flexm-d-99, edition=, domain=www.rtl.be --> <!-- \/\/ builder=DFPTagBuilder, site=RTLINFO, pageType=node, context=\/Sections\/Actu\/Belgique\/Soci\u00e9t\u00e9, position=inr-flexmv-m-99, edition=, domain=www.rtl.be --><br \/>\n<a class=\"r-btn r-btn--tag\" href=\"https:\/\/www.rtl.be\/315\/free-tags\/accident\" title=\"accident\" target=\"_blank\" rel=\"nofollow\">accident<\/a><br \/>\n<a class=\"r-btn r-btn--tag\" href=\"https:\/\/www.rtl.be\/2116\/free-tags\/travail\" title=\"travail\" target=\"_blank\" rel=\"nofollow\">travail<\/a><br \/>\n<a class=\"r-btn r-btn--tag\" href=\"https:\/\/www.rtl.be\/333452\/locations\/belgique\" title=\"Belgique\" target=\"_blank\" rel=\"nofollow\">Belgique<\/a><\/p>\n<p>accidentdutravail-idf.net vous a pr\u00e9par\u00e9 ce post qui informe du sujet \u00ab\u00a0Association Sportive Huisson-Longueville Essonne\u00a0\u00bb. La chronique se veut g\u00e9n\u00e9r\u00e9e du mieux possible. Vous pouvez utiliser les coordonn\u00e9es indiqu\u00e9es sur le site dans le but d\u2019apporter des explications sur ce post qui parle du th\u00e8me \u00ab\u00a0Association Sportive Huisson-Longueville Essonne\u00a0\u00bb. Le site accidentdutravail-idf.net a pour but de fournir diverses publications sur la th\u00e9matique Association Sportive Huisson-Longueville Essonne diffus\u00e9es sur le net. Il y aura plusieurs articles autour du sujet \u00ab\u00a0Association Sportive Huisson-Longueville Essonne\u00a0\u00bb dans quelques jours, nous vous invitons \u00e0 naviguer sur notre site web \u00e0 plusieurs reprises.<\/p>\n","protected":false},"excerpt":{"rendered":"<p>par RTL Info avec Belga Publi\u00e9 le 28 avril \u00e0 06h52 Si les chiffres sont en baisse, un constat inqui\u00e9tant \u00e9merge&nbsp;: pr\u00e8s d\u2019un quart des victimes ont moins d\u2019un an d\u2019anciennet\u00e9. La construction et le transport restent particuli\u00e8rement touch\u00e9s. Les accidents mortels li\u00e9s au travail sont en baisse sur les dix derni\u00e8res ann\u00e9es, tant sur &hellip; <\/p>\n<p class=\"link-more\"><a href=\"https:\/\/www.accidentdutravail-idf.net\/blog\/accidents-mortels-au-travail-voici-les-secteurs-et-les-profils-les-plus-a-risque-en-belgique-la-chute-de-hauteur-reste-la-hantise\/\" class=\"more-link\">Continuer la lecture <span class=\"screen-reader-text\"> \u00ab\u00a0Accidents mortels au travail : voici les secteurs et les profils les plus \u00e0 risque en Belgique, \u00ab la chute de hauteur reste la hantise \u00bb\u00a0\u00bb<\/span><\/a><\/p>\n","protected":false},"author":2,"featured_media":0,"comment_status":"closed","ping_status":"closed","sticky":false,"template":"","format":"standard","meta":{"footnotes":""},"categories":[5],"tags":[],"class_list":["post-2364","post","type-post","status-publish","format-standard","hentry","category-securite-du-travail-en-ile-de-france-et-divers","entry"],"yoast_head":"<!-- This site is optimized with the Yoast SEO plugin v27.5 - https:\/\/yoast.com\/product\/yoast-seo-wordpress\/ -->\n<title>Accidents mortels au travail : voici les secteurs et les profils les plus \u00e0 risque en Belgique, \u00ab la chute de hauteur reste la hantise \u00bb - ACCIDENTDUTRAVAIL-IDF<\/title>\n<meta name=\"description\" content=\"Accidents mortels au travail : voici les secteurs et les profils les plus \u00e0 risque en Belgique, \u00ab la chute de hauteur reste la hantise \u00bb article de ACCIDENTDUTRAVAIL-IDF\" \/>\n<meta name=\"robots\" content=\"index, follow, max-snippet:-1, max-image-preview:large, max-video-preview:-1\" \/>\n<link rel=\"canonical\" href=\"https:\/\/www.accidentdutravail-idf.net\/blog\/accidents-mortels-au-travail-voici-les-secteurs-et-les-profils-les-plus-a-risque-en-belgique-la-chute-de-hauteur-reste-la-hantise\/\" \/>\n<meta property=\"og:locale\" content=\"fr_FR\" \/>\n<meta property=\"og:type\" content=\"article\" \/>\n<meta property=\"og:title\" content=\"Accidents mortels au travail : voici les secteurs et les profils les plus \u00e0 risque en Belgique, \u00ab la chute de hauteur reste la hantise \u00bb - ACCIDENTDUTRAVAIL-IDF\" \/>\n<meta property=\"og:description\" content=\"Accidents mortels au travail : voici les secteurs et les profils les plus \u00e0 risque en Belgique, \u00ab la chute de hauteur reste la hantise \u00bb article de ACCIDENTDUTRAVAIL-IDF\" \/>\n<meta property=\"og:url\" content=\"https:\/\/www.accidentdutravail-idf.net\/blog\/accidents-mortels-au-travail-voici-les-secteurs-et-les-profils-les-plus-a-risque-en-belgique-la-chute-de-hauteur-reste-la-hantise\/\" \/>\n<meta property=\"og:site_name\" content=\"ACCIDENTDUTRAVAIL-IDF\" \/>\n<meta property=\"article:published_time\" content=\"2026-04-27T21:52:00+00:00\" \/>\n<meta property=\"og:image\" content=\"https:\/\/www.accidentdutravail-idf.net\/blog\/wp-content\/uploads\/2026\/04\/accidents-mortels-au-travail-voici-les-secteurs-et-les-profils-les-plus-a-risque-en-belgique-la-chute-de-hauteur-reste-la-hantise.png\" \/>\n<meta name=\"author\" content=\"Carlos Poulain\" \/>\n<meta name=\"twitter:card\" content=\"summary_large_image\" \/>\n<meta name=\"twitter:label1\" content=\"\u00c9crit par\" \/>\n\t<meta name=\"twitter:data1\" content=\"Carlos Poulain\" \/>\n\t<meta name=\"twitter:label2\" content=\"Dur\u00e9e de lecture estim\u00e9e\" \/>\n\t<meta name=\"twitter:data2\" content=\"2 minutes\" \/>\n<script type=\"application\/ld+json\" class=\"yoast-schema-graph\">{\"@context\":\"https:\\\/\\\/schema.org\",\"@graph\":[{\"@type\":\"Article\",\"@id\":\"https:\\\/\\\/www.accidentdutravail-idf.net\\\/blog\\\/accidents-mortels-au-travail-voici-les-secteurs-et-les-profils-les-plus-a-risque-en-belgique-la-chute-de-hauteur-reste-la-hantise\\\/#article\",\"isPartOf\":{\"@id\":\"https:\\\/\\\/www.accidentdutravail-idf.net\\\/blog\\\/accidents-mortels-au-travail-voici-les-secteurs-et-les-profils-les-plus-a-risque-en-belgique-la-chute-de-hauteur-reste-la-hantise\\\/\"},\"author\":{\"name\":\"Carlos Poulain\",\"@id\":\"https:\\\/\\\/www.accidentdutravail-idf.net\\\/blog\\\/#\\\/schema\\\/person\\\/3255d2f970de45e64bd9201f38e7b947\"},\"headline\":\"Accidents mortels au travail : voici les secteurs et les profils les plus \u00e0 risque en Belgique, \u00ab la chute de hauteur reste la hantise \u00bb\",\"datePublished\":\"2026-04-27T21:52:00+00:00\",\"mainEntityOfPage\":{\"@id\":\"https:\\\/\\\/www.accidentdutravail-idf.net\\\/blog\\\/accidents-mortels-au-travail-voici-les-secteurs-et-les-profils-les-plus-a-risque-en-belgique-la-chute-de-hauteur-reste-la-hantise\\\/\"},\"wordCount\":490,\"publisher\":{\"@id\":\"https:\\\/\\\/www.accidentdutravail-idf.net\\\/blog\\\/#organization\"},\"image\":{\"@id\":\"https:\\\/\\\/www.accidentdutravail-idf.net\\\/blog\\\/accidents-mortels-au-travail-voici-les-secteurs-et-les-profils-les-plus-a-risque-en-belgique-la-chute-de-hauteur-reste-la-hantise\\\/#primaryimage\"},\"thumbnailUrl\":\"https:\\\/\\\/www.accidentdutravail-idf.net\\\/blog\\\/wp-content\\\/uploads\\\/2026\\\/04\\\/accidents-mortels-au-travail-voici-les-secteurs-et-les-profils-les-plus-a-risque-en-belgique-la-chute-de-hauteur-reste-la-hantise.png\",\"articleSection\":[\"S\u00e9curit\u00e9 Du Travail En Ile-De-France Et Divers:\"],\"inLanguage\":\"fr-FR\"},{\"@type\":\"WebPage\",\"@id\":\"https:\\\/\\\/www.accidentdutravail-idf.net\\\/blog\\\/accidents-mortels-au-travail-voici-les-secteurs-et-les-profils-les-plus-a-risque-en-belgique-la-chute-de-hauteur-reste-la-hantise\\\/\",\"url\":\"https:\\\/\\\/www.accidentdutravail-idf.net\\\/blog\\\/accidents-mortels-au-travail-voici-les-secteurs-et-les-profils-les-plus-a-risque-en-belgique-la-chute-de-hauteur-reste-la-hantise\\\/\",\"name\":\"Accidents mortels au travail : voici les secteurs et les profils les plus \u00e0 risque en Belgique, \u00ab la chute de hauteur reste la hantise \u00bb - ACCIDENTDUTRAVAIL-IDF\",\"isPartOf\":{\"@id\":\"https:\\\/\\\/www.accidentdutravail-idf.net\\\/blog\\\/#website\"},\"primaryImageOfPage\":{\"@id\":\"https:\\\/\\\/www.accidentdutravail-idf.net\\\/blog\\\/accidents-mortels-au-travail-voici-les-secteurs-et-les-profils-les-plus-a-risque-en-belgique-la-chute-de-hauteur-reste-la-hantise\\\/#primaryimage\"},\"image\":{\"@id\":\"https:\\\/\\\/www.accidentdutravail-idf.net\\\/blog\\\/accidents-mortels-au-travail-voici-les-secteurs-et-les-profils-les-plus-a-risque-en-belgique-la-chute-de-hauteur-reste-la-hantise\\\/#primaryimage\"},\"thumbnailUrl\":\"https:\\\/\\\/www.accidentdutravail-idf.net\\\/blog\\\/wp-content\\\/uploads\\\/2026\\\/04\\\/accidents-mortels-au-travail-voici-les-secteurs-et-les-profils-les-plus-a-risque-en-belgique-la-chute-de-hauteur-reste-la-hantise.png\",\"datePublished\":\"2026-04-27T21:52:00+00:00\",\"description\":\"Accidents mortels au travail : voici les secteurs et les profils les plus \u00e0 risque en Belgique, \u00ab la chute de hauteur reste la hantise \u00bb article de ACCIDENTDUTRAVAIL-IDF\",\"breadcrumb\":{\"@id\":\"https:\\\/\\\/www.accidentdutravail-idf.net\\\/blog\\\/accidents-mortels-au-travail-voici-les-secteurs-et-les-profils-les-plus-a-risque-en-belgique-la-chute-de-hauteur-reste-la-hantise\\\/#breadcrumb\"},\"inLanguage\":\"fr-FR\",\"potentialAction\":[{\"@type\":\"ReadAction\",\"target\":[\"https:\\\/\\\/www.accidentdutravail-idf.net\\\/blog\\\/accidents-mortels-au-travail-voici-les-secteurs-et-les-profils-les-plus-a-risque-en-belgique-la-chute-de-hauteur-reste-la-hantise\\\/\"]}]},{\"@type\":\"ImageObject\",\"inLanguage\":\"fr-FR\",\"@id\":\"https:\\\/\\\/www.accidentdutravail-idf.net\\\/blog\\\/accidents-mortels-au-travail-voici-les-secteurs-et-les-profils-les-plus-a-risque-en-belgique-la-chute-de-hauteur-reste-la-hantise\\\/#primaryimage\",\"url\":\"https:\\\/\\\/www.accidentdutravail-idf.net\\\/blog\\\/wp-content\\\/uploads\\\/2026\\\/04\\\/accidents-mortels-au-travail-voici-les-secteurs-et-les-profils-les-plus-a-risque-en-belgique-la-chute-de-hauteur-reste-la-hantise.png\",\"contentUrl\":\"https:\\\/\\\/www.accidentdutravail-idf.net\\\/blog\\\/wp-content\\\/uploads\\\/2026\\\/04\\\/accidents-mortels-au-travail-voici-les-secteurs-et-les-profils-les-plus-a-risque-en-belgique-la-chute-de-hauteur-reste-la-hantise.png\"},{\"@type\":\"BreadcrumbList\",\"@id\":\"https:\\\/\\\/www.accidentdutravail-idf.net\\\/blog\\\/accidents-mortels-au-travail-voici-les-secteurs-et-les-profils-les-plus-a-risque-en-belgique-la-chute-de-hauteur-reste-la-hantise\\\/#breadcrumb\",\"itemListElement\":[{\"@type\":\"ListItem\",\"position\":1,\"name\":\"Accueil\",\"item\":\"https:\\\/\\\/www.accidentdutravail-idf.net\\\/blog\\\/\"},{\"@type\":\"ListItem\",\"position\":2,\"name\":\"Accidents mortels au travail : voici les secteurs et les profils les plus \u00e0 risque en Belgique, \u00ab la chute de hauteur reste la hantise \u00bb\"}]},{\"@type\":\"WebSite\",\"@id\":\"https:\\\/\\\/www.accidentdutravail-idf.net\\\/blog\\\/#website\",\"url\":\"https:\\\/\\\/www.accidentdutravail-idf.net\\\/blog\\\/\",\"name\":\"ACCIDENTDUTRAVAIL-IDF\",\"description\":\"Portail accidents du travail-maladies professionnelles des entreprises d&#039;Ile-de-France\",\"publisher\":{\"@id\":\"https:\\\/\\\/www.accidentdutravail-idf.net\\\/blog\\\/#organization\"},\"potentialAction\":[{\"@type\":\"SearchAction\",\"target\":{\"@type\":\"EntryPoint\",\"urlTemplate\":\"https:\\\/\\\/www.accidentdutravail-idf.net\\\/blog\\\/?s={search_term_string}\"},\"query-input\":{\"@type\":\"PropertyValueSpecification\",\"valueRequired\":true,\"valueName\":\"search_term_string\"}}],\"inLanguage\":\"fr-FR\"},{\"@type\":\"Organization\",\"@id\":\"https:\\\/\\\/www.accidentdutravail-idf.net\\\/blog\\\/#organization\",\"name\":\"accidentdutravail-idf\",\"url\":\"https:\\\/\\\/www.accidentdutravail-idf.net\\\/blog\\\/\",\"logo\":{\"@type\":\"ImageObject\",\"inLanguage\":\"fr-FR\",\"@id\":\"https:\\\/\\\/www.accidentdutravail-idf.net\\\/blog\\\/#\\\/schema\\\/logo\\\/image\\\/\",\"url\":\"https:\\\/\\\/www.accidentdutravail-idf.net\\\/blog\\\/wp-content\\\/uploads\\\/2022\\\/09\\\/logo-2.png\",\"contentUrl\":\"https:\\\/\\\/www.accidentdutravail-idf.net\\\/blog\\\/wp-content\\\/uploads\\\/2022\\\/09\\\/logo-2.png\",\"width\":380,\"height\":291,\"caption\":\"accidentdutravail-idf\"},\"image\":{\"@id\":\"https:\\\/\\\/www.accidentdutravail-idf.net\\\/blog\\\/#\\\/schema\\\/logo\\\/image\\\/\"}},{\"@type\":\"Person\",\"@id\":\"https:\\\/\\\/www.accidentdutravail-idf.net\\\/blog\\\/#\\\/schema\\\/person\\\/3255d2f970de45e64bd9201f38e7b947\",\"name\":\"Carlos Poulain\",\"image\":{\"@type\":\"ImageObject\",\"inLanguage\":\"fr-FR\",\"@id\":\"https:\\\/\\\/secure.gravatar.com\\\/avatar\\\/b1c2f9d3588e34e91adb093635df64ef4b2381991216be7576466cfcdca4baf3?s=96&d=mm&r=g\",\"url\":\"https:\\\/\\\/secure.gravatar.com\\\/avatar\\\/b1c2f9d3588e34e91adb093635df64ef4b2381991216be7576466cfcdca4baf3?s=96&d=mm&r=g\",\"contentUrl\":\"https:\\\/\\\/secure.gravatar.com\\\/avatar\\\/b1c2f9d3588e34e91adb093635df64ef4b2381991216be7576466cfcdca4baf3?s=96&d=mm&r=g\",\"caption\":\"Carlos Poulain\"},\"url\":\"https:\\\/\\\/www.accidentdutravail-idf.net\\\/blog\\\/author\\\/idfcarlos\\\/\"}]}<\/script>\n<!-- \/ Yoast SEO plugin. -->","yoast_head_json":{"title":"Accidents mortels au travail : voici les secteurs et les profils les plus \u00e0 risque en Belgique, \u00ab la chute de hauteur reste la hantise \u00bb - ACCIDENTDUTRAVAIL-IDF","description":"Accidents mortels au travail : voici les secteurs et les profils les plus \u00e0 risque en Belgique, \u00ab la chute de hauteur reste la hantise \u00bb article de ACCIDENTDUTRAVAIL-IDF","robots":{"index":"index","follow":"follow","max-snippet":"max-snippet:-1","max-image-preview":"max-image-preview:large","max-video-preview":"max-video-preview:-1"},"canonical":"https:\/\/www.accidentdutravail-idf.net\/blog\/accidents-mortels-au-travail-voici-les-secteurs-et-les-profils-les-plus-a-risque-en-belgique-la-chute-de-hauteur-reste-la-hantise\/","og_locale":"fr_FR","og_type":"article","og_title":"Accidents mortels au travail : voici les secteurs et les profils les plus \u00e0 risque en Belgique, \u00ab la chute de hauteur reste la hantise \u00bb - ACCIDENTDUTRAVAIL-IDF","og_description":"Accidents mortels au travail : voici les secteurs et les profils les plus \u00e0 risque en Belgique, \u00ab la chute de hauteur reste la hantise \u00bb article de ACCIDENTDUTRAVAIL-IDF","og_url":"https:\/\/www.accidentdutravail-idf.net\/blog\/accidents-mortels-au-travail-voici-les-secteurs-et-les-profils-les-plus-a-risque-en-belgique-la-chute-de-hauteur-reste-la-hantise\/","og_site_name":"ACCIDENTDUTRAVAIL-IDF","article_published_time":"2026-04-27T21:52:00+00:00","og_image":[{"url":"https:\/\/www.accidentdutravail-idf.net\/blog\/wp-content\/uploads\/2026\/04\/accidents-mortels-au-travail-voici-les-secteurs-et-les-profils-les-plus-a-risque-en-belgique-la-chute-de-hauteur-reste-la-hantise.png","type":"","width":"","height":""}],"author":"Carlos Poulain","twitter_card":"summary_large_image","twitter_misc":{"\u00c9crit par":"Carlos Poulain","Dur\u00e9e de lecture estim\u00e9e":"2 minutes"},"schema":{"@context":"https:\/\/schema.org","@graph":[{"@type":"Article","@id":"https:\/\/www.accidentdutravail-idf.net\/blog\/accidents-mortels-au-travail-voici-les-secteurs-et-les-profils-les-plus-a-risque-en-belgique-la-chute-de-hauteur-reste-la-hantise\/#article","isPartOf":{"@id":"https:\/\/www.accidentdutravail-idf.net\/blog\/accidents-mortels-au-travail-voici-les-secteurs-et-les-profils-les-plus-a-risque-en-belgique-la-chute-de-hauteur-reste-la-hantise\/"},"author":{"name":"Carlos Poulain","@id":"https:\/\/www.accidentdutravail-idf.net\/blog\/#\/schema\/person\/3255d2f970de45e64bd9201f38e7b947"},"headline":"Accidents mortels au travail : voici les secteurs et les profils les plus \u00e0 risque en Belgique, \u00ab la chute de hauteur reste la hantise \u00bb","datePublished":"2026-04-27T21:52:00+00:00","mainEntityOfPage":{"@id":"https:\/\/www.accidentdutravail-idf.net\/blog\/accidents-mortels-au-travail-voici-les-secteurs-et-les-profils-les-plus-a-risque-en-belgique-la-chute-de-hauteur-reste-la-hantise\/"},"wordCount":490,"publisher":{"@id":"https:\/\/www.accidentdutravail-idf.net\/blog\/#organization"},"image":{"@id":"https:\/\/www.accidentdutravail-idf.net\/blog\/accidents-mortels-au-travail-voici-les-secteurs-et-les-profils-les-plus-a-risque-en-belgique-la-chute-de-hauteur-reste-la-hantise\/#primaryimage"},"thumbnailUrl":"https:\/\/www.accidentdutravail-idf.net\/blog\/wp-content\/uploads\/2026\/04\/accidents-mortels-au-travail-voici-les-secteurs-et-les-profils-les-plus-a-risque-en-belgique-la-chute-de-hauteur-reste-la-hantise.png","articleSection":["S\u00e9curit\u00e9 Du Travail En Ile-De-France Et Divers:"],"inLanguage":"fr-FR"},{"@type":"WebPage","@id":"https:\/\/www.accidentdutravail-idf.net\/blog\/accidents-mortels-au-travail-voici-les-secteurs-et-les-profils-les-plus-a-risque-en-belgique-la-chute-de-hauteur-reste-la-hantise\/","url":"https:\/\/www.accidentdutravail-idf.net\/blog\/accidents-mortels-au-travail-voici-les-secteurs-et-les-profils-les-plus-a-risque-en-belgique-la-chute-de-hauteur-reste-la-hantise\/","name":"Accidents mortels au travail : voici les secteurs et les profils les plus \u00e0 risque en Belgique, \u00ab la chute de hauteur reste la hantise \u00bb - ACCIDENTDUTRAVAIL-IDF","isPartOf":{"@id":"https:\/\/www.accidentdutravail-idf.net\/blog\/#website"},"primaryImageOfPage":{"@id":"https:\/\/www.accidentdutravail-idf.net\/blog\/accidents-mortels-au-travail-voici-les-secteurs-et-les-profils-les-plus-a-risque-en-belgique-la-chute-de-hauteur-reste-la-hantise\/#primaryimage"},"image":{"@id":"https:\/\/www.accidentdutravail-idf.net\/blog\/accidents-mortels-au-travail-voici-les-secteurs-et-les-profils-les-plus-a-risque-en-belgique-la-chute-de-hauteur-reste-la-hantise\/#primaryimage"},"thumbnailUrl":"https:\/\/www.accidentdutravail-idf.net\/blog\/wp-content\/uploads\/2026\/04\/accidents-mortels-au-travail-voici-les-secteurs-et-les-profils-les-plus-a-risque-en-belgique-la-chute-de-hauteur-reste-la-hantise.png","datePublished":"2026-04-27T21:52:00+00:00","description":"Accidents mortels au travail : voici les secteurs et les profils les plus \u00e0 risque en Belgique, \u00ab la chute de hauteur reste la hantise \u00bb article de ACCIDENTDUTRAVAIL-IDF","breadcrumb":{"@id":"https:\/\/www.accidentdutravail-idf.net\/blog\/accidents-mortels-au-travail-voici-les-secteurs-et-les-profils-les-plus-a-risque-en-belgique-la-chute-de-hauteur-reste-la-hantise\/#breadcrumb"},"inLanguage":"fr-FR","potentialAction":[{"@type":"ReadAction","target":["https:\/\/www.accidentdutravail-idf.net\/blog\/accidents-mortels-au-travail-voici-les-secteurs-et-les-profils-les-plus-a-risque-en-belgique-la-chute-de-hauteur-reste-la-hantise\/"]}]},{"@type":"ImageObject","inLanguage":"fr-FR","@id":"https:\/\/www.accidentdutravail-idf.net\/blog\/accidents-mortels-au-travail-voici-les-secteurs-et-les-profils-les-plus-a-risque-en-belgique-la-chute-de-hauteur-reste-la-hantise\/#primaryimage","url":"https:\/\/www.accidentdutravail-idf.net\/blog\/wp-content\/uploads\/2026\/04\/accidents-mortels-au-travail-voici-les-secteurs-et-les-profils-les-plus-a-risque-en-belgique-la-chute-de-hauteur-reste-la-hantise.png","contentUrl":"https:\/\/www.accidentdutravail-idf.net\/blog\/wp-content\/uploads\/2026\/04\/accidents-mortels-au-travail-voici-les-secteurs-et-les-profils-les-plus-a-risque-en-belgique-la-chute-de-hauteur-reste-la-hantise.png"},{"@type":"BreadcrumbList","@id":"https:\/\/www.accidentdutravail-idf.net\/blog\/accidents-mortels-au-travail-voici-les-secteurs-et-les-profils-les-plus-a-risque-en-belgique-la-chute-de-hauteur-reste-la-hantise\/#breadcrumb","itemListElement":[{"@type":"ListItem","position":1,"name":"Accueil","item":"https:\/\/www.accidentdutravail-idf.net\/blog\/"},{"@type":"ListItem","position":2,"name":"Accidents mortels au travail : voici les secteurs et les profils les plus \u00e0 risque en Belgique, \u00ab la chute de hauteur reste la hantise \u00bb"}]},{"@type":"WebSite","@id":"https:\/\/www.accidentdutravail-idf.net\/blog\/#website","url":"https:\/\/www.accidentdutravail-idf.net\/blog\/","name":"ACCIDENTDUTRAVAIL-IDF","description":"Portail accidents du travail-maladies professionnelles des entreprises d&#039;Ile-de-France","publisher":{"@id":"https:\/\/www.accidentdutravail-idf.net\/blog\/#organization"},"potentialAction":[{"@type":"SearchAction","target":{"@type":"EntryPoint","urlTemplate":"https:\/\/www.accidentdutravail-idf.net\/blog\/?s={search_term_string}"},"query-input":{"@type":"PropertyValueSpecification","valueRequired":true,"valueName":"search_term_string"}}],"inLanguage":"fr-FR"},{"@type":"Organization","@id":"https:\/\/www.accidentdutravail-idf.net\/blog\/#organization","name":"accidentdutravail-idf","url":"https:\/\/www.accidentdutravail-idf.net\/blog\/","logo":{"@type":"ImageObject","inLanguage":"fr-FR","@id":"https:\/\/www.accidentdutravail-idf.net\/blog\/#\/schema\/logo\/image\/","url":"https:\/\/www.accidentdutravail-idf.net\/blog\/wp-content\/uploads\/2022\/09\/logo-2.png","contentUrl":"https:\/\/www.accidentdutravail-idf.net\/blog\/wp-content\/uploads\/2022\/09\/logo-2.png","width":380,"height":291,"caption":"accidentdutravail-idf"},"image":{"@id":"https:\/\/www.accidentdutravail-idf.net\/blog\/#\/schema\/logo\/image\/"}},{"@type":"Person","@id":"https:\/\/www.accidentdutravail-idf.net\/blog\/#\/schema\/person\/3255d2f970de45e64bd9201f38e7b947","name":"Carlos Poulain","image":{"@type":"ImageObject","inLanguage":"fr-FR","@id":"https:\/\/secure.gravatar.com\/avatar\/b1c2f9d3588e34e91adb093635df64ef4b2381991216be7576466cfcdca4baf3?s=96&d=mm&r=g","url":"https:\/\/secure.gravatar.com\/avatar\/b1c2f9d3588e34e91adb093635df64ef4b2381991216be7576466cfcdca4baf3?s=96&d=mm&r=g","contentUrl":"https:\/\/secure.gravatar.com\/avatar\/b1c2f9d3588e34e91adb093635df64ef4b2381991216be7576466cfcdca4baf3?s=96&d=mm&r=g","caption":"Carlos Poulain"},"url":"https:\/\/www.accidentdutravail-idf.net\/blog\/author\/idfcarlos\/"}]}},"_links":{"self":[{"href":"https:\/\/www.accidentdutravail-idf.net\/blog\/wp-json\/wp\/v2\/posts\/2364","targetHints":{"allow":["GET"]}}],"collection":[{"href":"https:\/\/www.accidentdutravail-idf.net\/blog\/wp-json\/wp\/v2\/posts"}],"about":[{"href":"https:\/\/www.accidentdutravail-idf.net\/blog\/wp-json\/wp\/v2\/types\/post"}],"author":[{"embeddable":true,"href":"https:\/\/www.accidentdutravail-idf.net\/blog\/wp-json\/wp\/v2\/users\/2"}],"replies":[{"embeddable":true,"href":"https:\/\/www.accidentdutravail-idf.net\/blog\/wp-json\/wp\/v2\/comments?post=2364"}],"version-history":[{"count":0,"href":"https:\/\/www.accidentdutravail-idf.net\/blog\/wp-json\/wp\/v2\/posts\/2364\/revisions"}],"wp:attachment":[{"href":"https:\/\/www.accidentdutravail-idf.net\/blog\/wp-json\/wp\/v2\/media?parent=2364"}],"wp:term":[{"taxonomy":"category","embeddable":true,"href":"https:\/\/www.accidentdutravail-idf.net\/blog\/wp-json\/wp\/v2\/categories?post=2364"},{"taxonomy":"post_tag","embeddable":true,"href":"https:\/\/www.accidentdutravail-idf.net\/blog\/wp-json\/wp\/v2\/tags?post=2364"}],"curies":[{"name":"wp","href":"https:\/\/api.w.org\/{rel}","templated":true}]}}