{"id":2354,"date":"2026-04-23T11:05:00","date_gmt":"2026-04-23T09:05:00","guid":{"rendered":"https:\/\/www.accidentdutravail-idf.net\/blog\/pays-de-montbeliard-un-artisan-du-batiment-decede-sur-le-chantier-dune-maison-a-seloncourt\/"},"modified":"2026-04-23T11:05:00","modified_gmt":"2026-04-23T09:05:00","slug":"pays-de-montbeliard-un-artisan-du-batiment-decede-sur-le-chantier-dune-maison-a-seloncourt","status":"publish","type":"post","link":"https:\/\/www.accidentdutravail-idf.net\/blog\/pays-de-montbeliard-un-artisan-du-batiment-decede-sur-le-chantier-dune-maison-a-seloncourt\/","title":{"rendered":"Pays de Montb\u00e9liard Un artisan du b\u00e2timent d\u00e9c\u00e8de sur le chantier d\u2019une maison \u00e0 Seloncourt"},"content":{"rendered":"<div><img decoding=\"async\" src=\"https:\/\/www.accidentdutravail-idf.net\/blog\/wp-content\/uploads\/2026\/04\/pays-de-montbeliard-un-artisan-du-batiment-decede-sur-le-chantier-dune-maison-a-seloncourt.jpg\" class=\"ff-og-image-inserted\"><\/div>\n<div>\n<p><span>C\u2019est un accident tragique qui s\u2019est produit ce jeudi vers 10\u200ah\u200a15 \u00e0 Seloncourt, dans le Pays de Montb\u00e9liard, sur le chantier d\u2019une maison priv\u00e9e en construction au niveau d\u2019une parcelle de la rue du G\u00e9n\u00e9ral-Leclerc. Un mur en bloc de b\u00e9ton (plus de 2 tonnes) est tomb\u00e9 sur un artisan d\u2019une entreprise de travaux publics.<\/span><\/p>\n<\/div>\n<div>\n<p><span>Le drame est survenu lors d\u2019une man\u0153uvre de d\u00e9placement du bloc en question avec une tractopelle conduite par un tiers. Mais les \u00e9lingues, fix\u00e9es initialement par la victime, ont c\u00e9d\u00e9 et provoqu\u00e9 l\u2019\u00e9crasement du chef de chantier. \u00c0 leur arriv\u00e9e, les secours ont trouv\u00e9 la victime en arr\u00eat cardiorespiratoire&nbsp;; ils ont tent\u00e9 de la r\u00e9animer pendant plusieurs minutes, en vain. Le Smur n\u2019a pu que constater le d\u00e9c\u00e8s de l\u2019homme, \u00e2g\u00e9 de 46 ans, quelques instants plus tard.<\/span><\/p>\n<\/div>\n<div id>\n<div class=\"consentModule_text\">\n<p>Ce contenu est bloqu\u00e9 car vous n&rsquo;avez pas accept\u00e9 les cookies et autres traceurs.<\/p>\n<p>En cliquant sur <span class=\"bold\">\u00ab J\u2019accepte \u00bb<\/span>, les cookies et autres traceurs seront d\u00e9pos\u00e9s et vous pourrez visualiser les contenus <span class=\"consentModule_purpose\"><\/span> (<a href=\"https:\/\/www.estrepublicain.fr\/faits-divers-justice\/2026\/04\/23\/un-ouvrier-decede-sur-le-chantier-d-une-maison-privee-a-seloncourt\" class=\"consentModule_policy\" target=\"_blank\" title=\"Consulter la politique de protection des donn\u00e9es du fournisseur\" rel=\"nofollow\">plus d&rsquo;informations<\/a>).<\/p>\n<p>En cliquant sur <span class=\"bold\">\u00ab J\u2019accepte tous les cookies \u00bb<\/span>, vous autorisez des d\u00e9p\u00f4ts de cookies et autres traceurs pour le stockage de vos donn\u00e9es sur nos sites et applications \u00e0 des fins de personnalisation et de ciblage publicitaire.<\/p>\n<p class=\"consentModule_secondaryText\">Vous gardez la possibilit\u00e9 de retirer votre consentement \u00e0 tout moment en consultant notre <a href=\"https:\/\/www.estrepublicain.fr\/protection-des-donnees\" target=\"_blank\" title=\"Consulter notre politique de protection des donn\u00e9es\" rel=\"nofollow\">politique de protection des donn\u00e9es<\/a>. <br \/><a href=\"Didomi.notice.show()\" class=\"consentModule_cmp\" target=\"_blank\" rel=\"nofollow\">G\u00e9rer mes choix<\/a> <\/p>\n<p> <button class=\"acceptConsent\" id title=\"J'accepte\">J&rsquo;accepte<\/button> <button class=\"acceptAllConsent\" id title=\"J'accepte tous les cookies\">J&rsquo;accepte tous les cookies<\/button> <\/p>\n<\/p><\/div>\n<\/div>\n<div>\n<p>Sur place, plusieurs sapeurs-pompiers des casernes d\u2019Audin-Val, Mandeure et la&nbsp;compagnie de Montb\u00e9liard \u00e9taient pr\u00e9sents. La police nationale et municipale ainsi que le maire Mathieu Gagliardi se sont \u00e9galement rendus sur les lieux.<\/p>\n<\/div>\n<div>\n<p>Une enqu\u00eate a \u00e9t\u00e9&nbsp;ouverte pour homicide involontaire dans le cadre du travail. L&rsquo;inspection du travail a \u00e9galement ouvert une proc\u00e9dure, dans le cadre d&rsquo;une co-saisine avec la police judiciaire,&nbsp;pour d\u00e9terminer s&rsquo;il y a eu n\u00e9gligence ou non.<\/p>\n<\/div>\n<p>accidentdutravail-idf.net vous a pr\u00e9par\u00e9 ce post qui informe du sujet \u00ab\u00a0Association Sportive Huisson-Longueville Essonne\u00a0\u00bb. La chronique se veut g\u00e9n\u00e9r\u00e9e du mieux possible. Vous pouvez utiliser les coordonn\u00e9es indiqu\u00e9es sur le site dans le but d\u2019apporter des explications sur ce post qui parle du th\u00e8me \u00ab\u00a0Association Sportive Huisson-Longueville Essonne\u00a0\u00bb. Le site accidentdutravail-idf.net a pour but de fournir diverses publications sur la th\u00e9matique Association Sportive Huisson-Longueville Essonne diffus\u00e9es sur le net. Il y aura plusieurs articles autour du sujet \u00ab\u00a0Association Sportive Huisson-Longueville Essonne\u00a0\u00bb dans quelques jours, nous vous invitons \u00e0 naviguer sur notre site web \u00e0 plusieurs reprises.<\/p>\n","protected":false},"excerpt":{"rendered":"<p>C\u2019est un accident tragique qui s\u2019est produit ce jeudi vers 10\u200ah\u200a15 \u00e0 Seloncourt, dans le Pays de Montb\u00e9liard, sur le chantier d\u2019une maison priv\u00e9e en construction au niveau d\u2019une parcelle de la rue du G\u00e9n\u00e9ral-Leclerc. Un mur en bloc de b\u00e9ton (plus de 2 tonnes) est tomb\u00e9 sur un artisan d\u2019une entreprise de travaux publics. &hellip; <\/p>\n<p class=\"link-more\"><a href=\"https:\/\/www.accidentdutravail-idf.net\/blog\/pays-de-montbeliard-un-artisan-du-batiment-decede-sur-le-chantier-dune-maison-a-seloncourt\/\" class=\"more-link\">Continuer la lecture <span class=\"screen-reader-text\"> \u00ab\u00a0Pays de Montb\u00e9liard Un artisan du b\u00e2timent d\u00e9c\u00e8de sur le chantier d\u2019une maison \u00e0 Seloncourt\u00a0\u00bb<\/span><\/a><\/p>\n","protected":false},"author":2,"featured_media":0,"comment_status":"closed","ping_status":"closed","sticky":false,"template":"","format":"standard","meta":{"footnotes":""},"categories":[5],"tags":[],"class_list":["post-2354","post","type-post","status-publish","format-standard","hentry","category-securite-du-travail-en-ile-de-france-et-divers","entry"],"yoast_head":"<!-- This site is optimized with the Yoast SEO plugin v27.5 - https:\/\/yoast.com\/product\/yoast-seo-wordpress\/ -->\n<title>Pays de Montb\u00e9liard Un artisan du b\u00e2timent d\u00e9c\u00e8de sur le chantier d\u2019une maison \u00e0 Seloncourt - ACCIDENTDUTRAVAIL-IDF<\/title>\n<meta name=\"description\" content=\"Pays de Montb\u00e9liard Un artisan du b\u00e2timent d\u00e9c\u00e8de sur le chantier d\u2019une maison \u00e0 Seloncourt article de ACCIDENTDUTRAVAIL-IDF\" \/>\n<meta name=\"robots\" content=\"index, follow, max-snippet:-1, max-image-preview:large, max-video-preview:-1\" \/>\n<link rel=\"canonical\" href=\"https:\/\/www.accidentdutravail-idf.net\/blog\/pays-de-montbeliard-un-artisan-du-batiment-decede-sur-le-chantier-dune-maison-a-seloncourt\/\" \/>\n<meta property=\"og:locale\" content=\"fr_FR\" \/>\n<meta property=\"og:type\" content=\"article\" \/>\n<meta property=\"og:title\" content=\"Pays de Montb\u00e9liard Un artisan du b\u00e2timent d\u00e9c\u00e8de sur le chantier d\u2019une maison \u00e0 Seloncourt - ACCIDENTDUTRAVAIL-IDF\" \/>\n<meta property=\"og:description\" content=\"Pays de Montb\u00e9liard Un artisan du b\u00e2timent d\u00e9c\u00e8de sur le chantier d\u2019une maison \u00e0 Seloncourt article de ACCIDENTDUTRAVAIL-IDF\" \/>\n<meta property=\"og:url\" content=\"https:\/\/www.accidentdutravail-idf.net\/blog\/pays-de-montbeliard-un-artisan-du-batiment-decede-sur-le-chantier-dune-maison-a-seloncourt\/\" \/>\n<meta property=\"og:site_name\" content=\"ACCIDENTDUTRAVAIL-IDF\" \/>\n<meta property=\"article:published_time\" content=\"2026-04-23T09:05:00+00:00\" \/>\n<meta property=\"og:image\" content=\"https:\/\/www.accidentdutravail-idf.net\/blog\/wp-content\/uploads\/2026\/04\/pays-de-montbeliard-un-artisan-du-batiment-decede-sur-le-chantier-dune-maison-a-seloncourt.jpg\" \/>\n<meta name=\"author\" content=\"Carlos Poulain\" \/>\n<meta name=\"twitter:card\" content=\"summary_large_image\" \/>\n<meta name=\"twitter:label1\" content=\"\u00c9crit par\" \/>\n\t<meta name=\"twitter:data1\" content=\"Carlos Poulain\" \/>\n\t<meta name=\"twitter:label2\" content=\"Dur\u00e9e de lecture estim\u00e9e\" \/>\n\t<meta name=\"twitter:data2\" content=\"2 minutes\" \/>\n<script type=\"application\/ld+json\" class=\"yoast-schema-graph\">{\"@context\":\"https:\\\/\\\/schema.org\",\"@graph\":[{\"@type\":\"Article\",\"@id\":\"https:\\\/\\\/www.accidentdutravail-idf.net\\\/blog\\\/pays-de-montbeliard-un-artisan-du-batiment-decede-sur-le-chantier-dune-maison-a-seloncourt\\\/#article\",\"isPartOf\":{\"@id\":\"https:\\\/\\\/www.accidentdutravail-idf.net\\\/blog\\\/pays-de-montbeliard-un-artisan-du-batiment-decede-sur-le-chantier-dune-maison-a-seloncourt\\\/\"},\"author\":{\"name\":\"Carlos Poulain\",\"@id\":\"https:\\\/\\\/www.accidentdutravail-idf.net\\\/blog\\\/#\\\/schema\\\/person\\\/3255d2f970de45e64bd9201f38e7b947\"},\"headline\":\"Pays de Montb\u00e9liard Un artisan du b\u00e2timent d\u00e9c\u00e8de sur le chantier d\u2019une maison \u00e0 Seloncourt\",\"datePublished\":\"2026-04-23T09:05:00+00:00\",\"mainEntityOfPage\":{\"@id\":\"https:\\\/\\\/www.accidentdutravail-idf.net\\\/blog\\\/pays-de-montbeliard-un-artisan-du-batiment-decede-sur-le-chantier-dune-maison-a-seloncourt\\\/\"},\"wordCount\":463,\"publisher\":{\"@id\":\"https:\\\/\\\/www.accidentdutravail-idf.net\\\/blog\\\/#organization\"},\"image\":{\"@id\":\"https:\\\/\\\/www.accidentdutravail-idf.net\\\/blog\\\/pays-de-montbeliard-un-artisan-du-batiment-decede-sur-le-chantier-dune-maison-a-seloncourt\\\/#primaryimage\"},\"thumbnailUrl\":\"https:\\\/\\\/www.accidentdutravail-idf.net\\\/blog\\\/wp-content\\\/uploads\\\/2026\\\/04\\\/pays-de-montbeliard-un-artisan-du-batiment-decede-sur-le-chantier-dune-maison-a-seloncourt.jpg\",\"articleSection\":[\"S\u00e9curit\u00e9 Du Travail En Ile-De-France Et Divers:\"],\"inLanguage\":\"fr-FR\"},{\"@type\":\"WebPage\",\"@id\":\"https:\\\/\\\/www.accidentdutravail-idf.net\\\/blog\\\/pays-de-montbeliard-un-artisan-du-batiment-decede-sur-le-chantier-dune-maison-a-seloncourt\\\/\",\"url\":\"https:\\\/\\\/www.accidentdutravail-idf.net\\\/blog\\\/pays-de-montbeliard-un-artisan-du-batiment-decede-sur-le-chantier-dune-maison-a-seloncourt\\\/\",\"name\":\"Pays de Montb\u00e9liard Un artisan du b\u00e2timent d\u00e9c\u00e8de sur le chantier d\u2019une maison \u00e0 Seloncourt - ACCIDENTDUTRAVAIL-IDF\",\"isPartOf\":{\"@id\":\"https:\\\/\\\/www.accidentdutravail-idf.net\\\/blog\\\/#website\"},\"primaryImageOfPage\":{\"@id\":\"https:\\\/\\\/www.accidentdutravail-idf.net\\\/blog\\\/pays-de-montbeliard-un-artisan-du-batiment-decede-sur-le-chantier-dune-maison-a-seloncourt\\\/#primaryimage\"},\"image\":{\"@id\":\"https:\\\/\\\/www.accidentdutravail-idf.net\\\/blog\\\/pays-de-montbeliard-un-artisan-du-batiment-decede-sur-le-chantier-dune-maison-a-seloncourt\\\/#primaryimage\"},\"thumbnailUrl\":\"https:\\\/\\\/www.accidentdutravail-idf.net\\\/blog\\\/wp-content\\\/uploads\\\/2026\\\/04\\\/pays-de-montbeliard-un-artisan-du-batiment-decede-sur-le-chantier-dune-maison-a-seloncourt.jpg\",\"datePublished\":\"2026-04-23T09:05:00+00:00\",\"description\":\"Pays de Montb\u00e9liard Un artisan du b\u00e2timent d\u00e9c\u00e8de sur le chantier d\u2019une maison \u00e0 Seloncourt article de ACCIDENTDUTRAVAIL-IDF\",\"breadcrumb\":{\"@id\":\"https:\\\/\\\/www.accidentdutravail-idf.net\\\/blog\\\/pays-de-montbeliard-un-artisan-du-batiment-decede-sur-le-chantier-dune-maison-a-seloncourt\\\/#breadcrumb\"},\"inLanguage\":\"fr-FR\",\"potentialAction\":[{\"@type\":\"ReadAction\",\"target\":[\"https:\\\/\\\/www.accidentdutravail-idf.net\\\/blog\\\/pays-de-montbeliard-un-artisan-du-batiment-decede-sur-le-chantier-dune-maison-a-seloncourt\\\/\"]}]},{\"@type\":\"ImageObject\",\"inLanguage\":\"fr-FR\",\"@id\":\"https:\\\/\\\/www.accidentdutravail-idf.net\\\/blog\\\/pays-de-montbeliard-un-artisan-du-batiment-decede-sur-le-chantier-dune-maison-a-seloncourt\\\/#primaryimage\",\"url\":\"https:\\\/\\\/www.accidentdutravail-idf.net\\\/blog\\\/wp-content\\\/uploads\\\/2026\\\/04\\\/pays-de-montbeliard-un-artisan-du-batiment-decede-sur-le-chantier-dune-maison-a-seloncourt.jpg\",\"contentUrl\":\"https:\\\/\\\/www.accidentdutravail-idf.net\\\/blog\\\/wp-content\\\/uploads\\\/2026\\\/04\\\/pays-de-montbeliard-un-artisan-du-batiment-decede-sur-le-chantier-dune-maison-a-seloncourt.jpg\"},{\"@type\":\"BreadcrumbList\",\"@id\":\"https:\\\/\\\/www.accidentdutravail-idf.net\\\/blog\\\/pays-de-montbeliard-un-artisan-du-batiment-decede-sur-le-chantier-dune-maison-a-seloncourt\\\/#breadcrumb\",\"itemListElement\":[{\"@type\":\"ListItem\",\"position\":1,\"name\":\"Accueil\",\"item\":\"https:\\\/\\\/www.accidentdutravail-idf.net\\\/blog\\\/\"},{\"@type\":\"ListItem\",\"position\":2,\"name\":\"Pays de Montb\u00e9liard Un artisan du b\u00e2timent d\u00e9c\u00e8de sur le chantier d\u2019une maison \u00e0 Seloncourt\"}]},{\"@type\":\"WebSite\",\"@id\":\"https:\\\/\\\/www.accidentdutravail-idf.net\\\/blog\\\/#website\",\"url\":\"https:\\\/\\\/www.accidentdutravail-idf.net\\\/blog\\\/\",\"name\":\"ACCIDENTDUTRAVAIL-IDF\",\"description\":\"Portail accidents du travail-maladies professionnelles des entreprises d&#039;Ile-de-France\",\"publisher\":{\"@id\":\"https:\\\/\\\/www.accidentdutravail-idf.net\\\/blog\\\/#organization\"},\"potentialAction\":[{\"@type\":\"SearchAction\",\"target\":{\"@type\":\"EntryPoint\",\"urlTemplate\":\"https:\\\/\\\/www.accidentdutravail-idf.net\\\/blog\\\/?s={search_term_string}\"},\"query-input\":{\"@type\":\"PropertyValueSpecification\",\"valueRequired\":true,\"valueName\":\"search_term_string\"}}],\"inLanguage\":\"fr-FR\"},{\"@type\":\"Organization\",\"@id\":\"https:\\\/\\\/www.accidentdutravail-idf.net\\\/blog\\\/#organization\",\"name\":\"accidentdutravail-idf\",\"url\":\"https:\\\/\\\/www.accidentdutravail-idf.net\\\/blog\\\/\",\"logo\":{\"@type\":\"ImageObject\",\"inLanguage\":\"fr-FR\",\"@id\":\"https:\\\/\\\/www.accidentdutravail-idf.net\\\/blog\\\/#\\\/schema\\\/logo\\\/image\\\/\",\"url\":\"https:\\\/\\\/www.accidentdutravail-idf.net\\\/blog\\\/wp-content\\\/uploads\\\/2022\\\/09\\\/logo-2.png\",\"contentUrl\":\"https:\\\/\\\/www.accidentdutravail-idf.net\\\/blog\\\/wp-content\\\/uploads\\\/2022\\\/09\\\/logo-2.png\",\"width\":380,\"height\":291,\"caption\":\"accidentdutravail-idf\"},\"image\":{\"@id\":\"https:\\\/\\\/www.accidentdutravail-idf.net\\\/blog\\\/#\\\/schema\\\/logo\\\/image\\\/\"}},{\"@type\":\"Person\",\"@id\":\"https:\\\/\\\/www.accidentdutravail-idf.net\\\/blog\\\/#\\\/schema\\\/person\\\/3255d2f970de45e64bd9201f38e7b947\",\"name\":\"Carlos Poulain\",\"image\":{\"@type\":\"ImageObject\",\"inLanguage\":\"fr-FR\",\"@id\":\"https:\\\/\\\/secure.gravatar.com\\\/avatar\\\/b1c2f9d3588e34e91adb093635df64ef4b2381991216be7576466cfcdca4baf3?s=96&d=mm&r=g\",\"url\":\"https:\\\/\\\/secure.gravatar.com\\\/avatar\\\/b1c2f9d3588e34e91adb093635df64ef4b2381991216be7576466cfcdca4baf3?s=96&d=mm&r=g\",\"contentUrl\":\"https:\\\/\\\/secure.gravatar.com\\\/avatar\\\/b1c2f9d3588e34e91adb093635df64ef4b2381991216be7576466cfcdca4baf3?s=96&d=mm&r=g\",\"caption\":\"Carlos Poulain\"},\"url\":\"https:\\\/\\\/www.accidentdutravail-idf.net\\\/blog\\\/author\\\/idfcarlos\\\/\"}]}<\/script>\n<!-- \/ Yoast SEO plugin. -->","yoast_head_json":{"title":"Pays de Montb\u00e9liard Un artisan du b\u00e2timent d\u00e9c\u00e8de sur le chantier d\u2019une maison \u00e0 Seloncourt - ACCIDENTDUTRAVAIL-IDF","description":"Pays de Montb\u00e9liard Un artisan du b\u00e2timent d\u00e9c\u00e8de sur le chantier d\u2019une maison \u00e0 Seloncourt article de ACCIDENTDUTRAVAIL-IDF","robots":{"index":"index","follow":"follow","max-snippet":"max-snippet:-1","max-image-preview":"max-image-preview:large","max-video-preview":"max-video-preview:-1"},"canonical":"https:\/\/www.accidentdutravail-idf.net\/blog\/pays-de-montbeliard-un-artisan-du-batiment-decede-sur-le-chantier-dune-maison-a-seloncourt\/","og_locale":"fr_FR","og_type":"article","og_title":"Pays de Montb\u00e9liard Un artisan du b\u00e2timent d\u00e9c\u00e8de sur le chantier d\u2019une maison \u00e0 Seloncourt - ACCIDENTDUTRAVAIL-IDF","og_description":"Pays de Montb\u00e9liard Un artisan du b\u00e2timent d\u00e9c\u00e8de sur le chantier d\u2019une maison \u00e0 Seloncourt article de ACCIDENTDUTRAVAIL-IDF","og_url":"https:\/\/www.accidentdutravail-idf.net\/blog\/pays-de-montbeliard-un-artisan-du-batiment-decede-sur-le-chantier-dune-maison-a-seloncourt\/","og_site_name":"ACCIDENTDUTRAVAIL-IDF","article_published_time":"2026-04-23T09:05:00+00:00","og_image":[{"url":"https:\/\/www.accidentdutravail-idf.net\/blog\/wp-content\/uploads\/2026\/04\/pays-de-montbeliard-un-artisan-du-batiment-decede-sur-le-chantier-dune-maison-a-seloncourt.jpg","type":"","width":"","height":""}],"author":"Carlos Poulain","twitter_card":"summary_large_image","twitter_misc":{"\u00c9crit par":"Carlos Poulain","Dur\u00e9e de lecture estim\u00e9e":"2 minutes"},"schema":{"@context":"https:\/\/schema.org","@graph":[{"@type":"Article","@id":"https:\/\/www.accidentdutravail-idf.net\/blog\/pays-de-montbeliard-un-artisan-du-batiment-decede-sur-le-chantier-dune-maison-a-seloncourt\/#article","isPartOf":{"@id":"https:\/\/www.accidentdutravail-idf.net\/blog\/pays-de-montbeliard-un-artisan-du-batiment-decede-sur-le-chantier-dune-maison-a-seloncourt\/"},"author":{"name":"Carlos Poulain","@id":"https:\/\/www.accidentdutravail-idf.net\/blog\/#\/schema\/person\/3255d2f970de45e64bd9201f38e7b947"},"headline":"Pays de Montb\u00e9liard Un artisan du b\u00e2timent d\u00e9c\u00e8de sur le chantier d\u2019une maison \u00e0 Seloncourt","datePublished":"2026-04-23T09:05:00+00:00","mainEntityOfPage":{"@id":"https:\/\/www.accidentdutravail-idf.net\/blog\/pays-de-montbeliard-un-artisan-du-batiment-decede-sur-le-chantier-dune-maison-a-seloncourt\/"},"wordCount":463,"publisher":{"@id":"https:\/\/www.accidentdutravail-idf.net\/blog\/#organization"},"image":{"@id":"https:\/\/www.accidentdutravail-idf.net\/blog\/pays-de-montbeliard-un-artisan-du-batiment-decede-sur-le-chantier-dune-maison-a-seloncourt\/#primaryimage"},"thumbnailUrl":"https:\/\/www.accidentdutravail-idf.net\/blog\/wp-content\/uploads\/2026\/04\/pays-de-montbeliard-un-artisan-du-batiment-decede-sur-le-chantier-dune-maison-a-seloncourt.jpg","articleSection":["S\u00e9curit\u00e9 Du Travail En Ile-De-France Et Divers:"],"inLanguage":"fr-FR"},{"@type":"WebPage","@id":"https:\/\/www.accidentdutravail-idf.net\/blog\/pays-de-montbeliard-un-artisan-du-batiment-decede-sur-le-chantier-dune-maison-a-seloncourt\/","url":"https:\/\/www.accidentdutravail-idf.net\/blog\/pays-de-montbeliard-un-artisan-du-batiment-decede-sur-le-chantier-dune-maison-a-seloncourt\/","name":"Pays de Montb\u00e9liard Un artisan du b\u00e2timent d\u00e9c\u00e8de sur le chantier d\u2019une maison \u00e0 Seloncourt - ACCIDENTDUTRAVAIL-IDF","isPartOf":{"@id":"https:\/\/www.accidentdutravail-idf.net\/blog\/#website"},"primaryImageOfPage":{"@id":"https:\/\/www.accidentdutravail-idf.net\/blog\/pays-de-montbeliard-un-artisan-du-batiment-decede-sur-le-chantier-dune-maison-a-seloncourt\/#primaryimage"},"image":{"@id":"https:\/\/www.accidentdutravail-idf.net\/blog\/pays-de-montbeliard-un-artisan-du-batiment-decede-sur-le-chantier-dune-maison-a-seloncourt\/#primaryimage"},"thumbnailUrl":"https:\/\/www.accidentdutravail-idf.net\/blog\/wp-content\/uploads\/2026\/04\/pays-de-montbeliard-un-artisan-du-batiment-decede-sur-le-chantier-dune-maison-a-seloncourt.jpg","datePublished":"2026-04-23T09:05:00+00:00","description":"Pays de Montb\u00e9liard Un artisan du b\u00e2timent d\u00e9c\u00e8de sur le chantier d\u2019une maison \u00e0 Seloncourt article de ACCIDENTDUTRAVAIL-IDF","breadcrumb":{"@id":"https:\/\/www.accidentdutravail-idf.net\/blog\/pays-de-montbeliard-un-artisan-du-batiment-decede-sur-le-chantier-dune-maison-a-seloncourt\/#breadcrumb"},"inLanguage":"fr-FR","potentialAction":[{"@type":"ReadAction","target":["https:\/\/www.accidentdutravail-idf.net\/blog\/pays-de-montbeliard-un-artisan-du-batiment-decede-sur-le-chantier-dune-maison-a-seloncourt\/"]}]},{"@type":"ImageObject","inLanguage":"fr-FR","@id":"https:\/\/www.accidentdutravail-idf.net\/blog\/pays-de-montbeliard-un-artisan-du-batiment-decede-sur-le-chantier-dune-maison-a-seloncourt\/#primaryimage","url":"https:\/\/www.accidentdutravail-idf.net\/blog\/wp-content\/uploads\/2026\/04\/pays-de-montbeliard-un-artisan-du-batiment-decede-sur-le-chantier-dune-maison-a-seloncourt.jpg","contentUrl":"https:\/\/www.accidentdutravail-idf.net\/blog\/wp-content\/uploads\/2026\/04\/pays-de-montbeliard-un-artisan-du-batiment-decede-sur-le-chantier-dune-maison-a-seloncourt.jpg"},{"@type":"BreadcrumbList","@id":"https:\/\/www.accidentdutravail-idf.net\/blog\/pays-de-montbeliard-un-artisan-du-batiment-decede-sur-le-chantier-dune-maison-a-seloncourt\/#breadcrumb","itemListElement":[{"@type":"ListItem","position":1,"name":"Accueil","item":"https:\/\/www.accidentdutravail-idf.net\/blog\/"},{"@type":"ListItem","position":2,"name":"Pays de Montb\u00e9liard Un artisan du b\u00e2timent d\u00e9c\u00e8de sur le chantier d\u2019une maison \u00e0 Seloncourt"}]},{"@type":"WebSite","@id":"https:\/\/www.accidentdutravail-idf.net\/blog\/#website","url":"https:\/\/www.accidentdutravail-idf.net\/blog\/","name":"ACCIDENTDUTRAVAIL-IDF","description":"Portail accidents du travail-maladies professionnelles des entreprises d&#039;Ile-de-France","publisher":{"@id":"https:\/\/www.accidentdutravail-idf.net\/blog\/#organization"},"potentialAction":[{"@type":"SearchAction","target":{"@type":"EntryPoint","urlTemplate":"https:\/\/www.accidentdutravail-idf.net\/blog\/?s={search_term_string}"},"query-input":{"@type":"PropertyValueSpecification","valueRequired":true,"valueName":"search_term_string"}}],"inLanguage":"fr-FR"},{"@type":"Organization","@id":"https:\/\/www.accidentdutravail-idf.net\/blog\/#organization","name":"accidentdutravail-idf","url":"https:\/\/www.accidentdutravail-idf.net\/blog\/","logo":{"@type":"ImageObject","inLanguage":"fr-FR","@id":"https:\/\/www.accidentdutravail-idf.net\/blog\/#\/schema\/logo\/image\/","url":"https:\/\/www.accidentdutravail-idf.net\/blog\/wp-content\/uploads\/2022\/09\/logo-2.png","contentUrl":"https:\/\/www.accidentdutravail-idf.net\/blog\/wp-content\/uploads\/2022\/09\/logo-2.png","width":380,"height":291,"caption":"accidentdutravail-idf"},"image":{"@id":"https:\/\/www.accidentdutravail-idf.net\/blog\/#\/schema\/logo\/image\/"}},{"@type":"Person","@id":"https:\/\/www.accidentdutravail-idf.net\/blog\/#\/schema\/person\/3255d2f970de45e64bd9201f38e7b947","name":"Carlos Poulain","image":{"@type":"ImageObject","inLanguage":"fr-FR","@id":"https:\/\/secure.gravatar.com\/avatar\/b1c2f9d3588e34e91adb093635df64ef4b2381991216be7576466cfcdca4baf3?s=96&d=mm&r=g","url":"https:\/\/secure.gravatar.com\/avatar\/b1c2f9d3588e34e91adb093635df64ef4b2381991216be7576466cfcdca4baf3?s=96&d=mm&r=g","contentUrl":"https:\/\/secure.gravatar.com\/avatar\/b1c2f9d3588e34e91adb093635df64ef4b2381991216be7576466cfcdca4baf3?s=96&d=mm&r=g","caption":"Carlos Poulain"},"url":"https:\/\/www.accidentdutravail-idf.net\/blog\/author\/idfcarlos\/"}]}},"_links":{"self":[{"href":"https:\/\/www.accidentdutravail-idf.net\/blog\/wp-json\/wp\/v2\/posts\/2354","targetHints":{"allow":["GET"]}}],"collection":[{"href":"https:\/\/www.accidentdutravail-idf.net\/blog\/wp-json\/wp\/v2\/posts"}],"about":[{"href":"https:\/\/www.accidentdutravail-idf.net\/blog\/wp-json\/wp\/v2\/types\/post"}],"author":[{"embeddable":true,"href":"https:\/\/www.accidentdutravail-idf.net\/blog\/wp-json\/wp\/v2\/users\/2"}],"replies":[{"embeddable":true,"href":"https:\/\/www.accidentdutravail-idf.net\/blog\/wp-json\/wp\/v2\/comments?post=2354"}],"version-history":[{"count":0,"href":"https:\/\/www.accidentdutravail-idf.net\/blog\/wp-json\/wp\/v2\/posts\/2354\/revisions"}],"wp:attachment":[{"href":"https:\/\/www.accidentdutravail-idf.net\/blog\/wp-json\/wp\/v2\/media?parent=2354"}],"wp:term":[{"taxonomy":"category","embeddable":true,"href":"https:\/\/www.accidentdutravail-idf.net\/blog\/wp-json\/wp\/v2\/categories?post=2354"},{"taxonomy":"post_tag","embeddable":true,"href":"https:\/\/www.accidentdutravail-idf.net\/blog\/wp-json\/wp\/v2\/tags?post=2354"}],"curies":[{"name":"wp","href":"https:\/\/api.w.org\/{rel}","templated":true}]}}