{"id":2352,"date":"2026-04-23T14:15:00","date_gmt":"2026-04-23T12:15:00","guid":{"rendered":"https:\/\/www.accidentdutravail-idf.net\/blog\/accident-du-travail-dans-un-port-du-morbihan-un-homme-blesse-a-la-jambe-par-un-engin\/"},"modified":"2026-04-23T14:15:00","modified_gmt":"2026-04-23T12:15:00","slug":"accident-du-travail-dans-un-port-du-morbihan-un-homme-blesse-a-la-jambe-par-un-engin","status":"publish","type":"post","link":"https:\/\/www.accidentdutravail-idf.net\/blog\/accident-du-travail-dans-un-port-du-morbihan-un-homme-blesse-a-la-jambe-par-un-engin\/","title":{"rendered":"Accident du travail dans un port du Morbihan : un homme bless\u00e9 \u00e0 la jambe par un engin"},"content":{"rendered":"<div><img decoding=\"async\" src=\"https:\/\/www.accidentdutravail-idf.net\/blog\/wp-content\/uploads\/2026\/04\/accident-du-travail-dans-un-port-du-morbihan-un-homme-blesse-a-la-jambe-par-un-engin.jpg\" class=\"ff-og-image-inserted\"><\/div>\n<div class=\"ac-article-date\"> Par <strong> <a href=\"https:\/\/actu.fr\/auteur\/redaction-morbihan\" title=\"Consulter tous les articles de R\u00e9daction Morbihan\" target=\"_blank\" rel=\"nofollow\">R\u00e9daction Morbihan<\/a> <\/strong> <span> Publi\u00e9 le <time datetime=\"2026-04-23T21:08:56+02:00\"> 23 avr. 2026 \u00e0 21h08 <\/time> <\/span>\n<\/div>\n<div class=\"ac-article-actions\"> <button type=\"button\" class=\"ac-btn ac-btn--round ac-btn--border-gray ac-btn--bookmark\" data-trk=\"{&quot;cta&quot;:{&quot;action&quot;:&quot;&quot;,&quot;category&quot;:&quot;mon compte&quot;,&quot;from&quot;:&quot;article actions&quot;,&quot;name&quot;:&quot;Voir mes articles enregistr\\u00e9s&quot;,&quot;type&quot;:&quot;cta&quot;}}\" title=\"Enregistrer l'article\" aria-label=\"Enregistrer l'article\" aria-controls=\"bookmark\" aria-expanded=\"false\"> <span class=\"sr\">Enregistrer<\/span> <\/button> <button type=\"button\" class=\"ac-btn ac-btn--round ac-btn--border-gray ac-btn--share\" data-trk=\"{&quot;menu&quot;:{&quot;name&quot;:&quot;Partager&quot;,&quot;from&quot;:&quot;D\\u00e9but article&quot;}}\" title=\"Partager l'article\" aria-controls=\"share\" aria-expanded=\"false\" aria-label=\"Partager\"> <span class=\"sr\">Partager<\/span> <\/button> <\/div>\n<p>Un accident du travail s\u2019est produit \u00e0 <b>Arzon <\/b>(<a href=\"https:\/\/actu.fr\/morbihan\/\" target=\"_blank\" rel=\"nofollow\">Morbihan<\/a>) le <b>jeudi 23&nbsp;avril 2026<\/b>.<\/p>\n<h2 class=\" wall-content\">Un accident un port<\/h2>\n<p class=\" wall-content\">Selon les premiers \u00e9l\u00e9ments communiqu\u00e9s par la Compagnie de gendarmerie de Vannes, l\u2019accident a eu lieu au <b>port du Crouesty.<\/b><\/p>\n<p class=\" wall-content\">Les secours sont pr\u00e9venus un peu avant 16\u2009h. Un homme se serait fait percuter par un chariot \u00e9l\u00e9vateur au niveau des jambes. Le jeune homme a \u00e9t\u00e9 transport\u00e9 au centre hospitalier de Vannes.<\/p>\n<p class=\" wall-content\"><i>Personnalisez votre actualit\u00e9 en ajoutant vos villes et m\u00e9dias en favori avec <a href=\"https:\/\/moncompte.actu.fr\" title=\"D\u00e9couvez Mon Actu\" rel=\"nofollow\" data-trk=\"{&quot;cta&quot;:{&quot;action&quot;:&quot;https:\\\/\\\/moncompte.actu.fr&quot;,&quot;category&quot;:&quot;mon compte&quot;,&quot;from&quot;:&quot;article footer&quot;,&quot;name&quot;:&quot;Mon actu&quot;,&quot;type&quot;:&quot;cta&quot;}}\" target=\"_blank\">Mon Actu<\/a>.<\/i><\/p>\n<p> accidentdutravail-idf.net vous a pr\u00e9par\u00e9 ce post qui informe du sujet \u00ab\u00a0Association Sportive Huisson-Longueville Essonne\u00a0\u00bb. La chronique se veut g\u00e9n\u00e9r\u00e9e du mieux possible. Vous pouvez utiliser les coordonn\u00e9es indiqu\u00e9es sur le site dans le but d\u2019apporter des explications sur ce post qui parle du th\u00e8me \u00ab\u00a0Association Sportive Huisson-Longueville Essonne\u00a0\u00bb. Le site accidentdutravail-idf.net a pour but de fournir diverses publications sur la th\u00e9matique Association Sportive Huisson-Longueville Essonne diffus\u00e9es sur le net. Il y aura plusieurs articles autour du sujet \u00ab\u00a0Association Sportive Huisson-Longueville Essonne\u00a0\u00bb dans quelques jours, nous vous invitons \u00e0 naviguer sur notre site web \u00e0 plusieurs reprises.<\/p>\n","protected":false},"excerpt":{"rendered":"<p>Par R\u00e9daction Morbihan Publi\u00e9 le 23 avr. 2026 \u00e0 21h08 Enregistrer Partager Un accident du travail s\u2019est produit \u00e0 Arzon (Morbihan) le jeudi 23&nbsp;avril 2026. Un accident un port Selon les premiers \u00e9l\u00e9ments communiqu\u00e9s par la Compagnie de gendarmerie de Vannes, l\u2019accident a eu lieu au port du Crouesty. Les secours sont pr\u00e9venus un peu &hellip; <\/p>\n<p class=\"link-more\"><a href=\"https:\/\/www.accidentdutravail-idf.net\/blog\/accident-du-travail-dans-un-port-du-morbihan-un-homme-blesse-a-la-jambe-par-un-engin\/\" class=\"more-link\">Continuer la lecture <span class=\"screen-reader-text\"> \u00ab\u00a0Accident du travail dans un port du Morbihan : un homme bless\u00e9 \u00e0 la jambe par un engin\u00a0\u00bb<\/span><\/a><\/p>\n","protected":false},"author":2,"featured_media":0,"comment_status":"closed","ping_status":"closed","sticky":false,"template":"","format":"standard","meta":{"footnotes":""},"categories":[5],"tags":[],"class_list":["post-2352","post","type-post","status-publish","format-standard","hentry","category-securite-du-travail-en-ile-de-france-et-divers","entry"],"yoast_head":"<!-- This site is optimized with the Yoast SEO plugin v27.5 - https:\/\/yoast.com\/product\/yoast-seo-wordpress\/ -->\n<title>Accident du travail dans un port du Morbihan : un homme bless\u00e9 \u00e0 la jambe par un engin - ACCIDENTDUTRAVAIL-IDF<\/title>\n<meta name=\"description\" content=\"Accident du travail dans un port du Morbihan : un homme bless\u00e9 \u00e0 la jambe par un engin article de ACCIDENTDUTRAVAIL-IDF\" \/>\n<meta name=\"robots\" content=\"index, follow, max-snippet:-1, max-image-preview:large, max-video-preview:-1\" \/>\n<link rel=\"canonical\" href=\"https:\/\/www.accidentdutravail-idf.net\/blog\/accident-du-travail-dans-un-port-du-morbihan-un-homme-blesse-a-la-jambe-par-un-engin\/\" \/>\n<meta property=\"og:locale\" content=\"fr_FR\" \/>\n<meta property=\"og:type\" content=\"article\" \/>\n<meta property=\"og:title\" content=\"Accident du travail dans un port du Morbihan : un homme bless\u00e9 \u00e0 la jambe par un engin - ACCIDENTDUTRAVAIL-IDF\" \/>\n<meta property=\"og:description\" content=\"Accident du travail dans un port du Morbihan : un homme bless\u00e9 \u00e0 la jambe par un engin article de ACCIDENTDUTRAVAIL-IDF\" \/>\n<meta property=\"og:url\" content=\"https:\/\/www.accidentdutravail-idf.net\/blog\/accident-du-travail-dans-un-port-du-morbihan-un-homme-blesse-a-la-jambe-par-un-engin\/\" \/>\n<meta property=\"og:site_name\" content=\"ACCIDENTDUTRAVAIL-IDF\" \/>\n<meta property=\"article:published_time\" content=\"2026-04-23T12:15:00+00:00\" \/>\n<meta property=\"og:image\" content=\"https:\/\/www.accidentdutravail-idf.net\/blog\/wp-content\/uploads\/2026\/04\/accident-du-travail-dans-un-port-du-morbihan-un-homme-blesse-a-la-jambe-par-un-engin.jpg\" \/>\n<meta name=\"author\" content=\"Carlos Poulain\" \/>\n<meta name=\"twitter:card\" content=\"summary_large_image\" \/>\n<meta name=\"twitter:label1\" content=\"\u00c9crit par\" \/>\n\t<meta name=\"twitter:data1\" content=\"Carlos Poulain\" \/>\n\t<meta name=\"twitter:label2\" content=\"Dur\u00e9e de lecture estim\u00e9e\" \/>\n\t<meta name=\"twitter:data2\" content=\"1 minute\" \/>\n<script type=\"application\/ld+json\" class=\"yoast-schema-graph\">{\"@context\":\"https:\\\/\\\/schema.org\",\"@graph\":[{\"@type\":\"Article\",\"@id\":\"https:\\\/\\\/www.accidentdutravail-idf.net\\\/blog\\\/accident-du-travail-dans-un-port-du-morbihan-un-homme-blesse-a-la-jambe-par-un-engin\\\/#article\",\"isPartOf\":{\"@id\":\"https:\\\/\\\/www.accidentdutravail-idf.net\\\/blog\\\/accident-du-travail-dans-un-port-du-morbihan-un-homme-blesse-a-la-jambe-par-un-engin\\\/\"},\"author\":{\"name\":\"Carlos Poulain\",\"@id\":\"https:\\\/\\\/www.accidentdutravail-idf.net\\\/blog\\\/#\\\/schema\\\/person\\\/3255d2f970de45e64bd9201f38e7b947\"},\"headline\":\"Accident du travail dans un port du Morbihan : un homme bless\u00e9 \u00e0 la jambe par un engin\",\"datePublished\":\"2026-04-23T12:15:00+00:00\",\"mainEntityOfPage\":{\"@id\":\"https:\\\/\\\/www.accidentdutravail-idf.net\\\/blog\\\/accident-du-travail-dans-un-port-du-morbihan-un-homme-blesse-a-la-jambe-par-un-engin\\\/\"},\"wordCount\":222,\"publisher\":{\"@id\":\"https:\\\/\\\/www.accidentdutravail-idf.net\\\/blog\\\/#organization\"},\"image\":{\"@id\":\"https:\\\/\\\/www.accidentdutravail-idf.net\\\/blog\\\/accident-du-travail-dans-un-port-du-morbihan-un-homme-blesse-a-la-jambe-par-un-engin\\\/#primaryimage\"},\"thumbnailUrl\":\"https:\\\/\\\/www.accidentdutravail-idf.net\\\/blog\\\/wp-content\\\/uploads\\\/2026\\\/04\\\/accident-du-travail-dans-un-port-du-morbihan-un-homme-blesse-a-la-jambe-par-un-engin.jpg\",\"articleSection\":[\"S\u00e9curit\u00e9 Du Travail En Ile-De-France Et Divers:\"],\"inLanguage\":\"fr-FR\"},{\"@type\":\"WebPage\",\"@id\":\"https:\\\/\\\/www.accidentdutravail-idf.net\\\/blog\\\/accident-du-travail-dans-un-port-du-morbihan-un-homme-blesse-a-la-jambe-par-un-engin\\\/\",\"url\":\"https:\\\/\\\/www.accidentdutravail-idf.net\\\/blog\\\/accident-du-travail-dans-un-port-du-morbihan-un-homme-blesse-a-la-jambe-par-un-engin\\\/\",\"name\":\"Accident du travail dans un port du Morbihan : un homme bless\u00e9 \u00e0 la jambe par un engin - ACCIDENTDUTRAVAIL-IDF\",\"isPartOf\":{\"@id\":\"https:\\\/\\\/www.accidentdutravail-idf.net\\\/blog\\\/#website\"},\"primaryImageOfPage\":{\"@id\":\"https:\\\/\\\/www.accidentdutravail-idf.net\\\/blog\\\/accident-du-travail-dans-un-port-du-morbihan-un-homme-blesse-a-la-jambe-par-un-engin\\\/#primaryimage\"},\"image\":{\"@id\":\"https:\\\/\\\/www.accidentdutravail-idf.net\\\/blog\\\/accident-du-travail-dans-un-port-du-morbihan-un-homme-blesse-a-la-jambe-par-un-engin\\\/#primaryimage\"},\"thumbnailUrl\":\"https:\\\/\\\/www.accidentdutravail-idf.net\\\/blog\\\/wp-content\\\/uploads\\\/2026\\\/04\\\/accident-du-travail-dans-un-port-du-morbihan-un-homme-blesse-a-la-jambe-par-un-engin.jpg\",\"datePublished\":\"2026-04-23T12:15:00+00:00\",\"description\":\"Accident du travail dans un port du Morbihan : un homme bless\u00e9 \u00e0 la jambe par un engin article de ACCIDENTDUTRAVAIL-IDF\",\"breadcrumb\":{\"@id\":\"https:\\\/\\\/www.accidentdutravail-idf.net\\\/blog\\\/accident-du-travail-dans-un-port-du-morbihan-un-homme-blesse-a-la-jambe-par-un-engin\\\/#breadcrumb\"},\"inLanguage\":\"fr-FR\",\"potentialAction\":[{\"@type\":\"ReadAction\",\"target\":[\"https:\\\/\\\/www.accidentdutravail-idf.net\\\/blog\\\/accident-du-travail-dans-un-port-du-morbihan-un-homme-blesse-a-la-jambe-par-un-engin\\\/\"]}]},{\"@type\":\"ImageObject\",\"inLanguage\":\"fr-FR\",\"@id\":\"https:\\\/\\\/www.accidentdutravail-idf.net\\\/blog\\\/accident-du-travail-dans-un-port-du-morbihan-un-homme-blesse-a-la-jambe-par-un-engin\\\/#primaryimage\",\"url\":\"https:\\\/\\\/www.accidentdutravail-idf.net\\\/blog\\\/wp-content\\\/uploads\\\/2026\\\/04\\\/accident-du-travail-dans-un-port-du-morbihan-un-homme-blesse-a-la-jambe-par-un-engin.jpg\",\"contentUrl\":\"https:\\\/\\\/www.accidentdutravail-idf.net\\\/blog\\\/wp-content\\\/uploads\\\/2026\\\/04\\\/accident-du-travail-dans-un-port-du-morbihan-un-homme-blesse-a-la-jambe-par-un-engin.jpg\"},{\"@type\":\"BreadcrumbList\",\"@id\":\"https:\\\/\\\/www.accidentdutravail-idf.net\\\/blog\\\/accident-du-travail-dans-un-port-du-morbihan-un-homme-blesse-a-la-jambe-par-un-engin\\\/#breadcrumb\",\"itemListElement\":[{\"@type\":\"ListItem\",\"position\":1,\"name\":\"Accueil\",\"item\":\"https:\\\/\\\/www.accidentdutravail-idf.net\\\/blog\\\/\"},{\"@type\":\"ListItem\",\"position\":2,\"name\":\"Accident du travail dans un port du Morbihan : un homme bless\u00e9 \u00e0 la jambe par un engin\"}]},{\"@type\":\"WebSite\",\"@id\":\"https:\\\/\\\/www.accidentdutravail-idf.net\\\/blog\\\/#website\",\"url\":\"https:\\\/\\\/www.accidentdutravail-idf.net\\\/blog\\\/\",\"name\":\"ACCIDENTDUTRAVAIL-IDF\",\"description\":\"Portail accidents du travail-maladies professionnelles des entreprises d&#039;Ile-de-France\",\"publisher\":{\"@id\":\"https:\\\/\\\/www.accidentdutravail-idf.net\\\/blog\\\/#organization\"},\"potentialAction\":[{\"@type\":\"SearchAction\",\"target\":{\"@type\":\"EntryPoint\",\"urlTemplate\":\"https:\\\/\\\/www.accidentdutravail-idf.net\\\/blog\\\/?s={search_term_string}\"},\"query-input\":{\"@type\":\"PropertyValueSpecification\",\"valueRequired\":true,\"valueName\":\"search_term_string\"}}],\"inLanguage\":\"fr-FR\"},{\"@type\":\"Organization\",\"@id\":\"https:\\\/\\\/www.accidentdutravail-idf.net\\\/blog\\\/#organization\",\"name\":\"accidentdutravail-idf\",\"url\":\"https:\\\/\\\/www.accidentdutravail-idf.net\\\/blog\\\/\",\"logo\":{\"@type\":\"ImageObject\",\"inLanguage\":\"fr-FR\",\"@id\":\"https:\\\/\\\/www.accidentdutravail-idf.net\\\/blog\\\/#\\\/schema\\\/logo\\\/image\\\/\",\"url\":\"https:\\\/\\\/www.accidentdutravail-idf.net\\\/blog\\\/wp-content\\\/uploads\\\/2022\\\/09\\\/logo-2.png\",\"contentUrl\":\"https:\\\/\\\/www.accidentdutravail-idf.net\\\/blog\\\/wp-content\\\/uploads\\\/2022\\\/09\\\/logo-2.png\",\"width\":380,\"height\":291,\"caption\":\"accidentdutravail-idf\"},\"image\":{\"@id\":\"https:\\\/\\\/www.accidentdutravail-idf.net\\\/blog\\\/#\\\/schema\\\/logo\\\/image\\\/\"}},{\"@type\":\"Person\",\"@id\":\"https:\\\/\\\/www.accidentdutravail-idf.net\\\/blog\\\/#\\\/schema\\\/person\\\/3255d2f970de45e64bd9201f38e7b947\",\"name\":\"Carlos Poulain\",\"image\":{\"@type\":\"ImageObject\",\"inLanguage\":\"fr-FR\",\"@id\":\"https:\\\/\\\/secure.gravatar.com\\\/avatar\\\/b1c2f9d3588e34e91adb093635df64ef4b2381991216be7576466cfcdca4baf3?s=96&d=mm&r=g\",\"url\":\"https:\\\/\\\/secure.gravatar.com\\\/avatar\\\/b1c2f9d3588e34e91adb093635df64ef4b2381991216be7576466cfcdca4baf3?s=96&d=mm&r=g\",\"contentUrl\":\"https:\\\/\\\/secure.gravatar.com\\\/avatar\\\/b1c2f9d3588e34e91adb093635df64ef4b2381991216be7576466cfcdca4baf3?s=96&d=mm&r=g\",\"caption\":\"Carlos Poulain\"},\"url\":\"https:\\\/\\\/www.accidentdutravail-idf.net\\\/blog\\\/author\\\/idfcarlos\\\/\"}]}<\/script>\n<!-- \/ Yoast SEO plugin. -->","yoast_head_json":{"title":"Accident du travail dans un port du Morbihan : un homme bless\u00e9 \u00e0 la jambe par un engin - ACCIDENTDUTRAVAIL-IDF","description":"Accident du travail dans un port du Morbihan : un homme bless\u00e9 \u00e0 la jambe par un engin article de ACCIDENTDUTRAVAIL-IDF","robots":{"index":"index","follow":"follow","max-snippet":"max-snippet:-1","max-image-preview":"max-image-preview:large","max-video-preview":"max-video-preview:-1"},"canonical":"https:\/\/www.accidentdutravail-idf.net\/blog\/accident-du-travail-dans-un-port-du-morbihan-un-homme-blesse-a-la-jambe-par-un-engin\/","og_locale":"fr_FR","og_type":"article","og_title":"Accident du travail dans un port du Morbihan : un homme bless\u00e9 \u00e0 la jambe par un engin - ACCIDENTDUTRAVAIL-IDF","og_description":"Accident du travail dans un port du Morbihan : un homme bless\u00e9 \u00e0 la jambe par un engin article de ACCIDENTDUTRAVAIL-IDF","og_url":"https:\/\/www.accidentdutravail-idf.net\/blog\/accident-du-travail-dans-un-port-du-morbihan-un-homme-blesse-a-la-jambe-par-un-engin\/","og_site_name":"ACCIDENTDUTRAVAIL-IDF","article_published_time":"2026-04-23T12:15:00+00:00","og_image":[{"url":"https:\/\/www.accidentdutravail-idf.net\/blog\/wp-content\/uploads\/2026\/04\/accident-du-travail-dans-un-port-du-morbihan-un-homme-blesse-a-la-jambe-par-un-engin.jpg","type":"","width":"","height":""}],"author":"Carlos Poulain","twitter_card":"summary_large_image","twitter_misc":{"\u00c9crit par":"Carlos Poulain","Dur\u00e9e de lecture estim\u00e9e":"1 minute"},"schema":{"@context":"https:\/\/schema.org","@graph":[{"@type":"Article","@id":"https:\/\/www.accidentdutravail-idf.net\/blog\/accident-du-travail-dans-un-port-du-morbihan-un-homme-blesse-a-la-jambe-par-un-engin\/#article","isPartOf":{"@id":"https:\/\/www.accidentdutravail-idf.net\/blog\/accident-du-travail-dans-un-port-du-morbihan-un-homme-blesse-a-la-jambe-par-un-engin\/"},"author":{"name":"Carlos Poulain","@id":"https:\/\/www.accidentdutravail-idf.net\/blog\/#\/schema\/person\/3255d2f970de45e64bd9201f38e7b947"},"headline":"Accident du travail dans un port du Morbihan : un homme bless\u00e9 \u00e0 la jambe par un engin","datePublished":"2026-04-23T12:15:00+00:00","mainEntityOfPage":{"@id":"https:\/\/www.accidentdutravail-idf.net\/blog\/accident-du-travail-dans-un-port-du-morbihan-un-homme-blesse-a-la-jambe-par-un-engin\/"},"wordCount":222,"publisher":{"@id":"https:\/\/www.accidentdutravail-idf.net\/blog\/#organization"},"image":{"@id":"https:\/\/www.accidentdutravail-idf.net\/blog\/accident-du-travail-dans-un-port-du-morbihan-un-homme-blesse-a-la-jambe-par-un-engin\/#primaryimage"},"thumbnailUrl":"https:\/\/www.accidentdutravail-idf.net\/blog\/wp-content\/uploads\/2026\/04\/accident-du-travail-dans-un-port-du-morbihan-un-homme-blesse-a-la-jambe-par-un-engin.jpg","articleSection":["S\u00e9curit\u00e9 Du Travail En Ile-De-France Et Divers:"],"inLanguage":"fr-FR"},{"@type":"WebPage","@id":"https:\/\/www.accidentdutravail-idf.net\/blog\/accident-du-travail-dans-un-port-du-morbihan-un-homme-blesse-a-la-jambe-par-un-engin\/","url":"https:\/\/www.accidentdutravail-idf.net\/blog\/accident-du-travail-dans-un-port-du-morbihan-un-homme-blesse-a-la-jambe-par-un-engin\/","name":"Accident du travail dans un port du Morbihan : un homme bless\u00e9 \u00e0 la jambe par un engin - ACCIDENTDUTRAVAIL-IDF","isPartOf":{"@id":"https:\/\/www.accidentdutravail-idf.net\/blog\/#website"},"primaryImageOfPage":{"@id":"https:\/\/www.accidentdutravail-idf.net\/blog\/accident-du-travail-dans-un-port-du-morbihan-un-homme-blesse-a-la-jambe-par-un-engin\/#primaryimage"},"image":{"@id":"https:\/\/www.accidentdutravail-idf.net\/blog\/accident-du-travail-dans-un-port-du-morbihan-un-homme-blesse-a-la-jambe-par-un-engin\/#primaryimage"},"thumbnailUrl":"https:\/\/www.accidentdutravail-idf.net\/blog\/wp-content\/uploads\/2026\/04\/accident-du-travail-dans-un-port-du-morbihan-un-homme-blesse-a-la-jambe-par-un-engin.jpg","datePublished":"2026-04-23T12:15:00+00:00","description":"Accident du travail dans un port du Morbihan : un homme bless\u00e9 \u00e0 la jambe par un engin article de ACCIDENTDUTRAVAIL-IDF","breadcrumb":{"@id":"https:\/\/www.accidentdutravail-idf.net\/blog\/accident-du-travail-dans-un-port-du-morbihan-un-homme-blesse-a-la-jambe-par-un-engin\/#breadcrumb"},"inLanguage":"fr-FR","potentialAction":[{"@type":"ReadAction","target":["https:\/\/www.accidentdutravail-idf.net\/blog\/accident-du-travail-dans-un-port-du-morbihan-un-homme-blesse-a-la-jambe-par-un-engin\/"]}]},{"@type":"ImageObject","inLanguage":"fr-FR","@id":"https:\/\/www.accidentdutravail-idf.net\/blog\/accident-du-travail-dans-un-port-du-morbihan-un-homme-blesse-a-la-jambe-par-un-engin\/#primaryimage","url":"https:\/\/www.accidentdutravail-idf.net\/blog\/wp-content\/uploads\/2026\/04\/accident-du-travail-dans-un-port-du-morbihan-un-homme-blesse-a-la-jambe-par-un-engin.jpg","contentUrl":"https:\/\/www.accidentdutravail-idf.net\/blog\/wp-content\/uploads\/2026\/04\/accident-du-travail-dans-un-port-du-morbihan-un-homme-blesse-a-la-jambe-par-un-engin.jpg"},{"@type":"BreadcrumbList","@id":"https:\/\/www.accidentdutravail-idf.net\/blog\/accident-du-travail-dans-un-port-du-morbihan-un-homme-blesse-a-la-jambe-par-un-engin\/#breadcrumb","itemListElement":[{"@type":"ListItem","position":1,"name":"Accueil","item":"https:\/\/www.accidentdutravail-idf.net\/blog\/"},{"@type":"ListItem","position":2,"name":"Accident du travail dans un port du Morbihan : un homme bless\u00e9 \u00e0 la jambe par un engin"}]},{"@type":"WebSite","@id":"https:\/\/www.accidentdutravail-idf.net\/blog\/#website","url":"https:\/\/www.accidentdutravail-idf.net\/blog\/","name":"ACCIDENTDUTRAVAIL-IDF","description":"Portail accidents du travail-maladies professionnelles des entreprises d&#039;Ile-de-France","publisher":{"@id":"https:\/\/www.accidentdutravail-idf.net\/blog\/#organization"},"potentialAction":[{"@type":"SearchAction","target":{"@type":"EntryPoint","urlTemplate":"https:\/\/www.accidentdutravail-idf.net\/blog\/?s={search_term_string}"},"query-input":{"@type":"PropertyValueSpecification","valueRequired":true,"valueName":"search_term_string"}}],"inLanguage":"fr-FR"},{"@type":"Organization","@id":"https:\/\/www.accidentdutravail-idf.net\/blog\/#organization","name":"accidentdutravail-idf","url":"https:\/\/www.accidentdutravail-idf.net\/blog\/","logo":{"@type":"ImageObject","inLanguage":"fr-FR","@id":"https:\/\/www.accidentdutravail-idf.net\/blog\/#\/schema\/logo\/image\/","url":"https:\/\/www.accidentdutravail-idf.net\/blog\/wp-content\/uploads\/2022\/09\/logo-2.png","contentUrl":"https:\/\/www.accidentdutravail-idf.net\/blog\/wp-content\/uploads\/2022\/09\/logo-2.png","width":380,"height":291,"caption":"accidentdutravail-idf"},"image":{"@id":"https:\/\/www.accidentdutravail-idf.net\/blog\/#\/schema\/logo\/image\/"}},{"@type":"Person","@id":"https:\/\/www.accidentdutravail-idf.net\/blog\/#\/schema\/person\/3255d2f970de45e64bd9201f38e7b947","name":"Carlos Poulain","image":{"@type":"ImageObject","inLanguage":"fr-FR","@id":"https:\/\/secure.gravatar.com\/avatar\/b1c2f9d3588e34e91adb093635df64ef4b2381991216be7576466cfcdca4baf3?s=96&d=mm&r=g","url":"https:\/\/secure.gravatar.com\/avatar\/b1c2f9d3588e34e91adb093635df64ef4b2381991216be7576466cfcdca4baf3?s=96&d=mm&r=g","contentUrl":"https:\/\/secure.gravatar.com\/avatar\/b1c2f9d3588e34e91adb093635df64ef4b2381991216be7576466cfcdca4baf3?s=96&d=mm&r=g","caption":"Carlos Poulain"},"url":"https:\/\/www.accidentdutravail-idf.net\/blog\/author\/idfcarlos\/"}]}},"_links":{"self":[{"href":"https:\/\/www.accidentdutravail-idf.net\/blog\/wp-json\/wp\/v2\/posts\/2352","targetHints":{"allow":["GET"]}}],"collection":[{"href":"https:\/\/www.accidentdutravail-idf.net\/blog\/wp-json\/wp\/v2\/posts"}],"about":[{"href":"https:\/\/www.accidentdutravail-idf.net\/blog\/wp-json\/wp\/v2\/types\/post"}],"author":[{"embeddable":true,"href":"https:\/\/www.accidentdutravail-idf.net\/blog\/wp-json\/wp\/v2\/users\/2"}],"replies":[{"embeddable":true,"href":"https:\/\/www.accidentdutravail-idf.net\/blog\/wp-json\/wp\/v2\/comments?post=2352"}],"version-history":[{"count":0,"href":"https:\/\/www.accidentdutravail-idf.net\/blog\/wp-json\/wp\/v2\/posts\/2352\/revisions"}],"wp:attachment":[{"href":"https:\/\/www.accidentdutravail-idf.net\/blog\/wp-json\/wp\/v2\/media?parent=2352"}],"wp:term":[{"taxonomy":"category","embeddable":true,"href":"https:\/\/www.accidentdutravail-idf.net\/blog\/wp-json\/wp\/v2\/categories?post=2352"},{"taxonomy":"post_tag","embeddable":true,"href":"https:\/\/www.accidentdutravail-idf.net\/blog\/wp-json\/wp\/v2\/tags?post=2352"}],"curies":[{"name":"wp","href":"https:\/\/api.w.org\/{rel}","templated":true}]}}