{"id":2351,"date":"2026-04-23T09:29:00","date_gmt":"2026-04-23T07:29:00","guid":{"rendered":"https:\/\/www.accidentdutravail-idf.net\/blog\/accident-mortel-du-travail-dun-ado-de-15-ans-le-parquet-confie-le-dossier-a-un-juge-dinstruction-pour-homicide-involontaire\/"},"modified":"2026-04-23T09:29:00","modified_gmt":"2026-04-23T07:29:00","slug":"accident-mortel-du-travail-dun-ado-de-15-ans-le-parquet-confie-le-dossier-a-un-juge-dinstruction-pour-homicide-involontaire","status":"publish","type":"post","link":"https:\/\/www.accidentdutravail-idf.net\/blog\/accident-mortel-du-travail-dun-ado-de-15-ans-le-parquet-confie-le-dossier-a-un-juge-dinstruction-pour-homicide-involontaire\/","title":{"rendered":"Accident mortel du travail d\u2019un ado de 15 ans : le parquet confie le dossier \u00e0 un juge d\u2019instruction pour homicide involontaire"},"content":{"rendered":"<p> Le 17&nbsp;avril dernier, un stagiaire d\u2019un lyc\u00e9e a perdu la vie dans un tragique accident dans une entreprise de mat\u00e9riaux. Le parquet de N\u00eemes&nbsp;vient de r\u00e9v\u00e9ler que le dossier \u00e9tait confi\u00e9 \u00e0 un juge d\u2019instruction. <\/p>\n<div data-state=\"fixed-height\" data-selection=\"disabled\"> <!-- Pub DFP Position [outstream] --> <\/p>\n<p>L\u2019affaire avait provoqu\u00e9 une vive \u00e9motion dans le Gard apr\u00e8s la mort <a href=\"https:\/\/www.midilibre.fr\/2026\/04\/17\/cest-dur-ca-ma-choque-des-jeunes-bouleverses-apres-la-mort-tragique-dun-eleve-du-lycee-sainte-marie-a-bagnols-sur-ceze-13331047.php\" target=\"_self\" rel=\"nofollow\">tragique d\u2019un ado de 15 ans<\/a>. Le parquet de N\u00eemes vient de r\u00e9v\u00e9ler dans un communiqu\u00e9 de presse un nouveau d\u00e9veloppement dans l\u2019affaire du malheureux stagiaire de 15 ans qui <a href=\"https:\/\/www.midilibre.fr\/2026\/04\/17\/un-jeune-garcon-age-dune-quinzaine-dannees-est-decede-sur-son-lieu-de-travail-a-bagnols-sur-ceze-la-victime-aurait-ete-percutee-par-un-chariot-13330546.php\" target=\"_self\" rel=\"nofollow\">a perdu la vie le 17&nbsp;avril dans une entreprise de mat\u00e9riaux<\/a> de Bagnols-sur-C\u00e8ze apr\u00e8s avoir \u00e9t\u00e9 percut\u00e9 par un chariot \u00e9l\u00e9vateur. En effet, six jours apr\u00e8s le drame, le dossier est confi\u00e9 \u00e0 un juge d\u2019instruction du tribunal judiciaire de N\u00eemes qui est saisi d\u2019une information judiciaire pour<em> \u00ab\u00a0homicide involontaire dans le cadre du travail\u00a0\u00bb<\/em> pour d\u00e9terminer dans quelles conditions, le stagiaire d\u2019un lyc\u00e9e a perdu la&nbsp;vie.<\/p>\n<p><!-- Pub DFP Position [article] --> <\/p>\n<h2 class=\"txt-int\">\u00ab\u00a0Technicit\u00e9 en droit en droit et en fait\u00a0\u00bb<\/h2>\n<p><em>\u00ab\u00a0L\u2019enqu\u00eate, men\u00e9e en co-saisine par le commissariat de police de Bagnols-sur-C\u00e8ze et l\u2019inspection du travail, vise \u00e0 \u00e9tablir les circonstances exactes de d\u00e9roulement du stage du mineur, de prise de possession et conduite du chariot, ainsi que les manquements aux r\u00e8gles de s\u00e9curit\u00e9 ayant conduit \u00e0 l\u2019accident fatal et leur imputation. Le mineur \u00e9tait en stage dans l\u2019entreprise depuis plusieurs jours lorsque l\u2019accident est survenu. La technicit\u00e9 des investigations en droit et en fait a conduit ce jour le parquet \u00e0 ouvrir une information judiciaire du chef d\u2019homicide involontaire dans le cadre du travail\u00a0\u00bb.<\/em><\/p>\n<div class=\"center-align\" data-protec-aida=\"image\">\n<figure class=\"std-img\" data-src=\"https:\/\/images.midilibre.fr\/api\/v1\/images\/view\/69ea2c3513681ba6220e5a41\/original\/image.jpg?v=1\"> <img class=\"std-img__img responsive-img\" data-src=\"https:\/\/www.accidentdutravail-idf.net\/blog\/wp-content\/uploads\/2026\/04\/accident-mortel-du-travail-dun-ado-de-15-ans-le-parquet-confie-le-dossier-a-un-juge-dinstruction-pour-homicide-involontaire.jpg\" alt=\"C\u00e9cile Gensac la procureure de la R\u00e9publique de N\u00eemes.\"><figcaption class=\"article-full__media-infos\"> <span class=\"article-full__media-legend\">C\u00e9cile Gensac la procureure de la R\u00e9publique de N\u00eemes.<\/span> <span class=\"article-full__media-author\">ARCHIVES HOCINE ROUAGDIA<\/span> <\/figcaption><\/figure>\n<\/div>\n<h2 class=\"txt-int\">La procureur confie le dossier \u00e0 un juge ind\u00e9pendant<\/h2>\n<p>Apr\u00e8s les \u00e9l\u00e9ments recueillis dans le cadre d\u2019une enqu\u00eate supervis\u00e9e par le parquet de N\u00eemes, C\u00e9cile Gensac, la procureure de la R\u00e9publique de N\u00eemes a d\u00e9cid\u00e9 d\u2019ouvrir une information judiciaire. Ce qui signifie qu\u2019un juge&nbsp;ind\u00e9pendant est d\u00e9sign\u00e9 pour&nbsp;superviser les investigations. Les premiers \u00e9l\u00e9ments d\u2019enqu\u00eate ont \u00e9t\u00e9 men\u00e9s par les policiers du commissariat de N\u00eemes. L\u2019int\u00e9r\u00eat de d\u00e9signer un juge d\u2019instruction&nbsp;? Cela permet \u00e0 la justice d\u2019approfondir&nbsp;les dossiers c\u2019est le cas notamment lorsque des expertises sont n\u00e9cessaires et quand les infractions ont une dimension technique. L\u2019ouverture d\u2019une information judiciaire permet aux familles de se constituer partie civile et d\u2019acc\u00e9der au dossier et de r\u00e9aliser des demandes d\u2019actes et des auditions. L\u2019homicide involontaire se caract\u00e9rise dans le code p\u00e9nal par un manquement \u00e0 des obligations de prudenc et de s\u00e9curit\u00e9. Ce type d\u2019infraction peut concerner \u00e0 la fois des personnes physiques mais aussi des personnes morales. Cet accident du travail&nbsp;va conduire les services de l\u2019inspection du travail \u00e0 \u00e9valuer dans quelles conditions le stagiaire de 15 ans \u00e9voluait au sein de l\u2019entreprise.<\/p>\n<h2 class=\"txt-int\">764 personnes sont mortes dans un accident de travail en 2024<\/h2>\n<p><a href=\"https:\/\/www.unsa.org\/En-France-encore-trop-de-morts-au-travail.html\" target=\"_self\" rel=\"nofollow\">Selon le syndicat Unsa, relatant le bilan de la branche accident du travail<\/a> et&nbsp;maladie professionnelle de la CPAM&nbsp;du nombre de personnes, 764 personnes&nbsp;sont mortes dans un accident de travail en 2024<em> \u00ab\u00a0\u00e0 la suite d\u2019un accident du travail, un chiffre en progression continue. Ce bilan ne couvre pourtant qu\u2019une partie du monde du travail&nbsp;: les fonctionnaires, une partie des travailleurs ind\u00e9pendants et les travailleurs agricoles n\u2019y figurent pas. En ajoutant les d\u00e9c\u00e8s li\u00e9s aux maladies professionnelles, la France totalise 1&nbsp;297 morts en lien avec le travail\u00a0\u00bb<\/em>, ajoute le syndicat dans un article publi\u00e9 sur son site en novembre&nbsp;2025. Selon nos informations, ce chiffre de 764 est \u00e0 mettre en perspective avec le nombre d\u2019homicides volontaires qui la m\u00eame ann\u00e9e se situerait autour de 965 d\u00e9c\u00e8s.<\/p>\n<p><em>\u00ab\u00a0Un ph\u00e9nom\u00e8ne est particuli\u00e8rement inqui\u00e9tant&nbsp;: plus d\u2019un d\u00e9c\u00e8s sur cinq survient dans l\u2019ann\u00e9e qui suit la prise de poste. Un constat aggrav\u00e9 pour les jeunes travailleurs car chez les moins de 25 ans, plus de la moiti\u00e9 des d\u00e9c\u00e8s se produisent au cours de cette premi\u00e8re ann\u00e9e. Pour l\u2019UNSA, cette situation r\u00e9v\u00e8le un d\u00e9faut d\u2019accompagnement et de formation des nouvelles recrues, dans un contexte o\u00f9 la pression temporelle et la pr\u00e9carit\u00e9 fragilisent les conditions d\u2019entr\u00e9e dans l\u2019emploi.\u00a0\u00bb<\/em><\/p>\n<\/p><\/div>\n<p>accidentdutravail-idf.net vous a pr\u00e9par\u00e9 ce post qui informe du sujet \u00ab\u00a0Association Sportive Huisson-Longueville Essonne\u00a0\u00bb. La chronique se veut g\u00e9n\u00e9r\u00e9e du mieux possible. Vous pouvez utiliser les coordonn\u00e9es indiqu\u00e9es sur le site dans le but d\u2019apporter des explications sur ce post qui parle du th\u00e8me \u00ab\u00a0Association Sportive Huisson-Longueville Essonne\u00a0\u00bb. Le site accidentdutravail-idf.net a pour but de fournir diverses publications sur la th\u00e9matique Association Sportive Huisson-Longueville Essonne diffus\u00e9es sur le net. Il y aura plusieurs articles autour du sujet \u00ab\u00a0Association Sportive Huisson-Longueville Essonne\u00a0\u00bb dans quelques jours, nous vous invitons \u00e0 naviguer sur notre site web \u00e0 plusieurs reprises.<\/p>\n","protected":false},"excerpt":{"rendered":"<p>Le 17&nbsp;avril dernier, un stagiaire d\u2019un lyc\u00e9e a perdu la vie dans un tragique accident dans une entreprise de mat\u00e9riaux. Le parquet de N\u00eemes&nbsp;vient de r\u00e9v\u00e9ler que le dossier \u00e9tait confi\u00e9 \u00e0 un juge d\u2019instruction. L\u2019affaire avait provoqu\u00e9 une vive \u00e9motion dans le Gard apr\u00e8s la mort tragique d\u2019un ado de 15 ans. Le parquet &hellip; <\/p>\n<p class=\"link-more\"><a href=\"https:\/\/www.accidentdutravail-idf.net\/blog\/accident-mortel-du-travail-dun-ado-de-15-ans-le-parquet-confie-le-dossier-a-un-juge-dinstruction-pour-homicide-involontaire\/\" class=\"more-link\">Continuer la lecture <span class=\"screen-reader-text\"> \u00ab\u00a0Accident mortel du travail d\u2019un ado de 15 ans : le parquet confie le dossier \u00e0 un juge d\u2019instruction pour homicide involontaire\u00a0\u00bb<\/span><\/a><\/p>\n","protected":false},"author":2,"featured_media":0,"comment_status":"closed","ping_status":"closed","sticky":false,"template":"","format":"standard","meta":{"footnotes":""},"categories":[5],"tags":[],"class_list":["post-2351","post","type-post","status-publish","format-standard","hentry","category-securite-du-travail-en-ile-de-france-et-divers","entry"],"yoast_head":"<!-- This site is optimized with the Yoast SEO plugin v27.5 - https:\/\/yoast.com\/product\/yoast-seo-wordpress\/ -->\n<title>Accident mortel du travail d\u2019un ado de 15 ans : le parquet confie le dossier \u00e0 un juge d\u2019instruction pour homicide involontaire - ACCIDENTDUTRAVAIL-IDF<\/title>\n<meta name=\"description\" content=\"Accident mortel du travail d\u2019un ado de 15 ans : le parquet confie le dossier \u00e0 un juge d\u2019instruction pour homicide involontaire article de ACCIDENTDUTRAVAIL-IDF\" \/>\n<meta name=\"robots\" content=\"index, follow, max-snippet:-1, max-image-preview:large, max-video-preview:-1\" \/>\n<link rel=\"canonical\" href=\"https:\/\/www.accidentdutravail-idf.net\/blog\/accident-mortel-du-travail-dun-ado-de-15-ans-le-parquet-confie-le-dossier-a-un-juge-dinstruction-pour-homicide-involontaire\/\" \/>\n<meta property=\"og:locale\" content=\"fr_FR\" \/>\n<meta property=\"og:type\" content=\"article\" \/>\n<meta property=\"og:title\" content=\"Accident mortel du travail d\u2019un ado de 15 ans : le parquet confie le dossier \u00e0 un juge d\u2019instruction pour homicide involontaire - ACCIDENTDUTRAVAIL-IDF\" \/>\n<meta property=\"og:description\" content=\"Accident mortel du travail d\u2019un ado de 15 ans : le parquet confie le dossier \u00e0 un juge d\u2019instruction pour homicide involontaire article de ACCIDENTDUTRAVAIL-IDF\" \/>\n<meta property=\"og:url\" content=\"https:\/\/www.accidentdutravail-idf.net\/blog\/accident-mortel-du-travail-dun-ado-de-15-ans-le-parquet-confie-le-dossier-a-un-juge-dinstruction-pour-homicide-involontaire\/\" \/>\n<meta property=\"og:site_name\" content=\"ACCIDENTDUTRAVAIL-IDF\" \/>\n<meta property=\"article:published_time\" content=\"2026-04-23T07:29:00+00:00\" \/>\n<meta property=\"og:image\" content=\"https:\/\/www.accidentdutravail-idf.net\/blog\/wp-content\/uploads\/2026\/04\/accident-mortel-du-travail-dun-ado-de-15-ans-le-parquet-confie-le-dossier-a-un-juge-dinstruction-pour-homicide-involontaire.jpg\" \/>\n<meta name=\"author\" content=\"Carlos Poulain\" \/>\n<meta name=\"twitter:card\" content=\"summary_large_image\" \/>\n<meta name=\"twitter:label1\" content=\"\u00c9crit par\" \/>\n\t<meta name=\"twitter:data1\" content=\"Carlos Poulain\" \/>\n\t<meta name=\"twitter:label2\" content=\"Dur\u00e9e de lecture estim\u00e9e\" \/>\n\t<meta name=\"twitter:data2\" content=\"4 minutes\" \/>\n<script type=\"application\/ld+json\" class=\"yoast-schema-graph\">{\"@context\":\"https:\\\/\\\/schema.org\",\"@graph\":[{\"@type\":\"Article\",\"@id\":\"https:\\\/\\\/www.accidentdutravail-idf.net\\\/blog\\\/accident-mortel-du-travail-dun-ado-de-15-ans-le-parquet-confie-le-dossier-a-un-juge-dinstruction-pour-homicide-involontaire\\\/#article\",\"isPartOf\":{\"@id\":\"https:\\\/\\\/www.accidentdutravail-idf.net\\\/blog\\\/accident-mortel-du-travail-dun-ado-de-15-ans-le-parquet-confie-le-dossier-a-un-juge-dinstruction-pour-homicide-involontaire\\\/\"},\"author\":{\"name\":\"Carlos Poulain\",\"@id\":\"https:\\\/\\\/www.accidentdutravail-idf.net\\\/blog\\\/#\\\/schema\\\/person\\\/3255d2f970de45e64bd9201f38e7b947\"},\"headline\":\"Accident mortel du travail d\u2019un ado de 15 ans : le parquet confie le dossier \u00e0 un juge d\u2019instruction pour homicide involontaire\",\"datePublished\":\"2026-04-23T07:29:00+00:00\",\"mainEntityOfPage\":{\"@id\":\"https:\\\/\\\/www.accidentdutravail-idf.net\\\/blog\\\/accident-mortel-du-travail-dun-ado-de-15-ans-le-parquet-confie-le-dossier-a-un-juge-dinstruction-pour-homicide-involontaire\\\/\"},\"wordCount\":895,\"publisher\":{\"@id\":\"https:\\\/\\\/www.accidentdutravail-idf.net\\\/blog\\\/#organization\"},\"image\":{\"@id\":\"https:\\\/\\\/www.accidentdutravail-idf.net\\\/blog\\\/accident-mortel-du-travail-dun-ado-de-15-ans-le-parquet-confie-le-dossier-a-un-juge-dinstruction-pour-homicide-involontaire\\\/#primaryimage\"},\"thumbnailUrl\":\"https:\\\/\\\/www.accidentdutravail-idf.net\\\/blog\\\/wp-content\\\/uploads\\\/2026\\\/04\\\/accident-mortel-du-travail-dun-ado-de-15-ans-le-parquet-confie-le-dossier-a-un-juge-dinstruction-pour-homicide-involontaire.jpg\",\"articleSection\":[\"S\u00e9curit\u00e9 Du Travail En Ile-De-France Et Divers:\"],\"inLanguage\":\"fr-FR\"},{\"@type\":\"WebPage\",\"@id\":\"https:\\\/\\\/www.accidentdutravail-idf.net\\\/blog\\\/accident-mortel-du-travail-dun-ado-de-15-ans-le-parquet-confie-le-dossier-a-un-juge-dinstruction-pour-homicide-involontaire\\\/\",\"url\":\"https:\\\/\\\/www.accidentdutravail-idf.net\\\/blog\\\/accident-mortel-du-travail-dun-ado-de-15-ans-le-parquet-confie-le-dossier-a-un-juge-dinstruction-pour-homicide-involontaire\\\/\",\"name\":\"Accident mortel du travail d\u2019un ado de 15 ans : le parquet confie le dossier \u00e0 un juge d\u2019instruction pour homicide involontaire - ACCIDENTDUTRAVAIL-IDF\",\"isPartOf\":{\"@id\":\"https:\\\/\\\/www.accidentdutravail-idf.net\\\/blog\\\/#website\"},\"primaryImageOfPage\":{\"@id\":\"https:\\\/\\\/www.accidentdutravail-idf.net\\\/blog\\\/accident-mortel-du-travail-dun-ado-de-15-ans-le-parquet-confie-le-dossier-a-un-juge-dinstruction-pour-homicide-involontaire\\\/#primaryimage\"},\"image\":{\"@id\":\"https:\\\/\\\/www.accidentdutravail-idf.net\\\/blog\\\/accident-mortel-du-travail-dun-ado-de-15-ans-le-parquet-confie-le-dossier-a-un-juge-dinstruction-pour-homicide-involontaire\\\/#primaryimage\"},\"thumbnailUrl\":\"https:\\\/\\\/www.accidentdutravail-idf.net\\\/blog\\\/wp-content\\\/uploads\\\/2026\\\/04\\\/accident-mortel-du-travail-dun-ado-de-15-ans-le-parquet-confie-le-dossier-a-un-juge-dinstruction-pour-homicide-involontaire.jpg\",\"datePublished\":\"2026-04-23T07:29:00+00:00\",\"description\":\"Accident mortel du travail d\u2019un ado de 15 ans : le parquet confie le dossier \u00e0 un juge d\u2019instruction pour homicide involontaire article de ACCIDENTDUTRAVAIL-IDF\",\"breadcrumb\":{\"@id\":\"https:\\\/\\\/www.accidentdutravail-idf.net\\\/blog\\\/accident-mortel-du-travail-dun-ado-de-15-ans-le-parquet-confie-le-dossier-a-un-juge-dinstruction-pour-homicide-involontaire\\\/#breadcrumb\"},\"inLanguage\":\"fr-FR\",\"potentialAction\":[{\"@type\":\"ReadAction\",\"target\":[\"https:\\\/\\\/www.accidentdutravail-idf.net\\\/blog\\\/accident-mortel-du-travail-dun-ado-de-15-ans-le-parquet-confie-le-dossier-a-un-juge-dinstruction-pour-homicide-involontaire\\\/\"]}]},{\"@type\":\"ImageObject\",\"inLanguage\":\"fr-FR\",\"@id\":\"https:\\\/\\\/www.accidentdutravail-idf.net\\\/blog\\\/accident-mortel-du-travail-dun-ado-de-15-ans-le-parquet-confie-le-dossier-a-un-juge-dinstruction-pour-homicide-involontaire\\\/#primaryimage\",\"url\":\"https:\\\/\\\/www.accidentdutravail-idf.net\\\/blog\\\/wp-content\\\/uploads\\\/2026\\\/04\\\/accident-mortel-du-travail-dun-ado-de-15-ans-le-parquet-confie-le-dossier-a-un-juge-dinstruction-pour-homicide-involontaire.jpg\",\"contentUrl\":\"https:\\\/\\\/www.accidentdutravail-idf.net\\\/blog\\\/wp-content\\\/uploads\\\/2026\\\/04\\\/accident-mortel-du-travail-dun-ado-de-15-ans-le-parquet-confie-le-dossier-a-un-juge-dinstruction-pour-homicide-involontaire.jpg\"},{\"@type\":\"BreadcrumbList\",\"@id\":\"https:\\\/\\\/www.accidentdutravail-idf.net\\\/blog\\\/accident-mortel-du-travail-dun-ado-de-15-ans-le-parquet-confie-le-dossier-a-un-juge-dinstruction-pour-homicide-involontaire\\\/#breadcrumb\",\"itemListElement\":[{\"@type\":\"ListItem\",\"position\":1,\"name\":\"Accueil\",\"item\":\"https:\\\/\\\/www.accidentdutravail-idf.net\\\/blog\\\/\"},{\"@type\":\"ListItem\",\"position\":2,\"name\":\"Accident mortel du travail d\u2019un ado de 15 ans : le parquet confie le dossier \u00e0 un juge d\u2019instruction pour homicide involontaire\"}]},{\"@type\":\"WebSite\",\"@id\":\"https:\\\/\\\/www.accidentdutravail-idf.net\\\/blog\\\/#website\",\"url\":\"https:\\\/\\\/www.accidentdutravail-idf.net\\\/blog\\\/\",\"name\":\"ACCIDENTDUTRAVAIL-IDF\",\"description\":\"Portail accidents du travail-maladies professionnelles des entreprises d&#039;Ile-de-France\",\"publisher\":{\"@id\":\"https:\\\/\\\/www.accidentdutravail-idf.net\\\/blog\\\/#organization\"},\"potentialAction\":[{\"@type\":\"SearchAction\",\"target\":{\"@type\":\"EntryPoint\",\"urlTemplate\":\"https:\\\/\\\/www.accidentdutravail-idf.net\\\/blog\\\/?s={search_term_string}\"},\"query-input\":{\"@type\":\"PropertyValueSpecification\",\"valueRequired\":true,\"valueName\":\"search_term_string\"}}],\"inLanguage\":\"fr-FR\"},{\"@type\":\"Organization\",\"@id\":\"https:\\\/\\\/www.accidentdutravail-idf.net\\\/blog\\\/#organization\",\"name\":\"accidentdutravail-idf\",\"url\":\"https:\\\/\\\/www.accidentdutravail-idf.net\\\/blog\\\/\",\"logo\":{\"@type\":\"ImageObject\",\"inLanguage\":\"fr-FR\",\"@id\":\"https:\\\/\\\/www.accidentdutravail-idf.net\\\/blog\\\/#\\\/schema\\\/logo\\\/image\\\/\",\"url\":\"https:\\\/\\\/www.accidentdutravail-idf.net\\\/blog\\\/wp-content\\\/uploads\\\/2022\\\/09\\\/logo-2.png\",\"contentUrl\":\"https:\\\/\\\/www.accidentdutravail-idf.net\\\/blog\\\/wp-content\\\/uploads\\\/2022\\\/09\\\/logo-2.png\",\"width\":380,\"height\":291,\"caption\":\"accidentdutravail-idf\"},\"image\":{\"@id\":\"https:\\\/\\\/www.accidentdutravail-idf.net\\\/blog\\\/#\\\/schema\\\/logo\\\/image\\\/\"}},{\"@type\":\"Person\",\"@id\":\"https:\\\/\\\/www.accidentdutravail-idf.net\\\/blog\\\/#\\\/schema\\\/person\\\/3255d2f970de45e64bd9201f38e7b947\",\"name\":\"Carlos Poulain\",\"image\":{\"@type\":\"ImageObject\",\"inLanguage\":\"fr-FR\",\"@id\":\"https:\\\/\\\/secure.gravatar.com\\\/avatar\\\/b1c2f9d3588e34e91adb093635df64ef4b2381991216be7576466cfcdca4baf3?s=96&d=mm&r=g\",\"url\":\"https:\\\/\\\/secure.gravatar.com\\\/avatar\\\/b1c2f9d3588e34e91adb093635df64ef4b2381991216be7576466cfcdca4baf3?s=96&d=mm&r=g\",\"contentUrl\":\"https:\\\/\\\/secure.gravatar.com\\\/avatar\\\/b1c2f9d3588e34e91adb093635df64ef4b2381991216be7576466cfcdca4baf3?s=96&d=mm&r=g\",\"caption\":\"Carlos Poulain\"},\"url\":\"https:\\\/\\\/www.accidentdutravail-idf.net\\\/blog\\\/author\\\/idfcarlos\\\/\"}]}<\/script>\n<!-- \/ Yoast SEO plugin. -->","yoast_head_json":{"title":"Accident mortel du travail d\u2019un ado de 15 ans : le parquet confie le dossier \u00e0 un juge d\u2019instruction pour homicide involontaire - ACCIDENTDUTRAVAIL-IDF","description":"Accident mortel du travail d\u2019un ado de 15 ans : le parquet confie le dossier \u00e0 un juge d\u2019instruction pour homicide involontaire article de ACCIDENTDUTRAVAIL-IDF","robots":{"index":"index","follow":"follow","max-snippet":"max-snippet:-1","max-image-preview":"max-image-preview:large","max-video-preview":"max-video-preview:-1"},"canonical":"https:\/\/www.accidentdutravail-idf.net\/blog\/accident-mortel-du-travail-dun-ado-de-15-ans-le-parquet-confie-le-dossier-a-un-juge-dinstruction-pour-homicide-involontaire\/","og_locale":"fr_FR","og_type":"article","og_title":"Accident mortel du travail d\u2019un ado de 15 ans : le parquet confie le dossier \u00e0 un juge d\u2019instruction pour homicide involontaire - ACCIDENTDUTRAVAIL-IDF","og_description":"Accident mortel du travail d\u2019un ado de 15 ans : le parquet confie le dossier \u00e0 un juge d\u2019instruction pour homicide involontaire article de ACCIDENTDUTRAVAIL-IDF","og_url":"https:\/\/www.accidentdutravail-idf.net\/blog\/accident-mortel-du-travail-dun-ado-de-15-ans-le-parquet-confie-le-dossier-a-un-juge-dinstruction-pour-homicide-involontaire\/","og_site_name":"ACCIDENTDUTRAVAIL-IDF","article_published_time":"2026-04-23T07:29:00+00:00","og_image":[{"url":"https:\/\/www.accidentdutravail-idf.net\/blog\/wp-content\/uploads\/2026\/04\/accident-mortel-du-travail-dun-ado-de-15-ans-le-parquet-confie-le-dossier-a-un-juge-dinstruction-pour-homicide-involontaire.jpg","type":"","width":"","height":""}],"author":"Carlos Poulain","twitter_card":"summary_large_image","twitter_misc":{"\u00c9crit par":"Carlos Poulain","Dur\u00e9e de lecture estim\u00e9e":"4 minutes"},"schema":{"@context":"https:\/\/schema.org","@graph":[{"@type":"Article","@id":"https:\/\/www.accidentdutravail-idf.net\/blog\/accident-mortel-du-travail-dun-ado-de-15-ans-le-parquet-confie-le-dossier-a-un-juge-dinstruction-pour-homicide-involontaire\/#article","isPartOf":{"@id":"https:\/\/www.accidentdutravail-idf.net\/blog\/accident-mortel-du-travail-dun-ado-de-15-ans-le-parquet-confie-le-dossier-a-un-juge-dinstruction-pour-homicide-involontaire\/"},"author":{"name":"Carlos Poulain","@id":"https:\/\/www.accidentdutravail-idf.net\/blog\/#\/schema\/person\/3255d2f970de45e64bd9201f38e7b947"},"headline":"Accident mortel du travail d\u2019un ado de 15 ans : le parquet confie le dossier \u00e0 un juge d\u2019instruction pour homicide involontaire","datePublished":"2026-04-23T07:29:00+00:00","mainEntityOfPage":{"@id":"https:\/\/www.accidentdutravail-idf.net\/blog\/accident-mortel-du-travail-dun-ado-de-15-ans-le-parquet-confie-le-dossier-a-un-juge-dinstruction-pour-homicide-involontaire\/"},"wordCount":895,"publisher":{"@id":"https:\/\/www.accidentdutravail-idf.net\/blog\/#organization"},"image":{"@id":"https:\/\/www.accidentdutravail-idf.net\/blog\/accident-mortel-du-travail-dun-ado-de-15-ans-le-parquet-confie-le-dossier-a-un-juge-dinstruction-pour-homicide-involontaire\/#primaryimage"},"thumbnailUrl":"https:\/\/www.accidentdutravail-idf.net\/blog\/wp-content\/uploads\/2026\/04\/accident-mortel-du-travail-dun-ado-de-15-ans-le-parquet-confie-le-dossier-a-un-juge-dinstruction-pour-homicide-involontaire.jpg","articleSection":["S\u00e9curit\u00e9 Du Travail En Ile-De-France Et Divers:"],"inLanguage":"fr-FR"},{"@type":"WebPage","@id":"https:\/\/www.accidentdutravail-idf.net\/blog\/accident-mortel-du-travail-dun-ado-de-15-ans-le-parquet-confie-le-dossier-a-un-juge-dinstruction-pour-homicide-involontaire\/","url":"https:\/\/www.accidentdutravail-idf.net\/blog\/accident-mortel-du-travail-dun-ado-de-15-ans-le-parquet-confie-le-dossier-a-un-juge-dinstruction-pour-homicide-involontaire\/","name":"Accident mortel du travail d\u2019un ado de 15 ans : le parquet confie le dossier \u00e0 un juge d\u2019instruction pour homicide involontaire - ACCIDENTDUTRAVAIL-IDF","isPartOf":{"@id":"https:\/\/www.accidentdutravail-idf.net\/blog\/#website"},"primaryImageOfPage":{"@id":"https:\/\/www.accidentdutravail-idf.net\/blog\/accident-mortel-du-travail-dun-ado-de-15-ans-le-parquet-confie-le-dossier-a-un-juge-dinstruction-pour-homicide-involontaire\/#primaryimage"},"image":{"@id":"https:\/\/www.accidentdutravail-idf.net\/blog\/accident-mortel-du-travail-dun-ado-de-15-ans-le-parquet-confie-le-dossier-a-un-juge-dinstruction-pour-homicide-involontaire\/#primaryimage"},"thumbnailUrl":"https:\/\/www.accidentdutravail-idf.net\/blog\/wp-content\/uploads\/2026\/04\/accident-mortel-du-travail-dun-ado-de-15-ans-le-parquet-confie-le-dossier-a-un-juge-dinstruction-pour-homicide-involontaire.jpg","datePublished":"2026-04-23T07:29:00+00:00","description":"Accident mortel du travail d\u2019un ado de 15 ans : le parquet confie le dossier \u00e0 un juge d\u2019instruction pour homicide involontaire article de ACCIDENTDUTRAVAIL-IDF","breadcrumb":{"@id":"https:\/\/www.accidentdutravail-idf.net\/blog\/accident-mortel-du-travail-dun-ado-de-15-ans-le-parquet-confie-le-dossier-a-un-juge-dinstruction-pour-homicide-involontaire\/#breadcrumb"},"inLanguage":"fr-FR","potentialAction":[{"@type":"ReadAction","target":["https:\/\/www.accidentdutravail-idf.net\/blog\/accident-mortel-du-travail-dun-ado-de-15-ans-le-parquet-confie-le-dossier-a-un-juge-dinstruction-pour-homicide-involontaire\/"]}]},{"@type":"ImageObject","inLanguage":"fr-FR","@id":"https:\/\/www.accidentdutravail-idf.net\/blog\/accident-mortel-du-travail-dun-ado-de-15-ans-le-parquet-confie-le-dossier-a-un-juge-dinstruction-pour-homicide-involontaire\/#primaryimage","url":"https:\/\/www.accidentdutravail-idf.net\/blog\/wp-content\/uploads\/2026\/04\/accident-mortel-du-travail-dun-ado-de-15-ans-le-parquet-confie-le-dossier-a-un-juge-dinstruction-pour-homicide-involontaire.jpg","contentUrl":"https:\/\/www.accidentdutravail-idf.net\/blog\/wp-content\/uploads\/2026\/04\/accident-mortel-du-travail-dun-ado-de-15-ans-le-parquet-confie-le-dossier-a-un-juge-dinstruction-pour-homicide-involontaire.jpg"},{"@type":"BreadcrumbList","@id":"https:\/\/www.accidentdutravail-idf.net\/blog\/accident-mortel-du-travail-dun-ado-de-15-ans-le-parquet-confie-le-dossier-a-un-juge-dinstruction-pour-homicide-involontaire\/#breadcrumb","itemListElement":[{"@type":"ListItem","position":1,"name":"Accueil","item":"https:\/\/www.accidentdutravail-idf.net\/blog\/"},{"@type":"ListItem","position":2,"name":"Accident mortel du travail d\u2019un ado de 15 ans : le parquet confie le dossier \u00e0 un juge d\u2019instruction pour homicide involontaire"}]},{"@type":"WebSite","@id":"https:\/\/www.accidentdutravail-idf.net\/blog\/#website","url":"https:\/\/www.accidentdutravail-idf.net\/blog\/","name":"ACCIDENTDUTRAVAIL-IDF","description":"Portail accidents du travail-maladies professionnelles des entreprises d&#039;Ile-de-France","publisher":{"@id":"https:\/\/www.accidentdutravail-idf.net\/blog\/#organization"},"potentialAction":[{"@type":"SearchAction","target":{"@type":"EntryPoint","urlTemplate":"https:\/\/www.accidentdutravail-idf.net\/blog\/?s={search_term_string}"},"query-input":{"@type":"PropertyValueSpecification","valueRequired":true,"valueName":"search_term_string"}}],"inLanguage":"fr-FR"},{"@type":"Organization","@id":"https:\/\/www.accidentdutravail-idf.net\/blog\/#organization","name":"accidentdutravail-idf","url":"https:\/\/www.accidentdutravail-idf.net\/blog\/","logo":{"@type":"ImageObject","inLanguage":"fr-FR","@id":"https:\/\/www.accidentdutravail-idf.net\/blog\/#\/schema\/logo\/image\/","url":"https:\/\/www.accidentdutravail-idf.net\/blog\/wp-content\/uploads\/2022\/09\/logo-2.png","contentUrl":"https:\/\/www.accidentdutravail-idf.net\/blog\/wp-content\/uploads\/2022\/09\/logo-2.png","width":380,"height":291,"caption":"accidentdutravail-idf"},"image":{"@id":"https:\/\/www.accidentdutravail-idf.net\/blog\/#\/schema\/logo\/image\/"}},{"@type":"Person","@id":"https:\/\/www.accidentdutravail-idf.net\/blog\/#\/schema\/person\/3255d2f970de45e64bd9201f38e7b947","name":"Carlos Poulain","image":{"@type":"ImageObject","inLanguage":"fr-FR","@id":"https:\/\/secure.gravatar.com\/avatar\/b1c2f9d3588e34e91adb093635df64ef4b2381991216be7576466cfcdca4baf3?s=96&d=mm&r=g","url":"https:\/\/secure.gravatar.com\/avatar\/b1c2f9d3588e34e91adb093635df64ef4b2381991216be7576466cfcdca4baf3?s=96&d=mm&r=g","contentUrl":"https:\/\/secure.gravatar.com\/avatar\/b1c2f9d3588e34e91adb093635df64ef4b2381991216be7576466cfcdca4baf3?s=96&d=mm&r=g","caption":"Carlos Poulain"},"url":"https:\/\/www.accidentdutravail-idf.net\/blog\/author\/idfcarlos\/"}]}},"_links":{"self":[{"href":"https:\/\/www.accidentdutravail-idf.net\/blog\/wp-json\/wp\/v2\/posts\/2351","targetHints":{"allow":["GET"]}}],"collection":[{"href":"https:\/\/www.accidentdutravail-idf.net\/blog\/wp-json\/wp\/v2\/posts"}],"about":[{"href":"https:\/\/www.accidentdutravail-idf.net\/blog\/wp-json\/wp\/v2\/types\/post"}],"author":[{"embeddable":true,"href":"https:\/\/www.accidentdutravail-idf.net\/blog\/wp-json\/wp\/v2\/users\/2"}],"replies":[{"embeddable":true,"href":"https:\/\/www.accidentdutravail-idf.net\/blog\/wp-json\/wp\/v2\/comments?post=2351"}],"version-history":[{"count":0,"href":"https:\/\/www.accidentdutravail-idf.net\/blog\/wp-json\/wp\/v2\/posts\/2351\/revisions"}],"wp:attachment":[{"href":"https:\/\/www.accidentdutravail-idf.net\/blog\/wp-json\/wp\/v2\/media?parent=2351"}],"wp:term":[{"taxonomy":"category","embeddable":true,"href":"https:\/\/www.accidentdutravail-idf.net\/blog\/wp-json\/wp\/v2\/categories?post=2351"},{"taxonomy":"post_tag","embeddable":true,"href":"https:\/\/www.accidentdutravail-idf.net\/blog\/wp-json\/wp\/v2\/tags?post=2351"}],"curies":[{"name":"wp","href":"https:\/\/api.w.org\/{rel}","templated":true}]}}