{"id":2350,"date":"2026-04-21T10:19:00","date_gmt":"2026-04-21T08:19:00","guid":{"rendered":"https:\/\/www.accidentdutravail-idf.net\/blog\/accident-mortel-sur-le-chantier-de-la-rn-21-la-cgt-denonce-une-honte-face-a-labsence-de-proces-et-annonce-un-rassemblement\/"},"modified":"2026-04-21T10:19:00","modified_gmt":"2026-04-21T08:19:00","slug":"accident-mortel-sur-le-chantier-de-la-rn-21-la-cgt-denonce-une-honte-face-a-labsence-de-proces-et-annonce-un-rassemblement","status":"publish","type":"post","link":"https:\/\/www.accidentdutravail-idf.net\/blog\/accident-mortel-sur-le-chantier-de-la-rn-21-la-cgt-denonce-une-honte-face-a-labsence-de-proces-et-annonce-un-rassemblement\/","title":{"rendered":"Accident mortel sur le chantier de la RN 21 : la CGT d\u00e9nonce \u00ab\u00a0une honte\u00a0\u00bb face \u00e0 l\u2019absence de proc\u00e8s et annonce un rassemblement"},"content":{"rendered":"<p> <span class=\"article-full__chapo-label hide-on-small-only\">l&rsquo;essentiel<\/span> Un rassemblement est organis\u00e9 \u00e0 Villeneuve-sur-Lot, ce mardi 28 avril, pour rendre hommage \u00e0 Guillaume Garrido, ouvrier d\u00e9c\u00e9d\u00e9 en 2018 sur le chantier de la RN 21. La CGT veut profiter de ce moment pour alerter sur la sant\u00e9 au travail dans le secteur du BTP. <\/p>\n<div data-state=\"fixed-height\" data-selection=\"disabled\"> <!-- Pub DFP Position [outstream] --> <\/p>\n<p>Le temps de l\u2019hommage, mais aussi de la mobilisation \u00c0 l\u2019occasion de la Journ\u00e9e mondiale de la sant\u00e9 au travail, le mardi 28&nbsp;avril, un rassemblement doit se tenir \u00e0 l\u2019initiative de l\u2019Union des syndicats CGT du BTP, sur le lieu de l\u2019accident mortel survenu en 2018 \u00e0 Villeneuve-sur-Lot et qui a co\u00fbt\u00e9 la vie&nbsp;\u00e0 Guillaume Garrido, ouvrier de&nbsp;36 ans. Il travaillait<a href=\"http:\/\/ladepeche.fr\/article\/2018\/08\/17\/2852857-ouvrier-meurt-enseveli-chantier-rn-21-villeneuve-lot.html\" target=\"_self\" rel=\"nofollow\">&nbsp;sur le chantier de la 2&#215;2 voies<\/a>, entre le rond-point du Campanile et la mont\u00e9e vers Saint-Antoine-de-Ficalba. Le giratoire, qui porte d\u00e9sormais son nom, est&nbsp;devenu depuis un symbole des accidents du travail.<\/p>\n<p><!-- Pub DFP Position [article] --> <\/p>\n<div class=\"center-align\" data-protec-aida=\"image\">\n<figure class=\"std-img\" data-src=\"https:\/\/images.ladepeche.fr\/api\/v1\/images\/view\/69e79301d11029b81c0adda3\/original\/image.jpg?v=1\"> <img class=\"std-img__img responsive-img\" data-src=\"https:\/\/www.accidentdutravail-idf.net\/blog\/wp-content\/uploads\/2026\/04\/accident-mortel-sur-le-chantier-de-la-rn-21-la-cgt-denonce-une-honte-face-a-labsence-de-proces-et-annonce-un-rassemblement.jpg\" alt=\"Une st\u00e8le a \u00e9t\u00e9 \u00e9rig\u00e9e en hommage \u00e0 Guillaume Garrido, \u00e0 la suite du dramatique accident.\"><figcaption class=\"article-full__media-infos\"> <span class=\"article-full__media-legend\">Une st\u00e8le a \u00e9t\u00e9 \u00e9rig\u00e9e en hommage \u00e0 Guillaume Garrido, \u00e0 la suite du dramatique accident.<\/span> <span class=\"article-full__media-author\">DDM &#8211; FREDERIC PASCAUD<\/span> <\/figcaption><\/figure>\n<\/div>\n<p>Le 17&nbsp;ao\u00fbt 2018, alors qu\u2019il travaillait dans un caisson destin\u00e9 \u00e0 la r\u00e9cup\u00e9ration des eaux de ruissellement, un mur de b\u00e9ton s\u2019est soudainement effondr\u00e9 sur lui, l\u2019ensevelissant et provoquant son d\u00e9c\u00e8s imm\u00e9diat. Les secours sp\u00e9cialis\u00e9s \u00e9taient intervenus pour d\u00e9gager le corps, tandis que policiers et inspection du travail avaient ouvert une enqu\u00eate afin de d\u00e9terminer les circonstances exactes du drame. Ce chantier, lanc\u00e9 au printemps et long d\u2019environ 1,5&nbsp;km, devait \u00eatre achev\u00e9 d\u00e9but 2019. L\u2019accident avait profond\u00e9ment choqu\u00e9 les \u00e9quipes pr\u00e9sentes, et une cellule psychologique avait \u00e9t\u00e9 mise en place pour accompagner les ouvriers. Depuis, <a href=\"https:\/\/www.ladepeche.fr\/2019\/11\/30\/une-stele-en-hommage-a-guillaume-et-aux-autres,8572831.php\" target=\"_self\" rel=\"nofollow\">une st\u00e8le a \u00e9t\u00e9 \u00e9rig\u00e9e<\/a> en sa m\u00e9moire.<\/p>\n<p class=\"std-elt__inline\"> <strong>\u00c0 lire aussi :<\/strong> <a href=\"https:\/\/www.ladepeche.fr\/article\/2018\/08\/17\/2852857-ouvrier-meurt-enseveli-chantier-rn-21-villeneuve-lot.html\" target=\"_blank\" rel=\"nofollow\">Un ouvrier meurt enseveli sur le chantier de la RN 21 dans le Lot-et-Garonne<\/a> <\/p>\n<h2 class=\"txt-int\">Aucune date de proc\u00e8s n\u2019a \u00e9t\u00e9 fix\u00e9e<\/h2>\n<p>Famille, coll\u00e8gues et militants se r\u00e9uniront donc mardi pour lui rendre hommage. Pr\u00e8s de sept ans apr\u00e8s les faits, la proc\u00e9dure judiciaire n\u2019a toujours pas abouti.&nbsp;\u00ab\u00a0Apr\u00e8s enqu\u00eates et expertises, et contre-expertises demand\u00e9es&nbsp;par Vinci, NGE et les juges, la date du proc\u00e8s n\u2019est m\u00eame pas fix\u00e9e\u00a0\u00bb, fait savoir la CGT Lot-et-Garonne. \u00ab\u00a0Peu importe que la&nbsp;famille veuille conna\u00eetre la cha\u00eene de responsabilit\u00e9, peu importe si la famille et les coll\u00e8gues&nbsp;ont besoin de savoir pour se pr\u00e9parer psychologiquement, pour avancer dans le processus&nbsp;de deuil. C\u2019est une honte&nbsp;!\u00a0\u00bb<\/p>\n<p>Au-del\u00e0 de ce cas, les repr\u00e9sentants syndicaux alertent sur une situation qu\u2019ils jugent pr\u00e9occupante. Si le nombre global d\u2019accidents du travail tend \u00e0 diminuer en France, les accidents mortels restent \u00e0 un niveau \u00e9lev\u00e9. Selon les donn\u00e9es de l\u2019Assurance maladie, plusieurs centaines de salari\u00e9s perdent encore la vie chaque ann\u00e9e dans le cadre de leur activit\u00e9 professionnelle.<\/p>\n<p class=\"std-elt__inline\"> <strong>\u00c0 lire aussi :<\/strong> <a href=\"https:\/\/www.ladepeche.fr\/article\/2019\/01\/11\/2938359-chantier-doublement-rn-21-arrete-jusqu-nouvel-ordre.html\" target=\"_blank\" rel=\"nofollow\">Apr\u00e8s un accident mortel, le chantier de la RN 21 \u00e0 Villeneuve-sur-Lot arr\u00eat\u00e9 jusqu&rsquo;\u00e0 nouvel ordre<\/a> <\/p>\n<p>Les syndicats pointent aussi la disparition des comit\u00e9s d\u2019hygi\u00e8ne, de s\u00e9curit\u00e9 et des conditions de travail (CHSCT), remplac\u00e9s en 2017 par les CSE, qu\u2019ils estiment moins efficaces en mati\u00e8re de pr\u00e9vention. Ils d\u00e9noncent par ailleurs des pratiques de sous-d\u00e9claration des accidents, ainsi que certaines politiques internes, comme les primes li\u00e9es \u00e0 l\u2019absence d\u2019accident, susceptibles de dissuader les salari\u00e9s de signaler des incidents.&nbsp;Parmi les revendications avanc\u00e9es&nbsp;: un durcissement des sanctions contre les employeurs en cas de manquement, la cr\u00e9ation d\u2019un statut pour les familles de victimes, et une meilleure reconnaissance de la p\u00e9nibilit\u00e9, avec la possibilit\u00e9 d\u2019un d\u00e9part anticip\u00e9 \u00e0 la retraite.<\/p>\n<p>Ce rassemblement \u00e0 Villeneuve-sur-Lot&nbsp;s\u2019inscrit dans une mobilisation plus large pour faire de la sant\u00e9 au travail un enjeu central, alors que le secteur du BTP reste l\u2019un des plus expos\u00e9s aux risques professionnels.<\/p>\n<\/p><\/div>\n<p>accidentdutravail-idf.net vous a pr\u00e9par\u00e9 ce post qui informe du sujet \u00ab\u00a0Association Sportive Huisson-Longueville Essonne\u00a0\u00bb. La chronique se veut g\u00e9n\u00e9r\u00e9e du mieux possible. Vous pouvez utiliser les coordonn\u00e9es indiqu\u00e9es sur le site dans le but d\u2019apporter des explications sur ce post qui parle du th\u00e8me \u00ab\u00a0Association Sportive Huisson-Longueville Essonne\u00a0\u00bb. Le site accidentdutravail-idf.net a pour but de fournir diverses publications sur la th\u00e9matique Association Sportive Huisson-Longueville Essonne diffus\u00e9es sur le net. Il y aura plusieurs articles autour du sujet \u00ab\u00a0Association Sportive Huisson-Longueville Essonne\u00a0\u00bb dans quelques jours, nous vous invitons \u00e0 naviguer sur notre site web \u00e0 plusieurs reprises.<\/p>\n","protected":false},"excerpt":{"rendered":"<p>l&rsquo;essentiel Un rassemblement est organis\u00e9 \u00e0 Villeneuve-sur-Lot, ce mardi 28 avril, pour rendre hommage \u00e0 Guillaume Garrido, ouvrier d\u00e9c\u00e9d\u00e9 en 2018 sur le chantier de la RN 21. La CGT veut profiter de ce moment pour alerter sur la sant\u00e9 au travail dans le secteur du BTP. Le temps de l\u2019hommage, mais aussi de la &hellip; <\/p>\n<p class=\"link-more\"><a href=\"https:\/\/www.accidentdutravail-idf.net\/blog\/accident-mortel-sur-le-chantier-de-la-rn-21-la-cgt-denonce-une-honte-face-a-labsence-de-proces-et-annonce-un-rassemblement\/\" class=\"more-link\">Continuer la lecture <span class=\"screen-reader-text\"> \u00ab\u00a0Accident mortel sur le chantier de la RN 21 : la CGT d\u00e9nonce \u00ab\u00a0une honte\u00a0\u00bb face \u00e0 l\u2019absence de proc\u00e8s et annonce un rassemblement\u00a0\u00bb<\/span><\/a><\/p>\n","protected":false},"author":2,"featured_media":0,"comment_status":"closed","ping_status":"closed","sticky":false,"template":"","format":"standard","meta":{"footnotes":""},"categories":[5],"tags":[],"class_list":["post-2350","post","type-post","status-publish","format-standard","hentry","category-securite-du-travail-en-ile-de-france-et-divers","entry"],"yoast_head":"<!-- This site is optimized with the Yoast SEO plugin v27.5 - https:\/\/yoast.com\/product\/yoast-seo-wordpress\/ -->\n<title>Accident mortel sur le chantier de la RN 21 : la CGT d\u00e9nonce &quot;une honte&quot; face \u00e0 l\u2019absence de proc\u00e8s et annonce un rassemblement - ACCIDENTDUTRAVAIL-IDF<\/title>\n<meta name=\"description\" content=\"Accident mortel sur le chantier de la RN 21 : la CGT d\u00e9nonce &quot;une honte&quot; face \u00e0 l\u2019absence de proc\u00e8s et annonce un rassemblement article de ACCIDENTDUTRAVAIL-IDF\" \/>\n<meta name=\"robots\" content=\"index, follow, max-snippet:-1, max-image-preview:large, max-video-preview:-1\" \/>\n<link rel=\"canonical\" href=\"https:\/\/www.accidentdutravail-idf.net\/blog\/accident-mortel-sur-le-chantier-de-la-rn-21-la-cgt-denonce-une-honte-face-a-labsence-de-proces-et-annonce-un-rassemblement\/\" \/>\n<meta property=\"og:locale\" content=\"fr_FR\" \/>\n<meta property=\"og:type\" content=\"article\" \/>\n<meta property=\"og:title\" content=\"Accident mortel sur le chantier de la RN 21 : la CGT d\u00e9nonce &quot;une honte&quot; face \u00e0 l\u2019absence de proc\u00e8s et annonce un rassemblement - ACCIDENTDUTRAVAIL-IDF\" \/>\n<meta property=\"og:description\" content=\"Accident mortel sur le chantier de la RN 21 : la CGT d\u00e9nonce &quot;une honte&quot; face \u00e0 l\u2019absence de proc\u00e8s et annonce un rassemblement article de ACCIDENTDUTRAVAIL-IDF\" \/>\n<meta property=\"og:url\" content=\"https:\/\/www.accidentdutravail-idf.net\/blog\/accident-mortel-sur-le-chantier-de-la-rn-21-la-cgt-denonce-une-honte-face-a-labsence-de-proces-et-annonce-un-rassemblement\/\" \/>\n<meta property=\"og:site_name\" content=\"ACCIDENTDUTRAVAIL-IDF\" \/>\n<meta property=\"article:published_time\" content=\"2026-04-21T08:19:00+00:00\" \/>\n<meta property=\"og:image\" content=\"https:\/\/www.accidentdutravail-idf.net\/blog\/wp-content\/uploads\/2026\/04\/accident-mortel-sur-le-chantier-de-la-rn-21-la-cgt-denonce-une-honte-face-a-labsence-de-proces-et-annonce-un-rassemblement.jpg\" \/>\n<meta name=\"author\" content=\"Carlos Poulain\" \/>\n<meta name=\"twitter:card\" content=\"summary_large_image\" \/>\n<meta name=\"twitter:label1\" content=\"\u00c9crit par\" \/>\n\t<meta name=\"twitter:data1\" content=\"Carlos Poulain\" \/>\n\t<meta name=\"twitter:label2\" content=\"Dur\u00e9e de lecture estim\u00e9e\" \/>\n\t<meta name=\"twitter:data2\" content=\"4 minutes\" \/>\n<script type=\"application\/ld+json\" class=\"yoast-schema-graph\">{\"@context\":\"https:\\\/\\\/schema.org\",\"@graph\":[{\"@type\":\"Article\",\"@id\":\"https:\\\/\\\/www.accidentdutravail-idf.net\\\/blog\\\/accident-mortel-sur-le-chantier-de-la-rn-21-la-cgt-denonce-une-honte-face-a-labsence-de-proces-et-annonce-un-rassemblement\\\/#article\",\"isPartOf\":{\"@id\":\"https:\\\/\\\/www.accidentdutravail-idf.net\\\/blog\\\/accident-mortel-sur-le-chantier-de-la-rn-21-la-cgt-denonce-une-honte-face-a-labsence-de-proces-et-annonce-un-rassemblement\\\/\"},\"author\":{\"name\":\"Carlos Poulain\",\"@id\":\"https:\\\/\\\/www.accidentdutravail-idf.net\\\/blog\\\/#\\\/schema\\\/person\\\/3255d2f970de45e64bd9201f38e7b947\"},\"headline\":\"Accident mortel sur le chantier de la RN 21 : la CGT d\u00e9nonce \u00ab\u00a0une honte\u00a0\u00bb face \u00e0 l\u2019absence de proc\u00e8s et annonce un rassemblement\",\"datePublished\":\"2026-04-21T08:19:00+00:00\",\"mainEntityOfPage\":{\"@id\":\"https:\\\/\\\/www.accidentdutravail-idf.net\\\/blog\\\/accident-mortel-sur-le-chantier-de-la-rn-21-la-cgt-denonce-une-honte-face-a-labsence-de-proces-et-annonce-un-rassemblement\\\/\"},\"wordCount\":800,\"publisher\":{\"@id\":\"https:\\\/\\\/www.accidentdutravail-idf.net\\\/blog\\\/#organization\"},\"image\":{\"@id\":\"https:\\\/\\\/www.accidentdutravail-idf.net\\\/blog\\\/accident-mortel-sur-le-chantier-de-la-rn-21-la-cgt-denonce-une-honte-face-a-labsence-de-proces-et-annonce-un-rassemblement\\\/#primaryimage\"},\"thumbnailUrl\":\"https:\\\/\\\/www.accidentdutravail-idf.net\\\/blog\\\/wp-content\\\/uploads\\\/2026\\\/04\\\/accident-mortel-sur-le-chantier-de-la-rn-21-la-cgt-denonce-une-honte-face-a-labsence-de-proces-et-annonce-un-rassemblement.jpg\",\"articleSection\":[\"S\u00e9curit\u00e9 Du Travail En Ile-De-France Et Divers:\"],\"inLanguage\":\"fr-FR\"},{\"@type\":\"WebPage\",\"@id\":\"https:\\\/\\\/www.accidentdutravail-idf.net\\\/blog\\\/accident-mortel-sur-le-chantier-de-la-rn-21-la-cgt-denonce-une-honte-face-a-labsence-de-proces-et-annonce-un-rassemblement\\\/\",\"url\":\"https:\\\/\\\/www.accidentdutravail-idf.net\\\/blog\\\/accident-mortel-sur-le-chantier-de-la-rn-21-la-cgt-denonce-une-honte-face-a-labsence-de-proces-et-annonce-un-rassemblement\\\/\",\"name\":\"Accident mortel sur le chantier de la RN 21 : la CGT d\u00e9nonce \\\"une honte\\\" face \u00e0 l\u2019absence de proc\u00e8s et annonce un rassemblement - ACCIDENTDUTRAVAIL-IDF\",\"isPartOf\":{\"@id\":\"https:\\\/\\\/www.accidentdutravail-idf.net\\\/blog\\\/#website\"},\"primaryImageOfPage\":{\"@id\":\"https:\\\/\\\/www.accidentdutravail-idf.net\\\/blog\\\/accident-mortel-sur-le-chantier-de-la-rn-21-la-cgt-denonce-une-honte-face-a-labsence-de-proces-et-annonce-un-rassemblement\\\/#primaryimage\"},\"image\":{\"@id\":\"https:\\\/\\\/www.accidentdutravail-idf.net\\\/blog\\\/accident-mortel-sur-le-chantier-de-la-rn-21-la-cgt-denonce-une-honte-face-a-labsence-de-proces-et-annonce-un-rassemblement\\\/#primaryimage\"},\"thumbnailUrl\":\"https:\\\/\\\/www.accidentdutravail-idf.net\\\/blog\\\/wp-content\\\/uploads\\\/2026\\\/04\\\/accident-mortel-sur-le-chantier-de-la-rn-21-la-cgt-denonce-une-honte-face-a-labsence-de-proces-et-annonce-un-rassemblement.jpg\",\"datePublished\":\"2026-04-21T08:19:00+00:00\",\"description\":\"Accident mortel sur le chantier de la RN 21 : la CGT d\u00e9nonce \\\"une honte\\\" face \u00e0 l\u2019absence de proc\u00e8s et annonce un rassemblement article de ACCIDENTDUTRAVAIL-IDF\",\"breadcrumb\":{\"@id\":\"https:\\\/\\\/www.accidentdutravail-idf.net\\\/blog\\\/accident-mortel-sur-le-chantier-de-la-rn-21-la-cgt-denonce-une-honte-face-a-labsence-de-proces-et-annonce-un-rassemblement\\\/#breadcrumb\"},\"inLanguage\":\"fr-FR\",\"potentialAction\":[{\"@type\":\"ReadAction\",\"target\":[\"https:\\\/\\\/www.accidentdutravail-idf.net\\\/blog\\\/accident-mortel-sur-le-chantier-de-la-rn-21-la-cgt-denonce-une-honte-face-a-labsence-de-proces-et-annonce-un-rassemblement\\\/\"]}]},{\"@type\":\"ImageObject\",\"inLanguage\":\"fr-FR\",\"@id\":\"https:\\\/\\\/www.accidentdutravail-idf.net\\\/blog\\\/accident-mortel-sur-le-chantier-de-la-rn-21-la-cgt-denonce-une-honte-face-a-labsence-de-proces-et-annonce-un-rassemblement\\\/#primaryimage\",\"url\":\"https:\\\/\\\/www.accidentdutravail-idf.net\\\/blog\\\/wp-content\\\/uploads\\\/2026\\\/04\\\/accident-mortel-sur-le-chantier-de-la-rn-21-la-cgt-denonce-une-honte-face-a-labsence-de-proces-et-annonce-un-rassemblement.jpg\",\"contentUrl\":\"https:\\\/\\\/www.accidentdutravail-idf.net\\\/blog\\\/wp-content\\\/uploads\\\/2026\\\/04\\\/accident-mortel-sur-le-chantier-de-la-rn-21-la-cgt-denonce-une-honte-face-a-labsence-de-proces-et-annonce-un-rassemblement.jpg\"},{\"@type\":\"BreadcrumbList\",\"@id\":\"https:\\\/\\\/www.accidentdutravail-idf.net\\\/blog\\\/accident-mortel-sur-le-chantier-de-la-rn-21-la-cgt-denonce-une-honte-face-a-labsence-de-proces-et-annonce-un-rassemblement\\\/#breadcrumb\",\"itemListElement\":[{\"@type\":\"ListItem\",\"position\":1,\"name\":\"Accueil\",\"item\":\"https:\\\/\\\/www.accidentdutravail-idf.net\\\/blog\\\/\"},{\"@type\":\"ListItem\",\"position\":2,\"name\":\"Accident mortel sur le chantier de la RN 21 : la CGT d\u00e9nonce \u00ab\u00a0une honte\u00a0\u00bb face \u00e0 l\u2019absence de proc\u00e8s et annonce un rassemblement\"}]},{\"@type\":\"WebSite\",\"@id\":\"https:\\\/\\\/www.accidentdutravail-idf.net\\\/blog\\\/#website\",\"url\":\"https:\\\/\\\/www.accidentdutravail-idf.net\\\/blog\\\/\",\"name\":\"ACCIDENTDUTRAVAIL-IDF\",\"description\":\"Portail accidents du travail-maladies professionnelles des entreprises d&#039;Ile-de-France\",\"publisher\":{\"@id\":\"https:\\\/\\\/www.accidentdutravail-idf.net\\\/blog\\\/#organization\"},\"potentialAction\":[{\"@type\":\"SearchAction\",\"target\":{\"@type\":\"EntryPoint\",\"urlTemplate\":\"https:\\\/\\\/www.accidentdutravail-idf.net\\\/blog\\\/?s={search_term_string}\"},\"query-input\":{\"@type\":\"PropertyValueSpecification\",\"valueRequired\":true,\"valueName\":\"search_term_string\"}}],\"inLanguage\":\"fr-FR\"},{\"@type\":\"Organization\",\"@id\":\"https:\\\/\\\/www.accidentdutravail-idf.net\\\/blog\\\/#organization\",\"name\":\"accidentdutravail-idf\",\"url\":\"https:\\\/\\\/www.accidentdutravail-idf.net\\\/blog\\\/\",\"logo\":{\"@type\":\"ImageObject\",\"inLanguage\":\"fr-FR\",\"@id\":\"https:\\\/\\\/www.accidentdutravail-idf.net\\\/blog\\\/#\\\/schema\\\/logo\\\/image\\\/\",\"url\":\"https:\\\/\\\/www.accidentdutravail-idf.net\\\/blog\\\/wp-content\\\/uploads\\\/2022\\\/09\\\/logo-2.png\",\"contentUrl\":\"https:\\\/\\\/www.accidentdutravail-idf.net\\\/blog\\\/wp-content\\\/uploads\\\/2022\\\/09\\\/logo-2.png\",\"width\":380,\"height\":291,\"caption\":\"accidentdutravail-idf\"},\"image\":{\"@id\":\"https:\\\/\\\/www.accidentdutravail-idf.net\\\/blog\\\/#\\\/schema\\\/logo\\\/image\\\/\"}},{\"@type\":\"Person\",\"@id\":\"https:\\\/\\\/www.accidentdutravail-idf.net\\\/blog\\\/#\\\/schema\\\/person\\\/3255d2f970de45e64bd9201f38e7b947\",\"name\":\"Carlos Poulain\",\"image\":{\"@type\":\"ImageObject\",\"inLanguage\":\"fr-FR\",\"@id\":\"https:\\\/\\\/secure.gravatar.com\\\/avatar\\\/b1c2f9d3588e34e91adb093635df64ef4b2381991216be7576466cfcdca4baf3?s=96&d=mm&r=g\",\"url\":\"https:\\\/\\\/secure.gravatar.com\\\/avatar\\\/b1c2f9d3588e34e91adb093635df64ef4b2381991216be7576466cfcdca4baf3?s=96&d=mm&r=g\",\"contentUrl\":\"https:\\\/\\\/secure.gravatar.com\\\/avatar\\\/b1c2f9d3588e34e91adb093635df64ef4b2381991216be7576466cfcdca4baf3?s=96&d=mm&r=g\",\"caption\":\"Carlos Poulain\"},\"url\":\"https:\\\/\\\/www.accidentdutravail-idf.net\\\/blog\\\/author\\\/idfcarlos\\\/\"}]}<\/script>\n<!-- \/ Yoast SEO plugin. -->","yoast_head_json":{"title":"Accident mortel sur le chantier de la RN 21 : la CGT d\u00e9nonce \"une honte\" face \u00e0 l\u2019absence de proc\u00e8s et annonce un rassemblement - ACCIDENTDUTRAVAIL-IDF","description":"Accident mortel sur le chantier de la RN 21 : la CGT d\u00e9nonce \"une honte\" face \u00e0 l\u2019absence de proc\u00e8s et annonce un rassemblement article de ACCIDENTDUTRAVAIL-IDF","robots":{"index":"index","follow":"follow","max-snippet":"max-snippet:-1","max-image-preview":"max-image-preview:large","max-video-preview":"max-video-preview:-1"},"canonical":"https:\/\/www.accidentdutravail-idf.net\/blog\/accident-mortel-sur-le-chantier-de-la-rn-21-la-cgt-denonce-une-honte-face-a-labsence-de-proces-et-annonce-un-rassemblement\/","og_locale":"fr_FR","og_type":"article","og_title":"Accident mortel sur le chantier de la RN 21 : la CGT d\u00e9nonce \"une honte\" face \u00e0 l\u2019absence de proc\u00e8s et annonce un rassemblement - ACCIDENTDUTRAVAIL-IDF","og_description":"Accident mortel sur le chantier de la RN 21 : la CGT d\u00e9nonce \"une honte\" face \u00e0 l\u2019absence de proc\u00e8s et annonce un rassemblement article de ACCIDENTDUTRAVAIL-IDF","og_url":"https:\/\/www.accidentdutravail-idf.net\/blog\/accident-mortel-sur-le-chantier-de-la-rn-21-la-cgt-denonce-une-honte-face-a-labsence-de-proces-et-annonce-un-rassemblement\/","og_site_name":"ACCIDENTDUTRAVAIL-IDF","article_published_time":"2026-04-21T08:19:00+00:00","og_image":[{"url":"https:\/\/www.accidentdutravail-idf.net\/blog\/wp-content\/uploads\/2026\/04\/accident-mortel-sur-le-chantier-de-la-rn-21-la-cgt-denonce-une-honte-face-a-labsence-de-proces-et-annonce-un-rassemblement.jpg","type":"","width":"","height":""}],"author":"Carlos Poulain","twitter_card":"summary_large_image","twitter_misc":{"\u00c9crit par":"Carlos Poulain","Dur\u00e9e de lecture estim\u00e9e":"4 minutes"},"schema":{"@context":"https:\/\/schema.org","@graph":[{"@type":"Article","@id":"https:\/\/www.accidentdutravail-idf.net\/blog\/accident-mortel-sur-le-chantier-de-la-rn-21-la-cgt-denonce-une-honte-face-a-labsence-de-proces-et-annonce-un-rassemblement\/#article","isPartOf":{"@id":"https:\/\/www.accidentdutravail-idf.net\/blog\/accident-mortel-sur-le-chantier-de-la-rn-21-la-cgt-denonce-une-honte-face-a-labsence-de-proces-et-annonce-un-rassemblement\/"},"author":{"name":"Carlos Poulain","@id":"https:\/\/www.accidentdutravail-idf.net\/blog\/#\/schema\/person\/3255d2f970de45e64bd9201f38e7b947"},"headline":"Accident mortel sur le chantier de la RN 21 : la CGT d\u00e9nonce \u00ab\u00a0une honte\u00a0\u00bb face \u00e0 l\u2019absence de proc\u00e8s et annonce un rassemblement","datePublished":"2026-04-21T08:19:00+00:00","mainEntityOfPage":{"@id":"https:\/\/www.accidentdutravail-idf.net\/blog\/accident-mortel-sur-le-chantier-de-la-rn-21-la-cgt-denonce-une-honte-face-a-labsence-de-proces-et-annonce-un-rassemblement\/"},"wordCount":800,"publisher":{"@id":"https:\/\/www.accidentdutravail-idf.net\/blog\/#organization"},"image":{"@id":"https:\/\/www.accidentdutravail-idf.net\/blog\/accident-mortel-sur-le-chantier-de-la-rn-21-la-cgt-denonce-une-honte-face-a-labsence-de-proces-et-annonce-un-rassemblement\/#primaryimage"},"thumbnailUrl":"https:\/\/www.accidentdutravail-idf.net\/blog\/wp-content\/uploads\/2026\/04\/accident-mortel-sur-le-chantier-de-la-rn-21-la-cgt-denonce-une-honte-face-a-labsence-de-proces-et-annonce-un-rassemblement.jpg","articleSection":["S\u00e9curit\u00e9 Du Travail En Ile-De-France Et Divers:"],"inLanguage":"fr-FR"},{"@type":"WebPage","@id":"https:\/\/www.accidentdutravail-idf.net\/blog\/accident-mortel-sur-le-chantier-de-la-rn-21-la-cgt-denonce-une-honte-face-a-labsence-de-proces-et-annonce-un-rassemblement\/","url":"https:\/\/www.accidentdutravail-idf.net\/blog\/accident-mortel-sur-le-chantier-de-la-rn-21-la-cgt-denonce-une-honte-face-a-labsence-de-proces-et-annonce-un-rassemblement\/","name":"Accident mortel sur le chantier de la RN 21 : la CGT d\u00e9nonce \"une honte\" face \u00e0 l\u2019absence de proc\u00e8s et annonce un rassemblement - ACCIDENTDUTRAVAIL-IDF","isPartOf":{"@id":"https:\/\/www.accidentdutravail-idf.net\/blog\/#website"},"primaryImageOfPage":{"@id":"https:\/\/www.accidentdutravail-idf.net\/blog\/accident-mortel-sur-le-chantier-de-la-rn-21-la-cgt-denonce-une-honte-face-a-labsence-de-proces-et-annonce-un-rassemblement\/#primaryimage"},"image":{"@id":"https:\/\/www.accidentdutravail-idf.net\/blog\/accident-mortel-sur-le-chantier-de-la-rn-21-la-cgt-denonce-une-honte-face-a-labsence-de-proces-et-annonce-un-rassemblement\/#primaryimage"},"thumbnailUrl":"https:\/\/www.accidentdutravail-idf.net\/blog\/wp-content\/uploads\/2026\/04\/accident-mortel-sur-le-chantier-de-la-rn-21-la-cgt-denonce-une-honte-face-a-labsence-de-proces-et-annonce-un-rassemblement.jpg","datePublished":"2026-04-21T08:19:00+00:00","description":"Accident mortel sur le chantier de la RN 21 : la CGT d\u00e9nonce \"une honte\" face \u00e0 l\u2019absence de proc\u00e8s et annonce un rassemblement article de ACCIDENTDUTRAVAIL-IDF","breadcrumb":{"@id":"https:\/\/www.accidentdutravail-idf.net\/blog\/accident-mortel-sur-le-chantier-de-la-rn-21-la-cgt-denonce-une-honte-face-a-labsence-de-proces-et-annonce-un-rassemblement\/#breadcrumb"},"inLanguage":"fr-FR","potentialAction":[{"@type":"ReadAction","target":["https:\/\/www.accidentdutravail-idf.net\/blog\/accident-mortel-sur-le-chantier-de-la-rn-21-la-cgt-denonce-une-honte-face-a-labsence-de-proces-et-annonce-un-rassemblement\/"]}]},{"@type":"ImageObject","inLanguage":"fr-FR","@id":"https:\/\/www.accidentdutravail-idf.net\/blog\/accident-mortel-sur-le-chantier-de-la-rn-21-la-cgt-denonce-une-honte-face-a-labsence-de-proces-et-annonce-un-rassemblement\/#primaryimage","url":"https:\/\/www.accidentdutravail-idf.net\/blog\/wp-content\/uploads\/2026\/04\/accident-mortel-sur-le-chantier-de-la-rn-21-la-cgt-denonce-une-honte-face-a-labsence-de-proces-et-annonce-un-rassemblement.jpg","contentUrl":"https:\/\/www.accidentdutravail-idf.net\/blog\/wp-content\/uploads\/2026\/04\/accident-mortel-sur-le-chantier-de-la-rn-21-la-cgt-denonce-une-honte-face-a-labsence-de-proces-et-annonce-un-rassemblement.jpg"},{"@type":"BreadcrumbList","@id":"https:\/\/www.accidentdutravail-idf.net\/blog\/accident-mortel-sur-le-chantier-de-la-rn-21-la-cgt-denonce-une-honte-face-a-labsence-de-proces-et-annonce-un-rassemblement\/#breadcrumb","itemListElement":[{"@type":"ListItem","position":1,"name":"Accueil","item":"https:\/\/www.accidentdutravail-idf.net\/blog\/"},{"@type":"ListItem","position":2,"name":"Accident mortel sur le chantier de la RN 21 : la CGT d\u00e9nonce \u00ab\u00a0une honte\u00a0\u00bb face \u00e0 l\u2019absence de proc\u00e8s et annonce un rassemblement"}]},{"@type":"WebSite","@id":"https:\/\/www.accidentdutravail-idf.net\/blog\/#website","url":"https:\/\/www.accidentdutravail-idf.net\/blog\/","name":"ACCIDENTDUTRAVAIL-IDF","description":"Portail accidents du travail-maladies professionnelles des entreprises d&#039;Ile-de-France","publisher":{"@id":"https:\/\/www.accidentdutravail-idf.net\/blog\/#organization"},"potentialAction":[{"@type":"SearchAction","target":{"@type":"EntryPoint","urlTemplate":"https:\/\/www.accidentdutravail-idf.net\/blog\/?s={search_term_string}"},"query-input":{"@type":"PropertyValueSpecification","valueRequired":true,"valueName":"search_term_string"}}],"inLanguage":"fr-FR"},{"@type":"Organization","@id":"https:\/\/www.accidentdutravail-idf.net\/blog\/#organization","name":"accidentdutravail-idf","url":"https:\/\/www.accidentdutravail-idf.net\/blog\/","logo":{"@type":"ImageObject","inLanguage":"fr-FR","@id":"https:\/\/www.accidentdutravail-idf.net\/blog\/#\/schema\/logo\/image\/","url":"https:\/\/www.accidentdutravail-idf.net\/blog\/wp-content\/uploads\/2022\/09\/logo-2.png","contentUrl":"https:\/\/www.accidentdutravail-idf.net\/blog\/wp-content\/uploads\/2022\/09\/logo-2.png","width":380,"height":291,"caption":"accidentdutravail-idf"},"image":{"@id":"https:\/\/www.accidentdutravail-idf.net\/blog\/#\/schema\/logo\/image\/"}},{"@type":"Person","@id":"https:\/\/www.accidentdutravail-idf.net\/blog\/#\/schema\/person\/3255d2f970de45e64bd9201f38e7b947","name":"Carlos Poulain","image":{"@type":"ImageObject","inLanguage":"fr-FR","@id":"https:\/\/secure.gravatar.com\/avatar\/b1c2f9d3588e34e91adb093635df64ef4b2381991216be7576466cfcdca4baf3?s=96&d=mm&r=g","url":"https:\/\/secure.gravatar.com\/avatar\/b1c2f9d3588e34e91adb093635df64ef4b2381991216be7576466cfcdca4baf3?s=96&d=mm&r=g","contentUrl":"https:\/\/secure.gravatar.com\/avatar\/b1c2f9d3588e34e91adb093635df64ef4b2381991216be7576466cfcdca4baf3?s=96&d=mm&r=g","caption":"Carlos Poulain"},"url":"https:\/\/www.accidentdutravail-idf.net\/blog\/author\/idfcarlos\/"}]}},"_links":{"self":[{"href":"https:\/\/www.accidentdutravail-idf.net\/blog\/wp-json\/wp\/v2\/posts\/2350","targetHints":{"allow":["GET"]}}],"collection":[{"href":"https:\/\/www.accidentdutravail-idf.net\/blog\/wp-json\/wp\/v2\/posts"}],"about":[{"href":"https:\/\/www.accidentdutravail-idf.net\/blog\/wp-json\/wp\/v2\/types\/post"}],"author":[{"embeddable":true,"href":"https:\/\/www.accidentdutravail-idf.net\/blog\/wp-json\/wp\/v2\/users\/2"}],"replies":[{"embeddable":true,"href":"https:\/\/www.accidentdutravail-idf.net\/blog\/wp-json\/wp\/v2\/comments?post=2350"}],"version-history":[{"count":0,"href":"https:\/\/www.accidentdutravail-idf.net\/blog\/wp-json\/wp\/v2\/posts\/2350\/revisions"}],"wp:attachment":[{"href":"https:\/\/www.accidentdutravail-idf.net\/blog\/wp-json\/wp\/v2\/media?parent=2350"}],"wp:term":[{"taxonomy":"category","embeddable":true,"href":"https:\/\/www.accidentdutravail-idf.net\/blog\/wp-json\/wp\/v2\/categories?post=2350"},{"taxonomy":"post_tag","embeddable":true,"href":"https:\/\/www.accidentdutravail-idf.net\/blog\/wp-json\/wp\/v2\/tags?post=2350"}],"curies":[{"name":"wp","href":"https:\/\/api.w.org\/{rel}","templated":true}]}}