{"id":2349,"date":"2026-04-21T08:00:00","date_gmt":"2026-04-21T06:00:00","guid":{"rendered":"https:\/\/www.accidentdutravail-idf.net\/blog\/un-ouvrier-de-22-ans-meurt-happe-par-une-machine-dans-une-usine-lustucru-la-cgt-denonce-des-conditions-de-travail-tres-degradees\/"},"modified":"2026-04-21T08:00:00","modified_gmt":"2026-04-21T06:00:00","slug":"un-ouvrier-de-22-ans-meurt-happe-par-une-machine-dans-une-usine-lustucru-la-cgt-denonce-des-conditions-de-travail-tres-degradees","status":"publish","type":"post","link":"https:\/\/www.accidentdutravail-idf.net\/blog\/un-ouvrier-de-22-ans-meurt-happe-par-une-machine-dans-une-usine-lustucru-la-cgt-denonce-des-conditions-de-travail-tres-degradees\/","title":{"rendered":"Un ouvrier de 22 ans meurt happ\u00e9 par une machine dans une usine Lustucru, la CGT d\u00e9nonce \u00ab des conditions de travail tr\u00e8s d\u00e9grad\u00e9es \u00bb"},"content":{"rendered":"<div><img decoding=\"async\" src=\"https:\/\/www.accidentdutravail-idf.net\/blog\/wp-content\/uploads\/2026\/04\/un-ouvrier-de-22-ans-meurt-happe-par-une-machine-dans-une-usine-lustucru-la-cgt-denonce-des-conditions-de-travail-tres-degradees.jpg\" class=\"ff-og-image-inserted\"><\/div>\n<div>\n<p><span><time datetime=\"2026-04-21T15:00:00+02:00\"><span class=\"post-author--bold\">Publi\u00e9 le <\/span>21 avril 2026 \u00e0 15:00<\/time><\/span><span class=\"post-author\"> par <\/span><span class=\"post-author--nickname\">La r\u00e9daction <\/span><\/p>\n<\/div>\n<div>\n<p>La CGT d\u00e9nonce des failles de s\u00e9curit\u00e9 apr\u00e8s la mort d\u2019un jeune homme \u00e0 l\u2019usine Lustucru.<\/p>\n<\/div>\n<div>\n<p><button class=\"bookmark-bar__button bookmark-bar__button--readitlater\" type=\"button\" data-bookmark-button data-bookmark-type=\"readitlater\" data-bookmark-status=\"false\" data-id=\"125475\" data-content-path=\"https:\/\/www.gentside.com\/news\/un-ouvrier-de-22-ans-meurt-happe-par-une-machine-dans-une-usine-lustucru-la-cgt-denonce-des-conditions-de-travail-tres-degradees_art125475.html\"><span class=\"bookmark-status-save\">\u00c0 lire plus tard<\/span><span class=\"bookmark-status-saved\">Sauvegard\u00e9<\/span><\/button><button class=\"bookmark-bar__button bookmark-bar__button--follow\" type=\"button\" data-bookmark-button data-bookmark-type=\"follow\" data-bookmark-status=\"false\" data-id=\"faits-divers\" data-content-path=\"https:\/\/www.gentside.com\/tag\/faits-divers\"><span class=\"bookmark-status-save\">Suivre #faits divers<\/span><span class=\"bookmark-status-saved\">#faits divers Suivi<\/span><\/button><\/p>\n<\/div>\n<div>\n<p class=\"first-paragraph\">Un terrible accident de travail a co\u00fbt\u00e9 la vie \u00e0 un jeune int\u00e9rimaire de 22 ans dans la nuit du vendredi 17 au samedi 18 avril 2026, au sein de l&rsquo;usine Lustucru de Saint-Genis-Laval (Rh\u00f4ne). Alors que l&rsquo;enqu\u00eate pour homicide involontaire d\u00e9bute, les syndicats d\u00e9noncent des manquements graves \u00e0 la s\u00e9curit\u00e9 et s&rsquo;opposent \u00e0 toute reprise d&rsquo;activit\u00e9 ce mardi.<\/p>\n<div id=\"post-podcast\">\n<p class=\"post-podcast-title\">D\u00e9couvrir notre dernier podcast<\/p>\n<\/div>\n<h2 class=\"no-inject-ads\" id=\"9mu8u\"><strong>Un accident d&rsquo;une rare violence<\/strong><\/h2>\n<p>Le drame s&rsquo;est nou\u00e9 vers 23 heures lors de l&rsquo;\u00e9quipe de nuit. La victime, employ\u00e9e sur le site depuis janvier dernier, est tomb\u00e9e dans un hachoir-laminoir. Le parquet de Lyon a confirm\u00e9 la d\u00e9couverte du corps sans vie de ce jeune homme au sein de cette usine qui emploie une centaine de salari\u00e9s.<\/p>\n<p>Face au choc, la direction a mis en place une cellule psychologique, mais le climat social s&rsquo;est imm\u00e9diatement tendu. Bien que l&rsquo;entreprise souhaite relancer la partie conditionnement, l&rsquo;activit\u00e9 reste totalement interrompue ce mardi 21 avril.<\/p>\n<p><strong>\u00ab <\/strong><em>La s\u00e9curit\u00e9 de nos collaborateurs a toujours \u00e9t\u00e9 et demeure une priorit\u00e9 absolue<\/em><strong><em><\/em><\/strong><strong>\u00bb<\/strong>, a assur\u00e9 la direction de Lustucru dans un communiqu\u00e9, tout en adressant son soutien \u00e0 la famille.<\/p>\n<h2 class=\"no-inject-ads\" id=\"6trs7\"><strong>La CGT d\u00e9nonce une trag\u00e9die \u00ab\u00a0annonc\u00e9e\u00a0\u00bb<\/strong><\/h2>\n<p>Pour l&rsquo;Union r\u00e9gionale CGT agro-alimentaire, les larmes ne suffisent pas. Le syndicat affirme avoir alert\u00e9 la direction \u00e0 plusieurs reprises sur des dysfonctionnements majeurs et des <strong>\u00ab conditions de travail tr\u00e8s d\u00e9grad\u00e9es \u00bb<\/strong>. Damien Ferrier, secr\u00e9taire r\u00e9gional de la CGT, pointe du doigt une d\u00e9rive s\u00e9curitaire :<\/p>\n<ul>\n<li><strong>Cadences en hausse :<\/strong> Un rythme de production de plus en plus soutenu.<\/li>\n<li><strong>Pr\u00e9carit\u00e9 :<\/strong> Un recours massif \u00e0 l&rsquo;int\u00e9rim et aux CDD, g\u00e9n\u00e9rant un turn-over important.<\/li>\n<li><strong>Machines inadapt\u00e9es :<\/strong> Des alertes pr\u00e9cises sur la dangerosit\u00e9 de certains \u00e9quipements qui seraient rest\u00e9es sans r\u00e9ponse.<\/li>\n<\/ul>\n<p>Le parquet de Lyon a imm\u00e9diatement ouvert une enqu\u00eate pour <strong>homicide involontaire par personne morale<\/strong>. Les investigations, men\u00e9es conjointement par la gendarmerie de Saint-Genis-Laval et l&rsquo;Inspection du travail (DDETS du Rh\u00f4ne), devront d\u00e9terminer si des protocoles de s\u00e9curit\u00e9 ont \u00e9t\u00e9 ignor\u00e9s ou si le mat\u00e9riel pr\u00e9sentait des d\u00e9fauts de protection.<\/p>\n<p>Ce drame s&rsquo;inscrit dans un contexte national alarmant : en 2024, la France enregistrait <strong>764 morts au travail<\/strong>, poussant le gouvernement \u00e0 promettre un renforcement de la pr\u00e9vention.<\/p>\n<\/div>\n<p>accidentdutravail-idf.net vous a pr\u00e9par\u00e9 ce post qui informe du sujet \u00ab\u00a0Association Sportive Huisson-Longueville Essonne\u00a0\u00bb. La chronique se veut g\u00e9n\u00e9r\u00e9e du mieux possible. Vous pouvez utiliser les coordonn\u00e9es indiqu\u00e9es sur le site dans le but d\u2019apporter des explications sur ce post qui parle du th\u00e8me \u00ab\u00a0Association Sportive Huisson-Longueville Essonne\u00a0\u00bb. Le site accidentdutravail-idf.net a pour but de fournir diverses publications sur la th\u00e9matique Association Sportive Huisson-Longueville Essonne diffus\u00e9es sur le net. Il y aura plusieurs articles autour du sujet \u00ab\u00a0Association Sportive Huisson-Longueville Essonne\u00a0\u00bb dans quelques jours, nous vous invitons \u00e0 naviguer sur notre site web \u00e0 plusieurs reprises.<\/p>\n","protected":false},"excerpt":{"rendered":"<p>Publi\u00e9 le 21 avril 2026 \u00e0 15:00 par La r\u00e9daction La CGT d\u00e9nonce des failles de s\u00e9curit\u00e9 apr\u00e8s la mort d\u2019un jeune homme \u00e0 l\u2019usine Lustucru. \u00c0 lire plus tardSauvegard\u00e9Suivre #faits divers#faits divers Suivi Un terrible accident de travail a co\u00fbt\u00e9 la vie \u00e0 un jeune int\u00e9rimaire de 22 ans dans la nuit du vendredi &hellip; <\/p>\n<p class=\"link-more\"><a href=\"https:\/\/www.accidentdutravail-idf.net\/blog\/un-ouvrier-de-22-ans-meurt-happe-par-une-machine-dans-une-usine-lustucru-la-cgt-denonce-des-conditions-de-travail-tres-degradees\/\" class=\"more-link\">Continuer la lecture <span class=\"screen-reader-text\"> \u00ab\u00a0Un ouvrier de 22 ans meurt happ\u00e9 par une machine dans une usine Lustucru, la CGT d\u00e9nonce \u00ab des conditions de travail tr\u00e8s d\u00e9grad\u00e9es \u00bb\u00a0\u00bb<\/span><\/a><\/p>\n","protected":false},"author":2,"featured_media":0,"comment_status":"closed","ping_status":"closed","sticky":false,"template":"","format":"standard","meta":{"footnotes":""},"categories":[5],"tags":[],"class_list":["post-2349","post","type-post","status-publish","format-standard","hentry","category-securite-du-travail-en-ile-de-france-et-divers","entry"],"yoast_head":"<!-- This site is optimized with the Yoast SEO plugin v27.5 - https:\/\/yoast.com\/product\/yoast-seo-wordpress\/ -->\n<title>Un ouvrier de 22 ans meurt happ\u00e9 par une machine dans une usine Lustucru, la CGT d\u00e9nonce \u00ab des conditions de travail tr\u00e8s d\u00e9grad\u00e9es \u00bb - ACCIDENTDUTRAVAIL-IDF<\/title>\n<meta name=\"description\" content=\"Un ouvrier de 22 ans meurt happ\u00e9 par une machine dans une usine Lustucru, la CGT d\u00e9nonce \u00ab des conditions de travail tr\u00e8s d\u00e9grad\u00e9es \u00bb article de ACCIDENTDUTRAVAIL-IDF\" \/>\n<meta name=\"robots\" content=\"index, follow, max-snippet:-1, max-image-preview:large, max-video-preview:-1\" \/>\n<link rel=\"canonical\" href=\"https:\/\/www.accidentdutravail-idf.net\/blog\/un-ouvrier-de-22-ans-meurt-happe-par-une-machine-dans-une-usine-lustucru-la-cgt-denonce-des-conditions-de-travail-tres-degradees\/\" \/>\n<meta property=\"og:locale\" content=\"fr_FR\" \/>\n<meta property=\"og:type\" content=\"article\" \/>\n<meta property=\"og:title\" content=\"Un ouvrier de 22 ans meurt happ\u00e9 par une machine dans une usine Lustucru, la CGT d\u00e9nonce \u00ab des conditions de travail tr\u00e8s d\u00e9grad\u00e9es \u00bb - ACCIDENTDUTRAVAIL-IDF\" \/>\n<meta property=\"og:description\" content=\"Un ouvrier de 22 ans meurt happ\u00e9 par une machine dans une usine Lustucru, la CGT d\u00e9nonce \u00ab des conditions de travail tr\u00e8s d\u00e9grad\u00e9es \u00bb article de ACCIDENTDUTRAVAIL-IDF\" \/>\n<meta property=\"og:url\" content=\"https:\/\/www.accidentdutravail-idf.net\/blog\/un-ouvrier-de-22-ans-meurt-happe-par-une-machine-dans-une-usine-lustucru-la-cgt-denonce-des-conditions-de-travail-tres-degradees\/\" \/>\n<meta property=\"og:site_name\" content=\"ACCIDENTDUTRAVAIL-IDF\" \/>\n<meta property=\"article:published_time\" content=\"2026-04-21T06:00:00+00:00\" \/>\n<meta property=\"og:image\" content=\"https:\/\/www.accidentdutravail-idf.net\/blog\/wp-content\/uploads\/2026\/04\/un-ouvrier-de-22-ans-meurt-happe-par-une-machine-dans-une-usine-lustucru-la-cgt-denonce-des-conditions-de-travail-tres-degradees.jpg\" \/>\n<meta name=\"author\" content=\"Carlos Poulain\" \/>\n<meta name=\"twitter:card\" content=\"summary_large_image\" \/>\n<meta name=\"twitter:label1\" content=\"\u00c9crit par\" \/>\n\t<meta name=\"twitter:data1\" content=\"Carlos Poulain\" \/>\n\t<meta name=\"twitter:label2\" content=\"Dur\u00e9e de lecture estim\u00e9e\" \/>\n\t<meta name=\"twitter:data2\" content=\"3 minutes\" \/>\n<script type=\"application\/ld+json\" class=\"yoast-schema-graph\">{\"@context\":\"https:\\\/\\\/schema.org\",\"@graph\":[{\"@type\":\"Article\",\"@id\":\"https:\\\/\\\/www.accidentdutravail-idf.net\\\/blog\\\/un-ouvrier-de-22-ans-meurt-happe-par-une-machine-dans-une-usine-lustucru-la-cgt-denonce-des-conditions-de-travail-tres-degradees\\\/#article\",\"isPartOf\":{\"@id\":\"https:\\\/\\\/www.accidentdutravail-idf.net\\\/blog\\\/un-ouvrier-de-22-ans-meurt-happe-par-une-machine-dans-une-usine-lustucru-la-cgt-denonce-des-conditions-de-travail-tres-degradees\\\/\"},\"author\":{\"name\":\"Carlos Poulain\",\"@id\":\"https:\\\/\\\/www.accidentdutravail-idf.net\\\/blog\\\/#\\\/schema\\\/person\\\/3255d2f970de45e64bd9201f38e7b947\"},\"headline\":\"Un ouvrier de 22 ans meurt happ\u00e9 par une machine dans une usine Lustucru, la CGT d\u00e9nonce \u00ab des conditions de travail tr\u00e8s d\u00e9grad\u00e9es \u00bb\",\"datePublished\":\"2026-04-21T06:00:00+00:00\",\"mainEntityOfPage\":{\"@id\":\"https:\\\/\\\/www.accidentdutravail-idf.net\\\/blog\\\/un-ouvrier-de-22-ans-meurt-happe-par-une-machine-dans-une-usine-lustucru-la-cgt-denonce-des-conditions-de-travail-tres-degradees\\\/\"},\"wordCount\":553,\"publisher\":{\"@id\":\"https:\\\/\\\/www.accidentdutravail-idf.net\\\/blog\\\/#organization\"},\"image\":{\"@id\":\"https:\\\/\\\/www.accidentdutravail-idf.net\\\/blog\\\/un-ouvrier-de-22-ans-meurt-happe-par-une-machine-dans-une-usine-lustucru-la-cgt-denonce-des-conditions-de-travail-tres-degradees\\\/#primaryimage\"},\"thumbnailUrl\":\"https:\\\/\\\/www.accidentdutravail-idf.net\\\/blog\\\/wp-content\\\/uploads\\\/2026\\\/04\\\/un-ouvrier-de-22-ans-meurt-happe-par-une-machine-dans-une-usine-lustucru-la-cgt-denonce-des-conditions-de-travail-tres-degradees.jpg\",\"articleSection\":[\"S\u00e9curit\u00e9 Du Travail En Ile-De-France Et Divers:\"],\"inLanguage\":\"fr-FR\"},{\"@type\":\"WebPage\",\"@id\":\"https:\\\/\\\/www.accidentdutravail-idf.net\\\/blog\\\/un-ouvrier-de-22-ans-meurt-happe-par-une-machine-dans-une-usine-lustucru-la-cgt-denonce-des-conditions-de-travail-tres-degradees\\\/\",\"url\":\"https:\\\/\\\/www.accidentdutravail-idf.net\\\/blog\\\/un-ouvrier-de-22-ans-meurt-happe-par-une-machine-dans-une-usine-lustucru-la-cgt-denonce-des-conditions-de-travail-tres-degradees\\\/\",\"name\":\"Un ouvrier de 22 ans meurt happ\u00e9 par une machine dans une usine Lustucru, la CGT d\u00e9nonce \u00ab des conditions de travail tr\u00e8s d\u00e9grad\u00e9es \u00bb - ACCIDENTDUTRAVAIL-IDF\",\"isPartOf\":{\"@id\":\"https:\\\/\\\/www.accidentdutravail-idf.net\\\/blog\\\/#website\"},\"primaryImageOfPage\":{\"@id\":\"https:\\\/\\\/www.accidentdutravail-idf.net\\\/blog\\\/un-ouvrier-de-22-ans-meurt-happe-par-une-machine-dans-une-usine-lustucru-la-cgt-denonce-des-conditions-de-travail-tres-degradees\\\/#primaryimage\"},\"image\":{\"@id\":\"https:\\\/\\\/www.accidentdutravail-idf.net\\\/blog\\\/un-ouvrier-de-22-ans-meurt-happe-par-une-machine-dans-une-usine-lustucru-la-cgt-denonce-des-conditions-de-travail-tres-degradees\\\/#primaryimage\"},\"thumbnailUrl\":\"https:\\\/\\\/www.accidentdutravail-idf.net\\\/blog\\\/wp-content\\\/uploads\\\/2026\\\/04\\\/un-ouvrier-de-22-ans-meurt-happe-par-une-machine-dans-une-usine-lustucru-la-cgt-denonce-des-conditions-de-travail-tres-degradees.jpg\",\"datePublished\":\"2026-04-21T06:00:00+00:00\",\"description\":\"Un ouvrier de 22 ans meurt happ\u00e9 par une machine dans une usine Lustucru, la CGT d\u00e9nonce \u00ab des conditions de travail tr\u00e8s d\u00e9grad\u00e9es \u00bb article de ACCIDENTDUTRAVAIL-IDF\",\"breadcrumb\":{\"@id\":\"https:\\\/\\\/www.accidentdutravail-idf.net\\\/blog\\\/un-ouvrier-de-22-ans-meurt-happe-par-une-machine-dans-une-usine-lustucru-la-cgt-denonce-des-conditions-de-travail-tres-degradees\\\/#breadcrumb\"},\"inLanguage\":\"fr-FR\",\"potentialAction\":[{\"@type\":\"ReadAction\",\"target\":[\"https:\\\/\\\/www.accidentdutravail-idf.net\\\/blog\\\/un-ouvrier-de-22-ans-meurt-happe-par-une-machine-dans-une-usine-lustucru-la-cgt-denonce-des-conditions-de-travail-tres-degradees\\\/\"]}]},{\"@type\":\"ImageObject\",\"inLanguage\":\"fr-FR\",\"@id\":\"https:\\\/\\\/www.accidentdutravail-idf.net\\\/blog\\\/un-ouvrier-de-22-ans-meurt-happe-par-une-machine-dans-une-usine-lustucru-la-cgt-denonce-des-conditions-de-travail-tres-degradees\\\/#primaryimage\",\"url\":\"https:\\\/\\\/www.accidentdutravail-idf.net\\\/blog\\\/wp-content\\\/uploads\\\/2026\\\/04\\\/un-ouvrier-de-22-ans-meurt-happe-par-une-machine-dans-une-usine-lustucru-la-cgt-denonce-des-conditions-de-travail-tres-degradees.jpg\",\"contentUrl\":\"https:\\\/\\\/www.accidentdutravail-idf.net\\\/blog\\\/wp-content\\\/uploads\\\/2026\\\/04\\\/un-ouvrier-de-22-ans-meurt-happe-par-une-machine-dans-une-usine-lustucru-la-cgt-denonce-des-conditions-de-travail-tres-degradees.jpg\"},{\"@type\":\"BreadcrumbList\",\"@id\":\"https:\\\/\\\/www.accidentdutravail-idf.net\\\/blog\\\/un-ouvrier-de-22-ans-meurt-happe-par-une-machine-dans-une-usine-lustucru-la-cgt-denonce-des-conditions-de-travail-tres-degradees\\\/#breadcrumb\",\"itemListElement\":[{\"@type\":\"ListItem\",\"position\":1,\"name\":\"Accueil\",\"item\":\"https:\\\/\\\/www.accidentdutravail-idf.net\\\/blog\\\/\"},{\"@type\":\"ListItem\",\"position\":2,\"name\":\"Un ouvrier de 22 ans meurt happ\u00e9 par une machine dans une usine Lustucru, la CGT d\u00e9nonce \u00ab des conditions de travail tr\u00e8s d\u00e9grad\u00e9es \u00bb\"}]},{\"@type\":\"WebSite\",\"@id\":\"https:\\\/\\\/www.accidentdutravail-idf.net\\\/blog\\\/#website\",\"url\":\"https:\\\/\\\/www.accidentdutravail-idf.net\\\/blog\\\/\",\"name\":\"ACCIDENTDUTRAVAIL-IDF\",\"description\":\"Portail accidents du travail-maladies professionnelles des entreprises d&#039;Ile-de-France\",\"publisher\":{\"@id\":\"https:\\\/\\\/www.accidentdutravail-idf.net\\\/blog\\\/#organization\"},\"potentialAction\":[{\"@type\":\"SearchAction\",\"target\":{\"@type\":\"EntryPoint\",\"urlTemplate\":\"https:\\\/\\\/www.accidentdutravail-idf.net\\\/blog\\\/?s={search_term_string}\"},\"query-input\":{\"@type\":\"PropertyValueSpecification\",\"valueRequired\":true,\"valueName\":\"search_term_string\"}}],\"inLanguage\":\"fr-FR\"},{\"@type\":\"Organization\",\"@id\":\"https:\\\/\\\/www.accidentdutravail-idf.net\\\/blog\\\/#organization\",\"name\":\"accidentdutravail-idf\",\"url\":\"https:\\\/\\\/www.accidentdutravail-idf.net\\\/blog\\\/\",\"logo\":{\"@type\":\"ImageObject\",\"inLanguage\":\"fr-FR\",\"@id\":\"https:\\\/\\\/www.accidentdutravail-idf.net\\\/blog\\\/#\\\/schema\\\/logo\\\/image\\\/\",\"url\":\"https:\\\/\\\/www.accidentdutravail-idf.net\\\/blog\\\/wp-content\\\/uploads\\\/2022\\\/09\\\/logo-2.png\",\"contentUrl\":\"https:\\\/\\\/www.accidentdutravail-idf.net\\\/blog\\\/wp-content\\\/uploads\\\/2022\\\/09\\\/logo-2.png\",\"width\":380,\"height\":291,\"caption\":\"accidentdutravail-idf\"},\"image\":{\"@id\":\"https:\\\/\\\/www.accidentdutravail-idf.net\\\/blog\\\/#\\\/schema\\\/logo\\\/image\\\/\"}},{\"@type\":\"Person\",\"@id\":\"https:\\\/\\\/www.accidentdutravail-idf.net\\\/blog\\\/#\\\/schema\\\/person\\\/3255d2f970de45e64bd9201f38e7b947\",\"name\":\"Carlos Poulain\",\"image\":{\"@type\":\"ImageObject\",\"inLanguage\":\"fr-FR\",\"@id\":\"https:\\\/\\\/secure.gravatar.com\\\/avatar\\\/b1c2f9d3588e34e91adb093635df64ef4b2381991216be7576466cfcdca4baf3?s=96&d=mm&r=g\",\"url\":\"https:\\\/\\\/secure.gravatar.com\\\/avatar\\\/b1c2f9d3588e34e91adb093635df64ef4b2381991216be7576466cfcdca4baf3?s=96&d=mm&r=g\",\"contentUrl\":\"https:\\\/\\\/secure.gravatar.com\\\/avatar\\\/b1c2f9d3588e34e91adb093635df64ef4b2381991216be7576466cfcdca4baf3?s=96&d=mm&r=g\",\"caption\":\"Carlos Poulain\"},\"url\":\"https:\\\/\\\/www.accidentdutravail-idf.net\\\/blog\\\/author\\\/idfcarlos\\\/\"}]}<\/script>\n<!-- \/ Yoast SEO plugin. -->","yoast_head_json":{"title":"Un ouvrier de 22 ans meurt happ\u00e9 par une machine dans une usine Lustucru, la CGT d\u00e9nonce \u00ab des conditions de travail tr\u00e8s d\u00e9grad\u00e9es \u00bb - ACCIDENTDUTRAVAIL-IDF","description":"Un ouvrier de 22 ans meurt happ\u00e9 par une machine dans une usine Lustucru, la CGT d\u00e9nonce \u00ab des conditions de travail tr\u00e8s d\u00e9grad\u00e9es \u00bb article de ACCIDENTDUTRAVAIL-IDF","robots":{"index":"index","follow":"follow","max-snippet":"max-snippet:-1","max-image-preview":"max-image-preview:large","max-video-preview":"max-video-preview:-1"},"canonical":"https:\/\/www.accidentdutravail-idf.net\/blog\/un-ouvrier-de-22-ans-meurt-happe-par-une-machine-dans-une-usine-lustucru-la-cgt-denonce-des-conditions-de-travail-tres-degradees\/","og_locale":"fr_FR","og_type":"article","og_title":"Un ouvrier de 22 ans meurt happ\u00e9 par une machine dans une usine Lustucru, la CGT d\u00e9nonce \u00ab des conditions de travail tr\u00e8s d\u00e9grad\u00e9es \u00bb - ACCIDENTDUTRAVAIL-IDF","og_description":"Un ouvrier de 22 ans meurt happ\u00e9 par une machine dans une usine Lustucru, la CGT d\u00e9nonce \u00ab des conditions de travail tr\u00e8s d\u00e9grad\u00e9es \u00bb article de ACCIDENTDUTRAVAIL-IDF","og_url":"https:\/\/www.accidentdutravail-idf.net\/blog\/un-ouvrier-de-22-ans-meurt-happe-par-une-machine-dans-une-usine-lustucru-la-cgt-denonce-des-conditions-de-travail-tres-degradees\/","og_site_name":"ACCIDENTDUTRAVAIL-IDF","article_published_time":"2026-04-21T06:00:00+00:00","og_image":[{"url":"https:\/\/www.accidentdutravail-idf.net\/blog\/wp-content\/uploads\/2026\/04\/un-ouvrier-de-22-ans-meurt-happe-par-une-machine-dans-une-usine-lustucru-la-cgt-denonce-des-conditions-de-travail-tres-degradees.jpg","type":"","width":"","height":""}],"author":"Carlos Poulain","twitter_card":"summary_large_image","twitter_misc":{"\u00c9crit par":"Carlos Poulain","Dur\u00e9e de lecture estim\u00e9e":"3 minutes"},"schema":{"@context":"https:\/\/schema.org","@graph":[{"@type":"Article","@id":"https:\/\/www.accidentdutravail-idf.net\/blog\/un-ouvrier-de-22-ans-meurt-happe-par-une-machine-dans-une-usine-lustucru-la-cgt-denonce-des-conditions-de-travail-tres-degradees\/#article","isPartOf":{"@id":"https:\/\/www.accidentdutravail-idf.net\/blog\/un-ouvrier-de-22-ans-meurt-happe-par-une-machine-dans-une-usine-lustucru-la-cgt-denonce-des-conditions-de-travail-tres-degradees\/"},"author":{"name":"Carlos Poulain","@id":"https:\/\/www.accidentdutravail-idf.net\/blog\/#\/schema\/person\/3255d2f970de45e64bd9201f38e7b947"},"headline":"Un ouvrier de 22 ans meurt happ\u00e9 par une machine dans une usine Lustucru, la CGT d\u00e9nonce \u00ab des conditions de travail tr\u00e8s d\u00e9grad\u00e9es \u00bb","datePublished":"2026-04-21T06:00:00+00:00","mainEntityOfPage":{"@id":"https:\/\/www.accidentdutravail-idf.net\/blog\/un-ouvrier-de-22-ans-meurt-happe-par-une-machine-dans-une-usine-lustucru-la-cgt-denonce-des-conditions-de-travail-tres-degradees\/"},"wordCount":553,"publisher":{"@id":"https:\/\/www.accidentdutravail-idf.net\/blog\/#organization"},"image":{"@id":"https:\/\/www.accidentdutravail-idf.net\/blog\/un-ouvrier-de-22-ans-meurt-happe-par-une-machine-dans-une-usine-lustucru-la-cgt-denonce-des-conditions-de-travail-tres-degradees\/#primaryimage"},"thumbnailUrl":"https:\/\/www.accidentdutravail-idf.net\/blog\/wp-content\/uploads\/2026\/04\/un-ouvrier-de-22-ans-meurt-happe-par-une-machine-dans-une-usine-lustucru-la-cgt-denonce-des-conditions-de-travail-tres-degradees.jpg","articleSection":["S\u00e9curit\u00e9 Du Travail En Ile-De-France Et Divers:"],"inLanguage":"fr-FR"},{"@type":"WebPage","@id":"https:\/\/www.accidentdutravail-idf.net\/blog\/un-ouvrier-de-22-ans-meurt-happe-par-une-machine-dans-une-usine-lustucru-la-cgt-denonce-des-conditions-de-travail-tres-degradees\/","url":"https:\/\/www.accidentdutravail-idf.net\/blog\/un-ouvrier-de-22-ans-meurt-happe-par-une-machine-dans-une-usine-lustucru-la-cgt-denonce-des-conditions-de-travail-tres-degradees\/","name":"Un ouvrier de 22 ans meurt happ\u00e9 par une machine dans une usine Lustucru, la CGT d\u00e9nonce \u00ab des conditions de travail tr\u00e8s d\u00e9grad\u00e9es \u00bb - ACCIDENTDUTRAVAIL-IDF","isPartOf":{"@id":"https:\/\/www.accidentdutravail-idf.net\/blog\/#website"},"primaryImageOfPage":{"@id":"https:\/\/www.accidentdutravail-idf.net\/blog\/un-ouvrier-de-22-ans-meurt-happe-par-une-machine-dans-une-usine-lustucru-la-cgt-denonce-des-conditions-de-travail-tres-degradees\/#primaryimage"},"image":{"@id":"https:\/\/www.accidentdutravail-idf.net\/blog\/un-ouvrier-de-22-ans-meurt-happe-par-une-machine-dans-une-usine-lustucru-la-cgt-denonce-des-conditions-de-travail-tres-degradees\/#primaryimage"},"thumbnailUrl":"https:\/\/www.accidentdutravail-idf.net\/blog\/wp-content\/uploads\/2026\/04\/un-ouvrier-de-22-ans-meurt-happe-par-une-machine-dans-une-usine-lustucru-la-cgt-denonce-des-conditions-de-travail-tres-degradees.jpg","datePublished":"2026-04-21T06:00:00+00:00","description":"Un ouvrier de 22 ans meurt happ\u00e9 par une machine dans une usine Lustucru, la CGT d\u00e9nonce \u00ab des conditions de travail tr\u00e8s d\u00e9grad\u00e9es \u00bb article de ACCIDENTDUTRAVAIL-IDF","breadcrumb":{"@id":"https:\/\/www.accidentdutravail-idf.net\/blog\/un-ouvrier-de-22-ans-meurt-happe-par-une-machine-dans-une-usine-lustucru-la-cgt-denonce-des-conditions-de-travail-tres-degradees\/#breadcrumb"},"inLanguage":"fr-FR","potentialAction":[{"@type":"ReadAction","target":["https:\/\/www.accidentdutravail-idf.net\/blog\/un-ouvrier-de-22-ans-meurt-happe-par-une-machine-dans-une-usine-lustucru-la-cgt-denonce-des-conditions-de-travail-tres-degradees\/"]}]},{"@type":"ImageObject","inLanguage":"fr-FR","@id":"https:\/\/www.accidentdutravail-idf.net\/blog\/un-ouvrier-de-22-ans-meurt-happe-par-une-machine-dans-une-usine-lustucru-la-cgt-denonce-des-conditions-de-travail-tres-degradees\/#primaryimage","url":"https:\/\/www.accidentdutravail-idf.net\/blog\/wp-content\/uploads\/2026\/04\/un-ouvrier-de-22-ans-meurt-happe-par-une-machine-dans-une-usine-lustucru-la-cgt-denonce-des-conditions-de-travail-tres-degradees.jpg","contentUrl":"https:\/\/www.accidentdutravail-idf.net\/blog\/wp-content\/uploads\/2026\/04\/un-ouvrier-de-22-ans-meurt-happe-par-une-machine-dans-une-usine-lustucru-la-cgt-denonce-des-conditions-de-travail-tres-degradees.jpg"},{"@type":"BreadcrumbList","@id":"https:\/\/www.accidentdutravail-idf.net\/blog\/un-ouvrier-de-22-ans-meurt-happe-par-une-machine-dans-une-usine-lustucru-la-cgt-denonce-des-conditions-de-travail-tres-degradees\/#breadcrumb","itemListElement":[{"@type":"ListItem","position":1,"name":"Accueil","item":"https:\/\/www.accidentdutravail-idf.net\/blog\/"},{"@type":"ListItem","position":2,"name":"Un ouvrier de 22 ans meurt happ\u00e9 par une machine dans une usine Lustucru, la CGT d\u00e9nonce \u00ab des conditions de travail tr\u00e8s d\u00e9grad\u00e9es \u00bb"}]},{"@type":"WebSite","@id":"https:\/\/www.accidentdutravail-idf.net\/blog\/#website","url":"https:\/\/www.accidentdutravail-idf.net\/blog\/","name":"ACCIDENTDUTRAVAIL-IDF","description":"Portail accidents du travail-maladies professionnelles des entreprises d&#039;Ile-de-France","publisher":{"@id":"https:\/\/www.accidentdutravail-idf.net\/blog\/#organization"},"potentialAction":[{"@type":"SearchAction","target":{"@type":"EntryPoint","urlTemplate":"https:\/\/www.accidentdutravail-idf.net\/blog\/?s={search_term_string}"},"query-input":{"@type":"PropertyValueSpecification","valueRequired":true,"valueName":"search_term_string"}}],"inLanguage":"fr-FR"},{"@type":"Organization","@id":"https:\/\/www.accidentdutravail-idf.net\/blog\/#organization","name":"accidentdutravail-idf","url":"https:\/\/www.accidentdutravail-idf.net\/blog\/","logo":{"@type":"ImageObject","inLanguage":"fr-FR","@id":"https:\/\/www.accidentdutravail-idf.net\/blog\/#\/schema\/logo\/image\/","url":"https:\/\/www.accidentdutravail-idf.net\/blog\/wp-content\/uploads\/2022\/09\/logo-2.png","contentUrl":"https:\/\/www.accidentdutravail-idf.net\/blog\/wp-content\/uploads\/2022\/09\/logo-2.png","width":380,"height":291,"caption":"accidentdutravail-idf"},"image":{"@id":"https:\/\/www.accidentdutravail-idf.net\/blog\/#\/schema\/logo\/image\/"}},{"@type":"Person","@id":"https:\/\/www.accidentdutravail-idf.net\/blog\/#\/schema\/person\/3255d2f970de45e64bd9201f38e7b947","name":"Carlos Poulain","image":{"@type":"ImageObject","inLanguage":"fr-FR","@id":"https:\/\/secure.gravatar.com\/avatar\/b1c2f9d3588e34e91adb093635df64ef4b2381991216be7576466cfcdca4baf3?s=96&d=mm&r=g","url":"https:\/\/secure.gravatar.com\/avatar\/b1c2f9d3588e34e91adb093635df64ef4b2381991216be7576466cfcdca4baf3?s=96&d=mm&r=g","contentUrl":"https:\/\/secure.gravatar.com\/avatar\/b1c2f9d3588e34e91adb093635df64ef4b2381991216be7576466cfcdca4baf3?s=96&d=mm&r=g","caption":"Carlos Poulain"},"url":"https:\/\/www.accidentdutravail-idf.net\/blog\/author\/idfcarlos\/"}]}},"_links":{"self":[{"href":"https:\/\/www.accidentdutravail-idf.net\/blog\/wp-json\/wp\/v2\/posts\/2349","targetHints":{"allow":["GET"]}}],"collection":[{"href":"https:\/\/www.accidentdutravail-idf.net\/blog\/wp-json\/wp\/v2\/posts"}],"about":[{"href":"https:\/\/www.accidentdutravail-idf.net\/blog\/wp-json\/wp\/v2\/types\/post"}],"author":[{"embeddable":true,"href":"https:\/\/www.accidentdutravail-idf.net\/blog\/wp-json\/wp\/v2\/users\/2"}],"replies":[{"embeddable":true,"href":"https:\/\/www.accidentdutravail-idf.net\/blog\/wp-json\/wp\/v2\/comments?post=2349"}],"version-history":[{"count":0,"href":"https:\/\/www.accidentdutravail-idf.net\/blog\/wp-json\/wp\/v2\/posts\/2349\/revisions"}],"wp:attachment":[{"href":"https:\/\/www.accidentdutravail-idf.net\/blog\/wp-json\/wp\/v2\/media?parent=2349"}],"wp:term":[{"taxonomy":"category","embeddable":true,"href":"https:\/\/www.accidentdutravail-idf.net\/blog\/wp-json\/wp\/v2\/categories?post=2349"},{"taxonomy":"post_tag","embeddable":true,"href":"https:\/\/www.accidentdutravail-idf.net\/blog\/wp-json\/wp\/v2\/tags?post=2349"}],"curies":[{"name":"wp","href":"https:\/\/api.w.org\/{rel}","templated":true}]}}