{"id":2348,"date":"2026-04-20T11:35:00","date_gmt":"2026-04-20T09:35:00","guid":{"rendered":"https:\/\/www.accidentdutravail-idf.net\/blog\/journee-mondiale-2026-de-la-securite-et-de-la-sante-au-travail\/"},"modified":"2026-04-20T11:35:00","modified_gmt":"2026-04-20T09:35:00","slug":"journee-mondiale-2026-de-la-securite-et-de-la-sante-au-travail","status":"publish","type":"post","link":"https:\/\/www.accidentdutravail-idf.net\/blog\/journee-mondiale-2026-de-la-securite-et-de-la-sante-au-travail\/","title":{"rendered":"Journ\u00e9e mondiale 2026 de la s\u00e9curit\u00e9 et de la sant\u00e9 au travail"},"content":{"rendered":"<div class=\"font-bold max-w-max mb-8 prose [&amp;_p]:prose-lg text-color-default relative z-3 print:block\">\n<p>C\u00e9l\u00e9br\u00e9e chaque 28 avril, la journ\u00e9e mondiale de la s\u00e9curit\u00e9 et de la sant\u00e9 au travail arrive \u00e0 grand pas. Port\u00e9e par l\u2019OIT, elle explore cette ann\u00e9e le th\u00e8me de la sant\u00e9 mentale. L\u2019occasion pour l\u2019Assurance maladie de rappeler les solutions qui existent pour accompagner la pr\u00e9vention des risques psychosociaux et pour le minist\u00e8re du Travail de sensibiliser les employeurs et les salari\u00e9s aux risques professionnels.<\/p>\n<\/div>\n<h2 class=\"font-bold text-color-default group text-lg sm:text-xl md:text-2xl lg:text-3xl leading-h4 lg:leading-h2 pt-0 mb-8\" data-id=\"agir-pour-un-environnement-de-travail-psychosocial-sain\" data-title=\"Agir pour un environnement de travail psychosocial sain\" data-level=\"2\"><a class=\"li float-left mt-3 -ml-6 pr-2 leading-none opacity-0 transition group-hover:opacity-100\" id=\"agir-pour-un-environnement-de-travail-psychosocial-sain\" href=\"https:\/\/www.editions-tissot.fr\/actualite\/sante-securite\/journee-mondiale-de-la-securite-et-de-la-sante-au-travail#agir-pour-un-environnement-de-travail-psychosocial-sain\" target=\"_blank\" rel=\"nofollow\"><\/a>Agir pour un environnement de travail psychosocial sain<\/h2>\n<div class=\"prose text-color-3 max-w-max mb-8 [&amp;_li]:prose-lg [&amp;_p]:prose-lg\">\n<p>Comme chaque ann\u00e9e, la journ\u00e9e mondiale de la s\u00e9curit\u00e9 et de la sant\u00e9 au travail aura lieu le 28 avril.<\/p>\n<p>Port\u00e9e par l\u2019Organisation Internationale du Travail (OIT), elle constitue l\u2019occasion de sensibiliser tous les acteurs concern\u00e9s \u00e0 la pr\u00e9vention des accidents du travail et des maladies professionnelles.<\/p>\n<p>Pour cette \u00e9dition 2026, le th\u00e8me de l\u2019environnement psychosocial au travail a \u00e9t\u00e9 retenu. L\u2019OIT rappelant, \u00e0 ce titre, que les facteurs psychosociaux ont une incidence directe sur la s\u00e9curit\u00e9 et la sant\u00e9 des travailleurs.<\/p>\n<p>\u00c0 l\u2019occasion de cette journ\u00e9e mondiale de la s\u00e9curit\u00e9 et de la sant\u00e9 au travail, le 28 avril 2026, l\u2019OIT diffusera un rapport mondial. Ax\u00e9 sur la pr\u00e9vention, ce rapport examinera les facteurs psychosociaux \u00e0 trois niveaux :&nbsp;<\/p>\n<ul>\n<li>le poste de travail ;<\/li>\n<li>la mani\u00e8re dont le travail est g\u00e9r\u00e9 et organis\u00e9 ;<\/li>\n<li>ainsi que les politiques, pratiques et proc\u00e9dures plus g\u00e9n\u00e9rales qui r\u00e9gissent le travail.<\/li>\n<\/ul>\n<p>Par ailleurs, lundi 27 avril 2026 \u00e0 13h00, un \u00e9v\u00e9nement r\u00e9unissant des repr\u00e9sentants de l\u2019OIT, ministres et experts internationaux sera organis\u00e9 pour discuter des \u00e9volutions mondiales et des pistes d\u2019action concr\u00e8tes pour garantir un environnement de travail psychosocial sain.<\/p>\n<p>Vous pourrez suivre cette conf\u00e9rence en direct \u00e0 partir de <a href=\"https:\/\/live.ilo.org\/fr\/event\/garantir-un-milieu-de-travail-sain-sur-le-plan-psychosocial-2026-04-27\" target=\"_blank\" rel=\"nofollow\">ce lien<\/a>.<\/p>\n<p>Pour initier ou renforcer la d\u00e9marche de pr\u00e9vention des risques psychosociaux dans votre entreprise, nous vous recommandons la documentation &nbsp;\u00ab <a href=\"https:\/\/cmp.editions-tissot.fr\/com\/landing\/rps\/?cact=redac\" target=\"_blank\" rel=\"nofollow\">RPS et QVT : le pas \u00e0 pas d\u2019une d\u00e9marche \u00e0 succ\u00e8s<\/a> \u00bb.<\/p>\n<\/div>\n<h2 class=\"font-bold text-color-default group text-lg sm:text-xl md:text-2xl lg:text-3xl leading-h4 lg:leading-h2 pt-0 mb-8\" data-id=\"promouvoir-la-sante-et-la-securite-au-travail\" data-title=\"Promouvoir la sant\u00e9 et la s\u00e9curit\u00e9 au travail\" data-level=\"2\"><a class=\"li float-left mt-3 -ml-6 pr-2 leading-none opacity-0 transition group-hover:opacity-100\" id=\"promouvoir-la-sante-et-la-securite-au-travail\" href=\"https:\/\/www.editions-tissot.fr\/actualite\/sante-securite\/journee-mondiale-de-la-securite-et-de-la-sante-au-travail#promouvoir-la-sante-et-la-securite-au-travail\" target=\"_blank\" rel=\"nofollow\"><\/a>Promouvoir la sant\u00e9 et la s\u00e9curit\u00e9 au travail<\/h2>\n<div class=\"prose text-color-3 max-w-max mb-8 [&amp;_li]:prose-lg [&amp;_p]:prose-lg\">\n<p>La journ\u00e9e mondiale de la s\u00e9curit\u00e9 et de la sant\u00e9 au travail vise, plus globalement, \u00e0 promouvoir la pr\u00e9vention des accidents du travail et des maladies professionnelles dans le monde entier.<\/p>\n<p>A l\u2019heure o\u00f9 plusieurs millions de travailleurs meurent chaque ann\u00e9e des suites d\u2019un accident du travail ou d\u2019une maladie professionnelle, cette journ\u00e9e doit \u00eatre l\u2019occasion pour les employeurs, et plus g\u00e9n\u00e9ralement pour tous les acteurs concern\u00e9s, de mener des actions de sensibilisation \u00e0 la sant\u00e9 et \u00e0 la s\u00e9curit\u00e9 sur le lieu de travail.<\/p>\n<p>Et en France ?&nbsp;<\/p>\n<p>A l\u2019occasion de cette nouvelle journ\u00e9e mondiale de la s\u00e9curit\u00e9 et de la sant\u00e9 au travail, l\u2019Assurance Maladie &#8211; Risques professionnels communique sur les solutions qu\u2019elle propose pour accompagner les entreprises \u00e0 pr\u00e9venir les risques psychosociaux. Parmi elles, <a href=\"https:\/\/www.editions-tissot.fr\/actualite\/sante-securite\/telechargement\/subventions-prevention-les-aides-disponibles\" target=\"_blank\" rel=\"nofollow\">la subvention \u00ab RPS accompagnement \u00bb <\/a>au b\u00e9n\u00e9fice des entreprises de moins de 50 salari\u00e9s.<\/p>\n<p>Par ailleurs, par communication du 20 avril 2026, le minist\u00e8re du Travail promeut cette journ\u00e9e en rappelant qu&rsquo;elle vise \u00e0 sensibiliser les employeurs et les salari\u00e9s aux risques professionnels.&nbsp;<\/p>\n<p>L&rsquo;ex\u00e9cutif rappelle que cette date est \u00e9galement d\u00e9di\u00e9e \u00e0 la comm\u00e9moration des travailleurs morts ou bless\u00e9s au travail confirmant l\u2019importance de la mobilisation de tous les acteurs pour renforcer la s\u00e9curit\u00e9 au travail.&nbsp;<\/p>\n<p>Le plan national d\u2019action (PNA) 2026-2029 de l&rsquo;Inspection du travail fait d&rsquo;ailleurs de la sant\u00e9 et de la s\u00e9curit\u00e9 au travail un sujet prioritaire et le minist\u00e8re du Travail annonce qu&rsquo;il lancera prochainement le plan Sant\u00e9 au travail 2026-2030. Ce plan, qui sera \u00e9galement d\u00e9clin\u00e9 au niveau r\u00e9gional, r\u00e9affirmera notamment la priorit\u00e9 donn\u00e9e \u00e0 la baisse des accidents du travail graves et mortels en ciblant les secteurs et publics les plus \u00e0 risque (jeunes, nouveaux arrivants, int\u00e9rimaires, etc.).&nbsp;<\/p>\n<\/div>\n<div class=\"relative z-3 mb-7 flex w-full flex-col items-start\">\n<div class=\"relative flex w-full flex-row items-start overflow-hidden before:bg-[#EAAA08] bg-white before:absolute before:top-0 before:left-0 before:h-full before:w-[2px]\">\n<div class=\"flex w-full flex-col items-start px-4 py-3.5 md:px-3 lg:px-6\">\n<h2 class=\"font-body mb-2 flex flex-row items-center p-0 text-sm font-medium md:text-base text-[#9D7102]\">Bon \u00e0 savoir<\/h2>\n<div class=\"mea-content prose max-w-max *:font-normal text-et-gray-800 *:text-base md:*:text-lg\">\n<p>En 2024, 824 accidents du travail mortels ont \u00e9t\u00e9 d\u00e9nombr\u00e9s (principalement dus \u00e0 des malaises, des accidents de la route ou encore l&rsquo;utilisation d&rsquo;\u00e9quipements dangereux), parmi lesquels 22 jeunes de moins de 25 ans \u00e9taient concern\u00e9s.&nbsp;<\/p>\n<\/div>\n<\/div>\n<\/div>\n<\/div>\n<div class=\"prose text-color-3 max-w-max mb-8 [&amp;_li]:prose-lg [&amp;_p]:prose-lg\">\n<p><i>OIT, Journ\u00e9e mondiale de la s\u00e9curit\u00e9 et de la sant\u00e9 au travail 2026<\/i><\/p>\n<p><i>Ameli.fr, actualit\u00e9s, Pr\u00e9vention des risques psychosociaux : des solutions concr\u00e8tes et op\u00e9rationnelles, avril 2026<\/i><\/p>\n<p><i>Minist\u00e8re du Travail, actualit\u00e9s, Journ\u00e9e mondiale du 28 avril 2026 : promouvoir la sant\u00e9 et la s\u00e9curit\u00e9 au travail, 20 avril 2026<\/i><\/p>\n<\/div>\n<div class=\"{ border-et-gray-200 border border-r-0 border-l-0 border-dashed py-9 md:py-6 lg:border-b-0 w-full print:py-2\">\n<div class=\"flex gap-4 items-center py-6 items-stretch md:items-center print:py-0\">\n<div class=\"h-full w-16 shrink-0 grow-0 align-top md:w-24 print:hidden\" id=\"author-image\"><a class href=\"https:\/\/www.editions-tissot.fr\/actualite\/auteur\/tiphaine-mollier\" target=\"_blank\" rel=\"nofollow\"><\/p>\n<div class=\"h-16 w-16 overflow-hidden rounded-full md:h-24 md:w-24\"><img decoding=\"async\" alt=\"1732023070953\" loading=\"lazy\" width=\"124\" height=\"124\" data-nimg=\"1\" class=\"h-full w-full object-cover\" src=\"https:\/\/www.editions-tissot.fr\/_next\/image?url=https%3A%2F%2Fwww.editions-tissot.fr%2Fotis%2Fmedia%2F1732023070953.jpg&amp;w=256&amp;q=75\"><\/div>\n<p><\/a><\/div>\n<div class=\"text-color-default text-left\"><a class=\"text-et-text-color text-sm font-semibold no-underline md:text-base\" href=\"https:\/\/www.editions-tissot.fr\/actualite\/auteur\/tiphaine-mollier\" target=\"_blank\" rel=\"nofollow\">Tiphaine Mollier<\/a><\/p>\n<p class=\"text-et-text-color text-sm font-normal text-balance md:text-base\">Juriste en droit social et r\u00e9dactrice au sein des Editions Tissot<\/p>\n<\/div>\n<\/div>\n<\/div>\n<p>accidentdutravail-idf.net vous a pr\u00e9par\u00e9 ce post qui informe du sujet \u00ab\u00a0Association Sportive Huisson-Longueville Essonne\u00a0\u00bb. La chronique se veut g\u00e9n\u00e9r\u00e9e du mieux possible. Vous pouvez utiliser les coordonn\u00e9es indiqu\u00e9es sur le site dans le but d\u2019apporter des explications sur ce post qui parle du th\u00e8me \u00ab\u00a0Association Sportive Huisson-Longueville Essonne\u00a0\u00bb. Le site accidentdutravail-idf.net a pour but de fournir diverses publications sur la th\u00e9matique Association Sportive Huisson-Longueville Essonne diffus\u00e9es sur le net. Il y aura plusieurs articles autour du sujet \u00ab\u00a0Association Sportive Huisson-Longueville Essonne\u00a0\u00bb dans quelques jours, nous vous invitons \u00e0 naviguer sur notre site web \u00e0 plusieurs reprises.<\/p>\n","protected":false},"excerpt":{"rendered":"<p>C\u00e9l\u00e9br\u00e9e chaque 28 avril, la journ\u00e9e mondiale de la s\u00e9curit\u00e9 et de la sant\u00e9 au travail arrive \u00e0 grand pas. Port\u00e9e par l\u2019OIT, elle explore cette ann\u00e9e le th\u00e8me de la sant\u00e9 mentale. L\u2019occasion pour l\u2019Assurance maladie de rappeler les solutions qui existent pour accompagner la pr\u00e9vention des risques psychosociaux et pour le minist\u00e8re du &hellip; <\/p>\n<p class=\"link-more\"><a href=\"https:\/\/www.accidentdutravail-idf.net\/blog\/journee-mondiale-2026-de-la-securite-et-de-la-sante-au-travail\/\" class=\"more-link\">Continuer la lecture <span class=\"screen-reader-text\"> \u00ab\u00a0Journ\u00e9e mondiale 2026 de la s\u00e9curit\u00e9 et de la sant\u00e9 au travail\u00a0\u00bb<\/span><\/a><\/p>\n","protected":false},"author":2,"featured_media":0,"comment_status":"closed","ping_status":"closed","sticky":false,"template":"","format":"standard","meta":{"footnotes":""},"categories":[5],"tags":[],"class_list":["post-2348","post","type-post","status-publish","format-standard","hentry","category-securite-du-travail-en-ile-de-france-et-divers","entry"],"yoast_head":"<!-- This site is optimized with the Yoast SEO plugin v27.5 - https:\/\/yoast.com\/product\/yoast-seo-wordpress\/ -->\n<title>Journ\u00e9e mondiale 2026 de la s\u00e9curit\u00e9 et de la sant\u00e9 au travail - ACCIDENTDUTRAVAIL-IDF<\/title>\n<meta name=\"description\" content=\"Journ\u00e9e mondiale 2026 de la s\u00e9curit\u00e9 et de la sant\u00e9 au travail article de ACCIDENTDUTRAVAIL-IDF\" \/>\n<meta name=\"robots\" content=\"index, follow, max-snippet:-1, max-image-preview:large, max-video-preview:-1\" \/>\n<link rel=\"canonical\" href=\"https:\/\/www.accidentdutravail-idf.net\/blog\/journee-mondiale-2026-de-la-securite-et-de-la-sante-au-travail\/\" \/>\n<meta property=\"og:locale\" content=\"fr_FR\" \/>\n<meta property=\"og:type\" content=\"article\" \/>\n<meta property=\"og:title\" content=\"Journ\u00e9e mondiale 2026 de la s\u00e9curit\u00e9 et de la sant\u00e9 au travail - ACCIDENTDUTRAVAIL-IDF\" \/>\n<meta property=\"og:description\" content=\"Journ\u00e9e mondiale 2026 de la s\u00e9curit\u00e9 et de la sant\u00e9 au travail article de ACCIDENTDUTRAVAIL-IDF\" \/>\n<meta property=\"og:url\" content=\"https:\/\/www.accidentdutravail-idf.net\/blog\/journee-mondiale-2026-de-la-securite-et-de-la-sante-au-travail\/\" \/>\n<meta property=\"og:site_name\" content=\"ACCIDENTDUTRAVAIL-IDF\" \/>\n<meta property=\"article:published_time\" content=\"2026-04-20T09:35:00+00:00\" \/>\n<meta property=\"og:image\" content=\"https:\/\/www.editions-tissot.fr\/_next\/image?url=https%3A%2F%2Fwww.editions-tissot.fr%2Fotis%2Fmedia%2F1732023070953.jpg&amp;w=256&amp;q=75\" \/>\n<meta name=\"author\" content=\"Carlos Poulain\" \/>\n<meta name=\"twitter:card\" content=\"summary_large_image\" \/>\n<meta name=\"twitter:label1\" content=\"\u00c9crit par\" \/>\n\t<meta name=\"twitter:data1\" content=\"Carlos Poulain\" \/>\n\t<meta name=\"twitter:label2\" content=\"Dur\u00e9e de lecture estim\u00e9e\" \/>\n\t<meta name=\"twitter:data2\" content=\"4 minutes\" \/>\n<script type=\"application\/ld+json\" class=\"yoast-schema-graph\">{\"@context\":\"https:\\\/\\\/schema.org\",\"@graph\":[{\"@type\":\"Article\",\"@id\":\"https:\\\/\\\/www.accidentdutravail-idf.net\\\/blog\\\/journee-mondiale-2026-de-la-securite-et-de-la-sante-au-travail\\\/#article\",\"isPartOf\":{\"@id\":\"https:\\\/\\\/www.accidentdutravail-idf.net\\\/blog\\\/journee-mondiale-2026-de-la-securite-et-de-la-sante-au-travail\\\/\"},\"author\":{\"name\":\"Carlos Poulain\",\"@id\":\"https:\\\/\\\/www.accidentdutravail-idf.net\\\/blog\\\/#\\\/schema\\\/person\\\/3255d2f970de45e64bd9201f38e7b947\"},\"headline\":\"Journ\u00e9e mondiale 2026 de la s\u00e9curit\u00e9 et de la sant\u00e9 au travail\",\"datePublished\":\"2026-04-20T09:35:00+00:00\",\"mainEntityOfPage\":{\"@id\":\"https:\\\/\\\/www.accidentdutravail-idf.net\\\/blog\\\/journee-mondiale-2026-de-la-securite-et-de-la-sante-au-travail\\\/\"},\"wordCount\":879,\"publisher\":{\"@id\":\"https:\\\/\\\/www.accidentdutravail-idf.net\\\/blog\\\/#organization\"},\"image\":{\"@id\":\"https:\\\/\\\/www.accidentdutravail-idf.net\\\/blog\\\/journee-mondiale-2026-de-la-securite-et-de-la-sante-au-travail\\\/#primaryimage\"},\"thumbnailUrl\":\"https:\\\/\\\/www.editions-tissot.fr\\\/_next\\\/image?url=https%3A%2F%2Fwww.editions-tissot.fr%2Fotis%2Fmedia%2F1732023070953.jpg&amp;w=256&amp;q=75\",\"articleSection\":[\"S\u00e9curit\u00e9 Du Travail En Ile-De-France Et Divers:\"],\"inLanguage\":\"fr-FR\"},{\"@type\":\"WebPage\",\"@id\":\"https:\\\/\\\/www.accidentdutravail-idf.net\\\/blog\\\/journee-mondiale-2026-de-la-securite-et-de-la-sante-au-travail\\\/\",\"url\":\"https:\\\/\\\/www.accidentdutravail-idf.net\\\/blog\\\/journee-mondiale-2026-de-la-securite-et-de-la-sante-au-travail\\\/\",\"name\":\"Journ\u00e9e mondiale 2026 de la s\u00e9curit\u00e9 et de la sant\u00e9 au travail - ACCIDENTDUTRAVAIL-IDF\",\"isPartOf\":{\"@id\":\"https:\\\/\\\/www.accidentdutravail-idf.net\\\/blog\\\/#website\"},\"primaryImageOfPage\":{\"@id\":\"https:\\\/\\\/www.accidentdutravail-idf.net\\\/blog\\\/journee-mondiale-2026-de-la-securite-et-de-la-sante-au-travail\\\/#primaryimage\"},\"image\":{\"@id\":\"https:\\\/\\\/www.accidentdutravail-idf.net\\\/blog\\\/journee-mondiale-2026-de-la-securite-et-de-la-sante-au-travail\\\/#primaryimage\"},\"thumbnailUrl\":\"https:\\\/\\\/www.editions-tissot.fr\\\/_next\\\/image?url=https%3A%2F%2Fwww.editions-tissot.fr%2Fotis%2Fmedia%2F1732023070953.jpg&amp;w=256&amp;q=75\",\"datePublished\":\"2026-04-20T09:35:00+00:00\",\"description\":\"Journ\u00e9e mondiale 2026 de la s\u00e9curit\u00e9 et de la sant\u00e9 au travail article de ACCIDENTDUTRAVAIL-IDF\",\"breadcrumb\":{\"@id\":\"https:\\\/\\\/www.accidentdutravail-idf.net\\\/blog\\\/journee-mondiale-2026-de-la-securite-et-de-la-sante-au-travail\\\/#breadcrumb\"},\"inLanguage\":\"fr-FR\",\"potentialAction\":[{\"@type\":\"ReadAction\",\"target\":[\"https:\\\/\\\/www.accidentdutravail-idf.net\\\/blog\\\/journee-mondiale-2026-de-la-securite-et-de-la-sante-au-travail\\\/\"]}]},{\"@type\":\"ImageObject\",\"inLanguage\":\"fr-FR\",\"@id\":\"https:\\\/\\\/www.accidentdutravail-idf.net\\\/blog\\\/journee-mondiale-2026-de-la-securite-et-de-la-sante-au-travail\\\/#primaryimage\",\"url\":\"https:\\\/\\\/www.editions-tissot.fr\\\/_next\\\/image?url=https%3A%2F%2Fwww.editions-tissot.fr%2Fotis%2Fmedia%2F1732023070953.jpg&amp;w=256&amp;q=75\",\"contentUrl\":\"https:\\\/\\\/www.editions-tissot.fr\\\/_next\\\/image?url=https%3A%2F%2Fwww.editions-tissot.fr%2Fotis%2Fmedia%2F1732023070953.jpg&amp;w=256&amp;q=75\"},{\"@type\":\"BreadcrumbList\",\"@id\":\"https:\\\/\\\/www.accidentdutravail-idf.net\\\/blog\\\/journee-mondiale-2026-de-la-securite-et-de-la-sante-au-travail\\\/#breadcrumb\",\"itemListElement\":[{\"@type\":\"ListItem\",\"position\":1,\"name\":\"Accueil\",\"item\":\"https:\\\/\\\/www.accidentdutravail-idf.net\\\/blog\\\/\"},{\"@type\":\"ListItem\",\"position\":2,\"name\":\"Journ\u00e9e mondiale 2026 de la s\u00e9curit\u00e9 et de la sant\u00e9 au travail\"}]},{\"@type\":\"WebSite\",\"@id\":\"https:\\\/\\\/www.accidentdutravail-idf.net\\\/blog\\\/#website\",\"url\":\"https:\\\/\\\/www.accidentdutravail-idf.net\\\/blog\\\/\",\"name\":\"ACCIDENTDUTRAVAIL-IDF\",\"description\":\"Portail accidents du travail-maladies professionnelles des entreprises d&#039;Ile-de-France\",\"publisher\":{\"@id\":\"https:\\\/\\\/www.accidentdutravail-idf.net\\\/blog\\\/#organization\"},\"potentialAction\":[{\"@type\":\"SearchAction\",\"target\":{\"@type\":\"EntryPoint\",\"urlTemplate\":\"https:\\\/\\\/www.accidentdutravail-idf.net\\\/blog\\\/?s={search_term_string}\"},\"query-input\":{\"@type\":\"PropertyValueSpecification\",\"valueRequired\":true,\"valueName\":\"search_term_string\"}}],\"inLanguage\":\"fr-FR\"},{\"@type\":\"Organization\",\"@id\":\"https:\\\/\\\/www.accidentdutravail-idf.net\\\/blog\\\/#organization\",\"name\":\"accidentdutravail-idf\",\"url\":\"https:\\\/\\\/www.accidentdutravail-idf.net\\\/blog\\\/\",\"logo\":{\"@type\":\"ImageObject\",\"inLanguage\":\"fr-FR\",\"@id\":\"https:\\\/\\\/www.accidentdutravail-idf.net\\\/blog\\\/#\\\/schema\\\/logo\\\/image\\\/\",\"url\":\"https:\\\/\\\/www.accidentdutravail-idf.net\\\/blog\\\/wp-content\\\/uploads\\\/2022\\\/09\\\/logo-2.png\",\"contentUrl\":\"https:\\\/\\\/www.accidentdutravail-idf.net\\\/blog\\\/wp-content\\\/uploads\\\/2022\\\/09\\\/logo-2.png\",\"width\":380,\"height\":291,\"caption\":\"accidentdutravail-idf\"},\"image\":{\"@id\":\"https:\\\/\\\/www.accidentdutravail-idf.net\\\/blog\\\/#\\\/schema\\\/logo\\\/image\\\/\"}},{\"@type\":\"Person\",\"@id\":\"https:\\\/\\\/www.accidentdutravail-idf.net\\\/blog\\\/#\\\/schema\\\/person\\\/3255d2f970de45e64bd9201f38e7b947\",\"name\":\"Carlos Poulain\",\"image\":{\"@type\":\"ImageObject\",\"inLanguage\":\"fr-FR\",\"@id\":\"https:\\\/\\\/secure.gravatar.com\\\/avatar\\\/b1c2f9d3588e34e91adb093635df64ef4b2381991216be7576466cfcdca4baf3?s=96&d=mm&r=g\",\"url\":\"https:\\\/\\\/secure.gravatar.com\\\/avatar\\\/b1c2f9d3588e34e91adb093635df64ef4b2381991216be7576466cfcdca4baf3?s=96&d=mm&r=g\",\"contentUrl\":\"https:\\\/\\\/secure.gravatar.com\\\/avatar\\\/b1c2f9d3588e34e91adb093635df64ef4b2381991216be7576466cfcdca4baf3?s=96&d=mm&r=g\",\"caption\":\"Carlos Poulain\"},\"url\":\"https:\\\/\\\/www.accidentdutravail-idf.net\\\/blog\\\/author\\\/idfcarlos\\\/\"}]}<\/script>\n<!-- \/ Yoast SEO plugin. -->","yoast_head_json":{"title":"Journ\u00e9e mondiale 2026 de la s\u00e9curit\u00e9 et de la sant\u00e9 au travail - ACCIDENTDUTRAVAIL-IDF","description":"Journ\u00e9e mondiale 2026 de la s\u00e9curit\u00e9 et de la sant\u00e9 au travail article de ACCIDENTDUTRAVAIL-IDF","robots":{"index":"index","follow":"follow","max-snippet":"max-snippet:-1","max-image-preview":"max-image-preview:large","max-video-preview":"max-video-preview:-1"},"canonical":"https:\/\/www.accidentdutravail-idf.net\/blog\/journee-mondiale-2026-de-la-securite-et-de-la-sante-au-travail\/","og_locale":"fr_FR","og_type":"article","og_title":"Journ\u00e9e mondiale 2026 de la s\u00e9curit\u00e9 et de la sant\u00e9 au travail - ACCIDENTDUTRAVAIL-IDF","og_description":"Journ\u00e9e mondiale 2026 de la s\u00e9curit\u00e9 et de la sant\u00e9 au travail article de ACCIDENTDUTRAVAIL-IDF","og_url":"https:\/\/www.accidentdutravail-idf.net\/blog\/journee-mondiale-2026-de-la-securite-et-de-la-sante-au-travail\/","og_site_name":"ACCIDENTDUTRAVAIL-IDF","article_published_time":"2026-04-20T09:35:00+00:00","og_image":[{"url":"https:\/\/www.editions-tissot.fr\/_next\/image?url=https%3A%2F%2Fwww.editions-tissot.fr%2Fotis%2Fmedia%2F1732023070953.jpg&amp;w=256&amp;q=75","type":"","width":"","height":""}],"author":"Carlos Poulain","twitter_card":"summary_large_image","twitter_misc":{"\u00c9crit par":"Carlos Poulain","Dur\u00e9e de lecture estim\u00e9e":"4 minutes"},"schema":{"@context":"https:\/\/schema.org","@graph":[{"@type":"Article","@id":"https:\/\/www.accidentdutravail-idf.net\/blog\/journee-mondiale-2026-de-la-securite-et-de-la-sante-au-travail\/#article","isPartOf":{"@id":"https:\/\/www.accidentdutravail-idf.net\/blog\/journee-mondiale-2026-de-la-securite-et-de-la-sante-au-travail\/"},"author":{"name":"Carlos Poulain","@id":"https:\/\/www.accidentdutravail-idf.net\/blog\/#\/schema\/person\/3255d2f970de45e64bd9201f38e7b947"},"headline":"Journ\u00e9e mondiale 2026 de la s\u00e9curit\u00e9 et de la sant\u00e9 au travail","datePublished":"2026-04-20T09:35:00+00:00","mainEntityOfPage":{"@id":"https:\/\/www.accidentdutravail-idf.net\/blog\/journee-mondiale-2026-de-la-securite-et-de-la-sante-au-travail\/"},"wordCount":879,"publisher":{"@id":"https:\/\/www.accidentdutravail-idf.net\/blog\/#organization"},"image":{"@id":"https:\/\/www.accidentdutravail-idf.net\/blog\/journee-mondiale-2026-de-la-securite-et-de-la-sante-au-travail\/#primaryimage"},"thumbnailUrl":"https:\/\/www.editions-tissot.fr\/_next\/image?url=https%3A%2F%2Fwww.editions-tissot.fr%2Fotis%2Fmedia%2F1732023070953.jpg&amp;w=256&amp;q=75","articleSection":["S\u00e9curit\u00e9 Du Travail En Ile-De-France Et Divers:"],"inLanguage":"fr-FR"},{"@type":"WebPage","@id":"https:\/\/www.accidentdutravail-idf.net\/blog\/journee-mondiale-2026-de-la-securite-et-de-la-sante-au-travail\/","url":"https:\/\/www.accidentdutravail-idf.net\/blog\/journee-mondiale-2026-de-la-securite-et-de-la-sante-au-travail\/","name":"Journ\u00e9e mondiale 2026 de la s\u00e9curit\u00e9 et de la sant\u00e9 au travail - ACCIDENTDUTRAVAIL-IDF","isPartOf":{"@id":"https:\/\/www.accidentdutravail-idf.net\/blog\/#website"},"primaryImageOfPage":{"@id":"https:\/\/www.accidentdutravail-idf.net\/blog\/journee-mondiale-2026-de-la-securite-et-de-la-sante-au-travail\/#primaryimage"},"image":{"@id":"https:\/\/www.accidentdutravail-idf.net\/blog\/journee-mondiale-2026-de-la-securite-et-de-la-sante-au-travail\/#primaryimage"},"thumbnailUrl":"https:\/\/www.editions-tissot.fr\/_next\/image?url=https%3A%2F%2Fwww.editions-tissot.fr%2Fotis%2Fmedia%2F1732023070953.jpg&amp;w=256&amp;q=75","datePublished":"2026-04-20T09:35:00+00:00","description":"Journ\u00e9e mondiale 2026 de la s\u00e9curit\u00e9 et de la sant\u00e9 au travail article de ACCIDENTDUTRAVAIL-IDF","breadcrumb":{"@id":"https:\/\/www.accidentdutravail-idf.net\/blog\/journee-mondiale-2026-de-la-securite-et-de-la-sante-au-travail\/#breadcrumb"},"inLanguage":"fr-FR","potentialAction":[{"@type":"ReadAction","target":["https:\/\/www.accidentdutravail-idf.net\/blog\/journee-mondiale-2026-de-la-securite-et-de-la-sante-au-travail\/"]}]},{"@type":"ImageObject","inLanguage":"fr-FR","@id":"https:\/\/www.accidentdutravail-idf.net\/blog\/journee-mondiale-2026-de-la-securite-et-de-la-sante-au-travail\/#primaryimage","url":"https:\/\/www.editions-tissot.fr\/_next\/image?url=https%3A%2F%2Fwww.editions-tissot.fr%2Fotis%2Fmedia%2F1732023070953.jpg&amp;w=256&amp;q=75","contentUrl":"https:\/\/www.editions-tissot.fr\/_next\/image?url=https%3A%2F%2Fwww.editions-tissot.fr%2Fotis%2Fmedia%2F1732023070953.jpg&amp;w=256&amp;q=75"},{"@type":"BreadcrumbList","@id":"https:\/\/www.accidentdutravail-idf.net\/blog\/journee-mondiale-2026-de-la-securite-et-de-la-sante-au-travail\/#breadcrumb","itemListElement":[{"@type":"ListItem","position":1,"name":"Accueil","item":"https:\/\/www.accidentdutravail-idf.net\/blog\/"},{"@type":"ListItem","position":2,"name":"Journ\u00e9e mondiale 2026 de la s\u00e9curit\u00e9 et de la sant\u00e9 au travail"}]},{"@type":"WebSite","@id":"https:\/\/www.accidentdutravail-idf.net\/blog\/#website","url":"https:\/\/www.accidentdutravail-idf.net\/blog\/","name":"ACCIDENTDUTRAVAIL-IDF","description":"Portail accidents du travail-maladies professionnelles des entreprises d&#039;Ile-de-France","publisher":{"@id":"https:\/\/www.accidentdutravail-idf.net\/blog\/#organization"},"potentialAction":[{"@type":"SearchAction","target":{"@type":"EntryPoint","urlTemplate":"https:\/\/www.accidentdutravail-idf.net\/blog\/?s={search_term_string}"},"query-input":{"@type":"PropertyValueSpecification","valueRequired":true,"valueName":"search_term_string"}}],"inLanguage":"fr-FR"},{"@type":"Organization","@id":"https:\/\/www.accidentdutravail-idf.net\/blog\/#organization","name":"accidentdutravail-idf","url":"https:\/\/www.accidentdutravail-idf.net\/blog\/","logo":{"@type":"ImageObject","inLanguage":"fr-FR","@id":"https:\/\/www.accidentdutravail-idf.net\/blog\/#\/schema\/logo\/image\/","url":"https:\/\/www.accidentdutravail-idf.net\/blog\/wp-content\/uploads\/2022\/09\/logo-2.png","contentUrl":"https:\/\/www.accidentdutravail-idf.net\/blog\/wp-content\/uploads\/2022\/09\/logo-2.png","width":380,"height":291,"caption":"accidentdutravail-idf"},"image":{"@id":"https:\/\/www.accidentdutravail-idf.net\/blog\/#\/schema\/logo\/image\/"}},{"@type":"Person","@id":"https:\/\/www.accidentdutravail-idf.net\/blog\/#\/schema\/person\/3255d2f970de45e64bd9201f38e7b947","name":"Carlos Poulain","image":{"@type":"ImageObject","inLanguage":"fr-FR","@id":"https:\/\/secure.gravatar.com\/avatar\/b1c2f9d3588e34e91adb093635df64ef4b2381991216be7576466cfcdca4baf3?s=96&d=mm&r=g","url":"https:\/\/secure.gravatar.com\/avatar\/b1c2f9d3588e34e91adb093635df64ef4b2381991216be7576466cfcdca4baf3?s=96&d=mm&r=g","contentUrl":"https:\/\/secure.gravatar.com\/avatar\/b1c2f9d3588e34e91adb093635df64ef4b2381991216be7576466cfcdca4baf3?s=96&d=mm&r=g","caption":"Carlos Poulain"},"url":"https:\/\/www.accidentdutravail-idf.net\/blog\/author\/idfcarlos\/"}]}},"_links":{"self":[{"href":"https:\/\/www.accidentdutravail-idf.net\/blog\/wp-json\/wp\/v2\/posts\/2348","targetHints":{"allow":["GET"]}}],"collection":[{"href":"https:\/\/www.accidentdutravail-idf.net\/blog\/wp-json\/wp\/v2\/posts"}],"about":[{"href":"https:\/\/www.accidentdutravail-idf.net\/blog\/wp-json\/wp\/v2\/types\/post"}],"author":[{"embeddable":true,"href":"https:\/\/www.accidentdutravail-idf.net\/blog\/wp-json\/wp\/v2\/users\/2"}],"replies":[{"embeddable":true,"href":"https:\/\/www.accidentdutravail-idf.net\/blog\/wp-json\/wp\/v2\/comments?post=2348"}],"version-history":[{"count":0,"href":"https:\/\/www.accidentdutravail-idf.net\/blog\/wp-json\/wp\/v2\/posts\/2348\/revisions"}],"wp:attachment":[{"href":"https:\/\/www.accidentdutravail-idf.net\/blog\/wp-json\/wp\/v2\/media?parent=2348"}],"wp:term":[{"taxonomy":"category","embeddable":true,"href":"https:\/\/www.accidentdutravail-idf.net\/blog\/wp-json\/wp\/v2\/categories?post=2348"},{"taxonomy":"post_tag","embeddable":true,"href":"https:\/\/www.accidentdutravail-idf.net\/blog\/wp-json\/wp\/v2\/tags?post=2348"}],"curies":[{"name":"wp","href":"https:\/\/api.w.org\/{rel}","templated":true}]}}