{"id":2347,"date":"2026-04-22T05:12:00","date_gmt":"2026-04-22T03:12:00","guid":{"rendered":"https:\/\/www.accidentdutravail-idf.net\/blog\/mort-au-travail-chez-lustucru-pres-de-lyon-un-drame-de-lexploitation-capitaliste-denonce-la-cgt\/"},"modified":"2026-04-22T05:12:00","modified_gmt":"2026-04-22T03:12:00","slug":"mort-au-travail-chez-lustucru-pres-de-lyon-un-drame-de-lexploitation-capitaliste-denonce-la-cgt","status":"publish","type":"post","link":"https:\/\/www.accidentdutravail-idf.net\/blog\/mort-au-travail-chez-lustucru-pres-de-lyon-un-drame-de-lexploitation-capitaliste-denonce-la-cgt\/","title":{"rendered":"Mort au travail chez Lustucru pr\u00e8s de Lyon : un drame \u00ab\u00a0de l\u2019exploitation capitaliste\u00a0\u00bb, d\u00e9nonce la CGT"},"content":{"rendered":"<div><img decoding=\"async\" src=\"https:\/\/www.accidentdutravail-idf.net\/blog\/wp-content\/uploads\/2026\/04\/mort-au-travail-chez-lustucru-pres-de-lyon-un-drame-de-lexploitation-capitaliste-denonce-la-cgt.jpg\" class=\"ff-og-image-inserted\"><\/div>\n<div>\n<p class=\"content\">La CGT agroalimentaire estime que la mort du jeune homme de 22 ans survenue sur le site Lustucru \u00e0 Saint-Genis-Laval (Rh\u00f4ne) est <em>\u00ab\u00a0une des cons\u00e9quences directes de la gestion impos\u00e9e par le patronat.\u00a0\u00bb<\/em><\/p>\n<\/div>\n<p>La col\u00e8re et la tristesse sont toujours vives. Apr\u00e8s la mort d\u2019un jeune homme int\u00e9rimaire de 22 ans, happ\u00e9 par un laminoir \u00e0 p\u00e2tes dans la nuit du 17 au 18 avril sur le site Lustucru Frais \u00e0 Saint-Genis-Laval, la F\u00e9d\u00e9ration nationale de la CGT agroalimentaire estime dans un <a href=\"https:\/\/fnaf-cgt.fr\/2026\/04\/21\/lustucru-frais-69-mort-pour-le-profit\/\" target=\"_blank\" rel=\"noreferrer noopener nofollow\">communiqu\u00e9 <\/a>diffus\u00e9 ce mardi qu\u2019il s\u2019agit <em>\u00ab\u00a0d\u2019une des cons\u00e9quences de la gestion impos\u00e9e par le patronat aux travailleurs\u00a0\u00bb<\/em> et adresse ses <em>\u00ab\u00a0pens\u00e9es\u00a0\u00bb<\/em> \u00e0 la famille et aux coll\u00e8gues de la victime.<\/p>\n<p><strong>Lire aussi :<\/strong> <a href=\"https:\/\/www.lyoncapitale.fr\/actualite\/saint-genis-laval-un-employe-d-une-usine-lustucru-decede-dans-un-accident\" target=\"_blank\" rel=\"noreferrer noopener nofollow\">Saint-Genis-Laval : un employ\u00e9 d&rsquo;une usine Lustucru d\u00e9c\u00e8de dans un accident<\/a><\/p>\n<h2 class=\"wp-block-heading\">Le PDG de Lustucru <em>\u00ab\u00a0n\u2019a pas daign\u00e9 se d\u00e9placer\u00a0\u00bb<\/em> au CSE ce lundi<\/h2>\n<p>Un <em>\u00ab\u00a0drame de l\u2019exploitation capitaliste\u00a0\u00bb<\/em>, souligne encore le syndicat, alors que <em>\u00ab\u00a0pour maintenir et augmenter leur taux de profit, les patrons de l\u2019agroalimentaire n\u2019ont que faire de la r\u00e9glementation, de leurs obligations envers les salari\u00e9s et sont pr\u00eats \u00e0 tout.\u00a0\u00bb<\/em> Sur le site install\u00e9 au sud de Lyon, la direction <em>\u00ab\u00a0multiplie en permanence les entraves \u00e0 l\u2019activit\u00e9 syndicale et au d\u00e9roulement du mandat des \u00e9lus CGT au comit\u00e9 social et \u00e9conomique (CSE), qui n\u2019ont de cesse de pointer les probl\u00e9matiques de s\u00e9curit\u00e9 dans l\u2019usine\u00a0\u00bb<\/em>, \u00e9crit-il toujours. Et d\u2019ajouter : <em>\u00ab\u00a0Le dernier courrier de notre union syndicale r\u00e9gionale agroalimentaire et foresti\u00e8re du 20 mars 2026 pour des faits de discriminations syndicales et d\u2019entraves graves au d\u00e9roulement du mandat de notre d\u00e9l\u00e9gu\u00e9 syndical est toujours sans r\u00e9ponse.\u00a0\u00bb<\/em><\/p>\n<p>Un manque de consid\u00e9ration de la part de la direction qui se traduirait par <em>\u00ab\u00a0des conditions de travail d\u00e9grad\u00e9es, des cadences infernales, des salaires bas, le travail de nuit, des accidents du travail, un non-acc\u00e8s \u00e0 une formation professionnelle qualifiante reconnue dans les classifications et le salaire\u00a0\u00bb<\/em>, tance toujours la CGT agroalimentaire. Qui pr\u00e9cise par ailleurs que le PDG de Lustucru n\u2019aurait particip\u00e9 qu\u2019\u00e0 <em>\u00ab\u00a05 minutes en visio\u00a0\u00bb<\/em> et n\u2019a pas <em>\u00ab\u00a0daign\u00e9 se d\u00e9placer\u00a0\u00bb<\/em> lors du CSE qui s\u2019est tenu lundi. <em>\u00ab\u00a0M\u00e9pris patronal sans borne !\u00a0\u00bb<\/em>, lance l\u2019organisation syndicale.<\/p>\n<h2 class=\"wp-block-heading\"><em>\u00ab\u00a0Il doit \u00eatre fait imm\u00e9diatement la mise en conformit\u00e9 de toutes les machines\u00a0\u00bb<\/em><\/h2>\n<p>Avant la reprise de l\u2019activit\u00e9 sur le site, la CGT demande <em>\u00ab\u00a0imm\u00e9diatement la mise en conformit\u00e9 de toutes les machines\u00a0\u00bb<\/em> ainsi que <em>\u00ab\u00a0les r\u00e9parations de toutes les non-conformit\u00e9s pr\u00e9sentes dans l\u2019usine\u00a0\u00bb<\/em> et <em>\u00ab\u00a0des moyens et le respect des droits des \u00e9lus pour effectuer leur mandat dans de bonnes conditions.\u00a0\u00bb<\/em> Elle conclut : <em>\u00ab\u00a0La direction doit \u00eatre mise devant ses responsabilit\u00e9s accablantes et notamment r\u00e9pondre \u00e0 la question : pourquoi une usine de fabrication de p\u00e2tes devrait-elle tourner la nuit alors que ce n\u2019est pas une activit\u00e9 essentielle, si ce n\u2019est pour faire du profit ?\u00a0\u00bb<\/em><\/p>\n<p>Lundi, <a href=\"https:\/\/www.lyoncapitale.fr\/actualite\/mort-au-travail-dans-une-usine-lustucru-au-sud-de-lyon-il-nous-faudra-comprendre-comment-un-tel-drame-a-ete-rendu-possible\" target=\"_blank\" rel=\"noreferrer noopener nofollow\">la direction de Lustucru<\/a> assurait \u00e0 nos confr\u00e8res du Progr\u00e8s que <em>\u00ab\u00a0la s\u00e9curit\u00e9\u00a0\u00bb <\/em>de ses collaborateurs <em>\u00ab\u00a0a toujours \u00e9t\u00e9 et demeure une priorit\u00e9 absolue de l\u2019entreprise\u00a0\u00bb<\/em> et ajoutait qu\u2019il <em>\u00ab\u00a0faudra donc comprendre comment un tel drame a \u00e9t\u00e9 rendu possible.\u00a0\u00bb<\/em><\/p>\n<p>Le site est toujours ferm\u00e9 ce mercredi et les 150 employ\u00e9s restent au ch\u00f4mage technique.<\/p>\n<p><strong>Lire aussi :<\/strong> <a href=\"https:\/\/www.lyoncapitale.fr\/actualite\/mort-au-travail-dans-une-usine-lustucru-au-sud-de-lyon-il-nous-faudra-comprendre-comment-un-tel-drame-a-ete-rendu-possible\" target=\"_blank\" rel=\"noreferrer noopener nofollow\">Mort dans une usine Lustucru au sud de Lyon : \u00ab\u00a0Il nous faudra comprendre comment un tel drame a \u00e9t\u00e9 rendu possible\u00a0\u00bb<\/a><\/p>\n<p> accidentdutravail-idf.net vous a pr\u00e9par\u00e9 ce post qui informe du sujet \u00ab\u00a0Association Sportive Huisson-Longueville Essonne\u00a0\u00bb. La chronique se veut g\u00e9n\u00e9r\u00e9e du mieux possible. Vous pouvez utiliser les coordonn\u00e9es indiqu\u00e9es sur le site dans le but d\u2019apporter des explications sur ce post qui parle du th\u00e8me \u00ab\u00a0Association Sportive Huisson-Longueville Essonne\u00a0\u00bb. Le site accidentdutravail-idf.net a pour but de fournir diverses publications sur la th\u00e9matique Association Sportive Huisson-Longueville Essonne diffus\u00e9es sur le net. Il y aura plusieurs articles autour du sujet \u00ab\u00a0Association Sportive Huisson-Longueville Essonne\u00a0\u00bb dans quelques jours, nous vous invitons \u00e0 naviguer sur notre site web \u00e0 plusieurs reprises.<\/p>\n","protected":false},"excerpt":{"rendered":"<p>La CGT agroalimentaire estime que la mort du jeune homme de 22 ans survenue sur le site Lustucru \u00e0 Saint-Genis-Laval (Rh\u00f4ne) est \u00ab\u00a0une des cons\u00e9quences directes de la gestion impos\u00e9e par le patronat.\u00a0\u00bb La col\u00e8re et la tristesse sont toujours vives. Apr\u00e8s la mort d\u2019un jeune homme int\u00e9rimaire de 22 ans, happ\u00e9 par un laminoir &hellip; <\/p>\n<p class=\"link-more\"><a href=\"https:\/\/www.accidentdutravail-idf.net\/blog\/mort-au-travail-chez-lustucru-pres-de-lyon-un-drame-de-lexploitation-capitaliste-denonce-la-cgt\/\" class=\"more-link\">Continuer la lecture <span class=\"screen-reader-text\"> \u00ab\u00a0Mort au travail chez Lustucru pr\u00e8s de Lyon : un drame \u00ab\u00a0de l\u2019exploitation capitaliste\u00a0\u00bb, d\u00e9nonce la CGT\u00a0\u00bb<\/span><\/a><\/p>\n","protected":false},"author":2,"featured_media":0,"comment_status":"closed","ping_status":"closed","sticky":false,"template":"","format":"standard","meta":{"footnotes":""},"categories":[5],"tags":[],"class_list":["post-2347","post","type-post","status-publish","format-standard","hentry","category-securite-du-travail-en-ile-de-france-et-divers","entry"],"yoast_head":"<!-- This site is optimized with the Yoast SEO plugin v27.5 - https:\/\/yoast.com\/product\/yoast-seo-wordpress\/ -->\n<title>Mort au travail chez Lustucru pr\u00e8s de Lyon : un drame &quot;de l\u2019exploitation capitaliste&quot;, d\u00e9nonce la CGT - ACCIDENTDUTRAVAIL-IDF<\/title>\n<meta name=\"description\" content=\"Mort au travail chez Lustucru pr\u00e8s de Lyon : un drame &quot;de l\u2019exploitation capitaliste&quot;, d\u00e9nonce la CGT article de ACCIDENTDUTRAVAIL-IDF\" \/>\n<meta name=\"robots\" content=\"index, follow, max-snippet:-1, max-image-preview:large, max-video-preview:-1\" \/>\n<link rel=\"canonical\" href=\"https:\/\/www.accidentdutravail-idf.net\/blog\/mort-au-travail-chez-lustucru-pres-de-lyon-un-drame-de-lexploitation-capitaliste-denonce-la-cgt\/\" \/>\n<meta property=\"og:locale\" content=\"fr_FR\" \/>\n<meta property=\"og:type\" content=\"article\" \/>\n<meta property=\"og:title\" content=\"Mort au travail chez Lustucru pr\u00e8s de Lyon : un drame &quot;de l\u2019exploitation capitaliste&quot;, d\u00e9nonce la CGT - ACCIDENTDUTRAVAIL-IDF\" \/>\n<meta property=\"og:description\" content=\"Mort au travail chez Lustucru pr\u00e8s de Lyon : un drame &quot;de l\u2019exploitation capitaliste&quot;, d\u00e9nonce la CGT article de ACCIDENTDUTRAVAIL-IDF\" \/>\n<meta property=\"og:url\" content=\"https:\/\/www.accidentdutravail-idf.net\/blog\/mort-au-travail-chez-lustucru-pres-de-lyon-un-drame-de-lexploitation-capitaliste-denonce-la-cgt\/\" \/>\n<meta property=\"og:site_name\" content=\"ACCIDENTDUTRAVAIL-IDF\" \/>\n<meta property=\"article:published_time\" content=\"2026-04-22T03:12:00+00:00\" \/>\n<meta property=\"og:image\" content=\"https:\/\/www.accidentdutravail-idf.net\/blog\/wp-content\/uploads\/2026\/04\/mort-au-travail-chez-lustucru-pres-de-lyon-un-drame-de-lexploitation-capitaliste-denonce-la-cgt.jpg\" \/>\n<meta name=\"author\" content=\"Carlos Poulain\" \/>\n<meta name=\"twitter:card\" content=\"summary_large_image\" \/>\n<meta name=\"twitter:label1\" content=\"\u00c9crit par\" \/>\n\t<meta name=\"twitter:data1\" content=\"Carlos Poulain\" \/>\n\t<meta name=\"twitter:label2\" content=\"Dur\u00e9e de lecture estim\u00e9e\" \/>\n\t<meta name=\"twitter:data2\" content=\"3 minutes\" \/>\n<script type=\"application\/ld+json\" class=\"yoast-schema-graph\">{\"@context\":\"https:\\\/\\\/schema.org\",\"@graph\":[{\"@type\":\"Article\",\"@id\":\"https:\\\/\\\/www.accidentdutravail-idf.net\\\/blog\\\/mort-au-travail-chez-lustucru-pres-de-lyon-un-drame-de-lexploitation-capitaliste-denonce-la-cgt\\\/#article\",\"isPartOf\":{\"@id\":\"https:\\\/\\\/www.accidentdutravail-idf.net\\\/blog\\\/mort-au-travail-chez-lustucru-pres-de-lyon-un-drame-de-lexploitation-capitaliste-denonce-la-cgt\\\/\"},\"author\":{\"name\":\"Carlos Poulain\",\"@id\":\"https:\\\/\\\/www.accidentdutravail-idf.net\\\/blog\\\/#\\\/schema\\\/person\\\/3255d2f970de45e64bd9201f38e7b947\"},\"headline\":\"Mort au travail chez Lustucru pr\u00e8s de Lyon : un drame \u00ab\u00a0de l\u2019exploitation capitaliste\u00a0\u00bb, d\u00e9nonce la CGT\",\"datePublished\":\"2026-04-22T03:12:00+00:00\",\"mainEntityOfPage\":{\"@id\":\"https:\\\/\\\/www.accidentdutravail-idf.net\\\/blog\\\/mort-au-travail-chez-lustucru-pres-de-lyon-un-drame-de-lexploitation-capitaliste-denonce-la-cgt\\\/\"},\"wordCount\":713,\"publisher\":{\"@id\":\"https:\\\/\\\/www.accidentdutravail-idf.net\\\/blog\\\/#organization\"},\"image\":{\"@id\":\"https:\\\/\\\/www.accidentdutravail-idf.net\\\/blog\\\/mort-au-travail-chez-lustucru-pres-de-lyon-un-drame-de-lexploitation-capitaliste-denonce-la-cgt\\\/#primaryimage\"},\"thumbnailUrl\":\"https:\\\/\\\/www.accidentdutravail-idf.net\\\/blog\\\/wp-content\\\/uploads\\\/2026\\\/04\\\/mort-au-travail-chez-lustucru-pres-de-lyon-un-drame-de-lexploitation-capitaliste-denonce-la-cgt.jpg\",\"articleSection\":[\"S\u00e9curit\u00e9 Du Travail En Ile-De-France Et Divers:\"],\"inLanguage\":\"fr-FR\"},{\"@type\":\"WebPage\",\"@id\":\"https:\\\/\\\/www.accidentdutravail-idf.net\\\/blog\\\/mort-au-travail-chez-lustucru-pres-de-lyon-un-drame-de-lexploitation-capitaliste-denonce-la-cgt\\\/\",\"url\":\"https:\\\/\\\/www.accidentdutravail-idf.net\\\/blog\\\/mort-au-travail-chez-lustucru-pres-de-lyon-un-drame-de-lexploitation-capitaliste-denonce-la-cgt\\\/\",\"name\":\"Mort au travail chez Lustucru pr\u00e8s de Lyon : un drame \\\"de l\u2019exploitation capitaliste\\\", d\u00e9nonce la CGT - ACCIDENTDUTRAVAIL-IDF\",\"isPartOf\":{\"@id\":\"https:\\\/\\\/www.accidentdutravail-idf.net\\\/blog\\\/#website\"},\"primaryImageOfPage\":{\"@id\":\"https:\\\/\\\/www.accidentdutravail-idf.net\\\/blog\\\/mort-au-travail-chez-lustucru-pres-de-lyon-un-drame-de-lexploitation-capitaliste-denonce-la-cgt\\\/#primaryimage\"},\"image\":{\"@id\":\"https:\\\/\\\/www.accidentdutravail-idf.net\\\/blog\\\/mort-au-travail-chez-lustucru-pres-de-lyon-un-drame-de-lexploitation-capitaliste-denonce-la-cgt\\\/#primaryimage\"},\"thumbnailUrl\":\"https:\\\/\\\/www.accidentdutravail-idf.net\\\/blog\\\/wp-content\\\/uploads\\\/2026\\\/04\\\/mort-au-travail-chez-lustucru-pres-de-lyon-un-drame-de-lexploitation-capitaliste-denonce-la-cgt.jpg\",\"datePublished\":\"2026-04-22T03:12:00+00:00\",\"description\":\"Mort au travail chez Lustucru pr\u00e8s de Lyon : un drame \\\"de l\u2019exploitation capitaliste\\\", d\u00e9nonce la CGT article de ACCIDENTDUTRAVAIL-IDF\",\"breadcrumb\":{\"@id\":\"https:\\\/\\\/www.accidentdutravail-idf.net\\\/blog\\\/mort-au-travail-chez-lustucru-pres-de-lyon-un-drame-de-lexploitation-capitaliste-denonce-la-cgt\\\/#breadcrumb\"},\"inLanguage\":\"fr-FR\",\"potentialAction\":[{\"@type\":\"ReadAction\",\"target\":[\"https:\\\/\\\/www.accidentdutravail-idf.net\\\/blog\\\/mort-au-travail-chez-lustucru-pres-de-lyon-un-drame-de-lexploitation-capitaliste-denonce-la-cgt\\\/\"]}]},{\"@type\":\"ImageObject\",\"inLanguage\":\"fr-FR\",\"@id\":\"https:\\\/\\\/www.accidentdutravail-idf.net\\\/blog\\\/mort-au-travail-chez-lustucru-pres-de-lyon-un-drame-de-lexploitation-capitaliste-denonce-la-cgt\\\/#primaryimage\",\"url\":\"https:\\\/\\\/www.accidentdutravail-idf.net\\\/blog\\\/wp-content\\\/uploads\\\/2026\\\/04\\\/mort-au-travail-chez-lustucru-pres-de-lyon-un-drame-de-lexploitation-capitaliste-denonce-la-cgt.jpg\",\"contentUrl\":\"https:\\\/\\\/www.accidentdutravail-idf.net\\\/blog\\\/wp-content\\\/uploads\\\/2026\\\/04\\\/mort-au-travail-chez-lustucru-pres-de-lyon-un-drame-de-lexploitation-capitaliste-denonce-la-cgt.jpg\"},{\"@type\":\"BreadcrumbList\",\"@id\":\"https:\\\/\\\/www.accidentdutravail-idf.net\\\/blog\\\/mort-au-travail-chez-lustucru-pres-de-lyon-un-drame-de-lexploitation-capitaliste-denonce-la-cgt\\\/#breadcrumb\",\"itemListElement\":[{\"@type\":\"ListItem\",\"position\":1,\"name\":\"Accueil\",\"item\":\"https:\\\/\\\/www.accidentdutravail-idf.net\\\/blog\\\/\"},{\"@type\":\"ListItem\",\"position\":2,\"name\":\"Mort au travail chez Lustucru pr\u00e8s de Lyon : un drame \u00ab\u00a0de l\u2019exploitation capitaliste\u00a0\u00bb, d\u00e9nonce la CGT\"}]},{\"@type\":\"WebSite\",\"@id\":\"https:\\\/\\\/www.accidentdutravail-idf.net\\\/blog\\\/#website\",\"url\":\"https:\\\/\\\/www.accidentdutravail-idf.net\\\/blog\\\/\",\"name\":\"ACCIDENTDUTRAVAIL-IDF\",\"description\":\"Portail accidents du travail-maladies professionnelles des entreprises d&#039;Ile-de-France\",\"publisher\":{\"@id\":\"https:\\\/\\\/www.accidentdutravail-idf.net\\\/blog\\\/#organization\"},\"potentialAction\":[{\"@type\":\"SearchAction\",\"target\":{\"@type\":\"EntryPoint\",\"urlTemplate\":\"https:\\\/\\\/www.accidentdutravail-idf.net\\\/blog\\\/?s={search_term_string}\"},\"query-input\":{\"@type\":\"PropertyValueSpecification\",\"valueRequired\":true,\"valueName\":\"search_term_string\"}}],\"inLanguage\":\"fr-FR\"},{\"@type\":\"Organization\",\"@id\":\"https:\\\/\\\/www.accidentdutravail-idf.net\\\/blog\\\/#organization\",\"name\":\"accidentdutravail-idf\",\"url\":\"https:\\\/\\\/www.accidentdutravail-idf.net\\\/blog\\\/\",\"logo\":{\"@type\":\"ImageObject\",\"inLanguage\":\"fr-FR\",\"@id\":\"https:\\\/\\\/www.accidentdutravail-idf.net\\\/blog\\\/#\\\/schema\\\/logo\\\/image\\\/\",\"url\":\"https:\\\/\\\/www.accidentdutravail-idf.net\\\/blog\\\/wp-content\\\/uploads\\\/2022\\\/09\\\/logo-2.png\",\"contentUrl\":\"https:\\\/\\\/www.accidentdutravail-idf.net\\\/blog\\\/wp-content\\\/uploads\\\/2022\\\/09\\\/logo-2.png\",\"width\":380,\"height\":291,\"caption\":\"accidentdutravail-idf\"},\"image\":{\"@id\":\"https:\\\/\\\/www.accidentdutravail-idf.net\\\/blog\\\/#\\\/schema\\\/logo\\\/image\\\/\"}},{\"@type\":\"Person\",\"@id\":\"https:\\\/\\\/www.accidentdutravail-idf.net\\\/blog\\\/#\\\/schema\\\/person\\\/3255d2f970de45e64bd9201f38e7b947\",\"name\":\"Carlos Poulain\",\"image\":{\"@type\":\"ImageObject\",\"inLanguage\":\"fr-FR\",\"@id\":\"https:\\\/\\\/secure.gravatar.com\\\/avatar\\\/b1c2f9d3588e34e91adb093635df64ef4b2381991216be7576466cfcdca4baf3?s=96&d=mm&r=g\",\"url\":\"https:\\\/\\\/secure.gravatar.com\\\/avatar\\\/b1c2f9d3588e34e91adb093635df64ef4b2381991216be7576466cfcdca4baf3?s=96&d=mm&r=g\",\"contentUrl\":\"https:\\\/\\\/secure.gravatar.com\\\/avatar\\\/b1c2f9d3588e34e91adb093635df64ef4b2381991216be7576466cfcdca4baf3?s=96&d=mm&r=g\",\"caption\":\"Carlos Poulain\"},\"url\":\"https:\\\/\\\/www.accidentdutravail-idf.net\\\/blog\\\/author\\\/idfcarlos\\\/\"}]}<\/script>\n<!-- \/ Yoast SEO plugin. -->","yoast_head_json":{"title":"Mort au travail chez Lustucru pr\u00e8s de Lyon : un drame \"de l\u2019exploitation capitaliste\", d\u00e9nonce la CGT - ACCIDENTDUTRAVAIL-IDF","description":"Mort au travail chez Lustucru pr\u00e8s de Lyon : un drame \"de l\u2019exploitation capitaliste\", d\u00e9nonce la CGT article de ACCIDENTDUTRAVAIL-IDF","robots":{"index":"index","follow":"follow","max-snippet":"max-snippet:-1","max-image-preview":"max-image-preview:large","max-video-preview":"max-video-preview:-1"},"canonical":"https:\/\/www.accidentdutravail-idf.net\/blog\/mort-au-travail-chez-lustucru-pres-de-lyon-un-drame-de-lexploitation-capitaliste-denonce-la-cgt\/","og_locale":"fr_FR","og_type":"article","og_title":"Mort au travail chez Lustucru pr\u00e8s de Lyon : un drame \"de l\u2019exploitation capitaliste\", d\u00e9nonce la CGT - ACCIDENTDUTRAVAIL-IDF","og_description":"Mort au travail chez Lustucru pr\u00e8s de Lyon : un drame \"de l\u2019exploitation capitaliste\", d\u00e9nonce la CGT article de ACCIDENTDUTRAVAIL-IDF","og_url":"https:\/\/www.accidentdutravail-idf.net\/blog\/mort-au-travail-chez-lustucru-pres-de-lyon-un-drame-de-lexploitation-capitaliste-denonce-la-cgt\/","og_site_name":"ACCIDENTDUTRAVAIL-IDF","article_published_time":"2026-04-22T03:12:00+00:00","og_image":[{"url":"https:\/\/www.accidentdutravail-idf.net\/blog\/wp-content\/uploads\/2026\/04\/mort-au-travail-chez-lustucru-pres-de-lyon-un-drame-de-lexploitation-capitaliste-denonce-la-cgt.jpg","type":"","width":"","height":""}],"author":"Carlos Poulain","twitter_card":"summary_large_image","twitter_misc":{"\u00c9crit par":"Carlos Poulain","Dur\u00e9e de lecture estim\u00e9e":"3 minutes"},"schema":{"@context":"https:\/\/schema.org","@graph":[{"@type":"Article","@id":"https:\/\/www.accidentdutravail-idf.net\/blog\/mort-au-travail-chez-lustucru-pres-de-lyon-un-drame-de-lexploitation-capitaliste-denonce-la-cgt\/#article","isPartOf":{"@id":"https:\/\/www.accidentdutravail-idf.net\/blog\/mort-au-travail-chez-lustucru-pres-de-lyon-un-drame-de-lexploitation-capitaliste-denonce-la-cgt\/"},"author":{"name":"Carlos Poulain","@id":"https:\/\/www.accidentdutravail-idf.net\/blog\/#\/schema\/person\/3255d2f970de45e64bd9201f38e7b947"},"headline":"Mort au travail chez Lustucru pr\u00e8s de Lyon : un drame \u00ab\u00a0de l\u2019exploitation capitaliste\u00a0\u00bb, d\u00e9nonce la CGT","datePublished":"2026-04-22T03:12:00+00:00","mainEntityOfPage":{"@id":"https:\/\/www.accidentdutravail-idf.net\/blog\/mort-au-travail-chez-lustucru-pres-de-lyon-un-drame-de-lexploitation-capitaliste-denonce-la-cgt\/"},"wordCount":713,"publisher":{"@id":"https:\/\/www.accidentdutravail-idf.net\/blog\/#organization"},"image":{"@id":"https:\/\/www.accidentdutravail-idf.net\/blog\/mort-au-travail-chez-lustucru-pres-de-lyon-un-drame-de-lexploitation-capitaliste-denonce-la-cgt\/#primaryimage"},"thumbnailUrl":"https:\/\/www.accidentdutravail-idf.net\/blog\/wp-content\/uploads\/2026\/04\/mort-au-travail-chez-lustucru-pres-de-lyon-un-drame-de-lexploitation-capitaliste-denonce-la-cgt.jpg","articleSection":["S\u00e9curit\u00e9 Du Travail En Ile-De-France Et Divers:"],"inLanguage":"fr-FR"},{"@type":"WebPage","@id":"https:\/\/www.accidentdutravail-idf.net\/blog\/mort-au-travail-chez-lustucru-pres-de-lyon-un-drame-de-lexploitation-capitaliste-denonce-la-cgt\/","url":"https:\/\/www.accidentdutravail-idf.net\/blog\/mort-au-travail-chez-lustucru-pres-de-lyon-un-drame-de-lexploitation-capitaliste-denonce-la-cgt\/","name":"Mort au travail chez Lustucru pr\u00e8s de Lyon : un drame \"de l\u2019exploitation capitaliste\", d\u00e9nonce la CGT - ACCIDENTDUTRAVAIL-IDF","isPartOf":{"@id":"https:\/\/www.accidentdutravail-idf.net\/blog\/#website"},"primaryImageOfPage":{"@id":"https:\/\/www.accidentdutravail-idf.net\/blog\/mort-au-travail-chez-lustucru-pres-de-lyon-un-drame-de-lexploitation-capitaliste-denonce-la-cgt\/#primaryimage"},"image":{"@id":"https:\/\/www.accidentdutravail-idf.net\/blog\/mort-au-travail-chez-lustucru-pres-de-lyon-un-drame-de-lexploitation-capitaliste-denonce-la-cgt\/#primaryimage"},"thumbnailUrl":"https:\/\/www.accidentdutravail-idf.net\/blog\/wp-content\/uploads\/2026\/04\/mort-au-travail-chez-lustucru-pres-de-lyon-un-drame-de-lexploitation-capitaliste-denonce-la-cgt.jpg","datePublished":"2026-04-22T03:12:00+00:00","description":"Mort au travail chez Lustucru pr\u00e8s de Lyon : un drame \"de l\u2019exploitation capitaliste\", d\u00e9nonce la CGT article de ACCIDENTDUTRAVAIL-IDF","breadcrumb":{"@id":"https:\/\/www.accidentdutravail-idf.net\/blog\/mort-au-travail-chez-lustucru-pres-de-lyon-un-drame-de-lexploitation-capitaliste-denonce-la-cgt\/#breadcrumb"},"inLanguage":"fr-FR","potentialAction":[{"@type":"ReadAction","target":["https:\/\/www.accidentdutravail-idf.net\/blog\/mort-au-travail-chez-lustucru-pres-de-lyon-un-drame-de-lexploitation-capitaliste-denonce-la-cgt\/"]}]},{"@type":"ImageObject","inLanguage":"fr-FR","@id":"https:\/\/www.accidentdutravail-idf.net\/blog\/mort-au-travail-chez-lustucru-pres-de-lyon-un-drame-de-lexploitation-capitaliste-denonce-la-cgt\/#primaryimage","url":"https:\/\/www.accidentdutravail-idf.net\/blog\/wp-content\/uploads\/2026\/04\/mort-au-travail-chez-lustucru-pres-de-lyon-un-drame-de-lexploitation-capitaliste-denonce-la-cgt.jpg","contentUrl":"https:\/\/www.accidentdutravail-idf.net\/blog\/wp-content\/uploads\/2026\/04\/mort-au-travail-chez-lustucru-pres-de-lyon-un-drame-de-lexploitation-capitaliste-denonce-la-cgt.jpg"},{"@type":"BreadcrumbList","@id":"https:\/\/www.accidentdutravail-idf.net\/blog\/mort-au-travail-chez-lustucru-pres-de-lyon-un-drame-de-lexploitation-capitaliste-denonce-la-cgt\/#breadcrumb","itemListElement":[{"@type":"ListItem","position":1,"name":"Accueil","item":"https:\/\/www.accidentdutravail-idf.net\/blog\/"},{"@type":"ListItem","position":2,"name":"Mort au travail chez Lustucru pr\u00e8s de Lyon : un drame \u00ab\u00a0de l\u2019exploitation capitaliste\u00a0\u00bb, d\u00e9nonce la CGT"}]},{"@type":"WebSite","@id":"https:\/\/www.accidentdutravail-idf.net\/blog\/#website","url":"https:\/\/www.accidentdutravail-idf.net\/blog\/","name":"ACCIDENTDUTRAVAIL-IDF","description":"Portail accidents du travail-maladies professionnelles des entreprises d&#039;Ile-de-France","publisher":{"@id":"https:\/\/www.accidentdutravail-idf.net\/blog\/#organization"},"potentialAction":[{"@type":"SearchAction","target":{"@type":"EntryPoint","urlTemplate":"https:\/\/www.accidentdutravail-idf.net\/blog\/?s={search_term_string}"},"query-input":{"@type":"PropertyValueSpecification","valueRequired":true,"valueName":"search_term_string"}}],"inLanguage":"fr-FR"},{"@type":"Organization","@id":"https:\/\/www.accidentdutravail-idf.net\/blog\/#organization","name":"accidentdutravail-idf","url":"https:\/\/www.accidentdutravail-idf.net\/blog\/","logo":{"@type":"ImageObject","inLanguage":"fr-FR","@id":"https:\/\/www.accidentdutravail-idf.net\/blog\/#\/schema\/logo\/image\/","url":"https:\/\/www.accidentdutravail-idf.net\/blog\/wp-content\/uploads\/2022\/09\/logo-2.png","contentUrl":"https:\/\/www.accidentdutravail-idf.net\/blog\/wp-content\/uploads\/2022\/09\/logo-2.png","width":380,"height":291,"caption":"accidentdutravail-idf"},"image":{"@id":"https:\/\/www.accidentdutravail-idf.net\/blog\/#\/schema\/logo\/image\/"}},{"@type":"Person","@id":"https:\/\/www.accidentdutravail-idf.net\/blog\/#\/schema\/person\/3255d2f970de45e64bd9201f38e7b947","name":"Carlos Poulain","image":{"@type":"ImageObject","inLanguage":"fr-FR","@id":"https:\/\/secure.gravatar.com\/avatar\/b1c2f9d3588e34e91adb093635df64ef4b2381991216be7576466cfcdca4baf3?s=96&d=mm&r=g","url":"https:\/\/secure.gravatar.com\/avatar\/b1c2f9d3588e34e91adb093635df64ef4b2381991216be7576466cfcdca4baf3?s=96&d=mm&r=g","contentUrl":"https:\/\/secure.gravatar.com\/avatar\/b1c2f9d3588e34e91adb093635df64ef4b2381991216be7576466cfcdca4baf3?s=96&d=mm&r=g","caption":"Carlos Poulain"},"url":"https:\/\/www.accidentdutravail-idf.net\/blog\/author\/idfcarlos\/"}]}},"_links":{"self":[{"href":"https:\/\/www.accidentdutravail-idf.net\/blog\/wp-json\/wp\/v2\/posts\/2347","targetHints":{"allow":["GET"]}}],"collection":[{"href":"https:\/\/www.accidentdutravail-idf.net\/blog\/wp-json\/wp\/v2\/posts"}],"about":[{"href":"https:\/\/www.accidentdutravail-idf.net\/blog\/wp-json\/wp\/v2\/types\/post"}],"author":[{"embeddable":true,"href":"https:\/\/www.accidentdutravail-idf.net\/blog\/wp-json\/wp\/v2\/users\/2"}],"replies":[{"embeddable":true,"href":"https:\/\/www.accidentdutravail-idf.net\/blog\/wp-json\/wp\/v2\/comments?post=2347"}],"version-history":[{"count":0,"href":"https:\/\/www.accidentdutravail-idf.net\/blog\/wp-json\/wp\/v2\/posts\/2347\/revisions"}],"wp:attachment":[{"href":"https:\/\/www.accidentdutravail-idf.net\/blog\/wp-json\/wp\/v2\/media?parent=2347"}],"wp:term":[{"taxonomy":"category","embeddable":true,"href":"https:\/\/www.accidentdutravail-idf.net\/blog\/wp-json\/wp\/v2\/categories?post=2347"},{"taxonomy":"post_tag","embeddable":true,"href":"https:\/\/www.accidentdutravail-idf.net\/blog\/wp-json\/wp\/v2\/tags?post=2347"}],"curies":[{"name":"wp","href":"https:\/\/api.w.org\/{rel}","templated":true}]}}