{"id":2344,"date":"2026-04-21T09:57:00","date_gmt":"2026-04-21T07:57:00","guid":{"rendered":"https:\/\/www.accidentdutravail-idf.net\/blog\/une-femme-de-45-ans-agent-municipal-heliportee-dans-un-etat-grave-apres-un-accident-du-travail-en-vendee\/"},"modified":"2026-04-21T09:57:00","modified_gmt":"2026-04-21T07:57:00","slug":"une-femme-de-45-ans-agent-municipal-heliportee-dans-un-etat-grave-apres-un-accident-du-travail-en-vendee","status":"publish","type":"post","link":"https:\/\/www.accidentdutravail-idf.net\/blog\/une-femme-de-45-ans-agent-municipal-heliportee-dans-un-etat-grave-apres-un-accident-du-travail-en-vendee\/","title":{"rendered":"Une femme de 45 ans, agent municipal, h\u00e9liport\u00e9e dans un \u00e9tat grave apr\u00e8s un accident du travail en Vend\u00e9e"},"content":{"rendered":"<div><img decoding=\"async\" src=\"https:\/\/www.accidentdutravail-idf.net\/blog\/wp-content\/uploads\/2026\/04\/une-femme-de-45-ans-agent-municipal-heliportee-dans-un-etat-grave-apres-un-accident-du-travail-en-vendee.jpg\" class=\"ff-og-image-inserted\"><\/div>\n<div class=\"ac-article-date\"> Par <strong> <a href=\"https:\/\/actu.fr\/auteur\/laurine-pollavini\" title=\"Consulter tous les articles de Laurine Pollavini\" target=\"_blank\" rel=\"nofollow\">Laurine Pollavini<\/a> <\/strong> <span> Publi\u00e9 le <time datetime=\"2026-04-21T17:57:16+02:00\"> 21 avr. 2026 \u00e0 17h57 <\/time> ; mis \u00e0 jour le 21 avr. 2026 \u00e0 19h14 <\/span>\n<\/div>\n<div class=\"ac-article-actions\"> <button type=\"button\" class=\"ac-btn ac-btn--round ac-btn--border-gray ac-btn--bookmark\" data-trk=\"{&quot;cta&quot;:{&quot;action&quot;:&quot;&quot;,&quot;category&quot;:&quot;mon compte&quot;,&quot;from&quot;:&quot;article actions&quot;,&quot;name&quot;:&quot;Voir mes articles enregistr\\u00e9s&quot;,&quot;type&quot;:&quot;cta&quot;}}\" title=\"Enregistrer l'article\" aria-label=\"Enregistrer l'article\" aria-controls=\"bookmark\" aria-expanded=\"false\"> <span class=\"sr\">Enregistrer<\/span> <\/button> <button type=\"button\" class=\"ac-btn ac-btn--round ac-btn--border-gray ac-btn--share\" data-trk=\"{&quot;menu&quot;:{&quot;name&quot;:&quot;Partager&quot;,&quot;from&quot;:&quot;D\\u00e9but article&quot;}}\" title=\"Partager l'article\" aria-controls=\"share\" aria-expanded=\"false\" aria-label=\"Partager\"> <span class=\"sr\">Partager<\/span> <\/button> <\/div>\n<p>L\u2019accident s\u2019est produit dans les ateliers des services municipaux de<b> <a href=\"https:\/\/actu.fr\/pays-de-la-loire\/saint-jean-de-monts_85234\" target=\"_blank\" rel=\"nofollow\">Saint-Jean-de-Monts<\/a> en <a href=\"https:\/\/actu.fr\/pays-de-la-loire\/vendee_85\" target=\"_blank\" rel=\"nofollow\">Vend\u00e9e<\/a>.<\/b> Mardi 21&nbsp;avril, les secours sont intervenus pour venir en aide \u00e0 une agente municipale victime d\u2019un accident du travail.<\/p>\n<h2 class=\" wall-content\">H\u00e9liport\u00e9e vers Nantes<\/h2>\n<p class=\" wall-content\">L\u2019<a href=\"https:\/\/actu.fr\/tag\/accident\" target=\"_blank\" rel=\"nofollow\">accident<\/a> s\u2019est produit avec une machine pour cribler le sable. Gravement bless\u00e9e, l\u2019agente de 45&nbsp;ans a \u00e9t\u00e9 transport\u00e9e en h\u00e9licopt\u00e8re vers le CHU de Nantes.<\/p>\n<div class=\"ac-article-to-read wall-content\">\n<p>\u00c0 lire aussi<\/p>\n<\/div>\n<p class=\" wall-content\">16 pompiers des centres de secours de Saint-Jean-de-Monts, Challans et La Roche-sur-Yon sont intervenus.<\/p>\n<p class=\" wall-content\"><i>Personnalisez votre actualit\u00e9 en ajoutant vos villes et m\u00e9dias en favori avec <a href=\"https:\/\/moncompte.actu.fr\" title=\"D\u00e9couvez Mon Actu\" rel=\"nofollow\" data-trk=\"{&quot;cta&quot;:{&quot;action&quot;:&quot;https:\\\/\\\/moncompte.actu.fr&quot;,&quot;category&quot;:&quot;mon compte&quot;,&quot;from&quot;:&quot;article footer&quot;,&quot;name&quot;:&quot;Mon actu&quot;,&quot;type&quot;:&quot;cta&quot;}}\" target=\"_blank\">Mon Actu<\/a>.<\/i><\/p>\n<p> accidentdutravail-idf.net vous a pr\u00e9par\u00e9 ce post qui informe du sujet \u00ab\u00a0Association Sportive Huisson-Longueville Essonne\u00a0\u00bb. La chronique se veut g\u00e9n\u00e9r\u00e9e du mieux possible. Vous pouvez utiliser les coordonn\u00e9es indiqu\u00e9es sur le site dans le but d\u2019apporter des explications sur ce post qui parle du th\u00e8me \u00ab\u00a0Association Sportive Huisson-Longueville Essonne\u00a0\u00bb. Le site accidentdutravail-idf.net a pour but de fournir diverses publications sur la th\u00e9matique Association Sportive Huisson-Longueville Essonne diffus\u00e9es sur le net. Il y aura plusieurs articles autour du sujet \u00ab\u00a0Association Sportive Huisson-Longueville Essonne\u00a0\u00bb dans quelques jours, nous vous invitons \u00e0 naviguer sur notre site web \u00e0 plusieurs reprises.<\/p>\n","protected":false},"excerpt":{"rendered":"<p>Par Laurine Pollavini Publi\u00e9 le 21 avr. 2026 \u00e0 17h57 ; mis \u00e0 jour le 21 avr. 2026 \u00e0 19h14 Enregistrer Partager L\u2019accident s\u2019est produit dans les ateliers des services municipaux de Saint-Jean-de-Monts en Vend\u00e9e. Mardi 21&nbsp;avril, les secours sont intervenus pour venir en aide \u00e0 une agente municipale victime d\u2019un accident du travail. H\u00e9liport\u00e9e &hellip; <\/p>\n<p class=\"link-more\"><a href=\"https:\/\/www.accidentdutravail-idf.net\/blog\/une-femme-de-45-ans-agent-municipal-heliportee-dans-un-etat-grave-apres-un-accident-du-travail-en-vendee\/\" class=\"more-link\">Continuer la lecture <span class=\"screen-reader-text\"> \u00ab\u00a0Une femme de 45 ans, agent municipal, h\u00e9liport\u00e9e dans un \u00e9tat grave apr\u00e8s un accident du travail en Vend\u00e9e\u00a0\u00bb<\/span><\/a><\/p>\n","protected":false},"author":2,"featured_media":0,"comment_status":"closed","ping_status":"closed","sticky":false,"template":"","format":"standard","meta":{"footnotes":""},"categories":[5],"tags":[],"class_list":["post-2344","post","type-post","status-publish","format-standard","hentry","category-securite-du-travail-en-ile-de-france-et-divers","entry"],"yoast_head":"<!-- This site is optimized with the Yoast SEO plugin v27.5 - https:\/\/yoast.com\/product\/yoast-seo-wordpress\/ -->\n<title>Une femme de 45 ans, agent municipal, h\u00e9liport\u00e9e dans un \u00e9tat grave apr\u00e8s un accident du travail en Vend\u00e9e - ACCIDENTDUTRAVAIL-IDF<\/title>\n<meta name=\"description\" content=\"Une femme de 45 ans, agent municipal, h\u00e9liport\u00e9e dans un \u00e9tat grave apr\u00e8s un accident du travail en Vend\u00e9e article de ACCIDENTDUTRAVAIL-IDF\" \/>\n<meta name=\"robots\" content=\"index, follow, max-snippet:-1, max-image-preview:large, max-video-preview:-1\" \/>\n<link rel=\"canonical\" href=\"https:\/\/www.accidentdutravail-idf.net\/blog\/une-femme-de-45-ans-agent-municipal-heliportee-dans-un-etat-grave-apres-un-accident-du-travail-en-vendee\/\" \/>\n<meta property=\"og:locale\" content=\"fr_FR\" \/>\n<meta property=\"og:type\" content=\"article\" \/>\n<meta property=\"og:title\" content=\"Une femme de 45 ans, agent municipal, h\u00e9liport\u00e9e dans un \u00e9tat grave apr\u00e8s un accident du travail en Vend\u00e9e - ACCIDENTDUTRAVAIL-IDF\" \/>\n<meta property=\"og:description\" content=\"Une femme de 45 ans, agent municipal, h\u00e9liport\u00e9e dans un \u00e9tat grave apr\u00e8s un accident du travail en Vend\u00e9e article de ACCIDENTDUTRAVAIL-IDF\" \/>\n<meta property=\"og:url\" content=\"https:\/\/www.accidentdutravail-idf.net\/blog\/une-femme-de-45-ans-agent-municipal-heliportee-dans-un-etat-grave-apres-un-accident-du-travail-en-vendee\/\" \/>\n<meta property=\"og:site_name\" content=\"ACCIDENTDUTRAVAIL-IDF\" \/>\n<meta property=\"article:published_time\" content=\"2026-04-21T07:57:00+00:00\" \/>\n<meta property=\"og:image\" content=\"https:\/\/www.accidentdutravail-idf.net\/blog\/wp-content\/uploads\/2026\/04\/une-femme-de-45-ans-agent-municipal-heliportee-dans-un-etat-grave-apres-un-accident-du-travail-en-vendee.jpg\" \/>\n<meta name=\"author\" content=\"Carlos Poulain\" \/>\n<meta name=\"twitter:card\" content=\"summary_large_image\" \/>\n<meta name=\"twitter:label1\" content=\"\u00c9crit par\" \/>\n\t<meta name=\"twitter:data1\" content=\"Carlos Poulain\" \/>\n\t<meta name=\"twitter:label2\" content=\"Dur\u00e9e de lecture estim\u00e9e\" \/>\n\t<meta name=\"twitter:data2\" content=\"1 minute\" \/>\n<script type=\"application\/ld+json\" class=\"yoast-schema-graph\">{\"@context\":\"https:\\\/\\\/schema.org\",\"@graph\":[{\"@type\":\"Article\",\"@id\":\"https:\\\/\\\/www.accidentdutravail-idf.net\\\/blog\\\/une-femme-de-45-ans-agent-municipal-heliportee-dans-un-etat-grave-apres-un-accident-du-travail-en-vendee\\\/#article\",\"isPartOf\":{\"@id\":\"https:\\\/\\\/www.accidentdutravail-idf.net\\\/blog\\\/une-femme-de-45-ans-agent-municipal-heliportee-dans-un-etat-grave-apres-un-accident-du-travail-en-vendee\\\/\"},\"author\":{\"name\":\"Carlos Poulain\",\"@id\":\"https:\\\/\\\/www.accidentdutravail-idf.net\\\/blog\\\/#\\\/schema\\\/person\\\/3255d2f970de45e64bd9201f38e7b947\"},\"headline\":\"Une femme de 45 ans, agent municipal, h\u00e9liport\u00e9e dans un \u00e9tat grave apr\u00e8s un accident du travail en Vend\u00e9e\",\"datePublished\":\"2026-04-21T07:57:00+00:00\",\"mainEntityOfPage\":{\"@id\":\"https:\\\/\\\/www.accidentdutravail-idf.net\\\/blog\\\/une-femme-de-45-ans-agent-municipal-heliportee-dans-un-etat-grave-apres-un-accident-du-travail-en-vendee\\\/\"},\"wordCount\":246,\"publisher\":{\"@id\":\"https:\\\/\\\/www.accidentdutravail-idf.net\\\/blog\\\/#organization\"},\"image\":{\"@id\":\"https:\\\/\\\/www.accidentdutravail-idf.net\\\/blog\\\/une-femme-de-45-ans-agent-municipal-heliportee-dans-un-etat-grave-apres-un-accident-du-travail-en-vendee\\\/#primaryimage\"},\"thumbnailUrl\":\"https:\\\/\\\/www.accidentdutravail-idf.net\\\/blog\\\/wp-content\\\/uploads\\\/2026\\\/04\\\/une-femme-de-45-ans-agent-municipal-heliportee-dans-un-etat-grave-apres-un-accident-du-travail-en-vendee.jpg\",\"articleSection\":[\"S\u00e9curit\u00e9 Du Travail En Ile-De-France Et Divers:\"],\"inLanguage\":\"fr-FR\"},{\"@type\":\"WebPage\",\"@id\":\"https:\\\/\\\/www.accidentdutravail-idf.net\\\/blog\\\/une-femme-de-45-ans-agent-municipal-heliportee-dans-un-etat-grave-apres-un-accident-du-travail-en-vendee\\\/\",\"url\":\"https:\\\/\\\/www.accidentdutravail-idf.net\\\/blog\\\/une-femme-de-45-ans-agent-municipal-heliportee-dans-un-etat-grave-apres-un-accident-du-travail-en-vendee\\\/\",\"name\":\"Une femme de 45 ans, agent municipal, h\u00e9liport\u00e9e dans un \u00e9tat grave apr\u00e8s un accident du travail en Vend\u00e9e - ACCIDENTDUTRAVAIL-IDF\",\"isPartOf\":{\"@id\":\"https:\\\/\\\/www.accidentdutravail-idf.net\\\/blog\\\/#website\"},\"primaryImageOfPage\":{\"@id\":\"https:\\\/\\\/www.accidentdutravail-idf.net\\\/blog\\\/une-femme-de-45-ans-agent-municipal-heliportee-dans-un-etat-grave-apres-un-accident-du-travail-en-vendee\\\/#primaryimage\"},\"image\":{\"@id\":\"https:\\\/\\\/www.accidentdutravail-idf.net\\\/blog\\\/une-femme-de-45-ans-agent-municipal-heliportee-dans-un-etat-grave-apres-un-accident-du-travail-en-vendee\\\/#primaryimage\"},\"thumbnailUrl\":\"https:\\\/\\\/www.accidentdutravail-idf.net\\\/blog\\\/wp-content\\\/uploads\\\/2026\\\/04\\\/une-femme-de-45-ans-agent-municipal-heliportee-dans-un-etat-grave-apres-un-accident-du-travail-en-vendee.jpg\",\"datePublished\":\"2026-04-21T07:57:00+00:00\",\"description\":\"Une femme de 45 ans, agent municipal, h\u00e9liport\u00e9e dans un \u00e9tat grave apr\u00e8s un accident du travail en Vend\u00e9e article de ACCIDENTDUTRAVAIL-IDF\",\"breadcrumb\":{\"@id\":\"https:\\\/\\\/www.accidentdutravail-idf.net\\\/blog\\\/une-femme-de-45-ans-agent-municipal-heliportee-dans-un-etat-grave-apres-un-accident-du-travail-en-vendee\\\/#breadcrumb\"},\"inLanguage\":\"fr-FR\",\"potentialAction\":[{\"@type\":\"ReadAction\",\"target\":[\"https:\\\/\\\/www.accidentdutravail-idf.net\\\/blog\\\/une-femme-de-45-ans-agent-municipal-heliportee-dans-un-etat-grave-apres-un-accident-du-travail-en-vendee\\\/\"]}]},{\"@type\":\"ImageObject\",\"inLanguage\":\"fr-FR\",\"@id\":\"https:\\\/\\\/www.accidentdutravail-idf.net\\\/blog\\\/une-femme-de-45-ans-agent-municipal-heliportee-dans-un-etat-grave-apres-un-accident-du-travail-en-vendee\\\/#primaryimage\",\"url\":\"https:\\\/\\\/www.accidentdutravail-idf.net\\\/blog\\\/wp-content\\\/uploads\\\/2026\\\/04\\\/une-femme-de-45-ans-agent-municipal-heliportee-dans-un-etat-grave-apres-un-accident-du-travail-en-vendee.jpg\",\"contentUrl\":\"https:\\\/\\\/www.accidentdutravail-idf.net\\\/blog\\\/wp-content\\\/uploads\\\/2026\\\/04\\\/une-femme-de-45-ans-agent-municipal-heliportee-dans-un-etat-grave-apres-un-accident-du-travail-en-vendee.jpg\"},{\"@type\":\"BreadcrumbList\",\"@id\":\"https:\\\/\\\/www.accidentdutravail-idf.net\\\/blog\\\/une-femme-de-45-ans-agent-municipal-heliportee-dans-un-etat-grave-apres-un-accident-du-travail-en-vendee\\\/#breadcrumb\",\"itemListElement\":[{\"@type\":\"ListItem\",\"position\":1,\"name\":\"Accueil\",\"item\":\"https:\\\/\\\/www.accidentdutravail-idf.net\\\/blog\\\/\"},{\"@type\":\"ListItem\",\"position\":2,\"name\":\"Une femme de 45 ans, agent municipal, h\u00e9liport\u00e9e dans un \u00e9tat grave apr\u00e8s un accident du travail en Vend\u00e9e\"}]},{\"@type\":\"WebSite\",\"@id\":\"https:\\\/\\\/www.accidentdutravail-idf.net\\\/blog\\\/#website\",\"url\":\"https:\\\/\\\/www.accidentdutravail-idf.net\\\/blog\\\/\",\"name\":\"ACCIDENTDUTRAVAIL-IDF\",\"description\":\"Portail accidents du travail-maladies professionnelles des entreprises d&#039;Ile-de-France\",\"publisher\":{\"@id\":\"https:\\\/\\\/www.accidentdutravail-idf.net\\\/blog\\\/#organization\"},\"potentialAction\":[{\"@type\":\"SearchAction\",\"target\":{\"@type\":\"EntryPoint\",\"urlTemplate\":\"https:\\\/\\\/www.accidentdutravail-idf.net\\\/blog\\\/?s={search_term_string}\"},\"query-input\":{\"@type\":\"PropertyValueSpecification\",\"valueRequired\":true,\"valueName\":\"search_term_string\"}}],\"inLanguage\":\"fr-FR\"},{\"@type\":\"Organization\",\"@id\":\"https:\\\/\\\/www.accidentdutravail-idf.net\\\/blog\\\/#organization\",\"name\":\"accidentdutravail-idf\",\"url\":\"https:\\\/\\\/www.accidentdutravail-idf.net\\\/blog\\\/\",\"logo\":{\"@type\":\"ImageObject\",\"inLanguage\":\"fr-FR\",\"@id\":\"https:\\\/\\\/www.accidentdutravail-idf.net\\\/blog\\\/#\\\/schema\\\/logo\\\/image\\\/\",\"url\":\"https:\\\/\\\/www.accidentdutravail-idf.net\\\/blog\\\/wp-content\\\/uploads\\\/2022\\\/09\\\/logo-2.png\",\"contentUrl\":\"https:\\\/\\\/www.accidentdutravail-idf.net\\\/blog\\\/wp-content\\\/uploads\\\/2022\\\/09\\\/logo-2.png\",\"width\":380,\"height\":291,\"caption\":\"accidentdutravail-idf\"},\"image\":{\"@id\":\"https:\\\/\\\/www.accidentdutravail-idf.net\\\/blog\\\/#\\\/schema\\\/logo\\\/image\\\/\"}},{\"@type\":\"Person\",\"@id\":\"https:\\\/\\\/www.accidentdutravail-idf.net\\\/blog\\\/#\\\/schema\\\/person\\\/3255d2f970de45e64bd9201f38e7b947\",\"name\":\"Carlos Poulain\",\"image\":{\"@type\":\"ImageObject\",\"inLanguage\":\"fr-FR\",\"@id\":\"https:\\\/\\\/secure.gravatar.com\\\/avatar\\\/b1c2f9d3588e34e91adb093635df64ef4b2381991216be7576466cfcdca4baf3?s=96&d=mm&r=g\",\"url\":\"https:\\\/\\\/secure.gravatar.com\\\/avatar\\\/b1c2f9d3588e34e91adb093635df64ef4b2381991216be7576466cfcdca4baf3?s=96&d=mm&r=g\",\"contentUrl\":\"https:\\\/\\\/secure.gravatar.com\\\/avatar\\\/b1c2f9d3588e34e91adb093635df64ef4b2381991216be7576466cfcdca4baf3?s=96&d=mm&r=g\",\"caption\":\"Carlos Poulain\"},\"url\":\"https:\\\/\\\/www.accidentdutravail-idf.net\\\/blog\\\/author\\\/idfcarlos\\\/\"}]}<\/script>\n<!-- \/ Yoast SEO plugin. -->","yoast_head_json":{"title":"Une femme de 45 ans, agent municipal, h\u00e9liport\u00e9e dans un \u00e9tat grave apr\u00e8s un accident du travail en Vend\u00e9e - ACCIDENTDUTRAVAIL-IDF","description":"Une femme de 45 ans, agent municipal, h\u00e9liport\u00e9e dans un \u00e9tat grave apr\u00e8s un accident du travail en Vend\u00e9e article de ACCIDENTDUTRAVAIL-IDF","robots":{"index":"index","follow":"follow","max-snippet":"max-snippet:-1","max-image-preview":"max-image-preview:large","max-video-preview":"max-video-preview:-1"},"canonical":"https:\/\/www.accidentdutravail-idf.net\/blog\/une-femme-de-45-ans-agent-municipal-heliportee-dans-un-etat-grave-apres-un-accident-du-travail-en-vendee\/","og_locale":"fr_FR","og_type":"article","og_title":"Une femme de 45 ans, agent municipal, h\u00e9liport\u00e9e dans un \u00e9tat grave apr\u00e8s un accident du travail en Vend\u00e9e - ACCIDENTDUTRAVAIL-IDF","og_description":"Une femme de 45 ans, agent municipal, h\u00e9liport\u00e9e dans un \u00e9tat grave apr\u00e8s un accident du travail en Vend\u00e9e article de ACCIDENTDUTRAVAIL-IDF","og_url":"https:\/\/www.accidentdutravail-idf.net\/blog\/une-femme-de-45-ans-agent-municipal-heliportee-dans-un-etat-grave-apres-un-accident-du-travail-en-vendee\/","og_site_name":"ACCIDENTDUTRAVAIL-IDF","article_published_time":"2026-04-21T07:57:00+00:00","og_image":[{"url":"https:\/\/www.accidentdutravail-idf.net\/blog\/wp-content\/uploads\/2026\/04\/une-femme-de-45-ans-agent-municipal-heliportee-dans-un-etat-grave-apres-un-accident-du-travail-en-vendee.jpg","type":"","width":"","height":""}],"author":"Carlos Poulain","twitter_card":"summary_large_image","twitter_misc":{"\u00c9crit par":"Carlos Poulain","Dur\u00e9e de lecture estim\u00e9e":"1 minute"},"schema":{"@context":"https:\/\/schema.org","@graph":[{"@type":"Article","@id":"https:\/\/www.accidentdutravail-idf.net\/blog\/une-femme-de-45-ans-agent-municipal-heliportee-dans-un-etat-grave-apres-un-accident-du-travail-en-vendee\/#article","isPartOf":{"@id":"https:\/\/www.accidentdutravail-idf.net\/blog\/une-femme-de-45-ans-agent-municipal-heliportee-dans-un-etat-grave-apres-un-accident-du-travail-en-vendee\/"},"author":{"name":"Carlos Poulain","@id":"https:\/\/www.accidentdutravail-idf.net\/blog\/#\/schema\/person\/3255d2f970de45e64bd9201f38e7b947"},"headline":"Une femme de 45 ans, agent municipal, h\u00e9liport\u00e9e dans un \u00e9tat grave apr\u00e8s un accident du travail en Vend\u00e9e","datePublished":"2026-04-21T07:57:00+00:00","mainEntityOfPage":{"@id":"https:\/\/www.accidentdutravail-idf.net\/blog\/une-femme-de-45-ans-agent-municipal-heliportee-dans-un-etat-grave-apres-un-accident-du-travail-en-vendee\/"},"wordCount":246,"publisher":{"@id":"https:\/\/www.accidentdutravail-idf.net\/blog\/#organization"},"image":{"@id":"https:\/\/www.accidentdutravail-idf.net\/blog\/une-femme-de-45-ans-agent-municipal-heliportee-dans-un-etat-grave-apres-un-accident-du-travail-en-vendee\/#primaryimage"},"thumbnailUrl":"https:\/\/www.accidentdutravail-idf.net\/blog\/wp-content\/uploads\/2026\/04\/une-femme-de-45-ans-agent-municipal-heliportee-dans-un-etat-grave-apres-un-accident-du-travail-en-vendee.jpg","articleSection":["S\u00e9curit\u00e9 Du Travail En Ile-De-France Et Divers:"],"inLanguage":"fr-FR"},{"@type":"WebPage","@id":"https:\/\/www.accidentdutravail-idf.net\/blog\/une-femme-de-45-ans-agent-municipal-heliportee-dans-un-etat-grave-apres-un-accident-du-travail-en-vendee\/","url":"https:\/\/www.accidentdutravail-idf.net\/blog\/une-femme-de-45-ans-agent-municipal-heliportee-dans-un-etat-grave-apres-un-accident-du-travail-en-vendee\/","name":"Une femme de 45 ans, agent municipal, h\u00e9liport\u00e9e dans un \u00e9tat grave apr\u00e8s un accident du travail en Vend\u00e9e - ACCIDENTDUTRAVAIL-IDF","isPartOf":{"@id":"https:\/\/www.accidentdutravail-idf.net\/blog\/#website"},"primaryImageOfPage":{"@id":"https:\/\/www.accidentdutravail-idf.net\/blog\/une-femme-de-45-ans-agent-municipal-heliportee-dans-un-etat-grave-apres-un-accident-du-travail-en-vendee\/#primaryimage"},"image":{"@id":"https:\/\/www.accidentdutravail-idf.net\/blog\/une-femme-de-45-ans-agent-municipal-heliportee-dans-un-etat-grave-apres-un-accident-du-travail-en-vendee\/#primaryimage"},"thumbnailUrl":"https:\/\/www.accidentdutravail-idf.net\/blog\/wp-content\/uploads\/2026\/04\/une-femme-de-45-ans-agent-municipal-heliportee-dans-un-etat-grave-apres-un-accident-du-travail-en-vendee.jpg","datePublished":"2026-04-21T07:57:00+00:00","description":"Une femme de 45 ans, agent municipal, h\u00e9liport\u00e9e dans un \u00e9tat grave apr\u00e8s un accident du travail en Vend\u00e9e article de ACCIDENTDUTRAVAIL-IDF","breadcrumb":{"@id":"https:\/\/www.accidentdutravail-idf.net\/blog\/une-femme-de-45-ans-agent-municipal-heliportee-dans-un-etat-grave-apres-un-accident-du-travail-en-vendee\/#breadcrumb"},"inLanguage":"fr-FR","potentialAction":[{"@type":"ReadAction","target":["https:\/\/www.accidentdutravail-idf.net\/blog\/une-femme-de-45-ans-agent-municipal-heliportee-dans-un-etat-grave-apres-un-accident-du-travail-en-vendee\/"]}]},{"@type":"ImageObject","inLanguage":"fr-FR","@id":"https:\/\/www.accidentdutravail-idf.net\/blog\/une-femme-de-45-ans-agent-municipal-heliportee-dans-un-etat-grave-apres-un-accident-du-travail-en-vendee\/#primaryimage","url":"https:\/\/www.accidentdutravail-idf.net\/blog\/wp-content\/uploads\/2026\/04\/une-femme-de-45-ans-agent-municipal-heliportee-dans-un-etat-grave-apres-un-accident-du-travail-en-vendee.jpg","contentUrl":"https:\/\/www.accidentdutravail-idf.net\/blog\/wp-content\/uploads\/2026\/04\/une-femme-de-45-ans-agent-municipal-heliportee-dans-un-etat-grave-apres-un-accident-du-travail-en-vendee.jpg"},{"@type":"BreadcrumbList","@id":"https:\/\/www.accidentdutravail-idf.net\/blog\/une-femme-de-45-ans-agent-municipal-heliportee-dans-un-etat-grave-apres-un-accident-du-travail-en-vendee\/#breadcrumb","itemListElement":[{"@type":"ListItem","position":1,"name":"Accueil","item":"https:\/\/www.accidentdutravail-idf.net\/blog\/"},{"@type":"ListItem","position":2,"name":"Une femme de 45 ans, agent municipal, h\u00e9liport\u00e9e dans un \u00e9tat grave apr\u00e8s un accident du travail en Vend\u00e9e"}]},{"@type":"WebSite","@id":"https:\/\/www.accidentdutravail-idf.net\/blog\/#website","url":"https:\/\/www.accidentdutravail-idf.net\/blog\/","name":"ACCIDENTDUTRAVAIL-IDF","description":"Portail accidents du travail-maladies professionnelles des entreprises d&#039;Ile-de-France","publisher":{"@id":"https:\/\/www.accidentdutravail-idf.net\/blog\/#organization"},"potentialAction":[{"@type":"SearchAction","target":{"@type":"EntryPoint","urlTemplate":"https:\/\/www.accidentdutravail-idf.net\/blog\/?s={search_term_string}"},"query-input":{"@type":"PropertyValueSpecification","valueRequired":true,"valueName":"search_term_string"}}],"inLanguage":"fr-FR"},{"@type":"Organization","@id":"https:\/\/www.accidentdutravail-idf.net\/blog\/#organization","name":"accidentdutravail-idf","url":"https:\/\/www.accidentdutravail-idf.net\/blog\/","logo":{"@type":"ImageObject","inLanguage":"fr-FR","@id":"https:\/\/www.accidentdutravail-idf.net\/blog\/#\/schema\/logo\/image\/","url":"https:\/\/www.accidentdutravail-idf.net\/blog\/wp-content\/uploads\/2022\/09\/logo-2.png","contentUrl":"https:\/\/www.accidentdutravail-idf.net\/blog\/wp-content\/uploads\/2022\/09\/logo-2.png","width":380,"height":291,"caption":"accidentdutravail-idf"},"image":{"@id":"https:\/\/www.accidentdutravail-idf.net\/blog\/#\/schema\/logo\/image\/"}},{"@type":"Person","@id":"https:\/\/www.accidentdutravail-idf.net\/blog\/#\/schema\/person\/3255d2f970de45e64bd9201f38e7b947","name":"Carlos Poulain","image":{"@type":"ImageObject","inLanguage":"fr-FR","@id":"https:\/\/secure.gravatar.com\/avatar\/b1c2f9d3588e34e91adb093635df64ef4b2381991216be7576466cfcdca4baf3?s=96&d=mm&r=g","url":"https:\/\/secure.gravatar.com\/avatar\/b1c2f9d3588e34e91adb093635df64ef4b2381991216be7576466cfcdca4baf3?s=96&d=mm&r=g","contentUrl":"https:\/\/secure.gravatar.com\/avatar\/b1c2f9d3588e34e91adb093635df64ef4b2381991216be7576466cfcdca4baf3?s=96&d=mm&r=g","caption":"Carlos Poulain"},"url":"https:\/\/www.accidentdutravail-idf.net\/blog\/author\/idfcarlos\/"}]}},"_links":{"self":[{"href":"https:\/\/www.accidentdutravail-idf.net\/blog\/wp-json\/wp\/v2\/posts\/2344","targetHints":{"allow":["GET"]}}],"collection":[{"href":"https:\/\/www.accidentdutravail-idf.net\/blog\/wp-json\/wp\/v2\/posts"}],"about":[{"href":"https:\/\/www.accidentdutravail-idf.net\/blog\/wp-json\/wp\/v2\/types\/post"}],"author":[{"embeddable":true,"href":"https:\/\/www.accidentdutravail-idf.net\/blog\/wp-json\/wp\/v2\/users\/2"}],"replies":[{"embeddable":true,"href":"https:\/\/www.accidentdutravail-idf.net\/blog\/wp-json\/wp\/v2\/comments?post=2344"}],"version-history":[{"count":0,"href":"https:\/\/www.accidentdutravail-idf.net\/blog\/wp-json\/wp\/v2\/posts\/2344\/revisions"}],"wp:attachment":[{"href":"https:\/\/www.accidentdutravail-idf.net\/blog\/wp-json\/wp\/v2\/media?parent=2344"}],"wp:term":[{"taxonomy":"category","embeddable":true,"href":"https:\/\/www.accidentdutravail-idf.net\/blog\/wp-json\/wp\/v2\/categories?post=2344"},{"taxonomy":"post_tag","embeddable":true,"href":"https:\/\/www.accidentdutravail-idf.net\/blog\/wp-json\/wp\/v2\/tags?post=2344"}],"curies":[{"name":"wp","href":"https:\/\/api.w.org\/{rel}","templated":true}]}}