{"id":2343,"date":"2026-04-21T09:05:00","date_gmt":"2026-04-21T07:05:00","guid":{"rendered":"https:\/\/www.accidentdutravail-idf.net\/blog\/terrible-accident-dans-une-usine-lustucru-du-rhone-un-jeune-ouvrier-de-22-ans-meurt-happe-par-un-laminoir\/"},"modified":"2026-04-21T09:05:00","modified_gmt":"2026-04-21T07:05:00","slug":"terrible-accident-dans-une-usine-lustucru-du-rhone-un-jeune-ouvrier-de-22-ans-meurt-happe-par-un-laminoir","status":"publish","type":"post","link":"https:\/\/www.accidentdutravail-idf.net\/blog\/terrible-accident-dans-une-usine-lustucru-du-rhone-un-jeune-ouvrier-de-22-ans-meurt-happe-par-un-laminoir\/","title":{"rendered":"Terrible accident dans une usine Lustucru du Rh\u00f4ne : un jeune ouvrier de 22 ans meurt happ\u00e9 par un laminoir"},"content":{"rendered":"<p class=\"typo-p1-paragraph\">Un jeune homme de 22 ans est d\u00e9c\u00e9d\u00e9 dans des circonstances dramatiques alors qu&rsquo;il travaillait dans l&rsquo;usine Lustucru de&nbsp;Saint-Genis-Laval (Rh\u00f4ne). L&rsquo;accident s&rsquo;est produit dans la soir\u00e9e du vendredi 17 avril, peu avant 23 h. D&rsquo;apr\u00e8s les informations du <a href=\"https:\/\/www.leprogres.fr\/faits-divers-justice\/2026\/04\/18\/mort-au-travail-un-jeune-homme-decede-apres-un-accident-dans-une-usine-lustucru-au-sud-de-lyon\" rel=\"noopener noreferrer nofollow\" target=\"_blank\" class=\"hover:text-primary-10 disabled:text-primary-2 focus:text-primary-11 cursor-pointer cursor-pointer text-primary-9 font-semibold text-base inline\">Progr\u00e8s<\/a>, l&rsquo;ouvrier nettoyait un&nbsp;laminoir&nbsp;\u00e0 p\u00e2te lorsqu&rsquo;il aurait \u00e9t\u00e9 happ\u00e9 par la machine.<\/p>\n<p class=\"typo-p1-paragraph\">Les gendarmes ont ouvert une enqu\u00eate pour d\u00e9terminer les circonstances de ce terrible accident. L&rsquo;inspection du travail devait \u00e9galement se rendre sur place pour mener des investigations. Une cellule psychologique a \u00e9t\u00e9 mise en place pour accompagner les coll\u00e8gues de la victime dans cette \u00e9preuve.<\/p>\n<h3 class=\"typo-h3\">Les syndicalistes d\u00e9noncent des conditions de travail \u00ab&nbsp;d\u00e9grad\u00e9es \u00bb<\/h3>\n<p class=\"typo-p1-paragraph\">Ce lundi, le travail n&rsquo;avait toujours pas repris dans ce site&nbsp;qui emploie une centaine de salari\u00e9s et produit des p\u00e2tes fra\u00eeches, a indiqu\u00e9 l&rsquo;union r\u00e9gionale de la CGT agro-alimentaire \u00e0 <a href=\"https:\/\/www.bfmtv.com\/lyon\/un-jeune-ouvrier-de-lustucru-meurt-apres-etre-tombe-dans-un-hachoir-dans-le-rhone_AN-202604200340.html\" rel=\"noopener noreferrer nofollow\" target=\"_blank\" class=\"hover:text-primary-10 disabled:text-primary-2 focus:text-primary-11 cursor-pointer cursor-pointer text-primary-9 font-semibold text-base inline\">BFM Lyon<\/a>.&nbsp;Le syndicat assure avoir alert\u00e9 la direction sur des probl\u00e8mes de s\u00e9curit\u00e9 au sein de l&rsquo;usine. Damien Ferrier, son secr\u00e9taire, d\u00e9nonce aupr\u00e8s de <a href=\"https:\/\/france3-regions.franceinfo.fr\/auvergne-rhone-alpes\/rhone\/lyon\/ce-que-l-on-sait-du-drame-survenu-dans-une-usine-un-jeune-homme-de-22-ans-mort-happe-par-un-laminoir-3337370.html\" rel=\"noopener noreferrer nofollow\" target=\"_blank\" class=\"hover:text-primary-10 disabled:text-primary-2 focus:text-primary-11 cursor-pointer cursor-pointer text-primary-9 font-semibold text-base inline\">France 3 Auvergne-Rh\u00f4ne-Alpes<\/a> des&nbsp;\u00ab cadences qui augmentent \u00bb et \u00ab des conditions de travail tr\u00e8s d\u00e9grad\u00e9es \u00bb.<\/p>\n<p class=\"typo-p1-paragraph\">Un comit\u00e9 d&rsquo;entreprise extraordinaire devait avoir lieu ce lundi. La victime serait un int\u00e9rimaire qui avait int\u00e9gr\u00e9 l&rsquo;usine en janvier dernier. \u00ab Nous tenons \u00e0 exprimer notre immense \u00e9motion face \u00e0 ce drame. (&#8230;) La s\u00e9curit\u00e9 de nos collaborateurs a toujours \u00e9t\u00e9 et demeure une priorit\u00e9 absolue de l\u2019entreprise. Il nous faudra donc comprendre comment un tel drame a \u00e9t\u00e9 rendu possible \u00bb, a d\u00e9clar\u00e9 la direction de Lustucru apr\u00e8s le d\u00e9c\u00e8s de son salari\u00e9, selon des propos rapport\u00e9s par <em>Le Progr\u00e8s<\/em>.<\/p>\n<p class=\"typo-p1-paragraph\"><em><b>NG<\/b><\/em><\/p>\n<p>accidentdutravail-idf.net vous a pr\u00e9par\u00e9 ce post qui informe du sujet \u00ab\u00a0Association Sportive Huisson-Longueville Essonne\u00a0\u00bb. La chronique se veut g\u00e9n\u00e9r\u00e9e du mieux possible. Vous pouvez utiliser les coordonn\u00e9es indiqu\u00e9es sur le site dans le but d\u2019apporter des explications sur ce post qui parle du th\u00e8me \u00ab\u00a0Association Sportive Huisson-Longueville Essonne\u00a0\u00bb. Le site accidentdutravail-idf.net a pour but de fournir diverses publications sur la th\u00e9matique Association Sportive Huisson-Longueville Essonne diffus\u00e9es sur le net. Il y aura plusieurs articles autour du sujet \u00ab\u00a0Association Sportive Huisson-Longueville Essonne\u00a0\u00bb dans quelques jours, nous vous invitons \u00e0 naviguer sur notre site web \u00e0 plusieurs reprises.<\/p>\n","protected":false},"excerpt":{"rendered":"<p>Un jeune homme de 22 ans est d\u00e9c\u00e9d\u00e9 dans des circonstances dramatiques alors qu&rsquo;il travaillait dans l&rsquo;usine Lustucru de&nbsp;Saint-Genis-Laval (Rh\u00f4ne). L&rsquo;accident s&rsquo;est produit dans la soir\u00e9e du vendredi 17 avril, peu avant 23 h. D&rsquo;apr\u00e8s les informations du Progr\u00e8s, l&rsquo;ouvrier nettoyait un&nbsp;laminoir&nbsp;\u00e0 p\u00e2te lorsqu&rsquo;il aurait \u00e9t\u00e9 happ\u00e9 par la machine. Les gendarmes ont ouvert une &hellip; <\/p>\n<p class=\"link-more\"><a href=\"https:\/\/www.accidentdutravail-idf.net\/blog\/terrible-accident-dans-une-usine-lustucru-du-rhone-un-jeune-ouvrier-de-22-ans-meurt-happe-par-un-laminoir\/\" class=\"more-link\">Continuer la lecture <span class=\"screen-reader-text\"> \u00ab\u00a0Terrible accident dans une usine Lustucru du Rh\u00f4ne : un jeune ouvrier de 22 ans meurt happ\u00e9 par un laminoir\u00a0\u00bb<\/span><\/a><\/p>\n","protected":false},"author":2,"featured_media":0,"comment_status":"closed","ping_status":"closed","sticky":false,"template":"","format":"standard","meta":{"footnotes":""},"categories":[5],"tags":[],"class_list":["post-2343","post","type-post","status-publish","format-standard","hentry","category-securite-du-travail-en-ile-de-france-et-divers","entry"],"yoast_head":"<!-- This site is optimized with the Yoast SEO plugin v27.5 - https:\/\/yoast.com\/product\/yoast-seo-wordpress\/ -->\n<title>Terrible accident dans une usine Lustucru du Rh\u00f4ne : un jeune ouvrier de 22 ans meurt happ\u00e9 par un laminoir - ACCIDENTDUTRAVAIL-IDF<\/title>\n<meta name=\"description\" content=\"Terrible accident dans une usine Lustucru du Rh\u00f4ne : un jeune ouvrier de 22 ans meurt happ\u00e9 par un laminoir article de ACCIDENTDUTRAVAIL-IDF\" \/>\n<meta name=\"robots\" content=\"index, follow, max-snippet:-1, max-image-preview:large, max-video-preview:-1\" \/>\n<link rel=\"canonical\" href=\"https:\/\/www.accidentdutravail-idf.net\/blog\/terrible-accident-dans-une-usine-lustucru-du-rhone-un-jeune-ouvrier-de-22-ans-meurt-happe-par-un-laminoir\/\" \/>\n<meta property=\"og:locale\" content=\"fr_FR\" \/>\n<meta property=\"og:type\" content=\"article\" \/>\n<meta property=\"og:title\" content=\"Terrible accident dans une usine Lustucru du Rh\u00f4ne : un jeune ouvrier de 22 ans meurt happ\u00e9 par un laminoir - ACCIDENTDUTRAVAIL-IDF\" \/>\n<meta property=\"og:description\" content=\"Terrible accident dans une usine Lustucru du Rh\u00f4ne : un jeune ouvrier de 22 ans meurt happ\u00e9 par un laminoir article de ACCIDENTDUTRAVAIL-IDF\" \/>\n<meta property=\"og:url\" content=\"https:\/\/www.accidentdutravail-idf.net\/blog\/terrible-accident-dans-une-usine-lustucru-du-rhone-un-jeune-ouvrier-de-22-ans-meurt-happe-par-un-laminoir\/\" \/>\n<meta property=\"og:site_name\" content=\"ACCIDENTDUTRAVAIL-IDF\" \/>\n<meta property=\"article:published_time\" content=\"2026-04-21T07:05:00+00:00\" \/>\n<meta name=\"author\" content=\"Carlos Poulain\" \/>\n<meta name=\"twitter:card\" content=\"summary_large_image\" \/>\n<meta name=\"twitter:label1\" content=\"\u00c9crit par\" \/>\n\t<meta name=\"twitter:data1\" content=\"Carlos Poulain\" \/>\n\t<meta name=\"twitter:label2\" content=\"Dur\u00e9e de lecture estim\u00e9e\" \/>\n\t<meta name=\"twitter:data2\" content=\"2 minutes\" \/>\n<script type=\"application\/ld+json\" class=\"yoast-schema-graph\">{\"@context\":\"https:\\\/\\\/schema.org\",\"@graph\":[{\"@type\":\"Article\",\"@id\":\"https:\\\/\\\/www.accidentdutravail-idf.net\\\/blog\\\/terrible-accident-dans-une-usine-lustucru-du-rhone-un-jeune-ouvrier-de-22-ans-meurt-happe-par-un-laminoir\\\/#article\",\"isPartOf\":{\"@id\":\"https:\\\/\\\/www.accidentdutravail-idf.net\\\/blog\\\/terrible-accident-dans-une-usine-lustucru-du-rhone-un-jeune-ouvrier-de-22-ans-meurt-happe-par-un-laminoir\\\/\"},\"author\":{\"name\":\"Carlos Poulain\",\"@id\":\"https:\\\/\\\/www.accidentdutravail-idf.net\\\/blog\\\/#\\\/schema\\\/person\\\/3255d2f970de45e64bd9201f38e7b947\"},\"headline\":\"Terrible accident dans une usine Lustucru du Rh\u00f4ne : un jeune ouvrier de 22 ans meurt happ\u00e9 par un laminoir\",\"datePublished\":\"2026-04-21T07:05:00+00:00\",\"mainEntityOfPage\":{\"@id\":\"https:\\\/\\\/www.accidentdutravail-idf.net\\\/blog\\\/terrible-accident-dans-une-usine-lustucru-du-rhone-un-jeune-ouvrier-de-22-ans-meurt-happe-par-un-laminoir\\\/\"},\"wordCount\":416,\"publisher\":{\"@id\":\"https:\\\/\\\/www.accidentdutravail-idf.net\\\/blog\\\/#organization\"},\"articleSection\":[\"S\u00e9curit\u00e9 Du Travail En Ile-De-France Et Divers:\"],\"inLanguage\":\"fr-FR\"},{\"@type\":\"WebPage\",\"@id\":\"https:\\\/\\\/www.accidentdutravail-idf.net\\\/blog\\\/terrible-accident-dans-une-usine-lustucru-du-rhone-un-jeune-ouvrier-de-22-ans-meurt-happe-par-un-laminoir\\\/\",\"url\":\"https:\\\/\\\/www.accidentdutravail-idf.net\\\/blog\\\/terrible-accident-dans-une-usine-lustucru-du-rhone-un-jeune-ouvrier-de-22-ans-meurt-happe-par-un-laminoir\\\/\",\"name\":\"Terrible accident dans une usine Lustucru du Rh\u00f4ne : un jeune ouvrier de 22 ans meurt happ\u00e9 par un laminoir - ACCIDENTDUTRAVAIL-IDF\",\"isPartOf\":{\"@id\":\"https:\\\/\\\/www.accidentdutravail-idf.net\\\/blog\\\/#website\"},\"datePublished\":\"2026-04-21T07:05:00+00:00\",\"description\":\"Terrible accident dans une usine Lustucru du Rh\u00f4ne : un jeune ouvrier de 22 ans meurt happ\u00e9 par un laminoir article de ACCIDENTDUTRAVAIL-IDF\",\"breadcrumb\":{\"@id\":\"https:\\\/\\\/www.accidentdutravail-idf.net\\\/blog\\\/terrible-accident-dans-une-usine-lustucru-du-rhone-un-jeune-ouvrier-de-22-ans-meurt-happe-par-un-laminoir\\\/#breadcrumb\"},\"inLanguage\":\"fr-FR\",\"potentialAction\":[{\"@type\":\"ReadAction\",\"target\":[\"https:\\\/\\\/www.accidentdutravail-idf.net\\\/blog\\\/terrible-accident-dans-une-usine-lustucru-du-rhone-un-jeune-ouvrier-de-22-ans-meurt-happe-par-un-laminoir\\\/\"]}]},{\"@type\":\"BreadcrumbList\",\"@id\":\"https:\\\/\\\/www.accidentdutravail-idf.net\\\/blog\\\/terrible-accident-dans-une-usine-lustucru-du-rhone-un-jeune-ouvrier-de-22-ans-meurt-happe-par-un-laminoir\\\/#breadcrumb\",\"itemListElement\":[{\"@type\":\"ListItem\",\"position\":1,\"name\":\"Accueil\",\"item\":\"https:\\\/\\\/www.accidentdutravail-idf.net\\\/blog\\\/\"},{\"@type\":\"ListItem\",\"position\":2,\"name\":\"Terrible accident dans une usine Lustucru du Rh\u00f4ne : un jeune ouvrier de 22 ans meurt happ\u00e9 par un laminoir\"}]},{\"@type\":\"WebSite\",\"@id\":\"https:\\\/\\\/www.accidentdutravail-idf.net\\\/blog\\\/#website\",\"url\":\"https:\\\/\\\/www.accidentdutravail-idf.net\\\/blog\\\/\",\"name\":\"ACCIDENTDUTRAVAIL-IDF\",\"description\":\"Portail accidents du travail-maladies professionnelles des entreprises d&#039;Ile-de-France\",\"publisher\":{\"@id\":\"https:\\\/\\\/www.accidentdutravail-idf.net\\\/blog\\\/#organization\"},\"potentialAction\":[{\"@type\":\"SearchAction\",\"target\":{\"@type\":\"EntryPoint\",\"urlTemplate\":\"https:\\\/\\\/www.accidentdutravail-idf.net\\\/blog\\\/?s={search_term_string}\"},\"query-input\":{\"@type\":\"PropertyValueSpecification\",\"valueRequired\":true,\"valueName\":\"search_term_string\"}}],\"inLanguage\":\"fr-FR\"},{\"@type\":\"Organization\",\"@id\":\"https:\\\/\\\/www.accidentdutravail-idf.net\\\/blog\\\/#organization\",\"name\":\"accidentdutravail-idf\",\"url\":\"https:\\\/\\\/www.accidentdutravail-idf.net\\\/blog\\\/\",\"logo\":{\"@type\":\"ImageObject\",\"inLanguage\":\"fr-FR\",\"@id\":\"https:\\\/\\\/www.accidentdutravail-idf.net\\\/blog\\\/#\\\/schema\\\/logo\\\/image\\\/\",\"url\":\"https:\\\/\\\/www.accidentdutravail-idf.net\\\/blog\\\/wp-content\\\/uploads\\\/2022\\\/09\\\/logo-2.png\",\"contentUrl\":\"https:\\\/\\\/www.accidentdutravail-idf.net\\\/blog\\\/wp-content\\\/uploads\\\/2022\\\/09\\\/logo-2.png\",\"width\":380,\"height\":291,\"caption\":\"accidentdutravail-idf\"},\"image\":{\"@id\":\"https:\\\/\\\/www.accidentdutravail-idf.net\\\/blog\\\/#\\\/schema\\\/logo\\\/image\\\/\"}},{\"@type\":\"Person\",\"@id\":\"https:\\\/\\\/www.accidentdutravail-idf.net\\\/blog\\\/#\\\/schema\\\/person\\\/3255d2f970de45e64bd9201f38e7b947\",\"name\":\"Carlos Poulain\",\"image\":{\"@type\":\"ImageObject\",\"inLanguage\":\"fr-FR\",\"@id\":\"https:\\\/\\\/secure.gravatar.com\\\/avatar\\\/b1c2f9d3588e34e91adb093635df64ef4b2381991216be7576466cfcdca4baf3?s=96&d=mm&r=g\",\"url\":\"https:\\\/\\\/secure.gravatar.com\\\/avatar\\\/b1c2f9d3588e34e91adb093635df64ef4b2381991216be7576466cfcdca4baf3?s=96&d=mm&r=g\",\"contentUrl\":\"https:\\\/\\\/secure.gravatar.com\\\/avatar\\\/b1c2f9d3588e34e91adb093635df64ef4b2381991216be7576466cfcdca4baf3?s=96&d=mm&r=g\",\"caption\":\"Carlos Poulain\"},\"url\":\"https:\\\/\\\/www.accidentdutravail-idf.net\\\/blog\\\/author\\\/idfcarlos\\\/\"}]}<\/script>\n<!-- \/ Yoast SEO plugin. -->","yoast_head_json":{"title":"Terrible accident dans une usine Lustucru du Rh\u00f4ne : un jeune ouvrier de 22 ans meurt happ\u00e9 par un laminoir - ACCIDENTDUTRAVAIL-IDF","description":"Terrible accident dans une usine Lustucru du Rh\u00f4ne : un jeune ouvrier de 22 ans meurt happ\u00e9 par un laminoir article de ACCIDENTDUTRAVAIL-IDF","robots":{"index":"index","follow":"follow","max-snippet":"max-snippet:-1","max-image-preview":"max-image-preview:large","max-video-preview":"max-video-preview:-1"},"canonical":"https:\/\/www.accidentdutravail-idf.net\/blog\/terrible-accident-dans-une-usine-lustucru-du-rhone-un-jeune-ouvrier-de-22-ans-meurt-happe-par-un-laminoir\/","og_locale":"fr_FR","og_type":"article","og_title":"Terrible accident dans une usine Lustucru du Rh\u00f4ne : un jeune ouvrier de 22 ans meurt happ\u00e9 par un laminoir - ACCIDENTDUTRAVAIL-IDF","og_description":"Terrible accident dans une usine Lustucru du Rh\u00f4ne : un jeune ouvrier de 22 ans meurt happ\u00e9 par un laminoir article de ACCIDENTDUTRAVAIL-IDF","og_url":"https:\/\/www.accidentdutravail-idf.net\/blog\/terrible-accident-dans-une-usine-lustucru-du-rhone-un-jeune-ouvrier-de-22-ans-meurt-happe-par-un-laminoir\/","og_site_name":"ACCIDENTDUTRAVAIL-IDF","article_published_time":"2026-04-21T07:05:00+00:00","author":"Carlos Poulain","twitter_card":"summary_large_image","twitter_misc":{"\u00c9crit par":"Carlos Poulain","Dur\u00e9e de lecture estim\u00e9e":"2 minutes"},"schema":{"@context":"https:\/\/schema.org","@graph":[{"@type":"Article","@id":"https:\/\/www.accidentdutravail-idf.net\/blog\/terrible-accident-dans-une-usine-lustucru-du-rhone-un-jeune-ouvrier-de-22-ans-meurt-happe-par-un-laminoir\/#article","isPartOf":{"@id":"https:\/\/www.accidentdutravail-idf.net\/blog\/terrible-accident-dans-une-usine-lustucru-du-rhone-un-jeune-ouvrier-de-22-ans-meurt-happe-par-un-laminoir\/"},"author":{"name":"Carlos Poulain","@id":"https:\/\/www.accidentdutravail-idf.net\/blog\/#\/schema\/person\/3255d2f970de45e64bd9201f38e7b947"},"headline":"Terrible accident dans une usine Lustucru du Rh\u00f4ne : un jeune ouvrier de 22 ans meurt happ\u00e9 par un laminoir","datePublished":"2026-04-21T07:05:00+00:00","mainEntityOfPage":{"@id":"https:\/\/www.accidentdutravail-idf.net\/blog\/terrible-accident-dans-une-usine-lustucru-du-rhone-un-jeune-ouvrier-de-22-ans-meurt-happe-par-un-laminoir\/"},"wordCount":416,"publisher":{"@id":"https:\/\/www.accidentdutravail-idf.net\/blog\/#organization"},"articleSection":["S\u00e9curit\u00e9 Du Travail En Ile-De-France Et Divers:"],"inLanguage":"fr-FR"},{"@type":"WebPage","@id":"https:\/\/www.accidentdutravail-idf.net\/blog\/terrible-accident-dans-une-usine-lustucru-du-rhone-un-jeune-ouvrier-de-22-ans-meurt-happe-par-un-laminoir\/","url":"https:\/\/www.accidentdutravail-idf.net\/blog\/terrible-accident-dans-une-usine-lustucru-du-rhone-un-jeune-ouvrier-de-22-ans-meurt-happe-par-un-laminoir\/","name":"Terrible accident dans une usine Lustucru du Rh\u00f4ne : un jeune ouvrier de 22 ans meurt happ\u00e9 par un laminoir - ACCIDENTDUTRAVAIL-IDF","isPartOf":{"@id":"https:\/\/www.accidentdutravail-idf.net\/blog\/#website"},"datePublished":"2026-04-21T07:05:00+00:00","description":"Terrible accident dans une usine Lustucru du Rh\u00f4ne : un jeune ouvrier de 22 ans meurt happ\u00e9 par un laminoir article de ACCIDENTDUTRAVAIL-IDF","breadcrumb":{"@id":"https:\/\/www.accidentdutravail-idf.net\/blog\/terrible-accident-dans-une-usine-lustucru-du-rhone-un-jeune-ouvrier-de-22-ans-meurt-happe-par-un-laminoir\/#breadcrumb"},"inLanguage":"fr-FR","potentialAction":[{"@type":"ReadAction","target":["https:\/\/www.accidentdutravail-idf.net\/blog\/terrible-accident-dans-une-usine-lustucru-du-rhone-un-jeune-ouvrier-de-22-ans-meurt-happe-par-un-laminoir\/"]}]},{"@type":"BreadcrumbList","@id":"https:\/\/www.accidentdutravail-idf.net\/blog\/terrible-accident-dans-une-usine-lustucru-du-rhone-un-jeune-ouvrier-de-22-ans-meurt-happe-par-un-laminoir\/#breadcrumb","itemListElement":[{"@type":"ListItem","position":1,"name":"Accueil","item":"https:\/\/www.accidentdutravail-idf.net\/blog\/"},{"@type":"ListItem","position":2,"name":"Terrible accident dans une usine Lustucru du Rh\u00f4ne : un jeune ouvrier de 22 ans meurt happ\u00e9 par un laminoir"}]},{"@type":"WebSite","@id":"https:\/\/www.accidentdutravail-idf.net\/blog\/#website","url":"https:\/\/www.accidentdutravail-idf.net\/blog\/","name":"ACCIDENTDUTRAVAIL-IDF","description":"Portail accidents du travail-maladies professionnelles des entreprises d&#039;Ile-de-France","publisher":{"@id":"https:\/\/www.accidentdutravail-idf.net\/blog\/#organization"},"potentialAction":[{"@type":"SearchAction","target":{"@type":"EntryPoint","urlTemplate":"https:\/\/www.accidentdutravail-idf.net\/blog\/?s={search_term_string}"},"query-input":{"@type":"PropertyValueSpecification","valueRequired":true,"valueName":"search_term_string"}}],"inLanguage":"fr-FR"},{"@type":"Organization","@id":"https:\/\/www.accidentdutravail-idf.net\/blog\/#organization","name":"accidentdutravail-idf","url":"https:\/\/www.accidentdutravail-idf.net\/blog\/","logo":{"@type":"ImageObject","inLanguage":"fr-FR","@id":"https:\/\/www.accidentdutravail-idf.net\/blog\/#\/schema\/logo\/image\/","url":"https:\/\/www.accidentdutravail-idf.net\/blog\/wp-content\/uploads\/2022\/09\/logo-2.png","contentUrl":"https:\/\/www.accidentdutravail-idf.net\/blog\/wp-content\/uploads\/2022\/09\/logo-2.png","width":380,"height":291,"caption":"accidentdutravail-idf"},"image":{"@id":"https:\/\/www.accidentdutravail-idf.net\/blog\/#\/schema\/logo\/image\/"}},{"@type":"Person","@id":"https:\/\/www.accidentdutravail-idf.net\/blog\/#\/schema\/person\/3255d2f970de45e64bd9201f38e7b947","name":"Carlos Poulain","image":{"@type":"ImageObject","inLanguage":"fr-FR","@id":"https:\/\/secure.gravatar.com\/avatar\/b1c2f9d3588e34e91adb093635df64ef4b2381991216be7576466cfcdca4baf3?s=96&d=mm&r=g","url":"https:\/\/secure.gravatar.com\/avatar\/b1c2f9d3588e34e91adb093635df64ef4b2381991216be7576466cfcdca4baf3?s=96&d=mm&r=g","contentUrl":"https:\/\/secure.gravatar.com\/avatar\/b1c2f9d3588e34e91adb093635df64ef4b2381991216be7576466cfcdca4baf3?s=96&d=mm&r=g","caption":"Carlos Poulain"},"url":"https:\/\/www.accidentdutravail-idf.net\/blog\/author\/idfcarlos\/"}]}},"_links":{"self":[{"href":"https:\/\/www.accidentdutravail-idf.net\/blog\/wp-json\/wp\/v2\/posts\/2343","targetHints":{"allow":["GET"]}}],"collection":[{"href":"https:\/\/www.accidentdutravail-idf.net\/blog\/wp-json\/wp\/v2\/posts"}],"about":[{"href":"https:\/\/www.accidentdutravail-idf.net\/blog\/wp-json\/wp\/v2\/types\/post"}],"author":[{"embeddable":true,"href":"https:\/\/www.accidentdutravail-idf.net\/blog\/wp-json\/wp\/v2\/users\/2"}],"replies":[{"embeddable":true,"href":"https:\/\/www.accidentdutravail-idf.net\/blog\/wp-json\/wp\/v2\/comments?post=2343"}],"version-history":[{"count":0,"href":"https:\/\/www.accidentdutravail-idf.net\/blog\/wp-json\/wp\/v2\/posts\/2343\/revisions"}],"wp:attachment":[{"href":"https:\/\/www.accidentdutravail-idf.net\/blog\/wp-json\/wp\/v2\/media?parent=2343"}],"wp:term":[{"taxonomy":"category","embeddable":true,"href":"https:\/\/www.accidentdutravail-idf.net\/blog\/wp-json\/wp\/v2\/categories?post=2343"},{"taxonomy":"post_tag","embeddable":true,"href":"https:\/\/www.accidentdutravail-idf.net\/blog\/wp-json\/wp\/v2\/tags?post=2343"}],"curies":[{"name":"wp","href":"https:\/\/api.w.org\/{rel}","templated":true}]}}