{"id":2342,"date":"2026-04-21T03:04:00","date_gmt":"2026-04-21T01:04:00","guid":{"rendered":"https:\/\/www.accidentdutravail-idf.net\/blog\/eure-toute-notre-vie-a-bascule-une-cagnotte-pour-aider-un-salarie-victime-dun-terrible-accident\/"},"modified":"2026-04-21T03:04:00","modified_gmt":"2026-04-21T01:04:00","slug":"eure-toute-notre-vie-a-bascule-une-cagnotte-pour-aider-un-salarie-victime-dun-terrible-accident","status":"publish","type":"post","link":"https:\/\/www.accidentdutravail-idf.net\/blog\/eure-toute-notre-vie-a-bascule-une-cagnotte-pour-aider-un-salarie-victime-dun-terrible-accident\/","title":{"rendered":"Eure. \u00ab Toute notre vie a bascul\u00e9 \u00bb : une cagnotte pour aider un salari\u00e9 victime d\u2019un terrible accident"},"content":{"rendered":"<div><img decoding=\"async\" src=\"https:\/\/www.accidentdutravail-idf.net\/blog\/wp-content\/uploads\/2026\/04\/eure-toute-notre-vie-a-bascule-une-cagnotte-pour-aider-un-salarie-victime-dun-terrible-accident.jpg\" class=\"ff-og-image-inserted\"><\/div>\n<div class=\"ac-article-date\"> Par <strong> <a href=\"https:\/\/actu.fr\/auteur\/stephane-fouilleul\" title=\"Consulter tous les articles de St\u00e9phane Fouilleul\" target=\"_blank\" rel=\"nofollow\">St\u00e9phane Fouilleul<\/a> <\/strong> <span> Publi\u00e9 le <time datetime=\"2026-04-21T10:02:09+02:00\"> 21 avr. 2026 \u00e0 10h02 <\/time> <\/span>\n<\/div>\n<div class=\"ac-article-actions\"> <button type=\"button\" class=\"ac-btn ac-btn--round ac-btn--border-gray ac-btn--bookmark\" data-trk=\"{&quot;cta&quot;:{&quot;action&quot;:&quot;&quot;,&quot;category&quot;:&quot;mon compte&quot;,&quot;from&quot;:&quot;article actions&quot;,&quot;name&quot;:&quot;Voir mes articles enregistr\\u00e9s&quot;,&quot;type&quot;:&quot;cta&quot;}}\" title=\"Enregistrer l'article\" aria-label=\"Enregistrer l'article\" aria-controls=\"bookmark\" aria-expanded=\"false\"> <span class=\"sr\">Enregistrer<\/span> <\/button> <button type=\"button\" class=\"ac-btn ac-btn--round ac-btn--border-gray ac-btn--share\" data-trk=\"{&quot;menu&quot;:{&quot;name&quot;:&quot;Partager&quot;,&quot;from&quot;:&quot;D\\u00e9but article&quot;}}\" title=\"Partager l'article\" aria-controls=\"share\" aria-expanded=\"false\" aria-label=\"Partager\"> <span class=\"sr\">Partager<\/span> <\/button> <\/div>\n<p>\u00ab\u2009Nous traversons aujourd\u2019hui l\u2019\u00e9preuve la plus difficile de notre vie.\u2009\u00bb C\u2019est un appel \u00e0 l\u2019aide que M\u00e9lissa a souhait\u00e9 lancer en sollicitant <a href=\"https:\/\/actu.fr\/l-eveil-de-pont-audemer\/\" target=\"_blank\" rel=\"nofollow\"><i>L\u2019\u00c9veil de Pont-Audemer<\/i><\/a>.<\/p>\n<p class=\" wall-content\">Le jeudi 19&nbsp;mars 2026, son compagnon a \u00e9t\u00e9 victime d\u2019<a href=\"https:\/\/actu.fr\/normandie\/saint-pierre-du-val_27597\/accident-de-la-route-pres-de-pont-audemer-un-rippeur-en-urgence-absolue-apres-avoir-perdu-son-pied_64015848.html\" target=\"_blank\" rel=\"nofollow\">un grave accident du travail<\/a>. Ripeur de profession \u00e0 la Communaut\u00e9 de communes du Pays de Honfleur-Beuzeville (CCPHB), le <b>salari\u00e9 \u00e2g\u00e9 de 26<\/b>&nbsp;<b>ans<\/b> (qui souhaite rester anonyme) a \u00e9t\u00e9 percut\u00e9 vers 6\u2009h\u200920, sur la d\u00e9partementale 180 \u00e0 <a href=\"https:\/\/actu.fr\/normandie\/saint-pierre-du-val_27597\" target=\"_blank\" rel=\"nofollow\">Saint-Pierre-du-Val<\/a> (Eure) par un automobiliste, alors qu\u2019il se trouvait <b>\u00e0 l\u2019arri\u00e8re de son camion-benne <\/b>qui ramassait les d\u00e9chets.<\/p>\n<h2 class=\" wall-content\">Le ripeur a eu la jambe sectionn\u00e9e<\/h2>\n<p class=\" wall-content\">\u00ab\u2009En un instant, <b>toute notre vie a bascul\u00e9<\/b>\u2009\u00bb, avoue M\u00e9lissa. Dans l\u2019accident, son compagnon a perdu son pied gauche \u00ab\u2009et son autre jambe est encore dans un \u00e9tat tr\u00e8s pr\u00e9occupant.\u2009\u00bb Transport\u00e9 en urgence absolue \u00e0 l\u2019h\u00f4pital Jacques-Monod, au&nbsp;<a href=\"https:\/\/actu.fr\/normandie\/le-havre_76351\" target=\"_blank\" rel=\"nofollow\">Havre<\/a> (Seine-Maritime), le ripeur est ressorti il y a seulement quelques jours.<\/p>\n<div class=\"ac-article-to-read wall-content\">\n<p>\u00c0 lire aussi<\/p>\n<\/div>\n<p class=\" wall-content\">M\u00e9lissa et son compagnon sont<b> parents de deux jeunes enfants<\/b>. La veille du drame, le couple install\u00e9 \u00e0 <a href=\"https:\/\/actu.fr\/normandie\/beuzeville_27065\" target=\"_blank\" rel=\"nofollow\">Beuzeville<\/a> \u00e9tait en plein d\u00e9m\u00e9nagement. \u00ab\u2009On venait de signer un bail pour louer une maison \u00e0 <a href=\"https:\/\/actu.fr\/normandie\/pont-audemer_27467\" target=\"_blank\" rel=\"nofollow\">Pont-Audemer<\/a>.\u2009\u00bb<\/p>\n<p class=\" wall-content\">L\u2019accident a tout boulevers\u00e9. \u00ab\u2009Nous devons d\u00e9sormais faire face \u00e0 une nouvelle r\u00e9alit\u00e9\u2009: <b>adapter notre futur logement \u00e0 son handicap,<\/b> assurer les soins, le quotidien et continuer \u00e0 avancer malgr\u00e9 tout\u2009\u00bb, d\u00e9clare avec courage la m\u00e8re de famille.<\/p>\n<figure id=\"dailymotion-embed-x7dyep\" class=\"ac-embed ac-embed--dailymotion ac-embed--inread3\" data-provider=\"dailymotion\"><figcaption>Vid\u00e9os : en ce moment sur Actu<\/figcaption><\/figure>\n<p class=\" wall-content\">C\u2019est pour cette raison qu\u2019elle lance un appel \u00e0 la solidarit\u00e9 en mettant en ligne une <b>cagnotte Leetchi<\/b>. Elle est disponible <a href=\"https:\/\/www.leetchi.com\/fr\/c\/accident-rippeur-1573224?utm_source=native&amp;utm_medium=social_sharing\" target=\"_blank\" rel=\"nofollow\">en cliquant sur ce lien<\/a>. L\u2019objectif\u2009: collecter des dons qui permettront d\u2019am\u00e9nager la maison et ainsi l\u2019adapter au handicap de son compagnon.<\/p>\n<blockquote class=\"ac-article-quote wall-content\">\n<p>Mais \u00e9galement faire face aux frais m\u00e9dicaux et aux d\u00e9penses impr\u00e9vues. Chaque don, m\u00eame le plus petit, repr\u00e9sente \u00e9norm\u00e9ment pour nous.<\/p>\n<footer>M\u00e9lissa<\/footer>\n<\/blockquote>\n<div class=\"ac-article-to-read wall-content\">\n<p>\u00c0 lire aussi<\/p>\n<\/div>\n<p class=\" wall-content\">En d\u00e9but de semaine, la cagnotte totalisait plus de 1\u2009500&nbsp;euros.<\/p>\n<p class=\" wall-content\"><i>Personnalisez votre actualit\u00e9 en ajoutant vos villes et m\u00e9dias en favori avec <a href=\"https:\/\/moncompte.actu.fr\" title=\"D\u00e9couvez Mon Actu\" rel=\"nofollow\" data-trk=\"{&quot;cta&quot;:{&quot;action&quot;:&quot;https:\\\/\\\/moncompte.actu.fr&quot;,&quot;category&quot;:&quot;mon compte&quot;,&quot;from&quot;:&quot;article footer&quot;,&quot;name&quot;:&quot;Mon actu&quot;,&quot;type&quot;:&quot;cta&quot;}}\" target=\"_blank\">Mon Actu<\/a>.<\/i><\/p>\n<p> accidentdutravail-idf.net vous a pr\u00e9par\u00e9 ce post qui informe du sujet \u00ab\u00a0Association Sportive Huisson-Longueville Essonne\u00a0\u00bb. La chronique se veut g\u00e9n\u00e9r\u00e9e du mieux possible. Vous pouvez utiliser les coordonn\u00e9es indiqu\u00e9es sur le site dans le but d\u2019apporter des explications sur ce post qui parle du th\u00e8me \u00ab\u00a0Association Sportive Huisson-Longueville Essonne\u00a0\u00bb. Le site accidentdutravail-idf.net a pour but de fournir diverses publications sur la th\u00e9matique Association Sportive Huisson-Longueville Essonne diffus\u00e9es sur le net. Il y aura plusieurs articles autour du sujet \u00ab\u00a0Association Sportive Huisson-Longueville Essonne\u00a0\u00bb dans quelques jours, nous vous invitons \u00e0 naviguer sur notre site web \u00e0 plusieurs reprises.<\/p>\n","protected":false},"excerpt":{"rendered":"<p>Par St\u00e9phane Fouilleul Publi\u00e9 le 21 avr. 2026 \u00e0 10h02 Enregistrer Partager \u00ab\u2009Nous traversons aujourd\u2019hui l\u2019\u00e9preuve la plus difficile de notre vie.\u2009\u00bb C\u2019est un appel \u00e0 l\u2019aide que M\u00e9lissa a souhait\u00e9 lancer en sollicitant L\u2019\u00c9veil de Pont-Audemer. Le jeudi 19&nbsp;mars 2026, son compagnon a \u00e9t\u00e9 victime d\u2019un grave accident du travail. Ripeur de profession \u00e0 &hellip; <\/p>\n<p class=\"link-more\"><a href=\"https:\/\/www.accidentdutravail-idf.net\/blog\/eure-toute-notre-vie-a-bascule-une-cagnotte-pour-aider-un-salarie-victime-dun-terrible-accident\/\" class=\"more-link\">Continuer la lecture <span class=\"screen-reader-text\"> \u00ab\u00a0Eure. \u00ab Toute notre vie a bascul\u00e9 \u00bb : une cagnotte pour aider un salari\u00e9 victime d\u2019un terrible accident\u00a0\u00bb<\/span><\/a><\/p>\n","protected":false},"author":2,"featured_media":0,"comment_status":"closed","ping_status":"closed","sticky":false,"template":"","format":"standard","meta":{"footnotes":""},"categories":[5],"tags":[],"class_list":["post-2342","post","type-post","status-publish","format-standard","hentry","category-securite-du-travail-en-ile-de-france-et-divers","entry"],"yoast_head":"<!-- This site is optimized with the Yoast SEO plugin v27.5 - https:\/\/yoast.com\/product\/yoast-seo-wordpress\/ -->\n<title>Eure. \u00ab Toute notre vie a bascul\u00e9 \u00bb : une cagnotte pour aider un salari\u00e9 victime d\u2019un terrible accident - ACCIDENTDUTRAVAIL-IDF<\/title>\n<meta name=\"description\" content=\"Eure. \u00ab Toute notre vie a bascul\u00e9 \u00bb : une cagnotte pour aider un salari\u00e9 victime d\u2019un terrible accident article de ACCIDENTDUTRAVAIL-IDF\" \/>\n<meta name=\"robots\" content=\"index, follow, max-snippet:-1, max-image-preview:large, max-video-preview:-1\" \/>\n<link rel=\"canonical\" href=\"https:\/\/www.accidentdutravail-idf.net\/blog\/eure-toute-notre-vie-a-bascule-une-cagnotte-pour-aider-un-salarie-victime-dun-terrible-accident\/\" \/>\n<meta property=\"og:locale\" content=\"fr_FR\" \/>\n<meta property=\"og:type\" content=\"article\" \/>\n<meta property=\"og:title\" content=\"Eure. \u00ab Toute notre vie a bascul\u00e9 \u00bb : une cagnotte pour aider un salari\u00e9 victime d\u2019un terrible accident - ACCIDENTDUTRAVAIL-IDF\" \/>\n<meta property=\"og:description\" content=\"Eure. \u00ab Toute notre vie a bascul\u00e9 \u00bb : une cagnotte pour aider un salari\u00e9 victime d\u2019un terrible accident article de ACCIDENTDUTRAVAIL-IDF\" \/>\n<meta property=\"og:url\" content=\"https:\/\/www.accidentdutravail-idf.net\/blog\/eure-toute-notre-vie-a-bascule-une-cagnotte-pour-aider-un-salarie-victime-dun-terrible-accident\/\" \/>\n<meta property=\"og:site_name\" content=\"ACCIDENTDUTRAVAIL-IDF\" \/>\n<meta property=\"article:published_time\" content=\"2026-04-21T01:04:00+00:00\" \/>\n<meta property=\"og:image\" content=\"https:\/\/www.accidentdutravail-idf.net\/blog\/wp-content\/uploads\/2026\/04\/eure-toute-notre-vie-a-bascule-une-cagnotte-pour-aider-un-salarie-victime-dun-terrible-accident.jpg\" \/>\n<meta name=\"author\" content=\"Carlos Poulain\" \/>\n<meta name=\"twitter:card\" content=\"summary_large_image\" \/>\n<meta name=\"twitter:label1\" content=\"\u00c9crit par\" \/>\n\t<meta name=\"twitter:data1\" content=\"Carlos Poulain\" \/>\n\t<meta name=\"twitter:label2\" content=\"Dur\u00e9e de lecture estim\u00e9e\" \/>\n\t<meta name=\"twitter:data2\" content=\"2 minutes\" \/>\n<script type=\"application\/ld+json\" class=\"yoast-schema-graph\">{\"@context\":\"https:\\\/\\\/schema.org\",\"@graph\":[{\"@type\":\"Article\",\"@id\":\"https:\\\/\\\/www.accidentdutravail-idf.net\\\/blog\\\/eure-toute-notre-vie-a-bascule-une-cagnotte-pour-aider-un-salarie-victime-dun-terrible-accident\\\/#article\",\"isPartOf\":{\"@id\":\"https:\\\/\\\/www.accidentdutravail-idf.net\\\/blog\\\/eure-toute-notre-vie-a-bascule-une-cagnotte-pour-aider-un-salarie-victime-dun-terrible-accident\\\/\"},\"author\":{\"name\":\"Carlos Poulain\",\"@id\":\"https:\\\/\\\/www.accidentdutravail-idf.net\\\/blog\\\/#\\\/schema\\\/person\\\/3255d2f970de45e64bd9201f38e7b947\"},\"headline\":\"Eure. \u00ab Toute notre vie a bascul\u00e9 \u00bb : une cagnotte pour aider un salari\u00e9 victime d\u2019un terrible accident\",\"datePublished\":\"2026-04-21T01:04:00+00:00\",\"mainEntityOfPage\":{\"@id\":\"https:\\\/\\\/www.accidentdutravail-idf.net\\\/blog\\\/eure-toute-notre-vie-a-bascule-une-cagnotte-pour-aider-un-salarie-victime-dun-terrible-accident\\\/\"},\"wordCount\":485,\"publisher\":{\"@id\":\"https:\\\/\\\/www.accidentdutravail-idf.net\\\/blog\\\/#organization\"},\"image\":{\"@id\":\"https:\\\/\\\/www.accidentdutravail-idf.net\\\/blog\\\/eure-toute-notre-vie-a-bascule-une-cagnotte-pour-aider-un-salarie-victime-dun-terrible-accident\\\/#primaryimage\"},\"thumbnailUrl\":\"https:\\\/\\\/www.accidentdutravail-idf.net\\\/blog\\\/wp-content\\\/uploads\\\/2026\\\/04\\\/eure-toute-notre-vie-a-bascule-une-cagnotte-pour-aider-un-salarie-victime-dun-terrible-accident.jpg\",\"articleSection\":[\"S\u00e9curit\u00e9 Du Travail En Ile-De-France Et Divers:\"],\"inLanguage\":\"fr-FR\"},{\"@type\":\"WebPage\",\"@id\":\"https:\\\/\\\/www.accidentdutravail-idf.net\\\/blog\\\/eure-toute-notre-vie-a-bascule-une-cagnotte-pour-aider-un-salarie-victime-dun-terrible-accident\\\/\",\"url\":\"https:\\\/\\\/www.accidentdutravail-idf.net\\\/blog\\\/eure-toute-notre-vie-a-bascule-une-cagnotte-pour-aider-un-salarie-victime-dun-terrible-accident\\\/\",\"name\":\"Eure. \u00ab Toute notre vie a bascul\u00e9 \u00bb : une cagnotte pour aider un salari\u00e9 victime d\u2019un terrible accident - ACCIDENTDUTRAVAIL-IDF\",\"isPartOf\":{\"@id\":\"https:\\\/\\\/www.accidentdutravail-idf.net\\\/blog\\\/#website\"},\"primaryImageOfPage\":{\"@id\":\"https:\\\/\\\/www.accidentdutravail-idf.net\\\/blog\\\/eure-toute-notre-vie-a-bascule-une-cagnotte-pour-aider-un-salarie-victime-dun-terrible-accident\\\/#primaryimage\"},\"image\":{\"@id\":\"https:\\\/\\\/www.accidentdutravail-idf.net\\\/blog\\\/eure-toute-notre-vie-a-bascule-une-cagnotte-pour-aider-un-salarie-victime-dun-terrible-accident\\\/#primaryimage\"},\"thumbnailUrl\":\"https:\\\/\\\/www.accidentdutravail-idf.net\\\/blog\\\/wp-content\\\/uploads\\\/2026\\\/04\\\/eure-toute-notre-vie-a-bascule-une-cagnotte-pour-aider-un-salarie-victime-dun-terrible-accident.jpg\",\"datePublished\":\"2026-04-21T01:04:00+00:00\",\"description\":\"Eure. \u00ab Toute notre vie a bascul\u00e9 \u00bb : une cagnotte pour aider un salari\u00e9 victime d\u2019un terrible accident article de ACCIDENTDUTRAVAIL-IDF\",\"breadcrumb\":{\"@id\":\"https:\\\/\\\/www.accidentdutravail-idf.net\\\/blog\\\/eure-toute-notre-vie-a-bascule-une-cagnotte-pour-aider-un-salarie-victime-dun-terrible-accident\\\/#breadcrumb\"},\"inLanguage\":\"fr-FR\",\"potentialAction\":[{\"@type\":\"ReadAction\",\"target\":[\"https:\\\/\\\/www.accidentdutravail-idf.net\\\/blog\\\/eure-toute-notre-vie-a-bascule-une-cagnotte-pour-aider-un-salarie-victime-dun-terrible-accident\\\/\"]}]},{\"@type\":\"ImageObject\",\"inLanguage\":\"fr-FR\",\"@id\":\"https:\\\/\\\/www.accidentdutravail-idf.net\\\/blog\\\/eure-toute-notre-vie-a-bascule-une-cagnotte-pour-aider-un-salarie-victime-dun-terrible-accident\\\/#primaryimage\",\"url\":\"https:\\\/\\\/www.accidentdutravail-idf.net\\\/blog\\\/wp-content\\\/uploads\\\/2026\\\/04\\\/eure-toute-notre-vie-a-bascule-une-cagnotte-pour-aider-un-salarie-victime-dun-terrible-accident.jpg\",\"contentUrl\":\"https:\\\/\\\/www.accidentdutravail-idf.net\\\/blog\\\/wp-content\\\/uploads\\\/2026\\\/04\\\/eure-toute-notre-vie-a-bascule-une-cagnotte-pour-aider-un-salarie-victime-dun-terrible-accident.jpg\"},{\"@type\":\"BreadcrumbList\",\"@id\":\"https:\\\/\\\/www.accidentdutravail-idf.net\\\/blog\\\/eure-toute-notre-vie-a-bascule-une-cagnotte-pour-aider-un-salarie-victime-dun-terrible-accident\\\/#breadcrumb\",\"itemListElement\":[{\"@type\":\"ListItem\",\"position\":1,\"name\":\"Accueil\",\"item\":\"https:\\\/\\\/www.accidentdutravail-idf.net\\\/blog\\\/\"},{\"@type\":\"ListItem\",\"position\":2,\"name\":\"Eure. \u00ab Toute notre vie a bascul\u00e9 \u00bb : une cagnotte pour aider un salari\u00e9 victime d\u2019un terrible accident\"}]},{\"@type\":\"WebSite\",\"@id\":\"https:\\\/\\\/www.accidentdutravail-idf.net\\\/blog\\\/#website\",\"url\":\"https:\\\/\\\/www.accidentdutravail-idf.net\\\/blog\\\/\",\"name\":\"ACCIDENTDUTRAVAIL-IDF\",\"description\":\"Portail accidents du travail-maladies professionnelles des entreprises d&#039;Ile-de-France\",\"publisher\":{\"@id\":\"https:\\\/\\\/www.accidentdutravail-idf.net\\\/blog\\\/#organization\"},\"potentialAction\":[{\"@type\":\"SearchAction\",\"target\":{\"@type\":\"EntryPoint\",\"urlTemplate\":\"https:\\\/\\\/www.accidentdutravail-idf.net\\\/blog\\\/?s={search_term_string}\"},\"query-input\":{\"@type\":\"PropertyValueSpecification\",\"valueRequired\":true,\"valueName\":\"search_term_string\"}}],\"inLanguage\":\"fr-FR\"},{\"@type\":\"Organization\",\"@id\":\"https:\\\/\\\/www.accidentdutravail-idf.net\\\/blog\\\/#organization\",\"name\":\"accidentdutravail-idf\",\"url\":\"https:\\\/\\\/www.accidentdutravail-idf.net\\\/blog\\\/\",\"logo\":{\"@type\":\"ImageObject\",\"inLanguage\":\"fr-FR\",\"@id\":\"https:\\\/\\\/www.accidentdutravail-idf.net\\\/blog\\\/#\\\/schema\\\/logo\\\/image\\\/\",\"url\":\"https:\\\/\\\/www.accidentdutravail-idf.net\\\/blog\\\/wp-content\\\/uploads\\\/2022\\\/09\\\/logo-2.png\",\"contentUrl\":\"https:\\\/\\\/www.accidentdutravail-idf.net\\\/blog\\\/wp-content\\\/uploads\\\/2022\\\/09\\\/logo-2.png\",\"width\":380,\"height\":291,\"caption\":\"accidentdutravail-idf\"},\"image\":{\"@id\":\"https:\\\/\\\/www.accidentdutravail-idf.net\\\/blog\\\/#\\\/schema\\\/logo\\\/image\\\/\"}},{\"@type\":\"Person\",\"@id\":\"https:\\\/\\\/www.accidentdutravail-idf.net\\\/blog\\\/#\\\/schema\\\/person\\\/3255d2f970de45e64bd9201f38e7b947\",\"name\":\"Carlos Poulain\",\"image\":{\"@type\":\"ImageObject\",\"inLanguage\":\"fr-FR\",\"@id\":\"https:\\\/\\\/secure.gravatar.com\\\/avatar\\\/b1c2f9d3588e34e91adb093635df64ef4b2381991216be7576466cfcdca4baf3?s=96&d=mm&r=g\",\"url\":\"https:\\\/\\\/secure.gravatar.com\\\/avatar\\\/b1c2f9d3588e34e91adb093635df64ef4b2381991216be7576466cfcdca4baf3?s=96&d=mm&r=g\",\"contentUrl\":\"https:\\\/\\\/secure.gravatar.com\\\/avatar\\\/b1c2f9d3588e34e91adb093635df64ef4b2381991216be7576466cfcdca4baf3?s=96&d=mm&r=g\",\"caption\":\"Carlos Poulain\"},\"url\":\"https:\\\/\\\/www.accidentdutravail-idf.net\\\/blog\\\/author\\\/idfcarlos\\\/\"}]}<\/script>\n<!-- \/ Yoast SEO plugin. -->","yoast_head_json":{"title":"Eure. \u00ab Toute notre vie a bascul\u00e9 \u00bb : une cagnotte pour aider un salari\u00e9 victime d\u2019un terrible accident - ACCIDENTDUTRAVAIL-IDF","description":"Eure. \u00ab Toute notre vie a bascul\u00e9 \u00bb : une cagnotte pour aider un salari\u00e9 victime d\u2019un terrible accident article de ACCIDENTDUTRAVAIL-IDF","robots":{"index":"index","follow":"follow","max-snippet":"max-snippet:-1","max-image-preview":"max-image-preview:large","max-video-preview":"max-video-preview:-1"},"canonical":"https:\/\/www.accidentdutravail-idf.net\/blog\/eure-toute-notre-vie-a-bascule-une-cagnotte-pour-aider-un-salarie-victime-dun-terrible-accident\/","og_locale":"fr_FR","og_type":"article","og_title":"Eure. \u00ab Toute notre vie a bascul\u00e9 \u00bb : une cagnotte pour aider un salari\u00e9 victime d\u2019un terrible accident - ACCIDENTDUTRAVAIL-IDF","og_description":"Eure. \u00ab Toute notre vie a bascul\u00e9 \u00bb : une cagnotte pour aider un salari\u00e9 victime d\u2019un terrible accident article de ACCIDENTDUTRAVAIL-IDF","og_url":"https:\/\/www.accidentdutravail-idf.net\/blog\/eure-toute-notre-vie-a-bascule-une-cagnotte-pour-aider-un-salarie-victime-dun-terrible-accident\/","og_site_name":"ACCIDENTDUTRAVAIL-IDF","article_published_time":"2026-04-21T01:04:00+00:00","og_image":[{"url":"https:\/\/www.accidentdutravail-idf.net\/blog\/wp-content\/uploads\/2026\/04\/eure-toute-notre-vie-a-bascule-une-cagnotte-pour-aider-un-salarie-victime-dun-terrible-accident.jpg","type":"","width":"","height":""}],"author":"Carlos Poulain","twitter_card":"summary_large_image","twitter_misc":{"\u00c9crit par":"Carlos Poulain","Dur\u00e9e de lecture estim\u00e9e":"2 minutes"},"schema":{"@context":"https:\/\/schema.org","@graph":[{"@type":"Article","@id":"https:\/\/www.accidentdutravail-idf.net\/blog\/eure-toute-notre-vie-a-bascule-une-cagnotte-pour-aider-un-salarie-victime-dun-terrible-accident\/#article","isPartOf":{"@id":"https:\/\/www.accidentdutravail-idf.net\/blog\/eure-toute-notre-vie-a-bascule-une-cagnotte-pour-aider-un-salarie-victime-dun-terrible-accident\/"},"author":{"name":"Carlos Poulain","@id":"https:\/\/www.accidentdutravail-idf.net\/blog\/#\/schema\/person\/3255d2f970de45e64bd9201f38e7b947"},"headline":"Eure. \u00ab Toute notre vie a bascul\u00e9 \u00bb : une cagnotte pour aider un salari\u00e9 victime d\u2019un terrible accident","datePublished":"2026-04-21T01:04:00+00:00","mainEntityOfPage":{"@id":"https:\/\/www.accidentdutravail-idf.net\/blog\/eure-toute-notre-vie-a-bascule-une-cagnotte-pour-aider-un-salarie-victime-dun-terrible-accident\/"},"wordCount":485,"publisher":{"@id":"https:\/\/www.accidentdutravail-idf.net\/blog\/#organization"},"image":{"@id":"https:\/\/www.accidentdutravail-idf.net\/blog\/eure-toute-notre-vie-a-bascule-une-cagnotte-pour-aider-un-salarie-victime-dun-terrible-accident\/#primaryimage"},"thumbnailUrl":"https:\/\/www.accidentdutravail-idf.net\/blog\/wp-content\/uploads\/2026\/04\/eure-toute-notre-vie-a-bascule-une-cagnotte-pour-aider-un-salarie-victime-dun-terrible-accident.jpg","articleSection":["S\u00e9curit\u00e9 Du Travail En Ile-De-France Et Divers:"],"inLanguage":"fr-FR"},{"@type":"WebPage","@id":"https:\/\/www.accidentdutravail-idf.net\/blog\/eure-toute-notre-vie-a-bascule-une-cagnotte-pour-aider-un-salarie-victime-dun-terrible-accident\/","url":"https:\/\/www.accidentdutravail-idf.net\/blog\/eure-toute-notre-vie-a-bascule-une-cagnotte-pour-aider-un-salarie-victime-dun-terrible-accident\/","name":"Eure. \u00ab Toute notre vie a bascul\u00e9 \u00bb : une cagnotte pour aider un salari\u00e9 victime d\u2019un terrible accident - ACCIDENTDUTRAVAIL-IDF","isPartOf":{"@id":"https:\/\/www.accidentdutravail-idf.net\/blog\/#website"},"primaryImageOfPage":{"@id":"https:\/\/www.accidentdutravail-idf.net\/blog\/eure-toute-notre-vie-a-bascule-une-cagnotte-pour-aider-un-salarie-victime-dun-terrible-accident\/#primaryimage"},"image":{"@id":"https:\/\/www.accidentdutravail-idf.net\/blog\/eure-toute-notre-vie-a-bascule-une-cagnotte-pour-aider-un-salarie-victime-dun-terrible-accident\/#primaryimage"},"thumbnailUrl":"https:\/\/www.accidentdutravail-idf.net\/blog\/wp-content\/uploads\/2026\/04\/eure-toute-notre-vie-a-bascule-une-cagnotte-pour-aider-un-salarie-victime-dun-terrible-accident.jpg","datePublished":"2026-04-21T01:04:00+00:00","description":"Eure. \u00ab Toute notre vie a bascul\u00e9 \u00bb : une cagnotte pour aider un salari\u00e9 victime d\u2019un terrible accident article de ACCIDENTDUTRAVAIL-IDF","breadcrumb":{"@id":"https:\/\/www.accidentdutravail-idf.net\/blog\/eure-toute-notre-vie-a-bascule-une-cagnotte-pour-aider-un-salarie-victime-dun-terrible-accident\/#breadcrumb"},"inLanguage":"fr-FR","potentialAction":[{"@type":"ReadAction","target":["https:\/\/www.accidentdutravail-idf.net\/blog\/eure-toute-notre-vie-a-bascule-une-cagnotte-pour-aider-un-salarie-victime-dun-terrible-accident\/"]}]},{"@type":"ImageObject","inLanguage":"fr-FR","@id":"https:\/\/www.accidentdutravail-idf.net\/blog\/eure-toute-notre-vie-a-bascule-une-cagnotte-pour-aider-un-salarie-victime-dun-terrible-accident\/#primaryimage","url":"https:\/\/www.accidentdutravail-idf.net\/blog\/wp-content\/uploads\/2026\/04\/eure-toute-notre-vie-a-bascule-une-cagnotte-pour-aider-un-salarie-victime-dun-terrible-accident.jpg","contentUrl":"https:\/\/www.accidentdutravail-idf.net\/blog\/wp-content\/uploads\/2026\/04\/eure-toute-notre-vie-a-bascule-une-cagnotte-pour-aider-un-salarie-victime-dun-terrible-accident.jpg"},{"@type":"BreadcrumbList","@id":"https:\/\/www.accidentdutravail-idf.net\/blog\/eure-toute-notre-vie-a-bascule-une-cagnotte-pour-aider-un-salarie-victime-dun-terrible-accident\/#breadcrumb","itemListElement":[{"@type":"ListItem","position":1,"name":"Accueil","item":"https:\/\/www.accidentdutravail-idf.net\/blog\/"},{"@type":"ListItem","position":2,"name":"Eure. \u00ab Toute notre vie a bascul\u00e9 \u00bb : une cagnotte pour aider un salari\u00e9 victime d\u2019un terrible accident"}]},{"@type":"WebSite","@id":"https:\/\/www.accidentdutravail-idf.net\/blog\/#website","url":"https:\/\/www.accidentdutravail-idf.net\/blog\/","name":"ACCIDENTDUTRAVAIL-IDF","description":"Portail accidents du travail-maladies professionnelles des entreprises d&#039;Ile-de-France","publisher":{"@id":"https:\/\/www.accidentdutravail-idf.net\/blog\/#organization"},"potentialAction":[{"@type":"SearchAction","target":{"@type":"EntryPoint","urlTemplate":"https:\/\/www.accidentdutravail-idf.net\/blog\/?s={search_term_string}"},"query-input":{"@type":"PropertyValueSpecification","valueRequired":true,"valueName":"search_term_string"}}],"inLanguage":"fr-FR"},{"@type":"Organization","@id":"https:\/\/www.accidentdutravail-idf.net\/blog\/#organization","name":"accidentdutravail-idf","url":"https:\/\/www.accidentdutravail-idf.net\/blog\/","logo":{"@type":"ImageObject","inLanguage":"fr-FR","@id":"https:\/\/www.accidentdutravail-idf.net\/blog\/#\/schema\/logo\/image\/","url":"https:\/\/www.accidentdutravail-idf.net\/blog\/wp-content\/uploads\/2022\/09\/logo-2.png","contentUrl":"https:\/\/www.accidentdutravail-idf.net\/blog\/wp-content\/uploads\/2022\/09\/logo-2.png","width":380,"height":291,"caption":"accidentdutravail-idf"},"image":{"@id":"https:\/\/www.accidentdutravail-idf.net\/blog\/#\/schema\/logo\/image\/"}},{"@type":"Person","@id":"https:\/\/www.accidentdutravail-idf.net\/blog\/#\/schema\/person\/3255d2f970de45e64bd9201f38e7b947","name":"Carlos Poulain","image":{"@type":"ImageObject","inLanguage":"fr-FR","@id":"https:\/\/secure.gravatar.com\/avatar\/b1c2f9d3588e34e91adb093635df64ef4b2381991216be7576466cfcdca4baf3?s=96&d=mm&r=g","url":"https:\/\/secure.gravatar.com\/avatar\/b1c2f9d3588e34e91adb093635df64ef4b2381991216be7576466cfcdca4baf3?s=96&d=mm&r=g","contentUrl":"https:\/\/secure.gravatar.com\/avatar\/b1c2f9d3588e34e91adb093635df64ef4b2381991216be7576466cfcdca4baf3?s=96&d=mm&r=g","caption":"Carlos Poulain"},"url":"https:\/\/www.accidentdutravail-idf.net\/blog\/author\/idfcarlos\/"}]}},"_links":{"self":[{"href":"https:\/\/www.accidentdutravail-idf.net\/blog\/wp-json\/wp\/v2\/posts\/2342","targetHints":{"allow":["GET"]}}],"collection":[{"href":"https:\/\/www.accidentdutravail-idf.net\/blog\/wp-json\/wp\/v2\/posts"}],"about":[{"href":"https:\/\/www.accidentdutravail-idf.net\/blog\/wp-json\/wp\/v2\/types\/post"}],"author":[{"embeddable":true,"href":"https:\/\/www.accidentdutravail-idf.net\/blog\/wp-json\/wp\/v2\/users\/2"}],"replies":[{"embeddable":true,"href":"https:\/\/www.accidentdutravail-idf.net\/blog\/wp-json\/wp\/v2\/comments?post=2342"}],"version-history":[{"count":0,"href":"https:\/\/www.accidentdutravail-idf.net\/blog\/wp-json\/wp\/v2\/posts\/2342\/revisions"}],"wp:attachment":[{"href":"https:\/\/www.accidentdutravail-idf.net\/blog\/wp-json\/wp\/v2\/media?parent=2342"}],"wp:term":[{"taxonomy":"category","embeddable":true,"href":"https:\/\/www.accidentdutravail-idf.net\/blog\/wp-json\/wp\/v2\/categories?post=2342"},{"taxonomy":"post_tag","embeddable":true,"href":"https:\/\/www.accidentdutravail-idf.net\/blog\/wp-json\/wp\/v2\/tags?post=2342"}],"curies":[{"name":"wp","href":"https:\/\/api.w.org\/{rel}","templated":true}]}}