{"id":2339,"date":"2026-04-19T19:01:00","date_gmt":"2026-04-19T17:01:00","guid":{"rendered":"https:\/\/www.accidentdutravail-idf.net\/blog\/un-homme-de-68-ans-decede-lors-dun-accident-du-travail-a-tirlemont\/"},"modified":"2026-04-19T19:01:00","modified_gmt":"2026-04-19T17:01:00","slug":"un-homme-de-68-ans-decede-lors-dun-accident-du-travail-a-tirlemont","status":"publish","type":"post","link":"https:\/\/www.accidentdutravail-idf.net\/blog\/un-homme-de-68-ans-decede-lors-dun-accident-du-travail-a-tirlemont\/","title":{"rendered":"Un homme de 68 ans d\u00e9c\u00e8de lors d&rsquo;un accident du travail \u00e0 Tirlemont"},"content":{"rendered":"<div><img decoding=\"async\" src=\"https:\/\/www.lavenir.net\/resizer\/v2\/SNRI4JQ2INDWRDWHPTUSQAE5IU.jpeg?auth=e1104864b19a54a6b81ed81b89ca6b6c6132385358b4d1e55388586d630a5bb9&amp;width=1200&amp;height=630&amp;quality=85&amp;focal=3120%2C2080\" class=\"ff-og-image-inserted\"><\/div>\n<p class=\"ap-StoryElement ap-StoryElement--mb ap-StoryText\">Un homme de 68 ans a perdu la vie lundi \u00e0 Tirlemont \u00e0 la suite d&rsquo;un accident du travail. L&rsquo;information est rapport\u00e9e par plusieurs m\u00e9dias et confirm\u00e9e par le parquet de Louvain.<\/p>\n<p class=\"ap-StoryElement ap-StoryElement--mb ap-StoryText\">L&rsquo;homme travaillait lundi matin dans une habitation de la Beggaardenstraat \u00e0 Tirlemont lorsqu&rsquo;il serait tomb\u00e9 d&rsquo;une \u00e9chelle vers 08h30. Les services de secours sont intervenus sur place, mais l&rsquo;homme est d\u00e9c\u00e9d\u00e9 sur les lieux des suites de ses blessures. Une autopsie sera pratiqu\u00e9e demain sur le corps de la victime.<\/p>\n<p>accidentdutravail-idf.net vous a pr\u00e9par\u00e9 ce post qui informe du sujet \u00ab\u00a0Association Sportive Huisson-Longueville Essonne\u00a0\u00bb. La chronique se veut g\u00e9n\u00e9r\u00e9e du mieux possible. Vous pouvez utiliser les coordonn\u00e9es indiqu\u00e9es sur le site dans le but d\u2019apporter des explications sur ce post qui parle du th\u00e8me \u00ab\u00a0Association Sportive Huisson-Longueville Essonne\u00a0\u00bb. Le site accidentdutravail-idf.net a pour but de fournir diverses publications sur la th\u00e9matique Association Sportive Huisson-Longueville Essonne diffus\u00e9es sur le net. Il y aura plusieurs articles autour du sujet \u00ab\u00a0Association Sportive Huisson-Longueville Essonne\u00a0\u00bb dans quelques jours, nous vous invitons \u00e0 naviguer sur notre site web \u00e0 plusieurs reprises.<\/p>\n","protected":false},"excerpt":{"rendered":"<p>Un homme de 68 ans a perdu la vie lundi \u00e0 Tirlemont \u00e0 la suite d&rsquo;un accident du travail. L&rsquo;information est rapport\u00e9e par plusieurs m\u00e9dias et confirm\u00e9e par le parquet de Louvain. L&rsquo;homme travaillait lundi matin dans une habitation de la Beggaardenstraat \u00e0 Tirlemont lorsqu&rsquo;il serait tomb\u00e9 d&rsquo;une \u00e9chelle vers 08h30. Les services de secours &hellip; <\/p>\n<p class=\"link-more\"><a href=\"https:\/\/www.accidentdutravail-idf.net\/blog\/un-homme-de-68-ans-decede-lors-dun-accident-du-travail-a-tirlemont\/\" class=\"more-link\">Continuer la lecture <span class=\"screen-reader-text\"> \u00ab\u00a0Un homme de 68 ans d\u00e9c\u00e8de lors d&rsquo;un accident du travail \u00e0 Tirlemont\u00a0\u00bb<\/span><\/a><\/p>\n","protected":false},"author":2,"featured_media":0,"comment_status":"closed","ping_status":"closed","sticky":false,"template":"","format":"standard","meta":{"footnotes":""},"categories":[5],"tags":[],"class_list":["post-2339","post","type-post","status-publish","format-standard","hentry","category-securite-du-travail-en-ile-de-france-et-divers","entry"],"yoast_head":"<!-- This site is optimized with the Yoast SEO plugin v27.5 - https:\/\/yoast.com\/product\/yoast-seo-wordpress\/ -->\n<title>Un homme de 68 ans d\u00e9c\u00e8de lors d&#039;un accident du travail \u00e0 Tirlemont - ACCIDENTDUTRAVAIL-IDF<\/title>\n<meta name=\"description\" content=\"Un homme de 68 ans d\u00e9c\u00e8de lors d&#039;un accident du travail \u00e0 Tirlemont article de ACCIDENTDUTRAVAIL-IDF\" \/>\n<meta name=\"robots\" content=\"index, follow, max-snippet:-1, max-image-preview:large, max-video-preview:-1\" \/>\n<link rel=\"canonical\" href=\"https:\/\/www.accidentdutravail-idf.net\/blog\/un-homme-de-68-ans-decede-lors-dun-accident-du-travail-a-tirlemont\/\" \/>\n<meta property=\"og:locale\" content=\"fr_FR\" \/>\n<meta property=\"og:type\" content=\"article\" \/>\n<meta property=\"og:title\" content=\"Un homme de 68 ans d\u00e9c\u00e8de lors d&#039;un accident du travail \u00e0 Tirlemont - ACCIDENTDUTRAVAIL-IDF\" \/>\n<meta property=\"og:description\" content=\"Un homme de 68 ans d\u00e9c\u00e8de lors d&#039;un accident du travail \u00e0 Tirlemont article de ACCIDENTDUTRAVAIL-IDF\" \/>\n<meta property=\"og:url\" content=\"https:\/\/www.accidentdutravail-idf.net\/blog\/un-homme-de-68-ans-decede-lors-dun-accident-du-travail-a-tirlemont\/\" \/>\n<meta property=\"og:site_name\" content=\"ACCIDENTDUTRAVAIL-IDF\" \/>\n<meta property=\"article:published_time\" content=\"2026-04-19T17:01:00+00:00\" \/>\n<meta property=\"og:image\" content=\"https:\/\/www.lavenir.net\/resizer\/v2\/SNRI4JQ2INDWRDWHPTUSQAE5IU.jpeg?auth=e1104864b19a54a6b81ed81b89ca6b6c6132385358b4d1e55388586d630a5bb9&amp;width=1200&amp;height=630&amp;quality=85&amp;focal=3120%2C2080\" \/>\n<meta name=\"author\" content=\"Carlos Poulain\" \/>\n<meta name=\"twitter:card\" content=\"summary_large_image\" \/>\n<meta name=\"twitter:label1\" content=\"\u00c9crit par\" \/>\n\t<meta name=\"twitter:data1\" content=\"Carlos Poulain\" \/>\n\t<meta name=\"twitter:label2\" content=\"Dur\u00e9e de lecture estim\u00e9e\" \/>\n\t<meta name=\"twitter:data2\" content=\"1 minute\" \/>\n<script type=\"application\/ld+json\" class=\"yoast-schema-graph\">{\"@context\":\"https:\\\/\\\/schema.org\",\"@graph\":[{\"@type\":\"Article\",\"@id\":\"https:\\\/\\\/www.accidentdutravail-idf.net\\\/blog\\\/un-homme-de-68-ans-decede-lors-dun-accident-du-travail-a-tirlemont\\\/#article\",\"isPartOf\":{\"@id\":\"https:\\\/\\\/www.accidentdutravail-idf.net\\\/blog\\\/un-homme-de-68-ans-decede-lors-dun-accident-du-travail-a-tirlemont\\\/\"},\"author\":{\"name\":\"Carlos Poulain\",\"@id\":\"https:\\\/\\\/www.accidentdutravail-idf.net\\\/blog\\\/#\\\/schema\\\/person\\\/3255d2f970de45e64bd9201f38e7b947\"},\"headline\":\"Un homme de 68 ans d\u00e9c\u00e8de lors d&rsquo;un accident du travail \u00e0 Tirlemont\",\"datePublished\":\"2026-04-19T17:01:00+00:00\",\"mainEntityOfPage\":{\"@id\":\"https:\\\/\\\/www.accidentdutravail-idf.net\\\/blog\\\/un-homme-de-68-ans-decede-lors-dun-accident-du-travail-a-tirlemont\\\/\"},\"wordCount\":203,\"publisher\":{\"@id\":\"https:\\\/\\\/www.accidentdutravail-idf.net\\\/blog\\\/#organization\"},\"image\":{\"@id\":\"https:\\\/\\\/www.accidentdutravail-idf.net\\\/blog\\\/un-homme-de-68-ans-decede-lors-dun-accident-du-travail-a-tirlemont\\\/#primaryimage\"},\"thumbnailUrl\":\"https:\\\/\\\/www.lavenir.net\\\/resizer\\\/v2\\\/SNRI4JQ2INDWRDWHPTUSQAE5IU.jpeg?auth=e1104864b19a54a6b81ed81b89ca6b6c6132385358b4d1e55388586d630a5bb9&amp;width=1200&amp;height=630&amp;quality=85&amp;focal=3120%2C2080\",\"articleSection\":[\"S\u00e9curit\u00e9 Du Travail En Ile-De-France Et Divers:\"],\"inLanguage\":\"fr-FR\"},{\"@type\":\"WebPage\",\"@id\":\"https:\\\/\\\/www.accidentdutravail-idf.net\\\/blog\\\/un-homme-de-68-ans-decede-lors-dun-accident-du-travail-a-tirlemont\\\/\",\"url\":\"https:\\\/\\\/www.accidentdutravail-idf.net\\\/blog\\\/un-homme-de-68-ans-decede-lors-dun-accident-du-travail-a-tirlemont\\\/\",\"name\":\"Un homme de 68 ans d\u00e9c\u00e8de lors d'un accident du travail \u00e0 Tirlemont - ACCIDENTDUTRAVAIL-IDF\",\"isPartOf\":{\"@id\":\"https:\\\/\\\/www.accidentdutravail-idf.net\\\/blog\\\/#website\"},\"primaryImageOfPage\":{\"@id\":\"https:\\\/\\\/www.accidentdutravail-idf.net\\\/blog\\\/un-homme-de-68-ans-decede-lors-dun-accident-du-travail-a-tirlemont\\\/#primaryimage\"},\"image\":{\"@id\":\"https:\\\/\\\/www.accidentdutravail-idf.net\\\/blog\\\/un-homme-de-68-ans-decede-lors-dun-accident-du-travail-a-tirlemont\\\/#primaryimage\"},\"thumbnailUrl\":\"https:\\\/\\\/www.lavenir.net\\\/resizer\\\/v2\\\/SNRI4JQ2INDWRDWHPTUSQAE5IU.jpeg?auth=e1104864b19a54a6b81ed81b89ca6b6c6132385358b4d1e55388586d630a5bb9&amp;width=1200&amp;height=630&amp;quality=85&amp;focal=3120%2C2080\",\"datePublished\":\"2026-04-19T17:01:00+00:00\",\"description\":\"Un homme de 68 ans d\u00e9c\u00e8de lors d'un accident du travail \u00e0 Tirlemont article de ACCIDENTDUTRAVAIL-IDF\",\"breadcrumb\":{\"@id\":\"https:\\\/\\\/www.accidentdutravail-idf.net\\\/blog\\\/un-homme-de-68-ans-decede-lors-dun-accident-du-travail-a-tirlemont\\\/#breadcrumb\"},\"inLanguage\":\"fr-FR\",\"potentialAction\":[{\"@type\":\"ReadAction\",\"target\":[\"https:\\\/\\\/www.accidentdutravail-idf.net\\\/blog\\\/un-homme-de-68-ans-decede-lors-dun-accident-du-travail-a-tirlemont\\\/\"]}]},{\"@type\":\"ImageObject\",\"inLanguage\":\"fr-FR\",\"@id\":\"https:\\\/\\\/www.accidentdutravail-idf.net\\\/blog\\\/un-homme-de-68-ans-decede-lors-dun-accident-du-travail-a-tirlemont\\\/#primaryimage\",\"url\":\"https:\\\/\\\/www.lavenir.net\\\/resizer\\\/v2\\\/SNRI4JQ2INDWRDWHPTUSQAE5IU.jpeg?auth=e1104864b19a54a6b81ed81b89ca6b6c6132385358b4d1e55388586d630a5bb9&amp;width=1200&amp;height=630&amp;quality=85&amp;focal=3120%2C2080\",\"contentUrl\":\"https:\\\/\\\/www.lavenir.net\\\/resizer\\\/v2\\\/SNRI4JQ2INDWRDWHPTUSQAE5IU.jpeg?auth=e1104864b19a54a6b81ed81b89ca6b6c6132385358b4d1e55388586d630a5bb9&amp;width=1200&amp;height=630&amp;quality=85&amp;focal=3120%2C2080\"},{\"@type\":\"BreadcrumbList\",\"@id\":\"https:\\\/\\\/www.accidentdutravail-idf.net\\\/blog\\\/un-homme-de-68-ans-decede-lors-dun-accident-du-travail-a-tirlemont\\\/#breadcrumb\",\"itemListElement\":[{\"@type\":\"ListItem\",\"position\":1,\"name\":\"Accueil\",\"item\":\"https:\\\/\\\/www.accidentdutravail-idf.net\\\/blog\\\/\"},{\"@type\":\"ListItem\",\"position\":2,\"name\":\"Un homme de 68 ans d\u00e9c\u00e8de lors d&rsquo;un accident du travail \u00e0 Tirlemont\"}]},{\"@type\":\"WebSite\",\"@id\":\"https:\\\/\\\/www.accidentdutravail-idf.net\\\/blog\\\/#website\",\"url\":\"https:\\\/\\\/www.accidentdutravail-idf.net\\\/blog\\\/\",\"name\":\"ACCIDENTDUTRAVAIL-IDF\",\"description\":\"Portail accidents du travail-maladies professionnelles des entreprises d&#039;Ile-de-France\",\"publisher\":{\"@id\":\"https:\\\/\\\/www.accidentdutravail-idf.net\\\/blog\\\/#organization\"},\"potentialAction\":[{\"@type\":\"SearchAction\",\"target\":{\"@type\":\"EntryPoint\",\"urlTemplate\":\"https:\\\/\\\/www.accidentdutravail-idf.net\\\/blog\\\/?s={search_term_string}\"},\"query-input\":{\"@type\":\"PropertyValueSpecification\",\"valueRequired\":true,\"valueName\":\"search_term_string\"}}],\"inLanguage\":\"fr-FR\"},{\"@type\":\"Organization\",\"@id\":\"https:\\\/\\\/www.accidentdutravail-idf.net\\\/blog\\\/#organization\",\"name\":\"accidentdutravail-idf\",\"url\":\"https:\\\/\\\/www.accidentdutravail-idf.net\\\/blog\\\/\",\"logo\":{\"@type\":\"ImageObject\",\"inLanguage\":\"fr-FR\",\"@id\":\"https:\\\/\\\/www.accidentdutravail-idf.net\\\/blog\\\/#\\\/schema\\\/logo\\\/image\\\/\",\"url\":\"https:\\\/\\\/www.accidentdutravail-idf.net\\\/blog\\\/wp-content\\\/uploads\\\/2022\\\/09\\\/logo-2.png\",\"contentUrl\":\"https:\\\/\\\/www.accidentdutravail-idf.net\\\/blog\\\/wp-content\\\/uploads\\\/2022\\\/09\\\/logo-2.png\",\"width\":380,\"height\":291,\"caption\":\"accidentdutravail-idf\"},\"image\":{\"@id\":\"https:\\\/\\\/www.accidentdutravail-idf.net\\\/blog\\\/#\\\/schema\\\/logo\\\/image\\\/\"}},{\"@type\":\"Person\",\"@id\":\"https:\\\/\\\/www.accidentdutravail-idf.net\\\/blog\\\/#\\\/schema\\\/person\\\/3255d2f970de45e64bd9201f38e7b947\",\"name\":\"Carlos Poulain\",\"image\":{\"@type\":\"ImageObject\",\"inLanguage\":\"fr-FR\",\"@id\":\"https:\\\/\\\/secure.gravatar.com\\\/avatar\\\/b1c2f9d3588e34e91adb093635df64ef4b2381991216be7576466cfcdca4baf3?s=96&d=mm&r=g\",\"url\":\"https:\\\/\\\/secure.gravatar.com\\\/avatar\\\/b1c2f9d3588e34e91adb093635df64ef4b2381991216be7576466cfcdca4baf3?s=96&d=mm&r=g\",\"contentUrl\":\"https:\\\/\\\/secure.gravatar.com\\\/avatar\\\/b1c2f9d3588e34e91adb093635df64ef4b2381991216be7576466cfcdca4baf3?s=96&d=mm&r=g\",\"caption\":\"Carlos Poulain\"},\"url\":\"https:\\\/\\\/www.accidentdutravail-idf.net\\\/blog\\\/author\\\/idfcarlos\\\/\"}]}<\/script>\n<!-- \/ Yoast SEO plugin. -->","yoast_head_json":{"title":"Un homme de 68 ans d\u00e9c\u00e8de lors d'un accident du travail \u00e0 Tirlemont - ACCIDENTDUTRAVAIL-IDF","description":"Un homme de 68 ans d\u00e9c\u00e8de lors d'un accident du travail \u00e0 Tirlemont article de ACCIDENTDUTRAVAIL-IDF","robots":{"index":"index","follow":"follow","max-snippet":"max-snippet:-1","max-image-preview":"max-image-preview:large","max-video-preview":"max-video-preview:-1"},"canonical":"https:\/\/www.accidentdutravail-idf.net\/blog\/un-homme-de-68-ans-decede-lors-dun-accident-du-travail-a-tirlemont\/","og_locale":"fr_FR","og_type":"article","og_title":"Un homme de 68 ans d\u00e9c\u00e8de lors d'un accident du travail \u00e0 Tirlemont - ACCIDENTDUTRAVAIL-IDF","og_description":"Un homme de 68 ans d\u00e9c\u00e8de lors d'un accident du travail \u00e0 Tirlemont article de ACCIDENTDUTRAVAIL-IDF","og_url":"https:\/\/www.accidentdutravail-idf.net\/blog\/un-homme-de-68-ans-decede-lors-dun-accident-du-travail-a-tirlemont\/","og_site_name":"ACCIDENTDUTRAVAIL-IDF","article_published_time":"2026-04-19T17:01:00+00:00","og_image":[{"url":"https:\/\/www.lavenir.net\/resizer\/v2\/SNRI4JQ2INDWRDWHPTUSQAE5IU.jpeg?auth=e1104864b19a54a6b81ed81b89ca6b6c6132385358b4d1e55388586d630a5bb9&amp;width=1200&amp;height=630&amp;quality=85&amp;focal=3120%2C2080","type":"","width":"","height":""}],"author":"Carlos Poulain","twitter_card":"summary_large_image","twitter_misc":{"\u00c9crit par":"Carlos Poulain","Dur\u00e9e de lecture estim\u00e9e":"1 minute"},"schema":{"@context":"https:\/\/schema.org","@graph":[{"@type":"Article","@id":"https:\/\/www.accidentdutravail-idf.net\/blog\/un-homme-de-68-ans-decede-lors-dun-accident-du-travail-a-tirlemont\/#article","isPartOf":{"@id":"https:\/\/www.accidentdutravail-idf.net\/blog\/un-homme-de-68-ans-decede-lors-dun-accident-du-travail-a-tirlemont\/"},"author":{"name":"Carlos Poulain","@id":"https:\/\/www.accidentdutravail-idf.net\/blog\/#\/schema\/person\/3255d2f970de45e64bd9201f38e7b947"},"headline":"Un homme de 68 ans d\u00e9c\u00e8de lors d&rsquo;un accident du travail \u00e0 Tirlemont","datePublished":"2026-04-19T17:01:00+00:00","mainEntityOfPage":{"@id":"https:\/\/www.accidentdutravail-idf.net\/blog\/un-homme-de-68-ans-decede-lors-dun-accident-du-travail-a-tirlemont\/"},"wordCount":203,"publisher":{"@id":"https:\/\/www.accidentdutravail-idf.net\/blog\/#organization"},"image":{"@id":"https:\/\/www.accidentdutravail-idf.net\/blog\/un-homme-de-68-ans-decede-lors-dun-accident-du-travail-a-tirlemont\/#primaryimage"},"thumbnailUrl":"https:\/\/www.lavenir.net\/resizer\/v2\/SNRI4JQ2INDWRDWHPTUSQAE5IU.jpeg?auth=e1104864b19a54a6b81ed81b89ca6b6c6132385358b4d1e55388586d630a5bb9&amp;width=1200&amp;height=630&amp;quality=85&amp;focal=3120%2C2080","articleSection":["S\u00e9curit\u00e9 Du Travail En Ile-De-France Et Divers:"],"inLanguage":"fr-FR"},{"@type":"WebPage","@id":"https:\/\/www.accidentdutravail-idf.net\/blog\/un-homme-de-68-ans-decede-lors-dun-accident-du-travail-a-tirlemont\/","url":"https:\/\/www.accidentdutravail-idf.net\/blog\/un-homme-de-68-ans-decede-lors-dun-accident-du-travail-a-tirlemont\/","name":"Un homme de 68 ans d\u00e9c\u00e8de lors d'un accident du travail \u00e0 Tirlemont - ACCIDENTDUTRAVAIL-IDF","isPartOf":{"@id":"https:\/\/www.accidentdutravail-idf.net\/blog\/#website"},"primaryImageOfPage":{"@id":"https:\/\/www.accidentdutravail-idf.net\/blog\/un-homme-de-68-ans-decede-lors-dun-accident-du-travail-a-tirlemont\/#primaryimage"},"image":{"@id":"https:\/\/www.accidentdutravail-idf.net\/blog\/un-homme-de-68-ans-decede-lors-dun-accident-du-travail-a-tirlemont\/#primaryimage"},"thumbnailUrl":"https:\/\/www.lavenir.net\/resizer\/v2\/SNRI4JQ2INDWRDWHPTUSQAE5IU.jpeg?auth=e1104864b19a54a6b81ed81b89ca6b6c6132385358b4d1e55388586d630a5bb9&amp;width=1200&amp;height=630&amp;quality=85&amp;focal=3120%2C2080","datePublished":"2026-04-19T17:01:00+00:00","description":"Un homme de 68 ans d\u00e9c\u00e8de lors d'un accident du travail \u00e0 Tirlemont article de ACCIDENTDUTRAVAIL-IDF","breadcrumb":{"@id":"https:\/\/www.accidentdutravail-idf.net\/blog\/un-homme-de-68-ans-decede-lors-dun-accident-du-travail-a-tirlemont\/#breadcrumb"},"inLanguage":"fr-FR","potentialAction":[{"@type":"ReadAction","target":["https:\/\/www.accidentdutravail-idf.net\/blog\/un-homme-de-68-ans-decede-lors-dun-accident-du-travail-a-tirlemont\/"]}]},{"@type":"ImageObject","inLanguage":"fr-FR","@id":"https:\/\/www.accidentdutravail-idf.net\/blog\/un-homme-de-68-ans-decede-lors-dun-accident-du-travail-a-tirlemont\/#primaryimage","url":"https:\/\/www.lavenir.net\/resizer\/v2\/SNRI4JQ2INDWRDWHPTUSQAE5IU.jpeg?auth=e1104864b19a54a6b81ed81b89ca6b6c6132385358b4d1e55388586d630a5bb9&amp;width=1200&amp;height=630&amp;quality=85&amp;focal=3120%2C2080","contentUrl":"https:\/\/www.lavenir.net\/resizer\/v2\/SNRI4JQ2INDWRDWHPTUSQAE5IU.jpeg?auth=e1104864b19a54a6b81ed81b89ca6b6c6132385358b4d1e55388586d630a5bb9&amp;width=1200&amp;height=630&amp;quality=85&amp;focal=3120%2C2080"},{"@type":"BreadcrumbList","@id":"https:\/\/www.accidentdutravail-idf.net\/blog\/un-homme-de-68-ans-decede-lors-dun-accident-du-travail-a-tirlemont\/#breadcrumb","itemListElement":[{"@type":"ListItem","position":1,"name":"Accueil","item":"https:\/\/www.accidentdutravail-idf.net\/blog\/"},{"@type":"ListItem","position":2,"name":"Un homme de 68 ans d\u00e9c\u00e8de lors d&rsquo;un accident du travail \u00e0 Tirlemont"}]},{"@type":"WebSite","@id":"https:\/\/www.accidentdutravail-idf.net\/blog\/#website","url":"https:\/\/www.accidentdutravail-idf.net\/blog\/","name":"ACCIDENTDUTRAVAIL-IDF","description":"Portail accidents du travail-maladies professionnelles des entreprises d&#039;Ile-de-France","publisher":{"@id":"https:\/\/www.accidentdutravail-idf.net\/blog\/#organization"},"potentialAction":[{"@type":"SearchAction","target":{"@type":"EntryPoint","urlTemplate":"https:\/\/www.accidentdutravail-idf.net\/blog\/?s={search_term_string}"},"query-input":{"@type":"PropertyValueSpecification","valueRequired":true,"valueName":"search_term_string"}}],"inLanguage":"fr-FR"},{"@type":"Organization","@id":"https:\/\/www.accidentdutravail-idf.net\/blog\/#organization","name":"accidentdutravail-idf","url":"https:\/\/www.accidentdutravail-idf.net\/blog\/","logo":{"@type":"ImageObject","inLanguage":"fr-FR","@id":"https:\/\/www.accidentdutravail-idf.net\/blog\/#\/schema\/logo\/image\/","url":"https:\/\/www.accidentdutravail-idf.net\/blog\/wp-content\/uploads\/2022\/09\/logo-2.png","contentUrl":"https:\/\/www.accidentdutravail-idf.net\/blog\/wp-content\/uploads\/2022\/09\/logo-2.png","width":380,"height":291,"caption":"accidentdutravail-idf"},"image":{"@id":"https:\/\/www.accidentdutravail-idf.net\/blog\/#\/schema\/logo\/image\/"}},{"@type":"Person","@id":"https:\/\/www.accidentdutravail-idf.net\/blog\/#\/schema\/person\/3255d2f970de45e64bd9201f38e7b947","name":"Carlos Poulain","image":{"@type":"ImageObject","inLanguage":"fr-FR","@id":"https:\/\/secure.gravatar.com\/avatar\/b1c2f9d3588e34e91adb093635df64ef4b2381991216be7576466cfcdca4baf3?s=96&d=mm&r=g","url":"https:\/\/secure.gravatar.com\/avatar\/b1c2f9d3588e34e91adb093635df64ef4b2381991216be7576466cfcdca4baf3?s=96&d=mm&r=g","contentUrl":"https:\/\/secure.gravatar.com\/avatar\/b1c2f9d3588e34e91adb093635df64ef4b2381991216be7576466cfcdca4baf3?s=96&d=mm&r=g","caption":"Carlos Poulain"},"url":"https:\/\/www.accidentdutravail-idf.net\/blog\/author\/idfcarlos\/"}]}},"_links":{"self":[{"href":"https:\/\/www.accidentdutravail-idf.net\/blog\/wp-json\/wp\/v2\/posts\/2339","targetHints":{"allow":["GET"]}}],"collection":[{"href":"https:\/\/www.accidentdutravail-idf.net\/blog\/wp-json\/wp\/v2\/posts"}],"about":[{"href":"https:\/\/www.accidentdutravail-idf.net\/blog\/wp-json\/wp\/v2\/types\/post"}],"author":[{"embeddable":true,"href":"https:\/\/www.accidentdutravail-idf.net\/blog\/wp-json\/wp\/v2\/users\/2"}],"replies":[{"embeddable":true,"href":"https:\/\/www.accidentdutravail-idf.net\/blog\/wp-json\/wp\/v2\/comments?post=2339"}],"version-history":[{"count":0,"href":"https:\/\/www.accidentdutravail-idf.net\/blog\/wp-json\/wp\/v2\/posts\/2339\/revisions"}],"wp:attachment":[{"href":"https:\/\/www.accidentdutravail-idf.net\/blog\/wp-json\/wp\/v2\/media?parent=2339"}],"wp:term":[{"taxonomy":"category","embeddable":true,"href":"https:\/\/www.accidentdutravail-idf.net\/blog\/wp-json\/wp\/v2\/categories?post=2339"},{"taxonomy":"post_tag","embeddable":true,"href":"https:\/\/www.accidentdutravail-idf.net\/blog\/wp-json\/wp\/v2\/tags?post=2339"}],"curies":[{"name":"wp","href":"https:\/\/api.w.org\/{rel}","templated":true}]}}