{"id":2337,"date":"2026-04-19T11:30:00","date_gmt":"2026-04-19T09:30:00","guid":{"rendered":"https:\/\/www.accidentdutravail-idf.net\/blog\/metropole-de-lyon-mort-au-travail-dans-une-usine-lustucru-les-salaries-sont-choques\/"},"modified":"2026-04-19T11:30:00","modified_gmt":"2026-04-19T09:30:00","slug":"metropole-de-lyon-mort-au-travail-dans-une-usine-lustucru-les-salaries-sont-choques","status":"publish","type":"post","link":"https:\/\/www.accidentdutravail-idf.net\/blog\/metropole-de-lyon-mort-au-travail-dans-une-usine-lustucru-les-salaries-sont-choques\/","title":{"rendered":"M\u00e9tropole de Lyon Mort au travail dans une usine Lustucru : \u00ab Les salari\u00e9s sont choqu\u00e9s \u00bb"},"content":{"rendered":"<div><img decoding=\"async\" src=\"https:\/\/www.accidentdutravail-idf.net\/blog\/wp-content\/uploads\/2026\/04\/metropole-de-lyon-mort-au-travail-dans-une-usine-lustucru-les-salaries-sont-choques.jpg\" class=\"ff-og-image-inserted\"><\/div>\n<p>Une enqu\u00eate est en cours pour comprendre les causes du dramatique accident du travail qui a co\u00fbt\u00e9 la vie \u00e0 un jeune employ\u00e9 d\u2019une vingtaine d\u2019ann\u00e9es, vendredi, peu avant 23 heures, sur le site de production de l\u2019usine Lustucru Frais, situ\u00e9 chemin des Moulins, \u00e0 Saint-Genis-Laval.<\/p>\n<p>Comme <em>Le Progr\u00e8s<\/em> vous l\u2019indiquait samedi, selon nos informations, il \u00e9tait en train de r\u00e9aliser une op\u00e9ration de nettoyage sur un laminoir \u00e0 p\u00e2tes. Pour une raison encore inconnue, il&#8230;<\/p>\n<p> accidentdutravail-idf.net vous a pr\u00e9par\u00e9 ce post qui informe du sujet \u00ab\u00a0Association Sportive Huisson-Longueville Essonne\u00a0\u00bb. La chronique se veut g\u00e9n\u00e9r\u00e9e du mieux possible. Vous pouvez utiliser les coordonn\u00e9es indiqu\u00e9es sur le site dans le but d\u2019apporter des explications sur ce post qui parle du th\u00e8me \u00ab\u00a0Association Sportive Huisson-Longueville Essonne\u00a0\u00bb. Le site accidentdutravail-idf.net a pour but de fournir diverses publications sur la th\u00e9matique Association Sportive Huisson-Longueville Essonne diffus\u00e9es sur le net. Il y aura plusieurs articles autour du sujet \u00ab\u00a0Association Sportive Huisson-Longueville Essonne\u00a0\u00bb dans quelques jours, nous vous invitons \u00e0 naviguer sur notre site web \u00e0 plusieurs reprises.<\/p>\n","protected":false},"excerpt":{"rendered":"<p>Une enqu\u00eate est en cours pour comprendre les causes du dramatique accident du travail qui a co\u00fbt\u00e9 la vie \u00e0 un jeune employ\u00e9 d\u2019une vingtaine d\u2019ann\u00e9es, vendredi, peu avant 23 heures, sur le site de production de l\u2019usine Lustucru Frais, situ\u00e9 chemin des Moulins, \u00e0 Saint-Genis-Laval. Comme Le Progr\u00e8s vous l\u2019indiquait samedi, selon nos informations, &hellip; <\/p>\n<p class=\"link-more\"><a href=\"https:\/\/www.accidentdutravail-idf.net\/blog\/metropole-de-lyon-mort-au-travail-dans-une-usine-lustucru-les-salaries-sont-choques\/\" class=\"more-link\">Continuer la lecture <span class=\"screen-reader-text\"> \u00ab\u00a0M\u00e9tropole de Lyon Mort au travail dans une usine Lustucru : \u00ab Les salari\u00e9s sont choqu\u00e9s \u00bb\u00a0\u00bb<\/span><\/a><\/p>\n","protected":false},"author":2,"featured_media":0,"comment_status":"closed","ping_status":"closed","sticky":false,"template":"","format":"standard","meta":{"footnotes":""},"categories":[5],"tags":[],"class_list":["post-2337","post","type-post","status-publish","format-standard","hentry","category-securite-du-travail-en-ile-de-france-et-divers","entry"],"yoast_head":"<!-- This site is optimized with the Yoast SEO plugin v27.5 - https:\/\/yoast.com\/product\/yoast-seo-wordpress\/ -->\n<title>M\u00e9tropole de Lyon Mort au travail dans une usine Lustucru : \u00ab Les salari\u00e9s sont choqu\u00e9s \u00bb - ACCIDENTDUTRAVAIL-IDF<\/title>\n<meta name=\"description\" content=\"M\u00e9tropole de Lyon Mort au travail dans une usine Lustucru : \u00ab Les salari\u00e9s sont choqu\u00e9s \u00bb article de ACCIDENTDUTRAVAIL-IDF\" \/>\n<meta name=\"robots\" content=\"index, follow, max-snippet:-1, max-image-preview:large, max-video-preview:-1\" \/>\n<link rel=\"canonical\" href=\"https:\/\/www.accidentdutravail-idf.net\/blog\/metropole-de-lyon-mort-au-travail-dans-une-usine-lustucru-les-salaries-sont-choques\/\" \/>\n<meta property=\"og:locale\" content=\"fr_FR\" \/>\n<meta property=\"og:type\" content=\"article\" \/>\n<meta property=\"og:title\" content=\"M\u00e9tropole de Lyon Mort au travail dans une usine Lustucru : \u00ab Les salari\u00e9s sont choqu\u00e9s \u00bb - ACCIDENTDUTRAVAIL-IDF\" \/>\n<meta property=\"og:description\" content=\"M\u00e9tropole de Lyon Mort au travail dans une usine Lustucru : \u00ab Les salari\u00e9s sont choqu\u00e9s \u00bb article de ACCIDENTDUTRAVAIL-IDF\" \/>\n<meta property=\"og:url\" content=\"https:\/\/www.accidentdutravail-idf.net\/blog\/metropole-de-lyon-mort-au-travail-dans-une-usine-lustucru-les-salaries-sont-choques\/\" \/>\n<meta property=\"og:site_name\" content=\"ACCIDENTDUTRAVAIL-IDF\" \/>\n<meta property=\"article:published_time\" content=\"2026-04-19T09:30:00+00:00\" \/>\n<meta property=\"og:image\" content=\"https:\/\/www.accidentdutravail-idf.net\/blog\/wp-content\/uploads\/2026\/04\/metropole-de-lyon-mort-au-travail-dans-une-usine-lustucru-les-salaries-sont-choques.jpg\" \/>\n<meta name=\"author\" content=\"Carlos Poulain\" \/>\n<meta name=\"twitter:card\" content=\"summary_large_image\" \/>\n<meta name=\"twitter:label1\" content=\"\u00c9crit par\" \/>\n\t<meta name=\"twitter:data1\" content=\"Carlos Poulain\" \/>\n\t<meta name=\"twitter:label2\" content=\"Dur\u00e9e de lecture estim\u00e9e\" \/>\n\t<meta name=\"twitter:data2\" content=\"1 minute\" \/>\n<script type=\"application\/ld+json\" class=\"yoast-schema-graph\">{\"@context\":\"https:\\\/\\\/schema.org\",\"@graph\":[{\"@type\":\"Article\",\"@id\":\"https:\\\/\\\/www.accidentdutravail-idf.net\\\/blog\\\/metropole-de-lyon-mort-au-travail-dans-une-usine-lustucru-les-salaries-sont-choques\\\/#article\",\"isPartOf\":{\"@id\":\"https:\\\/\\\/www.accidentdutravail-idf.net\\\/blog\\\/metropole-de-lyon-mort-au-travail-dans-une-usine-lustucru-les-salaries-sont-choques\\\/\"},\"author\":{\"name\":\"Carlos Poulain\",\"@id\":\"https:\\\/\\\/www.accidentdutravail-idf.net\\\/blog\\\/#\\\/schema\\\/person\\\/3255d2f970de45e64bd9201f38e7b947\"},\"headline\":\"M\u00e9tropole de Lyon Mort au travail dans une usine Lustucru : \u00ab Les salari\u00e9s sont choqu\u00e9s \u00bb\",\"datePublished\":\"2026-04-19T09:30:00+00:00\",\"mainEntityOfPage\":{\"@id\":\"https:\\\/\\\/www.accidentdutravail-idf.net\\\/blog\\\/metropole-de-lyon-mort-au-travail-dans-une-usine-lustucru-les-salaries-sont-choques\\\/\"},\"wordCount\":206,\"publisher\":{\"@id\":\"https:\\\/\\\/www.accidentdutravail-idf.net\\\/blog\\\/#organization\"},\"image\":{\"@id\":\"https:\\\/\\\/www.accidentdutravail-idf.net\\\/blog\\\/metropole-de-lyon-mort-au-travail-dans-une-usine-lustucru-les-salaries-sont-choques\\\/#primaryimage\"},\"thumbnailUrl\":\"https:\\\/\\\/www.accidentdutravail-idf.net\\\/blog\\\/wp-content\\\/uploads\\\/2026\\\/04\\\/metropole-de-lyon-mort-au-travail-dans-une-usine-lustucru-les-salaries-sont-choques.jpg\",\"articleSection\":[\"S\u00e9curit\u00e9 Du Travail En Ile-De-France Et Divers:\"],\"inLanguage\":\"fr-FR\"},{\"@type\":\"WebPage\",\"@id\":\"https:\\\/\\\/www.accidentdutravail-idf.net\\\/blog\\\/metropole-de-lyon-mort-au-travail-dans-une-usine-lustucru-les-salaries-sont-choques\\\/\",\"url\":\"https:\\\/\\\/www.accidentdutravail-idf.net\\\/blog\\\/metropole-de-lyon-mort-au-travail-dans-une-usine-lustucru-les-salaries-sont-choques\\\/\",\"name\":\"M\u00e9tropole de Lyon Mort au travail dans une usine Lustucru : \u00ab Les salari\u00e9s sont choqu\u00e9s \u00bb - ACCIDENTDUTRAVAIL-IDF\",\"isPartOf\":{\"@id\":\"https:\\\/\\\/www.accidentdutravail-idf.net\\\/blog\\\/#website\"},\"primaryImageOfPage\":{\"@id\":\"https:\\\/\\\/www.accidentdutravail-idf.net\\\/blog\\\/metropole-de-lyon-mort-au-travail-dans-une-usine-lustucru-les-salaries-sont-choques\\\/#primaryimage\"},\"image\":{\"@id\":\"https:\\\/\\\/www.accidentdutravail-idf.net\\\/blog\\\/metropole-de-lyon-mort-au-travail-dans-une-usine-lustucru-les-salaries-sont-choques\\\/#primaryimage\"},\"thumbnailUrl\":\"https:\\\/\\\/www.accidentdutravail-idf.net\\\/blog\\\/wp-content\\\/uploads\\\/2026\\\/04\\\/metropole-de-lyon-mort-au-travail-dans-une-usine-lustucru-les-salaries-sont-choques.jpg\",\"datePublished\":\"2026-04-19T09:30:00+00:00\",\"description\":\"M\u00e9tropole de Lyon Mort au travail dans une usine Lustucru : \u00ab Les salari\u00e9s sont choqu\u00e9s \u00bb article de ACCIDENTDUTRAVAIL-IDF\",\"breadcrumb\":{\"@id\":\"https:\\\/\\\/www.accidentdutravail-idf.net\\\/blog\\\/metropole-de-lyon-mort-au-travail-dans-une-usine-lustucru-les-salaries-sont-choques\\\/#breadcrumb\"},\"inLanguage\":\"fr-FR\",\"potentialAction\":[{\"@type\":\"ReadAction\",\"target\":[\"https:\\\/\\\/www.accidentdutravail-idf.net\\\/blog\\\/metropole-de-lyon-mort-au-travail-dans-une-usine-lustucru-les-salaries-sont-choques\\\/\"]}]},{\"@type\":\"ImageObject\",\"inLanguage\":\"fr-FR\",\"@id\":\"https:\\\/\\\/www.accidentdutravail-idf.net\\\/blog\\\/metropole-de-lyon-mort-au-travail-dans-une-usine-lustucru-les-salaries-sont-choques\\\/#primaryimage\",\"url\":\"https:\\\/\\\/www.accidentdutravail-idf.net\\\/blog\\\/wp-content\\\/uploads\\\/2026\\\/04\\\/metropole-de-lyon-mort-au-travail-dans-une-usine-lustucru-les-salaries-sont-choques.jpg\",\"contentUrl\":\"https:\\\/\\\/www.accidentdutravail-idf.net\\\/blog\\\/wp-content\\\/uploads\\\/2026\\\/04\\\/metropole-de-lyon-mort-au-travail-dans-une-usine-lustucru-les-salaries-sont-choques.jpg\"},{\"@type\":\"BreadcrumbList\",\"@id\":\"https:\\\/\\\/www.accidentdutravail-idf.net\\\/blog\\\/metropole-de-lyon-mort-au-travail-dans-une-usine-lustucru-les-salaries-sont-choques\\\/#breadcrumb\",\"itemListElement\":[{\"@type\":\"ListItem\",\"position\":1,\"name\":\"Accueil\",\"item\":\"https:\\\/\\\/www.accidentdutravail-idf.net\\\/blog\\\/\"},{\"@type\":\"ListItem\",\"position\":2,\"name\":\"M\u00e9tropole de Lyon Mort au travail dans une usine Lustucru : \u00ab Les salari\u00e9s sont choqu\u00e9s \u00bb\"}]},{\"@type\":\"WebSite\",\"@id\":\"https:\\\/\\\/www.accidentdutravail-idf.net\\\/blog\\\/#website\",\"url\":\"https:\\\/\\\/www.accidentdutravail-idf.net\\\/blog\\\/\",\"name\":\"ACCIDENTDUTRAVAIL-IDF\",\"description\":\"Portail accidents du travail-maladies professionnelles des entreprises d&#039;Ile-de-France\",\"publisher\":{\"@id\":\"https:\\\/\\\/www.accidentdutravail-idf.net\\\/blog\\\/#organization\"},\"potentialAction\":[{\"@type\":\"SearchAction\",\"target\":{\"@type\":\"EntryPoint\",\"urlTemplate\":\"https:\\\/\\\/www.accidentdutravail-idf.net\\\/blog\\\/?s={search_term_string}\"},\"query-input\":{\"@type\":\"PropertyValueSpecification\",\"valueRequired\":true,\"valueName\":\"search_term_string\"}}],\"inLanguage\":\"fr-FR\"},{\"@type\":\"Organization\",\"@id\":\"https:\\\/\\\/www.accidentdutravail-idf.net\\\/blog\\\/#organization\",\"name\":\"accidentdutravail-idf\",\"url\":\"https:\\\/\\\/www.accidentdutravail-idf.net\\\/blog\\\/\",\"logo\":{\"@type\":\"ImageObject\",\"inLanguage\":\"fr-FR\",\"@id\":\"https:\\\/\\\/www.accidentdutravail-idf.net\\\/blog\\\/#\\\/schema\\\/logo\\\/image\\\/\",\"url\":\"https:\\\/\\\/www.accidentdutravail-idf.net\\\/blog\\\/wp-content\\\/uploads\\\/2022\\\/09\\\/logo-2.png\",\"contentUrl\":\"https:\\\/\\\/www.accidentdutravail-idf.net\\\/blog\\\/wp-content\\\/uploads\\\/2022\\\/09\\\/logo-2.png\",\"width\":380,\"height\":291,\"caption\":\"accidentdutravail-idf\"},\"image\":{\"@id\":\"https:\\\/\\\/www.accidentdutravail-idf.net\\\/blog\\\/#\\\/schema\\\/logo\\\/image\\\/\"}},{\"@type\":\"Person\",\"@id\":\"https:\\\/\\\/www.accidentdutravail-idf.net\\\/blog\\\/#\\\/schema\\\/person\\\/3255d2f970de45e64bd9201f38e7b947\",\"name\":\"Carlos Poulain\",\"image\":{\"@type\":\"ImageObject\",\"inLanguage\":\"fr-FR\",\"@id\":\"https:\\\/\\\/secure.gravatar.com\\\/avatar\\\/b1c2f9d3588e34e91adb093635df64ef4b2381991216be7576466cfcdca4baf3?s=96&d=mm&r=g\",\"url\":\"https:\\\/\\\/secure.gravatar.com\\\/avatar\\\/b1c2f9d3588e34e91adb093635df64ef4b2381991216be7576466cfcdca4baf3?s=96&d=mm&r=g\",\"contentUrl\":\"https:\\\/\\\/secure.gravatar.com\\\/avatar\\\/b1c2f9d3588e34e91adb093635df64ef4b2381991216be7576466cfcdca4baf3?s=96&d=mm&r=g\",\"caption\":\"Carlos Poulain\"},\"url\":\"https:\\\/\\\/www.accidentdutravail-idf.net\\\/blog\\\/author\\\/idfcarlos\\\/\"}]}<\/script>\n<!-- \/ Yoast SEO plugin. -->","yoast_head_json":{"title":"M\u00e9tropole de Lyon Mort au travail dans une usine Lustucru : \u00ab Les salari\u00e9s sont choqu\u00e9s \u00bb - ACCIDENTDUTRAVAIL-IDF","description":"M\u00e9tropole de Lyon Mort au travail dans une usine Lustucru : \u00ab Les salari\u00e9s sont choqu\u00e9s \u00bb article de ACCIDENTDUTRAVAIL-IDF","robots":{"index":"index","follow":"follow","max-snippet":"max-snippet:-1","max-image-preview":"max-image-preview:large","max-video-preview":"max-video-preview:-1"},"canonical":"https:\/\/www.accidentdutravail-idf.net\/blog\/metropole-de-lyon-mort-au-travail-dans-une-usine-lustucru-les-salaries-sont-choques\/","og_locale":"fr_FR","og_type":"article","og_title":"M\u00e9tropole de Lyon Mort au travail dans une usine Lustucru : \u00ab Les salari\u00e9s sont choqu\u00e9s \u00bb - ACCIDENTDUTRAVAIL-IDF","og_description":"M\u00e9tropole de Lyon Mort au travail dans une usine Lustucru : \u00ab Les salari\u00e9s sont choqu\u00e9s \u00bb article de ACCIDENTDUTRAVAIL-IDF","og_url":"https:\/\/www.accidentdutravail-idf.net\/blog\/metropole-de-lyon-mort-au-travail-dans-une-usine-lustucru-les-salaries-sont-choques\/","og_site_name":"ACCIDENTDUTRAVAIL-IDF","article_published_time":"2026-04-19T09:30:00+00:00","og_image":[{"url":"https:\/\/www.accidentdutravail-idf.net\/blog\/wp-content\/uploads\/2026\/04\/metropole-de-lyon-mort-au-travail-dans-une-usine-lustucru-les-salaries-sont-choques.jpg","type":"","width":"","height":""}],"author":"Carlos Poulain","twitter_card":"summary_large_image","twitter_misc":{"\u00c9crit par":"Carlos Poulain","Dur\u00e9e de lecture estim\u00e9e":"1 minute"},"schema":{"@context":"https:\/\/schema.org","@graph":[{"@type":"Article","@id":"https:\/\/www.accidentdutravail-idf.net\/blog\/metropole-de-lyon-mort-au-travail-dans-une-usine-lustucru-les-salaries-sont-choques\/#article","isPartOf":{"@id":"https:\/\/www.accidentdutravail-idf.net\/blog\/metropole-de-lyon-mort-au-travail-dans-une-usine-lustucru-les-salaries-sont-choques\/"},"author":{"name":"Carlos Poulain","@id":"https:\/\/www.accidentdutravail-idf.net\/blog\/#\/schema\/person\/3255d2f970de45e64bd9201f38e7b947"},"headline":"M\u00e9tropole de Lyon Mort au travail dans une usine Lustucru : \u00ab Les salari\u00e9s sont choqu\u00e9s \u00bb","datePublished":"2026-04-19T09:30:00+00:00","mainEntityOfPage":{"@id":"https:\/\/www.accidentdutravail-idf.net\/blog\/metropole-de-lyon-mort-au-travail-dans-une-usine-lustucru-les-salaries-sont-choques\/"},"wordCount":206,"publisher":{"@id":"https:\/\/www.accidentdutravail-idf.net\/blog\/#organization"},"image":{"@id":"https:\/\/www.accidentdutravail-idf.net\/blog\/metropole-de-lyon-mort-au-travail-dans-une-usine-lustucru-les-salaries-sont-choques\/#primaryimage"},"thumbnailUrl":"https:\/\/www.accidentdutravail-idf.net\/blog\/wp-content\/uploads\/2026\/04\/metropole-de-lyon-mort-au-travail-dans-une-usine-lustucru-les-salaries-sont-choques.jpg","articleSection":["S\u00e9curit\u00e9 Du Travail En Ile-De-France Et Divers:"],"inLanguage":"fr-FR"},{"@type":"WebPage","@id":"https:\/\/www.accidentdutravail-idf.net\/blog\/metropole-de-lyon-mort-au-travail-dans-une-usine-lustucru-les-salaries-sont-choques\/","url":"https:\/\/www.accidentdutravail-idf.net\/blog\/metropole-de-lyon-mort-au-travail-dans-une-usine-lustucru-les-salaries-sont-choques\/","name":"M\u00e9tropole de Lyon Mort au travail dans une usine Lustucru : \u00ab Les salari\u00e9s sont choqu\u00e9s \u00bb - ACCIDENTDUTRAVAIL-IDF","isPartOf":{"@id":"https:\/\/www.accidentdutravail-idf.net\/blog\/#website"},"primaryImageOfPage":{"@id":"https:\/\/www.accidentdutravail-idf.net\/blog\/metropole-de-lyon-mort-au-travail-dans-une-usine-lustucru-les-salaries-sont-choques\/#primaryimage"},"image":{"@id":"https:\/\/www.accidentdutravail-idf.net\/blog\/metropole-de-lyon-mort-au-travail-dans-une-usine-lustucru-les-salaries-sont-choques\/#primaryimage"},"thumbnailUrl":"https:\/\/www.accidentdutravail-idf.net\/blog\/wp-content\/uploads\/2026\/04\/metropole-de-lyon-mort-au-travail-dans-une-usine-lustucru-les-salaries-sont-choques.jpg","datePublished":"2026-04-19T09:30:00+00:00","description":"M\u00e9tropole de Lyon Mort au travail dans une usine Lustucru : \u00ab Les salari\u00e9s sont choqu\u00e9s \u00bb article de ACCIDENTDUTRAVAIL-IDF","breadcrumb":{"@id":"https:\/\/www.accidentdutravail-idf.net\/blog\/metropole-de-lyon-mort-au-travail-dans-une-usine-lustucru-les-salaries-sont-choques\/#breadcrumb"},"inLanguage":"fr-FR","potentialAction":[{"@type":"ReadAction","target":["https:\/\/www.accidentdutravail-idf.net\/blog\/metropole-de-lyon-mort-au-travail-dans-une-usine-lustucru-les-salaries-sont-choques\/"]}]},{"@type":"ImageObject","inLanguage":"fr-FR","@id":"https:\/\/www.accidentdutravail-idf.net\/blog\/metropole-de-lyon-mort-au-travail-dans-une-usine-lustucru-les-salaries-sont-choques\/#primaryimage","url":"https:\/\/www.accidentdutravail-idf.net\/blog\/wp-content\/uploads\/2026\/04\/metropole-de-lyon-mort-au-travail-dans-une-usine-lustucru-les-salaries-sont-choques.jpg","contentUrl":"https:\/\/www.accidentdutravail-idf.net\/blog\/wp-content\/uploads\/2026\/04\/metropole-de-lyon-mort-au-travail-dans-une-usine-lustucru-les-salaries-sont-choques.jpg"},{"@type":"BreadcrumbList","@id":"https:\/\/www.accidentdutravail-idf.net\/blog\/metropole-de-lyon-mort-au-travail-dans-une-usine-lustucru-les-salaries-sont-choques\/#breadcrumb","itemListElement":[{"@type":"ListItem","position":1,"name":"Accueil","item":"https:\/\/www.accidentdutravail-idf.net\/blog\/"},{"@type":"ListItem","position":2,"name":"M\u00e9tropole de Lyon Mort au travail dans une usine Lustucru : \u00ab Les salari\u00e9s sont choqu\u00e9s \u00bb"}]},{"@type":"WebSite","@id":"https:\/\/www.accidentdutravail-idf.net\/blog\/#website","url":"https:\/\/www.accidentdutravail-idf.net\/blog\/","name":"ACCIDENTDUTRAVAIL-IDF","description":"Portail accidents du travail-maladies professionnelles des entreprises d&#039;Ile-de-France","publisher":{"@id":"https:\/\/www.accidentdutravail-idf.net\/blog\/#organization"},"potentialAction":[{"@type":"SearchAction","target":{"@type":"EntryPoint","urlTemplate":"https:\/\/www.accidentdutravail-idf.net\/blog\/?s={search_term_string}"},"query-input":{"@type":"PropertyValueSpecification","valueRequired":true,"valueName":"search_term_string"}}],"inLanguage":"fr-FR"},{"@type":"Organization","@id":"https:\/\/www.accidentdutravail-idf.net\/blog\/#organization","name":"accidentdutravail-idf","url":"https:\/\/www.accidentdutravail-idf.net\/blog\/","logo":{"@type":"ImageObject","inLanguage":"fr-FR","@id":"https:\/\/www.accidentdutravail-idf.net\/blog\/#\/schema\/logo\/image\/","url":"https:\/\/www.accidentdutravail-idf.net\/blog\/wp-content\/uploads\/2022\/09\/logo-2.png","contentUrl":"https:\/\/www.accidentdutravail-idf.net\/blog\/wp-content\/uploads\/2022\/09\/logo-2.png","width":380,"height":291,"caption":"accidentdutravail-idf"},"image":{"@id":"https:\/\/www.accidentdutravail-idf.net\/blog\/#\/schema\/logo\/image\/"}},{"@type":"Person","@id":"https:\/\/www.accidentdutravail-idf.net\/blog\/#\/schema\/person\/3255d2f970de45e64bd9201f38e7b947","name":"Carlos Poulain","image":{"@type":"ImageObject","inLanguage":"fr-FR","@id":"https:\/\/secure.gravatar.com\/avatar\/b1c2f9d3588e34e91adb093635df64ef4b2381991216be7576466cfcdca4baf3?s=96&d=mm&r=g","url":"https:\/\/secure.gravatar.com\/avatar\/b1c2f9d3588e34e91adb093635df64ef4b2381991216be7576466cfcdca4baf3?s=96&d=mm&r=g","contentUrl":"https:\/\/secure.gravatar.com\/avatar\/b1c2f9d3588e34e91adb093635df64ef4b2381991216be7576466cfcdca4baf3?s=96&d=mm&r=g","caption":"Carlos Poulain"},"url":"https:\/\/www.accidentdutravail-idf.net\/blog\/author\/idfcarlos\/"}]}},"_links":{"self":[{"href":"https:\/\/www.accidentdutravail-idf.net\/blog\/wp-json\/wp\/v2\/posts\/2337","targetHints":{"allow":["GET"]}}],"collection":[{"href":"https:\/\/www.accidentdutravail-idf.net\/blog\/wp-json\/wp\/v2\/posts"}],"about":[{"href":"https:\/\/www.accidentdutravail-idf.net\/blog\/wp-json\/wp\/v2\/types\/post"}],"author":[{"embeddable":true,"href":"https:\/\/www.accidentdutravail-idf.net\/blog\/wp-json\/wp\/v2\/users\/2"}],"replies":[{"embeddable":true,"href":"https:\/\/www.accidentdutravail-idf.net\/blog\/wp-json\/wp\/v2\/comments?post=2337"}],"version-history":[{"count":0,"href":"https:\/\/www.accidentdutravail-idf.net\/blog\/wp-json\/wp\/v2\/posts\/2337\/revisions"}],"wp:attachment":[{"href":"https:\/\/www.accidentdutravail-idf.net\/blog\/wp-json\/wp\/v2\/media?parent=2337"}],"wp:term":[{"taxonomy":"category","embeddable":true,"href":"https:\/\/www.accidentdutravail-idf.net\/blog\/wp-json\/wp\/v2\/categories?post=2337"},{"taxonomy":"post_tag","embeddable":true,"href":"https:\/\/www.accidentdutravail-idf.net\/blog\/wp-json\/wp\/v2\/tags?post=2337"}],"curies":[{"name":"wp","href":"https:\/\/api.w.org\/{rel}","templated":true}]}}