{"id":2336,"date":"2026-04-19T10:00:00","date_gmt":"2026-04-19T08:00:00","guid":{"rendered":"https:\/\/www.accidentdutravail-idf.net\/blog\/pres-de-lyon-apres-le-drame-de-lustucru-le-pcf-alerte-sur-les-morts-au-travail\/"},"modified":"2026-04-19T10:00:00","modified_gmt":"2026-04-19T08:00:00","slug":"pres-de-lyon-apres-le-drame-de-lustucru-le-pcf-alerte-sur-les-morts-au-travail","status":"publish","type":"post","link":"https:\/\/www.accidentdutravail-idf.net\/blog\/pres-de-lyon-apres-le-drame-de-lustucru-le-pcf-alerte-sur-les-morts-au-travail\/","title":{"rendered":"Pr\u00e8s de Lyon : apr\u00e8s le drame de Lustucru, le PCF alerte sur les morts au travail"},"content":{"rendered":"<div><img decoding=\"async\" src=\"https:\/\/www.accidentdutravail-idf.net\/blog\/wp-content\/uploads\/2026\/04\/pres-de-lyon-apres-le-drame-de-lustucru-le-pcf-alerte-sur-les-morts-au-travail.jpg\" class=\"ff-og-image-inserted\"><\/div>\n<p>L\u2019\u00e9motion est encore vive apr\u00e8s le drame survenu \u00e0 Saint-Genis-Laval. Vendredi 17 avril, un salari\u00e9 d\u2019une vingtaine d\u2019ann\u00e9es a trouv\u00e9 la mort dans l\u2019usine Lustucru, happ\u00e9 par une machine alors qu\u2019il proc\u00e9dait \u00e0 son nettoyage.<\/p>\n<p>Dans un communiqu\u00e9, la section de Parti communiste fran\u00e7ais de Vaulx-en-Velin r\u00e9agit vivement \u00e0 ce drame. Le PCF exprime d\u2019abord son soutien aux proches de la victime. <em>\u00ab\u00a0Nous souhaitons exprimer toutes nos condol\u00e9ances et nos pens\u00e9es \u00e9mues \u00e0 la famille, aux proches et aux coll\u00e8gues de travail de ce jeune homme\u00a0\u00bb<\/em>, \u00e9crit la section locale. Le parti \u00e9voque un <em>\u00ab\u00a0drame inqualifiable\u00a0\u00bb<\/em>.<\/p>\n<p>Le PCF pointe une hausse des accidents du travail en France, rappelant que 764 d\u00e9c\u00e8s ont \u00e9t\u00e9 recens\u00e9s en 2025, avec une tendance pr\u00e9occupante chez les jeunes travailleurs. Une \u00e9volution jug\u00e9e alarmante, notamment pour les salari\u00e9s en d\u00e9but de carri\u00e8re.<\/p>\n<p><em>\u00ab\u00a0Il est inacceptable que l\u2019on puisse perdre sa vie en tentant de la gagner\u00a0\u00bb<\/em>, affirme la section PCF.<\/p>\n<p>Ce drame relance, une nouvelle fois, le d\u00e9bat sur la s\u00e9curit\u00e9 au travail, dans un contexte o\u00f9 les accidents mortels restent une r\u00e9alit\u00e9 persistante.<\/p>\n<p> accidentdutravail-idf.net vous a pr\u00e9par\u00e9 ce post qui informe du sujet \u00ab\u00a0Association Sportive Huisson-Longueville Essonne\u00a0\u00bb. La chronique se veut g\u00e9n\u00e9r\u00e9e du mieux possible. Vous pouvez utiliser les coordonn\u00e9es indiqu\u00e9es sur le site dans le but d\u2019apporter des explications sur ce post qui parle du th\u00e8me \u00ab\u00a0Association Sportive Huisson-Longueville Essonne\u00a0\u00bb. Le site accidentdutravail-idf.net a pour but de fournir diverses publications sur la th\u00e9matique Association Sportive Huisson-Longueville Essonne diffus\u00e9es sur le net. Il y aura plusieurs articles autour du sujet \u00ab\u00a0Association Sportive Huisson-Longueville Essonne\u00a0\u00bb dans quelques jours, nous vous invitons \u00e0 naviguer sur notre site web \u00e0 plusieurs reprises.<\/p>\n","protected":false},"excerpt":{"rendered":"<p>L\u2019\u00e9motion est encore vive apr\u00e8s le drame survenu \u00e0 Saint-Genis-Laval. Vendredi 17 avril, un salari\u00e9 d\u2019une vingtaine d\u2019ann\u00e9es a trouv\u00e9 la mort dans l\u2019usine Lustucru, happ\u00e9 par une machine alors qu\u2019il proc\u00e9dait \u00e0 son nettoyage. Dans un communiqu\u00e9, la section de Parti communiste fran\u00e7ais de Vaulx-en-Velin r\u00e9agit vivement \u00e0 ce drame. Le PCF exprime d\u2019abord &hellip; <\/p>\n<p class=\"link-more\"><a href=\"https:\/\/www.accidentdutravail-idf.net\/blog\/pres-de-lyon-apres-le-drame-de-lustucru-le-pcf-alerte-sur-les-morts-au-travail\/\" class=\"more-link\">Continuer la lecture <span class=\"screen-reader-text\"> \u00ab\u00a0Pr\u00e8s de Lyon : apr\u00e8s le drame de Lustucru, le PCF alerte sur les morts au travail\u00a0\u00bb<\/span><\/a><\/p>\n","protected":false},"author":2,"featured_media":0,"comment_status":"closed","ping_status":"closed","sticky":false,"template":"","format":"standard","meta":{"footnotes":""},"categories":[5],"tags":[],"class_list":["post-2336","post","type-post","status-publish","format-standard","hentry","category-securite-du-travail-en-ile-de-france-et-divers","entry"],"yoast_head":"<!-- This site is optimized with the Yoast SEO plugin v27.5 - https:\/\/yoast.com\/product\/yoast-seo-wordpress\/ -->\n<title>Pr\u00e8s de Lyon : apr\u00e8s le drame de Lustucru, le PCF alerte sur les morts au travail - ACCIDENTDUTRAVAIL-IDF<\/title>\n<meta name=\"description\" content=\"Pr\u00e8s de Lyon : apr\u00e8s le drame de Lustucru, le PCF alerte sur les morts au travail article de ACCIDENTDUTRAVAIL-IDF\" \/>\n<meta name=\"robots\" content=\"index, follow, max-snippet:-1, max-image-preview:large, max-video-preview:-1\" \/>\n<link rel=\"canonical\" href=\"https:\/\/www.accidentdutravail-idf.net\/blog\/pres-de-lyon-apres-le-drame-de-lustucru-le-pcf-alerte-sur-les-morts-au-travail\/\" \/>\n<meta property=\"og:locale\" content=\"fr_FR\" \/>\n<meta property=\"og:type\" content=\"article\" \/>\n<meta property=\"og:title\" content=\"Pr\u00e8s de Lyon : apr\u00e8s le drame de Lustucru, le PCF alerte sur les morts au travail - ACCIDENTDUTRAVAIL-IDF\" \/>\n<meta property=\"og:description\" content=\"Pr\u00e8s de Lyon : apr\u00e8s le drame de Lustucru, le PCF alerte sur les morts au travail article de ACCIDENTDUTRAVAIL-IDF\" \/>\n<meta property=\"og:url\" content=\"https:\/\/www.accidentdutravail-idf.net\/blog\/pres-de-lyon-apres-le-drame-de-lustucru-le-pcf-alerte-sur-les-morts-au-travail\/\" \/>\n<meta property=\"og:site_name\" content=\"ACCIDENTDUTRAVAIL-IDF\" \/>\n<meta property=\"article:published_time\" content=\"2026-04-19T08:00:00+00:00\" \/>\n<meta property=\"og:image\" content=\"https:\/\/www.accidentdutravail-idf.net\/blog\/wp-content\/uploads\/2026\/04\/pres-de-lyon-apres-le-drame-de-lustucru-le-pcf-alerte-sur-les-morts-au-travail.jpg\" \/>\n<meta name=\"author\" content=\"Carlos Poulain\" \/>\n<meta name=\"twitter:card\" content=\"summary_large_image\" \/>\n<meta name=\"twitter:label1\" content=\"\u00c9crit par\" \/>\n\t<meta name=\"twitter:data1\" content=\"Carlos Poulain\" \/>\n\t<meta name=\"twitter:label2\" content=\"Dur\u00e9e de lecture estim\u00e9e\" \/>\n\t<meta name=\"twitter:data2\" content=\"2 minutes\" \/>\n<script type=\"application\/ld+json\" class=\"yoast-schema-graph\">{\"@context\":\"https:\\\/\\\/schema.org\",\"@graph\":[{\"@type\":\"Article\",\"@id\":\"https:\\\/\\\/www.accidentdutravail-idf.net\\\/blog\\\/pres-de-lyon-apres-le-drame-de-lustucru-le-pcf-alerte-sur-les-morts-au-travail\\\/#article\",\"isPartOf\":{\"@id\":\"https:\\\/\\\/www.accidentdutravail-idf.net\\\/blog\\\/pres-de-lyon-apres-le-drame-de-lustucru-le-pcf-alerte-sur-les-morts-au-travail\\\/\"},\"author\":{\"name\":\"Carlos Poulain\",\"@id\":\"https:\\\/\\\/www.accidentdutravail-idf.net\\\/blog\\\/#\\\/schema\\\/person\\\/3255d2f970de45e64bd9201f38e7b947\"},\"headline\":\"Pr\u00e8s de Lyon : apr\u00e8s le drame de Lustucru, le PCF alerte sur les morts au travail\",\"datePublished\":\"2026-04-19T08:00:00+00:00\",\"mainEntityOfPage\":{\"@id\":\"https:\\\/\\\/www.accidentdutravail-idf.net\\\/blog\\\/pres-de-lyon-apres-le-drame-de-lustucru-le-pcf-alerte-sur-les-morts-au-travail\\\/\"},\"wordCount\":321,\"publisher\":{\"@id\":\"https:\\\/\\\/www.accidentdutravail-idf.net\\\/blog\\\/#organization\"},\"image\":{\"@id\":\"https:\\\/\\\/www.accidentdutravail-idf.net\\\/blog\\\/pres-de-lyon-apres-le-drame-de-lustucru-le-pcf-alerte-sur-les-morts-au-travail\\\/#primaryimage\"},\"thumbnailUrl\":\"https:\\\/\\\/www.accidentdutravail-idf.net\\\/blog\\\/wp-content\\\/uploads\\\/2026\\\/04\\\/pres-de-lyon-apres-le-drame-de-lustucru-le-pcf-alerte-sur-les-morts-au-travail.jpg\",\"articleSection\":[\"S\u00e9curit\u00e9 Du Travail En Ile-De-France Et Divers:\"],\"inLanguage\":\"fr-FR\"},{\"@type\":\"WebPage\",\"@id\":\"https:\\\/\\\/www.accidentdutravail-idf.net\\\/blog\\\/pres-de-lyon-apres-le-drame-de-lustucru-le-pcf-alerte-sur-les-morts-au-travail\\\/\",\"url\":\"https:\\\/\\\/www.accidentdutravail-idf.net\\\/blog\\\/pres-de-lyon-apres-le-drame-de-lustucru-le-pcf-alerte-sur-les-morts-au-travail\\\/\",\"name\":\"Pr\u00e8s de Lyon : apr\u00e8s le drame de Lustucru, le PCF alerte sur les morts au travail - ACCIDENTDUTRAVAIL-IDF\",\"isPartOf\":{\"@id\":\"https:\\\/\\\/www.accidentdutravail-idf.net\\\/blog\\\/#website\"},\"primaryImageOfPage\":{\"@id\":\"https:\\\/\\\/www.accidentdutravail-idf.net\\\/blog\\\/pres-de-lyon-apres-le-drame-de-lustucru-le-pcf-alerte-sur-les-morts-au-travail\\\/#primaryimage\"},\"image\":{\"@id\":\"https:\\\/\\\/www.accidentdutravail-idf.net\\\/blog\\\/pres-de-lyon-apres-le-drame-de-lustucru-le-pcf-alerte-sur-les-morts-au-travail\\\/#primaryimage\"},\"thumbnailUrl\":\"https:\\\/\\\/www.accidentdutravail-idf.net\\\/blog\\\/wp-content\\\/uploads\\\/2026\\\/04\\\/pres-de-lyon-apres-le-drame-de-lustucru-le-pcf-alerte-sur-les-morts-au-travail.jpg\",\"datePublished\":\"2026-04-19T08:00:00+00:00\",\"description\":\"Pr\u00e8s de Lyon : apr\u00e8s le drame de Lustucru, le PCF alerte sur les morts au travail article de ACCIDENTDUTRAVAIL-IDF\",\"breadcrumb\":{\"@id\":\"https:\\\/\\\/www.accidentdutravail-idf.net\\\/blog\\\/pres-de-lyon-apres-le-drame-de-lustucru-le-pcf-alerte-sur-les-morts-au-travail\\\/#breadcrumb\"},\"inLanguage\":\"fr-FR\",\"potentialAction\":[{\"@type\":\"ReadAction\",\"target\":[\"https:\\\/\\\/www.accidentdutravail-idf.net\\\/blog\\\/pres-de-lyon-apres-le-drame-de-lustucru-le-pcf-alerte-sur-les-morts-au-travail\\\/\"]}]},{\"@type\":\"ImageObject\",\"inLanguage\":\"fr-FR\",\"@id\":\"https:\\\/\\\/www.accidentdutravail-idf.net\\\/blog\\\/pres-de-lyon-apres-le-drame-de-lustucru-le-pcf-alerte-sur-les-morts-au-travail\\\/#primaryimage\",\"url\":\"https:\\\/\\\/www.accidentdutravail-idf.net\\\/blog\\\/wp-content\\\/uploads\\\/2026\\\/04\\\/pres-de-lyon-apres-le-drame-de-lustucru-le-pcf-alerte-sur-les-morts-au-travail.jpg\",\"contentUrl\":\"https:\\\/\\\/www.accidentdutravail-idf.net\\\/blog\\\/wp-content\\\/uploads\\\/2026\\\/04\\\/pres-de-lyon-apres-le-drame-de-lustucru-le-pcf-alerte-sur-les-morts-au-travail.jpg\"},{\"@type\":\"BreadcrumbList\",\"@id\":\"https:\\\/\\\/www.accidentdutravail-idf.net\\\/blog\\\/pres-de-lyon-apres-le-drame-de-lustucru-le-pcf-alerte-sur-les-morts-au-travail\\\/#breadcrumb\",\"itemListElement\":[{\"@type\":\"ListItem\",\"position\":1,\"name\":\"Accueil\",\"item\":\"https:\\\/\\\/www.accidentdutravail-idf.net\\\/blog\\\/\"},{\"@type\":\"ListItem\",\"position\":2,\"name\":\"Pr\u00e8s de Lyon : apr\u00e8s le drame de Lustucru, le PCF alerte sur les morts au travail\"}]},{\"@type\":\"WebSite\",\"@id\":\"https:\\\/\\\/www.accidentdutravail-idf.net\\\/blog\\\/#website\",\"url\":\"https:\\\/\\\/www.accidentdutravail-idf.net\\\/blog\\\/\",\"name\":\"ACCIDENTDUTRAVAIL-IDF\",\"description\":\"Portail accidents du travail-maladies professionnelles des entreprises d&#039;Ile-de-France\",\"publisher\":{\"@id\":\"https:\\\/\\\/www.accidentdutravail-idf.net\\\/blog\\\/#organization\"},\"potentialAction\":[{\"@type\":\"SearchAction\",\"target\":{\"@type\":\"EntryPoint\",\"urlTemplate\":\"https:\\\/\\\/www.accidentdutravail-idf.net\\\/blog\\\/?s={search_term_string}\"},\"query-input\":{\"@type\":\"PropertyValueSpecification\",\"valueRequired\":true,\"valueName\":\"search_term_string\"}}],\"inLanguage\":\"fr-FR\"},{\"@type\":\"Organization\",\"@id\":\"https:\\\/\\\/www.accidentdutravail-idf.net\\\/blog\\\/#organization\",\"name\":\"accidentdutravail-idf\",\"url\":\"https:\\\/\\\/www.accidentdutravail-idf.net\\\/blog\\\/\",\"logo\":{\"@type\":\"ImageObject\",\"inLanguage\":\"fr-FR\",\"@id\":\"https:\\\/\\\/www.accidentdutravail-idf.net\\\/blog\\\/#\\\/schema\\\/logo\\\/image\\\/\",\"url\":\"https:\\\/\\\/www.accidentdutravail-idf.net\\\/blog\\\/wp-content\\\/uploads\\\/2022\\\/09\\\/logo-2.png\",\"contentUrl\":\"https:\\\/\\\/www.accidentdutravail-idf.net\\\/blog\\\/wp-content\\\/uploads\\\/2022\\\/09\\\/logo-2.png\",\"width\":380,\"height\":291,\"caption\":\"accidentdutravail-idf\"},\"image\":{\"@id\":\"https:\\\/\\\/www.accidentdutravail-idf.net\\\/blog\\\/#\\\/schema\\\/logo\\\/image\\\/\"}},{\"@type\":\"Person\",\"@id\":\"https:\\\/\\\/www.accidentdutravail-idf.net\\\/blog\\\/#\\\/schema\\\/person\\\/3255d2f970de45e64bd9201f38e7b947\",\"name\":\"Carlos Poulain\",\"image\":{\"@type\":\"ImageObject\",\"inLanguage\":\"fr-FR\",\"@id\":\"https:\\\/\\\/secure.gravatar.com\\\/avatar\\\/b1c2f9d3588e34e91adb093635df64ef4b2381991216be7576466cfcdca4baf3?s=96&d=mm&r=g\",\"url\":\"https:\\\/\\\/secure.gravatar.com\\\/avatar\\\/b1c2f9d3588e34e91adb093635df64ef4b2381991216be7576466cfcdca4baf3?s=96&d=mm&r=g\",\"contentUrl\":\"https:\\\/\\\/secure.gravatar.com\\\/avatar\\\/b1c2f9d3588e34e91adb093635df64ef4b2381991216be7576466cfcdca4baf3?s=96&d=mm&r=g\",\"caption\":\"Carlos Poulain\"},\"url\":\"https:\\\/\\\/www.accidentdutravail-idf.net\\\/blog\\\/author\\\/idfcarlos\\\/\"}]}<\/script>\n<!-- \/ Yoast SEO plugin. -->","yoast_head_json":{"title":"Pr\u00e8s de Lyon : apr\u00e8s le drame de Lustucru, le PCF alerte sur les morts au travail - ACCIDENTDUTRAVAIL-IDF","description":"Pr\u00e8s de Lyon : apr\u00e8s le drame de Lustucru, le PCF alerte sur les morts au travail article de ACCIDENTDUTRAVAIL-IDF","robots":{"index":"index","follow":"follow","max-snippet":"max-snippet:-1","max-image-preview":"max-image-preview:large","max-video-preview":"max-video-preview:-1"},"canonical":"https:\/\/www.accidentdutravail-idf.net\/blog\/pres-de-lyon-apres-le-drame-de-lustucru-le-pcf-alerte-sur-les-morts-au-travail\/","og_locale":"fr_FR","og_type":"article","og_title":"Pr\u00e8s de Lyon : apr\u00e8s le drame de Lustucru, le PCF alerte sur les morts au travail - ACCIDENTDUTRAVAIL-IDF","og_description":"Pr\u00e8s de Lyon : apr\u00e8s le drame de Lustucru, le PCF alerte sur les morts au travail article de ACCIDENTDUTRAVAIL-IDF","og_url":"https:\/\/www.accidentdutravail-idf.net\/blog\/pres-de-lyon-apres-le-drame-de-lustucru-le-pcf-alerte-sur-les-morts-au-travail\/","og_site_name":"ACCIDENTDUTRAVAIL-IDF","article_published_time":"2026-04-19T08:00:00+00:00","og_image":[{"url":"https:\/\/www.accidentdutravail-idf.net\/blog\/wp-content\/uploads\/2026\/04\/pres-de-lyon-apres-le-drame-de-lustucru-le-pcf-alerte-sur-les-morts-au-travail.jpg","type":"","width":"","height":""}],"author":"Carlos Poulain","twitter_card":"summary_large_image","twitter_misc":{"\u00c9crit par":"Carlos Poulain","Dur\u00e9e de lecture estim\u00e9e":"2 minutes"},"schema":{"@context":"https:\/\/schema.org","@graph":[{"@type":"Article","@id":"https:\/\/www.accidentdutravail-idf.net\/blog\/pres-de-lyon-apres-le-drame-de-lustucru-le-pcf-alerte-sur-les-morts-au-travail\/#article","isPartOf":{"@id":"https:\/\/www.accidentdutravail-idf.net\/blog\/pres-de-lyon-apres-le-drame-de-lustucru-le-pcf-alerte-sur-les-morts-au-travail\/"},"author":{"name":"Carlos Poulain","@id":"https:\/\/www.accidentdutravail-idf.net\/blog\/#\/schema\/person\/3255d2f970de45e64bd9201f38e7b947"},"headline":"Pr\u00e8s de Lyon : apr\u00e8s le drame de Lustucru, le PCF alerte sur les morts au travail","datePublished":"2026-04-19T08:00:00+00:00","mainEntityOfPage":{"@id":"https:\/\/www.accidentdutravail-idf.net\/blog\/pres-de-lyon-apres-le-drame-de-lustucru-le-pcf-alerte-sur-les-morts-au-travail\/"},"wordCount":321,"publisher":{"@id":"https:\/\/www.accidentdutravail-idf.net\/blog\/#organization"},"image":{"@id":"https:\/\/www.accidentdutravail-idf.net\/blog\/pres-de-lyon-apres-le-drame-de-lustucru-le-pcf-alerte-sur-les-morts-au-travail\/#primaryimage"},"thumbnailUrl":"https:\/\/www.accidentdutravail-idf.net\/blog\/wp-content\/uploads\/2026\/04\/pres-de-lyon-apres-le-drame-de-lustucru-le-pcf-alerte-sur-les-morts-au-travail.jpg","articleSection":["S\u00e9curit\u00e9 Du Travail En Ile-De-France Et Divers:"],"inLanguage":"fr-FR"},{"@type":"WebPage","@id":"https:\/\/www.accidentdutravail-idf.net\/blog\/pres-de-lyon-apres-le-drame-de-lustucru-le-pcf-alerte-sur-les-morts-au-travail\/","url":"https:\/\/www.accidentdutravail-idf.net\/blog\/pres-de-lyon-apres-le-drame-de-lustucru-le-pcf-alerte-sur-les-morts-au-travail\/","name":"Pr\u00e8s de Lyon : apr\u00e8s le drame de Lustucru, le PCF alerte sur les morts au travail - ACCIDENTDUTRAVAIL-IDF","isPartOf":{"@id":"https:\/\/www.accidentdutravail-idf.net\/blog\/#website"},"primaryImageOfPage":{"@id":"https:\/\/www.accidentdutravail-idf.net\/blog\/pres-de-lyon-apres-le-drame-de-lustucru-le-pcf-alerte-sur-les-morts-au-travail\/#primaryimage"},"image":{"@id":"https:\/\/www.accidentdutravail-idf.net\/blog\/pres-de-lyon-apres-le-drame-de-lustucru-le-pcf-alerte-sur-les-morts-au-travail\/#primaryimage"},"thumbnailUrl":"https:\/\/www.accidentdutravail-idf.net\/blog\/wp-content\/uploads\/2026\/04\/pres-de-lyon-apres-le-drame-de-lustucru-le-pcf-alerte-sur-les-morts-au-travail.jpg","datePublished":"2026-04-19T08:00:00+00:00","description":"Pr\u00e8s de Lyon : apr\u00e8s le drame de Lustucru, le PCF alerte sur les morts au travail article de ACCIDENTDUTRAVAIL-IDF","breadcrumb":{"@id":"https:\/\/www.accidentdutravail-idf.net\/blog\/pres-de-lyon-apres-le-drame-de-lustucru-le-pcf-alerte-sur-les-morts-au-travail\/#breadcrumb"},"inLanguage":"fr-FR","potentialAction":[{"@type":"ReadAction","target":["https:\/\/www.accidentdutravail-idf.net\/blog\/pres-de-lyon-apres-le-drame-de-lustucru-le-pcf-alerte-sur-les-morts-au-travail\/"]}]},{"@type":"ImageObject","inLanguage":"fr-FR","@id":"https:\/\/www.accidentdutravail-idf.net\/blog\/pres-de-lyon-apres-le-drame-de-lustucru-le-pcf-alerte-sur-les-morts-au-travail\/#primaryimage","url":"https:\/\/www.accidentdutravail-idf.net\/blog\/wp-content\/uploads\/2026\/04\/pres-de-lyon-apres-le-drame-de-lustucru-le-pcf-alerte-sur-les-morts-au-travail.jpg","contentUrl":"https:\/\/www.accidentdutravail-idf.net\/blog\/wp-content\/uploads\/2026\/04\/pres-de-lyon-apres-le-drame-de-lustucru-le-pcf-alerte-sur-les-morts-au-travail.jpg"},{"@type":"BreadcrumbList","@id":"https:\/\/www.accidentdutravail-idf.net\/blog\/pres-de-lyon-apres-le-drame-de-lustucru-le-pcf-alerte-sur-les-morts-au-travail\/#breadcrumb","itemListElement":[{"@type":"ListItem","position":1,"name":"Accueil","item":"https:\/\/www.accidentdutravail-idf.net\/blog\/"},{"@type":"ListItem","position":2,"name":"Pr\u00e8s de Lyon : apr\u00e8s le drame de Lustucru, le PCF alerte sur les morts au travail"}]},{"@type":"WebSite","@id":"https:\/\/www.accidentdutravail-idf.net\/blog\/#website","url":"https:\/\/www.accidentdutravail-idf.net\/blog\/","name":"ACCIDENTDUTRAVAIL-IDF","description":"Portail accidents du travail-maladies professionnelles des entreprises d&#039;Ile-de-France","publisher":{"@id":"https:\/\/www.accidentdutravail-idf.net\/blog\/#organization"},"potentialAction":[{"@type":"SearchAction","target":{"@type":"EntryPoint","urlTemplate":"https:\/\/www.accidentdutravail-idf.net\/blog\/?s={search_term_string}"},"query-input":{"@type":"PropertyValueSpecification","valueRequired":true,"valueName":"search_term_string"}}],"inLanguage":"fr-FR"},{"@type":"Organization","@id":"https:\/\/www.accidentdutravail-idf.net\/blog\/#organization","name":"accidentdutravail-idf","url":"https:\/\/www.accidentdutravail-idf.net\/blog\/","logo":{"@type":"ImageObject","inLanguage":"fr-FR","@id":"https:\/\/www.accidentdutravail-idf.net\/blog\/#\/schema\/logo\/image\/","url":"https:\/\/www.accidentdutravail-idf.net\/blog\/wp-content\/uploads\/2022\/09\/logo-2.png","contentUrl":"https:\/\/www.accidentdutravail-idf.net\/blog\/wp-content\/uploads\/2022\/09\/logo-2.png","width":380,"height":291,"caption":"accidentdutravail-idf"},"image":{"@id":"https:\/\/www.accidentdutravail-idf.net\/blog\/#\/schema\/logo\/image\/"}},{"@type":"Person","@id":"https:\/\/www.accidentdutravail-idf.net\/blog\/#\/schema\/person\/3255d2f970de45e64bd9201f38e7b947","name":"Carlos Poulain","image":{"@type":"ImageObject","inLanguage":"fr-FR","@id":"https:\/\/secure.gravatar.com\/avatar\/b1c2f9d3588e34e91adb093635df64ef4b2381991216be7576466cfcdca4baf3?s=96&d=mm&r=g","url":"https:\/\/secure.gravatar.com\/avatar\/b1c2f9d3588e34e91adb093635df64ef4b2381991216be7576466cfcdca4baf3?s=96&d=mm&r=g","contentUrl":"https:\/\/secure.gravatar.com\/avatar\/b1c2f9d3588e34e91adb093635df64ef4b2381991216be7576466cfcdca4baf3?s=96&d=mm&r=g","caption":"Carlos Poulain"},"url":"https:\/\/www.accidentdutravail-idf.net\/blog\/author\/idfcarlos\/"}]}},"_links":{"self":[{"href":"https:\/\/www.accidentdutravail-idf.net\/blog\/wp-json\/wp\/v2\/posts\/2336","targetHints":{"allow":["GET"]}}],"collection":[{"href":"https:\/\/www.accidentdutravail-idf.net\/blog\/wp-json\/wp\/v2\/posts"}],"about":[{"href":"https:\/\/www.accidentdutravail-idf.net\/blog\/wp-json\/wp\/v2\/types\/post"}],"author":[{"embeddable":true,"href":"https:\/\/www.accidentdutravail-idf.net\/blog\/wp-json\/wp\/v2\/users\/2"}],"replies":[{"embeddable":true,"href":"https:\/\/www.accidentdutravail-idf.net\/blog\/wp-json\/wp\/v2\/comments?post=2336"}],"version-history":[{"count":0,"href":"https:\/\/www.accidentdutravail-idf.net\/blog\/wp-json\/wp\/v2\/posts\/2336\/revisions"}],"wp:attachment":[{"href":"https:\/\/www.accidentdutravail-idf.net\/blog\/wp-json\/wp\/v2\/media?parent=2336"}],"wp:term":[{"taxonomy":"category","embeddable":true,"href":"https:\/\/www.accidentdutravail-idf.net\/blog\/wp-json\/wp\/v2\/categories?post=2336"},{"taxonomy":"post_tag","embeddable":true,"href":"https:\/\/www.accidentdutravail-idf.net\/blog\/wp-json\/wp\/v2\/tags?post=2336"}],"curies":[{"name":"wp","href":"https:\/\/api.w.org\/{rel}","templated":true}]}}