{"id":2334,"date":"2026-04-17T22:27:00","date_gmt":"2026-04-17T20:27:00","guid":{"rendered":"https:\/\/www.accidentdutravail-idf.net\/blog\/saint-genis-laval-un-employe-dune-usine-lustucru-decede-dans-un-accident\/"},"modified":"2026-04-17T22:27:00","modified_gmt":"2026-04-17T20:27:00","slug":"saint-genis-laval-un-employe-dune-usine-lustucru-decede-dans-un-accident","status":"publish","type":"post","link":"https:\/\/www.accidentdutravail-idf.net\/blog\/saint-genis-laval-un-employe-dune-usine-lustucru-decede-dans-un-accident\/","title":{"rendered":"Saint-Genis-Laval : un employ\u00e9 d&rsquo;une usine Lustucru d\u00e9c\u00e8de dans un accident"},"content":{"rendered":"<div><img decoding=\"async\" src=\"https:\/\/www.accidentdutravail-idf.net\/blog\/wp-content\/uploads\/2026\/04\/saint-genis-laval-un-employe-dune-usine-lustucru-decede-dans-un-accident.jpg\" class=\"ff-og-image-inserted\"><\/div>\n<div>\n<p class=\"content\">Un grave accident du travail a eu lieu ce vendredi soir au sein de l&rsquo;usine Lustucru Frais, situ\u00e9e \u00e0 Saint-Genis-Laval. Un jeune homme d&rsquo;une vingtaine d&rsquo;ann\u00e9es est d\u00e9c\u00e9d\u00e9.<\/p>\n<\/div>\n<p>Sc\u00e8ne d&rsquo;horreur au sein de l&rsquo;usine Lustucru Frais de Saint-Genis-Laval (Rh\u00f4ne). Selon les informations du <em><a href=\"https:\/\/c.leprogres.fr\/faits-divers-justice\/2026\/04\/18\/mort-au-travail-un-jeune-homme-decede-apres-un-accident-dans-une-usine-lustucru-au-sud-de-lyon\" id=\"https:\/\/c.leprogres.fr\/faits-divers-justice\/2026\/04\/18\/mort-au-travail-un-jeune-homme-decede-apres-un-accident-dans-une-usine-lustucru-au-sud-de-lyon\" target=\"_blank\" rel=\"nofollow\">Progr\u00e8s<\/a><\/em>, un jeune homme \u00e2g\u00e9 d&rsquo;une vingtaine d&rsquo;ann\u00e9es s&rsquo;est tu\u00e9 ce vendredi soir dans un accident du travail. Alors qu&rsquo;il nettoyait un laminoir \u00e0 p\u00e2tes, dont la fonction principale est l&rsquo;aplatissement des p\u00e2tes, l&#8217;employ\u00e9 aurait \u00e9t\u00e9 happ\u00e9 par la machine aux alentours de 23 heures. <\/p>\n<p>Malgr\u00e9 l&rsquo;intervention des secours, le jeune homme n&rsquo;a pas surv\u00e9cu. <\/p>\n<p><strong>Lire aussi :<\/strong> <a href=\"https:\/\/www.lyoncapitale.fr\/actualite\/metropole-de-lyon-victime-dun-accident-de-travail-un-jeune-de-25-ans-ampute-dun-pied\" id=\"462827\" target=\"_blank\" rel=\"nofollow\">M\u00e9tropole de Lyon : victime d\u2019un accident de travail, un jeune de 25 ans amput\u00e9 d\u2019un pied<\/a><\/p>\n<h2 class=\"wp-block-heading\">Une enqu\u00eate ouverte<\/h2>\n<p>Toujours d&rsquo;apr\u00e8s les informations du <em>Progr\u00e8s<\/em>, la cha\u00eene de production est \u00e0 l&rsquo;arr\u00eat depuis ce samedi matin et quelque 150 personnes ont \u00e9t\u00e9 plac\u00e9es en ch\u00f4mage technique.<\/p>\n<p>Une enqu\u00eate a \u00e9galement \u00e9t\u00e9 ouverte pour \u00e9claircir les circonstances de ce drame. <\/p>\n<p> accidentdutravail-idf.net vous a pr\u00e9par\u00e9 ce post qui informe du sujet \u00ab\u00a0Association Sportive Huisson-Longueville Essonne\u00a0\u00bb. La chronique se veut g\u00e9n\u00e9r\u00e9e du mieux possible. Vous pouvez utiliser les coordonn\u00e9es indiqu\u00e9es sur le site dans le but d\u2019apporter des explications sur ce post qui parle du th\u00e8me \u00ab\u00a0Association Sportive Huisson-Longueville Essonne\u00a0\u00bb. Le site accidentdutravail-idf.net a pour but de fournir diverses publications sur la th\u00e9matique Association Sportive Huisson-Longueville Essonne diffus\u00e9es sur le net. Il y aura plusieurs articles autour du sujet \u00ab\u00a0Association Sportive Huisson-Longueville Essonne\u00a0\u00bb dans quelques jours, nous vous invitons \u00e0 naviguer sur notre site web \u00e0 plusieurs reprises.<\/p>\n","protected":false},"excerpt":{"rendered":"<p>Un grave accident du travail a eu lieu ce vendredi soir au sein de l&rsquo;usine Lustucru Frais, situ\u00e9e \u00e0 Saint-Genis-Laval. Un jeune homme d&rsquo;une vingtaine d&rsquo;ann\u00e9es est d\u00e9c\u00e9d\u00e9. Sc\u00e8ne d&rsquo;horreur au sein de l&rsquo;usine Lustucru Frais de Saint-Genis-Laval (Rh\u00f4ne). Selon les informations du Progr\u00e8s, un jeune homme \u00e2g\u00e9 d&rsquo;une vingtaine d&rsquo;ann\u00e9es s&rsquo;est tu\u00e9 ce vendredi &hellip; <\/p>\n<p class=\"link-more\"><a href=\"https:\/\/www.accidentdutravail-idf.net\/blog\/saint-genis-laval-un-employe-dune-usine-lustucru-decede-dans-un-accident\/\" class=\"more-link\">Continuer la lecture <span class=\"screen-reader-text\"> \u00ab\u00a0Saint-Genis-Laval : un employ\u00e9 d&rsquo;une usine Lustucru d\u00e9c\u00e8de dans un accident\u00a0\u00bb<\/span><\/a><\/p>\n","protected":false},"author":2,"featured_media":0,"comment_status":"closed","ping_status":"closed","sticky":false,"template":"","format":"standard","meta":{"footnotes":""},"categories":[5],"tags":[],"class_list":["post-2334","post","type-post","status-publish","format-standard","hentry","category-securite-du-travail-en-ile-de-france-et-divers","entry"],"yoast_head":"<!-- This site is optimized with the Yoast SEO plugin v27.5 - https:\/\/yoast.com\/product\/yoast-seo-wordpress\/ -->\n<title>Saint-Genis-Laval : un employ\u00e9 d&#039;une usine Lustucru d\u00e9c\u00e8de dans un accident - ACCIDENTDUTRAVAIL-IDF<\/title>\n<meta name=\"description\" content=\"Saint-Genis-Laval : un employ\u00e9 d&#039;une usine Lustucru d\u00e9c\u00e8de dans un accident article de ACCIDENTDUTRAVAIL-IDF\" \/>\n<meta name=\"robots\" content=\"index, follow, max-snippet:-1, max-image-preview:large, max-video-preview:-1\" \/>\n<link rel=\"canonical\" href=\"https:\/\/www.accidentdutravail-idf.net\/blog\/saint-genis-laval-un-employe-dune-usine-lustucru-decede-dans-un-accident\/\" \/>\n<meta property=\"og:locale\" content=\"fr_FR\" \/>\n<meta property=\"og:type\" content=\"article\" \/>\n<meta property=\"og:title\" content=\"Saint-Genis-Laval : un employ\u00e9 d&#039;une usine Lustucru d\u00e9c\u00e8de dans un accident - ACCIDENTDUTRAVAIL-IDF\" \/>\n<meta property=\"og:description\" content=\"Saint-Genis-Laval : un employ\u00e9 d&#039;une usine Lustucru d\u00e9c\u00e8de dans un accident article de ACCIDENTDUTRAVAIL-IDF\" \/>\n<meta property=\"og:url\" content=\"https:\/\/www.accidentdutravail-idf.net\/blog\/saint-genis-laval-un-employe-dune-usine-lustucru-decede-dans-un-accident\/\" \/>\n<meta property=\"og:site_name\" content=\"ACCIDENTDUTRAVAIL-IDF\" \/>\n<meta property=\"article:published_time\" content=\"2026-04-17T20:27:00+00:00\" \/>\n<meta property=\"og:image\" content=\"https:\/\/www.accidentdutravail-idf.net\/blog\/wp-content\/uploads\/2026\/04\/saint-genis-laval-un-employe-dune-usine-lustucru-decede-dans-un-accident.jpg\" \/>\n<meta name=\"author\" content=\"Carlos Poulain\" \/>\n<meta name=\"twitter:card\" content=\"summary_large_image\" \/>\n<meta name=\"twitter:label1\" content=\"\u00c9crit par\" \/>\n\t<meta name=\"twitter:data1\" content=\"Carlos Poulain\" \/>\n\t<meta name=\"twitter:label2\" content=\"Dur\u00e9e de lecture estim\u00e9e\" \/>\n\t<meta name=\"twitter:data2\" content=\"1 minute\" \/>\n<script type=\"application\/ld+json\" class=\"yoast-schema-graph\">{\"@context\":\"https:\\\/\\\/schema.org\",\"@graph\":[{\"@type\":\"Article\",\"@id\":\"https:\\\/\\\/www.accidentdutravail-idf.net\\\/blog\\\/saint-genis-laval-un-employe-dune-usine-lustucru-decede-dans-un-accident\\\/#article\",\"isPartOf\":{\"@id\":\"https:\\\/\\\/www.accidentdutravail-idf.net\\\/blog\\\/saint-genis-laval-un-employe-dune-usine-lustucru-decede-dans-un-accident\\\/\"},\"author\":{\"name\":\"Carlos Poulain\",\"@id\":\"https:\\\/\\\/www.accidentdutravail-idf.net\\\/blog\\\/#\\\/schema\\\/person\\\/3255d2f970de45e64bd9201f38e7b947\"},\"headline\":\"Saint-Genis-Laval : un employ\u00e9 d&rsquo;une usine Lustucru d\u00e9c\u00e8de dans un accident\",\"datePublished\":\"2026-04-17T20:27:00+00:00\",\"mainEntityOfPage\":{\"@id\":\"https:\\\/\\\/www.accidentdutravail-idf.net\\\/blog\\\/saint-genis-laval-un-employe-dune-usine-lustucru-decede-dans-un-accident\\\/\"},\"wordCount\":293,\"publisher\":{\"@id\":\"https:\\\/\\\/www.accidentdutravail-idf.net\\\/blog\\\/#organization\"},\"image\":{\"@id\":\"https:\\\/\\\/www.accidentdutravail-idf.net\\\/blog\\\/saint-genis-laval-un-employe-dune-usine-lustucru-decede-dans-un-accident\\\/#primaryimage\"},\"thumbnailUrl\":\"https:\\\/\\\/www.accidentdutravail-idf.net\\\/blog\\\/wp-content\\\/uploads\\\/2026\\\/04\\\/saint-genis-laval-un-employe-dune-usine-lustucru-decede-dans-un-accident.jpg\",\"articleSection\":[\"S\u00e9curit\u00e9 Du Travail En Ile-De-France Et Divers:\"],\"inLanguage\":\"fr-FR\"},{\"@type\":\"WebPage\",\"@id\":\"https:\\\/\\\/www.accidentdutravail-idf.net\\\/blog\\\/saint-genis-laval-un-employe-dune-usine-lustucru-decede-dans-un-accident\\\/\",\"url\":\"https:\\\/\\\/www.accidentdutravail-idf.net\\\/blog\\\/saint-genis-laval-un-employe-dune-usine-lustucru-decede-dans-un-accident\\\/\",\"name\":\"Saint-Genis-Laval : un employ\u00e9 d'une usine Lustucru d\u00e9c\u00e8de dans un accident - ACCIDENTDUTRAVAIL-IDF\",\"isPartOf\":{\"@id\":\"https:\\\/\\\/www.accidentdutravail-idf.net\\\/blog\\\/#website\"},\"primaryImageOfPage\":{\"@id\":\"https:\\\/\\\/www.accidentdutravail-idf.net\\\/blog\\\/saint-genis-laval-un-employe-dune-usine-lustucru-decede-dans-un-accident\\\/#primaryimage\"},\"image\":{\"@id\":\"https:\\\/\\\/www.accidentdutravail-idf.net\\\/blog\\\/saint-genis-laval-un-employe-dune-usine-lustucru-decede-dans-un-accident\\\/#primaryimage\"},\"thumbnailUrl\":\"https:\\\/\\\/www.accidentdutravail-idf.net\\\/blog\\\/wp-content\\\/uploads\\\/2026\\\/04\\\/saint-genis-laval-un-employe-dune-usine-lustucru-decede-dans-un-accident.jpg\",\"datePublished\":\"2026-04-17T20:27:00+00:00\",\"description\":\"Saint-Genis-Laval : un employ\u00e9 d'une usine Lustucru d\u00e9c\u00e8de dans un accident article de ACCIDENTDUTRAVAIL-IDF\",\"breadcrumb\":{\"@id\":\"https:\\\/\\\/www.accidentdutravail-idf.net\\\/blog\\\/saint-genis-laval-un-employe-dune-usine-lustucru-decede-dans-un-accident\\\/#breadcrumb\"},\"inLanguage\":\"fr-FR\",\"potentialAction\":[{\"@type\":\"ReadAction\",\"target\":[\"https:\\\/\\\/www.accidentdutravail-idf.net\\\/blog\\\/saint-genis-laval-un-employe-dune-usine-lustucru-decede-dans-un-accident\\\/\"]}]},{\"@type\":\"ImageObject\",\"inLanguage\":\"fr-FR\",\"@id\":\"https:\\\/\\\/www.accidentdutravail-idf.net\\\/blog\\\/saint-genis-laval-un-employe-dune-usine-lustucru-decede-dans-un-accident\\\/#primaryimage\",\"url\":\"https:\\\/\\\/www.accidentdutravail-idf.net\\\/blog\\\/wp-content\\\/uploads\\\/2026\\\/04\\\/saint-genis-laval-un-employe-dune-usine-lustucru-decede-dans-un-accident.jpg\",\"contentUrl\":\"https:\\\/\\\/www.accidentdutravail-idf.net\\\/blog\\\/wp-content\\\/uploads\\\/2026\\\/04\\\/saint-genis-laval-un-employe-dune-usine-lustucru-decede-dans-un-accident.jpg\"},{\"@type\":\"BreadcrumbList\",\"@id\":\"https:\\\/\\\/www.accidentdutravail-idf.net\\\/blog\\\/saint-genis-laval-un-employe-dune-usine-lustucru-decede-dans-un-accident\\\/#breadcrumb\",\"itemListElement\":[{\"@type\":\"ListItem\",\"position\":1,\"name\":\"Accueil\",\"item\":\"https:\\\/\\\/www.accidentdutravail-idf.net\\\/blog\\\/\"},{\"@type\":\"ListItem\",\"position\":2,\"name\":\"Saint-Genis-Laval : un employ\u00e9 d&rsquo;une usine Lustucru d\u00e9c\u00e8de dans un accident\"}]},{\"@type\":\"WebSite\",\"@id\":\"https:\\\/\\\/www.accidentdutravail-idf.net\\\/blog\\\/#website\",\"url\":\"https:\\\/\\\/www.accidentdutravail-idf.net\\\/blog\\\/\",\"name\":\"ACCIDENTDUTRAVAIL-IDF\",\"description\":\"Portail accidents du travail-maladies professionnelles des entreprises d&#039;Ile-de-France\",\"publisher\":{\"@id\":\"https:\\\/\\\/www.accidentdutravail-idf.net\\\/blog\\\/#organization\"},\"potentialAction\":[{\"@type\":\"SearchAction\",\"target\":{\"@type\":\"EntryPoint\",\"urlTemplate\":\"https:\\\/\\\/www.accidentdutravail-idf.net\\\/blog\\\/?s={search_term_string}\"},\"query-input\":{\"@type\":\"PropertyValueSpecification\",\"valueRequired\":true,\"valueName\":\"search_term_string\"}}],\"inLanguage\":\"fr-FR\"},{\"@type\":\"Organization\",\"@id\":\"https:\\\/\\\/www.accidentdutravail-idf.net\\\/blog\\\/#organization\",\"name\":\"accidentdutravail-idf\",\"url\":\"https:\\\/\\\/www.accidentdutravail-idf.net\\\/blog\\\/\",\"logo\":{\"@type\":\"ImageObject\",\"inLanguage\":\"fr-FR\",\"@id\":\"https:\\\/\\\/www.accidentdutravail-idf.net\\\/blog\\\/#\\\/schema\\\/logo\\\/image\\\/\",\"url\":\"https:\\\/\\\/www.accidentdutravail-idf.net\\\/blog\\\/wp-content\\\/uploads\\\/2022\\\/09\\\/logo-2.png\",\"contentUrl\":\"https:\\\/\\\/www.accidentdutravail-idf.net\\\/blog\\\/wp-content\\\/uploads\\\/2022\\\/09\\\/logo-2.png\",\"width\":380,\"height\":291,\"caption\":\"accidentdutravail-idf\"},\"image\":{\"@id\":\"https:\\\/\\\/www.accidentdutravail-idf.net\\\/blog\\\/#\\\/schema\\\/logo\\\/image\\\/\"}},{\"@type\":\"Person\",\"@id\":\"https:\\\/\\\/www.accidentdutravail-idf.net\\\/blog\\\/#\\\/schema\\\/person\\\/3255d2f970de45e64bd9201f38e7b947\",\"name\":\"Carlos Poulain\",\"image\":{\"@type\":\"ImageObject\",\"inLanguage\":\"fr-FR\",\"@id\":\"https:\\\/\\\/secure.gravatar.com\\\/avatar\\\/b1c2f9d3588e34e91adb093635df64ef4b2381991216be7576466cfcdca4baf3?s=96&d=mm&r=g\",\"url\":\"https:\\\/\\\/secure.gravatar.com\\\/avatar\\\/b1c2f9d3588e34e91adb093635df64ef4b2381991216be7576466cfcdca4baf3?s=96&d=mm&r=g\",\"contentUrl\":\"https:\\\/\\\/secure.gravatar.com\\\/avatar\\\/b1c2f9d3588e34e91adb093635df64ef4b2381991216be7576466cfcdca4baf3?s=96&d=mm&r=g\",\"caption\":\"Carlos Poulain\"},\"url\":\"https:\\\/\\\/www.accidentdutravail-idf.net\\\/blog\\\/author\\\/idfcarlos\\\/\"}]}<\/script>\n<!-- \/ Yoast SEO plugin. -->","yoast_head_json":{"title":"Saint-Genis-Laval : un employ\u00e9 d'une usine Lustucru d\u00e9c\u00e8de dans un accident - ACCIDENTDUTRAVAIL-IDF","description":"Saint-Genis-Laval : un employ\u00e9 d'une usine Lustucru d\u00e9c\u00e8de dans un accident article de ACCIDENTDUTRAVAIL-IDF","robots":{"index":"index","follow":"follow","max-snippet":"max-snippet:-1","max-image-preview":"max-image-preview:large","max-video-preview":"max-video-preview:-1"},"canonical":"https:\/\/www.accidentdutravail-idf.net\/blog\/saint-genis-laval-un-employe-dune-usine-lustucru-decede-dans-un-accident\/","og_locale":"fr_FR","og_type":"article","og_title":"Saint-Genis-Laval : un employ\u00e9 d'une usine Lustucru d\u00e9c\u00e8de dans un accident - ACCIDENTDUTRAVAIL-IDF","og_description":"Saint-Genis-Laval : un employ\u00e9 d'une usine Lustucru d\u00e9c\u00e8de dans un accident article de ACCIDENTDUTRAVAIL-IDF","og_url":"https:\/\/www.accidentdutravail-idf.net\/blog\/saint-genis-laval-un-employe-dune-usine-lustucru-decede-dans-un-accident\/","og_site_name":"ACCIDENTDUTRAVAIL-IDF","article_published_time":"2026-04-17T20:27:00+00:00","og_image":[{"url":"https:\/\/www.accidentdutravail-idf.net\/blog\/wp-content\/uploads\/2026\/04\/saint-genis-laval-un-employe-dune-usine-lustucru-decede-dans-un-accident.jpg","type":"","width":"","height":""}],"author":"Carlos Poulain","twitter_card":"summary_large_image","twitter_misc":{"\u00c9crit par":"Carlos Poulain","Dur\u00e9e de lecture estim\u00e9e":"1 minute"},"schema":{"@context":"https:\/\/schema.org","@graph":[{"@type":"Article","@id":"https:\/\/www.accidentdutravail-idf.net\/blog\/saint-genis-laval-un-employe-dune-usine-lustucru-decede-dans-un-accident\/#article","isPartOf":{"@id":"https:\/\/www.accidentdutravail-idf.net\/blog\/saint-genis-laval-un-employe-dune-usine-lustucru-decede-dans-un-accident\/"},"author":{"name":"Carlos Poulain","@id":"https:\/\/www.accidentdutravail-idf.net\/blog\/#\/schema\/person\/3255d2f970de45e64bd9201f38e7b947"},"headline":"Saint-Genis-Laval : un employ\u00e9 d&rsquo;une usine Lustucru d\u00e9c\u00e8de dans un accident","datePublished":"2026-04-17T20:27:00+00:00","mainEntityOfPage":{"@id":"https:\/\/www.accidentdutravail-idf.net\/blog\/saint-genis-laval-un-employe-dune-usine-lustucru-decede-dans-un-accident\/"},"wordCount":293,"publisher":{"@id":"https:\/\/www.accidentdutravail-idf.net\/blog\/#organization"},"image":{"@id":"https:\/\/www.accidentdutravail-idf.net\/blog\/saint-genis-laval-un-employe-dune-usine-lustucru-decede-dans-un-accident\/#primaryimage"},"thumbnailUrl":"https:\/\/www.accidentdutravail-idf.net\/blog\/wp-content\/uploads\/2026\/04\/saint-genis-laval-un-employe-dune-usine-lustucru-decede-dans-un-accident.jpg","articleSection":["S\u00e9curit\u00e9 Du Travail En Ile-De-France Et Divers:"],"inLanguage":"fr-FR"},{"@type":"WebPage","@id":"https:\/\/www.accidentdutravail-idf.net\/blog\/saint-genis-laval-un-employe-dune-usine-lustucru-decede-dans-un-accident\/","url":"https:\/\/www.accidentdutravail-idf.net\/blog\/saint-genis-laval-un-employe-dune-usine-lustucru-decede-dans-un-accident\/","name":"Saint-Genis-Laval : un employ\u00e9 d'une usine Lustucru d\u00e9c\u00e8de dans un accident - ACCIDENTDUTRAVAIL-IDF","isPartOf":{"@id":"https:\/\/www.accidentdutravail-idf.net\/blog\/#website"},"primaryImageOfPage":{"@id":"https:\/\/www.accidentdutravail-idf.net\/blog\/saint-genis-laval-un-employe-dune-usine-lustucru-decede-dans-un-accident\/#primaryimage"},"image":{"@id":"https:\/\/www.accidentdutravail-idf.net\/blog\/saint-genis-laval-un-employe-dune-usine-lustucru-decede-dans-un-accident\/#primaryimage"},"thumbnailUrl":"https:\/\/www.accidentdutravail-idf.net\/blog\/wp-content\/uploads\/2026\/04\/saint-genis-laval-un-employe-dune-usine-lustucru-decede-dans-un-accident.jpg","datePublished":"2026-04-17T20:27:00+00:00","description":"Saint-Genis-Laval : un employ\u00e9 d'une usine Lustucru d\u00e9c\u00e8de dans un accident article de ACCIDENTDUTRAVAIL-IDF","breadcrumb":{"@id":"https:\/\/www.accidentdutravail-idf.net\/blog\/saint-genis-laval-un-employe-dune-usine-lustucru-decede-dans-un-accident\/#breadcrumb"},"inLanguage":"fr-FR","potentialAction":[{"@type":"ReadAction","target":["https:\/\/www.accidentdutravail-idf.net\/blog\/saint-genis-laval-un-employe-dune-usine-lustucru-decede-dans-un-accident\/"]}]},{"@type":"ImageObject","inLanguage":"fr-FR","@id":"https:\/\/www.accidentdutravail-idf.net\/blog\/saint-genis-laval-un-employe-dune-usine-lustucru-decede-dans-un-accident\/#primaryimage","url":"https:\/\/www.accidentdutravail-idf.net\/blog\/wp-content\/uploads\/2026\/04\/saint-genis-laval-un-employe-dune-usine-lustucru-decede-dans-un-accident.jpg","contentUrl":"https:\/\/www.accidentdutravail-idf.net\/blog\/wp-content\/uploads\/2026\/04\/saint-genis-laval-un-employe-dune-usine-lustucru-decede-dans-un-accident.jpg"},{"@type":"BreadcrumbList","@id":"https:\/\/www.accidentdutravail-idf.net\/blog\/saint-genis-laval-un-employe-dune-usine-lustucru-decede-dans-un-accident\/#breadcrumb","itemListElement":[{"@type":"ListItem","position":1,"name":"Accueil","item":"https:\/\/www.accidentdutravail-idf.net\/blog\/"},{"@type":"ListItem","position":2,"name":"Saint-Genis-Laval : un employ\u00e9 d&rsquo;une usine Lustucru d\u00e9c\u00e8de dans un accident"}]},{"@type":"WebSite","@id":"https:\/\/www.accidentdutravail-idf.net\/blog\/#website","url":"https:\/\/www.accidentdutravail-idf.net\/blog\/","name":"ACCIDENTDUTRAVAIL-IDF","description":"Portail accidents du travail-maladies professionnelles des entreprises d&#039;Ile-de-France","publisher":{"@id":"https:\/\/www.accidentdutravail-idf.net\/blog\/#organization"},"potentialAction":[{"@type":"SearchAction","target":{"@type":"EntryPoint","urlTemplate":"https:\/\/www.accidentdutravail-idf.net\/blog\/?s={search_term_string}"},"query-input":{"@type":"PropertyValueSpecification","valueRequired":true,"valueName":"search_term_string"}}],"inLanguage":"fr-FR"},{"@type":"Organization","@id":"https:\/\/www.accidentdutravail-idf.net\/blog\/#organization","name":"accidentdutravail-idf","url":"https:\/\/www.accidentdutravail-idf.net\/blog\/","logo":{"@type":"ImageObject","inLanguage":"fr-FR","@id":"https:\/\/www.accidentdutravail-idf.net\/blog\/#\/schema\/logo\/image\/","url":"https:\/\/www.accidentdutravail-idf.net\/blog\/wp-content\/uploads\/2022\/09\/logo-2.png","contentUrl":"https:\/\/www.accidentdutravail-idf.net\/blog\/wp-content\/uploads\/2022\/09\/logo-2.png","width":380,"height":291,"caption":"accidentdutravail-idf"},"image":{"@id":"https:\/\/www.accidentdutravail-idf.net\/blog\/#\/schema\/logo\/image\/"}},{"@type":"Person","@id":"https:\/\/www.accidentdutravail-idf.net\/blog\/#\/schema\/person\/3255d2f970de45e64bd9201f38e7b947","name":"Carlos Poulain","image":{"@type":"ImageObject","inLanguage":"fr-FR","@id":"https:\/\/secure.gravatar.com\/avatar\/b1c2f9d3588e34e91adb093635df64ef4b2381991216be7576466cfcdca4baf3?s=96&d=mm&r=g","url":"https:\/\/secure.gravatar.com\/avatar\/b1c2f9d3588e34e91adb093635df64ef4b2381991216be7576466cfcdca4baf3?s=96&d=mm&r=g","contentUrl":"https:\/\/secure.gravatar.com\/avatar\/b1c2f9d3588e34e91adb093635df64ef4b2381991216be7576466cfcdca4baf3?s=96&d=mm&r=g","caption":"Carlos Poulain"},"url":"https:\/\/www.accidentdutravail-idf.net\/blog\/author\/idfcarlos\/"}]}},"_links":{"self":[{"href":"https:\/\/www.accidentdutravail-idf.net\/blog\/wp-json\/wp\/v2\/posts\/2334","targetHints":{"allow":["GET"]}}],"collection":[{"href":"https:\/\/www.accidentdutravail-idf.net\/blog\/wp-json\/wp\/v2\/posts"}],"about":[{"href":"https:\/\/www.accidentdutravail-idf.net\/blog\/wp-json\/wp\/v2\/types\/post"}],"author":[{"embeddable":true,"href":"https:\/\/www.accidentdutravail-idf.net\/blog\/wp-json\/wp\/v2\/users\/2"}],"replies":[{"embeddable":true,"href":"https:\/\/www.accidentdutravail-idf.net\/blog\/wp-json\/wp\/v2\/comments?post=2334"}],"version-history":[{"count":0,"href":"https:\/\/www.accidentdutravail-idf.net\/blog\/wp-json\/wp\/v2\/posts\/2334\/revisions"}],"wp:attachment":[{"href":"https:\/\/www.accidentdutravail-idf.net\/blog\/wp-json\/wp\/v2\/media?parent=2334"}],"wp:term":[{"taxonomy":"category","embeddable":true,"href":"https:\/\/www.accidentdutravail-idf.net\/blog\/wp-json\/wp\/v2\/categories?post=2334"},{"taxonomy":"post_tag","embeddable":true,"href":"https:\/\/www.accidentdutravail-idf.net\/blog\/wp-json\/wp\/v2\/tags?post=2334"}],"curies":[{"name":"wp","href":"https:\/\/api.w.org\/{rel}","templated":true}]}}