{"id":2332,"date":"2026-04-18T09:39:00","date_gmt":"2026-04-18T07:39:00","guid":{"rendered":"https:\/\/www.accidentdutravail-idf.net\/blog\/rhone-mort-au-travail-un-jeune-homme-decede-apres-un-accident-dans-une-usine-lustucru-au-sud-de-lyon\/"},"modified":"2026-04-18T09:39:00","modified_gmt":"2026-04-18T07:39:00","slug":"rhone-mort-au-travail-un-jeune-homme-decede-apres-un-accident-dans-une-usine-lustucru-au-sud-de-lyon","status":"publish","type":"post","link":"https:\/\/www.accidentdutravail-idf.net\/blog\/rhone-mort-au-travail-un-jeune-homme-decede-apres-un-accident-dans-une-usine-lustucru-au-sud-de-lyon\/","title":{"rendered":"Rh\u00f4ne Mort au travail : un jeune homme d\u00e9c\u00e8de apr\u00e8s un accident dans une usine Lustucru au sud de Lyon"},"content":{"rendered":"<div><img decoding=\"async\" src=\"https:\/\/www.accidentdutravail-idf.net\/blog\/wp-content\/uploads\/2026\/04\/rhone-mort-au-travail-un-jeune-homme-decede-apres-un-accident-dans-une-usine-lustucru-au-sud-de-lyon.jpg\" class=\"ff-og-image-inserted\"><\/div>\n<div>\n<p>Un jeune homme d\u2019une vingtaine d\u2019ann\u00e9es a trouv\u00e9 la mort ce vendredi soir, dans un accident du travail, au sein de l\u2019usine Lustucru Frais, situ\u00e9e chemin des Moulins, \u00e0 Saint-Genis-Laval, a appris <i> Le Progr\u00e8s,<\/i> ce samedi matin, d\u2019une source s\u00e9curitaire.<\/p>\n<\/div>\n<div>\n<p>Une enqu\u00eate a \u00e9t\u00e9 ouverte \u00e0 la suite de cet accident mortel nous a confirm\u00e9 le Groupement de gendarmerie du Rh\u00f4ne.<\/p>\n<\/div>\n<div>\n<h2>Tu\u00e9 alors qu\u2019il intervenait sur un laminoir<\/h2>\n<p>Selon nos informations, l\u2019employ\u00e9 \u00e9tait en train de nettoyer un laminoir \u00e0 p\u00e2te lorsqu\u2019il aurait \u00e9t\u00e9 happ\u00e9 par la machine. L\u2019accident s\u2019est produit peu avant 23 heures. Pompiers et gendarmerie ont rapidement \u00e9t\u00e9 d\u00e9p\u00each\u00e9s sur les lieux du drame.<\/p>\n<\/div>\n<div>\n<p>D\u2019apr\u00e8s de premiers \u00e9l\u00e9ments que nous n\u2019avons pas pu encore nous faire confirmer aupr\u00e8s de la direction de l\u2019usine, la cha\u00eene de production est logiquement \u00e0 l\u2019arr\u00eat et quelque 150 personnes plac\u00e9es en ch\u00f4mage technique.<\/p>\n<\/div>\n<div>\n<p>L\u2019usine de Saint-Genis-Laval, qui appartient \u00e0 Lustucru premium groupe, produit des p\u00e2tes, des gnocchis et des quenelles. Le groupe a \u00e9galement deux autres usines \u00e0 Communay et \u00e0 Lorette, dans la Loire.<\/p>\n<\/div>\n<div>\n<div class=\"insetContent\">\n<p class=\"insetTitle\">Une reprise de l&rsquo;activit\u00e9 du site d\u00e8s le d\u00e9but de semaine ?<\/p>\n<p>Vers 17 heures ce samedi, la pr\u00e9fecture du Rh\u00f4ne a pr\u00e9cis\u00e9 au <i>Progr\u00e8s<\/i> que \u00ab<span data-value=\"u00a0\">&nbsp;<\/span>les services de l\u2019inspection du travail entameront leur enqu\u00eate en lien avec la gendarmerie et le Parquet de Lyon d\u00e8s lundi afin de permettre, le cas \u00e9ch\u00e9ant, une reprise d\u2019activit\u00e9 de l\u2019atelier en veillant \u00e0 ce que toutes mesures conservatoires soient prises en termes de s\u00e9curit\u00e9 des salari\u00e9s.<span data-value=\"u00a0\">&nbsp;<\/span>\u00bb<\/p>\n<\/p><\/div>\n<\/div>\n<p>accidentdutravail-idf.net vous a pr\u00e9par\u00e9 ce post qui informe du sujet \u00ab\u00a0Association Sportive Huisson-Longueville Essonne\u00a0\u00bb. La chronique se veut g\u00e9n\u00e9r\u00e9e du mieux possible. Vous pouvez utiliser les coordonn\u00e9es indiqu\u00e9es sur le site dans le but d\u2019apporter des explications sur ce post qui parle du th\u00e8me \u00ab\u00a0Association Sportive Huisson-Longueville Essonne\u00a0\u00bb. Le site accidentdutravail-idf.net a pour but de fournir diverses publications sur la th\u00e9matique Association Sportive Huisson-Longueville Essonne diffus\u00e9es sur le net. Il y aura plusieurs articles autour du sujet \u00ab\u00a0Association Sportive Huisson-Longueville Essonne\u00a0\u00bb dans quelques jours, nous vous invitons \u00e0 naviguer sur notre site web \u00e0 plusieurs reprises.<\/p>\n","protected":false},"excerpt":{"rendered":"<p>Un jeune homme d\u2019une vingtaine d\u2019ann\u00e9es a trouv\u00e9 la mort ce vendredi soir, dans un accident du travail, au sein de l\u2019usine Lustucru Frais, situ\u00e9e chemin des Moulins, \u00e0 Saint-Genis-Laval, a appris Le Progr\u00e8s, ce samedi matin, d\u2019une source s\u00e9curitaire. Une enqu\u00eate a \u00e9t\u00e9 ouverte \u00e0 la suite de cet accident mortel nous a confirm\u00e9 &hellip; <\/p>\n<p class=\"link-more\"><a href=\"https:\/\/www.accidentdutravail-idf.net\/blog\/rhone-mort-au-travail-un-jeune-homme-decede-apres-un-accident-dans-une-usine-lustucru-au-sud-de-lyon\/\" class=\"more-link\">Continuer la lecture <span class=\"screen-reader-text\"> \u00ab\u00a0Rh\u00f4ne Mort au travail : un jeune homme d\u00e9c\u00e8de apr\u00e8s un accident dans une usine Lustucru au sud de Lyon\u00a0\u00bb<\/span><\/a><\/p>\n","protected":false},"author":2,"featured_media":0,"comment_status":"closed","ping_status":"closed","sticky":false,"template":"","format":"standard","meta":{"footnotes":""},"categories":[5],"tags":[],"class_list":["post-2332","post","type-post","status-publish","format-standard","hentry","category-securite-du-travail-en-ile-de-france-et-divers","entry"],"yoast_head":"<!-- This site is optimized with the Yoast SEO plugin v27.5 - https:\/\/yoast.com\/product\/yoast-seo-wordpress\/ -->\n<title>Rh\u00f4ne Mort au travail : un jeune homme d\u00e9c\u00e8de apr\u00e8s un accident dans une usine Lustucru au sud de Lyon - ACCIDENTDUTRAVAIL-IDF<\/title>\n<meta name=\"description\" content=\"Rh\u00f4ne Mort au travail : un jeune homme d\u00e9c\u00e8de apr\u00e8s un accident dans une usine Lustucru au sud de Lyon article de ACCIDENTDUTRAVAIL-IDF\" \/>\n<meta name=\"robots\" content=\"index, follow, max-snippet:-1, max-image-preview:large, max-video-preview:-1\" \/>\n<link rel=\"canonical\" href=\"https:\/\/www.accidentdutravail-idf.net\/blog\/rhone-mort-au-travail-un-jeune-homme-decede-apres-un-accident-dans-une-usine-lustucru-au-sud-de-lyon\/\" \/>\n<meta property=\"og:locale\" content=\"fr_FR\" \/>\n<meta property=\"og:type\" content=\"article\" \/>\n<meta property=\"og:title\" content=\"Rh\u00f4ne Mort au travail : un jeune homme d\u00e9c\u00e8de apr\u00e8s un accident dans une usine Lustucru au sud de Lyon - ACCIDENTDUTRAVAIL-IDF\" \/>\n<meta property=\"og:description\" content=\"Rh\u00f4ne Mort au travail : un jeune homme d\u00e9c\u00e8de apr\u00e8s un accident dans une usine Lustucru au sud de Lyon article de ACCIDENTDUTRAVAIL-IDF\" \/>\n<meta property=\"og:url\" content=\"https:\/\/www.accidentdutravail-idf.net\/blog\/rhone-mort-au-travail-un-jeune-homme-decede-apres-un-accident-dans-une-usine-lustucru-au-sud-de-lyon\/\" \/>\n<meta property=\"og:site_name\" content=\"ACCIDENTDUTRAVAIL-IDF\" \/>\n<meta property=\"article:published_time\" content=\"2026-04-18T07:39:00+00:00\" \/>\n<meta property=\"og:image\" content=\"https:\/\/www.accidentdutravail-idf.net\/blog\/wp-content\/uploads\/2026\/04\/rhone-mort-au-travail-un-jeune-homme-decede-apres-un-accident-dans-une-usine-lustucru-au-sud-de-lyon.jpg\" \/>\n<meta name=\"author\" content=\"Carlos Poulain\" \/>\n<meta name=\"twitter:card\" content=\"summary_large_image\" \/>\n<meta name=\"twitter:label1\" content=\"\u00c9crit par\" \/>\n\t<meta name=\"twitter:data1\" content=\"Carlos Poulain\" \/>\n\t<meta name=\"twitter:label2\" content=\"Dur\u00e9e de lecture estim\u00e9e\" \/>\n\t<meta name=\"twitter:data2\" content=\"2 minutes\" \/>\n<script type=\"application\/ld+json\" class=\"yoast-schema-graph\">{\"@context\":\"https:\\\/\\\/schema.org\",\"@graph\":[{\"@type\":\"Article\",\"@id\":\"https:\\\/\\\/www.accidentdutravail-idf.net\\\/blog\\\/rhone-mort-au-travail-un-jeune-homme-decede-apres-un-accident-dans-une-usine-lustucru-au-sud-de-lyon\\\/#article\",\"isPartOf\":{\"@id\":\"https:\\\/\\\/www.accidentdutravail-idf.net\\\/blog\\\/rhone-mort-au-travail-un-jeune-homme-decede-apres-un-accident-dans-une-usine-lustucru-au-sud-de-lyon\\\/\"},\"author\":{\"name\":\"Carlos Poulain\",\"@id\":\"https:\\\/\\\/www.accidentdutravail-idf.net\\\/blog\\\/#\\\/schema\\\/person\\\/3255d2f970de45e64bd9201f38e7b947\"},\"headline\":\"Rh\u00f4ne Mort au travail : un jeune homme d\u00e9c\u00e8de apr\u00e8s un accident dans une usine Lustucru au sud de Lyon\",\"datePublished\":\"2026-04-18T07:39:00+00:00\",\"mainEntityOfPage\":{\"@id\":\"https:\\\/\\\/www.accidentdutravail-idf.net\\\/blog\\\/rhone-mort-au-travail-un-jeune-homme-decede-apres-un-accident-dans-une-usine-lustucru-au-sud-de-lyon\\\/\"},\"wordCount\":413,\"publisher\":{\"@id\":\"https:\\\/\\\/www.accidentdutravail-idf.net\\\/blog\\\/#organization\"},\"image\":{\"@id\":\"https:\\\/\\\/www.accidentdutravail-idf.net\\\/blog\\\/rhone-mort-au-travail-un-jeune-homme-decede-apres-un-accident-dans-une-usine-lustucru-au-sud-de-lyon\\\/#primaryimage\"},\"thumbnailUrl\":\"https:\\\/\\\/www.accidentdutravail-idf.net\\\/blog\\\/wp-content\\\/uploads\\\/2026\\\/04\\\/rhone-mort-au-travail-un-jeune-homme-decede-apres-un-accident-dans-une-usine-lustucru-au-sud-de-lyon.jpg\",\"articleSection\":[\"S\u00e9curit\u00e9 Du Travail En Ile-De-France Et Divers:\"],\"inLanguage\":\"fr-FR\"},{\"@type\":\"WebPage\",\"@id\":\"https:\\\/\\\/www.accidentdutravail-idf.net\\\/blog\\\/rhone-mort-au-travail-un-jeune-homme-decede-apres-un-accident-dans-une-usine-lustucru-au-sud-de-lyon\\\/\",\"url\":\"https:\\\/\\\/www.accidentdutravail-idf.net\\\/blog\\\/rhone-mort-au-travail-un-jeune-homme-decede-apres-un-accident-dans-une-usine-lustucru-au-sud-de-lyon\\\/\",\"name\":\"Rh\u00f4ne Mort au travail : un jeune homme d\u00e9c\u00e8de apr\u00e8s un accident dans une usine Lustucru au sud de Lyon - ACCIDENTDUTRAVAIL-IDF\",\"isPartOf\":{\"@id\":\"https:\\\/\\\/www.accidentdutravail-idf.net\\\/blog\\\/#website\"},\"primaryImageOfPage\":{\"@id\":\"https:\\\/\\\/www.accidentdutravail-idf.net\\\/blog\\\/rhone-mort-au-travail-un-jeune-homme-decede-apres-un-accident-dans-une-usine-lustucru-au-sud-de-lyon\\\/#primaryimage\"},\"image\":{\"@id\":\"https:\\\/\\\/www.accidentdutravail-idf.net\\\/blog\\\/rhone-mort-au-travail-un-jeune-homme-decede-apres-un-accident-dans-une-usine-lustucru-au-sud-de-lyon\\\/#primaryimage\"},\"thumbnailUrl\":\"https:\\\/\\\/www.accidentdutravail-idf.net\\\/blog\\\/wp-content\\\/uploads\\\/2026\\\/04\\\/rhone-mort-au-travail-un-jeune-homme-decede-apres-un-accident-dans-une-usine-lustucru-au-sud-de-lyon.jpg\",\"datePublished\":\"2026-04-18T07:39:00+00:00\",\"description\":\"Rh\u00f4ne Mort au travail : un jeune homme d\u00e9c\u00e8de apr\u00e8s un accident dans une usine Lustucru au sud de Lyon article de ACCIDENTDUTRAVAIL-IDF\",\"breadcrumb\":{\"@id\":\"https:\\\/\\\/www.accidentdutravail-idf.net\\\/blog\\\/rhone-mort-au-travail-un-jeune-homme-decede-apres-un-accident-dans-une-usine-lustucru-au-sud-de-lyon\\\/#breadcrumb\"},\"inLanguage\":\"fr-FR\",\"potentialAction\":[{\"@type\":\"ReadAction\",\"target\":[\"https:\\\/\\\/www.accidentdutravail-idf.net\\\/blog\\\/rhone-mort-au-travail-un-jeune-homme-decede-apres-un-accident-dans-une-usine-lustucru-au-sud-de-lyon\\\/\"]}]},{\"@type\":\"ImageObject\",\"inLanguage\":\"fr-FR\",\"@id\":\"https:\\\/\\\/www.accidentdutravail-idf.net\\\/blog\\\/rhone-mort-au-travail-un-jeune-homme-decede-apres-un-accident-dans-une-usine-lustucru-au-sud-de-lyon\\\/#primaryimage\",\"url\":\"https:\\\/\\\/www.accidentdutravail-idf.net\\\/blog\\\/wp-content\\\/uploads\\\/2026\\\/04\\\/rhone-mort-au-travail-un-jeune-homme-decede-apres-un-accident-dans-une-usine-lustucru-au-sud-de-lyon.jpg\",\"contentUrl\":\"https:\\\/\\\/www.accidentdutravail-idf.net\\\/blog\\\/wp-content\\\/uploads\\\/2026\\\/04\\\/rhone-mort-au-travail-un-jeune-homme-decede-apres-un-accident-dans-une-usine-lustucru-au-sud-de-lyon.jpg\"},{\"@type\":\"BreadcrumbList\",\"@id\":\"https:\\\/\\\/www.accidentdutravail-idf.net\\\/blog\\\/rhone-mort-au-travail-un-jeune-homme-decede-apres-un-accident-dans-une-usine-lustucru-au-sud-de-lyon\\\/#breadcrumb\",\"itemListElement\":[{\"@type\":\"ListItem\",\"position\":1,\"name\":\"Accueil\",\"item\":\"https:\\\/\\\/www.accidentdutravail-idf.net\\\/blog\\\/\"},{\"@type\":\"ListItem\",\"position\":2,\"name\":\"Rh\u00f4ne Mort au travail : un jeune homme d\u00e9c\u00e8de apr\u00e8s un accident dans une usine Lustucru au sud de Lyon\"}]},{\"@type\":\"WebSite\",\"@id\":\"https:\\\/\\\/www.accidentdutravail-idf.net\\\/blog\\\/#website\",\"url\":\"https:\\\/\\\/www.accidentdutravail-idf.net\\\/blog\\\/\",\"name\":\"ACCIDENTDUTRAVAIL-IDF\",\"description\":\"Portail accidents du travail-maladies professionnelles des entreprises d&#039;Ile-de-France\",\"publisher\":{\"@id\":\"https:\\\/\\\/www.accidentdutravail-idf.net\\\/blog\\\/#organization\"},\"potentialAction\":[{\"@type\":\"SearchAction\",\"target\":{\"@type\":\"EntryPoint\",\"urlTemplate\":\"https:\\\/\\\/www.accidentdutravail-idf.net\\\/blog\\\/?s={search_term_string}\"},\"query-input\":{\"@type\":\"PropertyValueSpecification\",\"valueRequired\":true,\"valueName\":\"search_term_string\"}}],\"inLanguage\":\"fr-FR\"},{\"@type\":\"Organization\",\"@id\":\"https:\\\/\\\/www.accidentdutravail-idf.net\\\/blog\\\/#organization\",\"name\":\"accidentdutravail-idf\",\"url\":\"https:\\\/\\\/www.accidentdutravail-idf.net\\\/blog\\\/\",\"logo\":{\"@type\":\"ImageObject\",\"inLanguage\":\"fr-FR\",\"@id\":\"https:\\\/\\\/www.accidentdutravail-idf.net\\\/blog\\\/#\\\/schema\\\/logo\\\/image\\\/\",\"url\":\"https:\\\/\\\/www.accidentdutravail-idf.net\\\/blog\\\/wp-content\\\/uploads\\\/2022\\\/09\\\/logo-2.png\",\"contentUrl\":\"https:\\\/\\\/www.accidentdutravail-idf.net\\\/blog\\\/wp-content\\\/uploads\\\/2022\\\/09\\\/logo-2.png\",\"width\":380,\"height\":291,\"caption\":\"accidentdutravail-idf\"},\"image\":{\"@id\":\"https:\\\/\\\/www.accidentdutravail-idf.net\\\/blog\\\/#\\\/schema\\\/logo\\\/image\\\/\"}},{\"@type\":\"Person\",\"@id\":\"https:\\\/\\\/www.accidentdutravail-idf.net\\\/blog\\\/#\\\/schema\\\/person\\\/3255d2f970de45e64bd9201f38e7b947\",\"name\":\"Carlos Poulain\",\"image\":{\"@type\":\"ImageObject\",\"inLanguage\":\"fr-FR\",\"@id\":\"https:\\\/\\\/secure.gravatar.com\\\/avatar\\\/b1c2f9d3588e34e91adb093635df64ef4b2381991216be7576466cfcdca4baf3?s=96&d=mm&r=g\",\"url\":\"https:\\\/\\\/secure.gravatar.com\\\/avatar\\\/b1c2f9d3588e34e91adb093635df64ef4b2381991216be7576466cfcdca4baf3?s=96&d=mm&r=g\",\"contentUrl\":\"https:\\\/\\\/secure.gravatar.com\\\/avatar\\\/b1c2f9d3588e34e91adb093635df64ef4b2381991216be7576466cfcdca4baf3?s=96&d=mm&r=g\",\"caption\":\"Carlos Poulain\"},\"url\":\"https:\\\/\\\/www.accidentdutravail-idf.net\\\/blog\\\/author\\\/idfcarlos\\\/\"}]}<\/script>\n<!-- \/ Yoast SEO plugin. -->","yoast_head_json":{"title":"Rh\u00f4ne Mort au travail : un jeune homme d\u00e9c\u00e8de apr\u00e8s un accident dans une usine Lustucru au sud de Lyon - ACCIDENTDUTRAVAIL-IDF","description":"Rh\u00f4ne Mort au travail : un jeune homme d\u00e9c\u00e8de apr\u00e8s un accident dans une usine Lustucru au sud de Lyon article de ACCIDENTDUTRAVAIL-IDF","robots":{"index":"index","follow":"follow","max-snippet":"max-snippet:-1","max-image-preview":"max-image-preview:large","max-video-preview":"max-video-preview:-1"},"canonical":"https:\/\/www.accidentdutravail-idf.net\/blog\/rhone-mort-au-travail-un-jeune-homme-decede-apres-un-accident-dans-une-usine-lustucru-au-sud-de-lyon\/","og_locale":"fr_FR","og_type":"article","og_title":"Rh\u00f4ne Mort au travail : un jeune homme d\u00e9c\u00e8de apr\u00e8s un accident dans une usine Lustucru au sud de Lyon - ACCIDENTDUTRAVAIL-IDF","og_description":"Rh\u00f4ne Mort au travail : un jeune homme d\u00e9c\u00e8de apr\u00e8s un accident dans une usine Lustucru au sud de Lyon article de ACCIDENTDUTRAVAIL-IDF","og_url":"https:\/\/www.accidentdutravail-idf.net\/blog\/rhone-mort-au-travail-un-jeune-homme-decede-apres-un-accident-dans-une-usine-lustucru-au-sud-de-lyon\/","og_site_name":"ACCIDENTDUTRAVAIL-IDF","article_published_time":"2026-04-18T07:39:00+00:00","og_image":[{"url":"https:\/\/www.accidentdutravail-idf.net\/blog\/wp-content\/uploads\/2026\/04\/rhone-mort-au-travail-un-jeune-homme-decede-apres-un-accident-dans-une-usine-lustucru-au-sud-de-lyon.jpg","type":"","width":"","height":""}],"author":"Carlos Poulain","twitter_card":"summary_large_image","twitter_misc":{"\u00c9crit par":"Carlos Poulain","Dur\u00e9e de lecture estim\u00e9e":"2 minutes"},"schema":{"@context":"https:\/\/schema.org","@graph":[{"@type":"Article","@id":"https:\/\/www.accidentdutravail-idf.net\/blog\/rhone-mort-au-travail-un-jeune-homme-decede-apres-un-accident-dans-une-usine-lustucru-au-sud-de-lyon\/#article","isPartOf":{"@id":"https:\/\/www.accidentdutravail-idf.net\/blog\/rhone-mort-au-travail-un-jeune-homme-decede-apres-un-accident-dans-une-usine-lustucru-au-sud-de-lyon\/"},"author":{"name":"Carlos Poulain","@id":"https:\/\/www.accidentdutravail-idf.net\/blog\/#\/schema\/person\/3255d2f970de45e64bd9201f38e7b947"},"headline":"Rh\u00f4ne Mort au travail : un jeune homme d\u00e9c\u00e8de apr\u00e8s un accident dans une usine Lustucru au sud de Lyon","datePublished":"2026-04-18T07:39:00+00:00","mainEntityOfPage":{"@id":"https:\/\/www.accidentdutravail-idf.net\/blog\/rhone-mort-au-travail-un-jeune-homme-decede-apres-un-accident-dans-une-usine-lustucru-au-sud-de-lyon\/"},"wordCount":413,"publisher":{"@id":"https:\/\/www.accidentdutravail-idf.net\/blog\/#organization"},"image":{"@id":"https:\/\/www.accidentdutravail-idf.net\/blog\/rhone-mort-au-travail-un-jeune-homme-decede-apres-un-accident-dans-une-usine-lustucru-au-sud-de-lyon\/#primaryimage"},"thumbnailUrl":"https:\/\/www.accidentdutravail-idf.net\/blog\/wp-content\/uploads\/2026\/04\/rhone-mort-au-travail-un-jeune-homme-decede-apres-un-accident-dans-une-usine-lustucru-au-sud-de-lyon.jpg","articleSection":["S\u00e9curit\u00e9 Du Travail En Ile-De-France Et Divers:"],"inLanguage":"fr-FR"},{"@type":"WebPage","@id":"https:\/\/www.accidentdutravail-idf.net\/blog\/rhone-mort-au-travail-un-jeune-homme-decede-apres-un-accident-dans-une-usine-lustucru-au-sud-de-lyon\/","url":"https:\/\/www.accidentdutravail-idf.net\/blog\/rhone-mort-au-travail-un-jeune-homme-decede-apres-un-accident-dans-une-usine-lustucru-au-sud-de-lyon\/","name":"Rh\u00f4ne Mort au travail : un jeune homme d\u00e9c\u00e8de apr\u00e8s un accident dans une usine Lustucru au sud de Lyon - ACCIDENTDUTRAVAIL-IDF","isPartOf":{"@id":"https:\/\/www.accidentdutravail-idf.net\/blog\/#website"},"primaryImageOfPage":{"@id":"https:\/\/www.accidentdutravail-idf.net\/blog\/rhone-mort-au-travail-un-jeune-homme-decede-apres-un-accident-dans-une-usine-lustucru-au-sud-de-lyon\/#primaryimage"},"image":{"@id":"https:\/\/www.accidentdutravail-idf.net\/blog\/rhone-mort-au-travail-un-jeune-homme-decede-apres-un-accident-dans-une-usine-lustucru-au-sud-de-lyon\/#primaryimage"},"thumbnailUrl":"https:\/\/www.accidentdutravail-idf.net\/blog\/wp-content\/uploads\/2026\/04\/rhone-mort-au-travail-un-jeune-homme-decede-apres-un-accident-dans-une-usine-lustucru-au-sud-de-lyon.jpg","datePublished":"2026-04-18T07:39:00+00:00","description":"Rh\u00f4ne Mort au travail : un jeune homme d\u00e9c\u00e8de apr\u00e8s un accident dans une usine Lustucru au sud de Lyon article de ACCIDENTDUTRAVAIL-IDF","breadcrumb":{"@id":"https:\/\/www.accidentdutravail-idf.net\/blog\/rhone-mort-au-travail-un-jeune-homme-decede-apres-un-accident-dans-une-usine-lustucru-au-sud-de-lyon\/#breadcrumb"},"inLanguage":"fr-FR","potentialAction":[{"@type":"ReadAction","target":["https:\/\/www.accidentdutravail-idf.net\/blog\/rhone-mort-au-travail-un-jeune-homme-decede-apres-un-accident-dans-une-usine-lustucru-au-sud-de-lyon\/"]}]},{"@type":"ImageObject","inLanguage":"fr-FR","@id":"https:\/\/www.accidentdutravail-idf.net\/blog\/rhone-mort-au-travail-un-jeune-homme-decede-apres-un-accident-dans-une-usine-lustucru-au-sud-de-lyon\/#primaryimage","url":"https:\/\/www.accidentdutravail-idf.net\/blog\/wp-content\/uploads\/2026\/04\/rhone-mort-au-travail-un-jeune-homme-decede-apres-un-accident-dans-une-usine-lustucru-au-sud-de-lyon.jpg","contentUrl":"https:\/\/www.accidentdutravail-idf.net\/blog\/wp-content\/uploads\/2026\/04\/rhone-mort-au-travail-un-jeune-homme-decede-apres-un-accident-dans-une-usine-lustucru-au-sud-de-lyon.jpg"},{"@type":"BreadcrumbList","@id":"https:\/\/www.accidentdutravail-idf.net\/blog\/rhone-mort-au-travail-un-jeune-homme-decede-apres-un-accident-dans-une-usine-lustucru-au-sud-de-lyon\/#breadcrumb","itemListElement":[{"@type":"ListItem","position":1,"name":"Accueil","item":"https:\/\/www.accidentdutravail-idf.net\/blog\/"},{"@type":"ListItem","position":2,"name":"Rh\u00f4ne Mort au travail : un jeune homme d\u00e9c\u00e8de apr\u00e8s un accident dans une usine Lustucru au sud de Lyon"}]},{"@type":"WebSite","@id":"https:\/\/www.accidentdutravail-idf.net\/blog\/#website","url":"https:\/\/www.accidentdutravail-idf.net\/blog\/","name":"ACCIDENTDUTRAVAIL-IDF","description":"Portail accidents du travail-maladies professionnelles des entreprises d&#039;Ile-de-France","publisher":{"@id":"https:\/\/www.accidentdutravail-idf.net\/blog\/#organization"},"potentialAction":[{"@type":"SearchAction","target":{"@type":"EntryPoint","urlTemplate":"https:\/\/www.accidentdutravail-idf.net\/blog\/?s={search_term_string}"},"query-input":{"@type":"PropertyValueSpecification","valueRequired":true,"valueName":"search_term_string"}}],"inLanguage":"fr-FR"},{"@type":"Organization","@id":"https:\/\/www.accidentdutravail-idf.net\/blog\/#organization","name":"accidentdutravail-idf","url":"https:\/\/www.accidentdutravail-idf.net\/blog\/","logo":{"@type":"ImageObject","inLanguage":"fr-FR","@id":"https:\/\/www.accidentdutravail-idf.net\/blog\/#\/schema\/logo\/image\/","url":"https:\/\/www.accidentdutravail-idf.net\/blog\/wp-content\/uploads\/2022\/09\/logo-2.png","contentUrl":"https:\/\/www.accidentdutravail-idf.net\/blog\/wp-content\/uploads\/2022\/09\/logo-2.png","width":380,"height":291,"caption":"accidentdutravail-idf"},"image":{"@id":"https:\/\/www.accidentdutravail-idf.net\/blog\/#\/schema\/logo\/image\/"}},{"@type":"Person","@id":"https:\/\/www.accidentdutravail-idf.net\/blog\/#\/schema\/person\/3255d2f970de45e64bd9201f38e7b947","name":"Carlos Poulain","image":{"@type":"ImageObject","inLanguage":"fr-FR","@id":"https:\/\/secure.gravatar.com\/avatar\/b1c2f9d3588e34e91adb093635df64ef4b2381991216be7576466cfcdca4baf3?s=96&d=mm&r=g","url":"https:\/\/secure.gravatar.com\/avatar\/b1c2f9d3588e34e91adb093635df64ef4b2381991216be7576466cfcdca4baf3?s=96&d=mm&r=g","contentUrl":"https:\/\/secure.gravatar.com\/avatar\/b1c2f9d3588e34e91adb093635df64ef4b2381991216be7576466cfcdca4baf3?s=96&d=mm&r=g","caption":"Carlos Poulain"},"url":"https:\/\/www.accidentdutravail-idf.net\/blog\/author\/idfcarlos\/"}]}},"_links":{"self":[{"href":"https:\/\/www.accidentdutravail-idf.net\/blog\/wp-json\/wp\/v2\/posts\/2332","targetHints":{"allow":["GET"]}}],"collection":[{"href":"https:\/\/www.accidentdutravail-idf.net\/blog\/wp-json\/wp\/v2\/posts"}],"about":[{"href":"https:\/\/www.accidentdutravail-idf.net\/blog\/wp-json\/wp\/v2\/types\/post"}],"author":[{"embeddable":true,"href":"https:\/\/www.accidentdutravail-idf.net\/blog\/wp-json\/wp\/v2\/users\/2"}],"replies":[{"embeddable":true,"href":"https:\/\/www.accidentdutravail-idf.net\/blog\/wp-json\/wp\/v2\/comments?post=2332"}],"version-history":[{"count":0,"href":"https:\/\/www.accidentdutravail-idf.net\/blog\/wp-json\/wp\/v2\/posts\/2332\/revisions"}],"wp:attachment":[{"href":"https:\/\/www.accidentdutravail-idf.net\/blog\/wp-json\/wp\/v2\/media?parent=2332"}],"wp:term":[{"taxonomy":"category","embeddable":true,"href":"https:\/\/www.accidentdutravail-idf.net\/blog\/wp-json\/wp\/v2\/categories?post=2332"},{"taxonomy":"post_tag","embeddable":true,"href":"https:\/\/www.accidentdutravail-idf.net\/blog\/wp-json\/wp\/v2\/tags?post=2332"}],"curies":[{"name":"wp","href":"https:\/\/api.w.org\/{rel}","templated":true}]}}