{"id":2331,"date":"2026-04-18T02:33:00","date_gmt":"2026-04-18T00:33:00","guid":{"rendered":"https:\/\/www.accidentdutravail-idf.net\/blog\/sa-vie-na-pas-tenu-a-grand-chose-drames-au-travail-des-doubles-enquetes-tres-importantes\/"},"modified":"2026-04-18T02:33:00","modified_gmt":"2026-04-18T00:33:00","slug":"sa-vie-na-pas-tenu-a-grand-chose-drames-au-travail-des-doubles-enquetes-tres-importantes","status":"publish","type":"post","link":"https:\/\/www.accidentdutravail-idf.net\/blog\/sa-vie-na-pas-tenu-a-grand-chose-drames-au-travail-des-doubles-enquetes-tres-importantes\/","title":{"rendered":"\u00ab\u00a0Sa vie n\u2019a pas tenu \u00e0 grand-chose\u2026\u00a0\u00bb : drames au travail, des doubles enqu\u00eates tr\u00e8s importantes"},"content":{"rendered":"<div><img decoding=\"async\" src=\"https:\/\/www.accidentdutravail-idf.net\/blog\/wp-content\/uploads\/2026\/04\/sa-vie-na-pas-tenu-a-grand-chose-drames-au-travail-des-doubles-enquetes-tres-importantes.jpg\" class=\"ff-og-image-inserted\"><\/div>\n<p> <span class=\"article-full__chapo-label hide-on-small-only\">l&rsquo;essentiel<\/span> Dans un contexte national tendu avec 764 morts au travail en 2024, les accidents du travail restent stables en Haute-Garonne selon l\u2019Inspection du travail. Mais derri\u00e8re ces chutes, ces malaises, ces inattentions aux cons\u00e9quences dramatiques se jouent des vies avec des enqu\u00eates importantes men\u00e9es par la police, ou la gendarmerie et l\u2019inspection du travail. <\/p>\n<div data-state=\"fixed-height\" data-selection=\"disabled\"> <!-- Pub DFP Position [outstream] --> <\/p>\n<section data-scroll-anchor=\"false\" data-testid=\"conversation-turn-3\" data-turn=\"user\" data-turn-id=\"70ba38d7-75f4-436f-8a0b-a5aa5bac688b\" dir=\"auto\">\n<p>\u00c0 trente m\u00e8tres sous terre, un ouvrier a perdu la vie d\u00e9but d\u00e9cembre dans le tunnel en construction de la future ligne C du m\u00e9tro, \u00e0 Toulouse. Cet homme de 46 ans est tomb\u00e9 d\u2019un train qui transporte du mat\u00e9riel, notamment les lourdes pi\u00e8ces en b\u00e9ton du futur tunnel. Il a \u00e9t\u00e9 \u00e9cras\u00e9 par le convoi. \u00c0 qui la faute&nbsp;? \u00c0 cet homme qui se serait trouv\u00e9 en \u00e9quilibre \u00e0 c\u00f4t\u00e9 du poste de pilotage&nbsp;? Au conducteur qui n\u2019aurait pas d\u00fb d\u00e9marrer&nbsp;? \u00c0 la soci\u00e9t\u00e9 pour d\u00e9faut de formation&nbsp;?<\/p>\n<p><!-- Pub DFP Position [article] --> <\/p>\n<p>Les investigations sont encore en cours et les professionnels restent tr\u00e8s discrets dans l\u2019attente de la fin de leurs investigations et de la d\u00e9cision du parquet. Un autre accident, moins m\u00e9diatis\u00e9, fait \u00e9galement l\u2019objet d\u2019une enqu\u00eate. Un ouvrier a \u00e9t\u00e9 victime d\u2019une lourde chute depuis un \u00e9chafaudage. \u00ab\u00a0Sa vie n\u2019a pas tenu \u00e0 grand-chose\u00a0\u00bb, confie un connaisseur du dossier.<\/p>\n<h2 class=\"txt-int\">La recherche d\u2019une faute \u00ab\u00a0inexcusable\u00a0\u00bb<\/h2>\n<p>Cet homme s\u2019est empal\u00e9 sur de la ferraille. Comme \u00e0 chaque accident grave du travail, les sp\u00e9cialistes de l\u2019inspection du travail et des forces de l\u2019ordre unissent leurs comp\u00e9tences pour comprendre le d\u00e9roulement du drame. Les premiers observent r\u00e8gles et r\u00e8glements, l\u2019officier de police judiciaire inspecte la r\u00e9alit\u00e9 des faits, recueille les t\u00e9moignages, liste les fautes \u00e9ventuelles. Les enqu\u00eateurs croisent ensuite leurs analyses avant de les confier \u00e0 une procureure sp\u00e9cialis\u00e9e.<\/p>\n<p class=\"std-elt__inline\"> <strong>\u00c0 lire aussi :<\/strong> <a href=\"https:\/\/www.ladepeche.fr\/2026\/04\/18\/malheureusement-rien-ne-me-rendra-ma-vie-davant-les-jambes-brisees-nicolas-se-soigne-encore-deux-ans-apres-son-accident-du-travail-13317071.php\" target=\"_blank\" rel=\"nofollow\">\u00ab\u00a0Malheureusement, rien ne me rendra ma vie d\u2019avant\u00a0\u00bb&nbsp;: les jambes bris\u00e9es, Nicolas se soigne encore deux ans apr\u00e8s son accident du travail<\/a> <\/p>\n<p>\u00ab\u00a0Ces investigations permettent de rechercher une faute inexcusable\u00a0\u00bb, pr\u00e9vient une avocate sp\u00e9cialis\u00e9e. Rien n\u2019est laiss\u00e9 au hasard. \u00ab\u00a0M\u00eame la consommation d\u2019alcool ou de stup\u00e9fiants\u00a0\u00bb, pr\u00e9vient un responsable de la police. Certains exc\u00e8s peuvent en effet expliquer des chutes et conduire les assurances \u00e0 discuter leurs indemnisations.<\/p>\n<h2 class=\"txt-int\">Sensibilisation et pr\u00e9vention aussi<\/h2>\n<p>Selon l\u2019inspection du travail, les chiffres des accidents restent comparables entre les deux d\u00e9buts d\u2019ann\u00e9e. Avec malheureusement deux morts, loin des gros chantiers de l\u2019agglom\u00e9ration toulousaine. Ces deux d\u00e9c\u00e8s seraient li\u00e9s \u00e0 des malaises d\u2019origine cardiaque. Ils ont eu lieu \u00ab\u00a0dans le milieu industriel et sur une plate-forme logistique\u00a0\u00bb, pr\u00e9cise l\u2019organisme d\u2019\u00c9tat. M\u00eame un malaise entra\u00eene donc une enqu\u00eate. \u00ab\u00a0Dans les accidents du travail, on peut \u00e9galement constater des souffrances au travail, pression ou harc\u00e8lement de la hi\u00e9rarchie, besoin d\u2019aller vite, trop vite\u00a0\u00bb, pr\u00e9vient un sp\u00e9cialiste.<\/p>\n<p>Et l\u2019inspection du travail, qui assure aussi sensibilisation et pr\u00e9vention dans le milieu professionnel, n\u2019attend pas les accidents pour r\u00e9aliser v\u00e9rifications et rappels \u00e0 l\u2019ordre. \u00ab\u00a0Les agents de contr\u00f4le \u00e0 l\u2019\u00e9tablissement par des proc\u00e8s-verbaux, de leurs constats \u00e9ventuels d\u2019infractions \u00e0 la s\u00e9curit\u00e9 et \u00e0 la pr\u00e9vention de la sant\u00e9, effectu\u00e9s dans les entreprises ou les chantiers qu\u2019ils visitent.\u00a0\u00bb Avec l\u2019ambition d\u2019obtenir la r\u00e9gularisation par l\u2019employeur de ses obligations de pr\u00e9vention des risques professionnels avant la survenue d\u2019un accident du travail.<\/p>\n<div class=\"std-frame\">\n<h2 class=\"encart_titre\">Deux morts et six accidents \u00ab\u00a0graves\u00a0\u00bb depuis janvier<\/h2>\n<div class=\"encart_texte\">\n<p>Concernant les accidents du travail \u00ab\u00a0significatifs\u00a0\u00bb recens\u00e9s par les services de l\u2019inspection du travail depuis le d\u00e9but de l\u2019ann\u00e9e 2026, huit ont \u00e9t\u00e9 d\u00e9nombr\u00e9s, six dits \u00ab\u00a0graves\u00a0\u00bb et deux mortels. \u00ab\u00a0Ces chiffres sont&nbsp;\u00e9quivalents \u00e0 ceux signal\u00e9s sur la m\u00eame p\u00e9riode en 2025\u00a0\u00bb, pr\u00e9cise l\u2019inspection.&nbsp;Cinq de&nbsp;ces huit accidents sont survenus sur des chantiers. Ils&nbsp;ont \u00e9t\u00e9 suivis d\u2019enqu\u00eates administratives qui sont toujours en cours.<br \/>Des accidents du travail de moindre gravit\u00e9 ont \u00e9galement fait l\u2019objet d\u2019enqu\u00eates depuis le d\u00e9but de l\u2019ann\u00e9e \u2013 43 depuis janvier et&nbsp;41 sur la m\u00eame p\u00e9riode en 2025.<br \/>Les deux&nbsp;accidents mortels sont survenus en entreprise (industrie et plateforme logistique), \u00e0 la suite de malaises cardiaques. \u00ab\u00a0Ils&nbsp;font \u00e9galement l\u2019objet d\u2019enqu\u00eates, annonce l\u2019inspection du travail. Afin d\u2019\u00e9tablir un potentiel lien de causalit\u00e9 entre les faits et les conditions de travail des victimes\u00a0\u00bb.<\/p>\n<\/div>\n<\/div>\n<\/section><\/div>\n<p>accidentdutravail-idf.net vous a pr\u00e9par\u00e9 ce post qui informe du sujet \u00ab\u00a0Association Sportive Huisson-Longueville Essonne\u00a0\u00bb. La chronique se veut g\u00e9n\u00e9r\u00e9e du mieux possible. Vous pouvez utiliser les coordonn\u00e9es indiqu\u00e9es sur le site dans le but d\u2019apporter des explications sur ce post qui parle du th\u00e8me \u00ab\u00a0Association Sportive Huisson-Longueville Essonne\u00a0\u00bb. Le site accidentdutravail-idf.net a pour but de fournir diverses publications sur la th\u00e9matique Association Sportive Huisson-Longueville Essonne diffus\u00e9es sur le net. Il y aura plusieurs articles autour du sujet \u00ab\u00a0Association Sportive Huisson-Longueville Essonne\u00a0\u00bb dans quelques jours, nous vous invitons \u00e0 naviguer sur notre site web \u00e0 plusieurs reprises.<\/p>\n","protected":false},"excerpt":{"rendered":"<p>l&rsquo;essentiel Dans un contexte national tendu avec 764 morts au travail en 2024, les accidents du travail restent stables en Haute-Garonne selon l\u2019Inspection du travail. Mais derri\u00e8re ces chutes, ces malaises, ces inattentions aux cons\u00e9quences dramatiques se jouent des vies avec des enqu\u00eates importantes men\u00e9es par la police, ou la gendarmerie et l\u2019inspection du travail. &hellip; <\/p>\n<p class=\"link-more\"><a href=\"https:\/\/www.accidentdutravail-idf.net\/blog\/sa-vie-na-pas-tenu-a-grand-chose-drames-au-travail-des-doubles-enquetes-tres-importantes\/\" class=\"more-link\">Continuer la lecture <span class=\"screen-reader-text\"> \u00ab\u00a0\u00ab\u00a0Sa vie n\u2019a pas tenu \u00e0 grand-chose\u2026\u00a0\u00bb : drames au travail, des doubles enqu\u00eates tr\u00e8s importantes\u00a0\u00bb<\/span><\/a><\/p>\n","protected":false},"author":2,"featured_media":0,"comment_status":"closed","ping_status":"closed","sticky":false,"template":"","format":"standard","meta":{"footnotes":""},"categories":[5],"tags":[],"class_list":["post-2331","post","type-post","status-publish","format-standard","hentry","category-securite-du-travail-en-ile-de-france-et-divers","entry"],"yoast_head":"<!-- This site is optimized with the Yoast SEO plugin v27.5 - https:\/\/yoast.com\/product\/yoast-seo-wordpress\/ -->\n<title>&quot;Sa vie n\u2019a pas tenu \u00e0 grand-chose\u2026&quot; : drames au travail, des doubles enqu\u00eates tr\u00e8s importantes - ACCIDENTDUTRAVAIL-IDF<\/title>\n<meta name=\"description\" content=\"&quot;Sa vie n\u2019a pas tenu \u00e0 grand-chose\u2026&quot; : drames au travail, des doubles enqu\u00eates tr\u00e8s importantes article de ACCIDENTDUTRAVAIL-IDF\" \/>\n<meta name=\"robots\" content=\"index, follow, max-snippet:-1, max-image-preview:large, max-video-preview:-1\" \/>\n<link rel=\"canonical\" href=\"https:\/\/www.accidentdutravail-idf.net\/blog\/sa-vie-na-pas-tenu-a-grand-chose-drames-au-travail-des-doubles-enquetes-tres-importantes\/\" \/>\n<meta property=\"og:locale\" content=\"fr_FR\" \/>\n<meta property=\"og:type\" content=\"article\" \/>\n<meta property=\"og:title\" content=\"&quot;Sa vie n\u2019a pas tenu \u00e0 grand-chose\u2026&quot; : drames au travail, des doubles enqu\u00eates tr\u00e8s importantes - ACCIDENTDUTRAVAIL-IDF\" \/>\n<meta property=\"og:description\" content=\"&quot;Sa vie n\u2019a pas tenu \u00e0 grand-chose\u2026&quot; : drames au travail, des doubles enqu\u00eates tr\u00e8s importantes article de ACCIDENTDUTRAVAIL-IDF\" \/>\n<meta property=\"og:url\" content=\"https:\/\/www.accidentdutravail-idf.net\/blog\/sa-vie-na-pas-tenu-a-grand-chose-drames-au-travail-des-doubles-enquetes-tres-importantes\/\" \/>\n<meta property=\"og:site_name\" content=\"ACCIDENTDUTRAVAIL-IDF\" \/>\n<meta property=\"article:published_time\" content=\"2026-04-18T00:33:00+00:00\" \/>\n<meta property=\"og:image\" content=\"https:\/\/www.accidentdutravail-idf.net\/blog\/wp-content\/uploads\/2026\/04\/sa-vie-na-pas-tenu-a-grand-chose-drames-au-travail-des-doubles-enquetes-tres-importantes.jpg\" \/>\n<meta name=\"author\" content=\"Carlos Poulain\" \/>\n<meta name=\"twitter:card\" content=\"summary_large_image\" \/>\n<meta name=\"twitter:label1\" content=\"\u00c9crit par\" \/>\n\t<meta name=\"twitter:data1\" content=\"Carlos Poulain\" \/>\n\t<meta name=\"twitter:label2\" content=\"Dur\u00e9e de lecture estim\u00e9e\" \/>\n\t<meta name=\"twitter:data2\" content=\"4 minutes\" \/>\n<script type=\"application\/ld+json\" class=\"yoast-schema-graph\">{\"@context\":\"https:\\\/\\\/schema.org\",\"@graph\":[{\"@type\":\"Article\",\"@id\":\"https:\\\/\\\/www.accidentdutravail-idf.net\\\/blog\\\/sa-vie-na-pas-tenu-a-grand-chose-drames-au-travail-des-doubles-enquetes-tres-importantes\\\/#article\",\"isPartOf\":{\"@id\":\"https:\\\/\\\/www.accidentdutravail-idf.net\\\/blog\\\/sa-vie-na-pas-tenu-a-grand-chose-drames-au-travail-des-doubles-enquetes-tres-importantes\\\/\"},\"author\":{\"name\":\"Carlos Poulain\",\"@id\":\"https:\\\/\\\/www.accidentdutravail-idf.net\\\/blog\\\/#\\\/schema\\\/person\\\/3255d2f970de45e64bd9201f38e7b947\"},\"headline\":\"\u00ab\u00a0Sa vie n\u2019a pas tenu \u00e0 grand-chose\u2026\u00a0\u00bb : drames au travail, des doubles enqu\u00eates tr\u00e8s importantes\",\"datePublished\":\"2026-04-18T00:33:00+00:00\",\"mainEntityOfPage\":{\"@id\":\"https:\\\/\\\/www.accidentdutravail-idf.net\\\/blog\\\/sa-vie-na-pas-tenu-a-grand-chose-drames-au-travail-des-doubles-enquetes-tres-importantes\\\/\"},\"wordCount\":899,\"publisher\":{\"@id\":\"https:\\\/\\\/www.accidentdutravail-idf.net\\\/blog\\\/#organization\"},\"image\":{\"@id\":\"https:\\\/\\\/www.accidentdutravail-idf.net\\\/blog\\\/sa-vie-na-pas-tenu-a-grand-chose-drames-au-travail-des-doubles-enquetes-tres-importantes\\\/#primaryimage\"},\"thumbnailUrl\":\"https:\\\/\\\/www.accidentdutravail-idf.net\\\/blog\\\/wp-content\\\/uploads\\\/2026\\\/04\\\/sa-vie-na-pas-tenu-a-grand-chose-drames-au-travail-des-doubles-enquetes-tres-importantes.jpg\",\"articleSection\":[\"S\u00e9curit\u00e9 Du Travail En Ile-De-France Et Divers:\"],\"inLanguage\":\"fr-FR\"},{\"@type\":\"WebPage\",\"@id\":\"https:\\\/\\\/www.accidentdutravail-idf.net\\\/blog\\\/sa-vie-na-pas-tenu-a-grand-chose-drames-au-travail-des-doubles-enquetes-tres-importantes\\\/\",\"url\":\"https:\\\/\\\/www.accidentdutravail-idf.net\\\/blog\\\/sa-vie-na-pas-tenu-a-grand-chose-drames-au-travail-des-doubles-enquetes-tres-importantes\\\/\",\"name\":\"\\\"Sa vie n\u2019a pas tenu \u00e0 grand-chose\u2026\\\" : drames au travail, des doubles enqu\u00eates tr\u00e8s importantes - ACCIDENTDUTRAVAIL-IDF\",\"isPartOf\":{\"@id\":\"https:\\\/\\\/www.accidentdutravail-idf.net\\\/blog\\\/#website\"},\"primaryImageOfPage\":{\"@id\":\"https:\\\/\\\/www.accidentdutravail-idf.net\\\/blog\\\/sa-vie-na-pas-tenu-a-grand-chose-drames-au-travail-des-doubles-enquetes-tres-importantes\\\/#primaryimage\"},\"image\":{\"@id\":\"https:\\\/\\\/www.accidentdutravail-idf.net\\\/blog\\\/sa-vie-na-pas-tenu-a-grand-chose-drames-au-travail-des-doubles-enquetes-tres-importantes\\\/#primaryimage\"},\"thumbnailUrl\":\"https:\\\/\\\/www.accidentdutravail-idf.net\\\/blog\\\/wp-content\\\/uploads\\\/2026\\\/04\\\/sa-vie-na-pas-tenu-a-grand-chose-drames-au-travail-des-doubles-enquetes-tres-importantes.jpg\",\"datePublished\":\"2026-04-18T00:33:00+00:00\",\"description\":\"\\\"Sa vie n\u2019a pas tenu \u00e0 grand-chose\u2026\\\" : drames au travail, des doubles enqu\u00eates tr\u00e8s importantes article de ACCIDENTDUTRAVAIL-IDF\",\"breadcrumb\":{\"@id\":\"https:\\\/\\\/www.accidentdutravail-idf.net\\\/blog\\\/sa-vie-na-pas-tenu-a-grand-chose-drames-au-travail-des-doubles-enquetes-tres-importantes\\\/#breadcrumb\"},\"inLanguage\":\"fr-FR\",\"potentialAction\":[{\"@type\":\"ReadAction\",\"target\":[\"https:\\\/\\\/www.accidentdutravail-idf.net\\\/blog\\\/sa-vie-na-pas-tenu-a-grand-chose-drames-au-travail-des-doubles-enquetes-tres-importantes\\\/\"]}]},{\"@type\":\"ImageObject\",\"inLanguage\":\"fr-FR\",\"@id\":\"https:\\\/\\\/www.accidentdutravail-idf.net\\\/blog\\\/sa-vie-na-pas-tenu-a-grand-chose-drames-au-travail-des-doubles-enquetes-tres-importantes\\\/#primaryimage\",\"url\":\"https:\\\/\\\/www.accidentdutravail-idf.net\\\/blog\\\/wp-content\\\/uploads\\\/2026\\\/04\\\/sa-vie-na-pas-tenu-a-grand-chose-drames-au-travail-des-doubles-enquetes-tres-importantes.jpg\",\"contentUrl\":\"https:\\\/\\\/www.accidentdutravail-idf.net\\\/blog\\\/wp-content\\\/uploads\\\/2026\\\/04\\\/sa-vie-na-pas-tenu-a-grand-chose-drames-au-travail-des-doubles-enquetes-tres-importantes.jpg\"},{\"@type\":\"BreadcrumbList\",\"@id\":\"https:\\\/\\\/www.accidentdutravail-idf.net\\\/blog\\\/sa-vie-na-pas-tenu-a-grand-chose-drames-au-travail-des-doubles-enquetes-tres-importantes\\\/#breadcrumb\",\"itemListElement\":[{\"@type\":\"ListItem\",\"position\":1,\"name\":\"Accueil\",\"item\":\"https:\\\/\\\/www.accidentdutravail-idf.net\\\/blog\\\/\"},{\"@type\":\"ListItem\",\"position\":2,\"name\":\"\u00ab\u00a0Sa vie n\u2019a pas tenu \u00e0 grand-chose\u2026\u00a0\u00bb : drames au travail, des doubles enqu\u00eates tr\u00e8s importantes\"}]},{\"@type\":\"WebSite\",\"@id\":\"https:\\\/\\\/www.accidentdutravail-idf.net\\\/blog\\\/#website\",\"url\":\"https:\\\/\\\/www.accidentdutravail-idf.net\\\/blog\\\/\",\"name\":\"ACCIDENTDUTRAVAIL-IDF\",\"description\":\"Portail accidents du travail-maladies professionnelles des entreprises d&#039;Ile-de-France\",\"publisher\":{\"@id\":\"https:\\\/\\\/www.accidentdutravail-idf.net\\\/blog\\\/#organization\"},\"potentialAction\":[{\"@type\":\"SearchAction\",\"target\":{\"@type\":\"EntryPoint\",\"urlTemplate\":\"https:\\\/\\\/www.accidentdutravail-idf.net\\\/blog\\\/?s={search_term_string}\"},\"query-input\":{\"@type\":\"PropertyValueSpecification\",\"valueRequired\":true,\"valueName\":\"search_term_string\"}}],\"inLanguage\":\"fr-FR\"},{\"@type\":\"Organization\",\"@id\":\"https:\\\/\\\/www.accidentdutravail-idf.net\\\/blog\\\/#organization\",\"name\":\"accidentdutravail-idf\",\"url\":\"https:\\\/\\\/www.accidentdutravail-idf.net\\\/blog\\\/\",\"logo\":{\"@type\":\"ImageObject\",\"inLanguage\":\"fr-FR\",\"@id\":\"https:\\\/\\\/www.accidentdutravail-idf.net\\\/blog\\\/#\\\/schema\\\/logo\\\/image\\\/\",\"url\":\"https:\\\/\\\/www.accidentdutravail-idf.net\\\/blog\\\/wp-content\\\/uploads\\\/2022\\\/09\\\/logo-2.png\",\"contentUrl\":\"https:\\\/\\\/www.accidentdutravail-idf.net\\\/blog\\\/wp-content\\\/uploads\\\/2022\\\/09\\\/logo-2.png\",\"width\":380,\"height\":291,\"caption\":\"accidentdutravail-idf\"},\"image\":{\"@id\":\"https:\\\/\\\/www.accidentdutravail-idf.net\\\/blog\\\/#\\\/schema\\\/logo\\\/image\\\/\"}},{\"@type\":\"Person\",\"@id\":\"https:\\\/\\\/www.accidentdutravail-idf.net\\\/blog\\\/#\\\/schema\\\/person\\\/3255d2f970de45e64bd9201f38e7b947\",\"name\":\"Carlos Poulain\",\"image\":{\"@type\":\"ImageObject\",\"inLanguage\":\"fr-FR\",\"@id\":\"https:\\\/\\\/secure.gravatar.com\\\/avatar\\\/b1c2f9d3588e34e91adb093635df64ef4b2381991216be7576466cfcdca4baf3?s=96&d=mm&r=g\",\"url\":\"https:\\\/\\\/secure.gravatar.com\\\/avatar\\\/b1c2f9d3588e34e91adb093635df64ef4b2381991216be7576466cfcdca4baf3?s=96&d=mm&r=g\",\"contentUrl\":\"https:\\\/\\\/secure.gravatar.com\\\/avatar\\\/b1c2f9d3588e34e91adb093635df64ef4b2381991216be7576466cfcdca4baf3?s=96&d=mm&r=g\",\"caption\":\"Carlos Poulain\"},\"url\":\"https:\\\/\\\/www.accidentdutravail-idf.net\\\/blog\\\/author\\\/idfcarlos\\\/\"}]}<\/script>\n<!-- \/ Yoast SEO plugin. -->","yoast_head_json":{"title":"\"Sa vie n\u2019a pas tenu \u00e0 grand-chose\u2026\" : drames au travail, des doubles enqu\u00eates tr\u00e8s importantes - ACCIDENTDUTRAVAIL-IDF","description":"\"Sa vie n\u2019a pas tenu \u00e0 grand-chose\u2026\" : drames au travail, des doubles enqu\u00eates tr\u00e8s importantes article de ACCIDENTDUTRAVAIL-IDF","robots":{"index":"index","follow":"follow","max-snippet":"max-snippet:-1","max-image-preview":"max-image-preview:large","max-video-preview":"max-video-preview:-1"},"canonical":"https:\/\/www.accidentdutravail-idf.net\/blog\/sa-vie-na-pas-tenu-a-grand-chose-drames-au-travail-des-doubles-enquetes-tres-importantes\/","og_locale":"fr_FR","og_type":"article","og_title":"\"Sa vie n\u2019a pas tenu \u00e0 grand-chose\u2026\" : drames au travail, des doubles enqu\u00eates tr\u00e8s importantes - ACCIDENTDUTRAVAIL-IDF","og_description":"\"Sa vie n\u2019a pas tenu \u00e0 grand-chose\u2026\" : drames au travail, des doubles enqu\u00eates tr\u00e8s importantes article de ACCIDENTDUTRAVAIL-IDF","og_url":"https:\/\/www.accidentdutravail-idf.net\/blog\/sa-vie-na-pas-tenu-a-grand-chose-drames-au-travail-des-doubles-enquetes-tres-importantes\/","og_site_name":"ACCIDENTDUTRAVAIL-IDF","article_published_time":"2026-04-18T00:33:00+00:00","og_image":[{"url":"https:\/\/www.accidentdutravail-idf.net\/blog\/wp-content\/uploads\/2026\/04\/sa-vie-na-pas-tenu-a-grand-chose-drames-au-travail-des-doubles-enquetes-tres-importantes.jpg","type":"","width":"","height":""}],"author":"Carlos Poulain","twitter_card":"summary_large_image","twitter_misc":{"\u00c9crit par":"Carlos Poulain","Dur\u00e9e de lecture estim\u00e9e":"4 minutes"},"schema":{"@context":"https:\/\/schema.org","@graph":[{"@type":"Article","@id":"https:\/\/www.accidentdutravail-idf.net\/blog\/sa-vie-na-pas-tenu-a-grand-chose-drames-au-travail-des-doubles-enquetes-tres-importantes\/#article","isPartOf":{"@id":"https:\/\/www.accidentdutravail-idf.net\/blog\/sa-vie-na-pas-tenu-a-grand-chose-drames-au-travail-des-doubles-enquetes-tres-importantes\/"},"author":{"name":"Carlos Poulain","@id":"https:\/\/www.accidentdutravail-idf.net\/blog\/#\/schema\/person\/3255d2f970de45e64bd9201f38e7b947"},"headline":"\u00ab\u00a0Sa vie n\u2019a pas tenu \u00e0 grand-chose\u2026\u00a0\u00bb : drames au travail, des doubles enqu\u00eates tr\u00e8s importantes","datePublished":"2026-04-18T00:33:00+00:00","mainEntityOfPage":{"@id":"https:\/\/www.accidentdutravail-idf.net\/blog\/sa-vie-na-pas-tenu-a-grand-chose-drames-au-travail-des-doubles-enquetes-tres-importantes\/"},"wordCount":899,"publisher":{"@id":"https:\/\/www.accidentdutravail-idf.net\/blog\/#organization"},"image":{"@id":"https:\/\/www.accidentdutravail-idf.net\/blog\/sa-vie-na-pas-tenu-a-grand-chose-drames-au-travail-des-doubles-enquetes-tres-importantes\/#primaryimage"},"thumbnailUrl":"https:\/\/www.accidentdutravail-idf.net\/blog\/wp-content\/uploads\/2026\/04\/sa-vie-na-pas-tenu-a-grand-chose-drames-au-travail-des-doubles-enquetes-tres-importantes.jpg","articleSection":["S\u00e9curit\u00e9 Du Travail En Ile-De-France Et Divers:"],"inLanguage":"fr-FR"},{"@type":"WebPage","@id":"https:\/\/www.accidentdutravail-idf.net\/blog\/sa-vie-na-pas-tenu-a-grand-chose-drames-au-travail-des-doubles-enquetes-tres-importantes\/","url":"https:\/\/www.accidentdutravail-idf.net\/blog\/sa-vie-na-pas-tenu-a-grand-chose-drames-au-travail-des-doubles-enquetes-tres-importantes\/","name":"\"Sa vie n\u2019a pas tenu \u00e0 grand-chose\u2026\" : drames au travail, des doubles enqu\u00eates tr\u00e8s importantes - ACCIDENTDUTRAVAIL-IDF","isPartOf":{"@id":"https:\/\/www.accidentdutravail-idf.net\/blog\/#website"},"primaryImageOfPage":{"@id":"https:\/\/www.accidentdutravail-idf.net\/blog\/sa-vie-na-pas-tenu-a-grand-chose-drames-au-travail-des-doubles-enquetes-tres-importantes\/#primaryimage"},"image":{"@id":"https:\/\/www.accidentdutravail-idf.net\/blog\/sa-vie-na-pas-tenu-a-grand-chose-drames-au-travail-des-doubles-enquetes-tres-importantes\/#primaryimage"},"thumbnailUrl":"https:\/\/www.accidentdutravail-idf.net\/blog\/wp-content\/uploads\/2026\/04\/sa-vie-na-pas-tenu-a-grand-chose-drames-au-travail-des-doubles-enquetes-tres-importantes.jpg","datePublished":"2026-04-18T00:33:00+00:00","description":"\"Sa vie n\u2019a pas tenu \u00e0 grand-chose\u2026\" : drames au travail, des doubles enqu\u00eates tr\u00e8s importantes article de ACCIDENTDUTRAVAIL-IDF","breadcrumb":{"@id":"https:\/\/www.accidentdutravail-idf.net\/blog\/sa-vie-na-pas-tenu-a-grand-chose-drames-au-travail-des-doubles-enquetes-tres-importantes\/#breadcrumb"},"inLanguage":"fr-FR","potentialAction":[{"@type":"ReadAction","target":["https:\/\/www.accidentdutravail-idf.net\/blog\/sa-vie-na-pas-tenu-a-grand-chose-drames-au-travail-des-doubles-enquetes-tres-importantes\/"]}]},{"@type":"ImageObject","inLanguage":"fr-FR","@id":"https:\/\/www.accidentdutravail-idf.net\/blog\/sa-vie-na-pas-tenu-a-grand-chose-drames-au-travail-des-doubles-enquetes-tres-importantes\/#primaryimage","url":"https:\/\/www.accidentdutravail-idf.net\/blog\/wp-content\/uploads\/2026\/04\/sa-vie-na-pas-tenu-a-grand-chose-drames-au-travail-des-doubles-enquetes-tres-importantes.jpg","contentUrl":"https:\/\/www.accidentdutravail-idf.net\/blog\/wp-content\/uploads\/2026\/04\/sa-vie-na-pas-tenu-a-grand-chose-drames-au-travail-des-doubles-enquetes-tres-importantes.jpg"},{"@type":"BreadcrumbList","@id":"https:\/\/www.accidentdutravail-idf.net\/blog\/sa-vie-na-pas-tenu-a-grand-chose-drames-au-travail-des-doubles-enquetes-tres-importantes\/#breadcrumb","itemListElement":[{"@type":"ListItem","position":1,"name":"Accueil","item":"https:\/\/www.accidentdutravail-idf.net\/blog\/"},{"@type":"ListItem","position":2,"name":"\u00ab\u00a0Sa vie n\u2019a pas tenu \u00e0 grand-chose\u2026\u00a0\u00bb : drames au travail, des doubles enqu\u00eates tr\u00e8s importantes"}]},{"@type":"WebSite","@id":"https:\/\/www.accidentdutravail-idf.net\/blog\/#website","url":"https:\/\/www.accidentdutravail-idf.net\/blog\/","name":"ACCIDENTDUTRAVAIL-IDF","description":"Portail accidents du travail-maladies professionnelles des entreprises d&#039;Ile-de-France","publisher":{"@id":"https:\/\/www.accidentdutravail-idf.net\/blog\/#organization"},"potentialAction":[{"@type":"SearchAction","target":{"@type":"EntryPoint","urlTemplate":"https:\/\/www.accidentdutravail-idf.net\/blog\/?s={search_term_string}"},"query-input":{"@type":"PropertyValueSpecification","valueRequired":true,"valueName":"search_term_string"}}],"inLanguage":"fr-FR"},{"@type":"Organization","@id":"https:\/\/www.accidentdutravail-idf.net\/blog\/#organization","name":"accidentdutravail-idf","url":"https:\/\/www.accidentdutravail-idf.net\/blog\/","logo":{"@type":"ImageObject","inLanguage":"fr-FR","@id":"https:\/\/www.accidentdutravail-idf.net\/blog\/#\/schema\/logo\/image\/","url":"https:\/\/www.accidentdutravail-idf.net\/blog\/wp-content\/uploads\/2022\/09\/logo-2.png","contentUrl":"https:\/\/www.accidentdutravail-idf.net\/blog\/wp-content\/uploads\/2022\/09\/logo-2.png","width":380,"height":291,"caption":"accidentdutravail-idf"},"image":{"@id":"https:\/\/www.accidentdutravail-idf.net\/blog\/#\/schema\/logo\/image\/"}},{"@type":"Person","@id":"https:\/\/www.accidentdutravail-idf.net\/blog\/#\/schema\/person\/3255d2f970de45e64bd9201f38e7b947","name":"Carlos Poulain","image":{"@type":"ImageObject","inLanguage":"fr-FR","@id":"https:\/\/secure.gravatar.com\/avatar\/b1c2f9d3588e34e91adb093635df64ef4b2381991216be7576466cfcdca4baf3?s=96&d=mm&r=g","url":"https:\/\/secure.gravatar.com\/avatar\/b1c2f9d3588e34e91adb093635df64ef4b2381991216be7576466cfcdca4baf3?s=96&d=mm&r=g","contentUrl":"https:\/\/secure.gravatar.com\/avatar\/b1c2f9d3588e34e91adb093635df64ef4b2381991216be7576466cfcdca4baf3?s=96&d=mm&r=g","caption":"Carlos Poulain"},"url":"https:\/\/www.accidentdutravail-idf.net\/blog\/author\/idfcarlos\/"}]}},"_links":{"self":[{"href":"https:\/\/www.accidentdutravail-idf.net\/blog\/wp-json\/wp\/v2\/posts\/2331","targetHints":{"allow":["GET"]}}],"collection":[{"href":"https:\/\/www.accidentdutravail-idf.net\/blog\/wp-json\/wp\/v2\/posts"}],"about":[{"href":"https:\/\/www.accidentdutravail-idf.net\/blog\/wp-json\/wp\/v2\/types\/post"}],"author":[{"embeddable":true,"href":"https:\/\/www.accidentdutravail-idf.net\/blog\/wp-json\/wp\/v2\/users\/2"}],"replies":[{"embeddable":true,"href":"https:\/\/www.accidentdutravail-idf.net\/blog\/wp-json\/wp\/v2\/comments?post=2331"}],"version-history":[{"count":0,"href":"https:\/\/www.accidentdutravail-idf.net\/blog\/wp-json\/wp\/v2\/posts\/2331\/revisions"}],"wp:attachment":[{"href":"https:\/\/www.accidentdutravail-idf.net\/blog\/wp-json\/wp\/v2\/media?parent=2331"}],"wp:term":[{"taxonomy":"category","embeddable":true,"href":"https:\/\/www.accidentdutravail-idf.net\/blog\/wp-json\/wp\/v2\/categories?post=2331"},{"taxonomy":"post_tag","embeddable":true,"href":"https:\/\/www.accidentdutravail-idf.net\/blog\/wp-json\/wp\/v2\/tags?post=2331"}],"curies":[{"name":"wp","href":"https:\/\/api.w.org\/{rel}","templated":true}]}}